{"id":9014,"date":"2013-09-02T09:22:00","date_gmt":"2013-09-02T07:22:00","guid":{"rendered":"https:\/\/gaudiumetspes-blog.pl\/index.php\/2013\/09\/02\/jezus-nauczycie\/"},"modified":"2019-07-31T12:54:12","modified_gmt":"2019-07-31T10:54:12","slug":"jezus-nauczycie","status":"publish","type":"post","link":"https:\/\/gaudiumetspes-blog.pl\/index.php\/2013\/09\/02\/jezus-nauczycie\/","title":{"rendered":"Jezus &#8211; Nauczyciel"},"content":{"rendered":"<div class=\"separator\" style=\"clear: both; text-align: center;\">\n<a href=\"http:\/\/2.bp.blogspot.com\/-yGnblvUUbIY\/UiRXP8pNAgI\/AAAAAAAAAlM\/dyME1v_vpRM\/s1600\/DSC_0201.JPG\" imageanchor=\"1\" style=\"clear: right; float: right; margin-bottom: 1em; margin-left: 1em;\"><img loading=\"lazy\" decoding=\"async\" border=\"0\" height=\"212\" src=\"https:\/\/gaudiumetspes-blog.pl\/wp-content\/uploads\/2013\/09\/DSC_0201.jpg\" width=\"320\" \/><\/a><\/div>\n<p><b><i>(1 Tes 4,13-18)<br \/> Nie chcemy, bracia, waszego trwania w niewiedzy co do tych, kt\u00f3rzy umieraj\u0105, aby\u015bcie si\u0119 nie smucili jak wszyscy ci, kt\u00f3rzy nie maj\u0105 nadziei. Je\u015bli bowiem wierzymy, \u017ce Jezus istotnie umar\u0142 i zmartwychwsta\u0142, to r\u00f3wnie\u017c tych, kt\u00f3rzy umarli w Jezusie, B\u00f3g wyprowadzi wraz z Nim. To bowiem g\u0142osimy wam jako s\u0142owo Pa\u0144skie, \u017ce my, \u017cywi, pozostawieni na przyj\u015bcie Pana, nie wyprzedzimy tych, kt\u00f3rzy pomarli. Sam bowiem Pan zst\u0105pi z nieba na has\u0142o i na g\u0142os archanio\u0142a, i na d\u017awi\u0119k tr\u0105by Bo\u017cej, a zmarli w Chrystusie powstan\u0105 pierwsi. Potem my, \u017cywi i pozostawieni, wraz z nimi b\u0119dziemy porwani w powietrze, na ob\u0142oki naprzeciw Pana, i w ten spos\u00f3b zawsze b\u0119dziemy z Panem. Przeto wzajemnie si\u0119 pocieszajcie tymi s\u0142owami!<\/p>\n<p>(\u0141k 4,16-30)<br \/> Jezus przyszed\u0142 do Nazaretu, gdzie si\u0119 wychowa\u0142. W dzie\u0144 szabatu uda\u0142 si\u0119 swoim zwyczajem do synagogi i powsta\u0142, aby czyta\u0107. Podano Mu ksi\u0119g\u0119 proroka Izajasza. Rozwin\u0105wszy ksi\u0119g\u0119, natrafi\u0142 na miejsce, gdzie by\u0142o napisane: Duch Pa\u0144ski spoczywa na Mnie, poniewa\u017c Mnie nama\u015bci\u0142 i pos\u0142a\u0142 Mnie, abym ubogim ni\u00f3s\u0142 dobr\u0105 nowin\u0119, wi\u0119\u017aniom g\u0142osi\u0142 wolno\u015b\u0107, a niewidomym przejrzenie; abym uci\u015bnionych odsy\u0142a\u0142 wolnymi, abym obwo\u0142ywa\u0142 rok \u0142aski od Pana. Zwin\u0105wszy ksi\u0119g\u0119 odda\u0142 s\u0142udze i usiad\u0142; a oczy wszystkich w synagodze by\u0142y w Nim utkwione. Pocz\u0105\u0142 wi\u0119c m\u00f3wi\u0107 do nich: Dzi\u015b spe\u0142ni\u0142y si\u0119 te s\u0142owa Pisma, kt\u00f3re\u015bcie s\u0142yszeli. A wszyscy przy\u015bwiadczali Mu i dziwili si\u0119 pe\u0142nym wdzi\u0119ku s\u0142owom, kt\u00f3re p\u0142yn\u0119\u0142y z ust Jego. I m\u00f3wili: Czy nie jest to syn J\u00f3zefa? Wtedy rzek\u0142 do nich: Z pewno\u015bci\u0105 powiecie Mi to przys\u0142owie: Lekarzu, ulecz samego siebie; dokonaj\u017ce i tu w swojej ojczy\u017anie tego, co wydarzy\u0142o si\u0119, jak s\u0142yszeli\u015bmy, w Kafarnaum. I doda\u0142: Zaprawd\u0119, powiadam wam: \u017caden prorok nie jest mile widziany w swojej ojczy\u017anie. Naprawd\u0119, m\u00f3wi\u0119 wam: Wiele wd\u00f3w by\u0142o w Izraelu za czas\u00f3w Eliasza, kiedy niebo pozostawa\u0142o zamkni\u0119te przez trzy lata i sze\u015b\u0107 miesi\u0119cy, tak \u017ce wielki g\u0142\u00f3d panowa\u0142 w ca\u0142ym kraju; a Eliasz do \u017cadnej z nich nie zosta\u0142 pos\u0142any, tylko do owej wdowy w Sarepcie Sydo\u0144skiej. I wielu tr\u0119dowatych by\u0142o w Izraelu za proroka Elizeusza, a \u017caden z nich nie zosta\u0142 oczyszczony, tylko Syryjczyk Naaman. Na te s\u0142owa wszyscy w synagodze unie\u015bli si\u0119 gniewem. Porwali Go z miejsca, wyrzucili Go z miasta i wyprowadzili a\u017c na stok g\u00f3ry, na kt\u00f3rej ich miasto by\u0142o zbudowane, aby Go str\u0105ci\u0107. On jednak przeszed\u0142szy po\u015br\u00f3d nich oddali\u0142 si\u0119.<\/i><\/b><br \/>\n<b><i><br \/><\/i>Niech b\u0119dzie pochwalony Jezus Chrystus!<\/b><br \/>\n<b><br \/><\/b><br \/>\nPozdrawiam z Syberii. Dzi\u015b tak nieoczekiwanie znowu ja. <\/p>\n<p>Rozpoczyna si\u0119 rok szkolny, i to zdaje si\u0119 i w Polsce i w Rosji. W Rosji tak\u017ce rozpoczyna si\u0119 rok akademicki. Wczoraj by\u0142a Msza \u015aw. z b\u0142ogos\u0142awie\u0144stwem dzieci z parafii i po\u015bwi\u0119ceniem tornistr\u00f3w. Po Mszy \u015aw. dzieci mia\u0142y specjalne zaj\u0119cia, gdzie musia\u0142y si\u0119 wykaza\u0107 sprawno\u015bci\u0105 i r\u00f3\u017cnymi talentami, a dla rodzic\u00f3w by\u0142o comiesi\u0119czne spotkanie ma\u0142\u017ce\u0144stw \u2013 pierwsze po rekolekcjach. <\/p>\n<p>Dzi\u015b by\u0142o uroczyste rozpocz\u0119cie roku w naszym Katolickim Gimnazjum (gimnazjum to nie przedzia\u0142 wiekowy, ale poziom szko\u0142y, szko\u0142a jest w ca\u0142o\u015bci 1-11 klasy). Tak\u017ce na rozpocz\u0119cie by\u0142a Msza \u015aw. \u017byjemy wi\u0119c rozpocz\u0119ciem roku. <\/p>\n<p>Jest to tak\u017ce rozpocz\u0119cie pracy r\u00f3\u017cnych grup \u2013 spotkania m\u0142odzie\u017cy, katechizacja dzieci \u2013 szko\u0142a niedzielna, katechumenat, grupa ewangelizacji i inne. <\/p>\n<p>\u017bycz\u0119 wszystkim dzieciom, m\u0142odzie\u017cy, \u015bwiat\u0142a Ducha \u015awi\u0119tego na nowy rok szkolny, a rodzicom i nauczycielom wiele cierpliwo\u015bci i si\u0142. <\/p>\n<p>A co dzi\u015b w s\u0142owie\u2026<\/p>\n<p>Pierwsze czytanie polecam zw\u0142aszcza tym, kt\u00f3rzy p\u0142acz\u0105 po \u015bmierci bliskich, albo nie mog\u0105 si\u0119 pogodzi\u0107 ze \u015bmierci\u0105 bliskich. Przeczytajcie to czytanie z wiar\u0105, \u017ce to jest s\u0142owo Bo\u017ce, s\u0142owo dla Was. Oczywi\u015bcie i dla nas wszystkich, \u017ceby nas umacnia\u0107 w drodze do wieczno\u015bci.<\/p>\n<p>A Ewangelia? <br \/>\n<a name='more'><\/a><\/p>\n<div class=\"separator\" style=\"clear: both; text-align: center;\">\n<a href=\"http:\/\/4.bp.blogspot.com\/-Ut3MpjoQMu0\/UiRX0sSIHEI\/AAAAAAAAAlY\/MnbEmrK2NKQ\/s1600\/DSC_0260.JPG\" imageanchor=\"1\" style=\"clear: left; float: left; margin-bottom: 1em; margin-right: 1em;\"><img loading=\"lazy\" decoding=\"async\" border=\"0\" height=\"212\" src=\"https:\/\/gaudiumetspes-blog.pl\/wp-content\/uploads\/2013\/09\/DSC_0260.jpg\" width=\"320\" \/><\/a><\/div>\n<p>Ciekawe s\u0142owo, s\u0142owo nauczyciela. Jezus, w ten pierwszy dzie\u0144 szko\u0142y jawi si\u0119 nam jako nauczyciel, kt\u00f3ry g\u0142osi s\u0142owo Bo\u017ce. I to jak g\u0142osi? Tak, \u017ce czytamy: \u201eOczy wszystkich w synagodze by\u0142y w Nim utkwione, (\u2026) Wszyscy przy\u015bwiadczali Mu i dziwili si\u0119 pe\u0142nym wdzi\u0119ku s\u0142owom, kt\u00f3re p\u0142yn\u0119\u0142y z ust Jego\u201d.<\/p>\n<p>Swoj\u0105 drog\u0105 \u017cycz\u0119 wszystkim nauczycielom takiego zas\u0142uchania uczni\u00f3w. <\/p>\n<p>Oczywi\u015bcie zas\u0142uchanie zale\u017cy nie tylko od uczni\u00f3w, ale i od nauczycieli. Pro\u015bmy wi\u0119c dla nich (nas) o taki dar s\u0142owa, dar m\u0105dro\u015bci, aby uczniowie dziwili si\u0119 pe\u0142nym wdzi\u0119ku s\u0142owom, kt\u00f3re p\u0142yn\u0105 z ust nauczycieli. <\/p>\n<p>Ale Jezus to nie tylko nauczyciel, kt\u00f3ry przekazuje wiedz\u0119, ale tak\u017ce ten, kt\u00f3ry wychowuje, m\u00f3wi prawd\u0119, zwraca uwag\u0119, pokazuje problem\u2026<\/p>\n<p>Pokazuje swoim rodakom ich brak wiary \u2013 oni uczestnicz\u0105 w spe\u0142nieniu si\u0119 proroctwa, a nie wierz\u0105, s\u0105 zamkni\u0119ci na dar \u0142aski. <\/p>\n<p>Czasem jest to trudna \u0142aska, jak w przypadku tych mieszka\u0144c\u00f3w Nazaretu \u2013 trudna \u0142aska \u2013 us\u0142ysze\u0107 o sobie, \u017ce co\u015b si\u0119 robi nie tak. A jednak jest to dar Bo\u017cy, a wi\u0119c, jak ka\u017cdy Bo\u017cy dar, on nas uwalnia i ubogaca. <\/p>\n<p>Przyj\u0105\u0107 trudny dar, to jakby kontynuacja owego wczorajszego \u2013 zaj\u0105\u0107 ostatnie miejsce\u2026<\/p>\n<p>I mo\u017cna to Bo\u017ce s\u0142owo, Bo\u017ce zwr\u00f3cenie uwagi przyj\u0105\u0107 w buncie, sprzeciwie, jak mieszka\u0144cy Nazaretu, i w konsekwencji zosta\u0107 zamkni\u0119tym na \u0142ask\u0119, a mo\u017cna przyj\u0105\u0107 z cierpliwo\u015bci\u0105, jak zaj\u0119cie ostatniego miejsca, i by\u0107 wywy\u017cszonym i nagrodzonym przez samego Jezusa. <\/p>\n<p>Lekcja pokory, jak\u0105 Jezus wczoraj zacz\u0105\u0142, przed\u0142u\u017ca si\u0119 na ca\u0142y tydzie\u0144. Dzi\u015b ci\u0105g dalszy trudnej szko\u0142y \u2013 zajmowania ostatniego miejsca, przyj\u0119cia trudnej \u0142aski, otwarcia na Bo\u017ce s\u0142owo, kt\u00f3re nie zawsze jest przyjemne. <\/p>\n<p>Pozdrawiam.<\/p>\n<div class=\"separator\" style=\"clear: both; text-align: center;\">\n<a href=\"http:\/\/1.bp.blogspot.com\/-Bn0bYBTi_bs\/UiRYRlK2lGI\/AAAAAAAAAlc\/MPavHtkLsQE\/s1600\/DSC_0991.JPG\" imageanchor=\"1\" style=\"margin-left: 1em; margin-right: 1em;\"><img loading=\"lazy\" decoding=\"async\" border=\"0\" height=\"265\" src=\"https:\/\/gaudiumetspes-blog.pl\/wp-content\/uploads\/2013\/09\/DSC_0991.jpg\" width=\"400\" \/><\/a><\/div>\n<p><\/p>\n","protected":false},"excerpt":{"rendered":"<p>(1 Tes 4,13-18) Nie chcemy, bracia, waszego trwania w niewiedzy co do tych, kt\u00f3rzy umieraj\u0105, aby\u015bcie si\u0119 nie smucili jak wszyscy ci, kt\u00f3rzy nie maj\u0105 nadziei. Je\u015bli bowiem wierzymy, \u017ce Jezus istotnie umar\u0142 i zmartwychwsta\u0142, to r\u00f3wnie\u017c tych, kt\u00f3rzy umarli w Jezusie, B\u00f3g wyprowadzi wraz z Nim. To bowiem g\u0142osimy wam jako s\u0142owo Pa\u0144skie, \u017ce [&hellip;]<\/p>\n","protected":false},"author":1,"featured_media":0,"comment_status":"open","ping_status":"open","sticky":false,"template":"","format":"standard","meta":{"jetpack_post_was_ever_published":false,"_jetpack_newsletter_access":"","_jetpack_dont_email_post_to_subs":false,"_jetpack_newsletter_tier_id":0,"_jetpack_memberships_contains_paywalled_content":false,"_jetpack_memberships_contains_paid_content":false,"footnotes":""},"categories":[1],"tags":[],"class_list":["post-9014","post","type-post","status-publish","format-standard","hentry","category-bez-kategorii"],"yoast_head":"<!-- This site is optimized with the Yoast SEO plugin v25.1 - https:\/\/yoast.com\/wordpress\/plugins\/seo\/ -->\n<title>Jezus - Nauczyciel - Gaudium Et Spes<\/title>\n<meta name=\"robots\" content=\"index, follow, max-snippet:-1, max-image-preview:large, max-video-preview:-1\" \/>\n<link rel=\"canonical\" href=\"https:\/\/gaudiumetspes-blog.pl\/index.php\/2013\/09\/02\/jezus-nauczycie\/\" \/>\n<meta property=\"og:locale\" content=\"pl_PL\" \/>\n<meta property=\"og:type\" content=\"article\" \/>\n<meta property=\"og:title\" content=\"Jezus - Nauczyciel - Gaudium Et Spes\" \/>\n<meta property=\"og:description\" content=\"(1 Tes 4,13-18) Nie chcemy, bracia, waszego trwania w niewiedzy co do tych, kt\u00f3rzy umieraj\u0105, aby\u015bcie si\u0119 nie smucili jak wszyscy ci, kt\u00f3rzy nie maj\u0105 nadziei. Je\u015bli bowiem wierzymy, \u017ce Jezus istotnie umar\u0142 i zmartwychwsta\u0142, to r\u00f3wnie\u017c tych, kt\u00f3rzy umarli w Jezusie, B\u00f3g wyprowadzi wraz z Nim. To bowiem g\u0142osimy wam jako s\u0142owo Pa\u0144skie, \u017ce [&hellip;]\" \/>\n<meta property=\"og:url\" content=\"https:\/\/gaudiumetspes-blog.pl\/index.php\/2013\/09\/02\/jezus-nauczycie\/\" \/>\n<meta property=\"og:site_name\" content=\"Gaudium Et Spes\" \/>\n<meta property=\"article:published_time\" content=\"2013-09-02T07:22:00+00:00\" \/>\n<meta property=\"article:modified_time\" content=\"2019-07-31T10:54:12+00:00\" \/>\n<meta property=\"og:image\" content=\"https:\/\/gaudiumetspes-blog.pl\/wp-content\/uploads\/2013\/09\/DSC_0201.jpg\" \/>\n<meta name=\"author\" content=\"Ks. Jacek\" \/>\n<meta name=\"twitter:card\" content=\"summary_large_image\" \/>\n<meta name=\"twitter:label1\" content=\"Napisane przez\" \/>\n\t<meta name=\"twitter:data1\" content=\"Ks. Jacek\" \/>\n\t<meta name=\"twitter:label2\" content=\"Szacowany czas czytania\" \/>\n\t<meta name=\"twitter:data2\" content=\"5 minut\" \/>\n<script type=\"application\/ld+json\" class=\"yoast-schema-graph\">{\"@context\":\"https:\/\/schema.org\",\"@graph\":[{\"@type\":\"WebPage\",\"@id\":\"https:\/\/gaudiumetspes-blog.pl\/index.php\/2013\/09\/02\/jezus-nauczycie\/\",\"url\":\"https:\/\/gaudiumetspes-blog.pl\/index.php\/2013\/09\/02\/jezus-nauczycie\/\",\"name\":\"Jezus - Nauczyciel - Gaudium Et Spes\",\"isPartOf\":{\"@id\":\"https:\/\/gaudiumetspes-blog.pl\/#website\"},\"primaryImageOfPage\":{\"@id\":\"https:\/\/gaudiumetspes-blog.pl\/index.php\/2013\/09\/02\/jezus-nauczycie\/#primaryimage\"},\"image\":{\"@id\":\"https:\/\/gaudiumetspes-blog.pl\/index.php\/2013\/09\/02\/jezus-nauczycie\/#primaryimage\"},\"thumbnailUrl\":\"https:\/\/gaudiumetspes-blog.pl\/wp-content\/uploads\/2013\/09\/DSC_0201.jpg\",\"datePublished\":\"2013-09-02T07:22:00+00:00\",\"dateModified\":\"2019-07-31T10:54:12+00:00\",\"author\":{\"@id\":\"https:\/\/gaudiumetspes-blog.pl\/#\/schema\/person\/1661982992b752dea8dff0d4ed845a65\"},\"breadcrumb\":{\"@id\":\"https:\/\/gaudiumetspes-blog.pl\/index.php\/2013\/09\/02\/jezus-nauczycie\/#breadcrumb\"},\"inLanguage\":\"pl-PL\",\"potentialAction\":[{\"@type\":\"ReadAction\",\"target\":[\"https:\/\/gaudiumetspes-blog.pl\/index.php\/2013\/09\/02\/jezus-nauczycie\/\"]}]},{\"@type\":\"ImageObject\",\"inLanguage\":\"pl-PL\",\"@id\":\"https:\/\/gaudiumetspes-blog.pl\/index.php\/2013\/09\/02\/jezus-nauczycie\/#primaryimage\",\"url\":\"https:\/\/gaudiumetspes-blog.pl\/wp-content\/uploads\/2013\/09\/DSC_0201.jpg\",\"contentUrl\":\"https:\/\/gaudiumetspes-blog.pl\/wp-content\/uploads\/2013\/09\/DSC_0201.jpg\",\"width\":320,\"height\":212},{\"@type\":\"BreadcrumbList\",\"@id\":\"https:\/\/gaudiumetspes-blog.pl\/index.php\/2013\/09\/02\/jezus-nauczycie\/#breadcrumb\",\"itemListElement\":[{\"@type\":\"ListItem\",\"position\":1,\"name\":\"Strona g\u0142\u00f3wna\",\"item\":\"https:\/\/gaudiumetspes-blog.pl\/\"},{\"@type\":\"ListItem\",\"position\":2,\"name\":\"Jezus &#8211; Nauczyciel\"}]},{\"@type\":\"WebSite\",\"@id\":\"https:\/\/gaudiumetspes-blog.pl\/#website\",\"url\":\"https:\/\/gaudiumetspes-blog.pl\/\",\"name\":\"Gaudium Et Spes\",\"description\":\"Blog Ks. Jacka Ja\u015bkowskiego\",\"potentialAction\":[{\"@type\":\"SearchAction\",\"target\":{\"@type\":\"EntryPoint\",\"urlTemplate\":\"https:\/\/gaudiumetspes-blog.pl\/?s={search_term_string}\"},\"query-input\":{\"@type\":\"PropertyValueSpecification\",\"valueRequired\":true,\"valueName\":\"search_term_string\"}}],\"inLanguage\":\"pl-PL\"},{\"@type\":\"Person\",\"@id\":\"https:\/\/gaudiumetspes-blog.pl\/#\/schema\/person\/1661982992b752dea8dff0d4ed845a65\",\"name\":\"Ks. Jacek\",\"image\":{\"@type\":\"ImageObject\",\"inLanguage\":\"pl-PL\",\"@id\":\"https:\/\/gaudiumetspes-blog.pl\/#\/schema\/person\/image\/\",\"url\":\"https:\/\/gaudiumetspes-blog.pl\/wp-content\/uploads\/2019\/07\/avatar-JJ-150x150.jpg\",\"contentUrl\":\"https:\/\/gaudiumetspes-blog.pl\/wp-content\/uploads\/2019\/07\/avatar-JJ-150x150.jpg\",\"caption\":\"Ks. Jacek\"},\"description\":\"Witam serdecznie! K\u0142ania si\u0119 Ks. Jacek Ja\u015bkowski. Nie jestem ani kim\u015b wa\u017cnym, ani kim\u015b znanym. Jestem ksi\u0119dzem, kt\u00f3ry po prostu chce rozmawia\u0107. Codzienna kap\u0142a\u0144ska pos\u0142uga pokazuje mi, \u017ce temat\u00f3w do rozm\u00f3w z ksi\u0119dzem jest coraz wi\u0119cej i dzisiaj \u017caden ksi\u0105dz nie mo\u017ce od nich ucieka\u0107, ale - wprost przeciwnie - podejmowa\u0107 nowe wyzwania. To przekonanie sk\u0142oni\u0142o mnie do pr\u00f3by otwarcia tego\u017c bloga, chocia\u017c okazji do rozm\u00f3w na co dzie\u0144 - w konfesjonale i poza nim - na szcz\u0119\u015bcie nie brakuje. My\u015bl\u0119 jednak, \u017ce ten blog b\u0119dzie jeszcze jednym sposobem i przestrzeni\u0105 nawi\u0105zania kontaktu z lud\u017ami dobrej woli, otwartymi na dialog.\",\"url\":\"https:\/\/gaudiumetspes-blog.pl\/index.php\/author\/ks-jacek\/\"}]}<\/script>\n<!-- \/ Yoast SEO plugin. -->","yoast_head_json":{"title":"Jezus - Nauczyciel - Gaudium Et Spes","robots":{"index":"index","follow":"follow","max-snippet":"max-snippet:-1","max-image-preview":"max-image-preview:large","max-video-preview":"max-video-preview:-1"},"canonical":"https:\/\/gaudiumetspes-blog.pl\/index.php\/2013\/09\/02\/jezus-nauczycie\/","og_locale":"pl_PL","og_type":"article","og_title":"Jezus - Nauczyciel - Gaudium Et Spes","og_description":"(1 Tes 4,13-18) Nie chcemy, bracia, waszego trwania w niewiedzy co do tych, kt\u00f3rzy umieraj\u0105, aby\u015bcie si\u0119 nie smucili jak wszyscy ci, kt\u00f3rzy nie maj\u0105 nadziei. Je\u015bli bowiem wierzymy, \u017ce Jezus istotnie umar\u0142 i zmartwychwsta\u0142, to r\u00f3wnie\u017c tych, kt\u00f3rzy umarli w Jezusie, B\u00f3g wyprowadzi wraz z Nim. To bowiem g\u0142osimy wam jako s\u0142owo Pa\u0144skie, \u017ce [&hellip;]","og_url":"https:\/\/gaudiumetspes-blog.pl\/index.php\/2013\/09\/02\/jezus-nauczycie\/","og_site_name":"Gaudium Et Spes","article_published_time":"2013-09-02T07:22:00+00:00","article_modified_time":"2019-07-31T10:54:12+00:00","og_image":[{"url":"https:\/\/gaudiumetspes-blog.pl\/wp-content\/uploads\/2013\/09\/DSC_0201.jpg","type":"","width":"","height":""}],"author":"Ks. Jacek","twitter_card":"summary_large_image","twitter_misc":{"Napisane przez":"Ks. Jacek","Szacowany czas czytania":"5 minut"},"schema":{"@context":"https:\/\/schema.org","@graph":[{"@type":"WebPage","@id":"https:\/\/gaudiumetspes-blog.pl\/index.php\/2013\/09\/02\/jezus-nauczycie\/","url":"https:\/\/gaudiumetspes-blog.pl\/index.php\/2013\/09\/02\/jezus-nauczycie\/","name":"Jezus - Nauczyciel - Gaudium Et Spes","isPartOf":{"@id":"https:\/\/gaudiumetspes-blog.pl\/#website"},"primaryImageOfPage":{"@id":"https:\/\/gaudiumetspes-blog.pl\/index.php\/2013\/09\/02\/jezus-nauczycie\/#primaryimage"},"image":{"@id":"https:\/\/gaudiumetspes-blog.pl\/index.php\/2013\/09\/02\/jezus-nauczycie\/#primaryimage"},"thumbnailUrl":"https:\/\/gaudiumetspes-blog.pl\/wp-content\/uploads\/2013\/09\/DSC_0201.jpg","datePublished":"2013-09-02T07:22:00+00:00","dateModified":"2019-07-31T10:54:12+00:00","author":{"@id":"https:\/\/gaudiumetspes-blog.pl\/#\/schema\/person\/1661982992b752dea8dff0d4ed845a65"},"breadcrumb":{"@id":"https:\/\/gaudiumetspes-blog.pl\/index.php\/2013\/09\/02\/jezus-nauczycie\/#breadcrumb"},"inLanguage":"pl-PL","potentialAction":[{"@type":"ReadAction","target":["https:\/\/gaudiumetspes-blog.pl\/index.php\/2013\/09\/02\/jezus-nauczycie\/"]}]},{"@type":"ImageObject","inLanguage":"pl-PL","@id":"https:\/\/gaudiumetspes-blog.pl\/index.php\/2013\/09\/02\/jezus-nauczycie\/#primaryimage","url":"https:\/\/gaudiumetspes-blog.pl\/wp-content\/uploads\/2013\/09\/DSC_0201.jpg","contentUrl":"https:\/\/gaudiumetspes-blog.pl\/wp-content\/uploads\/2013\/09\/DSC_0201.jpg","width":320,"height":212},{"@type":"BreadcrumbList","@id":"https:\/\/gaudiumetspes-blog.pl\/index.php\/2013\/09\/02\/jezus-nauczycie\/#breadcrumb","itemListElement":[{"@type":"ListItem","position":1,"name":"Strona g\u0142\u00f3wna","item":"https:\/\/gaudiumetspes-blog.pl\/"},{"@type":"ListItem","position":2,"name":"Jezus &#8211; Nauczyciel"}]},{"@type":"WebSite","@id":"https:\/\/gaudiumetspes-blog.pl\/#website","url":"https:\/\/gaudiumetspes-blog.pl\/","name":"Gaudium Et Spes","description":"Blog Ks. Jacka Ja\u015bkowskiego","potentialAction":[{"@type":"SearchAction","target":{"@type":"EntryPoint","urlTemplate":"https:\/\/gaudiumetspes-blog.pl\/?s={search_term_string}"},"query-input":{"@type":"PropertyValueSpecification","valueRequired":true,"valueName":"search_term_string"}}],"inLanguage":"pl-PL"},{"@type":"Person","@id":"https:\/\/gaudiumetspes-blog.pl\/#\/schema\/person\/1661982992b752dea8dff0d4ed845a65","name":"Ks. Jacek","image":{"@type":"ImageObject","inLanguage":"pl-PL","@id":"https:\/\/gaudiumetspes-blog.pl\/#\/schema\/person\/image\/","url":"https:\/\/gaudiumetspes-blog.pl\/wp-content\/uploads\/2019\/07\/avatar-JJ-150x150.jpg","contentUrl":"https:\/\/gaudiumetspes-blog.pl\/wp-content\/uploads\/2019\/07\/avatar-JJ-150x150.jpg","caption":"Ks. Jacek"},"description":"Witam serdecznie! K\u0142ania si\u0119 Ks. Jacek Ja\u015bkowski. Nie jestem ani kim\u015b wa\u017cnym, ani kim\u015b znanym. Jestem ksi\u0119dzem, kt\u00f3ry po prostu chce rozmawia\u0107. Codzienna kap\u0142a\u0144ska pos\u0142uga pokazuje mi, \u017ce temat\u00f3w do rozm\u00f3w z ksi\u0119dzem jest coraz wi\u0119cej i dzisiaj \u017caden ksi\u0105dz nie mo\u017ce od nich ucieka\u0107, ale - wprost przeciwnie - podejmowa\u0107 nowe wyzwania. To przekonanie sk\u0142oni\u0142o mnie do pr\u00f3by otwarcia tego\u017c bloga, chocia\u017c okazji do rozm\u00f3w na co dzie\u0144 - w konfesjonale i poza nim - na szcz\u0119\u015bcie nie brakuje. My\u015bl\u0119 jednak, \u017ce ten blog b\u0119dzie jeszcze jednym sposobem i przestrzeni\u0105 nawi\u0105zania kontaktu z lud\u017ami dobrej woli, otwartymi na dialog.","url":"https:\/\/gaudiumetspes-blog.pl\/index.php\/author\/ks-jacek\/"}]}},"jetpack_featured_media_url":"","jetpack_sharing_enabled":true,"_links":{"self":[{"href":"https:\/\/gaudiumetspes-blog.pl\/index.php\/wp-json\/wp\/v2\/posts\/9014","targetHints":{"allow":["GET"]}}],"collection":[{"href":"https:\/\/gaudiumetspes-blog.pl\/index.php\/wp-json\/wp\/v2\/posts"}],"about":[{"href":"https:\/\/gaudiumetspes-blog.pl\/index.php\/wp-json\/wp\/v2\/types\/post"}],"author":[{"embeddable":true,"href":"https:\/\/gaudiumetspes-blog.pl\/index.php\/wp-json\/wp\/v2\/users\/1"}],"replies":[{"embeddable":true,"href":"https:\/\/gaudiumetspes-blog.pl\/index.php\/wp-json\/wp\/v2\/comments?post=9014"}],"version-history":[{"count":1,"href":"https:\/\/gaudiumetspes-blog.pl\/index.php\/wp-json\/wp\/v2\/posts\/9014\/revisions"}],"predecessor-version":[{"id":11223,"href":"https:\/\/gaudiumetspes-blog.pl\/index.php\/wp-json\/wp\/v2\/posts\/9014\/revisions\/11223"}],"wp:attachment":[{"href":"https:\/\/gaudiumetspes-blog.pl\/index.php\/wp-json\/wp\/v2\/media?parent=9014"}],"wp:term":[{"taxonomy":"category","embeddable":true,"href":"https:\/\/gaudiumetspes-blog.pl\/index.php\/wp-json\/wp\/v2\/categories?post=9014"},{"taxonomy":"post_tag","embeddable":true,"href":"https:\/\/gaudiumetspes-blog.pl\/index.php\/wp-json\/wp\/v2\/tags?post=9014"}],"curies":[{"name":"wp","href":"https:\/\/api.w.org\/{rel}","templated":true}]}}