{"id":9018,"date":"2013-08-29T09:01:00","date_gmt":"2013-08-29T07:01:00","guid":{"rendered":"https:\/\/gaudiumetspes-blog.pl\/index.php\/2013\/08\/29\/oby-diabe-znajdowa-nas-zawsze-zajetyc\/"},"modified":"2019-07-31T12:54:12","modified_gmt":"2019-07-31T10:54:12","slug":"oby-diabe-znajdowa-nas-zawsze-zajetyc","status":"publish","type":"post","link":"https:\/\/gaudiumetspes-blog.pl\/index.php\/2013\/08\/29\/oby-diabe-znajdowa-nas-zawsze-zajetyc\/","title":{"rendered":"Oby diabe\u0142 znajdowa\u0142 nas zawsze zaj\u0119tych&#8230;"},"content":{"rendered":"<div class=\"separator\" style=\"clear: both; text-align: center;\">\n<a href=\"http:\/\/1.bp.blogspot.com\/-rAPZwz-KLc4\/Uh8KMSoejlI\/AAAAAAAAAkk\/fS2MEB9momk\/s1600\/IMG_0164.JPG\" imageanchor=\"1\" style=\"clear: right; float: right; margin-bottom: 1em; margin-left: 1em;\"><img loading=\"lazy\" decoding=\"async\" border=\"0\" height=\"239\" src=\"https:\/\/gaudiumetspes-blog.pl\/wp-content\/uploads\/2013\/08\/IMG_0164.jpg\" width=\"320\" \/><\/a><\/div>\n<p><strong>Wspomnienie M\u0119cze\u0144stwa \u015bw. Jana Chrzciciela<\/p>\n<p><em>(Jr 1,17-19)<br \/> Pan skierowa\u0142 do mnie nast\u0119puj\u0105ce s\u0142owa: Przepasz swoje biodra, wsta\u0144 i m\u00f3w wszystko, co ci rozka\u017c\u0119. Nie l\u0119kaj si\u0119 ich, bym ci\u0119 czasem nie nape\u0142ni\u0142 l\u0119kiem przed nimi. A oto Ja czyni\u0119 ci\u0119 dzisiaj<\/em><\/strong><em> <strong>twierdz\u0105<\/strong> <\/em><strong><em>warown\u0105, kolumn\u0105 \u017celazn\u0105 i murem spi\u017cowym przeciw ca\u0142ej ziemi, przeciw kr\u00f3lom judzkim i ich przyw\u00f3dcom, ich kap\u0142anom i ludowi tej ziemi. B\u0119d\u0105 walczy\u0107 przeciw tobie, ale nie zdo\u0142aj\u0105 ci\u0119 [zwyci\u0119\u017cy\u0107], gdy\u017c Ja jestem z tob\u0105 &#8211; wyrocznia Pana &#8211; by ci\u0119 ochrania\u0107.<\/p>\n<p>(Mk 6,17-29)<br \/> Herod kaza\u0142 pochwyci\u0107 Jana i zwi\u0105zanego trzyma\u0142 w wi\u0119zieniu, z powodu Herodiady, \u017cony brata swego Filipa, kt\u00f3r\u0105 wzi\u0105\u0142 za \u017con\u0119. Jan bowiem wypomina\u0142 Herodowi: Nie wolno ci mie\u0107 \u017cony twego brata. A Herodiada zawzi\u0119\u0142a si\u0119 na niego i rada by\u0142aby go zg\u0142adzi\u0107, lecz nie mog\u0142a. Herod bowiem czu\u0142 l\u0119k przed Janem, znaj\u0105c go jako m\u0119\u017ca prawego i \u015bwi\u0119tego, i bra\u0142 go w obron\u0119. Ilekro\u0107 go pos\u0142ysza\u0142, odczuwa\u0142 du\u017cy niepok\u00f3j, a przecie\u017c ch\u0119tnie go s\u0142ucha\u0142. Ot\u00f3\u017c chwila sposobna nadesz\u0142a, kiedy Herod w dzie\u0144 swoich urodzin wyprawi\u0142 uczt\u0119 swym dostojnikom, dow\u00f3dcom wojskowym i osobom znakomitym w Galilei. Gdy c\u00f3rka tej Herodiady wesz\u0142a i ta\u0144czy\u0142a, spodoba\u0142a si\u0119 Herodowi i wsp\u00f3\u0142biesiadnikom. Kr\u00f3l rzek\u0142 do dziewcz\u0119cia: Pro\u015b mi\u0119, o co chcesz, a dam ci. Nawet jej przysi\u0105g\u0142: Dam ci, o co tylko poprosisz, nawet po\u0142ow\u0119 mojego kr\u00f3lestwa. Ona wysz\u0142a i zapyta\u0142a sw\u0105 matk\u0119: O co mam prosi\u0107? Ta odpowiedzia\u0142a: O g\u0142ow\u0119 Jana Chrzciciela. Natychmiast wesz\u0142a z po\u015bpiechem do kr\u00f3la i prosi\u0142a: Chc\u0119, \u017ceby\u015b mi zaraz da\u0142 na misie g\u0142ow\u0119 Jana Chrzciciela. A kr\u00f3l bardzo si\u0119 zasmuci\u0142, ale przez wzgl\u0105d na przysi\u0119g\u0119 i biesiadnik\u00f3w nie chcia\u0142 jej odm\u00f3wi\u0107. Zaraz te\u017c kr\u00f3l pos\u0142a\u0142 kata i poleci\u0142 przynie\u015b\u0107 g\u0142ow\u0119 jego. Ten poszed\u0142, \u015bci\u0105\u0142 go w wi\u0119zieniu i przyni\u00f3s\u0142 g\u0142ow\u0119 jego na misie; da\u0142 j\u0105 dziewcz\u0119ciu, a dziewcz\u0119 da\u0142o swej matce. Uczniowie Jana, dowiedziawszy si\u0119 o tym, przyszli, zabrali jego cia\u0142o i z\u0142o\u017cyli je w grobie.<\/em><\/strong><\/p>\n<p><strong>Niech b\u0119dzie pochwalony Jezus Chrystus!<\/strong><\/p>\n<p>Witam serdecznie i pozdrawiam z Tomska. <\/p>\n<p>Ciekawe jak tam nasi sp\u0142ywowicze. Pozdrawiam ich i Was wszystkich.<\/p>\n<p>Dzi\u015b w naszej rodzinie zn\u00f3w urodziny, tym razem najm\u0142odszego, urodzonego, cz\u0142onka naszej rodziny \u2013 Weroniki (patrz foto wy\u017cej), c\u00f3rki Ani, naszej siostry i oczywi\u015bcie szwagra Kamila. To ju\u017c dwa lata. Wot, dzieci rosn\u0105 a my si\u0119 starzejemy. Dwa lata temu mia\u0142em nadziej\u0119, \u017ce razem b\u0119dziemy \u015bwi\u0119towa\u0107 urodziny, ale Pan B\u00f3g wybra\u0142 dla Weroniki za patrona \u015bw. Jana Chrzciciela, a nie \u015bw. Jacka, kt\u00f3ry jest patronem dnia moich urodzin. <\/p>\n<p>\u017bycz\u0119 Weronice i jej rodzicom Ani i Kamilowi wiele rado\u015bci, b\u0142ogos\u0142awie\u0144stwa, \u017ceby ich rodzina si\u0119 rozwija\u0142a i co do ilo\u015bci i co do jako\u015bci. Oby byli przyk\u0142adem tak silnej i odwa\u017cnej wiary i \u017cycia wiar\u0105, jak dzisiejszy patron \u015bw. Jan Chrzciciel, cho\u0107 oczywi\u015bcie nie \u017cycz\u0119, \u017ceby stracili g\u0142ow\u0119\u2026<\/p>\n<p>Prosz\u0119 Was wszystkich dzi\u015b o modlitw\u0119 za Weronik\u0119 i za jej rodzin\u0119 \u2013 rodzic\u00f3w (a mo\u017ce i jeszcze kogo\u015b).<\/p>\n<p>A co dzi\u015b w Bo\u017cym s\u0142owie?<\/p>\n<p>Dzi\u015b czytamy, o wielkim dramacie, jaki rozegra\u0142 si\u0119 na dworze Heroda. Jestem na \u015bwie\u017co po obejrzeniu filmu \u201eCristiada\u201d \u2013 je\u015bli kto\u015b jeszcze tego filmu nie widzia\u0142, to bardzo gor\u0105co polecam. Te dwa momenty \u2013 m\u0119cze\u0144stwo \u015bw. Jana Chrzciciela i pi\u0119kne postawy m\u0119czennik\u00f3w z Meksyku s\u0105 dla nas zach\u0119t\u0105, aby wiar\u0119 swoj\u0105 m\u0119\u017cnie wyznawa\u0107, broni\u0107 jej i wed\u0142ug niej \u017cy\u0107. <\/p>\n<p>I wtedy i dzi\u015b si\u0142\u0119 Ko\u015bcio\u0142a umacniaj\u0105 m\u0119czennicy \u2013 dzi\u015b \u2013 dos\u0142ownie dzi\u015b \u2013 wielu naszych braci i si\u00f3str w Chrystusie oddaje \u017cycie za wiar\u0119, szczeg\u00f3lnie w krajach opanowanych przez islam. <\/p>\n<p>Dzi\u015b \u2013 dos\u0142ownie dzi\u015b \u2013 wielu naszych braci i si\u00f3str w Chrystusie cierpi prze\u015bladowanie za wiar\u0119, nawet w krajach opanowanych przez chrze\u015bcija\u0144stwo \u2013 nawet w Polsce.&nbsp; <\/p>\n<p>A jeszcze nie wiadomo, co nas czeka w przysz\u0142o\u015bci naszego \u017cycia, przed jakimi wyzwaniami i pr\u00f3bami naszej wiary b\u0119dziemy postawieni. Trzeba nam dzi\u015b modli\u0107 si\u0119 o dar m\u0119stwa i wytrwa\u0142o\u015bci w chwilach pr\u00f3by.<br \/>\n<a name='more'><\/a><\/p>\n<div class=\"separator\" style=\"clear: both; text-align: center;\">\n<a href=\"http:\/\/4.bp.blogspot.com\/-v6iJKwCotvI\/Uh8LeEuG41I\/AAAAAAAAAkw\/7177ortgb-0\/s1600\/DSC_0608.JPG\" imageanchor=\"1\" style=\"clear: left; float: left; margin-bottom: 1em; margin-right: 1em;\"><img loading=\"lazy\" decoding=\"async\" border=\"0\" height=\"212\" src=\"https:\/\/gaudiumetspes-blog.pl\/wp-content\/uploads\/2013\/08\/DSC_0608.jpg\" width=\"320\" \/><\/a><\/div>\n<p>Tu raz jeszcze zach\u0119cam do obejrzenia filmu \u201eCristiada\u201d. <\/p>\n<p>Ale tak\u0105 pr\u00f3b\u0119, takie swego rodzaju m\u0119cze\u0144stwo my powinni\u015bmy prze\u017cywa\u0107, a nawet sami sobie narzuca\u0107. <\/p>\n<p>I tu proponuj\u0119 wczyta\u0107 si\u0119 w dzisiejsze czytania, najpierw w Ewangeli\u0119. <\/p>\n<p>Tak naprawd\u0119, pierwszym kto traci g\u0142ow\u0119 jest Herod. On nie wie co ma robi\u0107, najpierw traci g\u0142ow\u0119 widz\u0105c ta\u0144cz\u0105ce dziewcz\u0119\u2026 Zapewne g\u0142owa lekko rozko\u0142ysana winem, szybciej zapala si\u0119 do r\u00f3\u017cnych fantazji, cz\u0142owiek staje si\u0119 bardziej spontaniczny a mniej my\u015bl\u0105cy\u2026 I w tym momencie Herod wypowiada s\u0142owa, nad kt\u00f3rymi zapewne si\u0119 nie zastanowi\u0142, taka pi\u0119kna poezja: \u201ePro\u015b mi\u0119, o co chcesz, a dam ci. Nawet jej przysi\u0105g\u0142: Dam ci, o co tylko poprosisz, nawet po\u0142ow\u0119 mojego kr\u00f3lestwa\u201d.<\/p>\n<p>I tu nieoczekiwana odpowied\u017a \u2013 \u201eChc\u0119, \u017ceby\u015b mi zaraz da\u0142 na misie g\u0142ow\u0119 Jana Chrzciciela\u201d.<\/p>\n<p>Zn\u00f3w Herod traci g\u0142ow\u0119, nie wie co ma robi\u0107, jak wycofa\u0107 si\u0119 z obietnicy? <\/p>\n<p>Po prostu, m\u00f3g\u0142 przyzna\u0107 si\u0119, \u017ce si\u0119 zap\u0119dzi\u0142, m\u00f3g\u0142 jej odm\u00f3wi\u0107, by\u0142 kr\u00f3lem\u2026 Ale straci\u0142 g\u0142ow\u0119.<\/p>\n<p>I cho\u0107 sam tego nie chce, spe\u0142nia pro\u015bb\u0119 dziewcz\u0119cia \u2013 zabija cz\u0142owieka, kt\u00f3rego szanuje, dla kaprysu ma\u0142olaty. Zupe\u0142nie straci\u0142 g\u0142ow\u0119 facet. <\/p>\n<p>I w konsekwencji fizycznie, realnie, dos\u0142ownie, traci g\u0142ow\u0119 \u015bw. Jan Chrzciciel. <\/p>\n<p>Ca\u0142e \u017cycie, Heroda b\u0119d\u0105 m\u0119czy\u0142y wyrzuty sumienia, o czym te\u017c czytamy w Ewangelii\u2026<\/p>\n<p>Jednak ja dzi\u015b chcia\u0142bym zwr\u00f3ci\u0107 uwag\u0119 na jeden ma\u0142y szczeg\u00f3\u0142, cho\u0107 my\u015bl\u0119 wa\u017cny i decyduj\u0105cy w pewnej mierze. Kiedy to si\u0119 dzieje? Czym zaj\u0119ty jest Herod? <\/p>\n<p>Uczta, zabawa, pr\u00f3\u017cno\u015b\u0107\u2026 Wino, kobiety i \u015bpiew i ta\u0144ce\u2026<\/p>\n<p>W chwilach pustki, pr\u00f3\u017cno\u015bci, zabawy, w chwilach rozlu\u017anienia, nudy, melancholii, cz\u0142owiek traci czujno\u015b\u0107. To wtedy zaczynaj\u0105 w g\u0142ow\u0119 przychodzi\u0107 najr\u00f3\u017cniejsze, nie zawsze dobre i \u015bwi\u0119te my\u015bli. To wtedy cz\u0142owiek cz\u0119sto traci g\u0142ow\u0119. I trzeba nam by\u0107 czujnym, wyczulonym, na takie w\u0142a\u015bnie momenty. Z\u0142y duch czeka na takie momenty. <\/p>\n<p>Co czytamy o \u015bw. Janie? \u201eHerod kaza\u0142 pochwyci\u0107 Jana i zwi\u0105zanego trzyma\u0142 w wi\u0119zieniu\u201d \u2013 po co zwi\u0105za\u0142 Jana? Czym on jemu grozi\u0142? Cz\u0142owiek Bo\u017cy, to cz\u0142owiek aktywny, dzia\u0142aj\u0105cy, cz\u0142owiek zaj\u0119ty, pracowity\u2026 To w\u0142a\u015bnie jego aktywno\u015b\u0107 wywo\u0142a\u0142a oburzenie Herodiady. Trzeba go by\u0142o zwi\u0105za\u0107, aby nie dzia\u0142a\u0142. <\/p>\n<p>W I czytaniu s\u0142yszymy dzi\u015b s\u0142owa skierowane do proroka Jeremiasza: \u201ePrzepasz swoje biodra, wsta\u0144 i m\u00f3w wszystko, co ci rozka\u017c\u0119. Nie l\u0119kaj si\u0119 ich, bym ci\u0119 czasem nie nape\u0142ni\u0142 l\u0119kiem przed nimi. A oto Ja czyni\u0119 ci\u0119 dzisiaj twierdz\u0105 warown\u0105, kolumn\u0105 \u017celazn\u0105 i murem spi\u017cowym przeciw ca\u0142ej ziemi, przeciw kr\u00f3lom judzkim i ich przyw\u00f3dcom, ich kap\u0142anom i ludowi tej ziemi. B\u0119d\u0105 walczy\u0107 przeciw tobie, ale nie zdo\u0142aj\u0105 ci\u0119 [zwyci\u0119\u017cy\u0107], gdy\u017c Ja jestem z tob\u0105 &#8211; wyrocznia Pana &#8211; by ci\u0119 ochrania\u0107.\u201d<\/p>\n<p>Bo\u017cy cz\u0142owiek, wierz\u0105cy, chrze\u015bcijanin, katolik, to cz\u0142owiek, kt\u00f3ry nie dzia\u0142a tylko wtedy jak go zwi\u0105\u017c\u0105. Po za tym dzia\u0142a, pracuje, jest aktywny, jest ambitny. Z ogniem wiary, z ogniem Ducha \u015awi\u0119tego w sercu, nie da si\u0119 tak po prostu siedzie\u0107 i nic nie robi\u0107. Z ogniem Ducha \u015awi\u0119tego w sercu nie da si\u0119 nudzi\u0107. <\/p>\n<p>Tam gdzie w nas zaczyna brakowa\u0107 Bo\u017cego ognia, tam swoje ognisko zaczyna rozpala\u0107 z\u0142y duch.<\/p>\n<p>Kiedy grzeszy Dawid? Kiedy wieczorem wstaje z \u0142\u00f3\u017cka i si\u0119 przechadza \u2013 w chwili lenistwa, pr\u00f3\u017cno\u015bci. Kiedy grzeszy Herod? Kiedy na uczcie patrzy na ta\u0144cz\u0105c\u0105 dziewczyn\u0119 \u2013 w chwili lenistwa, pr\u00f3\u017cno\u015bci. Kiedy grzeszymy my? \u2013 w chwili lenistwa, pr\u00f3\u017cno\u015bci? <\/p>\n<p>Z jakich wydarze\u0144 mamy wi\u0119cej wspomnie\u0144, pi\u0119kniejsze wspomnienia \u2013 kiedy ca\u0142y dzie\u0144 le\u017celi\u015bmy na pla\u017cy, czy kiedy uczestniczyli\u015bmy w jakiej\u015b akcji, kiedy co\u015b si\u0119 dzia\u0142o, by\u0142o jakie\u015b \u017cycie?<\/p>\n<p>Powinni\u015bmy by\u0107 lud\u017ami w kt\u00f3rych jest ogie\u0144 \u2013 ogie\u0144 Ducha \u015awi\u0119tego, lud\u017ami dzia\u0142ania, aktywno\u015bci, z entuzjazmem, jak to si\u0119 czasem m\u00f3wi \u201ez ikr\u0105\u201d. Siedzie\u0107 mo\u017cemy tylko na modlitwie, na rozmy\u015blaniu nad s\u0142owem Bo\u017cym, na adoracji. Poza tym \u2013 trzeba dzia\u0142a\u0107. <\/p>\n<p>Wczoraj w informacjach KAI, jakie dostaj\u0119 na maila, by\u0142 artyku\u0142: \u201eB\u00f3g m\u00f3wi w ciszy\u201d \u2013 350-lecie Eremu Kamedu\u0142\u00f3w w Bieniszewie. \u015awietny artyku\u0142 o \u017cyciu owych pi\u0119knych mnich\u00f3w, polecam. I tam jest pi\u0119kna my\u015bl: <br \/>\n<em>\u201eOpr\u00f3cz modlitwy, kontemplacji, nabo\u017cnej lektury i \u0107wicze\u0144 duchowych, dzie\u0144 mnicha wype\u0142nia tak\u017ce praca. Jak uczyli \u015bwi\u0119ci Ojcowie, pustelnicy musz\u0105 bardzo przestrzega\u0107, aby by\u0107 zawsze zaj\u0119ci, aby diabe\u0142 znajdowa\u0142 ich zawsze zaj\u0119tych i nie m\u00f3g\u0142 znale\u017a\u0107 ani chwili do ich kuszenia. Zaj\u0119\u0107, czy to duchowych, czy fizycznych kamedu\u0142a winien mie\u0107 tyle, by ka\u017cda chwila dnia wydawa\u0142a mu si\u0119 kr\u00f3tka i niewystarczaj\u0105ca, a czynno\u015bci do spe\u0142nienia wi\u0119cej ni\u017c potrzebnego na nie czasu\u201d.<\/em><\/p>\n<p>Chyba nie tylko mnich\u00f3w to dotyczy\u2026<\/p>\n<p>\u017bycz\u0119 sobie i Wam na dzi\u015b, aby\u015bmy nie mieli spokojnej chwili, aby zaj\u0119\u0107 by\u0142o wi\u0119cej ni\u017c czasu, aby diabe\u0142 nie znalaz\u0142 chwili do kuszenia nas.  <\/p>\n<p>Pozdrawiam<\/p>\n<div class=\"separator\" style=\"clear: both; text-align: center;\">\n&nbsp;<\/div>\n<div class=\"separator\" style=\"clear: both; text-align: center;\">\n<a href=\"http:\/\/3.bp.blogspot.com\/-iqn4EBSoYPM\/Uh8M8ScRHKI\/AAAAAAAAAk8\/jc8zr9Hgwqk\/s1600\/DSC_0605.JPG\" imageanchor=\"1\" style=\"margin-left: 1em; margin-right: 1em;\"><img loading=\"lazy\" decoding=\"async\" border=\"0\" height=\"212\" src=\"https:\/\/gaudiumetspes-blog.pl\/wp-content\/uploads\/2013\/08\/DSC_0605.jpg\" width=\"320\" \/><\/a><\/div>\n","protected":false},"excerpt":{"rendered":"<p>Wspomnienie M\u0119cze\u0144stwa \u015bw. Jana Chrzciciela (Jr 1,17-19) Pan skierowa\u0142 do mnie nast\u0119puj\u0105ce s\u0142owa: Przepasz swoje biodra, wsta\u0144 i m\u00f3w wszystko, co ci rozka\u017c\u0119. Nie l\u0119kaj si\u0119 ich, bym ci\u0119 czasem nie nape\u0142ni\u0142 l\u0119kiem przed nimi. A oto Ja czyni\u0119 ci\u0119 dzisiaj twierdz\u0105 warown\u0105, kolumn\u0105 \u017celazn\u0105 i murem spi\u017cowym przeciw ca\u0142ej ziemi, przeciw kr\u00f3lom judzkim i [&hellip;]<\/p>\n","protected":false},"author":1,"featured_media":0,"comment_status":"open","ping_status":"open","sticky":false,"template":"","format":"standard","meta":{"jetpack_post_was_ever_published":false,"_jetpack_newsletter_access":"","_jetpack_dont_email_post_to_subs":false,"_jetpack_newsletter_tier_id":0,"_jetpack_memberships_contains_paywalled_content":false,"_jetpack_memberships_contains_paid_content":false,"footnotes":""},"categories":[1],"tags":[],"class_list":["post-9018","post","type-post","status-publish","format-standard","hentry","category-bez-kategorii"],"yoast_head":"<!-- This site is optimized with the Yoast SEO plugin v25.1 - https:\/\/yoast.com\/wordpress\/plugins\/seo\/ -->\n<title>Oby diabe\u0142 znajdowa\u0142 nas zawsze zaj\u0119tych... - Gaudium Et Spes<\/title>\n<meta name=\"robots\" content=\"index, follow, max-snippet:-1, max-image-preview:large, max-video-preview:-1\" \/>\n<link rel=\"canonical\" href=\"https:\/\/gaudiumetspes-blog.pl\/index.php\/2013\/08\/29\/oby-diabe-znajdowa-nas-zawsze-zajetyc\/\" \/>\n<meta property=\"og:locale\" content=\"pl_PL\" \/>\n<meta property=\"og:type\" content=\"article\" \/>\n<meta property=\"og:title\" content=\"Oby diabe\u0142 znajdowa\u0142 nas zawsze zaj\u0119tych... - Gaudium Et Spes\" \/>\n<meta property=\"og:description\" content=\"Wspomnienie M\u0119cze\u0144stwa \u015bw. Jana Chrzciciela (Jr 1,17-19) Pan skierowa\u0142 do mnie nast\u0119puj\u0105ce s\u0142owa: Przepasz swoje biodra, wsta\u0144 i m\u00f3w wszystko, co ci rozka\u017c\u0119. Nie l\u0119kaj si\u0119 ich, bym ci\u0119 czasem nie nape\u0142ni\u0142 l\u0119kiem przed nimi. A oto Ja czyni\u0119 ci\u0119 dzisiaj twierdz\u0105 warown\u0105, kolumn\u0105 \u017celazn\u0105 i murem spi\u017cowym przeciw ca\u0142ej ziemi, przeciw kr\u00f3lom judzkim i [&hellip;]\" \/>\n<meta property=\"og:url\" content=\"https:\/\/gaudiumetspes-blog.pl\/index.php\/2013\/08\/29\/oby-diabe-znajdowa-nas-zawsze-zajetyc\/\" \/>\n<meta property=\"og:site_name\" content=\"Gaudium Et Spes\" \/>\n<meta property=\"article:published_time\" content=\"2013-08-29T07:01:00+00:00\" \/>\n<meta property=\"article:modified_time\" content=\"2019-07-31T10:54:12+00:00\" \/>\n<meta property=\"og:image\" content=\"https:\/\/gaudiumetspes-blog.pl\/wp-content\/uploads\/2013\/08\/IMG_0164.jpg\" \/>\n<meta name=\"author\" content=\"Ks. Jacek\" \/>\n<meta name=\"twitter:card\" content=\"summary_large_image\" \/>\n<meta name=\"twitter:label1\" content=\"Napisane przez\" \/>\n\t<meta name=\"twitter:data1\" content=\"Ks. Jacek\" \/>\n\t<meta name=\"twitter:label2\" content=\"Szacowany czas czytania\" \/>\n\t<meta name=\"twitter:data2\" content=\"8 minut\" \/>\n<script type=\"application\/ld+json\" class=\"yoast-schema-graph\">{\"@context\":\"https:\/\/schema.org\",\"@graph\":[{\"@type\":\"WebPage\",\"@id\":\"https:\/\/gaudiumetspes-blog.pl\/index.php\/2013\/08\/29\/oby-diabe-znajdowa-nas-zawsze-zajetyc\/\",\"url\":\"https:\/\/gaudiumetspes-blog.pl\/index.php\/2013\/08\/29\/oby-diabe-znajdowa-nas-zawsze-zajetyc\/\",\"name\":\"Oby diabe\u0142 znajdowa\u0142 nas zawsze zaj\u0119tych... - Gaudium Et Spes\",\"isPartOf\":{\"@id\":\"https:\/\/gaudiumetspes-blog.pl\/#website\"},\"primaryImageOfPage\":{\"@id\":\"https:\/\/gaudiumetspes-blog.pl\/index.php\/2013\/08\/29\/oby-diabe-znajdowa-nas-zawsze-zajetyc\/#primaryimage\"},\"image\":{\"@id\":\"https:\/\/gaudiumetspes-blog.pl\/index.php\/2013\/08\/29\/oby-diabe-znajdowa-nas-zawsze-zajetyc\/#primaryimage\"},\"thumbnailUrl\":\"https:\/\/gaudiumetspes-blog.pl\/wp-content\/uploads\/2013\/08\/IMG_0164.jpg\",\"datePublished\":\"2013-08-29T07:01:00+00:00\",\"dateModified\":\"2019-07-31T10:54:12+00:00\",\"author\":{\"@id\":\"https:\/\/gaudiumetspes-blog.pl\/#\/schema\/person\/1661982992b752dea8dff0d4ed845a65\"},\"breadcrumb\":{\"@id\":\"https:\/\/gaudiumetspes-blog.pl\/index.php\/2013\/08\/29\/oby-diabe-znajdowa-nas-zawsze-zajetyc\/#breadcrumb\"},\"inLanguage\":\"pl-PL\",\"potentialAction\":[{\"@type\":\"ReadAction\",\"target\":[\"https:\/\/gaudiumetspes-blog.pl\/index.php\/2013\/08\/29\/oby-diabe-znajdowa-nas-zawsze-zajetyc\/\"]}]},{\"@type\":\"ImageObject\",\"inLanguage\":\"pl-PL\",\"@id\":\"https:\/\/gaudiumetspes-blog.pl\/index.php\/2013\/08\/29\/oby-diabe-znajdowa-nas-zawsze-zajetyc\/#primaryimage\",\"url\":\"https:\/\/gaudiumetspes-blog.pl\/wp-content\/uploads\/2013\/08\/IMG_0164.jpg\",\"contentUrl\":\"https:\/\/gaudiumetspes-blog.pl\/wp-content\/uploads\/2013\/08\/IMG_0164.jpg\",\"width\":320,\"height\":239},{\"@type\":\"BreadcrumbList\",\"@id\":\"https:\/\/gaudiumetspes-blog.pl\/index.php\/2013\/08\/29\/oby-diabe-znajdowa-nas-zawsze-zajetyc\/#breadcrumb\",\"itemListElement\":[{\"@type\":\"ListItem\",\"position\":1,\"name\":\"Strona g\u0142\u00f3wna\",\"item\":\"https:\/\/gaudiumetspes-blog.pl\/\"},{\"@type\":\"ListItem\",\"position\":2,\"name\":\"Oby diabe\u0142 znajdowa\u0142 nas zawsze zaj\u0119tych&#8230;\"}]},{\"@type\":\"WebSite\",\"@id\":\"https:\/\/gaudiumetspes-blog.pl\/#website\",\"url\":\"https:\/\/gaudiumetspes-blog.pl\/\",\"name\":\"Gaudium Et Spes\",\"description\":\"Blog Ks. Jacka Ja\u015bkowskiego\",\"potentialAction\":[{\"@type\":\"SearchAction\",\"target\":{\"@type\":\"EntryPoint\",\"urlTemplate\":\"https:\/\/gaudiumetspes-blog.pl\/?s={search_term_string}\"},\"query-input\":{\"@type\":\"PropertyValueSpecification\",\"valueRequired\":true,\"valueName\":\"search_term_string\"}}],\"inLanguage\":\"pl-PL\"},{\"@type\":\"Person\",\"@id\":\"https:\/\/gaudiumetspes-blog.pl\/#\/schema\/person\/1661982992b752dea8dff0d4ed845a65\",\"name\":\"Ks. Jacek\",\"image\":{\"@type\":\"ImageObject\",\"inLanguage\":\"pl-PL\",\"@id\":\"https:\/\/gaudiumetspes-blog.pl\/#\/schema\/person\/image\/\",\"url\":\"https:\/\/gaudiumetspes-blog.pl\/wp-content\/uploads\/2019\/07\/avatar-JJ-150x150.jpg\",\"contentUrl\":\"https:\/\/gaudiumetspes-blog.pl\/wp-content\/uploads\/2019\/07\/avatar-JJ-150x150.jpg\",\"caption\":\"Ks. Jacek\"},\"description\":\"Witam serdecznie! K\u0142ania si\u0119 Ks. Jacek Ja\u015bkowski. Nie jestem ani kim\u015b wa\u017cnym, ani kim\u015b znanym. Jestem ksi\u0119dzem, kt\u00f3ry po prostu chce rozmawia\u0107. Codzienna kap\u0142a\u0144ska pos\u0142uga pokazuje mi, \u017ce temat\u00f3w do rozm\u00f3w z ksi\u0119dzem jest coraz wi\u0119cej i dzisiaj \u017caden ksi\u0105dz nie mo\u017ce od nich ucieka\u0107, ale - wprost przeciwnie - podejmowa\u0107 nowe wyzwania. To przekonanie sk\u0142oni\u0142o mnie do pr\u00f3by otwarcia tego\u017c bloga, chocia\u017c okazji do rozm\u00f3w na co dzie\u0144 - w konfesjonale i poza nim - na szcz\u0119\u015bcie nie brakuje. My\u015bl\u0119 jednak, \u017ce ten blog b\u0119dzie jeszcze jednym sposobem i przestrzeni\u0105 nawi\u0105zania kontaktu z lud\u017ami dobrej woli, otwartymi na dialog.\",\"url\":\"https:\/\/gaudiumetspes-blog.pl\/index.php\/author\/ks-jacek\/\"}]}<\/script>\n<!-- \/ Yoast SEO plugin. -->","yoast_head_json":{"title":"Oby diabe\u0142 znajdowa\u0142 nas zawsze zaj\u0119tych... - Gaudium Et Spes","robots":{"index":"index","follow":"follow","max-snippet":"max-snippet:-1","max-image-preview":"max-image-preview:large","max-video-preview":"max-video-preview:-1"},"canonical":"https:\/\/gaudiumetspes-blog.pl\/index.php\/2013\/08\/29\/oby-diabe-znajdowa-nas-zawsze-zajetyc\/","og_locale":"pl_PL","og_type":"article","og_title":"Oby diabe\u0142 znajdowa\u0142 nas zawsze zaj\u0119tych... - Gaudium Et Spes","og_description":"Wspomnienie M\u0119cze\u0144stwa \u015bw. Jana Chrzciciela (Jr 1,17-19) Pan skierowa\u0142 do mnie nast\u0119puj\u0105ce s\u0142owa: Przepasz swoje biodra, wsta\u0144 i m\u00f3w wszystko, co ci rozka\u017c\u0119. Nie l\u0119kaj si\u0119 ich, bym ci\u0119 czasem nie nape\u0142ni\u0142 l\u0119kiem przed nimi. A oto Ja czyni\u0119 ci\u0119 dzisiaj twierdz\u0105 warown\u0105, kolumn\u0105 \u017celazn\u0105 i murem spi\u017cowym przeciw ca\u0142ej ziemi, przeciw kr\u00f3lom judzkim i [&hellip;]","og_url":"https:\/\/gaudiumetspes-blog.pl\/index.php\/2013\/08\/29\/oby-diabe-znajdowa-nas-zawsze-zajetyc\/","og_site_name":"Gaudium Et Spes","article_published_time":"2013-08-29T07:01:00+00:00","article_modified_time":"2019-07-31T10:54:12+00:00","og_image":[{"url":"https:\/\/gaudiumetspes-blog.pl\/wp-content\/uploads\/2013\/08\/IMG_0164.jpg","type":"","width":"","height":""}],"author":"Ks. Jacek","twitter_card":"summary_large_image","twitter_misc":{"Napisane przez":"Ks. Jacek","Szacowany czas czytania":"8 minut"},"schema":{"@context":"https:\/\/schema.org","@graph":[{"@type":"WebPage","@id":"https:\/\/gaudiumetspes-blog.pl\/index.php\/2013\/08\/29\/oby-diabe-znajdowa-nas-zawsze-zajetyc\/","url":"https:\/\/gaudiumetspes-blog.pl\/index.php\/2013\/08\/29\/oby-diabe-znajdowa-nas-zawsze-zajetyc\/","name":"Oby diabe\u0142 znajdowa\u0142 nas zawsze zaj\u0119tych... - Gaudium Et Spes","isPartOf":{"@id":"https:\/\/gaudiumetspes-blog.pl\/#website"},"primaryImageOfPage":{"@id":"https:\/\/gaudiumetspes-blog.pl\/index.php\/2013\/08\/29\/oby-diabe-znajdowa-nas-zawsze-zajetyc\/#primaryimage"},"image":{"@id":"https:\/\/gaudiumetspes-blog.pl\/index.php\/2013\/08\/29\/oby-diabe-znajdowa-nas-zawsze-zajetyc\/#primaryimage"},"thumbnailUrl":"https:\/\/gaudiumetspes-blog.pl\/wp-content\/uploads\/2013\/08\/IMG_0164.jpg","datePublished":"2013-08-29T07:01:00+00:00","dateModified":"2019-07-31T10:54:12+00:00","author":{"@id":"https:\/\/gaudiumetspes-blog.pl\/#\/schema\/person\/1661982992b752dea8dff0d4ed845a65"},"breadcrumb":{"@id":"https:\/\/gaudiumetspes-blog.pl\/index.php\/2013\/08\/29\/oby-diabe-znajdowa-nas-zawsze-zajetyc\/#breadcrumb"},"inLanguage":"pl-PL","potentialAction":[{"@type":"ReadAction","target":["https:\/\/gaudiumetspes-blog.pl\/index.php\/2013\/08\/29\/oby-diabe-znajdowa-nas-zawsze-zajetyc\/"]}]},{"@type":"ImageObject","inLanguage":"pl-PL","@id":"https:\/\/gaudiumetspes-blog.pl\/index.php\/2013\/08\/29\/oby-diabe-znajdowa-nas-zawsze-zajetyc\/#primaryimage","url":"https:\/\/gaudiumetspes-blog.pl\/wp-content\/uploads\/2013\/08\/IMG_0164.jpg","contentUrl":"https:\/\/gaudiumetspes-blog.pl\/wp-content\/uploads\/2013\/08\/IMG_0164.jpg","width":320,"height":239},{"@type":"BreadcrumbList","@id":"https:\/\/gaudiumetspes-blog.pl\/index.php\/2013\/08\/29\/oby-diabe-znajdowa-nas-zawsze-zajetyc\/#breadcrumb","itemListElement":[{"@type":"ListItem","position":1,"name":"Strona g\u0142\u00f3wna","item":"https:\/\/gaudiumetspes-blog.pl\/"},{"@type":"ListItem","position":2,"name":"Oby diabe\u0142 znajdowa\u0142 nas zawsze zaj\u0119tych&#8230;"}]},{"@type":"WebSite","@id":"https:\/\/gaudiumetspes-blog.pl\/#website","url":"https:\/\/gaudiumetspes-blog.pl\/","name":"Gaudium Et Spes","description":"Blog Ks. Jacka Ja\u015bkowskiego","potentialAction":[{"@type":"SearchAction","target":{"@type":"EntryPoint","urlTemplate":"https:\/\/gaudiumetspes-blog.pl\/?s={search_term_string}"},"query-input":{"@type":"PropertyValueSpecification","valueRequired":true,"valueName":"search_term_string"}}],"inLanguage":"pl-PL"},{"@type":"Person","@id":"https:\/\/gaudiumetspes-blog.pl\/#\/schema\/person\/1661982992b752dea8dff0d4ed845a65","name":"Ks. Jacek","image":{"@type":"ImageObject","inLanguage":"pl-PL","@id":"https:\/\/gaudiumetspes-blog.pl\/#\/schema\/person\/image\/","url":"https:\/\/gaudiumetspes-blog.pl\/wp-content\/uploads\/2019\/07\/avatar-JJ-150x150.jpg","contentUrl":"https:\/\/gaudiumetspes-blog.pl\/wp-content\/uploads\/2019\/07\/avatar-JJ-150x150.jpg","caption":"Ks. Jacek"},"description":"Witam serdecznie! K\u0142ania si\u0119 Ks. Jacek Ja\u015bkowski. Nie jestem ani kim\u015b wa\u017cnym, ani kim\u015b znanym. Jestem ksi\u0119dzem, kt\u00f3ry po prostu chce rozmawia\u0107. Codzienna kap\u0142a\u0144ska pos\u0142uga pokazuje mi, \u017ce temat\u00f3w do rozm\u00f3w z ksi\u0119dzem jest coraz wi\u0119cej i dzisiaj \u017caden ksi\u0105dz nie mo\u017ce od nich ucieka\u0107, ale - wprost przeciwnie - podejmowa\u0107 nowe wyzwania. To przekonanie sk\u0142oni\u0142o mnie do pr\u00f3by otwarcia tego\u017c bloga, chocia\u017c okazji do rozm\u00f3w na co dzie\u0144 - w konfesjonale i poza nim - na szcz\u0119\u015bcie nie brakuje. My\u015bl\u0119 jednak, \u017ce ten blog b\u0119dzie jeszcze jednym sposobem i przestrzeni\u0105 nawi\u0105zania kontaktu z lud\u017ami dobrej woli, otwartymi na dialog.","url":"https:\/\/gaudiumetspes-blog.pl\/index.php\/author\/ks-jacek\/"}]}},"jetpack_featured_media_url":"","jetpack_sharing_enabled":true,"_links":{"self":[{"href":"https:\/\/gaudiumetspes-blog.pl\/index.php\/wp-json\/wp\/v2\/posts\/9018","targetHints":{"allow":["GET"]}}],"collection":[{"href":"https:\/\/gaudiumetspes-blog.pl\/index.php\/wp-json\/wp\/v2\/posts"}],"about":[{"href":"https:\/\/gaudiumetspes-blog.pl\/index.php\/wp-json\/wp\/v2\/types\/post"}],"author":[{"embeddable":true,"href":"https:\/\/gaudiumetspes-blog.pl\/index.php\/wp-json\/wp\/v2\/users\/1"}],"replies":[{"embeddable":true,"href":"https:\/\/gaudiumetspes-blog.pl\/index.php\/wp-json\/wp\/v2\/comments?post=9018"}],"version-history":[{"count":1,"href":"https:\/\/gaudiumetspes-blog.pl\/index.php\/wp-json\/wp\/v2\/posts\/9018\/revisions"}],"predecessor-version":[{"id":11216,"href":"https:\/\/gaudiumetspes-blog.pl\/index.php\/wp-json\/wp\/v2\/posts\/9018\/revisions\/11216"}],"wp:attachment":[{"href":"https:\/\/gaudiumetspes-blog.pl\/index.php\/wp-json\/wp\/v2\/media?parent=9018"}],"wp:term":[{"taxonomy":"category","embeddable":true,"href":"https:\/\/gaudiumetspes-blog.pl\/index.php\/wp-json\/wp\/v2\/categories?post=9018"},{"taxonomy":"post_tag","embeddable":true,"href":"https:\/\/gaudiumetspes-blog.pl\/index.php\/wp-json\/wp\/v2\/tags?post=9018"}],"curies":[{"name":"wp","href":"https:\/\/api.w.org\/{rel}","templated":true}]}}