{"id":9050,"date":"2013-07-28T05:22:00","date_gmt":"2013-07-28T03:22:00","guid":{"rendered":"https:\/\/gaudiumetspes-blog.pl\/index.php\/2013\/07\/28\/jak-sie-kulturalnie-targowac-z-bogie\/"},"modified":"2019-07-31T12:54:08","modified_gmt":"2019-07-31T10:54:08","slug":"jak-sie-kulturalnie-targowac-z-bogie","status":"publish","type":"post","link":"https:\/\/gaudiumetspes-blog.pl\/index.php\/2013\/07\/28\/jak-sie-kulturalnie-targowac-z-bogie\/","title":{"rendered":"Jak si\u0119 kulturalnie&#8230; targowa\u0107 z Bogiem?"},"content":{"rendered":"<div align=\"JUSTIFY\" style=\"margin-bottom: 0cm;\">\nNiech b\u0119dzie pochwalony Jezus Chrystus! Witam i pozdrawiam ze Szklarskiej Por\u0119by. S\u0142onecznej, a wr\u0119cz upalnej. Wczoraj by\u0142o bardzo gor\u0105co, a na dzisiaj zapowiadaj\u0105 jeszcze wi\u0119kszy upa\u0142. Uff!&#8230; Co to b\u0119dzie?&#8230;<\/div>\n<div align=\"JUSTIFY\" style=\"margin-bottom: 0cm;\">\n&nbsp; &nbsp; &nbsp;A u nas &#8211; wszystko w porz\u0105dku, atmosfera rewelacyjna, go\u015bcinno\u015b\u0107 naszych Drogich Gospodarzy, jak zawsze, na najwy\u017cszym poziomie. Dzie\u0144 dzisiejszy up\u0142ynie nam na zaj\u0119ciach w domu, nie ruszamy na szlak, po kilku dniach naprawd\u0119 forsownych w\u0119dr\u00f3wek i po dniu w parku wodnym &#8211; jako\u015b tak bardzo odpowiada nam dzia\u0142anie na miejscu.&nbsp;<\/div>\n<div align=\"JUSTIFY\" style=\"margin-bottom: 0cm;\">\n&nbsp; &nbsp; Tak zatem, o 10.00 &#8211; uroczysta Msza \u015awi\u0119ta, z udzia\u0142em okolicznych Mieszka\u0144c\u00f3w, o 15.00 &#8211; wsp\u00f3lne ogl\u0105danie i prze\u017cywanie Mszy \u015awi\u0119tej w Rio de Janeiro, na zako\u0144czenie \u015awiatowych Dni M\u0142odzie\u017cy, a potem &#8211; grill i pogodny wiecz\u00f3r, ze skeczami i konkursami. Przygotowania id\u0105 ju\u017c od wczoraj! Pomi\u0119dzy za\u015b tymi punktami &#8211; modlitwa i r\u00f3\u017cne drobne atrakcje. Naprawd\u0119 &#8211; nie nudzimy si\u0119!<\/div>\n<div align=\"JUSTIFY\" style=\"margin-bottom: 0cm;\">\n&nbsp; &nbsp; &nbsp;A tak przy okazji &#8211; bardzo zach\u0119cam Was, Kochani, do obejrzenia tej Mszy \u015awi\u0119tej i przemy\u015blenia s\u0142\u00f3w, kt\u00f3re skieruje do nas Papie\u017c Franciszek. Z pewno\u015bci\u0105 &#8211; b\u0119d\u0105 to s\u0142owa wa\u017cne i przes\u0142anie aktualne. Po\u0142\u0105czmy si\u0119 razem &#8211; ka\u017cdy w swoim miejscu &#8211; w prze\u017cywaniu tej Uroczysto\u015bci! Oczywi\u015bcie &#8211; o czym zapewne pami\u0119tacie &#8211; nie zast\u0105pi to osobistego uczestnictwa we Mszy \u015awi\u0119tej niedzielnej w ko\u015bciele!<\/div>\n<div align=\"JUSTIFY\" style=\"margin-bottom: 0cm;\">\n&nbsp; &nbsp;Na pi\u0119kne prze\u017cywanie Dnia Pa\u0144skiego<b> &#8211; niech Was b\u0142ogos\u0142awi B\u00f3g Wszechmog\u0105cy: Ojciec + i Syn, i Duch \u015awi\u0119ty. Amen<\/b><\/div>\n<div align=\"JUSTIFY\" style=\"margin-bottom: 0cm;\">\n<b>&nbsp; &nbsp; &nbsp; &nbsp; &nbsp; &nbsp;<\/b> Gaudium et spes! &nbsp;Ks. Jacek<\/div>\n<div align=\"JUSTIFY\" style=\"margin-bottom: 0cm;\">\n<\/div>\n<div align=\"JUSTIFY\" style=\"margin-bottom: 0cm;\">\n<b style=\"font-family: 'Book Antiqua', serif; font-size: x-large;\">17<br \/>\nNiedziela zwyk\u0142a, C,<\/b><\/div>\n<div align=\"JUSTIFY\" style=\"margin-bottom: 0cm;\">\n<b>do<br \/>\nczyta\u0144:  Rdz 18,20\u201332;  Kol 2,12\u201314;  \u0141k 11,1\u201313<\/b><\/div>\n<div align=\"JUSTIFY\" style=\"margin-bottom: 0cm;\">\n<\/div>\n<div align=\"JUSTIFY\" style=\"margin-bottom: 0cm; page-break-before: auto;\">\n<b>CZYTANIE<br \/>\nZ KSI\u0118GI RODZAJU: <\/b>\n<\/div>\n<div align=\"JUSTIFY\" style=\"margin-bottom: 0cm; text-indent: 1.24cm;\">\n<b>B\u00f3g<br \/>\nrzek\u0142 do Abrahama: \u201eSkarga na Sodom\u0119 i Gomor\u0119 g\u0142o\u015bno si\u0119<br \/>\nrozlega, bo wyst\u0119pki ich mieszka\u0144c\u00f3w s\u0105 bardzo ci\u0119\u017ckie. Chc\u0119<br \/>\nwi\u0119c i\u015b\u0107 i zobaczy\u0107, czy post\u0119puj\u0105 tak, jak g\u0142osi oskar\u017cenie,<br \/>\nkt\u00f3re do Mnie dosz\u0142o, czy te\u017c nie; dowiem si\u0119\u201d. Wtedy to dwaj<br \/>\nm\u0119\u017cowie odeszli w stron\u0119 Sodomy, a Abraham sta\u0142 dalej przed<br \/>\nPanem. <\/b>\n<\/div>\n<div align=\"JUSTIFY\" style=\"margin-bottom: 0cm; text-indent: 1.24cm;\">\n<b>Zbli\u017cywszy<br \/>\nsi\u0119 do Niego, Abraham rzek\u0142: \u201eCzy zamierzasz wygubi\u0107<br \/>\nsprawiedliwych wesp\u00f3\u0142 z bezbo\u017cnymi? Mo\u017ce w tym mie\u015bcie jest<br \/>\npi\u0119\u0107dziesi\u0119ciu sprawiedliwych; czy tak\u017ce zniszczysz to miasto i<br \/>\nnie przebaczysz mu dla owych pi\u0119\u0107dziesi\u0119ciu sprawiedliwych, kt\u00f3rzy<br \/>\nw nim mieszkaj\u0105? O, nie dopu\u015b\u0107 do tego, aby zgin\u0119li sprawiedliwi<br \/>\nz bezbo\u017cnymi, aby sta\u0142o si\u0119 sprawiedliwemu to samo, co bezbo\u017cnemu.<br \/>\nO, nie dopu\u015b\u0107 do tego. Czy\u017c Ten, kt\u00f3ry jest s\u0119dzi\u0105 nad ca\u0142\u0105<br \/>\nziemi\u0105, m\u00f3g\u0142by post\u0105pi\u0107 niesprawiedliwie?\u201d Pan odpowiedzia\u0142:<br \/>\n\u201eJe\u017celi znajd\u0119 w Sodomie pi\u0119\u0107dziesi\u0119ciu sprawiedliwych,<br \/>\nprzebacz\u0119 ca\u0142emu miastu dla nich\u201d. <\/b>\n<\/div>\n<div align=\"JUSTIFY\" style=\"margin-bottom: 0cm; text-indent: 1.24cm;\">\n<b>Rzek\u0142<br \/>\nznowu Abraham: \u201ePozw\u00f3l, o Panie, \u017ce jeszcze o\u015bmiel\u0119 si\u0119 m\u00f3wi\u0107<br \/>\ndo Ciebie, cho\u0107 jestem py\u0142em i prochem. Gdyby w\u015br\u00f3d tych<br \/>\npi\u0119\u0107dziesi\u0119ciu sprawiedliwych zabrak\u0142o pi\u0119ciu, czy dla braku<br \/>\ntych pi\u0119ciu zniszczysz ca\u0142e miasto?\u201d Pan rzek\u0142: \u201eNie zniszcz\u0119,<br \/>\nje\u015bli znajd\u0119 tam czterdziestu pi\u0119ciu\u201d. <\/b>\n<\/div>\n<div align=\"JUSTIFY\" style=\"margin-bottom: 0cm; text-indent: 1.24cm;\">\n<b>Abraham<br \/>\nzn\u00f3w odezwa\u0142 si\u0119 tymi s\u0142owami: \u201eA mo\u017ce znalaz\u0142oby si\u0119 tam<br \/>\nczterdziestu?\u201d Pan rzek\u0142: \u201eNie dokonam zniszczenia przez wzgl\u0105d<br \/>\nna tych czterdziestu\u201d. <\/b>\n<\/div>\n<div align=\"JUSTIFY\" style=\"margin-bottom: 0cm; text-indent: 1.24cm;\">\n<b>Wtedy<br \/>\nAbraham powiedzia\u0142: \u201eNiech si\u0119 nie gniewa Pan, je\u015bli rzekn\u0119:<br \/>\nmo\u017ce znalaz\u0142oby si\u0119 tam trzydziestu!\u201d A na to Pan: \u201eNie<br \/>\ndokonam zniszczenia, je\u015bli znajd\u0119 tam trzydziestu\u201d. <\/b>\n<\/div>\n<div align=\"JUSTIFY\" style=\"margin-bottom: 0cm; text-indent: 1.24cm;\">\n<b>Rzek\u0142<br \/>\nAbraham: \u201ePozw\u00f3l, o Panie, \u017ce o\u015bmiel\u0119 si\u0119 zapyta\u0107: gdyby<br \/>\nznalaz\u0142o si\u0119 tam dwudziestu?\u201d Pan odpowiedzia\u0142: \u201eNie zniszcz\u0119<br \/>\nprzez wzgl\u0105d na tych dwudziestu\u201d. <\/b>\n<\/div>\n<div align=\"JUSTIFY\" style=\"margin-bottom: 0cm; text-indent: 1.24cm;\">\n<b>Na<br \/>\nto Abraham: \u201eO, racz si\u0119 nie gniewa\u0107, Panie, je\u015bli raz jeszcze<br \/>\nzapytam: gdyby znalaz\u0142o si\u0119 tam dziesi\u0119ciu?\u201d Odpowiedzia\u0142 Pan:<br \/>\n\u201eNie zniszcz\u0119 przez wzgl\u0105d na tych dziesi\u0119ciu\u201d.<\/b><\/div>\n<div align=\"JUSTIFY\" style=\"margin-bottom: 0cm;\">\n<\/div>\n<div align=\"JUSTIFY\" style=\"margin-bottom: 0cm;\">\n<b>CZYTANIE<br \/>\nZ LISTU \u015aWI\u0118TEGO PAW\u0141A APOSTO\u0141A DO KOLOSAN: <\/b>\n<\/div>\n<div align=\"JUSTIFY\" style=\"margin-bottom: 0cm; text-indent: 1.24cm;\">\n<b>Bracia:<br \/>\nZ Chrystusem pogrzebani jeste\u015bcie w chrzcie, z Nim te\u017c razem<br \/>\nzostali\u015bcie wskrzeszeni przez wiar\u0119 w moc Boga, kt\u00f3ry Go<br \/>\nwskrzesi\u0142. I was umar\u0142ych na skutek wyst\u0119pk\u00f3w i \u201enieobrzezania\u201d<br \/>\nwaszego cia\u0142a razem z Chrystusem B\u00f3g przywr\u00f3ci\u0142 do \u017cycia.<br \/>\nDarowa\u0142 nam wszystkie wyst\u0119pki, skre\u015bli\u0142 zapis d\u0142u\u017cny<br \/>\nobci\u0105\u017caj\u0105cy nas nakazami, usun\u0105\u0142 go z drogi, przygwo\u017adziwszy do<br \/>\nkrzy\u017ca. <\/b>\n<\/div>\n<div align=\"JUSTIFY\" style=\"margin-bottom: 0cm;\">\n<\/div>\n<div align=\"JUSTIFY\" style=\"margin-bottom: 0cm;\">\n<b>S\u0141OWA<br \/>\nEWANGELII WED\u0141UG \u015aWI\u0118TEGO \u0141UKASZA:<\/b><\/div>\n<div align=\"JUSTIFY\" style=\"margin-bottom: 0cm; text-indent: 1.24cm;\">\n<b>Gdy<br \/>\nJezus przebywa\u0142 w jakim\u015b miejscu na modlitwie i sko\u0144czy\u0142 j\u0105,<br \/>\nrzek\u0142 jeden z uczni\u00f3w do Niego: \u201ePanie, naucz nas si\u0119 modli\u0107,<br \/>\njak i Jan nauczy\u0142 swoich uczni\u00f3w\u201d. A On rzek\u0142 do nich: \u201eKiedy<br \/>\nsi\u0119 modlicie, m\u00f3wcie: Ojcze, niech si\u0119 \u015bwi\u0119ci Twoje imi\u0119; niech<br \/>\nprzyjdzie Twoje kr\u00f3lestwo. Naszego chleba powszedniego dawaj nam na<br \/>\nka\u017cdy dzie\u0144, i przebacz nam nasze grzechy, bo i my przebaczamy<br \/>\nka\u017cdemu, kto nam zawini; i nie dopu\u015b\u0107, by\u015bmy ulegli pokusie\u201d. <\/b>\n<\/div>\n<div align=\"JUSTIFY\" style=\"margin-bottom: 0cm; text-indent: 1.24cm;\">\n<b>Dalej<br \/>\nm\u00f3wi\u0142 do nich: \u201eKto\u015b z was, maj\u0105c przyjaciela, p\u00f3jdzie do<br \/>\nniego o p\u00f3\u0142nocy i powie mu: \u00abPrzyjacielu, u\u017cycz mi trzech<br \/>\nchleb\u00f3w, bo m\u00f3j przyjaciel przyby\u0142 do mnie z drogi, a nie mam co<br \/>\nmu poda\u0107\u00bb. Lecz tamten odpowie z wewn\u0105trz: \u00abNie naprzykrzaj mi<br \/>\nsi\u0119! Drzwi s\u0105 ju\u017c zamkni\u0119te i moje dzieci le\u017c\u0105 ze mn\u0105 w \u0142\u00f3\u017cku.<br \/>\nNie mog\u0119 wsta\u0107 i da\u0107 tobie\u00bb. M\u00f3wi\u0119 wam: Chocia\u017cby nie wsta\u0142 i<br \/>\nnie da\u0142 z tego powodu, \u017ce jest jego przyjacielem, to z powodu jego<br \/>\nnatr\u0119ctwa wstanie i da mu, ile potrzebuje. <\/b>\n<\/div>\n<div align=\"JUSTIFY\" style=\"margin-bottom: 0cm; text-indent: 1.24cm;\">\n<b>I<br \/>\nJa wam powiadam: Pro\u015bcie, a b\u0119dzie wam dane; szukajcie, a<br \/>\nznajdziecie; ko\u0142aczcie, a otworz\u0105 wam. Ka\u017cdy bowiem, kto prosi,<br \/>\notrzymuje; kto szuka, znajduje; a ko\u0142acz\u0105cemu otworz\u0105. Je\u017celi<br \/>\nkt\u00f3rego z was, ojc\u00f3w, syn poprosi o chleb, czy poda mu kamie\u0144?<br \/>\nAlbo o ryb\u0119, czy zamiast ryby poda mu w\u0119\u017ca? Lub te\u017c gdy prosi o<br \/>\njajko, czy poda mu skorpiona? Je\u015bli wi\u0119c wy, cho\u0107 \u017ali jeste\u015bcie,<br \/>\numiecie dawa\u0107 dobre dary swoim dzieciom, o ile\u017c bardziej Ojciec z<br \/>\nnieba da Ducha \u015awi\u0119tego tym, kt\u00f3rzy Go prosz\u0105\u201d.<\/b><\/div>\n<div align=\"JUSTIFY\" style=\"margin-bottom: 0cm;\">\n<\/div>\n<div align=\"JUSTIFY\" style=\"margin-bottom: 0cm; page-break-before: auto; text-indent: 1.25cm;\">\nCo\u015b niesamowitego jest<br \/>\nw tej rozmowie Abrahama z Bogiem, o kt\u00f3rej m\u00f3wi nam dzisiejsze<br \/>\npierwsze czytanie. <b>Co\u015b niesamowitego i \u2013 rzekliby\u015bmy \u2013<br \/>\nzaskakuj\u0105cego<\/b>, bowiem jeste\u015bmy \u015bwiadkami wr\u0119cz targowania si\u0119<br \/>\ncz\u0142owieka ze swoim Bogiem. A B\u00f3g \u2013 to kolejne zaskoczenie \u2013<br \/>\n<b>wchodzi w ten dialog<\/b>, podejmuje owo targowanie si\u0119, licytuje<br \/>\nsi\u0119 z Abrahamem, <b>ca\u0142kiem na serio traktuje jego argumenty.<\/b>\n<\/div>\n<div align=\"JUSTIFY\" style=\"margin-bottom: 0cm; text-indent: 1.25cm;\">\nMo\u017cemy<br \/>\nczu\u0107 si\u0119 tym zaskoczeni, bowiem je\u017celi uwa\u017cnie s\u0142uchamy Bo\u017cego<br \/>\nS\u0142owa lub je czytamy, to nieraz widzieli\u015bmy <b>obraz Boga<br \/>\npot\u0119\u017cnego, wywo\u0142uj\u0105cego wr\u0119cz strach ludzi.<\/b> Je\u017celi<br \/>\nprzypominamy sobie scen\u0119 z w\u0119dr\u00f3wki Narodu Wybranego do Ziemi<br \/>\nObiecanej, to zapewne pami\u0119tamy to wydarzenie, kiedy <b>Moj\u017cesz<br \/>\nwst\u0119powa\u0142 na g\u00f3r\u0119, na spotkanie z Bogiem<\/b>, a widok niezwyk\u0142ych<br \/>\nzjawisk na tej\u017ce g\u00f3rze wywo\u0142a\u0142 taki strach u Izraelit\u00f3w, i\u017c<br \/>\nprosili Moj\u017cesza, aby tylko On rozmawia\u0142 z Bogiem, bo wszyscy si\u0119<br \/>\nbali.\n<\/div>\n<div align=\"JUSTIFY\" style=\"margin-bottom: 0cm; text-indent: 1.25cm;\">\nTak<br \/>\nby\u0142o niejeden raz, bowiem <b>pot\u0119ga Boga Wszechmocnego<\/b> takie<br \/>\nreakcje wywo\u0142ywa\u0142a. To co\u015b zupe\u0142nie normalnego. A oto dzisiaj<br \/>\ns\u0142yszymy, \u017ce Abraham <b>po prostu si\u0119 z Bogiem targuje.<\/b> I to w<br \/>\njaki spos\u00f3b! W tym, co s\u0142yszymy, zdaje si\u0119 pobrzmiewa\u0107 nuta du\u017cej<br \/>\npewno\u015bci siebie po stronie Abrahama, a spos\u00f3b, w jaki si\u0119 do Boga<br \/>\nzwraca, przypomina do\u015b\u0107 cz\u0119ste zjawisko <b>oddzia\u0142ywania na<br \/>\nczyj\u0105\u015b ambicj\u0119. <\/b>\n<\/div>\n<div align=\"JUSTIFY\" style=\"margin-bottom: 0cm; text-indent: 1.25cm;\">\nS\u0142yszymy<br \/>\nbowiem takie s\u0142owa Abrahama do Boga: <i><b>Czy zamierzasz wygubi\u0107<br \/>\nsprawiedliwych wesp\u00f3\u0142 z bezbo\u017cnymi? Mo\u017ce w tym mie\u015bcie jest<br \/>\npi\u0119\u0107dziesi\u0119ciu sprawiedliwych; czy tak\u017ce zniszczysz to miasto i<br \/>\nnie przebaczysz mu dla owych pi\u0119\u0107dziesi\u0119ciu sprawiedliwych, kt\u00f3rzy<br \/>\nw nim mieszkaj\u0105? O, nie dopu\u015b\u0107 do tego, aby zgin\u0119li sprawiedliwi<br \/>\nz bezbo\u017cnymi, aby sta\u0142o si\u0119 sprawiedliwemu to samo, co bezbo\u017cnemu.<br \/>\nO, nie dopu\u015b\u0107 do tego. Czy\u017c Ten, kt\u00f3ry jest s\u0119dzi\u0105 nad ca\u0142\u0105<br \/>\nziemi\u0105, m\u00f3g\u0142by post\u0105pi\u0107 niesprawiedliwie?<\/b><\/i><b> <\/b>\n<\/div>\n<div align=\"JUSTIFY\" style=\"margin-bottom: 0cm; text-indent: 1.25cm;\">\nMy\u015bl\u0119,<br \/>\n\u017ce Pan B\u00f3g w tej chwili \u2013 je\u015bli tak mo\u017cna w og\u00f3le pomy\u015ble\u0107 i<br \/>\npowiedzie\u0107 \u2013 po prostu <b>u\u015bmiechn\u0105\u0142 si\u0119 dobrotliwie<\/b>,<br \/>\nwidz\u0105c te bardzo szczere wysi\u0142ki swojego s\u0142ugi, zmierzaj\u0105ce do<br \/>\nuratowania dw\u00f3ch przewrotnych miast. Ale jednocze\u015bnie B\u00f3g <b>bardzo<br \/>\npowa\u017cnie wszed\u0142 w dialog z Abrahamem,<\/b> odpowiadaj\u0105c za ka\u017cdym<br \/>\nrazem bardzo powa\u017cnie na jego kolejne propozycje. I w\u0142a\u015bciwie<br \/>\ntrzeba powiedzie\u0107, \u017ce B\u00f3g by\u0142by sk\u0142onny p\u00f3j\u015b\u0107 na <b>ca\u0142kowite<br \/>\nust\u0119pstwo i zrezygnowa\u0107 z zamierzonej kary<\/b>, jednak nie by\u0142o to<br \/>\nmo\u017cliwe, bo nawet kilku sprawiedliwych os\u00f3b nie da\u0142o si\u0119 tam<br \/>\nznale\u017a\u0107, dlatego te\u017c ju\u017c <b>sam Abraham zrezygnowa\u0142 z dalszego<br \/>\nproszenia<\/b>. To nie B\u00f3g odp\u0119dzi\u0142 Abrahama. Nie! To w\u0142a\u015bnie sam<br \/>\nAbraham zorientowa\u0142 si\u0119, \u017ce ju\u017c <b>nie wypada \u201ezam\u0119cza\u0107\u201d<br \/>\nBoga pro\u015bbami<\/b>, je\u017celi sam dobrze wiedzia\u0142, i\u017c nieprawo\u015bci<br \/>\nmieszka\u0144c\u00f3w Sodomy i Gomory s\u0105 tak wielkie.\n<\/div>\n<div align=\"JUSTIFY\" style=\"margin-bottom: 0cm; text-indent: 1.25cm;\">\nDop\u00f3ki<br \/>\njednak prosi\u0142, dop\u00f3ki \u201edobija\u0142 si\u0119\u201d do tronu Bo\u017cej<br \/>\n\u0142askawo\u015bci, dot\u0105d <b>by\u0142 przez Boga bardzo uwa\u017cnie s\u0142uchany<\/b>.<br \/>\nI chocia\u017c mo\u017ce nas to zaskakuje, to jednak s\u0142yszymy Jezusa, kt\u00f3ry<br \/>\nw dzisiejszej Ewangelii wprost zach\u0119ca nas: <i><b>Pro\u015bcie, a b\u0119dzie<br \/>\nwam dane; szukajcie, a znajdziecie; ko\u0142aczcie, a otworz\u0105 wam. Ka\u017cdy<br \/>\nbowiem, kto prosi, otrzymuje, kto szuka, znajduje; a ko\u0142acz\u0105cemu<br \/>\notworz\u0105.<\/b><\/i> Mamy zatem prosi\u0107, mamy \u201edobija\u0107 si\u0119\u201d do<br \/>\nbram Nieba o \u0142ask\u0119 Bo\u017c\u0105, o Bo\u017c\u0105 pomoc.\n<\/div>\n<div align=\"JUSTIFY\" style=\"margin-bottom: 0cm; text-indent: 1.25cm;\">\nNie<br \/>\npowinni\u015bmy si\u0119 l\u0119ka\u0107 Boga, nie powinni\u015bmy si\u0119 obawia\u0107, \u017ce B\u00f3g<br \/>\nsi\u0119 obrazi, \u017ce nie spodoba si\u0119 Mu nasza \u015bmia\u0142o\u015b\u0107. Wr\u0119cz<br \/>\nprzeciwnie, <b>mamy by\u0107 bardzo \u015bmiali i bardzo zdecydowanie zwraca\u0107<br \/>\nsi\u0119 do Boga ze wszystkim, co nam le\u017cy na sercu.<\/b> Jezus, poprzez<br \/>\nu\u017cycie por\u00f3wnania do natarczywego cz\u0142owieka, kt\u00f3ry o p\u00f3\u0142nocy<br \/>\nprzychodzi z pro\u015bb\u0105 do swego przyjaciela, chce nas zach\u0119ci\u0107 wr\u0119cz<br \/>\ndo tego, <b>aby\u015bmy na modlitwie byli natr\u0119tni.<\/b> To brzmi<br \/>\nniewiarygodnie \u2013 <b>ale tego domaga si\u0119 Jezus!<\/b><\/div>\n<div align=\"JUSTIFY\" style=\"margin-bottom: 0cm; text-indent: 1.25cm;\">\nCo<br \/>\nprawda, w tamtych rejonach \u015bwiata, gdzie Jezus \u017cy\u0142 i gdzie<br \/>\npowstawa\u0142a Ewangelia, <b>go\u015bcinno\u015b\u0107 jest czym\u015b normalnym i jest<br \/>\nw zwyczaju,<\/b> dlatego cz\u0142owiek ma wr\u0119cz moralny obowi\u0105zek <b>o<br \/>\nka\u017cdej porze przyj\u0105\u0107 pod sw\u00f3j dach drugiego cz\u0142owieka<\/b>. Nie<br \/>\nzmienia to jednak faktu, \u017ce takie wstanie o p\u00f3\u0142nocy jest dla<br \/>\ncz\u0142owieka jakim\u015b wyrzeczeniem, przeto por\u00f3wnanie modlitwy do<br \/>\ntakiej pro\u015bby jest do\u015b\u0107 mocne. Ale to w\u0142a\u015bnie w taki spos\u00f3b<br \/>\nmamy si\u0119 do Boga zwraca\u0107!\n<\/div>\n<div align=\"JUSTIFY\" style=\"margin-bottom: 0cm; text-indent: 1.25cm;\">\n<b>A<br \/>\nz jakimi pro\u015bbami? Z jakimi problemami? Ze wszystkimi!<\/b> Je\u017celi<br \/>\nmo\u017cna obudzi\u0107 cz\u0142owieka o p\u00f3\u0142nocy, aby poprosi\u0107 o chleb, je\u017celi<br \/>\nmo\u017cna go poprosi\u0107 o ryb\u0119, o jajko \u2013 jak s\u0142yszeli\u015bmy w<br \/>\nEwangelii \u2013 to znaczy, \u017ce <b>mo\u017cna poprosi\u0107 Boga dos\u0142ownie o<br \/>\nwszystko:<\/b> \u017caden problem nie jest za ma\u0142o wa\u017cny, za ma\u0142o<br \/>\nistotny, aby nim Bogu \u201ezawraca\u0107 g\u0142ow\u0119\u201d. <b>Ka\u017cdy problem<br \/>\ncz\u0142owieka jest bardzo wa\u017cny, ka\u017cda sprawa, kt\u00f3r\u0105 sam cz\u0142owiek<br \/>\nza wa\u017cn\u0105 uznaje \u2013 wa\u017cna jest r\u00f3wnie\u017c dla Boga.<\/b>\n<\/div>\n<div align=\"JUSTIFY\" style=\"margin-bottom: 0cm; text-indent: 1.25cm;\">\nTo<br \/>\nnie jest tak, \u017ce wa\u017cniejsze w oczach Bo\u017cych s\u0105 sprawy Ojca<br \/>\n\u015awi\u0119tego, a wi\u0119c intencje dotycz\u0105ce ca\u0142ego Ko\u015bcio\u0142a i \u015bwiata,<br \/>\n<b>i jakie\u015b inne, tak zwane \u201ewielkie sprawy\u201d,<\/b> przy kt\u00f3rych<br \/>\nnasze \u201ema\u0142e sprawy\u201d nikn\u0105 i trac\u0105 na wa\u017cno\u015bci. I nie jest<br \/>\ntak, \u017ce wa\u017cniejsze w oczach Bo\u017cych s\u0105 <b>sprawy ksi\u0119\u017cy czy os\u00f3b<br \/>\nzakonnych,<\/b> albo znowu tych, kt\u00f3rzy takie osoby maj\u0105 w rodzinie.<br \/>\nNie!\n<\/div>\n<div align=\"JUSTIFY\" style=\"margin-bottom: 0cm; text-indent: 1.25cm;\">\nBardzo<br \/>\nwa\u017cne w oczach Bo\u017cych s\u0105 <b>wszystkie nasze sprawy,<\/b> dok\u0142adnie<br \/>\nte problemy, do kt\u00f3rych wr\u00f3cimy zaraz, kiedy p\u00f3jdziemy do domu. I<br \/>\nnie jest tak, \u017ce cz\u0142owiek s\u0142aby i grzeszny, <b>poprzez to, i\u017c<br \/>\njest s\u0142aby, ju\u017c nie zas\u0142uguje na Bo\u017c\u0105 pomoc.<\/b> Wydarzenie, o<br \/>\nkt\u00f3rym s\u0142yszeli\u015bmy w pierwszym czytaniu pokazuje, \u017ce B\u00f3g<br \/>\nnaprawd\u0119 <b>daje szans\u0119 cz\u0142owiekowi.<\/b> Daje mu szans\u0119 wyj\u015bcia<br \/>\nz grzechu, daje mu szans\u0119 przyj\u015bcia do siebie z <b>modlitw\u0105 nawet<br \/>\nnatarczyw\u0105 \u2013 oby tylko szczer\u0105!<\/b>\n<\/div>\n<div align=\"JUSTIFY\" style=\"margin-bottom: 0cm; text-indent: 1.25cm;\">\nId\u017amy<br \/>\nprzeto do Niego z tym wszystkim, co w sercach naszych nosimy. Nie<br \/>\nb\u00f3jmy si\u0119, nie wstyd\u017amy naszych spraw, nie my\u015blmy, i\u017c z tym czy<br \/>\nz tamtym do Boga nie wypada i\u015b\u0107. <b>Wypada i\u015b\u0107 ze wszystkim!<\/b><br \/>\nOn i tak wie, z czym do Niego przyjdziemy. To bardziej nam jest<br \/>\npotrzebne jasne u\u015bwiadomienie sobie, co jest dla nas wa\u017cne, co<br \/>\nistotne, o co mamy Boga prosi\u0107. <b>A wi\u0119c pro\u015bmy Go \u2013 pro\u015bmy<br \/>\nwytrwale!<\/b>\n<\/div>\n<div align=\"JUSTIFY\" style=\"margin-bottom: 0cm; text-indent: 1.25cm;\">\nTyle<br \/>\nproblem\u00f3w mamy, tyle k\u0142opot\u00f3w, tyle spraw przer\u00f3\u017cnych. Jako<br \/>\nludzie ochrzczeni \u2013 o czym przypomina nam drugie czytanie \u2013<br \/>\njeste\u015bmy <b>w wyj\u0105tkowej wsp\u00f3lnocie z Bogiem.<\/b> Mamy Go niejako<br \/>\npo swojej stronie. <b>Niech On zatem b\u0119dzie naszym ratunkiem, nasz\u0105<br \/>\nnadziej\u0105! <\/b>\n<\/div>\n<div align=\"JUSTIFY\" style=\"margin-bottom: 0cm; text-indent: 1.25cm;\">\nM\u00f3dlmy<br \/>\nsi\u0119 ofiarnie i gorliwie! Nie ograniczajmy naszej modlitwy jedynie do<br \/>\n<b>pospiesznie i niedbale \u201e<\/b><b>od<\/b><b>klepanych\u201d pacierzy<\/b>.<br \/>\nM\u00f3dlmy si\u0119 \u2013 owszem \u2013 s\u0142owami pacierza; tymi s\u0142owami, kt\u00f3re<br \/>\nod dzieci\u0144stwa tak dobrze znamy, chocia\u017cby modlitw\u0105 \u201eOjcze<br \/>\nnasz\u201d, kt\u00f3ra dzisiaj zosta\u0142a nam przypomniana w Ewangelii. Niech<br \/>\njednak nie zabraknie tak\u017ce w naszych modlitwach <b>takiej bardzo<br \/>\nszczerej rozmowy,<\/b> kt\u00f3r\u0105 niekt\u00f3rzy nazwaliby \u201eszczer\u0105 do<br \/>\nb\u00f3lu\u201d \u2013 ale w\u0142a\u015bnie o tak\u0105 chodzi!\n<\/div>\n<div align=\"JUSTIFY\" style=\"margin-bottom: 0cm; text-indent: 1.25cm;\">\nOn<br \/>\nsam, Jezus, takiej modlitwy nas uczy\u0142, On sam nas do takiej<br \/>\nzach\u0119ca\u0142. A my w ten spos\u00f3b naprawd\u0119 wiele wyprosimy pomocy <b>i<br \/>\nwiele nadziei zyskamy<\/b>. Owszem, nie mo\u017cemy zaniedbywa\u0107 ludzkiej<br \/>\nzapobiegliwo\u015bci. Nie wolno nam rezygnowa\u0107 z tego, co mo\u017cemy<br \/>\nuczyni\u0107, aby t\u0119 szar\u0105, trudn\u0105 codzienno\u015b\u0107, przemienia\u0107. <b>Ale<br \/>\nnie mo\u017cemy na tym tylko poprzesta\u0107,<\/b> bo przekonamy si\u0119, jak ju\u017c<br \/>\nzapewne wiele razy przekonali\u015bmy si\u0119, <b>i\u017c ludzkie nasze wysi\u0142ki<br \/>\ns\u0105 zbyt ma\u0142e i s\u0142abe.<\/b> Potrzeba Bo\u017cej pomocy \u2013 i o ni\u0105 si\u0119<br \/>\nm\u00f3dlmy!\n<\/div>\n<div align=\"JUSTIFY\" style=\"margin-bottom: 0cm; text-indent: 1.25cm;\">\n<b>W<br \/>\nBogu jest <\/b><b>nasza<\/b><b> nadzieja \u2013 trzeba si\u0119 tylko odwa\u017cnie<br \/>\no t\u0119 nadziej\u0119 modli\u0107! <\/b>A nieraz si\u0119 przekonany, \u017ce gdzie ju\u017c<br \/>\nnam nadziei brak\u0142o i brak\u0142o pomys\u0142u na rozwi\u0105zanie sytuacji \u2013<br \/>\nzdawa\u0107 by si\u0119 mog\u0142o \u2013 kra\u0144cowej, tam przysz\u0142o rozwi\u0105zanie od<br \/>\nBoga. Ca\u0142kiem dobre, sensowne i cz\u0119sto \u2013 ot, tak, po prostu!<\/div>\n<div align=\"JUSTIFY\" style=\"margin-bottom: 0cm; text-indent: 1.25cm;\">\nM\u00f3dlmy<br \/>\nsi\u0119 zatem ofiarnie, m\u00f3dlmy si\u0119 z wielk\u0105 wiar\u0105 i mi\u0142o\u015bci\u0105!<br \/>\nM\u00f3dlmy si\u0119 bardzo szczerze i odwa\u017cnie! <b>Nigdy nie jest tak \u017ale,<br \/>\n\u017ceby nie mog\u0142o by\u0107 lepiej! <\/b>Zawsze<br \/>\nmo\u017ce by\u0107 lepiej \u2013 to w du\u017cej mierze od nas samych zale\u017cy! <b>Ale<br \/>\nid\u017amy ze wszystkim, naprawd\u0119 ze wszystkim \u2013 do Boga! On jest<br \/>\nnasz\u0105 rado\u015bci\u0105 i nasz\u0105 niezawodn\u0105 nadziej\u0105!<\/b><\/div>\n","protected":false},"excerpt":{"rendered":"<p>Niech b\u0119dzie pochwalony Jezus Chrystus! Witam i pozdrawiam ze Szklarskiej Por\u0119by. S\u0142onecznej, a wr\u0119cz upalnej. Wczoraj by\u0142o bardzo gor\u0105co, a na dzisiaj zapowiadaj\u0105 jeszcze wi\u0119kszy upa\u0142. Uff!&#8230; Co to b\u0119dzie?&#8230; &nbsp; &nbsp; &nbsp;A u nas &#8211; wszystko w porz\u0105dku, atmosfera rewelacyjna, go\u015bcinno\u015b\u0107 naszych Drogich Gospodarzy, jak zawsze, na najwy\u017cszym poziomie. Dzie\u0144 dzisiejszy up\u0142ynie nam na [&hellip;]<\/p>\n","protected":false},"author":1,"featured_media":0,"comment_status":"open","ping_status":"open","sticky":false,"template":"","format":"standard","meta":{"jetpack_post_was_ever_published":false,"_jetpack_newsletter_access":"","_jetpack_dont_email_post_to_subs":false,"_jetpack_newsletter_tier_id":0,"_jetpack_memberships_contains_paywalled_content":false,"_jetpack_memberships_contains_paid_content":false,"footnotes":""},"categories":[1],"tags":[],"class_list":["post-9050","post","type-post","status-publish","format-standard","hentry","category-bez-kategorii"],"yoast_head":"<!-- This site is optimized with the Yoast SEO plugin v25.1 - https:\/\/yoast.com\/wordpress\/plugins\/seo\/ -->\n<title>Jak si\u0119 kulturalnie... targowa\u0107 z Bogiem? - Gaudium Et Spes<\/title>\n<meta name=\"robots\" content=\"index, follow, max-snippet:-1, max-image-preview:large, max-video-preview:-1\" \/>\n<link rel=\"canonical\" href=\"https:\/\/gaudiumetspes-blog.pl\/index.php\/2013\/07\/28\/jak-sie-kulturalnie-targowac-z-bogie\/\" \/>\n<meta property=\"og:locale\" content=\"pl_PL\" \/>\n<meta property=\"og:type\" content=\"article\" \/>\n<meta property=\"og:title\" content=\"Jak si\u0119 kulturalnie... targowa\u0107 z Bogiem? - Gaudium Et Spes\" \/>\n<meta property=\"og:description\" content=\"Niech b\u0119dzie pochwalony Jezus Chrystus! Witam i pozdrawiam ze Szklarskiej Por\u0119by. S\u0142onecznej, a wr\u0119cz upalnej. Wczoraj by\u0142o bardzo gor\u0105co, a na dzisiaj zapowiadaj\u0105 jeszcze wi\u0119kszy upa\u0142. Uff!&#8230; Co to b\u0119dzie?&#8230; &nbsp; &nbsp; &nbsp;A u nas &#8211; wszystko w porz\u0105dku, atmosfera rewelacyjna, go\u015bcinno\u015b\u0107 naszych Drogich Gospodarzy, jak zawsze, na najwy\u017cszym poziomie. Dzie\u0144 dzisiejszy up\u0142ynie nam na [&hellip;]\" \/>\n<meta property=\"og:url\" content=\"https:\/\/gaudiumetspes-blog.pl\/index.php\/2013\/07\/28\/jak-sie-kulturalnie-targowac-z-bogie\/\" \/>\n<meta property=\"og:site_name\" content=\"Gaudium Et Spes\" \/>\n<meta property=\"article:published_time\" content=\"2013-07-28T03:22:00+00:00\" \/>\n<meta property=\"article:modified_time\" content=\"2019-07-31T10:54:08+00:00\" \/>\n<meta name=\"author\" content=\"Ks. Jacek\" \/>\n<meta name=\"twitter:card\" content=\"summary_large_image\" \/>\n<meta name=\"twitter:label1\" content=\"Napisane przez\" \/>\n\t<meta name=\"twitter:data1\" content=\"Ks. Jacek\" \/>\n\t<meta name=\"twitter:label2\" content=\"Szacowany czas czytania\" \/>\n\t<meta name=\"twitter:data2\" content=\"12 minut\" \/>\n<script type=\"application\/ld+json\" class=\"yoast-schema-graph\">{\"@context\":\"https:\/\/schema.org\",\"@graph\":[{\"@type\":\"WebPage\",\"@id\":\"https:\/\/gaudiumetspes-blog.pl\/index.php\/2013\/07\/28\/jak-sie-kulturalnie-targowac-z-bogie\/\",\"url\":\"https:\/\/gaudiumetspes-blog.pl\/index.php\/2013\/07\/28\/jak-sie-kulturalnie-targowac-z-bogie\/\",\"name\":\"Jak si\u0119 kulturalnie... targowa\u0107 z Bogiem? - Gaudium Et Spes\",\"isPartOf\":{\"@id\":\"https:\/\/gaudiumetspes-blog.pl\/#website\"},\"datePublished\":\"2013-07-28T03:22:00+00:00\",\"dateModified\":\"2019-07-31T10:54:08+00:00\",\"author\":{\"@id\":\"https:\/\/gaudiumetspes-blog.pl\/#\/schema\/person\/1661982992b752dea8dff0d4ed845a65\"},\"breadcrumb\":{\"@id\":\"https:\/\/gaudiumetspes-blog.pl\/index.php\/2013\/07\/28\/jak-sie-kulturalnie-targowac-z-bogie\/#breadcrumb\"},\"inLanguage\":\"pl-PL\",\"potentialAction\":[{\"@type\":\"ReadAction\",\"target\":[\"https:\/\/gaudiumetspes-blog.pl\/index.php\/2013\/07\/28\/jak-sie-kulturalnie-targowac-z-bogie\/\"]}]},{\"@type\":\"BreadcrumbList\",\"@id\":\"https:\/\/gaudiumetspes-blog.pl\/index.php\/2013\/07\/28\/jak-sie-kulturalnie-targowac-z-bogie\/#breadcrumb\",\"itemListElement\":[{\"@type\":\"ListItem\",\"position\":1,\"name\":\"Strona g\u0142\u00f3wna\",\"item\":\"https:\/\/gaudiumetspes-blog.pl\/\"},{\"@type\":\"ListItem\",\"position\":2,\"name\":\"Jak si\u0119 kulturalnie&#8230; targowa\u0107 z&nbsp;Bogiem?\"}]},{\"@type\":\"WebSite\",\"@id\":\"https:\/\/gaudiumetspes-blog.pl\/#website\",\"url\":\"https:\/\/gaudiumetspes-blog.pl\/\",\"name\":\"Gaudium Et Spes\",\"description\":\"Blog Ks. Jacka Ja\u015bkowskiego\",\"potentialAction\":[{\"@type\":\"SearchAction\",\"target\":{\"@type\":\"EntryPoint\",\"urlTemplate\":\"https:\/\/gaudiumetspes-blog.pl\/?s={search_term_string}\"},\"query-input\":{\"@type\":\"PropertyValueSpecification\",\"valueRequired\":true,\"valueName\":\"search_term_string\"}}],\"inLanguage\":\"pl-PL\"},{\"@type\":\"Person\",\"@id\":\"https:\/\/gaudiumetspes-blog.pl\/#\/schema\/person\/1661982992b752dea8dff0d4ed845a65\",\"name\":\"Ks. Jacek\",\"image\":{\"@type\":\"ImageObject\",\"inLanguage\":\"pl-PL\",\"@id\":\"https:\/\/gaudiumetspes-blog.pl\/#\/schema\/person\/image\/\",\"url\":\"https:\/\/gaudiumetspes-blog.pl\/wp-content\/uploads\/2019\/07\/avatar-JJ-150x150.jpg\",\"contentUrl\":\"https:\/\/gaudiumetspes-blog.pl\/wp-content\/uploads\/2019\/07\/avatar-JJ-150x150.jpg\",\"caption\":\"Ks. Jacek\"},\"description\":\"Witam serdecznie! K\u0142ania si\u0119 Ks. Jacek Ja\u015bkowski. Nie jestem ani kim\u015b wa\u017cnym, ani kim\u015b znanym. Jestem ksi\u0119dzem, kt\u00f3ry po prostu chce rozmawia\u0107. Codzienna kap\u0142a\u0144ska pos\u0142uga pokazuje mi, \u017ce temat\u00f3w do rozm\u00f3w z ksi\u0119dzem jest coraz wi\u0119cej i dzisiaj \u017caden ksi\u0105dz nie mo\u017ce od nich ucieka\u0107, ale - wprost przeciwnie - podejmowa\u0107 nowe wyzwania. To przekonanie sk\u0142oni\u0142o mnie do pr\u00f3by otwarcia tego\u017c bloga, chocia\u017c okazji do rozm\u00f3w na co dzie\u0144 - w konfesjonale i poza nim - na szcz\u0119\u015bcie nie brakuje. My\u015bl\u0119 jednak, \u017ce ten blog b\u0119dzie jeszcze jednym sposobem i przestrzeni\u0105 nawi\u0105zania kontaktu z lud\u017ami dobrej woli, otwartymi na dialog.\",\"url\":\"https:\/\/gaudiumetspes-blog.pl\/index.php\/author\/ks-jacek\/\"}]}<\/script>\n<!-- \/ Yoast SEO plugin. -->","yoast_head_json":{"title":"Jak si\u0119 kulturalnie... targowa\u0107 z Bogiem? - Gaudium Et Spes","robots":{"index":"index","follow":"follow","max-snippet":"max-snippet:-1","max-image-preview":"max-image-preview:large","max-video-preview":"max-video-preview:-1"},"canonical":"https:\/\/gaudiumetspes-blog.pl\/index.php\/2013\/07\/28\/jak-sie-kulturalnie-targowac-z-bogie\/","og_locale":"pl_PL","og_type":"article","og_title":"Jak si\u0119 kulturalnie... targowa\u0107 z Bogiem? - Gaudium Et Spes","og_description":"Niech b\u0119dzie pochwalony Jezus Chrystus! Witam i pozdrawiam ze Szklarskiej Por\u0119by. S\u0142onecznej, a wr\u0119cz upalnej. Wczoraj by\u0142o bardzo gor\u0105co, a na dzisiaj zapowiadaj\u0105 jeszcze wi\u0119kszy upa\u0142. Uff!&#8230; Co to b\u0119dzie?&#8230; &nbsp; &nbsp; &nbsp;A u nas &#8211; wszystko w porz\u0105dku, atmosfera rewelacyjna, go\u015bcinno\u015b\u0107 naszych Drogich Gospodarzy, jak zawsze, na najwy\u017cszym poziomie. Dzie\u0144 dzisiejszy up\u0142ynie nam na [&hellip;]","og_url":"https:\/\/gaudiumetspes-blog.pl\/index.php\/2013\/07\/28\/jak-sie-kulturalnie-targowac-z-bogie\/","og_site_name":"Gaudium Et Spes","article_published_time":"2013-07-28T03:22:00+00:00","article_modified_time":"2019-07-31T10:54:08+00:00","author":"Ks. Jacek","twitter_card":"summary_large_image","twitter_misc":{"Napisane przez":"Ks. Jacek","Szacowany czas czytania":"12 minut"},"schema":{"@context":"https:\/\/schema.org","@graph":[{"@type":"WebPage","@id":"https:\/\/gaudiumetspes-blog.pl\/index.php\/2013\/07\/28\/jak-sie-kulturalnie-targowac-z-bogie\/","url":"https:\/\/gaudiumetspes-blog.pl\/index.php\/2013\/07\/28\/jak-sie-kulturalnie-targowac-z-bogie\/","name":"Jak si\u0119 kulturalnie... targowa\u0107 z Bogiem? - Gaudium Et Spes","isPartOf":{"@id":"https:\/\/gaudiumetspes-blog.pl\/#website"},"datePublished":"2013-07-28T03:22:00+00:00","dateModified":"2019-07-31T10:54:08+00:00","author":{"@id":"https:\/\/gaudiumetspes-blog.pl\/#\/schema\/person\/1661982992b752dea8dff0d4ed845a65"},"breadcrumb":{"@id":"https:\/\/gaudiumetspes-blog.pl\/index.php\/2013\/07\/28\/jak-sie-kulturalnie-targowac-z-bogie\/#breadcrumb"},"inLanguage":"pl-PL","potentialAction":[{"@type":"ReadAction","target":["https:\/\/gaudiumetspes-blog.pl\/index.php\/2013\/07\/28\/jak-sie-kulturalnie-targowac-z-bogie\/"]}]},{"@type":"BreadcrumbList","@id":"https:\/\/gaudiumetspes-blog.pl\/index.php\/2013\/07\/28\/jak-sie-kulturalnie-targowac-z-bogie\/#breadcrumb","itemListElement":[{"@type":"ListItem","position":1,"name":"Strona g\u0142\u00f3wna","item":"https:\/\/gaudiumetspes-blog.pl\/"},{"@type":"ListItem","position":2,"name":"Jak si\u0119 kulturalnie&#8230; targowa\u0107 z&nbsp;Bogiem?"}]},{"@type":"WebSite","@id":"https:\/\/gaudiumetspes-blog.pl\/#website","url":"https:\/\/gaudiumetspes-blog.pl\/","name":"Gaudium Et Spes","description":"Blog Ks. Jacka Ja\u015bkowskiego","potentialAction":[{"@type":"SearchAction","target":{"@type":"EntryPoint","urlTemplate":"https:\/\/gaudiumetspes-blog.pl\/?s={search_term_string}"},"query-input":{"@type":"PropertyValueSpecification","valueRequired":true,"valueName":"search_term_string"}}],"inLanguage":"pl-PL"},{"@type":"Person","@id":"https:\/\/gaudiumetspes-blog.pl\/#\/schema\/person\/1661982992b752dea8dff0d4ed845a65","name":"Ks. Jacek","image":{"@type":"ImageObject","inLanguage":"pl-PL","@id":"https:\/\/gaudiumetspes-blog.pl\/#\/schema\/person\/image\/","url":"https:\/\/gaudiumetspes-blog.pl\/wp-content\/uploads\/2019\/07\/avatar-JJ-150x150.jpg","contentUrl":"https:\/\/gaudiumetspes-blog.pl\/wp-content\/uploads\/2019\/07\/avatar-JJ-150x150.jpg","caption":"Ks. Jacek"},"description":"Witam serdecznie! K\u0142ania si\u0119 Ks. Jacek Ja\u015bkowski. Nie jestem ani kim\u015b wa\u017cnym, ani kim\u015b znanym. Jestem ksi\u0119dzem, kt\u00f3ry po prostu chce rozmawia\u0107. Codzienna kap\u0142a\u0144ska pos\u0142uga pokazuje mi, \u017ce temat\u00f3w do rozm\u00f3w z ksi\u0119dzem jest coraz wi\u0119cej i dzisiaj \u017caden ksi\u0105dz nie mo\u017ce od nich ucieka\u0107, ale - wprost przeciwnie - podejmowa\u0107 nowe wyzwania. To przekonanie sk\u0142oni\u0142o mnie do pr\u00f3by otwarcia tego\u017c bloga, chocia\u017c okazji do rozm\u00f3w na co dzie\u0144 - w konfesjonale i poza nim - na szcz\u0119\u015bcie nie brakuje. My\u015bl\u0119 jednak, \u017ce ten blog b\u0119dzie jeszcze jednym sposobem i przestrzeni\u0105 nawi\u0105zania kontaktu z lud\u017ami dobrej woli, otwartymi na dialog.","url":"https:\/\/gaudiumetspes-blog.pl\/index.php\/author\/ks-jacek\/"}]}},"jetpack_featured_media_url":"","jetpack_sharing_enabled":true,"_links":{"self":[{"href":"https:\/\/gaudiumetspes-blog.pl\/index.php\/wp-json\/wp\/v2\/posts\/9050","targetHints":{"allow":["GET"]}}],"collection":[{"href":"https:\/\/gaudiumetspes-blog.pl\/index.php\/wp-json\/wp\/v2\/posts"}],"about":[{"href":"https:\/\/gaudiumetspes-blog.pl\/index.php\/wp-json\/wp\/v2\/types\/post"}],"author":[{"embeddable":true,"href":"https:\/\/gaudiumetspes-blog.pl\/index.php\/wp-json\/wp\/v2\/users\/1"}],"replies":[{"embeddable":true,"href":"https:\/\/gaudiumetspes-blog.pl\/index.php\/wp-json\/wp\/v2\/comments?post=9050"}],"version-history":[{"count":1,"href":"https:\/\/gaudiumetspes-blog.pl\/index.php\/wp-json\/wp\/v2\/posts\/9050\/revisions"}],"predecessor-version":[{"id":11164,"href":"https:\/\/gaudiumetspes-blog.pl\/index.php\/wp-json\/wp\/v2\/posts\/9050\/revisions\/11164"}],"wp:attachment":[{"href":"https:\/\/gaudiumetspes-blog.pl\/index.php\/wp-json\/wp\/v2\/media?parent=9050"}],"wp:term":[{"taxonomy":"category","embeddable":true,"href":"https:\/\/gaudiumetspes-blog.pl\/index.php\/wp-json\/wp\/v2\/categories?post=9050"},{"taxonomy":"post_tag","embeddable":true,"href":"https:\/\/gaudiumetspes-blog.pl\/index.php\/wp-json\/wp\/v2\/tags?post=9050"}],"curies":[{"name":"wp","href":"https:\/\/api.w.org\/{rel}","templated":true}]}}