{"id":9054,"date":"2013-07-24T05:26:00","date_gmt":"2013-07-24T03:26:00","guid":{"rendered":"https:\/\/gaudiumetspes-blog.pl\/index.php\/2013\/07\/24\/jak-nie-zmarnowac-bozego-siewu\/"},"modified":"2019-07-31T12:54:07","modified_gmt":"2019-07-31T10:54:07","slug":"jak-nie-zmarnowac-bozego-siewu","status":"publish","type":"post","link":"https:\/\/gaudiumetspes-blog.pl\/index.php\/2013\/07\/24\/jak-nie-zmarnowac-bozego-siewu\/","title":{"rendered":"Jak nie zmarnowa\u0107 Bo\u017cego siewu?&#8230;"},"content":{"rendered":"<div align=\"JUSTIFY\" style=\"margin-bottom: 0cm;\">\nSzcz\u0119\u015b\u0107 Bo\u017ce! Kochani, pozdrawiam &#8211; w kolejnym dniu pobytu &#8211; ze Szklarskiej Por\u0119by. Wczoraj wdrapali\u015bmy si\u0119 na Zamek Chojnik, dzisiaj przewidujemy zdobycie Szrenicy i \u015anie\u017cnych Kot\u0142\u00f3w &#8211; jak B\u00f3g pozwoli. Pogoda &#8211; wyborna! Ta w sercach &#8211; r\u00f3wnie\u017c!<\/div>\n<div align=\"JUSTIFY\" style=\"margin-bottom: 0cm;\">\n&nbsp; &nbsp; Bardzo si\u0119 ucieszy\u0142em z wczorajszego wpisu Daniela z \u017belechowa. Naturalnie, ciesz\u0119 si\u0119 ogromnie ze wszystkich wypowiedzi, z tej systematycznej pos\u0142ugi naszych &#8222;sta\u0142ych Komentator\u00f3w&#8221;, ale tak\u0105 du\u017c\u0105 rado\u015b\u0107 budzi fakt, \u017ce odezwie si\u0119 kto\u015b po latach, kto napisze co\u015b z serca, albo czym\u015b dobrym si\u0119 podzieli. Dzi\u0119kuj\u0119 bardzo Danielowi i licz\u0119 na Jego sta\u0142\u0105 obecno\u015b\u0107.<\/div>\n<div align=\"JUSTIFY\" style=\"margin-bottom: 0cm;\">\n&nbsp; &nbsp; &nbsp;A Wam, Kochani, polecam Jego wypowied\u017a. Zechciejcie si\u0119 do niej odnie\u015b\u0107. Ja te\u017c to zrobi\u0119.<\/div>\n<div align=\"JUSTIFY\" style=\"margin-bottom: 0cm;\">\n&nbsp; &nbsp; &nbsp; &nbsp; &nbsp; &nbsp;Gaudium et spes! &nbsp;Ks. Jacek<\/div>\n<div align=\"JUSTIFY\" style=\"margin-bottom: 0cm;\">\n<b><br \/><\/b><\/div>\n<div align=\"JUSTIFY\" style=\"margin-bottom: 0cm;\">\n<b>Wspomnienie<br \/>\n\u015aw. Kingi, Dziewicy,<\/b><\/div>\n<div align=\"JUSTIFY\" style=\"margin-bottom: 0cm;\">\n<b>do<br \/>\nczyta\u0144:  Wj 16,1\u20135.9\u201315;  Mt 13,1\u20139<\/b><\/div>\n<div align=\"JUSTIFY\" style=\"margin-bottom: 0cm;\">\n<\/div>\n<div align=\"JUSTIFY\" style=\"margin-bottom: 0cm; page-break-before: auto;\">\n<b>CZYTANIE<br \/>\nZ KSI\u0118GI WYJ\u015aCIA:<\/b><\/div>\n<div align=\"JUSTIFY\" style=\"margin-bottom: 0cm; text-indent: 1.24cm;\">\n<b>Synowie<br \/>\nIzraela wyruszyli z Elim. Przyby\u0142o za\u015b ca\u0142e zgromadzenie syn\u00f3w<br \/>\nIzraela na pustyni\u0119 Sin, po\u0142o\u017con\u0105 mi\u0119dzy Elim a Synajem,<br \/>\npi\u0119tnastego dnia drugiego miesi\u0105ca od ich wyj\u015bcia z ziemi<br \/>\negipskiej. <\/b>\n<\/div>\n<div align=\"JUSTIFY\" style=\"margin-bottom: 0cm; text-indent: 1.24cm;\">\n<b>I<br \/>\nzacz\u0119\u0142o szemra\u0107 na pustyni ca\u0142e zgromadzenie syn\u00f3w Izraela<br \/>\nprzeciw Moj\u017ceszowi i przeciw Aaronowi. Synowie Izraela m\u00f3wili im:<br \/>\n\u201eOby\u015bmy pomarli z r\u0119ki Pana w ziemi egipskiej, gdzie\u015bmy<br \/>\nzasiadali przed garnkami mi\u0119sa i jadali chleb do syto\u015bci!<br \/>\nWyprowadzili\u015bcie nas na t\u0119 pustyni\u0119, aby g\u0142odem umorzy\u0107 ca\u0142\u0105<br \/>\nt\u0119 rzesz\u0119\u201d. <\/b>\n<\/div>\n<div align=\"JUSTIFY\" style=\"margin-bottom: 0cm; text-indent: 1.24cm;\">\n<b>Pan<br \/>\npowiedzia\u0142 w\u00f3wczas do Moj\u017cesza: \u201eOto ze\u015bl\u0119 wam chleb z nieba,<br \/>\nna kszta\u0142t deszczu. I b\u0119dzie wychodzi\u0142 lud, i ka\u017cdego dnia b\u0119dzie<br \/>\nzbiera\u0142 wed\u0142ug potrzeby dziennej. Chc\u0119 ich tak\u017ce do\u015bwiadczy\u0107,<br \/>\nczy p\u00f3jd\u0105 za moimi rozkazami, czy te\u017c nie. Lecz w dniu sz\u00f3stym<br \/>\nzrobi\u0105 zapas tego, co przynios\u0105, a b\u0119dzie podw\u00f3jna ilo\u015b\u0107 tego,<br \/>\nco b\u0119d\u0105 zbiera\u0107 codziennie\u201d. <\/b>\n<\/div>\n<div align=\"JUSTIFY\" style=\"margin-bottom: 0cm; text-indent: 1.24cm;\">\n<b>Moj\u017cesz<br \/>\nrzek\u0142 do Aarona: \u201ePowiedz ca\u0142emu zgromadzeniu syn\u00f3w Izraela:<br \/>\n\u00abZbli\u017ccie si\u0119 do Pana, gdy\u017c s\u0142ysza\u0142 wasze szemrania\u00bb\u201d. W<br \/>\nczasie przemowy Aarona do ca\u0142ego zgromadzenia syn\u00f3w Izraela<br \/>\nspojrzeli ku pustyni i ukaza\u0142a si\u0119 im chwa\u0142a Pana w ob\u0142oku. <\/b>\n<\/div>\n<div align=\"JUSTIFY\" style=\"margin-bottom: 0cm; text-indent: 1.24cm;\">\n<b>I<br \/>\nprzem\u00f3wi\u0142 Pan do Moj\u017cesza tymi s\u0142owami: \u201eS\u0142ysza\u0142em szemranie<br \/>\nsyn\u00f3w Izraela. Powiedz im tak: \u00abO zmierzchu b\u0119dziecie je\u015b\u0107<br \/>\nmi\u0119so; a rano nasycicie si\u0119 chlebem. Poznacie wtedy, \u017ce Ja, Pan,<br \/>\njestem waszym Bogiem\u00bb\u201d. <\/b>\n<\/div>\n<div align=\"JUSTIFY\" style=\"margin-bottom: 0cm; text-indent: 1.24cm;\">\n<b>Rzeczywi\u015bcie<br \/>\nwieczorem przylecia\u0142y przepi\u00f3rki i pokry\u0142y ob\u00f3z, a nazajutrz rano<br \/>\nwarstwa rosy le\u017ca\u0142a doko\u0142a obozu. Gdy si\u0119 warstwa rosy unios\u0142a<br \/>\nku g\u00f3rze, w\u00f3wczas na pustyni pozosta\u0142o co\u015b drobnego, ziarnistego,<br \/>\nniby szron na ziemi. Na widok tego synowie Izraela pytali si\u0119<br \/>\nwzajemnie: \u201eManhu?\u201d, to znaczy: \u201eco to jest?\u201d \u2013 gdy\u017c nie<br \/>\nwiedzieli, co to by\u0142o. Wtedy powiedzia\u0142 do nich Moj\u017cesz: \u201eTo<br \/>\njest chleb, kt\u00f3ry daje wam Pan na pokarm\u201d.<\/b><\/div>\n<div align=\"JUSTIFY\" style=\"margin-bottom: 0cm;\">\n<\/div>\n<div align=\"JUSTIFY\" style=\"margin-bottom: 0cm;\">\n<b>S\u0141OWA<br \/>\nEWANGELII WED\u0141UG \u015aWI\u0118TEGO MATEUSZA: <\/b>\n<\/div>\n<div align=\"JUSTIFY\" style=\"margin-bottom: 0cm; text-indent: 1.24cm;\">\n<b>Tego<br \/>\ndnia Jezus wyszed\u0142 z domu i usiad\u0142 nad jeziorem. Wnet zebra\u0142y si\u0119<br \/>\nko\u0142o Niego t\u0142umy tak wielkie, \u017ce wszed\u0142 do \u0142odzi i usiad\u0142, a<br \/>\nca\u0142y lud sta\u0142 na brzegu. I m\u00f3wi\u0142 im wiele w przypowie\u015bciach tymi<br \/>\ns\u0142owami: <\/b>\n<\/div>\n<div align=\"JUSTIFY\" style=\"margin-bottom: 0cm; text-indent: 1.24cm;\">\n\u201e<b>Oto<br \/>\nsiewca wyszed\u0142 sia\u0107. A gdy sia\u0142, niekt\u00f3re ziarna pad\u0142y na drog\u0119,<br \/>\nnadlecia\u0142y ptaki i wydzioba\u0142y je. Inne pad\u0142y na miejsca skaliste,<br \/>\ngdzie niewiele mia\u0142y ziemi; i wnet powschodzi\u0142y, bo gleba nie by\u0142a<br \/>\ng\u0142\u0119boka. Lecz gdy s\u0142o\u0144ce wzesz\u0142o, przypali\u0142y si\u0119 i usch\u0142y, bo<br \/>\nnie mia\u0142y korzenia. Inne znowu pad\u0142y mi\u0119dzy ciernie, a ciernie<br \/>\nwybuja\u0142y i zag\u0142uszy\u0142y je. Inne w ko\u0144cu pad\u0142y na ziemi\u0119 \u017cyzn\u0105<br \/>\ni plon wyda\u0142y, jedno stokrotny, drugie sze\u015b\u0107dziesi\u0119ciokrotny, a<br \/>\ninne trzydziestokrotny. Kto ma uszy, niechaj s\u0142ucha\u201d.<\/b><\/div>\n<div align=\"JUSTIFY\" style=\"margin-bottom: 0cm;\">\n<\/div>\n<div align=\"JUSTIFY\" style=\"margin-bottom: 0cm; text-indent: 1.24cm;\">\nPatronka<br \/>\ndnia dzisiejszego, <b>Kinga,<br \/>\nurodzi\u0142a si\u0119 w roku 1234<\/b><br \/>\njako c\u00f3rka kr\u00f3la w\u0119gierskiego Beli IV. By\u0142a siostr\u0105 \u015awi\u0119tej<br \/>\nMa\u0142gorzaty W\u0119gierskiej i B\u0142ogos\u0142awionej Jolanty. Zosta\u0142a <b>\u017con\u0105<br \/>\nBoles\u0142awa Wstydliwego,<\/b><br \/>\nz kt\u00f3rym wsp\u00f3\u0142dzieli\u0142a dole i niedole d\u0142ugiego i trudnego<br \/>\npanowania, b\u0119d\u0105c <b>prawdziw\u0105<br \/>\nmatk\u0105 biednych i wszystkich strapionych.<\/b><br \/>\nPo \u015bmierci m\u0119\u017ca wst\u0105pi\u0142a do ufundowanego przez siebie klasztoru<br \/>\nklarysek w Starym S\u0105czu, \u0142\u0105cz\u0105c z duchem surowej pokuty<br \/>\nwewn\u0119trzn\u0105 franciszka\u0144sk\u0105 rado\u015b\u0107 doskona\u0142\u0105 z cierpie\u0144 i<br \/>\ntrudno\u015bci \u017cyciowych. <b>Zmar\u0142a<br \/>\nw Starym S\u0105czu 24 lipca 1292 roku.<\/b><br \/>\nKult jej rozpocz\u0105\u0142 si\u0119 zaraz po \u015bmierci.\n<\/div>\n<div align=\"JUSTIFY\" style=\"margin-bottom: 0cm; text-indent: 1.24cm;\">\nA<br \/>\noto my dzisiaj, s\u0142uchaj\u0105c z uwag\u0105 czyta\u0144 mszalnych, zauwa\u017camy,<br \/>\n\u017ce tak\u0105 ich my\u015bl\u0105 przewodni\u0105 i \u0142\u0105cz\u0105c\u0105 oba teksty jest <b>motyw<br \/>\nsiewu. <\/b>Bardzo<br \/>\nwyra\u017anie s\u0142yszymy to w Ewangelii, w kt\u00f3rej wprost jest to<br \/>\npowiedziane, przy czym oczywi\u015bcie mamy do czynienia z przypowie\u015bci\u0105,<br \/>\nbo <b>nie<br \/>\no siew ziarna jako takiego tutaj chodzi\u0142o. <\/b>Jakkolwiek<br \/>\nbowiem dzisiaj<br \/>\nnie<br \/>\nus\u0142yszeli\u015bmy<br \/>\nwyja\u015bnie\u0144 Jezusa, dotycz\u0105cych tej Jego przypowie\u015bci, to jednak<br \/>\nwiemy, \u017ce <b>chodzi<br \/>\no siew ziarna Bo\u017cego S\u0142owa,<\/b><br \/>\nkt\u00f3re w jednym ludzkim sercu napotyka nie ziemi\u0119 \u017cyzn\u0105, podczas<br \/>\nkiedy w drugim \u2013 na ziemi\u0119 skalist\u0105.\n<\/div>\n<div align=\"JUSTIFY\" style=\"margin-bottom: 0cm; text-indent: 1.24cm;\">\nW<br \/>\npierwszym czytaniu te\u017c jest<br \/>\nmowa<br \/>\no siewie, ale takim bardzo specyficznym. Oto bowiem B\u00f3g <b>zasiewa<br \/>\nna ziemi pustynnej ziarno manny<\/b><br \/>\n\u2013 tego pokarmu, kt\u00f3rym krzepi\u0142 lud w\u0119druj\u0105cy przez pustyni\u0119. I<br \/>\noczywi\u015bcie \u2013 tu tak\u017ce nie chodzi o siew w sensie dos\u0142ownym,<br \/>\nbowiem <b>nie<br \/>\npo to B\u00f3g zes\u0142a\u0142 ten dar na ziemi\u0119, aby na pustyni mia\u0142o<br \/>\ncokolwiek z niego wyrosn\u0105\u0107,<\/b><br \/>\nale rzucaj\u0105c go na ziemi\u0119 pustynn\u0105, niejako dokona\u0142 zasiewu w<br \/>\nsercach Izraelit\u00f3w \u2013 <b>siewu<br \/>\nswojej mi\u0142o\u015bci i troski o nich.<\/b><br \/>\nWiemy \u2013 niestety! \u2013 \u017ce i w tym przypadku ich serca okazywa\u0142y<br \/>\nsi\u0119 tak\u0105 <b>ziemi\u0105<br \/>\nskalist\u0105,<\/b><br \/>\nbo kiedy ju\u017c troch\u0119 po\u017cywili si\u0119 owym pokarmem, to zamiast<br \/>\ndzi\u0119kowa\u0107 Bogu i cieszy\u0107 si\u0119, \u017ce nie s\u0105 g\u0142odni, \u017ce w og\u00f3le<br \/>\nmog\u0105 prze\u017cy\u0107 kolejne dni i mie\u0107 si\u0142y do dalszej w\u0119dr\u00f3wki \u2013<br \/>\n<b>to<br \/>\noni narzekali i zg\u0142aszali pretensje, \u017ce znudzi\u0142 si\u0119 im ju\u017c ten<br \/>\npokarm mizerny.<\/b><\/div>\n<div align=\"JUSTIFY\" style=\"margin-bottom: 0cm; text-indent: 1.24cm;\">\nTak<br \/>\nto ju\u017c bowiem jest, moi Drodzy, \u017ce B\u00f3g <b>naprawd\u0119<br \/>\nnas obdarowuje, a my cz\u0119sto nawet tego nie zauwa\u017camy.<\/b><br \/>\nJu\u017c nie m\u00f3wi\u0105c o tym, \u017ceby\u015bmy zawsze pami\u0119tali o podzi\u0119kowaniu<br \/>\n\u2013 my <b>nawet<br \/>\nnie zauwa\u017camy, \u017ce \u2013 i jak bardzo \u2013 jeste\u015bmy obdarowywani. <\/b>Po<br \/>\nprostu \u2013 pewne sytuacje<br \/>\ni pewne rzeczy<br \/>\nuwa\u017camy za tak oczywiste i wr\u0119cz konieczne, \u017ce<br \/>\nnie u\u015bwiadamiamy sobie, i\u017c s\u0105 one Bo\u017cym darem dla nas.\n<\/div>\n<div align=\"JUSTIFY\" style=\"margin-bottom: 0cm; text-indent: 1.24cm;\">\nTak<br \/>\njest chocia\u017cby z najbli\u017cszymi cz\u0142onkami naszej rodziny oraz tymi<br \/>\nwszystkimi osobami, z kt\u00f3rymi na co dzie\u0144 \u017cyjemy: <b>czy<br \/>\ndzi\u0119kujemy Bogu za nich?<\/b><br \/>\nCzy u\u015bwiadamiamy sobie, jak wielkim s\u0105 oni dla nas darem? Czy mo\u017ce<br \/>\n<b>dopiero<br \/>\nw\u00f3wczas to do nas dociera, kiedy ich zabraknie?\u2026 <\/b>\n<\/div>\n<div align=\"JUSTIFY\" style=\"margin-bottom: 0cm; text-indent: 1.24cm;\">\nA<br \/>\nczy to, \u017ce mo\u017ce nawet nie jeste\u015bmy za bogaci i nie \u201eprzelewa<br \/>\nsi\u0119\u201d nam, albo nawet mo\u017ce mamy jakie\u015b problemy z ogarni\u0119ciem<br \/>\nwszystkiego \u201eod pierwszego do pierwszego\u201d, <b>ale<br \/>\njednak nie jeste\u015bmy g\u0142odni i jako takim zdrowiem si\u0119 cieszymy<\/b><br \/>\n\u2013 czy\u017c to nie jest znakiem Bo\u017cej opieki?\n<\/div>\n<div align=\"JUSTIFY\" style=\"margin-bottom: 0cm; text-indent: 1.24cm;\">\nA<br \/>\ntak\u017ce fakt, \u017ce na wyci\u0105gni\u0119cie r\u0119ki mamy do dyspozycji ko\u015bci\u00f3\u0142,<br \/>\nw kt\u00f3rym codziennie sprawowana jest Msza \u015awi\u0119ta, a tak\u017ce <b>z<br \/>\n\u0142atwo\u015bci\u0105 odnajdujemy tam kap\u0142ana, czekaj\u0105cego na nas w<br \/>\nkonfesjonale,<\/b><br \/>\naby w razie potrzeby pojedna\u0107 nas z Bogiem; oraz \u017ce mamy sta\u0142\u0105<br \/>\n<b>mo\u017cliwo\u015b\u0107<br \/>\nkorzystania z innych Sakrament\u00f3w, jak r\u00f3wnie\u017c mo\u017cliwo\u015b\u0107<br \/>\ns\u0142uchania Bo\u017cego S\u0142owa, mo\u017cliwo\u015b\u0107 modlitwy<\/b><br \/>\n\u2013 czy\u017c to nie s\u0105 wielkie Bo\u017ce dary? Czy dzi\u0119kujemy za nie?<\/div>\n<div align=\"JUSTIFY\" style=\"margin-bottom: 0cm; text-indent: 1.24cm;\">\nKochani,<br \/>\nB\u00f3g sieje <b>obficie<br \/>\nziarno swojej mi\u0142o\u015bci. <\/b>Sieje<br \/>\ngo du\u017co, sieje codziennie, <b>nigdy<br \/>\nniczego cz\u0142owiekowi nie wylicza.<\/b><br \/>\nI mo\u017cna podej\u015b\u0107 do tego faktu tak, jak podesz\u0142a dzisiejsza<br \/>\nPatronka, kt\u00f3ra z dar\u00f3w, otrzymanych z r\u0119ki Bo\u017cej, zrobi\u0142a<br \/>\n<b>najlepszy,<br \/>\njaki tylko mog\u0142a, u\u017cytek.<\/b><br \/>\nMo\u017cna w\u0142a\u015bnie tak.<\/div>\n<div align=\"JUSTIFY\" style=\"margin-bottom: 0cm; text-indent: 1.24cm;\">\n<b>A<br \/>\nmo\u017cna tymi darami si\u0119 po prostu znudzi\u0107 i je zlekcewa\u017cy\u0107.<\/b><br \/>\nNie wiem, czy mo\u017ce si\u0119 cz\u0142owiekowi zdarzy\u0107 wi\u0119ksze nieszcz\u0119\u015bcie<br \/>\ni wi\u0119kszy dramat\u2026<\/div>\n","protected":false},"excerpt":{"rendered":"<p>Szcz\u0119\u015b\u0107 Bo\u017ce! Kochani, pozdrawiam &#8211; w kolejnym dniu pobytu &#8211; ze Szklarskiej Por\u0119by. Wczoraj wdrapali\u015bmy si\u0119 na Zamek Chojnik, dzisiaj przewidujemy zdobycie Szrenicy i \u015anie\u017cnych Kot\u0142\u00f3w &#8211; jak B\u00f3g pozwoli. Pogoda &#8211; wyborna! Ta w sercach &#8211; r\u00f3wnie\u017c! &nbsp; &nbsp; Bardzo si\u0119 ucieszy\u0142em z wczorajszego wpisu Daniela z \u017belechowa. Naturalnie, ciesz\u0119 si\u0119 ogromnie ze wszystkich [&hellip;]<\/p>\n","protected":false},"author":1,"featured_media":0,"comment_status":"open","ping_status":"open","sticky":false,"template":"","format":"standard","meta":{"jetpack_post_was_ever_published":false,"_jetpack_newsletter_access":"","_jetpack_dont_email_post_to_subs":false,"_jetpack_newsletter_tier_id":0,"_jetpack_memberships_contains_paywalled_content":false,"_jetpack_memberships_contains_paid_content":false,"footnotes":""},"categories":[1],"tags":[],"class_list":["post-9054","post","type-post","status-publish","format-standard","hentry","category-bez-kategorii"],"yoast_head":"<!-- This site is optimized with the Yoast SEO plugin v25.1 - https:\/\/yoast.com\/wordpress\/plugins\/seo\/ -->\n<title>Jak nie zmarnowa\u0107 Bo\u017cego siewu?... - Gaudium Et Spes<\/title>\n<meta name=\"robots\" content=\"index, follow, max-snippet:-1, max-image-preview:large, max-video-preview:-1\" \/>\n<link rel=\"canonical\" href=\"https:\/\/gaudiumetspes-blog.pl\/index.php\/2013\/07\/24\/jak-nie-zmarnowac-bozego-siewu\/\" \/>\n<meta property=\"og:locale\" content=\"pl_PL\" \/>\n<meta property=\"og:type\" content=\"article\" \/>\n<meta property=\"og:title\" content=\"Jak nie zmarnowa\u0107 Bo\u017cego siewu?... - Gaudium Et Spes\" \/>\n<meta property=\"og:description\" content=\"Szcz\u0119\u015b\u0107 Bo\u017ce! Kochani, pozdrawiam &#8211; w kolejnym dniu pobytu &#8211; ze Szklarskiej Por\u0119by. Wczoraj wdrapali\u015bmy si\u0119 na Zamek Chojnik, dzisiaj przewidujemy zdobycie Szrenicy i \u015anie\u017cnych Kot\u0142\u00f3w &#8211; jak B\u00f3g pozwoli. Pogoda &#8211; wyborna! Ta w sercach &#8211; r\u00f3wnie\u017c! &nbsp; &nbsp; Bardzo si\u0119 ucieszy\u0142em z wczorajszego wpisu Daniela z \u017belechowa. Naturalnie, ciesz\u0119 si\u0119 ogromnie ze wszystkich [&hellip;]\" \/>\n<meta property=\"og:url\" content=\"https:\/\/gaudiumetspes-blog.pl\/index.php\/2013\/07\/24\/jak-nie-zmarnowac-bozego-siewu\/\" \/>\n<meta property=\"og:site_name\" content=\"Gaudium Et Spes\" \/>\n<meta property=\"article:published_time\" content=\"2013-07-24T03:26:00+00:00\" \/>\n<meta property=\"article:modified_time\" content=\"2019-07-31T10:54:07+00:00\" \/>\n<meta name=\"author\" content=\"Ks. Jacek\" \/>\n<meta name=\"twitter:card\" content=\"summary_large_image\" \/>\n<meta name=\"twitter:label1\" content=\"Napisane przez\" \/>\n\t<meta name=\"twitter:data1\" content=\"Ks. Jacek\" \/>\n\t<meta name=\"twitter:label2\" content=\"Szacowany czas czytania\" \/>\n\t<meta name=\"twitter:data2\" content=\"7 minut\" \/>\n<script type=\"application\/ld+json\" class=\"yoast-schema-graph\">{\"@context\":\"https:\/\/schema.org\",\"@graph\":[{\"@type\":\"WebPage\",\"@id\":\"https:\/\/gaudiumetspes-blog.pl\/index.php\/2013\/07\/24\/jak-nie-zmarnowac-bozego-siewu\/\",\"url\":\"https:\/\/gaudiumetspes-blog.pl\/index.php\/2013\/07\/24\/jak-nie-zmarnowac-bozego-siewu\/\",\"name\":\"Jak nie zmarnowa\u0107 Bo\u017cego siewu?... - Gaudium Et Spes\",\"isPartOf\":{\"@id\":\"https:\/\/gaudiumetspes-blog.pl\/#website\"},\"datePublished\":\"2013-07-24T03:26:00+00:00\",\"dateModified\":\"2019-07-31T10:54:07+00:00\",\"author\":{\"@id\":\"https:\/\/gaudiumetspes-blog.pl\/#\/schema\/person\/1661982992b752dea8dff0d4ed845a65\"},\"breadcrumb\":{\"@id\":\"https:\/\/gaudiumetspes-blog.pl\/index.php\/2013\/07\/24\/jak-nie-zmarnowac-bozego-siewu\/#breadcrumb\"},\"inLanguage\":\"pl-PL\",\"potentialAction\":[{\"@type\":\"ReadAction\",\"target\":[\"https:\/\/gaudiumetspes-blog.pl\/index.php\/2013\/07\/24\/jak-nie-zmarnowac-bozego-siewu\/\"]}]},{\"@type\":\"BreadcrumbList\",\"@id\":\"https:\/\/gaudiumetspes-blog.pl\/index.php\/2013\/07\/24\/jak-nie-zmarnowac-bozego-siewu\/#breadcrumb\",\"itemListElement\":[{\"@type\":\"ListItem\",\"position\":1,\"name\":\"Strona g\u0142\u00f3wna\",\"item\":\"https:\/\/gaudiumetspes-blog.pl\/\"},{\"@type\":\"ListItem\",\"position\":2,\"name\":\"Jak nie&nbsp;zmarnowa\u0107 Bo\u017cego siewu?&#8230;\"}]},{\"@type\":\"WebSite\",\"@id\":\"https:\/\/gaudiumetspes-blog.pl\/#website\",\"url\":\"https:\/\/gaudiumetspes-blog.pl\/\",\"name\":\"Gaudium Et Spes\",\"description\":\"Blog Ks. Jacka Ja\u015bkowskiego\",\"potentialAction\":[{\"@type\":\"SearchAction\",\"target\":{\"@type\":\"EntryPoint\",\"urlTemplate\":\"https:\/\/gaudiumetspes-blog.pl\/?s={search_term_string}\"},\"query-input\":{\"@type\":\"PropertyValueSpecification\",\"valueRequired\":true,\"valueName\":\"search_term_string\"}}],\"inLanguage\":\"pl-PL\"},{\"@type\":\"Person\",\"@id\":\"https:\/\/gaudiumetspes-blog.pl\/#\/schema\/person\/1661982992b752dea8dff0d4ed845a65\",\"name\":\"Ks. Jacek\",\"image\":{\"@type\":\"ImageObject\",\"inLanguage\":\"pl-PL\",\"@id\":\"https:\/\/gaudiumetspes-blog.pl\/#\/schema\/person\/image\/\",\"url\":\"https:\/\/gaudiumetspes-blog.pl\/wp-content\/uploads\/2019\/07\/avatar-JJ-150x150.jpg\",\"contentUrl\":\"https:\/\/gaudiumetspes-blog.pl\/wp-content\/uploads\/2019\/07\/avatar-JJ-150x150.jpg\",\"caption\":\"Ks. Jacek\"},\"description\":\"Witam serdecznie! K\u0142ania si\u0119 Ks. Jacek Ja\u015bkowski. Nie jestem ani kim\u015b wa\u017cnym, ani kim\u015b znanym. Jestem ksi\u0119dzem, kt\u00f3ry po prostu chce rozmawia\u0107. Codzienna kap\u0142a\u0144ska pos\u0142uga pokazuje mi, \u017ce temat\u00f3w do rozm\u00f3w z ksi\u0119dzem jest coraz wi\u0119cej i dzisiaj \u017caden ksi\u0105dz nie mo\u017ce od nich ucieka\u0107, ale - wprost przeciwnie - podejmowa\u0107 nowe wyzwania. To przekonanie sk\u0142oni\u0142o mnie do pr\u00f3by otwarcia tego\u017c bloga, chocia\u017c okazji do rozm\u00f3w na co dzie\u0144 - w konfesjonale i poza nim - na szcz\u0119\u015bcie nie brakuje. My\u015bl\u0119 jednak, \u017ce ten blog b\u0119dzie jeszcze jednym sposobem i przestrzeni\u0105 nawi\u0105zania kontaktu z lud\u017ami dobrej woli, otwartymi na dialog.\",\"url\":\"https:\/\/gaudiumetspes-blog.pl\/index.php\/author\/ks-jacek\/\"}]}<\/script>\n<!-- \/ Yoast SEO plugin. -->","yoast_head_json":{"title":"Jak nie zmarnowa\u0107 Bo\u017cego siewu?... - Gaudium Et Spes","robots":{"index":"index","follow":"follow","max-snippet":"max-snippet:-1","max-image-preview":"max-image-preview:large","max-video-preview":"max-video-preview:-1"},"canonical":"https:\/\/gaudiumetspes-blog.pl\/index.php\/2013\/07\/24\/jak-nie-zmarnowac-bozego-siewu\/","og_locale":"pl_PL","og_type":"article","og_title":"Jak nie zmarnowa\u0107 Bo\u017cego siewu?... - Gaudium Et Spes","og_description":"Szcz\u0119\u015b\u0107 Bo\u017ce! Kochani, pozdrawiam &#8211; w kolejnym dniu pobytu &#8211; ze Szklarskiej Por\u0119by. Wczoraj wdrapali\u015bmy si\u0119 na Zamek Chojnik, dzisiaj przewidujemy zdobycie Szrenicy i \u015anie\u017cnych Kot\u0142\u00f3w &#8211; jak B\u00f3g pozwoli. Pogoda &#8211; wyborna! Ta w sercach &#8211; r\u00f3wnie\u017c! &nbsp; &nbsp; Bardzo si\u0119 ucieszy\u0142em z wczorajszego wpisu Daniela z \u017belechowa. Naturalnie, ciesz\u0119 si\u0119 ogromnie ze wszystkich [&hellip;]","og_url":"https:\/\/gaudiumetspes-blog.pl\/index.php\/2013\/07\/24\/jak-nie-zmarnowac-bozego-siewu\/","og_site_name":"Gaudium Et Spes","article_published_time":"2013-07-24T03:26:00+00:00","article_modified_time":"2019-07-31T10:54:07+00:00","author":"Ks. Jacek","twitter_card":"summary_large_image","twitter_misc":{"Napisane przez":"Ks. Jacek","Szacowany czas czytania":"7 minut"},"schema":{"@context":"https:\/\/schema.org","@graph":[{"@type":"WebPage","@id":"https:\/\/gaudiumetspes-blog.pl\/index.php\/2013\/07\/24\/jak-nie-zmarnowac-bozego-siewu\/","url":"https:\/\/gaudiumetspes-blog.pl\/index.php\/2013\/07\/24\/jak-nie-zmarnowac-bozego-siewu\/","name":"Jak nie zmarnowa\u0107 Bo\u017cego siewu?... - Gaudium Et Spes","isPartOf":{"@id":"https:\/\/gaudiumetspes-blog.pl\/#website"},"datePublished":"2013-07-24T03:26:00+00:00","dateModified":"2019-07-31T10:54:07+00:00","author":{"@id":"https:\/\/gaudiumetspes-blog.pl\/#\/schema\/person\/1661982992b752dea8dff0d4ed845a65"},"breadcrumb":{"@id":"https:\/\/gaudiumetspes-blog.pl\/index.php\/2013\/07\/24\/jak-nie-zmarnowac-bozego-siewu\/#breadcrumb"},"inLanguage":"pl-PL","potentialAction":[{"@type":"ReadAction","target":["https:\/\/gaudiumetspes-blog.pl\/index.php\/2013\/07\/24\/jak-nie-zmarnowac-bozego-siewu\/"]}]},{"@type":"BreadcrumbList","@id":"https:\/\/gaudiumetspes-blog.pl\/index.php\/2013\/07\/24\/jak-nie-zmarnowac-bozego-siewu\/#breadcrumb","itemListElement":[{"@type":"ListItem","position":1,"name":"Strona g\u0142\u00f3wna","item":"https:\/\/gaudiumetspes-blog.pl\/"},{"@type":"ListItem","position":2,"name":"Jak nie&nbsp;zmarnowa\u0107 Bo\u017cego siewu?&#8230;"}]},{"@type":"WebSite","@id":"https:\/\/gaudiumetspes-blog.pl\/#website","url":"https:\/\/gaudiumetspes-blog.pl\/","name":"Gaudium Et Spes","description":"Blog Ks. Jacka Ja\u015bkowskiego","potentialAction":[{"@type":"SearchAction","target":{"@type":"EntryPoint","urlTemplate":"https:\/\/gaudiumetspes-blog.pl\/?s={search_term_string}"},"query-input":{"@type":"PropertyValueSpecification","valueRequired":true,"valueName":"search_term_string"}}],"inLanguage":"pl-PL"},{"@type":"Person","@id":"https:\/\/gaudiumetspes-blog.pl\/#\/schema\/person\/1661982992b752dea8dff0d4ed845a65","name":"Ks. Jacek","image":{"@type":"ImageObject","inLanguage":"pl-PL","@id":"https:\/\/gaudiumetspes-blog.pl\/#\/schema\/person\/image\/","url":"https:\/\/gaudiumetspes-blog.pl\/wp-content\/uploads\/2019\/07\/avatar-JJ-150x150.jpg","contentUrl":"https:\/\/gaudiumetspes-blog.pl\/wp-content\/uploads\/2019\/07\/avatar-JJ-150x150.jpg","caption":"Ks. Jacek"},"description":"Witam serdecznie! K\u0142ania si\u0119 Ks. Jacek Ja\u015bkowski. Nie jestem ani kim\u015b wa\u017cnym, ani kim\u015b znanym. Jestem ksi\u0119dzem, kt\u00f3ry po prostu chce rozmawia\u0107. Codzienna kap\u0142a\u0144ska pos\u0142uga pokazuje mi, \u017ce temat\u00f3w do rozm\u00f3w z ksi\u0119dzem jest coraz wi\u0119cej i dzisiaj \u017caden ksi\u0105dz nie mo\u017ce od nich ucieka\u0107, ale - wprost przeciwnie - podejmowa\u0107 nowe wyzwania. To przekonanie sk\u0142oni\u0142o mnie do pr\u00f3by otwarcia tego\u017c bloga, chocia\u017c okazji do rozm\u00f3w na co dzie\u0144 - w konfesjonale i poza nim - na szcz\u0119\u015bcie nie brakuje. My\u015bl\u0119 jednak, \u017ce ten blog b\u0119dzie jeszcze jednym sposobem i przestrzeni\u0105 nawi\u0105zania kontaktu z lud\u017ami dobrej woli, otwartymi na dialog.","url":"https:\/\/gaudiumetspes-blog.pl\/index.php\/author\/ks-jacek\/"}]}},"jetpack_featured_media_url":"","jetpack_sharing_enabled":true,"_links":{"self":[{"href":"https:\/\/gaudiumetspes-blog.pl\/index.php\/wp-json\/wp\/v2\/posts\/9054","targetHints":{"allow":["GET"]}}],"collection":[{"href":"https:\/\/gaudiumetspes-blog.pl\/index.php\/wp-json\/wp\/v2\/posts"}],"about":[{"href":"https:\/\/gaudiumetspes-blog.pl\/index.php\/wp-json\/wp\/v2\/types\/post"}],"author":[{"embeddable":true,"href":"https:\/\/gaudiumetspes-blog.pl\/index.php\/wp-json\/wp\/v2\/users\/1"}],"replies":[{"embeddable":true,"href":"https:\/\/gaudiumetspes-blog.pl\/index.php\/wp-json\/wp\/v2\/comments?post=9054"}],"version-history":[{"count":1,"href":"https:\/\/gaudiumetspes-blog.pl\/index.php\/wp-json\/wp\/v2\/posts\/9054\/revisions"}],"predecessor-version":[{"id":11160,"href":"https:\/\/gaudiumetspes-blog.pl\/index.php\/wp-json\/wp\/v2\/posts\/9054\/revisions\/11160"}],"wp:attachment":[{"href":"https:\/\/gaudiumetspes-blog.pl\/index.php\/wp-json\/wp\/v2\/media?parent=9054"}],"wp:term":[{"taxonomy":"category","embeddable":true,"href":"https:\/\/gaudiumetspes-blog.pl\/index.php\/wp-json\/wp\/v2\/categories?post=9054"},{"taxonomy":"post_tag","embeddable":true,"href":"https:\/\/gaudiumetspes-blog.pl\/index.php\/wp-json\/wp\/v2\/tags?post=9054"}],"curies":[{"name":"wp","href":"https:\/\/api.w.org\/{rel}","templated":true}]}}