{"id":9060,"date":"2013-07-18T04:20:00","date_gmt":"2013-07-18T02:20:00","guid":{"rendered":"https:\/\/gaudiumetspes-blog.pl\/index.php\/2013\/07\/18\/suchac-boga-czy-nie-suchac\/"},"modified":"2019-07-31T12:54:07","modified_gmt":"2019-07-31T10:54:07","slug":"suchac-boga-czy-nie-suchac","status":"publish","type":"post","link":"https:\/\/gaudiumetspes-blog.pl\/index.php\/2013\/07\/18\/suchac-boga-czy-nie-suchac\/","title":{"rendered":"S\u0142ucha\u0107 Boga &#8211; czy nie s\u0142ucha\u0107?&#8230;"},"content":{"rendered":"<div align=\"JUSTIFY\" style=\"margin-bottom: 0cm;\">\nSzcz\u0119\u015b\u0107 Bo\u017ce! Moi Drodzy, dzisiaj w Celestynowie wielkie \u015bwi\u0119to: przybywa Matka! &nbsp;O 19.30 rozpocznie si\u0119 Msza \u015awi\u0119ta powitalna. A potem &#8211; jak napisa\u0142em w rozwa\u017caniu &#8211; dwadzie\u015bcia cztery godziny intensywnego spotkania. Nie musz\u0119 zaznacza\u0107, \u017ce w tym czasie b\u0119d\u0119 rozmawia\u0142 z Maryj\u0105 i Jej Synem tak\u017ce o Was &#8211; o ca\u0142ej naszej Rodzinie Blogowej i o naszych sprawach, intencjach, problemach, nadziejach&#8230; O wszystkim!<\/div>\n<div align=\"JUSTIFY\" style=\"margin-bottom: 0cm;\">\n<b>&nbsp; &nbsp; A dzisiaj, w dniu imienin mojego Szwagra, Kamila Nied\u017awiedzkiego, przesy\u0142am Mu &#8211; wraz z modlitw\u0105 &#8211; \u017cyczenia nieustannego trwania przy Panu i uwa\u017cnego s\u0142uchania tylko Jego s\u0142owa. Bo wtedy ju\u017c wszystko idzie w dobrym kierunku! Niech Pan sam wspiera mojego Szwagra w realizacji powo\u0142ania ma\u0142\u017ce\u0144skiego i ojcowskiego!<\/b><\/div>\n<div align=\"JUSTIFY\" style=\"margin-bottom: 0cm;\">\n<b>&nbsp; &nbsp; &nbsp; &nbsp; &nbsp;<\/b>Gaudium et spes! &nbsp;Ks. Jacek<\/div>\n<div align=\"JUSTIFY\" style=\"margin-bottom: 0cm;\">\n<b><br \/><\/b><\/div>\n<div align=\"JUSTIFY\" style=\"margin-bottom: 0cm;\">\n<b>Czwartek<br \/>\n15 Tygodnia zwyk\u0142ego, rok I,<\/b><\/div>\n<div align=\"JUSTIFY\" style=\"margin-bottom: 0cm;\">\n<b>do<br \/>\nczyta\u0144:  Wj 3,13\u201320;  Mt 11,28\u201330<\/b><\/div>\n<div align=\"JUSTIFY\" style=\"margin-bottom: 0cm;\">\n<\/div>\n<div align=\"JUSTIFY\" style=\"margin-bottom: 0cm; page-break-before: auto;\">\n<b>CZYTANIE<br \/>\nZ KSI\u0118GI WYJ\u015aCIA: <\/b>\n<\/div>\n<div align=\"JUSTIFY\" style=\"margin-bottom: 0cm; text-indent: 1.24cm;\">\n<b>Moj\u017cesz<br \/>\nrzek\u0142 do Boga: \u201eOto p\u00f3jd\u0119 do syn\u00f3w Izraela i powiem im: \u00abB\u00f3g<br \/>\nojc\u00f3w naszych pos\u0142a\u0142 mnie do was\u00bb. Lecz gdy oni mnie zapytaj\u0105:<br \/>\n\u00abJakie jest Jego imi\u0119?\u00bb, to c\u00f3\u017c im mam powiedzie\u0107?\u201d<br \/>\nOdpowiedzia\u0142 B\u00f3g Moj\u017ceszowi: \u201eJa jestem, kt\u00f3ry jestem\u201d. I<br \/>\ndoda\u0142: \u201eTak powiesz synom Izraela: \u00abJa jestem\u00bb pos\u0142a\u0142 mnie do<br \/>\nwas\u201d. <\/b>\n<\/div>\n<div align=\"JUSTIFY\" style=\"margin-bottom: 0cm; text-indent: 1.24cm;\">\n<b>M\u00f3wi\u0142<br \/>\ndalej B\u00f3g do Moj\u017cesza: \u201eTak powiesz synom Izraela: \u00abPan, B\u00f3g<br \/>\nojc\u00f3w waszych, B\u00f3g Abrahama, B\u00f3g Izraela i B\u00f3g Jakuba pos\u0142a\u0142<br \/>\nmnie do was. To jest imi\u0119 moje na wieki i to jest moje zawo\u0142anie na<br \/>\nnajdalsze pokolenia\u00bb. <\/b>\n<\/div>\n<div align=\"JUSTIFY\" style=\"margin-bottom: 0cm; text-indent: 1.24cm;\">\n<b>Id\u017a,<br \/>\na gdy zbierzesz starszych Izraela, powiesz im: \u00abObjawi\u0142 mi si\u0119<br \/>\nPan, B\u00f3g ojc\u00f3w waszych, B\u00f3g Abrahama, B\u00f3g Izraela i B\u00f3g Jakuba i<br \/>\npowiedzia\u0142: Nawiedzi\u0142em was i ujrza\u0142em, co wam uczyniono w<br \/>\nEgipcie. Postanowi\u0142em wi\u0119c wywie\u015b\u0107 was z ucisku w Egipcie i<br \/>\nzaprowadzi\u0107 do ziemi Kananejczyka, Chetyty, Amoryty, Peryzzyty,<br \/>\nChiwwity i Jebuzyty, do ziemi op\u0142ywaj\u0105cej w mleko i mi\u00f3d\u00bb. Oni<br \/>\ntych s\u0142\u00f3w us\u0142uchaj\u0105. I p\u00f3jdziesz razem ze starszymi z Izraela do<br \/>\nkr\u00f3la egipskiego i powiecie mu: \u00abPan, B\u00f3g Hebrajczyk\u00f3w, nam si\u0119<br \/>\nobjawi\u0142. Pozw\u00f3l nam odby\u0107 drog\u0119 trzech dni przez pustyni\u0119,<br \/>\naby\u015bmy z\u0142o\u017cyli ofiary Panu, Bogu naszemu\u00bb. <\/b>\n<\/div>\n<div align=\"JUSTIFY\" style=\"margin-bottom: 0cm; text-indent: 1.24cm;\">\n<b>Ja<br \/>\nza\u015b wiem, \u017ce kr\u00f3l egipski pozwoli wam wyj\u015b\u0107 z Egiptu tylko<br \/>\nwtedy, gdy b\u0119dzie zmuszony r\u0119k\u0105 przemo\u017cn\u0105. Wyci\u0105gn\u0119 przeto<br \/>\nr\u0119k\u0119 i nawiedz\u0119 Egipt r\u00f3\u017cnymi cudami, jakich tam dokonam, a<br \/>\nwypu\u015bci was\u201d.<\/b><\/div>\n<div align=\"JUSTIFY\" style=\"margin-bottom: 0cm;\">\n<\/div>\n<div align=\"JUSTIFY\" style=\"margin-bottom: 0cm;\">\n<b>S\u0141OWA<br \/>\nEWANGELII WED\u0141UG \u015aWI\u0118TEGO MATEUSZA: <\/b>\n<\/div>\n<div align=\"JUSTIFY\" style=\"margin-bottom: 0cm; text-indent: 1.24cm;\">\n<b>W<br \/>\nowym czasie Jezus przem\u00f3wi\u0142 tymi s\u0142owami: \u201ePrzyjd\u017acie do Mnie<br \/>\nwszyscy, kt\u00f3rzy utrudzeni i obci\u0105\u017ceni jeste\u015bcie, a Ja was<br \/>\npokrzepi\u0119. We\u017acie moje jarzmo na siebie i uczcie si\u0119 ode Mnie, bo<br \/>\njestem \u0142agodny i pokorny sercem, a znajdziecie ukojenie dla dusz<br \/>\nwaszych. Albowiem jarzmo moje jest s\u0142odkie, a moje brzemi\u0119 lekkie\u201d.<br \/>\n<\/b>\n<\/div>\n<div align=\"JUSTIFY\" style=\"margin-bottom: 0cm;\">\n<\/div>\n<div align=\"JUSTIFY\" style=\"margin-bottom: 0cm; page-break-before: auto; text-indent: 1.24cm;\">\nOto<br \/>\nB\u00f3g posy\u0142a Moj\u017cesza z bardzo okre\u015blonym zadaniem. W spos\u00f3b<br \/>\nbardzo uroczysty <b>og\u0142asza swoje imi\u0119<\/b> i jako taki \u2013<br \/>\npodejmuje <b>dzie\u0142o wyzwolenia narodu wybranego z niewoli egipskiej.<br \/>\n<\/b>W tym w\u0142a\u015bnie celu kieruje s\u0142owo do swego s\u0142ugi, Moj\u017cesza,<br \/>\npolecaj\u0105c, aby z jednym z tych polece\u0144 zwr\u00f3ci\u0142 si\u0119 do narodu \u2013<br \/>\ni tutaj mamy stwierdzenie samego Boga, zapowiadaj\u0105ce reakcj\u0119<br \/>\nIzraela: <i><b>A oni ci\u0119 us\u0142uchaj\u0105<\/b><\/i> \u2013 po czym jest te\u017c<br \/>\nskierowane s\u0142owo do faraona, z jednoznacznym stwierdzeniem, <b>\u017ce<br \/>\non nie us\u0142ucha,<\/b> a\u017c b\u0119dzie do tego zmuszony tward\u0105 r\u0119k\u0105 i<br \/>\nmocnymi znakami.\n<\/div>\n<div align=\"JUSTIFY\" style=\"margin-bottom: 0cm; text-indent: 1.24cm;\">\nZobaczmy<br \/>\nzatem: <b>ten sam B\u00f3g w tej samej sprawie wypowiada to samo s\u0142owo,<br \/>\na reakcje \u2013 ca\u0142kowicie przeciwstawne!<\/b> Jedni us\u0142uchaj\u0105 Boga,<br \/>\na drudzy nie. Jedni uczyni\u0105 to ochotnym sercem, a drudzy \u2013 a<br \/>\nkonkretnie: drugi, czyli faraon \u2013 dopiero w\u00f3wczas, gdy <b>jego<br \/>\nhardy kark zostanie zgi\u0119ty a\u017c do ziemi i zostanie postawiony wobec<br \/>\ntakiej konieczno\u015bci. <\/b>\n<\/div>\n<div align=\"JUSTIFY\" style=\"margin-bottom: 0cm; text-indent: 1.24cm;\">\nMy<br \/>\nju\u017c na tyle znamy histori\u0119 Moj\u017cesza, a konkretnie \u2013 histori\u0119<br \/>\nwyprowadzenia narodu z niewoli egipskiej, \u017ce u\u015bwiadamiamy sobie, i\u017c<br \/>\n<b>tak naprawd\u0119 chyba nigdy faraon do ko\u0144ca nie uwierzy\u0142 Bogu,<\/b><br \/>\nbo ilekro\u0107 widzia\u0142 kolejne plagi i ilekro\u0107 zdawa\u0142o si\u0119, \u017ce ju\u017c<br \/>\nulega Bo\u017cemu nakazowi, <b>to za chwil\u0119 zmienia\u0142 jednak swoje<br \/>\nnastawienie i opiera\u0142 si\u0119 woli Bo\u017cej.<\/b> A nawet, kiedy straci\u0142<br \/>\nsyna owej pami\u0119tnej nocy i ju\u017c wypu\u015bci\u0142 Izraela, to <b>za jaki\u015b<br \/>\nczas po\u017ca\u0142owa\u0142 tej decyzji i uda\u0142 si\u0119 w po\u015bcig,<\/b> gdzie<br \/>\nwreszcie do\u015bwiadczy\u0142  <b>totalnej kl\u0119ski.<\/b>\n<\/div>\n<div align=\"JUSTIFY\" style=\"margin-bottom: 0cm; text-indent: 1.24cm;\">\nW<br \/>\nten spos\u00f3b sta\u0142 si\u0119 faraon \u2013 je\u015bli tak mo\u017cna powiedzie\u0107 \u2013<br \/>\n<b>patronem (takim niechlubnym patronem) wszystkich z uporem i<br \/>\nwytrwa\u0142o\u015bci\u0105 walcz\u0105cych z Bogiem,<\/b> wszystkich lekcewa\u017c\u0105cych<br \/>\nBoga, wszystkich nies\u0142uchaj\u0105cych Boga\u2026\n<\/div>\n<div align=\"JUSTIFY\" style=\"margin-bottom: 0cm; text-indent: 1.24cm;\">\nOj,<br \/>\nnie brakuje ich i dzisiaj! Ani w tamtych czasach, ani przed nimi, ani<br \/>\npotem \u2013 a\u017c do naszych czas\u00f3w wielu jest takich, kt\u00f3rych<br \/>\nmusieliby\u015bmy zaliczy\u0107 <b>do tej drugiej spo\u015br\u00f3d wymienionych dzi\u015b<br \/>\ngrup s\u0142uchaczy Boga,<\/b> a wi\u0119c do tych, <b>kt\u00f3rzy Go nie<br \/>\ns\u0142uchaj\u0105,<\/b> kt\u00f3rzy si\u0119 opieraj\u0105, kt\u00f3rzy sami wiedz\u0105 lepiej i<br \/>\nsami sobie ze wszystkim poradz\u0105. I to w\u0142a\u015bnie oni \u2013 podobnie jak<br \/>\nfaraon \u2013 bardzo cz\u0119sto <b>trwaj\u0105 w tym uporze nawet pomimo tego,<br \/>\n\u017ce do\u015bwiadczaj\u0105 tak<\/b> <b>wielu<\/b> <b>\u017cyciowych kl\u0119sk i<br \/>\nniepowodze\u0144<\/b> i tyle razy przekonuj\u0105 si\u0119, \u017ce nie maj\u0105 racji,<br \/>\n\u017ce wszystko im si\u0119 na g\u0142ow\u0119 \u201ewali\u201d, \u017ce nic si\u0119 nie klei, \u017ce<br \/>\ntylko zgliszcza za nimi i ba\u0142agan wok\u00f3\u0142 nich, \u017ce siej\u0105 zam\u0119t<br \/>\npomi\u0119dzy lud\u017ami, wprowadzaj\u0105c tam niepok\u00f3j, zamieszanie i<br \/>\nkonflikt: <b>pomimo tego wszystkiego oni dalej brn\u0105 przed siebie,<br \/>\nradz\u0105c sobie bez Boga!<\/b>\n<\/div>\n<div align=\"JUSTIFY\" style=\"margin-bottom: 0cm; text-indent: 1.24cm;\">\nJest<br \/>\nto samo w sobie naprawd\u0119 niesamowite, bo tak, jak w przypadku<br \/>\nfaraona, tak i w odniesieniu do nich mo\u017cna by zapyta\u0107: <b>co<br \/>\njeszcze musi si\u0119 sta\u0107 i co jeszcze musi si\u0119 zawali\u0107, \u017ceby<br \/>\nwreszcie zm\u0105drzeli?!<\/b>\n<\/div>\n<div align=\"JUSTIFY\" style=\"margin-bottom: 0cm; text-indent: 1.24cm;\">\nNa<br \/>\nwypadek, gdyby to si\u0119 sta\u0142o, oraz do wszystkich, kt\u00f3rzy zaliczaj\u0105<br \/>\nsi\u0119 do tej pierwszej grupy, do tych s\u0142uchaj\u0105cych, Jezus dzisiaj<br \/>\nm\u00f3wi: <i><b>Przyjd\u017acie do Mnie<br \/>\nwszyscy, kt\u00f3rzy utrudzeni i obci\u0105\u017ceni jeste\u015bcie, a Ja was<br \/>\npokrzepi\u0119. We\u017acie moje jarzmo na siebie i uczcie si\u0119 ode Mnie, bo<br \/>\njestem \u0142agodny i pokorny sercem, a znajdziecie ukojenie dla dusz<br \/>\nwaszych. Albowiem jarzmo moje jest s\u0142odkie, a moje brzemi\u0119 lekkie.<\/b><\/i><b><br \/>\n<\/b>Czy<br \/>\ntak nie jest <b>pro\u015bciej?<\/b><br \/>\nI <b>m\u0105drzej<\/b><br \/>\nprzy okazji? Po co walczy\u0107 z Bogiem i przegrywa\u0107, jak mo\u017cna Go<br \/>\npos\u0142ucha\u0107 \u2013 <b>i<br \/>\nwygra\u0107?\u2026<\/b><br \/>\nWszystko wygra\u0107?\u2026<\/div>\n<div align=\"JUSTIFY\" style=\"margin-bottom: 0cm; text-indent: 1.24cm;\">\nW\u0142a\u015bnie<br \/>\ntakie pytania dzisiaj powinni zada\u0107 sobie Parafianie Celestynowscy,<br \/>\ndo kt\u00f3rych <b>przybywa<br \/>\nMatka Bo\u017ca w znaku Figury Loreta\u0144skiej.<\/b><br \/>\nTe dwadzie\u015bcia cztery godziny intensywnego spotkania mo\u017ce si\u0119 sta\u0107<br \/>\nwspania\u0142\u0105 okazj\u0105 do <b>zrealizowania<br \/>\ntej zach\u0119ty, jak\u0105 Jezus skierowa\u0142 dzisiaj w Ewangelii,<\/b><br \/>\nbo przecie\u017c przychodz\u0105c do Matki, jednocze\u015bnie przychodzimy do Jej<br \/>\nSyna. Zatem \u2013 <b>mo\u017cna<br \/>\nprzyj\u015b\u0107. I g\u0142osu Boga pos\u0142ucha\u0107\u2026<\/b><br \/>\nAle te\u017c mo\u017cna nie pos\u0142ucha\u0107\u2026 I brn\u0105\u0107\u2026 Brn\u0105\u0107\u2026 A\u017c do<br \/>\nca\u0142kowitej kl\u0119ski.<\/div>\n<div align=\"JUSTIFY\" style=\"margin-bottom: 0cm; text-indent: 1.24cm;\">\nCzy<br \/>\nwarto?\u2026<\/div>\n","protected":false},"excerpt":{"rendered":"<p>Szcz\u0119\u015b\u0107 Bo\u017ce! Moi Drodzy, dzisiaj w Celestynowie wielkie \u015bwi\u0119to: przybywa Matka! &nbsp;O 19.30 rozpocznie si\u0119 Msza \u015awi\u0119ta powitalna. A potem &#8211; jak napisa\u0142em w rozwa\u017caniu &#8211; dwadzie\u015bcia cztery godziny intensywnego spotkania. Nie musz\u0119 zaznacza\u0107, \u017ce w tym czasie b\u0119d\u0119 rozmawia\u0142 z Maryj\u0105 i Jej Synem tak\u017ce o Was &#8211; o ca\u0142ej naszej Rodzinie Blogowej i [&hellip;]<\/p>\n","protected":false},"author":1,"featured_media":0,"comment_status":"open","ping_status":"open","sticky":false,"template":"","format":"standard","meta":{"jetpack_post_was_ever_published":false,"_jetpack_newsletter_access":"","_jetpack_dont_email_post_to_subs":false,"_jetpack_newsletter_tier_id":0,"_jetpack_memberships_contains_paywalled_content":false,"_jetpack_memberships_contains_paid_content":false,"footnotes":""},"categories":[1],"tags":[],"class_list":["post-9060","post","type-post","status-publish","format-standard","hentry","category-bez-kategorii"],"yoast_head":"<!-- This site is optimized with the Yoast SEO plugin v25.1 - https:\/\/yoast.com\/wordpress\/plugins\/seo\/ -->\n<title>S\u0142ucha\u0107 Boga - czy nie s\u0142ucha\u0107?... - Gaudium Et Spes<\/title>\n<meta name=\"robots\" content=\"index, follow, max-snippet:-1, max-image-preview:large, max-video-preview:-1\" \/>\n<link rel=\"canonical\" href=\"https:\/\/gaudiumetspes-blog.pl\/index.php\/2013\/07\/18\/suchac-boga-czy-nie-suchac\/\" \/>\n<meta property=\"og:locale\" content=\"pl_PL\" \/>\n<meta property=\"og:type\" content=\"article\" \/>\n<meta property=\"og:title\" content=\"S\u0142ucha\u0107 Boga - czy nie s\u0142ucha\u0107?... - Gaudium Et Spes\" \/>\n<meta property=\"og:description\" content=\"Szcz\u0119\u015b\u0107 Bo\u017ce! Moi Drodzy, dzisiaj w Celestynowie wielkie \u015bwi\u0119to: przybywa Matka! &nbsp;O 19.30 rozpocznie si\u0119 Msza \u015awi\u0119ta powitalna. A potem &#8211; jak napisa\u0142em w rozwa\u017caniu &#8211; dwadzie\u015bcia cztery godziny intensywnego spotkania. Nie musz\u0119 zaznacza\u0107, \u017ce w tym czasie b\u0119d\u0119 rozmawia\u0142 z Maryj\u0105 i Jej Synem tak\u017ce o Was &#8211; o ca\u0142ej naszej Rodzinie Blogowej i [&hellip;]\" \/>\n<meta property=\"og:url\" content=\"https:\/\/gaudiumetspes-blog.pl\/index.php\/2013\/07\/18\/suchac-boga-czy-nie-suchac\/\" \/>\n<meta property=\"og:site_name\" content=\"Gaudium Et Spes\" \/>\n<meta property=\"article:published_time\" content=\"2013-07-18T02:20:00+00:00\" \/>\n<meta property=\"article:modified_time\" content=\"2019-07-31T10:54:07+00:00\" \/>\n<meta name=\"author\" content=\"Ks. Jacek\" \/>\n<meta name=\"twitter:card\" content=\"summary_large_image\" \/>\n<meta name=\"twitter:label1\" content=\"Napisane przez\" \/>\n\t<meta name=\"twitter:data1\" content=\"Ks. Jacek\" \/>\n\t<meta name=\"twitter:label2\" content=\"Szacowany czas czytania\" \/>\n\t<meta name=\"twitter:data2\" content=\"6 minut\" \/>\n<script type=\"application\/ld+json\" class=\"yoast-schema-graph\">{\"@context\":\"https:\/\/schema.org\",\"@graph\":[{\"@type\":\"WebPage\",\"@id\":\"https:\/\/gaudiumetspes-blog.pl\/index.php\/2013\/07\/18\/suchac-boga-czy-nie-suchac\/\",\"url\":\"https:\/\/gaudiumetspes-blog.pl\/index.php\/2013\/07\/18\/suchac-boga-czy-nie-suchac\/\",\"name\":\"S\u0142ucha\u0107 Boga - czy nie s\u0142ucha\u0107?... - Gaudium Et Spes\",\"isPartOf\":{\"@id\":\"https:\/\/gaudiumetspes-blog.pl\/#website\"},\"datePublished\":\"2013-07-18T02:20:00+00:00\",\"dateModified\":\"2019-07-31T10:54:07+00:00\",\"author\":{\"@id\":\"https:\/\/gaudiumetspes-blog.pl\/#\/schema\/person\/1661982992b752dea8dff0d4ed845a65\"},\"breadcrumb\":{\"@id\":\"https:\/\/gaudiumetspes-blog.pl\/index.php\/2013\/07\/18\/suchac-boga-czy-nie-suchac\/#breadcrumb\"},\"inLanguage\":\"pl-PL\",\"potentialAction\":[{\"@type\":\"ReadAction\",\"target\":[\"https:\/\/gaudiumetspes-blog.pl\/index.php\/2013\/07\/18\/suchac-boga-czy-nie-suchac\/\"]}]},{\"@type\":\"BreadcrumbList\",\"@id\":\"https:\/\/gaudiumetspes-blog.pl\/index.php\/2013\/07\/18\/suchac-boga-czy-nie-suchac\/#breadcrumb\",\"itemListElement\":[{\"@type\":\"ListItem\",\"position\":1,\"name\":\"Strona g\u0142\u00f3wna\",\"item\":\"https:\/\/gaudiumetspes-blog.pl\/\"},{\"@type\":\"ListItem\",\"position\":2,\"name\":\"S\u0142ucha\u0107 Boga &#8211; czy&nbsp;nie&nbsp;s\u0142ucha\u0107?&#8230;\"}]},{\"@type\":\"WebSite\",\"@id\":\"https:\/\/gaudiumetspes-blog.pl\/#website\",\"url\":\"https:\/\/gaudiumetspes-blog.pl\/\",\"name\":\"Gaudium Et Spes\",\"description\":\"Blog Ks. Jacka Ja\u015bkowskiego\",\"potentialAction\":[{\"@type\":\"SearchAction\",\"target\":{\"@type\":\"EntryPoint\",\"urlTemplate\":\"https:\/\/gaudiumetspes-blog.pl\/?s={search_term_string}\"},\"query-input\":{\"@type\":\"PropertyValueSpecification\",\"valueRequired\":true,\"valueName\":\"search_term_string\"}}],\"inLanguage\":\"pl-PL\"},{\"@type\":\"Person\",\"@id\":\"https:\/\/gaudiumetspes-blog.pl\/#\/schema\/person\/1661982992b752dea8dff0d4ed845a65\",\"name\":\"Ks. Jacek\",\"image\":{\"@type\":\"ImageObject\",\"inLanguage\":\"pl-PL\",\"@id\":\"https:\/\/gaudiumetspes-blog.pl\/#\/schema\/person\/image\/\",\"url\":\"https:\/\/gaudiumetspes-blog.pl\/wp-content\/uploads\/2019\/07\/avatar-JJ-150x150.jpg\",\"contentUrl\":\"https:\/\/gaudiumetspes-blog.pl\/wp-content\/uploads\/2019\/07\/avatar-JJ-150x150.jpg\",\"caption\":\"Ks. Jacek\"},\"description\":\"Witam serdecznie! K\u0142ania si\u0119 Ks. Jacek Ja\u015bkowski. Nie jestem ani kim\u015b wa\u017cnym, ani kim\u015b znanym. Jestem ksi\u0119dzem, kt\u00f3ry po prostu chce rozmawia\u0107. Codzienna kap\u0142a\u0144ska pos\u0142uga pokazuje mi, \u017ce temat\u00f3w do rozm\u00f3w z ksi\u0119dzem jest coraz wi\u0119cej i dzisiaj \u017caden ksi\u0105dz nie mo\u017ce od nich ucieka\u0107, ale - wprost przeciwnie - podejmowa\u0107 nowe wyzwania. To przekonanie sk\u0142oni\u0142o mnie do pr\u00f3by otwarcia tego\u017c bloga, chocia\u017c okazji do rozm\u00f3w na co dzie\u0144 - w konfesjonale i poza nim - na szcz\u0119\u015bcie nie brakuje. My\u015bl\u0119 jednak, \u017ce ten blog b\u0119dzie jeszcze jednym sposobem i przestrzeni\u0105 nawi\u0105zania kontaktu z lud\u017ami dobrej woli, otwartymi na dialog.\",\"url\":\"https:\/\/gaudiumetspes-blog.pl\/index.php\/author\/ks-jacek\/\"}]}<\/script>\n<!-- \/ Yoast SEO plugin. -->","yoast_head_json":{"title":"S\u0142ucha\u0107 Boga - czy nie s\u0142ucha\u0107?... - Gaudium Et Spes","robots":{"index":"index","follow":"follow","max-snippet":"max-snippet:-1","max-image-preview":"max-image-preview:large","max-video-preview":"max-video-preview:-1"},"canonical":"https:\/\/gaudiumetspes-blog.pl\/index.php\/2013\/07\/18\/suchac-boga-czy-nie-suchac\/","og_locale":"pl_PL","og_type":"article","og_title":"S\u0142ucha\u0107 Boga - czy nie s\u0142ucha\u0107?... - Gaudium Et Spes","og_description":"Szcz\u0119\u015b\u0107 Bo\u017ce! Moi Drodzy, dzisiaj w Celestynowie wielkie \u015bwi\u0119to: przybywa Matka! &nbsp;O 19.30 rozpocznie si\u0119 Msza \u015awi\u0119ta powitalna. A potem &#8211; jak napisa\u0142em w rozwa\u017caniu &#8211; dwadzie\u015bcia cztery godziny intensywnego spotkania. Nie musz\u0119 zaznacza\u0107, \u017ce w tym czasie b\u0119d\u0119 rozmawia\u0142 z Maryj\u0105 i Jej Synem tak\u017ce o Was &#8211; o ca\u0142ej naszej Rodzinie Blogowej i [&hellip;]","og_url":"https:\/\/gaudiumetspes-blog.pl\/index.php\/2013\/07\/18\/suchac-boga-czy-nie-suchac\/","og_site_name":"Gaudium Et Spes","article_published_time":"2013-07-18T02:20:00+00:00","article_modified_time":"2019-07-31T10:54:07+00:00","author":"Ks. Jacek","twitter_card":"summary_large_image","twitter_misc":{"Napisane przez":"Ks. Jacek","Szacowany czas czytania":"6 minut"},"schema":{"@context":"https:\/\/schema.org","@graph":[{"@type":"WebPage","@id":"https:\/\/gaudiumetspes-blog.pl\/index.php\/2013\/07\/18\/suchac-boga-czy-nie-suchac\/","url":"https:\/\/gaudiumetspes-blog.pl\/index.php\/2013\/07\/18\/suchac-boga-czy-nie-suchac\/","name":"S\u0142ucha\u0107 Boga - czy nie s\u0142ucha\u0107?... - Gaudium Et Spes","isPartOf":{"@id":"https:\/\/gaudiumetspes-blog.pl\/#website"},"datePublished":"2013-07-18T02:20:00+00:00","dateModified":"2019-07-31T10:54:07+00:00","author":{"@id":"https:\/\/gaudiumetspes-blog.pl\/#\/schema\/person\/1661982992b752dea8dff0d4ed845a65"},"breadcrumb":{"@id":"https:\/\/gaudiumetspes-blog.pl\/index.php\/2013\/07\/18\/suchac-boga-czy-nie-suchac\/#breadcrumb"},"inLanguage":"pl-PL","potentialAction":[{"@type":"ReadAction","target":["https:\/\/gaudiumetspes-blog.pl\/index.php\/2013\/07\/18\/suchac-boga-czy-nie-suchac\/"]}]},{"@type":"BreadcrumbList","@id":"https:\/\/gaudiumetspes-blog.pl\/index.php\/2013\/07\/18\/suchac-boga-czy-nie-suchac\/#breadcrumb","itemListElement":[{"@type":"ListItem","position":1,"name":"Strona g\u0142\u00f3wna","item":"https:\/\/gaudiumetspes-blog.pl\/"},{"@type":"ListItem","position":2,"name":"S\u0142ucha\u0107 Boga &#8211; czy&nbsp;nie&nbsp;s\u0142ucha\u0107?&#8230;"}]},{"@type":"WebSite","@id":"https:\/\/gaudiumetspes-blog.pl\/#website","url":"https:\/\/gaudiumetspes-blog.pl\/","name":"Gaudium Et Spes","description":"Blog Ks. Jacka Ja\u015bkowskiego","potentialAction":[{"@type":"SearchAction","target":{"@type":"EntryPoint","urlTemplate":"https:\/\/gaudiumetspes-blog.pl\/?s={search_term_string}"},"query-input":{"@type":"PropertyValueSpecification","valueRequired":true,"valueName":"search_term_string"}}],"inLanguage":"pl-PL"},{"@type":"Person","@id":"https:\/\/gaudiumetspes-blog.pl\/#\/schema\/person\/1661982992b752dea8dff0d4ed845a65","name":"Ks. Jacek","image":{"@type":"ImageObject","inLanguage":"pl-PL","@id":"https:\/\/gaudiumetspes-blog.pl\/#\/schema\/person\/image\/","url":"https:\/\/gaudiumetspes-blog.pl\/wp-content\/uploads\/2019\/07\/avatar-JJ-150x150.jpg","contentUrl":"https:\/\/gaudiumetspes-blog.pl\/wp-content\/uploads\/2019\/07\/avatar-JJ-150x150.jpg","caption":"Ks. Jacek"},"description":"Witam serdecznie! K\u0142ania si\u0119 Ks. Jacek Ja\u015bkowski. Nie jestem ani kim\u015b wa\u017cnym, ani kim\u015b znanym. Jestem ksi\u0119dzem, kt\u00f3ry po prostu chce rozmawia\u0107. Codzienna kap\u0142a\u0144ska pos\u0142uga pokazuje mi, \u017ce temat\u00f3w do rozm\u00f3w z ksi\u0119dzem jest coraz wi\u0119cej i dzisiaj \u017caden ksi\u0105dz nie mo\u017ce od nich ucieka\u0107, ale - wprost przeciwnie - podejmowa\u0107 nowe wyzwania. To przekonanie sk\u0142oni\u0142o mnie do pr\u00f3by otwarcia tego\u017c bloga, chocia\u017c okazji do rozm\u00f3w na co dzie\u0144 - w konfesjonale i poza nim - na szcz\u0119\u015bcie nie brakuje. My\u015bl\u0119 jednak, \u017ce ten blog b\u0119dzie jeszcze jednym sposobem i przestrzeni\u0105 nawi\u0105zania kontaktu z lud\u017ami dobrej woli, otwartymi na dialog.","url":"https:\/\/gaudiumetspes-blog.pl\/index.php\/author\/ks-jacek\/"}]}},"jetpack_featured_media_url":"","jetpack_sharing_enabled":true,"_links":{"self":[{"href":"https:\/\/gaudiumetspes-blog.pl\/index.php\/wp-json\/wp\/v2\/posts\/9060","targetHints":{"allow":["GET"]}}],"collection":[{"href":"https:\/\/gaudiumetspes-blog.pl\/index.php\/wp-json\/wp\/v2\/posts"}],"about":[{"href":"https:\/\/gaudiumetspes-blog.pl\/index.php\/wp-json\/wp\/v2\/types\/post"}],"author":[{"embeddable":true,"href":"https:\/\/gaudiumetspes-blog.pl\/index.php\/wp-json\/wp\/v2\/users\/1"}],"replies":[{"embeddable":true,"href":"https:\/\/gaudiumetspes-blog.pl\/index.php\/wp-json\/wp\/v2\/comments?post=9060"}],"version-history":[{"count":1,"href":"https:\/\/gaudiumetspes-blog.pl\/index.php\/wp-json\/wp\/v2\/posts\/9060\/revisions"}],"predecessor-version":[{"id":11151,"href":"https:\/\/gaudiumetspes-blog.pl\/index.php\/wp-json\/wp\/v2\/posts\/9060\/revisions\/11151"}],"wp:attachment":[{"href":"https:\/\/gaudiumetspes-blog.pl\/index.php\/wp-json\/wp\/v2\/media?parent=9060"}],"wp:term":[{"taxonomy":"category","embeddable":true,"href":"https:\/\/gaudiumetspes-blog.pl\/index.php\/wp-json\/wp\/v2\/categories?post=9060"},{"taxonomy":"post_tag","embeddable":true,"href":"https:\/\/gaudiumetspes-blog.pl\/index.php\/wp-json\/wp\/v2\/tags?post=9060"}],"curies":[{"name":"wp","href":"https:\/\/api.w.org\/{rel}","templated":true}]}}