{"id":9061,"date":"2013-07-17T04:00:00","date_gmt":"2013-07-17T02:00:00","guid":{"rendered":"https:\/\/gaudiumetspes-blog.pl\/index.php\/2013\/07\/17\/ja-jestem-z-toba\/"},"modified":"2019-07-31T12:54:07","modified_gmt":"2019-07-31T10:54:07","slug":"ja-jestem-z-toba","status":"publish","type":"post","link":"https:\/\/gaudiumetspes-blog.pl\/index.php\/2013\/07\/17\/ja-jestem-z-toba\/","title":{"rendered":"Ja jestem z tob\u0105!"},"content":{"rendered":"<div align=\"JUSTIFY\" style=\"margin-bottom: 0cm;\">\nSzcz\u0119\u015b\u0107 Bo\u017ce! Moi Drodzy, ju\u017c tylko dzie\u0144 dzieli Parafi\u0119 Celestyn\u00f3w od nawiedzenia Matki Bo\u017cej w Jej Figurze Loreta\u0144skiej. Przygotowujemy si\u0119 na to spotkanie nie tylko w wymiarze organizacyjnym. Wierz\u0119 g\u0142\u0119boko, \u017ce b\u0119dzie to czas \u015bwi\u0119ty i dobry. Na pewno b\u0119dzie to czas modlitwy. Obiecuj\u0119, \u017ce b\u0119dziecie, Kochani, w moich rozmowach z Matk\u0105 bardzo obecni!<\/div>\n<div align=\"JUSTIFY\" style=\"margin-bottom: 0cm;\">\n&nbsp; &nbsp; &nbsp;A zmieniaj\u0105c temat &#8211; na szcz\u0119\u015bcie, sprawa Ksi\u0119dza Lema\u0144skiego cichnie&#8230; Polecam j\u0105 Waszym modlitwom. I tak\u017ce inne, podobne do tego problemy, jakich &#8211; co ludzkie &#8211; byli\u015bmy ju\u017c lub b\u0119dziemy \u015bwiadkami. Najwa\u017cniejsze jednak, \u017ceby\u015bmy o tego typu sprawach my\u015bleli i m\u00f3wili w duchu wiary i w spos\u00f3b dojrza\u0142y, a nie w atmosferze sensacji.<\/div>\n<div align=\"JUSTIFY\" style=\"margin-bottom: 0cm;\">\n&nbsp; &nbsp; &nbsp; &nbsp; &nbsp; &nbsp; &nbsp; &nbsp; &nbsp;Gaudium et spes! &nbsp;Ks. Jacek<\/div>\n<div align=\"JUSTIFY\" style=\"margin-bottom: 0cm;\">\n<b><br \/><\/b><\/div>\n<div align=\"JUSTIFY\" style=\"margin-bottom: 0cm;\">\n<b>\u015aroda<br \/>\n15 Tygodnia zwyk\u0142ego, rok I,<\/b><\/div>\n<div align=\"JUSTIFY\" style=\"margin-bottom: 0cm;\">\n<b>do<br \/>\nczyta\u0144:  Wj 3,1\u20136.9\u201312;  Mt 11,25\u201327<\/b><\/div>\n<div align=\"JUSTIFY\" style=\"margin-bottom: 0cm;\">\n<\/div>\n<div align=\"JUSTIFY\" style=\"margin-bottom: 0cm; page-break-before: auto;\">\n<b>CZYTANIE<br \/>\nZ KSI\u0118GI WYJ\u015aCIA: <\/b>\n<\/div>\n<div align=\"JUSTIFY\" style=\"margin-bottom: 0cm; text-indent: 1.24cm;\">\n<b>Gdy<br \/>\nMoj\u017cesz pasa\u0142 owce swego te\u015bcia Jetry, kap\u0142ana Madianit\u00f3w,<br \/>\nzaprowadzi\u0142 pewnego razu owce w g\u0142\u0105b pustyni i przyszed\u0142 do Bo\u017cej<br \/>\ng\u00f3ry Horeb. Wtedy ukaza\u0142 mu si\u0119 anio\u0142 Pana w p\u0142omieniu ognia, ze<br \/>\n\u015brodka krzewu. Moj\u017cesz widzia\u0142, jak krzew p\u0142on\u0105\u0142 ogniem, a nie<br \/>\nsp\u0142on\u0105\u0142 od niego. <\/b>\n<\/div>\n<div align=\"JUSTIFY\" style=\"margin-bottom: 0cm; text-indent: 1.24cm;\">\n<b>Wtedy<br \/>\nMoj\u017cesz powiedzia\u0142 do siebie: \u201ePodejd\u0119, \u017ceby si\u0119 przyjrze\u0107<br \/>\ntemu niezwyk\u0142emu zjawisku. Dlaczego krzew si\u0119 nie spala?\u201d Gdy za\u015b<br \/>\nPan ujrza\u0142, \u017ce Moj\u017cesz podchodzi\u0142, \u017ceby si\u0119 przyjrze\u0107, zawo\u0142a\u0142<br \/>\nB\u00f3g do niego ze \u015brodka krzewu: \u201eMoj\u017ceszu, Moj\u017ceszu!\u201d On za\u015b<br \/>\nodpowiedzia\u0142: \u201eOto jestem\u201d. Rzek\u0142 mu: \u201eNie zbli\u017caj si\u0119 tu!<br \/>\nZdejm sanda\u0142y z n\u00f3g, gdy\u017c miejsce, na kt\u00f3rym stoisz, jest ziemi\u0105<br \/>\n\u015bwi\u0119t\u0105\u201d. <\/b>\n<\/div>\n<div align=\"JUSTIFY\" style=\"margin-bottom: 0cm; text-indent: 1.24cm;\">\n<b>Powiedzia\u0142<br \/>\njeszcze Pan: \u201eJestem Bogiem ojca twego, Bogiem Abrahama, Bogiem<br \/>\nIzaaka i Bogiem Jakuba\u201d. Moj\u017cesz zas\u0142oni\u0142 twarz, ba\u0142 si\u0119<br \/>\nbowiem zwr\u00f3ci\u0107 oczy na Boga. \u201eTeraz oto dosz\u0142o wo\u0142anie syn\u00f3w<br \/>\nIzraela do Mnie, bo te\u017c naocznie przekona\u0142em si\u0119 o cierpieniach,<br \/>\njakie im zadaj\u0105 Egipcjanie. Id\u017a przeto teraz, oto posy\u0142am ci\u0119 do<br \/>\nfaraona, i wyprowad\u017a lud m\u00f3j, Izraela, z Egiptu\u201d. <\/b>\n<\/div>\n<div align=\"JUSTIFY\" style=\"margin-bottom: 0cm; text-indent: 1.24cm;\">\n<b>A<br \/>\nMoj\u017cesz odrzek\u0142 Bogu: \u201eKim\u017ce jestem, bym mia\u0142 i\u015b\u0107 do faraona<br \/>\ni wyprowadzi\u0107 syn\u00f3w Izraela z Egiptu?\u201d A On powiedzia\u0142: \u201eJa<br \/>\nb\u0119d\u0119 z tob\u0105. Znakiem za\u015b dla ciebie, \u017ce Ja ci\u0119 pos\u0142a\u0142em,<br \/>\nb\u0119dzie to, \u017ce po wyprowadzeniu tego ludu z Egiptu oddacie cze\u015b\u0107<br \/>\nBogu na tej g\u00f3rze\u201d.<\/b><\/div>\n<div align=\"JUSTIFY\" style=\"margin-bottom: 0cm;\">\n<\/div>\n<div align=\"JUSTIFY\" style=\"margin-bottom: 0cm;\">\n<b>S\u0141OWA<br \/>\nEWANGELII WED\u0141UG \u015aWI\u0118TEGO MATEUSZA: <\/b>\n<\/div>\n<div align=\"JUSTIFY\" style=\"margin-bottom: 0cm; text-indent: 1.24cm;\">\n<b>W<br \/>\nowym czasie Jezus przem\u00f3wi\u0142 tymi s\u0142owami: \u201eWys\u0142awiam Ci\u0119,<br \/>\nOjcze, Panie nieba i ziemi, \u017ce zakry\u0142e\u015b te rzeczy przed m\u0105drymi i<br \/>\nroztropnymi, a objawi\u0142e\u015b je prostaczkom. Tak, Ojcze, gdy\u017c takie<br \/>\nby\u0142o Twoje upodobanie. <\/b>\n<\/div>\n<div align=\"JUSTIFY\" style=\"margin-bottom: 0cm; text-indent: 1.24cm;\">\n<b>Wszystko<br \/>\nprzekaza\u0142 Mi Ojciec m\u00f3j. Nikt te\u017c nie zna Syna, tylko Ojciec, ani<br \/>\nOjca nikt nie zna, tylko Syn i ten, komu Syn zechce objawi\u0107\u201d.<\/b><\/div>\n<div align=\"JUSTIFY\" style=\"margin-bottom: 0cm;\">\n<\/div>\n<div align=\"JUSTIFY\" style=\"margin-bottom: 0cm; page-break-before: auto; text-indent: 1.24cm;\">\nPrzepi\u0119kn\u0105<br \/>\nscen\u0119 przedstawia nam pierwsze czytanie: <b>krzew, kt\u00f3ry si\u0119 pali,<br \/>\nale si\u0119 nie spala,<\/b> a z krzewu g\u0142os \u2013 <b>g\u0142os samego Boga,<\/b><br \/>\nprzemawiaj\u0105cego osobi\u015bcie i bezpo\u015brednio do Moj\u017cesza\u2026 I zachwyt<br \/>\nMoj\u017cesza, przechodz\u0105cy w strach, bo oto stan\u0105\u0142 niejako <b>oko w<br \/>\noko z Bogiem\u2026<\/b> I niezwyk\u0142e zadanie, jakie B\u00f3g mu zleca \u2013<br \/>\nzadanie, kt\u00f3rego Moj\u017cesz obawia si\u0119 podj\u0105\u0107, bo nie ma<br \/>\nw\u0105tpliwo\u015bci, \u017ce <b>o<\/b> <b>w\u0142asny<\/b><b>ch<\/b><b> tylko si\u0142a<\/b><b>ch<\/b><b><br \/>\nna pewno go nie ud\u017awignie,<\/b> ale na to Pan odpowiada mu<br \/>\nzdecydowanym zapewnieniem: <i><b>Ja b\u0119d\u0119 z tob\u0105<\/b><\/i><b>\u2026<\/b>\n<\/div>\n<div align=\"JUSTIFY\" style=\"margin-bottom: 0cm; text-indent: 1.24cm;\">\nTyle<br \/>\nsymboliki w tak kr\u00f3tkiej scenie, w tak kr\u00f3tkim wydarzeniu\u2026 Tyle<br \/>\ns\u0142\u00f3w i gest\u00f3w \u2013 g\u0142\u00f3wnie ze strony Boga \u2013 kt\u00f3ry jak mo\u017ce,<br \/>\nprzekonuje cz\u0142owieka, <b>\u017ce z nim jest, \u017ce o nim pami\u0119ta, \u017ce go<br \/>\nwspiera, a wreszcie tak\u017ce: \u017ce go ratuje\u2026<\/b> I \u017ceby przekona\u0107<br \/>\nludzi, i\u017c to Jego Boska moc wszystkiego tego dokona, wybiera<br \/>\n<b>cz\u0142owieka maj\u0105cego poczucie jakiej\u015b ogromnej s\u0142abo\u015bci,<\/b><br \/>\ncz\u0142owieka niedowierzaj\u0105cego samemu sobie, cz\u0142owieka maj\u0105cego<br \/>\nproblemy z m\u00f3wieniem \u2013 po to, aby <b>na nim w pe\u0142ni objawi\u0142a si\u0119<br \/>\nBo\u017ca moc i Bo\u017ca pot\u0119ga. <\/b>\n<\/div>\n<div align=\"JUSTIFY\" style=\"margin-bottom: 0cm; text-indent: 1.24cm;\">\nW<br \/>\nten spos\u00f3b na Moj\u017ceszu sprawdzi\u0142y si\u0119 i dokona\u0142y s\u0142owa, kt\u00f3re<br \/>\nkilka wiek\u00f3w p\u00f3\u017aniej Jezus wypowiedzia\u0142 w formie pi\u0119knej<br \/>\nmodlitwy: <i><b>Wys\u0142awiam Ci\u0119,<br \/>\nOjcze, Panie nieba i ziemi, \u017ce zakry\u0142e\u015b te rzeczy przed m\u0105drymi i<br \/>\nroztropnymi, a objawi\u0142e\u015b je prostaczkom. Tak, Ojcze, gdy\u017c takie<br \/>\nby\u0142o Twoje upodobanie. <\/b><\/i>\n<\/div>\n<div align=\"JUSTIFY\" style=\"margin-bottom: 0cm; text-indent: 1.24cm;\">\nRzeczywi\u015bcie,<br \/>\njest co\u015b niezwyk\u0142ego i wielkiego w dzia\u0142aniu Boga, kt\u00f3ry<br \/>\n<b>najwi\u0119kszych<br \/>\nrzeczy dokonuje poprzez i w \u017cyciu ludzi najpokorniejszych,<br \/>\nnajs\u0142abszych, po ludzku przegranych,<\/b><br \/>\nniezaradnych, nie umiej\u0105cych zadba\u0107 o siebie, cz\u0119sto tak\u017ce<br \/>\nspecjalnie nie uczonych\u2026 Kochani, jakie to jest dla nas<br \/>\npocieszaj\u0105ce! I jak wielkim \u017ar\u00f3d\u0142em nadziei <b>mo\u017ce<br \/>\nby\u0107<\/b><br \/>\ndla nas. Celowo m\u00f3wi\u0119: <b>\u201emo\u017ce\u201d,<\/b><br \/>\na nie <b>\u201ejest\u201d,<\/b><br \/>\nbo <b>wcale<br \/>\nnie musi by\u0107!<\/b><\/p>\n<\/div>\n<div align=\"JUSTIFY\" style=\"margin-bottom: 0cm; text-indent: 1.24cm;\">\nBo<br \/>\nwcale tak nie jest, \u017ce jak kto\u015b jest \u017cyciowo niezaradny, cichy i<br \/>\nskromny, pozostaj\u0105cy na uboczu, niewykszta\u0142cony lub ubogi, <b>to<br \/>\nod razu musi by\u0107 narz\u0119dziem w r\u0119ku Boga.<\/b><br \/>\nNie, on mo\u017ce tego po<br \/>\nprostu nawet<br \/>\nnie chcie\u0107. I mo\u017ce by\u0107 tak, \u017ce kto\u015b jest rzeczywi\u015bcie<br \/>\ndo\u015bwiadczony przez \u017cycie, ubogi i niezaradny, <b>a<br \/>\nto wszystko zamyka w sobie, dusi w sobie,<\/b><br \/>\nz tego tworzy si\u0119 takie <b>totalne<\/b><br \/>\n<b>zakompleksienie,<\/b><br \/>\nrozgoryczenie, smutek, gnu\u015bno\u015b\u0107, pretensje do Boga i do ca\u0142ego<br \/>\n\u015bwiata, poczucie zupe\u0142nego bezsensu \u017cycia\u2026 M\u00f3wi\u0105c najkr\u00f3cej,<br \/>\nale najdosadniej: <b>prawdziwy<br \/>\nobraz n\u0119dzy i rozpaczy! Zupe\u0142ny koszmar! Piek\u0142o na ziemi!<\/b><br \/>\n\u017bycie, kt\u00f3rego nie da si\u0119 pozazdro\u015bci\u0107 i kt\u00f3rego nie warto<br \/>\nnikomu \u017cyczy\u0107.<\/div>\n<div align=\"JUSTIFY\" style=\"margin-bottom: 0cm; text-indent: 1.24cm;\">\nMy<br \/>\ntu natomiast dzisiaj m\u00f3wimy sobie o sytuacji, w kt\u00f3rej kto\u015b jest<br \/>\ns\u0142aby i \u017cyciowo niezaradny, ubogi i pozostaj\u0105cy na uboczu, <b>ale<br \/>\n<\/b><b>oddaje<\/b><b><br \/>\nca\u0142\u0105 t\u0119 sytuacj\u0119 i siebie samego Bogu! <\/b>Cz\u0142owiek<br \/>\ntaki, nawet je\u017celi przychodzi do Boga z przekonaniem,<br \/>\n\u017ce si\u0119 obawia, \u017ce nie umie sobie w \u017cyciu poradzi\u0107, \u017ce nie wie,<br \/>\njak z takiej czy innej sytuacji wybrn\u0105\u0107, bo wydaje si\u0119, \u017ce to<br \/>\nsytuacja zupe\u0142nie bez wyj\u015bcia, a czasami tak\u017ce czuje si\u0119 przez<br \/>\ninnych odrzucony, albo osaczony \u2013 <b>jednak<\/b><b><br \/>\nz tym wszystkim idzie do Boga i prosi, aby On sam w jego \u017cyciu<br \/>\ndzia\u0142a\u0142 i On sam jego problemy rozwi\u0105zywa\u0142<\/b><br \/>\n\u2013<br \/>\ntaki cz\u0142owiek z ca\u0142\u0105 pewno\u015bci\u0105 us\u0142yszy ze strony Boga: <i><b>Ja<br \/>\njestem z tob\u0105<\/b><\/i><b>!<br \/>\n<\/b>Moj\u017cesz<br \/>\nuwierzy\u0142 w to Bo\u017ce zapewnienie, <b>czy<br \/>\njednak my jeste\u015bmy w stanie uwierzy\u0107?<\/b><\/p>\n<\/div>\n<div align=\"JUSTIFY\" style=\"margin-bottom: 0cm; text-indent: 1.24cm;\">\nTo<br \/>\nw\u0142a\u015bnie o takich ludziach Jezus dzisiaj w Ewangelii m\u00f3wi i takich<br \/>\nokre\u015bla mianem <b>prostaczk\u00f3w.<br \/>\nNie prostak\u00f3w, a prostaczk\u00f3w! <\/b><br \/>\nProstaczk\u00f3w<br \/>\n\u2013 a wi\u0119c ludzi prostych i<br \/>\nszczerych,<br \/>\nkt\u00f3rzy swoje wszystkie drogi kieruj\u0105 prosto do Boga, kt\u00f3rzy <b>prosto<br \/>\ni szczerze m\u00f3wi\u0105 i my\u015bl\u0105,<\/b><br \/>\nkt\u00f3rzy <b>prosto<br \/>\ni szczerze \u017cyj\u0105.<\/b><br \/>\nI kt\u00f3rzy tak <b>po<br \/>\nprotu i szczerze, bezgranicznie Bogu we wszystkim ufaj\u0105. <\/b>\n<\/div>\n<div align=\"JUSTIFY\" style=\"margin-bottom: 0cm; text-indent: 1.24cm;\">\nI<br \/>\ndlatego to w\u0142a\u015bnie dzisiaj m\u00f3wimy sobie, \u017ce s\u0142owa Jezusa z<br \/>\nEwangelii, jak i to wydarzenie starotestamentalne, <b>mo\u017ce<br \/>\nby\u0107 dla nas wszystkich \u017ar\u00f3d\u0142em nadziei.<\/b><br \/>\nOto bowiem wielu z nas \u2013 przy<br \/>\nokazji takich zwyczajnych rozm\u00f3w \u201eo wszystkim\u201d \u2013<br \/>\nokre\u015bla si\u0119 <b>mianem<br \/>\nzwyk\u0142<\/b><b>ych<\/b><b><br \/>\n<\/b><b>ludzi<\/b><b>,<br \/>\ntaki<\/b><b>ch<\/b><b><br \/>\nprzeci\u0119tn<\/b><b>ych<\/b><b>,<br \/>\n\u017cyj\u0105c<\/b><b>ych<\/b><b><br \/>\nswoim \u017cyciem; <\/b>ludzi,<br \/>\nkt\u00f3rzy<br \/>\nsi\u0119 nie wychylaj\u0105<br \/>\ni uwagi na siebie nie zwracaj\u0105\u2026<br \/>\nCo innego politycy, co innego ksi\u0119\u017ca, co innego ludzie stoj\u0105cy<br \/>\ngdzie\u015b na \u015bwieczniku \u2013 <b>oni<br \/>\nto s\u0105 znani, o nich w gazetach pisz\u0105, ich twarze s\u0105 rozpoznawalne,<\/b><br \/>\nwidzimy ich w telewizji\u2026 Tak, to s\u0105 ludzie znani, to s\u0105 ludzie<br \/>\nwa\u017cni, mo\u017ce nawet uwa\u017camy ich za wielkich\u2026 A my \u2013 <b>to<br \/>\ntacy zwyczajni, szarzy, przeci\u0119tni ludzie\u2026 <\/b>\n<\/div>\n<div align=\"JUSTIFY\" style=\"margin-bottom: 0cm; text-indent: 1.24cm;\">\nA<br \/>\njednak \u2013 u Boga wszystko wygl\u0105da inaczej. I \u017ceby to jeszcze raz<br \/>\npowt\u00f3rzy\u0107: <b>owa<br \/>\ns\u0142abo\u015b\u0107 i zwyczajno\u015b\u0107 mo\u017ce by\u0107 wspania\u0142\u0105<\/b><br \/>\n<b>przestrzeni\u0105<br \/>\ndla dzia\u0142ania Boga.<\/b><br \/>\nBo im mniej cz\u0142owiek sam sobie pr\u00f3buje radzi\u0107, im cz\u0142owiek mniej<br \/>\n\u2013 powiedzmy to mo\u017ce tak \u2013 \u201ecwaniakuje\u201d, tym wi\u0119cej B\u00f3g<br \/>\nmo\u017ce w<br \/>\nnim i przez niego<br \/>\nzdzia\u0142a\u0107. Kiedy bowiem<br \/>\nsam<br \/>\nsobie z czym\u015b tam poradzi, <b>to<br \/>\nju\u017c zaczyna my\u015ble\u0107, \u017ce jest samowystarczalny i tak na dobr\u0105<br \/>\nspraw\u0119 B\u00f3g nie jest mu a\u017c tak bardzo potrzebny.<\/b><\/p>\n<\/div>\n<div align=\"JUSTIFY\" style=\"margin-bottom: 0cm; text-indent: 1.24cm;\">\nIm<br \/>\ncz\u0142owiek jest natomiast mniej zdany na siebie, <b>tym<br \/>\nbardziej mo\u017ce zda\u0107 si\u0119 na Boga,<\/b><br \/>\na im bardziej zda si\u0119 na Boga, <b>tym<br \/>\nbardziej oka\u017ce si\u0119 silniejszy i skuteczny w dzia\u0142aniu.<\/b><br \/>\nW\u0142a\u015bnie dzi\u0119ki mocy Bo\u017cej, kt\u00f3rej bezgranicznie zaufa!<\/div>\n<div align=\"JUSTIFY\" style=\"margin-bottom: 0cm; text-indent: 1.24cm;\">\nTrzeba<br \/>\ntylko us\u0142ysze\u0107 i uwierzy\u0107 w zapewnienie Bo\u017ce: <i><b>Ja<br \/>\njestem z <\/b><\/i><i><b>t<\/b><\/i><i><b>ob\u0105<\/b><\/i><b>!<\/b><br \/>\nI trzeba uwierzy\u0107, \u017ce ten krzak, kt\u00f3ry tak intensywnie si\u0119 pali,<br \/>\njednak si\u0119 nie spala\u2026<\/div>\n","protected":false},"excerpt":{"rendered":"<p>Szcz\u0119\u015b\u0107 Bo\u017ce! Moi Drodzy, ju\u017c tylko dzie\u0144 dzieli Parafi\u0119 Celestyn\u00f3w od nawiedzenia Matki Bo\u017cej w Jej Figurze Loreta\u0144skiej. Przygotowujemy si\u0119 na to spotkanie nie tylko w wymiarze organizacyjnym. Wierz\u0119 g\u0142\u0119boko, \u017ce b\u0119dzie to czas \u015bwi\u0119ty i dobry. Na pewno b\u0119dzie to czas modlitwy. Obiecuj\u0119, \u017ce b\u0119dziecie, Kochani, w moich rozmowach z Matk\u0105 bardzo obecni! &nbsp; [&hellip;]<\/p>\n","protected":false},"author":1,"featured_media":0,"comment_status":"open","ping_status":"open","sticky":false,"template":"","format":"standard","meta":{"jetpack_post_was_ever_published":false,"_jetpack_newsletter_access":"","_jetpack_dont_email_post_to_subs":false,"_jetpack_newsletter_tier_id":0,"_jetpack_memberships_contains_paywalled_content":false,"_jetpack_memberships_contains_paid_content":false,"footnotes":""},"categories":[1],"tags":[],"class_list":["post-9061","post","type-post","status-publish","format-standard","hentry","category-bez-kategorii"],"yoast_head":"<!-- This site is optimized with the Yoast SEO plugin v25.1 - https:\/\/yoast.com\/wordpress\/plugins\/seo\/ -->\n<title>Ja jestem z tob\u0105! - Gaudium Et Spes<\/title>\n<meta name=\"robots\" content=\"index, follow, max-snippet:-1, max-image-preview:large, max-video-preview:-1\" \/>\n<link rel=\"canonical\" href=\"https:\/\/gaudiumetspes-blog.pl\/index.php\/2013\/07\/17\/ja-jestem-z-toba\/\" \/>\n<meta property=\"og:locale\" content=\"pl_PL\" \/>\n<meta property=\"og:type\" content=\"article\" \/>\n<meta property=\"og:title\" content=\"Ja jestem z tob\u0105! - Gaudium Et Spes\" \/>\n<meta property=\"og:description\" content=\"Szcz\u0119\u015b\u0107 Bo\u017ce! Moi Drodzy, ju\u017c tylko dzie\u0144 dzieli Parafi\u0119 Celestyn\u00f3w od nawiedzenia Matki Bo\u017cej w Jej Figurze Loreta\u0144skiej. Przygotowujemy si\u0119 na to spotkanie nie tylko w wymiarze organizacyjnym. Wierz\u0119 g\u0142\u0119boko, \u017ce b\u0119dzie to czas \u015bwi\u0119ty i dobry. Na pewno b\u0119dzie to czas modlitwy. Obiecuj\u0119, \u017ce b\u0119dziecie, Kochani, w moich rozmowach z Matk\u0105 bardzo obecni! &nbsp; [&hellip;]\" \/>\n<meta property=\"og:url\" content=\"https:\/\/gaudiumetspes-blog.pl\/index.php\/2013\/07\/17\/ja-jestem-z-toba\/\" \/>\n<meta property=\"og:site_name\" content=\"Gaudium Et Spes\" \/>\n<meta property=\"article:published_time\" content=\"2013-07-17T02:00:00+00:00\" \/>\n<meta property=\"article:modified_time\" content=\"2019-07-31T10:54:07+00:00\" \/>\n<meta name=\"author\" content=\"Ks. Jacek\" \/>\n<meta name=\"twitter:card\" content=\"summary_large_image\" \/>\n<meta name=\"twitter:label1\" content=\"Napisane przez\" \/>\n\t<meta name=\"twitter:data1\" content=\"Ks. Jacek\" \/>\n\t<meta name=\"twitter:label2\" content=\"Szacowany czas czytania\" \/>\n\t<meta name=\"twitter:data2\" content=\"7 minut\" \/>\n<script type=\"application\/ld+json\" class=\"yoast-schema-graph\">{\"@context\":\"https:\/\/schema.org\",\"@graph\":[{\"@type\":\"WebPage\",\"@id\":\"https:\/\/gaudiumetspes-blog.pl\/index.php\/2013\/07\/17\/ja-jestem-z-toba\/\",\"url\":\"https:\/\/gaudiumetspes-blog.pl\/index.php\/2013\/07\/17\/ja-jestem-z-toba\/\",\"name\":\"Ja jestem z tob\u0105! - Gaudium Et Spes\",\"isPartOf\":{\"@id\":\"https:\/\/gaudiumetspes-blog.pl\/#website\"},\"datePublished\":\"2013-07-17T02:00:00+00:00\",\"dateModified\":\"2019-07-31T10:54:07+00:00\",\"author\":{\"@id\":\"https:\/\/gaudiumetspes-blog.pl\/#\/schema\/person\/1661982992b752dea8dff0d4ed845a65\"},\"breadcrumb\":{\"@id\":\"https:\/\/gaudiumetspes-blog.pl\/index.php\/2013\/07\/17\/ja-jestem-z-toba\/#breadcrumb\"},\"inLanguage\":\"pl-PL\",\"potentialAction\":[{\"@type\":\"ReadAction\",\"target\":[\"https:\/\/gaudiumetspes-blog.pl\/index.php\/2013\/07\/17\/ja-jestem-z-toba\/\"]}]},{\"@type\":\"BreadcrumbList\",\"@id\":\"https:\/\/gaudiumetspes-blog.pl\/index.php\/2013\/07\/17\/ja-jestem-z-toba\/#breadcrumb\",\"itemListElement\":[{\"@type\":\"ListItem\",\"position\":1,\"name\":\"Strona g\u0142\u00f3wna\",\"item\":\"https:\/\/gaudiumetspes-blog.pl\/\"},{\"@type\":\"ListItem\",\"position\":2,\"name\":\"Ja jestem z&nbsp;tob\u0105!\"}]},{\"@type\":\"WebSite\",\"@id\":\"https:\/\/gaudiumetspes-blog.pl\/#website\",\"url\":\"https:\/\/gaudiumetspes-blog.pl\/\",\"name\":\"Gaudium Et Spes\",\"description\":\"Blog Ks. Jacka Ja\u015bkowskiego\",\"potentialAction\":[{\"@type\":\"SearchAction\",\"target\":{\"@type\":\"EntryPoint\",\"urlTemplate\":\"https:\/\/gaudiumetspes-blog.pl\/?s={search_term_string}\"},\"query-input\":{\"@type\":\"PropertyValueSpecification\",\"valueRequired\":true,\"valueName\":\"search_term_string\"}}],\"inLanguage\":\"pl-PL\"},{\"@type\":\"Person\",\"@id\":\"https:\/\/gaudiumetspes-blog.pl\/#\/schema\/person\/1661982992b752dea8dff0d4ed845a65\",\"name\":\"Ks. Jacek\",\"image\":{\"@type\":\"ImageObject\",\"inLanguage\":\"pl-PL\",\"@id\":\"https:\/\/gaudiumetspes-blog.pl\/#\/schema\/person\/image\/\",\"url\":\"https:\/\/gaudiumetspes-blog.pl\/wp-content\/uploads\/2019\/07\/avatar-JJ-150x150.jpg\",\"contentUrl\":\"https:\/\/gaudiumetspes-blog.pl\/wp-content\/uploads\/2019\/07\/avatar-JJ-150x150.jpg\",\"caption\":\"Ks. Jacek\"},\"description\":\"Witam serdecznie! K\u0142ania si\u0119 Ks. Jacek Ja\u015bkowski. Nie jestem ani kim\u015b wa\u017cnym, ani kim\u015b znanym. Jestem ksi\u0119dzem, kt\u00f3ry po prostu chce rozmawia\u0107. Codzienna kap\u0142a\u0144ska pos\u0142uga pokazuje mi, \u017ce temat\u00f3w do rozm\u00f3w z ksi\u0119dzem jest coraz wi\u0119cej i dzisiaj \u017caden ksi\u0105dz nie mo\u017ce od nich ucieka\u0107, ale - wprost przeciwnie - podejmowa\u0107 nowe wyzwania. To przekonanie sk\u0142oni\u0142o mnie do pr\u00f3by otwarcia tego\u017c bloga, chocia\u017c okazji do rozm\u00f3w na co dzie\u0144 - w konfesjonale i poza nim - na szcz\u0119\u015bcie nie brakuje. My\u015bl\u0119 jednak, \u017ce ten blog b\u0119dzie jeszcze jednym sposobem i przestrzeni\u0105 nawi\u0105zania kontaktu z lud\u017ami dobrej woli, otwartymi na dialog.\",\"url\":\"https:\/\/gaudiumetspes-blog.pl\/index.php\/author\/ks-jacek\/\"}]}<\/script>\n<!-- \/ Yoast SEO plugin. -->","yoast_head_json":{"title":"Ja jestem z tob\u0105! - Gaudium Et Spes","robots":{"index":"index","follow":"follow","max-snippet":"max-snippet:-1","max-image-preview":"max-image-preview:large","max-video-preview":"max-video-preview:-1"},"canonical":"https:\/\/gaudiumetspes-blog.pl\/index.php\/2013\/07\/17\/ja-jestem-z-toba\/","og_locale":"pl_PL","og_type":"article","og_title":"Ja jestem z tob\u0105! - Gaudium Et Spes","og_description":"Szcz\u0119\u015b\u0107 Bo\u017ce! Moi Drodzy, ju\u017c tylko dzie\u0144 dzieli Parafi\u0119 Celestyn\u00f3w od nawiedzenia Matki Bo\u017cej w Jej Figurze Loreta\u0144skiej. Przygotowujemy si\u0119 na to spotkanie nie tylko w wymiarze organizacyjnym. Wierz\u0119 g\u0142\u0119boko, \u017ce b\u0119dzie to czas \u015bwi\u0119ty i dobry. Na pewno b\u0119dzie to czas modlitwy. Obiecuj\u0119, \u017ce b\u0119dziecie, Kochani, w moich rozmowach z Matk\u0105 bardzo obecni! &nbsp; [&hellip;]","og_url":"https:\/\/gaudiumetspes-blog.pl\/index.php\/2013\/07\/17\/ja-jestem-z-toba\/","og_site_name":"Gaudium Et Spes","article_published_time":"2013-07-17T02:00:00+00:00","article_modified_time":"2019-07-31T10:54:07+00:00","author":"Ks. Jacek","twitter_card":"summary_large_image","twitter_misc":{"Napisane przez":"Ks. Jacek","Szacowany czas czytania":"7 minut"},"schema":{"@context":"https:\/\/schema.org","@graph":[{"@type":"WebPage","@id":"https:\/\/gaudiumetspes-blog.pl\/index.php\/2013\/07\/17\/ja-jestem-z-toba\/","url":"https:\/\/gaudiumetspes-blog.pl\/index.php\/2013\/07\/17\/ja-jestem-z-toba\/","name":"Ja jestem z tob\u0105! - Gaudium Et Spes","isPartOf":{"@id":"https:\/\/gaudiumetspes-blog.pl\/#website"},"datePublished":"2013-07-17T02:00:00+00:00","dateModified":"2019-07-31T10:54:07+00:00","author":{"@id":"https:\/\/gaudiumetspes-blog.pl\/#\/schema\/person\/1661982992b752dea8dff0d4ed845a65"},"breadcrumb":{"@id":"https:\/\/gaudiumetspes-blog.pl\/index.php\/2013\/07\/17\/ja-jestem-z-toba\/#breadcrumb"},"inLanguage":"pl-PL","potentialAction":[{"@type":"ReadAction","target":["https:\/\/gaudiumetspes-blog.pl\/index.php\/2013\/07\/17\/ja-jestem-z-toba\/"]}]},{"@type":"BreadcrumbList","@id":"https:\/\/gaudiumetspes-blog.pl\/index.php\/2013\/07\/17\/ja-jestem-z-toba\/#breadcrumb","itemListElement":[{"@type":"ListItem","position":1,"name":"Strona g\u0142\u00f3wna","item":"https:\/\/gaudiumetspes-blog.pl\/"},{"@type":"ListItem","position":2,"name":"Ja jestem z&nbsp;tob\u0105!"}]},{"@type":"WebSite","@id":"https:\/\/gaudiumetspes-blog.pl\/#website","url":"https:\/\/gaudiumetspes-blog.pl\/","name":"Gaudium Et Spes","description":"Blog Ks. Jacka Ja\u015bkowskiego","potentialAction":[{"@type":"SearchAction","target":{"@type":"EntryPoint","urlTemplate":"https:\/\/gaudiumetspes-blog.pl\/?s={search_term_string}"},"query-input":{"@type":"PropertyValueSpecification","valueRequired":true,"valueName":"search_term_string"}}],"inLanguage":"pl-PL"},{"@type":"Person","@id":"https:\/\/gaudiumetspes-blog.pl\/#\/schema\/person\/1661982992b752dea8dff0d4ed845a65","name":"Ks. Jacek","image":{"@type":"ImageObject","inLanguage":"pl-PL","@id":"https:\/\/gaudiumetspes-blog.pl\/#\/schema\/person\/image\/","url":"https:\/\/gaudiumetspes-blog.pl\/wp-content\/uploads\/2019\/07\/avatar-JJ-150x150.jpg","contentUrl":"https:\/\/gaudiumetspes-blog.pl\/wp-content\/uploads\/2019\/07\/avatar-JJ-150x150.jpg","caption":"Ks. Jacek"},"description":"Witam serdecznie! K\u0142ania si\u0119 Ks. Jacek Ja\u015bkowski. Nie jestem ani kim\u015b wa\u017cnym, ani kim\u015b znanym. Jestem ksi\u0119dzem, kt\u00f3ry po prostu chce rozmawia\u0107. Codzienna kap\u0142a\u0144ska pos\u0142uga pokazuje mi, \u017ce temat\u00f3w do rozm\u00f3w z ksi\u0119dzem jest coraz wi\u0119cej i dzisiaj \u017caden ksi\u0105dz nie mo\u017ce od nich ucieka\u0107, ale - wprost przeciwnie - podejmowa\u0107 nowe wyzwania. To przekonanie sk\u0142oni\u0142o mnie do pr\u00f3by otwarcia tego\u017c bloga, chocia\u017c okazji do rozm\u00f3w na co dzie\u0144 - w konfesjonale i poza nim - na szcz\u0119\u015bcie nie brakuje. My\u015bl\u0119 jednak, \u017ce ten blog b\u0119dzie jeszcze jednym sposobem i przestrzeni\u0105 nawi\u0105zania kontaktu z lud\u017ami dobrej woli, otwartymi na dialog.","url":"https:\/\/gaudiumetspes-blog.pl\/index.php\/author\/ks-jacek\/"}]}},"jetpack_featured_media_url":"","jetpack_sharing_enabled":true,"_links":{"self":[{"href":"https:\/\/gaudiumetspes-blog.pl\/index.php\/wp-json\/wp\/v2\/posts\/9061","targetHints":{"allow":["GET"]}}],"collection":[{"href":"https:\/\/gaudiumetspes-blog.pl\/index.php\/wp-json\/wp\/v2\/posts"}],"about":[{"href":"https:\/\/gaudiumetspes-blog.pl\/index.php\/wp-json\/wp\/v2\/types\/post"}],"author":[{"embeddable":true,"href":"https:\/\/gaudiumetspes-blog.pl\/index.php\/wp-json\/wp\/v2\/users\/1"}],"replies":[{"embeddable":true,"href":"https:\/\/gaudiumetspes-blog.pl\/index.php\/wp-json\/wp\/v2\/comments?post=9061"}],"version-history":[{"count":1,"href":"https:\/\/gaudiumetspes-blog.pl\/index.php\/wp-json\/wp\/v2\/posts\/9061\/revisions"}],"predecessor-version":[{"id":11150,"href":"https:\/\/gaudiumetspes-blog.pl\/index.php\/wp-json\/wp\/v2\/posts\/9061\/revisions\/11150"}],"wp:attachment":[{"href":"https:\/\/gaudiumetspes-blog.pl\/index.php\/wp-json\/wp\/v2\/media?parent=9061"}],"wp:term":[{"taxonomy":"category","embeddable":true,"href":"https:\/\/gaudiumetspes-blog.pl\/index.php\/wp-json\/wp\/v2\/categories?post=9061"},{"taxonomy":"post_tag","embeddable":true,"href":"https:\/\/gaudiumetspes-blog.pl\/index.php\/wp-json\/wp\/v2\/tags?post=9061"}],"curies":[{"name":"wp","href":"https:\/\/api.w.org\/{rel}","templated":true}]}}