{"id":9066,"date":"2013-07-12T06:07:00","date_gmt":"2013-07-12T04:07:00","guid":{"rendered":"https:\/\/gaudiumetspes-blog.pl\/index.php\/2013\/07\/12\/noc-jest-najciemniejsza-przed-swite\/"},"modified":"2019-07-31T12:54:06","modified_gmt":"2019-07-31T10:54:06","slug":"noc-jest-najciemniejsza-przed-swite","status":"publish","type":"post","link":"https:\/\/gaudiumetspes-blog.pl\/index.php\/2013\/07\/12\/noc-jest-najciemniejsza-przed-swite\/","title":{"rendered":"Noc jest najciemniejsza przed \u015bwitem."},"content":{"rendered":"<div class=\"separator\" style=\"clear: both; text-align: center;\">\n<a href=\"http:\/\/1.bp.blogspot.com\/-3JIYnliC5f4\/Ud-biYfTszI\/AAAAAAAAAgM\/pvrAmLJ78js\/s1600\/IMG_0150.JPG\" imageanchor=\"1\" style=\"clear: right; float: right; margin-bottom: 1em; margin-left: 1em;\"><img loading=\"lazy\" decoding=\"async\" border=\"0\" height=\"239\" src=\"https:\/\/gaudiumetspes-blog.pl\/wp-content\/uploads\/2013\/07\/IMG_0150.jpg\" width=\"320\" \/><\/a><\/div>\n<p><strong><em>Wspomnienie \u015bw. Brunona Bonifacego z Kwerfurtu, biskupa i m\u0119czennika<\/em><\/strong><\/p>\n<p><strong><em>(Rdz 46,1-7.28-30)<br \/> Izrael wyruszy\u0142 w drog\u0119 z ca\u0142ym swym dobytkiem. A gdy przyby\u0142 do Beer-Szeby, z\u0142o\u017cy\u0142 ofiar\u0119 Bogu ojca swego, Izaaka. B\u00f3g za\u015b w widzeniu nocnym tak odezwa\u0142 si\u0119 do Izraela: Jakubie, Jakubie! A gdy on odpowiedzia\u0142: Oto jestem, rzek\u0142 do niego: Jam jest B\u00f3g, B\u00f3g ojca twego. Id\u017a bez obawy do Egiptu, gdy\u017c uczyni\u0119 ci\u0119 tam wielkim narodem. Ja p\u00f3jd\u0119 tam z tob\u0105 i Ja stamt\u0105d ci\u0119 wyprowadz\u0119, a J\u00f3zef zamknie ci oczy. Potem Jakub wyruszy\u0142 z Beer-Szeby. Synowie Izraela umie\u015bcili ojca swego, Jakuba, swe dzieci i \u017cony na wozach, kt\u00f3re faraon przys\u0142a\u0142 dla przewiezienia ich. Zabrali te\u017c swe trzody i sw\u00f3j dobytek, kt\u00f3ry nabyli w Kanaanie. Tak przyby\u0142 Jakub do Egiptu wraz z ca\u0142ym potomstwem: wzi\u0105\u0142 z sob\u0105 do Egiptu syn\u00f3w, wnuk\u00f3w, c\u00f3rki i wnuczki &#8211; ca\u0142e swe potomstwo. Wys\u0142a\u0142 on przed sob\u0105 do J\u00f3zefa Jud\u0119, aby ten m\u00f3g\u0142 go wyprzedzi\u0107 do Goszen przed ich przybyciem. A gdy przybyli do ziemi Goszen, J\u00f3zef kaza\u0142 zaprz\u0105c do swego wozu i wyjecha\u0142 na spotkanie Izraela, ojca swego, do Goszen. Kiedy zobaczy\u0142 go, rzuci\u0142 mu si\u0119 na szyj\u0119 i d\u0142ugo szlocha\u0142 na jego szyi. Wreszcie Izrael odezwa\u0142 si\u0119 do J\u00f3zefa: Teraz mog\u0119 ju\u017c umrze\u0107, skoro zobaczy\u0142em ciebie, \u017ce jeszcze \u017cyjesz!<\/em><\/strong><\/p>\n<p><strong><em>(Mt 10,16-23)<br \/> Jezus powiedzia\u0142 do swoich aposto\u0142\u00f3w: Oto Ja was posy\u0142am jak owce mi\u0119dzy wilki. B\u0105d\u017acie wi\u0119c roztropni jak w\u0119\u017ce, a nieskazitelni jak go\u0142\u0119bie! Miejcie si\u0119 na baczno\u015bci przed lud\u017ami! B\u0119d\u0105 was wydawa\u0107 s\u0105dom i w swych synagogach b\u0119d\u0105 was biczowa\u0107. Nawet przed namiestnik\u00f3w i kr\u00f3l\u00f3w b\u0119d\u0105 was wodzi\u0107 z mego powodu, na \u015bwiadectwo im i poganom. Kiedy was wydadz\u0105, nie martwcie si\u0119 o to, jak ani co macie m\u00f3wi\u0107. W owej bowiem godzinie b\u0119dzie wam poddane, co macie m\u00f3wi\u0107, gdy\u017c nie wy b\u0119dziecie m\u00f3wili, lecz Duch Ojca waszego b\u0119dzie m\u00f3wi\u0142 przez was. Brat wyda brata na \u015bmier\u0107 i ojciec syna; dzieci powstan\u0105 przeciw rodzicom i o \u015bmier\u0107 ich przyprawi\u0105. B\u0119dziecie w nienawi\u015bci u wszystkich z powodu mego imienia. Lecz kto wytrwa do ko\u0144ca, ten b\u0119dzie zbawiony. Gdy was prze\u015bladowa\u0107 b\u0119d\u0105 w tym mie\u015bcie, uciekajcie do innego. Zaprawd\u0119, powiadam wam: Nie zd\u0105\u017cycie obej\u015b\u0107 miast Izraela, nim przyjdzie Syn Cz\u0142owieczy.<\/em><\/strong><\/p>\n<p><strong>Niech b\u0119dzie pochwalony Jezus Chrystus!<\/strong><\/p>\n<p>Pozdrawiam z Syberii. Dzi\u015b zn\u00f3w ja\u2026 wytrzymacie to jako\u015b, mam nadziej\u0119\u2026<\/p>\n<p>Dzi\u015b wiele spraw, a S\u0142owo Bo\u017ce daje nam pi\u0119kne \u015bwiat\u0142o na te sprawy\u2026<\/p>\n<p>Z naszego podw\u00f3rka rodzinnego, to <strong>dzi\u015b dzie\u0144 urodzin naszego Taty, Jana Ja\u015bkowskiego<\/strong>. W Rosji dzie\u0144 urodzin to najwa\u017cniejsze \u015bwi\u0119to w \u017cyciu cz\u0142owieka, dlatego ja te\u017c na zasadzie inkulturacji podkre\u015bl\u0119 ten dzie\u0144.<\/p>\n<p>Zanim jeszcze z\u0142o\u017c\u0119 \u017cyczenia, to jeszcze jedno spojrzenie z tej, rosyjskiej perspektywy. W dzie\u0144 urodzin Taty, przychodzi mi taka refleksja \u2013 jak dobrze mie\u0107 ojca\u2026 Tu w Rosji poczu\u0142em to du\u017co bardziej, spotykaj\u0105c mn\u00f3stwo ludzi pozbawionych tego szcz\u0119\u015bcia, pozbawionych normalnej rodziny, cierpi\u0105cych, poranionych przez tak\u0105 sytuacj\u0119. Pewnie, \u017ce ojca w sensie biologicznym ma ka\u017cdy, ale nie ka\u017cdy ojciec dor\u00f3s\u0142 do swojej roli.<\/p>\n<p>Oto wydarzenie z ostatnich dni, ma\u0142\u017ce\u0144stwo, kt\u00f3re jaki\u015b rok temu przysz\u0142o na spotkanie ma\u0142\u017ce\u0144stw, rozmawiali\u015bmy o wierze, modlitwie z wiar\u0105\u2026 Oni zacz\u0119li si\u0119 modli\u0107 o dziecko, kilka lat nie mogli mie\u0107. Modlili si\u0119 z wiar\u0105. Pan B\u00f3g odpowiedzia\u0142 natychmiast. Miesi\u0105c temu to dziecko si\u0119 urodzi\u0142o. Jednak kilka dni temu ojciec tego dziecka odszed\u0142 od swojej \u017cony do innej dziewczyny. Mo\u017cna postawi\u0107 pytanie \u2013 jak mo\u017cna po do\u015bwiadczeniu cudu, wys\u0142uchanej modlitwie, tak szybko odej\u015b\u0107? Odej\u015b\u0107 nie tylko od \u017cony, od dziecka, ale i od Boga.<\/p>\n<p>Pisz\u0119 to, poniewa\u017c jako\u015b t\u0119 sytuacj\u0119 prze\u017cywam, pisz\u0119 to prosz\u0105c Was o modlitw\u0119 za nich\u2026<\/p>\n<p>Pisz\u0119 to, aby podkre\u015bli\u0107 i wyrazi\u0107 wdzi\u0119czno\u015b\u0107 Panu Bogu za dar normalnej, dobrej rodziny, za dar ojca, modl\u0105c si\u0119 o takie szcz\u0119\u015bcie dla innych. <\/p>\n<p>Dlatego te\u017c Tacie, dzi\u0119kuj\u0105c \u017cycz\u0119, obfito\u015bci Bo\u017cego b\u0142ogos\u0142awie\u0144stwa na dalsze, oby jak najd\u0142u\u017csze lata  \u017cycia (a przecie\u017c to rodzina d\u0142ugowieczna \u2013 rodzice taty w tym roku b\u0119d\u0105 \u015bwi\u0119towali 65 lat wsp\u00f3lnego ma\u0142\u017ce\u0144skiego \u017cycia) i o to si\u0119 dzi\u015b szczeg\u00f3lnie modl\u0119.<\/p>\n<p>Ten pi\u0119kny wymiar ojcostwa widzimy dzi\u015b w I czytaniu, czytamy tam o wielkiej rado\u015bci J\u00f3zefa, ze spotkania ze swoim ojcem Jakubem. <\/p>\n<p>A dzisiejsza Ewangelia\u2026<\/p>\n<p>Nastraja nas do walki\u2026 duchowej walki.<\/p>\n<p>Wspomnia\u0142em na pocz\u0105tku, \u017ce s\u0142owo Bo\u017ce daje nam \u015bwiat\u0142o na sprawy, jakimi \u017cyjemy. XXI wiek za oknem, internet, wi\u0119c wiem co dzieje si\u0119 w Polsce. <\/p>\n<p>Mam na my\u015bli atak, medialn\u0105 walk\u0119 z abpem Henrykiem Hoserem. Spraw\u0119 t\u0119 prze\u017cywam, jako \u017ce, cho\u0107 pracuj\u0119 na Syberii, jestem wci\u0105\u017c ksi\u0119dzem diecezji warszawsko-praskiej. <\/p>\n<p>Jednak w duchu dzisiejszej Ewangelii patrz\u0119 na t\u0119 spraw\u0119 z wielk\u0105 nadziej\u0105, \u017ce prze\u015bladowania, ataki, to co\u015b z chrze\u015bcija\u0144stwem zwi\u0105zane mocno. Mo\u017cna nawet powiedzie\u0107, \u017ce podejrzane jest chrze\u015bcija\u0144stwo bez takich atak\u00f3w. Wyraziste, jasne chrze\u015bcija\u0144stwo powinno napotka\u0107 na pewien sprzeciw. Przecie\u017c o tym dzi\u015b m\u00f3wi Jezus. <br \/>\n<a name='more'><\/a><br \/>W tym kontek\u015bcie spodoba\u0142y mi si\u0119 s\u0142owa red. Franciszka Kucharczaka w jednym artykule w \u201eGo\u015bciu\u201d, w\u0142a\u015bnie na temat Ksi\u0119dza Arcybiskupa. Pisze on tak: \u201eC\u00f3\u017c, jestem przekonany, \u017ce tu ludzkie t\u0142umaczenie nie wystarcza. Powiedzmy sobie wprost: to, co zdarzy\u0142o si\u0119 w sobot\u0119 na Stadionie Narodowym (a by\u0142 to owoc inicjatywy abp. Hosera) wywo\u0142a\u0142o furi\u0119 diab\u0142a. Co chwil\u0119 kto\u015b mi m\u00f3wi o swoim duchowym wzmocnieniu i do\u015bwiadczeniu mocy wiary, jakiego by\u0142 uczestnikiem tam, w\u015br\u00f3d tych 60 tysi\u0119cy ludzi wielbi\u0105cych Boga.<\/p>\n<p>Nic dziwnego, \u017ce diabe\u0142 teraz miesza ile mo\u017ce. Ale b\u0105d\u017amy spokojni \u2013 niewiele mo\u017ce. To n\u0119dzny szmaciarz, kt\u00f3ry umie tylko k\u0142ama\u0107, opluwa\u0107 i psu\u0107, a i to w ograniczonym zakresie. To dolegliwe, ale na dalsz\u0105 met\u0119 \u2013 je\u015bli cz\u0142owiek przetrwa atak, trwaj\u0105c przy Bogu \u2013 wzmacnia i pozwala zobaczy\u0107 prawdziw\u0105 warto\u015b\u0107 rzeczy tego \u015bwiata. G\u0142owa szatana ju\u017c zosta\u0142a zmia\u017cd\u017cona\u201d.<\/p>\n<p>Wa\u017cne, aby\u015bmy my byli czy\u015bci, aby rzeczywi\u015bcie ten atak nie mia\u0142 s\u0142usznych podstaw. B\u0105d\u017acie nieskazitelni jak go\u0142\u0119bi\u0119. <\/p>\n<p>I co radzi Jezus? Kto wytrwa do ko\u0144ca, ten b\u0119dzie zbawiony!<\/p>\n<p>Jako komentarz do tych s\u0142\u00f3w, proponuj\u0119 s\u0142owa Papie\u017ca Franciszka z 28 czerwca, ze Mszy \u015aw. porannej, w domu \u015bw. Marty:<\/p>\n<p>\u201eB\u00f3g jest zaanga\u017cowany w nasze \u017cycie \u2013 to jest pewne! \u2013 ale cz\u0119sto tego nie widzimy. To wymaga od nas cierpliwo\u015bci. Ale B\u00f3g, kt\u00f3ry kroczy razem z nami, tak\u017ce ma wiele cierpliwo\u015bci wobec nas\u201d \u2013 powiedzia\u0142 Papie\u017c. <\/p>\n<p> Ojciec \u015awi\u0119ty zauwa\u017cy\u0142, \u017ce cz\u0119sto przychodz\u0105 trudne dla nas chwile, ciemna noc, podczas kt\u00f3rej chcemy \u201ezej\u015b\u0107 z Krzy\u017ca\u201d. Wtedy warto pami\u0119ta\u0107, \u017ce \u201enoc jest najciemniejsza w\u0142a\u015bnie przed \u015bwitem. Zawsze, kiedy schodzimy z Krzy\u017ca, robimy to pi\u0119\u0107 minut przed nadej\u015bciem wybawienia, w chwili najwi\u0119kszej niecierpliwo\u015bci\u201d:<\/p>\n<p> \u201eJezus na Krzy\u017cu s\u0142ysza\u0142, \u017ce Go prowokuj\u0105: \u00abZejd\u017a, zejd\u017a! Chod\u017a!\u00bb. Trzeba cierpliwo\u015bci a\u017c do ko\u0144ca, bo On ma cierpliwo\u015b\u0107 wobec nas. Zawsze przychodzi, jest z nami zwi\u0105zany, ale robi to na sw\u00f3j spos\u00f3b i w\u0142a\u015bnie wtedy, kiedy uzna, \u017ce to ju\u017c najlepszy moment. I tylko m\u00f3wi nam to, co powiedzia\u0142 Abrahamowi: \u00abKrocz w mojej obecno\u015bci i b\u0105d\u017a doskona\u0142y\u00bb, b\u0105d\u017a nieskazitelny \u2013 to jest w\u0142a\u015bciwe s\u0142owo. Krocz w mojej obecno\u015bci i staraj si\u0119 by\u0107 nieskazitelny. To jest w\u0142a\u015bnie droga z Chrystusem i On przychodzi, ale musimy wyczekiwa\u0107, wyczekiwa\u0107 momentu, krocz\u0105c wci\u0105\u017c w jego obecno\u015bci i staraj\u0105c si\u0119 by\u0107 nieskazitelnymi. Pro\u015bmy Pana o t\u0119 \u0142ask\u0119 kroczenia zawsze w jego obecno\u015bci, staraj\u0105c si\u0119 by\u0107 nieskazitelnymi\u201d \u2013 powiedzia\u0142 Papie\u017c.<\/p>\n<p>Pozdrawiam<\/p>\n<div class=\"separator\" style=\"clear: both; text-align: center;\">\n<a href=\"http:\/\/3.bp.blogspot.com\/-ER_kwBSHVeQ\/Ud-ccD3s7VI\/AAAAAAAAAgY\/C2Dl1TN6FNg\/s1600\/DSC_0379.JPG\" imageanchor=\"1\" style=\"margin-left: 1em; margin-right: 1em;\"><img loading=\"lazy\" decoding=\"async\" border=\"0\" height=\"265\" src=\"https:\/\/gaudiumetspes-blog.pl\/wp-content\/uploads\/2013\/07\/DSC_0379.jpg\" width=\"400\" \/><\/a><\/div>\n","protected":false},"excerpt":{"rendered":"<p>Wspomnienie \u015bw. Brunona Bonifacego z Kwerfurtu, biskupa i m\u0119czennika (Rdz 46,1-7.28-30) Izrael wyruszy\u0142 w drog\u0119 z ca\u0142ym swym dobytkiem. A gdy przyby\u0142 do Beer-Szeby, z\u0142o\u017cy\u0142 ofiar\u0119 Bogu ojca swego, Izaaka. B\u00f3g za\u015b w widzeniu nocnym tak odezwa\u0142 si\u0119 do Izraela: Jakubie, Jakubie! A gdy on odpowiedzia\u0142: Oto jestem, rzek\u0142 do niego: Jam jest B\u00f3g, B\u00f3g [&hellip;]<\/p>\n","protected":false},"author":1,"featured_media":0,"comment_status":"open","ping_status":"open","sticky":false,"template":"","format":"standard","meta":{"jetpack_post_was_ever_published":false,"_jetpack_newsletter_access":"","_jetpack_dont_email_post_to_subs":false,"_jetpack_newsletter_tier_id":0,"_jetpack_memberships_contains_paywalled_content":false,"_jetpack_memberships_contains_paid_content":false,"footnotes":""},"categories":[1],"tags":[],"class_list":["post-9066","post","type-post","status-publish","format-standard","hentry","category-bez-kategorii"],"yoast_head":"<!-- This site is optimized with the Yoast SEO plugin v25.1 - https:\/\/yoast.com\/wordpress\/plugins\/seo\/ -->\n<title>Noc jest najciemniejsza przed \u015bwitem. - Gaudium Et Spes<\/title>\n<meta name=\"robots\" content=\"index, follow, max-snippet:-1, max-image-preview:large, max-video-preview:-1\" \/>\n<link rel=\"canonical\" href=\"https:\/\/gaudiumetspes-blog.pl\/index.php\/2013\/07\/12\/noc-jest-najciemniejsza-przed-swite\/\" \/>\n<meta property=\"og:locale\" content=\"pl_PL\" \/>\n<meta property=\"og:type\" content=\"article\" \/>\n<meta property=\"og:title\" content=\"Noc jest najciemniejsza przed \u015bwitem. - Gaudium Et Spes\" \/>\n<meta property=\"og:description\" content=\"Wspomnienie \u015bw. Brunona Bonifacego z Kwerfurtu, biskupa i m\u0119czennika (Rdz 46,1-7.28-30) Izrael wyruszy\u0142 w drog\u0119 z ca\u0142ym swym dobytkiem. A gdy przyby\u0142 do Beer-Szeby, z\u0142o\u017cy\u0142 ofiar\u0119 Bogu ojca swego, Izaaka. B\u00f3g za\u015b w widzeniu nocnym tak odezwa\u0142 si\u0119 do Izraela: Jakubie, Jakubie! A gdy on odpowiedzia\u0142: Oto jestem, rzek\u0142 do niego: Jam jest B\u00f3g, B\u00f3g [&hellip;]\" \/>\n<meta property=\"og:url\" content=\"https:\/\/gaudiumetspes-blog.pl\/index.php\/2013\/07\/12\/noc-jest-najciemniejsza-przed-swite\/\" \/>\n<meta property=\"og:site_name\" content=\"Gaudium Et Spes\" \/>\n<meta property=\"article:published_time\" content=\"2013-07-12T04:07:00+00:00\" \/>\n<meta property=\"article:modified_time\" content=\"2019-07-31T10:54:06+00:00\" \/>\n<meta property=\"og:image\" content=\"https:\/\/gaudiumetspes-blog.pl\/wp-content\/uploads\/2013\/07\/IMG_0150.jpg\" \/>\n<meta name=\"author\" content=\"Ks. Jacek\" \/>\n<meta name=\"twitter:card\" content=\"summary_large_image\" \/>\n<meta name=\"twitter:label1\" content=\"Napisane przez\" \/>\n\t<meta name=\"twitter:data1\" content=\"Ks. Jacek\" \/>\n\t<meta name=\"twitter:label2\" content=\"Szacowany czas czytania\" \/>\n\t<meta name=\"twitter:data2\" content=\"7 minut\" \/>\n<script type=\"application\/ld+json\" class=\"yoast-schema-graph\">{\"@context\":\"https:\/\/schema.org\",\"@graph\":[{\"@type\":\"WebPage\",\"@id\":\"https:\/\/gaudiumetspes-blog.pl\/index.php\/2013\/07\/12\/noc-jest-najciemniejsza-przed-swite\/\",\"url\":\"https:\/\/gaudiumetspes-blog.pl\/index.php\/2013\/07\/12\/noc-jest-najciemniejsza-przed-swite\/\",\"name\":\"Noc jest najciemniejsza przed \u015bwitem. - Gaudium Et Spes\",\"isPartOf\":{\"@id\":\"https:\/\/gaudiumetspes-blog.pl\/#website\"},\"primaryImageOfPage\":{\"@id\":\"https:\/\/gaudiumetspes-blog.pl\/index.php\/2013\/07\/12\/noc-jest-najciemniejsza-przed-swite\/#primaryimage\"},\"image\":{\"@id\":\"https:\/\/gaudiumetspes-blog.pl\/index.php\/2013\/07\/12\/noc-jest-najciemniejsza-przed-swite\/#primaryimage\"},\"thumbnailUrl\":\"https:\/\/gaudiumetspes-blog.pl\/wp-content\/uploads\/2013\/07\/IMG_0150.jpg\",\"datePublished\":\"2013-07-12T04:07:00+00:00\",\"dateModified\":\"2019-07-31T10:54:06+00:00\",\"author\":{\"@id\":\"https:\/\/gaudiumetspes-blog.pl\/#\/schema\/person\/1661982992b752dea8dff0d4ed845a65\"},\"breadcrumb\":{\"@id\":\"https:\/\/gaudiumetspes-blog.pl\/index.php\/2013\/07\/12\/noc-jest-najciemniejsza-przed-swite\/#breadcrumb\"},\"inLanguage\":\"pl-PL\",\"potentialAction\":[{\"@type\":\"ReadAction\",\"target\":[\"https:\/\/gaudiumetspes-blog.pl\/index.php\/2013\/07\/12\/noc-jest-najciemniejsza-przed-swite\/\"]}]},{\"@type\":\"ImageObject\",\"inLanguage\":\"pl-PL\",\"@id\":\"https:\/\/gaudiumetspes-blog.pl\/index.php\/2013\/07\/12\/noc-jest-najciemniejsza-przed-swite\/#primaryimage\",\"url\":\"https:\/\/gaudiumetspes-blog.pl\/wp-content\/uploads\/2013\/07\/IMG_0150.jpg\",\"contentUrl\":\"https:\/\/gaudiumetspes-blog.pl\/wp-content\/uploads\/2013\/07\/IMG_0150.jpg\",\"width\":320,\"height\":239},{\"@type\":\"BreadcrumbList\",\"@id\":\"https:\/\/gaudiumetspes-blog.pl\/index.php\/2013\/07\/12\/noc-jest-najciemniejsza-przed-swite\/#breadcrumb\",\"itemListElement\":[{\"@type\":\"ListItem\",\"position\":1,\"name\":\"Strona g\u0142\u00f3wna\",\"item\":\"https:\/\/gaudiumetspes-blog.pl\/\"},{\"@type\":\"ListItem\",\"position\":2,\"name\":\"Noc jest najciemniejsza przed&nbsp;\u015bwitem.\"}]},{\"@type\":\"WebSite\",\"@id\":\"https:\/\/gaudiumetspes-blog.pl\/#website\",\"url\":\"https:\/\/gaudiumetspes-blog.pl\/\",\"name\":\"Gaudium Et Spes\",\"description\":\"Blog Ks. Jacka Ja\u015bkowskiego\",\"potentialAction\":[{\"@type\":\"SearchAction\",\"target\":{\"@type\":\"EntryPoint\",\"urlTemplate\":\"https:\/\/gaudiumetspes-blog.pl\/?s={search_term_string}\"},\"query-input\":{\"@type\":\"PropertyValueSpecification\",\"valueRequired\":true,\"valueName\":\"search_term_string\"}}],\"inLanguage\":\"pl-PL\"},{\"@type\":\"Person\",\"@id\":\"https:\/\/gaudiumetspes-blog.pl\/#\/schema\/person\/1661982992b752dea8dff0d4ed845a65\",\"name\":\"Ks. Jacek\",\"image\":{\"@type\":\"ImageObject\",\"inLanguage\":\"pl-PL\",\"@id\":\"https:\/\/gaudiumetspes-blog.pl\/#\/schema\/person\/image\/\",\"url\":\"https:\/\/gaudiumetspes-blog.pl\/wp-content\/uploads\/2019\/07\/avatar-JJ-150x150.jpg\",\"contentUrl\":\"https:\/\/gaudiumetspes-blog.pl\/wp-content\/uploads\/2019\/07\/avatar-JJ-150x150.jpg\",\"caption\":\"Ks. Jacek\"},\"description\":\"Witam serdecznie! K\u0142ania si\u0119 Ks. Jacek Ja\u015bkowski. Nie jestem ani kim\u015b wa\u017cnym, ani kim\u015b znanym. Jestem ksi\u0119dzem, kt\u00f3ry po prostu chce rozmawia\u0107. Codzienna kap\u0142a\u0144ska pos\u0142uga pokazuje mi, \u017ce temat\u00f3w do rozm\u00f3w z ksi\u0119dzem jest coraz wi\u0119cej i dzisiaj \u017caden ksi\u0105dz nie mo\u017ce od nich ucieka\u0107, ale - wprost przeciwnie - podejmowa\u0107 nowe wyzwania. To przekonanie sk\u0142oni\u0142o mnie do pr\u00f3by otwarcia tego\u017c bloga, chocia\u017c okazji do rozm\u00f3w na co dzie\u0144 - w konfesjonale i poza nim - na szcz\u0119\u015bcie nie brakuje. My\u015bl\u0119 jednak, \u017ce ten blog b\u0119dzie jeszcze jednym sposobem i przestrzeni\u0105 nawi\u0105zania kontaktu z lud\u017ami dobrej woli, otwartymi na dialog.\",\"url\":\"https:\/\/gaudiumetspes-blog.pl\/index.php\/author\/ks-jacek\/\"}]}<\/script>\n<!-- \/ Yoast SEO plugin. -->","yoast_head_json":{"title":"Noc jest najciemniejsza przed \u015bwitem. - Gaudium Et Spes","robots":{"index":"index","follow":"follow","max-snippet":"max-snippet:-1","max-image-preview":"max-image-preview:large","max-video-preview":"max-video-preview:-1"},"canonical":"https:\/\/gaudiumetspes-blog.pl\/index.php\/2013\/07\/12\/noc-jest-najciemniejsza-przed-swite\/","og_locale":"pl_PL","og_type":"article","og_title":"Noc jest najciemniejsza przed \u015bwitem. - Gaudium Et Spes","og_description":"Wspomnienie \u015bw. Brunona Bonifacego z Kwerfurtu, biskupa i m\u0119czennika (Rdz 46,1-7.28-30) Izrael wyruszy\u0142 w drog\u0119 z ca\u0142ym swym dobytkiem. A gdy przyby\u0142 do Beer-Szeby, z\u0142o\u017cy\u0142 ofiar\u0119 Bogu ojca swego, Izaaka. B\u00f3g za\u015b w widzeniu nocnym tak odezwa\u0142 si\u0119 do Izraela: Jakubie, Jakubie! A gdy on odpowiedzia\u0142: Oto jestem, rzek\u0142 do niego: Jam jest B\u00f3g, B\u00f3g [&hellip;]","og_url":"https:\/\/gaudiumetspes-blog.pl\/index.php\/2013\/07\/12\/noc-jest-najciemniejsza-przed-swite\/","og_site_name":"Gaudium Et Spes","article_published_time":"2013-07-12T04:07:00+00:00","article_modified_time":"2019-07-31T10:54:06+00:00","og_image":[{"url":"https:\/\/gaudiumetspes-blog.pl\/wp-content\/uploads\/2013\/07\/IMG_0150.jpg","type":"","width":"","height":""}],"author":"Ks. Jacek","twitter_card":"summary_large_image","twitter_misc":{"Napisane przez":"Ks. Jacek","Szacowany czas czytania":"7 minut"},"schema":{"@context":"https:\/\/schema.org","@graph":[{"@type":"WebPage","@id":"https:\/\/gaudiumetspes-blog.pl\/index.php\/2013\/07\/12\/noc-jest-najciemniejsza-przed-swite\/","url":"https:\/\/gaudiumetspes-blog.pl\/index.php\/2013\/07\/12\/noc-jest-najciemniejsza-przed-swite\/","name":"Noc jest najciemniejsza przed \u015bwitem. - Gaudium Et Spes","isPartOf":{"@id":"https:\/\/gaudiumetspes-blog.pl\/#website"},"primaryImageOfPage":{"@id":"https:\/\/gaudiumetspes-blog.pl\/index.php\/2013\/07\/12\/noc-jest-najciemniejsza-przed-swite\/#primaryimage"},"image":{"@id":"https:\/\/gaudiumetspes-blog.pl\/index.php\/2013\/07\/12\/noc-jest-najciemniejsza-przed-swite\/#primaryimage"},"thumbnailUrl":"https:\/\/gaudiumetspes-blog.pl\/wp-content\/uploads\/2013\/07\/IMG_0150.jpg","datePublished":"2013-07-12T04:07:00+00:00","dateModified":"2019-07-31T10:54:06+00:00","author":{"@id":"https:\/\/gaudiumetspes-blog.pl\/#\/schema\/person\/1661982992b752dea8dff0d4ed845a65"},"breadcrumb":{"@id":"https:\/\/gaudiumetspes-blog.pl\/index.php\/2013\/07\/12\/noc-jest-najciemniejsza-przed-swite\/#breadcrumb"},"inLanguage":"pl-PL","potentialAction":[{"@type":"ReadAction","target":["https:\/\/gaudiumetspes-blog.pl\/index.php\/2013\/07\/12\/noc-jest-najciemniejsza-przed-swite\/"]}]},{"@type":"ImageObject","inLanguage":"pl-PL","@id":"https:\/\/gaudiumetspes-blog.pl\/index.php\/2013\/07\/12\/noc-jest-najciemniejsza-przed-swite\/#primaryimage","url":"https:\/\/gaudiumetspes-blog.pl\/wp-content\/uploads\/2013\/07\/IMG_0150.jpg","contentUrl":"https:\/\/gaudiumetspes-blog.pl\/wp-content\/uploads\/2013\/07\/IMG_0150.jpg","width":320,"height":239},{"@type":"BreadcrumbList","@id":"https:\/\/gaudiumetspes-blog.pl\/index.php\/2013\/07\/12\/noc-jest-najciemniejsza-przed-swite\/#breadcrumb","itemListElement":[{"@type":"ListItem","position":1,"name":"Strona g\u0142\u00f3wna","item":"https:\/\/gaudiumetspes-blog.pl\/"},{"@type":"ListItem","position":2,"name":"Noc jest najciemniejsza przed&nbsp;\u015bwitem."}]},{"@type":"WebSite","@id":"https:\/\/gaudiumetspes-blog.pl\/#website","url":"https:\/\/gaudiumetspes-blog.pl\/","name":"Gaudium Et Spes","description":"Blog Ks. Jacka Ja\u015bkowskiego","potentialAction":[{"@type":"SearchAction","target":{"@type":"EntryPoint","urlTemplate":"https:\/\/gaudiumetspes-blog.pl\/?s={search_term_string}"},"query-input":{"@type":"PropertyValueSpecification","valueRequired":true,"valueName":"search_term_string"}}],"inLanguage":"pl-PL"},{"@type":"Person","@id":"https:\/\/gaudiumetspes-blog.pl\/#\/schema\/person\/1661982992b752dea8dff0d4ed845a65","name":"Ks. Jacek","image":{"@type":"ImageObject","inLanguage":"pl-PL","@id":"https:\/\/gaudiumetspes-blog.pl\/#\/schema\/person\/image\/","url":"https:\/\/gaudiumetspes-blog.pl\/wp-content\/uploads\/2019\/07\/avatar-JJ-150x150.jpg","contentUrl":"https:\/\/gaudiumetspes-blog.pl\/wp-content\/uploads\/2019\/07\/avatar-JJ-150x150.jpg","caption":"Ks. Jacek"},"description":"Witam serdecznie! K\u0142ania si\u0119 Ks. Jacek Ja\u015bkowski. Nie jestem ani kim\u015b wa\u017cnym, ani kim\u015b znanym. Jestem ksi\u0119dzem, kt\u00f3ry po prostu chce rozmawia\u0107. Codzienna kap\u0142a\u0144ska pos\u0142uga pokazuje mi, \u017ce temat\u00f3w do rozm\u00f3w z ksi\u0119dzem jest coraz wi\u0119cej i dzisiaj \u017caden ksi\u0105dz nie mo\u017ce od nich ucieka\u0107, ale - wprost przeciwnie - podejmowa\u0107 nowe wyzwania. To przekonanie sk\u0142oni\u0142o mnie do pr\u00f3by otwarcia tego\u017c bloga, chocia\u017c okazji do rozm\u00f3w na co dzie\u0144 - w konfesjonale i poza nim - na szcz\u0119\u015bcie nie brakuje. My\u015bl\u0119 jednak, \u017ce ten blog b\u0119dzie jeszcze jednym sposobem i przestrzeni\u0105 nawi\u0105zania kontaktu z lud\u017ami dobrej woli, otwartymi na dialog.","url":"https:\/\/gaudiumetspes-blog.pl\/index.php\/author\/ks-jacek\/"}]}},"jetpack_featured_media_url":"","jetpack_sharing_enabled":true,"_links":{"self":[{"href":"https:\/\/gaudiumetspes-blog.pl\/index.php\/wp-json\/wp\/v2\/posts\/9066","targetHints":{"allow":["GET"]}}],"collection":[{"href":"https:\/\/gaudiumetspes-blog.pl\/index.php\/wp-json\/wp\/v2\/posts"}],"about":[{"href":"https:\/\/gaudiumetspes-blog.pl\/index.php\/wp-json\/wp\/v2\/types\/post"}],"author":[{"embeddable":true,"href":"https:\/\/gaudiumetspes-blog.pl\/index.php\/wp-json\/wp\/v2\/users\/1"}],"replies":[{"embeddable":true,"href":"https:\/\/gaudiumetspes-blog.pl\/index.php\/wp-json\/wp\/v2\/comments?post=9066"}],"version-history":[{"count":1,"href":"https:\/\/gaudiumetspes-blog.pl\/index.php\/wp-json\/wp\/v2\/posts\/9066\/revisions"}],"predecessor-version":[{"id":11145,"href":"https:\/\/gaudiumetspes-blog.pl\/index.php\/wp-json\/wp\/v2\/posts\/9066\/revisions\/11145"}],"wp:attachment":[{"href":"https:\/\/gaudiumetspes-blog.pl\/index.php\/wp-json\/wp\/v2\/media?parent=9066"}],"wp:term":[{"taxonomy":"category","embeddable":true,"href":"https:\/\/gaudiumetspes-blog.pl\/index.php\/wp-json\/wp\/v2\/categories?post=9066"},{"taxonomy":"post_tag","embeddable":true,"href":"https:\/\/gaudiumetspes-blog.pl\/index.php\/wp-json\/wp\/v2\/tags?post=9066"}],"curies":[{"name":"wp","href":"https:\/\/api.w.org\/{rel}","templated":true}]}}