{"id":9084,"date":"2013-06-24T08:30:00","date_gmt":"2013-06-24T06:30:00","guid":{"rendered":"https:\/\/gaudiumetspes-blog.pl\/index.php\/2013\/06\/24\/jan-nie-udawa-mesjasza\/"},"modified":"2019-07-31T12:54:04","modified_gmt":"2019-07-31T10:54:04","slug":"jan-nie-udawa-mesjasza","status":"publish","type":"post","link":"https:\/\/gaudiumetspes-blog.pl\/index.php\/2013\/06\/24\/jan-nie-udawa-mesjasza\/","title":{"rendered":"Jan nie udawa\u0142 Mesjasza&#8230;"},"content":{"rendered":"<div align=\"JUSTIFY\" style=\"margin-bottom: 0cm;\">\nSzcz\u0119\u015b\u0107 Bo\u017ce! Moi Drodzy, wczoraj w Celestynowie odby\u0142 si\u0119 wspania\u0142y Parafialny Piknik Rodzinny. Chocia\u017c &#8211; jak wspomina\u0142em &#8211; rano by\u0142 deszcz i szaruga, to jednak od godzin przedpo\u0142udniowych zacz\u0119\u0142o si\u0119 &#8222;przeciera\u0107&#8221; i ju\u017c potem by\u0142o bardzo pi\u0119knie. Ca\u0142a impreza przebieg\u0142a sprawnie i sta\u0142a si\u0119 czytelnym \u015bwiadectwem, jak mo\u017cna rado\u015bnie wyznawa\u0107 wiar\u0119 tak\u017ce \u015bpiewem i zabaw\u0105! Wszystko zako\u0144czy\u0142o si\u0119 Msz\u0105 \u015awi\u0119t\u0105 o godzinie 20.00, sprawowan\u0105 z asyst\u0105 naszej S\u0142u\u017cby Liturgicznej i bardzo liczn\u0105 asyst\u0105&#8230; komar\u00f3w! Bogu niech b\u0119d\u0105 dzi\u0119ki za to wspania\u0142e dzie\u0142o!<\/div>\n<div align=\"JUSTIFY\" style=\"margin-bottom: 0cm;\">\n<b>&nbsp; &nbsp; <\/b>Kochani, we wczorajszych Waszych wpisach pojawi\u0142 si\u0119 temat, kt\u00f3ry ju\u017c od jakiego\u015b czasu bardzo mnie boli: sprawa wyk\u0142ad\u00f3w z ideologii gender na KUL. Jestem &#8211; jak wiecie &#8211; absolwentem tej Uczelni, tam robi\u0142em doktorat, tam te\u017c przez cztery lata prowadzi\u0142em \u0107wiczenia do wyk\u0142adu z prawa Sakrament\u00f3w \u015awi\u0119tych, na Wydziale Prawa, Prawa Kanonicznego i Administracji. W sumie, by\u0142em na KUL przez siedem lat, z\u017cy\u0142em si\u0119 z t\u0105 Uczelni\u0105, ze Studentami i z moimi Wsp\u00f3\u0142pracownikami.<b>&nbsp;<\/b><\/div>\n<div align=\"JUSTIFY\" style=\"margin-bottom: 0cm;\">\n<b>&nbsp; &nbsp; <\/b>A poniewa\u017c takie w\u00f3wczas by\u0142y odg\u00f3rne ustalenia &#8211; nie wiem, czyje i sk\u0105d wynikaj\u0105ce &#8211; \u017ce przed obron\u0105 doktoratu nie by\u0142o szansy zatrudnienia na sta\u0142y etat, tylko na umow\u0119 o dzie\u0142o, przeto na takiej zasadzie te swoje zaj\u0119cia prowadzi\u0142em, z ka\u017cdym rokiem na coraz gorszych warunkach finansowych. Nie zwa\u017ca\u0142em jednak na to, bo perspektywa sta\u0142ego zatrudnienia i zwi\u0105zania si\u0119 z Uczelni\u0105 by\u0142a niemal pewna. Jak si\u0119 okaza\u0142o, po obronie doktoratu dowiedzia\u0142em si\u0119 od mojego Promotora przez telefon, \u017ce nic z tego nie b\u0119dzie.&nbsp;<\/div>\n<div align=\"JUSTIFY\" style=\"margin-bottom: 0cm;\">\n<b>&nbsp; &nbsp; &nbsp;<\/b>Okoliczno\u015bci tej decyzji do dzi\u015b nie s\u0105 dla mnie jasne, cho\u0107 oficjalne motywy jakie\u015b tam by\u0142y mi podane. Wiem tylko, \u017ce w jednym momencie zosta\u0142em &#8222;na lodzie&#8221;, z mieszkaniem w Lublinie, kt\u00f3re by\u0142o zakupione przez Rodzic\u00f3w w\u0142a\u015bnie po to, abym &#8211; pracuj\u0105c na KUL &#8211; nie musia\u0142 doje\u017cd\u017ca\u0107. I pami\u0119tam, \u017ce kiedy potem chodzi\u0142em od drzwi do drzwi r\u00f3\u017cnych gabinet\u00f3w, pr\u00f3buj\u0105c rozmawia\u0107 z wa\u017cnymi Osobisto\u015bciami mojego Wydzia\u0142u, by znale\u017a\u0107 wyj\u015bcie z tej niespodziewanej sytuacji, dosta\u0142em wiele wyra\u017anych sygna\u0142\u00f3w, \u017ce nie mam tam czego szuka\u0107.<b>&nbsp;<\/b><\/div>\n<div align=\"JUSTIFY\" style=\"margin-bottom: 0cm;\">\n<b>&nbsp; &nbsp; <\/b>Szczer\u0105 \u017cyczliwo\u015b\u0107 okaza\u0142 mi wtedy Ksi\u0105dz Profesor Antoni Ko\u015b\u0107, \u00f3wczesny Prodziekan, prowadz\u0105cy obron\u0119 mojego doktoratu, dzi\u015b ju\u017c nie\u017cyj\u0105cy. Jestem Mu wdzi\u0119czny za trosk\u0119 i dobre serce &#8211; i Bogu Go polecam, prosz\u0105c o \u0142ask\u0119 wiecznego pokoju. Wszyscy inni pokazali mi wtedy, w tej bardzo trudnej sytuacji, \u017ce ich to nic nie obchodzi. A ca\u0142ego tego dzie\u0142a dope\u0142ni\u0142 \u00f3wczesny Dziekan Wydzia\u0142u, a obecny Rektor, Ksi\u0105dz Profesor Antoni D\u0119bi\u0144ski, kt\u00f3ry wezwa\u0142 mnie na rozmow\u0119 i w spos\u00f3b bardzo ostry, arogancki i bezpardonowy wypowiedzia\u0142 si\u0119 o moim doktoracie, o mojej pracy na Uczelni i w og\u00f3le da\u0142 mi do zrozumienia, \u017ce nic sob\u0105 nie prezentuj\u0119, dlatego nie mam czego szuka\u0107 na tak znamienitej Uczelni.<b>&nbsp;<\/b><\/div>\n<div align=\"JUSTIFY\" style=\"margin-bottom: 0cm;\">\n<b>&nbsp; &nbsp; <\/b>Przyznaj\u0119, ze do dzi\u015b pami\u0119tam t\u0119 rozmow\u0119, bo tylko kilka razy w \u017cyciu zosta\u0142em tak poni\u017cony, jak wtedy. Z gabinetu Dziekana wychodzi\u0142em z poczuciem totalnej przegranej i ca\u0142kowitego odrzucenia. Dzisiaj staram si\u0119 wspomina\u0107 i Jego, i ca\u0142\u0105 kadr\u0119 mojego Wydzia\u0142u, a szczeg\u00f3lnie moich Student\u00f3w &#8211; zar\u00f3wno Ksi\u0119\u017cy, jak i \u015awieckich &#8211; w osobistej modlitwie. I staram si\u0119 wraca\u0107 do tego, co by\u0142o pi\u0119kne, radosne i wznios\u0142e, a takich element\u00f3w tak\u017ce nie brakowa\u0142o. I chc\u0119 te\u017c bardzo jasno powiedzie\u0107, \u017ce wie\u015bci, jakie do mnie docieraj\u0105 w zwi\u0105zku chocia\u017cby z tym, o czym ostatnio s\u0142yszymy, nie s\u0105 dla mnie powodem jakiejkolwiek satysfakcji. Naprawd\u0119!&nbsp;<\/div>\n<div align=\"JUSTIFY\" style=\"margin-bottom: 0cm;\">\n<b>&nbsp; &nbsp;<\/b>Ja chc\u0119 dobra tej Uczelni i bardzo chc\u0119, aby by\u0142a ona naprawd\u0119 katolicka &#8211; chocia\u017c ju\u017c m\u00f3j Promotor i jednocze\u015bnie Szef Katedry, jeszcze kiedy wsp\u00f3\u0142pracowali\u015bmy, sam powtarza\u0142 kr\u0105\u017c\u0105c\u0105 po Uczelni powiastk\u0119, \u017ce z ca\u0142ej nazwy: &#8222;Katolicki Uniwersytet Lubelski&#8221; prawdziwy jest tylko jeden cz\u0142on: &#8222;Lubelski&#8221;. Niestety, ostatnie wydarzenia zdaj\u0105 si\u0119 to potwierdza\u0107. Ale i wcze\u015bniejsze tak\u017ce &#8211; jak nadawanie doktorat\u00f3w honoris causa ludziom o pogl\u0105dach liberalnych, wprost szkaluj\u0105cych Ko\u015bci\u00f3\u0142.<b>&nbsp;<\/b><\/div>\n<div align=\"JUSTIFY\" style=\"margin-bottom: 0cm;\">\n<b>&nbsp; &nbsp; &nbsp;<\/b>Dzisiaj zatem dochodz\u0119 do wniosku, \u017ce jakkolwiek dot\u0105d wydawa\u0142o mi si\u0119, \u017ce jedynym, co mog\u0119 zarzuci\u0107 tej Uczelni jest nieludzkie traktowanie cz\u0142owieka (cho\u0107 to te\u017c wa\u017cne, wr\u0119cz fundamentalne), to teraz trzeba zastanowi\u0107 si\u0119 ju\u017c tak\u017ce &#8211; niestety &#8211; nad lini\u0105 nauczania, prezentowan\u0105 przez t\u0119 instytucj\u0119. Mo\u017ce czas najwy\u017cszy na to, aby odpowiednie watyka\u0144skie dykasteria przyjrza\u0142y si\u0119 z bliska temu, co tam si\u0119 dzieje i czego tam si\u0119 naucza &#8211; i odpowiednio zareagowa\u0142y? Nie wy\u0142\u0105czaj\u0105c tak\u017ce odebrania tytu\u0142u &#8222;katolicki&#8221;?<\/div>\n<div align=\"JUSTIFY\" style=\"margin-bottom: 0cm;\">\n<b>&nbsp; &nbsp; <\/b>A najbardziej przykre w tym wszystkim jest to, \u017ce od jakiego\u015b czasu pe\u0142na nazwa tej Uczelni to: &#8222;Katolicki Uniwersytet Lubelski Jana Paw\u0142a II&#8221;. Bez komentarza.<\/div>\n<div align=\"JUSTIFY\" style=\"margin-bottom: 0cm;\">\n&nbsp; &nbsp; &nbsp; &nbsp; &nbsp; &nbsp; &nbsp; &nbsp;Gaudium et spes! &nbsp;Ks. Jacek<\/div>\n<div align=\"JUSTIFY\" style=\"margin-bottom: 0cm;\">\n<b><br \/><\/b><\/div>\n<div align=\"JUSTIFY\" style=\"margin-bottom: 0cm;\">\n<b>Uroczysto\u015b\u0107<br \/>\nNarodzenia \u015aw. Jana Chrzciciela \u2013 Msza w dzie\u0144,<\/b><\/div>\n<div align=\"JUSTIFY\" style=\"margin-bottom: 0cm;\">\n<b>do<br \/>\nczyta\u0144 z t. VI Lekcjonarza:  Iz 49,1\u20136;  Dz 13,22\u201326;  \u0141k<br \/>\n1,57\u201366.80<\/b><\/div>\n<div align=\"JUSTIFY\" style=\"margin-bottom: 0cm;\">\n<\/div>\n<div align=\"JUSTIFY\" style=\"margin-bottom: 0cm; page-break-before: auto;\">\n<b>CZYTANIE<br \/>\nZ KSI\u0118GI PROROKA IZAJASZA: <\/b>\n<\/div>\n<div align=\"JUSTIFY\" style=\"margin-bottom: 0cm; text-indent: 1.24cm;\">\n<b>Wyspy,<br \/>\npos\u0142uchajcie mnie! Ludy najdalsze, uwa\u017cajcie! Powo\u0142a\u0142 mnie Pan<br \/>\nju\u017c z \u0142ona mej matki, od jej wn\u0119trzno\u015bci wspomnia\u0142 moje imi\u0119.<br \/>\nOstrym mieczem uczyni\u0142 me usta, w cieniu swej r\u0119ki mnie ukry\u0142.<br \/>\nUczyni\u0142 ze mnie strza\u0142\u0119 zaostrzon\u0105, utai\u0142 mnie w swoim<br \/>\nko\u0142czanie. I rzek\u0142 mi: \u201eTy\u015b s\u0142ug\u0105 moim, w tobie si\u0119<br \/>\nrozs\u0142awi\u0119\u201d. <\/b>\n<\/div>\n<div align=\"JUSTIFY\" style=\"margin-bottom: 0cm; text-indent: 1.24cm;\">\n<b>Ja<br \/>\nza\u015b m\u00f3wi\u0142em: \u201ePr\u00f3\u017cno si\u0119 trudzi\u0142em, na darmo i na nic<br \/>\nzu\u017cy\u0142em me si\u0142y. Lecz moje prawo jest u Pana i moja nagroda u Boga<br \/>\nmego. Ws\u0142awi\u0142em si\u0119 w oczach Pana. B\u00f3g m\u00f3j sta\u0142 si\u0119 moj\u0105<br \/>\nsi\u0142\u0105\u201d. <\/b>\n<\/div>\n<div align=\"JUSTIFY\" style=\"margin-bottom: 0cm; text-indent: 1.24cm;\">\n<b>A<br \/>\nteraz przem\u00f3wi\u0142 Pan, kt\u00f3ry mnie ukszta\u0142towa\u0142 od urodzenia na<br \/>\nswego s\u0142ug\u0119, bym nawr\u00f3ci\u0142 do Niego Jakuba i zgromadzi\u0142 Mu<br \/>\nIzraela. <\/b>\n<\/div>\n<div align=\"JUSTIFY\" style=\"margin-bottom: 0cm; text-indent: 1.24cm;\">\n<b>I<br \/>\nrzek\u0142 mi: \u201eTo zbyt ma\u0142o, i\u017c jeste\u015b mi s\u0142ug\u0105 dla pod\u017awigni\u0119cia<br \/>\npokole\u0144 Jakuba i sprowadzenia ocala\u0142ych z Izraela. Ustanowi\u0119 ci\u0119<br \/>\n\u015bwiat\u0142o\u015bci\u0105 dla pogan, aby moje zbawienie dotar\u0142o a\u017c do kra\u0144c\u00f3w<br \/>\nziemi\u201d.<\/b><\/div>\n<div align=\"JUSTIFY\" style=\"margin-bottom: 0cm;\">\n<\/div>\n<div align=\"JUSTIFY\" style=\"margin-bottom: 0cm;\">\n<b>CZYTANIE<br \/>\nZ DZIEJ\u00d3W APOSTOLSKICH: <\/b>\n<\/div>\n<div align=\"JUSTIFY\" style=\"margin-bottom: 0cm; text-indent: 1.24cm;\">\n<b>W<br \/>\nsynagodze w Antiochii Pizydyjskiej Pawe\u0142 powiedzia\u0142: \u201eB\u00f3g da\u0142<br \/>\nojcom naszym Dawida na kr\u00f3la, o kt\u00f3rym te\u017c da\u0142 \u015bwiadectwo w<br \/>\ns\u0142owach: \u00abZnalaz\u0142em Dawida, syna Jessego, cz\u0142owieka po mojej<br \/>\nmy\u015bli, kt\u00f3ry we wszystkim wype\u0142ni moj\u0105 wol\u0119\u00bb. Z jego to<br \/>\npotomstwa, stosownie do obietnicy, wyprowadzi\u0142 B\u00f3g Izraelowi<br \/>\nZbawiciela Jezusa. Przed Jego przyj\u015bciem Jan g\u0142osi\u0142 chrzest<br \/>\nnawr\u00f3cenia ca\u0142emu ludowi izraelskiemu. <\/b>\n<\/div>\n<div align=\"JUSTIFY\" style=\"margin-bottom: 0cm; text-indent: 1.24cm;\">\n<b>A<br \/>\npod koniec swojej dzia\u0142alno\u015bci Jan m\u00f3wi\u0142: \u00abJa nie jestem tym, za<br \/>\nkogo mnie uwa\u017cacie. Po mnie przyjdzie Ten, kt\u00f3remu nie jestem godny<br \/>\nrozwi\u0105za\u0107 sanda\u0142\u00f3w na nogach\u00bb. <\/b>\n<\/div>\n<div align=\"JUSTIFY\" style=\"margin-bottom: 0cm; text-indent: 1.24cm;\">\n<b>Bracia,<br \/>\nsynowie rodu Abrahama i ci spo\u015br\u00f3d was, kt\u00f3rzy si\u0119 boj\u0105 Boga!<br \/>\nNam zosta\u0142a przekazana nauka o tym zbawieniu\u201d.<\/b><\/div>\n<div align=\"JUSTIFY\" style=\"margin-bottom: 0cm;\">\n<\/div>\n<div align=\"JUSTIFY\" style=\"margin-bottom: 0cm;\">\n<b>S\u0141OWA<br \/>\nEWANGELII WED\u0141UG \u015aWI\u0118TEGO<br \/>\n\u0141UKASZA: <\/b>\n<\/div>\n<div align=\"JUSTIFY\" style=\"margin-bottom: 0cm; text-indent: 1.24cm;\">\n<b>Dla<br \/>\nEl\u017cbiety nadszed\u0142 czas rozwi\u0105zania i urodzi\u0142a syna. Gdy jej<br \/>\ns\u0105siedzi i krewni us\u0142yszeli, \u017ce Pan okaza\u0142 tak wielkie<br \/>\nmi\u0142osierdzie nad ni\u0105, cieszyli si\u0119 z ni\u0105 razem. <\/b>\n<\/div>\n<div align=\"JUSTIFY\" style=\"margin-bottom: 0cm; text-indent: 1.24cm;\">\n<b>\u00d3smego<br \/>\ndnia przyszli, aby obrzeza\u0107 dzieci\u0119, i chcieli mu da\u0107 imi\u0119 ojca<br \/>\njego, Zachariasza. Jednak\u017ce matka jego odpowiedzia\u0142a: \u201eNie, lecz<br \/>\nma otrzyma\u0107 imi\u0119 Jan\u201d. Odrzekli jej: \u201eNie ma nikogo w twoim<br \/>\nrodzie, kto by nosi\u0142 to imi\u0119\u201d. Pytali wi\u0119c znakami jego ojca,<br \/>\njak by go chcia\u0142 nazwa\u0107. On za\u017c\u0105da\u0142 tabliczki i napisa\u0142: \u201eJan<br \/>\nb\u0119dzie mu na imi\u0119\u201d. I wszyscy si\u0119 dziwili. <\/b>\n<\/div>\n<div align=\"JUSTIFY\" style=\"margin-bottom: 0cm; text-indent: 1.24cm;\">\n<b>A<br \/>\nnatychmiast otworzy\u0142y si\u0119 jego usta, j\u0119zyk si\u0119 rozwi\u0105za\u0142 i<br \/>\nm\u00f3wi\u0142, wielbi\u0105c Boga. I pad\u0142 strach na wszystkich ich s\u0105siad\u00f3w.<br \/>\nW ca\u0142ej g\u00f3rskiej krainie Judei rozpowiadano o tym wszystkim, co si\u0119<br \/>\nzdarzy\u0142o. A wszyscy, kt\u00f3rzy o tym s\u0142yszeli, brali to sobie do<br \/>\nserca i pytali: \u201eKim\u017ce b\u0119dzie to dzieci\u0119?\u201d Bo istotnie r\u0119ka<br \/>\nPa\u0144ska by\u0142a z nim. <\/b>\n<\/div>\n<div align=\"JUSTIFY\" style=\"margin-bottom: 0cm; text-indent: 1.24cm;\">\n<b>Ch\u0142opiec<br \/>\nza\u015b r\u00f3s\u0142 i wzmacnia\u0142 si\u0119 duchem; a \u017cy\u0142 na pustkowiu a\u017c do<br \/>\ndnia ukazania si\u0119 przed Izraelem.<\/b><\/div>\n<div align=\"JUSTIFY\" style=\"margin-bottom: 0cm;\">\n<\/div>\n<div align=\"JUSTIFY\" style=\"margin-bottom: 0cm; page-break-before: auto; text-indent: 1.24cm;\">\nI<br \/>\nc\u00f3\u017c mo\u017cna powiedzie\u0107 o Janie Chrzcicielu? Co powiedzie\u0107 o tym<br \/>\ncz\u0142owieku <b>tak pokornym, a tak niezwyk\u0142ym jednocze\u015bnie?<\/b><br \/>\nBardzo dobrze jego duchowo\u015b\u0107, postaw\u0119 i pos\u0142ug\u0119 oddaje<br \/>\ndzisiejsze pierwsze czytanie, w kt\u00f3rym s\u0142yszymy takie oto s\u0142owa<br \/>\nProroka Izajasza: <i><b>A teraz<br \/>\nprzem\u00f3wi\u0142 Pan, kt\u00f3ry mnie ukszta\u0142towa\u0142 od urodzenia na swego<br \/>\ns\u0142ug\u0119, bym nawr\u00f3ci\u0142 do Niego Jakuba i zgromadzi\u0142 Mu Izraela. I<br \/>\nrzek\u0142 mi: \u201eTo zbyt ma\u0142o, i\u017c jeste\u015b mi s\u0142ug\u0105 dla pod\u017awigni\u0119cia<br \/>\npokole\u0144 Jakuba i sprowadzenia ocala\u0142ych z Izraela. Ustanowi\u0119 ci\u0119<br \/>\n\u015bwiat\u0142o\u015bci\u0105 dla pogan, aby moje zbawienie dotar\u0142o a\u017c do kra\u0144c\u00f3w<br \/>\nziemi\u201d<\/b><\/i><b>.<br \/>\n<\/b>\n<\/div>\n<div align=\"JUSTIFY\" style=\"margin-bottom: 0cm; text-indent: 1.24cm;\">\nRzeczywi\u015bcie,<br \/>\nm\u00f3g\u0142 te s\u0142owa Izajasza i s\u0142owa Bo\u017ce, do Izajasza skierowane,<br \/>\n<b>odnie\u015b\u0107<br \/>\nbezpo\u015brednio do siebie \u015awi\u0119ty Jan Chrzciciel.<\/b><br \/>\nBo jego tak\u017ce Pan ustanowi\u0142 prawdziw\u0105 <i><b>\u015bwiat\u0142o\u015bci\u0105<br \/>\ndla pogan<\/b><\/i><b>,<\/b><br \/>\n\u015bwiat\u0142o\u015bci\u0105 dla \u015bwiata, aby zbawienie Bo\u017ce mog\u0142o dotrze\u0107 <i><b>a\u017c<br \/>\ndo kra\u0144c\u00f3w ziemi.<\/b><\/i><br \/>\nW tym w\u0142a\u015bnie celu Jan przygotowywa\u0142 ludzko\u015b\u0107 na przyj\u015bcie<br \/>\nZbawiciela \u2013 Jezusa Chrystusa.\n<\/div>\n<div align=\"JUSTIFY\" style=\"margin-bottom: 0cm; text-indent: 1.24cm;\">\nW<br \/>\nAntiochii Pizydyjskiej Pawe\u0142 Aposto\u0142 tak o tym m\u00f3wi\u0142 \u2013 a my<br \/>\ns\u0142yszeli\u015bmy o tym w drugim czytaniu: <i><b>Z<br \/>\njego to potomstwa, stosownie<\/b><\/i><b><br \/>\n<\/b><i><b>do<br \/>\nobietnicy, wyprowadzi\u0142 B\u00f3g Izraelowi Zbawiciela Jezusa. Przed Jego<br \/>\nprzyj\u015bciem Jan g\u0142osi\u0142 chrzest nawr\u00f3cenia ca\u0142emu ludowi<br \/>\nizraelskiemu<\/b><\/i><b>.<br \/>\n<\/b>Ale<br \/>\nte\u017c musia\u0142 \u015awi\u0119ty Jan Chrzciciel prostowa\u0107 r\u00f3\u017cne fa\u0142szywe<br \/>\npogl\u0105dy na sw\u00f3j temat. W drugim<br \/>\ndzisiejszym czytaniu<br \/>\ns\u0142yszymy, i\u017c <i><b>pod<br \/>\nkoniec swojej dzia\u0142alno\u015bci Jan m\u00f3wi\u0142: \u00abJa nie jestem tym, za<br \/>\nkogo mnie uwa\u017cacie. Po mnie przyjdzie Ten, kt\u00f3remu nie jestem godny<br \/>\nrozwi\u0105za\u0107 sanda\u0142\u00f3w na nogach\u00bb.<\/b><\/i><b><br \/>\n<\/b>\n<\/div>\n<div align=\"JUSTIFY\" style=\"margin-bottom: 0cm; text-indent: 1.24cm;\">\nA<br \/>\nzatem, Jan g\u0142osi\u0142 Chrystusa, zapowiada\u0142 Go, przygotowywa\u0142 ludzi<br \/>\nna Jego przyj\u015bcie, <b>ale<br \/>\nnigdy nie zaj\u0105\u0142 Jego miejsca, nigdy nie przypisa\u0142 sobie Jego<br \/>\nw\u0142a\u015bciwo\u015bci, czy Jego pozycji.<\/b><br \/>\nM\u00f3wi\u0105c ju\u017c tak wprost: <b>nigdy<br \/>\nnie udawa\u0142 Mesjasza!<\/b><br \/>\nA m\u00f3g\u0142, bo przecie\u017c niewiele trzeba by\u0142o \u2013 mo\u017ce tylko jedno<br \/>\nzdanie, a mo\u017ce tylko jeden gest \u2013 <b>aby<br \/>\nludzie zacz\u0119li mu oddawa\u0107 cze\u015b\u0107 Bosk\u0105.<\/b><br \/>\nSpecyfika jego misji, wyj\u0105tkowo\u015b\u0107 jego zadania, polegaj\u0105ca na<br \/>\ntym, \u017ce nikt przed nim i nikt po nim nie mia\u0142<br \/>\ndo odegrania takiej roli;<br \/>\na wreszcie <b>tak\u017ce<br \/>\njego bezpo\u015brednia blisko\u015b\u0107 z Jezusem<\/b><br \/>\n\u2013 wszystko to mog\u0142o sprawi\u0107, \u017ce chocia\u017c odrobin\u0119, chocia\u017c<br \/>\nmale\u0144k\u0105 cz\u0105stk\u0119 chwa\u0142y Jezusa i Jego blasku, Jego bosko\u015bci <b>m\u00f3g\u0142<br \/>\nsobie uszczkn\u0105\u0107. <\/b>\n<\/div>\n<div align=\"JUSTIFY\" style=\"margin-bottom: 0cm; text-indent: 1.24cm;\">\nBo<br \/>\nprzecie\u017c<b><br \/>\n<\/b>w<br \/>\nsumie \u2013 to<br \/>\ndlaczeg\u00f3\u017c<br \/>\nby nie? <b>Przecie\u017c<br \/>\nJezusowi i tak by od tego nic nie uby\u0142o,<\/b><br \/>\na Jan wcale nie musia\u0142by wzi\u0105\u0107 dla siebie du\u017co, <b>mo\u017ce<br \/>\ntylko odrobin\u0119,<\/b><br \/>\na to ju\u017c by bardzo wzmocni\u0142o jego pozycj\u0119. <b>A<br \/>\njednak nie!  Tak si\u0119 nie sta\u0142o!<\/b><br \/>\nJan si\u0119 na to nigdy nie zgodzi\u0142, nigdy \u2013 \u017ceby to jeszcze raz<br \/>\nbardzo mocno i bardzo jasno powt\u00f3rzy\u0107 \u2013 <b>nie<br \/>\nudawa\u0142 tego, kt\u00f3rym nie jest!<\/b><br \/>\nBy\u0142 za to ca\u0142kowicie poddany Temu, kt\u00f3rym nie by\u0142, <b>czyli<br \/>\nMesjaszowi, Bogu\u2026<\/b><\/p>\n<\/div>\n<div align=\"JUSTIFY\" style=\"margin-bottom: 0cm; text-indent: 1.24cm;\">\nAle<br \/>\nta postawa Jana nie wzi\u0119\u0142a si\u0119 znik\u0105d<br \/>\n\u2013<br \/>\n<b>wyros\u0142a<br \/>\nwprost z atmosfery jego domu, z ca\u0142ego tego kontekstu, w jakim<br \/>\ndokonywa\u0142o si\u0119 jego narodzenie.<\/b><br \/>\nOto zapowiedziany przez Anio\u0142a Pa\u0144skiego, by\u0142 <b>wyczekiwany<br \/>\ni wyt\u0119skniony przez swoich starych Rodzic\u00f3w.<\/b><br \/>\nPoniewa\u017c ojciec jego Zachariasz nie uwierzy\u0142 niezwyk\u0142ej<br \/>\nzapowiedzi, przeto zosta\u0142 naznaczony odj\u0119ciem mowy. Jak<br \/>\nus\u0142yszeli\u015bmy dzisiaj w Ewangelii, zdolno\u015b\u0107 m\u00f3wienia<br \/>\n<b>odzyska\u0142<br \/>\nzaraz potem, jak dokona\u0142o si\u0119 to, bo by\u0142o zapowiedziane, <\/b>czyli<br \/>\nzaraz po narodzinach syna.<\/p>\n<\/div>\n<div align=\"JUSTIFY\" style=\"margin-bottom: 0cm; text-indent: 1.24cm;\">\nI<br \/>\nwtedy te\u017c <b>nadano<br \/>\n<\/b><b>naszemu<br \/>\nPatronowi<\/b><b><br \/>\nimi\u0119, kt\u00f3rego nikt si\u0119 nie spodziewa\u0142,<\/b><br \/>\nbo powszechnie my\u015blano, \u017ce b\u0119dzie to <b>imi\u0119<br \/>\nZachariasz,<\/b><br \/>\na tymczasem nadano mu <b>imi\u0119<br \/>\nJan<\/b><br \/>\n\u2013 pomimo \u017ce nikt w jego rodzie tego imienia nie nosi\u0142.\n<\/div>\n<div align=\"JUSTIFY\" style=\"margin-bottom: 0cm; text-indent: 1.24cm;\">\nA<br \/>\npotem ju\u017c stale otoczony by\u0142 opiek\u0105 Bosk\u0105, o czym ostatnie zdania<br \/>\ndzisiejszej Ewangelii tak m\u00f3wi\u0105: <i><b>W<br \/>\nca\u0142ej g\u00f3rskiej krainie Judei rozpowiadano o tym wszystkim, co si\u0119<br \/>\nzdarzy\u0142o. A wszyscy, kt\u00f3rzy o tym s\u0142yszeli, brali to sobie do<br \/>\nserca i pytali: \u201eKim\u017ce b\u0119dzie to dzieci\u0119?\u201d Bo istotnie r\u0119ka<br \/>\nPa\u0144ska by\u0142a z nim. Ch\u0142opiec za\u015b r\u00f3s\u0142 i wzmacnia\u0142 si\u0119 duchem;<br \/>\na \u017cy\u0142 na pustkowiu a\u017c do dnia ukazania si\u0119 przed Izraelem.<\/b><\/i><b><br \/>\n<\/b>\n<\/div>\n<div align=\"JUSTIFY\" style=\"margin-bottom: 0cm; text-indent: 1.24cm;\">\nI<br \/>\nw\u0142a\u015bnie przyk\u0142ad Jana Chrzciciela przekonuje nas, \u017ce im bardziej<br \/>\ncz\u0142owiek pos\u0142uszny jest Bogu \u2013 <b>tym<br \/>\nm\u0105drzej post\u0119puje.<\/b><br \/>\nIm bardziej przed Bogiem si\u0119 uni\u017ca \u2013 <b>tym<br \/>\nbardziej jest wielki!<\/b><br \/>\nIm bardziej nie przypisuje sobie Bo\u017cych przymiot\u00f3w i nie zajmuje<br \/>\nBo\u017cej pozycji w swoim \u017cyciu \u2013 <b>tym<br \/>\nbardzie jego \u017cycie nabiera sensu i jest uporz\u0105dkowane.<\/b><br \/>\nIm bardziej ca\u0142ego siebie Bogu oddaje \u2013 <b>tym<br \/>\nwi\u0119cej na tym zyskuje.<\/b><br \/>\nIm bardziej rezygnuje z siebie dla Boga \u2013 <b>tym<br \/>\nbardziej si\u0119 w\u0142a\u015bnie odnajduje.<\/b><\/div>\n<div align=\"JUSTIFY\" style=\"margin-bottom: 0cm; text-indent: 1.24cm;\">\nA<br \/>\nznowu,<br \/>\nim bardziej szuka samego siebie, im bardziej zabiega o swoj\u0105<br \/>\npozycj\u0119, sw\u00f3j presti\u017c, o swoje znaczenie i realizacj\u0119 swoich<br \/>\nzamiar\u00f3w \u2013 <b>tym<br \/>\nbardziej na tym przegrywa, traci i ostatecznie si\u0119 kompromituje.<\/b><br \/>\nMo\u017ce zatem warto \u2013 wr\u0119cz dla w\u0142asnego dobra \u2013 <b>odwa\u017cy\u0107<br \/>\nsi\u0119 na to, by przyj\u0105\u0107 postaw\u0119 Jana Chrzciciela?\u2026<\/b><\/div>\n","protected":false},"excerpt":{"rendered":"<p>Szcz\u0119\u015b\u0107 Bo\u017ce! Moi Drodzy, wczoraj w Celestynowie odby\u0142 si\u0119 wspania\u0142y Parafialny Piknik Rodzinny. Chocia\u017c &#8211; jak wspomina\u0142em &#8211; rano by\u0142 deszcz i szaruga, to jednak od godzin przedpo\u0142udniowych zacz\u0119\u0142o si\u0119 &#8222;przeciera\u0107&#8221; i ju\u017c potem by\u0142o bardzo pi\u0119knie. Ca\u0142a impreza przebieg\u0142a sprawnie i sta\u0142a si\u0119 czytelnym \u015bwiadectwem, jak mo\u017cna rado\u015bnie wyznawa\u0107 wiar\u0119 tak\u017ce \u015bpiewem i zabaw\u0105! [&hellip;]<\/p>\n","protected":false},"author":1,"featured_media":0,"comment_status":"open","ping_status":"open","sticky":false,"template":"","format":"standard","meta":{"jetpack_post_was_ever_published":false,"_jetpack_newsletter_access":"","_jetpack_dont_email_post_to_subs":false,"_jetpack_newsletter_tier_id":0,"_jetpack_memberships_contains_paywalled_content":false,"_jetpack_memberships_contains_paid_content":false,"footnotes":""},"categories":[1],"tags":[],"class_list":["post-9084","post","type-post","status-publish","format-standard","hentry","category-bez-kategorii"],"yoast_head":"<!-- This site is optimized with the Yoast SEO plugin v25.1 - https:\/\/yoast.com\/wordpress\/plugins\/seo\/ -->\n<title>Jan nie udawa\u0142 Mesjasza... - Gaudium Et Spes<\/title>\n<meta name=\"robots\" content=\"index, follow, max-snippet:-1, max-image-preview:large, max-video-preview:-1\" \/>\n<link rel=\"canonical\" href=\"https:\/\/gaudiumetspes-blog.pl\/index.php\/2013\/06\/24\/jan-nie-udawa-mesjasza\/\" \/>\n<meta property=\"og:locale\" content=\"pl_PL\" \/>\n<meta property=\"og:type\" content=\"article\" \/>\n<meta property=\"og:title\" content=\"Jan nie udawa\u0142 Mesjasza... - Gaudium Et Spes\" \/>\n<meta property=\"og:description\" content=\"Szcz\u0119\u015b\u0107 Bo\u017ce! Moi Drodzy, wczoraj w Celestynowie odby\u0142 si\u0119 wspania\u0142y Parafialny Piknik Rodzinny. Chocia\u017c &#8211; jak wspomina\u0142em &#8211; rano by\u0142 deszcz i szaruga, to jednak od godzin przedpo\u0142udniowych zacz\u0119\u0142o si\u0119 &#8222;przeciera\u0107&#8221; i ju\u017c potem by\u0142o bardzo pi\u0119knie. Ca\u0142a impreza przebieg\u0142a sprawnie i sta\u0142a si\u0119 czytelnym \u015bwiadectwem, jak mo\u017cna rado\u015bnie wyznawa\u0107 wiar\u0119 tak\u017ce \u015bpiewem i zabaw\u0105! [&hellip;]\" \/>\n<meta property=\"og:url\" content=\"https:\/\/gaudiumetspes-blog.pl\/index.php\/2013\/06\/24\/jan-nie-udawa-mesjasza\/\" \/>\n<meta property=\"og:site_name\" content=\"Gaudium Et Spes\" \/>\n<meta property=\"article:published_time\" content=\"2013-06-24T06:30:00+00:00\" \/>\n<meta property=\"article:modified_time\" content=\"2019-07-31T10:54:04+00:00\" \/>\n<meta name=\"author\" content=\"Ks. Jacek\" \/>\n<meta name=\"twitter:card\" content=\"summary_large_image\" \/>\n<meta name=\"twitter:label1\" content=\"Napisane przez\" \/>\n\t<meta name=\"twitter:data1\" content=\"Ks. Jacek\" \/>\n\t<meta name=\"twitter:label2\" content=\"Szacowany czas czytania\" \/>\n\t<meta name=\"twitter:data2\" content=\"11 minut\" \/>\n<script type=\"application\/ld+json\" class=\"yoast-schema-graph\">{\"@context\":\"https:\/\/schema.org\",\"@graph\":[{\"@type\":\"WebPage\",\"@id\":\"https:\/\/gaudiumetspes-blog.pl\/index.php\/2013\/06\/24\/jan-nie-udawa-mesjasza\/\",\"url\":\"https:\/\/gaudiumetspes-blog.pl\/index.php\/2013\/06\/24\/jan-nie-udawa-mesjasza\/\",\"name\":\"Jan nie udawa\u0142 Mesjasza... - Gaudium Et Spes\",\"isPartOf\":{\"@id\":\"https:\/\/gaudiumetspes-blog.pl\/#website\"},\"datePublished\":\"2013-06-24T06:30:00+00:00\",\"dateModified\":\"2019-07-31T10:54:04+00:00\",\"author\":{\"@id\":\"https:\/\/gaudiumetspes-blog.pl\/#\/schema\/person\/1661982992b752dea8dff0d4ed845a65\"},\"breadcrumb\":{\"@id\":\"https:\/\/gaudiumetspes-blog.pl\/index.php\/2013\/06\/24\/jan-nie-udawa-mesjasza\/#breadcrumb\"},\"inLanguage\":\"pl-PL\",\"potentialAction\":[{\"@type\":\"ReadAction\",\"target\":[\"https:\/\/gaudiumetspes-blog.pl\/index.php\/2013\/06\/24\/jan-nie-udawa-mesjasza\/\"]}]},{\"@type\":\"BreadcrumbList\",\"@id\":\"https:\/\/gaudiumetspes-blog.pl\/index.php\/2013\/06\/24\/jan-nie-udawa-mesjasza\/#breadcrumb\",\"itemListElement\":[{\"@type\":\"ListItem\",\"position\":1,\"name\":\"Strona g\u0142\u00f3wna\",\"item\":\"https:\/\/gaudiumetspes-blog.pl\/\"},{\"@type\":\"ListItem\",\"position\":2,\"name\":\"Jan nie&nbsp;udawa\u0142 Mesjasza&#8230;\"}]},{\"@type\":\"WebSite\",\"@id\":\"https:\/\/gaudiumetspes-blog.pl\/#website\",\"url\":\"https:\/\/gaudiumetspes-blog.pl\/\",\"name\":\"Gaudium Et Spes\",\"description\":\"Blog Ks. Jacka Ja\u015bkowskiego\",\"potentialAction\":[{\"@type\":\"SearchAction\",\"target\":{\"@type\":\"EntryPoint\",\"urlTemplate\":\"https:\/\/gaudiumetspes-blog.pl\/?s={search_term_string}\"},\"query-input\":{\"@type\":\"PropertyValueSpecification\",\"valueRequired\":true,\"valueName\":\"search_term_string\"}}],\"inLanguage\":\"pl-PL\"},{\"@type\":\"Person\",\"@id\":\"https:\/\/gaudiumetspes-blog.pl\/#\/schema\/person\/1661982992b752dea8dff0d4ed845a65\",\"name\":\"Ks. Jacek\",\"image\":{\"@type\":\"ImageObject\",\"inLanguage\":\"pl-PL\",\"@id\":\"https:\/\/gaudiumetspes-blog.pl\/#\/schema\/person\/image\/\",\"url\":\"https:\/\/gaudiumetspes-blog.pl\/wp-content\/uploads\/2019\/07\/avatar-JJ-150x150.jpg\",\"contentUrl\":\"https:\/\/gaudiumetspes-blog.pl\/wp-content\/uploads\/2019\/07\/avatar-JJ-150x150.jpg\",\"caption\":\"Ks. Jacek\"},\"description\":\"Witam serdecznie! K\u0142ania si\u0119 Ks. Jacek Ja\u015bkowski. Nie jestem ani kim\u015b wa\u017cnym, ani kim\u015b znanym. Jestem ksi\u0119dzem, kt\u00f3ry po prostu chce rozmawia\u0107. Codzienna kap\u0142a\u0144ska pos\u0142uga pokazuje mi, \u017ce temat\u00f3w do rozm\u00f3w z ksi\u0119dzem jest coraz wi\u0119cej i dzisiaj \u017caden ksi\u0105dz nie mo\u017ce od nich ucieka\u0107, ale - wprost przeciwnie - podejmowa\u0107 nowe wyzwania. To przekonanie sk\u0142oni\u0142o mnie do pr\u00f3by otwarcia tego\u017c bloga, chocia\u017c okazji do rozm\u00f3w na co dzie\u0144 - w konfesjonale i poza nim - na szcz\u0119\u015bcie nie brakuje. My\u015bl\u0119 jednak, \u017ce ten blog b\u0119dzie jeszcze jednym sposobem i przestrzeni\u0105 nawi\u0105zania kontaktu z lud\u017ami dobrej woli, otwartymi na dialog.\",\"url\":\"https:\/\/gaudiumetspes-blog.pl\/index.php\/author\/ks-jacek\/\"}]}<\/script>\n<!-- \/ Yoast SEO plugin. -->","yoast_head_json":{"title":"Jan nie udawa\u0142 Mesjasza... - Gaudium Et Spes","robots":{"index":"index","follow":"follow","max-snippet":"max-snippet:-1","max-image-preview":"max-image-preview:large","max-video-preview":"max-video-preview:-1"},"canonical":"https:\/\/gaudiumetspes-blog.pl\/index.php\/2013\/06\/24\/jan-nie-udawa-mesjasza\/","og_locale":"pl_PL","og_type":"article","og_title":"Jan nie udawa\u0142 Mesjasza... - Gaudium Et Spes","og_description":"Szcz\u0119\u015b\u0107 Bo\u017ce! Moi Drodzy, wczoraj w Celestynowie odby\u0142 si\u0119 wspania\u0142y Parafialny Piknik Rodzinny. Chocia\u017c &#8211; jak wspomina\u0142em &#8211; rano by\u0142 deszcz i szaruga, to jednak od godzin przedpo\u0142udniowych zacz\u0119\u0142o si\u0119 &#8222;przeciera\u0107&#8221; i ju\u017c potem by\u0142o bardzo pi\u0119knie. Ca\u0142a impreza przebieg\u0142a sprawnie i sta\u0142a si\u0119 czytelnym \u015bwiadectwem, jak mo\u017cna rado\u015bnie wyznawa\u0107 wiar\u0119 tak\u017ce \u015bpiewem i zabaw\u0105! [&hellip;]","og_url":"https:\/\/gaudiumetspes-blog.pl\/index.php\/2013\/06\/24\/jan-nie-udawa-mesjasza\/","og_site_name":"Gaudium Et Spes","article_published_time":"2013-06-24T06:30:00+00:00","article_modified_time":"2019-07-31T10:54:04+00:00","author":"Ks. Jacek","twitter_card":"summary_large_image","twitter_misc":{"Napisane przez":"Ks. Jacek","Szacowany czas czytania":"11 minut"},"schema":{"@context":"https:\/\/schema.org","@graph":[{"@type":"WebPage","@id":"https:\/\/gaudiumetspes-blog.pl\/index.php\/2013\/06\/24\/jan-nie-udawa-mesjasza\/","url":"https:\/\/gaudiumetspes-blog.pl\/index.php\/2013\/06\/24\/jan-nie-udawa-mesjasza\/","name":"Jan nie udawa\u0142 Mesjasza... - Gaudium Et Spes","isPartOf":{"@id":"https:\/\/gaudiumetspes-blog.pl\/#website"},"datePublished":"2013-06-24T06:30:00+00:00","dateModified":"2019-07-31T10:54:04+00:00","author":{"@id":"https:\/\/gaudiumetspes-blog.pl\/#\/schema\/person\/1661982992b752dea8dff0d4ed845a65"},"breadcrumb":{"@id":"https:\/\/gaudiumetspes-blog.pl\/index.php\/2013\/06\/24\/jan-nie-udawa-mesjasza\/#breadcrumb"},"inLanguage":"pl-PL","potentialAction":[{"@type":"ReadAction","target":["https:\/\/gaudiumetspes-blog.pl\/index.php\/2013\/06\/24\/jan-nie-udawa-mesjasza\/"]}]},{"@type":"BreadcrumbList","@id":"https:\/\/gaudiumetspes-blog.pl\/index.php\/2013\/06\/24\/jan-nie-udawa-mesjasza\/#breadcrumb","itemListElement":[{"@type":"ListItem","position":1,"name":"Strona g\u0142\u00f3wna","item":"https:\/\/gaudiumetspes-blog.pl\/"},{"@type":"ListItem","position":2,"name":"Jan nie&nbsp;udawa\u0142 Mesjasza&#8230;"}]},{"@type":"WebSite","@id":"https:\/\/gaudiumetspes-blog.pl\/#website","url":"https:\/\/gaudiumetspes-blog.pl\/","name":"Gaudium Et Spes","description":"Blog Ks. Jacka Ja\u015bkowskiego","potentialAction":[{"@type":"SearchAction","target":{"@type":"EntryPoint","urlTemplate":"https:\/\/gaudiumetspes-blog.pl\/?s={search_term_string}"},"query-input":{"@type":"PropertyValueSpecification","valueRequired":true,"valueName":"search_term_string"}}],"inLanguage":"pl-PL"},{"@type":"Person","@id":"https:\/\/gaudiumetspes-blog.pl\/#\/schema\/person\/1661982992b752dea8dff0d4ed845a65","name":"Ks. Jacek","image":{"@type":"ImageObject","inLanguage":"pl-PL","@id":"https:\/\/gaudiumetspes-blog.pl\/#\/schema\/person\/image\/","url":"https:\/\/gaudiumetspes-blog.pl\/wp-content\/uploads\/2019\/07\/avatar-JJ-150x150.jpg","contentUrl":"https:\/\/gaudiumetspes-blog.pl\/wp-content\/uploads\/2019\/07\/avatar-JJ-150x150.jpg","caption":"Ks. Jacek"},"description":"Witam serdecznie! K\u0142ania si\u0119 Ks. Jacek Ja\u015bkowski. Nie jestem ani kim\u015b wa\u017cnym, ani kim\u015b znanym. Jestem ksi\u0119dzem, kt\u00f3ry po prostu chce rozmawia\u0107. Codzienna kap\u0142a\u0144ska pos\u0142uga pokazuje mi, \u017ce temat\u00f3w do rozm\u00f3w z ksi\u0119dzem jest coraz wi\u0119cej i dzisiaj \u017caden ksi\u0105dz nie mo\u017ce od nich ucieka\u0107, ale - wprost przeciwnie - podejmowa\u0107 nowe wyzwania. To przekonanie sk\u0142oni\u0142o mnie do pr\u00f3by otwarcia tego\u017c bloga, chocia\u017c okazji do rozm\u00f3w na co dzie\u0144 - w konfesjonale i poza nim - na szcz\u0119\u015bcie nie brakuje. My\u015bl\u0119 jednak, \u017ce ten blog b\u0119dzie jeszcze jednym sposobem i przestrzeni\u0105 nawi\u0105zania kontaktu z lud\u017ami dobrej woli, otwartymi na dialog.","url":"https:\/\/gaudiumetspes-blog.pl\/index.php\/author\/ks-jacek\/"}]}},"jetpack_featured_media_url":"","jetpack_sharing_enabled":true,"_links":{"self":[{"href":"https:\/\/gaudiumetspes-blog.pl\/index.php\/wp-json\/wp\/v2\/posts\/9084","targetHints":{"allow":["GET"]}}],"collection":[{"href":"https:\/\/gaudiumetspes-blog.pl\/index.php\/wp-json\/wp\/v2\/posts"}],"about":[{"href":"https:\/\/gaudiumetspes-blog.pl\/index.php\/wp-json\/wp\/v2\/types\/post"}],"author":[{"embeddable":true,"href":"https:\/\/gaudiumetspes-blog.pl\/index.php\/wp-json\/wp\/v2\/users\/1"}],"replies":[{"embeddable":true,"href":"https:\/\/gaudiumetspes-blog.pl\/index.php\/wp-json\/wp\/v2\/comments?post=9084"}],"version-history":[{"count":1,"href":"https:\/\/gaudiumetspes-blog.pl\/index.php\/wp-json\/wp\/v2\/posts\/9084\/revisions"}],"predecessor-version":[{"id":11119,"href":"https:\/\/gaudiumetspes-blog.pl\/index.php\/wp-json\/wp\/v2\/posts\/9084\/revisions\/11119"}],"wp:attachment":[{"href":"https:\/\/gaudiumetspes-blog.pl\/index.php\/wp-json\/wp\/v2\/media?parent=9084"}],"wp:term":[{"taxonomy":"category","embeddable":true,"href":"https:\/\/gaudiumetspes-blog.pl\/index.php\/wp-json\/wp\/v2\/categories?post=9084"},{"taxonomy":"post_tag","embeddable":true,"href":"https:\/\/gaudiumetspes-blog.pl\/index.php\/wp-json\/wp\/v2\/tags?post=9084"}],"curies":[{"name":"wp","href":"https:\/\/api.w.org\/{rel}","templated":true}]}}