{"id":9097,"date":"2013-06-11T07:18:00","date_gmt":"2013-06-11T05:18:00","guid":{"rendered":"https:\/\/gaudiumetspes-blog.pl\/index.php\/2013\/06\/11\/aby-nam-skarby-nie-spowszedniay\/"},"modified":"2019-07-31T12:54:03","modified_gmt":"2019-07-31T10:54:03","slug":"aby-nam-skarby-nie-spowszedniay","status":"publish","type":"post","link":"https:\/\/gaudiumetspes-blog.pl\/index.php\/2013\/06\/11\/aby-nam-skarby-nie-spowszedniay\/","title":{"rendered":"Aby nam skarby nie spowszednia\u0142y&#8230;"},"content":{"rendered":"<div align=\"JUSTIFY\" style=\"margin-bottom: 0cm;\">\nSzcz\u0119\u015b\u0107 Bo\u017ce! Moi Drodzy, wczoraj by\u0142a pierwsza Msza \u015awi\u0119ta w ramach Nowenny przygotowuj\u0105cej nasz\u0105 M\u0142odzie\u017c do Sakramentu Bierzmowania. Om\u00f3wiony by\u0142 pierwszy dar Ducha \u015awi\u0119tego &#8211; m\u0105dro\u015b\u0107. Szczerze m\u00f3wi\u0105c, jeszcze nie wpad\u0142em na pomys\u0142, jak i kiedy rozwa\u017cania te zamie\u015bci\u0107 na blogu, ale co\u015b si\u0119 wymy\u015bli. By\u0107 mo\u017ce, zast\u0105pi\u0105 one rozwa\u017cania codzienne. Natomiast ca\u0142o\u015b\u0107 wczoraj wypad\u0142a bardzo dobrze i my\u015bl\u0119, \u017ce jest to ca\u0142kiem dobra forma bezpo\u015bredniego przygotowania M\u0142odzie\u017cy do przyj\u0119cia tego jak\u017ce wa\u017cnego Sakramentu.&nbsp;<\/div>\n<div align=\"JUSTIFY\" style=\"margin-bottom: 0cm;\">\n&nbsp; &nbsp; &nbsp; &nbsp;Dzisiaj &#8211; rozum! To znaczy&#8230; dar rozumu.<\/div>\n<div align=\"JUSTIFY\" style=\"margin-bottom: 0cm;\">\n&nbsp; &nbsp; &nbsp;A ja za chwil\u0119 bior\u0119 si\u0119 za czytanie wpis\u00f3w blogowych i za nadrabianie zaleg\u0142o\u015bci. I za modlitw\u0119 &#8211; chcia\u0142bym si\u0119 dzisiaj troch\u0119 wyciszy\u0107&#8230; O ile kto\u015b nie przyjdzie&#8230; Albo co\u015b nie wypadnie&#8230; No c\u00f3\u017c, takie to \u017cycie&#8230;<\/div>\n<div align=\"JUSTIFY\" style=\"margin-bottom: 0cm;\">\n&nbsp; &nbsp; &nbsp; &nbsp; &nbsp; &nbsp; &nbsp;Gaudium et spes! &nbsp;Ks. Jacek<\/div>\n<div align=\"JUSTIFY\" style=\"margin-bottom: 0cm;\">\n<b><br \/><\/b><\/div>\n<div align=\"JUSTIFY\" style=\"margin-bottom: 0cm;\">\n<b>Wspomnienie<br \/>\n\u015aw. Barnaby, Aposto\u0142a,<\/b><\/div>\n<div align=\"JUSTIFY\" style=\"margin-bottom: 0cm;\">\n<b>do<br \/>\nczyta\u0144 z t. VI Lekcjonarza:  Dz 11,21b\u201326;13,1\u20133;  Mt 10,7\u201313<\/b><\/div>\n<div align=\"JUSTIFY\" style=\"margin-bottom: 0cm;\">\n<\/div>\n<div align=\"JUSTIFY\" style=\"margin-bottom: 0cm; page-break-before: auto;\">\n<b>CZYTANIE<br \/>\nZ DZIEJ\u00d3W APOSTOLSKICH: <\/b>\n<\/div>\n<div align=\"JUSTIFY\" style=\"margin-bottom: 0cm; text-indent: 1.24cm;\">\n<b>W<br \/>\nAntiochii wielka liczba ludzi uwierzy\u0142a i nawr\u00f3ci\u0142a si\u0119 do Pana.<br \/>\nWie\u015b\u0107 o tym dosz\u0142a do uszu Ko\u015bcio\u0142a w Jerozolimie. Wys\u0142ano do<br \/>\nAntiochii Barnab\u0119. Gdy on przyby\u0142 i zobaczy\u0142 dzia\u0142ania \u0142aski<br \/>\nBo\u017cej, ucieszy\u0142 si\u0119 i zach\u0119ca\u0142, aby ca\u0142ym sercem wytrwali przy<br \/>\nPanu; by\u0142 bowiem cz\u0142owiekiem dobrym, pe\u0142nym Ducha \u015awi\u0119tego i<br \/>\nwiary. Pozyskano wtedy wielk\u0105 rzesz\u0119 dla Pana. <\/b>\n<\/div>\n<div align=\"JUSTIFY\" style=\"margin-bottom: 0cm; text-indent: 1.24cm;\">\n<b>Uda\u0142<br \/>\nsi\u0119 te\u017c do Tarsu, aby odszuka\u0107 Szaw\u0142a. A kiedy go znalaz\u0142,<br \/>\nprzyprowadzi\u0142 do Antiochii i przez ca\u0142y rok pracowali razem w<br \/>\nKo\u015bciele, nauczaj\u0105c wielk\u0105 rzesz\u0119 ludzi. W Antiochii te\u017c po raz<br \/>\npierwszy nazwano uczni\u00f3w chrze\u015bcijanami. W Antiochii, w tamtejszym<br \/>\nKo\u015bciele, byli prorokami i nauczycielami: Barnaba i Szymon zwany<br \/>\nNiger, Lucjusz Cyrenejczyk i Manaen, kt\u00f3ry wychowywa\u0142 si\u0119 razem z<br \/>\nHerodem tetrarch\u0105, i Szawe\u0142. <\/b>\n<\/div>\n<div align=\"JUSTIFY\" style=\"margin-bottom: 0cm; text-indent: 1.24cm;\">\n<b>Gdy<br \/>\nodprawiali publiczne nabo\u017ce\u0144stwo i po\u015bcili, rzek\u0142 Duch \u015awi\u0119ty:<br \/>\n\u201eWyznaczcie mi ju\u017c Barnab\u0119 i Szaw\u0142a do dzie\u0142a, do kt\u00f3rego ich<br \/>\npowo\u0142a\u0142em\u201d. Wtedy po po\u015bcie i modlitwie oraz po w\u0142o\u017ceniu na<br \/>\nnich r\u0105k, wyprawili ich. <\/b>\n<\/div>\n<div align=\"JUSTIFY\" style=\"margin-bottom: 0cm;\">\n<\/div>\n<div align=\"JUSTIFY\" style=\"margin-bottom: 0cm;\">\n<b>S\u0141OWA<br \/>\nEWANGELII WED\u0141UG \u015aWI\u0118TEGO MATEUSZA: <\/b>\n<\/div>\n<div align=\"JUSTIFY\" style=\"margin-bottom: 0cm; text-indent: 1.22cm;\">\n<b>Jezus<br \/>\npowiedzia\u0142 do swoich Aposto\u0142\u00f3w: \u201eId\u017acie i g\u0142o\u015bcie: Bliskie<br \/>\njest kr\u00f3lestwo niebieskie. Uzdrawiajcie chorych, wskrzeszajcie<br \/>\numar\u0142ych, oczyszczajcie tr\u0119dowatych, wyp\u0119dzajcie z\u0142e duchy. Darmo<br \/>\notrzymali\u015bcie, darmo dawajcie. Nie zdobywajcie z\u0142ota ani srebra,<br \/>\nani miedzi do swych trzos\u00f3w. Nie bierzcie na drog\u0119 torby ani dw\u00f3ch<br \/>\nsukien, ani sanda\u0142\u00f3w, ani laski. Wart jest bowiem robotnik swej<br \/>\nstrawy.<\/b><\/div>\n<div align=\"JUSTIFY\" style=\"margin-bottom: 0cm; text-indent: 0.87cm;\">\n<b>A<br \/>\ngdy przyjdziecie do jakiego\u015b miasta albo wsi, wywiedzcie si\u0119, kto<br \/>\ntam jest godny, i u niego zatrzymajcie si\u0119, dop\u00f3ki nie wyjdziecie. <\/b>\n<\/div>\n<div align=\"JUSTIFY\" style=\"margin-bottom: 0cm; text-indent: 0.87cm;\">\n<b>Wchodz\u0105c<br \/>\ndo domu, przywitajcie go pozdrowieniem. Je\u015bli dom na to zas\u0142uguje,<br \/>\nniech zst\u0105pi na niego pok\u00f3j wasz; je\u015bli nie zas\u0142uguje, niech<br \/>\npok\u00f3j wasz powr\u00f3ci do was\u201d.<\/b><\/div>\n<div align=\"JUSTIFY\" style=\"margin-bottom: 0cm;\">\n<\/div>\n<div align=\"JUSTIFY\" style=\"margin-bottom: 0cm; text-indent: 1.24cm;\">\nPatron<br \/>\ndnia dzisiejszego, <b>\u015awi\u0119ty<br \/>\nBarnaba,<\/b><br \/>\npochodzi\u0142 z Cypru. <b>W<br \/>\nJerozolimie przyj\u0105\u0142 chrze\u015bcija\u0144stwo <\/b>i<br \/>\nca\u0142\u0105 swoj\u0105 maj\u0119tno\u015b\u0107 przekaza\u0142 Aposto\u0142om. On wprowadzi\u0142<br \/>\n\u015awi\u0119tego<br \/>\nPaw\u0142a \u2013<br \/>\npo jego nawr\u00f3ceniu \u2013 <b>do<br \/>\njerozolimskiej gminy chrze\u015bcija\u0144skiej. <\/b>Potem<br \/>\ngo odszuka\u0142 w Tarsie, przyprowadzi\u0142 do Antiochii i na wyra\u017ane<br \/>\npolecenie Ducha \u015awi\u0119tego towarzyszy\u0142 Aposto\u0142owi Narod\u00f3w podczas<br \/>\njego pierwszej podr\u00f3\u017cy misyjnej w Azji Mniejszej. <b>Po<br \/>\n<\/b><b>S<\/b><b>oborze<br \/>\n<\/b><b>J<\/b><b>erozolimskim<br \/>\nwr\u00f3ci\u0142 na Cypr,<\/b><br \/>\ngdzie wed\u0142ug tradycji <b>poni\u00f3s\u0142<br \/>\n\u015bmier\u0107 m\u0119cze\u0144sk\u0105 oko\u0142o 60 roku. <\/b>\n<\/div>\n<div align=\"JUSTIFY\" style=\"margin-bottom: 0cm; text-indent: 1.24cm;\">\nDzisiejsze<br \/>\npierwsze czytanie przedstawia nam <b>Barnab\u0119<br \/>\nzapracowanego, w pe\u0142ni bardzo aktywnej dzia\u0142alno\u015bci apostolskiej.<\/b><br \/>\nNajpierw w Antiochii, gdzie znalaz\u0142 si\u0119 ze \u015awi\u0119tym Paw\u0142em w 42<br \/>\nroku po Chrystusie, a potem w innych miejscach, kt\u00f3re zosta\u0142y tu<br \/>\nwyliczone, g\u0142osi\u0142 on Bo\u017ce S\u0142owo i wzywa\u0142 do nawr\u00f3cenia.\n<\/div>\n<div align=\"JUSTIFY\" style=\"margin-bottom: 0cm; text-indent: 1.24cm;\">\nAutor<br \/>\nKsi\u0119gi Dziej\u00f3w Apostolskich daje nam o<br \/>\ntym bardzo<br \/>\noptymistyczne \u015bwiadectwo w s\u0142owach: <i><b>Wys\u0142ano<br \/>\ndo Antiochii Barnab\u0119. Gdy on przyby\u0142 i zobaczy\u0142 dzia\u0142ania \u0142aski<br \/>\nBo\u017cej, ucieszy\u0142 si\u0119 i zach\u0119ca\u0142, aby ca\u0142ym sercem wytrwali przy<br \/>\nPanu; by\u0142 bowiem cz\u0142owiekiem dobrym, pe\u0142nym Ducha \u015awi\u0119tego i<br \/>\nwiary. Pozyskano wtedy wielk\u0105 rzesz\u0119 dla Pana. Uda\u0142 si\u0119 te\u017c do<br \/>\nTarsu, aby odszuka\u0107 Szaw\u0142a. A kiedy go znalaz\u0142, przyprowadzi\u0142 do<br \/>\nAntiochii i przez ca\u0142y rok pracowali razem w Ko\u015bciele, nauczaj\u0105c<br \/>\nwielk\u0105 rzesz\u0119 ludzi. W Antiochii te\u017c po raz pierwszy nazwano<br \/>\nuczni\u00f3w chrze\u015bcijanami.<\/b><\/i><b><br \/>\n<\/b>\n<\/div>\n<div align=\"JUSTIFY\" style=\"margin-bottom: 0cm; text-indent: 1.24cm;\">\nSzczeg\u00f3lnie<br \/>\nto ostatnie zdanie jest pi\u0119kne i robi niesamowite wra\u017cenie, bo jest<br \/>\nono \u015bwiadectwem,<br \/>\n\u017ce<br \/>\n\u2013 i od<br \/>\nkiedy \u2013<br \/>\nuczni\u00f3w<br \/>\nChrystusa zacz\u0119to okre\u015bla\u0107 imieniem, kt\u00f3rym okre\u015bla si\u0119 ich do<br \/>\ndzisiaj: <b>zaszczytnym<br \/>\nimieniem chrze\u015bcijan.<\/b><\/p>\n<\/div>\n<div align=\"JUSTIFY\" style=\"margin-bottom: 0cm; text-indent: 1.24cm;\">\nImi\u0119<br \/>\nto pi\u0119kne i zaszczytne, ale te\u017c bardzo kosztowne, oto bowiem i<br \/>\nBarnaba, i Pawe\u0142, i prawie wszyscy Aposto\u0142owie, i tylu innych<br \/>\n\u015awi\u0119tych <b>za<br \/>\nmo\u017cliwo\u015b\u0107 noszenia tego imienia i szczycenia si\u0119 nim zap\u0142aci\u0142o<br \/>\ncen\u0119 najwy\u017csz\u0105 \u2013 cen\u0119 \u017cycia!<\/b><br \/>\nNakaz misyjny Jezusa, zapisany w dzisiejszej Ewangelii, zrealizowali<br \/>\nbardzo dok\u0142adnie \u2013 i do ko\u0144ca. I dlatego s\u0105 dla nas wzorem i<br \/>\nprzyk\u0142adem,<b><br \/>\njak nale\u017cy traktowa\u0107 ten niezwyk\u0142y tytu\u0142,<\/b><br \/>\nto niezwyk\u0142e imi\u0119, jak bardzo ono wyr\u00f3\u017cnia cz\u0142owieka, ale te\u017c \u2013<br \/>\n<b>jakie<br \/>\nzobowi\u0105zania na nas nak\u0142ada. <\/b>\n<\/div>\n<div align=\"JUSTIFY\" style=\"margin-bottom: 0cm; text-indent: 1.24cm;\">\nOto<br \/>\nbowiem  wydaje si\u0119 dzisiaj, \u017ce nam to imi\u0119 nieco spowszednia\u0142o,<br \/>\ndlatego te\u017c gdyby tak komu\u015b powiedzie\u0107: <b>Jeste\u015b<br \/>\nchrze\u015bcijaninem!<\/b><br \/>\n\u2013 prawdopodobnie w odpowiedzi us\u0142ysza\u0142oby si\u0119: <b>I<br \/>\nco z tego? Co w tym nadzwyczajnego? To takie oczywiste!<\/b><br \/>\nCzy jednak naprawd\u0119 takie oczywiste? Czy to jest taka normalna i<br \/>\nzwyczajna rzecz, \u017ce jeste\u015bmy chrze\u015bcijanami, uczniami Chrystusa,<br \/>\nJego przyjaci\u00f3\u0142mi?\n<\/div>\n<div align=\"JUSTIFY\" style=\"margin-bottom: 0cm; text-indent: 1.24cm;\">\nA<br \/>\nczy jest tak\u0105 rzecz\u0105 ca\u0142kowicie normaln\u0105 i zwyczajn\u0105, \u017ce w<br \/>\nbia\u0142ym op\u0142atku<br \/>\n<b>przyjmujemy<br \/>\ndo serca Cia\u0142o Jezusa Chrystusa?<\/b><br \/>\nI \u017ce ten bia\u0142y op\u0142atek <b>na<br \/>\nnaszych oczach w og\u00f3le tym Cia\u0142em si\u0119 staje, a wino staje si\u0119<br \/>\nJezusow\u0105 Krwi\u0105?<\/b>\u2026<br \/>\nA czy jest czym\u015b zupe\u0142nie oczywistym i powszednim, \u017ce <b>w<br \/>\nkonfesjonale s\u0105 nam przebaczane grzechy i jest z nas zdejmowany<br \/>\nniejednokrotnie naprawd\u0119 pot\u0119\u017cny ci\u0119\u017car?<\/b><br \/>\nA czy jest rzecz\u0105 tak\u0105 zwyczajn\u0105, \u017ce <b>par\u0119<br \/>\nkropel wody zmywa grzech pierworodny i w\u0142\u0105cza na wieki do ogromnej<br \/>\nwsp\u00f3lnoty Ko\u015bcio\u0142a?<\/b><br \/>\nA czy jest rzecz\u0105 zupe\u0142nie nie budz\u0105c\u0105 podziwu, \u017ce prosty gest<br \/>\nnamaszczenia olejem powoduje <b>obdarowanie<br \/>\ncz\u0142owieka bezmiarem dar\u00f3w Ducha \u015awi\u0119tego?<\/b><\/p>\n<\/div>\n<div align=\"JUSTIFY\" style=\"margin-bottom: 0cm; text-indent: 1.24cm;\">\nKochani,<br \/>\nczy to wszystko jest dla nas takie oczywiste, normalne i bez<br \/>\nwi\u0119kszego znaczenia? <b>Takie<br \/>\npowszednie i codzienne?<\/b><br \/>\nCzy nas to nie zachwyca, nie zdumiewa, nie wprawia w podziw?<\/div>\n<div align=\"JUSTIFY\" style=\"margin-bottom: 0cm; text-indent: 1.24cm;\">\nNiech<br \/>\nzatem ten, <b>w<br \/>\nobecno\u015bci kt\u00f3rego po raz pierwszy nazwano uczni\u00f3w chrze\u015bcijanami,<\/b><br \/>\nPatron dnia dzisiejszego, <b>\u015awi\u0119ty<br \/>\nBarnaba,<\/b><br \/>\nwyprosi nam u Pana \u0142ask\u0119 <b>szczerego<br \/>\nzadziwienia i takiego zachwytu,<\/b><br \/>\nkt\u00f3ry pozwoli nam tak g\u0142\u0119boko w sercu prze\u017cywa\u0107 rado\u015b\u0107 z bycia<br \/>\nchrze\u015bcijaninem, jak j\u0105<br \/>\nprze\u017cywali<br \/>\ntamci uczniowie z Antiochii\u2026 Niech codzienne stykanie si\u0119 z tymi<br \/>\nnadzwyczajnymi i szczeg\u00f3lnymi znakami Bo\u017cej wszechmocy i<br \/>\nmi\u0142osierdzia, a wi\u0119c z Sakramentami, z Bo\u017cym S\u0142owem, ze Msz\u0105<br \/>\n\u015awi\u0119t\u0105 \u2013 <b>powoduje<br \/>\nnasz <\/b><b>coraz<br \/>\nwi\u0119kszy podziw i wdzi\u0119czno\u015b\u0107 wobec Boga.<\/b><br \/>\nAby nam te wielkie skarby \u2013 <b>nie<br \/>\nznudzi\u0142y si\u0119, nie spowszednia\u0142y\u2026<\/b><\/div>\n","protected":false},"excerpt":{"rendered":"<p>Szcz\u0119\u015b\u0107 Bo\u017ce! Moi Drodzy, wczoraj by\u0142a pierwsza Msza \u015awi\u0119ta w ramach Nowenny przygotowuj\u0105cej nasz\u0105 M\u0142odzie\u017c do Sakramentu Bierzmowania. Om\u00f3wiony by\u0142 pierwszy dar Ducha \u015awi\u0119tego &#8211; m\u0105dro\u015b\u0107. Szczerze m\u00f3wi\u0105c, jeszcze nie wpad\u0142em na pomys\u0142, jak i kiedy rozwa\u017cania te zamie\u015bci\u0107 na blogu, ale co\u015b si\u0119 wymy\u015bli. By\u0107 mo\u017ce, zast\u0105pi\u0105 one rozwa\u017cania codzienne. Natomiast ca\u0142o\u015b\u0107 wczoraj wypad\u0142a [&hellip;]<\/p>\n","protected":false},"author":1,"featured_media":0,"comment_status":"open","ping_status":"open","sticky":false,"template":"","format":"standard","meta":{"jetpack_post_was_ever_published":false,"_jetpack_newsletter_access":"","_jetpack_dont_email_post_to_subs":false,"_jetpack_newsletter_tier_id":0,"_jetpack_memberships_contains_paywalled_content":false,"_jetpack_memberships_contains_paid_content":false,"footnotes":""},"categories":[1],"tags":[],"class_list":["post-9097","post","type-post","status-publish","format-standard","hentry","category-bez-kategorii"],"yoast_head":"<!-- This site is optimized with the Yoast SEO plugin v25.1 - https:\/\/yoast.com\/wordpress\/plugins\/seo\/ -->\n<title>Aby nam skarby nie spowszednia\u0142y... - Gaudium Et Spes<\/title>\n<meta name=\"robots\" content=\"index, follow, max-snippet:-1, max-image-preview:large, max-video-preview:-1\" \/>\n<link rel=\"canonical\" href=\"https:\/\/gaudiumetspes-blog.pl\/index.php\/2013\/06\/11\/aby-nam-skarby-nie-spowszedniay\/\" \/>\n<meta property=\"og:locale\" content=\"pl_PL\" \/>\n<meta property=\"og:type\" content=\"article\" \/>\n<meta property=\"og:title\" content=\"Aby nam skarby nie spowszednia\u0142y... - Gaudium Et Spes\" \/>\n<meta property=\"og:description\" content=\"Szcz\u0119\u015b\u0107 Bo\u017ce! Moi Drodzy, wczoraj by\u0142a pierwsza Msza \u015awi\u0119ta w ramach Nowenny przygotowuj\u0105cej nasz\u0105 M\u0142odzie\u017c do Sakramentu Bierzmowania. Om\u00f3wiony by\u0142 pierwszy dar Ducha \u015awi\u0119tego &#8211; m\u0105dro\u015b\u0107. Szczerze m\u00f3wi\u0105c, jeszcze nie wpad\u0142em na pomys\u0142, jak i kiedy rozwa\u017cania te zamie\u015bci\u0107 na blogu, ale co\u015b si\u0119 wymy\u015bli. By\u0107 mo\u017ce, zast\u0105pi\u0105 one rozwa\u017cania codzienne. Natomiast ca\u0142o\u015b\u0107 wczoraj wypad\u0142a [&hellip;]\" \/>\n<meta property=\"og:url\" content=\"https:\/\/gaudiumetspes-blog.pl\/index.php\/2013\/06\/11\/aby-nam-skarby-nie-spowszedniay\/\" \/>\n<meta property=\"og:site_name\" content=\"Gaudium Et Spes\" \/>\n<meta property=\"article:published_time\" content=\"2013-06-11T05:18:00+00:00\" \/>\n<meta property=\"article:modified_time\" content=\"2019-07-31T10:54:03+00:00\" \/>\n<meta name=\"author\" content=\"Ks. Jacek\" \/>\n<meta name=\"twitter:card\" content=\"summary_large_image\" \/>\n<meta name=\"twitter:label1\" content=\"Napisane przez\" \/>\n\t<meta name=\"twitter:data1\" content=\"Ks. Jacek\" \/>\n\t<meta name=\"twitter:label2\" content=\"Szacowany czas czytania\" \/>\n\t<meta name=\"twitter:data2\" content=\"6 minut\" \/>\n<script type=\"application\/ld+json\" class=\"yoast-schema-graph\">{\"@context\":\"https:\/\/schema.org\",\"@graph\":[{\"@type\":\"WebPage\",\"@id\":\"https:\/\/gaudiumetspes-blog.pl\/index.php\/2013\/06\/11\/aby-nam-skarby-nie-spowszedniay\/\",\"url\":\"https:\/\/gaudiumetspes-blog.pl\/index.php\/2013\/06\/11\/aby-nam-skarby-nie-spowszedniay\/\",\"name\":\"Aby nam skarby nie spowszednia\u0142y... - Gaudium Et Spes\",\"isPartOf\":{\"@id\":\"https:\/\/gaudiumetspes-blog.pl\/#website\"},\"datePublished\":\"2013-06-11T05:18:00+00:00\",\"dateModified\":\"2019-07-31T10:54:03+00:00\",\"author\":{\"@id\":\"https:\/\/gaudiumetspes-blog.pl\/#\/schema\/person\/1661982992b752dea8dff0d4ed845a65\"},\"breadcrumb\":{\"@id\":\"https:\/\/gaudiumetspes-blog.pl\/index.php\/2013\/06\/11\/aby-nam-skarby-nie-spowszedniay\/#breadcrumb\"},\"inLanguage\":\"pl-PL\",\"potentialAction\":[{\"@type\":\"ReadAction\",\"target\":[\"https:\/\/gaudiumetspes-blog.pl\/index.php\/2013\/06\/11\/aby-nam-skarby-nie-spowszedniay\/\"]}]},{\"@type\":\"BreadcrumbList\",\"@id\":\"https:\/\/gaudiumetspes-blog.pl\/index.php\/2013\/06\/11\/aby-nam-skarby-nie-spowszedniay\/#breadcrumb\",\"itemListElement\":[{\"@type\":\"ListItem\",\"position\":1,\"name\":\"Strona g\u0142\u00f3wna\",\"item\":\"https:\/\/gaudiumetspes-blog.pl\/\"},{\"@type\":\"ListItem\",\"position\":2,\"name\":\"Aby nam skarby nie&nbsp;spowszednia\u0142y&#8230;\"}]},{\"@type\":\"WebSite\",\"@id\":\"https:\/\/gaudiumetspes-blog.pl\/#website\",\"url\":\"https:\/\/gaudiumetspes-blog.pl\/\",\"name\":\"Gaudium Et Spes\",\"description\":\"Blog Ks. Jacka Ja\u015bkowskiego\",\"potentialAction\":[{\"@type\":\"SearchAction\",\"target\":{\"@type\":\"EntryPoint\",\"urlTemplate\":\"https:\/\/gaudiumetspes-blog.pl\/?s={search_term_string}\"},\"query-input\":{\"@type\":\"PropertyValueSpecification\",\"valueRequired\":true,\"valueName\":\"search_term_string\"}}],\"inLanguage\":\"pl-PL\"},{\"@type\":\"Person\",\"@id\":\"https:\/\/gaudiumetspes-blog.pl\/#\/schema\/person\/1661982992b752dea8dff0d4ed845a65\",\"name\":\"Ks. Jacek\",\"image\":{\"@type\":\"ImageObject\",\"inLanguage\":\"pl-PL\",\"@id\":\"https:\/\/gaudiumetspes-blog.pl\/#\/schema\/person\/image\/\",\"url\":\"https:\/\/gaudiumetspes-blog.pl\/wp-content\/uploads\/2019\/07\/avatar-JJ-150x150.jpg\",\"contentUrl\":\"https:\/\/gaudiumetspes-blog.pl\/wp-content\/uploads\/2019\/07\/avatar-JJ-150x150.jpg\",\"caption\":\"Ks. Jacek\"},\"description\":\"Witam serdecznie! K\u0142ania si\u0119 Ks. Jacek Ja\u015bkowski. Nie jestem ani kim\u015b wa\u017cnym, ani kim\u015b znanym. Jestem ksi\u0119dzem, kt\u00f3ry po prostu chce rozmawia\u0107. Codzienna kap\u0142a\u0144ska pos\u0142uga pokazuje mi, \u017ce temat\u00f3w do rozm\u00f3w z ksi\u0119dzem jest coraz wi\u0119cej i dzisiaj \u017caden ksi\u0105dz nie mo\u017ce od nich ucieka\u0107, ale - wprost przeciwnie - podejmowa\u0107 nowe wyzwania. To przekonanie sk\u0142oni\u0142o mnie do pr\u00f3by otwarcia tego\u017c bloga, chocia\u017c okazji do rozm\u00f3w na co dzie\u0144 - w konfesjonale i poza nim - na szcz\u0119\u015bcie nie brakuje. My\u015bl\u0119 jednak, \u017ce ten blog b\u0119dzie jeszcze jednym sposobem i przestrzeni\u0105 nawi\u0105zania kontaktu z lud\u017ami dobrej woli, otwartymi na dialog.\",\"url\":\"https:\/\/gaudiumetspes-blog.pl\/index.php\/author\/ks-jacek\/\"}]}<\/script>\n<!-- \/ Yoast SEO plugin. -->","yoast_head_json":{"title":"Aby nam skarby nie spowszednia\u0142y... - Gaudium Et Spes","robots":{"index":"index","follow":"follow","max-snippet":"max-snippet:-1","max-image-preview":"max-image-preview:large","max-video-preview":"max-video-preview:-1"},"canonical":"https:\/\/gaudiumetspes-blog.pl\/index.php\/2013\/06\/11\/aby-nam-skarby-nie-spowszedniay\/","og_locale":"pl_PL","og_type":"article","og_title":"Aby nam skarby nie spowszednia\u0142y... - Gaudium Et Spes","og_description":"Szcz\u0119\u015b\u0107 Bo\u017ce! Moi Drodzy, wczoraj by\u0142a pierwsza Msza \u015awi\u0119ta w ramach Nowenny przygotowuj\u0105cej nasz\u0105 M\u0142odzie\u017c do Sakramentu Bierzmowania. Om\u00f3wiony by\u0142 pierwszy dar Ducha \u015awi\u0119tego &#8211; m\u0105dro\u015b\u0107. Szczerze m\u00f3wi\u0105c, jeszcze nie wpad\u0142em na pomys\u0142, jak i kiedy rozwa\u017cania te zamie\u015bci\u0107 na blogu, ale co\u015b si\u0119 wymy\u015bli. By\u0107 mo\u017ce, zast\u0105pi\u0105 one rozwa\u017cania codzienne. Natomiast ca\u0142o\u015b\u0107 wczoraj wypad\u0142a [&hellip;]","og_url":"https:\/\/gaudiumetspes-blog.pl\/index.php\/2013\/06\/11\/aby-nam-skarby-nie-spowszedniay\/","og_site_name":"Gaudium Et Spes","article_published_time":"2013-06-11T05:18:00+00:00","article_modified_time":"2019-07-31T10:54:03+00:00","author":"Ks. Jacek","twitter_card":"summary_large_image","twitter_misc":{"Napisane przez":"Ks. Jacek","Szacowany czas czytania":"6 minut"},"schema":{"@context":"https:\/\/schema.org","@graph":[{"@type":"WebPage","@id":"https:\/\/gaudiumetspes-blog.pl\/index.php\/2013\/06\/11\/aby-nam-skarby-nie-spowszedniay\/","url":"https:\/\/gaudiumetspes-blog.pl\/index.php\/2013\/06\/11\/aby-nam-skarby-nie-spowszedniay\/","name":"Aby nam skarby nie spowszednia\u0142y... - Gaudium Et Spes","isPartOf":{"@id":"https:\/\/gaudiumetspes-blog.pl\/#website"},"datePublished":"2013-06-11T05:18:00+00:00","dateModified":"2019-07-31T10:54:03+00:00","author":{"@id":"https:\/\/gaudiumetspes-blog.pl\/#\/schema\/person\/1661982992b752dea8dff0d4ed845a65"},"breadcrumb":{"@id":"https:\/\/gaudiumetspes-blog.pl\/index.php\/2013\/06\/11\/aby-nam-skarby-nie-spowszedniay\/#breadcrumb"},"inLanguage":"pl-PL","potentialAction":[{"@type":"ReadAction","target":["https:\/\/gaudiumetspes-blog.pl\/index.php\/2013\/06\/11\/aby-nam-skarby-nie-spowszedniay\/"]}]},{"@type":"BreadcrumbList","@id":"https:\/\/gaudiumetspes-blog.pl\/index.php\/2013\/06\/11\/aby-nam-skarby-nie-spowszedniay\/#breadcrumb","itemListElement":[{"@type":"ListItem","position":1,"name":"Strona g\u0142\u00f3wna","item":"https:\/\/gaudiumetspes-blog.pl\/"},{"@type":"ListItem","position":2,"name":"Aby nam skarby nie&nbsp;spowszednia\u0142y&#8230;"}]},{"@type":"WebSite","@id":"https:\/\/gaudiumetspes-blog.pl\/#website","url":"https:\/\/gaudiumetspes-blog.pl\/","name":"Gaudium Et Spes","description":"Blog Ks. Jacka Ja\u015bkowskiego","potentialAction":[{"@type":"SearchAction","target":{"@type":"EntryPoint","urlTemplate":"https:\/\/gaudiumetspes-blog.pl\/?s={search_term_string}"},"query-input":{"@type":"PropertyValueSpecification","valueRequired":true,"valueName":"search_term_string"}}],"inLanguage":"pl-PL"},{"@type":"Person","@id":"https:\/\/gaudiumetspes-blog.pl\/#\/schema\/person\/1661982992b752dea8dff0d4ed845a65","name":"Ks. Jacek","image":{"@type":"ImageObject","inLanguage":"pl-PL","@id":"https:\/\/gaudiumetspes-blog.pl\/#\/schema\/person\/image\/","url":"https:\/\/gaudiumetspes-blog.pl\/wp-content\/uploads\/2019\/07\/avatar-JJ-150x150.jpg","contentUrl":"https:\/\/gaudiumetspes-blog.pl\/wp-content\/uploads\/2019\/07\/avatar-JJ-150x150.jpg","caption":"Ks. Jacek"},"description":"Witam serdecznie! K\u0142ania si\u0119 Ks. Jacek Ja\u015bkowski. Nie jestem ani kim\u015b wa\u017cnym, ani kim\u015b znanym. Jestem ksi\u0119dzem, kt\u00f3ry po prostu chce rozmawia\u0107. Codzienna kap\u0142a\u0144ska pos\u0142uga pokazuje mi, \u017ce temat\u00f3w do rozm\u00f3w z ksi\u0119dzem jest coraz wi\u0119cej i dzisiaj \u017caden ksi\u0105dz nie mo\u017ce od nich ucieka\u0107, ale - wprost przeciwnie - podejmowa\u0107 nowe wyzwania. To przekonanie sk\u0142oni\u0142o mnie do pr\u00f3by otwarcia tego\u017c bloga, chocia\u017c okazji do rozm\u00f3w na co dzie\u0144 - w konfesjonale i poza nim - na szcz\u0119\u015bcie nie brakuje. My\u015bl\u0119 jednak, \u017ce ten blog b\u0119dzie jeszcze jednym sposobem i przestrzeni\u0105 nawi\u0105zania kontaktu z lud\u017ami dobrej woli, otwartymi na dialog.","url":"https:\/\/gaudiumetspes-blog.pl\/index.php\/author\/ks-jacek\/"}]}},"jetpack_featured_media_url":"","jetpack_sharing_enabled":true,"_links":{"self":[{"href":"https:\/\/gaudiumetspes-blog.pl\/index.php\/wp-json\/wp\/v2\/posts\/9097","targetHints":{"allow":["GET"]}}],"collection":[{"href":"https:\/\/gaudiumetspes-blog.pl\/index.php\/wp-json\/wp\/v2\/posts"}],"about":[{"href":"https:\/\/gaudiumetspes-blog.pl\/index.php\/wp-json\/wp\/v2\/types\/post"}],"author":[{"embeddable":true,"href":"https:\/\/gaudiumetspes-blog.pl\/index.php\/wp-json\/wp\/v2\/users\/1"}],"replies":[{"embeddable":true,"href":"https:\/\/gaudiumetspes-blog.pl\/index.php\/wp-json\/wp\/v2\/comments?post=9097"}],"version-history":[{"count":1,"href":"https:\/\/gaudiumetspes-blog.pl\/index.php\/wp-json\/wp\/v2\/posts\/9097\/revisions"}],"predecessor-version":[{"id":11106,"href":"https:\/\/gaudiumetspes-blog.pl\/index.php\/wp-json\/wp\/v2\/posts\/9097\/revisions\/11106"}],"wp:attachment":[{"href":"https:\/\/gaudiumetspes-blog.pl\/index.php\/wp-json\/wp\/v2\/media?parent=9097"}],"wp:term":[{"taxonomy":"category","embeddable":true,"href":"https:\/\/gaudiumetspes-blog.pl\/index.php\/wp-json\/wp\/v2\/categories?post=9097"},{"taxonomy":"post_tag","embeddable":true,"href":"https:\/\/gaudiumetspes-blog.pl\/index.php\/wp-json\/wp\/v2\/tags?post=9097"}],"curies":[{"name":"wp","href":"https:\/\/api.w.org\/{rel}","templated":true}]}}