{"id":9111,"date":"2013-05-28T06:27:00","date_gmt":"2013-05-28T04:27:00","guid":{"rendered":"https:\/\/gaudiumetspes-blog.pl\/index.php\/2013\/05\/28\/panie-co-ja-z-tego-bede-mia\/"},"modified":"2019-07-31T12:54:02","modified_gmt":"2019-07-31T10:54:02","slug":"panie-co-ja-z-tego-bede-mia","status":"publish","type":"post","link":"https:\/\/gaudiumetspes-blog.pl\/index.php\/2013\/05\/28\/panie-co-ja-z-tego-bede-mia\/","title":{"rendered":"Panie, co ja z tego b\u0119d\u0119 mia\u0142?&#8230;"},"content":{"rendered":"<div align=\"JUSTIFY\" style=\"margin-bottom: 0cm;\">\nSzcz\u0119\u015b\u0107 Bo\u017ce! Kochani, po wczorajszym moim wst\u0119pie, dotycz\u0105cym atmosfery, w jakiej odbywa\u0142a si\u0119 w Celestynowie Pierwsza Komunia \u015awi\u0119ta, kapitaln\u0105 analiz\u0119 problemu przeprowadzi\u0142a J.B. Z perspektywy wieloletniego i do\u015bwiadczonego Katechety i przez pryzmat osobistych przemy\u015ble\u0144, wspartych &#8211; dobrze, \u017ceby\u015bcie o tym wiedzieli &#8211; doktoratem z teologii moralnej, przeanalizowa\u0142a ca\u0142e zagadnienie z kilku stron.&nbsp;<\/div>\n<div align=\"JUSTIFY\" style=\"margin-bottom: 0cm;\">\n&nbsp; &nbsp; &nbsp;Bardzo za to dzi\u0119kuj\u0119, bo widz\u0119, jak to pomaga w odnalezieniu przyczyn niekt\u00f3rych problem\u00f3w i niekt\u00f3rych zjawisk, o jakich wczoraj wspomina\u0142em. Mam zatem pro\u015bb\u0119 &#8211; propozycj\u0119: poci\u0105gnijmy jeszcze ten temat! Mo\u017ce kto\u015b chcia\u0142by ubogaci\u0107 nas swoimi refleksjami i spostrze\u017ceniami?<\/div>\n<div align=\"JUSTIFY\" style=\"margin-bottom: 0cm;\">\n&nbsp; &nbsp; &nbsp;A dzisiaj &#8211; w \u015bwietle Bo\u017cego S\u0142owa &#8211; rozwa\u017camy kwesti\u0119: co nam przyjdzie z tego, \u017ce ofiarujemy nasze \u017cycie Jezusowi?<\/div>\n<div align=\"JUSTIFY\" style=\"margin-bottom: 0cm;\">\n&nbsp; &nbsp; &nbsp; &nbsp; &nbsp; &nbsp; Gaudium et spes! &nbsp;Ks. Jacek<\/div>\n<div align=\"JUSTIFY\" style=\"margin-bottom: 0cm;\">\n<b><br \/><\/b><\/div>\n<div align=\"JUSTIFY\" style=\"margin-bottom: 0cm;\">\n<b>Wtorek<br \/>\n8 Tygodnia zwyk\u0142ego, rok I,<\/b><\/div>\n<div align=\"JUSTIFY\" style=\"margin-bottom: 0cm;\">\n<b>do<br \/>\nczyta\u0144:  Syr 35,1\u201312;  Mk 10,28\u201331<\/b><\/div>\n<div align=\"JUSTIFY\" style=\"margin-bottom: 0cm;\">\n<\/div>\n<div align=\"JUSTIFY\" style=\"margin-bottom: 0cm; page-break-before: auto;\">\n<b>CZYTANIE<br \/>\nZ KSI\u0118GI SYRACYDESA: <\/b>\n<\/div>\n<div align=\"JUSTIFY\" style=\"margin-bottom: 0cm; text-indent: 1.22cm;\">\n<b>Kto<br \/>\nzachowuje Prawo, mno\u017cy ofiary, a kto zwa\u017ca na przykazania, sk\u0142ada<br \/>\nofiary dzi\u0119kczynne. Kto \u015bwiadczy dobrodziejstwa, przynosi ofiary z<br \/>\nnajczystszej m\u0105ki, a kto daje ja\u0142mu\u017cn\u0119, sk\u0142ada ofiar\u0119<br \/>\nuwielbienia. Oddalenie si\u0119 od z\u0142a jest upodobaniem Pana, a unikanie<br \/>\nniesprawiedliwo\u015bci jest Jego przeb\u0142aganiem. <\/b>\n<\/div>\n<div align=\"JUSTIFY\" style=\"margin-bottom: 0cm; text-indent: 1.22cm;\">\n<b>Nie<br \/>\nukazuj si\u0119 przed Panem z pr\u00f3\u017cnymi r\u0119kami, wszystko to bowiem<br \/>\ndzieje si\u0119 wed\u0142ug przykazania. Dar ofiarny sprawiedliwego namaszcza<br \/>\no\u0142tarz t\u0142usto\u015bci\u0105, a przyjemny jej zapach unosi si\u0119 przed<br \/>\nNajwy\u017cszego. Ofiara m\u0119\u017ca sprawiedliwego jest przyjemna, a pami\u0119\u0107<br \/>\no niej nie p\u00f3jdzie w zapomnienie. Chwal Pana hojnym darem i nie<br \/>\nzmniejszaj ofiary z pierwocin r\u0105k twoich. Przy ka\u017cdym darze twarz<br \/>\ntwoj\u0105 rozpog\u00f3d\u017a i z weselem po\u015bwi\u0119\u0107 dziesi\u0119cin\u0119. <\/b>\n<\/div>\n<div align=\"JUSTIFY\" style=\"margin-bottom: 0cm; text-indent: 1.22cm;\">\n<b>Dawaj<br \/>\nNajwy\u017cszemu tak, jak On ci daje, hojny dar wed\u0142ug swej mo\u017cno\u015bci,<br \/>\nponiewa\u017c Pan jest tym, kt\u00f3ry odp\u0142aca, i siedemkro\u0107 razy wi\u0119cej<br \/>\nodda tobie. Nie staraj si\u0119 przekupi\u0107 Go darem, bo nie b\u0119dzie<br \/>\nprzyj\u0119ty, ani nie pok\u0142adaj nadziei w ofierze niesprawiedliwej,<br \/>\nponiewa\u017c Pan jest S\u0119dzi\u0105, kt\u00f3ry nie ma wzgl\u0119du na osoby.<\/b><\/div>\n<div align=\"JUSTIFY\" style=\"margin-bottom: 0cm;\">\n<\/div>\n<div align=\"JUSTIFY\" style=\"margin-bottom: 0cm;\">\n<b>S\u0141OWA<br \/>\nEWANGELII WED\u0141UG \u015aWI\u0118TEGO MARKA: <\/b>\n<\/div>\n<div align=\"JUSTIFY\" style=\"margin-bottom: 0cm; text-indent: 1.24cm;\">\n<b>Piotr<br \/>\npowiedzia\u0142 do Jezusa: \u201eOto my opu\u015bcili\u015bmy wszystko i poszli\u015bmy<br \/>\nza Tob\u0105\u201d. Jezus odpowiedzia\u0142: \u201eZaprawd\u0119 powiadam wam: Nikt nie<br \/>\nopuszcza domu, braci, si\u00f3str, matki, ojca, dzieci i p\u00f3l z powodu<br \/>\nMnie i z powodu Ewangelii, \u017ceby nie otrzyma\u0142 stokro\u0107 wi\u0119cej<br \/>\nteraz, w tym czasie, dom\u00f3w, braci, si\u00f3str, matek, dzieci i p\u00f3l<br \/>\nw\u015br\u00f3d prze\u015bladowa\u0144, a \u017cycia wiecznego w czasie przysz\u0142ym. Lecz<br \/>\nwielu pierwszych b\u0119dzie ostatnimi, a ostatnich pierwszymi\u201d.<\/b><\/p>\n<\/div>\n<div align=\"JUSTIFY\" style=\"margin-bottom: 0cm;\">\n<\/div>\n<div align=\"JUSTIFY\" style=\"margin-bottom: 0cm; page-break-before: auto; text-indent: 1.24cm;\">\nKiedy<br \/>\nuwa\u017cnie czytamy i rozwa\u017camy Bo\u017ce S\u0142owo dzisiejszej Liturgii, to<br \/>\nzapewne dostrzegamy, \u017ce tak\u0105 <b>my\u015bl\u0105, \u0142\u0105cz\u0105c\u0105 oba czytani<\/b><b>a,<\/b><b><br \/>\njest poj\u0119cie ofiarowania.<\/b> Daru sk\u0142adanego Bogu. Ofiary z serca<br \/>\n\u2013 lub z przymusu. Ale akurat pytanie, <b>jakie te ofiarowania s\u0105 i<br \/>\njak\u0105 maj\u0105<\/b> <b>warto\u015b\u0107 \u2013 to ju\u017c dalsza kwestia,<\/b><br \/>\npowiedzieliby\u015bmy: kwestia szczeg\u00f3\u0142owa. Natomiast t\u0105 my\u015bl\u0105<br \/>\nprzewodni\u0105 dzisiejszych czyta\u0144 jest <b>szeroko poj\u0119ty temat<br \/>\nofiarowania.<\/b>\n<\/div>\n<div align=\"JUSTIFY\" style=\"margin-bottom: 0cm; text-indent: 1.24cm;\">\nI<br \/>\ntak oto w pierwszym czytaniu M\u0119drzec Syracydes wzywa: <i><b>Nie<br \/>\nukazuj si\u0119 przed Panem z pr\u00f3\u017cnymi r\u0119kami, wszystko to bowiem<br \/>\ndzieje si\u0119 wed\u0142ug przykazania. Dar ofiarny sprawiedliwego namaszcza<br \/>\no\u0142tarz t\u0142usto\u015bci\u0105, a przyjemny jej zapach unosi si\u0119 przed<br \/>\nNajwy\u017cszego. Ofiara m\u0119\u017ca sprawiedliwego jest przyjemna, a pami\u0119\u0107<br \/>\no niej nie p\u00f3jdzie w zapomnienie. Chwal Pana hojnym darem i nie<br \/>\nzmniejszaj ofiary z pierwocin r\u0105k twoich. Przy ka\u017cdym darze twarz<br \/>\ntwoj\u0105 rozpog\u00f3d\u017a i z weselem po\u015bwi\u0119\u0107 dziesi\u0119cin\u0119<\/b><\/i><b>.<br \/>\n<\/b>\n<\/div>\n<div align=\"JUSTIFY\" style=\"margin-bottom: 0cm; text-indent: 1.24cm;\">\nMaj\u0105c<br \/>\nna uwadze to wezwanie, z niejakim zdziwieniem odbieramy<br \/>\ns\u0142owa Piotra, kt\u00f3re <b>w<br \/>\nEwangelii Marka nie brzmi\u0105 <\/b><b>mo\u017ce<br \/>\n<\/b><b>tak<br \/>\nostro,<\/b><br \/>\njak w przekazie innych Ewangelist\u00f3w, ale ich intencja jest raczej<br \/>\njasna: <i><b>Oto<br \/>\nmy opu\u015bcili\u015bmy wszystko i poszli\u015bmy za Tob\u0105<\/b><\/i><b>.<br \/>\n<\/b>I<br \/>\nw\u0142a\u015bnie u innych Ewangelist\u00f3w pojawia si\u0119 jeszcze pytanie Piotra:<br \/>\n<b>co<br \/>\nz tego b\u0119dziemy mieli, co na tym zyskamy, co nam z tego przyjdzie?<\/b><br \/>\nTutaj, chocia\u017c te pytania nie padaj\u0105, oczywistym jest, \u017ce o to<br \/>\nchodzi, gdy\u017c Jezus odpowiada tak, jakby je s\u0142ysza\u0142. I<br \/>\nm\u00f3wi<br \/>\nPiotrowi, <b>co<br \/>\nzyska w zamian za to, \u017ce p\u00f3jdzie za <\/b><b>Nim<\/b><b>.<\/b><\/p>\n<\/div>\n<div align=\"JUSTIFY\" style=\"margin-bottom: 0cm; text-indent: 1.24cm;\">\nPrzyznaj\u0119,<br \/>\n\u017ce w tym momencie z jakim\u015b wyj\u0105tkowym szacunkiem my\u015bl\u0119 o<br \/>\n<b>wspania\u0142omy\u015blno\u015bci<br \/>\ni mi\u0142o\u015bci Jezusa. <\/b>Oto<br \/>\nbowiem po takim pytaniu m\u00f3g\u0142by On Piotra w og\u00f3le odrzuci\u0107,<br \/>\nodes\u0142a\u0107, m\u00f3wi\u0105c mu, \u017ce <b>skoro<br \/>\nrobi \u0142ask\u0119 i skoro wszystko, co ofiaruje Bogu, przelicza na<br \/>\nosobist\u0105 korzy\u015b\u0107, to ta jego ofiara nie ma znaczenia.<\/b><br \/>\nS\u0142yszymy jednak, \u017ce Jezus tak go nie potraktowa\u0142.\n<\/div>\n<div align=\"JUSTIFY\" style=\"margin-bottom: 0cm; text-indent: 1.24cm;\">\nWr\u0119cz<br \/>\nprzeciwnie: podj\u0105\u0142 ten dziwny dialog, t\u0119 dziwn\u0105 kwesti\u0119 i<br \/>\nodpowiedzia\u0142 z ca\u0142\u0105 \u2013 jak ju\u017c wspominali\u015bmy \u2013 mi\u0142o\u015bci\u0105 i<br \/>\nwspania\u0142omy\u015blno\u015bci\u0105. I co obieca\u0142? S\u0142yszeli\u015bmy: <i><b>Zaprawd\u0119<br \/>\npowiadam wam: Nikt nie opuszcza domu, braci, si\u00f3str, matki, ojca,<br \/>\ndzieci i p\u00f3l z powodu Mnie i z powodu Ewangelii, \u017ceby nie otrzyma\u0142<br \/>\nstokro\u0107 wi\u0119cej teraz, w tym czasie, dom\u00f3w, braci, si\u00f3str, matek,<br \/>\ndzieci i p\u00f3l w\u015br\u00f3d prze\u015bladowa\u0144, a \u017cycia wiecznego w czasie<br \/>\nprzysz\u0142ym. Lecz wielu pierwszych b\u0119dzie ostatnimi, a ostatnich<br \/>\npierwszymi<\/b><\/i><b>.<\/b><\/div>\n<div align=\"JUSTIFY\" style=\"margin-bottom: 0cm; text-indent: 1.24cm;\">\nSzczeg\u00f3lnie<br \/>\nto ostatnie zdanie przenosi akcent rozmowy na <b>nieco<br \/>\ng\u0142\u0119bsze, ni\u017c tylko materialne, rozumienie ca\u0142ego problemu.<\/b><br \/>\nOto Jezus zapowiada, \u017ce w spos\u00f3b sobie w\u0142a\u015bciwy i sobie wiadomy<br \/>\n<b>b\u0119dzie<br \/>\nodp\u0142aca\u0142 wszystkim,<\/b><br \/>\nkt\u00f3rzy ofiaruj\u0105 Mu swoj\u0105 mi\u0142o\u015b\u0107 i swoje oddanie. Owo: <i><b>stokro\u0107<br \/>\nwi\u0119cej \u2013 dom\u00f3w, braci, si\u00f3str, matek, dzieci i p\u00f3l,<\/b><\/i><br \/>\nto znacznie wi\u0119cej, ni\u017c jaki\u015b konkretny budynek jako dom, czy<br \/>\nkonkretna osoba jako brat, czy siostra. Obietnica Jezusa dotyczy<br \/>\n<b>ludzi<br \/>\ni warto\u015bci zyskanych dla Kr\u00f3lestwa Niebieskiego!<\/b><\/p>\n<\/div>\n<div align=\"JUSTIFY\" style=\"margin-bottom: 0cm; text-indent: 1.24cm;\">\nCz\u0142owiek,<br \/>\nkt\u00f3ry ofiaruje Jezusowi to, co ma, zyskuje <b>na<br \/>\nodcinku ducha du\u017co wi\u0119cej.<\/b><br \/>\nDla niego nie licz\u0105 si\u0119 warto\u015bci materialne, ale <b>ich<br \/>\numiej\u0119tne wykorzystanie dla osi\u0105gni\u0119cia zbawienia<\/b><br \/>\n\u2013 i w\u0142a\u015bnie tych \u015brodk\u00f3w i tych sposob\u00f3w <b>nigdy<br \/>\nnie zabraknie! <\/b>Dla<br \/>\nniego nie liczy si\u0119 w\u0142adza nad lud\u017ami, on nie chce zagarn\u0105\u0107<br \/>\nludzi na prywatn\u0105 w\u0142asno\u015b\u0107, ale <b>\u017cy<\/b><b>j<\/b><b>e<br \/>\nz lud\u017ami w mi\u0142o\u015bci i zgodzie dla osi\u0105gni\u0119cia zbawienia. <\/b>I<br \/>\ntakich w\u0142a\u015bnie ludzi wok\u00f3\u0142 nigdy nie zabraknie!<\/div>\n<div align=\"JUSTIFY\" style=\"margin-bottom: 0cm; text-indent: 1.24cm;\">\nPan<br \/>\nto jako\u015b po swojemu<br \/>\nsprawi, \u017ce kto Jemu si\u0119 ofiaruje i idzie za Nim, w rzeczywisto\u015bci<br \/>\n<b>sam<br \/>\nnabiera wewn\u0119trznego przekonania, \u017ce jest bardzo bogaty, bardzo<br \/>\nwarto\u015bciowy, \u017ce ma wok\u00f3\u0142 siebie tylu \u017cyczliwych ludzi<\/b><br \/>\n\u2013 cz\u0119sto nawet trudno mu si\u0119 ze wszystkimi spotka\u0107, dla<br \/>\nwszystkich znale\u017a\u0107 czas, bo tylu chce z nim rozmawia\u0107, umacnia\u0107<br \/>\nsi\u0119 jego \u015bwi\u0119t\u0105 postaw\u0105\u2026<\/div>\n<div align=\"JUSTIFY\" style=\"margin-bottom: 0cm; text-indent: 1.24cm;\">\nA<br \/>\ntaki,<br \/>\nkt\u00f3ry chce<br \/>\nmie\u0107 wszystko dla siebie, <b>w<br \/>\nrzeczywisto\u015bci bardzo cz\u0119sto zostaj<\/b><b>e<\/b><b><br \/>\nsam.<\/b><br \/>\nOwszem, ma przy sobie to wszystko, co uda\u0142o mu<br \/>\nsi\u0119 zagarn\u0105\u0107 i utrzyma\u0107, ale tak naprawd\u0119 <b>jest<\/b><b><br \/>\nbardzo biedn<\/b><b>y<\/b><b>,<br \/>\nsamotn<\/b><b>y<\/b><b><br \/>\ni pu<\/b><b>sty<\/b><b>.<br \/>\n<\/b>I<br \/>\nw\u0142a\u015bnie w tym sensie <i><b>wielu<br \/>\npierwszych b\u0119dzie ostatnimi, a ostatnich pierwszymi.<\/b><\/i><br \/>\nCi, kt\u00f3rzy w rozumieniu ludzi s\u0105 pierwszymi, <b>w<br \/>\noczach Bo\u017cych <\/b>zwykle<br \/>\nokazuj\u0105 si\u0119 biednymi i przegranymi. A ci, kt\u00f3rych ludzie ustawiaj\u0105<br \/>\nna ko\u0144cu swojej w\u0142asnej hierarchii, <b>w<br \/>\nBo\u017cej hierarchii zajmuj\u0105 miejsce pierwsze.<\/b><\/div>\n<div align=\"JUSTIFY\" style=\"margin-bottom: 0cm; text-indent: 1.24cm;\">\nBo<br \/>\nwszystko zale\u017cy od tego, w<br \/>\njakim stopniu<br \/>\n\u2013 i jakim nastawieniem serca \u2013 <b>potrafi\u0119<br \/>\nswoje \u017cycie ofiarowa\u0107 Bogu\u2026<\/b><\/div>\n","protected":false},"excerpt":{"rendered":"<p>Szcz\u0119\u015b\u0107 Bo\u017ce! Kochani, po wczorajszym moim wst\u0119pie, dotycz\u0105cym atmosfery, w jakiej odbywa\u0142a si\u0119 w Celestynowie Pierwsza Komunia \u015awi\u0119ta, kapitaln\u0105 analiz\u0119 problemu przeprowadzi\u0142a J.B. Z perspektywy wieloletniego i do\u015bwiadczonego Katechety i przez pryzmat osobistych przemy\u015ble\u0144, wspartych &#8211; dobrze, \u017ceby\u015bcie o tym wiedzieli &#8211; doktoratem z teologii moralnej, przeanalizowa\u0142a ca\u0142e zagadnienie z kilku stron.&nbsp; &nbsp; &nbsp; &nbsp;Bardzo [&hellip;]<\/p>\n","protected":false},"author":1,"featured_media":0,"comment_status":"open","ping_status":"open","sticky":false,"template":"","format":"standard","meta":{"jetpack_post_was_ever_published":false,"_jetpack_newsletter_access":"","_jetpack_dont_email_post_to_subs":false,"_jetpack_newsletter_tier_id":0,"_jetpack_memberships_contains_paywalled_content":false,"_jetpack_memberships_contains_paid_content":false,"footnotes":""},"categories":[1],"tags":[],"class_list":["post-9111","post","type-post","status-publish","format-standard","hentry","category-bez-kategorii"],"yoast_head":"<!-- This site is optimized with the Yoast SEO plugin v25.1 - https:\/\/yoast.com\/wordpress\/plugins\/seo\/ -->\n<title>Panie, co ja z tego b\u0119d\u0119 mia\u0142?... - Gaudium Et Spes<\/title>\n<meta name=\"robots\" content=\"index, follow, max-snippet:-1, max-image-preview:large, max-video-preview:-1\" \/>\n<link rel=\"canonical\" href=\"https:\/\/gaudiumetspes-blog.pl\/index.php\/2013\/05\/28\/panie-co-ja-z-tego-bede-mia\/\" \/>\n<meta property=\"og:locale\" content=\"pl_PL\" \/>\n<meta property=\"og:type\" content=\"article\" \/>\n<meta property=\"og:title\" content=\"Panie, co ja z tego b\u0119d\u0119 mia\u0142?... - Gaudium Et Spes\" \/>\n<meta property=\"og:description\" content=\"Szcz\u0119\u015b\u0107 Bo\u017ce! Kochani, po wczorajszym moim wst\u0119pie, dotycz\u0105cym atmosfery, w jakiej odbywa\u0142a si\u0119 w Celestynowie Pierwsza Komunia \u015awi\u0119ta, kapitaln\u0105 analiz\u0119 problemu przeprowadzi\u0142a J.B. Z perspektywy wieloletniego i do\u015bwiadczonego Katechety i przez pryzmat osobistych przemy\u015ble\u0144, wspartych &#8211; dobrze, \u017ceby\u015bcie o tym wiedzieli &#8211; doktoratem z teologii moralnej, przeanalizowa\u0142a ca\u0142e zagadnienie z kilku stron.&nbsp; &nbsp; &nbsp; &nbsp;Bardzo [&hellip;]\" \/>\n<meta property=\"og:url\" content=\"https:\/\/gaudiumetspes-blog.pl\/index.php\/2013\/05\/28\/panie-co-ja-z-tego-bede-mia\/\" \/>\n<meta property=\"og:site_name\" content=\"Gaudium Et Spes\" \/>\n<meta property=\"article:published_time\" content=\"2013-05-28T04:27:00+00:00\" \/>\n<meta property=\"article:modified_time\" content=\"2019-07-31T10:54:02+00:00\" \/>\n<meta name=\"author\" content=\"Ks. Jacek\" \/>\n<meta name=\"twitter:card\" content=\"summary_large_image\" \/>\n<meta name=\"twitter:label1\" content=\"Napisane przez\" \/>\n\t<meta name=\"twitter:data1\" content=\"Ks. Jacek\" \/>\n\t<meta name=\"twitter:label2\" content=\"Szacowany czas czytania\" \/>\n\t<meta name=\"twitter:data2\" content=\"6 minut\" \/>\n<script type=\"application\/ld+json\" class=\"yoast-schema-graph\">{\"@context\":\"https:\/\/schema.org\",\"@graph\":[{\"@type\":\"WebPage\",\"@id\":\"https:\/\/gaudiumetspes-blog.pl\/index.php\/2013\/05\/28\/panie-co-ja-z-tego-bede-mia\/\",\"url\":\"https:\/\/gaudiumetspes-blog.pl\/index.php\/2013\/05\/28\/panie-co-ja-z-tego-bede-mia\/\",\"name\":\"Panie, co ja z tego b\u0119d\u0119 mia\u0142?... - Gaudium Et Spes\",\"isPartOf\":{\"@id\":\"https:\/\/gaudiumetspes-blog.pl\/#website\"},\"datePublished\":\"2013-05-28T04:27:00+00:00\",\"dateModified\":\"2019-07-31T10:54:02+00:00\",\"author\":{\"@id\":\"https:\/\/gaudiumetspes-blog.pl\/#\/schema\/person\/1661982992b752dea8dff0d4ed845a65\"},\"breadcrumb\":{\"@id\":\"https:\/\/gaudiumetspes-blog.pl\/index.php\/2013\/05\/28\/panie-co-ja-z-tego-bede-mia\/#breadcrumb\"},\"inLanguage\":\"pl-PL\",\"potentialAction\":[{\"@type\":\"ReadAction\",\"target\":[\"https:\/\/gaudiumetspes-blog.pl\/index.php\/2013\/05\/28\/panie-co-ja-z-tego-bede-mia\/\"]}]},{\"@type\":\"BreadcrumbList\",\"@id\":\"https:\/\/gaudiumetspes-blog.pl\/index.php\/2013\/05\/28\/panie-co-ja-z-tego-bede-mia\/#breadcrumb\",\"itemListElement\":[{\"@type\":\"ListItem\",\"position\":1,\"name\":\"Strona g\u0142\u00f3wna\",\"item\":\"https:\/\/gaudiumetspes-blog.pl\/\"},{\"@type\":\"ListItem\",\"position\":2,\"name\":\"Panie, co ja z&nbsp;tego b\u0119d\u0119 mia\u0142?&#8230;\"}]},{\"@type\":\"WebSite\",\"@id\":\"https:\/\/gaudiumetspes-blog.pl\/#website\",\"url\":\"https:\/\/gaudiumetspes-blog.pl\/\",\"name\":\"Gaudium Et Spes\",\"description\":\"Blog Ks. Jacka Ja\u015bkowskiego\",\"potentialAction\":[{\"@type\":\"SearchAction\",\"target\":{\"@type\":\"EntryPoint\",\"urlTemplate\":\"https:\/\/gaudiumetspes-blog.pl\/?s={search_term_string}\"},\"query-input\":{\"@type\":\"PropertyValueSpecification\",\"valueRequired\":true,\"valueName\":\"search_term_string\"}}],\"inLanguage\":\"pl-PL\"},{\"@type\":\"Person\",\"@id\":\"https:\/\/gaudiumetspes-blog.pl\/#\/schema\/person\/1661982992b752dea8dff0d4ed845a65\",\"name\":\"Ks. Jacek\",\"image\":{\"@type\":\"ImageObject\",\"inLanguage\":\"pl-PL\",\"@id\":\"https:\/\/gaudiumetspes-blog.pl\/#\/schema\/person\/image\/\",\"url\":\"https:\/\/gaudiumetspes-blog.pl\/wp-content\/uploads\/2019\/07\/avatar-JJ-150x150.jpg\",\"contentUrl\":\"https:\/\/gaudiumetspes-blog.pl\/wp-content\/uploads\/2019\/07\/avatar-JJ-150x150.jpg\",\"caption\":\"Ks. Jacek\"},\"description\":\"Witam serdecznie! K\u0142ania si\u0119 Ks. Jacek Ja\u015bkowski. Nie jestem ani kim\u015b wa\u017cnym, ani kim\u015b znanym. Jestem ksi\u0119dzem, kt\u00f3ry po prostu chce rozmawia\u0107. Codzienna kap\u0142a\u0144ska pos\u0142uga pokazuje mi, \u017ce temat\u00f3w do rozm\u00f3w z ksi\u0119dzem jest coraz wi\u0119cej i dzisiaj \u017caden ksi\u0105dz nie mo\u017ce od nich ucieka\u0107, ale - wprost przeciwnie - podejmowa\u0107 nowe wyzwania. To przekonanie sk\u0142oni\u0142o mnie do pr\u00f3by otwarcia tego\u017c bloga, chocia\u017c okazji do rozm\u00f3w na co dzie\u0144 - w konfesjonale i poza nim - na szcz\u0119\u015bcie nie brakuje. My\u015bl\u0119 jednak, \u017ce ten blog b\u0119dzie jeszcze jednym sposobem i przestrzeni\u0105 nawi\u0105zania kontaktu z lud\u017ami dobrej woli, otwartymi na dialog.\",\"url\":\"https:\/\/gaudiumetspes-blog.pl\/index.php\/author\/ks-jacek\/\"}]}<\/script>\n<!-- \/ Yoast SEO plugin. -->","yoast_head_json":{"title":"Panie, co ja z tego b\u0119d\u0119 mia\u0142?... - Gaudium Et Spes","robots":{"index":"index","follow":"follow","max-snippet":"max-snippet:-1","max-image-preview":"max-image-preview:large","max-video-preview":"max-video-preview:-1"},"canonical":"https:\/\/gaudiumetspes-blog.pl\/index.php\/2013\/05\/28\/panie-co-ja-z-tego-bede-mia\/","og_locale":"pl_PL","og_type":"article","og_title":"Panie, co ja z tego b\u0119d\u0119 mia\u0142?... - Gaudium Et Spes","og_description":"Szcz\u0119\u015b\u0107 Bo\u017ce! Kochani, po wczorajszym moim wst\u0119pie, dotycz\u0105cym atmosfery, w jakiej odbywa\u0142a si\u0119 w Celestynowie Pierwsza Komunia \u015awi\u0119ta, kapitaln\u0105 analiz\u0119 problemu przeprowadzi\u0142a J.B. Z perspektywy wieloletniego i do\u015bwiadczonego Katechety i przez pryzmat osobistych przemy\u015ble\u0144, wspartych &#8211; dobrze, \u017ceby\u015bcie o tym wiedzieli &#8211; doktoratem z teologii moralnej, przeanalizowa\u0142a ca\u0142e zagadnienie z kilku stron.&nbsp; &nbsp; &nbsp; &nbsp;Bardzo [&hellip;]","og_url":"https:\/\/gaudiumetspes-blog.pl\/index.php\/2013\/05\/28\/panie-co-ja-z-tego-bede-mia\/","og_site_name":"Gaudium Et Spes","article_published_time":"2013-05-28T04:27:00+00:00","article_modified_time":"2019-07-31T10:54:02+00:00","author":"Ks. Jacek","twitter_card":"summary_large_image","twitter_misc":{"Napisane przez":"Ks. Jacek","Szacowany czas czytania":"6 minut"},"schema":{"@context":"https:\/\/schema.org","@graph":[{"@type":"WebPage","@id":"https:\/\/gaudiumetspes-blog.pl\/index.php\/2013\/05\/28\/panie-co-ja-z-tego-bede-mia\/","url":"https:\/\/gaudiumetspes-blog.pl\/index.php\/2013\/05\/28\/panie-co-ja-z-tego-bede-mia\/","name":"Panie, co ja z tego b\u0119d\u0119 mia\u0142?... - Gaudium Et Spes","isPartOf":{"@id":"https:\/\/gaudiumetspes-blog.pl\/#website"},"datePublished":"2013-05-28T04:27:00+00:00","dateModified":"2019-07-31T10:54:02+00:00","author":{"@id":"https:\/\/gaudiumetspes-blog.pl\/#\/schema\/person\/1661982992b752dea8dff0d4ed845a65"},"breadcrumb":{"@id":"https:\/\/gaudiumetspes-blog.pl\/index.php\/2013\/05\/28\/panie-co-ja-z-tego-bede-mia\/#breadcrumb"},"inLanguage":"pl-PL","potentialAction":[{"@type":"ReadAction","target":["https:\/\/gaudiumetspes-blog.pl\/index.php\/2013\/05\/28\/panie-co-ja-z-tego-bede-mia\/"]}]},{"@type":"BreadcrumbList","@id":"https:\/\/gaudiumetspes-blog.pl\/index.php\/2013\/05\/28\/panie-co-ja-z-tego-bede-mia\/#breadcrumb","itemListElement":[{"@type":"ListItem","position":1,"name":"Strona g\u0142\u00f3wna","item":"https:\/\/gaudiumetspes-blog.pl\/"},{"@type":"ListItem","position":2,"name":"Panie, co ja z&nbsp;tego b\u0119d\u0119 mia\u0142?&#8230;"}]},{"@type":"WebSite","@id":"https:\/\/gaudiumetspes-blog.pl\/#website","url":"https:\/\/gaudiumetspes-blog.pl\/","name":"Gaudium Et Spes","description":"Blog Ks. Jacka Ja\u015bkowskiego","potentialAction":[{"@type":"SearchAction","target":{"@type":"EntryPoint","urlTemplate":"https:\/\/gaudiumetspes-blog.pl\/?s={search_term_string}"},"query-input":{"@type":"PropertyValueSpecification","valueRequired":true,"valueName":"search_term_string"}}],"inLanguage":"pl-PL"},{"@type":"Person","@id":"https:\/\/gaudiumetspes-blog.pl\/#\/schema\/person\/1661982992b752dea8dff0d4ed845a65","name":"Ks. Jacek","image":{"@type":"ImageObject","inLanguage":"pl-PL","@id":"https:\/\/gaudiumetspes-blog.pl\/#\/schema\/person\/image\/","url":"https:\/\/gaudiumetspes-blog.pl\/wp-content\/uploads\/2019\/07\/avatar-JJ-150x150.jpg","contentUrl":"https:\/\/gaudiumetspes-blog.pl\/wp-content\/uploads\/2019\/07\/avatar-JJ-150x150.jpg","caption":"Ks. Jacek"},"description":"Witam serdecznie! K\u0142ania si\u0119 Ks. Jacek Ja\u015bkowski. Nie jestem ani kim\u015b wa\u017cnym, ani kim\u015b znanym. Jestem ksi\u0119dzem, kt\u00f3ry po prostu chce rozmawia\u0107. Codzienna kap\u0142a\u0144ska pos\u0142uga pokazuje mi, \u017ce temat\u00f3w do rozm\u00f3w z ksi\u0119dzem jest coraz wi\u0119cej i dzisiaj \u017caden ksi\u0105dz nie mo\u017ce od nich ucieka\u0107, ale - wprost przeciwnie - podejmowa\u0107 nowe wyzwania. To przekonanie sk\u0142oni\u0142o mnie do pr\u00f3by otwarcia tego\u017c bloga, chocia\u017c okazji do rozm\u00f3w na co dzie\u0144 - w konfesjonale i poza nim - na szcz\u0119\u015bcie nie brakuje. My\u015bl\u0119 jednak, \u017ce ten blog b\u0119dzie jeszcze jednym sposobem i przestrzeni\u0105 nawi\u0105zania kontaktu z lud\u017ami dobrej woli, otwartymi na dialog.","url":"https:\/\/gaudiumetspes-blog.pl\/index.php\/author\/ks-jacek\/"}]}},"jetpack_featured_media_url":"","jetpack_sharing_enabled":true,"_links":{"self":[{"href":"https:\/\/gaudiumetspes-blog.pl\/index.php\/wp-json\/wp\/v2\/posts\/9111","targetHints":{"allow":["GET"]}}],"collection":[{"href":"https:\/\/gaudiumetspes-blog.pl\/index.php\/wp-json\/wp\/v2\/posts"}],"about":[{"href":"https:\/\/gaudiumetspes-blog.pl\/index.php\/wp-json\/wp\/v2\/types\/post"}],"author":[{"embeddable":true,"href":"https:\/\/gaudiumetspes-blog.pl\/index.php\/wp-json\/wp\/v2\/users\/1"}],"replies":[{"embeddable":true,"href":"https:\/\/gaudiumetspes-blog.pl\/index.php\/wp-json\/wp\/v2\/comments?post=9111"}],"version-history":[{"count":1,"href":"https:\/\/gaudiumetspes-blog.pl\/index.php\/wp-json\/wp\/v2\/posts\/9111\/revisions"}],"predecessor-version":[{"id":11089,"href":"https:\/\/gaudiumetspes-blog.pl\/index.php\/wp-json\/wp\/v2\/posts\/9111\/revisions\/11089"}],"wp:attachment":[{"href":"https:\/\/gaudiumetspes-blog.pl\/index.php\/wp-json\/wp\/v2\/media?parent=9111"}],"wp:term":[{"taxonomy":"category","embeddable":true,"href":"https:\/\/gaudiumetspes-blog.pl\/index.php\/wp-json\/wp\/v2\/categories?post=9111"},{"taxonomy":"post_tag","embeddable":true,"href":"https:\/\/gaudiumetspes-blog.pl\/index.php\/wp-json\/wp\/v2\/tags?post=9111"}],"curies":[{"name":"wp","href":"https:\/\/api.w.org\/{rel}","templated":true}]}}