{"id":9124,"date":"2013-05-15T08:38:00","date_gmt":"2013-05-15T06:38:00","guid":{"rendered":"https:\/\/gaudiumetspes-blog.pl\/index.php\/2013\/05\/15\/chwalcie-aki-umajone\/"},"modified":"2019-07-31T12:54:00","modified_gmt":"2019-07-31T10:54:00","slug":"chwalcie-aki-umajone","status":"publish","type":"post","link":"https:\/\/gaudiumetspes-blog.pl\/index.php\/2013\/05\/15\/chwalcie-aki-umajone\/","title":{"rendered":"Chwalcie \u0142\u0105ki umajone&#8230;"},"content":{"rendered":"<div dir=\"ltr\" style=\"text-align: left;\" trbidi=\"on\">\n<div class=\"separator\" style=\"clear: both; text-align: center;\">\n<a href=\"http:\/\/2.bp.blogspot.com\/-4oV3E9IUacM\/UZNIq0TtWwI\/AAAAAAAAAcU\/pGHXJIJqgYY\/s1600\/IMG_0107.JPG\" imageanchor=\"1\" style=\"clear: right; float: right; margin-bottom: 1em; margin-left: 1em;\"><img loading=\"lazy\" decoding=\"async\" border=\"0\" height=\"239\" src=\"https:\/\/gaudiumetspes-blog.pl\/wp-content\/uploads\/2013\/05\/IMG_0107.jpg\" width=\"320\" \/><\/a><\/div>\n<p><b><i><br \/>(Dz 20,28-38)<br \/> Pawe\u0142 powiedzia\u0142 do starszych ko\u015bcio\u0142a efeskiego: Uwa\u017cajcie na samych siebie i na ca\u0142\u0105 trzod\u0119, nad kt\u00f3r\u0105 Duch \u015awi\u0119ty ustanowi\u0142 was biskupami, aby\u015bcie kierowali Ko\u015bcio\u0142em Boga, kt\u00f3ry On naby\u0142 w\u0142asn\u0105 krwi\u0105. Wiem, \u017ce po moim odej\u015bciu wejd\u0105 mi\u0119dzy was wilki drapie\u017cne, nie oszcz\u0119dzaj\u0105c stada. Tak\u017ce spo\u015br\u00f3d was samych powstan\u0105 ludzie, kt\u00f3rzy g\u0142osi\u0107 b\u0119d\u0105 przewrotne nauki, aby poci\u0105gn\u0105\u0107 za sob\u0105 uczni\u00f3w. Dlatego czuwajcie, pami\u0119taj\u0105c, \u017ce przez trzy lata we dnie i w nocy nie przestawa\u0142em ze \u0142zami upomina\u0107 ka\u017cdego z was. A teraz polecam was Bogu i s\u0142owu Jego \u0142aski w\u0142adnemu zbudowa\u0107 i da\u0107 dziedzictwo ze wszystkimi \u015bwi\u0119tymi. Nie po\u017c\u0105da\u0142em srebra ani z\u0142ota, ani szaty niczyjej. Sami wiecie, \u017ce te r\u0119ce zarabia\u0142y na potrzeby moje i moich towarzyszy. We wszystkim pokaza\u0142em wam, \u017ce tak pracuj\u0105c trzeba wspiera\u0107 s\u0142abych i pami\u0119ta\u0107 o s\u0142owach Pana Jezusa, kt\u00f3ry powiedzia\u0142: Wi\u0119cej szcz\u0119\u015bcia jest w dawaniu ani\u017celi w braniu. Po tych s\u0142owach upad\u0142 na kolana i modli\u0142 si\u0119 razem ze wszystkimi. Wtedy wszyscy wybuchn\u0119li wielkim p\u0142aczem. Rzucali si\u0119 Paw\u0142owi na szyj\u0119 i ca\u0142owali go, smuc\u0105c si\u0119 najbardziej z tego, co powiedzia\u0142: \u017ce ju\u017c nigdy go nie zobacz\u0105. Potem odprowadzili go na okr\u0119t. <\/p>\n<p>(J 17,11b-19)<br \/> W czasie ostatniej wieczerzy Jezus podni\u00f3s\u0142szy oczy ku niebu, modli\u0142 sie tymi s\u0142owami: Ojcze \u015awi\u0119ty, zachowaj ich w Twoim imieniu, kt\u00f3re Mi da\u0142e\u015b, aby tak jak My stanowili jedno. Dop\u00f3ki z nimi by\u0142em, zachowywa\u0142em ich w Twoim imieniu, kt\u00f3re Mi da\u0142e\u015b, i ustrzeg\u0142em ich, a nikt z nich nie zgin\u0105\u0142 z wyj\u0105tkiem syna zatracenia, aby si\u0119 spe\u0142ni\u0142o Pismo Ale teraz id\u0119 do Ciebie i tak m\u00f3wi\u0119, b\u0119d\u0105c jeszcze na \u015bwiecie, aby moj\u0105 rado\u015b\u0107 mieli w sobie w ca\u0142ej pe\u0142ni. Ja im przekaza\u0142em Twoje s\u0142owo, a \u015bwiat ich znienawidzi\u0142 za to, \u017ce nie s\u0105 ze \u015bwiata, jak i Ja nie jestem ze \u015bwiata. Nie prosz\u0119, aby\u015b ich zabra\u0142 ze \u015bwiata, ale by\u015b ich ustrzeg\u0142 od z\u0142ego. Oni nie s\u0105 ze \u015bwiata, jak i Ja nie jestem ze \u015bwiata. U\u015bwi\u0119\u0107 ich w prawdzie. S\u0142owo Twoje jest prawd\u0105. Jak Ty Mnie pos\u0142a\u0142e\u015b na \u015bwiat, tak i Ja ich na \u015bwiat pos\u0142a\u0142em. A za nich Ja po\u015bwi\u0119cam w ofierze samego siebie, aby i oni byli u\u015bwi\u0119ceni w prawdzie. <\/i><\/b><br \/>\n<b><i><br \/><\/i><\/b><br \/>\n<b>Niech b\u0119dzie pochwalony Jezus Chrystus! <\/b><\/p>\n<p>Pozdrawiam tym razem nie z Syberii a z Polski, ze Szklarskiej Por\u0119by\u2026 <\/p>\n<p>Jaka ta Polska jest pi\u0119kna! Nawet sobie nie wyobra\u017cacie\u2026 <\/p>\n<p>My\u015blicie pewnie, \u017ce w zachwycie przesadzam, \u017cartuj\u0119, \u017ce Wy sobie nie wyobra\u017cacie? Ot\u00f3\u017c nie, my\u015bl\u0119, \u017ce jest w tym jaka\u015b prawda, bo ja inaczej patrz\u0119 na Polsk\u0119, inaczej j\u0105 widz\u0119, inaczej si\u0119 ni\u0105 zachwycam, kiedy jestem w niej rzadko. My\u015bl\u0119, \u017ce b\u0119d\u0105c ca\u0142y czas, trudno tak na Polsk\u0119 popatrze\u0107. Mam tu na my\u015bli pi\u0119kno przyrody, g\u00f3r, g\u00f3rskich strumieni\u2026 mam tu na my\u015bli \u0142\u0105ki umajone (w\u0142a\u015bnie, tej pie\u015bni \u201eChwalcie \u0142\u0105ki umajone\u2026\u201d bardzo mi brakowa\u0142o), pi\u0119kn\u0105 polsk\u0105 wiosn\u0119 roz\u015bwietlon\u0105 promieniami s\u0142o\u0144ca\u2026 tak\u017ce pi\u0119kne budynki, podw\u00f3rka, ogr\u00f3dki\u2026   <\/p>\n<p>Ale te\u017c zauwa\u017cam, jak w Polsce pi\u0119kny jest Ko\u015bci\u00f3\u0142. Czytaj\u0105c jakie\u015b internetowe doniesienia, odnosi si\u0119 wra\u017cenie, \u017ce ten Ko\u015bci\u00f3\u0142 w Polsce upada, ko\u0144czy si\u0119. Tymczasem moje do\u015bwiadczenie to zachwyt pi\u0119knem polskiego Ko\u015bcio\u0142a \u2013 rozmodlonego, pobo\u017cnego, mocnego si\u0142\u0105 modlitwy, sakrament\u00f3w, mocnego si\u0142\u0105 Ducha \u015awi\u0119tego. (Jad\u0105c wieczorem przez wioski widzia\u0142em ludzi przy kapliczkach \u015bpiewaj\u0105cych litani\u0119 do NMP \u2013 pi\u0119kne). <\/p>\n<p>Tak ja widz\u0119 polski Ko\u015bci\u00f3\u0142, patrz\u0105c na niego z perspektywy pos\u0142ugi duszpasterskiej na Syberii. <\/p>\n<p>A co dzi\u015b w S\u0142owie? Co w liturgii? <\/p>\n<p>Razem z Aposto\u0142ami na modlitwie przygotowujemy si\u0119 na przyj\u0119cie Ducha \u015awi\u0119tego \u2013 Parakleta, Pocieszyciela, Obro\u0144c\u0119, Ducha Prawdy\u2026 <\/p>\n<p>Proponuj\u0119, aby\u015bmy w te dni spr\u00f3bowali bardziej zapozna\u0107 si\u0119 z Duchem \u015awi\u0119tym, zaprasza\u0107 Go do swojego \u017cycia, ale te\u017c rozmy\u015bla\u0107 nad tym, co o nim m\u00f3wi Pismo. <br \/>\n<a name='more'><\/a><br \/>\nW dzisiejszym s\u0142owie zauwa\u017cam jeden z niezwykle wa\u017cnych dar\u00f3w Ducha \u015awi\u0119tego \u2013 wierno\u015b\u0107, wytrwa\u0142o\u015b\u0107. <\/p>\n<p>Bardzo cz\u0119sto, zbyt cz\u0119sto jeste\u015bmy lud\u017ami dzia\u0142aj\u0105cymi emocjonalnie. Kto\u015b m\u00f3wi: nie modl\u0119 si\u0119 zawsze, bo czasem nie mam nastroju do modlitwy\u2026 A potem to przechodzi i dalej \u2013 nie b\u0119d\u0119 chodzi\u0142 do Ko\u015bcio\u0142a, bo nie czuj\u0119 takiej potrzeby\u2026 A potem jeszcze dalej: nie b\u0119d\u0119 wierny powo\u0142aniu \u2013 kap\u0142a\u0144stwu, ma\u0142\u017ce\u0144stwu, bo nie czuj\u0119 mi\u0142o\u015bci\u2026 <\/p>\n<p>Duch \u015awi\u0119ty uczy nas wierno\u015bci, wytrwania w chwilach pr\u00f3by, przeciwno\u015bci. <\/p>\n<p>Je\u015bli jest trudno, to nie znaczy, \u017ce trzeba wszystko rzuci\u0107\u2026 <\/p>\n<p>Je\u015bli jest trudno, to nie znaczy, \u017ce B\u00f3g mnie opu\u015bci\u0142. <\/p>\n<p>Trzeba wytrwa\u0107! <\/p>\n<p>I sp\u00f3jrzmy jak wiele s\u0142\u00f3w, dzi\u015b w liturgii nas tego uczy: <\/p>\n<p>W I czytaniu \u2013 \u201eUwa\u017cajcie na samych siebie i na ca\u0142\u0105 trzod\u0119, nad kt\u00f3r\u0105 Duch \u015awi\u0119ty ustanowi\u0142 was biskupami, aby\u015bcie kierowali Ko\u015bcio\u0142em Boga, kt\u00f3ry On naby\u0142 w\u0142asn\u0105 krwi\u0105\u201d. <\/p>\n<p>I potem w Ewangelii modlitwa Jezusa \u2013 w\u0142a\u015bnie \u2013 Jezus modli si\u0119 za nas! <\/p>\n<p>\u201eOjcze \u015awi\u0119ty, zachowaj ich w Twoim imieniu, kt\u00f3re Mi da\u0142e\u015b, aby tak jak My stanowili jedno. Dop\u00f3ki z nimi by\u0142em, zachowywa\u0142em ich w Twoim imieniu, kt\u00f3re Mi da\u0142e\u015b, i ustrzeg\u0142em ich, a nikt z nich nie zgin\u0105\u0142 z wyj\u0105tkiem syna zatracenia, aby si\u0119 spe\u0142ni\u0142o Pismo\u201d. <\/p>\n<p>Modlitwa Jezusa \u2013 zachowaj ich\u2026 ja zachowa\u0142em ich\u2026 nikt nie zgin\u0105\u0142\u2026 <\/p>\n<p>I w tym kontek\u015bcie s\u0142owa Paw\u0142a, rada, pouczenie dla pasterzy Ko\u015bcio\u0142a \u2013 uwa\u017cajcie na siebie, na ca\u0142\u0105 trzod\u0119\u2026 I mo\u017cna doda\u0107 s\u0142owami Jezusa \u2013 uwa\u017cajcie, by nikt nie zgin\u0105\u0142, by wszyscy si\u0119 zachowali\u2026 <\/p>\n<p>Trzeba by\u0107 delikatnym, wra\u017cliwym, aby nikt przez nas nie zgin\u0105\u0142, nie upad\u0142, nie przepad\u0142\u2026 Musimy i sami dba\u0107 o siebie, aby\u015bmy byli wierni, aby\u015bmy si\u0119 nie zagubili\u2026 <\/p>\n<p>Oczywi\u015bcie mowa tu o duchowych warto\u015bciach \u2013 o wierze, o u\u015bwi\u0119ceniu, bo o takie warto\u015bci modli si\u0119 Jezus w czasie ostatniej wieczerzy. <\/p>\n<p>Przyjd\u017a Duchu \u015awi\u0119ty!<\/p>\n<div class=\"separator\" style=\"clear: both; text-align: center;\">\n<a href=\"http:\/\/2.bp.blogspot.com\/-DiRBGCOV1Qk\/UZNJHeNrneI\/AAAAAAAAAcc\/N7P8nZ2cfFU\/s1600\/IMG_0111.JPG\" imageanchor=\"1\" style=\"margin-left: 1em; margin-right: 1em;\"><img loading=\"lazy\" decoding=\"async\" border=\"0\" height=\"320\" src=\"https:\/\/gaudiumetspes-blog.pl\/wp-content\/uploads\/2013\/05\/IMG_0111.jpg\" width=\"239\" \/><\/a><\/div>\n<div>\n<\/div>\n<\/div>\n","protected":false},"excerpt":{"rendered":"<p>(Dz 20,28-38) Pawe\u0142 powiedzia\u0142 do starszych ko\u015bcio\u0142a efeskiego: Uwa\u017cajcie na samych siebie i na ca\u0142\u0105 trzod\u0119, nad kt\u00f3r\u0105 Duch \u015awi\u0119ty ustanowi\u0142 was biskupami, aby\u015bcie kierowali Ko\u015bcio\u0142em Boga, kt\u00f3ry On naby\u0142 w\u0142asn\u0105 krwi\u0105. Wiem, \u017ce po moim odej\u015bciu wejd\u0105 mi\u0119dzy was wilki drapie\u017cne, nie oszcz\u0119dzaj\u0105c stada. Tak\u017ce spo\u015br\u00f3d was samych powstan\u0105 ludzie, kt\u00f3rzy g\u0142osi\u0107 b\u0119d\u0105 przewrotne [&hellip;]<\/p>\n","protected":false},"author":1,"featured_media":0,"comment_status":"open","ping_status":"open","sticky":false,"template":"","format":"standard","meta":{"jetpack_post_was_ever_published":false,"_jetpack_newsletter_access":"","_jetpack_dont_email_post_to_subs":false,"_jetpack_newsletter_tier_id":0,"_jetpack_memberships_contains_paywalled_content":false,"_jetpack_memberships_contains_paid_content":false,"footnotes":""},"categories":[1],"tags":[],"class_list":["post-9124","post","type-post","status-publish","format-standard","hentry","category-bez-kategorii"],"yoast_head":"<!-- This site is optimized with the Yoast SEO plugin v25.1 - https:\/\/yoast.com\/wordpress\/plugins\/seo\/ -->\n<title>Chwalcie \u0142\u0105ki umajone... - Gaudium Et Spes<\/title>\n<meta name=\"robots\" content=\"index, follow, max-snippet:-1, max-image-preview:large, max-video-preview:-1\" \/>\n<link rel=\"canonical\" href=\"https:\/\/gaudiumetspes-blog.pl\/index.php\/2013\/05\/15\/chwalcie-aki-umajone\/\" \/>\n<meta property=\"og:locale\" content=\"pl_PL\" \/>\n<meta property=\"og:type\" content=\"article\" \/>\n<meta property=\"og:title\" content=\"Chwalcie \u0142\u0105ki umajone... - Gaudium Et Spes\" \/>\n<meta property=\"og:description\" content=\"(Dz 20,28-38) Pawe\u0142 powiedzia\u0142 do starszych ko\u015bcio\u0142a efeskiego: Uwa\u017cajcie na samych siebie i na ca\u0142\u0105 trzod\u0119, nad kt\u00f3r\u0105 Duch \u015awi\u0119ty ustanowi\u0142 was biskupami, aby\u015bcie kierowali Ko\u015bcio\u0142em Boga, kt\u00f3ry On naby\u0142 w\u0142asn\u0105 krwi\u0105. Wiem, \u017ce po moim odej\u015bciu wejd\u0105 mi\u0119dzy was wilki drapie\u017cne, nie oszcz\u0119dzaj\u0105c stada. Tak\u017ce spo\u015br\u00f3d was samych powstan\u0105 ludzie, kt\u00f3rzy g\u0142osi\u0107 b\u0119d\u0105 przewrotne [&hellip;]\" \/>\n<meta property=\"og:url\" content=\"https:\/\/gaudiumetspes-blog.pl\/index.php\/2013\/05\/15\/chwalcie-aki-umajone\/\" \/>\n<meta property=\"og:site_name\" content=\"Gaudium Et Spes\" \/>\n<meta property=\"article:published_time\" content=\"2013-05-15T06:38:00+00:00\" \/>\n<meta property=\"article:modified_time\" content=\"2019-07-31T10:54:00+00:00\" \/>\n<meta property=\"og:image\" content=\"https:\/\/gaudiumetspes-blog.pl\/wp-content\/uploads\/2013\/05\/IMG_0107.jpg\" \/>\n<meta name=\"author\" content=\"Ks. Jacek\" \/>\n<meta name=\"twitter:card\" content=\"summary_large_image\" \/>\n<meta name=\"twitter:label1\" content=\"Napisane przez\" \/>\n\t<meta name=\"twitter:data1\" content=\"Ks. Jacek\" \/>\n\t<meta name=\"twitter:label2\" content=\"Szacowany czas czytania\" \/>\n\t<meta name=\"twitter:data2\" content=\"5 minut\" \/>\n<script type=\"application\/ld+json\" class=\"yoast-schema-graph\">{\"@context\":\"https:\/\/schema.org\",\"@graph\":[{\"@type\":\"WebPage\",\"@id\":\"https:\/\/gaudiumetspes-blog.pl\/index.php\/2013\/05\/15\/chwalcie-aki-umajone\/\",\"url\":\"https:\/\/gaudiumetspes-blog.pl\/index.php\/2013\/05\/15\/chwalcie-aki-umajone\/\",\"name\":\"Chwalcie \u0142\u0105ki umajone... - Gaudium Et Spes\",\"isPartOf\":{\"@id\":\"https:\/\/gaudiumetspes-blog.pl\/#website\"},\"primaryImageOfPage\":{\"@id\":\"https:\/\/gaudiumetspes-blog.pl\/index.php\/2013\/05\/15\/chwalcie-aki-umajone\/#primaryimage\"},\"image\":{\"@id\":\"https:\/\/gaudiumetspes-blog.pl\/index.php\/2013\/05\/15\/chwalcie-aki-umajone\/#primaryimage\"},\"thumbnailUrl\":\"https:\/\/gaudiumetspes-blog.pl\/wp-content\/uploads\/2013\/05\/IMG_0107.jpg\",\"datePublished\":\"2013-05-15T06:38:00+00:00\",\"dateModified\":\"2019-07-31T10:54:00+00:00\",\"author\":{\"@id\":\"https:\/\/gaudiumetspes-blog.pl\/#\/schema\/person\/1661982992b752dea8dff0d4ed845a65\"},\"breadcrumb\":{\"@id\":\"https:\/\/gaudiumetspes-blog.pl\/index.php\/2013\/05\/15\/chwalcie-aki-umajone\/#breadcrumb\"},\"inLanguage\":\"pl-PL\",\"potentialAction\":[{\"@type\":\"ReadAction\",\"target\":[\"https:\/\/gaudiumetspes-blog.pl\/index.php\/2013\/05\/15\/chwalcie-aki-umajone\/\"]}]},{\"@type\":\"ImageObject\",\"inLanguage\":\"pl-PL\",\"@id\":\"https:\/\/gaudiumetspes-blog.pl\/index.php\/2013\/05\/15\/chwalcie-aki-umajone\/#primaryimage\",\"url\":\"https:\/\/gaudiumetspes-blog.pl\/wp-content\/uploads\/2013\/05\/IMG_0107.jpg\",\"contentUrl\":\"https:\/\/gaudiumetspes-blog.pl\/wp-content\/uploads\/2013\/05\/IMG_0107.jpg\",\"width\":320,\"height\":239},{\"@type\":\"BreadcrumbList\",\"@id\":\"https:\/\/gaudiumetspes-blog.pl\/index.php\/2013\/05\/15\/chwalcie-aki-umajone\/#breadcrumb\",\"itemListElement\":[{\"@type\":\"ListItem\",\"position\":1,\"name\":\"Strona g\u0142\u00f3wna\",\"item\":\"https:\/\/gaudiumetspes-blog.pl\/\"},{\"@type\":\"ListItem\",\"position\":2,\"name\":\"Chwalcie \u0142\u0105ki umajone&#8230;\"}]},{\"@type\":\"WebSite\",\"@id\":\"https:\/\/gaudiumetspes-blog.pl\/#website\",\"url\":\"https:\/\/gaudiumetspes-blog.pl\/\",\"name\":\"Gaudium Et Spes\",\"description\":\"Blog Ks. Jacka Ja\u015bkowskiego\",\"potentialAction\":[{\"@type\":\"SearchAction\",\"target\":{\"@type\":\"EntryPoint\",\"urlTemplate\":\"https:\/\/gaudiumetspes-blog.pl\/?s={search_term_string}\"},\"query-input\":{\"@type\":\"PropertyValueSpecification\",\"valueRequired\":true,\"valueName\":\"search_term_string\"}}],\"inLanguage\":\"pl-PL\"},{\"@type\":\"Person\",\"@id\":\"https:\/\/gaudiumetspes-blog.pl\/#\/schema\/person\/1661982992b752dea8dff0d4ed845a65\",\"name\":\"Ks. Jacek\",\"image\":{\"@type\":\"ImageObject\",\"inLanguage\":\"pl-PL\",\"@id\":\"https:\/\/gaudiumetspes-blog.pl\/#\/schema\/person\/image\/\",\"url\":\"https:\/\/gaudiumetspes-blog.pl\/wp-content\/uploads\/2019\/07\/avatar-JJ-150x150.jpg\",\"contentUrl\":\"https:\/\/gaudiumetspes-blog.pl\/wp-content\/uploads\/2019\/07\/avatar-JJ-150x150.jpg\",\"caption\":\"Ks. Jacek\"},\"description\":\"Witam serdecznie! K\u0142ania si\u0119 Ks. Jacek Ja\u015bkowski. Nie jestem ani kim\u015b wa\u017cnym, ani kim\u015b znanym. Jestem ksi\u0119dzem, kt\u00f3ry po prostu chce rozmawia\u0107. Codzienna kap\u0142a\u0144ska pos\u0142uga pokazuje mi, \u017ce temat\u00f3w do rozm\u00f3w z ksi\u0119dzem jest coraz wi\u0119cej i dzisiaj \u017caden ksi\u0105dz nie mo\u017ce od nich ucieka\u0107, ale - wprost przeciwnie - podejmowa\u0107 nowe wyzwania. To przekonanie sk\u0142oni\u0142o mnie do pr\u00f3by otwarcia tego\u017c bloga, chocia\u017c okazji do rozm\u00f3w na co dzie\u0144 - w konfesjonale i poza nim - na szcz\u0119\u015bcie nie brakuje. My\u015bl\u0119 jednak, \u017ce ten blog b\u0119dzie jeszcze jednym sposobem i przestrzeni\u0105 nawi\u0105zania kontaktu z lud\u017ami dobrej woli, otwartymi na dialog.\",\"url\":\"https:\/\/gaudiumetspes-blog.pl\/index.php\/author\/ks-jacek\/\"}]}<\/script>\n<!-- \/ Yoast SEO plugin. -->","yoast_head_json":{"title":"Chwalcie \u0142\u0105ki umajone... - Gaudium Et Spes","robots":{"index":"index","follow":"follow","max-snippet":"max-snippet:-1","max-image-preview":"max-image-preview:large","max-video-preview":"max-video-preview:-1"},"canonical":"https:\/\/gaudiumetspes-blog.pl\/index.php\/2013\/05\/15\/chwalcie-aki-umajone\/","og_locale":"pl_PL","og_type":"article","og_title":"Chwalcie \u0142\u0105ki umajone... - Gaudium Et Spes","og_description":"(Dz 20,28-38) Pawe\u0142 powiedzia\u0142 do starszych ko\u015bcio\u0142a efeskiego: Uwa\u017cajcie na samych siebie i na ca\u0142\u0105 trzod\u0119, nad kt\u00f3r\u0105 Duch \u015awi\u0119ty ustanowi\u0142 was biskupami, aby\u015bcie kierowali Ko\u015bcio\u0142em Boga, kt\u00f3ry On naby\u0142 w\u0142asn\u0105 krwi\u0105. Wiem, \u017ce po moim odej\u015bciu wejd\u0105 mi\u0119dzy was wilki drapie\u017cne, nie oszcz\u0119dzaj\u0105c stada. Tak\u017ce spo\u015br\u00f3d was samych powstan\u0105 ludzie, kt\u00f3rzy g\u0142osi\u0107 b\u0119d\u0105 przewrotne [&hellip;]","og_url":"https:\/\/gaudiumetspes-blog.pl\/index.php\/2013\/05\/15\/chwalcie-aki-umajone\/","og_site_name":"Gaudium Et Spes","article_published_time":"2013-05-15T06:38:00+00:00","article_modified_time":"2019-07-31T10:54:00+00:00","og_image":[{"url":"https:\/\/gaudiumetspes-blog.pl\/wp-content\/uploads\/2013\/05\/IMG_0107.jpg","type":"","width":"","height":""}],"author":"Ks. Jacek","twitter_card":"summary_large_image","twitter_misc":{"Napisane przez":"Ks. Jacek","Szacowany czas czytania":"5 minut"},"schema":{"@context":"https:\/\/schema.org","@graph":[{"@type":"WebPage","@id":"https:\/\/gaudiumetspes-blog.pl\/index.php\/2013\/05\/15\/chwalcie-aki-umajone\/","url":"https:\/\/gaudiumetspes-blog.pl\/index.php\/2013\/05\/15\/chwalcie-aki-umajone\/","name":"Chwalcie \u0142\u0105ki umajone... - Gaudium Et Spes","isPartOf":{"@id":"https:\/\/gaudiumetspes-blog.pl\/#website"},"primaryImageOfPage":{"@id":"https:\/\/gaudiumetspes-blog.pl\/index.php\/2013\/05\/15\/chwalcie-aki-umajone\/#primaryimage"},"image":{"@id":"https:\/\/gaudiumetspes-blog.pl\/index.php\/2013\/05\/15\/chwalcie-aki-umajone\/#primaryimage"},"thumbnailUrl":"https:\/\/gaudiumetspes-blog.pl\/wp-content\/uploads\/2013\/05\/IMG_0107.jpg","datePublished":"2013-05-15T06:38:00+00:00","dateModified":"2019-07-31T10:54:00+00:00","author":{"@id":"https:\/\/gaudiumetspes-blog.pl\/#\/schema\/person\/1661982992b752dea8dff0d4ed845a65"},"breadcrumb":{"@id":"https:\/\/gaudiumetspes-blog.pl\/index.php\/2013\/05\/15\/chwalcie-aki-umajone\/#breadcrumb"},"inLanguage":"pl-PL","potentialAction":[{"@type":"ReadAction","target":["https:\/\/gaudiumetspes-blog.pl\/index.php\/2013\/05\/15\/chwalcie-aki-umajone\/"]}]},{"@type":"ImageObject","inLanguage":"pl-PL","@id":"https:\/\/gaudiumetspes-blog.pl\/index.php\/2013\/05\/15\/chwalcie-aki-umajone\/#primaryimage","url":"https:\/\/gaudiumetspes-blog.pl\/wp-content\/uploads\/2013\/05\/IMG_0107.jpg","contentUrl":"https:\/\/gaudiumetspes-blog.pl\/wp-content\/uploads\/2013\/05\/IMG_0107.jpg","width":320,"height":239},{"@type":"BreadcrumbList","@id":"https:\/\/gaudiumetspes-blog.pl\/index.php\/2013\/05\/15\/chwalcie-aki-umajone\/#breadcrumb","itemListElement":[{"@type":"ListItem","position":1,"name":"Strona g\u0142\u00f3wna","item":"https:\/\/gaudiumetspes-blog.pl\/"},{"@type":"ListItem","position":2,"name":"Chwalcie \u0142\u0105ki umajone&#8230;"}]},{"@type":"WebSite","@id":"https:\/\/gaudiumetspes-blog.pl\/#website","url":"https:\/\/gaudiumetspes-blog.pl\/","name":"Gaudium Et Spes","description":"Blog Ks. Jacka Ja\u015bkowskiego","potentialAction":[{"@type":"SearchAction","target":{"@type":"EntryPoint","urlTemplate":"https:\/\/gaudiumetspes-blog.pl\/?s={search_term_string}"},"query-input":{"@type":"PropertyValueSpecification","valueRequired":true,"valueName":"search_term_string"}}],"inLanguage":"pl-PL"},{"@type":"Person","@id":"https:\/\/gaudiumetspes-blog.pl\/#\/schema\/person\/1661982992b752dea8dff0d4ed845a65","name":"Ks. Jacek","image":{"@type":"ImageObject","inLanguage":"pl-PL","@id":"https:\/\/gaudiumetspes-blog.pl\/#\/schema\/person\/image\/","url":"https:\/\/gaudiumetspes-blog.pl\/wp-content\/uploads\/2019\/07\/avatar-JJ-150x150.jpg","contentUrl":"https:\/\/gaudiumetspes-blog.pl\/wp-content\/uploads\/2019\/07\/avatar-JJ-150x150.jpg","caption":"Ks. Jacek"},"description":"Witam serdecznie! K\u0142ania si\u0119 Ks. Jacek Ja\u015bkowski. Nie jestem ani kim\u015b wa\u017cnym, ani kim\u015b znanym. Jestem ksi\u0119dzem, kt\u00f3ry po prostu chce rozmawia\u0107. Codzienna kap\u0142a\u0144ska pos\u0142uga pokazuje mi, \u017ce temat\u00f3w do rozm\u00f3w z ksi\u0119dzem jest coraz wi\u0119cej i dzisiaj \u017caden ksi\u0105dz nie mo\u017ce od nich ucieka\u0107, ale - wprost przeciwnie - podejmowa\u0107 nowe wyzwania. To przekonanie sk\u0142oni\u0142o mnie do pr\u00f3by otwarcia tego\u017c bloga, chocia\u017c okazji do rozm\u00f3w na co dzie\u0144 - w konfesjonale i poza nim - na szcz\u0119\u015bcie nie brakuje. My\u015bl\u0119 jednak, \u017ce ten blog b\u0119dzie jeszcze jednym sposobem i przestrzeni\u0105 nawi\u0105zania kontaktu z lud\u017ami dobrej woli, otwartymi na dialog.","url":"https:\/\/gaudiumetspes-blog.pl\/index.php\/author\/ks-jacek\/"}]}},"jetpack_featured_media_url":"","jetpack_sharing_enabled":true,"_links":{"self":[{"href":"https:\/\/gaudiumetspes-blog.pl\/index.php\/wp-json\/wp\/v2\/posts\/9124","targetHints":{"allow":["GET"]}}],"collection":[{"href":"https:\/\/gaudiumetspes-blog.pl\/index.php\/wp-json\/wp\/v2\/posts"}],"about":[{"href":"https:\/\/gaudiumetspes-blog.pl\/index.php\/wp-json\/wp\/v2\/types\/post"}],"author":[{"embeddable":true,"href":"https:\/\/gaudiumetspes-blog.pl\/index.php\/wp-json\/wp\/v2\/users\/1"}],"replies":[{"embeddable":true,"href":"https:\/\/gaudiumetspes-blog.pl\/index.php\/wp-json\/wp\/v2\/comments?post=9124"}],"version-history":[{"count":1,"href":"https:\/\/gaudiumetspes-blog.pl\/index.php\/wp-json\/wp\/v2\/posts\/9124\/revisions"}],"predecessor-version":[{"id":11070,"href":"https:\/\/gaudiumetspes-blog.pl\/index.php\/wp-json\/wp\/v2\/posts\/9124\/revisions\/11070"}],"wp:attachment":[{"href":"https:\/\/gaudiumetspes-blog.pl\/index.php\/wp-json\/wp\/v2\/media?parent=9124"}],"wp:term":[{"taxonomy":"category","embeddable":true,"href":"https:\/\/gaudiumetspes-blog.pl\/index.php\/wp-json\/wp\/v2\/categories?post=9124"},{"taxonomy":"post_tag","embeddable":true,"href":"https:\/\/gaudiumetspes-blog.pl\/index.php\/wp-json\/wp\/v2\/tags?post=9124"}],"curies":[{"name":"wp","href":"https:\/\/api.w.org\/{rel}","templated":true}]}}