{"id":9125,"date":"2013-05-14T08:20:00","date_gmt":"2013-05-14T06:20:00","guid":{"rendered":"https:\/\/gaudiumetspes-blog.pl\/index.php\/2013\/05\/14\/dlaczego-wybrano-wasnie-macieja\/"},"modified":"2019-07-31T12:54:00","modified_gmt":"2019-07-31T10:54:00","slug":"dlaczego-wybrano-wasnie-macieja","status":"publish","type":"post","link":"https:\/\/gaudiumetspes-blog.pl\/index.php\/2013\/05\/14\/dlaczego-wybrano-wasnie-macieja\/","title":{"rendered":"Dlaczego wybrano w\u0142a\u015bnie Macieja?&#8230;"},"content":{"rendered":"<p><\/p>\n<div align=\"JUSTIFY\" style=\"margin-bottom: 0cm;\">\nSzcz\u0119\u015b\u0107 Bo\u017ce! Moi Drodzy, pozdrawiam wraz z Markiem i ca\u0142\u0105 nasz\u0105 Rodzin\u0105 ze Szklarskiej Por\u0119by. Dzisiaj jest do\u015b\u0107 ch\u0142odno i spore zachmurzenie, ale Marek wypatrzy\u0142 jakie\u015b prognozy, wed\u0142ug kt\u00f3rych ma by\u0107 ciep\u0142o w tym tygodniu. Oby&#8230; Natomiast na pocz\u0105tku maja, w dniach tak zwanego d\u0142ugiego weekendu, by\u0142o w Szklarskiej mokro i zimno. Tak nas poinformowali Pa\u0144stwo Or\u0142owscy, nasi Gospodarze.<\/div>\n<div align=\"JUSTIFY\" style=\"margin-bottom: 0cm;\">\n&nbsp; &nbsp; &nbsp;Zobaczymy, jak b\u0119dzie, natomiast dla mnie osobi\u015bcie ju\u017c samo przebywanie w tym miejscu jest czym\u015b niesamowitym. Zapewniam o pami\u0119ci w modlitwie o Was i o wszystkich Waszych sprawach.&nbsp;<\/div>\n<div align=\"JUSTIFY\" style=\"margin-bottom: 0cm;\">\n&nbsp; &nbsp; &nbsp;A od jutra do soboty nasze ma\u0142e poletko b\u0119dzie uprawia\u0142 Marek.<\/div>\n<div align=\"JUSTIFY\" style=\"margin-bottom: 0cm;\">\n&nbsp; &nbsp; &nbsp; &nbsp; &nbsp; &nbsp; Gaudium et spes! &nbsp;Ks. Jacek<\/div>\n<div align=\"JUSTIFY\" style=\"margin-bottom: 0cm;\">\n<b><br \/><\/b><\/div>\n<div align=\"JUSTIFY\" style=\"margin-bottom: 0cm;\">\n<b>\u015awi\u0119to<br \/>\n\u015aw. Macieja Aposto\u0142a,<\/b><\/div>\n<div align=\"JUSTIFY\" style=\"margin-bottom: 0cm;\">\n<b>do<br \/>\nczyta\u0144 z t. VI Lekcjonarza:  Dz<br \/>\n1,15\u201317.20\u201326;  J<br \/>\n15,9\u201317 <\/b>\n<\/div>\n<div align=\"JUSTIFY\" style=\"margin-bottom: 0cm;\">\n\n<\/div>\n<div align=\"JUSTIFY\" style=\"margin-bottom: 0cm; page-break-before: auto;\">\n<b>CZYTANIE<br \/>\nZ DZIEJ\u00d3W APOSTOLSKICH: <\/b>\n<\/div>\n<div align=\"JUSTIFY\" style=\"margin-bottom: 0cm; text-indent: 1.24cm;\">\n<b>Piotr<br \/>\nw obecno\u015bci braci, a zebra\u0142o si\u0119 razem oko\u0142o stu dwudziestu os\u00f3b,<br \/>\ntak przem\u00f3wi\u0142: \u201eBracia, musia\u0142o si\u0119 wype\u0142ni\u0107 s\u0142owo Pisma,<br \/>\nkt\u00f3re Duch \u015awi\u0119ty zapowiedzia\u0142 przez usta Dawida o Judaszu. On to<br \/>\nwskaza\u0142 drog\u0119 tym, kt\u00f3rzy pojmali Jezusa, bo on zalicza\u0142 si\u0119 do<br \/>\nnas i mia\u0142 udzia\u0142 w naszym pos\u0142ugiwaniu. Napisano bowiem w Ksi\u0119dze<br \/>\nPsalm\u00f3w: \u00abNiech opustoszeje dom jego i niech nikt w nim nie<br \/>\nmieszka. A urz\u0105d jego niech inny obejmie\u00bb.<\/b><\/div>\n<div align=\"JUSTIFY\" style=\"margin-bottom: 0cm; text-indent: 1.24cm;\">\n<b>Trzeba<br \/>\nwi\u0119c, aby jeden z tych, kt\u00f3rzy towarzyszyli nam przez ca\u0142y czas,<br \/>\nkiedy Pan Jezus przebywa\u0142 z nami, pocz\u0105wszy od chrztu Janowego a\u017c<br \/>\ndo dnia, w kt\u00f3rym zosta\u0142 wzi\u0119ty od nas do nieba, sta\u0142 si\u0119 razem<br \/>\nz nami \u015bwiadkiem Jego zmartwychwstania\u201d. <\/b>\n<\/div>\n<div align=\"JUSTIFY\" style=\"margin-bottom: 0cm; text-indent: 1.24cm;\">\n<b>Postawiono<br \/>\ndw\u00f3ch: J\u00f3zefa, zwanego Barsab\u0105, z przydomkiem Justus, i Macieja. I<br \/>\ntak si\u0119 pomodlili: \u201eTy, Panie, znasz serca wszystkich, wska\u017c z<br \/>\ntych dw\u00f3ch jednego, kt\u00f3rego wybra\u0142e\u015b, by zaj\u0105\u0142 miejsce w tym<br \/>\npos\u0142ugiwaniu i w apostolstwie, kt\u00f3remu sprzeniewierzy\u0142 si\u0119<br \/>\nJudasz, aby p\u00f3j\u015b\u0107 swoj\u0105 drog\u0105\u201d. I dali im losy, a los pad\u0142 na<br \/>\nMacieja. I zosta\u0142 do\u0142\u0105czony do jedenastu aposto\u0142\u00f3w.<\/b><\/div>\n<div align=\"JUSTIFY\" style=\"margin-bottom: 0cm;\">\n\n<\/div>\n<div align=\"JUSTIFY\" style=\"margin-bottom: 0cm;\">\n<b>S\u0141OWA<br \/>\nEWANGELII WED\u0141UG \u015aWI\u0118TEGO JANA: <\/b>\n<\/div>\n<div align=\"JUSTIFY\" style=\"margin-bottom: 0cm; text-indent: 1.22cm;\">\n<b>Jezus<br \/>\npowiedzia\u0142 do swoich uczni\u00f3w: \u201eJak Mnie umi\u0142owa\u0142 Ojciec, tak i<br \/>\nJa was umi\u0142owa\u0142em. Trwajcie w mi\u0142o\u015bci mojej. Je\u015bli b\u0119dziecie<br \/>\nzachowywa\u0107 moje przykazania, b\u0119dziecie trwa\u0107 w mi\u0142o\u015bci mojej,<br \/>\ntak jak Ja zachowa\u0142em przykazania Ojca mego i trwam w Jego mi\u0142o\u015bci.<br \/>\nTo wam powiedzia\u0142em, aby rado\u015b\u0107 moja w was by\u0142a i aby rado\u015b\u0107<br \/>\nwasza by\u0142a pe\u0142na. <\/b>\n<\/div>\n<div align=\"JUSTIFY\" style=\"margin-bottom: 0cm; text-indent: 1.22cm;\">\n<b>To<br \/>\njest moje przykazanie, aby\u015bcie si\u0119 wzajemnie mi\u0142owali, tak jak Ja<br \/>\nwas umi\u0142owa\u0142em. Nikt nie ma wi\u0119kszej mi\u0142o\u015bci od tej, gdy kto<br \/>\n\u017cycie swoje oddaje za przyjaci\u00f3\u0142 swoich. Wy jeste\u015bcie<br \/>\nprzyjaci\u00f3\u0142mi moimi, je\u017celi czynicie to, co wam przykazuj\u0119. Ju\u017c<br \/>\nwas nie nazywam s\u0142ugami, bo s\u0142uga nie wie, co czyni pan jego, ale<br \/>\nnazwa\u0142em was przyjaci\u00f3\u0142mi, albowiem oznajmi\u0142em wam wszystko, co<br \/>\nus\u0142ysza\u0142em od Ojca mego. <\/b>\n<\/div>\n<div align=\"JUSTIFY\" style=\"margin-bottom: 0cm; text-indent: 1.22cm;\">\n<b>Nie<br \/>\nwy\u015bcie Mnie wybrali, ale Ja was wybra\u0142em i przeznaczy\u0142em was na<br \/>\nto, aby\u015bcie szli i owoc przynosili i by owoc wasz trwa\u0142, aby<br \/>\nwszystko da\u0142 wam Ojciec, o cokolwiek Go poprosicie w imi\u0119 moje. To<br \/>\nwam przykazuj\u0119, aby\u015bcie si\u0119 wzajemnie mi\u0142owali\u201d.<\/b><\/div>\n<div align=\"JUSTIFY\" style=\"margin-bottom: 0cm;\">\n\n<\/div>\n<div align=\"JUSTIFY\" style=\"margin-bottom: 0cm; page-break-before: auto; text-indent: 1.22cm;\">\nO<br \/>\nPatronie dnia dzisiejszego, <b>\u015awi\u0119ty<\/b><b>m<\/b><b><br \/>\nMaciej<\/b><b>u,<\/b><br \/>\nbardzo ma\u0142o wiemy. Z us\u0142yszanego przed chwil\u0105 czytania dowiadujemy<br \/>\nsi\u0119, i\u017c<br \/>\n<b>zosta\u0142<br \/>\nwybrany na Aposto\u0142a <\/b><b>w<\/b><b><br \/>\nmiejsce Judasza.<\/b><br \/>\nWed\u0142ug tradycji mia\u0142 najpierw g\u0142osi\u0107 Ewangeli\u0119 w Judei, a potem<br \/>\nw Etiopii, gdzie poni\u00f3s\u0142 \u015bmier\u0107 m\u0119cze\u0144sk\u0105 oko\u0142o 50 roku.<\/p>\n<\/div>\n<div align=\"JUSTIFY\" style=\"margin-bottom: 0cm; text-indent: 1.22cm;\">\nW<br \/>\nopisie jego powo\u0142ania, dokonanego przez losowanie, zwraca nasz\u0105<br \/>\nuwag\u0119 <b>poddanie si\u0119 woli Bo\u017cej<\/b> przez wszystkich uczestnik\u00f3w<br \/>\ntego\u017c gremium. Oni wiedzieli, \u017ce to nie w ich m\u0105dro\u015bci i wed\u0142ug<br \/>\nich opinii ma si\u0119 dokona\u0107 wyb\u00f3r, ale <b>ma to by\u0107 od pocz\u0105tku do<br \/>\nko\u0144ca Bo\u017ca decyzja.<\/b> Dlatego zdecydowali si\u0119 na losowanie.\n<\/div>\n<div align=\"JUSTIFY\" style=\"margin-bottom: 0cm; text-indent: 1.22cm;\">\nNie<br \/>\nwiem, jak komu, ale mi osobi\u015bcie to wydarzenie jako\u015b od razu<br \/>\n<b>skojarzy\u0142o si\u0119 z konklawe. <\/b>Naturalnie, wiele r\u00f3\u017cnic mo\u017cemy<br \/>\ntu wskaza\u0107, bo nie chodzi\u0142o tu o wyb\u00f3r nast\u0119pcy Piotra, tylko<br \/>\nkogo\u015b w miejsce Judasza, a poza tym <b>konklawe wybiera przez<br \/>\ng\u0142osowanie, tu za\u015b dokona\u0142o si\u0119 losowanie,<\/b> niemniej jednak i<br \/>\njedno, i drugie zgromadzenie wyborcze <b>daje pierwszy g\u0142os Duchowi<br \/>\n\u015awi\u0119temu.<\/b><\/div>\n<div align=\"JUSTIFY\" style=\"margin-bottom: 0cm; text-indent: 1.22cm;\">\nDlatego<br \/>\nprzed konklawe <b>Ko\u015bci\u00f3\u0142 trwa w nieustannych modlitwach,<\/b> i<br \/>\ndlatego zapewne wyb\u00f3r, jaki si\u0119 dokonuje, jest zwykle ogromnym<br \/>\n<b>zaskoczeniem dla ca\u0142ego \u015bwiata, a najwi\u0119kszym \u2013 dla samych<br \/>\nkardyna\u0142\u00f3w elektor\u00f3w.<\/b> Wyb\u00f3r Macieja tak\u017ce zosta\u0142<br \/>\npoprzedzony modlitw\u0105.\n<\/div>\n<div align=\"JUSTIFY\" style=\"margin-bottom: 0cm; text-indent: 1.22cm;\">\nDzisiaj<br \/>\ns\u0142yszymy jej ostatni akord, czyli <b>wsp\u00f3lne wo\u0142anie do Pana w<br \/>\nmomencie samego g\u0142osowania,<\/b> ale nie mamy zapewne \u017cadnych<br \/>\nw\u0105tpliwo\u015bci, \u017ce ta modlitwa zanoszona by\u0142a przez Piotra i<br \/>\npozosta\u0142ych Aposto\u0142\u00f3w zaraz po zdradzie Judasza, bo przecie\u017c<br \/>\n<b>wiadomym by\u0142o, \u017ce kto\u015b musi wej\u015b\u0107 na <\/b><b>jego miejsce.<\/b><br \/>\nSt\u0105d te\u017c na pewno niejedna rozmowa, ale przede wszystkim niejedna<br \/>\nmodlitwa dokonywa\u0142a si\u0119 w tych dniach w gonie Aposto\u0142\u00f3w i<br \/>\nUczni\u00f3w. I to w\u0142a\u015bnie ta modlitwa zapewne w du\u017cej mierze<br \/>\nprzyczyni\u0142a si\u0119 do tego, \u017ce <b>dzia\u0142anie Ducha \u015awi\u0119tego by\u0142o \u2013<br \/>\ni do dzi\u015b jest \u2013 tak wyra\u017ane w Ko\u015bciele.<\/b>\n<\/div>\n<div align=\"JUSTIFY\" style=\"margin-bottom: 0cm; text-indent: 1.22cm;\">\nPrzede<br \/>\nwszystkim, dzia\u0142anie to sprawia, \u017ce <b>dzie\u0142o Bo\u017ce jest wci\u0105\u017c<br \/>\nkontynuowane.<\/b> Nie ma takiego problemu, \u017ce po odej\u015bciu jakiego\u015b<br \/>\nznakomitego pasterza \u2013 czy to Ojca \u015awi\u0119tego, czy biskupa, czy<br \/>\nproboszcza \u2013 nast\u0119puje <b>zapa\u015b\u0107, <\/b><b>spowodowana tym, \u017ce<br \/>\n<\/b><b>nie ma go kto zast\u0105pi\u0107.<\/b> Przypominamy sobie zapewne<br \/>\n<b>atmosfer\u0119 po \u015bmierci Jana Paw\u0142a II<\/b> i te pytania wielu os\u00f3b<br \/>\n\u2013 szczeg\u00f3lnie dziennikarzy \u2013 <b>kto zast\u0105pi takiego duchowego<br \/>\n<\/b><b>G<\/b><b>iganta?<\/b> Okaza\u0142o si\u0119, \u017ce przyszed\u0142 Benedykt<br \/>\nXVI, kt\u00f3ry bardzo rzetelnie podj\u0105\u0142 to dzie\u0142o i jakkolwiek<br \/>\n<b>zupe\u0142nie inaczej \u2013 na szcz\u0119\u015bcie! \u2013 to jednak bardzo owocnie<br \/>\nto swoje pos\u0142ugiwanie pe\u0142ni\u0142.<\/b>\n<\/div>\n<div align=\"JUSTIFY\" style=\"margin-bottom: 0cm; text-indent: 1.22cm;\">\nJak<br \/>\nzaznaczy\u0142em, <b>na szcz\u0119\u015bcie by\u0142 inny,<\/b> bo trudno wyobrazi\u0107<br \/>\nsobie sytuacj\u0119, \u017ce <b>jeden Papie\u017c mia\u0142by by\u0107 \u201ekalk\u0105\u201d<br \/>\ndrugiego.<\/b> To w og\u00f3le nie mia\u0142oby sensu i dlatego <b>por\u00f3wnywanie<br \/>\nPapie\u017cy do siebie,<\/b> zwykle dokonuj\u0105ce si\u0119 po wyborze nowego,<br \/>\njest ca\u0142kowicie niepotrzebne. Oto Duch \u015awi\u0119ty, dzia\u0142aj\u0105cy w<br \/>\nKo\u015bciele sprawia, \u017ce nawet po najwspanialszym i najwi\u0119kszym<br \/>\nduchowo pasterzu <b>przyjdzie jego nast\u0119pca, kt\u00f3ry to dzie\u0142o<br \/>\npodejmie i b\u0119dzie je kontynuowa\u0142 w mocy Ducha \u015awi\u0119tego!<\/b> Bo to<br \/>\nw ko\u0144cu <b>On kieruje Ko\u015bcio\u0142em, <\/b>a nie taki czy inny Papie\u017c.\n<\/div>\n<div align=\"JUSTIFY\" style=\"margin-bottom: 0cm; text-indent: 1.22cm;\">\nPodobnie<br \/>\njest w sytuacji, gdy kto\u015b z pe\u0142ni\u0105cych urz\u0105d apostolski<br \/>\n<b>sprzeniewierzy si\u0119 swemu zadaniu. <\/b>W\u0142a\u015bnie z tak\u0105 sytuacj\u0105<br \/>\nmamy do czynienia w kontek\u015bcie wyboru Macieja. Jak widzimy, tak\u017ce i<br \/>\nw takich sytuacjach <b>nie nast\u0119puje rozpad Ko\u015bcio\u0142a, bo w miejsce<br \/>\nniegodnego pracownika swojej Winnicy, Pan da nowego,<\/b> kt\u00f3ry<br \/>\nnaprawi b\u0142\u0119dy poprzednika i poprowadzi dalej Bo\u017ce dzie\u0142o. Bo to<br \/>\n<b>Pan sam, przez swego Ducha <\/b>\u2013 \u017ceby to jeszcze raz jasno<br \/>\npowt\u00f3rzy\u0107 \u2013 <b>kieruje Ko\u015bcio\u0142em.<\/b>\n<\/div>\n<div align=\"JUSTIFY\" style=\"margin-bottom: 0cm; text-indent: 1.22cm;\">\nNatomiast<br \/>\nw ca\u0142ym kontek\u015bcie chocia\u017cby dzisiejszego wydarzenia nasuwa si\u0119<br \/>\njeszcze jedna refleksja: <b>dlaczego wybrany zosta\u0142 Maciej, a nie<br \/>\n<\/b><b>J\u00f3zef Barsaba,<\/b> nosz\u0105cy przecie\u017c przydomek \u201eJustus\u201d,<br \/>\nczyli \u201eSprawiedliwy\u201d? <b>W czym by\u0142 on gorszy od Macieja?<\/b> A<br \/>\nw czym byli gorsi od Kardyna\u0142a Bergoglio inni Kardyna\u0142owie, \u017ce to<br \/>\n<b>on zosta\u0142 wybrany, a nie \u017caden z nich?<\/b>\n<\/div>\n<div align=\"JUSTIFY\" style=\"margin-bottom: 0cm; text-indent: 1.22cm;\">\nJa<br \/>\nwiem, \u017ce takie pytania mog\u0105 nawet niekt\u00f3rych oburzy\u0107, ale jestem<br \/>\nnajg\u0142\u0119biej przekonany, \u017ce <b>wielu z uczestnik\u00f3w wszelkiego<br \/>\nrodzaju wybor\u00f3w takie pytania sobie zadaj<\/b><b>e<\/b> \u2013 zw\u0142aszcza<br \/>\nci, kt\u00f3rzy byli kandydatami, a wybrani nie zostali. I z ca\u0142\u0105<br \/>\npewno\u015bci\u0105 nieraz zadaj\u0105 sobie takie pytania zacni kap\u0142ani,<br \/>\nzas\u0142u\u017ceni pra\u0142aci, utytu\u0142owani kanonicy, <b>kiedy \u017caden z nich<br \/>\nnie zostaje wybrany biskupem,<\/b> a zostaje nim kto\u015b, kogo by si\u0119<br \/>\nnawet nie spodziewano. <b>Jak wyt\u0142umaczy\u0107 tak\u0105 sytuacj\u0119?<\/b>\n<\/div>\n<div align=\"JUSTIFY\" style=\"margin-bottom: 0cm; text-indent: 1.22cm;\">\nMy\u015bl\u0119,<br \/>\n\u017ce odpowied\u017a na tego typu dylematy znajdziemy w dzisiejszej<br \/>\nEwangelii, w kt\u00f3rej Jezus wyra\u017anie wskazuje, co tak naprawd\u0119 jest<br \/>\nnajwa\u017cniejsze w pos\u0142ugiwaniu apostolskim i w pe\u0142nieniu<br \/>\njakichkolwiek urz\u0119d\u00f3w. A m\u00f3wi tak: <i><b>Jak<br \/>\nMnie umi\u0142owa\u0142 Ojciec, tak i Ja was umi\u0142owa\u0142em. Trwajcie w mi\u0142o\u015bci<br \/>\nmojej<\/b><\/i><b>.<br \/>\n<\/b><b>[\u2026]<br \/>\n<\/b><i><b>To<br \/>\njest moje przykazanie, aby\u015bcie si\u0119 wzajemnie mi\u0142owali, tak jak Ja<br \/>\nwas umi\u0142owa\u0142em. Nikt nie ma wi\u0119kszej mi\u0142o\u015bci od tej, gdy kto<br \/>\n\u017cycie swoje oddaje za przyjaci\u00f3\u0142 swoich. Wy jeste\u015bcie<br \/>\nprzyjaci\u00f3\u0142mi moimi, je\u017celi czynicie to, co wam przykazuj\u0119. Ju\u017c<br \/>\nwas nie nazywam s\u0142ugami, bo s\u0142uga nie wie, co czyni pan jego, ale<br \/>\nnazwa\u0142em was przyjaci\u00f3\u0142mi, albowiem oznajmi\u0142em wam wszystko, co<br \/>\nus\u0142ysza\u0142em od Ojca mego. <\/b><\/i><i><b>Nie<br \/>\nwy\u015bcie Mnie wybrali, ale Ja was wybra\u0142em i przeznaczy\u0142em was na<br \/>\nto, aby\u015bcie szli i owoc przynosili i by owoc wasz trwa\u0142, aby<br \/>\nwszystko da\u0142 wam Ojciec, o cokolwiek Go poprosicie w imi\u0119 moje. To<br \/>\nwam przykazuj\u0119, aby\u015bcie si\u0119 wzajemnie mi\u0142owali<\/b><\/i><b>.<br \/>\n<\/b>\n<\/div>\n<div align=\"JUSTIFY\" style=\"margin-bottom: 0cm; text-indent: 1.22cm;\">\nTo<br \/>\nw\u0142a\u015bnie o to chodzi: <b>o<br \/>\ntrwanie w mi\u0142o\u015bci Jezusa! I w przyja\u017ani z Nim.<\/b><br \/>\nA w\u00f3wczas nie b\u0119dzie mia\u0142o \u017cadnego znaczenia to, jaki si\u0119 pe\u0142ni<br \/>\nurz\u0105d, jakie si\u0119 zajmuje stanowisko, jakie si\u0119 nosi szaty i<br \/>\ngodno\u015bci. <b>Je\u017celi<br \/>\nsi\u0119 trwa w mi\u0142o\u015bci Jezusa, je\u017celi si\u0119 jest Jego prawdziwym \u2013<br \/>\nale to podkre\u015blamy! \u2013 prawdziwym przyjacielem, to w\u00f3wczas jest<br \/>\nsi\u0119 w pe\u0142ni szcz\u0119\u015bliwym<\/b><br \/>\nw tej przyja\u017ani i z wielkim entuzjazmem podejmuje si\u0119 <b>ka\u017cde<br \/>\nzadanie, jakie Pan zleci,<\/b><br \/>\nw przekonaniu, \u017ce w\u0142a\u015bnie to jest to zadanie, kt\u00f3re nale\u017cy<br \/>\nwype\u0142ni\u0107.\n<\/div>\n<div align=\"JUSTIFY\" style=\"margin-bottom: 0cm; text-indent: 1.22cm;\">\nTaka<br \/>\njednak postawa wymaga prawdziwej dojrza\u0142o\u015bci wiary i<br \/>\n\u2013<br \/>\nno, w\u0142a\u015bnie! \u2013 <b>trwania<br \/>\nw mi\u0142o\u015bci Jezusa\u2026<\/b><\/div>\n","protected":false},"excerpt":{"rendered":"<p>Szcz\u0119\u015b\u0107 Bo\u017ce! Moi Drodzy, pozdrawiam wraz z Markiem i ca\u0142\u0105 nasz\u0105 Rodzin\u0105 ze Szklarskiej Por\u0119by. Dzisiaj jest do\u015b\u0107 ch\u0142odno i spore zachmurzenie, ale Marek wypatrzy\u0142 jakie\u015b prognozy, wed\u0142ug kt\u00f3rych ma by\u0107 ciep\u0142o w tym tygodniu. Oby&#8230; Natomiast na pocz\u0105tku maja, w dniach tak zwanego d\u0142ugiego weekendu, by\u0142o w Szklarskiej mokro i zimno. Tak nas poinformowali [&hellip;]<\/p>\n","protected":false},"author":1,"featured_media":0,"comment_status":"open","ping_status":"open","sticky":false,"template":"","format":"standard","meta":{"jetpack_post_was_ever_published":false,"_jetpack_newsletter_access":"","_jetpack_dont_email_post_to_subs":false,"_jetpack_newsletter_tier_id":0,"_jetpack_memberships_contains_paywalled_content":false,"_jetpack_memberships_contains_paid_content":false,"footnotes":""},"categories":[1],"tags":[],"class_list":["post-9125","post","type-post","status-publish","format-standard","hentry","category-bez-kategorii"],"yoast_head":"<!-- This site is optimized with the Yoast SEO plugin v25.1 - https:\/\/yoast.com\/wordpress\/plugins\/seo\/ -->\n<title>Dlaczego wybrano w\u0142a\u015bnie Macieja?... - Gaudium Et Spes<\/title>\n<meta name=\"robots\" content=\"index, follow, max-snippet:-1, max-image-preview:large, max-video-preview:-1\" \/>\n<link rel=\"canonical\" href=\"https:\/\/gaudiumetspes-blog.pl\/index.php\/2013\/05\/14\/dlaczego-wybrano-wasnie-macieja\/\" \/>\n<meta property=\"og:locale\" content=\"pl_PL\" \/>\n<meta property=\"og:type\" content=\"article\" \/>\n<meta property=\"og:title\" content=\"Dlaczego wybrano w\u0142a\u015bnie Macieja?... - Gaudium Et Spes\" \/>\n<meta property=\"og:description\" content=\"Szcz\u0119\u015b\u0107 Bo\u017ce! Moi Drodzy, pozdrawiam wraz z Markiem i ca\u0142\u0105 nasz\u0105 Rodzin\u0105 ze Szklarskiej Por\u0119by. Dzisiaj jest do\u015b\u0107 ch\u0142odno i spore zachmurzenie, ale Marek wypatrzy\u0142 jakie\u015b prognozy, wed\u0142ug kt\u00f3rych ma by\u0107 ciep\u0142o w tym tygodniu. Oby&#8230; Natomiast na pocz\u0105tku maja, w dniach tak zwanego d\u0142ugiego weekendu, by\u0142o w Szklarskiej mokro i zimno. Tak nas poinformowali [&hellip;]\" \/>\n<meta property=\"og:url\" content=\"https:\/\/gaudiumetspes-blog.pl\/index.php\/2013\/05\/14\/dlaczego-wybrano-wasnie-macieja\/\" \/>\n<meta property=\"og:site_name\" content=\"Gaudium Et Spes\" \/>\n<meta property=\"article:published_time\" content=\"2013-05-14T06:20:00+00:00\" \/>\n<meta property=\"article:modified_time\" content=\"2019-07-31T10:54:00+00:00\" \/>\n<meta name=\"author\" content=\"Ks. Jacek\" \/>\n<meta name=\"twitter:card\" content=\"summary_large_image\" \/>\n<meta name=\"twitter:label1\" content=\"Napisane przez\" \/>\n\t<meta name=\"twitter:data1\" content=\"Ks. Jacek\" \/>\n\t<meta name=\"twitter:label2\" content=\"Szacowany czas czytania\" \/>\n\t<meta name=\"twitter:data2\" content=\"8 minut\" \/>\n<script type=\"application\/ld+json\" class=\"yoast-schema-graph\">{\"@context\":\"https:\/\/schema.org\",\"@graph\":[{\"@type\":\"WebPage\",\"@id\":\"https:\/\/gaudiumetspes-blog.pl\/index.php\/2013\/05\/14\/dlaczego-wybrano-wasnie-macieja\/\",\"url\":\"https:\/\/gaudiumetspes-blog.pl\/index.php\/2013\/05\/14\/dlaczego-wybrano-wasnie-macieja\/\",\"name\":\"Dlaczego wybrano w\u0142a\u015bnie Macieja?... - Gaudium Et Spes\",\"isPartOf\":{\"@id\":\"https:\/\/gaudiumetspes-blog.pl\/#website\"},\"datePublished\":\"2013-05-14T06:20:00+00:00\",\"dateModified\":\"2019-07-31T10:54:00+00:00\",\"author\":{\"@id\":\"https:\/\/gaudiumetspes-blog.pl\/#\/schema\/person\/1661982992b752dea8dff0d4ed845a65\"},\"breadcrumb\":{\"@id\":\"https:\/\/gaudiumetspes-blog.pl\/index.php\/2013\/05\/14\/dlaczego-wybrano-wasnie-macieja\/#breadcrumb\"},\"inLanguage\":\"pl-PL\",\"potentialAction\":[{\"@type\":\"ReadAction\",\"target\":[\"https:\/\/gaudiumetspes-blog.pl\/index.php\/2013\/05\/14\/dlaczego-wybrano-wasnie-macieja\/\"]}]},{\"@type\":\"BreadcrumbList\",\"@id\":\"https:\/\/gaudiumetspes-blog.pl\/index.php\/2013\/05\/14\/dlaczego-wybrano-wasnie-macieja\/#breadcrumb\",\"itemListElement\":[{\"@type\":\"ListItem\",\"position\":1,\"name\":\"Strona g\u0142\u00f3wna\",\"item\":\"https:\/\/gaudiumetspes-blog.pl\/\"},{\"@type\":\"ListItem\",\"position\":2,\"name\":\"Dlaczego wybrano w\u0142a\u015bnie Macieja?&#8230;\"}]},{\"@type\":\"WebSite\",\"@id\":\"https:\/\/gaudiumetspes-blog.pl\/#website\",\"url\":\"https:\/\/gaudiumetspes-blog.pl\/\",\"name\":\"Gaudium Et Spes\",\"description\":\"Blog Ks. Jacka Ja\u015bkowskiego\",\"potentialAction\":[{\"@type\":\"SearchAction\",\"target\":{\"@type\":\"EntryPoint\",\"urlTemplate\":\"https:\/\/gaudiumetspes-blog.pl\/?s={search_term_string}\"},\"query-input\":{\"@type\":\"PropertyValueSpecification\",\"valueRequired\":true,\"valueName\":\"search_term_string\"}}],\"inLanguage\":\"pl-PL\"},{\"@type\":\"Person\",\"@id\":\"https:\/\/gaudiumetspes-blog.pl\/#\/schema\/person\/1661982992b752dea8dff0d4ed845a65\",\"name\":\"Ks. Jacek\",\"image\":{\"@type\":\"ImageObject\",\"inLanguage\":\"pl-PL\",\"@id\":\"https:\/\/gaudiumetspes-blog.pl\/#\/schema\/person\/image\/\",\"url\":\"https:\/\/gaudiumetspes-blog.pl\/wp-content\/uploads\/2019\/07\/avatar-JJ-150x150.jpg\",\"contentUrl\":\"https:\/\/gaudiumetspes-blog.pl\/wp-content\/uploads\/2019\/07\/avatar-JJ-150x150.jpg\",\"caption\":\"Ks. Jacek\"},\"description\":\"Witam serdecznie! K\u0142ania si\u0119 Ks. Jacek Ja\u015bkowski. Nie jestem ani kim\u015b wa\u017cnym, ani kim\u015b znanym. Jestem ksi\u0119dzem, kt\u00f3ry po prostu chce rozmawia\u0107. Codzienna kap\u0142a\u0144ska pos\u0142uga pokazuje mi, \u017ce temat\u00f3w do rozm\u00f3w z ksi\u0119dzem jest coraz wi\u0119cej i dzisiaj \u017caden ksi\u0105dz nie mo\u017ce od nich ucieka\u0107, ale - wprost przeciwnie - podejmowa\u0107 nowe wyzwania. To przekonanie sk\u0142oni\u0142o mnie do pr\u00f3by otwarcia tego\u017c bloga, chocia\u017c okazji do rozm\u00f3w na co dzie\u0144 - w konfesjonale i poza nim - na szcz\u0119\u015bcie nie brakuje. My\u015bl\u0119 jednak, \u017ce ten blog b\u0119dzie jeszcze jednym sposobem i przestrzeni\u0105 nawi\u0105zania kontaktu z lud\u017ami dobrej woli, otwartymi na dialog.\",\"url\":\"https:\/\/gaudiumetspes-blog.pl\/index.php\/author\/ks-jacek\/\"}]}<\/script>\n<!-- \/ Yoast SEO plugin. -->","yoast_head_json":{"title":"Dlaczego wybrano w\u0142a\u015bnie Macieja?... - Gaudium Et Spes","robots":{"index":"index","follow":"follow","max-snippet":"max-snippet:-1","max-image-preview":"max-image-preview:large","max-video-preview":"max-video-preview:-1"},"canonical":"https:\/\/gaudiumetspes-blog.pl\/index.php\/2013\/05\/14\/dlaczego-wybrano-wasnie-macieja\/","og_locale":"pl_PL","og_type":"article","og_title":"Dlaczego wybrano w\u0142a\u015bnie Macieja?... - Gaudium Et Spes","og_description":"Szcz\u0119\u015b\u0107 Bo\u017ce! Moi Drodzy, pozdrawiam wraz z Markiem i ca\u0142\u0105 nasz\u0105 Rodzin\u0105 ze Szklarskiej Por\u0119by. Dzisiaj jest do\u015b\u0107 ch\u0142odno i spore zachmurzenie, ale Marek wypatrzy\u0142 jakie\u015b prognozy, wed\u0142ug kt\u00f3rych ma by\u0107 ciep\u0142o w tym tygodniu. Oby&#8230; Natomiast na pocz\u0105tku maja, w dniach tak zwanego d\u0142ugiego weekendu, by\u0142o w Szklarskiej mokro i zimno. Tak nas poinformowali [&hellip;]","og_url":"https:\/\/gaudiumetspes-blog.pl\/index.php\/2013\/05\/14\/dlaczego-wybrano-wasnie-macieja\/","og_site_name":"Gaudium Et Spes","article_published_time":"2013-05-14T06:20:00+00:00","article_modified_time":"2019-07-31T10:54:00+00:00","author":"Ks. Jacek","twitter_card":"summary_large_image","twitter_misc":{"Napisane przez":"Ks. Jacek","Szacowany czas czytania":"8 minut"},"schema":{"@context":"https:\/\/schema.org","@graph":[{"@type":"WebPage","@id":"https:\/\/gaudiumetspes-blog.pl\/index.php\/2013\/05\/14\/dlaczego-wybrano-wasnie-macieja\/","url":"https:\/\/gaudiumetspes-blog.pl\/index.php\/2013\/05\/14\/dlaczego-wybrano-wasnie-macieja\/","name":"Dlaczego wybrano w\u0142a\u015bnie Macieja?... - Gaudium Et Spes","isPartOf":{"@id":"https:\/\/gaudiumetspes-blog.pl\/#website"},"datePublished":"2013-05-14T06:20:00+00:00","dateModified":"2019-07-31T10:54:00+00:00","author":{"@id":"https:\/\/gaudiumetspes-blog.pl\/#\/schema\/person\/1661982992b752dea8dff0d4ed845a65"},"breadcrumb":{"@id":"https:\/\/gaudiumetspes-blog.pl\/index.php\/2013\/05\/14\/dlaczego-wybrano-wasnie-macieja\/#breadcrumb"},"inLanguage":"pl-PL","potentialAction":[{"@type":"ReadAction","target":["https:\/\/gaudiumetspes-blog.pl\/index.php\/2013\/05\/14\/dlaczego-wybrano-wasnie-macieja\/"]}]},{"@type":"BreadcrumbList","@id":"https:\/\/gaudiumetspes-blog.pl\/index.php\/2013\/05\/14\/dlaczego-wybrano-wasnie-macieja\/#breadcrumb","itemListElement":[{"@type":"ListItem","position":1,"name":"Strona g\u0142\u00f3wna","item":"https:\/\/gaudiumetspes-blog.pl\/"},{"@type":"ListItem","position":2,"name":"Dlaczego wybrano w\u0142a\u015bnie Macieja?&#8230;"}]},{"@type":"WebSite","@id":"https:\/\/gaudiumetspes-blog.pl\/#website","url":"https:\/\/gaudiumetspes-blog.pl\/","name":"Gaudium Et Spes","description":"Blog Ks. Jacka Ja\u015bkowskiego","potentialAction":[{"@type":"SearchAction","target":{"@type":"EntryPoint","urlTemplate":"https:\/\/gaudiumetspes-blog.pl\/?s={search_term_string}"},"query-input":{"@type":"PropertyValueSpecification","valueRequired":true,"valueName":"search_term_string"}}],"inLanguage":"pl-PL"},{"@type":"Person","@id":"https:\/\/gaudiumetspes-blog.pl\/#\/schema\/person\/1661982992b752dea8dff0d4ed845a65","name":"Ks. Jacek","image":{"@type":"ImageObject","inLanguage":"pl-PL","@id":"https:\/\/gaudiumetspes-blog.pl\/#\/schema\/person\/image\/","url":"https:\/\/gaudiumetspes-blog.pl\/wp-content\/uploads\/2019\/07\/avatar-JJ-150x150.jpg","contentUrl":"https:\/\/gaudiumetspes-blog.pl\/wp-content\/uploads\/2019\/07\/avatar-JJ-150x150.jpg","caption":"Ks. Jacek"},"description":"Witam serdecznie! K\u0142ania si\u0119 Ks. Jacek Ja\u015bkowski. Nie jestem ani kim\u015b wa\u017cnym, ani kim\u015b znanym. Jestem ksi\u0119dzem, kt\u00f3ry po prostu chce rozmawia\u0107. Codzienna kap\u0142a\u0144ska pos\u0142uga pokazuje mi, \u017ce temat\u00f3w do rozm\u00f3w z ksi\u0119dzem jest coraz wi\u0119cej i dzisiaj \u017caden ksi\u0105dz nie mo\u017ce od nich ucieka\u0107, ale - wprost przeciwnie - podejmowa\u0107 nowe wyzwania. To przekonanie sk\u0142oni\u0142o mnie do pr\u00f3by otwarcia tego\u017c bloga, chocia\u017c okazji do rozm\u00f3w na co dzie\u0144 - w konfesjonale i poza nim - na szcz\u0119\u015bcie nie brakuje. My\u015bl\u0119 jednak, \u017ce ten blog b\u0119dzie jeszcze jednym sposobem i przestrzeni\u0105 nawi\u0105zania kontaktu z lud\u017ami dobrej woli, otwartymi na dialog.","url":"https:\/\/gaudiumetspes-blog.pl\/index.php\/author\/ks-jacek\/"}]}},"jetpack_featured_media_url":"","jetpack_sharing_enabled":true,"_links":{"self":[{"href":"https:\/\/gaudiumetspes-blog.pl\/index.php\/wp-json\/wp\/v2\/posts\/9125","targetHints":{"allow":["GET"]}}],"collection":[{"href":"https:\/\/gaudiumetspes-blog.pl\/index.php\/wp-json\/wp\/v2\/posts"}],"about":[{"href":"https:\/\/gaudiumetspes-blog.pl\/index.php\/wp-json\/wp\/v2\/types\/post"}],"author":[{"embeddable":true,"href":"https:\/\/gaudiumetspes-blog.pl\/index.php\/wp-json\/wp\/v2\/users\/1"}],"replies":[{"embeddable":true,"href":"https:\/\/gaudiumetspes-blog.pl\/index.php\/wp-json\/wp\/v2\/comments?post=9125"}],"version-history":[{"count":1,"href":"https:\/\/gaudiumetspes-blog.pl\/index.php\/wp-json\/wp\/v2\/posts\/9125\/revisions"}],"predecessor-version":[{"id":11067,"href":"https:\/\/gaudiumetspes-blog.pl\/index.php\/wp-json\/wp\/v2\/posts\/9125\/revisions\/11067"}],"wp:attachment":[{"href":"https:\/\/gaudiumetspes-blog.pl\/index.php\/wp-json\/wp\/v2\/media?parent=9125"}],"wp:term":[{"taxonomy":"category","embeddable":true,"href":"https:\/\/gaudiumetspes-blog.pl\/index.php\/wp-json\/wp\/v2\/categories?post=9125"},{"taxonomy":"post_tag","embeddable":true,"href":"https:\/\/gaudiumetspes-blog.pl\/index.php\/wp-json\/wp\/v2\/tags?post=9125"}],"curies":[{"name":"wp","href":"https:\/\/api.w.org\/{rel}","templated":true}]}}