{"id":9128,"date":"2013-05-11T06:33:00","date_gmt":"2013-05-11T04:33:00","guid":{"rendered":"https:\/\/gaudiumetspes-blog.pl\/index.php\/2013\/05\/11\/chciaem-dobrze-wyszo-jak-zawsze\/"},"modified":"2019-07-31T12:54:00","modified_gmt":"2019-07-31T10:54:00","slug":"chciaem-dobrze-wyszo-jak-zawsze","status":"publish","type":"post","link":"https:\/\/gaudiumetspes-blog.pl\/index.php\/2013\/05\/11\/chciaem-dobrze-wyszo-jak-zawsze\/","title":{"rendered":"Chcia\u0142em dobrze, a wysz\u0142o &#8211; jak zawsze&#8230;"},"content":{"rendered":"<p><\/p>\n<div align=\"JUSTIFY\" style=\"margin-bottom: 0cm;\">\nSzcz\u0119\u015b\u0107 Bo\u017ce! Moi Drodzy, dzisiaj z naszej Parafii wyrusza rowerowa pielgrzymka nocna do Niepokalanowa. Ciekawa sprawa &#8211; jeszcze o czym\u015b takim nie s\u0142ysza\u0142em. Przewodniczy jej Ksi\u0105dz Proboszcz. Troch\u0119 niedobrze, \u017ce si\u0119 zachmurzy\u0142o, ale do 16.00 wszystko si\u0119 pewnie jako\u015b wyklaruje.&nbsp;<\/div>\n<div align=\"JUSTIFY\" style=\"margin-bottom: 0cm;\">\n&nbsp; &nbsp; A dzisiaj &#8211; znowu bardzo praktyczne wskazanie w Bo\u017cym S\u0142owie&#8230;&nbsp;<\/div>\n<div align=\"JUSTIFY\" style=\"margin-bottom: 0cm;\">\n&nbsp; &nbsp; &nbsp; &nbsp; Gaudium et spes! &nbsp;Ks. Jacek<\/div>\n<div align=\"JUSTIFY\" style=\"margin-bottom: 0cm;\">\n<b><br \/><\/b><\/div>\n<div align=\"JUSTIFY\" style=\"margin-bottom: 0cm;\">\n<b>Sobota<br \/>\n6 tygodnia Wielkanocy,<\/b><\/div>\n<div align=\"JUSTIFY\" style=\"margin-bottom: 0cm;\">\n<b>do<br \/>\nczyta\u0144:  Dz 18,23\u201328;  J 16,23b\u201328<\/b><\/div>\n<div align=\"JUSTIFY\" style=\"margin-bottom: 0cm;\">\n\n<\/div>\n<div align=\"JUSTIFY\" style=\"margin-bottom: 0cm; page-break-before: auto;\">\n<b>CZYTANIE<br \/>\nZ DZIEJ\u00d3W APOSTOLSKICH:<\/b><\/div>\n<div align=\"JUSTIFY\" style=\"margin-bottom: 0cm; text-indent: 1.24cm;\">\n<b>Pawe\u0142<br \/>\nzabawi\u0142 w Antiochii pewien czas i wyruszy\u0142, aby obej\u015b\u0107 kolejno<br \/>\nkrain\u0119 galack\u0105 i Frygi\u0119, umacniaj\u0105c wszystkich uczni\u00f3w. <\/b>\n<\/div>\n<div align=\"JUSTIFY\" style=\"margin-bottom: 0cm; text-indent: 1.24cm;\">\n<b>Pewien<br \/>\n\u017byd, imieniem Apollos, rodem z Aleksandrii, cz\u0142owiek uczony i<br \/>\nznaj\u0105cy \u015bwietnie Pisma, przyby\u0142 do Efezu. Zna\u0142 on ju\u017c drog\u0119<br \/>\nPa\u0144sk\u0105, przemawia\u0142 z wielkim zapa\u0142em i naucza\u0142 dok\u0142adnie tego,<br \/>\nco dotyczy\u0142o Jezusa, znaj\u0105c tylko chrzest Janowy. Zacz\u0105\u0142 on<br \/>\nodwa\u017cnie przemawia\u0107 w synagodze. Gdy go Pryscylla i Akwila<br \/>\nus\u0142yszeli, zabrali go z sob\u0105 i wy\u0142o\u017cyli mu dok\u0142adniej drog\u0119<br \/>\nBo\u017c\u0105. <\/b>\n<\/div>\n<div align=\"JUSTIFY\" style=\"margin-bottom: 0cm; text-indent: 1.24cm;\">\n<b>A<br \/>\nkiedy chcia\u0142 wyruszy\u0107 do Achai, bracia napisali list do uczni\u00f3w z<br \/>\npoleceniem, aby go przyj\u0119li. Gdy przyby\u0142, pomaga\u0142 bardzo za \u0142ask\u0105<br \/>\nBo\u017c\u0105 tym, co uwierzyli. Dzielnie uchyla\u0142 twierdzenia \u017byd\u00f3w,<br \/>\nwykazuj\u0105c publicznie z Pism, \u017ce Jezus jest Mesjaszem.<\/b><\/div>\n<div align=\"JUSTIFY\" style=\"margin-bottom: 0cm;\">\n\n<\/div>\n<div align=\"JUSTIFY\" style=\"margin-bottom: 0cm;\">\n<b>S\u0141OWA<br \/>\nEWANGELII WED\u0141UG \u015aWI\u0118TEGO JANA: <\/b>\n<\/div>\n<div align=\"JUSTIFY\" style=\"margin-bottom: 0cm; text-indent: 1.24cm;\">\n<b>Jezus<br \/>\npowiedzia\u0142 do swoich uczni\u00f3w: \u201eZaprawd\u0119, zaprawd\u0119 powiadam wam:<br \/>\nO cokolwiek by\u015bcie prosili Ojca, da wam w imi\u0119 moje. Do tej pory o<br \/>\nnic nie prosili\u015bcie w imi\u0119 moje: Pro\u015bcie, a otrzymacie, aby rado\u015b\u0107<br \/>\nwasza by\u0142a pe\u0142na. <\/b>\n<\/div>\n<div align=\"JUSTIFY\" style=\"margin-bottom: 0cm; text-indent: 1.24cm;\">\n<b>M\u00f3wi\u0142em<br \/>\nwam o tych sprawach w przypowie\u015bciach. Nadchodzi godzina, kiedy ju\u017c<br \/>\nnie b\u0119d\u0119 wam m\u00f3wi\u0142 w przypowie\u015bciach, ale ca\u0142kiem otwarcie<br \/>\noznajmi\u0119 wam o Ojcu. W owym dniu b\u0119dziecie prosi\u0107 w imi\u0119 moje, i<br \/>\nnie m\u00f3wi\u0119, \u017ce Ja b\u0119d\u0119 musia\u0142 prosi\u0107 Ojca za wami. Albowiem<br \/>\nOjciec sam was mi\u0142uje, bo wy\u015bcie Mnie umi\u0142owali i uwierzyli, \u017ce<br \/>\nwyszed\u0142em od Boga. <\/b>\n<\/div>\n<div align=\"JUSTIFY\" style=\"margin-bottom: 0cm; text-indent: 1.24cm;\">\n<b>Wyszed\u0142em<br \/>\nod Ojca i przyszed\u0142em na \u015bwiat; znowu opuszczam \u015bwiat i id\u0119 do<br \/>\nOjca\u201d.<\/b><\/div>\n<div align=\"JUSTIFY\" style=\"margin-bottom: 0cm;\">\n\n<\/div>\n<div align=\"JUSTIFY\" style=\"margin-bottom: 0cm; page-break-before: auto; text-indent: 1.22cm;\">\nProblem,<br \/>\njaki Pryscylla i Akwila mieli z Apollosem, dzisiaj \u2013 jak s\u0105dz\u0119 \u2013<br \/>\nma wielu z nas. A dotyczy on ludzi, kt\u00f3rzy <b>chc\u0105 dobrze, tylko im<br \/>\nnie zawsze dobrze wychodzi.<\/b> Nawet powsta\u0142o na potrzeb\u0119 takich<br \/>\nsytuacji porzekad\u0142o, i\u017c <b>\u201echcia\u0142em dobrze, a wysz\u0142o \u2013 jak<br \/>\nzawsze\u201d\u2026<\/b> R\u00f3\u017cne s\u0105 powody takiego stanu rzeczy i nie czas<br \/>\nteraz zapewne \u2013 i nie miejsce \u2013 na to, aby je jako\u015b szczeg\u00f3\u0142owo<br \/>\nrozwa\u017ca\u0107 i analizowa\u0107.\n<\/div>\n<div align=\"JUSTIFY\" style=\"margin-bottom: 0cm; text-indent: 1.22cm;\">\nJe\u017celi<br \/>\nnatomiast zatrzymujemy si\u0119 dzi\u015b nad tym problemem, to po to, aby <b>z<br \/>\npostawy bohater\u00f3w dzisiejszego pierwszego czytania jak najwi\u0119cej<br \/>\nsi\u0119 nauczy\u0107<\/b> i wprowadzi\u0107 w codzienne mi\u0119dzyludzkie relacje. A<br \/>\nw\u00f3wczas te codzienne relacje b\u0119d\u0105 naznaczone <b>wzajemn\u0105 mi\u0142o\u015bci\u0105<br \/>\ni pomoc\u0105.<\/b> Czeg\u00f3\u017c zatem mo\u017cemy nauczy\u0107 si\u0119 od Pryscylii i<br \/>\nAkwili?<\/div>\n<div align=\"JUSTIFY\" style=\"margin-bottom: 0cm; text-indent: 1.22cm;\">\nZ<br \/>\npewno\u015bci\u0105 tego, \u017ce <b>najpierw wys\u0142uchali Apollosa. <\/b>Zanim<br \/>\nzacz\u0119li cokolwiek m\u00f3wi\u0107 lub robi\u0107, najpierw <b>uwa\u017cnie<br \/>\npos\u0142uchali cz\u0142owieka, co ma do powiedzenia.<\/b> Nie wyrokowali na<br \/>\npodstawie pog\u0142osek czy przypuszcze\u0144, ale zadali sobie tyle trudu \u2013<br \/>\ni znale\u017ali czas \u2013 aby p<b>ozna\u0107 spos\u00f3b i tre\u015b\u0107 nauczania tego<br \/>\n<\/b><b>cz\u0142owieka<\/b><b> z Aleksandrii.<\/b>\n<\/div>\n<div align=\"JUSTIFY\" style=\"margin-bottom: 0cm; text-indent: 1.22cm;\">\nA<br \/>\nkiedy go ju\u017c us\u0142yszeli i zorientowali si\u0119, \u017ce naucza z niezwyk\u0142\u0105<br \/>\ngorliwo\u015bci\u0105 i szczerym zapa\u0142em, ale nie tak, jak powinien, to<br \/>\nw\u00f3wczas \u2013 i tu jest ich ogromna m\u0105dro\u015b\u0107, kt\u00f3rej nam cz\u0119sto<br \/>\nniestety brakuje \u2013 nie odrzucili go, nie skrzyczeli, nie zgasili w<br \/>\nnim ducha, <b>ale zabrali ze sob\u0105 i dok\u0142adniej wy\u0142o\u017cyli mu drog\u0119<br \/>\nBo\u017c\u0105.<\/b> Oni po prostu uznali, \u017ce jakkolwiek w tym momencie<br \/>\nApollos nie robi tego, czego si\u0119 podejmuje, w spos\u00f3b w\u0142a\u015bciwy, <b>to<br \/>\njednak ma w sobie du\u017co zapa\u0142u i bardzo zale\u017cy mu na tym, co robi,<br \/>\nco chce robi\u0107.<\/b> A takiego nastawienia nie mo\u017cna zmarnowa\u0107 \u2013<br \/>\nwr\u0119cz przeciwnie: <b>trzeba je w pe\u0142ni wykorzysta\u0107!<\/b> Tylko<br \/>\ntroch\u0119 skorygowa\u0107. I zyska\u0107 w ten spos\u00f3b naprawd\u0119 oddanego<br \/>\nwsp\u00f3\u0142pracownika.<\/div>\n<div align=\"JUSTIFY\" style=\"margin-bottom: 0cm; text-indent: 1.22cm;\">\nJak<br \/>\ns\u0142yszeli\u015bmy w pierwszym czytaniu \u2013 <b>zamys\u0142 Pryscylii i Akwili<br \/>\npowi\u00f3d\u0142 si\u0119 w ca\u0142ej pe\u0142ni:<\/b> Apollos przyj\u0105\u0142 ich pouczenie,<br \/>\nskorygowa\u0142 swoj\u0105 wiedz\u0119, uzupe\u0142ni\u0142 j\u0105, i ju\u017c w prawid\u0142owy<br \/>\nspos\u00f3b, z takim samym, jak dot\u0105d zapa\u0142em \u2013 o ile nie z wi\u0119kszym<br \/>\n\u2013 <i><b>d<\/b><\/i><i><b>zielnie<br \/>\nuchyla\u0142 twierdzenia \u017byd\u00f3w, wykazuj\u0105c publicznie z Pism, \u017ce Jezus<br \/>\njest Mesjaszem.<\/b><\/i><b><br \/>\n<\/b>I<br \/>\nto w\u0142a\u015bnie powinni\u015bmy zauwa\u017cy\u0107 i doceni\u0107 w postawie Apollosa:<br \/>\n<b>jego<br \/>\npokor\u0119, wyra\u017caj\u0105c\u0105 si\u0119 w umiej\u0119tno\u015bci przyj\u0119cia pe\u0142nej<br \/>\nprawdy o sobie<\/b><br \/>\n\u2013<br \/>\n\u017ce jeszcze nie wszystko si\u0119 wie i nie wszystko robi si\u0119 dobrze,<br \/>\nchocia\u017c z ca\u0142\u0105 pewno\u015bci\u0105 robi si\u0119 ch\u0119tnie<br \/>\ni<br \/>\ngorliwie.\n<\/div>\n<div align=\"JUSTIFY\" style=\"margin-bottom: 0cm; text-indent: 1.22cm;\">\nApollos<br \/>\n<b>umia\u0142<br \/>\nprzyj\u0105\u0107 wskazania Pryscylli i Akwili,<\/b><br \/>\nwys\u0142ucha\u0107 ich, przemy\u015ble\u0107 to, co mu powiedzieli, a wreszcie \u2013<br \/>\nco w jego przypadku by\u0142o z ca\u0142\u0105 pewno\u015bci\u0105 najtrudniejsze \u2013<br \/>\n<b>przyzna\u0107<br \/>\nim racj\u0119: \u017ce <\/b><b>s\u0142usznie<br \/>\ngo koryguj\u0105,<\/b><br \/>\nbo nie naucza tak, jak powinien. Apollos nie obrazi\u0142 si\u0119, nie<br \/>\nzniech\u0119ci\u0142, <b>nie<br \/>\nuni\u00f3s\u0142 si\u0119 honorem <\/b>\u2013<br \/>\njak to by pewnie zrobi\u0142o dzi\u015b wielu z nas \u2013 a tak\u017ce <b>nie<br \/>\nzrezygnowa\u0142 z tego, co dot\u0105d robi.<\/b><br \/>\nOn po prostu uzupe\u0142ni\u0142<br \/>\nswoj\u0105 wiedz\u0119, poprawi\u0142 co trzeba by\u0142o poprawi\u0107 \u2013 i dalej<br \/>\nnaucza\u0142, staj\u0105c si\u0119 w ten spos\u00f3b o<b>ddanym<br \/>\npomocnikiem Aposto\u0142\u00f3w i Uczni\u00f3w. <\/b>\n<\/div>\n<div align=\"JUSTIFY\" style=\"margin-bottom: 0cm; text-indent: 1.22cm;\">\nKochani,<br \/>\nilu\u017c to napi\u0119\u0107 i konflikt\u00f3w da\u0142oby si\u0119 unikn\u0105\u0107, ilu\u017c to<br \/>\nnieszcz\u0119\u015b\u0107 w rodzinach i s\u0105siedztwach nie by\u0142oby w og\u00f3le,<br \/>\ngdyby\u015bmy przyj\u0119li tak\u0105 postaw\u0119, jakiej wz\u00f3r daje nam dzi\u015b<br \/>\nzar\u00f3wno Apollos, jak i Pryscylla i Akwila. A to znaczy: <b>gdyby\u015bmy<br \/>\numieli zauwa\u017cy\u0107, doceni\u0107 i w pe\u0142ni wykorzysta\u0107 dobro, jakie ma w<br \/>\nsobie drugi cz\u0142owiek. <\/b>A<br \/>\nnawet, je\u015bli b\u0142\u0105dzi \u2013 to skorygowa\u0107 go, <b>ale<br \/>\nnie odrzuca\u0107.<\/b><br \/>\nDoceni\u0107 na czas to, co chce on uczyni\u0107 i jak najlepiej z tego<br \/>\nskorzysta\u0107. <b>Dostrzec,<br \/>\nco jest w jego postawie w\u0142a\u015bciwe i to rozwija\u0107,<\/b><br \/>\na co nie jest w\u0142a\u015bciwe \u2013 <b>kulturalnie,<br \/>\ntaktownie, z mi\u0142o\u015bci\u0105 zmienia\u0107\u2026 <\/b>\n<\/div>\n<div align=\"JUSTIFY\" style=\"margin-bottom: 0cm; text-indent: 1.22cm;\">\nI<br \/>\ngdyby\u015bmy chcieli od Apollosa nauczy\u0107 si\u0119 <b>trudnej<br \/>\nsztuki s\u0142uchania innych, zanim si\u0119 zacznie ich poucza\u0107,<\/b><br \/>\na nast\u0119pnie \u2013 korygowania swego zdania, nawet takiego, do kt\u00f3rego<br \/>\nsi\u0119 jest absolutnie przekonanym\u2026 Gdyby\u015bmy tak umieli\u2026 <b>Jak<br \/>\nzupe\u0142nie inaczej wygl\u0105da\u0142aby nasza codzienno\u015b\u0107,<\/b><br \/>\no ile lepsz\u0105 mieliby\u015bmy atmosfer\u0119 w naszych rodzinach, w miejscach<br \/>\nzamieszkania, w miejscach pracy i nauki\u2026<\/div>\n<div align=\"JUSTIFY\" style=\"margin-bottom: 0cm; text-indent: 1.22cm;\">\nKochani,<br \/>\ndzisiaj w Ewangelii Jezus kieruje do nas takie s\u0142owa: <i><b>M\u00f3wi\u0142em<br \/>\nwam o tych sprawach w przypowie\u015bciach. Nadchodzi godzina, kiedy ju\u017c<br \/>\nnie b\u0119d\u0119 wam m\u00f3wi\u0142 w przypowie\u015bciach, ale ca\u0142kiem otwarcie<br \/>\noznajmi\u0119 wam o Ojcu. W owym dniu b\u0119dziecie prosi\u0107 w imi\u0119 moje, i<br \/>\nnie m\u00f3wi\u0119, \u017ce Ja b\u0119d\u0119 musia\u0142 prosi\u0107 Ojca za wami. Albowiem<br \/>\nOjciec sam was mi\u0142uje, bo wy\u015bcie Mnie umi\u0142owali i uwierzyli, \u017ce<br \/>\nwyszed\u0142em od Boga<\/b><\/i><b>.<br \/>\n<\/b>\n<\/div>\n<div align=\"JUSTIFY\" style=\"margin-bottom: 0cm; text-indent: 1.22cm;\">\nPrzyjdzie<br \/>\ntaka rzeczywisto\u015b\u0107, w kt\u00f3rej nie b\u0119d\u0105 potrzebne \u017cadne<br \/>\nprzypowie\u015bci, bo <b>wszystko<br \/>\nb\u0119dzie jasne i wprost widoczne.<\/b><br \/>\nWiar\u0119 zast\u0105pi wiedza, przekonanie wynikaj\u0105cego z osobistego<br \/>\ndo\u015bwiadczenia, czyli<br \/>\n\u2013<br \/>\njak to okre\u015bla teologia \u2013<br \/>\n<b>widzenie<br \/>\nuszcz\u0119\u015bliwiaj\u0105ce. <\/b>Wtedy<br \/>\nnad niczym nie trzeba si\u0119 b\u0119dzie zastanawia\u0107 i o nic pyta\u0107, bo<br \/>\n<b>osobi\u015bcie<br \/>\ndo\u015bwiadczy si\u0119 rzeczywisto\u015bci Nieba.<\/b><br \/>\nI<br \/>\nwtedy te\u017c b\u0119dziemy mogli do Boga, kt\u00f3rego ujrzymy twarz\u0105 w twarz,<br \/>\nzwraca\u0107 si\u0119 bezpo\u015brednio. Jezus ju\u017c nie b\u0119dzie musia\u0142 prosi\u0107<br \/>\nza nami, <b>bo<br \/>\nmy sami b\u0119dziemy mogli bezpo\u015brednio zwraca\u0107 si\u0119 do Ojca.<\/b><\/p>\n<\/div>\n<div align=\"JUSTIFY\" style=\"margin-bottom: 0cm; text-indent: 1.22cm;\">\nDo<br \/>\ntakiej rzeczywisto\u015bci d\u0105\u017cymy. Ca\u0142e nasze ziemskie \u017cycie i<br \/>\ndzia\u0142anie jest na ni\u0105<br \/>\nukierunkowane. Zanim to jednak nast\u0105pi, zanim posi\u0105dziemy t\u0119<br \/>\nprzepi\u0119kn\u0105 i najszcz\u0119\u015bliwsz\u0105 rzeczywisto\u015b\u0107, musimy szczerze<br \/>\nuzna\u0107, \u017ce jeszcze wszystkiego nie wiemy, nie rozumiemy, nie<br \/>\nogarniamy w ca\u0142ej pe\u0142ni \u2013 <b>i<br \/>\npom\u00f3c sobie <\/b><b>nawzajem<br \/>\nw jej osi\u0105gni\u0119ciu\u2026<\/b><\/div>\n","protected":false},"excerpt":{"rendered":"<p>Szcz\u0119\u015b\u0107 Bo\u017ce! Moi Drodzy, dzisiaj z naszej Parafii wyrusza rowerowa pielgrzymka nocna do Niepokalanowa. Ciekawa sprawa &#8211; jeszcze o czym\u015b takim nie s\u0142ysza\u0142em. Przewodniczy jej Ksi\u0105dz Proboszcz. Troch\u0119 niedobrze, \u017ce si\u0119 zachmurzy\u0142o, ale do 16.00 wszystko si\u0119 pewnie jako\u015b wyklaruje.&nbsp; &nbsp; &nbsp; A dzisiaj &#8211; znowu bardzo praktyczne wskazanie w Bo\u017cym S\u0142owie&#8230;&nbsp; &nbsp; &nbsp; &nbsp; [&hellip;]<\/p>\n","protected":false},"author":1,"featured_media":0,"comment_status":"open","ping_status":"open","sticky":false,"template":"","format":"standard","meta":{"jetpack_post_was_ever_published":false,"_jetpack_newsletter_access":"","_jetpack_dont_email_post_to_subs":false,"_jetpack_newsletter_tier_id":0,"_jetpack_memberships_contains_paywalled_content":false,"_jetpack_memberships_contains_paid_content":false,"footnotes":""},"categories":[1],"tags":[],"class_list":["post-9128","post","type-post","status-publish","format-standard","hentry","category-bez-kategorii"],"yoast_head":"<!-- This site is optimized with the Yoast SEO plugin v25.1 - https:\/\/yoast.com\/wordpress\/plugins\/seo\/ -->\n<title>Chcia\u0142em dobrze, a wysz\u0142o - jak zawsze... - Gaudium Et Spes<\/title>\n<meta name=\"robots\" content=\"index, follow, max-snippet:-1, max-image-preview:large, max-video-preview:-1\" \/>\n<link rel=\"canonical\" href=\"https:\/\/gaudiumetspes-blog.pl\/index.php\/2013\/05\/11\/chciaem-dobrze-wyszo-jak-zawsze\/\" \/>\n<meta property=\"og:locale\" content=\"pl_PL\" \/>\n<meta property=\"og:type\" content=\"article\" \/>\n<meta property=\"og:title\" content=\"Chcia\u0142em dobrze, a wysz\u0142o - jak zawsze... - Gaudium Et Spes\" \/>\n<meta property=\"og:description\" content=\"Szcz\u0119\u015b\u0107 Bo\u017ce! Moi Drodzy, dzisiaj z naszej Parafii wyrusza rowerowa pielgrzymka nocna do Niepokalanowa. Ciekawa sprawa &#8211; jeszcze o czym\u015b takim nie s\u0142ysza\u0142em. Przewodniczy jej Ksi\u0105dz Proboszcz. Troch\u0119 niedobrze, \u017ce si\u0119 zachmurzy\u0142o, ale do 16.00 wszystko si\u0119 pewnie jako\u015b wyklaruje.&nbsp; &nbsp; &nbsp; A dzisiaj &#8211; znowu bardzo praktyczne wskazanie w Bo\u017cym S\u0142owie&#8230;&nbsp; &nbsp; &nbsp; &nbsp; [&hellip;]\" \/>\n<meta property=\"og:url\" content=\"https:\/\/gaudiumetspes-blog.pl\/index.php\/2013\/05\/11\/chciaem-dobrze-wyszo-jak-zawsze\/\" \/>\n<meta property=\"og:site_name\" content=\"Gaudium Et Spes\" \/>\n<meta property=\"article:published_time\" content=\"2013-05-11T04:33:00+00:00\" \/>\n<meta property=\"article:modified_time\" content=\"2019-07-31T10:54:00+00:00\" \/>\n<meta name=\"author\" content=\"Ks. Jacek\" \/>\n<meta name=\"twitter:card\" content=\"summary_large_image\" \/>\n<meta name=\"twitter:label1\" content=\"Napisane przez\" \/>\n\t<meta name=\"twitter:data1\" content=\"Ks. Jacek\" \/>\n\t<meta name=\"twitter:label2\" content=\"Szacowany czas czytania\" \/>\n\t<meta name=\"twitter:data2\" content=\"7 minut\" \/>\n<script type=\"application\/ld+json\" class=\"yoast-schema-graph\">{\"@context\":\"https:\/\/schema.org\",\"@graph\":[{\"@type\":\"WebPage\",\"@id\":\"https:\/\/gaudiumetspes-blog.pl\/index.php\/2013\/05\/11\/chciaem-dobrze-wyszo-jak-zawsze\/\",\"url\":\"https:\/\/gaudiumetspes-blog.pl\/index.php\/2013\/05\/11\/chciaem-dobrze-wyszo-jak-zawsze\/\",\"name\":\"Chcia\u0142em dobrze, a wysz\u0142o - jak zawsze... - Gaudium Et Spes\",\"isPartOf\":{\"@id\":\"https:\/\/gaudiumetspes-blog.pl\/#website\"},\"datePublished\":\"2013-05-11T04:33:00+00:00\",\"dateModified\":\"2019-07-31T10:54:00+00:00\",\"author\":{\"@id\":\"https:\/\/gaudiumetspes-blog.pl\/#\/schema\/person\/1661982992b752dea8dff0d4ed845a65\"},\"breadcrumb\":{\"@id\":\"https:\/\/gaudiumetspes-blog.pl\/index.php\/2013\/05\/11\/chciaem-dobrze-wyszo-jak-zawsze\/#breadcrumb\"},\"inLanguage\":\"pl-PL\",\"potentialAction\":[{\"@type\":\"ReadAction\",\"target\":[\"https:\/\/gaudiumetspes-blog.pl\/index.php\/2013\/05\/11\/chciaem-dobrze-wyszo-jak-zawsze\/\"]}]},{\"@type\":\"BreadcrumbList\",\"@id\":\"https:\/\/gaudiumetspes-blog.pl\/index.php\/2013\/05\/11\/chciaem-dobrze-wyszo-jak-zawsze\/#breadcrumb\",\"itemListElement\":[{\"@type\":\"ListItem\",\"position\":1,\"name\":\"Strona g\u0142\u00f3wna\",\"item\":\"https:\/\/gaudiumetspes-blog.pl\/\"},{\"@type\":\"ListItem\",\"position\":2,\"name\":\"Chcia\u0142em dobrze, a&nbsp;wysz\u0142o &#8211; jak zawsze&#8230;\"}]},{\"@type\":\"WebSite\",\"@id\":\"https:\/\/gaudiumetspes-blog.pl\/#website\",\"url\":\"https:\/\/gaudiumetspes-blog.pl\/\",\"name\":\"Gaudium Et Spes\",\"description\":\"Blog Ks. Jacka Ja\u015bkowskiego\",\"potentialAction\":[{\"@type\":\"SearchAction\",\"target\":{\"@type\":\"EntryPoint\",\"urlTemplate\":\"https:\/\/gaudiumetspes-blog.pl\/?s={search_term_string}\"},\"query-input\":{\"@type\":\"PropertyValueSpecification\",\"valueRequired\":true,\"valueName\":\"search_term_string\"}}],\"inLanguage\":\"pl-PL\"},{\"@type\":\"Person\",\"@id\":\"https:\/\/gaudiumetspes-blog.pl\/#\/schema\/person\/1661982992b752dea8dff0d4ed845a65\",\"name\":\"Ks. Jacek\",\"image\":{\"@type\":\"ImageObject\",\"inLanguage\":\"pl-PL\",\"@id\":\"https:\/\/gaudiumetspes-blog.pl\/#\/schema\/person\/image\/\",\"url\":\"https:\/\/gaudiumetspes-blog.pl\/wp-content\/uploads\/2019\/07\/avatar-JJ-150x150.jpg\",\"contentUrl\":\"https:\/\/gaudiumetspes-blog.pl\/wp-content\/uploads\/2019\/07\/avatar-JJ-150x150.jpg\",\"caption\":\"Ks. Jacek\"},\"description\":\"Witam serdecznie! K\u0142ania si\u0119 Ks. Jacek Ja\u015bkowski. Nie jestem ani kim\u015b wa\u017cnym, ani kim\u015b znanym. Jestem ksi\u0119dzem, kt\u00f3ry po prostu chce rozmawia\u0107. Codzienna kap\u0142a\u0144ska pos\u0142uga pokazuje mi, \u017ce temat\u00f3w do rozm\u00f3w z ksi\u0119dzem jest coraz wi\u0119cej i dzisiaj \u017caden ksi\u0105dz nie mo\u017ce od nich ucieka\u0107, ale - wprost przeciwnie - podejmowa\u0107 nowe wyzwania. To przekonanie sk\u0142oni\u0142o mnie do pr\u00f3by otwarcia tego\u017c bloga, chocia\u017c okazji do rozm\u00f3w na co dzie\u0144 - w konfesjonale i poza nim - na szcz\u0119\u015bcie nie brakuje. My\u015bl\u0119 jednak, \u017ce ten blog b\u0119dzie jeszcze jednym sposobem i przestrzeni\u0105 nawi\u0105zania kontaktu z lud\u017ami dobrej woli, otwartymi na dialog.\",\"url\":\"https:\/\/gaudiumetspes-blog.pl\/index.php\/author\/ks-jacek\/\"}]}<\/script>\n<!-- \/ Yoast SEO plugin. -->","yoast_head_json":{"title":"Chcia\u0142em dobrze, a wysz\u0142o - jak zawsze... - Gaudium Et Spes","robots":{"index":"index","follow":"follow","max-snippet":"max-snippet:-1","max-image-preview":"max-image-preview:large","max-video-preview":"max-video-preview:-1"},"canonical":"https:\/\/gaudiumetspes-blog.pl\/index.php\/2013\/05\/11\/chciaem-dobrze-wyszo-jak-zawsze\/","og_locale":"pl_PL","og_type":"article","og_title":"Chcia\u0142em dobrze, a wysz\u0142o - jak zawsze... - Gaudium Et Spes","og_description":"Szcz\u0119\u015b\u0107 Bo\u017ce! Moi Drodzy, dzisiaj z naszej Parafii wyrusza rowerowa pielgrzymka nocna do Niepokalanowa. Ciekawa sprawa &#8211; jeszcze o czym\u015b takim nie s\u0142ysza\u0142em. Przewodniczy jej Ksi\u0105dz Proboszcz. Troch\u0119 niedobrze, \u017ce si\u0119 zachmurzy\u0142o, ale do 16.00 wszystko si\u0119 pewnie jako\u015b wyklaruje.&nbsp; &nbsp; &nbsp; A dzisiaj &#8211; znowu bardzo praktyczne wskazanie w Bo\u017cym S\u0142owie&#8230;&nbsp; &nbsp; &nbsp; &nbsp; [&hellip;]","og_url":"https:\/\/gaudiumetspes-blog.pl\/index.php\/2013\/05\/11\/chciaem-dobrze-wyszo-jak-zawsze\/","og_site_name":"Gaudium Et Spes","article_published_time":"2013-05-11T04:33:00+00:00","article_modified_time":"2019-07-31T10:54:00+00:00","author":"Ks. Jacek","twitter_card":"summary_large_image","twitter_misc":{"Napisane przez":"Ks. Jacek","Szacowany czas czytania":"7 minut"},"schema":{"@context":"https:\/\/schema.org","@graph":[{"@type":"WebPage","@id":"https:\/\/gaudiumetspes-blog.pl\/index.php\/2013\/05\/11\/chciaem-dobrze-wyszo-jak-zawsze\/","url":"https:\/\/gaudiumetspes-blog.pl\/index.php\/2013\/05\/11\/chciaem-dobrze-wyszo-jak-zawsze\/","name":"Chcia\u0142em dobrze, a wysz\u0142o - jak zawsze... - Gaudium Et Spes","isPartOf":{"@id":"https:\/\/gaudiumetspes-blog.pl\/#website"},"datePublished":"2013-05-11T04:33:00+00:00","dateModified":"2019-07-31T10:54:00+00:00","author":{"@id":"https:\/\/gaudiumetspes-blog.pl\/#\/schema\/person\/1661982992b752dea8dff0d4ed845a65"},"breadcrumb":{"@id":"https:\/\/gaudiumetspes-blog.pl\/index.php\/2013\/05\/11\/chciaem-dobrze-wyszo-jak-zawsze\/#breadcrumb"},"inLanguage":"pl-PL","potentialAction":[{"@type":"ReadAction","target":["https:\/\/gaudiumetspes-blog.pl\/index.php\/2013\/05\/11\/chciaem-dobrze-wyszo-jak-zawsze\/"]}]},{"@type":"BreadcrumbList","@id":"https:\/\/gaudiumetspes-blog.pl\/index.php\/2013\/05\/11\/chciaem-dobrze-wyszo-jak-zawsze\/#breadcrumb","itemListElement":[{"@type":"ListItem","position":1,"name":"Strona g\u0142\u00f3wna","item":"https:\/\/gaudiumetspes-blog.pl\/"},{"@type":"ListItem","position":2,"name":"Chcia\u0142em dobrze, a&nbsp;wysz\u0142o &#8211; jak zawsze&#8230;"}]},{"@type":"WebSite","@id":"https:\/\/gaudiumetspes-blog.pl\/#website","url":"https:\/\/gaudiumetspes-blog.pl\/","name":"Gaudium Et Spes","description":"Blog Ks. Jacka Ja\u015bkowskiego","potentialAction":[{"@type":"SearchAction","target":{"@type":"EntryPoint","urlTemplate":"https:\/\/gaudiumetspes-blog.pl\/?s={search_term_string}"},"query-input":{"@type":"PropertyValueSpecification","valueRequired":true,"valueName":"search_term_string"}}],"inLanguage":"pl-PL"},{"@type":"Person","@id":"https:\/\/gaudiumetspes-blog.pl\/#\/schema\/person\/1661982992b752dea8dff0d4ed845a65","name":"Ks. Jacek","image":{"@type":"ImageObject","inLanguage":"pl-PL","@id":"https:\/\/gaudiumetspes-blog.pl\/#\/schema\/person\/image\/","url":"https:\/\/gaudiumetspes-blog.pl\/wp-content\/uploads\/2019\/07\/avatar-JJ-150x150.jpg","contentUrl":"https:\/\/gaudiumetspes-blog.pl\/wp-content\/uploads\/2019\/07\/avatar-JJ-150x150.jpg","caption":"Ks. Jacek"},"description":"Witam serdecznie! K\u0142ania si\u0119 Ks. Jacek Ja\u015bkowski. Nie jestem ani kim\u015b wa\u017cnym, ani kim\u015b znanym. Jestem ksi\u0119dzem, kt\u00f3ry po prostu chce rozmawia\u0107. Codzienna kap\u0142a\u0144ska pos\u0142uga pokazuje mi, \u017ce temat\u00f3w do rozm\u00f3w z ksi\u0119dzem jest coraz wi\u0119cej i dzisiaj \u017caden ksi\u0105dz nie mo\u017ce od nich ucieka\u0107, ale - wprost przeciwnie - podejmowa\u0107 nowe wyzwania. To przekonanie sk\u0142oni\u0142o mnie do pr\u00f3by otwarcia tego\u017c bloga, chocia\u017c okazji do rozm\u00f3w na co dzie\u0144 - w konfesjonale i poza nim - na szcz\u0119\u015bcie nie brakuje. My\u015bl\u0119 jednak, \u017ce ten blog b\u0119dzie jeszcze jednym sposobem i przestrzeni\u0105 nawi\u0105zania kontaktu z lud\u017ami dobrej woli, otwartymi na dialog.","url":"https:\/\/gaudiumetspes-blog.pl\/index.php\/author\/ks-jacek\/"}]}},"jetpack_featured_media_url":"","jetpack_sharing_enabled":true,"_links":{"self":[{"href":"https:\/\/gaudiumetspes-blog.pl\/index.php\/wp-json\/wp\/v2\/posts\/9128","targetHints":{"allow":["GET"]}}],"collection":[{"href":"https:\/\/gaudiumetspes-blog.pl\/index.php\/wp-json\/wp\/v2\/posts"}],"about":[{"href":"https:\/\/gaudiumetspes-blog.pl\/index.php\/wp-json\/wp\/v2\/types\/post"}],"author":[{"embeddable":true,"href":"https:\/\/gaudiumetspes-blog.pl\/index.php\/wp-json\/wp\/v2\/users\/1"}],"replies":[{"embeddable":true,"href":"https:\/\/gaudiumetspes-blog.pl\/index.php\/wp-json\/wp\/v2\/comments?post=9128"}],"version-history":[{"count":1,"href":"https:\/\/gaudiumetspes-blog.pl\/index.php\/wp-json\/wp\/v2\/posts\/9128\/revisions"}],"predecessor-version":[{"id":11064,"href":"https:\/\/gaudiumetspes-blog.pl\/index.php\/wp-json\/wp\/v2\/posts\/9128\/revisions\/11064"}],"wp:attachment":[{"href":"https:\/\/gaudiumetspes-blog.pl\/index.php\/wp-json\/wp\/v2\/media?parent=9128"}],"wp:term":[{"taxonomy":"category","embeddable":true,"href":"https:\/\/gaudiumetspes-blog.pl\/index.php\/wp-json\/wp\/v2\/categories?post=9128"},{"taxonomy":"post_tag","embeddable":true,"href":"https:\/\/gaudiumetspes-blog.pl\/index.php\/wp-json\/wp\/v2\/tags?post=9128"}],"curies":[{"name":"wp","href":"https:\/\/api.w.org\/{rel}","templated":true}]}}