{"id":9129,"date":"2013-05-10T08:44:00","date_gmt":"2013-05-10T06:44:00","guid":{"rendered":"https:\/\/gaudiumetspes-blog.pl\/index.php\/2013\/05\/10\/zaufac-panu-i-nie-martwic-sie-na-zapas\/"},"modified":"2019-07-31T12:54:00","modified_gmt":"2019-07-31T10:54:00","slug":"zaufac-panu-i-nie-martwic-sie-na-zapas","status":"publish","type":"post","link":"https:\/\/gaudiumetspes-blog.pl\/index.php\/2013\/05\/10\/zaufac-panu-i-nie-martwic-sie-na-zapas\/","title":{"rendered":"Zaufa\u0107 Panu &#8211; i nie martwi\u0107 si\u0119 na zapas!"},"content":{"rendered":"<p><\/p>\n<div align=\"JUSTIFY\" style=\"margin-bottom: 0cm;\">\nSzcz\u0119\u015b\u0107 Bo\u017ce! Pozdrawiam serdecznie i od razu zapraszam do refleksji nad Bo\u017cym S\u0142owem. Tchnie ono dzisiaj szczeg\u00f3lnym optymizmem i &#8211; jak s\u0105dz\u0119 &#8211; stanowi cenn\u0105 odpowied\u017a na wiele naszych dylemat\u00f3w, kt\u00f3re codziennie prze\u017cywamy.<\/div>\n<div align=\"JUSTIFY\" style=\"margin-bottom: 0cm;\">\n&nbsp; &nbsp; &nbsp;Przy okazji &#8211; serdecznie dzi\u0119kuj\u0119 za wszystkie Wasze wypowiedzi!<\/div>\n<div align=\"JUSTIFY\" style=\"margin-bottom: 0cm;\">\n&nbsp; &nbsp; &nbsp; &nbsp; &nbsp; &nbsp; Gaudium et spes! &nbsp;Ks. Jacek<\/div>\n<div align=\"JUSTIFY\" style=\"margin-bottom: 0cm;\">\n<b><br \/><\/b><\/div>\n<div align=\"JUSTIFY\" style=\"margin-bottom: 0cm;\">\n<b>Pi\u0105tek<br \/>\n6 tygodnia Wielkanocy,<\/b><\/div>\n<div align=\"JUSTIFY\" style=\"margin-bottom: 0cm;\">\n<b>do<br \/>\nczyta\u0144:  Dz 18,9\u201318;  J 16,20\u201323a<\/b><\/div>\n<div align=\"JUSTIFY\" style=\"margin-bottom: 0cm;\">\n\n<\/div>\n<div align=\"JUSTIFY\" style=\"margin-bottom: 0cm; page-break-before: auto;\">\n<b>CZYTANIE<br \/>\nZ DZIEJ\u00d3W APOSTOLSKICH: <\/b>\n<\/div>\n<div align=\"JUSTIFY\" style=\"margin-bottom: 0cm; text-indent: 1.24cm;\">\n<b>Kiedy<br \/>\nPawe\u0142 przebywa\u0142 w Koryncie, w nocy Pan przem\u00f3wi\u0142 do niego w<br \/>\nwidzeniu: \u201ePrzesta\u0144 si\u0119 l\u0119ka\u0107, a przemawiaj i nie milcz, bo Ja<br \/>\njestem z tob\u0105 i nikt nie targnie si\u0119 na ciebie, aby ci\u0119<br \/>\nskrzywdzi\u0107, dlatego \u017ce wiele ludu mam w tym mie\u015bcie\u201d. Pozosta\u0142<br \/>\nwi\u0119c i g\u0142osi\u0142 im S\u0142owo Bo\u017ce przez rok i sze\u015b\u0107 miesi\u0119cy. <\/b>\n<\/div>\n<div align=\"JUSTIFY\" style=\"margin-bottom: 0cm; text-indent: 1.24cm;\">\n<b>Kiedy<br \/>\nGallio zosta\u0142 prokonsulem Achai, \u017bydzi jednomy\u015blnie wyst\u0105pili<br \/>\nprzeciw Paw\u0142owi i przyprowadzili go przed s\u0105d. Powiedzieli: \u201eTen<br \/>\nnamawia ludzi, aby czcili Boga niezgodnie z Prawem\u201d. <\/b>\n<\/div>\n<div align=\"JUSTIFY\" style=\"margin-bottom: 0cm; text-indent: 1.24cm;\">\n<b>Gdy<br \/>\nPawe\u0142 mia\u0142 ju\u017c usta otworzy\u0107, Gallio przem\u00f3wi\u0142 do \u017byd\u00f3w:<br \/>\n\u201eGdyby tu chodzi\u0142o o jakie\u015b przest\u0119pstwo albo z\u0142y czyn,<br \/>\nzaj\u0105\u0142bym si\u0119 wami, \u017bydzi, jak nale\u017cy, ale gdy sp\u00f3r toczy si\u0119 o<br \/>\ns\u0142owa i nazwy, i o wasze Prawo, rozpatrzcie to sami. Ja nie chc\u0119<br \/>\nby\u0107 s\u0119dzi\u0105 w tych sprawach\u201d. I wyp\u0119dzi\u0142 ich z s\u0105du. <\/b>\n<\/div>\n<div align=\"JUSTIFY\" style=\"margin-bottom: 0cm; text-indent: 1.24cm;\">\n<b>A<br \/>\nwszyscy Grecy, schwyciwszy przewodnicz\u0105cego synagogi, Sostenesa,<br \/>\nbili go przed s\u0105dem, lecz Gallio wcale o to nie dba\u0142. Pawe\u0142<br \/>\npozosta\u0142 jeszcze przez d\u0142u\u017cszy czas, potem po\u017cegna\u0142 si\u0119 z<br \/>\nbra\u0107mi i pop\u0142yn\u0105\u0142 do Syrii, a z nim Pryscylla i Akwila. W<br \/>\nKenchrach ostrzyg\u0142 g\u0142ow\u0119, bo z\u0142o\u017cy\u0142 taki \u015blub.<\/b><\/div>\n<div align=\"JUSTIFY\" style=\"margin-bottom: 0cm;\">\n\n<\/div>\n<div align=\"JUSTIFY\" style=\"margin-bottom: 0cm;\">\n<b>S\u0141OWA<br \/>\nEWANGELII WED\u0141UG \u015aWI\u0118TEGO JANA: <\/b>\n<\/div>\n<div align=\"JUSTIFY\" style=\"margin-bottom: 0cm; text-indent: 1.24cm;\">\n<b>Jezus<br \/>\npowiedzia\u0142 do swoich uczni\u00f3w: \u201eZaprawd\u0119, zaprawd\u0119 powiadam wam:<br \/>\nWy b\u0119dziecie p\u0142aka\u0107 i zawodzi\u0107, a \u015bwiat si\u0119 b\u0119dzie weseli\u0142.<br \/>\nWy b\u0119dziecie si\u0119 smuci\u0107, ale smutek wasz zamieni si\u0119 w rado\u015b\u0107.<br \/>\nKobieta, gdy rodzi, doznaje smutku, bo przysz\u0142a jej godzina. Gdy<br \/>\njednak urodzi dzieci\u0119, ju\u017c nie pami\u0119ta o b\u00f3lu z powodu rado\u015bci,<br \/>\n\u017ce si\u0119 cz\u0142owiek narodzi\u0142 na \u015bwiat. <\/b>\n<\/div>\n<div align=\"JUSTIFY\" style=\"margin-bottom: 0cm; text-indent: 1.24cm;\">\n<b>Tak\u017ce<br \/>\ni wy teraz doznajecie smutku. Znowu jednak was zobacz\u0119, i rozraduje<br \/>\nsi\u0119 serce wasze, a rado\u015bci waszej nikt wam nie zdo\u0142a odebra\u0107. W<br \/>\nowym za\u015b dniu o nic Mnie nie b\u0119dziecie pyta\u0107\u201d.<\/b><\/div>\n<div align=\"JUSTIFY\" style=\"margin-bottom: 0cm;\">\n\n<\/div>\n<div align=\"JUSTIFY\" style=\"margin-bottom: 0cm; page-break-before: auto; text-indent: 1.24cm;\">\nTo<br \/>\nwszystko, o czym m\u00f3wi pierwsze czytanie, jak te\u017c ukazany przez<br \/>\nJezusa obraz kobiety odczuwaj\u0105cej b\u00f3l rodzenia, ma w ostatecznym<br \/>\nrozstrzygni\u0119ciu doprowadzi\u0107 do tego stanu, o jakim Jezus m\u00f3wi\u0142 w<br \/>\nzako\u0144czeniu dzisiejszego fragmentu ewangelicznego: <i><b>Tak\u017ce<br \/>\ni wy teraz doznajecie smutku. Znowu jednak was zobacz\u0119, i rozraduje<br \/>\nsi\u0119 serce wasze, a rado\u015bci waszej nikt wam nie zdo\u0142a odebra\u0107. W<br \/>\nowym za\u015b dniu o nic Mnie nie b\u0119dziecie pyta\u0107<\/b><\/i><b>.<br \/>\n<\/b>\n<\/div>\n<div align=\"JUSTIFY\" style=\"margin-bottom: 0cm; text-indent: 1.24cm;\">\nOt\u00f3\u017c<br \/>\nw\u0142a\u015bnie \u2013 wiele jest przeciwno\u015bci, perypetii, trudno\u015bci na<br \/>\ndrodze chrze\u015bcijan do pe\u0142nego zjednoczenia z Panem. <b>Niejedn\u0105<br \/>\ntrudno\u015b\u0107 trzeba prze\u017cy\u0107,<\/b><br \/>\nniejedn\u0105 \u0142z\u0119 prze\u0142kn\u0105\u0107, przy czym nie brakuje tak\u017ce takich \u2013<br \/>\npowiedzieliby\u015bmy \u2013 <b>radosnych<br \/>\ni zaskakuj\u0105cych moment\u00f3w,<\/b><br \/>\njak ten opisany w pierwszym czytaniu.\n<\/div>\n<div align=\"JUSTIFY\" style=\"margin-bottom: 0cm; text-indent: 1.24cm;\">\nJakkolwiek<br \/>\nrzecz ca\u0142a dzieje si\u0119 tam<br \/>\nfaktycznie<br \/>\nprzed s\u0105dem, przed kt\u00f3ry przywleczono Paw\u0142a i jakkolwiek wydawa\u0142o<br \/>\nsi\u0119, \u017ce chmury znowu zebra\u0142y si\u0119 nad Aposto\u0142em, to jednak <b>pomoc<br \/>\nprzysz\u0142a ze strony, z kt\u00f3rej najmniej mo\u017cna by\u0142o si\u0119 jej<br \/>\nspodziewa\u0107.<\/b><br \/>\nOto bowiem sam rzymski prokonsul \u2013 wcale, bynajmniej, nie ze<br \/>\nszczeg\u00f3lnej sympatii do Paw\u0142a \u2013 uzna\u0142, \u017ce nie b\u0119dzie zajmowa\u0142<br \/>\nsi\u0119 takimi ma\u0142o istotnymi sprawami <b>i<br \/>\nca\u0142e towarzystwo wyp\u0119dzi\u0142 z s\u0105du.<\/b><br \/>\nW dodatku dosta\u0142o si\u0119 prze\u0142o\u017conemu synagogi. Mo\u017cna zatem<br \/>\npowiedzie\u0107, \u017ce mamy do czynienia <b>z<br \/>\nciekawym i do\u015b\u0107 zaskakuj\u0105cym zwrotem akcji.<\/b><\/p>\n<\/div>\n<div align=\"JUSTIFY\" style=\"margin-bottom: 0cm; text-indent: 1.24cm;\">\nI<br \/>\nw\u0142a\u015bnie w takie zwroty cz\u0119stokro\u0107 obfituje nasze \u017cycie<br \/>\nchrze\u015bcija\u0144skie i nasze d\u0105\u017cenie do zbawienia. To dzisiejsze<br \/>\npouczenie, zawarte w S\u0142owie Bo\u017cym, u\u015bwiadamia nam, \u017ce nie jest<br \/>\nprawd\u0105 takie oto przekonanie wielu os\u00f3b, pobie\u017cnie patrz\u0105cych<br \/>\nna<br \/>\nwiar\u0119,<br \/>\ni\u017c<br \/>\n<b>jej<br \/>\npraktykowanie oznacza jedynie w<\/b><b>yrzeczenia,<br \/>\ncierpienia, znoszeni<\/b><b>e<\/b><b><br \/>\nkrzywd i przeciwno\u015bci,<\/b><br \/>\na<br \/>\nto wszystko jeszcze w atmosferze wielkiego smutku. <b>Nie,<br \/>\nto nie tak! <\/b>\n<\/div>\n<div align=\"JUSTIFY\" style=\"margin-bottom: 0cm; text-indent: 1.24cm;\">\nRado\u015b\u0107,<br \/>\nkt\u00f3r\u0105 Jezus zapowiada w wieczno\u015bci, bardzo cz\u0119sto jest udzia\u0142em<br \/>\nwierz\u0105cych <b>ju\u017c<br \/>\ntu, na ziemi. <\/b>A<br \/>\nw\u0142a\u015bciwie, to mo\u017cna by rzec, i\u017c jest ona czym\u015b <b>normalnym<br \/>\ni sta\u0142ym. <\/b>Bo<br \/>\ncz\u0142owiek, kt\u00f3ry \u017cyje w pe\u0142nej jedno\u015bci z Bogiem, <b>jest<br \/>\npo prostu radosny, szcz\u0119\u015bliwy,<\/b><br \/>\nma poczucie g\u0142\u0119bokiego sensu tego, co robi, co prze\u017cywa\u2026 On nie<br \/>\nmarnuje czasu, <b>on<br \/>\n\u017cyje \u201epo co\u015b\u201d, \u201edla kogo\u015b\u201d, on ma jakie\u015b swoje konkretne<br \/>\ncele w \u017cyciu, jest oryginalny, ci\u0105gle czym\u015b dobrym zaj\u0119ty,<\/b><br \/>\nci\u0105gle do czego\u015b d\u0105\u017cy, co\u015b zdobywa, o co\u015b si\u0119 stara\u2026 Nie<br \/>\nsiedzi z za\u0142o\u017conymi r\u0119kami i nie biadoli jak stara zrz\u0119da, ale<br \/>\n<b>sam<br \/>\nzapala si\u0119 do dobra i innych do niego <\/b><b>mobilizuje<\/b><b>.<\/b><\/p>\n<\/div>\n<div align=\"JUSTIFY\" style=\"margin-bottom: 0cm; text-indent: 1.24cm;\">\nTo<br \/>\nwszystko jednak nie oznacza \u2013 musimy to sobie uczciwie powiedzie\u0107<br \/>\n\u2013 <b>\u017ce<br \/>\nzawsze jest \u0142atwo i prosto! Nie!<\/b><br \/>\nCz\u0119sto przychodz\u0105 przeciwno\u015bci, bo taki cz\u0142owiek nie podoba si\u0119<br \/>\nwielu zazdrosnym m\u0119drcom tego \u015bwiata. Jednak<br \/>\nnawet z\u0142e nastawienie wielu os\u00f3b <b>nie<br \/>\nzniech\u0119ci takiego cz\u0142owieka,<\/b><br \/>\na B\u00f3g, kt\u00f3ry \u2013 jak si\u0119 powszechnie uwa\u017ca \u2013 <b>ma<\/b><br \/>\n<b>fenomenalne<br \/>\npoczucie humoru,<\/b><br \/>\nniejednokrotnie w\u0142\u0105cza si\u0119 w jego histori\u0119 \u017cycia i wiele spraw<br \/>\nrozwi\u0105zuje <b>w<br \/>\nspos\u00f3b ca\u0142kowicie zaskakuj\u0105cy. <\/b>\n<\/div>\n<div align=\"JUSTIFY\" style=\"margin-bottom: 0cm; text-indent: 1.24cm;\">\nDlatego,<br \/>\nKochani, bardzo wa\u017cnym jest, aby\u015bmy us\u0142yszeli wyra\u017anie i wprost<br \/>\ndo siebie odnie\u015bli te s\u0142owa, kt\u00f3re Pan skierowa\u0142 do Paw\u0142a w<br \/>\npierwszym czytaniu: <i><b>Przesta\u0144<br \/>\nsi\u0119 l\u0119ka\u0107, a przemawiaj i nie milcz, bo Ja jestem z tob\u0105!<\/b><\/i><b><br \/>\n<\/b>Tak,<br \/>\nPan by\u0142 z Paw\u0142em, Pan te\u017c jest z nami i On nas prowadzi, On nas<br \/>\npodtrzymuje<br \/>\nna duchu, <b>On<br \/>\nnape\u0142nia nasze serca rado\u015bci\u0105 i nadziej\u0105.<\/b><br \/>\n I to On sam sprawi, \u017ce rozwi\u0105zanie problem\u00f3w i przeciwno\u015bci<br \/>\nprzyjdzie<b><br \/>\nze strony, z kt\u00f3rej nikt by si\u0119 nawet nie spodziewa\u0142. <\/b>Zanim<br \/>\nmy si\u0119 jeszcze zd\u0105\u017cymy nastawi\u0107, okopa\u0107, przyj\u0105\u0107 pozycje<br \/>\nobronne \u2013 <b>problem<br \/>\nrozwi\u0105\u017ce si\u0119 w spos\u00f3b prosty i niespodziewany.<\/b><\/p>\n<\/div>\n<div align=\"JUSTIFY\" style=\"margin-bottom: 0cm; text-indent: 1.24cm;\">\nMo\u017ce<br \/>\nzatem nie trzeba, Kochani, planowa\u0107<br \/>\ntak<br \/>\nz g\u00f3ry jakiej\u015b<br \/>\nostrej<br \/>\nwalki<br \/>\ni wytacza\u0107 wszystkich<br \/>\ndzia\u0142, z nastawieniem na jak\u0105\u015b krwaw\u0105 i \u015bmierteln\u0105 ofensyw\u0119, a<br \/>\nbardziej, a wr\u0119cz <b>bezgranicznie<br \/>\nzaufa\u0107 Panu i <\/b><b>odwa\u017cy\u0107<br \/>\nsi\u0119<\/b><b><br \/>\npozostawi\u0107 sprawy ich biegowi. A przynajmniej niekt\u00f3re. <\/b>\n<\/div>\n<div align=\"JUSTIFY\" style=\"margin-bottom: 0cm; text-indent: 1.24cm;\">\nBo<br \/>\nmy jeste\u015bmy tak bardzo \u017cyciowo zaradni, zapobiegliwi, przewiduj\u0105cy<br \/>\ni inteligentni, \u017ce <b>z<br \/>\ng\u00f3ry wiemy, co i jak rozwi\u0105zywa\u0107, jakie \u015brodki przedsi\u0119bra\u0107,<br \/>\njakie dzia\u0142ania na pewno podj\u0105\u0107.<\/b><br \/>\nA tu si\u0119 okazuje, \u017ce jest to nieskuteczne \u2013<br \/>\ni<br \/>\n\u017ce w og\u00f3le niepotrzebne. My\u015bmy si\u0119 nastawili na jakie\u015b wielkie<br \/>\nsprawy, a tu si\u0119 wszystko samo rozwi\u0105za\u0142o. <b>Wystarczy\u0142o<br \/>\npoczeka\u0107, pomodli\u0107 si\u0119, Bogu zaufa\u0107, u\u015bmiechn\u0105\u0107 si\u0119, to i owo<br \/>\nw \u017cart obr\u00f3ci\u0107\u2026 I do upolowania komara nie wyci\u0105ga\u0107 armaty! <\/b>\n<\/div>\n<div align=\"JUSTIFY\" style=\"margin-bottom: 0cm; text-indent: 1.24cm;\">\nAle<br \/>\nc\u00f3\u017c, kiedy my chcemy zawsze dobrze. To dlatego w\u0142a\u015bnie zdarza si\u0119<br \/>\nnam przedobrzy\u0107. A Pan m\u00f3wi: <i><b>Przesta\u0144<br \/>\nsi\u0119 l\u0119ka\u0107, a przemawiaj i nie milcz, bo Ja jestem z tob\u0105<\/b><\/i><b>.<br \/>\n<\/b>Niech<br \/>\nPan sam nas przekona do prawdziwo\u015bci tych s\u0142\u00f3w. I niech sam bierze<br \/>\nnasze sprawy w swoje r\u0119ce. Niech pomo\u017ce<br \/>\nnam uwierzy\u0107,<br \/>\n\u017ce<b><br \/>\nnaprawd\u0119 chce naszego dobra i jest <\/b><b>zawsze<\/b><b><br \/>\nz nami.<\/b><br \/>\nNiech On sam zechce nasze problemy rozwi\u0105zywa\u0107 \u2013 <b>czasami<br \/>\nnawet r\u0119kami naszych przeciwnik\u00f3w,<\/b><br \/>\njak to zosta\u0142o ukazane w pierwszym czytaniu. To w\u0142a\u015bnie na tym<br \/>\npolega najwi\u0119ksze poczucie humoru Pana Boga: \u017ce <b>nieraz<br \/>\nci, <\/b><b>kt\u00f3rzy<br \/>\nchcieliby nam zaszkodzi\u0107, stan\u0105 si\u0119 w r\u0119kach Boga narz\u0119dziem do<br \/>\nuczynienia okre\u015blonego dobra.<\/b><br \/>\nTak naprawd\u0119 mo\u017ce si\u0119 dzia\u0107 \u2013 i to nawet cz\u0119sto.\n<\/div>\n<div align=\"JUSTIFY\" style=\"margin-bottom: 0cm; text-indent: 1.24cm;\">\nWarunek<br \/>\njednak jest jeden: <b>musimy<br \/>\nszczerze zaufa\u0107 Panu i przesta\u0107 si\u0119 o wszystko martwi\u0107 na zapas!<\/b><\/div>\n","protected":false},"excerpt":{"rendered":"<p>Szcz\u0119\u015b\u0107 Bo\u017ce! Pozdrawiam serdecznie i od razu zapraszam do refleksji nad Bo\u017cym S\u0142owem. Tchnie ono dzisiaj szczeg\u00f3lnym optymizmem i &#8211; jak s\u0105dz\u0119 &#8211; stanowi cenn\u0105 odpowied\u017a na wiele naszych dylemat\u00f3w, kt\u00f3re codziennie prze\u017cywamy. &nbsp; &nbsp; &nbsp;Przy okazji &#8211; serdecznie dzi\u0119kuj\u0119 za wszystkie Wasze wypowiedzi! &nbsp; &nbsp; &nbsp; &nbsp; &nbsp; &nbsp; Gaudium et spes! &nbsp;Ks. Jacek [&hellip;]<\/p>\n","protected":false},"author":1,"featured_media":0,"comment_status":"open","ping_status":"open","sticky":false,"template":"","format":"standard","meta":{"jetpack_post_was_ever_published":false,"_jetpack_newsletter_access":"","_jetpack_dont_email_post_to_subs":false,"_jetpack_newsletter_tier_id":0,"_jetpack_memberships_contains_paywalled_content":false,"_jetpack_memberships_contains_paid_content":false,"footnotes":""},"categories":[1],"tags":[],"class_list":["post-9129","post","type-post","status-publish","format-standard","hentry","category-bez-kategorii"],"yoast_head":"<!-- This site is optimized with the Yoast SEO plugin v25.1 - https:\/\/yoast.com\/wordpress\/plugins\/seo\/ -->\n<title>Zaufa\u0107 Panu - i nie martwi\u0107 si\u0119 na zapas! - Gaudium Et Spes<\/title>\n<meta name=\"robots\" content=\"index, follow, max-snippet:-1, max-image-preview:large, max-video-preview:-1\" \/>\n<link rel=\"canonical\" href=\"https:\/\/gaudiumetspes-blog.pl\/index.php\/2013\/05\/10\/zaufac-panu-i-nie-martwic-sie-na-zapas\/\" \/>\n<meta property=\"og:locale\" content=\"pl_PL\" \/>\n<meta property=\"og:type\" content=\"article\" \/>\n<meta property=\"og:title\" content=\"Zaufa\u0107 Panu - i nie martwi\u0107 si\u0119 na zapas! - Gaudium Et Spes\" \/>\n<meta property=\"og:description\" content=\"Szcz\u0119\u015b\u0107 Bo\u017ce! Pozdrawiam serdecznie i od razu zapraszam do refleksji nad Bo\u017cym S\u0142owem. Tchnie ono dzisiaj szczeg\u00f3lnym optymizmem i &#8211; jak s\u0105dz\u0119 &#8211; stanowi cenn\u0105 odpowied\u017a na wiele naszych dylemat\u00f3w, kt\u00f3re codziennie prze\u017cywamy. &nbsp; &nbsp; &nbsp;Przy okazji &#8211; serdecznie dzi\u0119kuj\u0119 za wszystkie Wasze wypowiedzi! &nbsp; &nbsp; &nbsp; &nbsp; &nbsp; &nbsp; Gaudium et spes! &nbsp;Ks. Jacek [&hellip;]\" \/>\n<meta property=\"og:url\" content=\"https:\/\/gaudiumetspes-blog.pl\/index.php\/2013\/05\/10\/zaufac-panu-i-nie-martwic-sie-na-zapas\/\" \/>\n<meta property=\"og:site_name\" content=\"Gaudium Et Spes\" \/>\n<meta property=\"article:published_time\" content=\"2013-05-10T06:44:00+00:00\" \/>\n<meta property=\"article:modified_time\" content=\"2019-07-31T10:54:00+00:00\" \/>\n<meta name=\"author\" content=\"Ks. Jacek\" \/>\n<meta name=\"twitter:card\" content=\"summary_large_image\" \/>\n<meta name=\"twitter:label1\" content=\"Napisane przez\" \/>\n\t<meta name=\"twitter:data1\" content=\"Ks. Jacek\" \/>\n\t<meta name=\"twitter:label2\" content=\"Szacowany czas czytania\" \/>\n\t<meta name=\"twitter:data2\" content=\"7 minut\" \/>\n<script type=\"application\/ld+json\" class=\"yoast-schema-graph\">{\"@context\":\"https:\/\/schema.org\",\"@graph\":[{\"@type\":\"WebPage\",\"@id\":\"https:\/\/gaudiumetspes-blog.pl\/index.php\/2013\/05\/10\/zaufac-panu-i-nie-martwic-sie-na-zapas\/\",\"url\":\"https:\/\/gaudiumetspes-blog.pl\/index.php\/2013\/05\/10\/zaufac-panu-i-nie-martwic-sie-na-zapas\/\",\"name\":\"Zaufa\u0107 Panu - i nie martwi\u0107 si\u0119 na zapas! - Gaudium Et Spes\",\"isPartOf\":{\"@id\":\"https:\/\/gaudiumetspes-blog.pl\/#website\"},\"datePublished\":\"2013-05-10T06:44:00+00:00\",\"dateModified\":\"2019-07-31T10:54:00+00:00\",\"author\":{\"@id\":\"https:\/\/gaudiumetspes-blog.pl\/#\/schema\/person\/1661982992b752dea8dff0d4ed845a65\"},\"breadcrumb\":{\"@id\":\"https:\/\/gaudiumetspes-blog.pl\/index.php\/2013\/05\/10\/zaufac-panu-i-nie-martwic-sie-na-zapas\/#breadcrumb\"},\"inLanguage\":\"pl-PL\",\"potentialAction\":[{\"@type\":\"ReadAction\",\"target\":[\"https:\/\/gaudiumetspes-blog.pl\/index.php\/2013\/05\/10\/zaufac-panu-i-nie-martwic-sie-na-zapas\/\"]}]},{\"@type\":\"BreadcrumbList\",\"@id\":\"https:\/\/gaudiumetspes-blog.pl\/index.php\/2013\/05\/10\/zaufac-panu-i-nie-martwic-sie-na-zapas\/#breadcrumb\",\"itemListElement\":[{\"@type\":\"ListItem\",\"position\":1,\"name\":\"Strona g\u0142\u00f3wna\",\"item\":\"https:\/\/gaudiumetspes-blog.pl\/\"},{\"@type\":\"ListItem\",\"position\":2,\"name\":\"Zaufa\u0107 Panu &#8211; i&nbsp;nie&nbsp;martwi\u0107 si\u0119 na&nbsp;zapas!\"}]},{\"@type\":\"WebSite\",\"@id\":\"https:\/\/gaudiumetspes-blog.pl\/#website\",\"url\":\"https:\/\/gaudiumetspes-blog.pl\/\",\"name\":\"Gaudium Et Spes\",\"description\":\"Blog Ks. Jacka Ja\u015bkowskiego\",\"potentialAction\":[{\"@type\":\"SearchAction\",\"target\":{\"@type\":\"EntryPoint\",\"urlTemplate\":\"https:\/\/gaudiumetspes-blog.pl\/?s={search_term_string}\"},\"query-input\":{\"@type\":\"PropertyValueSpecification\",\"valueRequired\":true,\"valueName\":\"search_term_string\"}}],\"inLanguage\":\"pl-PL\"},{\"@type\":\"Person\",\"@id\":\"https:\/\/gaudiumetspes-blog.pl\/#\/schema\/person\/1661982992b752dea8dff0d4ed845a65\",\"name\":\"Ks. Jacek\",\"image\":{\"@type\":\"ImageObject\",\"inLanguage\":\"pl-PL\",\"@id\":\"https:\/\/gaudiumetspes-blog.pl\/#\/schema\/person\/image\/\",\"url\":\"https:\/\/gaudiumetspes-blog.pl\/wp-content\/uploads\/2019\/07\/avatar-JJ-150x150.jpg\",\"contentUrl\":\"https:\/\/gaudiumetspes-blog.pl\/wp-content\/uploads\/2019\/07\/avatar-JJ-150x150.jpg\",\"caption\":\"Ks. Jacek\"},\"description\":\"Witam serdecznie! K\u0142ania si\u0119 Ks. Jacek Ja\u015bkowski. Nie jestem ani kim\u015b wa\u017cnym, ani kim\u015b znanym. Jestem ksi\u0119dzem, kt\u00f3ry po prostu chce rozmawia\u0107. Codzienna kap\u0142a\u0144ska pos\u0142uga pokazuje mi, \u017ce temat\u00f3w do rozm\u00f3w z ksi\u0119dzem jest coraz wi\u0119cej i dzisiaj \u017caden ksi\u0105dz nie mo\u017ce od nich ucieka\u0107, ale - wprost przeciwnie - podejmowa\u0107 nowe wyzwania. To przekonanie sk\u0142oni\u0142o mnie do pr\u00f3by otwarcia tego\u017c bloga, chocia\u017c okazji do rozm\u00f3w na co dzie\u0144 - w konfesjonale i poza nim - na szcz\u0119\u015bcie nie brakuje. My\u015bl\u0119 jednak, \u017ce ten blog b\u0119dzie jeszcze jednym sposobem i przestrzeni\u0105 nawi\u0105zania kontaktu z lud\u017ami dobrej woli, otwartymi na dialog.\",\"url\":\"https:\/\/gaudiumetspes-blog.pl\/index.php\/author\/ks-jacek\/\"}]}<\/script>\n<!-- \/ Yoast SEO plugin. -->","yoast_head_json":{"title":"Zaufa\u0107 Panu - i nie martwi\u0107 si\u0119 na zapas! - Gaudium Et Spes","robots":{"index":"index","follow":"follow","max-snippet":"max-snippet:-1","max-image-preview":"max-image-preview:large","max-video-preview":"max-video-preview:-1"},"canonical":"https:\/\/gaudiumetspes-blog.pl\/index.php\/2013\/05\/10\/zaufac-panu-i-nie-martwic-sie-na-zapas\/","og_locale":"pl_PL","og_type":"article","og_title":"Zaufa\u0107 Panu - i nie martwi\u0107 si\u0119 na zapas! - Gaudium Et Spes","og_description":"Szcz\u0119\u015b\u0107 Bo\u017ce! Pozdrawiam serdecznie i od razu zapraszam do refleksji nad Bo\u017cym S\u0142owem. Tchnie ono dzisiaj szczeg\u00f3lnym optymizmem i &#8211; jak s\u0105dz\u0119 &#8211; stanowi cenn\u0105 odpowied\u017a na wiele naszych dylemat\u00f3w, kt\u00f3re codziennie prze\u017cywamy. &nbsp; &nbsp; &nbsp;Przy okazji &#8211; serdecznie dzi\u0119kuj\u0119 za wszystkie Wasze wypowiedzi! &nbsp; &nbsp; &nbsp; &nbsp; &nbsp; &nbsp; Gaudium et spes! &nbsp;Ks. Jacek [&hellip;]","og_url":"https:\/\/gaudiumetspes-blog.pl\/index.php\/2013\/05\/10\/zaufac-panu-i-nie-martwic-sie-na-zapas\/","og_site_name":"Gaudium Et Spes","article_published_time":"2013-05-10T06:44:00+00:00","article_modified_time":"2019-07-31T10:54:00+00:00","author":"Ks. Jacek","twitter_card":"summary_large_image","twitter_misc":{"Napisane przez":"Ks. Jacek","Szacowany czas czytania":"7 minut"},"schema":{"@context":"https:\/\/schema.org","@graph":[{"@type":"WebPage","@id":"https:\/\/gaudiumetspes-blog.pl\/index.php\/2013\/05\/10\/zaufac-panu-i-nie-martwic-sie-na-zapas\/","url":"https:\/\/gaudiumetspes-blog.pl\/index.php\/2013\/05\/10\/zaufac-panu-i-nie-martwic-sie-na-zapas\/","name":"Zaufa\u0107 Panu - i nie martwi\u0107 si\u0119 na zapas! - Gaudium Et Spes","isPartOf":{"@id":"https:\/\/gaudiumetspes-blog.pl\/#website"},"datePublished":"2013-05-10T06:44:00+00:00","dateModified":"2019-07-31T10:54:00+00:00","author":{"@id":"https:\/\/gaudiumetspes-blog.pl\/#\/schema\/person\/1661982992b752dea8dff0d4ed845a65"},"breadcrumb":{"@id":"https:\/\/gaudiumetspes-blog.pl\/index.php\/2013\/05\/10\/zaufac-panu-i-nie-martwic-sie-na-zapas\/#breadcrumb"},"inLanguage":"pl-PL","potentialAction":[{"@type":"ReadAction","target":["https:\/\/gaudiumetspes-blog.pl\/index.php\/2013\/05\/10\/zaufac-panu-i-nie-martwic-sie-na-zapas\/"]}]},{"@type":"BreadcrumbList","@id":"https:\/\/gaudiumetspes-blog.pl\/index.php\/2013\/05\/10\/zaufac-panu-i-nie-martwic-sie-na-zapas\/#breadcrumb","itemListElement":[{"@type":"ListItem","position":1,"name":"Strona g\u0142\u00f3wna","item":"https:\/\/gaudiumetspes-blog.pl\/"},{"@type":"ListItem","position":2,"name":"Zaufa\u0107 Panu &#8211; i&nbsp;nie&nbsp;martwi\u0107 si\u0119 na&nbsp;zapas!"}]},{"@type":"WebSite","@id":"https:\/\/gaudiumetspes-blog.pl\/#website","url":"https:\/\/gaudiumetspes-blog.pl\/","name":"Gaudium Et Spes","description":"Blog Ks. Jacka Ja\u015bkowskiego","potentialAction":[{"@type":"SearchAction","target":{"@type":"EntryPoint","urlTemplate":"https:\/\/gaudiumetspes-blog.pl\/?s={search_term_string}"},"query-input":{"@type":"PropertyValueSpecification","valueRequired":true,"valueName":"search_term_string"}}],"inLanguage":"pl-PL"},{"@type":"Person","@id":"https:\/\/gaudiumetspes-blog.pl\/#\/schema\/person\/1661982992b752dea8dff0d4ed845a65","name":"Ks. Jacek","image":{"@type":"ImageObject","inLanguage":"pl-PL","@id":"https:\/\/gaudiumetspes-blog.pl\/#\/schema\/person\/image\/","url":"https:\/\/gaudiumetspes-blog.pl\/wp-content\/uploads\/2019\/07\/avatar-JJ-150x150.jpg","contentUrl":"https:\/\/gaudiumetspes-blog.pl\/wp-content\/uploads\/2019\/07\/avatar-JJ-150x150.jpg","caption":"Ks. Jacek"},"description":"Witam serdecznie! K\u0142ania si\u0119 Ks. Jacek Ja\u015bkowski. Nie jestem ani kim\u015b wa\u017cnym, ani kim\u015b znanym. Jestem ksi\u0119dzem, kt\u00f3ry po prostu chce rozmawia\u0107. Codzienna kap\u0142a\u0144ska pos\u0142uga pokazuje mi, \u017ce temat\u00f3w do rozm\u00f3w z ksi\u0119dzem jest coraz wi\u0119cej i dzisiaj \u017caden ksi\u0105dz nie mo\u017ce od nich ucieka\u0107, ale - wprost przeciwnie - podejmowa\u0107 nowe wyzwania. To przekonanie sk\u0142oni\u0142o mnie do pr\u00f3by otwarcia tego\u017c bloga, chocia\u017c okazji do rozm\u00f3w na co dzie\u0144 - w konfesjonale i poza nim - na szcz\u0119\u015bcie nie brakuje. My\u015bl\u0119 jednak, \u017ce ten blog b\u0119dzie jeszcze jednym sposobem i przestrzeni\u0105 nawi\u0105zania kontaktu z lud\u017ami dobrej woli, otwartymi na dialog.","url":"https:\/\/gaudiumetspes-blog.pl\/index.php\/author\/ks-jacek\/"}]}},"jetpack_featured_media_url":"","jetpack_sharing_enabled":true,"_links":{"self":[{"href":"https:\/\/gaudiumetspes-blog.pl\/index.php\/wp-json\/wp\/v2\/posts\/9129","targetHints":{"allow":["GET"]}}],"collection":[{"href":"https:\/\/gaudiumetspes-blog.pl\/index.php\/wp-json\/wp\/v2\/posts"}],"about":[{"href":"https:\/\/gaudiumetspes-blog.pl\/index.php\/wp-json\/wp\/v2\/types\/post"}],"author":[{"embeddable":true,"href":"https:\/\/gaudiumetspes-blog.pl\/index.php\/wp-json\/wp\/v2\/users\/1"}],"replies":[{"embeddable":true,"href":"https:\/\/gaudiumetspes-blog.pl\/index.php\/wp-json\/wp\/v2\/comments?post=9129"}],"version-history":[{"count":1,"href":"https:\/\/gaudiumetspes-blog.pl\/index.php\/wp-json\/wp\/v2\/posts\/9129\/revisions"}],"predecessor-version":[{"id":11063,"href":"https:\/\/gaudiumetspes-blog.pl\/index.php\/wp-json\/wp\/v2\/posts\/9129\/revisions\/11063"}],"wp:attachment":[{"href":"https:\/\/gaudiumetspes-blog.pl\/index.php\/wp-json\/wp\/v2\/media?parent=9129"}],"wp:term":[{"taxonomy":"category","embeddable":true,"href":"https:\/\/gaudiumetspes-blog.pl\/index.php\/wp-json\/wp\/v2\/categories?post=9129"},{"taxonomy":"post_tag","embeddable":true,"href":"https:\/\/gaudiumetspes-blog.pl\/index.php\/wp-json\/wp\/v2\/tags?post=9129"}],"curies":[{"name":"wp","href":"https:\/\/api.w.org\/{rel}","templated":true}]}}