{"id":9135,"date":"2013-05-04T05:51:00","date_gmt":"2013-05-04T03:51:00","guid":{"rendered":"https:\/\/gaudiumetspes-blog.pl\/index.php\/2013\/05\/04\/najlepiej-jest-tak-jak-obmysli-jezus\/"},"modified":"2019-07-31T12:53:59","modified_gmt":"2019-07-31T10:53:59","slug":"najlepiej-jest-tak-jak-obmysli-jezus","status":"publish","type":"post","link":"https:\/\/gaudiumetspes-blog.pl\/index.php\/2013\/05\/04\/najlepiej-jest-tak-jak-obmysli-jezus\/","title":{"rendered":"Najlepiej jest tak, jak obmy\u015bli\u0142 Jezus!"},"content":{"rendered":"<p><\/p>\n<div align=\"JUSTIFY\" style=\"margin-bottom: 0cm;\">\nSzcz\u0119\u015b\u0107 Bo\u017ce! Ale nam si\u0119 pogoda trafi\u0142a na maj\u00f3wk\u0119! My\u015bl\u0119 jednak, \u017ce nie zabraknie nam wewn\u0119trznej pogody ducha! Dzisiaj wspomnienie odwa\u017cnego \u015awi\u0119tego z pierwszych wiek\u00f3w, a jednocze\u015bnie &#8211; pierwsza sobota miesi\u0105ca. Kochani, nigdy nie mo\u017cemy zapomnie\u0107, \u017ce poza tym, co dzieje si\u0119 w naszym \u017cyciu, pomimo takich czy innych trudno\u015bci, niepowodze\u0144, czy utrudnie\u0144 tu na ziemi, jest jeszcze nad nami Niebo, a tam &#8211; tak wielka duchowa pomoc! \u017beby jednak mog\u0142a by\u0107 ona skuteczn\u0105 trzeba, \u017ceby to Niebo &#8211; by\u0142o w nas&#8230;&nbsp;<\/div>\n<div align=\"JUSTIFY\" style=\"margin-bottom: 0cm;\">\n&nbsp; &nbsp; Zatem, u\u015bmiechnijmy si\u0119 &#8211; nawet do tych ci\u0119\u017ckich chmur, kt\u00f3re w tych dniach wisz\u0105 nad naszymi g\u0142owami!<\/div>\n<div align=\"JUSTIFY\" style=\"margin-bottom: 0cm;\">\n&nbsp; &nbsp; &nbsp; &nbsp; &nbsp; &nbsp; Gaudium et spes! &nbsp;Ks. Jacek<\/div>\n<div align=\"JUSTIFY\" style=\"margin-bottom: 0cm;\">\n<b><br \/><\/b><\/div>\n<div align=\"JUSTIFY\" style=\"margin-bottom: 0cm;\">\n<b>Wspomnienie<br \/>\n\u015awi\u0119tego Floriana, M\u0119czennika,<\/b><\/div>\n<div align=\"JUSTIFY\" style=\"margin-bottom: 0cm;\">\n<b>do<br \/>\nczyta\u0144:  Dz 16,1\u201310;  J 15,18\u201321<\/b><\/div>\n<div align=\"JUSTIFY\" style=\"margin-bottom: 0cm;\">\n\n<\/div>\n<div align=\"JUSTIFY\" style=\"margin-bottom: 0cm; page-break-before: auto;\">\n<b>CZYTANIE<br \/>\nZ DZIEJ\u00d3W APOSTOLSKICH: <\/b>\n<\/div>\n<div align=\"JUSTIFY\" style=\"margin-bottom: 0cm; text-indent: 1.24cm;\">\n<b>Pawe\u0142<br \/>\nprzyby\u0142 tak\u017ce do Derbe i Listry. By\u0142 tam pewien ucze\u0144 imieniem<br \/>\nTymoteusz, syn wierz\u0105cej \u017byd\u00f3wki i ojca Greka. Bracia z Listry<br \/>\ndawali o nim dobre \u015bwiadectwo. Pawe\u0142 postanowi\u0142 zabra\u0107 go z sob\u0105<br \/>\nw podr\u00f3\u017c. Obrzeza\u0142 go jednak ze wzgl\u0119du na \u017byd\u00f3w, kt\u00f3rzy<br \/>\nmieszkali w tamtejszych stronach. Wszyscy bowiem wiedzieli, \u017ce<br \/>\nojciec jego by\u0142 Grekiem. <\/b>\n<\/div>\n<div align=\"JUSTIFY\" style=\"margin-bottom: 0cm; text-indent: 1.24cm;\">\n<b>Kiedy<br \/>\nprzechodzili przez miasta, nakazywali im przestrzega\u0107 postanowie\u0144<br \/>\npowzi\u0119tych w Jerozolimie przez aposto\u0142\u00f3w i starszych. Tak wi\u0119c<br \/>\nutwierdza\u0142y si\u0119 Ko\u015bcio\u0142y w wierze i z dnia na dzie\u0144 ros\u0142y w<br \/>\nliczb\u0119. Przeszli Frygi\u0119 i krain\u0119 galack\u0105, poniewa\u017c Duch \u015awi\u0119ty<br \/>\nzabroni\u0142 im g\u0142osi\u0107 s\u0142owo w Azji. Przybywszy do Myzji, pr\u00f3bowali<br \/>\nprzej\u015b\u0107 do Bitynii, ale Duch Jezusa nie pozwoli\u0142 im, przeszli wi\u0119c<br \/>\nMyzj\u0119 i zeszli do Troady. <\/b>\n<\/div>\n<div align=\"JUSTIFY\" style=\"margin-bottom: 0cm; text-indent: 1.24cm;\">\n<b>W<br \/>\nnocy mia\u0142 Pawe\u0142 widzenie: jaki\u015b Macedo\u0144czyk stan\u0105\u0142 przed nim i<br \/>\nb\u0142aga\u0142 go s\u0142owami: \u201ePrzepraw si\u0119 do Macedonii i pom\u00f3\u017c nam!\u201d<br \/>\nZaraz po tym widzeniu starali\u015bmy si\u0119 wyruszy\u0107 do Macedonii w<br \/>\nprzekonaniu, \u017ce B\u00f3g nas wezwa\u0142, aby\u015bmy g\u0142osili im Ewangeli\u0119.<\/b><\/div>\n<div align=\"JUSTIFY\" style=\"margin-bottom: 0cm;\">\n\n<\/div>\n<div align=\"JUSTIFY\" style=\"margin-bottom: 0cm;\">\n<b>S\u0141OWA<br \/>\nEWANGELII WED\u0141UG \u015aWI\u0118TEGO JANA: <\/b>\n<\/div>\n<div align=\"JUSTIFY\" style=\"margin-bottom: 0cm; text-indent: 1.24cm;\">\n<b>Jezus<br \/>\npowiedzia\u0142 do swoich uczni\u00f3w: \u201eJe\u017celi was \u015bwiat nienawidzi,<br \/>\nwiedzcie, \u017ce Mnie pierwej znienawidzi\u0142. Gdyby\u015bcie byli ze \u015bwiata,<br \/>\n\u015bwiat by was mi\u0142owa\u0142 jako swoj\u0105 w\u0142asno\u015b\u0107. Ale poniewa\u017c nie<br \/>\njeste\u015bcie ze \u015bwiata, bo Ja was wybra\u0142em sobie ze \u015bwiata, dlatego<br \/>\nwas \u015bwiat nienawidzi. <\/b>\n<\/div>\n<div align=\"JUSTIFY\" style=\"margin-bottom: 0cm; text-indent: 1.24cm;\">\n<b>Pami\u0119tajcie<br \/>\nna s\u0142owo, kt\u00f3re do was powiedzia\u0142em: \u00abS\u0142uga nie jest wi\u0119kszy od<br \/>\nswego pana\u00bb. Je\u017celi Mnie prze\u015bladowali, to i was b\u0119d\u0105<br \/>\nprze\u015bladowa\u0107. Je\u017celi moje s\u0142owo zachowali, to i wasze b\u0119d\u0105<br \/>\nzachowywa\u0107. Ale to wszystko wam b\u0119d\u0105 czyni\u0107 z powodu mego<br \/>\nimienia, bo nie znaj\u0105 Tego, kt\u00f3ry Mnie pos\u0142a\u0142\u201d.<\/b><\/div>\n<div align=\"JUSTIFY\" style=\"margin-bottom: 0cm;\">\n\n<\/div>\n<div align=\"JUSTIFY\" style=\"margin-bottom: 0cm; page-break-before: auto; text-indent: 1.24cm;\">\nPatron<br \/>\ndnia dzisiejszego, <b>Florian,<br \/>\nby\u0142 \u017co\u0142nierzem za czas\u00f3w cesarza Dioklecjana.<\/b><br \/>\nUm\u0119czony za wiar\u0119, zosta\u0142 <b>utopiony<br \/>\nw rzece Aneso w roku 304. <\/b>Pod<br \/>\nkoniec XII wieku sprowadzono jego relikwie do Krakowa. Stra\u017cacy i<br \/>\nhutnicy czcz\u0105 go jako swojego patrona.\n<\/div>\n<div align=\"JUSTIFY\" style=\"margin-bottom: 0cm; text-indent: 1.24cm;\">\nA<br \/>\nw Ewangelii dzisiejszej Jezus m\u00f3wi: <i><b>Je\u017celi<br \/>\nwas \u015bwiat nienawidzi, wiedzcie, \u017ce Mnie pierwej znienawidzi\u0142.<br \/>\nGdyby\u015bcie byli ze \u015bwiata, \u015bwiat by was mi\u0142owa\u0142 jako swoj\u0105<br \/>\nw\u0142asno\u015b\u0107. Ale poniewa\u017c nie jeste\u015bcie ze \u015bwiata, bo Ja was<br \/>\nwybra\u0142em sobie ze \u015bwiata, dlatego was \u015bwiat nienawidzi<\/b><\/i><b>.<br \/>\n<\/b><b>[\u2026]<br \/>\n<\/b><i><b>Ale to<br \/>\nwszystko wam b\u0119d\u0105 czyni\u0107 z powodu mego imienia, bo nie znaj\u0105<br \/>\nTego, kt\u00f3ry Mnie pos\u0142a\u0142<\/b><\/i><b>.<br \/>\n<\/b>\n<\/div>\n<div align=\"JUSTIFY\" style=\"margin-bottom: 0cm; text-indent: 1.24cm;\">\nCi,<br \/>\nkt\u00f3rych Pan \u2013 jak sam to okre\u015bli\u0142 \u2013 wybra\u0142 sobie ze \u015bwiata,<br \/>\npo Jego Wniebowst\u0105pieniu, pod <b>\u015bcis\u0142ym<br \/>\nkierownictwem Jego Ducha dokonywali wielkich rzeczy w m\u0142odym<br \/>\nKo\u015bciele.<\/b><br \/>\nJu\u017c zwracali\u015bmy sobie kilkakro\u0107 uwag\u0119 na to <b>wyra\u017ane<\/b><b><br \/>\nkierownictwo Ducha,<\/b><br \/>\nkt\u00f3ry podejmowa\u0142 decyzj\u0119 co do poszczeg\u00f3lnych dzia\u0142a\u0144<br \/>\nAposto\u0142\u00f3w, a oni <b>post\u0119powali<br \/>\nzgodnie z tym, co Duch \u015awi\u0119ty postanowi\u0142.<\/b><br \/>\nTak te\u017c jest \u2013 jak s\u0142yszmy \u2013 dzisiaj.\n<\/div>\n<div align=\"JUSTIFY\" style=\"margin-bottom: 0cm; text-indent: 1.24cm;\">\nW\u015br\u00f3d<br \/>\nr\u00f3\u017cnych wskaza\u0144 i polece\u0144, s\u0142yszymy tak\u017ce <b>dwa<br \/>\nzakazy g\u0142oszenia S\u0142owa w r\u00f3\u017cnych miejscach.<\/b><br \/>\nTemu te\u017c Aposto\u0142owie okazali pos\u0142usze\u0144stwo. Je\u017celi bowiem<br \/>\nchcieli realizowa\u0107 dzie\u0142o Bo\u017ce, musieli to czyni\u0107 zgodnie z wol\u0105<br \/>\nBo\u017c\u0105. Inaczej \u2013 by\u0142oby to <b>dzie\u0142o<br \/>\nw\u0142asne, prywatne, <\/b><b>czysto<br \/>\nludzkie<\/b><b>\u2026<br \/>\n<\/b>\n<\/div>\n<div align=\"JUSTIFY\" style=\"margin-bottom: 0cm; text-indent: 1.24cm;\">\nPos\u0142usze\u0144stwo<br \/>\nwoli Bo\u017cej i Bo\u017cemu prowadzeniu nie tylko przyczynia si\u0119 do<br \/>\nskuteczno\u015bci<br \/>\nmisji apostolskiej, ale jest te\u017c<b><br \/>\nzabezpieczeniem przed mo\u017cliwo\u015bci\u0105 pob\u0142\u0105dzenia. <\/b>A<br \/>\nz ca\u0142\u0105 pewno\u015bci\u0105 tak\u017ce \u2013 jest <b>warunkiem<br \/>\nwytrwania przy Jezusie pomimo przeciwno\u015bci, a nawet prze\u015bladowa\u0144.<\/b><br \/>\nBardzo jasno potwierdza to \u017cycie i m\u0119cze\u0144stwo Aposto\u0142\u00f3w, ale<br \/>\ntak\u017ce m\u0119cze\u0144stwo dzisiejszego Patrona.<\/div>\n<div align=\"JUSTIFY\" style=\"margin-bottom: 0cm; text-indent: 1.24cm;\">\nPomimo<br \/>\nrozlicznych nam\u00f3w i propozycji nie zrezygnowa\u0142 on<br \/>\nz wiary w Chrystusa, a wr\u0119cz <b>jeszcze<br \/>\nodwa\u017cniej si\u0119 do niej przyznawa\u0142.<\/b><br \/>\nWymy\u015blne tortury r\u00f3wnie\u017c nie z\u0142ama\u0142y jego ducha. Dzisiaj jego<br \/>\n\u015bwiadectwo bardzo mocno przemawia <b>do<br \/>\nwiernych r\u00f3\u017cnych narodowo\u015bci, w tym tak\u017ce \u2013 do nas, Polak\u00f3w.<\/b><\/div>\n<div align=\"JUSTIFY\" style=\"margin-bottom: 0cm; text-indent: 1.24cm;\">\nKochani,<br \/>\njak wiele jest w stanie uczyni\u0107 cz\u0142owiek zjednoczony z Chrystusem!<br \/>\nJak wiele jest w stanie uczyni\u0107 cz\u0142owiek rozkochany w Chrystusie!<b><br \/>\nJak wiele jest w stanie uczyni\u0107 cz\u0142owiek pos\u0142uszny Chrystusowi!<br \/>\n<\/b>Pos\u0142uszny<br \/>\nw<br \/>\nodniesieniu<br \/>\ndo tego, <b>co<br \/>\nma robi\u0107,<\/b><br \/>\njak i co<br \/>\ndo<br \/>\ntego, <b>czego<br \/>\nczyni\u0107 nie powinien.<\/b><\/p>\n<\/div>\n<div align=\"JUSTIFY\" style=\"margin-bottom: 0cm; text-indent: 1.24cm;\">\nWola<br \/>\nBo\u017ca bowiem mo\u017ce mu nakaza\u0107 pewne dzia\u0142anie, <b>ale<br \/>\nte\u017c pewnych dzia\u0142a\u0144 mo\u017ce mu zabroni\u0107.<\/b><br \/>\nI to nawet takich dzia\u0142a\u0144, kt\u00f3re mog\u0142yby si\u0119 wydawa\u0107 dobrymi<br \/>\nlub potrzebnymi \u2013 mo\u017ce si\u0119 okaza\u0107, i\u017c<br \/>\nsplot wydarze\u0144 tak si\u0119 u\u0142o\u017cy, \u017ce <b>akurat<br \/>\nnie b\u0119dzie mo\u017cliwe spe\u0142nienie tego, co si\u0119 zamierzy\u0142o<\/b>.<br \/>\nZawsze wtedy trzeba zaufa\u0107 Panu i wype\u0142ni\u0107 to, co jest w danej<br \/>\nchwili mo\u017cliwe, a Pan ju\u017c sam poprowadzi wszystko.\n<\/div>\n<div align=\"JUSTIFY\" style=\"margin-bottom: 0cm; text-indent: 1.24cm;\">\nOto<br \/>\nbowiem ludzie, kt\u00f3rych Pan sobie wybra\u0142 ze \u015bwiata, <b>ufaj\u0105<br \/>\nMu w ca\u0142ej pe\u0142ni i nie boj\u0105 si\u0119 spe\u0142nia\u0107 dok\u0142adnie Jego woli<\/b><br \/>\n\u2013 nawet, je\u017celi wydawa\u0142o si\u0119 im, \u017ce sami wszystko obmy\u015blili i<br \/>\n\u017ce tak, jak wymy\u015blili, b\u0119dzie lepiej\u2026 <b>Na<br \/>\npewno nie b\u0119dzie! Bo najlepiej b\u0119dzie tak, jak obmy\u015bli\u0142 Jezus\u2026<\/b><\/div>\n","protected":false},"excerpt":{"rendered":"<p>Szcz\u0119\u015b\u0107 Bo\u017ce! Ale nam si\u0119 pogoda trafi\u0142a na maj\u00f3wk\u0119! My\u015bl\u0119 jednak, \u017ce nie zabraknie nam wewn\u0119trznej pogody ducha! Dzisiaj wspomnienie odwa\u017cnego \u015awi\u0119tego z pierwszych wiek\u00f3w, a jednocze\u015bnie &#8211; pierwsza sobota miesi\u0105ca. Kochani, nigdy nie mo\u017cemy zapomnie\u0107, \u017ce poza tym, co dzieje si\u0119 w naszym \u017cyciu, pomimo takich czy innych trudno\u015bci, niepowodze\u0144, czy utrudnie\u0144 tu na [&hellip;]<\/p>\n","protected":false},"author":1,"featured_media":0,"comment_status":"open","ping_status":"open","sticky":false,"template":"","format":"standard","meta":{"jetpack_post_was_ever_published":false,"_jetpack_newsletter_access":"","_jetpack_dont_email_post_to_subs":false,"_jetpack_newsletter_tier_id":0,"_jetpack_memberships_contains_paywalled_content":false,"_jetpack_memberships_contains_paid_content":false,"footnotes":""},"categories":[1],"tags":[],"class_list":["post-9135","post","type-post","status-publish","format-standard","hentry","category-bez-kategorii"],"yoast_head":"<!-- This site is optimized with the Yoast SEO plugin v25.1 - https:\/\/yoast.com\/wordpress\/plugins\/seo\/ -->\n<title>Najlepiej jest tak, jak obmy\u015bli\u0142 Jezus! - Gaudium Et Spes<\/title>\n<meta name=\"robots\" content=\"index, follow, max-snippet:-1, max-image-preview:large, max-video-preview:-1\" \/>\n<link rel=\"canonical\" href=\"https:\/\/gaudiumetspes-blog.pl\/index.php\/2013\/05\/04\/najlepiej-jest-tak-jak-obmysli-jezus\/\" \/>\n<meta property=\"og:locale\" content=\"pl_PL\" \/>\n<meta property=\"og:type\" content=\"article\" \/>\n<meta property=\"og:title\" content=\"Najlepiej jest tak, jak obmy\u015bli\u0142 Jezus! - Gaudium Et Spes\" \/>\n<meta property=\"og:description\" content=\"Szcz\u0119\u015b\u0107 Bo\u017ce! Ale nam si\u0119 pogoda trafi\u0142a na maj\u00f3wk\u0119! My\u015bl\u0119 jednak, \u017ce nie zabraknie nam wewn\u0119trznej pogody ducha! Dzisiaj wspomnienie odwa\u017cnego \u015awi\u0119tego z pierwszych wiek\u00f3w, a jednocze\u015bnie &#8211; pierwsza sobota miesi\u0105ca. Kochani, nigdy nie mo\u017cemy zapomnie\u0107, \u017ce poza tym, co dzieje si\u0119 w naszym \u017cyciu, pomimo takich czy innych trudno\u015bci, niepowodze\u0144, czy utrudnie\u0144 tu na [&hellip;]\" \/>\n<meta property=\"og:url\" content=\"https:\/\/gaudiumetspes-blog.pl\/index.php\/2013\/05\/04\/najlepiej-jest-tak-jak-obmysli-jezus\/\" \/>\n<meta property=\"og:site_name\" content=\"Gaudium Et Spes\" \/>\n<meta property=\"article:published_time\" content=\"2013-05-04T03:51:00+00:00\" \/>\n<meta property=\"article:modified_time\" content=\"2019-07-31T10:53:59+00:00\" \/>\n<meta name=\"author\" content=\"Ks. Jacek\" \/>\n<meta name=\"twitter:card\" content=\"summary_large_image\" \/>\n<meta name=\"twitter:label1\" content=\"Napisane przez\" \/>\n\t<meta name=\"twitter:data1\" content=\"Ks. Jacek\" \/>\n\t<meta name=\"twitter:label2\" content=\"Szacowany czas czytania\" \/>\n\t<meta name=\"twitter:data2\" content=\"5 minut\" \/>\n<script type=\"application\/ld+json\" class=\"yoast-schema-graph\">{\"@context\":\"https:\/\/schema.org\",\"@graph\":[{\"@type\":\"WebPage\",\"@id\":\"https:\/\/gaudiumetspes-blog.pl\/index.php\/2013\/05\/04\/najlepiej-jest-tak-jak-obmysli-jezus\/\",\"url\":\"https:\/\/gaudiumetspes-blog.pl\/index.php\/2013\/05\/04\/najlepiej-jest-tak-jak-obmysli-jezus\/\",\"name\":\"Najlepiej jest tak, jak obmy\u015bli\u0142 Jezus! - Gaudium Et Spes\",\"isPartOf\":{\"@id\":\"https:\/\/gaudiumetspes-blog.pl\/#website\"},\"datePublished\":\"2013-05-04T03:51:00+00:00\",\"dateModified\":\"2019-07-31T10:53:59+00:00\",\"author\":{\"@id\":\"https:\/\/gaudiumetspes-blog.pl\/#\/schema\/person\/1661982992b752dea8dff0d4ed845a65\"},\"breadcrumb\":{\"@id\":\"https:\/\/gaudiumetspes-blog.pl\/index.php\/2013\/05\/04\/najlepiej-jest-tak-jak-obmysli-jezus\/#breadcrumb\"},\"inLanguage\":\"pl-PL\",\"potentialAction\":[{\"@type\":\"ReadAction\",\"target\":[\"https:\/\/gaudiumetspes-blog.pl\/index.php\/2013\/05\/04\/najlepiej-jest-tak-jak-obmysli-jezus\/\"]}]},{\"@type\":\"BreadcrumbList\",\"@id\":\"https:\/\/gaudiumetspes-blog.pl\/index.php\/2013\/05\/04\/najlepiej-jest-tak-jak-obmysli-jezus\/#breadcrumb\",\"itemListElement\":[{\"@type\":\"ListItem\",\"position\":1,\"name\":\"Strona g\u0142\u00f3wna\",\"item\":\"https:\/\/gaudiumetspes-blog.pl\/\"},{\"@type\":\"ListItem\",\"position\":2,\"name\":\"Najlepiej jest tak, jak obmy\u015bli\u0142 Jezus!\"}]},{\"@type\":\"WebSite\",\"@id\":\"https:\/\/gaudiumetspes-blog.pl\/#website\",\"url\":\"https:\/\/gaudiumetspes-blog.pl\/\",\"name\":\"Gaudium Et Spes\",\"description\":\"Blog Ks. Jacka Ja\u015bkowskiego\",\"potentialAction\":[{\"@type\":\"SearchAction\",\"target\":{\"@type\":\"EntryPoint\",\"urlTemplate\":\"https:\/\/gaudiumetspes-blog.pl\/?s={search_term_string}\"},\"query-input\":{\"@type\":\"PropertyValueSpecification\",\"valueRequired\":true,\"valueName\":\"search_term_string\"}}],\"inLanguage\":\"pl-PL\"},{\"@type\":\"Person\",\"@id\":\"https:\/\/gaudiumetspes-blog.pl\/#\/schema\/person\/1661982992b752dea8dff0d4ed845a65\",\"name\":\"Ks. Jacek\",\"image\":{\"@type\":\"ImageObject\",\"inLanguage\":\"pl-PL\",\"@id\":\"https:\/\/gaudiumetspes-blog.pl\/#\/schema\/person\/image\/\",\"url\":\"https:\/\/gaudiumetspes-blog.pl\/wp-content\/uploads\/2019\/07\/avatar-JJ-150x150.jpg\",\"contentUrl\":\"https:\/\/gaudiumetspes-blog.pl\/wp-content\/uploads\/2019\/07\/avatar-JJ-150x150.jpg\",\"caption\":\"Ks. Jacek\"},\"description\":\"Witam serdecznie! K\u0142ania si\u0119 Ks. Jacek Ja\u015bkowski. Nie jestem ani kim\u015b wa\u017cnym, ani kim\u015b znanym. Jestem ksi\u0119dzem, kt\u00f3ry po prostu chce rozmawia\u0107. Codzienna kap\u0142a\u0144ska pos\u0142uga pokazuje mi, \u017ce temat\u00f3w do rozm\u00f3w z ksi\u0119dzem jest coraz wi\u0119cej i dzisiaj \u017caden ksi\u0105dz nie mo\u017ce od nich ucieka\u0107, ale - wprost przeciwnie - podejmowa\u0107 nowe wyzwania. To przekonanie sk\u0142oni\u0142o mnie do pr\u00f3by otwarcia tego\u017c bloga, chocia\u017c okazji do rozm\u00f3w na co dzie\u0144 - w konfesjonale i poza nim - na szcz\u0119\u015bcie nie brakuje. My\u015bl\u0119 jednak, \u017ce ten blog b\u0119dzie jeszcze jednym sposobem i przestrzeni\u0105 nawi\u0105zania kontaktu z lud\u017ami dobrej woli, otwartymi na dialog.\",\"url\":\"https:\/\/gaudiumetspes-blog.pl\/index.php\/author\/ks-jacek\/\"}]}<\/script>\n<!-- \/ Yoast SEO plugin. -->","yoast_head_json":{"title":"Najlepiej jest tak, jak obmy\u015bli\u0142 Jezus! - Gaudium Et Spes","robots":{"index":"index","follow":"follow","max-snippet":"max-snippet:-1","max-image-preview":"max-image-preview:large","max-video-preview":"max-video-preview:-1"},"canonical":"https:\/\/gaudiumetspes-blog.pl\/index.php\/2013\/05\/04\/najlepiej-jest-tak-jak-obmysli-jezus\/","og_locale":"pl_PL","og_type":"article","og_title":"Najlepiej jest tak, jak obmy\u015bli\u0142 Jezus! - Gaudium Et Spes","og_description":"Szcz\u0119\u015b\u0107 Bo\u017ce! Ale nam si\u0119 pogoda trafi\u0142a na maj\u00f3wk\u0119! My\u015bl\u0119 jednak, \u017ce nie zabraknie nam wewn\u0119trznej pogody ducha! Dzisiaj wspomnienie odwa\u017cnego \u015awi\u0119tego z pierwszych wiek\u00f3w, a jednocze\u015bnie &#8211; pierwsza sobota miesi\u0105ca. Kochani, nigdy nie mo\u017cemy zapomnie\u0107, \u017ce poza tym, co dzieje si\u0119 w naszym \u017cyciu, pomimo takich czy innych trudno\u015bci, niepowodze\u0144, czy utrudnie\u0144 tu na [&hellip;]","og_url":"https:\/\/gaudiumetspes-blog.pl\/index.php\/2013\/05\/04\/najlepiej-jest-tak-jak-obmysli-jezus\/","og_site_name":"Gaudium Et Spes","article_published_time":"2013-05-04T03:51:00+00:00","article_modified_time":"2019-07-31T10:53:59+00:00","author":"Ks. Jacek","twitter_card":"summary_large_image","twitter_misc":{"Napisane przez":"Ks. Jacek","Szacowany czas czytania":"5 minut"},"schema":{"@context":"https:\/\/schema.org","@graph":[{"@type":"WebPage","@id":"https:\/\/gaudiumetspes-blog.pl\/index.php\/2013\/05\/04\/najlepiej-jest-tak-jak-obmysli-jezus\/","url":"https:\/\/gaudiumetspes-blog.pl\/index.php\/2013\/05\/04\/najlepiej-jest-tak-jak-obmysli-jezus\/","name":"Najlepiej jest tak, jak obmy\u015bli\u0142 Jezus! - Gaudium Et Spes","isPartOf":{"@id":"https:\/\/gaudiumetspes-blog.pl\/#website"},"datePublished":"2013-05-04T03:51:00+00:00","dateModified":"2019-07-31T10:53:59+00:00","author":{"@id":"https:\/\/gaudiumetspes-blog.pl\/#\/schema\/person\/1661982992b752dea8dff0d4ed845a65"},"breadcrumb":{"@id":"https:\/\/gaudiumetspes-blog.pl\/index.php\/2013\/05\/04\/najlepiej-jest-tak-jak-obmysli-jezus\/#breadcrumb"},"inLanguage":"pl-PL","potentialAction":[{"@type":"ReadAction","target":["https:\/\/gaudiumetspes-blog.pl\/index.php\/2013\/05\/04\/najlepiej-jest-tak-jak-obmysli-jezus\/"]}]},{"@type":"BreadcrumbList","@id":"https:\/\/gaudiumetspes-blog.pl\/index.php\/2013\/05\/04\/najlepiej-jest-tak-jak-obmysli-jezus\/#breadcrumb","itemListElement":[{"@type":"ListItem","position":1,"name":"Strona g\u0142\u00f3wna","item":"https:\/\/gaudiumetspes-blog.pl\/"},{"@type":"ListItem","position":2,"name":"Najlepiej jest tak, jak obmy\u015bli\u0142 Jezus!"}]},{"@type":"WebSite","@id":"https:\/\/gaudiumetspes-blog.pl\/#website","url":"https:\/\/gaudiumetspes-blog.pl\/","name":"Gaudium Et Spes","description":"Blog Ks. Jacka Ja\u015bkowskiego","potentialAction":[{"@type":"SearchAction","target":{"@type":"EntryPoint","urlTemplate":"https:\/\/gaudiumetspes-blog.pl\/?s={search_term_string}"},"query-input":{"@type":"PropertyValueSpecification","valueRequired":true,"valueName":"search_term_string"}}],"inLanguage":"pl-PL"},{"@type":"Person","@id":"https:\/\/gaudiumetspes-blog.pl\/#\/schema\/person\/1661982992b752dea8dff0d4ed845a65","name":"Ks. Jacek","image":{"@type":"ImageObject","inLanguage":"pl-PL","@id":"https:\/\/gaudiumetspes-blog.pl\/#\/schema\/person\/image\/","url":"https:\/\/gaudiumetspes-blog.pl\/wp-content\/uploads\/2019\/07\/avatar-JJ-150x150.jpg","contentUrl":"https:\/\/gaudiumetspes-blog.pl\/wp-content\/uploads\/2019\/07\/avatar-JJ-150x150.jpg","caption":"Ks. Jacek"},"description":"Witam serdecznie! K\u0142ania si\u0119 Ks. Jacek Ja\u015bkowski. Nie jestem ani kim\u015b wa\u017cnym, ani kim\u015b znanym. Jestem ksi\u0119dzem, kt\u00f3ry po prostu chce rozmawia\u0107. Codzienna kap\u0142a\u0144ska pos\u0142uga pokazuje mi, \u017ce temat\u00f3w do rozm\u00f3w z ksi\u0119dzem jest coraz wi\u0119cej i dzisiaj \u017caden ksi\u0105dz nie mo\u017ce od nich ucieka\u0107, ale - wprost przeciwnie - podejmowa\u0107 nowe wyzwania. To przekonanie sk\u0142oni\u0142o mnie do pr\u00f3by otwarcia tego\u017c bloga, chocia\u017c okazji do rozm\u00f3w na co dzie\u0144 - w konfesjonale i poza nim - na szcz\u0119\u015bcie nie brakuje. My\u015bl\u0119 jednak, \u017ce ten blog b\u0119dzie jeszcze jednym sposobem i przestrzeni\u0105 nawi\u0105zania kontaktu z lud\u017ami dobrej woli, otwartymi na dialog.","url":"https:\/\/gaudiumetspes-blog.pl\/index.php\/author\/ks-jacek\/"}]}},"jetpack_featured_media_url":"","jetpack_sharing_enabled":true,"_links":{"self":[{"href":"https:\/\/gaudiumetspes-blog.pl\/index.php\/wp-json\/wp\/v2\/posts\/9135","targetHints":{"allow":["GET"]}}],"collection":[{"href":"https:\/\/gaudiumetspes-blog.pl\/index.php\/wp-json\/wp\/v2\/posts"}],"about":[{"href":"https:\/\/gaudiumetspes-blog.pl\/index.php\/wp-json\/wp\/v2\/types\/post"}],"author":[{"embeddable":true,"href":"https:\/\/gaudiumetspes-blog.pl\/index.php\/wp-json\/wp\/v2\/users\/1"}],"replies":[{"embeddable":true,"href":"https:\/\/gaudiumetspes-blog.pl\/index.php\/wp-json\/wp\/v2\/comments?post=9135"}],"version-history":[{"count":1,"href":"https:\/\/gaudiumetspes-blog.pl\/index.php\/wp-json\/wp\/v2\/posts\/9135\/revisions"}],"predecessor-version":[{"id":11057,"href":"https:\/\/gaudiumetspes-blog.pl\/index.php\/wp-json\/wp\/v2\/posts\/9135\/revisions\/11057"}],"wp:attachment":[{"href":"https:\/\/gaudiumetspes-blog.pl\/index.php\/wp-json\/wp\/v2\/media?parent=9135"}],"wp:term":[{"taxonomy":"category","embeddable":true,"href":"https:\/\/gaudiumetspes-blog.pl\/index.php\/wp-json\/wp\/v2\/categories?post=9135"},{"taxonomy":"post_tag","embeddable":true,"href":"https:\/\/gaudiumetspes-blog.pl\/index.php\/wp-json\/wp\/v2\/tags?post=9135"}],"curies":[{"name":"wp","href":"https:\/\/api.w.org\/{rel}","templated":true}]}}