{"id":9141,"date":"2013-04-28T04:43:00","date_gmt":"2013-04-28T02:43:00","guid":{"rendered":"https:\/\/gaudiumetspes-blog.pl\/index.php\/2013\/04\/28\/oto-czynie-wszystko-nowe\/"},"modified":"2019-07-31T12:53:59","modified_gmt":"2019-07-31T10:53:59","slug":"oto-czynie-wszystko-nowe","status":"publish","type":"post","link":"https:\/\/gaudiumetspes-blog.pl\/index.php\/2013\/04\/28\/oto-czynie-wszystko-nowe\/","title":{"rendered":"Oto czyni\u0119 wszystko nowe!"},"content":{"rendered":"<p><\/p>\n<div align=\"JUSTIFY\" style=\"margin-bottom: 0cm;\">\nNiech b\u0119dzie pochwalony Jezus Chrystus! Witam i pozdrawiam w Dniu Pa\u0144skim. Dzi\u015b ju\u017c 5 Niedziela Wielkanocy. Dzi\u0119kujemy Panu za dar Jego Zmartwychwstania. A jednocze\u015bnie wchodzimy w tydzie\u0144, w kt\u00f3rym b\u0119dziemy mieli nieco wolnego od pracy i nauki, natomiast prze\u017cywa\u0107 b\u0119dziemy wa\u017cne \u015bwi\u0119ta religijne i narodowe. Niech to b\u0119dzie dobry czas &#8211; czas nie tylko odpoczynku, ale i modlitwy. Modlitwy za Ojczyzn\u0119&#8230;<\/div>\n<div align=\"JUSTIFY\" style=\"margin-bottom: 0cm;\">\n&nbsp; &nbsp; &nbsp; Kochani, raz jeszcze prosz\u0119 o duchow\u0105 modlitewn\u0105 \u0142\u0105czno\u015b\u0107 o godzinie 20.00 oraz na modlitwie w og\u00f3le. Sam o takiej \u0142\u0105czno\u015bci zapewniam. Prosz\u0119 r\u00f3wnie\u017c o zagl\u0105danie do Wielkiej Ksi\u0119gi Intencji.<\/div>\n<div align=\"JUSTIFY\" style=\"margin-bottom: 0cm;\">\n&nbsp; &nbsp; &nbsp;Na pi\u0119kne i g\u0142\u0119bokie prze\u017cywanie Dnia Pa\u0144skiego posy\u0142am kap\u0142a\u0144skie b\u0142ogos\u0142awie\u0144stwo: <b>Niech Was b\u0142ogos\u0142awi B\u00f3g Wszechmog\u0105cy: Ojciec + i Syn, i Duch \u015awi\u0119ty. Amen<\/b><\/div>\n<div align=\"JUSTIFY\" style=\"margin-bottom: 0cm;\">\n&nbsp; &nbsp; &nbsp; &nbsp; &nbsp; &nbsp; &nbsp; Gaudium et spes! &nbsp;Ks. Jacek<\/div>\n<div align=\"JUSTIFY\" style=\"margin-bottom: 0cm;\">\n<\/div>\n<div align=\"JUSTIFY\" style=\"margin-bottom: 0cm;\">\n<b>5<br \/>\nNiedziela Wielkanocy, C,<\/b><\/div>\n<div align=\"JUSTIFY\" style=\"margin-bottom: 0cm;\">\n<b>do<br \/>\nczyta\u0144:  Dz 14,21\u201327;  Ap 21,1\u20135a;  J 13,31\u201333a.34\u201335<\/b><\/div>\n<div align=\"JUSTIFY\" style=\"margin-bottom: 0cm;\">\n<\/div>\n<div align=\"JUSTIFY\" style=\"margin-bottom: 0cm; page-break-before: auto;\">\n<b>CZYTANIE<br \/>\nZ DZIEJ\u00d3W APOSTOLSKICH: <\/b>\n<\/div>\n<div align=\"JUSTIFY\" style=\"margin-bottom: 0cm; text-indent: 1.22cm;\">\n<b>Pawe\u0142<br \/>\ni Barnaba wr\u00f3cili do Listry, do Ikonium i do Antiochii, umacniaj\u0105c<br \/>\ndusze uczni\u00f3w, zach\u0119caj\u0105c do wytrwania w wierze, bo przez wiele<br \/>\nucisk\u00f3w trzeba nam wej\u015b\u0107 do kr\u00f3lestwa Bo\u017cego. Kiedy w ka\u017cdym<br \/>\nKo\u015bciele w\u015br\u00f3d modlitw i post\u00f3w ustanowili im starszych, polecili<br \/>\nich Panu, w kt\u00f3rego uwierzyli. Potem przeszli przez Pizydi\u0119 i<br \/>\nprzybyli do Pamfilii. Nauczali w Perge, zeszli do Attalii, st\u0105d<br \/>\nodp\u0142yn\u0119li do Antiochii, gdzie za \u0142ask\u0105 Bo\u017c\u0105 zostali<br \/>\nprzeznaczeni do dzie\u0142a, kt\u00f3re wykonali. Kiedy przybyli i zebrali<br \/>\nmiejscowy Ko\u015bci\u00f3\u0142, opowiedzieli, jak wiele B\u00f3g przez nich<br \/>\nzdzia\u0142a\u0142 i jak otworzy\u0142 poganom podwoje wiary. <\/b>\n<\/div>\n<div align=\"JUSTIFY\" style=\"margin-bottom: 0cm;\">\n<\/div>\n<div align=\"JUSTIFY\" style=\"margin-bottom: 0cm;\">\n<b>CZYTANIE<br \/>\nZ KSI\u0118GI APOKALIPSY \u015aWI\u0118TEGO JANA APOSTO\u0141A: <\/b>\n<\/div>\n<div align=\"JUSTIFY\" style=\"margin-bottom: 0cm; text-indent: 1.24cm;\">\n<b>Ja,<br \/>\nJan, ujrza\u0142em niebo nowe i ziemi\u0119 now\u0105, bo pierwsze niebo i<br \/>\npierwsza ziemia przemin\u0119\u0142y i morza ju\u017c nie ma. I Miasto \u015awi\u0119te \u2013<br \/>\nJeruzalem Nowe ujrza\u0142em zst\u0119puj\u0105ce z nieba od Boga, przystrojone<br \/>\njak oblubienica zdobna w klejnoty dla swojego m\u0119\u017ca. I us\u0142ysza\u0142em<br \/>\ndono\u015bny g\u0142os m\u00f3wi\u0105cy od tronu: \u201eOto przybytek Boga z lud\u017ami: i<br \/>\nzamieszka wraz z nimi, i b\u0119d\u0105 oni Jego ludem, a On b\u0119dzie \u00abBogiem<br \/>\nz nimi\u00bb. I otrze z ich oczu wszelk\u0105 \u0142z\u0119, a \u015bmierci ju\u017c odt\u0105d<br \/>\nnie b\u0119dzie. Ani \u017ca\u0142oby, ni krzyku, ni trudu ju\u017c odt\u0105d nie<br \/>\nb\u0119dzie, bo pierwsze rzeczy przemin\u0119\u0142y\u201d. I rzek\u0142 Siedz\u0105cy na<br \/>\ntronie: \u201eOto czyni\u0119 wszystko nowe\u201d. <\/b>\n<\/div>\n<div align=\"JUSTIFY\" style=\"margin-bottom: 0cm;\">\n<\/div>\n<div align=\"JUSTIFY\" style=\"margin-bottom: 0cm;\">\n<b>S\u0141OWA<br \/>\nEWANGELII WED\u0141UG \u015aWI\u0118TEGO JANA: <\/b>\n<\/div>\n<div align=\"JUSTIFY\" style=\"margin-bottom: 0cm; text-indent: 1.24cm;\">\n<b>Po<br \/>\nwyj\u015bciu Judasza z wieczernika Jezus powiedzia\u0142: \u201eSyn Cz\u0142owieczy<br \/>\nzosta\u0142 teraz uwielbiony, a w Nim zosta\u0142 B\u00f3g uwielbiony. Je\u017celi<br \/>\nB\u00f3g zosta\u0142 w Nim uwielbiony, to B\u00f3g uwielbi Go tak\u017ce w sobie<br \/>\nsamym, i zaraz Go uwielbi. <\/b>\n<\/div>\n<div align=\"JUSTIFY\" style=\"margin-bottom: 0cm; text-indent: 1.24cm;\">\n<b>Dzieci,<br \/>\njeszcze kr\u00f3tko jestem z wami. B\u0119dziecie Mnie szuka\u0107, ale jak to<br \/>\n\u017bydom powiedzia\u0142em, tak i teraz wam m\u00f3wi\u0119, dok\u0105d Ja id\u0119, wy<br \/>\np\u00f3j\u015b\u0107 nie mo\u017cecie. <\/b>\n<\/div>\n<div align=\"JUSTIFY\" style=\"margin-bottom: 0cm; text-indent: 1.24cm;\">\n<b>Daj\u0119<br \/>\nwam przykazanie nowe, aby\u015bcie si\u0119 wzajemnie mi\u0142owali tak, jak Ja<br \/>\nwas umi\u0142owa\u0142em; \u017ceby\u015bcie i wy tak si\u0119 mi\u0142owali wzajemnie. Po<br \/>\ntym wszyscy poznaj\u0105, \u017ce\u015bcie uczniami moimi, je\u015bli b\u0119dziecie si\u0119<br \/>\nwzajemnie mi\u0142owali\u201d.<\/b><\/div>\n<div align=\"JUSTIFY\" style=\"margin-bottom: 0cm;\">\n<\/div>\n<div align=\"JUSTIFY\" style=\"margin-bottom: 0cm; page-break-before: auto; text-indent: 1.25cm;\">\nSzczeg\u00f3lnie<br \/>\nbrzmi\u0105 s\u0142owa Jezusa, zapisane w dzisiejszej Ewangelii, zwa\u017cywszy<br \/>\nna to, \u017ce zosta\u0142y one wypowiedziane <b>pomi\u0119dzy dwoma<br \/>\ndramatycznymi wydarzeniami:<\/b> chwil\u0119 wcze\u015bniej Jezus odkry\u0142<br \/>\nzamiar zdrady Judasza, a nied\u0142ugo powie Piotrowi, \u017ce ten trzy razy<br \/>\nsi\u0119 go wyprze. Oto dwaj uczniowie, Aposto\u0142owie, ludzie tak bardzo<br \/>\nblisko zwi\u0105zani z Jezusem, <b>oka\u017c\u0105 si\u0119 tymi, kt\u00f3rzy od swego<br \/>\nMistrza si\u0119 odwr\u00f3c\u0105<\/b>, kt\u00f3rzy swego Mistrza i Nauczyciela<br \/>\nzdradz\u0105, wydadz\u0105 wrogom, nie przyznaj\u0105 si\u0119 do Niego w bardzo<br \/>\ndecyduj\u0105cej chwili. Jak <b>szczeg\u00f3lnie<\/b> w takiej chwili brzmi<br \/>\nJezusowa zach\u0119ta do mi\u0142owania si\u0119 nawzajem\u2026<\/div>\n<div align=\"JUSTIFY\" style=\"margin-bottom: 0cm; text-indent: 1.25cm;\">\nJezus<br \/>\nukocha\u0142 swoich uczni\u00f3w \u2013 i wszystkich ludzi \u2013 tak bardzo, \u017ce<br \/>\nnie zawaha\u0142 si\u0119 odda\u0107 za nich \u017cycia. A oto dwaj uczniowie<br \/>\nodpowiadaj\u0105 na t\u0119 mi\u0142o\u015b\u0107 \u2013 <b>jeden strachem, drugi<br \/>\nprzebieg\u0142o\u015bci\u0105 i chytro\u015bci\u0105<\/b>, kt\u00f3ra ka\u017ce wyceni\u0107 przyja\u017a\u0144<br \/>\ni mi\u0142o\u015b\u0107 Mistrza tylko na trzydzie\u015bci n\u0119dznych srebrnik\u00f3w.<br \/>\nPomimo tego Jezus <b>m\u00f3wi o mi\u0142o\u015bci<\/b>, daje przyk\u0142ad mi\u0142o\u015bci,<br \/>\ndo mi\u0142o\u015bci zach\u0119ca. <b>Daje przykazanie nowe. Nowe \u2013 chocia\u017c<br \/>\ndobrze znane. <\/b>Ale znane by\u0142o ono w tej formie, \u017ce kaza\u0142o<br \/>\nmi\u0142owa\u0107 Boga i bli\u017aniego, jak siebie samego.\n<\/div>\n<div align=\"JUSTIFY\" style=\"margin-bottom: 0cm; text-indent: 1.25cm;\">\nJezus<br \/>\ndodaje jeszcze dzisiaj, \u017ce Jego uczniowie maj\u0105 <b>tak kocha\u0107, jak<br \/>\nOn sam kocha\u0142.<\/b> A zatem \u2013 ju\u017c nie tylko na spos\u00f3b czysto<br \/>\nludzki, a na spos\u00f3b Jezusowy. Nie da si\u0119 ukry\u0107, \u017ce takie<br \/>\npolecenie, \u017ce takie przykazanie jest czym\u015b zupe\u0142nie nowym i \u2013<br \/>\ntak po ludzku tylko patrz\u0105c \u2013 <b>o wiele trudniejszym!<\/b> Bo<br \/>\nkocha\u0107 tak jak inni \u2013 jeszcze jako\u015b si\u0119 da. Ale kocha\u0107 tak jak<br \/>\nJezus \u2013 to ju\u017c o wiele trudniej, bo to oznacza <b>ca\u0142ego siebie<br \/>\nda\u0107 w ofierze Bogu i drugiemu cz\u0142owiekowi.<\/b>\n<\/div>\n<div align=\"JUSTIFY\" style=\"margin-bottom: 0cm; text-indent: 1.25cm;\">\nOznacza<br \/>\nto r\u00f3wnie\u017c, \u017ce nasza mi\u0142o\u015b\u0107, dobro\u0107, \u017cyczliwo\u015b\u0107 \u2013 ma si\u0119<br \/>\nkszta\u0142towa\u0107 <b>na wz\u00f3r mi\u0142o\u015bci Jezusa:<\/b> Jego uczniowie tak<br \/>\nmaj\u0105 <b>przebacza\u0107<\/b>, jak Jezus przebacza\u0142; tak maj\u0105 <b>pomaga\u0107<\/b>,<br \/>\njak Jezus pomaga\u0142; tak maj\u0105 innych <b>s\u0142ucha\u0107 i stara\u0107 si\u0119<br \/>\nzrozumie\u0107<\/b>, jak ich Jezus s\u0142ucha\u0142 i jak ich rozumia\u0142.\n<\/div>\n<div align=\"JUSTIFY\" style=\"margin-bottom: 0cm; text-indent: 1.25cm;\">\nNie<br \/>\nwystarczy zatem tylko odpowiedzie\u0107 <b>dobrem na dobro<\/b>,<br \/>\n\u017cyczliwo\u015bci\u0105 na \u017cyczliwo\u015b\u0107 i jedynie tym pomaga\u0107, kt\u00f3rzy nam<br \/>\npomagaj\u0105; i tylko wobec tych zachowywa\u0107 \u017cyczliwo\u015b\u0107, kt\u00f3rzy<br \/>\nwobec nas tak\u0105 zachowuj\u0105. To za ma\u0142o! <b>Jezus ka\u017ce przekroczy\u0107<br \/>\nbariery i granice<\/b> \u2013 bariery swoich uprzedze\u0144, granice swojej<br \/>\ndora\u017anej wdzi\u0119czno\u015bci wobec innych, ka\u017ce <b>przekroczy\u0107 samego<br \/>\nsiebie<\/b> i da\u0107 wi\u0119cej, ani\u017celi tylko tyle, \u017ceby mi by\u0142o dobrze<br \/>\ni \u017cebym si\u0119 nikomu przypadkiem nie narazi\u0142.\n<\/div>\n<div align=\"JUSTIFY\" style=\"margin-bottom: 0cm; text-indent: 1.25cm;\">\nTego<br \/>\nwszystkiego uczy nas Jezus \u2013 Ten, kt\u00f3ry da\u0142 przykazanie nowe i<br \/>\nTen, kt\u00f3ry m\u00f3wi dzisiaj do Jana w widzeniu, zapisanym przez niego w<br \/>\nApokalipsie: <i><b>Oto czyni\u0119 wszystko nowe<\/b><\/i>. I Ten, kt\u00f3ry<br \/>\nukazuje Janowi <b>Jeruzalem Nowe<\/b>, a wi\u0119c Niebo, miejsce wiecznej<br \/>\nszcz\u0119\u015bliwo\u015bci zbawionych. I Ten, kt\u00f3ry m\u00f3wi, \u017ce <i><b>\u015bmierci<br \/>\nju\u017c odt\u0105d nie b\u0119dzie. Ani \u017ca\u0142oby, ni krzyku, ni trudu ju\u017c odt\u0105d<br \/>\nnie b\u0119dzie, bo pierwsze rzeczy przemin\u0119\u0142y.<\/b><\/i> <b>Jezus czyni<br \/>\nwszystko nowe. <\/b>\n<\/div>\n<div align=\"JUSTIFY\" style=\"margin-bottom: 0cm; text-indent: 1.25cm;\">\nDlatego<br \/>\nw\u0142a\u015bnie Ewangeli\u0119 nazywa si\u0119 Dobr\u0105 <b>Nowin\u0105, <\/b>a<br \/>\nmiejsce wiecznego przebywania zbawionych nazywa si\u0119 Jeruzalem <b>Nowym.<\/b><br \/>\nWej\u015b\u0107 do Niego mog\u0105 zatem tak\u017ce tylko ludzie odnowieni.\n<\/div>\n<div align=\"JUSTIFY\" style=\"margin-bottom: 0cm; text-indent: 1.25cm;\">\nKochani!<br \/>\nTo my mamy by\u0107 tymi <b>lud\u017ami odnowionymi<\/b>. Jezus nas dzisiaj<br \/>\nzach\u0119ca do takiego prze\u017cywania swojej wiary, aby ka\u017cdy z nas m\u00f3g\u0142<br \/>\nstwierdzi\u0107 o sobie: <b>\u201eOto czyni\u0119 wszystko nowe\u201d.<\/b> Oto<br \/>\nczyni\u0119 wszystko nowe w swoim \u017cyciu, oto <b>odnawiam swoje my\u015blenie<\/b><br \/>\ni ju\u017c nie b\u0119d\u0119 na wszystko patrzy\u0142 w taki sam, schematyczny<br \/>\nspos\u00f3b; ju\u017c nie b\u0119d\u0119 m\u00f3wi\u0142, \u017ce znam <b>rozwi\u0105zanie wszystkich<br \/>\nproblem\u00f3w \u015bwiata<\/b> i mam recept\u0119 na \u017cycie; \u017ce wiem wszystko,<br \/>\nco si\u0119 wok\u00f3\u0142 mnie dzieje, a m\u00f3j os\u0105d w tej sprawie jest<br \/>\nnieomylny.\n<\/div>\n<div align=\"JUSTIFY\" style=\"margin-bottom: 0cm; text-indent: 1.25cm;\">\nOto<br \/>\nczyni\u0119 wszystko nowe w swoim \u017cyciu, <b>oto odnawiam moje<br \/>\nodniesienie do drugiego cz\u0142owieka<\/b> i ju\u017c nie patrz\u0119 na niego<br \/>\njak na intruza, kt\u00f3ry staje mi na drodze i przeszkadza; ju\u017c nie<br \/>\npatrz\u0119 na niego z pogard\u0105 i politowaniem, ale dostrzegam w nim \u2013<br \/>\na przynajmniej pr\u00f3buj\u0119 dostrzega\u0107 \u2013 <b>kogo\u015b bliskiego<\/b><b>,<\/b><br \/>\nnade wszystko cz\u0142owieka, kt\u00f3ry te\u017c ma swoj\u0105 godno\u015b\u0107, swoje<br \/>\nzdanie i mo\u017ce mie\u0107 racj\u0119, a ja mog\u0119 jej akurat nie mie\u0107.<\/div>\n<div align=\"JUSTIFY\" style=\"margin-bottom: 0cm; text-indent: 1.25cm;\">\n<b>Oto<br \/>\nodnawiam moje odniesienie do Boga<\/b> i nie traktuj\u0119 Go tylko jako<br \/>\n\u201ez\u0142otej rybki\u201d do spe\u0142niania moich trzech \u2013 albo i wi\u0119cej \u2013<br \/>\n\u017cycze\u0144, potrzebnego tylko wtedy, gdy mam jakie\u015b zmartwienia i<br \/>\nbraki, ale odnosz\u0119 si\u0119 do Niego <b>jak do Ojca<\/b>, kt\u00f3rego kocham<br \/>\ni kt\u00f3rego s\u0142ucham, kt\u00f3rego wol\u0119 szanuj\u0119, z kt\u00f3rych si\u0119 chc\u0119 w<br \/>\npe\u0142ni zjednoczy\u0107.\n<\/div>\n<div align=\"JUSTIFY\" style=\"margin-bottom: 0cm; text-indent: 1.25cm;\">\n<b>Oto<br \/>\nodnawiam moje odniesienie do samego siebie<\/b> i zar\u00f3wno nie<br \/>\nprzeceniam swoich mo\u017cliwo\u015bci, nie uwa\u017cam siebie za centrum kosmosu<br \/>\ni wszech\u015bwiata, jak te\u017c nie <b>umniejszam dobra<\/b>, kt\u00f3rego B\u00f3g<br \/>\nwe mnie i przeze mnie dokonuje, potrafi\u0119 si\u0119 z niego cieszy\u0107 i za<br \/>\nnie Bogu dzi\u0119kowa\u0107, potrafi\u0119 je rozwija\u0107.\n<\/div>\n<div align=\"JUSTIFY\" style=\"margin-bottom: 0cm; text-indent: 1.25cm;\">\n<i><b>Oto<br \/>\nczyni\u0119 wszystko nowe<\/b><\/i> \u2013 m\u00f3wi Jezus. <b>\u201eOto czyni\u0119<br \/>\nwszystko nowe\u201d<\/b> \u2013 z ca\u0142\u0105 \u015bwiadomo\u015bci\u0105 powtarza za Jezusem<br \/>\nka\u017cdy <b>odwa\u017cny Jego ucze\u0144,<\/b> ka\u017cdy, kto nie boi si\u0119 zmian,<br \/>\nkto nie boi si\u0119 nowego spojrzenia, nowego stylu, nowego sposobu<br \/>\nbycia. Do\u015bwiadczenie \u017cyciowe uczy nas bowiem, \u017ce <b>potrzeba<br \/>\nodwagi do tego, aby podejmowa\u0107 nowe rozwi\u0105zania<\/b>. One nie<br \/>\nprzychodz\u0105 \u0142atwo.\n<\/div>\n<div align=\"JUSTIFY\" style=\"margin-bottom: 0cm; text-indent: 1.25cm;\">\nDowodnie<br \/>\nwskazuje nam na to Autor Dziej\u00f3w Apostolskich w dzisiejszym<br \/>\npierwszym czytaniu. Oto Pawe\u0142 i Barnaba wracaj\u0105 do Listry, do<br \/>\nIkonium i do Antiochii. A zatem <b>wracaj\u0105 <\/b><b>do tych miejsc<\/b><b>,<br \/>\n<\/b><b>w kt\u00f3rych<\/b><b> ju\u017c byli<\/b> i w kt\u00f3rych za\u0142o\u017cyli<br \/>\nWsp\u00f3lnoty Ko\u015bcio\u0142a. Okazuje si\u0119 jednak, i\u017c musz\u0105 tam si\u0119<br \/>\njeszcze pojawi\u0107, aby <b>podtrzyma\u0107 na duchu m\u0142ody Ko\u015bci\u00f3\u0142<\/b><b>,<\/b><br \/>\naby umocni\u0107 chrze\u015bcijan w wierze, aby im u\u015bwiadomi\u0107, a mo\u017ce<br \/>\nprzypomnie\u0107, \u017ce <i><b>przez wiele ucisk\u00f3w trzeba nam wej\u015b\u0107 do<br \/>\nKr\u00f3lestwa Bo\u017cego.<\/b><\/i><i> <\/i>Bardzo by\u0142a potrzebna obecno\u015b\u0107<br \/>\nAposto\u0142\u00f3w w tych m\u0142odych Wsp\u00f3lnotach. W\u0142a\u015bnie dlatego, \u017ce<br \/>\nwszystko by\u0142o <b>tak bardzo nowe, tak zupe\u0142nie inne<\/b>. W ich<br \/>\n\u017cyciu wszystko si\u0119 zmieni\u0142o. Stali si\u0119 uczniami i wyznawcami<br \/>\nniezwyk\u0142ego Nauczyciela.\n<\/div>\n<div align=\"JUSTIFY\" style=\"margin-bottom: 0cm; text-indent: 1.25cm;\">\nZ<br \/>\njednej strony \u2013 to <b>wielka rado\u015b\u0107 i zaszczyt, i zapa\u0142. <\/b>Z<br \/>\ndrugiej jednak strony \u2013 to pewne trudno\u015bci, zwi\u0105zane z now\u0105<br \/>\nsytuacj\u0105, pewne w\u0105tpliwo\u015bci i pytania. I nowe przeszkody, na<br \/>\ndrodze spotkane. Dlatego tak bardzo potrzebna by\u0142a obecno\u015b\u0107<br \/>\nAposto\u0142\u00f3w, <b>aby umocnili, aby podtrzymali na duchu.<\/b>\n<\/div>\n<div align=\"JUSTIFY\" style=\"margin-bottom: 0cm; text-indent: 1.25cm;\">\nI<br \/>\nnam potrzeba, aby\u015bmy jak <b>najintensywniej korzystali z pomocy<\/b><br \/>\ntych, kt\u00f3rzy g\u0142osz\u0105 nam Bo\u017ce Kr\u00f3lestwo i kt\u00f3rzy \u2013 poprzez<br \/>\nsprawowanie <b>Eucharystycznej Ofiary i szafowanie Sakrament\u00f3w<\/b> \u2013<br \/>\ndo tego Kr\u00f3lestwa nas zbli\u017caj\u0105, pomagaj\u0105 nam zobaczy\u0107 i<br \/>\nzapragn\u0105\u0107 tego, wspomnianego dzisiaj, Jeruzalem Nowego. Ale te\u017c<br \/>\npotrzeba, aby\u015bmy <b>byli dla siebie takimi aposto\u0142ami<\/b>, kt\u00f3rzy<br \/>\nb\u0119d\u0105 si\u0119 nawzajem umacniali w wierze i kt\u00f3rzy b\u0119d\u0105 sobie<br \/>\npomagali w prze\u0142amywaniu schemat\u00f3w. Tak u innych, <b>jak i u siebie<br \/>\n\u2013 chocia\u017c to ostatnie jest bez w\u0105tpienia najtrudniejsze.<\/b>\n<\/div>\n<div align=\"JUSTIFY\" style=\"margin-bottom: 0cm; text-indent: 1.25cm;\">\nTego<br \/>\ndzie\u0142a trzeba si\u0119 odwa\u017cnie podj\u0105\u0107, bo niemo\u017cliwe, aby Bramy<br \/>\nMiasta \u015awi\u0119tego \u2013 Jeruzalem Nowego \u2013 przekroczy\u0142 cz\u0142owiek,<br \/>\nkt\u00f3ry jest <b>zamkni\u0119ty w ciasnej skorupce swojego my\u015blenia<\/b> i<br \/>\nswojego ograniczonego spojrzenia. Potrzeba odnowy \u2013 odnowy<br \/>\nprawdziwej i odwa\u017cnej!\n<\/div>\n<div align=\"JUSTIFY\" style=\"margin-bottom: 0cm; text-indent: 1.25cm;\">\n<b>Kochani!<br \/>\nNie b\u00f3jmy si\u0119 nowych rozwi\u0105za\u0144, nie b\u00f3jmy si\u0119 nowych skojarze\u0144,<br \/>\nnowego spojrzenia!<\/b> Nie b\u00f3jmy si\u0119 my\u015bli dobrych, kt\u00f3rych do<br \/>\ntej pory nie odwa\u017cyli\u015bmy si\u0119 do siebie dopu\u015bci\u0107, nie b\u00f3jmy si\u0119<br \/>\n<b>spojrzenia na drugiego cz\u0142owieka<\/b> w spos\u00f3b, w jaki nigdy na<br \/>\nniego nie patrzyli\u015bmy, nie b\u00f3jmy si\u0119 innego zdania od tego, kt\u00f3re<br \/>\nzawsze mieli\u015bmy i uwa\u017cali\u015bmy za najlepsze i nieomylne!\n<\/div>\n<div align=\"JUSTIFY\" style=\"margin-bottom: 0cm; text-indent: 1.25cm;\">\n<b>Kochani!<br \/>\nNie b\u00f3jmy si\u0119 nowych rozwi\u0105za\u0144!<\/b> To nie oznacza \u2013 bynajmniej<br \/>\n\u2013 aby\u015bmy mieli dla samej zasady rezygnowa\u0107 ze swojego stylu, ze<br \/>\nswojego przemy\u015blanego zdania, ze swojego sposobu na \u017cycie, ze<br \/>\nswoich najg\u0142\u0119bszych przekona\u0144 \u2013 i na ka\u017cdym kroku starali si\u0119<br \/>\nupodobni\u0107 do innych. Nie! <b>Swoje zdanie mamy \u2013 i bardzo dobrze!<\/b><br \/>\nMamy sw\u00f3j styl, swoj\u0105 indywidualno\u015b\u0107 \u2013 i nie mo\u017ce by\u0107<br \/>\ninaczej!\n<\/div>\n<div align=\"JUSTIFY\" style=\"margin-bottom: 0cm; text-indent: 1.25cm;\">\nChodzi<br \/>\ntu o to, aby <b>nie zamkn\u0105\u0107 si\u0119 definitywnie<\/b> na inne zdania,<br \/>\nna inne mo\u017cliwo\u015bci. Aby pozwoli\u0107 Bogu dzia\u0142a\u0107, kiedy zaproponuje<br \/>\ninne rozwi\u0105zanie, ni\u017c to nasze, aby przynajmniej <b>z uwag\u0105<br \/>\nwys\u0142ucha\u0107 innego zdania<\/b> od tego, do kt\u00f3rego jeste\u015bmy tak<br \/>\nbardzo przekonani. Wys\u0142ucha\u0107 i przemy\u015ble\u0107. Aby chocia\u017c <b>spr\u00f3bowa\u0107<br \/>\nspojrze\u0107<\/b> na Boga, na drugiego cz\u0142owieka, wreszcie \u2013 na samego<br \/>\nsiebie \u2013 inaczej ni\u017c dotychczas.\n<\/div>\n<div align=\"JUSTIFY\" style=\"margin-bottom: 0cm; text-indent: 1.25cm;\">\n<b>Panie<br \/>\nJezu! Czy\u0144 nowym wszystko, co w nas!<\/b> Ucz nas dok\u0142adnego<br \/>\nwype\u0142nienia <b>przykazania nowego<\/b>, kt\u00f3re nam dzisiaj<br \/>\nprzypomnia\u0142e\u015b. Pozw\u00f3l nam wzorowa\u0107 si\u0119 tylko na Tobie! I czy\u0144<br \/>\nzupe\u0142nie nowym ca\u0142e nasze \u017cycie, nasz\u0105 rzeczywisto\u015b\u0107, nasze<br \/>\n\u201edzisiaj\u201d! Odnawiaj oblicze ziemi! <b>A najpierw \u2013 i nade<br \/>\nwszystko \u2013 pom\u00f3\u017c nam odwa\u017cnie odnawia\u0107 oblicza naszych serc!<\/b><\/div>\n","protected":false},"excerpt":{"rendered":"<p>Niech b\u0119dzie pochwalony Jezus Chrystus! Witam i pozdrawiam w Dniu Pa\u0144skim. Dzi\u015b ju\u017c 5 Niedziela Wielkanocy. Dzi\u0119kujemy Panu za dar Jego Zmartwychwstania. A jednocze\u015bnie wchodzimy w tydzie\u0144, w kt\u00f3rym b\u0119dziemy mieli nieco wolnego od pracy i nauki, natomiast prze\u017cywa\u0107 b\u0119dziemy wa\u017cne \u015bwi\u0119ta religijne i narodowe. Niech to b\u0119dzie dobry czas &#8211; czas nie tylko odpoczynku, [&hellip;]<\/p>\n","protected":false},"author":1,"featured_media":0,"comment_status":"open","ping_status":"open","sticky":false,"template":"","format":"standard","meta":{"jetpack_post_was_ever_published":false,"_jetpack_newsletter_access":"","_jetpack_dont_email_post_to_subs":false,"_jetpack_newsletter_tier_id":0,"_jetpack_memberships_contains_paywalled_content":false,"_jetpack_memberships_contains_paid_content":false,"footnotes":""},"categories":[1],"tags":[],"class_list":["post-9141","post","type-post","status-publish","format-standard","hentry","category-bez-kategorii"],"yoast_head":"<!-- This site is optimized with the Yoast SEO plugin v25.1 - https:\/\/yoast.com\/wordpress\/plugins\/seo\/ -->\n<title>Oto czyni\u0119 wszystko nowe! - Gaudium Et Spes<\/title>\n<meta name=\"robots\" content=\"index, follow, max-snippet:-1, max-image-preview:large, max-video-preview:-1\" \/>\n<link rel=\"canonical\" href=\"https:\/\/gaudiumetspes-blog.pl\/index.php\/2013\/04\/28\/oto-czynie-wszystko-nowe\/\" \/>\n<meta property=\"og:locale\" content=\"pl_PL\" \/>\n<meta property=\"og:type\" content=\"article\" \/>\n<meta property=\"og:title\" content=\"Oto czyni\u0119 wszystko nowe! - Gaudium Et Spes\" \/>\n<meta property=\"og:description\" content=\"Niech b\u0119dzie pochwalony Jezus Chrystus! Witam i pozdrawiam w Dniu Pa\u0144skim. Dzi\u015b ju\u017c 5 Niedziela Wielkanocy. Dzi\u0119kujemy Panu za dar Jego Zmartwychwstania. A jednocze\u015bnie wchodzimy w tydzie\u0144, w kt\u00f3rym b\u0119dziemy mieli nieco wolnego od pracy i nauki, natomiast prze\u017cywa\u0107 b\u0119dziemy wa\u017cne \u015bwi\u0119ta religijne i narodowe. Niech to b\u0119dzie dobry czas &#8211; czas nie tylko odpoczynku, [&hellip;]\" \/>\n<meta property=\"og:url\" content=\"https:\/\/gaudiumetspes-blog.pl\/index.php\/2013\/04\/28\/oto-czynie-wszystko-nowe\/\" \/>\n<meta property=\"og:site_name\" content=\"Gaudium Et Spes\" \/>\n<meta property=\"article:published_time\" content=\"2013-04-28T02:43:00+00:00\" \/>\n<meta property=\"article:modified_time\" content=\"2019-07-31T10:53:59+00:00\" \/>\n<meta name=\"author\" content=\"Ks. Jacek\" \/>\n<meta name=\"twitter:card\" content=\"summary_large_image\" \/>\n<meta name=\"twitter:label1\" content=\"Napisane przez\" \/>\n\t<meta name=\"twitter:data1\" content=\"Ks. Jacek\" \/>\n\t<meta name=\"twitter:label2\" content=\"Szacowany czas czytania\" \/>\n\t<meta name=\"twitter:data2\" content=\"10 minut\" \/>\n<script type=\"application\/ld+json\" class=\"yoast-schema-graph\">{\"@context\":\"https:\/\/schema.org\",\"@graph\":[{\"@type\":\"WebPage\",\"@id\":\"https:\/\/gaudiumetspes-blog.pl\/index.php\/2013\/04\/28\/oto-czynie-wszystko-nowe\/\",\"url\":\"https:\/\/gaudiumetspes-blog.pl\/index.php\/2013\/04\/28\/oto-czynie-wszystko-nowe\/\",\"name\":\"Oto czyni\u0119 wszystko nowe! - Gaudium Et Spes\",\"isPartOf\":{\"@id\":\"https:\/\/gaudiumetspes-blog.pl\/#website\"},\"datePublished\":\"2013-04-28T02:43:00+00:00\",\"dateModified\":\"2019-07-31T10:53:59+00:00\",\"author\":{\"@id\":\"https:\/\/gaudiumetspes-blog.pl\/#\/schema\/person\/1661982992b752dea8dff0d4ed845a65\"},\"breadcrumb\":{\"@id\":\"https:\/\/gaudiumetspes-blog.pl\/index.php\/2013\/04\/28\/oto-czynie-wszystko-nowe\/#breadcrumb\"},\"inLanguage\":\"pl-PL\",\"potentialAction\":[{\"@type\":\"ReadAction\",\"target\":[\"https:\/\/gaudiumetspes-blog.pl\/index.php\/2013\/04\/28\/oto-czynie-wszystko-nowe\/\"]}]},{\"@type\":\"BreadcrumbList\",\"@id\":\"https:\/\/gaudiumetspes-blog.pl\/index.php\/2013\/04\/28\/oto-czynie-wszystko-nowe\/#breadcrumb\",\"itemListElement\":[{\"@type\":\"ListItem\",\"position\":1,\"name\":\"Strona g\u0142\u00f3wna\",\"item\":\"https:\/\/gaudiumetspes-blog.pl\/\"},{\"@type\":\"ListItem\",\"position\":2,\"name\":\"Oto czyni\u0119 wszystko nowe!\"}]},{\"@type\":\"WebSite\",\"@id\":\"https:\/\/gaudiumetspes-blog.pl\/#website\",\"url\":\"https:\/\/gaudiumetspes-blog.pl\/\",\"name\":\"Gaudium Et Spes\",\"description\":\"Blog Ks. Jacka Ja\u015bkowskiego\",\"potentialAction\":[{\"@type\":\"SearchAction\",\"target\":{\"@type\":\"EntryPoint\",\"urlTemplate\":\"https:\/\/gaudiumetspes-blog.pl\/?s={search_term_string}\"},\"query-input\":{\"@type\":\"PropertyValueSpecification\",\"valueRequired\":true,\"valueName\":\"search_term_string\"}}],\"inLanguage\":\"pl-PL\"},{\"@type\":\"Person\",\"@id\":\"https:\/\/gaudiumetspes-blog.pl\/#\/schema\/person\/1661982992b752dea8dff0d4ed845a65\",\"name\":\"Ks. Jacek\",\"image\":{\"@type\":\"ImageObject\",\"inLanguage\":\"pl-PL\",\"@id\":\"https:\/\/gaudiumetspes-blog.pl\/#\/schema\/person\/image\/\",\"url\":\"https:\/\/gaudiumetspes-blog.pl\/wp-content\/uploads\/2019\/07\/avatar-JJ-150x150.jpg\",\"contentUrl\":\"https:\/\/gaudiumetspes-blog.pl\/wp-content\/uploads\/2019\/07\/avatar-JJ-150x150.jpg\",\"caption\":\"Ks. Jacek\"},\"description\":\"Witam serdecznie! K\u0142ania si\u0119 Ks. Jacek Ja\u015bkowski. Nie jestem ani kim\u015b wa\u017cnym, ani kim\u015b znanym. Jestem ksi\u0119dzem, kt\u00f3ry po prostu chce rozmawia\u0107. Codzienna kap\u0142a\u0144ska pos\u0142uga pokazuje mi, \u017ce temat\u00f3w do rozm\u00f3w z ksi\u0119dzem jest coraz wi\u0119cej i dzisiaj \u017caden ksi\u0105dz nie mo\u017ce od nich ucieka\u0107, ale - wprost przeciwnie - podejmowa\u0107 nowe wyzwania. To przekonanie sk\u0142oni\u0142o mnie do pr\u00f3by otwarcia tego\u017c bloga, chocia\u017c okazji do rozm\u00f3w na co dzie\u0144 - w konfesjonale i poza nim - na szcz\u0119\u015bcie nie brakuje. My\u015bl\u0119 jednak, \u017ce ten blog b\u0119dzie jeszcze jednym sposobem i przestrzeni\u0105 nawi\u0105zania kontaktu z lud\u017ami dobrej woli, otwartymi na dialog.\",\"url\":\"https:\/\/gaudiumetspes-blog.pl\/index.php\/author\/ks-jacek\/\"}]}<\/script>\n<!-- \/ Yoast SEO plugin. -->","yoast_head_json":{"title":"Oto czyni\u0119 wszystko nowe! - Gaudium Et Spes","robots":{"index":"index","follow":"follow","max-snippet":"max-snippet:-1","max-image-preview":"max-image-preview:large","max-video-preview":"max-video-preview:-1"},"canonical":"https:\/\/gaudiumetspes-blog.pl\/index.php\/2013\/04\/28\/oto-czynie-wszystko-nowe\/","og_locale":"pl_PL","og_type":"article","og_title":"Oto czyni\u0119 wszystko nowe! - Gaudium Et Spes","og_description":"Niech b\u0119dzie pochwalony Jezus Chrystus! Witam i pozdrawiam w Dniu Pa\u0144skim. Dzi\u015b ju\u017c 5 Niedziela Wielkanocy. Dzi\u0119kujemy Panu za dar Jego Zmartwychwstania. A jednocze\u015bnie wchodzimy w tydzie\u0144, w kt\u00f3rym b\u0119dziemy mieli nieco wolnego od pracy i nauki, natomiast prze\u017cywa\u0107 b\u0119dziemy wa\u017cne \u015bwi\u0119ta religijne i narodowe. Niech to b\u0119dzie dobry czas &#8211; czas nie tylko odpoczynku, [&hellip;]","og_url":"https:\/\/gaudiumetspes-blog.pl\/index.php\/2013\/04\/28\/oto-czynie-wszystko-nowe\/","og_site_name":"Gaudium Et Spes","article_published_time":"2013-04-28T02:43:00+00:00","article_modified_time":"2019-07-31T10:53:59+00:00","author":"Ks. Jacek","twitter_card":"summary_large_image","twitter_misc":{"Napisane przez":"Ks. Jacek","Szacowany czas czytania":"10 minut"},"schema":{"@context":"https:\/\/schema.org","@graph":[{"@type":"WebPage","@id":"https:\/\/gaudiumetspes-blog.pl\/index.php\/2013\/04\/28\/oto-czynie-wszystko-nowe\/","url":"https:\/\/gaudiumetspes-blog.pl\/index.php\/2013\/04\/28\/oto-czynie-wszystko-nowe\/","name":"Oto czyni\u0119 wszystko nowe! - Gaudium Et Spes","isPartOf":{"@id":"https:\/\/gaudiumetspes-blog.pl\/#website"},"datePublished":"2013-04-28T02:43:00+00:00","dateModified":"2019-07-31T10:53:59+00:00","author":{"@id":"https:\/\/gaudiumetspes-blog.pl\/#\/schema\/person\/1661982992b752dea8dff0d4ed845a65"},"breadcrumb":{"@id":"https:\/\/gaudiumetspes-blog.pl\/index.php\/2013\/04\/28\/oto-czynie-wszystko-nowe\/#breadcrumb"},"inLanguage":"pl-PL","potentialAction":[{"@type":"ReadAction","target":["https:\/\/gaudiumetspes-blog.pl\/index.php\/2013\/04\/28\/oto-czynie-wszystko-nowe\/"]}]},{"@type":"BreadcrumbList","@id":"https:\/\/gaudiumetspes-blog.pl\/index.php\/2013\/04\/28\/oto-czynie-wszystko-nowe\/#breadcrumb","itemListElement":[{"@type":"ListItem","position":1,"name":"Strona g\u0142\u00f3wna","item":"https:\/\/gaudiumetspes-blog.pl\/"},{"@type":"ListItem","position":2,"name":"Oto czyni\u0119 wszystko nowe!"}]},{"@type":"WebSite","@id":"https:\/\/gaudiumetspes-blog.pl\/#website","url":"https:\/\/gaudiumetspes-blog.pl\/","name":"Gaudium Et Spes","description":"Blog Ks. Jacka Ja\u015bkowskiego","potentialAction":[{"@type":"SearchAction","target":{"@type":"EntryPoint","urlTemplate":"https:\/\/gaudiumetspes-blog.pl\/?s={search_term_string}"},"query-input":{"@type":"PropertyValueSpecification","valueRequired":true,"valueName":"search_term_string"}}],"inLanguage":"pl-PL"},{"@type":"Person","@id":"https:\/\/gaudiumetspes-blog.pl\/#\/schema\/person\/1661982992b752dea8dff0d4ed845a65","name":"Ks. Jacek","image":{"@type":"ImageObject","inLanguage":"pl-PL","@id":"https:\/\/gaudiumetspes-blog.pl\/#\/schema\/person\/image\/","url":"https:\/\/gaudiumetspes-blog.pl\/wp-content\/uploads\/2019\/07\/avatar-JJ-150x150.jpg","contentUrl":"https:\/\/gaudiumetspes-blog.pl\/wp-content\/uploads\/2019\/07\/avatar-JJ-150x150.jpg","caption":"Ks. Jacek"},"description":"Witam serdecznie! K\u0142ania si\u0119 Ks. Jacek Ja\u015bkowski. Nie jestem ani kim\u015b wa\u017cnym, ani kim\u015b znanym. Jestem ksi\u0119dzem, kt\u00f3ry po prostu chce rozmawia\u0107. Codzienna kap\u0142a\u0144ska pos\u0142uga pokazuje mi, \u017ce temat\u00f3w do rozm\u00f3w z ksi\u0119dzem jest coraz wi\u0119cej i dzisiaj \u017caden ksi\u0105dz nie mo\u017ce od nich ucieka\u0107, ale - wprost przeciwnie - podejmowa\u0107 nowe wyzwania. To przekonanie sk\u0142oni\u0142o mnie do pr\u00f3by otwarcia tego\u017c bloga, chocia\u017c okazji do rozm\u00f3w na co dzie\u0144 - w konfesjonale i poza nim - na szcz\u0119\u015bcie nie brakuje. My\u015bl\u0119 jednak, \u017ce ten blog b\u0119dzie jeszcze jednym sposobem i przestrzeni\u0105 nawi\u0105zania kontaktu z lud\u017ami dobrej woli, otwartymi na dialog.","url":"https:\/\/gaudiumetspes-blog.pl\/index.php\/author\/ks-jacek\/"}]}},"jetpack_featured_media_url":"","jetpack_sharing_enabled":true,"_links":{"self":[{"href":"https:\/\/gaudiumetspes-blog.pl\/index.php\/wp-json\/wp\/v2\/posts\/9141","targetHints":{"allow":["GET"]}}],"collection":[{"href":"https:\/\/gaudiumetspes-blog.pl\/index.php\/wp-json\/wp\/v2\/posts"}],"about":[{"href":"https:\/\/gaudiumetspes-blog.pl\/index.php\/wp-json\/wp\/v2\/types\/post"}],"author":[{"embeddable":true,"href":"https:\/\/gaudiumetspes-blog.pl\/index.php\/wp-json\/wp\/v2\/users\/1"}],"replies":[{"embeddable":true,"href":"https:\/\/gaudiumetspes-blog.pl\/index.php\/wp-json\/wp\/v2\/comments?post=9141"}],"version-history":[{"count":1,"href":"https:\/\/gaudiumetspes-blog.pl\/index.php\/wp-json\/wp\/v2\/posts\/9141\/revisions"}],"predecessor-version":[{"id":11050,"href":"https:\/\/gaudiumetspes-blog.pl\/index.php\/wp-json\/wp\/v2\/posts\/9141\/revisions\/11050"}],"wp:attachment":[{"href":"https:\/\/gaudiumetspes-blog.pl\/index.php\/wp-json\/wp\/v2\/media?parent=9141"}],"wp:term":[{"taxonomy":"category","embeddable":true,"href":"https:\/\/gaudiumetspes-blog.pl\/index.php\/wp-json\/wp\/v2\/categories?post=9141"},{"taxonomy":"post_tag","embeddable":true,"href":"https:\/\/gaudiumetspes-blog.pl\/index.php\/wp-json\/wp\/v2\/tags?post=9141"}],"curies":[{"name":"wp","href":"https:\/\/api.w.org\/{rel}","templated":true}]}}