{"id":9142,"date":"2013-04-27T05:38:00","date_gmt":"2013-04-27T03:38:00","guid":{"rendered":"https:\/\/gaudiumetspes-blog.pl\/index.php\/2013\/04\/27\/zycie-spiacych-chrzescijan-jest-smutne\/"},"modified":"2019-07-31T12:53:58","modified_gmt":"2019-07-31T10:53:58","slug":"zycie-spiacych-chrzescijan-jest-smutne","status":"publish","type":"post","link":"https:\/\/gaudiumetspes-blog.pl\/index.php\/2013\/04\/27\/zycie-spiacych-chrzescijan-jest-smutne\/","title":{"rendered":"\u017bycie \u015bpi\u0105cych chrze\u015bcijan jest smutne!"},"content":{"rendered":"<p><\/p>\n<div align=\"JUSTIFY\" style=\"margin-bottom: 0cm;\">\nSzcz\u0119\u015b\u0107 Bo\u017ce! Moi Drodzy, dzi\u0119kuj\u0119 Ksi\u0119dzu Markowi za wczorajsze s\u0142\u00f3wko. A tak przy okazji &#8211; o czym sam wspomnia\u0142 &#8211; informuj\u0119, \u017ce b\u0119dzie On przebywa\u0142 w Polsce od 7 maja do 3 czerwca. To naprawd\u0119 dobra wiadomo\u015b\u0107.&nbsp;<\/div>\n<div align=\"JUSTIFY\" style=\"margin-bottom: 0cm;\">\n&nbsp; &nbsp;A dzisiaj zapraszam do wczytania si\u0119 i rozwa\u017cenia przes\u0142ania Papie\u017ca Franciszka z ostatniej Audiencji generalnej. Jest ono &#8211; jak wiele przes\u0142a\u0144 obecnego Ojca \u015awi\u0119tego &#8211; pe\u0142ne niezwyk\u0142ego entuzjazmu wiary. Dajmy si\u0119 Papie\u017cowi tym entuzjazmem zarazi\u0107!<\/div>\n<div align=\"JUSTIFY\" style=\"margin-bottom: 0cm;\">\n&nbsp; &nbsp; &nbsp; &nbsp; &nbsp; Gaudium et spes! &nbsp;Ks. Jacek<b>&nbsp;<\/b><\/div>\n<div align=\"JUSTIFY\" style=\"margin-bottom: 0cm;\">\n<b><br \/><\/b><\/div>\n<div align=\"JUSTIFY\" style=\"margin-bottom: 0cm;\">\n<b>Sobota<br \/>\n4 tygodnia Wielkanocy,<\/b><\/div>\n<div align=\"JUSTIFY\" style=\"margin-bottom: 0cm;\">\n<b>do<br \/>\nczyta\u0144:  Dz 13,44\u201352;  J 14,7\u201314<\/b><\/div>\n<div align=\"JUSTIFY\" style=\"margin-bottom: 0cm;\">\n\n<\/div>\n<div align=\"JUSTIFY\" style=\"margin-bottom: 0cm; page-break-before: auto;\">\n<b>CZYTANIE<br \/>\nZ DZIEJ\u00d3W APOSTOLSKICH:<\/b><\/div>\n<div align=\"JUSTIFY\" style=\"margin-bottom: 0cm; text-indent: 1.24cm;\">\n<b>W<br \/>\nnast\u0119pny szabat po kazaniu Paw\u0142a w synagodze w Antiochii<br \/>\nPizydyjskiej zebra\u0142o si\u0119 niemal ca\u0142e miasto, aby s\u0142ucha\u0107 s\u0142owa<br \/>\nBo\u017cego. Gdy \u017bydzi zobaczyli t\u0142umy, ogarn\u0119\u0142a ich zazdro\u015b\u0107, i<br \/>\nblu\u017ani\u0105c sprzeciwiali si\u0119 temu, co m\u00f3wi\u0142 Pawe\u0142. <\/b>\n<\/div>\n<div align=\"JUSTIFY\" style=\"margin-bottom: 0cm; text-indent: 1.24cm;\">\n<b>Wtedy<br \/>\nPawe\u0142 i Barnaba powiedzieli odwa\u017cnie: \u201eNale\u017ca\u0142o g\u0142osi\u0107 s\u0142owo<br \/>\nBo\u017ce najpierw wam. Skoro jednak odrzucacie je i sami uznajecie si\u0119<br \/>\nza niegodnych \u017cycia wiecznego, zwracamy si\u0119 do pogan. Tak bowiem<br \/>\nnakaza\u0142 nam Pan: \u00abUstanowi\u0142em ci\u0119 \u015bwiat\u0142o\u015bci\u0105 dla pogan, aby\u015b<br \/>\nby\u0142 zbawieniem a\u017c po kra\u0144ce ziemi\u00bb\u201d. Poganie s\u0142ysz\u0105c to<br \/>\nradowali si\u0119 i uwielbiali s\u0142owo Pa\u0144skie, a wszyscy, przeznaczeni<br \/>\ndo \u017cycia wiecznego, uwierzyli. S\u0142owo Pa\u0144skie rozszerza\u0142o si\u0119 po<br \/>\nca\u0142ym kraju. <\/b>\n<\/div>\n<div align=\"JUSTIFY\" style=\"margin-bottom: 0cm; text-indent: 1.24cm;\">\n<b>Ale<br \/>\n\u017bydzi podburzyli pobo\u017cne a wp\u0142ywowe kobiety i znaczniejszych<br \/>\nobywateli, wzniecili prze\u015bladowanie Paw\u0142a i Barnaby i wyrzucili ich<br \/>\nze swych granic. A oni otrz\u0105sn\u0105wszy na nich py\u0142 z n\u00f3g, przyszli<br \/>\ndo Ikonium, a uczni\u00f3w nape\u0142nia\u0142o wesele i Duch \u015awi\u0119ty.<\/b><\/div>\n<div align=\"JUSTIFY\" style=\"margin-bottom: 0cm;\">\n\n<\/div>\n<div align=\"JUSTIFY\" style=\"margin-bottom: 0cm;\">\n<b>S\u0141OWA<br \/>\nEWANGELII WED\u0141UG \u015aWI\u0118TEGO JANA: <\/b>\n<\/div>\n<div align=\"JUSTIFY\" style=\"margin-bottom: 0cm; text-indent: 1.24cm;\">\n<b>Jezus<br \/>\npowiedzia\u0142 do swoich uczni\u00f3w: \u201eGdyby\u015bcie Mnie poznali,<br \/>\nznaliby\u015bcie i mojego Ojca. Ale teraz ju\u017c Go znacie i<br \/>\nzobaczyli\u015bcie\u201d. Rzek\u0142 do Niego Filip: \u201ePanie, poka\u017c nam Ojca,<br \/>\na to nam wystarczy\u201d. <\/b>\n<\/div>\n<div align=\"JUSTIFY\" style=\"margin-bottom: 0cm; text-indent: 1.24cm;\">\n<b>Odpowiedzia\u0142<br \/>\nmu Jezus: \u201eFilipie, tak d\u0142ugo jestem z wami, a jeszcze Mnie nie<br \/>\npozna\u0142e\u015b? Kto Mnie zobaczy\u0142, zobaczy\u0142 tak\u017ce i Ojca. Dlaczego<br \/>\nwi\u0119c m\u00f3wisz: \u00abPoka\u017c nam Ojca\u00bb? Czy nie wierzysz, \u017ce Ja jestem w<br \/>\nOjcu, a Ojciec we Mnie? S\u0142\u00f3w tych, kt\u00f3re wam m\u00f3wi\u0119, nie<br \/>\nwypowiadam od siebie. Ojciec, kt\u00f3ry trwa we Mnie, On sam dokonuje<br \/>\ntych dzie\u0142. Wierzcie Mi, \u017ce Ja jestem w Ojcu, a Ojciec we Mnie.<br \/>\nJe\u017celi za\u015b nie, wierzcie przynajmniej ze wzgl\u0119du na same dzie\u0142a. <\/b>\n<\/div>\n<div align=\"JUSTIFY\" style=\"margin-bottom: 0cm; text-indent: 1.24cm;\">\n<b>Zaprawd\u0119,<br \/>\nzaprawd\u0119 powiadam wam: Kto we Mnie wierzy, b\u0119dzie tak\u017ce dokonywa\u0142<br \/>\ntych dzie\u0142, kt\u00f3rych Ja dokonuj\u0119, owszem i wi\u0119ksze od tych uczyni,<br \/>\nbo Ja id\u0119 do Ojca. A o cokolwiek prosi\u0107 b\u0119dziecie w imi\u0119 moje, to<br \/>\nuczyni\u0119, aby Ojciec by\u0142 otoczony chwa\u0142\u0105 w Synu. O cokolwiek<br \/>\nprosi\u0107 Mnie b\u0119dziecie w imi\u0119 moje, Ja to spe\u0142ni\u0119\u201d.<\/b><\/div>\n<div align=\"JUSTIFY\" style=\"margin-bottom: 0cm;\">\n\n<\/div>\n<div align=\"JUSTIFY\" style=\"margin-bottom: 0cm; page-break-before: auto; text-indent: 1.24cm;\">\n<b><i>Kto<br \/>\nMnie zobaczy\u0142, zobaczy\u0142 tak\u017ce i Ojca<\/i> \u2013 <\/b>powiedzia\u0142<br \/>\ndzisiaj Jezus. A Papie\u017c Franciszek, na ostatniej Audiencji<br \/>\ngeneralnej, rozwa\u017caj\u0105c kolejny artyku\u0142 z Credo, odni\u00f3s\u0142 si\u0119 do<br \/>\ntego czasu, kiedy spotkanie z Ojcem b\u0119dzie <b>najbardziej<br \/>\nbezpo\u015brednie i bezdyskusyjne: do S\u0105du Ostatecznego.<\/b><br \/>\nWczytajmy si\u0119 papieskie przes\u0142anie, tym bardziej, \u017ce tchnie ono<br \/>\n<b>ogromnym optymizmem i entuzjazmem wiary,<\/b><br \/>\nkt\u00f3rymi Papie\u017c chce zarazi\u0107 wszystkich wierz\u0105cych, szczeg\u00f3lnie<br \/>\nm\u0142odych. Oto papieskie przes\u0142anie:<\/div>\n<div align=\"JUSTIFY\" style=\"margin-bottom: 0cm; text-indent: 1.27cm;\">\n\u201eDrodzy<br \/>\nbracia i siostry, [\u2026] w Credo wyznajemy, \u017ce <b>Jezus \u201epowt\u00f3rnie<br \/>\nprzyjdzie w chwale s\u0105dzi\u0107 \u017cywych i umar\u0142ych\u201d.<\/b> Dzieje<br \/>\nludzko\u015bci rozpoczynaj\u0105 si\u0119 wraz ze stworzeniem m\u0119\u017cczyzny i<br \/>\nkobiety na Bo\u017cy obraz i podobie\u0144stwo, a ko\u0144cz\u0105 si\u0119 wraz z S\u0105dem<br \/>\nOstatecznym Chrystusa. Cz\u0119sto zapominamy o tych dw\u00f3ch biegunach<br \/>\nhistorii, a przede wszystkim w<b>iara w powt\u00f3rne przyj\u015bcie<br \/>\nChrystusa i w S\u0105d Ostateczny nie jest niekiedy zbyt wyra\u017ana i mocna<br \/>\nw sercach chrze\u015bcijan.<\/b> Jezus, podczas \u017cycia publicznego cz\u0119sto<br \/>\nm\u00f3wi\u0142 o swoim ostatecznym przyj\u015bciu. Dzisiaj chcia\u0142bym si\u0119<br \/>\nzastanowi\u0107 si\u0119 nad trzema tekstami ewangelicznymi, kt\u00f3re nam<br \/>\npomagaj\u0105 wej\u015b\u0107 w t\u0119 tajemnic\u0119: o dziesi\u0119ciu pannach, o<br \/>\ntalentach i o S\u0105dzie Ostatecznym. [\u2026]\n<\/div>\n<div align=\"JUSTIFY\" style=\"margin-bottom: 0cm; text-indent: 1.27cm;\">\nPrzede<br \/>\nwszystkim nale\u017cy pami\u0119ta\u0107, \u017ce wraz z Wniebowst\u0105pieniem Syn Bo\u017cy<br \/>\n<b>zani\u00f3s\u0142 do Ojca nasze cz\u0142owiecze\u0144stwo,<\/b> kt\u00f3re przyj\u0105\u0142 i<br \/>\nchce przyci\u0105gn\u0105\u0107 wszystkich do siebie, wezwa\u0107 ca\u0142y \u015bwiat, aby<br \/>\nby\u0142 przyj\u0119ty w otwarte ramiona Boga, aby ko\u0144cu dziej\u00f3w wszystko,<br \/>\nco istnieje zosta\u0142o przekazane Ojcu. Jest jednak\u017ce ten <b>\u201eczas<br \/>\npo\u015bredni\u201d,<\/b> mi\u0119dzy pierwszym a ostatnim przyj\u015bciem Chrystusa.<br \/>\nTo w\u0142a\u015bnie jest czas, kt\u00f3ry prze\u017cywamy. W tym kontek\u015bcie mie\u015bci<br \/>\nsi\u0119 przypowie\u015b\u0107 o dziesi\u0119ciu pannach.\n<\/div>\n<div align=\"JUSTIFY\" style=\"margin-bottom: 0cm; text-indent: 1.27cm;\">\nChodzi<br \/>\no dziesi\u0119\u0107 dziewcz\u0105t oczekuj\u0105cych na przybycie Oblubie\u0144ca, kt\u00f3ry<br \/>\njednak si\u0119 sp\u00f3\u017ania, a one zasypiaj\u0105. Kiedy nieoczekiwanie<br \/>\nrozleg\u0142o si\u0119 wo\u0142anie, \u017ce Oblubieniec przybywa, wszystkie<br \/>\nprzygotowuj\u0105 si\u0119 na Jego przyj\u0119cie. <b>Kiedy jednak pi\u0119\u0107 z nich,<br \/>\nroztropnych, ma oliw\u0119, \u017ceby zaopatrzy\u0107 swe lampy, to inne, g\u0142upie<br \/>\nmaj\u0105 lampy zgaszone, bo nie maj\u0105 oliwy.<\/b> Kiedy posz\u0142y j\u0105<br \/>\nkupi\u0107, nadszed\u0142 Oblubieniec, a panny g\u0142upie znalaz\u0142y zamkni\u0119te<br \/>\ndrzwi prowadz\u0105ce na uczt\u0119 weseln\u0105. Pukaj\u0105 natarczywie, ale jest<br \/>\nju\u017c zbyt p\u00f3\u017ano. Oblubieniec odpowiada: <b>\u201e<\/b><b>N<\/b><b>ie<br \/>\nznam was\u201d. <\/b>\n<\/div>\n<div align=\"JUSTIFY\" style=\"margin-bottom: 0cm; text-indent: 1.27cm;\">\nOblubie\u0144cem<br \/>\njest Pan, a czas oczekiwania na Jego przyj\u015bcie jest czasem, kt\u00f3ry<br \/>\ndaje On nam wszystkim mi\u0142osiernie i cierpliwie, przed swoim<br \/>\nostatecznym przyj\u015bciem, czas czuwania. <b>Jest to czas,<\/b><b> w<br \/>\nkt\u00f3rym<\/b><b> musimy podtrzymywa\u0107 ogie\u0144 w lampach wiary, nadziei i<br \/>\nmi\u0142o\u015bci; w kt\u00f3rym trzeba mie\u0107 serce otwarte na dobro, pi\u0119kno i<br \/>\nprawd\u0119. <\/b>Czas, kiedy trzeba \u017cy\u0107 wed\u0142ug Boga, bo nie znamy dnia<br \/>\nani godziny powrotu Chrystusa. Wymaga si\u0119 od nas, by\u015bmy byli<br \/>\nprzygotowani na spotkanie, na to pi\u0119kne spotkanie z Jezusem, co<br \/>\noznacza umiej\u0119tno\u015b\u0107 dostrze\u017cenia znak\u00f3w Jego obecno\u015bci,<br \/>\npodtrzymanie \u017cywotno\u015bci naszej wiary, przez modlitw\u0119, Sakramenty;<br \/>\nby\u0107 czuwaj\u0105cymi, aby nie zasn\u0105\u0107, aby nie zapomnie\u0107 o Bogu. <b>\u017bycie<br \/>\n\u015bpi\u0105cych chrze\u015bcijan jest smutne. Chrze\u015bcijanin powinien by\u0107<br \/>\nbowiem szcz\u0119\u015bliwy, prze\u017cywaj\u0105c Jezusow\u0105 rado\u015b\u0107, a nie pogr\u0105\u017ca\u0107<br \/>\nsi\u0119 we \u015bnie. <\/b>\n<\/div>\n<div align=\"JUSTIFY\" style=\"margin-bottom: 0cm; text-indent: 1.27cm;\">\nDruga<br \/>\nprzypowie\u015b\u0107, o talentach, ka\u017ce nam zastanowi\u0107 si\u0119 nad zwi\u0105zkiem<br \/>\nmi\u0119dzy tym, jak wykorzystujemy dary, otrzymane od Boga, a Jego<br \/>\npowrotem \u2013 <b>kiedy postawi nam pytanie, jak ich u\u017cywali\u015bmy.<\/b><br \/>\nDobrze znamy t\u0119 przypowie\u015b\u0107: przed wyruszeniem w podr\u00f3\u017c pan<br \/>\nprzekazuje ka\u017cdemu ze s\u0142ug kilka talent\u00f3w, aby by\u0142y dobrze<br \/>\nwykorzystane podczas jego nieobecno\u015bci.\n<\/div>\n<div align=\"JUSTIFY\" style=\"margin-bottom: 0cm; text-indent: 1.27cm;\">\nPierwszemu<br \/>\nz nich przekaza\u0142 pi\u0119\u0107 talent\u00f3w, drugiemu dwa, a trzeciemu jeden.<br \/>\nW okresie nieobecno\u015bci dwaj pierwsi s\u0142udzy pomno\u017cyli swoje talenty<br \/>\n\u2013 staro\u017cytne monety, natomiast trzeci wola\u0142 zakopa\u0107 sw\u00f3j talent<br \/>\ni przekaza\u0107 go w\u0142a\u015bcicielowi w stanie nienaruszonym. Po swym<br \/>\npowrocie, pan os\u0105dzi\u0142 ich dzia\u0142ania: <b>pochwali\u0142 dw\u00f3ch<br \/>\npierwszych, natomiast trzeciego wyrzuci\u0142 w ciemno\u015bci,<\/b> bo<br \/>\nl\u0119kaj\u0105c si\u0119 ukry\u0142 sw\u00f3j talent, zamykaj\u0105c si\u0119 w sobie.\n<\/div>\n<div align=\"JUSTIFY\" style=\"margin-bottom: 0cm; text-indent: 1.27cm;\">\n<b>Chrze\u015bcijanin,<br \/>\nkt\u00f3ry zamyka si\u0119 w sobie, kt\u00f3ry ukrywa to wszystko, czym obdarzy\u0142<br \/>\ngo Pan, nie jest chrze\u015bcijaninem!<\/b> Nie dzi\u0119kuje Bogu za<br \/>\nwszystko, co od Niego otrzyma\u0142. To nam m\u00f3wi, \u017ce <b>oczekiwanie na<br \/>\npowr\u00f3t Pana jest czasem dzia\u0142ania.<\/b> \u017byjemy w czasie dzia\u0142ania<br \/>\n\u2013 w czasie, w kt\u00f3rym nale\u017cy sprawi\u0107, by zaowocowa\u0142y dary Bo\u017ce,<br \/>\nnie dla nas samych, lecz dla Niego, dla Ko\u015bcio\u0142a, dla innych. <b>Jest<br \/>\nczasem, w kt\u00f3rym trzeba zawsze si\u0119 stara\u0107, by wzrasta\u0142o dobro w<br \/>\n\u015bwiecie. <\/b>\n<\/div>\n<div align=\"JUSTIFY\" style=\"margin-bottom: 0cm; text-indent: 1.27cm;\">\nSzczeg\u00f3lnie<br \/>\ndzisiaj, w tym czasie kryzysu, jest wa\u017cne, by nie zamyka\u0107 si\u0119 w<br \/>\nsobie, zakopuj\u0105c swoje talenty, swoje bogactwa duchowe,<br \/>\nintelektualne, materialne \u2013 to wszystko, czym obdarzy\u0142 nas Pan \u2013<br \/>\n<b>ale otworzy\u0107 si\u0119, by\u0107 solidarnymi, zwraca\u0107 uwag\u0119 na<br \/>\nbli\u017aniego. <\/b>\n<\/div>\n<div align=\"JUSTIFY\" style=\"margin-bottom: 0cm; text-indent: 1.27cm;\">\nNa<br \/>\nplacu \u015awi\u0119tego Piotra \u2013 jak zauwa\u017cy\u0142em \u2013 <b>jest dzi\u015b wielu<br \/>\nm\u0142odych. Czy to prawda? Jest was wielu? Gdzie jeste\u015bcie?\u2026<\/b><br \/>\nPytam was, b\u0119d\u0105cych na pocz\u0105tku drogi \u017cyciowej: <b>Czy<br \/>\nmy\u015bleli\u015bcie o talentach, jakimi obdarzy\u0142 was Pan? Czy my\u015bleli\u015bcie,<br \/>\njak mo\u017cecie s\u0142u\u017cy\u0107 nimi innym? Nie zakopujcie talent\u00f3w!<\/b><br \/>\nPostawcie na wielkie idea\u0142y, te idea\u0142y, kt\u00f3re poszerzaj\u0105 serce,<br \/>\nte idea\u0142y s\u0142u\u017cby, kt\u00f3re uczyni\u0105 wasze talenty p\u0142odnymi. \u017bycie<br \/>\nnie jest dane nam po to, aby\u015bmy je zazdro\u015bnie chowali dla siebie<br \/>\nsamych, ale aby\u015bmy je dawali. <b>Drodzy m\u0142odzi, miejcie wielkiego<br \/>\nducha! Nie l\u0119kajcie si\u0119 marzy\u0107 o rzeczach wielkich! <\/b>\n<\/div>\n<div align=\"JUSTIFY\" style=\"margin-bottom: 0cm; text-indent: 1.27cm;\">\nWreszcie<br \/>\ns\u0142owo o fragmencie m\u00f3wi\u0105cym o S\u0105dzie Ostatecznym, w kt\u00f3rym<br \/>\nopisane jest drugie przyj\u015bcie Pana, kiedy b\u0119dzie On s\u0105dzi\u0142<br \/>\nwszystkie istoty ludzkie, \u017cywych i umar\u0142ych. Ewangelista pos\u0142uguje<br \/>\nsi\u0119 <b>obrazem pasterza,<\/b> oddzielaj\u0105cego owce od koz\u0142\u00f3w.\n<\/div>\n<div align=\"JUSTIFY\" style=\"margin-bottom: 0cm; text-indent: 1.27cm;\">\n<b>Po<br \/>\nprawej stronie postawieni s\u0105 ci, kt\u00f3rzy dzia\u0142ali zgodnie z wol\u0105<br \/>\nBoga,<\/b> przychodz\u0105c z pomoc\u0105 bli\u017anim g\u0142odnym, spragnionym,<br \/>\nobcym, nagim, chorym, uwi\u0119zionym. Wspomnia\u0142em o cudzoziemcach.<br \/>\nMy\u015bl\u0119 o tak wielu cudzoziemcach, obecnych tutaj, na terenie<br \/>\ndiecezji rzymskiej. Co dla nich czynimy?\n<\/div>\n<div align=\"JUSTIFY\" style=\"margin-bottom: 0cm; text-indent: 1.27cm;\">\n<b>Natomiast<br \/>\npo lewej stronie postawni s\u0105 ci, kt\u00f3rzy nie pospieszyli bli\u017aniemu<br \/>\nz pomoc\u0105.<\/b> M\u00f3wi to nam, \u017ce b\u0119dziemy s\u0105dzeni przez Boga z<br \/>\nmi\u0142o\u015bci \u2013 z tego, jak mi\u0142owali\u015bmy Go obecnego w naszych<br \/>\nbraciach, <b>zw\u0142aszcza najs\u0142abszych i potrzebuj\u0105cych.<\/b><br \/>\nOczywi\u015bcie musimy zawsze pami\u0119ta\u0107, \u017ce jeste\u015bmy usprawiedliwieni,<br \/>\nzbawieni przez \u0142ask\u0119, ze wzgl\u0119du na akt bezinteresownej mi\u0142o\u015bci<br \/>\nBoga, kt\u00f3ra zawsze nas uprzedza. <b>Sami nic nie mo\u017cemy uczyni\u0107.<br \/>\nWiara jest nade wszystko darem, kt\u00f3ry otrzymali\u015bmy. <\/b>\n<\/div>\n<div align=\"JUSTIFY\" style=\"margin-bottom: 0cm; text-indent: 1.27cm;\">\nAle<br \/>\n\u0142aska Bo\u017ca, aby przynios\u0142a owoce, <b>wymaga<br \/>\nzawsze naszej otwarto\u015bci na Niego, naszej wolnej i konkretnej<br \/>\nodpowiedzi.<\/b><br \/>\nChrystus przychodzi, aby nam przynie\u015b\u0107 mi\u0142osierdzie zbawiaj\u0105cego<br \/>\nBoga. Jeste\u015bmy wezwani, aby powierzy\u0107 si\u0119 Jemu, aby odpowiedzie\u0107<br \/>\nna dar Jego mi\u0142o\u015bci poprzez dobre \u017cycie, na kt\u00f3re sk\u0142adaj\u0105 si\u0119<br \/>\ndzia\u0142ania o\u017cywiane wiar\u0105 i mi\u0142osierdziem.\n<\/div>\n<div align=\"JUSTIFY\" style=\"margin-bottom: 0cm; text-indent: 1.27cm;\">\nDrodzy<br \/>\nbracia i siostry! <b>Niech<br \/>\nspogl\u0105danie na S\u0105d Ostateczny nigdy nie napawa nas l\u0119kiem! Niech<br \/>\nnas raczej pobudza do lepszego \u017cycia chwil\u0105 obecn\u0105. <\/b>B\u00f3g<br \/>\nz mi\u0142osierdziem daje nam ten czas, aby\u015bmy ka\u017cdego dnia uczyli si\u0119<br \/>\nrozpoznawa\u0107 Go w ubogich i maluczkich, aby\u015bmy zabiegali o dobro i<br \/>\nczuwali na modlitwie i mi\u0142osierdziu. <b>Oby<br \/>\nPan, u kresu naszego \u017cycia i historii m\u00f3g\u0142 nas uzna\u0107 za s\u0142ugi<br \/>\ndobre i wierne\u201d\u2026<\/b><\/div>\n","protected":false},"excerpt":{"rendered":"<p>Szcz\u0119\u015b\u0107 Bo\u017ce! Moi Drodzy, dzi\u0119kuj\u0119 Ksi\u0119dzu Markowi za wczorajsze s\u0142\u00f3wko. A tak przy okazji &#8211; o czym sam wspomnia\u0142 &#8211; informuj\u0119, \u017ce b\u0119dzie On przebywa\u0142 w Polsce od 7 maja do 3 czerwca. To naprawd\u0119 dobra wiadomo\u015b\u0107.&nbsp; &nbsp; &nbsp;A dzisiaj zapraszam do wczytania si\u0119 i rozwa\u017cenia przes\u0142ania Papie\u017ca Franciszka z ostatniej Audiencji generalnej. Jest ono [&hellip;]<\/p>\n","protected":false},"author":1,"featured_media":0,"comment_status":"open","ping_status":"open","sticky":false,"template":"","format":"standard","meta":{"jetpack_post_was_ever_published":false,"_jetpack_newsletter_access":"","_jetpack_dont_email_post_to_subs":false,"_jetpack_newsletter_tier_id":0,"_jetpack_memberships_contains_paywalled_content":false,"_jetpack_memberships_contains_paid_content":false,"footnotes":""},"categories":[1],"tags":[],"class_list":["post-9142","post","type-post","status-publish","format-standard","hentry","category-bez-kategorii"],"yoast_head":"<!-- This site is optimized with the Yoast SEO plugin v25.1 - https:\/\/yoast.com\/wordpress\/plugins\/seo\/ -->\n<title>\u017bycie \u015bpi\u0105cych chrze\u015bcijan jest smutne! - Gaudium Et Spes<\/title>\n<meta name=\"robots\" content=\"index, follow, max-snippet:-1, max-image-preview:large, max-video-preview:-1\" \/>\n<link rel=\"canonical\" href=\"https:\/\/gaudiumetspes-blog.pl\/index.php\/2013\/04\/27\/zycie-spiacych-chrzescijan-jest-smutne\/\" \/>\n<meta property=\"og:locale\" content=\"pl_PL\" \/>\n<meta property=\"og:type\" content=\"article\" \/>\n<meta property=\"og:title\" content=\"\u017bycie \u015bpi\u0105cych chrze\u015bcijan jest smutne! - Gaudium Et Spes\" \/>\n<meta property=\"og:description\" content=\"Szcz\u0119\u015b\u0107 Bo\u017ce! Moi Drodzy, dzi\u0119kuj\u0119 Ksi\u0119dzu Markowi za wczorajsze s\u0142\u00f3wko. A tak przy okazji &#8211; o czym sam wspomnia\u0142 &#8211; informuj\u0119, \u017ce b\u0119dzie On przebywa\u0142 w Polsce od 7 maja do 3 czerwca. To naprawd\u0119 dobra wiadomo\u015b\u0107.&nbsp; &nbsp; &nbsp;A dzisiaj zapraszam do wczytania si\u0119 i rozwa\u017cenia przes\u0142ania Papie\u017ca Franciszka z ostatniej Audiencji generalnej. Jest ono [&hellip;]\" \/>\n<meta property=\"og:url\" content=\"https:\/\/gaudiumetspes-blog.pl\/index.php\/2013\/04\/27\/zycie-spiacych-chrzescijan-jest-smutne\/\" \/>\n<meta property=\"og:site_name\" content=\"Gaudium Et Spes\" \/>\n<meta property=\"article:published_time\" content=\"2013-04-27T03:38:00+00:00\" \/>\n<meta property=\"article:modified_time\" content=\"2019-07-31T10:53:58+00:00\" \/>\n<meta name=\"author\" content=\"Ks. Jacek\" \/>\n<meta name=\"twitter:card\" content=\"summary_large_image\" \/>\n<meta name=\"twitter:label1\" content=\"Napisane przez\" \/>\n\t<meta name=\"twitter:data1\" content=\"Ks. Jacek\" \/>\n\t<meta name=\"twitter:label2\" content=\"Szacowany czas czytania\" \/>\n\t<meta name=\"twitter:data2\" content=\"9 minut\" \/>\n<script type=\"application\/ld+json\" class=\"yoast-schema-graph\">{\"@context\":\"https:\/\/schema.org\",\"@graph\":[{\"@type\":\"WebPage\",\"@id\":\"https:\/\/gaudiumetspes-blog.pl\/index.php\/2013\/04\/27\/zycie-spiacych-chrzescijan-jest-smutne\/\",\"url\":\"https:\/\/gaudiumetspes-blog.pl\/index.php\/2013\/04\/27\/zycie-spiacych-chrzescijan-jest-smutne\/\",\"name\":\"\u017bycie \u015bpi\u0105cych chrze\u015bcijan jest smutne! - Gaudium Et Spes\",\"isPartOf\":{\"@id\":\"https:\/\/gaudiumetspes-blog.pl\/#website\"},\"datePublished\":\"2013-04-27T03:38:00+00:00\",\"dateModified\":\"2019-07-31T10:53:58+00:00\",\"author\":{\"@id\":\"https:\/\/gaudiumetspes-blog.pl\/#\/schema\/person\/1661982992b752dea8dff0d4ed845a65\"},\"breadcrumb\":{\"@id\":\"https:\/\/gaudiumetspes-blog.pl\/index.php\/2013\/04\/27\/zycie-spiacych-chrzescijan-jest-smutne\/#breadcrumb\"},\"inLanguage\":\"pl-PL\",\"potentialAction\":[{\"@type\":\"ReadAction\",\"target\":[\"https:\/\/gaudiumetspes-blog.pl\/index.php\/2013\/04\/27\/zycie-spiacych-chrzescijan-jest-smutne\/\"]}]},{\"@type\":\"BreadcrumbList\",\"@id\":\"https:\/\/gaudiumetspes-blog.pl\/index.php\/2013\/04\/27\/zycie-spiacych-chrzescijan-jest-smutne\/#breadcrumb\",\"itemListElement\":[{\"@type\":\"ListItem\",\"position\":1,\"name\":\"Strona g\u0142\u00f3wna\",\"item\":\"https:\/\/gaudiumetspes-blog.pl\/\"},{\"@type\":\"ListItem\",\"position\":2,\"name\":\"\u017bycie \u015bpi\u0105cych chrze\u015bcijan jest smutne!\"}]},{\"@type\":\"WebSite\",\"@id\":\"https:\/\/gaudiumetspes-blog.pl\/#website\",\"url\":\"https:\/\/gaudiumetspes-blog.pl\/\",\"name\":\"Gaudium Et Spes\",\"description\":\"Blog Ks. Jacka Ja\u015bkowskiego\",\"potentialAction\":[{\"@type\":\"SearchAction\",\"target\":{\"@type\":\"EntryPoint\",\"urlTemplate\":\"https:\/\/gaudiumetspes-blog.pl\/?s={search_term_string}\"},\"query-input\":{\"@type\":\"PropertyValueSpecification\",\"valueRequired\":true,\"valueName\":\"search_term_string\"}}],\"inLanguage\":\"pl-PL\"},{\"@type\":\"Person\",\"@id\":\"https:\/\/gaudiumetspes-blog.pl\/#\/schema\/person\/1661982992b752dea8dff0d4ed845a65\",\"name\":\"Ks. Jacek\",\"image\":{\"@type\":\"ImageObject\",\"inLanguage\":\"pl-PL\",\"@id\":\"https:\/\/gaudiumetspes-blog.pl\/#\/schema\/person\/image\/\",\"url\":\"https:\/\/gaudiumetspes-blog.pl\/wp-content\/uploads\/2019\/07\/avatar-JJ-150x150.jpg\",\"contentUrl\":\"https:\/\/gaudiumetspes-blog.pl\/wp-content\/uploads\/2019\/07\/avatar-JJ-150x150.jpg\",\"caption\":\"Ks. Jacek\"},\"description\":\"Witam serdecznie! K\u0142ania si\u0119 Ks. Jacek Ja\u015bkowski. Nie jestem ani kim\u015b wa\u017cnym, ani kim\u015b znanym. Jestem ksi\u0119dzem, kt\u00f3ry po prostu chce rozmawia\u0107. Codzienna kap\u0142a\u0144ska pos\u0142uga pokazuje mi, \u017ce temat\u00f3w do rozm\u00f3w z ksi\u0119dzem jest coraz wi\u0119cej i dzisiaj \u017caden ksi\u0105dz nie mo\u017ce od nich ucieka\u0107, ale - wprost przeciwnie - podejmowa\u0107 nowe wyzwania. To przekonanie sk\u0142oni\u0142o mnie do pr\u00f3by otwarcia tego\u017c bloga, chocia\u017c okazji do rozm\u00f3w na co dzie\u0144 - w konfesjonale i poza nim - na szcz\u0119\u015bcie nie brakuje. My\u015bl\u0119 jednak, \u017ce ten blog b\u0119dzie jeszcze jednym sposobem i przestrzeni\u0105 nawi\u0105zania kontaktu z lud\u017ami dobrej woli, otwartymi na dialog.\",\"url\":\"https:\/\/gaudiumetspes-blog.pl\/index.php\/author\/ks-jacek\/\"}]}<\/script>\n<!-- \/ Yoast SEO plugin. -->","yoast_head_json":{"title":"\u017bycie \u015bpi\u0105cych chrze\u015bcijan jest smutne! - Gaudium Et Spes","robots":{"index":"index","follow":"follow","max-snippet":"max-snippet:-1","max-image-preview":"max-image-preview:large","max-video-preview":"max-video-preview:-1"},"canonical":"https:\/\/gaudiumetspes-blog.pl\/index.php\/2013\/04\/27\/zycie-spiacych-chrzescijan-jest-smutne\/","og_locale":"pl_PL","og_type":"article","og_title":"\u017bycie \u015bpi\u0105cych chrze\u015bcijan jest smutne! - Gaudium Et Spes","og_description":"Szcz\u0119\u015b\u0107 Bo\u017ce! Moi Drodzy, dzi\u0119kuj\u0119 Ksi\u0119dzu Markowi za wczorajsze s\u0142\u00f3wko. A tak przy okazji &#8211; o czym sam wspomnia\u0142 &#8211; informuj\u0119, \u017ce b\u0119dzie On przebywa\u0142 w Polsce od 7 maja do 3 czerwca. To naprawd\u0119 dobra wiadomo\u015b\u0107.&nbsp; &nbsp; &nbsp;A dzisiaj zapraszam do wczytania si\u0119 i rozwa\u017cenia przes\u0142ania Papie\u017ca Franciszka z ostatniej Audiencji generalnej. Jest ono [&hellip;]","og_url":"https:\/\/gaudiumetspes-blog.pl\/index.php\/2013\/04\/27\/zycie-spiacych-chrzescijan-jest-smutne\/","og_site_name":"Gaudium Et Spes","article_published_time":"2013-04-27T03:38:00+00:00","article_modified_time":"2019-07-31T10:53:58+00:00","author":"Ks. Jacek","twitter_card":"summary_large_image","twitter_misc":{"Napisane przez":"Ks. Jacek","Szacowany czas czytania":"9 minut"},"schema":{"@context":"https:\/\/schema.org","@graph":[{"@type":"WebPage","@id":"https:\/\/gaudiumetspes-blog.pl\/index.php\/2013\/04\/27\/zycie-spiacych-chrzescijan-jest-smutne\/","url":"https:\/\/gaudiumetspes-blog.pl\/index.php\/2013\/04\/27\/zycie-spiacych-chrzescijan-jest-smutne\/","name":"\u017bycie \u015bpi\u0105cych chrze\u015bcijan jest smutne! - Gaudium Et Spes","isPartOf":{"@id":"https:\/\/gaudiumetspes-blog.pl\/#website"},"datePublished":"2013-04-27T03:38:00+00:00","dateModified":"2019-07-31T10:53:58+00:00","author":{"@id":"https:\/\/gaudiumetspes-blog.pl\/#\/schema\/person\/1661982992b752dea8dff0d4ed845a65"},"breadcrumb":{"@id":"https:\/\/gaudiumetspes-blog.pl\/index.php\/2013\/04\/27\/zycie-spiacych-chrzescijan-jest-smutne\/#breadcrumb"},"inLanguage":"pl-PL","potentialAction":[{"@type":"ReadAction","target":["https:\/\/gaudiumetspes-blog.pl\/index.php\/2013\/04\/27\/zycie-spiacych-chrzescijan-jest-smutne\/"]}]},{"@type":"BreadcrumbList","@id":"https:\/\/gaudiumetspes-blog.pl\/index.php\/2013\/04\/27\/zycie-spiacych-chrzescijan-jest-smutne\/#breadcrumb","itemListElement":[{"@type":"ListItem","position":1,"name":"Strona g\u0142\u00f3wna","item":"https:\/\/gaudiumetspes-blog.pl\/"},{"@type":"ListItem","position":2,"name":"\u017bycie \u015bpi\u0105cych chrze\u015bcijan jest smutne!"}]},{"@type":"WebSite","@id":"https:\/\/gaudiumetspes-blog.pl\/#website","url":"https:\/\/gaudiumetspes-blog.pl\/","name":"Gaudium Et Spes","description":"Blog Ks. Jacka Ja\u015bkowskiego","potentialAction":[{"@type":"SearchAction","target":{"@type":"EntryPoint","urlTemplate":"https:\/\/gaudiumetspes-blog.pl\/?s={search_term_string}"},"query-input":{"@type":"PropertyValueSpecification","valueRequired":true,"valueName":"search_term_string"}}],"inLanguage":"pl-PL"},{"@type":"Person","@id":"https:\/\/gaudiumetspes-blog.pl\/#\/schema\/person\/1661982992b752dea8dff0d4ed845a65","name":"Ks. Jacek","image":{"@type":"ImageObject","inLanguage":"pl-PL","@id":"https:\/\/gaudiumetspes-blog.pl\/#\/schema\/person\/image\/","url":"https:\/\/gaudiumetspes-blog.pl\/wp-content\/uploads\/2019\/07\/avatar-JJ-150x150.jpg","contentUrl":"https:\/\/gaudiumetspes-blog.pl\/wp-content\/uploads\/2019\/07\/avatar-JJ-150x150.jpg","caption":"Ks. Jacek"},"description":"Witam serdecznie! K\u0142ania si\u0119 Ks. Jacek Ja\u015bkowski. Nie jestem ani kim\u015b wa\u017cnym, ani kim\u015b znanym. Jestem ksi\u0119dzem, kt\u00f3ry po prostu chce rozmawia\u0107. Codzienna kap\u0142a\u0144ska pos\u0142uga pokazuje mi, \u017ce temat\u00f3w do rozm\u00f3w z ksi\u0119dzem jest coraz wi\u0119cej i dzisiaj \u017caden ksi\u0105dz nie mo\u017ce od nich ucieka\u0107, ale - wprost przeciwnie - podejmowa\u0107 nowe wyzwania. To przekonanie sk\u0142oni\u0142o mnie do pr\u00f3by otwarcia tego\u017c bloga, chocia\u017c okazji do rozm\u00f3w na co dzie\u0144 - w konfesjonale i poza nim - na szcz\u0119\u015bcie nie brakuje. My\u015bl\u0119 jednak, \u017ce ten blog b\u0119dzie jeszcze jednym sposobem i przestrzeni\u0105 nawi\u0105zania kontaktu z lud\u017ami dobrej woli, otwartymi na dialog.","url":"https:\/\/gaudiumetspes-blog.pl\/index.php\/author\/ks-jacek\/"}]}},"jetpack_featured_media_url":"","jetpack_sharing_enabled":true,"_links":{"self":[{"href":"https:\/\/gaudiumetspes-blog.pl\/index.php\/wp-json\/wp\/v2\/posts\/9142","targetHints":{"allow":["GET"]}}],"collection":[{"href":"https:\/\/gaudiumetspes-blog.pl\/index.php\/wp-json\/wp\/v2\/posts"}],"about":[{"href":"https:\/\/gaudiumetspes-blog.pl\/index.php\/wp-json\/wp\/v2\/types\/post"}],"author":[{"embeddable":true,"href":"https:\/\/gaudiumetspes-blog.pl\/index.php\/wp-json\/wp\/v2\/users\/1"}],"replies":[{"embeddable":true,"href":"https:\/\/gaudiumetspes-blog.pl\/index.php\/wp-json\/wp\/v2\/comments?post=9142"}],"version-history":[{"count":1,"href":"https:\/\/gaudiumetspes-blog.pl\/index.php\/wp-json\/wp\/v2\/posts\/9142\/revisions"}],"predecessor-version":[{"id":11049,"href":"https:\/\/gaudiumetspes-blog.pl\/index.php\/wp-json\/wp\/v2\/posts\/9142\/revisions\/11049"}],"wp:attachment":[{"href":"https:\/\/gaudiumetspes-blog.pl\/index.php\/wp-json\/wp\/v2\/media?parent=9142"}],"wp:term":[{"taxonomy":"category","embeddable":true,"href":"https:\/\/gaudiumetspes-blog.pl\/index.php\/wp-json\/wp\/v2\/categories?post=9142"},{"taxonomy":"post_tag","embeddable":true,"href":"https:\/\/gaudiumetspes-blog.pl\/index.php\/wp-json\/wp\/v2\/tags?post=9142"}],"curies":[{"name":"wp","href":"https:\/\/api.w.org\/{rel}","templated":true}]}}