{"id":9144,"date":"2013-04-25T06:19:00","date_gmt":"2013-04-25T04:19:00","guid":{"rendered":"https:\/\/gaudiumetspes-blog.pl\/index.php\/2013\/04\/25\/wielkie-znaki-bozej-mocy\/"},"modified":"2019-07-31T12:53:58","modified_gmt":"2019-07-31T10:53:58","slug":"wielkie-znaki-bozej-mocy","status":"publish","type":"post","link":"https:\/\/gaudiumetspes-blog.pl\/index.php\/2013\/04\/25\/wielkie-znaki-bozej-mocy\/","title":{"rendered":"Wielkie znaki Bo\u017cej mocy!"},"content":{"rendered":"<p><\/p>\n<div align=\"JUSTIFY\" style=\"margin-bottom: 0cm;\">\n<b>Szcz\u0119\u015b\u0107 Bo\u017ce! Dzisiaj prze\u017cywamy \u015awi\u0119to Marka Ewangelisty. Pozw\u00f3lcie zatem, Kochani, \u017ce w imieniu nas wszystkich, ale szczeg\u00f3lnie w\u0142asnym, b\u0119d\u0119 \u017cyczy\u0142 dzisiejszemu Solenizantowi, Ksi\u0119dzu Markowi, mojemu Bratu, aby tak, jak Jego Patron, z odwag\u0105 i zapa\u0142em g\u0142osi\u0142 Ewangeli\u0119 Jezusa tym ludziom, kt\u00f3rym Pan pozwoli\u0142 Mu teraz pos\u0142ugiwa\u0107. I aby ka\u017cdego dnia do\u015bwiadcza\u0142 i przekonywa\u0142 si\u0119, \u017ce nie jest w tym dziele sam, ale \u017ce ma nas &#8211; swoich przyjaci\u00f3\u0142. O moc znak\u00f3w z Nieba, o kt\u00f3rych mowa w dzisiejszej Ewangelii ja b\u0119d\u0119 si\u0119 modli\u0142 dla mojego Brata &#8211; i Was o t\u0119 modlitw\u0119 prosz\u0119.<\/b><\/div>\n<div align=\"JUSTIFY\" style=\"margin-bottom: 0cm;\">\n<b>&nbsp; &nbsp; Do\u0142\u0105czam tak\u017ce bardzo serdeczne \u017cyczenia wszystkim Solenizantom dnia dzisiejszego!<\/b><\/div>\n<div align=\"JUSTIFY\" style=\"margin-bottom: 0cm;\">\n<b>&nbsp; &nbsp; &nbsp; &nbsp; &nbsp;Gaudium et spes! &nbsp;Ks. Jacek<\/b><\/div>\n<div align=\"JUSTIFY\" style=\"margin-bottom: 0cm;\">\n<b><br \/><\/b><\/div>\n<div align=\"JUSTIFY\" style=\"margin-bottom: 0cm;\">\n<b>\u015awi\u0119to<br \/>\n\u015awi\u0119tego Marka, Ewangelisty,<\/b><\/div>\n<div align=\"JUSTIFY\" style=\"margin-bottom: 0cm;\">\n<b>do<br \/>\nczyta\u0144 z t. VI Lekcjonarza:  1 P 5,5b\u201314;  Mk 16,15\u201320<\/b><\/div>\n<div align=\"JUSTIFY\" style=\"margin-bottom: 0cm;\">\n\n<\/div>\n<div align=\"JUSTIFY\" style=\"margin-bottom: 0cm; page-break-before: auto;\">\n<b>CZYTANIE<br \/>\nZ PIERWSZEGO LISTU \u015aWI\u0118TEGO PIOTRA APOSTO\u0141A: <\/b>\n<\/div>\n<div align=\"JUSTIFY\" style=\"margin-bottom: 0cm; text-indent: 1.24cm;\">\n<b>Najmilsi:<br \/>\nWszyscy wobec siebie wzajemnie przyobleczcie si\u0119 w pokor\u0119, B\u00f3g<br \/>\nbowiem pysznym si\u0119 sprzeciwia, pokornym za\u015b daje \u0142ask\u0119.<br \/>\nUpok\u00f3rzcie si\u0119 wi\u0119c pod mocn\u0105 r\u0119k\u0105 Boga, aby was wywy\u017cszy\u0142 w<br \/>\nstosownej chwili. Wszystkie troski wasze przerzu\u0107cie na Niego, gdy\u017c<br \/>\nJemu zale\u017cy na was. <\/b>\n<\/div>\n<div align=\"JUSTIFY\" style=\"margin-bottom: 0cm; text-indent: 1.24cm;\">\n<b>B\u0105d\u017acie<br \/>\ntrze\u017awi! Czuwajcie! Przeciwnik wasz, diabe\u0142, jak lew rycz\u0105cy kr\u0105\u017cy<br \/>\nszukaj\u0105c kogo po\u017cre\u0107. Mocni w wierze przeciwstawiajcie si\u0119 jemu.<br \/>\nWiecie, \u017ce te same cierpienia ponosz\u0105 wasi bracia na \u015bwiecie. A<br \/>\nB\u00f3g wszelkiej \u0142aski, Ten, kt\u00f3ry was powo\u0142a\u0142 do wiecznej swojej<br \/>\nchwa\u0142y w Chrystusie, gdy troch\u0119 pocierpicie, sam was udoskonali,<br \/>\nutwierdzi, umocni i ugruntuje. Jemu chwa\u0142a i moc na wieki wiek\u00f3w.<br \/>\nAmen. <\/b>\n<\/div>\n<div align=\"JUSTIFY\" style=\"margin-bottom: 0cm; text-indent: 1.24cm;\">\n<b>Kr\u00f3tko,<br \/>\njak mi si\u0119 wydaje, wam napisa\u0142em przy pomocy Sylwana, wiernego<br \/>\nbrata, upominaj\u0105c i stwierdzaj\u0105c, \u017ce taka jest prawdziwa \u0142aska<br \/>\nBo\u017ca, w kt\u00f3rej trwajcie. <\/b>\n<\/div>\n<div align=\"JUSTIFY\" style=\"margin-bottom: 0cm; text-indent: 1.24cm;\">\n<b>Pozdrawia<br \/>\nwas ta, kt\u00f3ra jest w Babilonie razem z wami wybrana, oraz Marek, m\u00f3j<br \/>\nsyn. Pozdr\u00f3wcie si\u0119 wzajemnym poca\u0142unkiem mi\u0142o\u015bci. <\/b>\n<\/div>\n<div align=\"JUSTIFY\" style=\"margin-bottom: 0cm; text-indent: 1.24cm;\">\n<b>Pok\u00f3j<br \/>\nwam wszystkim, kt\u00f3rzy trwacie w Chrystusie.<\/b><\/div>\n<div align=\"JUSTIFY\" style=\"margin-bottom: 0cm;\">\n\n<\/div>\n<div align=\"JUSTIFY\" style=\"margin-bottom: 0cm;\">\n<b>S\u0141OWA<br \/>\nEWANGELII WED\u0141UG \u015aWI\u0118TEGO MARKA:<\/b><\/div>\n<div align=\"JUSTIFY\" style=\"margin-bottom: 0cm; text-indent: 1.22cm;\">\n<b>Jezus<br \/>\nukazawszy si\u0119 Jedenastu rzek\u0142 do nich: \u201eId\u017acie na ca\u0142y \u015bwiat i<br \/>\ng\u0142o\u015bcie Ewangeli\u0119 wszelkiemu stworzeniu. Kto uwierzy i przyjmie<br \/>\nchrzest, b\u0119dzie zbawiony; a kto nie uwierzy, b\u0119dzie pot\u0119piony. <\/b>\n<\/div>\n<div align=\"JUSTIFY\" style=\"margin-bottom: 0cm; text-indent: 1.22cm;\">\n<b>Tym<br \/>\nza\u015b, kt\u00f3rzy uwierz\u0105, te znaki towarzyszy\u0107 b\u0119d\u0105: W imi\u0119 moje<br \/>\nz\u0142e duchy b\u0119d\u0105 wyrzuca\u0107, nowymi j\u0119zykami m\u00f3wi\u0107 b\u0119d\u0105; w\u0119\u017ce<br \/>\nbra\u0107 b\u0119d\u0105 do r\u0105k, i je\u015bliby co zatrutego wypili, nie b\u0119dzie im<br \/>\nszkodzi\u0107. Na chorych r\u0119ce k\u0142a\u015b\u0107 b\u0119d\u0105, i ci odzyskaj\u0105<br \/>\nzdrowie\u201d. <\/b>\n<\/div>\n<div align=\"JUSTIFY\" style=\"margin-bottom: 0cm; text-indent: 1.22cm;\">\n<b>Po<br \/>\nrozmowie z nimi Pan Jezus zosta\u0142 wzi\u0119ty do nieba i zasiad\u0142 po<br \/>\nprawicy Boga. <\/b>\n<\/div>\n<div align=\"JUSTIFY\" style=\"margin-bottom: 0cm; text-indent: 1.22cm;\">\n<b>Oni<br \/>\nza\u015b poszli i g\u0142osili Ewangeli\u0119 wsz\u0119dzie, a Pan wsp\u00f3\u0142dzia\u0142a\u0142 z<br \/>\nnimi i potwierdza\u0142 nauk\u0119 znakami, kt\u00f3re jej towarzyszy\u0142y.<\/b><\/div>\n<div align=\"JUSTIFY\" style=\"margin-bottom: 0cm;\">\n\n<\/div>\n<div align=\"JUSTIFY\" style=\"margin-bottom: 0cm; page-break-before: auto; text-indent: 1.25cm;\">\nNasz<br \/>\ndzisiejszy Patron, <b>\u015awi\u0119ty Marek,<\/b> wyst\u0119puje w Nowym<br \/>\nTestamencie <b>pod imieniem Jan.<\/b> Dzieje Apostolskie wspominaj\u0105<br \/>\ngo jako \u201eJana zwanego Markiem\u201d, syna Marii, b\u0119d\u0105cej<br \/>\nprawdopodobnie w\u0142a\u015bcicielk\u0105 domu, w kt\u00f3rym odby\u0142a si\u0119 Ostatnia<br \/>\nWieczerza. <b>Marek by\u0142 Palesty\u0144czykiem.<\/b> Imienia jego ojca nie<br \/>\nznamy \u2013 zapewne wi\u0119c, w czasach publicznej dzia\u0142alno\u015bci Pana<br \/>\nJezusa, matka jego, Maria, by\u0142a wdow\u0105.\n<\/div>\n<div align=\"JUSTIFY\" style=\"margin-bottom: 0cm; text-indent: 1.25cm;\">\n<b>Marek<br \/>\nby\u0142 uczniem \u015awi\u0119tego Piotra. <\/b>Prawdopodobnie zaraz po zes\u0142aniu<br \/>\nDucha \u015awi\u0119tego w\u0142a\u015bnie Piotr udzieli\u0142 mu Chrztu \u015awi\u0119tego.<br \/>\nDlatego te\u017c nazywa go swoim synem.\n<\/div>\n<div align=\"JUSTIFY\" style=\"margin-bottom: 0cm; text-indent: 1.25cm;\">\nMarek<br \/>\ntowarzyszy\u0142 Barnabie i Paw\u0142owi w podr\u00f3\u017cy do Antiochii, a potem w<br \/>\npierwszej podr\u00f3\u017cy na Cypr. <b>Kiedy za\u015b Pawe\u0142 chcia\u0142 i\u015b\u0107 w<br \/>\ng\u0142\u0105b ma\u0142ej Azji, Marek si\u0119 sprzeciwi\u0142, co bardzo rozgniewa\u0142o<br \/>\nAposto\u0142a Narod\u00f3w.<\/b> Marek nie czu\u0142 si\u0119 zdolny ponosi\u0107 trud\u00f3w<br \/>\ntak uci\u0105\u017cliwej pieszej wyprawy i dlatego w roku 49 zawr\u00f3ci\u0142.<br \/>\nKiedy Pawe\u0142 wybiera\u0142 si\u0119 z Barnab\u0105 w sw\u0105 drug\u0105 podr\u00f3\u017c<br \/>\napostolsk\u0105, Barnaba chcia\u0142 zabra\u0107 ze sob\u0105 Marka, ale Aposto\u0142<br \/>\nNarod\u00f3w si\u0119 nie zgodzi\u0142. <b>Wtedy Barnaba opu\u015bci\u0142 Paw\u0142a,<\/b><br \/>\ntak \u017ce ten odt\u0105d ju\u017c sam w towarzystwie \u0141ukasza Ewangelisty i<br \/>\ninnych odbywa\u0142 swoje apostolskie podr\u00f3\u017ce. <b>A Barnaba i Marek<br \/>\nw\u00f3wczas razem udali si\u0119 na Cypr.<\/b> By\u0142a to wyspa rodzinna<br \/>\nBarnaby, a by\u0107 mo\u017ce, \u017ce r\u00f3wnie\u017c \u015awi\u0119tego Marka.\n<\/div>\n<div align=\"JUSTIFY\" style=\"margin-bottom: 0cm; text-indent: 1.25cm;\">\nW<br \/>\nkilkana\u015bcie lat potem, w roku 61, widzimy ponownie \u015awi\u0119tego Marka<br \/>\nw Rzymie przy Pawle Apostole. <b>Pisze o tym sam Pawe\u0142 w Li\u015bcie do<br \/>\nKolosan i do Filemona.<\/b> Mo\u017cliwe, \u017ce Marek wybiera\u0142 si\u0119 wtedy \u2013<br \/>\nwys\u0142any przez Paw\u0142a \u2013 do wspomnianych adresat\u00f3w, gdy\u017c Aposto\u0142<br \/>\nNarod\u00f3w \u017c\u0105da dla niego go\u015bcinnego przyj\u0119cia. W pisanym w<br \/>\nwi\u0119zieniu Li\u015bcie do Tymoteusza, <b>Pawe\u0142 prosi, aby przyby\u0142 do<br \/>\nniego tak\u017ce Marek, bo jest mu przydatny do pos\u0142ugiwania. <\/b>Na tym<br \/>\nurywaj\u0105 si\u0119 wszelkie historyczne wiadomo\u015bci o naszym dzisiejszym<br \/>\nPatronie. Nie wiemy nic pewnego o dalszych losach jego \u017cycia.\n<\/div>\n<div align=\"JUSTIFY\" style=\"margin-bottom: 0cm; text-indent: 1.25cm;\">\nWed\u0142ug<br \/>\ntradycji mia\u0142 by\u0107 za\u0142o\u017cycielem gminy chrze\u015bcija\u0144skiej w<br \/>\nAleksandrii i jej pierwszym biskupem. <b>Tam r\u00f3wnie\u017c mia\u0142 ponie\u015b\u0107<br \/>\n\u015bmier\u0107 m\u0119cze\u0144sk\u0105 za panowania cesarza Nerona. Inni przesuwaj\u0105<br \/>\ndat\u0119 jego \u015bmierci na czas p\u00f3\u017aniejszy.<\/b>\n<\/div>\n<div align=\"JUSTIFY\" style=\"margin-bottom: 0cm; text-indent: 1.25cm;\">\nNajwi\u0119ksz\u0105<br \/>\nzas\u0142ug\u0105 Marka jest jego Ewangelia, a wi\u0119c napisany zwi\u0119z\u0142y opis<br \/>\n\u017cycia i nauki Pana Jezusa. <b>Jego Ewangelia mia\u0142a by\u0107 wiernym<br \/>\nechem katechezy \u015awi\u0119tego Piotra.<\/b> Napisa\u0142 j\u0105 Marek przed<br \/>\nrokiem 62, kiedy to ju\u017c ukaza\u0142a si\u0119 Ewangelia \u015awi\u0119tego \u0141ukasza.<br \/>\n\u015awi\u0119ty Marek zna\u0142 doskonale j\u0119zyk aramejski i grecki. Dzie\u0142o<br \/>\nswoje pisa\u0142 <b>raczej nie dla \u017byd\u00f3w,<\/b> gdy\u017c cz\u0119sto t\u0142umaczy<br \/>\ns\u0142owa aramejskie na j\u0119zyk grecki, jak r\u00f3wnie\u017c \u2013 t\u0142umaczy<br \/>\nczytelnikowi \u017cydowskie zwyczaje.\n<\/div>\n<div align=\"JUSTIFY\" style=\"margin-bottom: 0cm; text-indent: 1.25cm;\">\nW<br \/>\ndzisiejszym czytaniu ewangelicznym, zaczerpni\u0119tym w\u0142a\u015bnie z tego<br \/>\ndzie\u0142a naszego Patrona, kt\u00f3re tu omawiamy, s\u0142yszymy <b>nakaz<br \/>\nmisyjny Chrystusa.<\/b> Temu\u017c nakazowi wierny i pos\u0142uszny, \u015awi\u0119ty<br \/>\nMarek podj\u0105\u0142 si\u0119 dzie\u0142a g\u0142oszenia Dobrej Nowiny o zbawieniu.<br \/>\nW\u0142\u0105czy\u0142 si\u0119 w dzie\u0142o, o kt\u00f3rym tak napisa\u0142 w zako\u0144czeniu<br \/>\nodczytanego przed chwil\u0105 fragmentu: <i><b>Oni<br \/>\nza\u015b poszli i g\u0142osili Ewangeli\u0119 wsz\u0119dzie, a Pan wsp\u00f3\u0142dzia\u0142a\u0142 z<br \/>\nnimi i potwierdza\u0142 nauk\u0119 znakami, kt\u00f3re jej towarzyszy\u0142y<\/b><\/i><b>.<br \/>\n<\/b>Jakie<br \/>\nto znaki?\n<\/div>\n<div align=\"JUSTIFY\" style=\"margin-bottom: 0cm; text-indent: 1.25cm;\">\nS\u0142yszeli\u015bmy<br \/>\nto r\u00f3wnie\u017c dzisiaj: <i><b>Tym<br \/>\nza\u015b, kt\u00f3rzy uwierz\u0105, te znaki towarzyszy\u0107 b\u0119d\u0105: W imi\u0119 moje<br \/>\nz\u0142e duchy b\u0119d\u0105 wyrzuca\u0107, nowymi j\u0119zykami m\u00f3wi\u0107 b\u0119d\u0105; w\u0119\u017ce<br \/>\nbra\u0107 b\u0119d\u0105 do r\u0105k, i je\u015bliby co zatrutego wypili, nie b\u0119dzie im<br \/>\nszkodzi\u0107. Na chorych r\u0119ce k\u0142a\u015b\u0107 b\u0119d\u0105, i ci odzyskaj\u0105 zdrowie.<br \/>\n<\/b><\/i>Mo\u017cna<br \/>\nzatem powiedzie\u0107: pe\u0142na sielanka i beztroska! Chyba jednak nie do<br \/>\nko\u0144ca.\n<\/div>\n<div align=\"JUSTIFY\" style=\"margin-bottom: 0cm; text-indent: 1.25cm;\">\nOto<br \/>\nbowiem w pierwszym czytaniu us\u0142yszeli\u015bmy: <i><b>B\u0105d\u017acie<br \/>\ntrze\u017awi! Czuwajcie! Przeciwnik wasz, diabe\u0142, jak lew rycz\u0105cy kr\u0105\u017cy<br \/>\nszukaj\u0105c kogo po\u017cre\u0107. Mocni w wierze przeciwstawiajcie si\u0119 jemu.<br \/>\nWiecie, \u017ce te same cierpienia ponosz\u0105 wasi bracia na \u015bwiecie. A<br \/>\nB\u00f3g wszelkiej \u0142aski, Ten, kt\u00f3ry was powo\u0142a\u0142 do wiecznej swojej<br \/>\nchwa\u0142y w Chrystusie, gdy troch\u0119 pocierpicie, sam was udoskonali,<br \/>\nutwierdzi, umocni i ugruntuje.<\/b><\/i><b><br \/>\n<\/b>\n<\/div>\n<div align=\"JUSTIFY\" style=\"margin-bottom: 0cm; text-indent: 1.25cm;\">\nTak<br \/>\nzatem \u2013<br \/>\ncierpienie<br \/>\njest nieod\u0142\u0105cznie zwi\u0105zane z pos\u0142ug\u0105 apostolsk\u0105. Nade wszystko<br \/>\n\u2013 towarzyszy<br \/>\njej <b>wielka<br \/>\nopieka Bo\u017ca. Wsp\u00f3\u0142dzia\u0142anie Jezusa.<\/b><br \/>\nJe\u017celi wi\u0119c<br \/>\nkto\u015b<br \/>\nchce w\u0142\u0105czy\u0107 si\u0119 w dzie\u0142o apostolskie,<br \/>\nten \u2013 m\u00f3wi\u0105c j\u0119zykiem dzisiejszych medi\u00f3w \u2013 <b>bierze<br \/>\n\u201ew pakiecie\u201d jedno i drugie.<\/b><br \/>\nNiestety, nie da si\u0119 mie\u0107<br \/>\ntylko opieki Jezusa i nie da si\u0119 wy\u0142\u0105cznie cieszy\u0107 Jego pomoc\u0105,<br \/>\ndo\u015bwiadcza\u0107 Jego nadzwyczajnej mocy, widzie\u0107 Jego znaki i cuda \u2013<br \/>\n<b>nie<br \/>\ndo\u015bwiadczaj\u0105c <\/b><b>k<\/b><b>rzy\u017ca,<br \/>\ncierpienia, przeciwno\u015bci, zakus\u00f3w z\u0142ego ducha\u2026<\/b><br \/>\nNie da si\u0119 tego unikn\u0105\u0107.\n<\/div>\n<div align=\"JUSTIFY\" style=\"margin-bottom: 0cm; text-indent: 1.25cm;\">\n<b>Bo<br \/>\nnie ma chrze\u015bcija\u0144stwa bez <\/b><b>k<\/b><b>rzy\u017ca!<\/b><br \/>\nJu\u017c w pierwszej swojej homilii przypomnia\u0142 to bardzo jasno Papie\u017c<br \/>\nFranciszek. Nie ma chrze\u015bcija\u0144stwa bez krzy\u017ca, <b>nie<br \/>\nma \u015bwiadectwa chrze\u015bcija\u0144skiego bez cierpienia. <\/b>I<br \/>\nnie dlatego bynajmniej, \u017ce komu\u015b z nas<b><br \/>\nmia\u0142oby zale\u017ce\u0107 na cierpieniu,<\/b><br \/>\nalbo mia\u0142oby sprawia\u0107 przyjemno\u015b\u0107 zadawanie cierpienie sobie, lub<br \/>\ninnym \u2013 nie! Jak wskaza\u0142 \u015awi\u0119ty Piotr \u2013 <b>to<br \/>\ndiabe\u0142, jak ten lew rycz\u0105cy, kr\u0105\u017cy i szuka zdobyczy.<\/b><br \/>\nAle tu si\u0119 otwiera wielka <b>przestrze\u0144<br \/>\ndla naszej wiary,<\/b><br \/>\nmoc\u0105 kt\u00f3rej mo\u017ce si\u0119 dokona\u0107 skuteczne zwyci\u0119stwo nad nim.\n<\/div>\n<div align=\"JUSTIFY\" style=\"margin-bottom: 0cm; text-indent: 1.25cm;\">\nNasz<br \/>\ndzisiejszy Patron, \u015awi\u0119ty Marek, do\u015bwiadczy\u0142 w swoim \u017cyciu i<br \/>\ndzia\u0142aniu <b>zar\u00f3wno<br \/>\nprzeciwno\u015bci ze strony z\u0142ego ducha, jak te\u017c pokonuj\u0105cej je<br \/>\nwszystkie \u2013 wielkiej mocy Jezusa!<\/b><br \/>\nI w\u0142a\u015bnie g\u0142osicielem tej ostatniej sta\u0142 si\u0119 poprzez Ewangeli\u0119,<br \/>\nkt\u00f3r\u0105 podarowa\u0142 Ko\u015bcio\u0142owi.\n<\/div>\n<div align=\"JUSTIFY\" style=\"margin-bottom: 0cm; text-indent: 1.25cm;\">\nNam<br \/>\nzatem nie<br \/>\npozostaje nic innego, jak przyj\u0105\u0107 z r\u0119ki \u015awi\u0119tego Marka to jego<br \/>\ndzie\u0142o, aby czytaj\u0105c je i rozwa\u017caj\u0105c, <b>do\u015bwiadcza\u0107<br \/>\nobecno\u015bci Jezusa i Jego moc\u0105 \u2013 i za Jego pomoc\u0105 \u2013 odwa\u017cnie<br \/>\n\u015bwiadczy\u0107 o swojej wierze! <\/b>A<br \/>\nim wi\u0119ksze b\u0119dzie nasze zaufanie w moc Jezusa, <b>tym<br \/>\nwi\u0119ksze i wyra\u017aniejsze znaki temu naszemu \u015bwiadectwu towarzyszy\u0107<br \/>\nb\u0119d\u0105\u2026<\/b><\/div>\n","protected":false},"excerpt":{"rendered":"<p>Szcz\u0119\u015b\u0107 Bo\u017ce! Dzisiaj prze\u017cywamy \u015awi\u0119to Marka Ewangelisty. Pozw\u00f3lcie zatem, Kochani, \u017ce w imieniu nas wszystkich, ale szczeg\u00f3lnie w\u0142asnym, b\u0119d\u0119 \u017cyczy\u0142 dzisiejszemu Solenizantowi, Ksi\u0119dzu Markowi, mojemu Bratu, aby tak, jak Jego Patron, z odwag\u0105 i zapa\u0142em g\u0142osi\u0142 Ewangeli\u0119 Jezusa tym ludziom, kt\u00f3rym Pan pozwoli\u0142 Mu teraz pos\u0142ugiwa\u0107. I aby ka\u017cdego dnia do\u015bwiadcza\u0142 i przekonywa\u0142 si\u0119, \u017ce [&hellip;]<\/p>\n","protected":false},"author":1,"featured_media":0,"comment_status":"open","ping_status":"open","sticky":false,"template":"","format":"standard","meta":{"jetpack_post_was_ever_published":false,"_jetpack_newsletter_access":"","_jetpack_dont_email_post_to_subs":false,"_jetpack_newsletter_tier_id":0,"_jetpack_memberships_contains_paywalled_content":false,"_jetpack_memberships_contains_paid_content":false,"footnotes":""},"categories":[1],"tags":[],"class_list":["post-9144","post","type-post","status-publish","format-standard","hentry","category-bez-kategorii"],"yoast_head":"<!-- This site is optimized with the Yoast SEO plugin v25.1 - https:\/\/yoast.com\/wordpress\/plugins\/seo\/ -->\n<title>Wielkie znaki Bo\u017cej mocy! - Gaudium Et Spes<\/title>\n<meta name=\"robots\" content=\"index, follow, max-snippet:-1, max-image-preview:large, max-video-preview:-1\" \/>\n<link rel=\"canonical\" href=\"https:\/\/gaudiumetspes-blog.pl\/index.php\/2013\/04\/25\/wielkie-znaki-bozej-mocy\/\" \/>\n<meta property=\"og:locale\" content=\"pl_PL\" \/>\n<meta property=\"og:type\" content=\"article\" \/>\n<meta property=\"og:title\" content=\"Wielkie znaki Bo\u017cej mocy! - Gaudium Et Spes\" \/>\n<meta property=\"og:description\" content=\"Szcz\u0119\u015b\u0107 Bo\u017ce! Dzisiaj prze\u017cywamy \u015awi\u0119to Marka Ewangelisty. Pozw\u00f3lcie zatem, Kochani, \u017ce w imieniu nas wszystkich, ale szczeg\u00f3lnie w\u0142asnym, b\u0119d\u0119 \u017cyczy\u0142 dzisiejszemu Solenizantowi, Ksi\u0119dzu Markowi, mojemu Bratu, aby tak, jak Jego Patron, z odwag\u0105 i zapa\u0142em g\u0142osi\u0142 Ewangeli\u0119 Jezusa tym ludziom, kt\u00f3rym Pan pozwoli\u0142 Mu teraz pos\u0142ugiwa\u0107. I aby ka\u017cdego dnia do\u015bwiadcza\u0142 i przekonywa\u0142 si\u0119, \u017ce [&hellip;]\" \/>\n<meta property=\"og:url\" content=\"https:\/\/gaudiumetspes-blog.pl\/index.php\/2013\/04\/25\/wielkie-znaki-bozej-mocy\/\" \/>\n<meta property=\"og:site_name\" content=\"Gaudium Et Spes\" \/>\n<meta property=\"article:published_time\" content=\"2013-04-25T04:19:00+00:00\" \/>\n<meta property=\"article:modified_time\" content=\"2019-07-31T10:53:58+00:00\" \/>\n<meta name=\"author\" content=\"Ks. Jacek\" \/>\n<meta name=\"twitter:card\" content=\"summary_large_image\" \/>\n<meta name=\"twitter:label1\" content=\"Napisane przez\" \/>\n\t<meta name=\"twitter:data1\" content=\"Ks. Jacek\" \/>\n\t<meta name=\"twitter:label2\" content=\"Szacowany czas czytania\" \/>\n\t<meta name=\"twitter:data2\" content=\"8 minut\" \/>\n<script type=\"application\/ld+json\" class=\"yoast-schema-graph\">{\"@context\":\"https:\/\/schema.org\",\"@graph\":[{\"@type\":\"WebPage\",\"@id\":\"https:\/\/gaudiumetspes-blog.pl\/index.php\/2013\/04\/25\/wielkie-znaki-bozej-mocy\/\",\"url\":\"https:\/\/gaudiumetspes-blog.pl\/index.php\/2013\/04\/25\/wielkie-znaki-bozej-mocy\/\",\"name\":\"Wielkie znaki Bo\u017cej mocy! - Gaudium Et Spes\",\"isPartOf\":{\"@id\":\"https:\/\/gaudiumetspes-blog.pl\/#website\"},\"datePublished\":\"2013-04-25T04:19:00+00:00\",\"dateModified\":\"2019-07-31T10:53:58+00:00\",\"author\":{\"@id\":\"https:\/\/gaudiumetspes-blog.pl\/#\/schema\/person\/1661982992b752dea8dff0d4ed845a65\"},\"breadcrumb\":{\"@id\":\"https:\/\/gaudiumetspes-blog.pl\/index.php\/2013\/04\/25\/wielkie-znaki-bozej-mocy\/#breadcrumb\"},\"inLanguage\":\"pl-PL\",\"potentialAction\":[{\"@type\":\"ReadAction\",\"target\":[\"https:\/\/gaudiumetspes-blog.pl\/index.php\/2013\/04\/25\/wielkie-znaki-bozej-mocy\/\"]}]},{\"@type\":\"BreadcrumbList\",\"@id\":\"https:\/\/gaudiumetspes-blog.pl\/index.php\/2013\/04\/25\/wielkie-znaki-bozej-mocy\/#breadcrumb\",\"itemListElement\":[{\"@type\":\"ListItem\",\"position\":1,\"name\":\"Strona g\u0142\u00f3wna\",\"item\":\"https:\/\/gaudiumetspes-blog.pl\/\"},{\"@type\":\"ListItem\",\"position\":2,\"name\":\"Wielkie znaki Bo\u017cej mocy!\"}]},{\"@type\":\"WebSite\",\"@id\":\"https:\/\/gaudiumetspes-blog.pl\/#website\",\"url\":\"https:\/\/gaudiumetspes-blog.pl\/\",\"name\":\"Gaudium Et Spes\",\"description\":\"Blog Ks. Jacka Ja\u015bkowskiego\",\"potentialAction\":[{\"@type\":\"SearchAction\",\"target\":{\"@type\":\"EntryPoint\",\"urlTemplate\":\"https:\/\/gaudiumetspes-blog.pl\/?s={search_term_string}\"},\"query-input\":{\"@type\":\"PropertyValueSpecification\",\"valueRequired\":true,\"valueName\":\"search_term_string\"}}],\"inLanguage\":\"pl-PL\"},{\"@type\":\"Person\",\"@id\":\"https:\/\/gaudiumetspes-blog.pl\/#\/schema\/person\/1661982992b752dea8dff0d4ed845a65\",\"name\":\"Ks. Jacek\",\"image\":{\"@type\":\"ImageObject\",\"inLanguage\":\"pl-PL\",\"@id\":\"https:\/\/gaudiumetspes-blog.pl\/#\/schema\/person\/image\/\",\"url\":\"https:\/\/gaudiumetspes-blog.pl\/wp-content\/uploads\/2019\/07\/avatar-JJ-150x150.jpg\",\"contentUrl\":\"https:\/\/gaudiumetspes-blog.pl\/wp-content\/uploads\/2019\/07\/avatar-JJ-150x150.jpg\",\"caption\":\"Ks. Jacek\"},\"description\":\"Witam serdecznie! K\u0142ania si\u0119 Ks. Jacek Ja\u015bkowski. Nie jestem ani kim\u015b wa\u017cnym, ani kim\u015b znanym. Jestem ksi\u0119dzem, kt\u00f3ry po prostu chce rozmawia\u0107. Codzienna kap\u0142a\u0144ska pos\u0142uga pokazuje mi, \u017ce temat\u00f3w do rozm\u00f3w z ksi\u0119dzem jest coraz wi\u0119cej i dzisiaj \u017caden ksi\u0105dz nie mo\u017ce od nich ucieka\u0107, ale - wprost przeciwnie - podejmowa\u0107 nowe wyzwania. To przekonanie sk\u0142oni\u0142o mnie do pr\u00f3by otwarcia tego\u017c bloga, chocia\u017c okazji do rozm\u00f3w na co dzie\u0144 - w konfesjonale i poza nim - na szcz\u0119\u015bcie nie brakuje. My\u015bl\u0119 jednak, \u017ce ten blog b\u0119dzie jeszcze jednym sposobem i przestrzeni\u0105 nawi\u0105zania kontaktu z lud\u017ami dobrej woli, otwartymi na dialog.\",\"url\":\"https:\/\/gaudiumetspes-blog.pl\/index.php\/author\/ks-jacek\/\"}]}<\/script>\n<!-- \/ Yoast SEO plugin. -->","yoast_head_json":{"title":"Wielkie znaki Bo\u017cej mocy! - Gaudium Et Spes","robots":{"index":"index","follow":"follow","max-snippet":"max-snippet:-1","max-image-preview":"max-image-preview:large","max-video-preview":"max-video-preview:-1"},"canonical":"https:\/\/gaudiumetspes-blog.pl\/index.php\/2013\/04\/25\/wielkie-znaki-bozej-mocy\/","og_locale":"pl_PL","og_type":"article","og_title":"Wielkie znaki Bo\u017cej mocy! - Gaudium Et Spes","og_description":"Szcz\u0119\u015b\u0107 Bo\u017ce! Dzisiaj prze\u017cywamy \u015awi\u0119to Marka Ewangelisty. Pozw\u00f3lcie zatem, Kochani, \u017ce w imieniu nas wszystkich, ale szczeg\u00f3lnie w\u0142asnym, b\u0119d\u0119 \u017cyczy\u0142 dzisiejszemu Solenizantowi, Ksi\u0119dzu Markowi, mojemu Bratu, aby tak, jak Jego Patron, z odwag\u0105 i zapa\u0142em g\u0142osi\u0142 Ewangeli\u0119 Jezusa tym ludziom, kt\u00f3rym Pan pozwoli\u0142 Mu teraz pos\u0142ugiwa\u0107. I aby ka\u017cdego dnia do\u015bwiadcza\u0142 i przekonywa\u0142 si\u0119, \u017ce [&hellip;]","og_url":"https:\/\/gaudiumetspes-blog.pl\/index.php\/2013\/04\/25\/wielkie-znaki-bozej-mocy\/","og_site_name":"Gaudium Et Spes","article_published_time":"2013-04-25T04:19:00+00:00","article_modified_time":"2019-07-31T10:53:58+00:00","author":"Ks. Jacek","twitter_card":"summary_large_image","twitter_misc":{"Napisane przez":"Ks. Jacek","Szacowany czas czytania":"8 minut"},"schema":{"@context":"https:\/\/schema.org","@graph":[{"@type":"WebPage","@id":"https:\/\/gaudiumetspes-blog.pl\/index.php\/2013\/04\/25\/wielkie-znaki-bozej-mocy\/","url":"https:\/\/gaudiumetspes-blog.pl\/index.php\/2013\/04\/25\/wielkie-znaki-bozej-mocy\/","name":"Wielkie znaki Bo\u017cej mocy! - Gaudium Et Spes","isPartOf":{"@id":"https:\/\/gaudiumetspes-blog.pl\/#website"},"datePublished":"2013-04-25T04:19:00+00:00","dateModified":"2019-07-31T10:53:58+00:00","author":{"@id":"https:\/\/gaudiumetspes-blog.pl\/#\/schema\/person\/1661982992b752dea8dff0d4ed845a65"},"breadcrumb":{"@id":"https:\/\/gaudiumetspes-blog.pl\/index.php\/2013\/04\/25\/wielkie-znaki-bozej-mocy\/#breadcrumb"},"inLanguage":"pl-PL","potentialAction":[{"@type":"ReadAction","target":["https:\/\/gaudiumetspes-blog.pl\/index.php\/2013\/04\/25\/wielkie-znaki-bozej-mocy\/"]}]},{"@type":"BreadcrumbList","@id":"https:\/\/gaudiumetspes-blog.pl\/index.php\/2013\/04\/25\/wielkie-znaki-bozej-mocy\/#breadcrumb","itemListElement":[{"@type":"ListItem","position":1,"name":"Strona g\u0142\u00f3wna","item":"https:\/\/gaudiumetspes-blog.pl\/"},{"@type":"ListItem","position":2,"name":"Wielkie znaki Bo\u017cej mocy!"}]},{"@type":"WebSite","@id":"https:\/\/gaudiumetspes-blog.pl\/#website","url":"https:\/\/gaudiumetspes-blog.pl\/","name":"Gaudium Et Spes","description":"Blog Ks. Jacka Ja\u015bkowskiego","potentialAction":[{"@type":"SearchAction","target":{"@type":"EntryPoint","urlTemplate":"https:\/\/gaudiumetspes-blog.pl\/?s={search_term_string}"},"query-input":{"@type":"PropertyValueSpecification","valueRequired":true,"valueName":"search_term_string"}}],"inLanguage":"pl-PL"},{"@type":"Person","@id":"https:\/\/gaudiumetspes-blog.pl\/#\/schema\/person\/1661982992b752dea8dff0d4ed845a65","name":"Ks. Jacek","image":{"@type":"ImageObject","inLanguage":"pl-PL","@id":"https:\/\/gaudiumetspes-blog.pl\/#\/schema\/person\/image\/","url":"https:\/\/gaudiumetspes-blog.pl\/wp-content\/uploads\/2019\/07\/avatar-JJ-150x150.jpg","contentUrl":"https:\/\/gaudiumetspes-blog.pl\/wp-content\/uploads\/2019\/07\/avatar-JJ-150x150.jpg","caption":"Ks. Jacek"},"description":"Witam serdecznie! K\u0142ania si\u0119 Ks. Jacek Ja\u015bkowski. Nie jestem ani kim\u015b wa\u017cnym, ani kim\u015b znanym. Jestem ksi\u0119dzem, kt\u00f3ry po prostu chce rozmawia\u0107. Codzienna kap\u0142a\u0144ska pos\u0142uga pokazuje mi, \u017ce temat\u00f3w do rozm\u00f3w z ksi\u0119dzem jest coraz wi\u0119cej i dzisiaj \u017caden ksi\u0105dz nie mo\u017ce od nich ucieka\u0107, ale - wprost przeciwnie - podejmowa\u0107 nowe wyzwania. To przekonanie sk\u0142oni\u0142o mnie do pr\u00f3by otwarcia tego\u017c bloga, chocia\u017c okazji do rozm\u00f3w na co dzie\u0144 - w konfesjonale i poza nim - na szcz\u0119\u015bcie nie brakuje. My\u015bl\u0119 jednak, \u017ce ten blog b\u0119dzie jeszcze jednym sposobem i przestrzeni\u0105 nawi\u0105zania kontaktu z lud\u017ami dobrej woli, otwartymi na dialog.","url":"https:\/\/gaudiumetspes-blog.pl\/index.php\/author\/ks-jacek\/"}]}},"jetpack_featured_media_url":"","jetpack_sharing_enabled":true,"_links":{"self":[{"href":"https:\/\/gaudiumetspes-blog.pl\/index.php\/wp-json\/wp\/v2\/posts\/9144","targetHints":{"allow":["GET"]}}],"collection":[{"href":"https:\/\/gaudiumetspes-blog.pl\/index.php\/wp-json\/wp\/v2\/posts"}],"about":[{"href":"https:\/\/gaudiumetspes-blog.pl\/index.php\/wp-json\/wp\/v2\/types\/post"}],"author":[{"embeddable":true,"href":"https:\/\/gaudiumetspes-blog.pl\/index.php\/wp-json\/wp\/v2\/users\/1"}],"replies":[{"embeddable":true,"href":"https:\/\/gaudiumetspes-blog.pl\/index.php\/wp-json\/wp\/v2\/comments?post=9144"}],"version-history":[{"count":1,"href":"https:\/\/gaudiumetspes-blog.pl\/index.php\/wp-json\/wp\/v2\/posts\/9144\/revisions"}],"predecessor-version":[{"id":11045,"href":"https:\/\/gaudiumetspes-blog.pl\/index.php\/wp-json\/wp\/v2\/posts\/9144\/revisions\/11045"}],"wp:attachment":[{"href":"https:\/\/gaudiumetspes-blog.pl\/index.php\/wp-json\/wp\/v2\/media?parent=9144"}],"wp:term":[{"taxonomy":"category","embeddable":true,"href":"https:\/\/gaudiumetspes-blog.pl\/index.php\/wp-json\/wp\/v2\/categories?post=9144"},{"taxonomy":"post_tag","embeddable":true,"href":"https:\/\/gaudiumetspes-blog.pl\/index.php\/wp-json\/wp\/v2\/tags?post=9144"}],"curies":[{"name":"wp","href":"https:\/\/api.w.org\/{rel}","templated":true}]}}