{"id":9146,"date":"2013-04-23T05:59:00","date_gmt":"2013-04-23T03:59:00","guid":{"rendered":"https:\/\/gaudiumetspes-blog.pl\/index.php\/2013\/04\/23\/co-po-mnie-pozostanie\/"},"modified":"2019-07-31T12:53:58","modified_gmt":"2019-07-31T10:53:58","slug":"co-po-mnie-pozostanie","status":"publish","type":"post","link":"https:\/\/gaudiumetspes-blog.pl\/index.php\/2013\/04\/23\/co-po-mnie-pozostanie\/","title":{"rendered":"Co po mnie pozostanie?&#8230;"},"content":{"rendered":"<p><\/p>\n<div align=\"JUSTIFY\" style=\"margin-bottom: 0cm;\">\nSzcz\u0119\u015b\u0107 Bo\u017ce! Witam i pozdrawiam Was, Kochani, u progu nowego dnia. Dzisiaj czyni\u0119 to w Domu Rodzinnym.<\/div>\n<div align=\"JUSTIFY\" style=\"margin-bottom: 0cm;\">\n&nbsp; &nbsp; Chcia\u0142bym Was ponownie poprosi\u0107, aby\u015bcie stale zagl\u0105dali do Wielkiej Ksi\u0119gi Intencji i polecali Bogu w modlitwie zapisane tam sprawy. Ja za chwil\u0119 dopisz\u0119 jeszcze jedn\u0105 intencj\u0119. Prosz\u0119 r\u00f3wnie\u017c, aby\u015bmy nie zapominali o naszej \u0142\u0105czno\u015bci duchowej o godzinie 20.00, a tak\u017ce &#8211; o ka\u017cdej innej modlitewnej \u0142\u0105czno\u015bci. Bardzo zale\u017cy mi na tym, aby nasze forum by\u0142o przestrzeni\u0105 wymiany my\u015bli i refleksji, ale tak\u017ce &#8211; przestrzeni\u0105 wzajemnej modlitwy. Moi Drodzy, wiemy wszyscy dobrze, \u017ce bez modlitwy &#8211; nie ma niczego! A na pewno &#8211; niczego dobrego.<\/div>\n<div align=\"JUSTIFY\" style=\"margin-bottom: 0cm;\">\n&nbsp; &nbsp; Odpowiadaj\u0105c za\u015b na wczorajsze pytanie Gosi przypomn\u0119, \u017ce Og\u00f3lne Wprowadzenie do Msza\u0142u Rzymskiego dopuszcza &#8211; na zasadzie r\u00f3wno\u015bci &#8211; dwa rozwi\u0105zania: przyjmowanie Komunii \u015awi\u0119tej w pozycji kl\u0119cz\u0105cej, lub stoj\u0105cej, przy czym pozycja stoj\u0105ca winna by\u0107 zwi\u0105zana z procesj\u0105 komunijn\u0105, kiedy to wierni podchodz\u0105 do O\u0142tarza, przykl\u0119kaj\u0105 w momencie, kiedy Komuni\u0119 przyjmuje poprzednia osoba, a nast\u0119pnie &#8211; sami przyjmuj\u0105 na stoj\u0105co. I spokojnie odchodz\u0105. Takie przyjmowanie te\u017c ma sens, jest uporz\u0105dkowane, nie ma przepychania si\u0119&#8230;&nbsp;<\/div>\n<div align=\"JUSTIFY\" style=\"margin-bottom: 0cm;\">\n&nbsp; &nbsp; Natomiast w chwili, gdy podchodzi si\u0119 do O\u0142tarza i ludzie ustawiaj\u0105 si\u0119 obok siebie, a ksi\u0105dz chodzi z jednej strony w drug\u0105, udzielaj\u0105c Komunii, w\u00f3wczas powinno si\u0119 kl\u0119kn\u0105\u0107.&nbsp;<\/div>\n<div align=\"JUSTIFY\" style=\"margin-bottom: 0cm;\">\n&nbsp; &nbsp; &nbsp;Ja tak prywatnie uwa\u017cam, \u017ce nie od zewn\u0119trznej postawy zale\u017cy owocno\u015b\u0107 przyjmowania Komunii \u015awi\u0119tej, a od nastawienia wewn\u0119trznego, bo znam przynajmniej kilka takich Os\u00f3b, kt\u00f3re przyjmuj\u0105 na kl\u0119cz\u0105co i nawet rozpychaj\u0105 si\u0119 \u0142okciami, \u017ceby ukl\u0119kn\u0105\u0107, natomiast ich \u017cycie jest anty\u015bwiadectwem! Dlatego ja nie upieram si\u0119 przy zewn\u0119trznej postawie, natomiast jako lepsze uwa\u017cam przykl\u0119kanie &#8211; ze wzgl\u0119du na szacunek do Eucharystii; szacunek, kt\u00f3ry w ostatnich latach w\u015br\u00f3d ludzi maleje i trzeba go mocno akcentowa\u0107.&nbsp;<\/div>\n<div align=\"JUSTIFY\" style=\"margin-bottom: 0cm;\">\n&nbsp; &nbsp; W tym wzgl\u0119dzie podpisuj\u0119 si\u0119 w stu procentach pod opini\u0105 Benedykta XVI, kt\u00f3ry w swoim czasie stwierdzi\u0142, \u017ce sam przyjmowa\u0142 cz\u0119sto i udziela\u0142 Komunii na stoj\u0105co i &#8222;na r\u0119k\u0119&#8221;, ale wprowadzi\u0142 na czas swego Pontyfikatu Komuni\u0119 na kl\u0119cz\u0105co i &#8222;do ust&#8221;, \u017ceby podkre\u015bli\u0107 wobec dzisiejszego \u015bwiata konieczno\u015b\u0107 maksymalnego uszanowania Eucharystii. Podpisuj\u0119 si\u0119 pod tym i uwa\u017cam, \u017ce korona z g\u0142owy nikomu nie spadnie, jak przykl\u0119knie. Nie jest to jednak warunek konieczny do wa\u017cno\u015bci i owocno\u015bci Komunii \u015awi\u0119tej.<\/div>\n<div align=\"JUSTIFY\" style=\"margin-bottom: 0cm;\">\n&nbsp; &nbsp; &nbsp;A oto dzisiaj &#8211; spr\u00f3bujemy nauczy\u0107 si\u0119 czego\u015b od \u015awi\u0119tego Wojciecha&#8230;<\/div>\n<div align=\"JUSTIFY\" style=\"margin-bottom: 0cm;\">\n&nbsp; &nbsp; &nbsp; &nbsp; &nbsp; Gaudium et spes! &nbsp;Ks. Jacek<\/div>\n<div align=\"JUSTIFY\" style=\"margin-bottom: 0cm;\">\n<\/div>\n<div align=\"JUSTIFY\" style=\"margin-bottom: 0cm;\">\n<b style=\"font-family: 'Book Antiqua', serif; font-size: x-large;\">Uroczysto\u015b\u0107<br \/>\n\u015awi\u0119tego Wojciecha, Biskupa i M\u0119czennika,<\/b><\/div>\n<div align=\"JUSTIFY\" style=\"margin-bottom: 0cm;\">\n<b>G\u0142\u00f3wnego<br \/>\nPatrona Polski,<\/b><\/div>\n<div align=\"JUSTIFY\" style=\"margin-bottom: 0cm;\">\n<b>do<br \/>\nczyta\u0144 z t. VI Lekcjonarza:  <\/b><b>Dz 1,3\u20138;  Flp 1,20c\u201330;  J<br \/>\n12,24\u201326<\/b>\n<\/div>\n<div align=\"JUSTIFY\" style=\"margin-bottom: 0cm;\">\n\n<\/div>\n<div align=\"JUSTIFY\" style=\"margin-bottom: 0cm; page-break-before: auto;\">\n<b>CZYTANIE<br \/>\nZ DZIEJ\u00d3W APOSTOLSKICH:<\/b><\/div>\n<div align=\"JUSTIFY\" style=\"margin-bottom: 0cm; text-indent: 1.22cm;\">\n<b>Po<br \/>\nswojej m\u0119ce Jezus da\u0142 Aposto\u0142om wiele dowod\u00f3w, \u017ce \u017cyje:<br \/>\nukazywa\u0142 si\u0119 im przez czterdzie\u015bci dni i m\u00f3wi\u0142 o kr\u00f3lestwie<br \/>\nBo\u017cym. A podczas wsp\u00f3lnego posi\u0142ku kaza\u0142 im nie odchodzi\u0107 z<br \/>\nJerozolimy, ale oczekiwa\u0107 obietnicy Ojca. <\/b>\n<\/div>\n<div align=\"JUSTIFY\" style=\"margin-bottom: 0cm; text-indent: 1.22cm;\">\n<b>M\u00f3wi\u0142:<br \/>\n\u201eS\u0142yszeli\u015bcie o niej ode Mnie: Jan chrzci\u0142 wod\u0105, ale wy wkr\u00f3tce<br \/>\nzostaniecie ochrzczeni Duchem \u015awi\u0119tym\u201d. <\/b>\n<\/div>\n<div align=\"JUSTIFY\" style=\"margin-bottom: 0cm; text-indent: 1.22cm;\">\n<b>Zapytywali<br \/>\nGo zebrani: \u201ePanie, czy w tym czasie przywr\u00f3cisz kr\u00f3lestwo<br \/>\nIzraela?\u201d Odpowiedzia\u0142 im: \u201eNie wasza to rzecz zna\u0107 czas i<br \/>\nchwil\u0119, kt\u00f3re Ojciec ustali\u0142 swoj\u0105 w\u0142adz\u0105, ale gdy Duch \u015awi\u0119ty<br \/>\nzst\u0105pi na was, otrzymacie Jego moc i b\u0119dziecie moimi \u015bwiadkami w<br \/>\nJerozolimie i w ca\u0142ej Judei, i w Samarii, i a\u017c po kra\u0144ce ziemi\u201d.<\/b><\/div>\n<div align=\"JUSTIFY\" style=\"margin-bottom: 0cm;\">\n\n<\/div>\n<div align=\"JUSTIFY\" style=\"margin-bottom: 0cm;\">\n<b>CZYTANIE<br \/>\nZ LISTU \u015aWI\u0118TEGO<br \/>\nPAW\u0141A APOSTO\u0141A DO FILIPIAN: <\/b>\n<\/div>\n<div align=\"JUSTIFY\" style=\"margin-bottom: 0cm; text-indent: 1.22cm;\">\n<b>Bracia:<br \/>\nChrystus b\u0119dzie uwielbiony w moim ciele: czy to przez \u017cycie, czy<br \/>\nprzez \u015bmier\u0107. Dla mnie bowiem \u017cy\u0107 to Chrystus, a umrze\u0107 to zysk.<br \/>\nJe\u015bli bowiem \u017cy\u0107 w ciele \u2013 to dla mnie owocna praca, co mam<br \/>\nwybra\u0107? Nie umiem powiedzie\u0107. <\/b>\n<\/div>\n<div align=\"JUSTIFY\" style=\"margin-bottom: 0cm; text-indent: 1.22cm;\">\n<b>Z<br \/>\ndw\u00f3ch stron doznaj\u0119 nalegania: pragn\u0119 odej\u015b\u0107 i by\u0107 z<br \/>\nChrystusem, bo to o wiele lepsze, pozostawa\u0107 za\u015b w ciele to<br \/>\nbardziej dla was konieczne. A ufny w to, wiem, \u017ce pozostan\u0119, i to<br \/>\npozostan\u0119 nadal dla was wszystkich, dla waszego post\u0119pu i rado\u015bci<br \/>\nw wierze, aby ros\u0142a wasza duma w Chrystusie przeze mnie, przez moj\u0105<br \/>\nponown\u0105 obecno\u015b\u0107 u was. <\/b>\n<\/div>\n<div align=\"JUSTIFY\" style=\"margin-bottom: 0cm; text-indent: 1.22cm;\">\n<b>Tylko<br \/>\nsprawujcie si\u0119 w spos\u00f3b godny Ewangelii Chrystusowej, abym ja, czy<br \/>\nto gdy przyb\u0119d\u0119 i ujrz\u0119 was, czy te\u017c b\u0119d\u0105c z daleka, m\u00f3g\u0142<br \/>\nus\u0142ysze\u0107 o was, \u017ce trwacie mocno w jednym duchu, jednym sercem<br \/>\nwalcz\u0105c wsp\u00f3lnie o wiar\u0119 w Ewangeli\u0119, i w niczym nie dajecie si\u0119<br \/>\nzastraszy\u0107 przeciwnikom. To w\u0142a\u015bnie dla nich jest zapowiedzi\u0105<br \/>\nzag\u0142ady, a dla was zbawienia, i to przez Boga. Wam bowiem z \u0142aski<br \/>\ndane jest to dla Chrystusa: nie tylko w Niego wierzy\u0107, ale i dla<br \/>\nNiego cierpie\u0107, skoro toczycie t\u0119 sam\u0105 walk\u0119, jak\u0105 u mnie<br \/>\nwidzieli\u015bcie, a o jakiej u mnie teraz s\u0142yszycie.<\/b><\/div>\n<div align=\"JUSTIFY\" style=\"margin-bottom: 0cm;\">\n\n<\/div>\n<div align=\"JUSTIFY\" style=\"margin-bottom: 0cm;\">\n<b>S\u0141OWA<br \/>\nEWANGELII WED\u0141UG \u015aWI\u0118TEGO<br \/>\nJANA: <\/b>\n<\/div>\n<div align=\"JUSTIFY\" style=\"margin-bottom: 0cm; text-indent: 1.24cm;\">\n<b>Jezus<br \/>\npowiedzia\u0142 do swoich uczni\u00f3w: \u201eZaprawd\u0119, zaprawd\u0119, powiadam<br \/>\nwam: Je\u017celi ziarno pszenicy wpad\u0142szy w ziemi\u0119 nie obumrze,<br \/>\nzostanie tylko samo, ale je\u017celi obumrze, przynosi plon obfity. <\/b>\n<\/div>\n<div align=\"JUSTIFY\" style=\"margin-bottom: 0cm; text-indent: 1.24cm;\">\n<b>Ten,<br \/>\nkto kocha swoje \u017cycie, traci je, a kto nienawidzi swego \u017cycia na<br \/>\ntym \u015bwiecie, zachowa je na \u017cycie wieczne. <\/b>\n<\/div>\n<div align=\"JUSTIFY\" style=\"margin-bottom: 0cm; text-indent: 1.24cm;\">\n<b>A<br \/>\nkto by chcia\u0142 Mi s\u0142u\u017cy\u0107, niech idzie za Mn\u0105, a gdzie Ja jestem,<br \/>\ntam b\u0119dzie i m\u00f3j s\u0142uga. A je\u015bli kto\u015b Mi s\u0142u\u017cy, uczci go m\u00f3j<br \/>\nOjciec\u201d.<\/b><\/div>\n<div align=\"JUSTIFY\" style=\"margin-bottom: 0cm;\">\n\n<\/div>\n<div align=\"JUSTIFY\" style=\"margin-bottom: 0cm; page-break-before: auto; text-indent: 1.22cm;\">\nPatron<br \/>\ndnia dzisiejszego, <b>\u015awi\u0119ty<br \/>\n<\/b><b>Wojciech<br \/>\nurodzi\u0142 si\u0119 oko\u0142o roku 956.<\/b><br \/>\nPochodzi\u0142 z mo\u017cnego rodu S\u0142awnik\u00f3w. <b>W<br \/>\nroku 983 zosta\u0142 biskupem Pragi.<\/b><br \/>\nZ powodu wa\u015bni rodowych musia\u0142 <b>dwukrotnie<br \/>\nopuszcza\u0107 swoj\u0105 stolic\u0119.<\/b><br \/>\nW Rzymie wst\u0105pi\u0142 do opactwa benedykty\u0144skiego. Nast\u0119pnie<br \/>\nby\u0142<br \/>\nmisjonarzem na W\u0119grzech i w Polsce. Z Polski wyruszy\u0142 do Prus,<br \/>\ngdzie <b>zgin\u0105\u0142<br \/>\nz r\u0119ki pogan 23 kwietnia 997 roku.<\/b><br \/>\nKanonizowa\u0142<br \/>\ngo Papie\u017c Sylwester II przed rokiem 999. Relikwie \u015awi\u0119tego<br \/>\nWojciecha<br \/>\nspoczywaj\u0105 w katedrze gnie\u017anie\u0144skiej.<\/p>\n<\/div>\n<div align=\"JUSTIFY\" style=\"margin-bottom: 0cm; text-indent: 1.24cm;\">\n<b><i>Zaprawd\u0119,<br \/>\nzaprawd\u0119, powiadam wam: Je\u017celi ziarno pszenicy wpad\u0142szy w ziemi\u0119<br \/>\nnie obumrze, zostanie tylko samo, ale je\u017celi obumrze, przynosi plon<br \/>\nobfity. <\/i><i>Ten, kto<br \/>\nkocha swoje \u017cycie, traci je, a kto nienawidzi swego \u017cycia na tym<br \/>\n\u015bwiecie, zachowa je na \u017cycie wieczne. <\/i><i>A<br \/>\nkto by chcia\u0142 Mi s\u0142u\u017cy\u0107, niech idzie za Mn\u0105, a gdzie Ja jestem,<br \/>\ntam b\u0119dzie i m\u00f3j s\u0142uga. A je\u015bli kto\u015b Mi s\u0142u\u017cy, uczci go m\u00f3j<br \/>\nOjciec<\/i>\u2026<br \/>\n<\/b>S\u0142uchaj\u0105c<br \/>\nkr\u00f3tkiej noty biograficznej dzisiejszego Patrona oraz r\u00f3wnie<br \/>\nkr\u00f3tkiego fragmentu Ewangelii \u015awi\u0119tego Jana \u2013 fragmentu<br \/>\nprzeznaczonego na dzisiejszy dzie\u0144 w Liturgii Ko\u015bcio\u0142a \u2013 mo\u017cemy<br \/>\nw\u0142a\u015bciwie stwierdzi\u0107, \u017ce <b>us\u0142yszeli\u015bmy<br \/>\ndwa razy o tym samym.<\/b><\/p>\n<\/div>\n<div align=\"JUSTIFY\" style=\"margin-bottom: 0cm; text-indent: 1.24cm;\">\nOto<br \/>\nbowiem \u017cycie \u015awi\u0119tego Wojciecha to <b>Ewangelia<br \/>\nprze\u0142o\u017cona na konkret biskupiej i misjonarskiej pos\u0142ugi.<\/b><br \/>\nBardzo by\u0142 w tej pos\u0142udze nasz Patron <b>osamotniony<\/b>,<br \/>\ndwukrotnie musia\u0142 ucieka\u0107 ze swojej diecezji. A jednocze\u015bnie,<br \/>\npoprzez skrajne ub\u00f3stwo, w jakim \u017cy\u0142, oddaj\u0105c wszystko biednym i<br \/>\npotrzebuj\u0105cym, <b>traci\u0142<br \/>\nswoje \u017cycie na tym \u015bwiecie. <\/b>A\u017c<br \/>\ndo tego momentu, kiedy <b>straci\u0142<br \/>\nje ca\u0142kowicie<\/b><br \/>\nw okolicach dzisiejszego Elbl\u0105ga. Poni\u00f3s\u0142 \u015bmier\u0107 m\u0119cze\u0144sk\u0105,<br \/>\nodda\u0142 \u017cycie \u2013 <b>ale<br \/>\nzyska\u0142 \u017cycie. Wieczne \u017cycie. <\/b>\n<\/div>\n<div align=\"JUSTIFY\" style=\"margin-bottom: 0cm; text-indent: 1.24cm;\">\nJego<br \/>\npi\u0119kna<br \/>\npostawa sprawi\u0142a, \u017ce zar\u00f3wno przez t\u0119 bohatersk\u0105 \u015bmier\u0107, jak i<br \/>\npoprzez swoje pe\u0142ne po\u015bwi\u0119cenia \u017cycie <b>uwielbia\u0142<br \/>\non Pana<\/b><br \/>\n\u2013 jak to pi\u0119knie uj\u0105\u0142, pisz\u0105c<br \/>\no swoim \u017cyciu,<br \/>\nPawe\u0142 Aposto\u0142 w Li\u015bcie do Filipian. I<br \/>\ntak\u017ce wiele takich<br \/>\nrozterek, jak te, opisane przez Aposto\u0142a, prze\u017cywa\u0142<br \/>\nBiskup Wojciech, kiedy<br \/>\nto <b>nie<br \/>\numia\u0142 sobie poradzi\u0107 z oporem ze strony swoich diecezjan\u2026<\/b><br \/>\nRatowa\u0142<br \/>\nsi\u0119 w\u00f3wczas<br \/>\nodej\u015bciem<br \/>\nod nich, po czym ponownie t\u0119 pos\u0142ug\u0119 podejmowa\u0142\u2026\n<\/div>\n<div align=\"JUSTIFY\" style=\"margin-bottom: 0cm; text-indent: 1.24cm;\">\nTrudne<br \/>\nby\u0142o to jego \u017cycie. Ale pi\u0119kne. I odwa\u017cne. Swoj\u0105 postaw\u0105<br \/>\npotwierdzi\u0142, \u017ce post\u0119puje \u2013 \u017ceby znowu<br \/>\nu\u017cy\u0107<br \/>\nokre\u015blenia z dzisiejszego drugiego czytania \u2013 <b>w<br \/>\nspos\u00f3b godny<br \/>\nEwangelii Chrystusowej. I w niczym nie da\u0142 si\u0119 zastraszy\u0107<br \/>\nprzeciwnikom. Bez wzgl\u0119du na wszystko \u017cy\u0142 Ewangeli\u0105, g\u0142osi\u0142<br \/>\nEwangeli\u0119, \u015bwiadczy\u0142 o niej.<\/b><br \/>\nNiczego nie zmieni\u0142, ani nie z\u0142agodzi\u0142, pomimo oporu s\u0142uchaczy.<br \/>\nA\u017c odda\u0142 \u017cycie.\n<\/div>\n<div align=\"JUSTIFY\" style=\"margin-bottom: 0cm; text-indent: 1.24cm;\">\nZda\u0142<br \/>\nsi\u0119 w pe\u0142ni na Jezusa <b>i<br \/>\nnie martwi\u0142 si\u0119 na zapas, <\/b>jak<br \/>\nmartwili si\u0119 Aposto\u0142owie w chwili po\u017cegnania z Jezusem, gdy<br \/>\nwst\u0119powa\u0142 do Nieba. S\u0142yszeli\u015bmy o tym w pierwszym czytaniu. Jezus<br \/>\nmusia\u0142 im wreszcie powiedzie\u0107, <b>\u017ce<br \/>\nto nie ich sprawa zna\u0107 czas i chwile, ustalone przez Ojca \u2013 oni<br \/>\nmaj\u0105 zaj\u0105\u0107 si\u0119 g\u0142oszeniem S\u0142owa. Tu i teraz. <\/b>\n<\/div>\n<div align=\"JUSTIFY\" style=\"margin-bottom: 0cm; text-indent: 1.24cm;\">\nI<br \/>\ntak te\u017c swoj\u0105 pos\u0142ug\u0119 pojmowa\u0142 \u015awi\u0119ty Wojciech. Nie<br \/>\ndba\u0142 o siebie, nie dba\u0142 o swoje sprawy i swoje utrzymanie, <b>zupe\u0142nie<br \/>\nnie dba\u0142 o wzgl\u0119dy ludzkie i pochwa\u0142y,<\/b><br \/>\na jedynie o to, aby <b>g\u0142osi\u0107<br \/>\nludziom S\u0142owo Bo\u017ce i nie\u015b\u0107 \u015bwiatu nadziej\u0119.<\/b><br \/>\nDzisiaj, po tysi\u0105cu lat, jego \u015bwiadectwo nadal mocno przemawia do<br \/>\nserc i umys\u0142\u00f3w ludzi, szczeg\u00f3lnie <b>w<br \/>\nnaszej Ojczy\u017anie, kt\u00f3rej jest Patronem.<\/b><\/p>\n<\/div>\n<div align=\"JUSTIFY\" style=\"margin-bottom: 0cm; text-indent: 1.24cm;\">\nWpatruj\u0105c<br \/>\nsi\u0119 w jego \u017cycie i \u015bmier\u0107, w jego bohatersk\u0105 odwag\u0119, po\u0142\u0105czon\u0105<br \/>\nz ogromn\u0105 pokor\u0105; jego <b>oddanie<br \/>\nsi\u0119 Bogu i oddanie si\u0119 ludziom<\/b><br \/>\n\u2013 w kontek\u015bcie Niedzieli Dobrego Pasterza i w tygodniu, kt\u00f3ry<br \/>\nukazuje nam Jezusa w\u0142a\u015bnie jako Dobrego Pasterza \u2013<br \/>\nzastanawiam si\u0119, <b>co<br \/>\njest rysem szczeg\u00f3lnym mojego \u017cycia i mojego dzia\u0142ania?<\/b><br \/>\nPo czym dzisiaj \u2013 i po czym kiedy\u015b w przysz\u0142o\u015bci \u2013 <b>b\u0119dzie<br \/>\nmo\u017cna rozpozna\u0107 moj\u0105 postaw\u0119?<\/b><br \/>\nCo j\u0105 ju\u017c dzisiaj <b>tak<br \/>\nszczeg\u00f3lnie charakteryzuje:<\/b><br \/>\ntroska o innych, czy przede wszystkim o siebie? Ws\u0142uchiwanie si\u0119 w<br \/>\nwol\u0119 Bo\u017c\u0105 w stosunku do siebie, <b>czy<br \/>\nnaginanie Bo\u017cej woli i Bo\u017cej nauki do siebie?<\/b><br \/>\nPracowito\u015b\u0107, aktywno\u015b\u0107, nieprzeci\u0119tno\u015b\u0107 i odwaga \u2013 <b>czy<br \/>\nbierna i mierna egzystencja z dnia na dzie\u0144?\u2026<\/b><br \/>\nCo jest rysem charakterystycznym mojej postawy?\n<\/div>\n<div align=\"JUSTIFY\" style=\"margin-bottom: 0cm; text-indent: 1.24cm;\">\nI<br \/>\n\u2013 je\u015bli mo\u017cna wybiec nieco do przodu \u2013 <b>co<br \/>\npozostanie po mnie, kiedy ju\u017c z tego \u015bwiata odejd\u0119?\u2026<\/b><\/p>\n<\/div>\n<div align=\"JUSTIFY\" style=\"margin-bottom: 0cm; text-indent: 1.24cm;\">\nW\u0142a\u015bnie<br \/>\nu\u015bwiadomi\u0142em sobie, \u017ce <b>nigdy<br \/>\njeszcze tak otwarcie nie postawi\u0142em takiego pytania<\/b><br \/>\nw \u017cadnym rozwa\u017caniu ani homilii\u2026 A mo\u017ce jednak warto i takie<br \/>\npytanie postawi\u0107?\u2026 Wcze\u015bniej czy p\u00f3\u017aniej stanie si\u0119 ono<br \/>\naktualne, ale odpowied\u017a na nie b\u0119dzie zale\u017ca\u0142a od tego, <b>jak<br \/>\n\u017cyj\u0119 dzisiaj: dla kogo, w jaki spos\u00f3b i dla jakich warto\u015bci?\u2026<\/b><\/p>\n<\/div>\n<div align=\"JUSTIFY\" style=\"margin-bottom: 0cm; text-indent: 1.24cm;\">\nNo<br \/>\nc\u00f3\u017c, zrobi\u0142o si\u0119 nieco podnio\u015ble i patetycznie&#8230; Ale w ko\u0144cu<br \/>\nprze\u017cywamy Uroczysto\u015b\u0107 \u015awi\u0119tego, kt\u00f3rego \u015bwiadectwo <b>przemawia<br \/>\ndo nas, Polak\u00f3w, niezmiennie od tysi\u0105ca lat! I<br \/>\nwci\u0105\u017c jest aktualne!<\/b><br \/>\nDlatego<br \/>\njest to dobra okazja, aby zastanowi\u0107 si\u0119 nad swoim \u015bwiadectwem<br \/>\n\u017cycia, nad swoim d\u0105\u017ceniem do \u015bwi\u0119to\u015bci \u2013 <b>i<br \/>\nnad swoim duchowym dorobkiem:<\/b><br \/>\nczy b\u0119d\u0119 mia\u0142 co przekaza\u0107 swoim nast\u0119pcom, czy wszystko, co<br \/>\nmoje, zakopi\u0105 kiedy\u015b w ziemi? Czy<br \/>\nmoje \u017cycie \u2013 to takie ziarno, kt\u00f3re wyda plon stokrotny, <b>czy<br \/>\nzostanie tylko samo: samo dla siebie?\u2026<\/b><\/p>\n<\/div>\n<div align=\"JUSTIFY\" style=\"margin-bottom: 0cm; text-indent: 1.24cm;\">\n\u015awiadectwo<br \/>\n\u017cycia Wojciecha jest dla nas bardzo mocnym i konkretnym wskazaniem\u2026<\/div>\n","protected":false},"excerpt":{"rendered":"<p>Szcz\u0119\u015b\u0107 Bo\u017ce! Witam i pozdrawiam Was, Kochani, u progu nowego dnia. Dzisiaj czyni\u0119 to w Domu Rodzinnym. &nbsp; &nbsp; Chcia\u0142bym Was ponownie poprosi\u0107, aby\u015bcie stale zagl\u0105dali do Wielkiej Ksi\u0119gi Intencji i polecali Bogu w modlitwie zapisane tam sprawy. Ja za chwil\u0119 dopisz\u0119 jeszcze jedn\u0105 intencj\u0119. Prosz\u0119 r\u00f3wnie\u017c, aby\u015bmy nie zapominali o naszej \u0142\u0105czno\u015bci duchowej o [&hellip;]<\/p>\n","protected":false},"author":1,"featured_media":0,"comment_status":"open","ping_status":"open","sticky":false,"template":"","format":"standard","meta":{"jetpack_post_was_ever_published":false,"_jetpack_newsletter_access":"","_jetpack_dont_email_post_to_subs":false,"_jetpack_newsletter_tier_id":0,"_jetpack_memberships_contains_paywalled_content":false,"_jetpack_memberships_contains_paid_content":false,"footnotes":""},"categories":[1],"tags":[],"class_list":["post-9146","post","type-post","status-publish","format-standard","hentry","category-bez-kategorii"],"yoast_head":"<!-- This site is optimized with the Yoast SEO plugin v25.1 - https:\/\/yoast.com\/wordpress\/plugins\/seo\/ -->\n<title>Co po mnie pozostanie?... - Gaudium Et Spes<\/title>\n<meta name=\"robots\" content=\"index, follow, max-snippet:-1, max-image-preview:large, max-video-preview:-1\" \/>\n<link rel=\"canonical\" href=\"https:\/\/gaudiumetspes-blog.pl\/index.php\/2013\/04\/23\/co-po-mnie-pozostanie\/\" \/>\n<meta property=\"og:locale\" content=\"pl_PL\" \/>\n<meta property=\"og:type\" content=\"article\" \/>\n<meta property=\"og:title\" content=\"Co po mnie pozostanie?... - Gaudium Et Spes\" \/>\n<meta property=\"og:description\" content=\"Szcz\u0119\u015b\u0107 Bo\u017ce! Witam i pozdrawiam Was, Kochani, u progu nowego dnia. Dzisiaj czyni\u0119 to w Domu Rodzinnym. &nbsp; &nbsp; Chcia\u0142bym Was ponownie poprosi\u0107, aby\u015bcie stale zagl\u0105dali do Wielkiej Ksi\u0119gi Intencji i polecali Bogu w modlitwie zapisane tam sprawy. Ja za chwil\u0119 dopisz\u0119 jeszcze jedn\u0105 intencj\u0119. Prosz\u0119 r\u00f3wnie\u017c, aby\u015bmy nie zapominali o naszej \u0142\u0105czno\u015bci duchowej o [&hellip;]\" \/>\n<meta property=\"og:url\" content=\"https:\/\/gaudiumetspes-blog.pl\/index.php\/2013\/04\/23\/co-po-mnie-pozostanie\/\" \/>\n<meta property=\"og:site_name\" content=\"Gaudium Et Spes\" \/>\n<meta property=\"article:published_time\" content=\"2013-04-23T03:59:00+00:00\" \/>\n<meta property=\"article:modified_time\" content=\"2019-07-31T10:53:58+00:00\" \/>\n<meta name=\"author\" content=\"Ks. Jacek\" \/>\n<meta name=\"twitter:card\" content=\"summary_large_image\" \/>\n<meta name=\"twitter:label1\" content=\"Napisane przez\" \/>\n\t<meta name=\"twitter:data1\" content=\"Ks. Jacek\" \/>\n\t<meta name=\"twitter:label2\" content=\"Szacowany czas czytania\" \/>\n\t<meta name=\"twitter:data2\" content=\"9 minut\" \/>\n<script type=\"application\/ld+json\" class=\"yoast-schema-graph\">{\"@context\":\"https:\/\/schema.org\",\"@graph\":[{\"@type\":\"WebPage\",\"@id\":\"https:\/\/gaudiumetspes-blog.pl\/index.php\/2013\/04\/23\/co-po-mnie-pozostanie\/\",\"url\":\"https:\/\/gaudiumetspes-blog.pl\/index.php\/2013\/04\/23\/co-po-mnie-pozostanie\/\",\"name\":\"Co po mnie pozostanie?... - Gaudium Et Spes\",\"isPartOf\":{\"@id\":\"https:\/\/gaudiumetspes-blog.pl\/#website\"},\"datePublished\":\"2013-04-23T03:59:00+00:00\",\"dateModified\":\"2019-07-31T10:53:58+00:00\",\"author\":{\"@id\":\"https:\/\/gaudiumetspes-blog.pl\/#\/schema\/person\/1661982992b752dea8dff0d4ed845a65\"},\"breadcrumb\":{\"@id\":\"https:\/\/gaudiumetspes-blog.pl\/index.php\/2013\/04\/23\/co-po-mnie-pozostanie\/#breadcrumb\"},\"inLanguage\":\"pl-PL\",\"potentialAction\":[{\"@type\":\"ReadAction\",\"target\":[\"https:\/\/gaudiumetspes-blog.pl\/index.php\/2013\/04\/23\/co-po-mnie-pozostanie\/\"]}]},{\"@type\":\"BreadcrumbList\",\"@id\":\"https:\/\/gaudiumetspes-blog.pl\/index.php\/2013\/04\/23\/co-po-mnie-pozostanie\/#breadcrumb\",\"itemListElement\":[{\"@type\":\"ListItem\",\"position\":1,\"name\":\"Strona g\u0142\u00f3wna\",\"item\":\"https:\/\/gaudiumetspes-blog.pl\/\"},{\"@type\":\"ListItem\",\"position\":2,\"name\":\"Co po&nbsp;mnie pozostanie?&#8230;\"}]},{\"@type\":\"WebSite\",\"@id\":\"https:\/\/gaudiumetspes-blog.pl\/#website\",\"url\":\"https:\/\/gaudiumetspes-blog.pl\/\",\"name\":\"Gaudium Et Spes\",\"description\":\"Blog Ks. Jacka Ja\u015bkowskiego\",\"potentialAction\":[{\"@type\":\"SearchAction\",\"target\":{\"@type\":\"EntryPoint\",\"urlTemplate\":\"https:\/\/gaudiumetspes-blog.pl\/?s={search_term_string}\"},\"query-input\":{\"@type\":\"PropertyValueSpecification\",\"valueRequired\":true,\"valueName\":\"search_term_string\"}}],\"inLanguage\":\"pl-PL\"},{\"@type\":\"Person\",\"@id\":\"https:\/\/gaudiumetspes-blog.pl\/#\/schema\/person\/1661982992b752dea8dff0d4ed845a65\",\"name\":\"Ks. Jacek\",\"image\":{\"@type\":\"ImageObject\",\"inLanguage\":\"pl-PL\",\"@id\":\"https:\/\/gaudiumetspes-blog.pl\/#\/schema\/person\/image\/\",\"url\":\"https:\/\/gaudiumetspes-blog.pl\/wp-content\/uploads\/2019\/07\/avatar-JJ-150x150.jpg\",\"contentUrl\":\"https:\/\/gaudiumetspes-blog.pl\/wp-content\/uploads\/2019\/07\/avatar-JJ-150x150.jpg\",\"caption\":\"Ks. Jacek\"},\"description\":\"Witam serdecznie! K\u0142ania si\u0119 Ks. Jacek Ja\u015bkowski. Nie jestem ani kim\u015b wa\u017cnym, ani kim\u015b znanym. Jestem ksi\u0119dzem, kt\u00f3ry po prostu chce rozmawia\u0107. Codzienna kap\u0142a\u0144ska pos\u0142uga pokazuje mi, \u017ce temat\u00f3w do rozm\u00f3w z ksi\u0119dzem jest coraz wi\u0119cej i dzisiaj \u017caden ksi\u0105dz nie mo\u017ce od nich ucieka\u0107, ale - wprost przeciwnie - podejmowa\u0107 nowe wyzwania. To przekonanie sk\u0142oni\u0142o mnie do pr\u00f3by otwarcia tego\u017c bloga, chocia\u017c okazji do rozm\u00f3w na co dzie\u0144 - w konfesjonale i poza nim - na szcz\u0119\u015bcie nie brakuje. My\u015bl\u0119 jednak, \u017ce ten blog b\u0119dzie jeszcze jednym sposobem i przestrzeni\u0105 nawi\u0105zania kontaktu z lud\u017ami dobrej woli, otwartymi na dialog.\",\"url\":\"https:\/\/gaudiumetspes-blog.pl\/index.php\/author\/ks-jacek\/\"}]}<\/script>\n<!-- \/ Yoast SEO plugin. -->","yoast_head_json":{"title":"Co po mnie pozostanie?... - Gaudium Et Spes","robots":{"index":"index","follow":"follow","max-snippet":"max-snippet:-1","max-image-preview":"max-image-preview:large","max-video-preview":"max-video-preview:-1"},"canonical":"https:\/\/gaudiumetspes-blog.pl\/index.php\/2013\/04\/23\/co-po-mnie-pozostanie\/","og_locale":"pl_PL","og_type":"article","og_title":"Co po mnie pozostanie?... - Gaudium Et Spes","og_description":"Szcz\u0119\u015b\u0107 Bo\u017ce! Witam i pozdrawiam Was, Kochani, u progu nowego dnia. Dzisiaj czyni\u0119 to w Domu Rodzinnym. &nbsp; &nbsp; Chcia\u0142bym Was ponownie poprosi\u0107, aby\u015bcie stale zagl\u0105dali do Wielkiej Ksi\u0119gi Intencji i polecali Bogu w modlitwie zapisane tam sprawy. Ja za chwil\u0119 dopisz\u0119 jeszcze jedn\u0105 intencj\u0119. Prosz\u0119 r\u00f3wnie\u017c, aby\u015bmy nie zapominali o naszej \u0142\u0105czno\u015bci duchowej o [&hellip;]","og_url":"https:\/\/gaudiumetspes-blog.pl\/index.php\/2013\/04\/23\/co-po-mnie-pozostanie\/","og_site_name":"Gaudium Et Spes","article_published_time":"2013-04-23T03:59:00+00:00","article_modified_time":"2019-07-31T10:53:58+00:00","author":"Ks. Jacek","twitter_card":"summary_large_image","twitter_misc":{"Napisane przez":"Ks. Jacek","Szacowany czas czytania":"9 minut"},"schema":{"@context":"https:\/\/schema.org","@graph":[{"@type":"WebPage","@id":"https:\/\/gaudiumetspes-blog.pl\/index.php\/2013\/04\/23\/co-po-mnie-pozostanie\/","url":"https:\/\/gaudiumetspes-blog.pl\/index.php\/2013\/04\/23\/co-po-mnie-pozostanie\/","name":"Co po mnie pozostanie?... - Gaudium Et Spes","isPartOf":{"@id":"https:\/\/gaudiumetspes-blog.pl\/#website"},"datePublished":"2013-04-23T03:59:00+00:00","dateModified":"2019-07-31T10:53:58+00:00","author":{"@id":"https:\/\/gaudiumetspes-blog.pl\/#\/schema\/person\/1661982992b752dea8dff0d4ed845a65"},"breadcrumb":{"@id":"https:\/\/gaudiumetspes-blog.pl\/index.php\/2013\/04\/23\/co-po-mnie-pozostanie\/#breadcrumb"},"inLanguage":"pl-PL","potentialAction":[{"@type":"ReadAction","target":["https:\/\/gaudiumetspes-blog.pl\/index.php\/2013\/04\/23\/co-po-mnie-pozostanie\/"]}]},{"@type":"BreadcrumbList","@id":"https:\/\/gaudiumetspes-blog.pl\/index.php\/2013\/04\/23\/co-po-mnie-pozostanie\/#breadcrumb","itemListElement":[{"@type":"ListItem","position":1,"name":"Strona g\u0142\u00f3wna","item":"https:\/\/gaudiumetspes-blog.pl\/"},{"@type":"ListItem","position":2,"name":"Co po&nbsp;mnie pozostanie?&#8230;"}]},{"@type":"WebSite","@id":"https:\/\/gaudiumetspes-blog.pl\/#website","url":"https:\/\/gaudiumetspes-blog.pl\/","name":"Gaudium Et Spes","description":"Blog Ks. Jacka Ja\u015bkowskiego","potentialAction":[{"@type":"SearchAction","target":{"@type":"EntryPoint","urlTemplate":"https:\/\/gaudiumetspes-blog.pl\/?s={search_term_string}"},"query-input":{"@type":"PropertyValueSpecification","valueRequired":true,"valueName":"search_term_string"}}],"inLanguage":"pl-PL"},{"@type":"Person","@id":"https:\/\/gaudiumetspes-blog.pl\/#\/schema\/person\/1661982992b752dea8dff0d4ed845a65","name":"Ks. Jacek","image":{"@type":"ImageObject","inLanguage":"pl-PL","@id":"https:\/\/gaudiumetspes-blog.pl\/#\/schema\/person\/image\/","url":"https:\/\/gaudiumetspes-blog.pl\/wp-content\/uploads\/2019\/07\/avatar-JJ-150x150.jpg","contentUrl":"https:\/\/gaudiumetspes-blog.pl\/wp-content\/uploads\/2019\/07\/avatar-JJ-150x150.jpg","caption":"Ks. Jacek"},"description":"Witam serdecznie! K\u0142ania si\u0119 Ks. Jacek Ja\u015bkowski. Nie jestem ani kim\u015b wa\u017cnym, ani kim\u015b znanym. Jestem ksi\u0119dzem, kt\u00f3ry po prostu chce rozmawia\u0107. Codzienna kap\u0142a\u0144ska pos\u0142uga pokazuje mi, \u017ce temat\u00f3w do rozm\u00f3w z ksi\u0119dzem jest coraz wi\u0119cej i dzisiaj \u017caden ksi\u0105dz nie mo\u017ce od nich ucieka\u0107, ale - wprost przeciwnie - podejmowa\u0107 nowe wyzwania. To przekonanie sk\u0142oni\u0142o mnie do pr\u00f3by otwarcia tego\u017c bloga, chocia\u017c okazji do rozm\u00f3w na co dzie\u0144 - w konfesjonale i poza nim - na szcz\u0119\u015bcie nie brakuje. My\u015bl\u0119 jednak, \u017ce ten blog b\u0119dzie jeszcze jednym sposobem i przestrzeni\u0105 nawi\u0105zania kontaktu z lud\u017ami dobrej woli, otwartymi na dialog.","url":"https:\/\/gaudiumetspes-blog.pl\/index.php\/author\/ks-jacek\/"}]}},"jetpack_featured_media_url":"","jetpack_sharing_enabled":true,"_links":{"self":[{"href":"https:\/\/gaudiumetspes-blog.pl\/index.php\/wp-json\/wp\/v2\/posts\/9146","targetHints":{"allow":["GET"]}}],"collection":[{"href":"https:\/\/gaudiumetspes-blog.pl\/index.php\/wp-json\/wp\/v2\/posts"}],"about":[{"href":"https:\/\/gaudiumetspes-blog.pl\/index.php\/wp-json\/wp\/v2\/types\/post"}],"author":[{"embeddable":true,"href":"https:\/\/gaudiumetspes-blog.pl\/index.php\/wp-json\/wp\/v2\/users\/1"}],"replies":[{"embeddable":true,"href":"https:\/\/gaudiumetspes-blog.pl\/index.php\/wp-json\/wp\/v2\/comments?post=9146"}],"version-history":[{"count":1,"href":"https:\/\/gaudiumetspes-blog.pl\/index.php\/wp-json\/wp\/v2\/posts\/9146\/revisions"}],"predecessor-version":[{"id":11043,"href":"https:\/\/gaudiumetspes-blog.pl\/index.php\/wp-json\/wp\/v2\/posts\/9146\/revisions\/11043"}],"wp:attachment":[{"href":"https:\/\/gaudiumetspes-blog.pl\/index.php\/wp-json\/wp\/v2\/media?parent=9146"}],"wp:term":[{"taxonomy":"category","embeddable":true,"href":"https:\/\/gaudiumetspes-blog.pl\/index.php\/wp-json\/wp\/v2\/categories?post=9146"},{"taxonomy":"post_tag","embeddable":true,"href":"https:\/\/gaudiumetspes-blog.pl\/index.php\/wp-json\/wp\/v2\/tags?post=9146"}],"curies":[{"name":"wp","href":"https:\/\/api.w.org\/{rel}","templated":true}]}}