{"id":9152,"date":"2013-04-17T06:32:00","date_gmt":"2013-04-17T04:32:00","guid":{"rendered":"https:\/\/gaudiumetspes-blog.pl\/index.php\/2013\/04\/17\/o-zwyczajnej-niezwyczajnej-mszy-swietej\/"},"modified":"2019-07-31T12:53:57","modified_gmt":"2019-07-31T10:53:57","slug":"o-zwyczajnej-niezwyczajnej-mszy-swietej","status":"publish","type":"post","link":"https:\/\/gaudiumetspes-blog.pl\/index.php\/2013\/04\/17\/o-zwyczajnej-niezwyczajnej-mszy-swietej\/","title":{"rendered":"O zwyczajnej &#8211; niezwyczajnej &#8211; Mszy \u015awi\u0119tej&#8230;"},"content":{"rendered":"<p><\/p>\n<div align=\"JUSTIFY\" style=\"margin-bottom: 0cm;\">\nSzcz\u0119\u015b\u0107 Bo\u017ce! Moi Drodzy, moja wczorajsza propozycja, dotycz\u0105ca obejrzenia filmu o piekle nie mia\u0142a na celu wprawienie Was w stan przygn\u0119bienia czy rezygnacji. Wprost przeciwnie: my mamy wiedzie\u0107, \u017ce piek\u0142o jest i \u017ce &#8211; niestety &#8211; ka\u017cdy mo\u017ce si\u0119 w nim znale\u017a\u0107, ale \u017ce wcale tak du\u017co nie trzeba, aby osi\u0105gn\u0105\u0107 zbawienie! Ono nie jest przeznaczone tylko dla heros\u00f3w wiary, albo dla tych, kt\u00f3rych sta\u0107 na podj\u0119cie nadzwyczajnych \u015brodk\u00f3w. Nie! Zreszt\u0105, stwierdzenie dotycz\u0105cego tego w\u0142a\u015bnie pojawia si\u0119 r\u00f3wnie\u017c w tym filmie: pot\u0119pieni znale\u017ali si\u0119 w tym stanie pot\u0119pienia dlatego, \u017ce nie podj\u0119li nawet tej niezbyt trudnej pr\u00f3by osi\u0105gni\u0119cia Nieba.&nbsp;<\/div>\n<div align=\"JUSTIFY\" style=\"margin-bottom: 0cm;\">\n<b>&nbsp; &nbsp; &nbsp; <\/b>Poza tym, nie zapominajmy o pomocy \u0142aski Bo\u017cej! To B\u00f3g przede wszystkim do siebie poci\u0105ga. To On jest Sprawc\u0105 naszego zbawienia &#8211; oczywi\u015bcie, przy naszej wsp\u00f3\u0142pracy. Przeto chrze\u015bcijanin to nie jest cz\u0142owiek smutny, przestraszony i wiecznie my\u015bl\u0105cy o piekle, ale to cz\u0142owiek radosny i ufaj\u0105cy bezgranicznie Bogu.&nbsp;<\/div>\n<div align=\"JUSTIFY\" style=\"margin-bottom: 0cm;\">\n<b>&nbsp; &nbsp; &nbsp; <\/b>A co do owej dwudziestoletniej dziewczyny, kt\u00f3ra &#8211; wed\u0142ug wizji fatimskiej &#8211; nie osi\u0105gn\u0119\u0142a Nieba, to nale\u017ca\u0142oby najpierw dok\u0142adnie wczyta\u0107 si\u0119 w tre\u015b\u0107 tego przes\u0142ania i dostrzec wszystkie konteksty, ale te\u017c u\u015bwiadomi\u0107 sobie, \u017ce w wieku lat dwudziestu naprawd\u0119 mo\u017cna sporo nagrzeszy\u0107&#8230; Nawet do tego stopnia, \u017ce mo\u017cna utraci\u0107 Niebo&#8230;&nbsp;<\/div>\n<div align=\"JUSTIFY\" style=\"margin-bottom: 0cm;\">\n<b>&nbsp; &nbsp; &nbsp; &nbsp;<\/b>Dlatego nie my\u015blmy w ka\u017cdej chwili o piekle! \u017byjmy w blisko\u015bci Boga &#8211; z rado\u015bci\u0105 i nadziej\u0105! A wtedy prawda o piekle nie b\u0119dzie nam zagra\u017ca\u0142a i nie b\u0119dziemy musieli ci\u0105gle sobie o nim przypomina\u0107&#8230; Ca\u0142y problem natomiast polega na tym, \u017ce o piekle nie chc\u0105 w og\u00f3le my\u015ble\u0107 ci, kt\u00f3rzy najbardziej powinni&#8230;<\/div>\n<div align=\"JUSTIFY\" style=\"margin-bottom: 0cm;\">\n&nbsp; &nbsp; A dzisiaj w rozwa\u017caniu &#8211; s\u0142\u00f3w kilka o prze\u017cywaniu Mszy \u015awi\u0119tej&#8230;<\/div>\n<div align=\"JUSTIFY\" style=\"margin-bottom: 0cm;\">\n&nbsp; &nbsp; &nbsp; &nbsp; &nbsp; &nbsp; Gaudium et spes! &nbsp;Ks. Jacek<\/div>\n<div align=\"JUSTIFY\" style=\"margin-bottom: 0cm;\">\n<b><br \/><\/b><\/div>\n<div align=\"JUSTIFY\" style=\"margin-bottom: 0cm;\">\n<b>\u015aroda<br \/>\n3 tygodnia Wielkanocy,<\/b><\/div>\n<div align=\"JUSTIFY\" style=\"margin-bottom: 0cm;\">\n<b>do<br \/>\nczyta\u0144:  Dz 8,1b\u20138;  J 6,35\u201340<\/b><\/div>\n<div align=\"JUSTIFY\" style=\"margin-bottom: 0cm;\">\n\n<\/div>\n<div align=\"JUSTIFY\" style=\"margin-bottom: 0cm; page-break-before: auto;\">\n<b>CZYTANIE<br \/>\nZ DZIEJ\u00d3W APOSTOLSKICH:<\/b><\/div>\n<div align=\"JUSTIFY\" style=\"margin-bottom: 0cm; text-indent: 1.22cm;\">\n<b>Po<br \/>\n\u015bmierci Szczepana wybuch\u0142o wielkie prze\u015bladowanie w Ko\u015bciele<br \/>\njerozolimskim. Wszyscy, z wyj\u0105tkiem aposto\u0142\u00f3w, rozproszyli si\u0119 po<br \/>\nokolicach Judei i Samarii. Szczepana za\u015b pochowali ludzie pobo\u017cni z<br \/>\nwielkim \u017calem. A Szawe\u0142 niszczy\u0142 Ko\u015bci\u00f3\u0142, wchodz\u0105c do dom\u00f3w<br \/>\nporywa\u0142 m\u0119\u017cczyzn i kobiety i wtr\u0105ca\u0142 do wi\u0119zienia. Ci, kt\u00f3rzy<br \/>\nsi\u0119 rozproszyli, g\u0142osili w drodze s\u0142owo. <\/b>\n<\/div>\n<div align=\"JUSTIFY\" style=\"margin-bottom: 0cm; text-indent: 1.22cm;\">\n<b>Filip<br \/>\nprzyby\u0142 do miasta Samarii i g\u0142osi\u0142 im Chrystusa. T\u0142umy s\u0142ucha\u0142y<br \/>\nz uwag\u0105 i skupieniem s\u0142\u00f3w Filipa, poniewa\u017c widzia\u0142y znaki, kt\u00f3re<br \/>\nczyni\u0142. Z wielu bowiem op\u0119tanych wychodzi\u0142y z wielkim krzykiem<br \/>\nduchy nieczyste, wielu te\u017c sparali\u017cowanych i chromych zosta\u0142o<br \/>\nuzdrowionych. Wielka rado\u015b\u0107 zapanowa\u0142a w tym mie\u015bcie.<\/b><\/div>\n<div align=\"JUSTIFY\" style=\"margin-bottom: 0cm;\">\n\n<\/div>\n<div align=\"JUSTIFY\" style=\"margin-bottom: 0cm;\">\n<b>S\u0141OWA<br \/>\nEWANGELII WED\u0141UG \u015aWI\u0118TEGO JANA: <\/b>\n<\/div>\n<div align=\"JUSTIFY\" style=\"margin-bottom: 0cm; text-indent: 1.24cm;\">\n<b>Jezus<br \/>\npowiedzia\u0142 do ludu: \u201eJam jest chleb \u017cycia. Kto do Mnie<br \/>\nprzychodzi, nie b\u0119dzie \u0142akn\u0105\u0142; a kto we Mnie wierzy, nigdy<br \/>\npragn\u0105\u0107 nie b\u0119dzie. Powiedzia\u0142em wam jednak: Widzieli\u015bcie Mnie,<br \/>\na przecie\u017c nie wierzycie. Wszystko, co Mi daje Ojciec, do Mnie<br \/>\nprzyjdzie, a tego, kt\u00f3ry do Mnie przychodzi, precz nie odrzuc\u0119,<br \/>\nponiewa\u017c z nieba zst\u0105pi\u0142em nie po to, aby czyni\u0107 swoj\u0105 wol\u0119,<br \/>\nale wol\u0119 Tego, kt\u00f3ry Mnie pos\u0142a\u0142. <\/b>\n<\/div>\n<div align=\"JUSTIFY\" style=\"margin-bottom: 0cm; text-indent: 1.24cm;\">\n<b>Jest<br \/>\nwol\u0105 Tego, kt\u00f3ry Mnie pos\u0142a\u0142, abym ze wszystkiego, co Mi da\u0142,<br \/>\nniczego nie straci\u0142, ale \u017cebym to wskrzesi\u0142 w dniu ostatecznym. To<br \/>\nbowiem jest wol\u0105 Ojca mego, aby ka\u017cdy, kto widzi Syna i wierzy w<br \/>\nNiego, mia\u0142 \u017cycie wieczne. A Ja go wskrzesz\u0119 w dniu ostatecznym\u201d.<\/b><\/div>\n<div align=\"JUSTIFY\" style=\"margin-bottom: 0cm;\">\n\n<\/div>\n<div align=\"JUSTIFY\" style=\"margin-bottom: 0cm; page-break-before: auto; text-indent: 1.24cm;\">\nJu\u017c<br \/>\nod kilku dni Jezus naucza nas w Ewangelii <b>o<\/b><b> Chleb<\/b><b>ie<\/b><b>,<br \/>\nkt\u00f3rego spo\u017cywanie zapewni nam \u017cycie wieczne.<\/b> W tak zwanej<br \/>\nMowie Eucharystycznej, zapisanej w sz\u00f3stym rozdziale Ewangelii Jana,<br \/>\notrzymujemy pouczenie, dotycz\u0105ce tej w\u0142a\u015bnie <b>najwi\u0119kszej<br \/>\ntajemnicy obecno\u015bci Jezusa w\u015br\u00f3d swojego ludu. <\/b>A poniewa\u017c<br \/>\npierwsze dzisiejsze czytanie nie dotyka konkretnych, jednostkowych<br \/>\nwydarze\u0144 z \u017cycia m\u0142odego Ko\u015bcio\u0142a, ale opisuje tak\u0105 <b>zwyczajn\u0105<\/b><br \/>\n\u2013 jak by\u015bmy powiedzieli \u2013 <b>dzia\u0142alno\u015b\u0107 Aposto\u0142\u00f3w<\/b> po<br \/>\n\u015bmierci Szczepana, przeto mo\u017ce warto zwr\u00f3ci\u0107 uwag\u0119 na to, co dla<br \/>\nnas jest takie <b>zwyczajne w kontek\u015bcie Eucharystii, a co tak<br \/>\nnaprawd\u0119 jest wielkim i niezwyk\u0142ym,<\/b> chocia\u017c zapewne zbyt ma\u0142o<br \/>\nprzez nas docenianym darem: <b>na Msz\u0119 \u015awi\u0119t\u0105.<\/b>\n<\/div>\n<div align=\"JUSTIFY\" style=\"margin-bottom: 0cm; text-indent: 1.24cm;\">\nTak<br \/>\nnaprawd\u0119, to nic z tego, co dokonuje si\u0119 w trakcie Mszy \u015awi\u0119tej,<br \/>\n<b>nie jest zwyczajn<\/b><b>e<\/b><b>,<\/b> bo wszystko, od g\u0142oszenia<br \/>\nBo\u017cego S\u0142owa, a\u017c po Przeistoczenie i Komuni\u0119 \u015awi\u0119t\u0105, <b>jest<br \/>\nwielkim cudem,<\/b> ale my \u2013 tak\u017ce poprzez cz\u0119ste, a ma\u0142o<br \/>\nrefleksyjne prze\u017cywanie tych tajemnic \u2013 mo\u017cemy ich nie pojmowa\u0107<br \/>\nnale\u017cycie g\u0142\u0119boko.\n<\/div>\n<div align=\"JUSTIFY\" style=\"margin-bottom: 0cm; text-indent: 1.24cm;\">\nDlatego<br \/>\ndzisiaj zechciejmy pozna\u0107 i podda\u0107 refleksji <b>spos\u00f3b, w jaki<br \/>\nprze\u017cywano Msz\u0119 \u015awi\u0119t\u0105 w pierwszych wiekach \u017cycia Ko\u015bcio\u0142a,<\/b><br \/>\ntu\u017c po czasach apostolskich, aby zobaczy\u0107 bardzo wiele podobie\u0144stw<br \/>\ndo naszego sposobu jej prze\u017cywania \u2013 co jest dowodem na pewn\u0105<br \/>\nci\u0105g\u0142o\u015b\u0107 my\u015bli i tradycji w Ko\u015bciele \u2013 a tak\u017ce: aby<br \/>\nprzekona\u0107 si\u0119, <b>z jak\u0105 pieczo\u0142owito\u015bci\u0105 i mi\u0142o\u015bci\u0105 od<br \/>\nsamego pocz\u0105tku prze\u017cywano Msz\u0119 \u015awi\u0119t\u0105.<\/b> W tym celu<br \/>\nws\u0142uchajmy si\u0119 w s\u0142owa Apologii chrze\u015bcijan, spisanej przez<br \/>\n\u015awi\u0119tego Justyna M\u0119czennika:<\/div>\n<div align=\"JUSTIFY\" style=\"margin-bottom: 0cm; text-indent: 1.22cm;\">\n\u201e<b>Tylko<br \/>\nten mo\u017ce bra\u0107 udzia\u0142 w Eucharystii, kto wierzy, \u017ce prawd\u0105 jest,<br \/>\nczego uczymy<\/b><b>;<\/b> kto tak\u017ce zosta\u0142 zanurzony w wodzie<br \/>\nodradzaj\u0105cej i przynosz\u0105cej odpuszczenie grzech\u00f3w; i \u017cyje tak,<br \/>\njak naucza\u0142 Chrystus.\n<\/div>\n<div align=\"JUSTIFY\" style=\"margin-bottom: 0cm; text-indent: 1.22cm;\">\nAlbowiem<br \/>\n<b>nie przyjmujemy tego <\/b><b>P<\/b><b>okarmu jak zwyk\u0142y chleb albo<br \/>\nzwyk\u0142y nap\u00f3j.<\/b> Lecz jak za spraw\u0105 S\u0142owa Bo\u017cego nasz Zbawiciel<br \/>\nJezus Chrystus sta\u0142 si\u0119 cz\u0142owiekiem i przybra\u0142 cia\u0142o i krew dla<br \/>\nnaszego zbawienia, tak <b>P<\/b><b>okarm, kt\u00f3ry sta\u0142 si\u0119<br \/>\nEucharysti\u0105,<\/b> przez modlitw\u0119 zawieraj\u0105c\u0105 Jego w\u0142asne s\u0142owa,<br \/>\ndzi\u0119ki przemianie <b>od\u017cywia nasze cia\u0142o i krew nasz\u0105.<\/b><br \/>\nPrzekazano za\u015b nam w pouczeniu, \u017ce \u00f3w Pokarm jest w\u0142a\u015bnie Cia\u0142em<br \/>\ni Krwi\u0105 wcielonego Jezusa.\n<\/div>\n<div align=\"JUSTIFY\" style=\"margin-bottom: 0cm; text-indent: 1.22cm;\">\nAposto\u0142owie<br \/>\nw napisanych przez siebie pami\u0119tnikach, czyli Ewangeliach, podali<br \/>\nnam, <b>\u017ce takie przykazanie otrzymali od Jezusa,<\/b> kt\u00f3ry wzi\u0105\u0142<br \/>\nchleb, dzi\u0119ki sk\u0142ada\u0142 i rzek\u0142: <i><b>To czy\u0144cie na moj\u0105<br \/>\npami\u0105tk\u0119. To jest Cia\u0142o moje.<\/b><\/i> Podobnie te\u017c wzi\u0105\u0142<br \/>\nkielich, dzi\u0119ki sk\u0142ada\u0142 i rzek\u0142: <i><b>To jest Krew moja<\/b><\/i>.<br \/>\nI rozdawa\u0142 tylko im samym. <b>Odt\u0105d wi\u0119c czynimy to samo na Jego<br \/>\npami\u0105tk\u0119,<\/b> a zamo\u017cniejsi spo\u015br\u00f3d nas wspieraj\u0105 tych<br \/>\nwszystkich, kt\u00f3rzy cierpi\u0105 niedostatek \u2013 <b>i tak zawsze<br \/>\nstanowimy jedno.<\/b> I przy ka\u017cdej ofierze wielbimy Stw\u00f3rc\u0119<br \/>\nwszechrzeczy przez Jego Syna, Jezusa Chrystusa, i przez Ducha<br \/>\n\u015awi\u0119tego.\n<\/div>\n<div align=\"JUSTIFY\" style=\"margin-bottom: 0cm; text-indent: 1.22cm;\">\nA<br \/>\nw dniu zwanym <b>Dniem S\u0142o\u0144ca zbieramy si\u0119 wszyscy razem w jednym<br \/>\nmiejscu <\/b><b>\u2013<\/b> czy to z miast, czy te\u017c ze wsi \u2013 i czyta<br \/>\nsi\u0119 wtedy pami\u0119tniki apostolskie albo Pisma prorockie tak d\u0142ugo,<br \/>\njak na to czas pozwala.\n<\/div>\n<div align=\"JUSTIFY\" style=\"margin-bottom: 0cm; text-indent: 1.22cm;\">\nGdy<br \/>\nza\u015b lektor sko\u0144czy czyta\u0107, <b>ten, kt\u00f3ry przewodniczy, upomina<br \/>\nnas i zach\u0119ca do wprowadzenia w \u017cycie<\/b> tych przepi\u0119knych<br \/>\npoucze\u0144.\n<\/div>\n<div align=\"JUSTIFY\" style=\"margin-bottom: 0cm; text-indent: 1.22cm;\">\nNast\u0119pnie<br \/>\n<b>powstajemy z naszych miejsc i modlimy si\u0119,<\/b> po czym \u2013 jak to<br \/>\nju\u017c powiedziano \u2013 gdy przestajemy si\u0119 modli\u0107, <b>przynosz\u0105<br \/>\nchleb oraz wino i wod\u0119,<\/b> a ten, kt\u00f3ry przewodniczy, <b>zanosi<br \/>\nmodlitwy dzi\u0119kczynne, ile tylko mo\u017ce, a lud odpowiada \u201eAmen\u201d.<\/b><br \/>\nWreszcie wszystkim obecnym <b>rozdaje si\u0119 i rozdziela to, co si\u0119<br \/>\nsta\u0142o Eucharysti\u0105, nieobecnym za\u015b rozsy\u0142a si\u0119 j\u0105 przez<br \/>\ndiakon\u00f3w. <\/b>\n<\/div>\n<div align=\"JUSTIFY\" style=\"margin-bottom: 0cm; text-indent: 1.22cm;\">\nCi,<br \/>\nkt\u00f3rym si\u0119 dobrze powodzi, <b>daj\u0105 dobrowolnie ze swego, co tylko<br \/>\nchc\u0105,<\/b> a wszystko, co si\u0119 zbierze, sk\u0142ada si\u0119 na r\u0119ce<br \/>\nprzewodnicz\u0105cego. On za\u015b <b>przychodzi z pomoc\u0105<\/b> sierotom,<br \/>\nwdowom i chorym; i tym wszystkim, kt\u00f3rzy dla jakiejkolwiek przyczyny<br \/>\ncierpi\u0105 niedostatek, a tak\u017ce wi\u0119\u017aniom i przybyszom z dalekich<br \/>\nstron \u2013 jednym s\u0142owem: <b>\u015bpieszy on z pomoc\u0105 wszystkim<br \/>\npotrzebuj\u0105cym. <\/b>\n<\/div>\n<div align=\"JUSTIFY\" style=\"margin-bottom: 0cm; text-indent: 1.22cm;\">\nDlatego<br \/>\nza\u015b zbieramy si\u0119 <b>w Dniu S\u0142o\u0144ca, bo w tym pierwszym dniu B\u00f3g<br \/>\nprzemieni\u0142 ciemno\u015bci i materi\u0119 i stworzy\u0142 \u015bwiat.<\/b> W tym te\u017c<br \/>\ndniu <b>zmartwychwsta\u0142 nasz Zbawiciel, Jezus Chrystus. <\/b>W<br \/>\nprzeddzie\u0144 bowiem dnia Saturna, zosta\u0142 On ukrzy\u017cowany, a nazajutrz<br \/>\npo owym dniu, czyli <b>w\u0142a\u015bnie w Dniu S\u0142o\u0144ca, objawi\u0142 si\u0119<br \/>\nAposto\u0142om i uczniom<\/b> oraz pouczy\u0142 ich o tym wszystkim, co<br \/>\nw\u0142a\u015bnie przedstawili\u015bmy Wam tutaj do rozwa\u017cenia.\u201d Tyle z<br \/>\napologii \u015awi\u0119tego Justyna.<\/div>\n<div align=\"JUSTIFY\" style=\"margin-bottom: 0cm; text-indent: 1.22cm;\">\n<b>I<br \/>\nc\u00f3\u017c my na to?<\/b><br \/>\nIle pieczo\u0142owito\u015bci i mi\u0142o\u015bci jest w naszym \u2013 <b>w<br \/>\nmoim \u2013 sposobie prze\u017cywania Mszy \u015awi\u0119tej?\u2026<\/b><\/div>\n","protected":false},"excerpt":{"rendered":"<p>Szcz\u0119\u015b\u0107 Bo\u017ce! Moi Drodzy, moja wczorajsza propozycja, dotycz\u0105ca obejrzenia filmu o piekle nie mia\u0142a na celu wprawienie Was w stan przygn\u0119bienia czy rezygnacji. Wprost przeciwnie: my mamy wiedzie\u0107, \u017ce piek\u0142o jest i \u017ce &#8211; niestety &#8211; ka\u017cdy mo\u017ce si\u0119 w nim znale\u017a\u0107, ale \u017ce wcale tak du\u017co nie trzeba, aby osi\u0105gn\u0105\u0107 zbawienie! Ono nie jest [&hellip;]<\/p>\n","protected":false},"author":1,"featured_media":0,"comment_status":"open","ping_status":"open","sticky":false,"template":"","format":"standard","meta":{"jetpack_post_was_ever_published":false,"_jetpack_newsletter_access":"","_jetpack_dont_email_post_to_subs":false,"_jetpack_newsletter_tier_id":0,"_jetpack_memberships_contains_paywalled_content":false,"_jetpack_memberships_contains_paid_content":false,"footnotes":""},"categories":[1],"tags":[],"class_list":["post-9152","post","type-post","status-publish","format-standard","hentry","category-bez-kategorii"],"yoast_head":"<!-- This site is optimized with the Yoast SEO plugin v25.1 - https:\/\/yoast.com\/wordpress\/plugins\/seo\/ -->\n<title>O zwyczajnej - niezwyczajnej - Mszy \u015awi\u0119tej... - Gaudium Et Spes<\/title>\n<meta name=\"robots\" content=\"index, follow, max-snippet:-1, max-image-preview:large, max-video-preview:-1\" \/>\n<link rel=\"canonical\" href=\"https:\/\/gaudiumetspes-blog.pl\/index.php\/2013\/04\/17\/o-zwyczajnej-niezwyczajnej-mszy-swietej\/\" \/>\n<meta property=\"og:locale\" content=\"pl_PL\" \/>\n<meta property=\"og:type\" content=\"article\" \/>\n<meta property=\"og:title\" content=\"O zwyczajnej - niezwyczajnej - Mszy \u015awi\u0119tej... - Gaudium Et Spes\" \/>\n<meta property=\"og:description\" content=\"Szcz\u0119\u015b\u0107 Bo\u017ce! Moi Drodzy, moja wczorajsza propozycja, dotycz\u0105ca obejrzenia filmu o piekle nie mia\u0142a na celu wprawienie Was w stan przygn\u0119bienia czy rezygnacji. Wprost przeciwnie: my mamy wiedzie\u0107, \u017ce piek\u0142o jest i \u017ce &#8211; niestety &#8211; ka\u017cdy mo\u017ce si\u0119 w nim znale\u017a\u0107, ale \u017ce wcale tak du\u017co nie trzeba, aby osi\u0105gn\u0105\u0107 zbawienie! Ono nie jest [&hellip;]\" \/>\n<meta property=\"og:url\" content=\"https:\/\/gaudiumetspes-blog.pl\/index.php\/2013\/04\/17\/o-zwyczajnej-niezwyczajnej-mszy-swietej\/\" \/>\n<meta property=\"og:site_name\" content=\"Gaudium Et Spes\" \/>\n<meta property=\"article:published_time\" content=\"2013-04-17T04:32:00+00:00\" \/>\n<meta property=\"article:modified_time\" content=\"2019-07-31T10:53:57+00:00\" \/>\n<meta name=\"author\" content=\"Ks. Jacek\" \/>\n<meta name=\"twitter:card\" content=\"summary_large_image\" \/>\n<meta name=\"twitter:label1\" content=\"Napisane przez\" \/>\n\t<meta name=\"twitter:data1\" content=\"Ks. Jacek\" \/>\n\t<meta name=\"twitter:label2\" content=\"Szacowany czas czytania\" \/>\n\t<meta name=\"twitter:data2\" content=\"7 minut\" \/>\n<script type=\"application\/ld+json\" class=\"yoast-schema-graph\">{\"@context\":\"https:\/\/schema.org\",\"@graph\":[{\"@type\":\"WebPage\",\"@id\":\"https:\/\/gaudiumetspes-blog.pl\/index.php\/2013\/04\/17\/o-zwyczajnej-niezwyczajnej-mszy-swietej\/\",\"url\":\"https:\/\/gaudiumetspes-blog.pl\/index.php\/2013\/04\/17\/o-zwyczajnej-niezwyczajnej-mszy-swietej\/\",\"name\":\"O zwyczajnej - niezwyczajnej - Mszy \u015awi\u0119tej... - Gaudium Et Spes\",\"isPartOf\":{\"@id\":\"https:\/\/gaudiumetspes-blog.pl\/#website\"},\"datePublished\":\"2013-04-17T04:32:00+00:00\",\"dateModified\":\"2019-07-31T10:53:57+00:00\",\"author\":{\"@id\":\"https:\/\/gaudiumetspes-blog.pl\/#\/schema\/person\/1661982992b752dea8dff0d4ed845a65\"},\"breadcrumb\":{\"@id\":\"https:\/\/gaudiumetspes-blog.pl\/index.php\/2013\/04\/17\/o-zwyczajnej-niezwyczajnej-mszy-swietej\/#breadcrumb\"},\"inLanguage\":\"pl-PL\",\"potentialAction\":[{\"@type\":\"ReadAction\",\"target\":[\"https:\/\/gaudiumetspes-blog.pl\/index.php\/2013\/04\/17\/o-zwyczajnej-niezwyczajnej-mszy-swietej\/\"]}]},{\"@type\":\"BreadcrumbList\",\"@id\":\"https:\/\/gaudiumetspes-blog.pl\/index.php\/2013\/04\/17\/o-zwyczajnej-niezwyczajnej-mszy-swietej\/#breadcrumb\",\"itemListElement\":[{\"@type\":\"ListItem\",\"position\":1,\"name\":\"Strona g\u0142\u00f3wna\",\"item\":\"https:\/\/gaudiumetspes-blog.pl\/\"},{\"@type\":\"ListItem\",\"position\":2,\"name\":\"O&nbsp;zwyczajnej &#8211; niezwyczajnej &#8211; Mszy \u015awi\u0119tej&#8230;\"}]},{\"@type\":\"WebSite\",\"@id\":\"https:\/\/gaudiumetspes-blog.pl\/#website\",\"url\":\"https:\/\/gaudiumetspes-blog.pl\/\",\"name\":\"Gaudium Et Spes\",\"description\":\"Blog Ks. Jacka Ja\u015bkowskiego\",\"potentialAction\":[{\"@type\":\"SearchAction\",\"target\":{\"@type\":\"EntryPoint\",\"urlTemplate\":\"https:\/\/gaudiumetspes-blog.pl\/?s={search_term_string}\"},\"query-input\":{\"@type\":\"PropertyValueSpecification\",\"valueRequired\":true,\"valueName\":\"search_term_string\"}}],\"inLanguage\":\"pl-PL\"},{\"@type\":\"Person\",\"@id\":\"https:\/\/gaudiumetspes-blog.pl\/#\/schema\/person\/1661982992b752dea8dff0d4ed845a65\",\"name\":\"Ks. Jacek\",\"image\":{\"@type\":\"ImageObject\",\"inLanguage\":\"pl-PL\",\"@id\":\"https:\/\/gaudiumetspes-blog.pl\/#\/schema\/person\/image\/\",\"url\":\"https:\/\/gaudiumetspes-blog.pl\/wp-content\/uploads\/2019\/07\/avatar-JJ-150x150.jpg\",\"contentUrl\":\"https:\/\/gaudiumetspes-blog.pl\/wp-content\/uploads\/2019\/07\/avatar-JJ-150x150.jpg\",\"caption\":\"Ks. Jacek\"},\"description\":\"Witam serdecznie! K\u0142ania si\u0119 Ks. Jacek Ja\u015bkowski. Nie jestem ani kim\u015b wa\u017cnym, ani kim\u015b znanym. Jestem ksi\u0119dzem, kt\u00f3ry po prostu chce rozmawia\u0107. Codzienna kap\u0142a\u0144ska pos\u0142uga pokazuje mi, \u017ce temat\u00f3w do rozm\u00f3w z ksi\u0119dzem jest coraz wi\u0119cej i dzisiaj \u017caden ksi\u0105dz nie mo\u017ce od nich ucieka\u0107, ale - wprost przeciwnie - podejmowa\u0107 nowe wyzwania. To przekonanie sk\u0142oni\u0142o mnie do pr\u00f3by otwarcia tego\u017c bloga, chocia\u017c okazji do rozm\u00f3w na co dzie\u0144 - w konfesjonale i poza nim - na szcz\u0119\u015bcie nie brakuje. My\u015bl\u0119 jednak, \u017ce ten blog b\u0119dzie jeszcze jednym sposobem i przestrzeni\u0105 nawi\u0105zania kontaktu z lud\u017ami dobrej woli, otwartymi na dialog.\",\"url\":\"https:\/\/gaudiumetspes-blog.pl\/index.php\/author\/ks-jacek\/\"}]}<\/script>\n<!-- \/ Yoast SEO plugin. -->","yoast_head_json":{"title":"O zwyczajnej - niezwyczajnej - Mszy \u015awi\u0119tej... - Gaudium Et Spes","robots":{"index":"index","follow":"follow","max-snippet":"max-snippet:-1","max-image-preview":"max-image-preview:large","max-video-preview":"max-video-preview:-1"},"canonical":"https:\/\/gaudiumetspes-blog.pl\/index.php\/2013\/04\/17\/o-zwyczajnej-niezwyczajnej-mszy-swietej\/","og_locale":"pl_PL","og_type":"article","og_title":"O zwyczajnej - niezwyczajnej - Mszy \u015awi\u0119tej... - Gaudium Et Spes","og_description":"Szcz\u0119\u015b\u0107 Bo\u017ce! Moi Drodzy, moja wczorajsza propozycja, dotycz\u0105ca obejrzenia filmu o piekle nie mia\u0142a na celu wprawienie Was w stan przygn\u0119bienia czy rezygnacji. Wprost przeciwnie: my mamy wiedzie\u0107, \u017ce piek\u0142o jest i \u017ce &#8211; niestety &#8211; ka\u017cdy mo\u017ce si\u0119 w nim znale\u017a\u0107, ale \u017ce wcale tak du\u017co nie trzeba, aby osi\u0105gn\u0105\u0107 zbawienie! Ono nie jest [&hellip;]","og_url":"https:\/\/gaudiumetspes-blog.pl\/index.php\/2013\/04\/17\/o-zwyczajnej-niezwyczajnej-mszy-swietej\/","og_site_name":"Gaudium Et Spes","article_published_time":"2013-04-17T04:32:00+00:00","article_modified_time":"2019-07-31T10:53:57+00:00","author":"Ks. Jacek","twitter_card":"summary_large_image","twitter_misc":{"Napisane przez":"Ks. Jacek","Szacowany czas czytania":"7 minut"},"schema":{"@context":"https:\/\/schema.org","@graph":[{"@type":"WebPage","@id":"https:\/\/gaudiumetspes-blog.pl\/index.php\/2013\/04\/17\/o-zwyczajnej-niezwyczajnej-mszy-swietej\/","url":"https:\/\/gaudiumetspes-blog.pl\/index.php\/2013\/04\/17\/o-zwyczajnej-niezwyczajnej-mszy-swietej\/","name":"O zwyczajnej - niezwyczajnej - Mszy \u015awi\u0119tej... - Gaudium Et Spes","isPartOf":{"@id":"https:\/\/gaudiumetspes-blog.pl\/#website"},"datePublished":"2013-04-17T04:32:00+00:00","dateModified":"2019-07-31T10:53:57+00:00","author":{"@id":"https:\/\/gaudiumetspes-blog.pl\/#\/schema\/person\/1661982992b752dea8dff0d4ed845a65"},"breadcrumb":{"@id":"https:\/\/gaudiumetspes-blog.pl\/index.php\/2013\/04\/17\/o-zwyczajnej-niezwyczajnej-mszy-swietej\/#breadcrumb"},"inLanguage":"pl-PL","potentialAction":[{"@type":"ReadAction","target":["https:\/\/gaudiumetspes-blog.pl\/index.php\/2013\/04\/17\/o-zwyczajnej-niezwyczajnej-mszy-swietej\/"]}]},{"@type":"BreadcrumbList","@id":"https:\/\/gaudiumetspes-blog.pl\/index.php\/2013\/04\/17\/o-zwyczajnej-niezwyczajnej-mszy-swietej\/#breadcrumb","itemListElement":[{"@type":"ListItem","position":1,"name":"Strona g\u0142\u00f3wna","item":"https:\/\/gaudiumetspes-blog.pl\/"},{"@type":"ListItem","position":2,"name":"O&nbsp;zwyczajnej &#8211; niezwyczajnej &#8211; Mszy \u015awi\u0119tej&#8230;"}]},{"@type":"WebSite","@id":"https:\/\/gaudiumetspes-blog.pl\/#website","url":"https:\/\/gaudiumetspes-blog.pl\/","name":"Gaudium Et Spes","description":"Blog Ks. Jacka Ja\u015bkowskiego","potentialAction":[{"@type":"SearchAction","target":{"@type":"EntryPoint","urlTemplate":"https:\/\/gaudiumetspes-blog.pl\/?s={search_term_string}"},"query-input":{"@type":"PropertyValueSpecification","valueRequired":true,"valueName":"search_term_string"}}],"inLanguage":"pl-PL"},{"@type":"Person","@id":"https:\/\/gaudiumetspes-blog.pl\/#\/schema\/person\/1661982992b752dea8dff0d4ed845a65","name":"Ks. Jacek","image":{"@type":"ImageObject","inLanguage":"pl-PL","@id":"https:\/\/gaudiumetspes-blog.pl\/#\/schema\/person\/image\/","url":"https:\/\/gaudiumetspes-blog.pl\/wp-content\/uploads\/2019\/07\/avatar-JJ-150x150.jpg","contentUrl":"https:\/\/gaudiumetspes-blog.pl\/wp-content\/uploads\/2019\/07\/avatar-JJ-150x150.jpg","caption":"Ks. Jacek"},"description":"Witam serdecznie! K\u0142ania si\u0119 Ks. Jacek Ja\u015bkowski. Nie jestem ani kim\u015b wa\u017cnym, ani kim\u015b znanym. Jestem ksi\u0119dzem, kt\u00f3ry po prostu chce rozmawia\u0107. Codzienna kap\u0142a\u0144ska pos\u0142uga pokazuje mi, \u017ce temat\u00f3w do rozm\u00f3w z ksi\u0119dzem jest coraz wi\u0119cej i dzisiaj \u017caden ksi\u0105dz nie mo\u017ce od nich ucieka\u0107, ale - wprost przeciwnie - podejmowa\u0107 nowe wyzwania. To przekonanie sk\u0142oni\u0142o mnie do pr\u00f3by otwarcia tego\u017c bloga, chocia\u017c okazji do rozm\u00f3w na co dzie\u0144 - w konfesjonale i poza nim - na szcz\u0119\u015bcie nie brakuje. My\u015bl\u0119 jednak, \u017ce ten blog b\u0119dzie jeszcze jednym sposobem i przestrzeni\u0105 nawi\u0105zania kontaktu z lud\u017ami dobrej woli, otwartymi na dialog.","url":"https:\/\/gaudiumetspes-blog.pl\/index.php\/author\/ks-jacek\/"}]}},"jetpack_featured_media_url":"","jetpack_sharing_enabled":true,"_links":{"self":[{"href":"https:\/\/gaudiumetspes-blog.pl\/index.php\/wp-json\/wp\/v2\/posts\/9152","targetHints":{"allow":["GET"]}}],"collection":[{"href":"https:\/\/gaudiumetspes-blog.pl\/index.php\/wp-json\/wp\/v2\/posts"}],"about":[{"href":"https:\/\/gaudiumetspes-blog.pl\/index.php\/wp-json\/wp\/v2\/types\/post"}],"author":[{"embeddable":true,"href":"https:\/\/gaudiumetspes-blog.pl\/index.php\/wp-json\/wp\/v2\/users\/1"}],"replies":[{"embeddable":true,"href":"https:\/\/gaudiumetspes-blog.pl\/index.php\/wp-json\/wp\/v2\/comments?post=9152"}],"version-history":[{"count":1,"href":"https:\/\/gaudiumetspes-blog.pl\/index.php\/wp-json\/wp\/v2\/posts\/9152\/revisions"}],"predecessor-version":[{"id":11035,"href":"https:\/\/gaudiumetspes-blog.pl\/index.php\/wp-json\/wp\/v2\/posts\/9152\/revisions\/11035"}],"wp:attachment":[{"href":"https:\/\/gaudiumetspes-blog.pl\/index.php\/wp-json\/wp\/v2\/media?parent=9152"}],"wp:term":[{"taxonomy":"category","embeddable":true,"href":"https:\/\/gaudiumetspes-blog.pl\/index.php\/wp-json\/wp\/v2\/categories?post=9152"},{"taxonomy":"post_tag","embeddable":true,"href":"https:\/\/gaudiumetspes-blog.pl\/index.php\/wp-json\/wp\/v2\/tags?post=9152"}],"curies":[{"name":"wp","href":"https:\/\/api.w.org\/{rel}","templated":true}]}}