{"id":9154,"date":"2013-04-15T07:16:00","date_gmt":"2013-04-15T05:16:00","guid":{"rendered":"https:\/\/gaudiumetspes-blog.pl\/index.php\/2013\/04\/15\/po-co-nam-boze-dary\/"},"modified":"2019-07-31T12:53:57","modified_gmt":"2019-07-31T10:53:57","slug":"po-co-nam-boze-dary","status":"publish","type":"post","link":"https:\/\/gaudiumetspes-blog.pl\/index.php\/2013\/04\/15\/po-co-nam-boze-dary\/","title":{"rendered":"Po co nam Bo\u017ce dary?&#8230;"},"content":{"rendered":"<p><\/p>\n<div align=\"JUSTIFY\" style=\"margin-bottom: 0cm;\">\nSzcz\u0119\u015b\u0107 Bo\u017ce! Pozdrawiam u pocz\u0105tku nowego tygodnia pracy i nauki. Niech to b\u0119dzie dla nas wszystkich dobry czas! A wskazanie, zawarte w dzisiejszym Bo\u017cym S\u0142owie, niech b\u0119dzie dla nas \u015bwiat\u0142em&#8230;<\/div>\n<div align=\"JUSTIFY\" style=\"margin-bottom: 0cm;\">\n&nbsp; &nbsp; &nbsp; &nbsp; &nbsp; Gaudium et spes! &nbsp;Ks. Jacek<\/div>\n<div align=\"JUSTIFY\" style=\"margin-bottom: 0cm;\">\n<b><br \/><\/b><\/div>\n<div align=\"JUSTIFY\" style=\"margin-bottom: 0cm;\">\n<b>Poniedzia\u0142ek<br \/>\n3 tygodnia Wielkanocy,<\/b><\/div>\n<div align=\"JUSTIFY\" style=\"margin-bottom: 0cm;\">\n<b>do<br \/>\nczyta\u0144:  Dz 6,8\u201315;  J 6,22\u201329<\/b><\/div>\n<div align=\"JUSTIFY\" style=\"margin-bottom: 0cm;\">\n\n<\/div>\n<div align=\"JUSTIFY\" style=\"margin-bottom: 0cm; page-break-before: auto;\">\n<b>CZYTANIE<br \/>\nZ DZIEJ\u00d3W APOSTOLSKICH: <\/b>\n<\/div>\n<div align=\"JUSTIFY\" style=\"margin-bottom: 0cm; text-indent: 1.24cm;\">\n<b>Szczepan<br \/>\npe\u0142en \u0142aski i mocy dzia\u0142a\u0142 cuda i znaki wielkie w\u015br\u00f3d ludu.<br \/>\nNiekt\u00f3rzy za\u015b z synagogi, zwanej synagog\u0105 Libertyn\u00f3w i<br \/>\nCyrenejczyk\u00f3w, i Aleksandryjczyk\u00f3w, i tych, kt\u00f3rzy pochodzili z<br \/>\nCylicji i z Azji, wyst\u0105pili do rozprawy ze Szczepanem. Nie mogli<br \/>\njednak sprosta\u0107 m\u0105dro\u015bci i Duchowi, z kt\u00f3rego natchnienia<br \/>\nprzemawia\u0142. <\/b>\n<\/div>\n<div align=\"JUSTIFY\" style=\"margin-bottom: 0cm; text-indent: 1.24cm;\">\n<b>Podstawili<br \/>\nwi\u0119c ludzi, kt\u00f3rzy zeznali: \u201eS\u0142yszeli\u015bmy, jak on m\u00f3wi\u0142<br \/>\nblu\u017anierstwa przeciwko Moj\u017ceszowi i Bogu\u201d. W ten spos\u00f3b<br \/>\npodburzyli lud, starszych i uczonych w Pi\u015bmie. Przybiegli, porwali<br \/>\ngo i zaprowadzili przed Sanhedryn. <\/b>\n<\/div>\n<div align=\"JUSTIFY\" style=\"margin-bottom: 0cm; text-indent: 1.24cm;\">\n<b>Tam<br \/>\npostawili fa\u0142szywych \u015bwiadk\u00f3w, kt\u00f3rzy zeznali: \u201eTen cz\u0142owiek<br \/>\nnie przestaje m\u00f3wi\u0107 przeciwko temu \u015bwi\u0119temu miejscu i przeciwko<br \/>\nPrawu. Bo s\u0142yszeli\u015bmy, jak m\u00f3wi\u0142, \u017ce Jezus Nazarejczyk zburzy to<br \/>\nmiejsce i pozmienia zwyczaje, kt\u00f3re nam Moj\u017cesz przekaza\u0142\u201d. A<br \/>\nwszyscy, kt\u00f3rzy zasiadali w Sanhedrynie, przygl\u0105dali si\u0119 mu<br \/>\nuwa\u017cnie i widzieli twarz jego, podobn\u0105 do oblicza anio\u0142a.<\/b><\/div>\n<div align=\"JUSTIFY\" style=\"margin-bottom: 0cm;\">\n\n<\/div>\n<div align=\"JUSTIFY\" style=\"margin-bottom: 0cm;\">\n<b>S\u0141OWA<br \/>\nEWANGELII WED\u0141UG \u015aWI\u0118TEGO JANA: <\/b>\n<\/div>\n<div align=\"JUSTIFY\" style=\"margin-bottom: 0cm; text-indent: 1.24cm;\">\n<b>Nazajutrz<br \/>\npo rozmno\u017ceniu chleb\u00f3w lud, stoj\u0105c po drugiej stronie jeziora,<br \/>\nspostrzeg\u0142, \u017ce poza jedn\u0105 \u0142odzi\u0105 nie by\u0142o tam \u017cadnej innej<br \/>\noraz \u017ce Jezus nie wsiad\u0142 do \u0142odzi razem ze swymi uczniami, lecz \u017ce<br \/>\nJego uczniowie odp\u0142yn\u0119li sami. <\/b>\n<\/div>\n<div align=\"JUSTIFY\" style=\"margin-bottom: 0cm; text-indent: 1.24cm;\">\n<b>Tymczasem<br \/>\nw pobli\u017ce tego miejsca, gdzie spo\u017cyto chleb po modlitwie<br \/>\ndzi\u0119kczynnej Pana, przyp\u0142yn\u0119\u0142y od Tyberiady inne \u0142odzie. <\/b>\n<\/div>\n<div align=\"JUSTIFY\" style=\"margin-bottom: 0cm; text-indent: 1.24cm;\">\n<b>A<br \/>\nkiedy ludzie z t\u0142umu zauwa\u017cyli, \u017ce nie ma tam Jezusa, a tak\u017ce<br \/>\nJego uczni\u00f3w, wsiedli do \u0142odzi, przybyli do Kafarnaum i tam szukali<br \/>\nJezusa. Gdy Go za\u015b odnale\u017ali na przeciwleg\u0142ym brzegu, rzekli do<br \/>\nNiego: \u201eRabbi, kiedy tu przyby\u0142e\u015b?\u201d <\/b>\n<\/div>\n<div align=\"JUSTIFY\" style=\"margin-bottom: 0cm; text-indent: 1.24cm;\">\n<b>W<br \/>\nodpowiedzi rzek\u0142 im Jezus: \u201eZaprawd\u0119, zaprawd\u0119 powiadam wam:<br \/>\nSzukacie Mnie nie dlatego, \u017ce\u015bcie widzieli znaki, ale dlatego,<br \/>\n\u017ce\u015bcie jedli chleb do syto\u015bci. Troszczcie si\u0119 nie o ten pokarm,<br \/>\nkt\u00f3ry ginie, ale o ten, kt\u00f3ry trwa na wieki, a kt\u00f3ry da wam Syn<br \/>\nCz\u0142owieczy; Jego to bowiem piecz\u0119ci\u0105 sw\u0105 naznaczy\u0142 B\u00f3g Ojciec\u201d.<br \/>\nOni za\u015b rzekli do Niego: \u201eC\u00f3\u017c mamy czyni\u0107, aby\u015bmy wykonywali<br \/>\ndzie\u0142a Bo\u017ce?\u201d Jezus odpowiadaj\u0105c, rzek\u0142 do nich: \u201eNa tym<br \/>\npolega dzie\u0142o zamierzone przez Boga, aby\u015bcie uwierzyli w Tego,<br \/>\nkt\u00f3rego On pos\u0142a\u0142\u201d.<\/b><\/div>\n<div align=\"JUSTIFY\" style=\"margin-bottom: 0cm;\">\n\n<\/div>\n<div align=\"JUSTIFY\" style=\"margin-bottom: 0cm; page-break-before: auto; text-indent: 1.22cm;\">\nWydarzenie,<br \/>\no kt\u00f3rym m\u00f3wi dzisiejsze pierwsze czytanie, a o kt\u00f3rym b\u0119dziemy<br \/>\ns\u0142yszeli jeszcze przez najbli\u017csze dni, <b>zdaje si\u0119 m\u0105ci\u0107 rado\u015b\u0107<br \/>\nze Zmartwychwstania Pana. <\/b>Oto bowiem jeste\u015bmy \u015bwiadkami<br \/>\n<b>rozprawy ze Szczepanem<\/b> \u2013 diakonem m\u0142odego Ko\u015bcio\u0142a.<\/div>\n<div align=\"JUSTIFY\" style=\"margin-bottom: 0cm; text-indent: 1.22cm;\">\nSzczepan<br \/>\n\u2013 jak s\u0142yszeli\u015bmy \u2013 <i><b>pe\u0142en<br \/>\n\u0142aski i mocy dzia\u0142a\u0142 cuda i znaki wielkie w\u015br\u00f3d ludu<\/b><\/i><b>.<br \/>\n<\/b>A<br \/>\nponiewa\u017c czyni\u0142 to moc\u0105 Jezusa, nie zdoby\u0142 tym \u2013<br \/>\nco oczywiste! \u2013<br \/>\nuznania u<br \/>\n\u017byd\u00f3w.<br \/>\nDlatego<br \/>\nwyst\u0105pili<br \/>\noni do rozprawy z nim, pochwycili i oskar\u017cyli. Dobrze wiemy, jak si\u0119<br \/>\nto wszystko sko\u0144czy\u0142o, chocia\u017c i tak jutro o tym us\u0142yszymy:<br \/>\nSzczepan zosta\u0142 ukamienowany, <b>odda\u0142<br \/>\n\u017cycie \u2013 na \u015bwiadectwo prawdziwo\u015bci tego, czym \u017cy\u0142, czego<br \/>\ndokonywa\u0142 i co g\u0142osi\u0142.<\/b><\/p>\n<\/div>\n<div align=\"JUSTIFY\" style=\"margin-bottom: 0cm; text-indent: 1.22cm;\">\nDzisiejsze<br \/>\npierwsze czytanie przedstawia nam fragment \u2013 nazwijmy to tak \u2013<br \/>\nprocesu, a dok\u0142adnie: <b>zezna<\/b><b>\u0144<\/b><b><br \/>\nfa\u0142szywych \u015bwiadk\u00f3w.<\/b><br \/>\nKsi\u0119ga Dziej\u00f3w Apostolskich zawiera w sobie zapis do\u015b\u0107 d\u0142ugiej<br \/>\nprzemowy samego oskar\u017conego, tego jednak dzi\u015b nie s\u0142yszymy.<br \/>\nS\u0142yszymy natomiast s\u0142owa oskar\u017cenia \u2013 fa\u0142szywego oskar\u017cenia,<br \/>\nnieprawdziwych zarzut\u00f3w, rzucanych <b>nie<br \/>\npo to, aby doj\u015b\u0107 do prawdy i zdemaskowa\u0107 z\u0142o<\/b><br \/>\nw postawie oskar\u017conego, ale <b>po<br \/>\nto, aby go pogr\u0105\u017cy\u0107, aby go uciszy\u0107, aby go usun\u0105\u0107 <\/b><b>z<br \/>\npola widzenia<\/b>&#8230;<br \/>\nSkoro bowiem nie da\u0142o si\u0119 udowodni\u0107 tak naprawd\u0119 niczego z\u0142ego,<br \/>\nbo nie by\u0142o czego udowadnia\u0107, gdy\u017c Szczepan niczego takiego nie<br \/>\nuczyni\u0142, <b>to<br \/>\ntrzeba by\u0142o wymy\u015bli\u0107 cokolwiek, aby tylko dopi\u0105\u0107 swego,<\/b><br \/>\na niewygodnego cz\u0142owieka pokona\u0107&#8230;\n<\/div>\n<div align=\"JUSTIFY\" style=\"margin-bottom: 0cm; text-indent: 1.22cm;\">\nKochani,<br \/>\njak\u017ce bardzo ta sytuacja przypomina to wszystko, co spotka\u0142o<br \/>\nJezusa! I jak\u017ce bardzo ta sytuacja <b>przywo\u0142uje<br \/>\nskojarzenie z wieloma sytuacjami, jakie dziej\u0105 si\u0119 w naszym<br \/>\n\u017cyciu<\/b>&#8230;<br \/>\nA to wszystko tylko potwierdza prawd\u0119, o kt\u00f3rej ju\u017c nieraz z tego<br \/>\nmiejsca m\u00f3wili\u015bmy sobie, \u017ce <b>nie<br \/>\nwystarczy, <\/b><b>i<\/b><b>\u017c<br \/>\nJezus zmartwychwsta\u0142!<\/b><br \/>\nI nie wystarczy, \u017ce rozmno\u017cy\u0142 chleb i ryby, \u017ce uzdrowi\u0142 tak<br \/>\nwielu chorych, a wielu zmar\u0142ych wskrzesi\u0142 \u2013 <b>nie<br \/>\nwystarczy! <\/b>Brzmi<br \/>\nto na<br \/>\npewno dziwnie,<br \/>\nwr\u0119cz<br \/>\nparadoksalnie,<br \/>\nale tak w\u0142a\u015bnie jest: <b>nie<br \/>\nwystarczy, \u017ce Jezus dokonuje rzeczy niezwyk\u0142ych.<\/b><br \/>\nZawsze jeszcze bowiem trzeba postawi\u0107 pytanie, <b>co<br \/>\ncz\u0142owiek z tym zrobi?<\/b><\/p>\n<\/div>\n<div align=\"JUSTIFY\" style=\"margin-bottom: 0cm; text-indent: 1.22cm;\">\nCzy<br \/>\nsi\u0119 <b>temu<br \/>\nnie sprzeciwi,<\/b><br \/>\njak sprzeciwili si\u0119 oskar\u017cyciele Szczepana? <b>Czy<br \/>\ntego nie sp\u0142yci,<\/b><br \/>\njak sp\u0142ycili bohaterowie dzisiejszej Ewangelii? Oni bowiem najedli<br \/>\nsi\u0119 chleba do syto\u015bci \u2013 <b>i<br \/>\nc\u00f3\u017c z tego zrozumieli?<\/b><br \/>\nCzy dostrzegli dzia\u0142anie Boga i opiek\u0119 Bo\u017c\u0105 nad sob\u0105? Czy<br \/>\n<b>dostrzegli<br \/>\nBo\u017c\u0105 moc,<\/b><br \/>\nkt\u00f3ra realnie wp\u0142ywa na \u017cycie cz\u0142owieka? Czy uzmys\u0142owili sobie,<br \/>\n\u017ce Pan chcia\u0142 im co\u015b w ten spos\u00f3b powiedzie\u0107? <b>Nie!<\/b><br \/>\nOni si\u0119 po prostu najedli, wi\u0119c \u2013 wniosek prosty: <b>obwo\u0142a\u0107<br \/>\nJezusa kr\u00f3lem, to zawsze b\u0119d\u0105 mieli chleba tyle, ile b\u0119d\u0105<br \/>\nchcieli!<\/b><br \/>\nI b\u0119dzie im ju\u017c zawsze dobrze i fajnie! A<br \/>\nto przecie\u017c nie o to chodzi!<\/div>\n<div align=\"JUSTIFY\" style=\"margin-bottom: 0cm; text-indent: 1.22cm;\">\nI<br \/>\ndlatego zapewne Pan sam dzisiaj, przez takie w\u0142a\u015bnie, a nie inne<br \/>\nprzes\u0142anie Liturgii S\u0142owa, poucza nas i <b>ostrzega<br \/>\nzar\u00f3wno przed sp\u0142ycaniem Bo\u017cych dar\u00f3w, jak te\u017c ich negowaniem,<br \/>\nodrzucaniem&#8230;<\/b><br \/>\nW\u0142a\u015bciwie, to nie wiadomo, co jest gorsze&#8230; Bo<br \/>\nka\u017cdy Bo\u017cy dar \u2013 jaki by on nie by\u0142: zwyczajny, czy<br \/>\nnadzwyczajny, duchowy, czy materialny \u2013 <b>ka\u017cdy<br \/>\nBo\u017cy dar dany jest po to, aby w jaki\u015b spos\u00f3b odmieni\u0142 \u017cycie<br \/>\ncz\u0142owieka, aby to z kolei prowadzi\u0142o do jego wiecznego zbawienia. <\/b>I<br \/>\nw\u0142a\u015bnie to jest ten najbardziej zasadniczy i najwa\u017cniejszy motyw<br \/>\nudzielania nam przez Pana swoich dar\u00f3w: <b>wieczne<br \/>\nzbawienie <\/b><b>ka\u017cdej<br \/>\ni ka\u017cdego z nas!<\/b><\/p>\n<\/div>\n<div align=\"JUSTIFY\" style=\"margin-bottom: 0cm; text-indent: 1.22cm;\">\nNatomiast<br \/>\nPan nie dawa\u0142 nigdy \u2013 i dzisiaj nie daje \u2013 swoich dar\u00f3w <b>po<br \/>\nto, aby zaszokowa\u0107, <\/b>aby<br \/>\nprzed kim\u015b b\u0142ysn\u0105\u0107 lub zdoby\u0107 tani\u0105 popularno\u015b\u0107, albo<br \/>\npodnie\u015b\u0107<br \/>\nsobie s\u0142upki<br \/>\nw politycznych sonda\u017cach&#8230; Jezus daje swoje<br \/>\nznaki i dary <b>po<br \/>\nto, aby doprowadzi\u0107 cz\u0142owieka do zbawienia,<\/b><br \/>\na wcze\u015bniej jeszcze: <b>uczyni\u0107<br \/>\njego \u017cycie na ziemi m\u0105drzejszym i pi\u0119kniejszym.<\/b><\/p>\n<\/div>\n<div align=\"JUSTIFY\" style=\"margin-bottom: 0cm; text-indent: 1.22cm;\">\nI<br \/>\ndobrze<br \/>\nby by\u0142o, gdyby\u015bmy <b>z<br \/>\ntak\u0105 \u015bwiadomo\u015bci\u0105 przyjmowali wszystko, co z r\u0119ki Bo\u017cej<br \/>\notrzymujemy,<\/b><br \/>\npocz\u0105wszy od Mszy \u015awi\u0119tej, Komunii \u015awi\u0119tej, Sakrament\u00f3w i<br \/>\nBo\u017cego S\u0142owa, poprzez codzienne sytuacje oraz ludzi, kt\u00f3rzy te\u017c \u2013<br \/>\nw jakim\u015b sensie \u2013 takim Bo\u017cym darem dla nas si\u0119 staj\u0105. Oby\u015bmy<br \/>\nwszystkie znaki Bo\u017cej dobroci <b>widzieli<br \/>\ni przyjmowali w ca\u0142ej ich g\u0142\u0119bi,<\/b><br \/>\nnie sprzeciwiaj\u0105c<br \/>\nsi\u0119 im, <b>nie<br \/>\nodrzucaj\u0105c ich i nie sp\u0142ycaj\u0105c<\/b><br \/>\ndo chwilowego zadziwienia lub dora\u017anego zadowolenia&#8230; Oby one<br \/>\nwszystkie przemienia\u0142y nasze \u017cycie w kierunku \u017cycia prawdziwie<br \/>\nBo\u017cego \u2013 <b>i<br \/>\noby nas prowadzi\u0142y do zbawienia&#8230;<\/b><\/div>\n","protected":false},"excerpt":{"rendered":"<p>Szcz\u0119\u015b\u0107 Bo\u017ce! Pozdrawiam u pocz\u0105tku nowego tygodnia pracy i nauki. Niech to b\u0119dzie dla nas wszystkich dobry czas! A wskazanie, zawarte w dzisiejszym Bo\u017cym S\u0142owie, niech b\u0119dzie dla nas \u015bwiat\u0142em&#8230; &nbsp; &nbsp; &nbsp; &nbsp; &nbsp; Gaudium et spes! &nbsp;Ks. Jacek Poniedzia\u0142ek 3 tygodnia Wielkanocy, do czyta\u0144: Dz 6,8\u201315; J 6,22\u201329 CZYTANIE Z DZIEJ\u00d3W APOSTOLSKICH: Szczepan [&hellip;]<\/p>\n","protected":false},"author":1,"featured_media":0,"comment_status":"open","ping_status":"open","sticky":false,"template":"","format":"standard","meta":{"jetpack_post_was_ever_published":false,"_jetpack_newsletter_access":"","_jetpack_dont_email_post_to_subs":false,"_jetpack_newsletter_tier_id":0,"_jetpack_memberships_contains_paywalled_content":false,"_jetpack_memberships_contains_paid_content":false,"footnotes":""},"categories":[1],"tags":[],"class_list":["post-9154","post","type-post","status-publish","format-standard","hentry","category-bez-kategorii"],"yoast_head":"<!-- This site is optimized with the Yoast SEO plugin v25.1 - https:\/\/yoast.com\/wordpress\/plugins\/seo\/ -->\n<title>Po co nam Bo\u017ce dary?... - Gaudium Et Spes<\/title>\n<meta name=\"robots\" content=\"index, follow, max-snippet:-1, max-image-preview:large, max-video-preview:-1\" \/>\n<link rel=\"canonical\" href=\"https:\/\/gaudiumetspes-blog.pl\/index.php\/2013\/04\/15\/po-co-nam-boze-dary\/\" \/>\n<meta property=\"og:locale\" content=\"pl_PL\" \/>\n<meta property=\"og:type\" content=\"article\" \/>\n<meta property=\"og:title\" content=\"Po co nam Bo\u017ce dary?... - Gaudium Et Spes\" \/>\n<meta property=\"og:description\" content=\"Szcz\u0119\u015b\u0107 Bo\u017ce! Pozdrawiam u pocz\u0105tku nowego tygodnia pracy i nauki. Niech to b\u0119dzie dla nas wszystkich dobry czas! A wskazanie, zawarte w dzisiejszym Bo\u017cym S\u0142owie, niech b\u0119dzie dla nas \u015bwiat\u0142em&#8230; &nbsp; &nbsp; &nbsp; &nbsp; &nbsp; Gaudium et spes! &nbsp;Ks. Jacek Poniedzia\u0142ek 3 tygodnia Wielkanocy, do czyta\u0144: Dz 6,8\u201315; J 6,22\u201329 CZYTANIE Z DZIEJ\u00d3W APOSTOLSKICH: Szczepan [&hellip;]\" \/>\n<meta property=\"og:url\" content=\"https:\/\/gaudiumetspes-blog.pl\/index.php\/2013\/04\/15\/po-co-nam-boze-dary\/\" \/>\n<meta property=\"og:site_name\" content=\"Gaudium Et Spes\" \/>\n<meta property=\"article:published_time\" content=\"2013-04-15T05:16:00+00:00\" \/>\n<meta property=\"article:modified_time\" content=\"2019-07-31T10:53:57+00:00\" \/>\n<meta name=\"author\" content=\"Ks. Jacek\" \/>\n<meta name=\"twitter:card\" content=\"summary_large_image\" \/>\n<meta name=\"twitter:label1\" content=\"Napisane przez\" \/>\n\t<meta name=\"twitter:data1\" content=\"Ks. Jacek\" \/>\n\t<meta name=\"twitter:label2\" content=\"Szacowany czas czytania\" \/>\n\t<meta name=\"twitter:data2\" content=\"6 minut\" \/>\n<script type=\"application\/ld+json\" class=\"yoast-schema-graph\">{\"@context\":\"https:\/\/schema.org\",\"@graph\":[{\"@type\":\"WebPage\",\"@id\":\"https:\/\/gaudiumetspes-blog.pl\/index.php\/2013\/04\/15\/po-co-nam-boze-dary\/\",\"url\":\"https:\/\/gaudiumetspes-blog.pl\/index.php\/2013\/04\/15\/po-co-nam-boze-dary\/\",\"name\":\"Po co nam Bo\u017ce dary?... - Gaudium Et Spes\",\"isPartOf\":{\"@id\":\"https:\/\/gaudiumetspes-blog.pl\/#website\"},\"datePublished\":\"2013-04-15T05:16:00+00:00\",\"dateModified\":\"2019-07-31T10:53:57+00:00\",\"author\":{\"@id\":\"https:\/\/gaudiumetspes-blog.pl\/#\/schema\/person\/1661982992b752dea8dff0d4ed845a65\"},\"breadcrumb\":{\"@id\":\"https:\/\/gaudiumetspes-blog.pl\/index.php\/2013\/04\/15\/po-co-nam-boze-dary\/#breadcrumb\"},\"inLanguage\":\"pl-PL\",\"potentialAction\":[{\"@type\":\"ReadAction\",\"target\":[\"https:\/\/gaudiumetspes-blog.pl\/index.php\/2013\/04\/15\/po-co-nam-boze-dary\/\"]}]},{\"@type\":\"BreadcrumbList\",\"@id\":\"https:\/\/gaudiumetspes-blog.pl\/index.php\/2013\/04\/15\/po-co-nam-boze-dary\/#breadcrumb\",\"itemListElement\":[{\"@type\":\"ListItem\",\"position\":1,\"name\":\"Strona g\u0142\u00f3wna\",\"item\":\"https:\/\/gaudiumetspes-blog.pl\/\"},{\"@type\":\"ListItem\",\"position\":2,\"name\":\"Po&nbsp;co nam Bo\u017ce dary?&#8230;\"}]},{\"@type\":\"WebSite\",\"@id\":\"https:\/\/gaudiumetspes-blog.pl\/#website\",\"url\":\"https:\/\/gaudiumetspes-blog.pl\/\",\"name\":\"Gaudium Et Spes\",\"description\":\"Blog Ks. Jacka Ja\u015bkowskiego\",\"potentialAction\":[{\"@type\":\"SearchAction\",\"target\":{\"@type\":\"EntryPoint\",\"urlTemplate\":\"https:\/\/gaudiumetspes-blog.pl\/?s={search_term_string}\"},\"query-input\":{\"@type\":\"PropertyValueSpecification\",\"valueRequired\":true,\"valueName\":\"search_term_string\"}}],\"inLanguage\":\"pl-PL\"},{\"@type\":\"Person\",\"@id\":\"https:\/\/gaudiumetspes-blog.pl\/#\/schema\/person\/1661982992b752dea8dff0d4ed845a65\",\"name\":\"Ks. Jacek\",\"image\":{\"@type\":\"ImageObject\",\"inLanguage\":\"pl-PL\",\"@id\":\"https:\/\/gaudiumetspes-blog.pl\/#\/schema\/person\/image\/\",\"url\":\"https:\/\/gaudiumetspes-blog.pl\/wp-content\/uploads\/2019\/07\/avatar-JJ-150x150.jpg\",\"contentUrl\":\"https:\/\/gaudiumetspes-blog.pl\/wp-content\/uploads\/2019\/07\/avatar-JJ-150x150.jpg\",\"caption\":\"Ks. Jacek\"},\"description\":\"Witam serdecznie! K\u0142ania si\u0119 Ks. Jacek Ja\u015bkowski. Nie jestem ani kim\u015b wa\u017cnym, ani kim\u015b znanym. Jestem ksi\u0119dzem, kt\u00f3ry po prostu chce rozmawia\u0107. Codzienna kap\u0142a\u0144ska pos\u0142uga pokazuje mi, \u017ce temat\u00f3w do rozm\u00f3w z ksi\u0119dzem jest coraz wi\u0119cej i dzisiaj \u017caden ksi\u0105dz nie mo\u017ce od nich ucieka\u0107, ale - wprost przeciwnie - podejmowa\u0107 nowe wyzwania. To przekonanie sk\u0142oni\u0142o mnie do pr\u00f3by otwarcia tego\u017c bloga, chocia\u017c okazji do rozm\u00f3w na co dzie\u0144 - w konfesjonale i poza nim - na szcz\u0119\u015bcie nie brakuje. My\u015bl\u0119 jednak, \u017ce ten blog b\u0119dzie jeszcze jednym sposobem i przestrzeni\u0105 nawi\u0105zania kontaktu z lud\u017ami dobrej woli, otwartymi na dialog.\",\"url\":\"https:\/\/gaudiumetspes-blog.pl\/index.php\/author\/ks-jacek\/\"}]}<\/script>\n<!-- \/ Yoast SEO plugin. -->","yoast_head_json":{"title":"Po co nam Bo\u017ce dary?... - Gaudium Et Spes","robots":{"index":"index","follow":"follow","max-snippet":"max-snippet:-1","max-image-preview":"max-image-preview:large","max-video-preview":"max-video-preview:-1"},"canonical":"https:\/\/gaudiumetspes-blog.pl\/index.php\/2013\/04\/15\/po-co-nam-boze-dary\/","og_locale":"pl_PL","og_type":"article","og_title":"Po co nam Bo\u017ce dary?... - Gaudium Et Spes","og_description":"Szcz\u0119\u015b\u0107 Bo\u017ce! Pozdrawiam u pocz\u0105tku nowego tygodnia pracy i nauki. Niech to b\u0119dzie dla nas wszystkich dobry czas! A wskazanie, zawarte w dzisiejszym Bo\u017cym S\u0142owie, niech b\u0119dzie dla nas \u015bwiat\u0142em&#8230; &nbsp; &nbsp; &nbsp; &nbsp; &nbsp; Gaudium et spes! &nbsp;Ks. Jacek Poniedzia\u0142ek 3 tygodnia Wielkanocy, do czyta\u0144: Dz 6,8\u201315; J 6,22\u201329 CZYTANIE Z DZIEJ\u00d3W APOSTOLSKICH: Szczepan [&hellip;]","og_url":"https:\/\/gaudiumetspes-blog.pl\/index.php\/2013\/04\/15\/po-co-nam-boze-dary\/","og_site_name":"Gaudium Et Spes","article_published_time":"2013-04-15T05:16:00+00:00","article_modified_time":"2019-07-31T10:53:57+00:00","author":"Ks. Jacek","twitter_card":"summary_large_image","twitter_misc":{"Napisane przez":"Ks. Jacek","Szacowany czas czytania":"6 minut"},"schema":{"@context":"https:\/\/schema.org","@graph":[{"@type":"WebPage","@id":"https:\/\/gaudiumetspes-blog.pl\/index.php\/2013\/04\/15\/po-co-nam-boze-dary\/","url":"https:\/\/gaudiumetspes-blog.pl\/index.php\/2013\/04\/15\/po-co-nam-boze-dary\/","name":"Po co nam Bo\u017ce dary?... - Gaudium Et Spes","isPartOf":{"@id":"https:\/\/gaudiumetspes-blog.pl\/#website"},"datePublished":"2013-04-15T05:16:00+00:00","dateModified":"2019-07-31T10:53:57+00:00","author":{"@id":"https:\/\/gaudiumetspes-blog.pl\/#\/schema\/person\/1661982992b752dea8dff0d4ed845a65"},"breadcrumb":{"@id":"https:\/\/gaudiumetspes-blog.pl\/index.php\/2013\/04\/15\/po-co-nam-boze-dary\/#breadcrumb"},"inLanguage":"pl-PL","potentialAction":[{"@type":"ReadAction","target":["https:\/\/gaudiumetspes-blog.pl\/index.php\/2013\/04\/15\/po-co-nam-boze-dary\/"]}]},{"@type":"BreadcrumbList","@id":"https:\/\/gaudiumetspes-blog.pl\/index.php\/2013\/04\/15\/po-co-nam-boze-dary\/#breadcrumb","itemListElement":[{"@type":"ListItem","position":1,"name":"Strona g\u0142\u00f3wna","item":"https:\/\/gaudiumetspes-blog.pl\/"},{"@type":"ListItem","position":2,"name":"Po&nbsp;co nam Bo\u017ce dary?&#8230;"}]},{"@type":"WebSite","@id":"https:\/\/gaudiumetspes-blog.pl\/#website","url":"https:\/\/gaudiumetspes-blog.pl\/","name":"Gaudium Et Spes","description":"Blog Ks. Jacka Ja\u015bkowskiego","potentialAction":[{"@type":"SearchAction","target":{"@type":"EntryPoint","urlTemplate":"https:\/\/gaudiumetspes-blog.pl\/?s={search_term_string}"},"query-input":{"@type":"PropertyValueSpecification","valueRequired":true,"valueName":"search_term_string"}}],"inLanguage":"pl-PL"},{"@type":"Person","@id":"https:\/\/gaudiumetspes-blog.pl\/#\/schema\/person\/1661982992b752dea8dff0d4ed845a65","name":"Ks. Jacek","image":{"@type":"ImageObject","inLanguage":"pl-PL","@id":"https:\/\/gaudiumetspes-blog.pl\/#\/schema\/person\/image\/","url":"https:\/\/gaudiumetspes-blog.pl\/wp-content\/uploads\/2019\/07\/avatar-JJ-150x150.jpg","contentUrl":"https:\/\/gaudiumetspes-blog.pl\/wp-content\/uploads\/2019\/07\/avatar-JJ-150x150.jpg","caption":"Ks. Jacek"},"description":"Witam serdecznie! K\u0142ania si\u0119 Ks. Jacek Ja\u015bkowski. Nie jestem ani kim\u015b wa\u017cnym, ani kim\u015b znanym. Jestem ksi\u0119dzem, kt\u00f3ry po prostu chce rozmawia\u0107. Codzienna kap\u0142a\u0144ska pos\u0142uga pokazuje mi, \u017ce temat\u00f3w do rozm\u00f3w z ksi\u0119dzem jest coraz wi\u0119cej i dzisiaj \u017caden ksi\u0105dz nie mo\u017ce od nich ucieka\u0107, ale - wprost przeciwnie - podejmowa\u0107 nowe wyzwania. To przekonanie sk\u0142oni\u0142o mnie do pr\u00f3by otwarcia tego\u017c bloga, chocia\u017c okazji do rozm\u00f3w na co dzie\u0144 - w konfesjonale i poza nim - na szcz\u0119\u015bcie nie brakuje. My\u015bl\u0119 jednak, \u017ce ten blog b\u0119dzie jeszcze jednym sposobem i przestrzeni\u0105 nawi\u0105zania kontaktu z lud\u017ami dobrej woli, otwartymi na dialog.","url":"https:\/\/gaudiumetspes-blog.pl\/index.php\/author\/ks-jacek\/"}]}},"jetpack_featured_media_url":"","jetpack_sharing_enabled":true,"_links":{"self":[{"href":"https:\/\/gaudiumetspes-blog.pl\/index.php\/wp-json\/wp\/v2\/posts\/9154","targetHints":{"allow":["GET"]}}],"collection":[{"href":"https:\/\/gaudiumetspes-blog.pl\/index.php\/wp-json\/wp\/v2\/posts"}],"about":[{"href":"https:\/\/gaudiumetspes-blog.pl\/index.php\/wp-json\/wp\/v2\/types\/post"}],"author":[{"embeddable":true,"href":"https:\/\/gaudiumetspes-blog.pl\/index.php\/wp-json\/wp\/v2\/users\/1"}],"replies":[{"embeddable":true,"href":"https:\/\/gaudiumetspes-blog.pl\/index.php\/wp-json\/wp\/v2\/comments?post=9154"}],"version-history":[{"count":1,"href":"https:\/\/gaudiumetspes-blog.pl\/index.php\/wp-json\/wp\/v2\/posts\/9154\/revisions"}],"predecessor-version":[{"id":11033,"href":"https:\/\/gaudiumetspes-blog.pl\/index.php\/wp-json\/wp\/v2\/posts\/9154\/revisions\/11033"}],"wp:attachment":[{"href":"https:\/\/gaudiumetspes-blog.pl\/index.php\/wp-json\/wp\/v2\/media?parent=9154"}],"wp:term":[{"taxonomy":"category","embeddable":true,"href":"https:\/\/gaudiumetspes-blog.pl\/index.php\/wp-json\/wp\/v2\/categories?post=9154"},{"taxonomy":"post_tag","embeddable":true,"href":"https:\/\/gaudiumetspes-blog.pl\/index.php\/wp-json\/wp\/v2\/tags?post=9154"}],"curies":[{"name":"wp","href":"https:\/\/api.w.org\/{rel}","templated":true}]}}