{"id":9160,"date":"2013-04-09T06:47:00","date_gmt":"2013-04-09T04:47:00","guid":{"rendered":"https:\/\/gaudiumetspes-blog.pl\/index.php\/2013\/04\/09\/o-basniowej-rzeczywistosci-modego\/"},"modified":"2019-07-31T12:53:57","modified_gmt":"2019-07-31T10:53:57","slug":"o-basniowej-rzeczywistosci-modego","status":"publish","type":"post","link":"https:\/\/gaudiumetspes-blog.pl\/index.php\/2013\/04\/09\/o-basniowej-rzeczywistosci-modego\/","title":{"rendered":"O &#8222;ba\u015bniowej&#8221; rzeczywisto\u015bci m\u0142odego Ko\u015bcio\u0142a&#8230;"},"content":{"rendered":"<p><\/p>\n<div align=\"JUSTIFY\" style=\"margin-bottom: 0cm;\">\nSzcz\u0119\u015b\u0107 Bo\u017ce! Kochani, polecam Waszej uwadze raz jeszcze &#8211; je\u015bli nie czytali\u015bcie, a je\u015bli czytali\u015bcie, to r\u00f3wnie\u017c &#8211; wpisy pod rozwa\u017caniem sobotnim i niedzielnym. W tym drugim &#8211; przepi\u0119kne modlitwy, a w sobotnim &#8211; kapitalne \u015bwiadectwa apostolstwa! Zechciejcie si\u0119 do tego odnie\u015b\u0107.&nbsp;<\/div>\n<div align=\"JUSTIFY\" style=\"margin-bottom: 0cm;\">\n&nbsp; &nbsp; &nbsp;A dzisiaj kilka s\u0142\u00f3w o rzeczywisto\u015bci ba\u015bniowej w Dziejach Apostolskich&#8230;<\/div>\n<div align=\"JUSTIFY\" style=\"margin-bottom: 0cm;\">\n&nbsp; &nbsp; &nbsp; &nbsp; &nbsp;Gaudium et spes! &nbsp;Ks. Jacek<\/div>\n<div align=\"JUSTIFY\" style=\"margin-bottom: 0cm;\">\n<b><br \/><\/b><\/div>\n<div align=\"JUSTIFY\" style=\"margin-bottom: 0cm;\">\n<b>Wtorek<br \/>\n2 tygodnia Wielkanocy,<\/b><\/div>\n<div align=\"JUSTIFY\" style=\"margin-bottom: 0cm;\">\n<b>do<br \/>\nczyta\u0144:  <\/b><b>Dz<br \/>\n4,32\u201337; <\/b><b><br \/>\n<\/b><b>J<br \/>\n3,7\u201315<\/b><b><br \/>\n<\/b>\n<\/div>\n<div align=\"JUSTIFY\" style=\"margin-bottom: 0cm; page-break-before: auto; text-indent: 1.24cm;\">\n\n<\/div>\n<div align=\"JUSTIFY\" style=\"margin-bottom: 0cm; page-break-before: auto;\">\n<b>CZYTANIE<br \/>\nZ DZIEJ\u00d3W APOSTOLSKICH:<\/b><\/div>\n<div align=\"JUSTIFY\" style=\"margin-bottom: 0cm; text-indent: 1.24cm;\">\n<b>Jeden<br \/>\nduch i jedno serce o\u017cywia\u0142y wszystkich wierz\u0105cych. \u017baden nie<br \/>\nnazywa\u0142 swoim tego, co posiada\u0142, ale wszystko mieli wsp\u00f3lne.<br \/>\nAposto\u0142owie z wielk\u0105 moc\u0105 \u015bwiadczyli o zmartwychwstaniu Pana<br \/>\nJezusa, a wszyscy mieli wielk\u0105 \u0142ask\u0119. <\/b>\n<\/div>\n<div align=\"JUSTIFY\" style=\"margin-bottom: 0cm; text-indent: 1.24cm;\">\n<b>Nikt<br \/>\nz nich nie cierpia\u0142 niedostatku, bo w\u0142a\u015bciciele p\u00f3l albo dom\u00f3w<br \/>\nsprzedawali je i przynosili pieni\u0105dze ze sprzeda\u017cy, i sk\u0142adali je<br \/>\nu st\u00f3p aposto\u0142\u00f3w. Ka\u017cdemu te\u017c rozdzielano wed\u0142ug potrzeby. <\/b>\n<\/div>\n<div align=\"JUSTIFY\" style=\"margin-bottom: 0cm; text-indent: 1.24cm;\">\n<b>Tak<br \/>\nJ\u00f3zef, nazywany przez aposto\u0142\u00f3w Barnabas, to znaczy \u201eSyn<br \/>\nPocieszenia\u201d, lewita rodem z Cypru, sprzeda\u0142 ziemi\u0119, kt\u00f3r\u0105<br \/>\nposiada\u0142, a pieni\u0105dze przyni\u00f3s\u0142 i z\u0142o\u017cy\u0142 u st\u00f3p aposto\u0142\u00f3w.<\/b><\/div>\n<div align=\"JUSTIFY\" style=\"margin-bottom: 0cm;\">\n\n<\/div>\n<div align=\"JUSTIFY\" style=\"margin-bottom: 0cm;\">\n<b>S\u0141OWA<br \/>\nEWANGELII WED\u0141UG \u015aWI\u0118TEGO JANA: <\/b>\n<\/div>\n<div align=\"JUSTIFY\" style=\"margin-bottom: 0cm; text-indent: 1.22cm;\">\n<b>Jezus<br \/>\npowiedzia\u0142 do Nikodema: \u201eZaprawd\u0119, zaprawd\u0119 powiadam ci: Trzeba<br \/>\nwam si\u0119 powt\u00f3rnie narodzi\u0107. Wiatr wieje tam, gdzie chce, i szum<br \/>\njego s\u0142yszysz, lecz nie wiesz, sk\u0105d przychodzi i dok\u0105d pod\u0105\u017ca.<br \/>\nTak jest z ka\u017cdym, kt\u00f3ry narodzi\u0142 si\u0119 z Ducha\u201d. W odpowiedzi<br \/>\nrzek\u0142 do Niego Nikodem: \u201eJak\u017ce\u017c to si\u0119 mo\u017ce sta\u0107?\u201d <\/b>\n<\/div>\n<div align=\"JUSTIFY\" style=\"margin-bottom: 0cm; text-indent: 1.22cm;\">\n<b>Odpowiadaj\u0105c<br \/>\nna to, rzek\u0142 mu Jezus: \u201eTy jeste\u015b nauczycielem Izraela, a tego<br \/>\nnie wiesz? Zaprawd\u0119, zaprawd\u0119 powiadam ci, \u017ce to m\u00f3wimy, co<br \/>\nwiemy, i o tym \u015bwiadczymy, co\u015bmy widzieli, a \u015bwiadectwa naszego<br \/>\nnie przyjmujecie. Je\u017celi wam m\u00f3wi\u0119 o tym, co jest ziemskie, a nie<br \/>\nwierzycie, to jak\u017ce\u017c uwierzycie temu, co wam powiem o sprawach<br \/>\nniebieskich? I nikt nie wst\u0105pi\u0142 do nieba opr\u00f3cz Tego, kt\u00f3ry z<br \/>\nnieba zst\u0105pi\u0142 \u2013 Syna Cz\u0142owieczego. A jak Moj\u017cesz wywy\u017cszy\u0142<br \/>\nw\u0119\u017ca na pustyni, tak potrzeba, by wywy\u017cszono Syna Cz\u0142owieczego,<br \/>\naby ka\u017cdy, kto w Niego wierzy, mia\u0142 \u017cycie wieczne\u201d.<\/b><\/div>\n<div align=\"JUSTIFY\" style=\"margin-bottom: 0cm; text-indent: 1.22cm;\">\n\n<\/div>\n<div align=\"JUSTIFY\" style=\"margin-bottom: 0cm; text-indent: 1.24cm;\">\nObraz<br \/>\nukazany w pierwszym czytaniu to chyba obraz z bajki! Bo czy jest w<br \/>\ntak zwanym \u201erealu\u201d mo\u017cliwa taka oto sytuacja, \u017ce <i><b>\u017c<\/b><\/i><i><b>aden<br \/>\nnie nazywa\u0142 swoim tego, co posiada\u0142, ale wszystko mieli wsp\u00f3lne;<br \/>\n<\/b><\/i><i><b>nikt z nich<br \/>\nnie cierpia\u0142 niedostatku, bo w\u0142a\u015bciciele p\u00f3l albo dom\u00f3w<br \/>\nsprzedawali je i przynosili pieni\u0105dze ze sprzeda\u017cy, i sk\u0142adali je<br \/>\nu st\u00f3p aposto\u0142\u00f3w. Ka\u017cdemu te\u017c rozdzielano wed\u0142ug potrzeby<\/b><\/i>?<br \/>\nCzy<br \/>\nto jest mo\u017cliwe w naszym brutalnym \u015bwiecie? I czy to by\u0142o mo\u017cliwe<br \/>\nw tamtym \u015bwiecie \u2013 chyba niewiele lepszym od naszego?&#8230;<\/div>\n<div align=\"JUSTIFY\" style=\"margin-bottom: 0cm; text-indent: 1.24cm;\">\nNie<br \/>\nwiemy dok\u0142adnie, a w komentarzach czytamy, \u017ce taka wsp\u00f3lnota d\u00f3br<br \/>\n<b>istnia\u0142a<br \/>\njedynie lokalnie i przez jaki\u015b okre\u015blony czas,<\/b><br \/>\nnatomiast nie wydaje si\u0119, aby by\u0142a zjawiskiem powszechnym. A je\u017celi<br \/>\ntak, to dlaczego Autor Dziej\u00f3w Apostolskich z takim rozmachem<br \/>\nrozpisuje si\u0119 <b>o<br \/>\nsytuacji, kt\u00f3ra mo\u017ce faktycznie nie mia\u0142a miejsca?<\/b>&#8230;<br \/>\nAlbo przynajmniej \u2013 nie w takim szerokim zakresie, jak by si\u0119 nam<br \/>\nmog\u0142o wydawa\u0107?&#8230;\n<\/div>\n<div align=\"JUSTIFY\" style=\"margin-bottom: 0cm; text-indent: 1.24cm;\">\nA<br \/>\nmo\u017ce dlatego \u2013 jak to nieraz wida\u0107<br \/>\nna kartach<br \/>\nPisma<br \/>\n\u015awi\u0119tego<br \/>\n\u2013 \u017ce chce <b>nasz\u0105<br \/>\nuwag\u0119 zwr\u00f3ci\u0107 na co\u015b innego, na co\u015b g\u0142\u0119bszego?<\/b>&#8230;<br \/>\nMo\u017ce bardziej od wsp\u00f3lnoty materialnej zale\u017ca\u0142o mu na<br \/>\npodkre\u015bleniu tego, co zapisa\u0142 na pocz\u0105tku dzisiejszego fragmentu,<br \/>\na wi\u0119c \u017ce <i><b>j<\/b><\/i><i><b>eden<br \/>\nduch i jedno serce o\u017cywia\u0142y wszystkich wierz\u0105cych<\/b><\/i>?<br \/>\nA<br \/>\nto oznacza \u2013 id\u0105c jeszcze g\u0142\u0119biej \u2013 \u017ce w sercach uczni\u00f3w<br \/>\nJezusa dokona\u0142a si\u0119 ta <b>ca\u0142kowita,<br \/>\nradykalna, a wr\u0119cz rewolucyjna zmiana my\u015blenia,<\/b><br \/>\no kt\u00f3rej Jezus dzisiaj m\u00f3wi w Ewangelii, okre\u015blaj\u0105c j\u0105, w<br \/>\nrozmowie z Nikodemem, jako <b>powt\u00f3rne<br \/>\nnarodzenie.<\/b><br \/>\nMo\u017ce o podkre\u015blenie tego procesu i tego zjawiska tak najbardziej<br \/>\nchodzi\u0142o Autorowi natchnionemu?\n<\/div>\n<div align=\"JUSTIFY\" style=\"margin-bottom: 0cm; text-indent: 1.24cm;\">\nA<br \/>\nje\u017celi tak, to z ca\u0142\u0105 pewno\u015bci\u0105 nie pisa\u0142 on o jakiej\u015b<br \/>\nrzeczywisto\u015bci ba\u015bniowej, ale o tej rzeczywisto\u015bci, kt\u00f3ra <b>mia\u0142a<br \/>\nmiejsce we wsp\u00f3lnocie m\u0142odego Ko\u015bcio\u0142a<\/b>,<br \/>\nkt\u00f3ra te\u017c<br \/>\ntyle<br \/>\nrazy mia\u0142a miejsce na przestrzeni dziej\u00f3w Ko\u015bcio\u0142a \u2013 i kt\u00f3ra<br \/>\n<b>oby<br \/>\nmia\u0142a miejsce tak\u017ce w naszym czasie i <\/b><b>w<br \/>\n<\/b><b>tej<br \/>\nprzestrzeni,<\/b><br \/>\n<b>w<br \/>\njakiej my obecnie \u017cyjemy i pracujemy.<\/b><br \/>\nBo to w\u0142a\u015bnie po to wywy\u017cszono<br \/>\nSyna Cz\u0142owieczego, aby ka\u017cdy, kto w Niego uwierzy, osi\u0105gn\u0105\u0142<br \/>\n\u017cycie wieczne. Ale te\u017c \u2013 aby <b>osi\u0105ga\u0142<br \/>\nje stopniowo, codziennie, w <\/b><b>poszczeg\u00f3lnych,<br \/>\nkonkretnych<\/b><b><br \/>\nokoliczno\u015bci<\/b><b>ach<\/b><b><br \/>\n\u017cycia.<\/b><br \/>\nAby po prostu zmienia\u0142 swoje my\u015blenie, swoje spojrzenie na \u015bwiat,<br \/>\nna ludzi, na samego siebie&#8230; Tak\u017ce na Boga i na te sprawy<br \/>\nnajwa\u017cniejsze&#8230;\n<\/div>\n<div align=\"JUSTIFY\" style=\"margin-bottom: 0cm; text-indent: 1.24cm;\">\nKochani,<br \/>\nto jest w\u0142a\u015bnie nasze zadanie teraz, <b>po<br \/>\nprze\u017cyciach \u015awi\u0119tego Triduum Paschalnego: <\/b>ta<br \/>\nwielka nowo\u015b\u0107, jaka zaistnia\u0142a w chwili Zmartwychwstania<br \/>\nPa\u0144skiego, to ca\u0142kowite odnowienie wszystkiego \u2013 <b>musi<br \/>\nby\u0107 widoczne w naszym odnowionym my\u015bleniu i spojrzeniu!<\/b><br \/>\nMy naprawd\u0119 musimy <b>co\u015b<br \/>\nkonkretnie zmieni\u0107<\/b><br \/>\nw naszym stylu bycia i \u017cycia. My naprawd\u0119 musimy zrezygnowa\u0107 ze<br \/>\nswoich wad i przyzwyczaje\u0144, ze swoich <b>nieraz<br \/>\nnaprawd\u0119 niezno\u015bnych i uci\u0105\u017cliwych postaw i zachowa\u0144.<\/b><br \/>\nI<br \/>\nmusimy zrobi\u0107, co tylko mo\u017cemy, aby jeden duch i jedno serce<br \/>\no\u017cywia\u0142o tak\u017ce nas. Bo w ko\u0144cu my te\u017c jeste\u015bmy wierz\u0105cymi.\n<\/div>\n<div align=\"JUSTIFY\" style=\"margin-bottom: 0cm; text-indent: 1.24cm;\">\nA<br \/>\nprzecie\u017c wiemy i widzimy, \u017ce gdyby ten obraz, zarysowany w<br \/>\npierwszym czytaniu, <b>przy\u0142o\u017cy\u0107<br \/>\ndo obrazu naszej Parafii, czy gminy \u2013 to co by wysz\u0142o?<\/b><br \/>\nCzy zobaczyliby\u015bmy pe\u0142n\u0105 zgodno\u015b\u0107? A mo\u017ce dwie ca\u0142kowicie ze<br \/>\nsob\u0105 sprzeczne rzeczywisto\u015bci?&#8230; A gdyby tak przy\u0142o\u017cy\u0107 do tego<br \/>\nobrazu i por\u00f3wna\u0107 <b>obraz<br \/>\nnaszej rodziny, naszego \u017cycia w s\u0105siedztwie \u2013 to co by\u015bmy<br \/>\notrzymali?<\/b><\/p>\n<\/div>\n<div align=\"JUSTIFY\" style=\"margin-bottom: 0cm; text-indent: 1.24cm;\">\nCo<br \/>\nsi\u0119 zmieni\u0142o po tym \u015awi\u0119tym Triduum Paschalnym? Czy jest<br \/>\ncokolwiek inaczej? Czy jest lepiej? Czy jest bardziej<br \/>\newangelicznie?&#8230; Kochani, <b>my<br \/>\nnie mo\u017cemy zmarnowa\u0107 tych wielkich prze\u017cy\u0107 paschalnych!<\/b><br \/>\nW\u0142a\u015bnie zmiana naszego my\u015blenia, m\u00f3wienia, odniesienia do siebie<br \/>\nnawzajem b\u0119dzie potwierdzeniem tego, \u017ce\u015bmy si\u0119 w \u015awi\u0119ta nie<br \/>\ntylko najedli i z rodzin\u0105 spotkali, ale <b>\u017ce\u015bmy<br \/>\ng\u0142\u0119boko w sercu prze\u017cyli nowe narodzenie! Odnowienie ducha! <\/b>\n<\/div>\n<div align=\"JUSTIFY\" style=\"margin-bottom: 0cm; text-indent: 1.24cm;\">\nI<br \/>\nto w\u0142a\u015bnie wtedy zacznie si\u0119 zmienia\u0107 oblicze naszej Parafii,<br \/>\nnaszej gminy, naszych rodzin i relacji s\u0105siedzkich, je\u017celi pod<br \/>\ns\u0142owami, zapisanymi w dzisiejszym pierwszym czytaniu, <b>ka\u017cdy<br \/>\nz nas b\u0119dzie si\u0119 m\u00f3g\u0142 bez wahania podpisa\u0107.<\/b><br \/>\nI je\u017celi ka\u017cdy z nas usi\u0105dzie obok Nikodema, aby wzi\u0105\u0107 prosto do<br \/>\nswego serca s\u0142owa Jezusa o powt\u00f3rnym narodzeniu&#8230; Wtedy szybko,<br \/>\nbardzo szybko przekonamy si\u0119, \u017ce <b>\u017cyjemy<br \/>\nw innej rzeczywisto\u015bci<\/b><br \/>\n\u2013 lepszej, pi\u0119kniejszej&#8230; <b>To<br \/>\nnaprawd\u0119 jest mo\u017cliwe! <\/b>\n<\/div>\n<div align=\"JUSTIFY\" style=\"margin-bottom: 0cm; text-indent: 1.24cm;\">\n<b>To<br \/>\njest wr\u0119cz konieczne! Nie zmarnujmy takiej szansy&#8230;<\/b><\/div>\n","protected":false},"excerpt":{"rendered":"<p>Szcz\u0119\u015b\u0107 Bo\u017ce! Kochani, polecam Waszej uwadze raz jeszcze &#8211; je\u015bli nie czytali\u015bcie, a je\u015bli czytali\u015bcie, to r\u00f3wnie\u017c &#8211; wpisy pod rozwa\u017caniem sobotnim i niedzielnym. W tym drugim &#8211; przepi\u0119kne modlitwy, a w sobotnim &#8211; kapitalne \u015bwiadectwa apostolstwa! Zechciejcie si\u0119 do tego odnie\u015b\u0107.&nbsp; &nbsp; &nbsp; &nbsp;A dzisiaj kilka s\u0142\u00f3w o rzeczywisto\u015bci ba\u015bniowej w Dziejach Apostolskich&#8230; &nbsp; [&hellip;]<\/p>\n","protected":false},"author":1,"featured_media":0,"comment_status":"open","ping_status":"open","sticky":false,"template":"","format":"standard","meta":{"jetpack_post_was_ever_published":false,"_jetpack_newsletter_access":"","_jetpack_dont_email_post_to_subs":false,"_jetpack_newsletter_tier_id":0,"_jetpack_memberships_contains_paywalled_content":false,"_jetpack_memberships_contains_paid_content":false,"footnotes":""},"categories":[1],"tags":[],"class_list":["post-9160","post","type-post","status-publish","format-standard","hentry","category-bez-kategorii"],"yoast_head":"<!-- This site is optimized with the Yoast SEO plugin v25.1 - https:\/\/yoast.com\/wordpress\/plugins\/seo\/ -->\n<title>O &quot;ba\u015bniowej&quot; rzeczywisto\u015bci m\u0142odego Ko\u015bcio\u0142a... - Gaudium Et Spes<\/title>\n<meta name=\"robots\" content=\"index, follow, max-snippet:-1, max-image-preview:large, max-video-preview:-1\" \/>\n<link rel=\"canonical\" href=\"https:\/\/gaudiumetspes-blog.pl\/index.php\/2013\/04\/09\/o-basniowej-rzeczywistosci-modego\/\" \/>\n<meta property=\"og:locale\" content=\"pl_PL\" \/>\n<meta property=\"og:type\" content=\"article\" \/>\n<meta property=\"og:title\" content=\"O &quot;ba\u015bniowej&quot; rzeczywisto\u015bci m\u0142odego Ko\u015bcio\u0142a... - Gaudium Et Spes\" \/>\n<meta property=\"og:description\" content=\"Szcz\u0119\u015b\u0107 Bo\u017ce! Kochani, polecam Waszej uwadze raz jeszcze &#8211; je\u015bli nie czytali\u015bcie, a je\u015bli czytali\u015bcie, to r\u00f3wnie\u017c &#8211; wpisy pod rozwa\u017caniem sobotnim i niedzielnym. W tym drugim &#8211; przepi\u0119kne modlitwy, a w sobotnim &#8211; kapitalne \u015bwiadectwa apostolstwa! Zechciejcie si\u0119 do tego odnie\u015b\u0107.&nbsp; &nbsp; &nbsp; &nbsp;A dzisiaj kilka s\u0142\u00f3w o rzeczywisto\u015bci ba\u015bniowej w Dziejach Apostolskich&#8230; &nbsp; [&hellip;]\" \/>\n<meta property=\"og:url\" content=\"https:\/\/gaudiumetspes-blog.pl\/index.php\/2013\/04\/09\/o-basniowej-rzeczywistosci-modego\/\" \/>\n<meta property=\"og:site_name\" content=\"Gaudium Et Spes\" \/>\n<meta property=\"article:published_time\" content=\"2013-04-09T04:47:00+00:00\" \/>\n<meta property=\"article:modified_time\" content=\"2019-07-31T10:53:57+00:00\" \/>\n<meta name=\"author\" content=\"Ks. Jacek\" \/>\n<meta name=\"twitter:card\" content=\"summary_large_image\" \/>\n<meta name=\"twitter:label1\" content=\"Napisane przez\" \/>\n\t<meta name=\"twitter:data1\" content=\"Ks. Jacek\" \/>\n\t<meta name=\"twitter:label2\" content=\"Szacowany czas czytania\" \/>\n\t<meta name=\"twitter:data2\" content=\"6 minut\" \/>\n<script type=\"application\/ld+json\" class=\"yoast-schema-graph\">{\"@context\":\"https:\/\/schema.org\",\"@graph\":[{\"@type\":\"WebPage\",\"@id\":\"https:\/\/gaudiumetspes-blog.pl\/index.php\/2013\/04\/09\/o-basniowej-rzeczywistosci-modego\/\",\"url\":\"https:\/\/gaudiumetspes-blog.pl\/index.php\/2013\/04\/09\/o-basniowej-rzeczywistosci-modego\/\",\"name\":\"O \\\"ba\u015bniowej\\\" rzeczywisto\u015bci m\u0142odego Ko\u015bcio\u0142a... - Gaudium Et Spes\",\"isPartOf\":{\"@id\":\"https:\/\/gaudiumetspes-blog.pl\/#website\"},\"datePublished\":\"2013-04-09T04:47:00+00:00\",\"dateModified\":\"2019-07-31T10:53:57+00:00\",\"author\":{\"@id\":\"https:\/\/gaudiumetspes-blog.pl\/#\/schema\/person\/1661982992b752dea8dff0d4ed845a65\"},\"breadcrumb\":{\"@id\":\"https:\/\/gaudiumetspes-blog.pl\/index.php\/2013\/04\/09\/o-basniowej-rzeczywistosci-modego\/#breadcrumb\"},\"inLanguage\":\"pl-PL\",\"potentialAction\":[{\"@type\":\"ReadAction\",\"target\":[\"https:\/\/gaudiumetspes-blog.pl\/index.php\/2013\/04\/09\/o-basniowej-rzeczywistosci-modego\/\"]}]},{\"@type\":\"BreadcrumbList\",\"@id\":\"https:\/\/gaudiumetspes-blog.pl\/index.php\/2013\/04\/09\/o-basniowej-rzeczywistosci-modego\/#breadcrumb\",\"itemListElement\":[{\"@type\":\"ListItem\",\"position\":1,\"name\":\"Strona g\u0142\u00f3wna\",\"item\":\"https:\/\/gaudiumetspes-blog.pl\/\"},{\"@type\":\"ListItem\",\"position\":2,\"name\":\"O&nbsp;&#8222;ba\u015bniowej&#8221; rzeczywisto\u015bci m\u0142odego Ko\u015bcio\u0142a&#8230;\"}]},{\"@type\":\"WebSite\",\"@id\":\"https:\/\/gaudiumetspes-blog.pl\/#website\",\"url\":\"https:\/\/gaudiumetspes-blog.pl\/\",\"name\":\"Gaudium Et Spes\",\"description\":\"Blog Ks. Jacka Ja\u015bkowskiego\",\"potentialAction\":[{\"@type\":\"SearchAction\",\"target\":{\"@type\":\"EntryPoint\",\"urlTemplate\":\"https:\/\/gaudiumetspes-blog.pl\/?s={search_term_string}\"},\"query-input\":{\"@type\":\"PropertyValueSpecification\",\"valueRequired\":true,\"valueName\":\"search_term_string\"}}],\"inLanguage\":\"pl-PL\"},{\"@type\":\"Person\",\"@id\":\"https:\/\/gaudiumetspes-blog.pl\/#\/schema\/person\/1661982992b752dea8dff0d4ed845a65\",\"name\":\"Ks. Jacek\",\"image\":{\"@type\":\"ImageObject\",\"inLanguage\":\"pl-PL\",\"@id\":\"https:\/\/gaudiumetspes-blog.pl\/#\/schema\/person\/image\/\",\"url\":\"https:\/\/gaudiumetspes-blog.pl\/wp-content\/uploads\/2019\/07\/avatar-JJ-150x150.jpg\",\"contentUrl\":\"https:\/\/gaudiumetspes-blog.pl\/wp-content\/uploads\/2019\/07\/avatar-JJ-150x150.jpg\",\"caption\":\"Ks. Jacek\"},\"description\":\"Witam serdecznie! K\u0142ania si\u0119 Ks. Jacek Ja\u015bkowski. Nie jestem ani kim\u015b wa\u017cnym, ani kim\u015b znanym. Jestem ksi\u0119dzem, kt\u00f3ry po prostu chce rozmawia\u0107. Codzienna kap\u0142a\u0144ska pos\u0142uga pokazuje mi, \u017ce temat\u00f3w do rozm\u00f3w z ksi\u0119dzem jest coraz wi\u0119cej i dzisiaj \u017caden ksi\u0105dz nie mo\u017ce od nich ucieka\u0107, ale - wprost przeciwnie - podejmowa\u0107 nowe wyzwania. To przekonanie sk\u0142oni\u0142o mnie do pr\u00f3by otwarcia tego\u017c bloga, chocia\u017c okazji do rozm\u00f3w na co dzie\u0144 - w konfesjonale i poza nim - na szcz\u0119\u015bcie nie brakuje. My\u015bl\u0119 jednak, \u017ce ten blog b\u0119dzie jeszcze jednym sposobem i przestrzeni\u0105 nawi\u0105zania kontaktu z lud\u017ami dobrej woli, otwartymi na dialog.\",\"url\":\"https:\/\/gaudiumetspes-blog.pl\/index.php\/author\/ks-jacek\/\"}]}<\/script>\n<!-- \/ Yoast SEO plugin. -->","yoast_head_json":{"title":"O \"ba\u015bniowej\" rzeczywisto\u015bci m\u0142odego Ko\u015bcio\u0142a... - Gaudium Et Spes","robots":{"index":"index","follow":"follow","max-snippet":"max-snippet:-1","max-image-preview":"max-image-preview:large","max-video-preview":"max-video-preview:-1"},"canonical":"https:\/\/gaudiumetspes-blog.pl\/index.php\/2013\/04\/09\/o-basniowej-rzeczywistosci-modego\/","og_locale":"pl_PL","og_type":"article","og_title":"O \"ba\u015bniowej\" rzeczywisto\u015bci m\u0142odego Ko\u015bcio\u0142a... - Gaudium Et Spes","og_description":"Szcz\u0119\u015b\u0107 Bo\u017ce! Kochani, polecam Waszej uwadze raz jeszcze &#8211; je\u015bli nie czytali\u015bcie, a je\u015bli czytali\u015bcie, to r\u00f3wnie\u017c &#8211; wpisy pod rozwa\u017caniem sobotnim i niedzielnym. W tym drugim &#8211; przepi\u0119kne modlitwy, a w sobotnim &#8211; kapitalne \u015bwiadectwa apostolstwa! Zechciejcie si\u0119 do tego odnie\u015b\u0107.&nbsp; &nbsp; &nbsp; &nbsp;A dzisiaj kilka s\u0142\u00f3w o rzeczywisto\u015bci ba\u015bniowej w Dziejach Apostolskich&#8230; &nbsp; [&hellip;]","og_url":"https:\/\/gaudiumetspes-blog.pl\/index.php\/2013\/04\/09\/o-basniowej-rzeczywistosci-modego\/","og_site_name":"Gaudium Et Spes","article_published_time":"2013-04-09T04:47:00+00:00","article_modified_time":"2019-07-31T10:53:57+00:00","author":"Ks. Jacek","twitter_card":"summary_large_image","twitter_misc":{"Napisane przez":"Ks. Jacek","Szacowany czas czytania":"6 minut"},"schema":{"@context":"https:\/\/schema.org","@graph":[{"@type":"WebPage","@id":"https:\/\/gaudiumetspes-blog.pl\/index.php\/2013\/04\/09\/o-basniowej-rzeczywistosci-modego\/","url":"https:\/\/gaudiumetspes-blog.pl\/index.php\/2013\/04\/09\/o-basniowej-rzeczywistosci-modego\/","name":"O \"ba\u015bniowej\" rzeczywisto\u015bci m\u0142odego Ko\u015bcio\u0142a... - Gaudium Et Spes","isPartOf":{"@id":"https:\/\/gaudiumetspes-blog.pl\/#website"},"datePublished":"2013-04-09T04:47:00+00:00","dateModified":"2019-07-31T10:53:57+00:00","author":{"@id":"https:\/\/gaudiumetspes-blog.pl\/#\/schema\/person\/1661982992b752dea8dff0d4ed845a65"},"breadcrumb":{"@id":"https:\/\/gaudiumetspes-blog.pl\/index.php\/2013\/04\/09\/o-basniowej-rzeczywistosci-modego\/#breadcrumb"},"inLanguage":"pl-PL","potentialAction":[{"@type":"ReadAction","target":["https:\/\/gaudiumetspes-blog.pl\/index.php\/2013\/04\/09\/o-basniowej-rzeczywistosci-modego\/"]}]},{"@type":"BreadcrumbList","@id":"https:\/\/gaudiumetspes-blog.pl\/index.php\/2013\/04\/09\/o-basniowej-rzeczywistosci-modego\/#breadcrumb","itemListElement":[{"@type":"ListItem","position":1,"name":"Strona g\u0142\u00f3wna","item":"https:\/\/gaudiumetspes-blog.pl\/"},{"@type":"ListItem","position":2,"name":"O&nbsp;&#8222;ba\u015bniowej&#8221; rzeczywisto\u015bci m\u0142odego Ko\u015bcio\u0142a&#8230;"}]},{"@type":"WebSite","@id":"https:\/\/gaudiumetspes-blog.pl\/#website","url":"https:\/\/gaudiumetspes-blog.pl\/","name":"Gaudium Et Spes","description":"Blog Ks. Jacka Ja\u015bkowskiego","potentialAction":[{"@type":"SearchAction","target":{"@type":"EntryPoint","urlTemplate":"https:\/\/gaudiumetspes-blog.pl\/?s={search_term_string}"},"query-input":{"@type":"PropertyValueSpecification","valueRequired":true,"valueName":"search_term_string"}}],"inLanguage":"pl-PL"},{"@type":"Person","@id":"https:\/\/gaudiumetspes-blog.pl\/#\/schema\/person\/1661982992b752dea8dff0d4ed845a65","name":"Ks. Jacek","image":{"@type":"ImageObject","inLanguage":"pl-PL","@id":"https:\/\/gaudiumetspes-blog.pl\/#\/schema\/person\/image\/","url":"https:\/\/gaudiumetspes-blog.pl\/wp-content\/uploads\/2019\/07\/avatar-JJ-150x150.jpg","contentUrl":"https:\/\/gaudiumetspes-blog.pl\/wp-content\/uploads\/2019\/07\/avatar-JJ-150x150.jpg","caption":"Ks. Jacek"},"description":"Witam serdecznie! K\u0142ania si\u0119 Ks. Jacek Ja\u015bkowski. Nie jestem ani kim\u015b wa\u017cnym, ani kim\u015b znanym. Jestem ksi\u0119dzem, kt\u00f3ry po prostu chce rozmawia\u0107. Codzienna kap\u0142a\u0144ska pos\u0142uga pokazuje mi, \u017ce temat\u00f3w do rozm\u00f3w z ksi\u0119dzem jest coraz wi\u0119cej i dzisiaj \u017caden ksi\u0105dz nie mo\u017ce od nich ucieka\u0107, ale - wprost przeciwnie - podejmowa\u0107 nowe wyzwania. To przekonanie sk\u0142oni\u0142o mnie do pr\u00f3by otwarcia tego\u017c bloga, chocia\u017c okazji do rozm\u00f3w na co dzie\u0144 - w konfesjonale i poza nim - na szcz\u0119\u015bcie nie brakuje. My\u015bl\u0119 jednak, \u017ce ten blog b\u0119dzie jeszcze jednym sposobem i przestrzeni\u0105 nawi\u0105zania kontaktu z lud\u017ami dobrej woli, otwartymi na dialog.","url":"https:\/\/gaudiumetspes-blog.pl\/index.php\/author\/ks-jacek\/"}]}},"jetpack_featured_media_url":"","jetpack_sharing_enabled":true,"_links":{"self":[{"href":"https:\/\/gaudiumetspes-blog.pl\/index.php\/wp-json\/wp\/v2\/posts\/9160","targetHints":{"allow":["GET"]}}],"collection":[{"href":"https:\/\/gaudiumetspes-blog.pl\/index.php\/wp-json\/wp\/v2\/posts"}],"about":[{"href":"https:\/\/gaudiumetspes-blog.pl\/index.php\/wp-json\/wp\/v2\/types\/post"}],"author":[{"embeddable":true,"href":"https:\/\/gaudiumetspes-blog.pl\/index.php\/wp-json\/wp\/v2\/users\/1"}],"replies":[{"embeddable":true,"href":"https:\/\/gaudiumetspes-blog.pl\/index.php\/wp-json\/wp\/v2\/comments?post=9160"}],"version-history":[{"count":1,"href":"https:\/\/gaudiumetspes-blog.pl\/index.php\/wp-json\/wp\/v2\/posts\/9160\/revisions"}],"predecessor-version":[{"id":11025,"href":"https:\/\/gaudiumetspes-blog.pl\/index.php\/wp-json\/wp\/v2\/posts\/9160\/revisions\/11025"}],"wp:attachment":[{"href":"https:\/\/gaudiumetspes-blog.pl\/index.php\/wp-json\/wp\/v2\/media?parent=9160"}],"wp:term":[{"taxonomy":"category","embeddable":true,"href":"https:\/\/gaudiumetspes-blog.pl\/index.php\/wp-json\/wp\/v2\/categories?post=9160"},{"taxonomy":"post_tag","embeddable":true,"href":"https:\/\/gaudiumetspes-blog.pl\/index.php\/wp-json\/wp\/v2\/tags?post=9160"}],"curies":[{"name":"wp","href":"https:\/\/api.w.org\/{rel}","templated":true}]}}