{"id":9161,"date":"2013-04-08T06:52:00","date_gmt":"2013-04-08T04:52:00","guid":{"rendered":"https:\/\/gaudiumetspes-blog.pl\/index.php\/2013\/04\/08\/nie-pozwolmy-mordowac-dzieci\/"},"modified":"2019-07-31T12:53:57","modified_gmt":"2019-07-31T10:53:57","slug":"nie-pozwolmy-mordowac-dzieci","status":"publish","type":"post","link":"https:\/\/gaudiumetspes-blog.pl\/index.php\/2013\/04\/08\/nie-pozwolmy-mordowac-dzieci\/","title":{"rendered":"Nie pozw\u00f3lmy mordowa\u0107 dzieci!"},"content":{"rendered":"<p><\/p>\n<div align=\"JUSTIFY\" style=\"margin-bottom: 0cm;\">\nSzcz\u0119\u015b\u0107 Bo\u017ce! Moi Drodzy, dzisiaj prze\u017cywamy Uroczysto\u015b\u0107 Zwiastowania Pa\u0144skiego &#8211; przeniesion\u0105, z uwagi na Wielki Tydzie\u0144, z 25 marca. W naszej Parafii jest to dzie\u0144 promocji dzie\u0142a duchowej adopcji, do kt\u00f3rego i Was chcia\u0142bym zach\u0119ci\u0107. Jest to wielkie, Bo\u017ce dzie\u0142o, maj\u0105ce na celu ratowanie dzieci pocz\u0119tych przed gro\u017ab\u0105 morderstwa, ubranego w s\u0142owo &#8222;aborcja&#8221;. Tak zwana &#8222;aborcja&#8221;, albo &#8222;przerwanie ci\u0105\u017cy&#8221;, to okropna zbrodnia, morderstwo, niewyobra\u017calne okrucie\u0144stwo, brukaj\u0105ce na ca\u0142e \u017cycie krwi\u0105 niewinnego cz\u0142owieka serca i r\u0119ce tych, kt\u00f3rzy si\u0119 w jakikolwiek spos\u00f3b do tego przyczynili. Dlatego r\u00f3bmy, co w naszej mocy, aby ratowa\u0107 tych, kt\u00f3rzy sami uratowa\u0107 si\u0119 nie mog\u0105!<\/div>\n<div align=\"JUSTIFY\" style=\"margin-bottom: 0cm;\">\n<b>&nbsp; &nbsp; &nbsp;<\/b>Na g\u0142\u0119bokie prze\u017cywanie tajemnicy dnia dzisiejszego oraz na w\u0142\u0105czenie si\u0119 w dzie\u0142o duchowej adopcji przesy\u0142am kap\u0142a\u0144skie b\u0142ogos\u0142awie\u0144stwo:<b> Niech Was b\u0142ogos\u0142awi B\u00f3g Wszechmog\u0105cy: Ojciec + i Syn, i Duch \u015awi\u0119ty. Amen<\/b><\/div>\n<div align=\"JUSTIFY\" style=\"margin-bottom: 0cm;\">\n<b>&nbsp; &nbsp; &nbsp; &nbsp; &nbsp; &nbsp; <\/b>Gaudium et spes! &nbsp;Ks. Jacek<\/div>\n<div align=\"JUSTIFY\" style=\"margin-bottom: 0cm;\">\n<b><br \/><\/b><\/div>\n<div align=\"JUSTIFY\" style=\"margin-bottom: 0cm;\">\n<b>Uroczysto\u015b\u0107<br \/>\nZwiastowania Pa\u0144skiego,<\/b><\/div>\n<div align=\"JUSTIFY\" style=\"margin-bottom: 0cm;\">\n<b>do<br \/>\nczyta\u0144 z t. VI Lekcjonarza:  Iz 7,10\u201314;  Hbr 10,4\u201310;  \u0141k<br \/>\n1,26\u201338<\/b><\/div>\n<div align=\"JUSTIFY\" style=\"margin-bottom: 0cm;\">\n\n<\/div>\n<div align=\"JUSTIFY\" style=\"margin-bottom: 0cm; page-break-before: auto;\">\n<b>CZYTANIE<br \/>\nZ KSI\u0118GI PROROKA IZAJASZA: <\/b>\n<\/div>\n<div align=\"JUSTIFY\" style=\"margin-bottom: 0cm; text-indent: 1.24cm;\">\n<b>Pan<br \/>\nprzem\u00f3wi\u0142 do Achaza tymi s\u0142owami: \u201ePro\u015b dla siebie o znak od<br \/>\nPana, Boga twego, czy to g\u0142\u0119boko w Otch\u0142ani, czy to wysoko w<br \/>\ng\u00f3rze\u201d. <\/b>\n<\/div>\n<div align=\"JUSTIFY\" style=\"margin-bottom: 0cm; text-indent: 1.24cm;\">\n<b>Lecz<br \/>\nAchaz odpowiedzia\u0142: \u201eNie b\u0119d\u0119 prosi\u0142 i nie b\u0119d\u0119 wystawia\u0142<br \/>\nPana na pr\u00f3b\u0119\u201d. <\/b>\n<\/div>\n<div align=\"JUSTIFY\" style=\"margin-bottom: 0cm; text-indent: 1.24cm;\">\n<b>Wtedy<br \/>\nrzek\u0142 Izajasz: \u201eS\u0142uchajcie wi\u0119c, domu Dawidowy: Czy\u017c ma\u0142o wam<br \/>\nnaprzykrza\u0107 si\u0119 ludziom, i\u017c naprzykrzacie si\u0119 tak\u017ce mojemu Bogu?<br \/>\nDlatego Pan sam da wam znak: Oto Panna pocznie i porodzi syna, i<br \/>\nnazwie go imieniem Emmanuel, albowiem B\u00f3g z nami\u201d.<\/b><\/div>\n<div align=\"JUSTIFY\" style=\"margin-bottom: 0cm;\">\n\n<\/div>\n<div align=\"JUSTIFY\" style=\"margin-bottom: 0cm;\">\n<b>CZYTANIE<br \/>\nZ LISTU DO HEBRAJCZYK\u00d3W: <\/b>\n<\/div>\n<div align=\"JUSTIFY\" style=\"margin-bottom: 0cm; text-indent: 1.24cm;\">\n<b>Bracia:<br \/>\nNiemo\u017cliwe jest to, aby krew cielc\u00f3w i koz\u0142\u00f3w usuwa\u0142a grzechy.<br \/>\nPrzeto Chrystus przychodz\u0105c na \u015bwiat, m\u00f3wi: \u201eOfiary ani daru nie<br \/>\nchcia\u0142e\u015b, ale\u015b Mi utworzy\u0142 cia\u0142o; ca\u0142opalenia i ofiary za<br \/>\ngrzech nie podoba\u0142y si\u0119 Tobie. Wtedy rzek\u0142em: \u00abOto id\u0119, w zwoju<br \/>\nksi\u0119gi napisano o Mnie, abym spe\u0142nia\u0142 wol\u0119 Twoj\u0105, Bo\u017ce\u00bb\u201d. <\/b>\n<\/div>\n<div align=\"JUSTIFY\" style=\"margin-bottom: 0cm; text-indent: 1.24cm;\">\n<b>Wy\u017cej<br \/>\npowiedzia\u0142: &#8222;Ofiar, dar\u00f3w, ca\u0142opale\u0144 i ofiar za grzechy nie<br \/>\nchcia\u0142e\u015b, i nie podoba\u0142y si\u0119 Tobie&#8221;, cho\u0107 sk\u0142ada si\u0119 je<br \/>\nna podstawie Prawa. Nast\u0119pnie powiedzia\u0142: &#8222;Oto id\u0119, abym<br \/>\nspe\u0142nia\u0142 wol\u0119 Twoj\u0105&#8221;. Usuwa jedn\u0105 ofiar\u0119, aby ustanowi\u0107<br \/>\ninn\u0105. Na mocy tej woli u\u015bwi\u0119ceni jeste\u015bmy przez ofiar\u0119 cia\u0142a<br \/>\nJezusa Chrystusa raz na zawsze.<\/b><\/div>\n<div align=\"JUSTIFY\" style=\"margin-bottom: 0cm;\">\n\n<\/div>\n<div align=\"JUSTIFY\" style=\"margin-bottom: 0cm;\">\n<b>S\u0141OWA<br \/>\nEWANGELII WED\u0141UG \u015aWI\u0118TEGO<br \/>\n\u0141UKASZA:<\/b><\/div>\n<div align=\"JUSTIFY\" style=\"margin-bottom: 0cm; text-indent: 1.22cm;\">\n<b>B\u00f3g<br \/>\npos\u0142a\u0142 anio\u0142a Gabriela do miasta w Galilei, zwanego Nazaret, do<br \/>\nDziewicy po\u015blubionej m\u0119\u017cowi, imieniem J\u00f3zef, z rodu Dawida; a<br \/>\nDziewicy by\u0142o na imi\u0119 Maryja. <\/b>\n<\/div>\n<div align=\"JUSTIFY\" style=\"margin-bottom: 0cm; text-indent: 1.22cm;\">\n<b>Anio\u0142<br \/>\nwszed\u0142 do Niej i rzek\u0142: \u201eB\u0105d\u017a pozdrowiona, pe\u0142na \u0142aski, Pan z<br \/>\nTob\u0105, b\u0142ogos\u0142awiona jeste\u015b mi\u0119dzy niewiastami\u201d. <\/b>\n<\/div>\n<div align=\"JUSTIFY\" style=\"margin-bottom: 0cm; text-indent: 1.22cm;\">\n<b>Ona<br \/>\nzmiesza\u0142a si\u0119 na te s\u0142owa i rozwa\u017ca\u0142a, co mia\u0142oby znaczy\u0107 to<br \/>\npozdrowienie. <\/b>\n<\/div>\n<div align=\"JUSTIFY\" style=\"margin-bottom: 0cm; text-indent: 1.22cm;\">\n<b>Lecz<br \/>\nanio\u0142 rzek\u0142 do Niej: \u201eNie b\u00f3j si\u0119, Maryjo, znalaz\u0142a\u015b bowiem<br \/>\n\u0142ask\u0119 u Boga. Oto poczniesz i porodzisz Syna, kt\u00f3remu nadasz imi\u0119<br \/>\nJezus. B\u0119dzie On wielki i b\u0119dzie nazwany Synem Najwy\u017cszego, a Pan<br \/>\nB\u00f3g da Mu tron Jego praojca, Dawida. B\u0119dzie panowa\u0142 nad domem<br \/>\nJakuba na wieki, a Jego panowaniu nie b\u0119dzie ko\u0144ca\u201d. <\/b>\n<\/div>\n<div align=\"JUSTIFY\" style=\"margin-bottom: 0cm; text-indent: 1.22cm;\">\n<b>Na<br \/>\nto Maryja rzek\u0142a do anio\u0142a: \u201eJak\u017ce si\u0119 to stanie, skoro nie<br \/>\nznam m\u0119\u017ca?\u201d<\/b><\/div>\n<div align=\"JUSTIFY\" style=\"margin-bottom: 0cm; text-indent: 1.22cm;\">\n<b>Anio\u0142<br \/>\nJej odpowiedzia\u0142: \u201eDuch \u015awi\u0119ty zst\u0105pi na Ciebie i moc<br \/>\nNajwy\u017cszego os\u0142oni Ci\u0119. Dlatego te\u017c \u015awi\u0119te, kt\u00f3re si\u0119<br \/>\nnarodzi, b\u0119dzie nazwane Synem Bo\u017cym. A oto r\u00f3wnie\u017c krewna Twoja,<br \/>\nEl\u017cbieta, pocz\u0119\u0142a w swej staro\u015bci syna, i jest ju\u017c w sz\u00f3stym<br \/>\nmiesi\u0105cu ta, kt\u00f3ra uchodzi za niep\u0142odn\u0105. Dla Boga bowiem nie ma<br \/>\nnic niemo\u017cliwego\u201d.<br \/>\n<\/b>\n<\/div>\n<div align=\"JUSTIFY\" style=\"margin-bottom: 0cm; text-indent: 1.22cm;\">\n<b>Na<br \/>\nto rzek\u0142a Maryja: \u201eOto ja s\u0142u\u017cebnica Pa\u0144ska, niech mi si\u0119<br \/>\nstanie wed\u0142ug twego s\u0142owa\u201d. Wtedy odszed\u0142 od Niej anio\u0142.<\/b><\/div>\n<div align=\"JUSTIFY\" style=\"margin-bottom: 0cm;\">\n\n<\/div>\n<div align=\"JUSTIFY\" style=\"margin-bottom: 0cm; page-break-before: auto; text-indent: 1.24cm;\">\n<i><b>Maryjo,<br \/>\nznalaz\u0142a\u015b \u0142ask\u0119 u Boga. Oto poczniesz i porodzisz Syna, <\/b><\/i><i><b>kt\u00f3remu<\/b><\/i><i><b><br \/>\nnadasz imi\u0119 Jezus. B\u0119dzie On wielki i b\u0119dzie<\/b><\/i><i><b> nazwany<br \/>\nSynem <\/b><\/i><i><b>Najwy\u017cszego<\/b><\/i><i><b>, a Pan B\u00f3g da Mu tron<br \/>\nJego ojca Dawida. <\/b><\/i><i><b>B\u0119dzi<\/b><\/i><i><b>e <\/b><\/i><i><b>panowa\u0142<br \/>\nnad domem <\/b><\/i><i><b>Jakuba<\/b><\/i><i><b> na wieki, a Jego<br \/>\npanowaniu nie b\u0119dzie ko\u0144ca.<\/b><\/i> I wszystko to tylko w\u00f3wczas<br \/>\nsi\u0119 dokona, je\u017celi Ty, Maryjo, powiesz : <b>TAK<\/b><b>.<\/b> Od<br \/>\ntego: <b>T<\/b><b>AK<\/b>, od tego: <b>F<\/b><b>IAT,<\/b> \u201eniech si\u0119<br \/>\nstanie\u201d, \u201eniech si\u0119 dokona\u201d \u2013 <b>tak wiele zale\u017ca\u0142o!<\/b> W<br \/>\njakim\u015b stopniu zale\u017ca\u0142o <b>zbawienie ca\u0142ego \u015bwiata!<\/b>\n<\/div>\n<div align=\"JUSTIFY\" style=\"margin-bottom: 0cm; text-indent: 1.24cm;\">\nWielkie<br \/>\nsprawy dokona\u0142y si\u0119 w \u017cyciu Maryi, a przez ni\u0105 wszyscy ludzie<br \/>\nstan\u0119li w obliczu wielkiej tajemnicy. <i><b>Oto Panna pocznie i<br \/>\nporodzi Syna i nazwie Go imieniem Emmanuel<\/b><\/i> \u2013 tak zapowiada<br \/>\nwielki Izajasz ten niezwyk\u0142y fakt. <b>Emmanuel \u2013 to znaczy B\u00f3g z<br \/>\nnami.<\/b> Jezus jest Bogiem z nami, Bogiem \u017cyj\u0105cym w\u015br\u00f3d ludzi,<br \/>\nale zanim sta\u0142 si\u0119 takim, zanim sta\u0142 si\u0119 Bogiem z nami, <b>chcia\u0142<br \/>\nsta\u0107 si\u0119 Bogiem \u017cyj\u0105cym pod sercem Maryi.<\/b> Sta\u0142 si\u0119 Bogiem z<br \/>\nnami <b>przez Maryj\u0119,<\/b> dzi\u0119ki Niej.\n<\/div>\n<div align=\"JUSTIFY\" style=\"margin-bottom: 0cm; text-indent: 1.24cm;\">\nJak<br \/>\nwielka jest zatem zas\u0142uga Maryi, kt\u00f3ra <b>przyjmuj\u0105c Boga <\/b><b>\u2013<\/b><b><br \/>\nda\u0142a Go \u015bwiatu.<\/b> Ale najpierw to Ona Go przyj\u0119\u0142a, najpierw Ona<br \/>\nGo ugo\u015bci\u0142a, najpierw Ona prze\u017cy\u0142a spotkanie z Nim, to<br \/>\n<b>najbardziej ciche subtelne, \u015bwi\u0119te <\/b><b>spotkanie<\/b>&#8230;<br \/>\nNajpierw przyj\u0119\u0142a Go do serca, zgodzi\u0142a si\u0119 wewn\u0119trznie, by<br \/>\nmog\u0142y si\u0119 dokona\u0107 wielkie tajemnice&#8230;<\/div>\n<div align=\"JUSTIFY\" style=\"margin-bottom: 0cm; page-break-before: auto; text-indent: 1.24cm;\">\nA<br \/>\nkiedy znalaz\u0142o si\u0119 miejsce dla Jezusa w Jej sercu, to i znalaz\u0142o<br \/>\nsi\u0119 miejsce w Jej \u0142onie, a potem \u2013 tak\u017ce w Jej domu. I chyba<br \/>\n<b>taka w\u0142a\u015bnie kolejno\u015b\u0107 zachodzi w przypadku ka\u017cdego naszego<br \/>\nspotkania z Bogiem.<\/b> Je\u017celi t\u0142umacz\u0119 si\u0119, \u017ce nie mam czasu<br \/>\ndla Boga; je\u017celi m\u00f3wi\u0119, \u017ce za du\u017co ode mnie wymaga, \u017ce brak mi<br \/>\nsi\u0142 i zapa\u0142u, aby wype\u0142ni\u0107 Jego wol\u0119 i by zgodnie z wol\u0105 Bo\u017c\u0105<br \/>\nuk\u0142ada\u0107 swoje \u017cycie, to znak, i\u017c <b>za ma\u0142o jest miejsca dla<br \/>\nBoga<\/b> <b>w <\/b><b>moim<\/b><b> sercu<\/b>, \u017ce to serce jest przed<br \/>\nNim zamkni\u0119te, a tylko t\u0142umacz\u0119 to na tysi\u0105c sposob\u00f3w.\n<\/div>\n<div align=\"JUSTIFY\" style=\"margin-bottom: 0cm; page-break-before: auto; text-indent: 1.24cm;\">\nI<br \/>\nby\u0107 mo\u017ce <b>spe\u0142niam praktyki religijne bardzo gorliwie,<\/b> mo\u017ce<br \/>\nnawet codziennie jestem na Mszy \u015awi\u0119tej, mo\u017ce nawet, jako kap\u0142an,<br \/>\nodprawiam Msz\u0119 \u015awi\u0119t\u0105; mo\u017ce nawet, jako ministrant, s\u0142u\u017c\u0119 do<br \/>\nMszy \u015awi\u0119tej; mo\u017ce nawet, jako lektor, czytam S\u0142owo Bo\u017ce \u2013 <b>a<br \/>\ntak naprawd\u0119 nie spotykam Jezusa, nie mam Go w swoim sercu!<\/b><br \/>\nJestem wzorowym katolikiem, solidnym religijnym urz\u0119dnikiem, ale<br \/>\nmoje serce jest puste!\n<\/div>\n<div align=\"JUSTIFY\" style=\"margin-bottom: 0cm; text-indent: 1.24cm;\">\nKochani,<br \/>\n<b>B\u00f3g i dzisiaj chce by\u0107 Bogiem z nami,<\/b> dzisiaj \u2013 podobnie<br \/>\njak przed dwoma tysi\u0105cami lat \u2013 <b>chce by\u0107 w naszych sercach,<\/b><br \/>\nchce towarzyszy\u0107 nam i prowadzi\u0107 po trudnych drogach \u017cycia. Ale,<br \/>\naby to by\u0142o mo\u017cliwe, musi <b>spotka\u0107<\/b><b> otwart<\/b><b>e<\/b><b><br \/>\nserc<\/b><b>a<\/b><b>, kt\u00f3re zechc\u0105 Go przyj\u0105\u0107. <\/b>\n<\/div>\n<div align=\"JUSTIFY\" style=\"margin-bottom: 0cm; text-indent: 1.24cm;\">\nI<br \/>\ndzisiaj trzeba takich serc gor\u0105cych, jak serce Maryi \u2013 serc,<br \/>\nkt\u00f3re przyjm\u0105 Boga do siebie, kt\u00f3re spotkanie z Nim g\u0142\u0119boko b\u0119d\u0105<br \/>\nprze\u017cywa\u0107 i kt\u00f3re nast\u0119pnie zanios\u0105 Go do ludzi. <b>B\u00f3g nie ma<br \/>\ninnej drogi do ludzi, jak tylko przez serce cz\u0142owieka.<\/b> Nie ma<br \/>\ninnej drogi, jak tylko <b>przez <\/b><b>FIAT<\/b><b> tych <\/b><b>wszystkich<br \/>\n<\/b><b>odwa\u017cnych,<\/b> kt\u00f3rzy nie b\u0119d\u0105 si\u0119 bali mody i opinii,<br \/>\nkt\u00f3rzy nie potraktuj\u0105 tego przychodz\u0105cego Boga jako jakiego\u015b<br \/>\nprze\u017cytku lub go\u015bcia jednego z wielu, ale otworz\u0105 si\u0119 na Niego,<br \/>\nzaprosz\u0105 Go do siebie i potem <b>b\u0119d\u0105 Go ukazywa\u0107 innym, b\u0119d\u0105<br \/>\nGo nie\u015b\u0107 do innych. <\/b>\n<\/div>\n<div align=\"JUSTIFY\" style=\"margin-bottom: 0cm; text-indent: 1.24cm;\">\nCzy<br \/>\nja jestem takim cz\u0142owiekiem, czy moje serce jest otwarte? Czy mam<br \/>\nodwag\u0119 <b>zaproponowa\u0107 Jezusowi miejsce w swoim sercu,<\/b> aby czu\u0142<br \/>\nsi\u0119 w nim dobrze, aby w nim zamieszka\u0142, abym potem m\u00f3g\u0142 go nie\u015b\u0107<br \/>\nludziom? \u017beby to moje serce by\u0142o godnym mieszkaniem \u2013 by\u0107 mo\u017ce<br \/>\ntrzeba <b>przeprowadzi\u0107 tam stosowny <\/b><b>remanent<\/b><b>,<\/b> by\u0107<br \/>\nmo\u017ce <b>trzeba tam nieco posprz\u0105ta\u0107,<\/b> bo jak zaprosi\u0107 Jezusa<br \/>\n<b>do mieszkania zawalonego gratami,<\/b> balastem naszych<br \/>\nprzyzwyczaje\u0144, wad i grzech\u00f3w?&#8230;\n<\/div>\n<div align=\"JUSTIFY\" style=\"margin-bottom: 0cm; text-indent: 1.24cm;\">\n<b>Serce<br \/>\nMaryi \u2013<\/b><b> <\/b><b>to serce czyste,<\/b> dlatego tak ochotnie<br \/>\notworzy\u0142a je przed Jezusem, nie musia\u0142a si\u0119 obawia\u0107, co On tam<br \/>\nzobaczy, czy si\u0119 nie przerazi. W sercu zawalonym gratami <b>nie ma<br \/>\nmiejsca dla Boga,<\/b> a je\u015bli si\u0119 cho\u0107 troch\u0119 znajdzie, to jest<br \/>\nniebezpiecze\u0144stwo, \u017ce i Jego samego zawal\u0105 i zaginie gdzie\u015b w<br \/>\nca\u0142ym tym ba\u0142aganie. <b>Serce musi by\u0107 dobrze przygotowanie i<br \/>\noczyszczone, aby mog\u0142o <\/b><b>przyj\u0105\u0107<\/b><b> Jezusa! <\/b>\n<\/div>\n<div align=\"JUSTIFY\" style=\"margin-bottom: 0cm; text-indent: 1.24cm;\">\n Tak<br \/>\nw\u0142a\u015bnie by\u0142o w przypadku Maryi \u2013 otworzy\u0142a serce dla Jezusa,<br \/>\nchocia\u017c nie kry\u0142a w\u0105tpliwo\u015bci:<i> <\/i><i><b>Jak\u017ce si\u0119 to<br \/>\nstanie, skoro nie znam m\u0119\u017ca?<\/b><\/i><b> <\/b>Nie jest niczym z\u0142ym<br \/>\nzapyta\u0107, nie jest niczym niew\u0142a\u015bciwym mie\u0107 w\u0105tpliwo\u015bci. Pan B\u00f3g<br \/>\n<b>nie boi si\u0119 pyta\u0144 cz\u0142owieka! <\/b>Oby tylko ten zechcia\u0142 Go<br \/>\npyta\u0107 i \u2013 co chyba nawet wa\u017cniejsze! \u2013 oby zechcia\u0142 przyj\u0105\u0107<br \/>\nJego odpowied\u017a, <b>a nie wyg\u0142asza\u0142 od razu swoich w\u0142asnych<br \/>\nodpowiedzi na wszystkie pytania<\/b>&#8230; Oby zechcia\u0142 t\u0119 Bo\u017c\u0105<br \/>\nodpowied\u017a us\u0142ysze\u0107 i przyj\u0105\u0107.\n<\/div>\n<div align=\"JUSTIFY\" style=\"margin-bottom: 0cm; text-indent: 1.24cm;\">\nDzisiaj,<br \/>\nwpatruj\u0105c si\u0119 w przyk\u0142ad Maryi, modlimy si\u0119 <b>o serc<\/b><b>a<\/b><b><br \/>\notwarte <\/b><b>na przyj\u0119cie prawdy o Bogu,<\/b> o serca<br \/>\nzainteresowane t\u0105 prawd\u0105, a nast\u0119pnie \u2013 o serca gotowe \u017cy\u0107 t\u0105<br \/>\nprawd\u0105. Prosimy o takiego ducha apostolskiego, kt\u00f3ry pozwoli nam<br \/>\nnie\u015b\u0107 tego Boga ludziom, aby <b>dzi\u0119ki nam stawa\u0142 si\u0119 On<br \/>\nnaprawd\u0119 Bogiem z nami, Bogiem z lud\u017ami.<\/b>\n<\/div>\n<div align=\"JUSTIFY\" style=\"margin-bottom: 0cm; text-indent: 1.24cm;\">\nA<br \/>\nkiedy dzisiaj prosimy Go, wraz z ca\u0142ym Ko\u015bcio\u0142em, o poszanowanie<br \/>\n\u017cycia, modlimy si\u0119, aby to otwarcie serca na Niego wyrazi\u0142o si\u0119 <b>w<br \/>\notwarciu serca na dar przychodz\u0105cego nowego \u017cycia<\/b><b>.<\/b><br \/>\nPrzepraszamy dzisiaj Boga za zbrodni\u0119 tak zwanej aborcji, czyli<br \/>\n<b>mordowania dziec<\/b><b>i<\/b><b> pocz\u0119t<\/b><b>ych<\/b><b> \u2013<\/b><b><br \/>\nnajbardziej chyba <\/b><b>ha\u0144bi\u0105c\u0105 zbrodni\u0119 uczynion\u0105 na<br \/>\nbezbronnym cz\u0142owieku!<\/b> U\u015bwiadamiamy sobie, \u017ce to nie warunki<br \/>\nlokalowe, nie brak miejsca czy \u015brodk\u00f3w na utrzymanie decyduje o<br \/>\nodrzuceniu nowo pocz\u0119tego \u017cycia, ale <b>zamkni\u0119te serce<\/b> nie<br \/>\ntylko przysz\u0142ych matek, ale i ich m\u0119\u017c\u00f3w, lekarzy i innych,<br \/>\nw\u0105tpliwej jako\u015bci \u201eprzyjaci\u00f3\u0142\u201d i \u201edoradc\u00f3w\u201d.\n<\/div>\n<div align=\"JUSTIFY\" style=\"margin-bottom: 0cm; text-indent: 1.24cm;\">\nProsimy<br \/>\ndzi\u015b Boga o otwarte serca dla Niego samego, przychodz\u0105cego w ka\u017cdym<br \/>\nnowym, bezbronnym, niewinnym \u017cyciu&#8230; A t\u0119 nasz\u0105 modlitw\u0119<br \/>\n<b>przekuwamy w konkret: w dzie\u0142o duchowej adopcji,<\/b> w kt\u00f3r\u0105<br \/>\nw\u0142\u0105czaj\u0105c si\u0119, czynimy <b>dok\u0142adnie to, co uczyni\u0142a Maryja w<br \/>\nchwili Zwiastowania<\/b>&#8230;<\/div>\n","protected":false},"excerpt":{"rendered":"<p>Szcz\u0119\u015b\u0107 Bo\u017ce! Moi Drodzy, dzisiaj prze\u017cywamy Uroczysto\u015b\u0107 Zwiastowania Pa\u0144skiego &#8211; przeniesion\u0105, z uwagi na Wielki Tydzie\u0144, z 25 marca. W naszej Parafii jest to dzie\u0144 promocji dzie\u0142a duchowej adopcji, do kt\u00f3rego i Was chcia\u0142bym zach\u0119ci\u0107. Jest to wielkie, Bo\u017ce dzie\u0142o, maj\u0105ce na celu ratowanie dzieci pocz\u0119tych przed gro\u017ab\u0105 morderstwa, ubranego w s\u0142owo &#8222;aborcja&#8221;. Tak zwana [&hellip;]<\/p>\n","protected":false},"author":1,"featured_media":0,"comment_status":"open","ping_status":"open","sticky":false,"template":"","format":"standard","meta":{"jetpack_post_was_ever_published":false,"_jetpack_newsletter_access":"","_jetpack_dont_email_post_to_subs":false,"_jetpack_newsletter_tier_id":0,"_jetpack_memberships_contains_paywalled_content":false,"_jetpack_memberships_contains_paid_content":false,"footnotes":""},"categories":[1],"tags":[],"class_list":["post-9161","post","type-post","status-publish","format-standard","hentry","category-bez-kategorii"],"yoast_head":"<!-- This site is optimized with the Yoast SEO plugin v25.1 - https:\/\/yoast.com\/wordpress\/plugins\/seo\/ -->\n<title>Nie pozw\u00f3lmy mordowa\u0107 dzieci! - Gaudium Et Spes<\/title>\n<meta name=\"robots\" content=\"index, follow, max-snippet:-1, max-image-preview:large, max-video-preview:-1\" \/>\n<link rel=\"canonical\" href=\"https:\/\/gaudiumetspes-blog.pl\/index.php\/2013\/04\/08\/nie-pozwolmy-mordowac-dzieci\/\" \/>\n<meta property=\"og:locale\" content=\"pl_PL\" \/>\n<meta property=\"og:type\" content=\"article\" \/>\n<meta property=\"og:title\" content=\"Nie pozw\u00f3lmy mordowa\u0107 dzieci! - Gaudium Et Spes\" \/>\n<meta property=\"og:description\" content=\"Szcz\u0119\u015b\u0107 Bo\u017ce! Moi Drodzy, dzisiaj prze\u017cywamy Uroczysto\u015b\u0107 Zwiastowania Pa\u0144skiego &#8211; przeniesion\u0105, z uwagi na Wielki Tydzie\u0144, z 25 marca. W naszej Parafii jest to dzie\u0144 promocji dzie\u0142a duchowej adopcji, do kt\u00f3rego i Was chcia\u0142bym zach\u0119ci\u0107. Jest to wielkie, Bo\u017ce dzie\u0142o, maj\u0105ce na celu ratowanie dzieci pocz\u0119tych przed gro\u017ab\u0105 morderstwa, ubranego w s\u0142owo &#8222;aborcja&#8221;. Tak zwana [&hellip;]\" \/>\n<meta property=\"og:url\" content=\"https:\/\/gaudiumetspes-blog.pl\/index.php\/2013\/04\/08\/nie-pozwolmy-mordowac-dzieci\/\" \/>\n<meta property=\"og:site_name\" content=\"Gaudium Et Spes\" \/>\n<meta property=\"article:published_time\" content=\"2013-04-08T04:52:00+00:00\" \/>\n<meta property=\"article:modified_time\" content=\"2019-07-31T10:53:57+00:00\" \/>\n<meta name=\"author\" content=\"Ks. Jacek\" \/>\n<meta name=\"twitter:card\" content=\"summary_large_image\" \/>\n<meta name=\"twitter:label1\" content=\"Napisane przez\" \/>\n\t<meta name=\"twitter:data1\" content=\"Ks. Jacek\" \/>\n\t<meta name=\"twitter:label2\" content=\"Szacowany czas czytania\" \/>\n\t<meta name=\"twitter:data2\" content=\"9 minut\" \/>\n<script type=\"application\/ld+json\" class=\"yoast-schema-graph\">{\"@context\":\"https:\/\/schema.org\",\"@graph\":[{\"@type\":\"WebPage\",\"@id\":\"https:\/\/gaudiumetspes-blog.pl\/index.php\/2013\/04\/08\/nie-pozwolmy-mordowac-dzieci\/\",\"url\":\"https:\/\/gaudiumetspes-blog.pl\/index.php\/2013\/04\/08\/nie-pozwolmy-mordowac-dzieci\/\",\"name\":\"Nie pozw\u00f3lmy mordowa\u0107 dzieci! - Gaudium Et Spes\",\"isPartOf\":{\"@id\":\"https:\/\/gaudiumetspes-blog.pl\/#website\"},\"datePublished\":\"2013-04-08T04:52:00+00:00\",\"dateModified\":\"2019-07-31T10:53:57+00:00\",\"author\":{\"@id\":\"https:\/\/gaudiumetspes-blog.pl\/#\/schema\/person\/1661982992b752dea8dff0d4ed845a65\"},\"breadcrumb\":{\"@id\":\"https:\/\/gaudiumetspes-blog.pl\/index.php\/2013\/04\/08\/nie-pozwolmy-mordowac-dzieci\/#breadcrumb\"},\"inLanguage\":\"pl-PL\",\"potentialAction\":[{\"@type\":\"ReadAction\",\"target\":[\"https:\/\/gaudiumetspes-blog.pl\/index.php\/2013\/04\/08\/nie-pozwolmy-mordowac-dzieci\/\"]}]},{\"@type\":\"BreadcrumbList\",\"@id\":\"https:\/\/gaudiumetspes-blog.pl\/index.php\/2013\/04\/08\/nie-pozwolmy-mordowac-dzieci\/#breadcrumb\",\"itemListElement\":[{\"@type\":\"ListItem\",\"position\":1,\"name\":\"Strona g\u0142\u00f3wna\",\"item\":\"https:\/\/gaudiumetspes-blog.pl\/\"},{\"@type\":\"ListItem\",\"position\":2,\"name\":\"Nie&nbsp;pozw\u00f3lmy mordowa\u0107 dzieci!\"}]},{\"@type\":\"WebSite\",\"@id\":\"https:\/\/gaudiumetspes-blog.pl\/#website\",\"url\":\"https:\/\/gaudiumetspes-blog.pl\/\",\"name\":\"Gaudium Et Spes\",\"description\":\"Blog Ks. Jacka Ja\u015bkowskiego\",\"potentialAction\":[{\"@type\":\"SearchAction\",\"target\":{\"@type\":\"EntryPoint\",\"urlTemplate\":\"https:\/\/gaudiumetspes-blog.pl\/?s={search_term_string}\"},\"query-input\":{\"@type\":\"PropertyValueSpecification\",\"valueRequired\":true,\"valueName\":\"search_term_string\"}}],\"inLanguage\":\"pl-PL\"},{\"@type\":\"Person\",\"@id\":\"https:\/\/gaudiumetspes-blog.pl\/#\/schema\/person\/1661982992b752dea8dff0d4ed845a65\",\"name\":\"Ks. Jacek\",\"image\":{\"@type\":\"ImageObject\",\"inLanguage\":\"pl-PL\",\"@id\":\"https:\/\/gaudiumetspes-blog.pl\/#\/schema\/person\/image\/\",\"url\":\"https:\/\/gaudiumetspes-blog.pl\/wp-content\/uploads\/2019\/07\/avatar-JJ-150x150.jpg\",\"contentUrl\":\"https:\/\/gaudiumetspes-blog.pl\/wp-content\/uploads\/2019\/07\/avatar-JJ-150x150.jpg\",\"caption\":\"Ks. Jacek\"},\"description\":\"Witam serdecznie! K\u0142ania si\u0119 Ks. Jacek Ja\u015bkowski. Nie jestem ani kim\u015b wa\u017cnym, ani kim\u015b znanym. Jestem ksi\u0119dzem, kt\u00f3ry po prostu chce rozmawia\u0107. Codzienna kap\u0142a\u0144ska pos\u0142uga pokazuje mi, \u017ce temat\u00f3w do rozm\u00f3w z ksi\u0119dzem jest coraz wi\u0119cej i dzisiaj \u017caden ksi\u0105dz nie mo\u017ce od nich ucieka\u0107, ale - wprost przeciwnie - podejmowa\u0107 nowe wyzwania. To przekonanie sk\u0142oni\u0142o mnie do pr\u00f3by otwarcia tego\u017c bloga, chocia\u017c okazji do rozm\u00f3w na co dzie\u0144 - w konfesjonale i poza nim - na szcz\u0119\u015bcie nie brakuje. My\u015bl\u0119 jednak, \u017ce ten blog b\u0119dzie jeszcze jednym sposobem i przestrzeni\u0105 nawi\u0105zania kontaktu z lud\u017ami dobrej woli, otwartymi na dialog.\",\"url\":\"https:\/\/gaudiumetspes-blog.pl\/index.php\/author\/ks-jacek\/\"}]}<\/script>\n<!-- \/ Yoast SEO plugin. -->","yoast_head_json":{"title":"Nie pozw\u00f3lmy mordowa\u0107 dzieci! - Gaudium Et Spes","robots":{"index":"index","follow":"follow","max-snippet":"max-snippet:-1","max-image-preview":"max-image-preview:large","max-video-preview":"max-video-preview:-1"},"canonical":"https:\/\/gaudiumetspes-blog.pl\/index.php\/2013\/04\/08\/nie-pozwolmy-mordowac-dzieci\/","og_locale":"pl_PL","og_type":"article","og_title":"Nie pozw\u00f3lmy mordowa\u0107 dzieci! - Gaudium Et Spes","og_description":"Szcz\u0119\u015b\u0107 Bo\u017ce! Moi Drodzy, dzisiaj prze\u017cywamy Uroczysto\u015b\u0107 Zwiastowania Pa\u0144skiego &#8211; przeniesion\u0105, z uwagi na Wielki Tydzie\u0144, z 25 marca. W naszej Parafii jest to dzie\u0144 promocji dzie\u0142a duchowej adopcji, do kt\u00f3rego i Was chcia\u0142bym zach\u0119ci\u0107. Jest to wielkie, Bo\u017ce dzie\u0142o, maj\u0105ce na celu ratowanie dzieci pocz\u0119tych przed gro\u017ab\u0105 morderstwa, ubranego w s\u0142owo &#8222;aborcja&#8221;. Tak zwana [&hellip;]","og_url":"https:\/\/gaudiumetspes-blog.pl\/index.php\/2013\/04\/08\/nie-pozwolmy-mordowac-dzieci\/","og_site_name":"Gaudium Et Spes","article_published_time":"2013-04-08T04:52:00+00:00","article_modified_time":"2019-07-31T10:53:57+00:00","author":"Ks. Jacek","twitter_card":"summary_large_image","twitter_misc":{"Napisane przez":"Ks. Jacek","Szacowany czas czytania":"9 minut"},"schema":{"@context":"https:\/\/schema.org","@graph":[{"@type":"WebPage","@id":"https:\/\/gaudiumetspes-blog.pl\/index.php\/2013\/04\/08\/nie-pozwolmy-mordowac-dzieci\/","url":"https:\/\/gaudiumetspes-blog.pl\/index.php\/2013\/04\/08\/nie-pozwolmy-mordowac-dzieci\/","name":"Nie pozw\u00f3lmy mordowa\u0107 dzieci! - Gaudium Et Spes","isPartOf":{"@id":"https:\/\/gaudiumetspes-blog.pl\/#website"},"datePublished":"2013-04-08T04:52:00+00:00","dateModified":"2019-07-31T10:53:57+00:00","author":{"@id":"https:\/\/gaudiumetspes-blog.pl\/#\/schema\/person\/1661982992b752dea8dff0d4ed845a65"},"breadcrumb":{"@id":"https:\/\/gaudiumetspes-blog.pl\/index.php\/2013\/04\/08\/nie-pozwolmy-mordowac-dzieci\/#breadcrumb"},"inLanguage":"pl-PL","potentialAction":[{"@type":"ReadAction","target":["https:\/\/gaudiumetspes-blog.pl\/index.php\/2013\/04\/08\/nie-pozwolmy-mordowac-dzieci\/"]}]},{"@type":"BreadcrumbList","@id":"https:\/\/gaudiumetspes-blog.pl\/index.php\/2013\/04\/08\/nie-pozwolmy-mordowac-dzieci\/#breadcrumb","itemListElement":[{"@type":"ListItem","position":1,"name":"Strona g\u0142\u00f3wna","item":"https:\/\/gaudiumetspes-blog.pl\/"},{"@type":"ListItem","position":2,"name":"Nie&nbsp;pozw\u00f3lmy mordowa\u0107 dzieci!"}]},{"@type":"WebSite","@id":"https:\/\/gaudiumetspes-blog.pl\/#website","url":"https:\/\/gaudiumetspes-blog.pl\/","name":"Gaudium Et Spes","description":"Blog Ks. Jacka Ja\u015bkowskiego","potentialAction":[{"@type":"SearchAction","target":{"@type":"EntryPoint","urlTemplate":"https:\/\/gaudiumetspes-blog.pl\/?s={search_term_string}"},"query-input":{"@type":"PropertyValueSpecification","valueRequired":true,"valueName":"search_term_string"}}],"inLanguage":"pl-PL"},{"@type":"Person","@id":"https:\/\/gaudiumetspes-blog.pl\/#\/schema\/person\/1661982992b752dea8dff0d4ed845a65","name":"Ks. Jacek","image":{"@type":"ImageObject","inLanguage":"pl-PL","@id":"https:\/\/gaudiumetspes-blog.pl\/#\/schema\/person\/image\/","url":"https:\/\/gaudiumetspes-blog.pl\/wp-content\/uploads\/2019\/07\/avatar-JJ-150x150.jpg","contentUrl":"https:\/\/gaudiumetspes-blog.pl\/wp-content\/uploads\/2019\/07\/avatar-JJ-150x150.jpg","caption":"Ks. Jacek"},"description":"Witam serdecznie! K\u0142ania si\u0119 Ks. Jacek Ja\u015bkowski. Nie jestem ani kim\u015b wa\u017cnym, ani kim\u015b znanym. Jestem ksi\u0119dzem, kt\u00f3ry po prostu chce rozmawia\u0107. Codzienna kap\u0142a\u0144ska pos\u0142uga pokazuje mi, \u017ce temat\u00f3w do rozm\u00f3w z ksi\u0119dzem jest coraz wi\u0119cej i dzisiaj \u017caden ksi\u0105dz nie mo\u017ce od nich ucieka\u0107, ale - wprost przeciwnie - podejmowa\u0107 nowe wyzwania. To przekonanie sk\u0142oni\u0142o mnie do pr\u00f3by otwarcia tego\u017c bloga, chocia\u017c okazji do rozm\u00f3w na co dzie\u0144 - w konfesjonale i poza nim - na szcz\u0119\u015bcie nie brakuje. My\u015bl\u0119 jednak, \u017ce ten blog b\u0119dzie jeszcze jednym sposobem i przestrzeni\u0105 nawi\u0105zania kontaktu z lud\u017ami dobrej woli, otwartymi na dialog.","url":"https:\/\/gaudiumetspes-blog.pl\/index.php\/author\/ks-jacek\/"}]}},"jetpack_featured_media_url":"","jetpack_sharing_enabled":true,"_links":{"self":[{"href":"https:\/\/gaudiumetspes-blog.pl\/index.php\/wp-json\/wp\/v2\/posts\/9161","targetHints":{"allow":["GET"]}}],"collection":[{"href":"https:\/\/gaudiumetspes-blog.pl\/index.php\/wp-json\/wp\/v2\/posts"}],"about":[{"href":"https:\/\/gaudiumetspes-blog.pl\/index.php\/wp-json\/wp\/v2\/types\/post"}],"author":[{"embeddable":true,"href":"https:\/\/gaudiumetspes-blog.pl\/index.php\/wp-json\/wp\/v2\/users\/1"}],"replies":[{"embeddable":true,"href":"https:\/\/gaudiumetspes-blog.pl\/index.php\/wp-json\/wp\/v2\/comments?post=9161"}],"version-history":[{"count":1,"href":"https:\/\/gaudiumetspes-blog.pl\/index.php\/wp-json\/wp\/v2\/posts\/9161\/revisions"}],"predecessor-version":[{"id":11024,"href":"https:\/\/gaudiumetspes-blog.pl\/index.php\/wp-json\/wp\/v2\/posts\/9161\/revisions\/11024"}],"wp:attachment":[{"href":"https:\/\/gaudiumetspes-blog.pl\/index.php\/wp-json\/wp\/v2\/media?parent=9161"}],"wp:term":[{"taxonomy":"category","embeddable":true,"href":"https:\/\/gaudiumetspes-blog.pl\/index.php\/wp-json\/wp\/v2\/categories?post=9161"},{"taxonomy":"post_tag","embeddable":true,"href":"https:\/\/gaudiumetspes-blog.pl\/index.php\/wp-json\/wp\/v2\/tags?post=9161"}],"curies":[{"name":"wp","href":"https:\/\/api.w.org\/{rel}","templated":true}]}}