{"id":9162,"date":"2013-04-07T05:24:00","date_gmt":"2013-04-07T03:24:00","guid":{"rendered":"https:\/\/gaudiumetspes-blog.pl\/index.php\/2013\/04\/07\/o-miosierdziu-nie-wystarczy-spiewac\/"},"modified":"2019-07-31T12:53:56","modified_gmt":"2019-07-31T10:53:56","slug":"o-miosierdziu-nie-wystarczy-spiewac","status":"publish","type":"post","link":"https:\/\/gaudiumetspes-blog.pl\/index.php\/2013\/04\/07\/o-miosierdziu-nie-wystarczy-spiewac\/","title":{"rendered":"O mi\u0142osierdziu nie wystarczy \u015bpiewa\u0107&#8230;"},"content":{"rendered":"<div align=\"JUSTIFY\" style=\"margin-bottom: 0cm;\">\nNiech b\u0119dzie pochwalony Jezus Chrystus! Szczeg\u00f3lny dzie\u0144 dzisiaj: Niedziela Bo\u017cego Mi\u0142osierdzia. M\u00f3dlmy si\u0119 dzi\u015b zatem o Bo\u017ce Mi\u0142osierdzie dla nas &#8211; i dla ca\u0142ego \u015bwiata&#8230;<\/div>\n<div align=\"JUSTIFY\" style=\"margin-bottom: 0cm;\">\n&nbsp; &nbsp; &nbsp;Na g\u0142\u0119bokie prze\u017cywanie Dnia Pa\u0144skiego i ca\u0142ej Tajemnicy Bo\u017cego Mi\u0142osierdzia, niech nam Pan b\u0142ogos\u0142awi!<b>&nbsp;Niech Was b\u0142ogos\u0142awi B\u00f3g Wszechmog\u0105cy: Ojciec + i Syn, i Duch \u015awi\u0119ty. Amen<\/b><\/div>\n<div align=\"JUSTIFY\" style=\"margin-bottom: 0cm;\">\n<b>&nbsp; &nbsp; &nbsp; &nbsp; &nbsp; <\/b>&nbsp;Gaudium et spes! Ks. Jacek<\/div>\n<div align=\"JUSTIFY\" style=\"margin-bottom: 0cm;\">\n<b><br \/><\/b><\/div>\n<div align=\"JUSTIFY\" style=\"margin-bottom: 0cm;\">\n<b>2<br \/>\nNiedziela Wielkanocna, C,<\/b><\/div>\n<div align=\"JUSTIFY\" style=\"margin-bottom: 0cm;\">\n<b>do<br \/>\nczyta\u0144:  Dz 5,12\u201316;  Ap 1,9\u201311a.12\u201313.17\u201319;  J 20,19\u201331<\/b><\/div>\n<div align=\"JUSTIFY\" style=\"margin-bottom: 0cm;\">\n\n<\/div>\n<div align=\"JUSTIFY\" style=\"margin-bottom: 0cm; page-break-before: auto;\">\n<b>CZYTANIE<br \/>\nZ DZIEJ\u00d3W APOSTOLSKICH: <\/b>\n<\/div>\n<div align=\"JUSTIFY\" style=\"margin-bottom: 0cm; text-indent: 1.24cm;\">\n<b>Wiele<br \/>\nznak\u00f3w i cud\u00f3w dzia\u0142o si\u0119 przez r\u0119ce Aposto\u0142\u00f3w w\u015br\u00f3d ludu.<br \/>\nWierz\u0105cy trzymali si\u0119 wszyscy razem w kru\u017cganku Salomona. A z<br \/>\nobcych nikt nie mia\u0142 odwagi do\u0142\u0105czy\u0107 si\u0119 do nich, lud za\u015b ich<br \/>\nwychwala\u0142. Coraz bardziej te\u017c ros\u0142a liczba m\u0119\u017cczyzn i kobiet,<br \/>\nprzyjmuj\u0105cych wiar\u0119 w Pana. Wynoszono te\u017c chorych na ulice i<br \/>\nk\u0142adziono na \u0142o\u017cach i noszach, aby cho\u0107 cie\u0144 przechodz\u0105cego<br \/>\nPiotra pad\u0142 na kt\u00f3rego\u015b z nich. Tak\u017ce z miast s\u0105siedzkich<br \/>\nzbiega\u0142o si\u0119 mn\u00f3stwo ludu do Jerozolimy, znosz\u0105c chorych i<br \/>\ndr\u0119czonych przez duchy nieczyste, a wszyscy doznawali uzdrowienia.<br \/>\n<\/b>\n<\/div>\n<div align=\"JUSTIFY\" style=\"margin-bottom: 0cm;\">\n\n<\/div>\n<div align=\"JUSTIFY\" style=\"margin-bottom: 0cm;\">\n<b>CZYTANIE<br \/>\nZ KSI\u0118GI APOKALIPSY \u015aWI\u0118TEGO JANA APOSTO\u0141A: <\/b>\n<\/div>\n<div align=\"JUSTIFY\" style=\"margin-bottom: 0cm; text-indent: 1.22cm;\">\n<b>Ja,<br \/>\nJan, wasz brat i wsp\u00f3\u0142uczestnik w ucisku i kr\u00f3lestwie, i<br \/>\nwytrwa\u0142o\u015bci w Jezusie, by\u0142em na wyspie, zwanej Patmos, ze wzgl\u0119du<br \/>\nna s\u0142owo Bo\u017ce i \u015bwiadectwo Jezusa. Dozna\u0142em zachwycenia w dzie\u0144<br \/>\nPa\u0144ski i pos\u0142ysza\u0142em za sob\u0105 pot\u0119\u017cny g\u0142os jak gdyby tr\u0105by<br \/>\nm\u00f3wi\u0105cej: \u201eCo widzisz, w ksi\u0119dze napisz i po\u015blij siedmiu<br \/>\nKo\u015bcio\u0142om, kt\u00f3re s\u0105 w Azji\u201d. I obr\u00f3ci\u0142em si\u0119, by widzie\u0107,<br \/>\nco za g\u0142os do mnie m\u00f3wi\u0142; a obr\u00f3ciwszy si\u0119 ujrza\u0142em siedem<br \/>\nz\u0142otych \u015bwiecznik\u00f3w, i po\u015br\u00f3d \u015bwiecznik\u00f3w kogo\u015b podobnego do<br \/>\nSyna Cz\u0142owieczego, obleczonego w szat\u0119 do st\u00f3p i przepasanego na<br \/>\npiersiach z\u0142otym pasem. <\/b>\n<\/div>\n<div align=\"JUSTIFY\" style=\"margin-bottom: 0cm; text-indent: 1.22cm;\">\n<b>Kiedym<br \/>\nGo ujrza\u0142, upad\u0142em jak martwy do Jego st\u00f3p, a On po\u0142o\u017cy\u0142 na<br \/>\nmnie praw\u0105 r\u0119k\u0119, m\u00f3wi\u0105c: \u201ePrzesta\u0144 si\u0119 l\u0119ka\u0107! Jam jest<br \/>\nPierwszy i Ostatni, i \u017cyj\u0105cy. By\u0142em umar\u0142y, a oto jestem \u017cyj\u0105cy<br \/>\nna wieki wiek\u00f3w i mam klucze \u015bmierci i Otch\u0142ani. Napisz wi\u0119c to,<br \/>\nco widzia\u0142e\u015b, i to, co jest, i to, co potem musi si\u0119 sta\u0107\u201d.<\/b><\/div>\n<div align=\"JUSTIFY\" style=\"margin-bottom: 0cm;\">\n\n<\/div>\n<div align=\"JUSTIFY\" style=\"margin-bottom: 0cm;\">\n<b>S\u0141OWA<br \/>\nEWANGELII WED\u0141UG \u015aWI\u0118TEGO JANA: <\/b>\n<\/div>\n<div align=\"JUSTIFY\" style=\"margin-bottom: 0cm; text-indent: 1.24cm;\">\n<b>By\u0142o<br \/>\nto wieczorem owego pierwszego dnia tygodnia. Tam, gdzie przebywali<br \/>\nuczniowie, drzwi by\u0142y zamkni\u0119te z obawy przed \u017bydami. Jezus<br \/>\nwszed\u0142, stan\u0105\u0142 po\u015brodku i rzek\u0142 do nich: \u201ePok\u00f3j wam!\u201d A to<br \/>\npowiedziawszy, pokaza\u0142 im r\u0119ce i bok. Uradowali si\u0119 zatem<br \/>\nuczniowie ujrzawszy Pana. A Jezus znowu rzek\u0142 do nich: \u201ePok\u00f3j<br \/>\nwam! Jak Ojciec Mnie pos\u0142a\u0142, tak i Ja was posy\u0142am\u201d. Po tych<br \/>\ns\u0142owach tchn\u0105\u0142 na nich i powiedzia\u0142 im: \u201eWe\u017amijcie Ducha<br \/>\n\u015awi\u0119tego! Kt\u00f3rym odpu\u015bcicie grzechy, s\u0105 im odpuszczone, a kt\u00f3rym<br \/>\nzatrzymacie, s\u0105 im zatrzymane\u201d. <\/b>\n<\/div>\n<div align=\"JUSTIFY\" style=\"margin-bottom: 0cm; text-indent: 1.24cm;\">\n<b>Ale<br \/>\nTomasz, jeden z Dwunastu, zwany Didymos, nie by\u0142 razem z nimi, kiedy<br \/>\nprzyszed\u0142 Jezus. Inni wi\u0119c uczniowie m\u00f3wili do niego: \u201eWidzieli\u015bmy<br \/>\nPana!\u201d. Ale on rzek\u0142 do nich: \u201eJe\u017celi na r\u0119kach Jego nie<br \/>\nzobacz\u0119 \u015bladu gwo\u017adzi i nie w\u0142o\u017c\u0119 palca mego w miejsce gwo\u017adzi,<br \/>\ni nie w\u0142o\u017c\u0119 r\u0119ki mojej do boku Jego, nie uwierz\u0119\u201d. <\/b>\n<\/div>\n<div align=\"JUSTIFY\" style=\"margin-bottom: 0cm; text-indent: 1.24cm;\">\n<b>A<br \/>\npo o\u015bmiu dniach, kiedy uczniowie Jego byli znowu wewn\u0105trz domu i<br \/>\nTomasz z nimi, Jezus przyszed\u0142 mimo drzwi zamkni\u0119tych, stan\u0105\u0142<br \/>\npo\u015brodku i rzek\u0142: \u201ePok\u00f3j wam!\u201d Nast\u0119pnie rzek\u0142 do Tomasza:<br \/>\n\u201ePodnie\u015b tutaj sw\u00f3j palec i zobacz moje r\u0119ce. Podnie\u015b r\u0119k\u0119 i<br \/>\nw\u0142\u00f3\u017c j\u0105 do mego boku, i nie b\u0105d\u017a niedowiarkiem, lecz<br \/>\nwierz\u0105cym\u201d. Tomasz Mu odpowiedzia\u0142: \u201ePan m\u00f3j i B\u00f3g m\u00f3j!\u201d <\/b>\n<\/div>\n<div align=\"JUSTIFY\" style=\"margin-bottom: 0cm; text-indent: 1.24cm;\">\n<b>Powiedzia\u0142<br \/>\nmu Jezus: \u201eUwierzy\u0142e\u015b, bo Mnie ujrza\u0142e\u015b; b\u0142ogos\u0142awieni,<br \/>\nkt\u00f3rzy nie widzieli, a uwierzyli\u201d. I wiele innych znak\u00f3w, kt\u00f3rych<br \/>\nnie zapisano w tej ksi\u0119dze, uczyni\u0142 Jezus wobec uczni\u00f3w. Te za\u015b<br \/>\nzapisano, aby\u015bcie wierzyli, \u017ce Jezus jest Mesjaszem, Synem Bo\u017cym,<br \/>\ni aby\u015bcie wierz\u0105c mieli \u017cycie w imi\u0119 Jego.<\/b><\/div>\n<div align=\"JUSTIFY\" style=\"margin-bottom: 0cm;\">\n\n<\/div>\n<div align=\"JUSTIFY\" style=\"margin-bottom: 0cm; page-break-before: auto; text-indent: 1.25cm;\">\nRazem<br \/>\nz Janem, Autorem Apokalipsy, kt\u00f3rej fragment s\u0142yszeli\u015bmy w<br \/>\ndzisiejszym drugim czytaniu, a jednocze\u015bnie <b>Autorem Ewangelii<\/b>,<br \/>\nkt\u00f3rej fragmentu tak\u017ce przed chwil\u0105 wys\u0142uchali\u015bmy \u2013 razem z<br \/>\nAposto\u0142em Janem wpatrujemy si\u0119 w niezwyk\u0142\u0105 Posta\u0107. Oto bowiem<br \/>\nwidzimy <i><b>siedem z\u0142otych \u015bwiecznik\u00f3w i po\u015br\u00f3d \u015bwiecznik\u00f3w<br \/>\nkogo\u015b podobnego do Syna Cz\u0142owieczego, obleczonego w szat\u0119 do st\u00f3p<br \/>\ni przepasanego na piersiach z\u0142otym pasem<\/b><\/i><i>.<\/i> Ju\u017c sam<br \/>\nfakt, \u017ce wizja ta mia\u0142a miejsce w dzie\u0144 Pa\u0144ski sugeruje, kogo<br \/>\nwidzia\u0142 Jan i <b>kogo my dzisiaj, tak\u017ce w dzie\u0144 Pa\u0144ski, razem z<br \/>\nNim widzimy<\/b>.\n<\/div>\n<div align=\"JUSTIFY\" style=\"margin-bottom: 0cm; text-indent: 1.25cm;\">\n<i><b>Jam<br \/>\njest Pierwszy i Ostatni, i \u017cyj\u0105cy. By\u0142em umar\u0142y, a oto jestem<br \/>\n\u017cyj\u0105cy na wieki wiek\u00f3w i mam klucze \u015bmierci i Otch\u0142ani.<\/b><\/i><br \/>\nOczywi\u015bcie \u2013 tym, kt\u00f3ry m\u00f3wi o sobie: <i><b>Jam jest<\/b><\/i> <b>\u2013<br \/>\njest Jezus Chrystus<\/b>. Z jednej strony \u2013 Pan i W\u0142adca \u015bwiata,<br \/>\nale te\u017c kto\u015b, kto <b>by\u0142 umar\u0142y<\/b>, a wi\u0119c kto\u015b, kto<br \/>\n\u201edog\u0142\u0119bnie\u201d uczestniczy\u0142 w sprawach tego \u015bwiata. Bo je\u017celi<br \/>\nby\u0142 umar\u0142y, to znaczy, <b>\u017ce sta\u0142o si\u0119 to na ziemi<\/b><b>,<\/b><br \/>\nna tym \u015bwiecie, a skoro tak\u017ce wiemy, w jaki spos\u00f3b ta \u015bmier\u0107 si\u0119<br \/>\ndokona\u0142a i dlaczego mia\u0142a miejsce, to zdamy sobie jasno spraw\u0119, \u017ce<br \/>\n<b>Jezus naprawd\u0119 by\u0142 w\u0142\u0105czony w ludzkie, ziemskie sprawy<\/b> \u2013<br \/>\nskazany przez ludzi, by\u0142 ofiar\u0105 spisku, konfliktu\u2026\n<\/div>\n<div align=\"JUSTIFY\" style=\"margin-bottom: 0cm; text-indent: 1.25cm;\">\nOczywi\u015bcie<br \/>\n\u2013 wszystko to m\u00f3wimy, patrz\u0105c tylko tak po ludzku, bo z Bo\u017cej<br \/>\nperspektywy ta \u015amier\u0107 ma <b>znaczenie o wiele g\u0142\u0119bsze<\/b>. Jednak<br \/>\nPosta\u0107, kt\u00f3r\u0105 widzi Jan, robi na nim ogromne wra\u017cenie, do tego<br \/>\nstopnia nawet, \u017ce <b>pada On jak martwy<\/b> \u2013 jak sam stwierdza \u2013<br \/>\nu st\u00f3p owej Postaci, chocia\u017c w innym miejscu m\u00f3wi, \u017ce sta\u0107 go na<br \/>\nto, <b>aby si\u0119 sprzeciwi\u0107 cesarzowi i aby nie k\u0142ania\u0107 si\u0119 w\u0142adcy<br \/>\nziemskiemu. <\/b>W owej jednak Postaci Jan rozpoznaje <b>Osob\u0119 Bo\u017c\u0105<br \/>\n<\/b><b>\u2013<\/b> Tego, kt\u00f3ry panuje nad \u015bwiatem.\n<\/div>\n<div align=\"JUSTIFY\" style=\"margin-bottom: 0cm; text-indent: 1.25cm;\">\nNie<br \/>\nwywo\u0142uje to jednak uczucia strachu. Wr\u0119cz przeciwnie! Skoro bowiem<br \/>\nsiedem \u015bwiecznik\u00f3w, otaczaj\u0105cych Posta\u0107, <b>oznacza Ko\u015bci\u00f3\u0142,<br \/>\nto jest to znak czytelny:<\/b> <b>Jezus jest w Ko\u015bciele i daje mu<br \/>\nmoc, opiekuje si\u0119 <\/b><b>n<\/b><b>im!<\/b> Jan wi\u0119c tak\u017ce mo\u017ce czu\u0107<br \/>\nsi\u0119 przy Jezusie pewnie i bezpiecznie. I dlatego te\u017c jest nie tylko<br \/>\nzobowi\u0105zany, ale i zach\u0119cony do tego, <b>i\u017cby napisa\u0142 to, co<br \/>\nwidzi<\/b><b>.<\/b> Jak s\u0142yszymy, Aposto\u0142 dok\u0142adnie wype\u0142ni\u0142<br \/>\npolecenie swego Pana, skoro czytamy dzisiaj te jego s\u0142owa w<br \/>\nApokalipsie, ale te\u017c czytamy jego przekaz w trzech Listach i \u2013<br \/>\nnade wszystko \u2013 w Ewangelii.\n<\/div>\n<div align=\"JUSTIFY\" style=\"margin-bottom: 0cm; text-indent: 1.25cm;\">\nI<br \/>\nto w\u0142a\u015bnie Ewangelia przedstawia nam Jezusa, kt\u00f3ry <b>ukazuje si\u0119<br \/>\nAposto\u0142om<\/b>, i to dwukrotnie. Jezus w ten spos\u00f3b spe\u0142nia<br \/>\nobietnic\u0119, \u017ce nied\u0142ugo po Jego odej\u015bciu Aposto\u0142owie <b>ujrz\u0105 Go<br \/>\nponownie<\/b> i rozraduj\u0105 si\u0119 ich serca. Tak si\u0119 w\u0142a\u015bnie<br \/>\ndok\u0142adnie sta\u0142o. Zauwa\u017cmy przy tym, i\u017c Jezus, kiedy si\u0119 pojawi\u0142,<br \/>\n<b>nie wypomina\u0142 uczniom tego, \u017ce Go opu\u015bcili w godzinie <\/b><b>M<\/b><b>\u0119ki<\/b>.<br \/>\nWr\u0119cz przeciwnie \u2013 okazuje im mi\u0142o\u015b\u0107 i \u017cyczliwo\u015b\u0107, kt\u00f3rych<br \/>\ntakim wyra\u017anym symbolem by\u0142y rany na r\u0119kach i w boku. <b>Z tych<br \/>\nran niejako Jezus rozlewa mi\u0142o\u015b\u0107 na swoich uczni\u00f3w i na ca\u0142y<br \/>\n\u015bwiat,<\/b> z tych ran udziela swego Ducha.\n<\/div>\n<div align=\"JUSTIFY\" style=\"margin-bottom: 0cm; text-indent: 1.25cm;\">\nI<br \/>\nteraz potrzeba <b>tylko<\/b> \u2013 <b>a mo\u017ce: a\u017c! \u2013 wiary<\/b>, aby<br \/>\nto przyj\u0105\u0107. Jak zauwa\u017cyli\u015bmy, Aposto\u0142owie zareagowali<br \/>\nwdzi\u0119czno\u015bci\u0105 i rado\u015bci\u0105. Nie wszyscy jednak. <b>Oto Tomasz,<br \/>\njeden z nich, nie by\u0142 w domu<\/b>, kiedy Jezus pojawi\u0142 si\u0119 po raz<br \/>\npierwszy. Nie uwierzy\u0142 w to, co opowiedzieli mu bracia. Musia\u0142 a\u017c<br \/>\nosobi\u015bcie <b>dotkn\u0105\u0107 ran<\/b><b>,<\/b> aby i w nim bariery niewiary<br \/>\np\u0119k\u0142y i aby on <b>tak\u017ce uwierzy\u0142<\/b>. Na szcz\u0119\u015bcie \u2013 i to si\u0119<br \/>\ndokona\u0142o!\n<\/div>\n<div align=\"JUSTIFY\" style=\"margin-bottom: 0cm; text-indent: 1.25cm;\">\nDuch<br \/>\n\u015awi\u0119ty, udzielony przez Jezusa Aposto\u0142om, w tym tak\u017ce Tomaszowi,<br \/>\njest tym Duchem, <b>przez kt\u00f3rego dokona si\u0119 odpuszczenie grzech\u00f3w.<\/b><br \/>\nZauwa\u017cmy, \u017ce odpuszczanie grzech\u00f3w, chocia\u017c ma si\u0119 dokonywa\u0107 w<br \/>\nmocy Ducha \u015awi\u0119tego, to jednak zosta\u0142o \u2013 <b>w jaki\u015b spos\u00f3b \u2013<br \/>\npozostawione w r\u0119kach ludzi, <\/b>to Aposto\u0142owie maj\u0105 tym darem<br \/>\ndysponowa\u0107. Do dzi\u015b zreszt\u0105 tak jest: to kap\u0142ani, <b>moc\u0105 Bo\u017c\u0105<br \/>\noczywi\u015bcie<\/b>, ale w spos\u00f3b indywidualny, tym darem dysponuj\u0105.<br \/>\n<b>Naturalnie, nie w spos\u00f3b dowolny<\/b>, zale\u017cny od humoru czy<br \/>\nkaprysu, ale w spos\u00f3b m\u0105dry, zgodny z wol\u0105 Bo\u017c\u0105 i duchem<br \/>\nKo\u015bcio\u0142a.\n<\/div>\n<div align=\"JUSTIFY\" style=\"margin-bottom: 0cm; text-indent: 1.25cm;\">\nBo<br \/>\npokonanie grzechu jest jednym z owoc\u00f3w Zmartwychwstania. Nie tylko w<br \/>\nsensie sakramentalnego odpuszczenia, ale te\u017c w tym znaczeniu, \u017ce \u2013<br \/>\njako uczniowie zmartwychwsta\u0142ego Mistrza \u2013 <b>sami mamy w sobie<br \/>\npokonywa\u0107 grzech i przebacza\u0107 tym, kt\u00f3rzy wobec nas zawinili,<br \/>\nzgrzeszyli<\/b>.\n<\/div>\n<div align=\"JUSTIFY\" style=\"margin-bottom: 0cm; text-indent: 1.25cm;\">\nKochani,<br \/>\nwczytuj\u0105c si\u0119 i ws\u0142uchuj\u0105c z wielkim skupieniem w Bo\u017ce S\u0142owo<br \/>\ndzisiejszej Niedzieli, ale tak\u017ce \u2013 trwaj\u0105c przez ca\u0142y ten czas <b>w<br \/>\nrado\u015bci ze Zmartwychwstania Pana,<\/b> jeste\u015bmy niezmiernie<br \/>\nwdzi\u0119czni Dobremu Bogu i wychwalamy Go za to, i\u017c raczy\u0142 zes\u0142a\u0107<br \/>\nswojego Syna Jedynego, aby Ten dla nas podj\u0105\u0142 M\u0119k\u0119 i \u015amier\u0107<br \/>\nkrzy\u017cow\u0105, ale te\u017c \u2013 zmartwychwsta\u0142. Razem z Janem <b>wpatrujemy<br \/>\nsi\u0119 w Osob\u0119 Syna Bo\u017cego, Jezusa Chrystusa<\/b> <b>Zwyci\u0119zcy<\/b><br \/>\ntym bardziej, \u017ce dla nas dzisiaj to Jego ukazanie si\u0119 ma znaczenie<br \/>\nszczeg\u00f3lne. Bardzo mocno bowiem wizja, kt\u00f3rej do\u015bwiadczy\u0142 Jan,<br \/>\n<b>przypomina t\u0119 wizj\u0119, kt\u00f3r\u0105 mia\u0142a Siostra Faustyna Kowalska<\/b>.<\/p>\n<\/div>\n<div align=\"JUSTIFY\" style=\"margin-bottom: 0cm; text-indent: 1.25cm;\">\nOto<br \/>\nona tak\u017ce ujrza\u0142a Syna Bo\u017cego. I tak, jak Aposto\u0142om w<br \/>\nWieczerniku, Jezus ukaza\u0142 jej swoje rany. Jego Posta\u0107 \u2013 ta z<br \/>\nApokalipsy i ta z widzenia Siostry Faustyny \u2013 <b>s\u0105 tak bardzo<br \/>\npodobne do siebie!<\/b> I tutaj bowiem, i tutaj, Jezus jest Panem i<br \/>\nBogiem, przed kt\u00f3rym nie tylko ludzkie kolana, ale nade wszystko<br \/>\n<b>ludzkie serca pochylaj\u0105 si\u0119 w uni\u017ceniu i ho\u0142dzie<\/b>. Ale i w<br \/>\njednym, i w drugim przypadku, od Jezusa bije mi\u0142o\u015b\u0107 i dobro\u0107.<br \/>\nTak, jak w Wieczerniku, <b>Jezus nie przychodzi zg\u0142asza\u0107 pretensje<\/b>,<br \/>\nnie przychodzi robi\u0107 wyrzuty za zdrad\u0119, za grzechy. Jezus<br \/>\nprzychodzi, aby to wszystko cz\u0142owiekowi <b>pom\u00f3c pokona\u0107<\/b><b>,<\/b><br \/>\naby obdarzy\u0107 go przebaczeniem, mi\u0142osierdziem.\n<\/div>\n<div align=\"JUSTIFY\" style=\"margin-bottom: 0cm; text-indent: 1.25cm;\">\nI<br \/>\nchocia\u017c w wizji Janowej, jak r\u00f3wnie\u017c w wydarzeniu Wieczernika <b>nie<br \/>\npada s\u0142owo: mi\u0142osierdzie<\/b>, to jednak we wszystkich tych<br \/>\nspotkaniach Jezusa z lud\u017ami, tak naprawd\u0119 chodzi o to samo.<b><br \/>\nJezus przychodzi przede wszystkim jako Zmartwychwsta\u0142y Zwyci\u0119zca.<\/b><br \/>\nWszystkie dary, jakich udziela, s\u0105 owocem Jego ran i Jego<br \/>\nZmartwychwstania. I to w\u0142a\u015bnie z tych ran udziela \u2013 jak<br \/>\nwspominali\u015bmy \u2013 swego Ducha, kt\u00f3ry ma przynie\u015b\u0107 odpuszczenie<br \/>\ngrzech\u00f3w. W widzeniu Siostry Faustyny owo <b>przebaczenie grzech\u00f3w<br \/>\ni pochylenie si\u0119 Boga nad biednym cz\u0142owiekiem z mi\u0142o\u015bci\u0105<br \/>\nprzebaczaj\u0105c\u0105, mi\u0142o\u015bci\u0105 wsp\u00f3\u0142czuj\u0105c\u0105, mi\u0142o\u015bci\u0105 ratuj\u0105c\u0105<br \/>\ngo z upadku \u2013<\/b><b> <\/b>nazywa si\u0119 <b>mi\u0142osierdziem.<\/b><br \/>\nDokonuje si\u0119 ono w mocy Jezusowego Zmartwychwstania.\n<\/div>\n<div align=\"JUSTIFY\" style=\"margin-bottom: 0cm; text-indent: 1.25cm;\">\nPrzyj\u0119cie<br \/>\njednak mi\u0142osierdzia wymaga wiary. I nieraz tak b\u0119dzie, \u017ce<br \/>\nsytuacja, w jakiej przyjdzie nam si\u0119 znale\u017a\u0107, b\u0119dzie \u2013 <b>tak<br \/>\npo ludzku \u2013 przeczy\u0142a jakiejkolwiek nadziei.<\/b> B\u0119dzie si\u0119<br \/>\nchcia\u0142o za Tomaszem powt\u00f3rzy\u0107: <b>Nie uwierz\u0119! Dop\u00f3ki nie<br \/>\nzobacz\u0119 \u2013 nie uwierz\u0119!<\/b> Ale i wtedy nie b\u0119dzie za p\u00f3\u017ano na<br \/>\nto, aby wyci\u0105gn\u0105\u0107 r\u0119k\u0119 i dotkn\u0105\u0107 ran Jezusa. Aby zacz\u0105\u0107 si\u0119<br \/>\ndo Niego modli\u0107, <b>nawet wbrew rozpaczy, wbrew ca\u0142kowitemu<br \/>\nza\u0142amaniu<\/b>.\n<\/div>\n<div align=\"JUSTIFY\" style=\"margin-bottom: 0cm; text-indent: 1.25cm;\">\nAby<br \/>\nwtedy zapatrze\u0107 si\u0119 w <b>Jego Obraz<\/b>, kt\u00f3ry sam kaza\u0142<br \/>\nnamalowa\u0107 Siostrze Faustynie. Aby wtedy z ca\u0142ego serca, nawet tego<br \/>\nserca zbola\u0142ego, <b>powt\u00f3rzy\u0107: Jezu, ufam Tobie!<\/b> Aby wtedy<br \/>\nzwraca\u0107 si\u0119 do Niego s\u0142owami <b>Koronki do Bo\u017cego Mi\u0142osierdzia<\/b>,<br \/>\naby i wtedy uczci\u0107 <b>Godzin\u0119  Mi\u0142osierdzia,<\/b> aby i wtedy ze<br \/>\nszczeg\u00f3lnym nabo\u017ce\u0144stwem prze\u017cywa\u0107 <b>\u015awi\u0119to Mi\u0142osierdzia<br \/>\nBo\u017cego.<\/b>\n<\/div>\n<div align=\"JUSTIFY\" style=\"margin-bottom: 0cm; text-indent: 1.25cm;\">\nBo<br \/>\nMi\u0142osierdzie Bo\u017ce jest niezwyk\u0142ym darem, ale <b>samo z siebie nie<br \/>\njest w stanie w \u017caden spos\u00f3b przemieni\u0107 ludzkiego serca<\/b>,<br \/>\nje\u017celi to serce owego Mi\u0142osierdzia nie zapragnie, je\u017celi w to<br \/>\nMi\u0142osierdzie nie uwierzy! Tak jak prawda o Zmartwychwstaniu Pa\u0144skim<br \/>\nwymaga wiary i \u2013 chocia\u017c to paradoks \u2013 <b>nie wystarczy do<br \/>\nzbawienia cz\u0142owieka, \u017ce Jezus zmartwychwsta\u0142<\/b>, bo konieczna<br \/>\nby\u0142a jeszcze z jego strony wiara w ten Fakt, tak r\u00f3wnie\u017c nie<br \/>\nwystarczy, \u017ce Jezus jest mi\u0142osierny \u2013 potrzeba jeszcze, \u017ceby<br \/>\n<b>cz\u0142owiek w to uwierzy\u0142 i Mi\u0142osierdzia Bo\u017cego zapragn\u0105\u0142<\/b>.\n<\/div>\n<div align=\"JUSTIFY\" style=\"margin-bottom: 0cm; text-indent: 1.25cm;\">\nI<br \/>\ntak, jak nie wystarczy cz\u0142owiekowi przyj\u0105\u0107 przebaczenie grzech\u00f3w,<br \/>\notrzymane od Pana, ale <b>sam ma przebaczenie okazywa\u0107 innym<\/b>,<br \/>\ntak te\u017c aposto\u0142em Bo\u017cego Mi\u0142osierdzia nie mo\u017ce by\u0107 <b>tylko<br \/>\nSiostra Faustyna Kowalska.<\/b> Ona dokona\u0142a rzeczy wielkich i<br \/>\nniezwyk\u0142ych, bo oto prosta zakonnica, nie maj\u0105ca wykszta\u0142cenia i<br \/>\n\u015bwiatowych kontakt\u00f3w \u2013 <b>ca\u0142y \u015bwiat poruszy\u0142a niezwyk\u0142\u0105<br \/>\nnowin\u0105.<\/b> A w\u0142a\u015bciwie nawet nie nowin\u0105, bo przecie\u017c prawda o<br \/>\nBo\u017cym Mi\u0142osierdziu nie jest nowin\u0105. <b>Jest prawd\u0105 od dawna<br \/>\nznan\u0105,<\/b> ale Jezus sam j\u0105 przypomnia\u0142 dzisiejszemu \u015bwiatu za<br \/>\npo\u015brednictwem polskiej Zakonnicy.\n<\/div>\n<div align=\"JUSTIFY\" style=\"margin-bottom: 0cm; text-indent: 1.25cm;\">\nA<br \/>\ndzisiaj chce j\u0105 przekazywa\u0107 <b>za naszym po\u015brednictwem<\/b>. To<br \/>\nka\u017cdy i ka\u017cda z nas ma by\u0107 <b>aposto\u0142em Bo\u017cego Mi\u0142osierdzia<\/b>.<br \/>\nKa\u017cdy z nas ma si\u0119 sta\u0107 Janem Aposto\u0142em, z zachwytem i mi\u0142o\u015bci\u0105<br \/>\nwpatruj\u0105cym si\u0119 w niezwyk\u0142\u0105 Posta\u0107 Bo\u017cego Syna i wype\u0142niaj\u0105cym<br \/>\nJego polecenie: <i><b>Co widzisz, w ksi\u0119dze napisz!<\/b><\/i> Siostra<br \/>\nFaustyna dos\u0142ownie przyj\u0119\u0142a to polecenie i dok\u0142adnie je<br \/>\nwype\u0142ni\u0142a, pisz\u0105c <b>\u201eDzienniczek\u201d<\/b>. A my mamy zapisa\u0107 w<br \/>\nswoich sercach to, co widzimy, co czujemy, co prze\u017cywamy. Mamy<br \/>\ng\u0142\u0119boko w sercu <b>zapisa\u0107 pragnienie Mi\u0142osierdzia Bo\u017cego dla<br \/>\nsiebie<\/b> i dla drugiego cz\u0142owieka. Mamy w sercu zapisa\u0107 ufno\u015b\u0107<br \/>\nw Bo\u017ce Mi\u0142osierdzie i serdeczn\u0105 modlitw\u0119 do Jezusa Mi\u0142osiernego.<br \/>\nMamy w swoim sercu rozpali\u0107 <b>\u017car mi\u0142osierdzia wobec ludzi, w\u015br\u00f3d<br \/>\nkt\u00f3rych \u017cyjemy. <\/b>\n<\/div>\n<div align=\"JUSTIFY\" style=\"margin-bottom: 0cm; text-indent: 1.25cm;\">\nBo<br \/>\no Mi\u0142osierdziu Bo\u017cym nie wystarczy \u015bpiewa\u0107 pie\u015bni, nie wystarczy<br \/>\ng\u0142osi\u0107 kaza\u0144. <b>Mi\u0142osierdzie trzeba praktykowa\u0107!<\/b> Bardzo<br \/>\ntego \u015bwiadectwa Mi\u0142osierdzia potrzeba dzisiaj naszym rodzinom,<br \/>\nnaszej Parafii, bardzo tego \u015bwiadectwa Mi\u0142osierdzia potrzeba <b>naszej<br \/>\nOjczy\u017anie<\/b>, tak bardzo potrzeba go ca\u0142emu \u015bwiatu. Jezus nam je<br \/>\nofiaruje, ale to my mamy je <b>przyj\u0105\u0107 i rozpowszechni\u0107<\/b>.\n<\/div>\n<div align=\"JUSTIFY\" style=\"margin-bottom: 0cm; text-indent: 1.25cm;\">\nNiech<br \/>\nzatem<b> <\/b><b>przez<br \/>\nnasze odwa\u017cne \u015bwiadectwo mi\u0142osierdzia i apostolstwo \u017cyciem,<br \/>\nprzyk\u0142adem i modlitw\u0105, Chrystus Mi\u0142osierny dokonuje i dzisiaj<br \/>\nwielu znak\u00f3w i cud\u00f3w, <\/b>niech<br \/>\nwzrasta liczba tych, kt\u00f3rzy w Bo\u017ce Mi\u0142osierdzie szczerze<br \/>\nuwierz\u0105&#8230;<\/div>\n","protected":false},"excerpt":{"rendered":"<p>Niech b\u0119dzie pochwalony Jezus Chrystus! Szczeg\u00f3lny dzie\u0144 dzisiaj: Niedziela Bo\u017cego Mi\u0142osierdzia. M\u00f3dlmy si\u0119 dzi\u015b zatem o Bo\u017ce Mi\u0142osierdzie dla nas &#8211; i dla ca\u0142ego \u015bwiata&#8230; &nbsp; &nbsp; &nbsp;Na g\u0142\u0119bokie prze\u017cywanie Dnia Pa\u0144skiego i ca\u0142ej Tajemnicy Bo\u017cego Mi\u0142osierdzia, niech nam Pan b\u0142ogos\u0142awi!&nbsp;Niech Was b\u0142ogos\u0142awi B\u00f3g Wszechmog\u0105cy: Ojciec + i Syn, i Duch \u015awi\u0119ty. Amen &nbsp; &nbsp; [&hellip;]<\/p>\n","protected":false},"author":1,"featured_media":0,"comment_status":"open","ping_status":"open","sticky":false,"template":"","format":"standard","meta":{"jetpack_post_was_ever_published":false,"_jetpack_newsletter_access":"","_jetpack_dont_email_post_to_subs":false,"_jetpack_newsletter_tier_id":0,"_jetpack_memberships_contains_paywalled_content":false,"_jetpack_memberships_contains_paid_content":false,"footnotes":""},"categories":[1],"tags":[],"class_list":["post-9162","post","type-post","status-publish","format-standard","hentry","category-bez-kategorii"],"yoast_head":"<!-- This site is optimized with the Yoast SEO plugin v25.1 - https:\/\/yoast.com\/wordpress\/plugins\/seo\/ -->\n<title>O mi\u0142osierdziu nie wystarczy \u015bpiewa\u0107... - Gaudium Et Spes<\/title>\n<meta name=\"robots\" content=\"index, follow, max-snippet:-1, max-image-preview:large, max-video-preview:-1\" \/>\n<link rel=\"canonical\" href=\"https:\/\/gaudiumetspes-blog.pl\/index.php\/2013\/04\/07\/o-miosierdziu-nie-wystarczy-spiewac\/\" \/>\n<meta property=\"og:locale\" content=\"pl_PL\" \/>\n<meta property=\"og:type\" content=\"article\" \/>\n<meta property=\"og:title\" content=\"O mi\u0142osierdziu nie wystarczy \u015bpiewa\u0107... - Gaudium Et Spes\" \/>\n<meta property=\"og:description\" content=\"Niech b\u0119dzie pochwalony Jezus Chrystus! Szczeg\u00f3lny dzie\u0144 dzisiaj: Niedziela Bo\u017cego Mi\u0142osierdzia. M\u00f3dlmy si\u0119 dzi\u015b zatem o Bo\u017ce Mi\u0142osierdzie dla nas &#8211; i dla ca\u0142ego \u015bwiata&#8230; &nbsp; &nbsp; &nbsp;Na g\u0142\u0119bokie prze\u017cywanie Dnia Pa\u0144skiego i ca\u0142ej Tajemnicy Bo\u017cego Mi\u0142osierdzia, niech nam Pan b\u0142ogos\u0142awi!&nbsp;Niech Was b\u0142ogos\u0142awi B\u00f3g Wszechmog\u0105cy: Ojciec + i Syn, i Duch \u015awi\u0119ty. Amen &nbsp; &nbsp; [&hellip;]\" \/>\n<meta property=\"og:url\" content=\"https:\/\/gaudiumetspes-blog.pl\/index.php\/2013\/04\/07\/o-miosierdziu-nie-wystarczy-spiewac\/\" \/>\n<meta property=\"og:site_name\" content=\"Gaudium Et Spes\" \/>\n<meta property=\"article:published_time\" content=\"2013-04-07T03:24:00+00:00\" \/>\n<meta property=\"article:modified_time\" content=\"2019-07-31T10:53:56+00:00\" \/>\n<meta name=\"author\" content=\"Ks. Jacek\" \/>\n<meta name=\"twitter:card\" content=\"summary_large_image\" \/>\n<meta name=\"twitter:label1\" content=\"Napisane przez\" \/>\n\t<meta name=\"twitter:data1\" content=\"Ks. Jacek\" \/>\n\t<meta name=\"twitter:label2\" content=\"Szacowany czas czytania\" \/>\n\t<meta name=\"twitter:data2\" content=\"12 minut\" \/>\n<script type=\"application\/ld+json\" class=\"yoast-schema-graph\">{\"@context\":\"https:\/\/schema.org\",\"@graph\":[{\"@type\":\"WebPage\",\"@id\":\"https:\/\/gaudiumetspes-blog.pl\/index.php\/2013\/04\/07\/o-miosierdziu-nie-wystarczy-spiewac\/\",\"url\":\"https:\/\/gaudiumetspes-blog.pl\/index.php\/2013\/04\/07\/o-miosierdziu-nie-wystarczy-spiewac\/\",\"name\":\"O mi\u0142osierdziu nie wystarczy \u015bpiewa\u0107... - Gaudium Et Spes\",\"isPartOf\":{\"@id\":\"https:\/\/gaudiumetspes-blog.pl\/#website\"},\"datePublished\":\"2013-04-07T03:24:00+00:00\",\"dateModified\":\"2019-07-31T10:53:56+00:00\",\"author\":{\"@id\":\"https:\/\/gaudiumetspes-blog.pl\/#\/schema\/person\/1661982992b752dea8dff0d4ed845a65\"},\"breadcrumb\":{\"@id\":\"https:\/\/gaudiumetspes-blog.pl\/index.php\/2013\/04\/07\/o-miosierdziu-nie-wystarczy-spiewac\/#breadcrumb\"},\"inLanguage\":\"pl-PL\",\"potentialAction\":[{\"@type\":\"ReadAction\",\"target\":[\"https:\/\/gaudiumetspes-blog.pl\/index.php\/2013\/04\/07\/o-miosierdziu-nie-wystarczy-spiewac\/\"]}]},{\"@type\":\"BreadcrumbList\",\"@id\":\"https:\/\/gaudiumetspes-blog.pl\/index.php\/2013\/04\/07\/o-miosierdziu-nie-wystarczy-spiewac\/#breadcrumb\",\"itemListElement\":[{\"@type\":\"ListItem\",\"position\":1,\"name\":\"Strona g\u0142\u00f3wna\",\"item\":\"https:\/\/gaudiumetspes-blog.pl\/\"},{\"@type\":\"ListItem\",\"position\":2,\"name\":\"O&nbsp;mi\u0142osierdziu nie&nbsp;wystarczy \u015bpiewa\u0107&#8230;\"}]},{\"@type\":\"WebSite\",\"@id\":\"https:\/\/gaudiumetspes-blog.pl\/#website\",\"url\":\"https:\/\/gaudiumetspes-blog.pl\/\",\"name\":\"Gaudium Et Spes\",\"description\":\"Blog Ks. Jacka Ja\u015bkowskiego\",\"potentialAction\":[{\"@type\":\"SearchAction\",\"target\":{\"@type\":\"EntryPoint\",\"urlTemplate\":\"https:\/\/gaudiumetspes-blog.pl\/?s={search_term_string}\"},\"query-input\":{\"@type\":\"PropertyValueSpecification\",\"valueRequired\":true,\"valueName\":\"search_term_string\"}}],\"inLanguage\":\"pl-PL\"},{\"@type\":\"Person\",\"@id\":\"https:\/\/gaudiumetspes-blog.pl\/#\/schema\/person\/1661982992b752dea8dff0d4ed845a65\",\"name\":\"Ks. Jacek\",\"image\":{\"@type\":\"ImageObject\",\"inLanguage\":\"pl-PL\",\"@id\":\"https:\/\/gaudiumetspes-blog.pl\/#\/schema\/person\/image\/\",\"url\":\"https:\/\/gaudiumetspes-blog.pl\/wp-content\/uploads\/2019\/07\/avatar-JJ-150x150.jpg\",\"contentUrl\":\"https:\/\/gaudiumetspes-blog.pl\/wp-content\/uploads\/2019\/07\/avatar-JJ-150x150.jpg\",\"caption\":\"Ks. Jacek\"},\"description\":\"Witam serdecznie! K\u0142ania si\u0119 Ks. Jacek Ja\u015bkowski. Nie jestem ani kim\u015b wa\u017cnym, ani kim\u015b znanym. Jestem ksi\u0119dzem, kt\u00f3ry po prostu chce rozmawia\u0107. Codzienna kap\u0142a\u0144ska pos\u0142uga pokazuje mi, \u017ce temat\u00f3w do rozm\u00f3w z ksi\u0119dzem jest coraz wi\u0119cej i dzisiaj \u017caden ksi\u0105dz nie mo\u017ce od nich ucieka\u0107, ale - wprost przeciwnie - podejmowa\u0107 nowe wyzwania. To przekonanie sk\u0142oni\u0142o mnie do pr\u00f3by otwarcia tego\u017c bloga, chocia\u017c okazji do rozm\u00f3w na co dzie\u0144 - w konfesjonale i poza nim - na szcz\u0119\u015bcie nie brakuje. My\u015bl\u0119 jednak, \u017ce ten blog b\u0119dzie jeszcze jednym sposobem i przestrzeni\u0105 nawi\u0105zania kontaktu z lud\u017ami dobrej woli, otwartymi na dialog.\",\"url\":\"https:\/\/gaudiumetspes-blog.pl\/index.php\/author\/ks-jacek\/\"}]}<\/script>\n<!-- \/ Yoast SEO plugin. -->","yoast_head_json":{"title":"O mi\u0142osierdziu nie wystarczy \u015bpiewa\u0107... - Gaudium Et Spes","robots":{"index":"index","follow":"follow","max-snippet":"max-snippet:-1","max-image-preview":"max-image-preview:large","max-video-preview":"max-video-preview:-1"},"canonical":"https:\/\/gaudiumetspes-blog.pl\/index.php\/2013\/04\/07\/o-miosierdziu-nie-wystarczy-spiewac\/","og_locale":"pl_PL","og_type":"article","og_title":"O mi\u0142osierdziu nie wystarczy \u015bpiewa\u0107... - Gaudium Et Spes","og_description":"Niech b\u0119dzie pochwalony Jezus Chrystus! Szczeg\u00f3lny dzie\u0144 dzisiaj: Niedziela Bo\u017cego Mi\u0142osierdzia. M\u00f3dlmy si\u0119 dzi\u015b zatem o Bo\u017ce Mi\u0142osierdzie dla nas &#8211; i dla ca\u0142ego \u015bwiata&#8230; &nbsp; &nbsp; &nbsp;Na g\u0142\u0119bokie prze\u017cywanie Dnia Pa\u0144skiego i ca\u0142ej Tajemnicy Bo\u017cego Mi\u0142osierdzia, niech nam Pan b\u0142ogos\u0142awi!&nbsp;Niech Was b\u0142ogos\u0142awi B\u00f3g Wszechmog\u0105cy: Ojciec + i Syn, i Duch \u015awi\u0119ty. Amen &nbsp; &nbsp; [&hellip;]","og_url":"https:\/\/gaudiumetspes-blog.pl\/index.php\/2013\/04\/07\/o-miosierdziu-nie-wystarczy-spiewac\/","og_site_name":"Gaudium Et Spes","article_published_time":"2013-04-07T03:24:00+00:00","article_modified_time":"2019-07-31T10:53:56+00:00","author":"Ks. Jacek","twitter_card":"summary_large_image","twitter_misc":{"Napisane przez":"Ks. Jacek","Szacowany czas czytania":"12 minut"},"schema":{"@context":"https:\/\/schema.org","@graph":[{"@type":"WebPage","@id":"https:\/\/gaudiumetspes-blog.pl\/index.php\/2013\/04\/07\/o-miosierdziu-nie-wystarczy-spiewac\/","url":"https:\/\/gaudiumetspes-blog.pl\/index.php\/2013\/04\/07\/o-miosierdziu-nie-wystarczy-spiewac\/","name":"O mi\u0142osierdziu nie wystarczy \u015bpiewa\u0107... - Gaudium Et Spes","isPartOf":{"@id":"https:\/\/gaudiumetspes-blog.pl\/#website"},"datePublished":"2013-04-07T03:24:00+00:00","dateModified":"2019-07-31T10:53:56+00:00","author":{"@id":"https:\/\/gaudiumetspes-blog.pl\/#\/schema\/person\/1661982992b752dea8dff0d4ed845a65"},"breadcrumb":{"@id":"https:\/\/gaudiumetspes-blog.pl\/index.php\/2013\/04\/07\/o-miosierdziu-nie-wystarczy-spiewac\/#breadcrumb"},"inLanguage":"pl-PL","potentialAction":[{"@type":"ReadAction","target":["https:\/\/gaudiumetspes-blog.pl\/index.php\/2013\/04\/07\/o-miosierdziu-nie-wystarczy-spiewac\/"]}]},{"@type":"BreadcrumbList","@id":"https:\/\/gaudiumetspes-blog.pl\/index.php\/2013\/04\/07\/o-miosierdziu-nie-wystarczy-spiewac\/#breadcrumb","itemListElement":[{"@type":"ListItem","position":1,"name":"Strona g\u0142\u00f3wna","item":"https:\/\/gaudiumetspes-blog.pl\/"},{"@type":"ListItem","position":2,"name":"O&nbsp;mi\u0142osierdziu nie&nbsp;wystarczy \u015bpiewa\u0107&#8230;"}]},{"@type":"WebSite","@id":"https:\/\/gaudiumetspes-blog.pl\/#website","url":"https:\/\/gaudiumetspes-blog.pl\/","name":"Gaudium Et Spes","description":"Blog Ks. Jacka Ja\u015bkowskiego","potentialAction":[{"@type":"SearchAction","target":{"@type":"EntryPoint","urlTemplate":"https:\/\/gaudiumetspes-blog.pl\/?s={search_term_string}"},"query-input":{"@type":"PropertyValueSpecification","valueRequired":true,"valueName":"search_term_string"}}],"inLanguage":"pl-PL"},{"@type":"Person","@id":"https:\/\/gaudiumetspes-blog.pl\/#\/schema\/person\/1661982992b752dea8dff0d4ed845a65","name":"Ks. Jacek","image":{"@type":"ImageObject","inLanguage":"pl-PL","@id":"https:\/\/gaudiumetspes-blog.pl\/#\/schema\/person\/image\/","url":"https:\/\/gaudiumetspes-blog.pl\/wp-content\/uploads\/2019\/07\/avatar-JJ-150x150.jpg","contentUrl":"https:\/\/gaudiumetspes-blog.pl\/wp-content\/uploads\/2019\/07\/avatar-JJ-150x150.jpg","caption":"Ks. Jacek"},"description":"Witam serdecznie! K\u0142ania si\u0119 Ks. Jacek Ja\u015bkowski. Nie jestem ani kim\u015b wa\u017cnym, ani kim\u015b znanym. Jestem ksi\u0119dzem, kt\u00f3ry po prostu chce rozmawia\u0107. Codzienna kap\u0142a\u0144ska pos\u0142uga pokazuje mi, \u017ce temat\u00f3w do rozm\u00f3w z ksi\u0119dzem jest coraz wi\u0119cej i dzisiaj \u017caden ksi\u0105dz nie mo\u017ce od nich ucieka\u0107, ale - wprost przeciwnie - podejmowa\u0107 nowe wyzwania. To przekonanie sk\u0142oni\u0142o mnie do pr\u00f3by otwarcia tego\u017c bloga, chocia\u017c okazji do rozm\u00f3w na co dzie\u0144 - w konfesjonale i poza nim - na szcz\u0119\u015bcie nie brakuje. My\u015bl\u0119 jednak, \u017ce ten blog b\u0119dzie jeszcze jednym sposobem i przestrzeni\u0105 nawi\u0105zania kontaktu z lud\u017ami dobrej woli, otwartymi na dialog.","url":"https:\/\/gaudiumetspes-blog.pl\/index.php\/author\/ks-jacek\/"}]}},"jetpack_featured_media_url":"","jetpack_sharing_enabled":true,"_links":{"self":[{"href":"https:\/\/gaudiumetspes-blog.pl\/index.php\/wp-json\/wp\/v2\/posts\/9162","targetHints":{"allow":["GET"]}}],"collection":[{"href":"https:\/\/gaudiumetspes-blog.pl\/index.php\/wp-json\/wp\/v2\/posts"}],"about":[{"href":"https:\/\/gaudiumetspes-blog.pl\/index.php\/wp-json\/wp\/v2\/types\/post"}],"author":[{"embeddable":true,"href":"https:\/\/gaudiumetspes-blog.pl\/index.php\/wp-json\/wp\/v2\/users\/1"}],"replies":[{"embeddable":true,"href":"https:\/\/gaudiumetspes-blog.pl\/index.php\/wp-json\/wp\/v2\/comments?post=9162"}],"version-history":[{"count":1,"href":"https:\/\/gaudiumetspes-blog.pl\/index.php\/wp-json\/wp\/v2\/posts\/9162\/revisions"}],"predecessor-version":[{"id":11023,"href":"https:\/\/gaudiumetspes-blog.pl\/index.php\/wp-json\/wp\/v2\/posts\/9162\/revisions\/11023"}],"wp:attachment":[{"href":"https:\/\/gaudiumetspes-blog.pl\/index.php\/wp-json\/wp\/v2\/media?parent=9162"}],"wp:term":[{"taxonomy":"category","embeddable":true,"href":"https:\/\/gaudiumetspes-blog.pl\/index.php\/wp-json\/wp\/v2\/categories?post=9162"},{"taxonomy":"post_tag","embeddable":true,"href":"https:\/\/gaudiumetspes-blog.pl\/index.php\/wp-json\/wp\/v2\/tags?post=9162"}],"curies":[{"name":"wp","href":"https:\/\/api.w.org\/{rel}","templated":true}]}}