{"id":9164,"date":"2013-04-05T04:37:00","date_gmt":"2013-04-05T02:37:00","guid":{"rendered":"https:\/\/gaudiumetspes-blog.pl\/index.php\/2013\/04\/05\/kto-ma-swiadczyc-o-zmartwychwstaniu\/"},"modified":"2019-07-31T12:53:56","modified_gmt":"2019-07-31T10:53:56","slug":"kto-ma-swiadczyc-o-zmartwychwstaniu","status":"publish","type":"post","link":"https:\/\/gaudiumetspes-blog.pl\/index.php\/2013\/04\/05\/kto-ma-swiadczyc-o-zmartwychwstaniu\/","title":{"rendered":"Kto ma \u015bwiadczy\u0107 o Zmartwychwstaniu?"},"content":{"rendered":"<p><\/p>\n<div align=\"JUSTIFY\" style=\"margin-bottom: 0cm;\">\nSzcz\u0119\u015b\u0107 Bo\u017ce! Kochani, dzisiaj pierwszy pi\u0105tek miesi\u0105ca. Zaraz wyruszam do moich Chorych. Wi\u0119kszo\u015b\u0107 z nich dzisiaj zostanie namaszczonych nowym olejem, po\u015bwi\u0119conym w Wielki Czwartek. Staram si\u0119 tego pilnowa\u0107, aby &#8211; je\u017celi nie dzieje si\u0119 co\u015b nadzwyczajnego &#8211; przynajmniej dwa razy w roku dokona\u0142o si\u0119 to namaszczenie. A tak w og\u00f3le &#8211; jak ju\u017c wielokrotnie wspomina\u0142em &#8211; buduj\u0119 si\u0119 ich wiar\u0105&#8230;<\/div>\n<div align=\"JUSTIFY\" style=\"margin-bottom: 0cm;\">\n&nbsp; &nbsp; &nbsp; Przy okazji przypominam, \u017ce dzisiaj &#8211; z racji Oktawy &#8211; nie obowi\u0105zuje nas wstrzemi\u0119\u017aliwo\u015b\u0107 od pokarm\u00f3w mi\u0119snych.<\/div>\n<div align=\"JUSTIFY\" style=\"margin-bottom: 0cm;\">\n&nbsp; &nbsp; Bardzo gor\u0105co dzi\u0119kuj\u0119 Ksi\u0119dzu Markowi za wczorajsze rozwa\u017canie. W ca\u0142o\u015bci pozwoli\u0142em sobie odczyta\u0107 je na Mszy \u015awi\u0119tej wieczornej, sprawowanej u nas w intencji Kap\u0142an\u00f3w. Oczywi\u015bcie, zaznaczy\u0142em, czyje s\u0142owa odczytuj\u0119. Reakcje Os\u00f3b obecnych na Mszy \u015awi\u0119tych przekona\u0142y mnie tylko, \u017ce tak nale\u017ca\u0142o uczyni\u0107. U jednych &#8211; po zako\u0144czeniu &#8211; zobaczy\u0142em u\u015bmiech na twarzach, u innych wzruszenie. A kiedy zako\u0144czy\u0142em wezwaniem &#8222;mir wam&#8221;, niekt\u00f3rzy pr\u00f3bowali co\u015b odpowiedzie\u0107. Tylko nie dos\u0142ysza\u0142em, w jakim j\u0119zyku&#8230; Wszystko to jednak potwierdzi\u0142o tylko prawdziwo\u015b\u0107 s\u0142\u00f3w, zapisanych w samych rozwa\u017caniu, \u017ce bardzo potrzebne jest nasze radosne \u015bwiadectwo o Zmartwychwstaniu!<\/div>\n<div align=\"JUSTIFY\" style=\"margin-bottom: 0cm;\">\n<b>&nbsp; &nbsp; <\/b>I dlatego tak\u017ce ja dzisiaj chc\u0119 Wam zaproponowa\u0107 \u015brodowe, jak\u017ce radosne \u015bwiadectwo Papie\u017ca Franciszka, wypowiedziane na Audiencji generalnej &#8211; w\u0142a\u015bnie o Zmartwychwstaniu. Kiedy wys\u0142ucha\u0142em papieskiego przem\u00f3wienia, od razu pomy\u015bla\u0142em sobie, \u017ce warto je tu przytoczy\u0107. Nie jest ono bezpo\u015brednio zwi\u0105zane z dzisiejszym S\u0142owem Bo\u017cym, ale co do g\u0142\u00f3wnego tematu &#8211; jak najbardziej.&nbsp;<\/div>\n<div align=\"JUSTIFY\" style=\"margin-bottom: 0cm;\">\n&nbsp; &nbsp; &nbsp;\u017bycz\u0119 zatem owocnej refleksji i g\u0142\u0119bokiego prze\u017cycia tego wielkanocnego pierwszego pi\u0105tku miesi\u0105ca!<\/div>\n<div align=\"JUSTIFY\" style=\"margin-bottom: 0cm;\">\n&nbsp; &nbsp; &nbsp; &nbsp; &nbsp; &nbsp; &nbsp;Gaudium et spes! &nbsp;Ks. Jacek<\/div>\n<div align=\"JUSTIFY\" style=\"margin-bottom: 0cm;\">\n<b><br \/><\/b><\/div>\n<div align=\"JUSTIFY\" style=\"margin-bottom: 0cm;\">\n<b>Pi\u0105tek<br \/>\nw Oktawie Wielkanocy,<\/b><\/div>\n<div align=\"JUSTIFY\" style=\"margin-bottom: 0cm;\">\n<b>do<br \/>\nczyta\u0144:  Dz 4,1\u201312;  J 21,1\u201314<\/b><\/div>\n<div align=\"JUSTIFY\" style=\"margin-bottom: 0cm;\">\n\n<\/div>\n<div align=\"JUSTIFY\" style=\"margin-bottom: 0cm; page-break-before: auto;\">\n<b>CZYTANIE<br \/>\nZ DZIEJ\u00d3W APOSTOLSKICH: <\/b>\n<\/div>\n<div align=\"JUSTIFY\" style=\"margin-bottom: 0cm; text-indent: 1.24cm;\">\n<b>Gdy<br \/>\nPiotr i Jan przemawiali do ludu, po uzdrowieniu chromego, podeszli do<br \/>\nnich kap\u0142ani i dow\u00f3dca stra\u017cy \u015bwi\u0105tynnej oraz saduceusze<br \/>\noburzeni, \u017ce nauczaj\u0105 lud i g\u0142osz\u0105 zmartwychwstanie umar\u0142ych w<br \/>\nJezusie. Zatrzymali ich i oddali pod stra\u017c a\u017c do nast\u0119pnego dnia,<br \/>\nbo ju\u017c by\u0142 wiecz\u00f3r. A wielu z tych, kt\u00f3rzy s\u0142yszeli nauk\u0119,<br \/>\nuwierzy\u0142o. Liczba m\u0119\u017cczyzn dosi\u0119ga\u0142a oko\u0142o pi\u0119ciu tysi\u0119cy. <\/b>\n<\/div>\n<div align=\"JUSTIFY\" style=\"margin-bottom: 0cm; text-indent: 1.24cm;\">\n<b>Nast\u0119pnego<br \/>\ndnia zebrali si\u0119 ich prze\u0142o\u017ceni i starsi, i uczeni w Jerozolimie:<br \/>\narcykap\u0142an Annasz, Kajfasz, Jan, Aleksander i ilu ich by\u0142o z rodu<br \/>\narcykap\u0142a\u0144skiego. Postawili ich w \u015brodku i pytali: \u201eCzyj\u0105 moc\u0105<br \/>\nalbo w czyim imieniu uczynili\u015bcie to?\u201d <\/b>\n<\/div>\n<div align=\"JUSTIFY\" style=\"margin-bottom: 0cm; text-indent: 1.24cm;\">\n<b>Wtedy<br \/>\nPiotr nape\u0142niony Duchem \u015awi\u0119tym powiedzia\u0142 do nich: \u201ePrze\u0142o\u017ceni<br \/>\nludu i starsi! Je\u017celi przes\u0142uchujecie nas dzisiaj w sprawie<br \/>\ndobrodziejstwa, dzi\u0119ki kt\u00f3remu chory cz\u0142owiek uzyska\u0142 zdrowie, to<br \/>\nniech b\u0119dzie wiadomo wam wszystkim i ca\u0142emu ludowi Izraela, \u017ce w<br \/>\nimi\u0119 Jezusa Chrystusa Nazarejczyka, kt\u00f3rego wy ukrzy\u017cowali\u015bcie, a<br \/>\nkt\u00f3rego B\u00f3g wskrzesi\u0142 z martwych, \u017ce przez Niego ten cz\u0142owiek<br \/>\nstan\u0105\u0142 przed wami zdrowy. <\/b>\n<\/div>\n<div align=\"JUSTIFY\" style=\"margin-bottom: 0cm; text-indent: 1.24cm;\">\n<b>On<br \/>\njest kamieniem, odrzuconym przez was buduj\u0105cych, tym, kt\u00f3ry sta\u0142<br \/>\nsi\u0119 kamieniem w\u0119gielnym. I nie ma w \u017cadnym innym zbawienia, gdy\u017c<br \/>\nnie dano ludziom pod niebem \u017cadnego innego imienia, w kt\u00f3rym<br \/>\nmogliby\u015bmy by\u0107 zbawieni\u201d.<\/b><\/div>\n<div align=\"JUSTIFY\" style=\"margin-bottom: 0cm;\">\n\n<\/div>\n<div align=\"JUSTIFY\" style=\"margin-bottom: 0cm;\">\n<b>S\u0141OWA<br \/>\nEWANGELII WED\u0141UG \u015aWI\u0118TEGO JANA: <\/b>\n<\/div>\n<div align=\"JUSTIFY\" style=\"margin-bottom: 0cm; text-indent: 1.24cm;\">\n<b>Jezus<br \/>\nznowu ukaza\u0142 si\u0119 nad Morzem Tyberiadzkim. A ukaza\u0142 si\u0119 w ten<br \/>\nspos\u00f3b: Byli razem Szymon Piotr, Tomasz, zwany Didymos, Natanael z<br \/>\nKany Galilejskiej, synowie Zebedeusza oraz dwaj inni z Jego uczni\u00f3w.<br \/>\nSzymon Piotr powiedzia\u0142 do nich: &#8222;Id\u0119 \u0142owi\u0107 ryby&#8221;.<br \/>\nOdpowiedzieli mu: &#8222;Idziemy i my z tob\u0105&#8221;. Wyszli wi\u0119c i<br \/>\nwsiedli do \u0142odzi, ale tej nocy nic nie z\u0142owili. <\/b>\n<\/div>\n<div align=\"JUSTIFY\" style=\"margin-bottom: 0cm; text-indent: 1.24cm;\">\n<b>A<br \/>\ngdy ranek za\u015bwita\u0142, Jezus stan\u0105\u0142 na brzegu. Jednak\u017ce uczniowie<br \/>\nnie wiedzieli, \u017ce to by\u0142 Jezus. A Jezus rzek\u0142 do nich: \u201eDzieci,<br \/>\nczy nie macie nic do jedzenia?\u201d <\/b>\n<\/div>\n<div align=\"JUSTIFY\" style=\"margin-bottom: 0cm; text-indent: 1.24cm;\">\n<b>Odpowiedzieli<br \/>\nMu: \u201eNie\u201d. On rzek\u0142 do nich: \u201eZarzu\u0107cie sie\u0107 po prawej<br \/>\nstronie \u0142odzi, a znajdziecie\u201d. Zarzucili wi\u0119c i z powodu mn\u00f3stwa<br \/>\nryb nie mogli jej wyci\u0105gn\u0105\u0107. Powiedzia\u0142 wi\u0119c do Piotra \u00f3w<br \/>\nucze\u0144, kt\u00f3rego Jezus mi\u0142owa\u0142: \u201eTo jest Pan!\u201d Szymon Piotr<br \/>\nus\u0142yszawszy, \u017ce to jest Pan, przywdzia\u0142 na siebie wierzchni\u0105<br \/>\nszat\u0119, by\u0142 bowiem prawie nagi, i rzuci\u0142 si\u0119 w morze. Reszta<br \/>\nuczni\u00f3w dobi\u0142a \u0142odzi\u0105, ci\u0105gn\u0105c za sob\u0105 sie\u0107 z rybami. Od<br \/>\nbrzegu bowiem nie by\u0142o daleko, tylko oko\u0142o dwustu \u0142okci. <\/b>\n<\/div>\n<div align=\"JUSTIFY\" style=\"margin-bottom: 0cm; text-indent: 1.24cm;\">\n<b>A<br \/>\nkiedy zeszli na l\u0105d, ujrzeli \u017carz\u0105ce si\u0119 na ziemi w\u0119gle, a na<br \/>\nnich u\u0142o\u017con\u0105 ryb\u0119 oraz chleb. Rzek\u0142 do nich Jezus: \u201ePrzynie\u015bcie<br \/>\njeszcze ryb, kt\u00f3re\u015bcie teraz u\u0142owili\u201d. Poszed\u0142 Szymon Piotr i<br \/>\nwyci\u0105gn\u0105\u0142 na brzeg sie\u0107 pe\u0142n\u0105 wielkich ryb w liczbie stu<br \/>\npi\u0119\u0107dziesi\u0119ciu trzech. A pomimo tak wielkiej ilo\u015bci sie\u0107 si\u0119<br \/>\nnie rozerwa\u0142a. Rzek\u0142 do nich Jezus: \u201eChod\u017acie, posilcie si\u0119!\u201d<br \/>\n\u017baden z uczni\u00f3w nie odwa\u017cy\u0142 si\u0119 zada\u0107 Mu pytania: \u201eKto Ty<br \/>\njeste\u015b?\u201d, bo wiedzieli, \u017ce to jest Pan. A Jezus przyszed\u0142, wzi\u0105\u0142<br \/>\nchleb i poda\u0142 im, podobnie i ryb\u0119. <\/b>\n<\/div>\n<div align=\"JUSTIFY\" style=\"margin-bottom: 0cm; text-indent: 1.24cm;\">\n<b>To<br \/>\nju\u017c trzeci raz, jak Jezus ukaza\u0142 si\u0119 uczniom od chwili, gdy<br \/>\nzmartwychwsta\u0142.<\/b><\/div>\n<div align=\"JUSTIFY\" style=\"margin-bottom: 0cm;\">\n\n<\/div>\n<div align=\"JUSTIFY\" style=\"margin-bottom: 0cm;\">\n<b>A<br \/>\nOTO KATECHEZA OJCA \u015aWI\u0118TEGO FRANCISZKA:<\/b><\/div>\n<div align=\"JUSTIFY\" style=\"margin-bottom: 0cm;\">\n\n<\/div>\n<div align=\"JUSTIFY\" style=\"margin-bottom: 0cm;\">\nDrodzy<br \/>\nBracia i Siostry<\/div>\n<div align=\"JUSTIFY\" style=\"margin-bottom: 0cm; text-indent: 1.24cm;\">\nPowracamy<br \/>\ndzisiaj do katechez w Roku wiary. W Credo powtarzamy to wyra\u017cenie:<br \/>\n\u201eTrzeciego dnia zmartwychwsta\u0142 zgodnie z Pismem\u201d. To w\u0142a\u015bnie<br \/>\nwydarzenie celebrujemy: Zmartwychwstanie Jezusa, centrum<br \/>\nchrze\u015bcija\u0144skiego or\u0119dzia, kt\u00f3re rozbrzmiewa\u0142o od samych<br \/>\npocz\u0105tk\u00f3w Ko\u015bcio\u0142a i zosta\u0142o przekazane, aby dotar\u0142o a\u017c do<br \/>\nnas.\n<\/div>\n<div align=\"JUSTIFY\" style=\"margin-bottom: 0cm; text-indent: 1.24cm;\">\n\u015awi\u0119ty<br \/>\nPawe\u0142 pisze do chrze\u015bcijan w Koryncie: <i>Przekaza\u0142em wam na<br \/>\npocz\u0105tku to, co przej\u0105\u0142em: \u017ce Chrystus umar\u0142 \u2013 zgodnie z<br \/>\nPismem \u2013 za nasze grzechy, \u017ce zosta\u0142 pogrzebany, \u017ce<br \/>\nzmartwychwsta\u0142 trzeciego dnia, zgodnie z Pismem: i \u017ce ukaza\u0142 si\u0119<br \/>\nKefasowi, a potem Dwunastu<\/i> (1 Kor 1, 3\u20135). To kr\u00f3tkie wyznanie<br \/>\nwiary og\u0142asza w\u0142a\u015bnie Misterium Paschalne przy pomocy pierwszych<br \/>\nobjawie\u0144 Zmartwychwsta\u0142ego Piotrowi i Dwunastu: \u015amier\u0107 i<br \/>\nZmartwychwstanie Jezusa s\u0105 sercem naszej nadziei. Aposto\u0142<br \/>\nstwierdza: <i>Je\u015bli Chrystus nie zmartwychwsta\u0142, pr\u00f3\u017cna jest<br \/>\nwasza wiara i trwacie nadal w waszych grzechach<\/i> (w. 17).\n<\/div>\n<div align=\"JUSTIFY\" style=\"margin-bottom: 0cm; text-indent: 1.24cm;\">\nNiestety,<br \/>\nnie brakowa\u0142o i nie brakuje pr\u00f3b zdyskredytowania lub os\u0142abienia<br \/>\nwiary w Zmartwychwstanie Jezusa, w\u0105tpliwo\u015bci pojawi\u0142y si\u0119 r\u00f3wnie\u017c<br \/>\nw\u015br\u00f3d samych wierz\u0105cych. Sta\u0142o si\u0119 tak z r\u00f3\u017cnych powod\u00f3w:<br \/>\nczasem z powodu oboj\u0119tno\u015bci, zaj\u0119cia si\u0119 tysi\u0105cem spraw, kt\u00f3re<br \/>\ns\u0105 uwa\u017cane za wa\u017cniejsze od wiary, lub z powodu wy\u0142\u0105cznie<br \/>\nhoryzontalnej (doczesnej) wizji \u017cycia.\n<\/div>\n<div align=\"JUSTIFY\" style=\"margin-bottom: 0cm; text-indent: 1.24cm;\">\nAle<br \/>\nto w\u0142a\u015bnie Zmartwychwstanie otwiera nas na najwi\u0119ksz\u0105 nadziej\u0119,<br \/>\nponiewa\u017c otwiera nasze \u017cycie i \u017cycie \u015bwiata na Bo\u017c\u0105 przysz\u0142o\u015b\u0107,<br \/>\nna pe\u0142ni\u0119 szcz\u0119\u015bcia, na pewno\u015b\u0107, \u017ce z\u0142o, grzech, \u015bmier\u0107,<br \/>\nmog\u0105 zosta\u0107 zwyci\u0119\u017cone. Wierzy\u0107 w Chrystusa Zmartwychwsta\u0142ego,<br \/>\nw Zmartwychwstanie, oznacza prze\u017cywa\u0107 codzienne sprawy z wi\u0119kszym<br \/>\nzaufaniem, stawia\u0107 im czo\u0142a z odwag\u0105 i zaanga\u017cowaniem.<br \/>\nZmartwychwstanie Chrystusa jest nasza si\u0142\u0105.\n<\/div>\n<div align=\"JUSTIFY\" style=\"margin-bottom: 0cm; text-indent: 1.24cm;\">\nW<br \/>\njaki spos\u00f3b zosta\u0142a nam przekazana prawda wiary o Zmartwychwstaniu<br \/>\nChrystusa? W Nowym Testamencie istniej\u0105 dwa rodzaje \u015bwiadectw:<br \/>\njedne przybieraj\u0105 form\u0119 wyznania wiary, czyli kr\u00f3tkich formu\u0142,<br \/>\nkt\u00f3re wskazuj\u0105 istot\u0119 wiary, kt\u00f3r\u0105 nale\u017cy przekaza\u0107; inne<br \/>\nnatomiast przybieraj\u0105 form\u0119 opowiadania o wydarzeniu<br \/>\nZmartwychwstania i o faktach z nim zwi\u0105zanych. Na przyk\u0142ad forma<br \/>\nwyznania wiary [\u2026] znajduj\u0105ca si\u0119 w Li\u015bcie do Rzymian, gdzie \u015bw.<br \/>\nPawe\u0142 pisze: <i>Je\u017celi wi\u0119c ustami swoimi wyznasz, \u017ce Jezus jest<br \/>\nPanem, i w sercu swoim uwierzysz, \u017ce B\u00f3g Go wskrzesi\u0142 z martwych \u2013<br \/>\nosi\u0105gniesz zbawienie<\/i>. (Rz 10,9). Istniej\u0105 \u015bwiadectwa, kt\u00f3re<br \/>\nukazuj\u0105, jak od pierwszych chwil istnienia Ko\u015bcio\u0142a wiara w prawd\u0119<br \/>\no Tajemnicy \u015amierci i Zmartwychwstania Jezusa jest jasna i silna.\n<\/div>\n<div align=\"JUSTIFY\" style=\"margin-bottom: 0cm; text-indent: 1.24cm;\">\nDzisiaj<br \/>\njednak chcia\u0142bym zatrzyma\u0107 si\u0119 nad \u015bwiadectwami w formie<br \/>\nopowiadania, jakie spotykamy w Ewangeliach. Przede wszystkim<br \/>\nzauwa\u017camy, i\u017c pierwszymi \u015bwiadkami tego wydarzenia by\u0142y kobiety.<br \/>\nO \u015bwicie trzeciego dnia od \u015bmierci Jezusa, udaj\u0105 si\u0119 do grobu,<br \/>\naby zgodnie ze zwyczajem nama\u015bci\u0107 cia\u0142o, i znajduj\u0105 tam pierwszy<br \/>\nznak: pusty gr\u00f3b (Mk 16, 1). Nast\u0119puje p\u00f3\u017aniej spotkanie z Bo\u017cym<br \/>\nPos\u0142a\u0144cem, kt\u00f3ry og\u0142asza: Jezusa z Nazaretu, Ukrzy\u017cowanego, nie<br \/>\nma tutaj, zmartwychwsta\u0142 (por. w. 5\u20136).\n<\/div>\n<div align=\"JUSTIFY\" style=\"margin-bottom: 0cm; text-indent: 1.24cm;\">\nWidzicie,<br \/>\nkobiety s\u0105 kierowane mi\u0142o\u015bci\u0105, s\u0105 w stanie przyj\u0105\u0107 z wiar\u0105 to<br \/>\nor\u0119dzie i natychmiast przekazuj\u0105 je, nie zatrzymuj\u0105 go dla siebie.<br \/>\nRado\u015bci z tego, i\u017c wie si\u0119, \u017ce Jezus jest \u017cywy i \u017ce obietnice<br \/>\nsi\u0119 spe\u0142ni\u0142y \u2013 tej nadziei, kt\u00f3ra przepe\u0142nia serce, nie mo\u017cna<br \/>\npowstrzyma\u0107. Powinno tak si\u0119 dzia\u0107 r\u00f3wnie\u017c w naszym \u017cyciu.<br \/>\nPoczujmy rado\u015b\u0107 z bycia chrze\u015bcijanami! Nie zatrzymujmy tej<br \/>\nrado\u015bci dla nas samych! Wierzymy w Zmartwychwsta\u0142ego, kt\u00f3ry<br \/>\nzwyci\u0119\u017cy\u0142 z\u0142o i \u015bmier\u0107! Jak to jest mo\u017cliwe, \u017ce nie mamy<br \/>\nodwagi \u201ewyj\u015b\u0107\u201d i zawsze z g\u0142\u0119bokim szacunkiem wobec innych,<br \/>\nnie\u015b\u0107 to \u015bwiat\u0142o do wszystkich miejsc naszego \u017cycia?\n<\/div>\n<div align=\"JUSTIFY\" style=\"margin-bottom: 0cm; text-indent: 1.24cm;\">\nChcia\u0142bym<br \/>\npodkre\u015bli\u0107 inny element. W nowotestamentalnych wyznaniach wiary,<br \/>\ngdzie znajduj\u0105 si\u0119 teksty pierwszych wsp\u00f3lnot chrze\u015bcija\u0144skich \u2013<br \/>\njak by to mo\u017cna rzec \u201eoficjalne\u201d \u2013 jako \u015bwiadk\u00f3w<br \/>\nZmartwychwstania wymieniani s\u0105 jedynie m\u0119\u017cczyzn, Aposto\u0142\u00f3w, ale<br \/>\nnie s\u0105 wymieniane objawienia dane kobietom. Sta\u0142o si\u0119 tak,<br \/>\nponiewa\u017c zgodnie z Prawem \u017bydowskim kobiety i dzieci nie mog\u0142y<br \/>\nz\u0142o\u017cy\u0107 wiarygodnego i wiernego zeznania. Tymczasem w Ewangeliach<br \/>\nkobiety zajmuj\u0105 pierwszoplanow\u0105, fundamentaln\u0105 rol\u0119. W tym te\u017c<br \/>\nwzgl\u0119dzie mo\u017cemy zrozumie\u0107 jeden element na korzy\u015b\u0107<br \/>\nhistoryczno\u015bci Zmartwychwstania: gdyby to by\u0142 fakt zmy\u015blony, nie<br \/>\nby\u0142by zwi\u0105zany ze \u015bwiadectwem kobiet.\n<\/div>\n<div align=\"JUSTIFY\" style=\"margin-bottom: 0cm; text-indent: 1.24cm;\">\nEwangeli\u015bci<br \/>\nw spos\u00f3b prosty opowiadaj\u0105 o tym co si\u0119 wydarzy\u0142o: kobiety s\u0105<br \/>\npierwszymi \u015bwiadkami. I to m\u00f3wi nam, \u017ce B\u00f3g nie wybiera wed\u0142ug<br \/>\nkryteri\u00f3w ludzkich: pierwszymi \u015bwiadkami Narodzenia Jezusa s\u0105<br \/>\npasterze, ludzie pro\u015bci i pokorni, pierwszymi \u015bwiadkami<br \/>\nZmartwychwstania s\u0105 kobiety. U Boga liczy si\u0119 serce! Kiedy jeste\u015bmy<br \/>\notwarci na Niego jeste\u015bmy jak dzieci, kt\u00f3re powierzaj\u0105 si\u0119<br \/>\nrodzicom.\n<\/div>\n<div align=\"JUSTIFY\" style=\"margin-bottom: 0cm; text-indent: 1.24cm;\">\nAle<br \/>\nto tak\u017ce prowadzi nas do refleksji nad kobietami w Ko\u015bciele i na<br \/>\ndrodze wiary. Mia\u0142y i maj\u0105 r\u00f3wnie\u017c dzi\u015b szczeg\u00f3ln\u0105 rol\u0119 w<br \/>\notwieraniu drzwi Chrystusowi, w pod\u0105\u017caniu za Nim, w ukazywaniu Jego<br \/>\nOblicza, poniewa\u017c spojrzenie wiary zawsze potrzebuje prostego i<br \/>\ng\u0142\u0119bokiego spojrzenia mi\u0142o\u015bci. I to w\u0142a\u015bnie Aposto\u0142owie i<br \/>\nUczniowie maj\u0105 wi\u0119cej trudno\u015bci, by uwierzy\u0107 w Zmartwychwsta\u0142ego:<br \/>\nTomasz swoimi r\u0119koma musi dotkn\u0105\u0107 ran na ciele Jezusa. R\u00f3wnie\u017c<br \/>\nna naszej drodze wiary wa\u017cne jest by do\u015bwiadcza\u0107 i odkrywa\u0107, \u017ce<br \/>\nB\u00f3g nas kocha, by w naszym \u017cyciu umie\u0107 odczytywa\u0107 znaki Jego<br \/>\nmi\u0142o\u015bci i nie l\u0119ka\u0107 si\u0119 mi\u0142owa\u0107 Go: wiar\u0119 wyznaje si\u0119 ustami<br \/>\ni sercem, s\u0142owami i mi\u0142o\u015bci\u0105.\n<\/div>\n<div align=\"JUSTIFY\" style=\"margin-bottom: 0cm; text-indent: 1.24cm;\">\nPo<br \/>\nobjawieniach danych kobietom, nast\u0119puj\u0105 te dane Piotrowi, Dwunastu,<br \/>\npi\u0119ciuset braciom jednocze\u015bnie i Jakubowi, a\u017c do tego, kt\u00f3re<br \/>\nwstrz\u0105\u015bnie \u017cyciem Paw\u0142a na drodze do Damaszku. We wszystkich tych<br \/>\nspotkaniach Jezus staje si\u0119 obecny w spos\u00f3b nowy: jest<br \/>\nUkrzy\u017cowanym, ale Jego Cia\u0142o jest chwalebne, nie wr\u00f3ci\u0142 do \u017cycia<br \/>\nziemskiego, ale do nowej rzeczywisto\u015bci. Na pocz\u0105tku nikt Go nie<br \/>\nrozpoznaj i jedynie dzi\u0119ki Jego s\u0142owom i Jego gestom oczy tych,<br \/>\nkt\u00f3rzy Go spotykaj\u0105, otwieraj\u0105 si\u0119. To nie ich wiara buduje<br \/>\nZmartwychwstanie, ale spotkanie ze Zmartwychwsta\u0142ym daje now\u0105 moc<br \/>\ndla ich wiary i przyczynia si\u0119 do budowania niezniszczalnego<br \/>\nfundamentu.\n<\/div>\n<div align=\"JUSTIFY\" style=\"margin-bottom: 0cm; text-indent: 1.24cm;\">\nR\u00f3wnie\u017c<br \/>\ni my mamy znaki, w kt\u00f3rych Zmartwychwsta\u0142y daje si\u0119 nam rozpozna\u0107;<br \/>\nznaki, kt\u00f3re umacniaj\u0105 nasz\u0105 wiar\u0119 w Zmartwychwstanie: Pismo<br \/>\n\u015awi\u0119te \u2013<br \/>\nB\u00f3g kt\u00f3ry do nas m\u00f3wi i ukazuje nam drog\u0119; Eucharystia \u2013<br \/>\nJezus jest obecny by wprowadzi\u0107 nas do komunii ze sob\u0105, aby\u015bmy<br \/>\nmogli by\u0107 przemienieni; inne Sakramenty \u2013<br \/>\nkt\u00f3re nadaj\u0105 rytm naszemu \u017cyciu; mi\u0142o\u015b\u0107 \u2013<br \/>\ngesty mi\u0142o\u015bci, dobro\u0107, mi\u0142osierdzie, przebaczenie, kt\u00f3re wnosz\u0105<br \/>\nna ziemi\u0119 promyk Zmartwychwstania.\n<\/div>\n<div align=\"JUSTIFY\" style=\"margin-bottom: 0cm; text-indent: 1.24cm;\">\nDrodzy<br \/>\nPrzyjaciele,<br \/>\npozw\u00f3lmy, by opromieni\u0142o nas Zmartwychwstanie Chrystusa! Pozw\u00f3lmy,<br \/>\nby Jego moc nas przemieni\u0142a, by w \u015bwiecie, r\u00f3wnie\u017c przez nas<br \/>\nznaki \u015bmierci ust\u0105pi\u0142y miejsca znakom \u017cycia!<\/div>\n","protected":false},"excerpt":{"rendered":"<p>Szcz\u0119\u015b\u0107 Bo\u017ce! Kochani, dzisiaj pierwszy pi\u0105tek miesi\u0105ca. Zaraz wyruszam do moich Chorych. Wi\u0119kszo\u015b\u0107 z nich dzisiaj zostanie namaszczonych nowym olejem, po\u015bwi\u0119conym w Wielki Czwartek. Staram si\u0119 tego pilnowa\u0107, aby &#8211; je\u017celi nie dzieje si\u0119 co\u015b nadzwyczajnego &#8211; przynajmniej dwa razy w roku dokona\u0142o si\u0119 to namaszczenie. A tak w og\u00f3le &#8211; jak ju\u017c wielokrotnie wspomina\u0142em [&hellip;]<\/p>\n","protected":false},"author":1,"featured_media":0,"comment_status":"open","ping_status":"open","sticky":false,"template":"","format":"standard","meta":{"jetpack_post_was_ever_published":false,"_jetpack_newsletter_access":"","_jetpack_dont_email_post_to_subs":false,"_jetpack_newsletter_tier_id":0,"_jetpack_memberships_contains_paywalled_content":false,"_jetpack_memberships_contains_paid_content":false,"footnotes":""},"categories":[1],"tags":[],"class_list":["post-9164","post","type-post","status-publish","format-standard","hentry","category-bez-kategorii"],"yoast_head":"<!-- This site is optimized with the Yoast SEO plugin v25.1 - https:\/\/yoast.com\/wordpress\/plugins\/seo\/ -->\n<title>Kto ma \u015bwiadczy\u0107 o Zmartwychwstaniu? - Gaudium Et Spes<\/title>\n<meta name=\"robots\" content=\"index, follow, max-snippet:-1, max-image-preview:large, max-video-preview:-1\" \/>\n<link rel=\"canonical\" href=\"https:\/\/gaudiumetspes-blog.pl\/index.php\/2013\/04\/05\/kto-ma-swiadczyc-o-zmartwychwstaniu\/\" \/>\n<meta property=\"og:locale\" content=\"pl_PL\" \/>\n<meta property=\"og:type\" content=\"article\" \/>\n<meta property=\"og:title\" content=\"Kto ma \u015bwiadczy\u0107 o Zmartwychwstaniu? - Gaudium Et Spes\" \/>\n<meta property=\"og:description\" content=\"Szcz\u0119\u015b\u0107 Bo\u017ce! Kochani, dzisiaj pierwszy pi\u0105tek miesi\u0105ca. Zaraz wyruszam do moich Chorych. Wi\u0119kszo\u015b\u0107 z nich dzisiaj zostanie namaszczonych nowym olejem, po\u015bwi\u0119conym w Wielki Czwartek. Staram si\u0119 tego pilnowa\u0107, aby &#8211; je\u017celi nie dzieje si\u0119 co\u015b nadzwyczajnego &#8211; przynajmniej dwa razy w roku dokona\u0142o si\u0119 to namaszczenie. A tak w og\u00f3le &#8211; jak ju\u017c wielokrotnie wspomina\u0142em [&hellip;]\" \/>\n<meta property=\"og:url\" content=\"https:\/\/gaudiumetspes-blog.pl\/index.php\/2013\/04\/05\/kto-ma-swiadczyc-o-zmartwychwstaniu\/\" \/>\n<meta property=\"og:site_name\" content=\"Gaudium Et Spes\" \/>\n<meta property=\"article:published_time\" content=\"2013-04-05T02:37:00+00:00\" \/>\n<meta property=\"article:modified_time\" content=\"2019-07-31T10:53:56+00:00\" \/>\n<meta name=\"author\" content=\"Ks. Jacek\" \/>\n<meta name=\"twitter:card\" content=\"summary_large_image\" \/>\n<meta name=\"twitter:label1\" content=\"Napisane przez\" \/>\n\t<meta name=\"twitter:data1\" content=\"Ks. Jacek\" \/>\n\t<meta name=\"twitter:label2\" content=\"Szacowany czas czytania\" \/>\n\t<meta name=\"twitter:data2\" content=\"10 minut\" \/>\n<script type=\"application\/ld+json\" class=\"yoast-schema-graph\">{\"@context\":\"https:\/\/schema.org\",\"@graph\":[{\"@type\":\"WebPage\",\"@id\":\"https:\/\/gaudiumetspes-blog.pl\/index.php\/2013\/04\/05\/kto-ma-swiadczyc-o-zmartwychwstaniu\/\",\"url\":\"https:\/\/gaudiumetspes-blog.pl\/index.php\/2013\/04\/05\/kto-ma-swiadczyc-o-zmartwychwstaniu\/\",\"name\":\"Kto ma \u015bwiadczy\u0107 o Zmartwychwstaniu? - Gaudium Et Spes\",\"isPartOf\":{\"@id\":\"https:\/\/gaudiumetspes-blog.pl\/#website\"},\"datePublished\":\"2013-04-05T02:37:00+00:00\",\"dateModified\":\"2019-07-31T10:53:56+00:00\",\"author\":{\"@id\":\"https:\/\/gaudiumetspes-blog.pl\/#\/schema\/person\/1661982992b752dea8dff0d4ed845a65\"},\"breadcrumb\":{\"@id\":\"https:\/\/gaudiumetspes-blog.pl\/index.php\/2013\/04\/05\/kto-ma-swiadczyc-o-zmartwychwstaniu\/#breadcrumb\"},\"inLanguage\":\"pl-PL\",\"potentialAction\":[{\"@type\":\"ReadAction\",\"target\":[\"https:\/\/gaudiumetspes-blog.pl\/index.php\/2013\/04\/05\/kto-ma-swiadczyc-o-zmartwychwstaniu\/\"]}]},{\"@type\":\"BreadcrumbList\",\"@id\":\"https:\/\/gaudiumetspes-blog.pl\/index.php\/2013\/04\/05\/kto-ma-swiadczyc-o-zmartwychwstaniu\/#breadcrumb\",\"itemListElement\":[{\"@type\":\"ListItem\",\"position\":1,\"name\":\"Strona g\u0142\u00f3wna\",\"item\":\"https:\/\/gaudiumetspes-blog.pl\/\"},{\"@type\":\"ListItem\",\"position\":2,\"name\":\"Kto ma \u015bwiadczy\u0107 o&nbsp;Zmartwychwstaniu?\"}]},{\"@type\":\"WebSite\",\"@id\":\"https:\/\/gaudiumetspes-blog.pl\/#website\",\"url\":\"https:\/\/gaudiumetspes-blog.pl\/\",\"name\":\"Gaudium Et Spes\",\"description\":\"Blog Ks. Jacka Ja\u015bkowskiego\",\"potentialAction\":[{\"@type\":\"SearchAction\",\"target\":{\"@type\":\"EntryPoint\",\"urlTemplate\":\"https:\/\/gaudiumetspes-blog.pl\/?s={search_term_string}\"},\"query-input\":{\"@type\":\"PropertyValueSpecification\",\"valueRequired\":true,\"valueName\":\"search_term_string\"}}],\"inLanguage\":\"pl-PL\"},{\"@type\":\"Person\",\"@id\":\"https:\/\/gaudiumetspes-blog.pl\/#\/schema\/person\/1661982992b752dea8dff0d4ed845a65\",\"name\":\"Ks. Jacek\",\"image\":{\"@type\":\"ImageObject\",\"inLanguage\":\"pl-PL\",\"@id\":\"https:\/\/gaudiumetspes-blog.pl\/#\/schema\/person\/image\/\",\"url\":\"https:\/\/gaudiumetspes-blog.pl\/wp-content\/uploads\/2019\/07\/avatar-JJ-150x150.jpg\",\"contentUrl\":\"https:\/\/gaudiumetspes-blog.pl\/wp-content\/uploads\/2019\/07\/avatar-JJ-150x150.jpg\",\"caption\":\"Ks. Jacek\"},\"description\":\"Witam serdecznie! K\u0142ania si\u0119 Ks. Jacek Ja\u015bkowski. Nie jestem ani kim\u015b wa\u017cnym, ani kim\u015b znanym. Jestem ksi\u0119dzem, kt\u00f3ry po prostu chce rozmawia\u0107. Codzienna kap\u0142a\u0144ska pos\u0142uga pokazuje mi, \u017ce temat\u00f3w do rozm\u00f3w z ksi\u0119dzem jest coraz wi\u0119cej i dzisiaj \u017caden ksi\u0105dz nie mo\u017ce od nich ucieka\u0107, ale - wprost przeciwnie - podejmowa\u0107 nowe wyzwania. To przekonanie sk\u0142oni\u0142o mnie do pr\u00f3by otwarcia tego\u017c bloga, chocia\u017c okazji do rozm\u00f3w na co dzie\u0144 - w konfesjonale i poza nim - na szcz\u0119\u015bcie nie brakuje. My\u015bl\u0119 jednak, \u017ce ten blog b\u0119dzie jeszcze jednym sposobem i przestrzeni\u0105 nawi\u0105zania kontaktu z lud\u017ami dobrej woli, otwartymi na dialog.\",\"url\":\"https:\/\/gaudiumetspes-blog.pl\/index.php\/author\/ks-jacek\/\"}]}<\/script>\n<!-- \/ Yoast SEO plugin. -->","yoast_head_json":{"title":"Kto ma \u015bwiadczy\u0107 o Zmartwychwstaniu? - Gaudium Et Spes","robots":{"index":"index","follow":"follow","max-snippet":"max-snippet:-1","max-image-preview":"max-image-preview:large","max-video-preview":"max-video-preview:-1"},"canonical":"https:\/\/gaudiumetspes-blog.pl\/index.php\/2013\/04\/05\/kto-ma-swiadczyc-o-zmartwychwstaniu\/","og_locale":"pl_PL","og_type":"article","og_title":"Kto ma \u015bwiadczy\u0107 o Zmartwychwstaniu? - Gaudium Et Spes","og_description":"Szcz\u0119\u015b\u0107 Bo\u017ce! Kochani, dzisiaj pierwszy pi\u0105tek miesi\u0105ca. Zaraz wyruszam do moich Chorych. Wi\u0119kszo\u015b\u0107 z nich dzisiaj zostanie namaszczonych nowym olejem, po\u015bwi\u0119conym w Wielki Czwartek. Staram si\u0119 tego pilnowa\u0107, aby &#8211; je\u017celi nie dzieje si\u0119 co\u015b nadzwyczajnego &#8211; przynajmniej dwa razy w roku dokona\u0142o si\u0119 to namaszczenie. A tak w og\u00f3le &#8211; jak ju\u017c wielokrotnie wspomina\u0142em [&hellip;]","og_url":"https:\/\/gaudiumetspes-blog.pl\/index.php\/2013\/04\/05\/kto-ma-swiadczyc-o-zmartwychwstaniu\/","og_site_name":"Gaudium Et Spes","article_published_time":"2013-04-05T02:37:00+00:00","article_modified_time":"2019-07-31T10:53:56+00:00","author":"Ks. Jacek","twitter_card":"summary_large_image","twitter_misc":{"Napisane przez":"Ks. Jacek","Szacowany czas czytania":"10 minut"},"schema":{"@context":"https:\/\/schema.org","@graph":[{"@type":"WebPage","@id":"https:\/\/gaudiumetspes-blog.pl\/index.php\/2013\/04\/05\/kto-ma-swiadczyc-o-zmartwychwstaniu\/","url":"https:\/\/gaudiumetspes-blog.pl\/index.php\/2013\/04\/05\/kto-ma-swiadczyc-o-zmartwychwstaniu\/","name":"Kto ma \u015bwiadczy\u0107 o Zmartwychwstaniu? - Gaudium Et Spes","isPartOf":{"@id":"https:\/\/gaudiumetspes-blog.pl\/#website"},"datePublished":"2013-04-05T02:37:00+00:00","dateModified":"2019-07-31T10:53:56+00:00","author":{"@id":"https:\/\/gaudiumetspes-blog.pl\/#\/schema\/person\/1661982992b752dea8dff0d4ed845a65"},"breadcrumb":{"@id":"https:\/\/gaudiumetspes-blog.pl\/index.php\/2013\/04\/05\/kto-ma-swiadczyc-o-zmartwychwstaniu\/#breadcrumb"},"inLanguage":"pl-PL","potentialAction":[{"@type":"ReadAction","target":["https:\/\/gaudiumetspes-blog.pl\/index.php\/2013\/04\/05\/kto-ma-swiadczyc-o-zmartwychwstaniu\/"]}]},{"@type":"BreadcrumbList","@id":"https:\/\/gaudiumetspes-blog.pl\/index.php\/2013\/04\/05\/kto-ma-swiadczyc-o-zmartwychwstaniu\/#breadcrumb","itemListElement":[{"@type":"ListItem","position":1,"name":"Strona g\u0142\u00f3wna","item":"https:\/\/gaudiumetspes-blog.pl\/"},{"@type":"ListItem","position":2,"name":"Kto ma \u015bwiadczy\u0107 o&nbsp;Zmartwychwstaniu?"}]},{"@type":"WebSite","@id":"https:\/\/gaudiumetspes-blog.pl\/#website","url":"https:\/\/gaudiumetspes-blog.pl\/","name":"Gaudium Et Spes","description":"Blog Ks. Jacka Ja\u015bkowskiego","potentialAction":[{"@type":"SearchAction","target":{"@type":"EntryPoint","urlTemplate":"https:\/\/gaudiumetspes-blog.pl\/?s={search_term_string}"},"query-input":{"@type":"PropertyValueSpecification","valueRequired":true,"valueName":"search_term_string"}}],"inLanguage":"pl-PL"},{"@type":"Person","@id":"https:\/\/gaudiumetspes-blog.pl\/#\/schema\/person\/1661982992b752dea8dff0d4ed845a65","name":"Ks. Jacek","image":{"@type":"ImageObject","inLanguage":"pl-PL","@id":"https:\/\/gaudiumetspes-blog.pl\/#\/schema\/person\/image\/","url":"https:\/\/gaudiumetspes-blog.pl\/wp-content\/uploads\/2019\/07\/avatar-JJ-150x150.jpg","contentUrl":"https:\/\/gaudiumetspes-blog.pl\/wp-content\/uploads\/2019\/07\/avatar-JJ-150x150.jpg","caption":"Ks. Jacek"},"description":"Witam serdecznie! K\u0142ania si\u0119 Ks. Jacek Ja\u015bkowski. Nie jestem ani kim\u015b wa\u017cnym, ani kim\u015b znanym. Jestem ksi\u0119dzem, kt\u00f3ry po prostu chce rozmawia\u0107. Codzienna kap\u0142a\u0144ska pos\u0142uga pokazuje mi, \u017ce temat\u00f3w do rozm\u00f3w z ksi\u0119dzem jest coraz wi\u0119cej i dzisiaj \u017caden ksi\u0105dz nie mo\u017ce od nich ucieka\u0107, ale - wprost przeciwnie - podejmowa\u0107 nowe wyzwania. To przekonanie sk\u0142oni\u0142o mnie do pr\u00f3by otwarcia tego\u017c bloga, chocia\u017c okazji do rozm\u00f3w na co dzie\u0144 - w konfesjonale i poza nim - na szcz\u0119\u015bcie nie brakuje. My\u015bl\u0119 jednak, \u017ce ten blog b\u0119dzie jeszcze jednym sposobem i przestrzeni\u0105 nawi\u0105zania kontaktu z lud\u017ami dobrej woli, otwartymi na dialog.","url":"https:\/\/gaudiumetspes-blog.pl\/index.php\/author\/ks-jacek\/"}]}},"jetpack_featured_media_url":"","jetpack_sharing_enabled":true,"_links":{"self":[{"href":"https:\/\/gaudiumetspes-blog.pl\/index.php\/wp-json\/wp\/v2\/posts\/9164","targetHints":{"allow":["GET"]}}],"collection":[{"href":"https:\/\/gaudiumetspes-blog.pl\/index.php\/wp-json\/wp\/v2\/posts"}],"about":[{"href":"https:\/\/gaudiumetspes-blog.pl\/index.php\/wp-json\/wp\/v2\/types\/post"}],"author":[{"embeddable":true,"href":"https:\/\/gaudiumetspes-blog.pl\/index.php\/wp-json\/wp\/v2\/users\/1"}],"replies":[{"embeddable":true,"href":"https:\/\/gaudiumetspes-blog.pl\/index.php\/wp-json\/wp\/v2\/comments?post=9164"}],"version-history":[{"count":1,"href":"https:\/\/gaudiumetspes-blog.pl\/index.php\/wp-json\/wp\/v2\/posts\/9164\/revisions"}],"predecessor-version":[{"id":11021,"href":"https:\/\/gaudiumetspes-blog.pl\/index.php\/wp-json\/wp\/v2\/posts\/9164\/revisions\/11021"}],"wp:attachment":[{"href":"https:\/\/gaudiumetspes-blog.pl\/index.php\/wp-json\/wp\/v2\/media?parent=9164"}],"wp:term":[{"taxonomy":"category","embeddable":true,"href":"https:\/\/gaudiumetspes-blog.pl\/index.php\/wp-json\/wp\/v2\/categories?post=9164"},{"taxonomy":"post_tag","embeddable":true,"href":"https:\/\/gaudiumetspes-blog.pl\/index.php\/wp-json\/wp\/v2\/tags?post=9164"}],"curies":[{"name":"wp","href":"https:\/\/api.w.org\/{rel}","templated":true}]}}