{"id":9166,"date":"2013-04-03T06:06:00","date_gmt":"2013-04-03T04:06:00","guid":{"rendered":"https:\/\/gaudiumetspes-blog.pl\/index.php\/2013\/04\/03\/czego-sie-spodziewamy-po-jezusie\/"},"modified":"2019-07-31T12:53:56","modified_gmt":"2019-07-31T10:53:56","slug":"czego-sie-spodziewamy-po-jezusie","status":"publish","type":"post","link":"https:\/\/gaudiumetspes-blog.pl\/index.php\/2013\/04\/03\/czego-sie-spodziewamy-po-jezusie\/","title":{"rendered":"Czego si\u0119 spodziewamy po Jezusie?&#8230;"},"content":{"rendered":"<p><\/p>\n<div align=\"JUSTIFY\" style=\"margin-bottom: 0cm;\">\nSzcz\u0119\u015b\u0107 Bo\u017ce! Wczorajsze Wasze wpisy, Kochani, zdominowa\u0142a rocznica powrotu do Domu Ojca B\u0142ogos\u0142awionego Jana Paw\u0142a II. To dobrze, bo do Jego Osoby i nauczania ci\u0105gle musimy wraca\u0107. Dlatego proponuj\u0119, aby\u015bmy nie zamykali jeszcze tej dyskusji, ale j\u0105 kontynuowali tak\u017ce dzisiaj&#8230; Oczywi\u015bcie, wszystkie inne tematy tak\u017ce mile widziane.<\/div>\n<div align=\"JUSTIFY\" style=\"margin-bottom: 0cm;\">\n&nbsp; &nbsp; &nbsp; &nbsp;Gaudium et spes! &nbsp;Ks. Jacek<\/div>\n<div align=\"JUSTIFY\" style=\"margin-bottom: 0cm;\">\n<b><br \/><\/b><\/div>\n<div align=\"JUSTIFY\" style=\"margin-bottom: 0cm;\">\n<b>\u015aroda<br \/>\nw Oktawie Wielkanocy,<\/b><\/div>\n<div align=\"JUSTIFY\" style=\"margin-bottom: 0cm;\">\n<b>do<br \/>\nczyta\u0144:  Dz 3,1\u201310;  \u0141k<br \/>\n24,13\u201335 <\/b>\n<\/div>\n<div align=\"JUSTIFY\" style=\"margin-bottom: 0cm;\">\n\n<\/div>\n<div align=\"JUSTIFY\" style=\"margin-bottom: 0cm; page-break-before: auto;\">\n<b>CZYTANIE<br \/>\nZ DZIEJ\u00d3W APOSTOLSKICH: <\/b>\n<\/div>\n<div align=\"JUSTIFY\" style=\"margin-bottom: 0cm; text-indent: 1.24cm;\">\n<b>Gdy<br \/>\nPiotr i Jan wchodzili do \u015bwi\u0105tyni na modlitw\u0119 o godzinie<br \/>\ndziewi\u0105tej, wnoszono w\u0142a\u015bnie pewnego cz\u0142owieka, chromego od<br \/>\nurodzenia. K\u0142adziono go codziennie przy bramie \u015bwi\u0105tyni, zwanej<br \/>\nPi\u0119kn\u0105, aby wst\u0119puj\u0105cych do \u015bwi\u0105tyni prosi\u0142 o ja\u0142mu\u017cn\u0119.<br \/>\nTen, zobaczywszy Piotra i Jana, gdy mieli wej\u015b\u0107 do \u015bwi\u0105tyni,<br \/>\nprosi\u0142 ich o ja\u0142mu\u017cn\u0119. <\/b>\n<\/div>\n<div align=\"JUSTIFY\" style=\"margin-bottom: 0cm; text-indent: 1.24cm;\">\n<b>Lecz<br \/>\nPiotr wraz z Janem przypatrzywszy mu si\u0119 powiedzieli: \u201eSp\u00f3jrz na<br \/>\nnas\u201d. A on patrzy\u0142 na nich, oczekuj\u0105c od nich ja\u0142mu\u017cny. Piotr<br \/>\npowiedzia\u0142: \u201eNie mam srebra ani z\u0142ota, ale co mam, to ci daj\u0119: W<br \/>\nimi\u0119 Jezusa Chrystusa Nazarejczyka, chod\u017a!\u201d I uj\u0105wszy go za<br \/>\npraw\u0105 r\u0119k\u0119, podni\u00f3s\u0142 go. Natychmiast te\u017c odzyska\u0142 w\u0142adz\u0119 w<br \/>\nnogach i stopach. Zerwa\u0142 si\u0119 i stan\u0105\u0142 na nogach, skacz\u0105c i<br \/>\nwielbi\u0105c Boga. <\/b>\n<\/div>\n<div align=\"JUSTIFY\" style=\"margin-bottom: 0cm; text-indent: 1.24cm;\">\n<b>A<br \/>\nca\u0142y lud zobaczy\u0142 go chodz\u0105cego i chwal\u0105cego Boga. I rozpoznawali<br \/>\nw nim tego cz\u0142owieka, kt\u00f3ry siada\u0142 przy Pi\u0119knej Bramie \u015bwi\u0105tyni,<br \/>\naby \u017cebra\u0107, i ogarn\u0119\u0142o ich zdumienie i zachwyt z powodu tego, co<br \/>\ngo spotka\u0142o.<\/b><\/div>\n<div align=\"JUSTIFY\" style=\"margin-bottom: 0cm;\">\n\n<\/div>\n<div align=\"JUSTIFY\" style=\"margin-bottom: 0cm;\">\n<b>S\u0141OWA<br \/>\nEWANGELII WED\u0141UG \u015aWI\u0118TEGO \u0141UKASZA: <\/b>\n<\/div>\n<div align=\"JUSTIFY\" style=\"margin-bottom: 0cm; text-indent: 1.22cm;\">\n<b>W<br \/>\npierwszy dzie\u0144 tygodnia dwaj uczniowie Jezusa byli w drodze do wsi,<br \/>\nzwanej Emaus, oddalonej sze\u015b\u0107dziesi\u0105t stadi\u00f3w od Jerozolimy.<br \/>\nRozmawiali oni ze sob\u0105 o tym wszystkim, co si\u0119 wydarzy\u0142o. Gdy tak<br \/>\nrozmawiali i rozprawiali ze sob\u0105, sam Jezus przybli\u017cy\u0142 si\u0119 i<br \/>\nszed\u0142 z nimi. Lecz oczy ich by\u0142y niejako na uwi\u0119zi, tak \u017ce Go nie<br \/>\npoznali. <\/b>\n<\/div>\n<div align=\"JUSTIFY\" style=\"margin-bottom: 0cm; text-indent: 1.22cm;\">\n<b>On<br \/>\nza\u015b ich zapyta\u0142: \u201eC\u00f3\u017c to za rozmowy prowadzicie ze sob\u0105 w<br \/>\ndrodze?\u201d Zatrzymali si\u0119 smutni. A jeden z nich, imieniem Kleofas,<br \/>\nodpowiedzia\u0142 Mu: \u201eTy jeste\u015b chyba jedynym z przebywaj\u0105cych w<br \/>\nJerozolimie, kt\u00f3ry nie wie, co si\u0119 tam w tych dniach sta\u0142o\u201d.<br \/>\nZapyta\u0142 ich: \u201eC\u00f3\u017c takiego?\u201d <\/b>\n<\/div>\n<div align=\"JUSTIFY\" style=\"margin-bottom: 0cm; text-indent: 1.22cm;\">\n<b>Odpowiedzieli<br \/>\nMu: \u201eTo, co si\u0119 sta\u0142o z Jezusem z Nazaretu, kt\u00f3ry by\u0142 prorokiem<br \/>\npot\u0119\u017cnym w czynie i s\u0142owie wobec Boga i ca\u0142ego ludu; jak<br \/>\narcykap\u0142ani i nasi przyw\u00f3dcy wydali Go na \u015bmier\u0107 i ukrzy\u017cowali.<br \/>\nA my\u015bmy si\u0119 spodziewali, \u017ce w\u0142a\u015bnie On mia\u0142 wyzwoli\u0107 Izraela.<br \/>\nTeraz za\u015b po tym wszystkim dzi\u015b ju\u017c trzeci dzie\u0144, jak si\u0119 to<br \/>\nsta\u0142o. Co wi\u0119cej, niekt\u00f3re z naszych kobiet przerazi\u0142y nas: By\u0142y<br \/>\nrano u grobu, a nie znalaz\u0142szy Jego cia\u0142a, wr\u00f3ci\u0142y i<br \/>\nopowiedzia\u0142y, \u017ce mia\u0142y widzenie anio\u0142\u00f3w, kt\u00f3rzy zapewniaj\u0105, i\u017c<br \/>\nOn \u017cyje. Poszli niekt\u00f3rzy z naszych do grobu i zastali wszystko<br \/>\ntak, jak kobiety opowiada\u0142y, ale Jego nie widzieli\u201d. <\/b>\n<\/div>\n<div align=\"JUSTIFY\" style=\"margin-bottom: 0cm; text-indent: 1.22cm;\">\n<b>Na<br \/>\nto On rzek\u0142 do nich: \u201eO nierozumni, jak nieskore s\u0105 wasze serca<br \/>\ndo wierzenia we wszystko, co powiedzieli prorocy! Czy\u017c Mesjasz nie<br \/>\nmia\u0142 tego cierpie\u0107, aby wej\u015b\u0107 do swej chwa\u0142y?\u201d I zaczynaj\u0105c<br \/>\nod Moj\u017cesza poprzez wszystkich prorok\u00f3w wyk\u0142ada\u0142 im, co we<br \/>\nwszystkich Pismach odnosi\u0142o si\u0119 do Niego. Tak przybli\u017cyli si\u0119 do<br \/>\nwsi, do kt\u00f3rej zd\u0105\u017cali, a On okazywa\u0142, jakoby mia\u0142 i\u015b\u0107 dalej.<br \/>\nLecz przymusili Go, m\u00f3wi\u0105c: \u201eZosta\u0144 z nami, gdy\u017c ma si\u0119 ku<br \/>\nwieczorowi i dzie\u0144 si\u0119 ju\u017c nachyli\u0142\u201d. <\/b>\n<\/div>\n<div align=\"JUSTIFY\" style=\"margin-bottom: 0cm; text-indent: 1.22cm;\">\n<b>Wszed\u0142<br \/>\nwi\u0119c, aby zosta\u0107 z nimi. Gdy zaj\u0105\u0142 z nimi miejsce u sto\u0142u, wzi\u0105\u0142<br \/>\nchleb, odm\u00f3wi\u0142 b\u0142ogos\u0142awie\u0144stwo, po\u0142ama\u0142 go i dawa\u0142 im. Wtedy<br \/>\notworzy\u0142y si\u0119 im oczy i poznali Go, lecz On znikn\u0105\u0142 im z oczu. I<br \/>\nm\u00f3wili nawzajem do siebie: \u201eCzy serce nie pa\u0142a\u0142o w nas, kiedy<br \/>\nrozmawia\u0142 z nami w drodze i Pisma nam wyja\u015bnia\u0142?\u201d <\/b>\n<\/div>\n<div align=\"JUSTIFY\" style=\"margin-bottom: 0cm; text-indent: 1.22cm;\">\n<b>W<br \/>\ntej samej godzinie wybrali si\u0119 i wr\u00f3cili do Jerozolimy. Tam zastali<br \/>\nzebranych Jedenastu i innych z nimi, kt\u00f3rzy im oznajmili: \u201ePan<br \/>\nrzeczywi\u015bcie zmartwychwsta\u0142 i ukaza\u0142 si\u0119 Szymonowi\u201d. Oni<br \/>\nr\u00f3wnie\u017c opowiadali, co ich spotka\u0142o w drodze i jak Go poznali przy<br \/>\n\u0142amaniu chleba.<\/b><\/div>\n<div align=\"JUSTIFY\" style=\"margin-bottom: 0cm;\">\n\n<\/div>\n<div align=\"JUSTIFY\" style=\"margin-bottom: 0cm; page-break-before: auto; text-indent: 1.22cm;\">\nJak<br \/>\nmo\u017cna by\u0107 tak blisko Jezusa, <b>a nie widzie\u0107 <\/b><b>Go<\/b><b>,<br \/>\nnie s\u0142ysze\u0107, nie rozumie\u0107, nie pozna\u0107?<\/b>&#8230; A jednak \u2013<br \/>\nmo\u017cna&#8230; Jak ju\u017c wielokrotnie podkre\u015blali\u015bmy sobie \u2013 o czym<br \/>\nzreszt\u0105 wiemy z katechezy \u2013 Cia\u0142o Jezusa po Zmartwychwstaniu <b>by\u0142o<br \/>\ncia\u0142em uwielbionym, a wi\u0119c w jaki\u015b spos\u00f3b innym,<\/b> ani\u017celi to,<br \/>\nkt\u00f3remu Aposto\u0142owie przygl\u0105dali si\u0119 przez trzy lata. By\u0142 to<br \/>\njednak Jezus \u2013 <b>ten sam, nie kto\u015b inny<\/b>&#8230; Pomimo tego,<br \/>\nUczniowie Go nie poznali, chocia\u017c rozmawia\u0142 z nimi, wyja\u015bnia\u0142<br \/>\nPisma, m\u00f3wi\u0142 tak jasno i tak kompetentnie o dziejowej misji<br \/>\nMesjasza.\n<\/div>\n<div align=\"JUSTIFY\" style=\"margin-bottom: 0cm; text-indent: 1.22cm;\">\nCzy<br \/>\nnaprawd\u0119 ani przez chwil\u0119 nie zastanowi\u0142o to ich, ani przez moment<br \/>\nnie da\u0142o do my\u015blenia, \u017ce <b>gdzie\u015b ju\u017c kiedy\u015b s\u0142yszeli podobny<br \/>\nspos\u00f3b nauczania?<\/b>&#8230; A mo\u017ce nawet \u2013 ca\u0142kiem niedawno<br \/>\ns\u0142yszeli?&#8230; Nie, jednak nie&#8230;\n<\/div>\n<div align=\"JUSTIFY\" style=\"margin-bottom: 0cm; text-indent: 1.22cm;\">\nI<br \/>\ndopiero przy stole, kiedy razem zasiedli \u2013 zauwa\u017cmy, te\u017c nie od<br \/>\nrazu! \u2013 <b>poznali Go&#8230; Po \u0142amaniu chleba&#8230;<\/b> Okaza\u0142o si\u0119,<br \/>\n\u017ce ten gest prze\u0142ama\u0142 ow\u0105 dziwn\u0105 barier\u0119 dezorientacji,<br \/>\njakiego\u015b zaciemnienia umys\u0142\u00f3w i oczu \u2013 <b>i dopiero w\u00f3wczas<br \/>\npoznali&#8230;<\/b> A potem to ogromne niedowierzanie w stosunku do samych<br \/>\nsiebie: <i><b>Czy serce nie pa\u0142a\u0142o<br \/>\nw nas, kiedy rozmawia\u0142 z nami w drodze i Pisma nam wyja\u015bnia\u0142<\/b><\/i><b>?<br \/>\n<\/b>Jak<br \/>\nsi\u0119 okaza\u0142o \u2013 jednak nie&#8230;\n<\/div>\n<div align=\"JUSTIFY\" style=\"margin-bottom: 0cm; text-indent: 1.22cm;\">\nKochani,<br \/>\nca\u0142e to do\u015b\u0107 niezwyk\u0142e wydarzenie ogniskuje, jak w soczewce, te<br \/>\nwszystkie sytuacje, w kt\u00f3rych <b>drogi<br \/>\nludzkie rozchodz\u0105 si\u0119 z drogami Bo\u017cymi,<\/b><br \/>\nkiedy Bo\u017ce plany nie schodz\u0105 si\u0119 z ludzkimi planami, oraz <b>kiedy<br \/>\nB\u00f3g jest blisko, a cz\u0142owiek Go nie widzi,<\/b><br \/>\nnie zauwa\u017ca, nie s\u0142yszy, nie rozumie Jego dzia\u0142ania&#8230;\n<\/div>\n<div align=\"JUSTIFY\" style=\"margin-bottom: 0cm; text-indent: 1.22cm;\">\nW<br \/>\nrozmowie z tajemniczym Cz\u0142owiekiem, w kt\u00f3rym nie rozpoznali Jezusa,<br \/>\nUczniowie wyra\u017caj\u0105 <b>swoje<br \/>\nrozczarowanie, sw\u00f3j zaw\u00f3d<\/b><br \/>\ntym, czego do\u015bwiadczyli ze strony Jezusa. A dok\u0142adniej \u2013 czego<br \/>\nnie do\u015bwiadczyli. Wyrazili to w bardzo znamiennych s\u0142owach:<br \/>\n<i><b>A<\/b><\/i><i><b>rcykap\u0142ani<br \/>\ni nasi przyw\u00f3dcy wydali Go na \u015bmier\u0107 i ukrzy\u017cowali. A my\u015bmy si\u0119<br \/>\nspodziewali, \u017ce w\u0142a\u015bnie On mia\u0142 wyzwoli\u0107 Izraela. Teraz za\u015b po<br \/>\ntym wszystkim dzi\u015b ju\u017c trzeci dzie\u0144, jak si\u0119 to sta\u0142o.<\/b><\/i><b><br \/>\n<\/b>W\u0142a\u015bnie:<br \/>\n<b>a<br \/>\nmy\u015bmy si\u0119 spodziewali&#8230;<\/b><\/p>\n<\/div>\n<div align=\"JUSTIFY\" style=\"margin-bottom: 0cm; text-indent: 1.22cm;\">\nTo<br \/>\njest ca\u0142y dramat rozmijania si\u0119 cz\u0142owieka z Bogiem. Tak to nale\u017cy<br \/>\ndok\u0142adnie uj\u0105\u0107: <b>rozmijanie<br \/>\nsi\u0119 cz\u0142owieka z Bogiem. Nie Boga z cz\u0142owiekiem,<\/b><br \/>\nbo B\u00f3g wychodzi naprzeciw cz\u0142owieka, wychodzi na spotkanie,<br \/>\nwychodzi na ludzkie drogi. Ale <b>to<br \/>\ncz\u0142owiek jako\u015b tak wszystko popl\u0105cze i zamiesza, \u017ce si\u0119 gdzie\u015b<br \/>\nz tym swoim Bogiem rozminie.<\/b><br \/>\nI tak si\u0119 dzieje cz\u0119sto \u2013 i na wielu p\u0142aszczyznach. Czy\u017c<br \/>\nna to nie wskazuj\u0105 nawet us\u0142yszane przed chwil\u0105 czytania?<\/div>\n<div align=\"JUSTIFY\" style=\"margin-bottom: 0cm; text-indent: 1.22cm;\">\nOpisane<br \/>\nw dzisiejszej Ewangelii<b><br \/>\n<\/b><b>Wydarzenie<br \/>\nEmaus wielu por\u00f3wnuje do Mszy \u015awi\u0119tej.<\/b><br \/>\nZauwa\u017cmy \u2013 <b>najpierw<br \/>\nLiturgia S\u0142owa:<\/b><br \/>\ncytowanie<br \/>\ni wyja\u015bnianie Pism,<br \/>\na potem <b>Liturgia<br \/>\nEucharystyczna,<\/b><br \/>\nczyli \u0142amanie chleba tam, przy stole&#8230;\n<\/div>\n<div align=\"JUSTIFY\" style=\"margin-bottom: 0cm; text-indent: 1.22cm;\">\nNatomiast<br \/>\nw<br \/>\npierwszym dzisiejszym<br \/>\nczytaniu<br \/>\ns\u0142yszymy <b>opis<br \/>\nuzdrowienia cz\u0142owieka chorego od urodzenia.<\/b><br \/>\nOn nie spodziewa\u0142 si\u0119 tego, co go spotka\u0142o. On chcia\u0142 ja\u0142mu\u017cny.<br \/>\nDosta\u0142 du\u017co wi\u0119cej. Ale nawet kiedy patrzy\u0142 na Aposto\u0142\u00f3w, to<br \/>\ntylko jako na potencjalnych darczy\u0144c\u00f3w upragnionej materialnej<br \/>\npomocy&#8230;<br \/>\nOn si\u0119 nawet nie domy\u015bla\u0142, nie dostrzeg\u0142 tego w \u017caden spos\u00f3b,<br \/>\n\u017ce <b>w<br \/>\nosobach Aposto\u0142\u00f3w spotka\u0142 w tym momencie samego Jezusa i<br \/>\ndo\u015bwiadczy\u0142 Jego uzdrawiaj\u0105cej mocy&#8230;<\/b><\/p>\n<\/div>\n<div align=\"JUSTIFY\" style=\"margin-bottom: 0cm; text-indent: 1.22cm;\">\nI<br \/>\nte w\u0142a\u015bnie obie<br \/>\nsytuacje, przedstawione w dzisiejszych czytaniach, nasuwaj\u0105 nam<br \/>\n<b>skojarzenie<br \/>\nz wieloma sytuacjami z naszego \u017cycia, z naszej codzienno\u015bci, w<br \/>\nkt\u00f3rej Pan tak\u017ce wychodzi nam na spotkanie, a my go zwyczajnie nie<br \/>\ndostrzegamy.<\/b><br \/>\nMa to miejsce zar\u00f3wno w czasie Mszy \u015awi\u0119tej, jak i w wielu<br \/>\nsytuacjach, dokonuj\u0105cych si\u0119 w naszym \u017cyciu, kiedy to Jezus jest<br \/>\ntu\u017c, tu\u017c, a wr\u0119cz jest przy nas, m\u00f3wi do nas, jest mi\u0119dzy nami,<br \/>\na my Go nie zauwa\u017camy.<\/div>\n<div align=\"JUSTIFY\" style=\"margin-bottom: 0cm; text-indent: 1.22cm;\">\n<b>Na<br \/>\nMszy \u015awi\u0119tej jest<\/b><br \/>\nw swoim S\u0142owie, jest pod Postaciami Eucharystycznymi, jest w osobie<br \/>\ncelebruj\u0105cego kap\u0142ana, jest w zgromadzonym ludzie Bo\u017cym. A wielu \u2013<br \/>\npomimo tego \u2013 przychodzi do ko\u015bcio\u0142a <b>tylko<br \/>\ndla spe\u0142nienia obowi\u0105zku,<\/b><br \/>\nw og\u00f3le nie dostrzegaj\u0105c obecno\u015bci Pana. <b>Czy<br \/>\nserce nie pa\u0142a w nich, kiedy Jezus Pisma wyja\u015bnia?<\/b><br \/>\nA kiedy bierze chleb do r\u0119ki, aby uczyni\u0107 go swoim Cia\u0142em?<br \/>\nUczniowie w Emaus <b>w<br \/>\ntym momencie Pana rozpoznali, <\/b>my<br \/>\nGo nawet i w tym momencie cz\u0119sto nie zauwa\u017camy.\n<\/div>\n<div align=\"JUSTIFY\" style=\"margin-bottom: 0cm; text-indent: 1.22cm;\">\nI<br \/>\nprzyst\u0119pujemy do Komunii \u015awi\u0119tej, i chodzimy do ko\u015bci\u00f3\u0142ka co<br \/>\nniedziel\u0119, <b>a<br \/>\nrozmijamy si\u0119 z Jezusem.<\/b><br \/>\nSerce nie pa\u0142a w nas, kiedy Jezus Pisma wyja\u015bnia, przeto trudno si\u0119<br \/>\ndziwi\u0107, \u017ce <b>to<br \/>\nserce nawet nie zadrga, kiedy si\u0119 co\u015b z\u0142ego m\u00f3wi lub robi.<\/b><\/p>\n<\/div>\n<div align=\"JUSTIFY\" style=\"margin-bottom: 0cm; text-indent: 1.22cm;\">\nI<br \/>\npodobnie jest w sytuacjach codziennych, kiedy to Jezus <b>dokonuje<br \/>\nczytelnych gest\u00f3w, daje wyra\u017ane znaki<\/b><br \/>\n\u2013 tak\u017ce te pogodowe \u2013 a wszyscy t\u0142umacz\u0105 to, jak mog\u0105, ma\u0142o<br \/>\nkto dostrzega dzia\u0142anie Jezusa przez te sytuacje&#8230; Podobnie, jak<br \/>\nchromy z dzisiejszego pierwszego czytania, tak<br \/>\ni my <b>nie<br \/>\ndostrzegamy, \u017ce to Jezus podszed\u0142, aby poda\u0107 nam r\u0119k\u0119.<\/b><\/p>\n<\/div>\n<div align=\"JUSTIFY\" style=\"margin-bottom: 0cm; text-indent: 1.22cm;\">\nMy<br \/>\nGo nie poznajemy, dlatego te\u017c<br \/>\ncz\u0119sto wyra\u017camy \u2013 je\u017celi nawet nie s\u0142owami, to swoj\u0105 postaw\u0105<br \/>\n\u2013 w\u0142a\u015bnie to<br \/>\nrozczarowanie, wypowiedziane przez Uczni\u00f3w: <i><b>a<br \/>\nmy\u015bmy si\u0119 spodziewali<\/b><\/i>&#8230;<br \/>\nW\u0142a\u015bnie, a my\u015blmy si\u0119 spodziewali&#8230; A<br \/>\ntu co\u015b innego, ani\u017celi to, czego si\u0119 spodziewali\u015bmy&#8230; I tak to<br \/>\nsi\u0119 w\u0142a\u015bnie ci\u0105gle dzieje \u2013 raz za razem&#8230;\n<\/div>\n<div align=\"JUSTIFY\" style=\"margin-bottom: 0cm; text-indent: 1.22cm;\">\nJezus<br \/>\nprzychodzi, a my si\u0119 ci\u0105gle <b>kogo\u015b<br \/>\ninnego lub czego\u015b innego \u2013 spodziewamy&#8230;<\/b><\/div>\n","protected":false},"excerpt":{"rendered":"<p>Szcz\u0119\u015b\u0107 Bo\u017ce! Wczorajsze Wasze wpisy, Kochani, zdominowa\u0142a rocznica powrotu do Domu Ojca B\u0142ogos\u0142awionego Jana Paw\u0142a II. To dobrze, bo do Jego Osoby i nauczania ci\u0105gle musimy wraca\u0107. Dlatego proponuj\u0119, aby\u015bmy nie zamykali jeszcze tej dyskusji, ale j\u0105 kontynuowali tak\u017ce dzisiaj&#8230; Oczywi\u015bcie, wszystkie inne tematy tak\u017ce mile widziane. &nbsp; &nbsp; &nbsp; &nbsp;Gaudium et spes! &nbsp;Ks. Jacek [&hellip;]<\/p>\n","protected":false},"author":1,"featured_media":0,"comment_status":"open","ping_status":"open","sticky":false,"template":"","format":"standard","meta":{"jetpack_post_was_ever_published":false,"_jetpack_newsletter_access":"","_jetpack_dont_email_post_to_subs":false,"_jetpack_newsletter_tier_id":0,"_jetpack_memberships_contains_paywalled_content":false,"_jetpack_memberships_contains_paid_content":false,"footnotes":""},"categories":[1],"tags":[],"class_list":["post-9166","post","type-post","status-publish","format-standard","hentry","category-bez-kategorii"],"yoast_head":"<!-- This site is optimized with the Yoast SEO plugin v25.1 - https:\/\/yoast.com\/wordpress\/plugins\/seo\/ -->\n<title>Czego si\u0119 spodziewamy po Jezusie?... - Gaudium Et Spes<\/title>\n<meta name=\"robots\" content=\"index, follow, max-snippet:-1, max-image-preview:large, max-video-preview:-1\" \/>\n<link rel=\"canonical\" href=\"https:\/\/gaudiumetspes-blog.pl\/index.php\/2013\/04\/03\/czego-sie-spodziewamy-po-jezusie\/\" \/>\n<meta property=\"og:locale\" content=\"pl_PL\" \/>\n<meta property=\"og:type\" content=\"article\" \/>\n<meta property=\"og:title\" content=\"Czego si\u0119 spodziewamy po Jezusie?... - Gaudium Et Spes\" \/>\n<meta property=\"og:description\" content=\"Szcz\u0119\u015b\u0107 Bo\u017ce! Wczorajsze Wasze wpisy, Kochani, zdominowa\u0142a rocznica powrotu do Domu Ojca B\u0142ogos\u0142awionego Jana Paw\u0142a II. To dobrze, bo do Jego Osoby i nauczania ci\u0105gle musimy wraca\u0107. Dlatego proponuj\u0119, aby\u015bmy nie zamykali jeszcze tej dyskusji, ale j\u0105 kontynuowali tak\u017ce dzisiaj&#8230; Oczywi\u015bcie, wszystkie inne tematy tak\u017ce mile widziane. &nbsp; &nbsp; &nbsp; &nbsp;Gaudium et spes! &nbsp;Ks. Jacek [&hellip;]\" \/>\n<meta property=\"og:url\" content=\"https:\/\/gaudiumetspes-blog.pl\/index.php\/2013\/04\/03\/czego-sie-spodziewamy-po-jezusie\/\" \/>\n<meta property=\"og:site_name\" content=\"Gaudium Et Spes\" \/>\n<meta property=\"article:published_time\" content=\"2013-04-03T04:06:00+00:00\" \/>\n<meta property=\"article:modified_time\" content=\"2019-07-31T10:53:56+00:00\" \/>\n<meta name=\"author\" content=\"Ks. Jacek\" \/>\n<meta name=\"twitter:card\" content=\"summary_large_image\" \/>\n<meta name=\"twitter:label1\" content=\"Napisane przez\" \/>\n\t<meta name=\"twitter:data1\" content=\"Ks. Jacek\" \/>\n\t<meta name=\"twitter:label2\" content=\"Szacowany czas czytania\" \/>\n\t<meta name=\"twitter:data2\" content=\"8 minut\" \/>\n<script type=\"application\/ld+json\" class=\"yoast-schema-graph\">{\"@context\":\"https:\/\/schema.org\",\"@graph\":[{\"@type\":\"WebPage\",\"@id\":\"https:\/\/gaudiumetspes-blog.pl\/index.php\/2013\/04\/03\/czego-sie-spodziewamy-po-jezusie\/\",\"url\":\"https:\/\/gaudiumetspes-blog.pl\/index.php\/2013\/04\/03\/czego-sie-spodziewamy-po-jezusie\/\",\"name\":\"Czego si\u0119 spodziewamy po Jezusie?... - Gaudium Et Spes\",\"isPartOf\":{\"@id\":\"https:\/\/gaudiumetspes-blog.pl\/#website\"},\"datePublished\":\"2013-04-03T04:06:00+00:00\",\"dateModified\":\"2019-07-31T10:53:56+00:00\",\"author\":{\"@id\":\"https:\/\/gaudiumetspes-blog.pl\/#\/schema\/person\/1661982992b752dea8dff0d4ed845a65\"},\"breadcrumb\":{\"@id\":\"https:\/\/gaudiumetspes-blog.pl\/index.php\/2013\/04\/03\/czego-sie-spodziewamy-po-jezusie\/#breadcrumb\"},\"inLanguage\":\"pl-PL\",\"potentialAction\":[{\"@type\":\"ReadAction\",\"target\":[\"https:\/\/gaudiumetspes-blog.pl\/index.php\/2013\/04\/03\/czego-sie-spodziewamy-po-jezusie\/\"]}]},{\"@type\":\"BreadcrumbList\",\"@id\":\"https:\/\/gaudiumetspes-blog.pl\/index.php\/2013\/04\/03\/czego-sie-spodziewamy-po-jezusie\/#breadcrumb\",\"itemListElement\":[{\"@type\":\"ListItem\",\"position\":1,\"name\":\"Strona g\u0142\u00f3wna\",\"item\":\"https:\/\/gaudiumetspes-blog.pl\/\"},{\"@type\":\"ListItem\",\"position\":2,\"name\":\"Czego si\u0119 spodziewamy po&nbsp;Jezusie?&#8230;\"}]},{\"@type\":\"WebSite\",\"@id\":\"https:\/\/gaudiumetspes-blog.pl\/#website\",\"url\":\"https:\/\/gaudiumetspes-blog.pl\/\",\"name\":\"Gaudium Et Spes\",\"description\":\"Blog Ks. Jacka Ja\u015bkowskiego\",\"potentialAction\":[{\"@type\":\"SearchAction\",\"target\":{\"@type\":\"EntryPoint\",\"urlTemplate\":\"https:\/\/gaudiumetspes-blog.pl\/?s={search_term_string}\"},\"query-input\":{\"@type\":\"PropertyValueSpecification\",\"valueRequired\":true,\"valueName\":\"search_term_string\"}}],\"inLanguage\":\"pl-PL\"},{\"@type\":\"Person\",\"@id\":\"https:\/\/gaudiumetspes-blog.pl\/#\/schema\/person\/1661982992b752dea8dff0d4ed845a65\",\"name\":\"Ks. Jacek\",\"image\":{\"@type\":\"ImageObject\",\"inLanguage\":\"pl-PL\",\"@id\":\"https:\/\/gaudiumetspes-blog.pl\/#\/schema\/person\/image\/\",\"url\":\"https:\/\/gaudiumetspes-blog.pl\/wp-content\/uploads\/2019\/07\/avatar-JJ-150x150.jpg\",\"contentUrl\":\"https:\/\/gaudiumetspes-blog.pl\/wp-content\/uploads\/2019\/07\/avatar-JJ-150x150.jpg\",\"caption\":\"Ks. Jacek\"},\"description\":\"Witam serdecznie! K\u0142ania si\u0119 Ks. Jacek Ja\u015bkowski. Nie jestem ani kim\u015b wa\u017cnym, ani kim\u015b znanym. Jestem ksi\u0119dzem, kt\u00f3ry po prostu chce rozmawia\u0107. Codzienna kap\u0142a\u0144ska pos\u0142uga pokazuje mi, \u017ce temat\u00f3w do rozm\u00f3w z ksi\u0119dzem jest coraz wi\u0119cej i dzisiaj \u017caden ksi\u0105dz nie mo\u017ce od nich ucieka\u0107, ale - wprost przeciwnie - podejmowa\u0107 nowe wyzwania. To przekonanie sk\u0142oni\u0142o mnie do pr\u00f3by otwarcia tego\u017c bloga, chocia\u017c okazji do rozm\u00f3w na co dzie\u0144 - w konfesjonale i poza nim - na szcz\u0119\u015bcie nie brakuje. My\u015bl\u0119 jednak, \u017ce ten blog b\u0119dzie jeszcze jednym sposobem i przestrzeni\u0105 nawi\u0105zania kontaktu z lud\u017ami dobrej woli, otwartymi na dialog.\",\"url\":\"https:\/\/gaudiumetspes-blog.pl\/index.php\/author\/ks-jacek\/\"}]}<\/script>\n<!-- \/ Yoast SEO plugin. -->","yoast_head_json":{"title":"Czego si\u0119 spodziewamy po Jezusie?... - Gaudium Et Spes","robots":{"index":"index","follow":"follow","max-snippet":"max-snippet:-1","max-image-preview":"max-image-preview:large","max-video-preview":"max-video-preview:-1"},"canonical":"https:\/\/gaudiumetspes-blog.pl\/index.php\/2013\/04\/03\/czego-sie-spodziewamy-po-jezusie\/","og_locale":"pl_PL","og_type":"article","og_title":"Czego si\u0119 spodziewamy po Jezusie?... - Gaudium Et Spes","og_description":"Szcz\u0119\u015b\u0107 Bo\u017ce! Wczorajsze Wasze wpisy, Kochani, zdominowa\u0142a rocznica powrotu do Domu Ojca B\u0142ogos\u0142awionego Jana Paw\u0142a II. To dobrze, bo do Jego Osoby i nauczania ci\u0105gle musimy wraca\u0107. Dlatego proponuj\u0119, aby\u015bmy nie zamykali jeszcze tej dyskusji, ale j\u0105 kontynuowali tak\u017ce dzisiaj&#8230; Oczywi\u015bcie, wszystkie inne tematy tak\u017ce mile widziane. &nbsp; &nbsp; &nbsp; &nbsp;Gaudium et spes! &nbsp;Ks. Jacek [&hellip;]","og_url":"https:\/\/gaudiumetspes-blog.pl\/index.php\/2013\/04\/03\/czego-sie-spodziewamy-po-jezusie\/","og_site_name":"Gaudium Et Spes","article_published_time":"2013-04-03T04:06:00+00:00","article_modified_time":"2019-07-31T10:53:56+00:00","author":"Ks. Jacek","twitter_card":"summary_large_image","twitter_misc":{"Napisane przez":"Ks. Jacek","Szacowany czas czytania":"8 minut"},"schema":{"@context":"https:\/\/schema.org","@graph":[{"@type":"WebPage","@id":"https:\/\/gaudiumetspes-blog.pl\/index.php\/2013\/04\/03\/czego-sie-spodziewamy-po-jezusie\/","url":"https:\/\/gaudiumetspes-blog.pl\/index.php\/2013\/04\/03\/czego-sie-spodziewamy-po-jezusie\/","name":"Czego si\u0119 spodziewamy po Jezusie?... - Gaudium Et Spes","isPartOf":{"@id":"https:\/\/gaudiumetspes-blog.pl\/#website"},"datePublished":"2013-04-03T04:06:00+00:00","dateModified":"2019-07-31T10:53:56+00:00","author":{"@id":"https:\/\/gaudiumetspes-blog.pl\/#\/schema\/person\/1661982992b752dea8dff0d4ed845a65"},"breadcrumb":{"@id":"https:\/\/gaudiumetspes-blog.pl\/index.php\/2013\/04\/03\/czego-sie-spodziewamy-po-jezusie\/#breadcrumb"},"inLanguage":"pl-PL","potentialAction":[{"@type":"ReadAction","target":["https:\/\/gaudiumetspes-blog.pl\/index.php\/2013\/04\/03\/czego-sie-spodziewamy-po-jezusie\/"]}]},{"@type":"BreadcrumbList","@id":"https:\/\/gaudiumetspes-blog.pl\/index.php\/2013\/04\/03\/czego-sie-spodziewamy-po-jezusie\/#breadcrumb","itemListElement":[{"@type":"ListItem","position":1,"name":"Strona g\u0142\u00f3wna","item":"https:\/\/gaudiumetspes-blog.pl\/"},{"@type":"ListItem","position":2,"name":"Czego si\u0119 spodziewamy po&nbsp;Jezusie?&#8230;"}]},{"@type":"WebSite","@id":"https:\/\/gaudiumetspes-blog.pl\/#website","url":"https:\/\/gaudiumetspes-blog.pl\/","name":"Gaudium Et Spes","description":"Blog Ks. Jacka Ja\u015bkowskiego","potentialAction":[{"@type":"SearchAction","target":{"@type":"EntryPoint","urlTemplate":"https:\/\/gaudiumetspes-blog.pl\/?s={search_term_string}"},"query-input":{"@type":"PropertyValueSpecification","valueRequired":true,"valueName":"search_term_string"}}],"inLanguage":"pl-PL"},{"@type":"Person","@id":"https:\/\/gaudiumetspes-blog.pl\/#\/schema\/person\/1661982992b752dea8dff0d4ed845a65","name":"Ks. Jacek","image":{"@type":"ImageObject","inLanguage":"pl-PL","@id":"https:\/\/gaudiumetspes-blog.pl\/#\/schema\/person\/image\/","url":"https:\/\/gaudiumetspes-blog.pl\/wp-content\/uploads\/2019\/07\/avatar-JJ-150x150.jpg","contentUrl":"https:\/\/gaudiumetspes-blog.pl\/wp-content\/uploads\/2019\/07\/avatar-JJ-150x150.jpg","caption":"Ks. Jacek"},"description":"Witam serdecznie! K\u0142ania si\u0119 Ks. Jacek Ja\u015bkowski. Nie jestem ani kim\u015b wa\u017cnym, ani kim\u015b znanym. Jestem ksi\u0119dzem, kt\u00f3ry po prostu chce rozmawia\u0107. Codzienna kap\u0142a\u0144ska pos\u0142uga pokazuje mi, \u017ce temat\u00f3w do rozm\u00f3w z ksi\u0119dzem jest coraz wi\u0119cej i dzisiaj \u017caden ksi\u0105dz nie mo\u017ce od nich ucieka\u0107, ale - wprost przeciwnie - podejmowa\u0107 nowe wyzwania. To przekonanie sk\u0142oni\u0142o mnie do pr\u00f3by otwarcia tego\u017c bloga, chocia\u017c okazji do rozm\u00f3w na co dzie\u0144 - w konfesjonale i poza nim - na szcz\u0119\u015bcie nie brakuje. My\u015bl\u0119 jednak, \u017ce ten blog b\u0119dzie jeszcze jednym sposobem i przestrzeni\u0105 nawi\u0105zania kontaktu z lud\u017ami dobrej woli, otwartymi na dialog.","url":"https:\/\/gaudiumetspes-blog.pl\/index.php\/author\/ks-jacek\/"}]}},"jetpack_featured_media_url":"","jetpack_sharing_enabled":true,"_links":{"self":[{"href":"https:\/\/gaudiumetspes-blog.pl\/index.php\/wp-json\/wp\/v2\/posts\/9166","targetHints":{"allow":["GET"]}}],"collection":[{"href":"https:\/\/gaudiumetspes-blog.pl\/index.php\/wp-json\/wp\/v2\/posts"}],"about":[{"href":"https:\/\/gaudiumetspes-blog.pl\/index.php\/wp-json\/wp\/v2\/types\/post"}],"author":[{"embeddable":true,"href":"https:\/\/gaudiumetspes-blog.pl\/index.php\/wp-json\/wp\/v2\/users\/1"}],"replies":[{"embeddable":true,"href":"https:\/\/gaudiumetspes-blog.pl\/index.php\/wp-json\/wp\/v2\/comments?post=9166"}],"version-history":[{"count":1,"href":"https:\/\/gaudiumetspes-blog.pl\/index.php\/wp-json\/wp\/v2\/posts\/9166\/revisions"}],"predecessor-version":[{"id":11016,"href":"https:\/\/gaudiumetspes-blog.pl\/index.php\/wp-json\/wp\/v2\/posts\/9166\/revisions\/11016"}],"wp:attachment":[{"href":"https:\/\/gaudiumetspes-blog.pl\/index.php\/wp-json\/wp\/v2\/media?parent=9166"}],"wp:term":[{"taxonomy":"category","embeddable":true,"href":"https:\/\/gaudiumetspes-blog.pl\/index.php\/wp-json\/wp\/v2\/categories?post=9166"},{"taxonomy":"post_tag","embeddable":true,"href":"https:\/\/gaudiumetspes-blog.pl\/index.php\/wp-json\/wp\/v2\/tags?post=9166"}],"curies":[{"name":"wp","href":"https:\/\/api.w.org\/{rel}","templated":true}]}}