{"id":9167,"date":"2013-04-02T06:44:00","date_gmt":"2013-04-02T04:44:00","guid":{"rendered":"https:\/\/gaudiumetspes-blog.pl\/index.php\/2013\/04\/02\/coz-mamy-czynic-po-swietac\/"},"modified":"2019-07-31T12:53:56","modified_gmt":"2019-07-31T10:53:56","slug":"coz-mamy-czynic-po-swietac","status":"publish","type":"post","link":"https:\/\/gaudiumetspes-blog.pl\/index.php\/2013\/04\/02\/coz-mamy-czynic-po-swietac\/","title":{"rendered":"C\u00f3\u017c mamy czyni\u0107 &#8211; po \u015awi\u0119tach?&#8230;"},"content":{"rendered":"<p><\/p>\n<div align=\"JUSTIFY\" style=\"margin-bottom: 0cm;\">\nSzcz\u0119\u015b\u0107 Bo\u017ce! Kochani, S\u0142owo Bo\u017ce &#8211; to jakby specjalnie na dzisiaj. Staram si\u0119 na to wskaza\u0107 w dzisiejszym rozwa\u017caniu&#8230; Niech \u015awi\u0119te Triduum Paschalne owocuje w naszej codzienno\u015bci!<\/div>\n<div align=\"JUSTIFY\" style=\"margin-bottom: 0cm;\">\n&nbsp; &nbsp; &nbsp; A dzisiaj &#8211; ju\u017c \u00f3sma rocznica \u015bmierci B\u0142ogos\u0142awionego Jana Paw\u0142a II. Czy pami\u0119tacie tamten dzie\u0144 i tamt\u0105 noc?&#8230; Ja pami\u0119tam&#8230;<\/div>\n<div align=\"JUSTIFY\" style=\"margin-bottom: 0cm;\">\n&nbsp; &nbsp; &nbsp; &nbsp; &nbsp; Gaudium et spes! &nbsp;Ks. Jacek<\/div>\n<div align=\"JUSTIFY\" style=\"margin-bottom: 0cm;\">\n<b><br \/><\/b><\/div>\n<div align=\"JUSTIFY\" style=\"margin-bottom: 0cm;\">\n<b>Wtorek<br \/>\nOktawy Wielkanocy,<\/b><\/div>\n<div align=\"JUSTIFY\" style=\"margin-bottom: 0cm;\">\n<b>do<br \/>\nczyta\u0144:  Dz 2,36\u201341;  J 20,11\u201318<\/b><\/div>\n<div align=\"JUSTIFY\" style=\"margin-bottom: 0cm;\">\n\n<\/div>\n<div align=\"JUSTIFY\" style=\"margin-bottom: 0cm; page-break-before: auto;\">\n<b>CZYTANIE<br \/>\nZ DZIEJ\u00d3W APOSTOLSKICH:<\/b><\/div>\n<div align=\"JUSTIFY\" style=\"margin-bottom: 0cm; text-indent: 1.24cm;\">\n<b>W<br \/>\ndniu Pi\u0119\u0107dziesi\u0105tnicy Piotr m\u00f3wi\u0142 do \u017byd\u00f3w: \u201eNiech ca\u0142y dom<br \/>\nIzraela wie z niewzruszon\u0105 pewno\u015bci\u0105, \u017ce tego Jezusa, kt\u00f3rego<br \/>\nwy\u015bcie ukrzy\u017cowali, uczyni\u0142 B\u00f3g i Panem, i Mesjaszem\u201d. <\/b>\n<\/div>\n<div align=\"JUSTIFY\" style=\"margin-bottom: 0cm; text-indent: 1.24cm;\">\n<b>Gdy<br \/>\nto us\u0142yszeli, przej\u0119li si\u0119 do g\u0142\u0119bi serca i zapytali Piotra i<br \/>\npozosta\u0142ych Aposto\u0142\u00f3w: \u201eC\u00f3\u017c mamy czyni\u0107, bracia?\u201d<br \/>\nPowiedzia\u0142 do nich Piotr: \u201eNawr\u00f3\u0107cie si\u0119 i niech ka\u017cdy z was<br \/>\nochrzci si\u0119 w imi\u0119 Jezusa Chrystusa na odpuszczenie grzech\u00f3w<br \/>\nwaszych, a we\u017amiecie w darze Ducha \u015awi\u0119tego. Bo dla was jest<br \/>\nobietnica i dla dzieci waszych, i dla wszystkich, kt\u00f3rzy s\u0105 daleko,<br \/>\na kt\u00f3rych powo\u0142a Pan B\u00f3g nasz\u201d. <\/b>\n<\/div>\n<div align=\"JUSTIFY\" style=\"margin-bottom: 0cm; text-indent: 1.24cm;\">\n<b>W<br \/>\nwielu te\u017c innych s\u0142owach dawa\u0142 \u015bwiadectwo i napomina\u0142: \u201eRatujcie<br \/>\nsi\u0119 spo\u015br\u00f3d tego przewrotnego pokolenia\u201d. Ci wi\u0119c, kt\u00f3rzy<br \/>\nprzyj\u0119li jego nauk\u0119, zostali ochrzczeni. I przy\u0142\u0105czy\u0142o si\u0119<br \/>\nowego dnia oko\u0142o trzech tysi\u0119cy dusz.<\/b><\/div>\n<div align=\"JUSTIFY\" style=\"margin-bottom: 0cm;\">\n\n<\/div>\n<div align=\"JUSTIFY\" style=\"margin-bottom: 0cm;\">\n<b>S\u0141OWA<br \/>\nEWANGELII WED\u0141UG \u015aWI\u0118TEGO JANA: <\/b>\n<\/div>\n<div align=\"JUSTIFY\" style=\"margin-bottom: 0cm; text-indent: 1.24cm;\">\n<b>Maria<br \/>\nMagdalena sta\u0142a przed grobem p\u0142acz\u0105c. A kiedy tak p\u0142aka\u0142a,<br \/>\nnachyli\u0142a si\u0119 do grobu i ujrza\u0142a dw\u00f3ch anio\u0142\u00f3w w bieli<br \/>\nsiedz\u0105cych, jednego przy g\u0142owie, a drugiego przy nogach, w miejscu,<br \/>\ngdzie le\u017ca\u0142o cia\u0142o Jezusa. <\/b>\n<\/div>\n<div align=\"JUSTIFY\" style=\"margin-bottom: 0cm; text-indent: 1.24cm;\">\n<b>I<br \/>\nrzekli do niej: \u201eNiewiasto, czemu p\u0142aczesz?\u201d Odpowiedzia\u0142a im:<br \/>\n\u201eZabrano Pana mego i nie wiem, gdzie Go po\u0142o\u017cono\u201d. Gdy to<br \/>\npowiedzia\u0142a, odwr\u00f3ci\u0142a si\u0119 i ujrza\u0142a stoj\u0105cego Jezusa, ale nie<br \/>\nwiedzia\u0142a, \u017ce to Jezus. Rzek\u0142 do niej Jezus: \u201eNiewiasto, czemu<br \/>\np\u0142aczesz? Kogo szukasz?\u201d Ona za\u015b s\u0105dz\u0105c, \u017ce to jest ogrodnik,<br \/>\npowiedzia\u0142a do Niego: \u201ePanie, je\u015bli ty Go przenios\u0142e\u015b, powiedz<br \/>\nmi, gdzie Go po\u0142o\u017cy\u0142e\u015b, a ja Go wezm\u0119\u201d. <\/b>\n<\/div>\n<div align=\"JUSTIFY\" style=\"margin-bottom: 0cm; text-indent: 1.24cm;\">\n<b>Jezus<br \/>\nrzek\u0142 do niej: \u201eMario!\u201d A ona obr\u00f3ciwszy si\u0119 powiedzia\u0142a do<br \/>\nNiego po hebrajsku: \u201eRabbuni\u201d, to znaczy: Nauczycielu. Rzek\u0142 do<br \/>\nniej Jezus: \u201eNie zatrzymuj Mnie, jeszcze bowiem nie wst\u0105pi\u0142em do<br \/>\nOjca. Natomiast udaj si\u0119 do moich braci i powiedz im: \u00abWst\u0119puj\u0119<br \/>\ndo Ojca mego i Ojca waszego oraz do Boga mego i Boga waszego\u00bb\u201d. <\/b>\n<\/div>\n<div align=\"JUSTIFY\" style=\"margin-bottom: 0cm; text-indent: 1.24cm;\">\n<b>Posz\u0142a<br \/>\nMaria Magdalena oznajmiaj\u0105c uczniom: \u201eWidzia\u0142am Pana i to mi<br \/>\npowiedzia\u0142\u201d.<\/b><\/div>\n<div align=\"JUSTIFY\" style=\"margin-bottom: 0cm; text-indent: 1.24cm;\">\n\n<\/div>\n<div align=\"JUSTIFY\" style=\"margin-bottom: 0cm; page-break-before: auto; text-indent: 1.24cm;\">\nDzisiaj<br \/>\nrano Pan Redaktor powiedzia\u0142 w szklanym okienku, \u017ce <b>\u015a<\/b><b>wi\u0119ta<br \/>\nmin\u0119\u0142y, a tu si\u0119 wcale nastr\u00f3j ludziom nie poprawi\u0142. <\/b>Bo za<br \/>\noknem tyle \u015bniegu, aura zimowa, dlatego jakie\u015b takie przygn\u0119bienie<br \/>\nwda\u0142o si\u0119 w ludzkie serca. Na szcz\u0119\u015bcie, Pan Redaktor razem z<br \/>\nPani\u0105 Redaktor znale\u017ali <b>spos\u00f3b <\/b><b>na to<\/b><b>, aby<br \/>\npodtrzyma\u0107 na duchu przybity i zasmucony zimow\u0105 aur\u0105 Nar\u00f3d:<\/b><br \/>\not\u00f3\u017c po godzinie si\u00f3dmej do studia zosta\u0142 zaproszony Pan<br \/>\nPsycholog, kt\u00f3ry powie roztrz\u0119sionemu Narodowi, jak sobie z t\u0105<br \/>\ndramatyczn\u0105 sytuacj\u0105 poradzi\u0107&#8230;\n<\/div>\n<div align=\"JUSTIFY\" style=\"margin-bottom: 0cm; text-indent: 1.24cm;\">\nJaki<br \/>\nwniosek nasuwa si\u0119 od razu? Bardzo prosty. Z ca\u0142\u0105 pewno\u015bci\u0105 tego<br \/>\ntypu rozmowy i dzia\u0142ania nasuwaj\u0105 skojarzenie <b>z zewn\u0119trznym<br \/>\ntylko prze\u017cywaniem \u015awi\u0105t<\/b> i sprowadzeniem ich jedynie do<br \/>\nspotkania rodzinnego i dobrego obiadu. Wszystko to wczoraj po<br \/>\npo\u0142udniu, albo w najlepszym razie wieczorem sko\u0144czy\u0142o si\u0119 <b>i<br \/>\npozosta\u0142a jedynie po\u015bwi\u0105teczna chandra,<\/b> kt\u00f3r\u0105 najtrafniej<br \/>\ncharakteryzuje odwiecznie znane przys\u0142owie: \u201e\u015awi\u0119ta, \u015awi\u0119ta i<br \/>\npo \u015awi\u0119tach&#8230;\u201d.\n<\/div>\n<div align=\"JUSTIFY\" style=\"margin-bottom: 0cm; text-indent: 1.24cm;\">\nBy\u0107<br \/>\nmo\u017ce, w\u0142a\u015bnie <b>na takie sytuacje przygotowa\u0142 si\u0119 Ko\u015bci\u00f3\u0142,<\/b><br \/>\ndlatego w pierwszy dzie\u0144 po rodzinnym i takim tradycyjnym<br \/>\n\u015bwi\u0119towaniu daje nam S\u0142owo, a w nim jak\u017ce trafne i jak\u017ce<br \/>\npotrzebne w ca\u0142ym tym kontek\u015bcie pytanie: <i><b>C\u00f3\u017c<br \/>\nmamy czyni\u0107, bracia<\/b><\/i><b>?<br \/>\n<\/b>\n<\/div>\n<div align=\"JUSTIFY\" style=\"margin-bottom: 0cm; text-indent: 1.24cm;\">\nOt\u00f3\u017c<br \/>\nw\u0142a\u015bnie, prze\u017cyli\u015bmy \u015awi\u0119ta, niekt\u00f3rzy z nas prze\u017cyli je w<br \/>\nspos\u00f3b bardzo religijny, uczestnicz\u0105c we wszystkich etapach M\u0119ki<br \/>\nPa\u0144skiej, a\u017c do chwalebnego Zmartwychwstania, <b>w<br \/>\ntrakcie \u015awi\u0119tego Triduum Paschalnego<\/b><br \/>\n\u2013 i oto dzisiaj powracamy do tak zwanej szarej codzienno\u015bci z<br \/>\npytaniem: <b>Co<br \/>\nteraz robi\u0107? Co czyni\u0107? Jak te wszystkie prze\u017cycia przemieni\u0107 na<br \/>\nkonkretne dobro w codzienno\u015bci?<\/b>&#8230;<\/p>\n<\/div>\n<div align=\"JUSTIFY\" style=\"margin-bottom: 0cm; text-indent: 1.24cm;\">\nTyle,<br \/>\n\u017ce tutaj od razu pojawia si\u0119 pierwsza i zasadnicza refleksja, czy<br \/>\njest co przemienia\u0107?<br \/>\nBo je\u015bli<br \/>\nzabrak\u0142o g\u0142\u0119bszych prze\u017cy\u0107 religijnych, <b>to<\/b><b><br \/>\nco tu mo\u017cna przemienia\u0107? Wspomnienia?<\/b><br \/>\nPewnie tak, bo <b>jak<br \/>\nsi\u0119 nie ma, co si\u0119 lubi, to si\u0119 lubi, co si\u0119 ma<\/b><br \/>\n\u2013 jak ujmuje to inne odwiecznie znane przys\u0142owie. Jednak ci<br \/>\nwszyscy, kt\u00f3rzy prze\u017cyli co\u015b wi\u0119cej, kt\u00f3rzy prze\u017cyli co\u015b na<br \/>\np\u0142aszczy\u017anie religijnej, ci wszyscy <b>maj\u0105<br \/>\nz ca\u0142\u0105 pewno\u015bci\u0105 wi\u0119cej mo\u017cliwo\u015bci bogatszego duchowo \u017cycia.<\/b><\/p>\n<\/div>\n<div align=\"JUSTIFY\" style=\"margin-bottom: 0cm; text-indent: 1.24cm;\">\nI<br \/>\nto w\u0142a\u015bnie oni zapewne us\u0142ysz\u0105 odpowied\u017a Piotra na postawione mu<br \/>\npytanie \u2013 odpowied\u017a wyra\u017con\u0105 w s\u0142owach: <i><b>Nawr\u00f3\u0107cie<br \/>\nsi\u0119 i niech ka\u017cdy z was ochrzci si\u0119 w imi\u0119 Jezusa Chrystusa na<br \/>\nodpuszczenie grzech\u00f3w waszych, a we\u017amiecie w darze Ducha \u015awi\u0119tego<\/b><\/i><b>.<br \/>\n<\/b>A<br \/>\ntak\u017ce: <i><b>Ratujcie<br \/>\nsi\u0119 spo\u015br\u00f3d tego przewrotnego pokolenia<\/b><\/i><b>!<\/b><\/div>\n<div align=\"JUSTIFY\" style=\"margin-bottom: 0cm; text-indent: 1.24cm;\">\nOczywi\u015bcie,<br \/>\nmy wszyscy jeste\u015bmy ochrzczeni, dlatego t\u0119 zach\u0119t\u0119 winni\u015bmy<br \/>\nrozumie\u0107 tak, \u017ce <b>mamy<br \/>\npowraca\u0107 do momentu Chrztu, mamy u\u015bwiadamia\u0107 sobie na nowo p\u0142yn\u0105ce<br \/>\nz tego faktu wybranie, ale i zobowi\u0105zanie,<\/b><br \/>\na wreszcie \u2013 <b>mamy<br \/>\nsi\u0119 ci\u0105gle nawraca\u0107<\/b><br \/>\ni ratowa\u0107 z tego przewrotnego pokolenia, a zatem stara\u0107 si\u0119<br \/>\n<b>inaczej<br \/>\nmy\u015ble\u0107 i inaczej post\u0119powa\u0107,<\/b><br \/>\nani\u017celi post\u0119puj\u0105 dzisiaj ludzie i inaczej, ni\u017c si\u0119 samemu<br \/>\npost\u0119powa\u0142o do tej pory.\n<\/div>\n<div align=\"JUSTIFY\" style=\"margin-bottom: 0cm; text-indent: 1.24cm;\">\nKochani,<br \/>\nta<br \/>\nnasza tak zwana szara codzienno\u015b\u0107 po prze\u017cyciach \u015awi\u0119tego<br \/>\nTriduum Paschalnego, mo\u017ce by\u0107 naprawd\u0119 inna. I to bez wzgl\u0119du na<br \/>\nto, czy za oknami widzimy warstw\u0119 \u015bniegu, czy pi\u0119kne wiosenne<br \/>\nkrajobrazy. Dlaczego? Bo ci, kt\u00f3rzy po Bo\u017cemu prze\u017cyli te dni,<br \/>\n<b>maj\u0105<br \/>\nwiosn\u0119 w swoich sercach! To s\u0105 ludzie odnowieni! To s\u0105 ludzie<br \/>\n\u015bwie\u017co my\u015bl\u0105cy, ja\u015bniej patrz\u0105cy na ca\u0142e otoczenie i na<br \/>\nsprawy, kt\u00f3re trzeba podj\u0105\u0107.<\/b><br \/>\nTe same sprawy i te same problemy, co dotychczas, ale podj\u0119te z now\u0105<br \/>\nsi\u0142\u0105 i nowym zapa\u0142em.<\/div>\n<div align=\"JUSTIFY\" style=\"margin-bottom: 0cm; text-indent: 1.24cm;\">\nMoi<br \/>\nDrodzy, <b>czy<br \/>\nto o nas mowa?<\/b>&#8230;<br \/>\nJe\u017celi nawet nie od razu jeste\u015bmy w stanie tak o sobie powiedzie\u0107,<br \/>\nto na pewno \u2013 je\u017celi prze\u017cyli\u015bmy \u015awi\u0119te Triduum Paschalne tak,<br \/>\njak ludzie wierz\u0105cy, a nie jak konsumenci supermarket\u00f3w \u2013<br \/>\n<b>b\u0119dziemy<br \/>\nw tym w\u0142a\u015bciwym kierunku zmieniali swoje my\u015blenie.<\/b><br \/>\nTen proces od dzisiaj b\u0119dzie si\u0119 dokonywa\u0142.\n<\/div>\n<div align=\"JUSTIFY\" style=\"margin-bottom: 0cm; text-indent: 1.24cm;\">\nOto<br \/>\nbowiem w tych naj\u015bwi\u0119tszych i najwa\u017cniejszych dniach sta\u0142o<br \/>\nsi\u0119 co\u015b jeszcze, <b>co\u015b<br \/>\nbardzo wa\u017cnego,<\/b><br \/>\nna co te\u017c zwraca nam uwag\u0119 Liturgia S\u0142owa dzisiejszego dnia.<br \/>\nUs\u0142yszeli\u015bmy w Ewangelii,<br \/>\njak to Maria Magdalena sta\u0142a przed grobem p\u0142acz\u0105c. <b>I<br \/>\nnawet pomimo tego, \u017ce rozmawia\u0142a z Jezusem, to dalej by\u0142a<br \/>\nprzygn\u0119biona i zasmucona, bo Go nie pozna\u0142a.<\/b><br \/>\nWiemy bowiem, \u017ce Cia\u0142o Jezusa po Zmartwychwstaniu by\u0142o w jaki\u015b<br \/>\nspos\u00f3b inne: by\u0142o ono przemienione, uwielbione&#8230; Tak samo b\u0119d\u0105<br \/>\nwygl\u0105da\u0142y nasze cia\u0142a po zmartwychwstaniu na ko\u0144cu czas\u00f3w.\n<\/div>\n<div align=\"JUSTIFY\" style=\"margin-bottom: 0cm; text-indent: 1.24cm;\">\nW<br \/>\nka\u017cdym razie, Maria nie pozna\u0142a Jezusa. My\u015bla\u0142a, \u017ce to ogrodnik.<br \/>\nA kiedy Go pozna\u0142a? Zauwa\u017cmy: <b>kiedy<br \/>\nJezus zwr\u00f3ci\u0142 si\u0119 do niej po imieniu! Kiedy poruszy\u0142 najbardziej<br \/>\nwewn\u0119trzn\u0105 sfer\u0119 jej duszy, kiedy dotkn\u0105\u0142 jej serca w spos\u00f3b<br \/>\ntak bardzo indywidualny i osobisty.<\/b><br \/>\nWtedy Maria Go pozna\u0142a i ca\u0142a rzeczywisto\u015b\u0107 zaja\u015bnia\u0142a jej<br \/>\nnowym blaskiem.\n<\/div>\n<div align=\"JUSTIFY\" style=\"margin-bottom: 0cm; text-indent: 1.24cm;\">\nKochani,<br \/>\nnasza codzienno\u015b\u0107 \u2013 cz\u0119sto dotkni\u0119ta tyloma smutkami i<br \/>\nproblemami \u2013 te\u017c mo\u017ce zaja\u015bnie\u0107 nowym blaskiem, a stanie si\u0119<br \/>\nto tym pewniej i tym skuteczniej, im bardziej w tych dniach uda\u0142o<br \/>\nnam si\u0119 nawi\u0105za\u0107 <b>osobist\u0105<br \/>\ni bezpo\u015bredni\u0105 wi\u0119\u017a z Jezusem.<\/b><br \/>\nTak\u0105 wi\u0119\u017a \u2013 jak by\u015bmy powiedzieli \u2013 <b>po<br \/>\nimieniu.<\/b><br \/>\nA wtedy nie pozostaje ju\u017c nic innego, jak tylko ratowa\u0107 si\u0119 z tego<br \/>\nprzewrotnego pokolenia. Bo ju\u017c wiadomo, jak i u kogo. U kogo? <b>U<br \/>\nJezusa Zmartwychwsta\u0142ego!<\/b><\/div>\n","protected":false},"excerpt":{"rendered":"<p>Szcz\u0119\u015b\u0107 Bo\u017ce! Kochani, S\u0142owo Bo\u017ce &#8211; to jakby specjalnie na dzisiaj. Staram si\u0119 na to wskaza\u0107 w dzisiejszym rozwa\u017caniu&#8230; Niech \u015awi\u0119te Triduum Paschalne owocuje w naszej codzienno\u015bci! &nbsp; &nbsp; &nbsp; A dzisiaj &#8211; ju\u017c \u00f3sma rocznica \u015bmierci B\u0142ogos\u0142awionego Jana Paw\u0142a II. Czy pami\u0119tacie tamten dzie\u0144 i tamt\u0105 noc?&#8230; Ja pami\u0119tam&#8230; &nbsp; &nbsp; &nbsp; &nbsp; &nbsp; [&hellip;]<\/p>\n","protected":false},"author":1,"featured_media":0,"comment_status":"open","ping_status":"open","sticky":false,"template":"","format":"standard","meta":{"jetpack_post_was_ever_published":false,"_jetpack_newsletter_access":"","_jetpack_dont_email_post_to_subs":false,"_jetpack_newsletter_tier_id":0,"_jetpack_memberships_contains_paywalled_content":false,"_jetpack_memberships_contains_paid_content":false,"footnotes":""},"categories":[1],"tags":[],"class_list":["post-9167","post","type-post","status-publish","format-standard","hentry","category-bez-kategorii"],"yoast_head":"<!-- This site is optimized with the Yoast SEO plugin v25.1 - https:\/\/yoast.com\/wordpress\/plugins\/seo\/ -->\n<title>C\u00f3\u017c mamy czyni\u0107 - po \u015awi\u0119tach?... - Gaudium Et Spes<\/title>\n<meta name=\"robots\" content=\"index, follow, max-snippet:-1, max-image-preview:large, max-video-preview:-1\" \/>\n<link rel=\"canonical\" href=\"https:\/\/gaudiumetspes-blog.pl\/index.php\/2013\/04\/02\/coz-mamy-czynic-po-swietac\/\" \/>\n<meta property=\"og:locale\" content=\"pl_PL\" \/>\n<meta property=\"og:type\" content=\"article\" \/>\n<meta property=\"og:title\" content=\"C\u00f3\u017c mamy czyni\u0107 - po \u015awi\u0119tach?... - Gaudium Et Spes\" \/>\n<meta property=\"og:description\" content=\"Szcz\u0119\u015b\u0107 Bo\u017ce! Kochani, S\u0142owo Bo\u017ce &#8211; to jakby specjalnie na dzisiaj. Staram si\u0119 na to wskaza\u0107 w dzisiejszym rozwa\u017caniu&#8230; Niech \u015awi\u0119te Triduum Paschalne owocuje w naszej codzienno\u015bci! &nbsp; &nbsp; &nbsp; A dzisiaj &#8211; ju\u017c \u00f3sma rocznica \u015bmierci B\u0142ogos\u0142awionego Jana Paw\u0142a II. Czy pami\u0119tacie tamten dzie\u0144 i tamt\u0105 noc?&#8230; Ja pami\u0119tam&#8230; &nbsp; &nbsp; &nbsp; &nbsp; &nbsp; [&hellip;]\" \/>\n<meta property=\"og:url\" content=\"https:\/\/gaudiumetspes-blog.pl\/index.php\/2013\/04\/02\/coz-mamy-czynic-po-swietac\/\" \/>\n<meta property=\"og:site_name\" content=\"Gaudium Et Spes\" \/>\n<meta property=\"article:published_time\" content=\"2013-04-02T04:44:00+00:00\" \/>\n<meta property=\"article:modified_time\" content=\"2019-07-31T10:53:56+00:00\" \/>\n<meta name=\"author\" content=\"Ks. Jacek\" \/>\n<meta name=\"twitter:card\" content=\"summary_large_image\" \/>\n<meta name=\"twitter:label1\" content=\"Napisane przez\" \/>\n\t<meta name=\"twitter:data1\" content=\"Ks. Jacek\" \/>\n\t<meta name=\"twitter:label2\" content=\"Szacowany czas czytania\" \/>\n\t<meta name=\"twitter:data2\" content=\"7 minut\" \/>\n<script type=\"application\/ld+json\" class=\"yoast-schema-graph\">{\"@context\":\"https:\/\/schema.org\",\"@graph\":[{\"@type\":\"WebPage\",\"@id\":\"https:\/\/gaudiumetspes-blog.pl\/index.php\/2013\/04\/02\/coz-mamy-czynic-po-swietac\/\",\"url\":\"https:\/\/gaudiumetspes-blog.pl\/index.php\/2013\/04\/02\/coz-mamy-czynic-po-swietac\/\",\"name\":\"C\u00f3\u017c mamy czyni\u0107 - po \u015awi\u0119tach?... - Gaudium Et Spes\",\"isPartOf\":{\"@id\":\"https:\/\/gaudiumetspes-blog.pl\/#website\"},\"datePublished\":\"2013-04-02T04:44:00+00:00\",\"dateModified\":\"2019-07-31T10:53:56+00:00\",\"author\":{\"@id\":\"https:\/\/gaudiumetspes-blog.pl\/#\/schema\/person\/1661982992b752dea8dff0d4ed845a65\"},\"breadcrumb\":{\"@id\":\"https:\/\/gaudiumetspes-blog.pl\/index.php\/2013\/04\/02\/coz-mamy-czynic-po-swietac\/#breadcrumb\"},\"inLanguage\":\"pl-PL\",\"potentialAction\":[{\"@type\":\"ReadAction\",\"target\":[\"https:\/\/gaudiumetspes-blog.pl\/index.php\/2013\/04\/02\/coz-mamy-czynic-po-swietac\/\"]}]},{\"@type\":\"BreadcrumbList\",\"@id\":\"https:\/\/gaudiumetspes-blog.pl\/index.php\/2013\/04\/02\/coz-mamy-czynic-po-swietac\/#breadcrumb\",\"itemListElement\":[{\"@type\":\"ListItem\",\"position\":1,\"name\":\"Strona g\u0142\u00f3wna\",\"item\":\"https:\/\/gaudiumetspes-blog.pl\/\"},{\"@type\":\"ListItem\",\"position\":2,\"name\":\"C\u00f3\u017c mamy czyni\u0107 &#8211; po&nbsp;\u015awi\u0119tach?&#8230;\"}]},{\"@type\":\"WebSite\",\"@id\":\"https:\/\/gaudiumetspes-blog.pl\/#website\",\"url\":\"https:\/\/gaudiumetspes-blog.pl\/\",\"name\":\"Gaudium Et Spes\",\"description\":\"Blog Ks. Jacka Ja\u015bkowskiego\",\"potentialAction\":[{\"@type\":\"SearchAction\",\"target\":{\"@type\":\"EntryPoint\",\"urlTemplate\":\"https:\/\/gaudiumetspes-blog.pl\/?s={search_term_string}\"},\"query-input\":{\"@type\":\"PropertyValueSpecification\",\"valueRequired\":true,\"valueName\":\"search_term_string\"}}],\"inLanguage\":\"pl-PL\"},{\"@type\":\"Person\",\"@id\":\"https:\/\/gaudiumetspes-blog.pl\/#\/schema\/person\/1661982992b752dea8dff0d4ed845a65\",\"name\":\"Ks. Jacek\",\"image\":{\"@type\":\"ImageObject\",\"inLanguage\":\"pl-PL\",\"@id\":\"https:\/\/gaudiumetspes-blog.pl\/#\/schema\/person\/image\/\",\"url\":\"https:\/\/gaudiumetspes-blog.pl\/wp-content\/uploads\/2019\/07\/avatar-JJ-150x150.jpg\",\"contentUrl\":\"https:\/\/gaudiumetspes-blog.pl\/wp-content\/uploads\/2019\/07\/avatar-JJ-150x150.jpg\",\"caption\":\"Ks. Jacek\"},\"description\":\"Witam serdecznie! K\u0142ania si\u0119 Ks. Jacek Ja\u015bkowski. Nie jestem ani kim\u015b wa\u017cnym, ani kim\u015b znanym. Jestem ksi\u0119dzem, kt\u00f3ry po prostu chce rozmawia\u0107. Codzienna kap\u0142a\u0144ska pos\u0142uga pokazuje mi, \u017ce temat\u00f3w do rozm\u00f3w z ksi\u0119dzem jest coraz wi\u0119cej i dzisiaj \u017caden ksi\u0105dz nie mo\u017ce od nich ucieka\u0107, ale - wprost przeciwnie - podejmowa\u0107 nowe wyzwania. To przekonanie sk\u0142oni\u0142o mnie do pr\u00f3by otwarcia tego\u017c bloga, chocia\u017c okazji do rozm\u00f3w na co dzie\u0144 - w konfesjonale i poza nim - na szcz\u0119\u015bcie nie brakuje. My\u015bl\u0119 jednak, \u017ce ten blog b\u0119dzie jeszcze jednym sposobem i przestrzeni\u0105 nawi\u0105zania kontaktu z lud\u017ami dobrej woli, otwartymi na dialog.\",\"url\":\"https:\/\/gaudiumetspes-blog.pl\/index.php\/author\/ks-jacek\/\"}]}<\/script>\n<!-- \/ Yoast SEO plugin. -->","yoast_head_json":{"title":"C\u00f3\u017c mamy czyni\u0107 - po \u015awi\u0119tach?... - Gaudium Et Spes","robots":{"index":"index","follow":"follow","max-snippet":"max-snippet:-1","max-image-preview":"max-image-preview:large","max-video-preview":"max-video-preview:-1"},"canonical":"https:\/\/gaudiumetspes-blog.pl\/index.php\/2013\/04\/02\/coz-mamy-czynic-po-swietac\/","og_locale":"pl_PL","og_type":"article","og_title":"C\u00f3\u017c mamy czyni\u0107 - po \u015awi\u0119tach?... - Gaudium Et Spes","og_description":"Szcz\u0119\u015b\u0107 Bo\u017ce! Kochani, S\u0142owo Bo\u017ce &#8211; to jakby specjalnie na dzisiaj. Staram si\u0119 na to wskaza\u0107 w dzisiejszym rozwa\u017caniu&#8230; Niech \u015awi\u0119te Triduum Paschalne owocuje w naszej codzienno\u015bci! &nbsp; &nbsp; &nbsp; A dzisiaj &#8211; ju\u017c \u00f3sma rocznica \u015bmierci B\u0142ogos\u0142awionego Jana Paw\u0142a II. Czy pami\u0119tacie tamten dzie\u0144 i tamt\u0105 noc?&#8230; Ja pami\u0119tam&#8230; &nbsp; &nbsp; &nbsp; &nbsp; &nbsp; [&hellip;]","og_url":"https:\/\/gaudiumetspes-blog.pl\/index.php\/2013\/04\/02\/coz-mamy-czynic-po-swietac\/","og_site_name":"Gaudium Et Spes","article_published_time":"2013-04-02T04:44:00+00:00","article_modified_time":"2019-07-31T10:53:56+00:00","author":"Ks. Jacek","twitter_card":"summary_large_image","twitter_misc":{"Napisane przez":"Ks. Jacek","Szacowany czas czytania":"7 minut"},"schema":{"@context":"https:\/\/schema.org","@graph":[{"@type":"WebPage","@id":"https:\/\/gaudiumetspes-blog.pl\/index.php\/2013\/04\/02\/coz-mamy-czynic-po-swietac\/","url":"https:\/\/gaudiumetspes-blog.pl\/index.php\/2013\/04\/02\/coz-mamy-czynic-po-swietac\/","name":"C\u00f3\u017c mamy czyni\u0107 - po \u015awi\u0119tach?... - Gaudium Et Spes","isPartOf":{"@id":"https:\/\/gaudiumetspes-blog.pl\/#website"},"datePublished":"2013-04-02T04:44:00+00:00","dateModified":"2019-07-31T10:53:56+00:00","author":{"@id":"https:\/\/gaudiumetspes-blog.pl\/#\/schema\/person\/1661982992b752dea8dff0d4ed845a65"},"breadcrumb":{"@id":"https:\/\/gaudiumetspes-blog.pl\/index.php\/2013\/04\/02\/coz-mamy-czynic-po-swietac\/#breadcrumb"},"inLanguage":"pl-PL","potentialAction":[{"@type":"ReadAction","target":["https:\/\/gaudiumetspes-blog.pl\/index.php\/2013\/04\/02\/coz-mamy-czynic-po-swietac\/"]}]},{"@type":"BreadcrumbList","@id":"https:\/\/gaudiumetspes-blog.pl\/index.php\/2013\/04\/02\/coz-mamy-czynic-po-swietac\/#breadcrumb","itemListElement":[{"@type":"ListItem","position":1,"name":"Strona g\u0142\u00f3wna","item":"https:\/\/gaudiumetspes-blog.pl\/"},{"@type":"ListItem","position":2,"name":"C\u00f3\u017c mamy czyni\u0107 &#8211; po&nbsp;\u015awi\u0119tach?&#8230;"}]},{"@type":"WebSite","@id":"https:\/\/gaudiumetspes-blog.pl\/#website","url":"https:\/\/gaudiumetspes-blog.pl\/","name":"Gaudium Et Spes","description":"Blog Ks. Jacka Ja\u015bkowskiego","potentialAction":[{"@type":"SearchAction","target":{"@type":"EntryPoint","urlTemplate":"https:\/\/gaudiumetspes-blog.pl\/?s={search_term_string}"},"query-input":{"@type":"PropertyValueSpecification","valueRequired":true,"valueName":"search_term_string"}}],"inLanguage":"pl-PL"},{"@type":"Person","@id":"https:\/\/gaudiumetspes-blog.pl\/#\/schema\/person\/1661982992b752dea8dff0d4ed845a65","name":"Ks. Jacek","image":{"@type":"ImageObject","inLanguage":"pl-PL","@id":"https:\/\/gaudiumetspes-blog.pl\/#\/schema\/person\/image\/","url":"https:\/\/gaudiumetspes-blog.pl\/wp-content\/uploads\/2019\/07\/avatar-JJ-150x150.jpg","contentUrl":"https:\/\/gaudiumetspes-blog.pl\/wp-content\/uploads\/2019\/07\/avatar-JJ-150x150.jpg","caption":"Ks. Jacek"},"description":"Witam serdecznie! K\u0142ania si\u0119 Ks. Jacek Ja\u015bkowski. Nie jestem ani kim\u015b wa\u017cnym, ani kim\u015b znanym. Jestem ksi\u0119dzem, kt\u00f3ry po prostu chce rozmawia\u0107. Codzienna kap\u0142a\u0144ska pos\u0142uga pokazuje mi, \u017ce temat\u00f3w do rozm\u00f3w z ksi\u0119dzem jest coraz wi\u0119cej i dzisiaj \u017caden ksi\u0105dz nie mo\u017ce od nich ucieka\u0107, ale - wprost przeciwnie - podejmowa\u0107 nowe wyzwania. To przekonanie sk\u0142oni\u0142o mnie do pr\u00f3by otwarcia tego\u017c bloga, chocia\u017c okazji do rozm\u00f3w na co dzie\u0144 - w konfesjonale i poza nim - na szcz\u0119\u015bcie nie brakuje. My\u015bl\u0119 jednak, \u017ce ten blog b\u0119dzie jeszcze jednym sposobem i przestrzeni\u0105 nawi\u0105zania kontaktu z lud\u017ami dobrej woli, otwartymi na dialog.","url":"https:\/\/gaudiumetspes-blog.pl\/index.php\/author\/ks-jacek\/"}]}},"jetpack_featured_media_url":"","jetpack_sharing_enabled":true,"_links":{"self":[{"href":"https:\/\/gaudiumetspes-blog.pl\/index.php\/wp-json\/wp\/v2\/posts\/9167","targetHints":{"allow":["GET"]}}],"collection":[{"href":"https:\/\/gaudiumetspes-blog.pl\/index.php\/wp-json\/wp\/v2\/posts"}],"about":[{"href":"https:\/\/gaudiumetspes-blog.pl\/index.php\/wp-json\/wp\/v2\/types\/post"}],"author":[{"embeddable":true,"href":"https:\/\/gaudiumetspes-blog.pl\/index.php\/wp-json\/wp\/v2\/users\/1"}],"replies":[{"embeddable":true,"href":"https:\/\/gaudiumetspes-blog.pl\/index.php\/wp-json\/wp\/v2\/comments?post=9167"}],"version-history":[{"count":1,"href":"https:\/\/gaudiumetspes-blog.pl\/index.php\/wp-json\/wp\/v2\/posts\/9167\/revisions"}],"predecessor-version":[{"id":11015,"href":"https:\/\/gaudiumetspes-blog.pl\/index.php\/wp-json\/wp\/v2\/posts\/9167\/revisions\/11015"}],"wp:attachment":[{"href":"https:\/\/gaudiumetspes-blog.pl\/index.php\/wp-json\/wp\/v2\/media?parent=9167"}],"wp:term":[{"taxonomy":"category","embeddable":true,"href":"https:\/\/gaudiumetspes-blog.pl\/index.php\/wp-json\/wp\/v2\/categories?post=9167"},{"taxonomy":"post_tag","embeddable":true,"href":"https:\/\/gaudiumetspes-blog.pl\/index.php\/wp-json\/wp\/v2\/tags?post=9167"}],"curies":[{"name":"wp","href":"https:\/\/api.w.org\/{rel}","templated":true}]}}