{"id":9170,"date":"2013-03-30T08:22:00","date_gmt":"2013-03-30T07:22:00","guid":{"rendered":"https:\/\/gaudiumetspes-blog.pl\/index.php\/2013\/03\/30\/wielka-cisza\/"},"modified":"2019-07-31T12:53:56","modified_gmt":"2019-07-31T10:53:56","slug":"wielka-cisza","status":"publish","type":"post","link":"https:\/\/gaudiumetspes-blog.pl\/index.php\/2013\/03\/30\/wielka-cisza\/","title":{"rendered":"Wielka cisza&#8230;"},"content":{"rendered":"<p><\/p>\n<div style=\"line-height: 0.53cm; margin-bottom: 0cm; text-align: justify;\">\nNiech b\u0119dzie pochwalony Jezus Chrystus! Kochani, dzisiaj Wielka Sobota. Nie ma formularza Mszy \u015awi\u0119tej wielkosobotniej, nie ma te\u017c wi\u0119c przeznaczonych na dzisiaj czyta\u0144. Dlatego proponuj\u0119 do refleksji s\u0142owa, kt\u00f3re najmocniej chyba przemawiaj\u0105 w chwili, kiedy si\u0119 kl\u0119ka przed Grobem Jezusa &#8211; Psalm 51, czyli modlitw\u0119 pokutnika&#8230;&nbsp;<\/div>\n<div style=\"line-height: 0.53cm; margin-bottom: 0cm; text-align: justify;\">\n&nbsp; &nbsp; Kochani, dzisiaj jeszcze du\u017co przygotowa\u0144 w naszych domach, w ko\u015bcio\u0142ach du\u017co pracy w zwi\u0105zku z przygotowaniem Liturgii Wigilii Paschalnej, p\u00f3jdziemy te\u017c do ko\u015bcio\u0142a z koszyczkiem, aby po\u015bwi\u0119ci\u0107 pokarmy. Ale prosz\u0119 &#8211; najmocniej, jak potrafi\u0119 &#8211; niech w tym wszystkim nie zabraknie chocia\u017c chwili na zatrzymanie przed Panem, wystawionym w Grobie, aby&#8230; si\u0119 wyciszy\u0107&#8230;&nbsp;<\/div>\n<div style=\"line-height: 0.53cm; margin-bottom: 0cm; text-align: justify;\">\n&nbsp; &nbsp; Pozw\u00f3lmy sobie na chwil\u0119 ciszy&#8230; Takiej wielkiej, prawdziwej, g\u0142\u0119bokiej &#8211; ciszy&#8230; I niech w tej ciszy m\u00f3wi\u0105 nasze serca&#8230;&nbsp;<\/div>\n<div style=\"line-height: 0.53cm; margin-bottom: 0cm; text-align: justify;\">\n&nbsp; &nbsp; &nbsp; &nbsp; &nbsp; Gaudium et spes! &nbsp;Ks. Jacek<\/div>\n<div align=\"LEFT\" style=\"line-height: 0.53cm; margin-bottom: 0cm;\">\n<b><br \/><\/b><\/div>\n<div align=\"LEFT\" style=\"line-height: 0.53cm; margin-bottom: 0cm;\">\n<b><br \/><\/b><\/div>\n<div align=\"LEFT\" style=\"line-height: 0.53cm; margin-bottom: 0cm;\">\n<a href=\"\" name=\"W10\"><\/a><a href=\"\" name=\"W11\"><\/a><a href=\"\" name=\"W12\"><\/a><a href=\"\" name=\"W13\"><\/a><a href=\"\" name=\"W14\"><\/a><a href=\"\" name=\"W15\"><\/a><a href=\"\" name=\"W16\"><\/a><a href=\"\" name=\"W17\"><\/a><a href=\"\" name=\"W18\"><\/a><a href=\"\" name=\"W19\"><\/a><a href=\"\" name=\"W20\"><\/a><a href=\"\" name=\"W21\"><\/a><br \/>\n<b>Zmi\u0142uj<br \/>\nsi\u0119 nade mn\u0105, Bo\u017ce, w swojej \u0142askawo\u015bci,<\/b><b><br \/><\/b><b>w<br \/>\nogromie swego mi\u0142osierdzia wyma\u017c moj\u0105 nieprawo\u015b\u0107!<\/b><b><br \/><\/b><b>Obmyj<br \/>\nmnie zupe\u0142nie z mojej winy<\/b><b><br \/><\/b><b>i<br \/>\noczy\u015b\u0107 mnie z grzechu mojego!<\/b><b><br \/><\/b><b>Uznaj\u0119<br \/>\nbowiem moj\u0105 nieprawo\u015b\u0107,<\/b><b><br \/><\/b><b>a<br \/>\ngrzech m\u00f3j jest zawsze przede mn\u0105.<\/b><b><br \/><\/b><b>Tylko<br \/>\nprzeciw Tobie zgrzeszy\u0142em<\/b><b><br \/><\/b><b>i<br \/>\nuczyni\u0142em, co z\u0142e jest przed Tob\u0105,<\/b><b><br \/><\/b><b>tak<br \/>\n\u017ce si\u0119 okazujesz sprawiedliwym w swym wyroku<\/b><b><br \/><\/b><b>i<br \/>\nprawym w swoim os\u0105dzie<\/b><b>.<\/b><b><br \/><\/b><b>Oto<br \/>\nzrodzony jestem w przewinieniu<\/b><b><br \/><\/b><b>i<br \/>\nw grzechu pocz\u0119\u0142a mnie matka<\/b><b>.<\/b><b><br \/><\/b><b>Oto<br \/>\nTy masz upodobanie w ukrytej prawdzie,<\/b><b><br \/><\/b><b>naucz<br \/>\nmnie tajnik\u00f3w m\u0105dro\u015bc<\/b><b>i.<\/b><b><br \/><\/b><b>Pokrop<br \/>\nmnie hizopem, a stan\u0119 si\u0119 czysty,<\/b><b><br \/><\/b><b>obmyj<br \/>\nmnie, a nad \u015bnieg wybielej\u0119.<\/b><b><br \/><\/b><b>Spraw,<br \/>\nbym us\u0142ysza\u0142 rado\u015b\u0107 i wesele:<\/b><b><br \/><\/b><b>niech<br \/>\nsi\u0119 raduj\u0105 ko\u015bci, kt\u00f3re\u015b skruszy\u0142!<\/b><b><br \/><\/b><b>Odwr\u00f3\u0107<br \/>\noblicze swe od moich grzech\u00f3w<\/b><b><br \/><\/b><b>i<br \/>\nwyma\u017c wszystkie moje przewinienia!<\/b><b><br \/><\/b><b>Stw\u00f3rz,<br \/>\no Bo\u017ce, we mnie serce czyste<\/b><b><br \/><\/b><b>i<br \/>\nodn\u00f3w w mojej piersi ducha niezwyci\u0119\u017conego!<\/b><b><br \/><\/b><b>Nie<br \/>\nodrzucaj mnie od swego oblicza<\/b><b><br \/><\/b><b>i<br \/>\nnie odbieraj mi \u015bwi\u0119tego ducha swego!<\/b><b><br \/><\/b><b>Przywr\u00f3\u0107<br \/>\nmi rado\u015b\u0107 z Twojego zbawienia<\/b><b><br \/><\/b><b>i<br \/>\nwzmocnij mnie duchem ochoczym!<\/b><b><br \/><\/b><b>Chc\u0119<br \/>\nnieprawych nauczy\u0107 dr\u00f3g Twoich<\/b><b><br \/><\/b><b>i<br \/>\nnawr\u00f3c\u0105 si\u0119 do Ciebie grzesznicy.<\/b><b><br \/><\/b><b>Od<br \/>\nkrwi<\/b><b><br \/>\n<\/b><b>uwolnij<br \/>\nmnie, Bo\u017ce, m\u00f3j Zbawco:<\/b><b><br \/><\/b><b>niech<br \/>\nm\u00f3j j\u0119zyk s\u0142awi Twoj\u0105 sprawiedliwo\u015b\u0107!<\/b><b><br \/><\/b><b>Otw\u00f3rz<br \/>\nmoje wargi, Panie,<\/b><b><br \/><\/b><b>a<br \/>\nusta moje b\u0119d\u0105 g\u0142osi\u0107 Twoj\u0105 chwa\u0142\u0119.<\/b><b><br \/><\/b><b>Ty<br \/>\nsi\u0119 bowiem nie radujesz ofiar\u0105<\/b><b><br \/><\/b><b>i<br \/>\nnie chcesz ca\u0142opale\u0144, cho\u0107bym je dawa<\/b><b>\u0142.<\/b><b><br \/><\/b><b>Moj\u0105<br \/>\nofiar\u0105, Bo\u017ce, duch skruszony,<\/b><b><br \/><\/b><b>nie<br \/>\ngardzisz, Bo\u017ce, sercem pokornym i skruszonym.<\/b><b><br \/><\/b><b>Panie,<br \/>\noka\u017c Syjonowi \u0142ask\u0119 w Twej dobroci:<\/b><b><br \/><\/b><b>odbuduj<br \/>\nmury Jeruzalem!<\/b><b><br \/><\/b><b>Wtedy<br \/>\nb\u0119d\u0105 Ci si\u0119 podoba\u0107 prawe ofiary, dary i ca\u0142opalenia,<\/b><b><br \/><\/b><b>wtedy<br \/>\nb\u0119d\u0105 sk\u0142ada\u0107 cielce na Twoim o\u0142tarzu.<\/b><\/div>\n","protected":false},"excerpt":{"rendered":"<p>Niech b\u0119dzie pochwalony Jezus Chrystus! Kochani, dzisiaj Wielka Sobota. Nie ma formularza Mszy \u015awi\u0119tej wielkosobotniej, nie ma te\u017c wi\u0119c przeznaczonych na dzisiaj czyta\u0144. Dlatego proponuj\u0119 do refleksji s\u0142owa, kt\u00f3re najmocniej chyba przemawiaj\u0105 w chwili, kiedy si\u0119 kl\u0119ka przed Grobem Jezusa &#8211; Psalm 51, czyli modlitw\u0119 pokutnika&#8230;&nbsp; &nbsp; &nbsp; Kochani, dzisiaj jeszcze du\u017co przygotowa\u0144 w naszych [&hellip;]<\/p>\n","protected":false},"author":1,"featured_media":0,"comment_status":"open","ping_status":"open","sticky":false,"template":"","format":"standard","meta":{"jetpack_post_was_ever_published":false,"_jetpack_newsletter_access":"","_jetpack_dont_email_post_to_subs":false,"_jetpack_newsletter_tier_id":0,"_jetpack_memberships_contains_paywalled_content":false,"_jetpack_memberships_contains_paid_content":false,"footnotes":""},"categories":[1],"tags":[],"class_list":["post-9170","post","type-post","status-publish","format-standard","hentry","category-bez-kategorii"],"yoast_head":"<!-- This site is optimized with the Yoast SEO plugin v25.1 - https:\/\/yoast.com\/wordpress\/plugins\/seo\/ -->\n<title>Wielka cisza... - Gaudium Et Spes<\/title>\n<meta name=\"robots\" content=\"index, follow, max-snippet:-1, max-image-preview:large, max-video-preview:-1\" \/>\n<link rel=\"canonical\" href=\"https:\/\/gaudiumetspes-blog.pl\/index.php\/2013\/03\/30\/wielka-cisza\/\" \/>\n<meta property=\"og:locale\" content=\"pl_PL\" \/>\n<meta property=\"og:type\" content=\"article\" \/>\n<meta property=\"og:title\" content=\"Wielka cisza... - Gaudium Et Spes\" \/>\n<meta property=\"og:description\" content=\"Niech b\u0119dzie pochwalony Jezus Chrystus! Kochani, dzisiaj Wielka Sobota. Nie ma formularza Mszy \u015awi\u0119tej wielkosobotniej, nie ma te\u017c wi\u0119c przeznaczonych na dzisiaj czyta\u0144. Dlatego proponuj\u0119 do refleksji s\u0142owa, kt\u00f3re najmocniej chyba przemawiaj\u0105 w chwili, kiedy si\u0119 kl\u0119ka przed Grobem Jezusa &#8211; Psalm 51, czyli modlitw\u0119 pokutnika&#8230;&nbsp; &nbsp; &nbsp; Kochani, dzisiaj jeszcze du\u017co przygotowa\u0144 w naszych [&hellip;]\" \/>\n<meta property=\"og:url\" content=\"https:\/\/gaudiumetspes-blog.pl\/index.php\/2013\/03\/30\/wielka-cisza\/\" \/>\n<meta property=\"og:site_name\" content=\"Gaudium Et Spes\" \/>\n<meta property=\"article:published_time\" content=\"2013-03-30T07:22:00+00:00\" \/>\n<meta property=\"article:modified_time\" content=\"2019-07-31T10:53:56+00:00\" \/>\n<meta name=\"author\" content=\"Ks. Jacek\" \/>\n<meta name=\"twitter:card\" content=\"summary_large_image\" \/>\n<meta name=\"twitter:label1\" content=\"Napisane przez\" \/>\n\t<meta name=\"twitter:data1\" content=\"Ks. Jacek\" \/>\n\t<meta name=\"twitter:label2\" content=\"Szacowany czas czytania\" \/>\n\t<meta name=\"twitter:data2\" content=\"2 minuty\" \/>\n<script type=\"application\/ld+json\" class=\"yoast-schema-graph\">{\"@context\":\"https:\/\/schema.org\",\"@graph\":[{\"@type\":\"WebPage\",\"@id\":\"https:\/\/gaudiumetspes-blog.pl\/index.php\/2013\/03\/30\/wielka-cisza\/\",\"url\":\"https:\/\/gaudiumetspes-blog.pl\/index.php\/2013\/03\/30\/wielka-cisza\/\",\"name\":\"Wielka cisza... - Gaudium Et Spes\",\"isPartOf\":{\"@id\":\"https:\/\/gaudiumetspes-blog.pl\/#website\"},\"datePublished\":\"2013-03-30T07:22:00+00:00\",\"dateModified\":\"2019-07-31T10:53:56+00:00\",\"author\":{\"@id\":\"https:\/\/gaudiumetspes-blog.pl\/#\/schema\/person\/1661982992b752dea8dff0d4ed845a65\"},\"breadcrumb\":{\"@id\":\"https:\/\/gaudiumetspes-blog.pl\/index.php\/2013\/03\/30\/wielka-cisza\/#breadcrumb\"},\"inLanguage\":\"pl-PL\",\"potentialAction\":[{\"@type\":\"ReadAction\",\"target\":[\"https:\/\/gaudiumetspes-blog.pl\/index.php\/2013\/03\/30\/wielka-cisza\/\"]}]},{\"@type\":\"BreadcrumbList\",\"@id\":\"https:\/\/gaudiumetspes-blog.pl\/index.php\/2013\/03\/30\/wielka-cisza\/#breadcrumb\",\"itemListElement\":[{\"@type\":\"ListItem\",\"position\":1,\"name\":\"Strona g\u0142\u00f3wna\",\"item\":\"https:\/\/gaudiumetspes-blog.pl\/\"},{\"@type\":\"ListItem\",\"position\":2,\"name\":\"Wielka cisza&#8230;\"}]},{\"@type\":\"WebSite\",\"@id\":\"https:\/\/gaudiumetspes-blog.pl\/#website\",\"url\":\"https:\/\/gaudiumetspes-blog.pl\/\",\"name\":\"Gaudium Et Spes\",\"description\":\"Blog Ks. Jacka Ja\u015bkowskiego\",\"potentialAction\":[{\"@type\":\"SearchAction\",\"target\":{\"@type\":\"EntryPoint\",\"urlTemplate\":\"https:\/\/gaudiumetspes-blog.pl\/?s={search_term_string}\"},\"query-input\":{\"@type\":\"PropertyValueSpecification\",\"valueRequired\":true,\"valueName\":\"search_term_string\"}}],\"inLanguage\":\"pl-PL\"},{\"@type\":\"Person\",\"@id\":\"https:\/\/gaudiumetspes-blog.pl\/#\/schema\/person\/1661982992b752dea8dff0d4ed845a65\",\"name\":\"Ks. Jacek\",\"image\":{\"@type\":\"ImageObject\",\"inLanguage\":\"pl-PL\",\"@id\":\"https:\/\/gaudiumetspes-blog.pl\/#\/schema\/person\/image\/\",\"url\":\"https:\/\/gaudiumetspes-blog.pl\/wp-content\/uploads\/2019\/07\/avatar-JJ-150x150.jpg\",\"contentUrl\":\"https:\/\/gaudiumetspes-blog.pl\/wp-content\/uploads\/2019\/07\/avatar-JJ-150x150.jpg\",\"caption\":\"Ks. Jacek\"},\"description\":\"Witam serdecznie! K\u0142ania si\u0119 Ks. Jacek Ja\u015bkowski. Nie jestem ani kim\u015b wa\u017cnym, ani kim\u015b znanym. Jestem ksi\u0119dzem, kt\u00f3ry po prostu chce rozmawia\u0107. Codzienna kap\u0142a\u0144ska pos\u0142uga pokazuje mi, \u017ce temat\u00f3w do rozm\u00f3w z ksi\u0119dzem jest coraz wi\u0119cej i dzisiaj \u017caden ksi\u0105dz nie mo\u017ce od nich ucieka\u0107, ale - wprost przeciwnie - podejmowa\u0107 nowe wyzwania. To przekonanie sk\u0142oni\u0142o mnie do pr\u00f3by otwarcia tego\u017c bloga, chocia\u017c okazji do rozm\u00f3w na co dzie\u0144 - w konfesjonale i poza nim - na szcz\u0119\u015bcie nie brakuje. My\u015bl\u0119 jednak, \u017ce ten blog b\u0119dzie jeszcze jednym sposobem i przestrzeni\u0105 nawi\u0105zania kontaktu z lud\u017ami dobrej woli, otwartymi na dialog.\",\"url\":\"https:\/\/gaudiumetspes-blog.pl\/index.php\/author\/ks-jacek\/\"}]}<\/script>\n<!-- \/ Yoast SEO plugin. -->","yoast_head_json":{"title":"Wielka cisza... - Gaudium Et Spes","robots":{"index":"index","follow":"follow","max-snippet":"max-snippet:-1","max-image-preview":"max-image-preview:large","max-video-preview":"max-video-preview:-1"},"canonical":"https:\/\/gaudiumetspes-blog.pl\/index.php\/2013\/03\/30\/wielka-cisza\/","og_locale":"pl_PL","og_type":"article","og_title":"Wielka cisza... - Gaudium Et Spes","og_description":"Niech b\u0119dzie pochwalony Jezus Chrystus! Kochani, dzisiaj Wielka Sobota. Nie ma formularza Mszy \u015awi\u0119tej wielkosobotniej, nie ma te\u017c wi\u0119c przeznaczonych na dzisiaj czyta\u0144. Dlatego proponuj\u0119 do refleksji s\u0142owa, kt\u00f3re najmocniej chyba przemawiaj\u0105 w chwili, kiedy si\u0119 kl\u0119ka przed Grobem Jezusa &#8211; Psalm 51, czyli modlitw\u0119 pokutnika&#8230;&nbsp; &nbsp; &nbsp; Kochani, dzisiaj jeszcze du\u017co przygotowa\u0144 w naszych [&hellip;]","og_url":"https:\/\/gaudiumetspes-blog.pl\/index.php\/2013\/03\/30\/wielka-cisza\/","og_site_name":"Gaudium Et Spes","article_published_time":"2013-03-30T07:22:00+00:00","article_modified_time":"2019-07-31T10:53:56+00:00","author":"Ks. Jacek","twitter_card":"summary_large_image","twitter_misc":{"Napisane przez":"Ks. Jacek","Szacowany czas czytania":"2 minuty"},"schema":{"@context":"https:\/\/schema.org","@graph":[{"@type":"WebPage","@id":"https:\/\/gaudiumetspes-blog.pl\/index.php\/2013\/03\/30\/wielka-cisza\/","url":"https:\/\/gaudiumetspes-blog.pl\/index.php\/2013\/03\/30\/wielka-cisza\/","name":"Wielka cisza... - Gaudium Et Spes","isPartOf":{"@id":"https:\/\/gaudiumetspes-blog.pl\/#website"},"datePublished":"2013-03-30T07:22:00+00:00","dateModified":"2019-07-31T10:53:56+00:00","author":{"@id":"https:\/\/gaudiumetspes-blog.pl\/#\/schema\/person\/1661982992b752dea8dff0d4ed845a65"},"breadcrumb":{"@id":"https:\/\/gaudiumetspes-blog.pl\/index.php\/2013\/03\/30\/wielka-cisza\/#breadcrumb"},"inLanguage":"pl-PL","potentialAction":[{"@type":"ReadAction","target":["https:\/\/gaudiumetspes-blog.pl\/index.php\/2013\/03\/30\/wielka-cisza\/"]}]},{"@type":"BreadcrumbList","@id":"https:\/\/gaudiumetspes-blog.pl\/index.php\/2013\/03\/30\/wielka-cisza\/#breadcrumb","itemListElement":[{"@type":"ListItem","position":1,"name":"Strona g\u0142\u00f3wna","item":"https:\/\/gaudiumetspes-blog.pl\/"},{"@type":"ListItem","position":2,"name":"Wielka cisza&#8230;"}]},{"@type":"WebSite","@id":"https:\/\/gaudiumetspes-blog.pl\/#website","url":"https:\/\/gaudiumetspes-blog.pl\/","name":"Gaudium Et Spes","description":"Blog Ks. Jacka Ja\u015bkowskiego","potentialAction":[{"@type":"SearchAction","target":{"@type":"EntryPoint","urlTemplate":"https:\/\/gaudiumetspes-blog.pl\/?s={search_term_string}"},"query-input":{"@type":"PropertyValueSpecification","valueRequired":true,"valueName":"search_term_string"}}],"inLanguage":"pl-PL"},{"@type":"Person","@id":"https:\/\/gaudiumetspes-blog.pl\/#\/schema\/person\/1661982992b752dea8dff0d4ed845a65","name":"Ks. Jacek","image":{"@type":"ImageObject","inLanguage":"pl-PL","@id":"https:\/\/gaudiumetspes-blog.pl\/#\/schema\/person\/image\/","url":"https:\/\/gaudiumetspes-blog.pl\/wp-content\/uploads\/2019\/07\/avatar-JJ-150x150.jpg","contentUrl":"https:\/\/gaudiumetspes-blog.pl\/wp-content\/uploads\/2019\/07\/avatar-JJ-150x150.jpg","caption":"Ks. Jacek"},"description":"Witam serdecznie! K\u0142ania si\u0119 Ks. Jacek Ja\u015bkowski. Nie jestem ani kim\u015b wa\u017cnym, ani kim\u015b znanym. Jestem ksi\u0119dzem, kt\u00f3ry po prostu chce rozmawia\u0107. Codzienna kap\u0142a\u0144ska pos\u0142uga pokazuje mi, \u017ce temat\u00f3w do rozm\u00f3w z ksi\u0119dzem jest coraz wi\u0119cej i dzisiaj \u017caden ksi\u0105dz nie mo\u017ce od nich ucieka\u0107, ale - wprost przeciwnie - podejmowa\u0107 nowe wyzwania. To przekonanie sk\u0142oni\u0142o mnie do pr\u00f3by otwarcia tego\u017c bloga, chocia\u017c okazji do rozm\u00f3w na co dzie\u0144 - w konfesjonale i poza nim - na szcz\u0119\u015bcie nie brakuje. My\u015bl\u0119 jednak, \u017ce ten blog b\u0119dzie jeszcze jednym sposobem i przestrzeni\u0105 nawi\u0105zania kontaktu z lud\u017ami dobrej woli, otwartymi na dialog.","url":"https:\/\/gaudiumetspes-blog.pl\/index.php\/author\/ks-jacek\/"}]}},"jetpack_featured_media_url":"","jetpack_sharing_enabled":true,"_links":{"self":[{"href":"https:\/\/gaudiumetspes-blog.pl\/index.php\/wp-json\/wp\/v2\/posts\/9170","targetHints":{"allow":["GET"]}}],"collection":[{"href":"https:\/\/gaudiumetspes-blog.pl\/index.php\/wp-json\/wp\/v2\/posts"}],"about":[{"href":"https:\/\/gaudiumetspes-blog.pl\/index.php\/wp-json\/wp\/v2\/types\/post"}],"author":[{"embeddable":true,"href":"https:\/\/gaudiumetspes-blog.pl\/index.php\/wp-json\/wp\/v2\/users\/1"}],"replies":[{"embeddable":true,"href":"https:\/\/gaudiumetspes-blog.pl\/index.php\/wp-json\/wp\/v2\/comments?post=9170"}],"version-history":[{"count":1,"href":"https:\/\/gaudiumetspes-blog.pl\/index.php\/wp-json\/wp\/v2\/posts\/9170\/revisions"}],"predecessor-version":[{"id":11012,"href":"https:\/\/gaudiumetspes-blog.pl\/index.php\/wp-json\/wp\/v2\/posts\/9170\/revisions\/11012"}],"wp:attachment":[{"href":"https:\/\/gaudiumetspes-blog.pl\/index.php\/wp-json\/wp\/v2\/media?parent=9170"}],"wp:term":[{"taxonomy":"category","embeddable":true,"href":"https:\/\/gaudiumetspes-blog.pl\/index.php\/wp-json\/wp\/v2\/categories?post=9170"},{"taxonomy":"post_tag","embeddable":true,"href":"https:\/\/gaudiumetspes-blog.pl\/index.php\/wp-json\/wp\/v2\/tags?post=9170"}],"curies":[{"name":"wp","href":"https:\/\/api.w.org\/{rel}","templated":true}]}}