{"id":9172,"date":"2013-03-28T06:40:00","date_gmt":"2013-03-28T05:40:00","guid":{"rendered":"https:\/\/gaudiumetspes-blog.pl\/index.php\/2013\/03\/28\/przed-kapanstwem-kleka\/"},"modified":"2019-07-31T12:53:55","modified_gmt":"2019-07-31T10:53:55","slug":"przed-kapanstwem-kleka","status":"publish","type":"post","link":"https:\/\/gaudiumetspes-blog.pl\/index.php\/2013\/03\/28\/przed-kapanstwem-kleka\/","title":{"rendered":"Przed kap\u0142a\u0144stwem kl\u0119kam"},"content":{"rendered":"<p><\/p>\n<div class=\"separator\" style=\"clear: both; text-align: center;\">\n<a href=\"http:\/\/2.bp.blogspot.com\/-fbey7SyndAk\/UVPjD09oY0I\/AAAAAAAAAZY\/L5ZoAWPB7D0\/s1600\/kap%C5%82.jpg\" imageanchor=\"1\" style=\"clear: left; float: left; margin-bottom: 1em; margin-right: 1em;\"><img loading=\"lazy\" decoding=\"async\" border=\"0\" height=\"320\" src=\"https:\/\/gaudiumetspes-blog.pl\/wp-content\/uploads\/2013\/03\/kap\u0142.jpg\" width=\"258\" \/><\/a><\/div>\n<p><strong><em>(J 13,1-15)<br \/> By\u0142o to przed \u015awi\u0119tem Paschy. Jezus wiedz\u0105c, \u017ce nadesz\u0142a Jego godzina przej\u015bcia z tego \u015bwiata do Ojca, umi\u0142owawszy swoich na \u015bwiecie, do ko\u0144ca ich umi\u0142owa\u0142. W czasie wieczerzy, gdy diabe\u0142 ju\u017c nak\u0142oni\u0142 serce Judasza Iskarioty syna Szymona, aby Go wyda\u0107, wiedz\u0105c, \u017ce Ojciec da\u0142 Mu wszystko w r\u0119ce oraz \u017ce od Boga wyszed\u0142 i do Boga idzie, wsta\u0142 od wieczerzy i z\u0142o\u017cy\u0142 szaty. A wzi\u0105wszy prze\u015bcierad\u0142o nim si\u0119 przepasa\u0142. Potem nala\u0142 wody do miednicy. I zacz\u0105\u0142 umywa\u0107 uczniom nogi i ociera\u0107 prze\u015bcierad\u0142em, kt\u00f3rym by\u0142 przepasany. Podszed\u0142 wi\u0119c do Szymona Piotra, a on rzek\u0142 do Niego: Panie, Ty chcesz mi umy\u0107 nogi? Jezus mu odpowiedzia\u0142: Tego, co Ja czyni\u0119, ty teraz nie rozumiesz, ale p\u00f3\u017aniej b\u0119dziesz to wiedzia\u0142. Rzek\u0142 do Niego Piotr: Nie, nigdy mi nie b\u0119dziesz n\u00f3g umywa\u0142. Odpowiedzia\u0142 mu Jezus: Je\u015bli ci\u0119 nie umyj\u0119, nie b\u0119dziesz mia\u0142 udzia\u0142u ze Mn\u0105. Rzek\u0142 do Niego Szymon Piotr: Panie, nie tylko nogi moje, ale i r\u0119ce, i g\u0142ow\u0119. Powiedzia\u0142 do niego Jezus: Wyk\u0105pany potrzebuje tylko nogi sobie umy\u0107, bo ca\u0142y jest czysty. I wy jeste\u015bcie czy\u015bci, ale nie wszyscy. Wiedzia\u0142 bowiem, kto Go wyda, dlatego powiedzia\u0142: Nie wszyscy jeste\u015bcie czy\u015bci. A kiedy im umy\u0142 nogi, przywdzia\u0142 szaty i zn\u00f3w zaj\u0105\u0142 miejsce przy stole, rzek\u0142 do nich: Czy rozumiecie, co wam uczyni\u0142em? Wy Mnie nazywacie Nauczycielem i Panem i dobrze m\u00f3wicie, bo nim jestem. Je\u017celi wi\u0119c Ja, Pan i Nauczyciel, umy\u0142em wam nogi, to i wy\u015bcie powinni sobie nawzajem umywa\u0107 nogi. Da\u0142em wam bowiem przyk\u0142ad, aby\u015bcie i wy tak czynili, jak Ja wam uczyni\u0142em.<\/em><\/strong><\/p>\n<p>Pozdrawiam z Syberii. <\/p>\n<p><strong>Dzi\u015b Wielki Czwartek<\/strong> <strong>\u2013 dzie\u0144 ustanowienia Sakrament\u00f3w Eucharystii i Kap\u0142a\u0144stwa<\/strong>. Dla rozmy\u015blania o Eucharystii, z ca\u0142ym, z najwy\u017cszym szacunkiem dla niej, mamy Bo\u017ce Cia\u0142o i wiele innych mo\u017cliwo\u015bci. Dlatego te\u017c dzi\u015b, moja my\u015bl idzie \u2013 biegnie do wieczernika, jako do \u017ar\u00f3d\u0142a mojego kap\u0142a\u0144stwa. <\/p>\n<p>I dzi\u015b nie chc\u0119 pisa\u0107 do Was, chc\u0119 pisa\u0107 do siebie, chc\u0119 podzieli\u0107 si\u0119 z Wami swoim rozmy\u015blaniem, swoj\u0105 refleksj\u0105 o kap\u0142a\u0144stwie. <\/p>\n<p>My\u015bmy ju\u017c Msz\u0119 Krzy\u017cma mieli we wtorek \u2013 ze wzgl\u0119du na odleg\u0142o\u015bci u nas tak jest zawsze. Odnowi\u0142em wi\u0119c z wielk\u0105 rado\u015bci\u0105 przyrzeczenia kap\u0142a\u0144skie. <\/p>\n<p>Chc\u0119 kontynuowa\u0107, jestem got\u00f3w s\u0142u\u017cy\u0107. <\/p>\n<p>Ci\u0105gle w Wielki Czwartek my\u015bl\u0105 wracam do wiersza ks. Twardowskiego, czasem wydaje si\u0119, \u017ce to s\u0105 mistyczne teksty, do kt\u00f3rych si\u0119 wraca, kt\u00f3re \u017cyj\u0105 w pami\u0119ci\u2026<br \/>\n<a href=\"http:\/\/1.bp.blogspot.com\/-_58OJrU1OZ8\/UVPjebe3DVI\/AAAAAAAAAZg\/ojEint2NVxI\/s1600\/DSC_0223.JPG\" imageanchor=\"1\" style=\"clear: right; float: right; margin-bottom: 1em; margin-left: 1em;\"><img loading=\"lazy\" decoding=\"async\" border=\"0\" height=\"211\" src=\"https:\/\/gaudiumetspes-blog.pl\/wp-content\/uploads\/2013\/03\/DSC_0223.jpg\" width=\"320\" \/><\/a><br \/>\n<em>W\u0142asnego kap\u0142a\u0144stwa si\u0119 boj\u0119,<br \/> w\u0142asnego kap\u0142a\u0144stwa si\u0119 l\u0119kam<br \/> i przed kap\u0142a\u0144stwem w proch padam,<br \/> i przed kap\u0142a\u0144stwem kl\u0119kam<br \/> W lipcowy poranek mych \u015bwi\u0119ce\u0144<br \/> dla innych szary zapewne \u2013<br \/> jaka\u015b moc przeogromna<br \/> z nag\u0142a pocz\u0119\u0142a si\u0119 we mnie.<br \/> Jad\u0119 z innymi tramwajem \u2013<br \/> biegn\u0119 z innymi ulic\u0105 \u2013<br \/> nadziwi\u0107 si\u0119 nie mog\u0119<br \/> swej duszy tajemnic\u0105.<\/em><\/p>\n<p><a name='more'><\/a>O tym, \u017ce z ka\u017cdym rokiem bardziej boj\u0119 si\u0119 swojego kap\u0142a\u0144stwa, a raczej odpowiedzialno\u015bci przed Bogiem za \u00f3w wielki dar, pisa\u0142em ju\u017c rok temu. Jest to jak najbardziej aktualne i teraz. <\/p>\n<p>I jeszcze mo\u017cna doda\u0107, \u017ce rzeczywi\u015bcie, w takie dni jak dzisiaj \u2013 <em>Nadziwi\u0107 si\u0119 nie mog\u0119 swej duszy tajemnic\u0105.<\/em> <\/p>\n<p>Dzi\u0119kuj\u0119 Ci Bo\u017ce za ten dar, dzi\u0119kuj\u0119 za zaufanie\u2026<\/p>\n<p>Przepraszam Ci\u0119 Panie, \u017ce tak cz\u0119sto nie dorastam do tego daru, tej tajemnicy\u2026<\/p>\n<p>Prosz\u0119 Ci\u0119 Panie, prowad\u017a mnie.<\/p>\n<p>Ostatnio jako\u015b mocno w modlitwie widz\u0119 rol\u0119 dw\u00f3ch s\u0142\u00f3w, kt\u00f3re chc\u0119 tak\u017ce powiedzie\u0107 Bogu w odniesieniu do mojego kap\u0142a\u0144stwa\u2026<\/p>\n<p><strong>Oddaj\u0119<\/strong> \u2013 Tobie Panie oddaj\u0119, zawierzam, moje kap\u0142a\u0144stwo, moj\u0105 pos\u0142ug\u0119, moje serce, te\u017c i moje zaniedbania, a mo\u017ce i grzechy. Oddaj\u0119 i ten strach przed odpowiedzialno\u015bci\u0105 przed Tob\u0105 za dar kap\u0142a\u0144stwa. Kap\u0142a\u0144skie serce i wszystko co z tym zwi\u0105zane \u2013 oddaj\u0119!<\/p>\n<p><strong>Zapraszam<\/strong> \u2013 Ciebie Panie zapraszam, do mojego \u017cycia, do mojego serca. B\u0105d\u017a tam zawsze, r\u00f3b co chcesz, pos\u0142uguj si\u0119. Niech to b\u0119dzie Tw\u00f3j dom \u2013 zapraszam!<\/p>\n<p>Panu Bogu dzi\u0119kuj\u0119 za Ko\u015bci\u00f3\u0142, za Papie\u017cy. Dzi\u0119ki nim, dzi\u0119ki ostatnim wydarzeniom Pan pokazuje mi dwa najwa\u017cniejsze wymiary kap\u0142a\u0144stwa. <\/p>\n<div class=\"separator\" style=\"clear: both; text-align: center;\">\n<a href=\"http:\/\/4.bp.blogspot.com\/-wYyU-BxnBxE\/UVPj7g5I7iI\/AAAAAAAAAZs\/6_sXo3EiiZc\/s1600\/Benedykt-XVI.jpg\" imageanchor=\"1\" style=\"clear: left; float: left; margin-bottom: 1em; margin-right: 1em;\"><img loading=\"lazy\" decoding=\"async\" border=\"0\" height=\"209\" src=\"https:\/\/gaudiumetspes-blog.pl\/wp-content\/uploads\/2013\/03\/Benedykt-XVI.jpg\" width=\"320\" \/><\/a><\/div>\n<p>Benedykt XVI odszed\u0142, odsun\u0105\u0142 si\u0119, aby <strong>s\u0142u\u017cy\u0107 Ko\u015bcio\u0142owi modlitw\u0105<\/strong>. Od czasu kiedy to powiedzia\u0142, ta my\u015bl nie daje mi spokoju, jest moim natchnieniem, drogowskazem, pomoc\u0105. Dzi\u0119kuj\u0119 Ojcze \u015awi\u0119ty, za t\u0119 my\u015bl, za przyk\u0142ad, \u017ce s\u0142u\u017cy\u0107, nie znaczy tylko dzia\u0142a\u0107, pracowa\u0107\u2026 By\u0107 kap\u0142anem nie znaczy tylko zapracowywa\u0107 si\u0119, biega\u0107, robi\u0107. S\u0142u\u017cy\u0107, by\u0107 kap\u0142anem, to te\u017c, to nade wszystko modli\u0107 si\u0119 \u2013 s\u0142u\u017cy\u0107 Ko\u015bcio\u0142owi swoj\u0105 modlitw\u0105. <\/p>\n<p>Franciszek przyszed\u0142, nasta\u0142, i zwr\u00f3ci\u0142 uwag\u0119 na s\u0142u\u017cb\u0119, <strong>s\u0142u\u017cy\u0107 biednym<\/strong> i to co dzi\u015b czytamy w Ewangelii \u2013 umywa\u0107 nogi, zadanie, rola s\u0142ugi, niewolnika, gest mi\u0142o\u015bci. Przyznam, \u017ce ju\u017c denerwowa\u0142y mnie mass media, kiedy co drugie zdj\u0119cie kardyna\u0142a Bergoglio to by\u0142o zdj\u0119cie, jak komu\u015b myje nogi. To jest gest, znak, symbol, tego nie mo\u017ce by\u0107 za du\u017co. Natomiast za du\u017co nigdy nie b\u0119dzie tego, co ten znak oznacza \u2013 s\u0142u\u017cby.  <\/p>\n<p>I kiedy tak dzi\u015b rozmy\u015blam \u2013 jak mog\u0119 s\u0142u\u017cy\u0107, przed jak\u0105 s\u0142u\u017cb\u0105 Pan mnie stawia, jakiej wymaga, to bardziej widz\u0119 to, w czym wyra\u017ca si\u0119 kap\u0142a\u0144stwo, co jest istot\u0105 Ko\u015bcio\u0142a i kap\u0142a\u0144stwa \u2013 g\u0142osi\u0107 Bo\u017ce s\u0142owo i sprawowa\u0107 sakramenty. <\/p>\n<p>Opr\u00f3cz tego, aby zajmowa\u0107 si\u0119 dobroczynno\u015bci\u0105, fizyczn\u0105 pomoc\u0105 biednym, jeszcze wi\u0119kszy g\u0142\u00f3d i potrzeb\u0119 widz\u0119, aby cz\u0142owiekowi pokaza\u0107 drog\u0119, podtrzyma\u0107 na duchu, wla\u0107 w serce nadziej\u0119, by\u0107 z nim, aby nie czu\u0142 si\u0119 samotnym, doprowadzi\u0107 go do jego osobistego spotkania z Chrystusem. <\/p>\n<p>Biedni, kt\u00f3rym pomoc wyra\u017cona jest w uczynkach mi\u0142osiernych wzgl\u0119dem duszy. <\/p>\n<p>S\u0142u\u017cy\u0107 takim biednym, kt\u00f3rzy czuj\u0105 si\u0119 tak biednymi, kt\u00f3rzy uznaj\u0105 swoj\u0105 bied\u0119, kt\u00f3rzy po tak\u0105 pomoc do nas, do mnie przychodz\u0105. <\/p>\n<p>To takie moje dzisiejsze rozmy\u015blania, bez \u0142adu i sk\u0142adu\u2026<\/p>\n<p>A teraz zwracam si\u0119 do Was:<\/p>\n<p><strong>M\u00f3dlcie si\u0119 za mnie grzesznika\u2026<\/strong><\/p>\n<p><strong>M\u00f3dlcie si\u0119 za nas kap\u0142an\u00f3w\u2026<\/strong><\/p>\n<p>Pozdrawiam. <\/p>\n<div class=\"separator\" style=\"clear: both; text-align: center;\">\n<a href=\"http:\/\/4.bp.blogspot.com\/-VINpla2zVtM\/UVPkylwNBZI\/AAAAAAAAAZw\/R4H0g4h3dSc\/s1600\/DSC_0156.JPG\" imageanchor=\"1\" style=\"margin-left: 1em; margin-right: 1em;\"><img loading=\"lazy\" decoding=\"async\" border=\"0\" height=\"212\" src=\"https:\/\/gaudiumetspes-blog.pl\/wp-content\/uploads\/2013\/03\/DSC_0156.jpg\" width=\"320\" \/><\/a><\/div>\n","protected":false},"excerpt":{"rendered":"<p>(J 13,1-15) By\u0142o to przed \u015awi\u0119tem Paschy. Jezus wiedz\u0105c, \u017ce nadesz\u0142a Jego godzina przej\u015bcia z tego \u015bwiata do Ojca, umi\u0142owawszy swoich na \u015bwiecie, do ko\u0144ca ich umi\u0142owa\u0142. W czasie wieczerzy, gdy diabe\u0142 ju\u017c nak\u0142oni\u0142 serce Judasza Iskarioty syna Szymona, aby Go wyda\u0107, wiedz\u0105c, \u017ce Ojciec da\u0142 Mu wszystko w r\u0119ce oraz \u017ce od Boga wyszed\u0142 [&hellip;]<\/p>\n","protected":false},"author":1,"featured_media":0,"comment_status":"open","ping_status":"open","sticky":false,"template":"","format":"standard","meta":{"jetpack_post_was_ever_published":false,"_jetpack_newsletter_access":"","_jetpack_dont_email_post_to_subs":false,"_jetpack_newsletter_tier_id":0,"_jetpack_memberships_contains_paywalled_content":false,"_jetpack_memberships_contains_paid_content":false,"footnotes":""},"categories":[1],"tags":[],"class_list":["post-9172","post","type-post","status-publish","format-standard","hentry","category-bez-kategorii"],"yoast_head":"<!-- This site is optimized with the Yoast SEO plugin v25.1 - https:\/\/yoast.com\/wordpress\/plugins\/seo\/ -->\n<title>Przed kap\u0142a\u0144stwem kl\u0119kam - Gaudium Et Spes<\/title>\n<meta name=\"robots\" content=\"index, follow, max-snippet:-1, max-image-preview:large, max-video-preview:-1\" \/>\n<link rel=\"canonical\" href=\"https:\/\/gaudiumetspes-blog.pl\/index.php\/2013\/03\/28\/przed-kapanstwem-kleka\/\" \/>\n<meta property=\"og:locale\" content=\"pl_PL\" \/>\n<meta property=\"og:type\" content=\"article\" \/>\n<meta property=\"og:title\" content=\"Przed kap\u0142a\u0144stwem kl\u0119kam - Gaudium Et Spes\" \/>\n<meta property=\"og:description\" content=\"(J 13,1-15) By\u0142o to przed \u015awi\u0119tem Paschy. Jezus wiedz\u0105c, \u017ce nadesz\u0142a Jego godzina przej\u015bcia z tego \u015bwiata do Ojca, umi\u0142owawszy swoich na \u015bwiecie, do ko\u0144ca ich umi\u0142owa\u0142. W czasie wieczerzy, gdy diabe\u0142 ju\u017c nak\u0142oni\u0142 serce Judasza Iskarioty syna Szymona, aby Go wyda\u0107, wiedz\u0105c, \u017ce Ojciec da\u0142 Mu wszystko w r\u0119ce oraz \u017ce od Boga wyszed\u0142 [&hellip;]\" \/>\n<meta property=\"og:url\" content=\"https:\/\/gaudiumetspes-blog.pl\/index.php\/2013\/03\/28\/przed-kapanstwem-kleka\/\" \/>\n<meta property=\"og:site_name\" content=\"Gaudium Et Spes\" \/>\n<meta property=\"article:published_time\" content=\"2013-03-28T05:40:00+00:00\" \/>\n<meta property=\"article:modified_time\" content=\"2019-07-31T10:53:55+00:00\" \/>\n<meta property=\"og:image\" content=\"https:\/\/gaudiumetspes-blog.pl\/wp-content\/uploads\/2013\/03\/DSC_0223.jpg\" \/>\n<meta name=\"author\" content=\"Ks. Jacek\" \/>\n<meta name=\"twitter:card\" content=\"summary_large_image\" \/>\n<meta name=\"twitter:label1\" content=\"Napisane przez\" \/>\n\t<meta name=\"twitter:data1\" content=\"Ks. Jacek\" \/>\n\t<meta name=\"twitter:label2\" content=\"Szacowany czas czytania\" \/>\n\t<meta name=\"twitter:data2\" content=\"5 minut\" \/>\n<script type=\"application\/ld+json\" class=\"yoast-schema-graph\">{\"@context\":\"https:\/\/schema.org\",\"@graph\":[{\"@type\":\"WebPage\",\"@id\":\"https:\/\/gaudiumetspes-blog.pl\/index.php\/2013\/03\/28\/przed-kapanstwem-kleka\/\",\"url\":\"https:\/\/gaudiumetspes-blog.pl\/index.php\/2013\/03\/28\/przed-kapanstwem-kleka\/\",\"name\":\"Przed kap\u0142a\u0144stwem kl\u0119kam - Gaudium Et Spes\",\"isPartOf\":{\"@id\":\"https:\/\/gaudiumetspes-blog.pl\/#website\"},\"primaryImageOfPage\":{\"@id\":\"https:\/\/gaudiumetspes-blog.pl\/index.php\/2013\/03\/28\/przed-kapanstwem-kleka\/#primaryimage\"},\"image\":{\"@id\":\"https:\/\/gaudiumetspes-blog.pl\/index.php\/2013\/03\/28\/przed-kapanstwem-kleka\/#primaryimage\"},\"thumbnailUrl\":\"https:\/\/gaudiumetspes-blog.pl\/wp-content\/uploads\/2013\/03\/DSC_0223.jpg\",\"datePublished\":\"2013-03-28T05:40:00+00:00\",\"dateModified\":\"2019-07-31T10:53:55+00:00\",\"author\":{\"@id\":\"https:\/\/gaudiumetspes-blog.pl\/#\/schema\/person\/1661982992b752dea8dff0d4ed845a65\"},\"breadcrumb\":{\"@id\":\"https:\/\/gaudiumetspes-blog.pl\/index.php\/2013\/03\/28\/przed-kapanstwem-kleka\/#breadcrumb\"},\"inLanguage\":\"pl-PL\",\"potentialAction\":[{\"@type\":\"ReadAction\",\"target\":[\"https:\/\/gaudiumetspes-blog.pl\/index.php\/2013\/03\/28\/przed-kapanstwem-kleka\/\"]}]},{\"@type\":\"ImageObject\",\"inLanguage\":\"pl-PL\",\"@id\":\"https:\/\/gaudiumetspes-blog.pl\/index.php\/2013\/03\/28\/przed-kapanstwem-kleka\/#primaryimage\",\"url\":\"https:\/\/gaudiumetspes-blog.pl\/wp-content\/uploads\/2013\/03\/DSC_0223.jpg\",\"contentUrl\":\"https:\/\/gaudiumetspes-blog.pl\/wp-content\/uploads\/2013\/03\/DSC_0223.jpg\",\"width\":320,\"height\":213},{\"@type\":\"BreadcrumbList\",\"@id\":\"https:\/\/gaudiumetspes-blog.pl\/index.php\/2013\/03\/28\/przed-kapanstwem-kleka\/#breadcrumb\",\"itemListElement\":[{\"@type\":\"ListItem\",\"position\":1,\"name\":\"Strona g\u0142\u00f3wna\",\"item\":\"https:\/\/gaudiumetspes-blog.pl\/\"},{\"@type\":\"ListItem\",\"position\":2,\"name\":\"Przed&nbsp;kap\u0142a\u0144stwem kl\u0119kam\"}]},{\"@type\":\"WebSite\",\"@id\":\"https:\/\/gaudiumetspes-blog.pl\/#website\",\"url\":\"https:\/\/gaudiumetspes-blog.pl\/\",\"name\":\"Gaudium Et Spes\",\"description\":\"Blog Ks. Jacka Ja\u015bkowskiego\",\"potentialAction\":[{\"@type\":\"SearchAction\",\"target\":{\"@type\":\"EntryPoint\",\"urlTemplate\":\"https:\/\/gaudiumetspes-blog.pl\/?s={search_term_string}\"},\"query-input\":{\"@type\":\"PropertyValueSpecification\",\"valueRequired\":true,\"valueName\":\"search_term_string\"}}],\"inLanguage\":\"pl-PL\"},{\"@type\":\"Person\",\"@id\":\"https:\/\/gaudiumetspes-blog.pl\/#\/schema\/person\/1661982992b752dea8dff0d4ed845a65\",\"name\":\"Ks. Jacek\",\"image\":{\"@type\":\"ImageObject\",\"inLanguage\":\"pl-PL\",\"@id\":\"https:\/\/gaudiumetspes-blog.pl\/#\/schema\/person\/image\/\",\"url\":\"https:\/\/gaudiumetspes-blog.pl\/wp-content\/uploads\/2019\/07\/avatar-JJ-150x150.jpg\",\"contentUrl\":\"https:\/\/gaudiumetspes-blog.pl\/wp-content\/uploads\/2019\/07\/avatar-JJ-150x150.jpg\",\"caption\":\"Ks. Jacek\"},\"description\":\"Witam serdecznie! K\u0142ania si\u0119 Ks. Jacek Ja\u015bkowski. Nie jestem ani kim\u015b wa\u017cnym, ani kim\u015b znanym. Jestem ksi\u0119dzem, kt\u00f3ry po prostu chce rozmawia\u0107. Codzienna kap\u0142a\u0144ska pos\u0142uga pokazuje mi, \u017ce temat\u00f3w do rozm\u00f3w z ksi\u0119dzem jest coraz wi\u0119cej i dzisiaj \u017caden ksi\u0105dz nie mo\u017ce od nich ucieka\u0107, ale - wprost przeciwnie - podejmowa\u0107 nowe wyzwania. To przekonanie sk\u0142oni\u0142o mnie do pr\u00f3by otwarcia tego\u017c bloga, chocia\u017c okazji do rozm\u00f3w na co dzie\u0144 - w konfesjonale i poza nim - na szcz\u0119\u015bcie nie brakuje. My\u015bl\u0119 jednak, \u017ce ten blog b\u0119dzie jeszcze jednym sposobem i przestrzeni\u0105 nawi\u0105zania kontaktu z lud\u017ami dobrej woli, otwartymi na dialog.\",\"url\":\"https:\/\/gaudiumetspes-blog.pl\/index.php\/author\/ks-jacek\/\"}]}<\/script>\n<!-- \/ Yoast SEO plugin. -->","yoast_head_json":{"title":"Przed kap\u0142a\u0144stwem kl\u0119kam - Gaudium Et Spes","robots":{"index":"index","follow":"follow","max-snippet":"max-snippet:-1","max-image-preview":"max-image-preview:large","max-video-preview":"max-video-preview:-1"},"canonical":"https:\/\/gaudiumetspes-blog.pl\/index.php\/2013\/03\/28\/przed-kapanstwem-kleka\/","og_locale":"pl_PL","og_type":"article","og_title":"Przed kap\u0142a\u0144stwem kl\u0119kam - Gaudium Et Spes","og_description":"(J 13,1-15) By\u0142o to przed \u015awi\u0119tem Paschy. Jezus wiedz\u0105c, \u017ce nadesz\u0142a Jego godzina przej\u015bcia z tego \u015bwiata do Ojca, umi\u0142owawszy swoich na \u015bwiecie, do ko\u0144ca ich umi\u0142owa\u0142. W czasie wieczerzy, gdy diabe\u0142 ju\u017c nak\u0142oni\u0142 serce Judasza Iskarioty syna Szymona, aby Go wyda\u0107, wiedz\u0105c, \u017ce Ojciec da\u0142 Mu wszystko w r\u0119ce oraz \u017ce od Boga wyszed\u0142 [&hellip;]","og_url":"https:\/\/gaudiumetspes-blog.pl\/index.php\/2013\/03\/28\/przed-kapanstwem-kleka\/","og_site_name":"Gaudium Et Spes","article_published_time":"2013-03-28T05:40:00+00:00","article_modified_time":"2019-07-31T10:53:55+00:00","og_image":[{"url":"https:\/\/gaudiumetspes-blog.pl\/wp-content\/uploads\/2013\/03\/DSC_0223.jpg","type":"","width":"","height":""}],"author":"Ks. Jacek","twitter_card":"summary_large_image","twitter_misc":{"Napisane przez":"Ks. Jacek","Szacowany czas czytania":"5 minut"},"schema":{"@context":"https:\/\/schema.org","@graph":[{"@type":"WebPage","@id":"https:\/\/gaudiumetspes-blog.pl\/index.php\/2013\/03\/28\/przed-kapanstwem-kleka\/","url":"https:\/\/gaudiumetspes-blog.pl\/index.php\/2013\/03\/28\/przed-kapanstwem-kleka\/","name":"Przed kap\u0142a\u0144stwem kl\u0119kam - Gaudium Et Spes","isPartOf":{"@id":"https:\/\/gaudiumetspes-blog.pl\/#website"},"primaryImageOfPage":{"@id":"https:\/\/gaudiumetspes-blog.pl\/index.php\/2013\/03\/28\/przed-kapanstwem-kleka\/#primaryimage"},"image":{"@id":"https:\/\/gaudiumetspes-blog.pl\/index.php\/2013\/03\/28\/przed-kapanstwem-kleka\/#primaryimage"},"thumbnailUrl":"https:\/\/gaudiumetspes-blog.pl\/wp-content\/uploads\/2013\/03\/DSC_0223.jpg","datePublished":"2013-03-28T05:40:00+00:00","dateModified":"2019-07-31T10:53:55+00:00","author":{"@id":"https:\/\/gaudiumetspes-blog.pl\/#\/schema\/person\/1661982992b752dea8dff0d4ed845a65"},"breadcrumb":{"@id":"https:\/\/gaudiumetspes-blog.pl\/index.php\/2013\/03\/28\/przed-kapanstwem-kleka\/#breadcrumb"},"inLanguage":"pl-PL","potentialAction":[{"@type":"ReadAction","target":["https:\/\/gaudiumetspes-blog.pl\/index.php\/2013\/03\/28\/przed-kapanstwem-kleka\/"]}]},{"@type":"ImageObject","inLanguage":"pl-PL","@id":"https:\/\/gaudiumetspes-blog.pl\/index.php\/2013\/03\/28\/przed-kapanstwem-kleka\/#primaryimage","url":"https:\/\/gaudiumetspes-blog.pl\/wp-content\/uploads\/2013\/03\/DSC_0223.jpg","contentUrl":"https:\/\/gaudiumetspes-blog.pl\/wp-content\/uploads\/2013\/03\/DSC_0223.jpg","width":320,"height":213},{"@type":"BreadcrumbList","@id":"https:\/\/gaudiumetspes-blog.pl\/index.php\/2013\/03\/28\/przed-kapanstwem-kleka\/#breadcrumb","itemListElement":[{"@type":"ListItem","position":1,"name":"Strona g\u0142\u00f3wna","item":"https:\/\/gaudiumetspes-blog.pl\/"},{"@type":"ListItem","position":2,"name":"Przed&nbsp;kap\u0142a\u0144stwem kl\u0119kam"}]},{"@type":"WebSite","@id":"https:\/\/gaudiumetspes-blog.pl\/#website","url":"https:\/\/gaudiumetspes-blog.pl\/","name":"Gaudium Et Spes","description":"Blog Ks. Jacka Ja\u015bkowskiego","potentialAction":[{"@type":"SearchAction","target":{"@type":"EntryPoint","urlTemplate":"https:\/\/gaudiumetspes-blog.pl\/?s={search_term_string}"},"query-input":{"@type":"PropertyValueSpecification","valueRequired":true,"valueName":"search_term_string"}}],"inLanguage":"pl-PL"},{"@type":"Person","@id":"https:\/\/gaudiumetspes-blog.pl\/#\/schema\/person\/1661982992b752dea8dff0d4ed845a65","name":"Ks. Jacek","image":{"@type":"ImageObject","inLanguage":"pl-PL","@id":"https:\/\/gaudiumetspes-blog.pl\/#\/schema\/person\/image\/","url":"https:\/\/gaudiumetspes-blog.pl\/wp-content\/uploads\/2019\/07\/avatar-JJ-150x150.jpg","contentUrl":"https:\/\/gaudiumetspes-blog.pl\/wp-content\/uploads\/2019\/07\/avatar-JJ-150x150.jpg","caption":"Ks. Jacek"},"description":"Witam serdecznie! K\u0142ania si\u0119 Ks. Jacek Ja\u015bkowski. Nie jestem ani kim\u015b wa\u017cnym, ani kim\u015b znanym. Jestem ksi\u0119dzem, kt\u00f3ry po prostu chce rozmawia\u0107. Codzienna kap\u0142a\u0144ska pos\u0142uga pokazuje mi, \u017ce temat\u00f3w do rozm\u00f3w z ksi\u0119dzem jest coraz wi\u0119cej i dzisiaj \u017caden ksi\u0105dz nie mo\u017ce od nich ucieka\u0107, ale - wprost przeciwnie - podejmowa\u0107 nowe wyzwania. To przekonanie sk\u0142oni\u0142o mnie do pr\u00f3by otwarcia tego\u017c bloga, chocia\u017c okazji do rozm\u00f3w na co dzie\u0144 - w konfesjonale i poza nim - na szcz\u0119\u015bcie nie brakuje. My\u015bl\u0119 jednak, \u017ce ten blog b\u0119dzie jeszcze jednym sposobem i przestrzeni\u0105 nawi\u0105zania kontaktu z lud\u017ami dobrej woli, otwartymi na dialog.","url":"https:\/\/gaudiumetspes-blog.pl\/index.php\/author\/ks-jacek\/"}]}},"jetpack_featured_media_url":"","jetpack_sharing_enabled":true,"_links":{"self":[{"href":"https:\/\/gaudiumetspes-blog.pl\/index.php\/wp-json\/wp\/v2\/posts\/9172","targetHints":{"allow":["GET"]}}],"collection":[{"href":"https:\/\/gaudiumetspes-blog.pl\/index.php\/wp-json\/wp\/v2\/posts"}],"about":[{"href":"https:\/\/gaudiumetspes-blog.pl\/index.php\/wp-json\/wp\/v2\/types\/post"}],"author":[{"embeddable":true,"href":"https:\/\/gaudiumetspes-blog.pl\/index.php\/wp-json\/wp\/v2\/users\/1"}],"replies":[{"embeddable":true,"href":"https:\/\/gaudiumetspes-blog.pl\/index.php\/wp-json\/wp\/v2\/comments?post=9172"}],"version-history":[{"count":1,"href":"https:\/\/gaudiumetspes-blog.pl\/index.php\/wp-json\/wp\/v2\/posts\/9172\/revisions"}],"predecessor-version":[{"id":11010,"href":"https:\/\/gaudiumetspes-blog.pl\/index.php\/wp-json\/wp\/v2\/posts\/9172\/revisions\/11010"}],"wp:attachment":[{"href":"https:\/\/gaudiumetspes-blog.pl\/index.php\/wp-json\/wp\/v2\/media?parent=9172"}],"wp:term":[{"taxonomy":"category","embeddable":true,"href":"https:\/\/gaudiumetspes-blog.pl\/index.php\/wp-json\/wp\/v2\/categories?post=9172"},{"taxonomy":"post_tag","embeddable":true,"href":"https:\/\/gaudiumetspes-blog.pl\/index.php\/wp-json\/wp\/v2\/tags?post=9172"}],"curies":[{"name":"wp","href":"https:\/\/api.w.org\/{rel}","templated":true}]}}