{"id":9193,"date":"2013-03-07T06:41:00","date_gmt":"2013-03-07T05:41:00","guid":{"rendered":"https:\/\/gaudiumetspes-blog.pl\/index.php\/2013\/03\/07\/on-ma-sie\/"},"modified":"2019-07-31T12:53:53","modified_gmt":"2019-07-31T10:53:53","slug":"on-ma-sie","status":"publish","type":"post","link":"https:\/\/gaudiumetspes-blog.pl\/index.php\/2013\/03\/07\/on-ma-sie\/","title":{"rendered":"On ma si\u0142\u0119!"},"content":{"rendered":"<div class=\"separator\" style=\"clear: both; text-align: center;\">\n<a href=\"http:\/\/3.bp.blogspot.com\/-YqaStXXqfK4\/UTg2RESrliI\/AAAAAAAAAWw\/xPCEWnoOSgY\/s1600\/DSC_0159.JPG\" imageanchor=\"1\" style=\"clear: right; float: right; margin-bottom: 1em; margin-left: 1em;\"><img loading=\"lazy\" decoding=\"async\" border=\"0\" height=\"212\" src=\"https:\/\/gaudiumetspes-blog.pl\/wp-content\/uploads\/2013\/03\/DSC_0159.jpg\" width=\"320\" \/><\/a><\/div>\n<p>\n<b><i>(Jr 7,23-28)<br \/> To m\u00f3wi Pan: Da\u0142em im przykazanie: S\u0142uchajcie g\u0142osu mojego, a b\u0119d\u0119 wam Bogiem, wy za\u015b b\u0119dziecie Mi narodem. Chod\u017acie ka\u017cd\u0105 drog\u0105, kt\u00f3r\u0105 wam rozka\u017c\u0119, aby si\u0119 wam dobrze powodzi\u0142o. Ale nie us\u0142uchali ani nie chcieli s\u0142ucha\u0107 i poszli wed\u0142ug zatwardzia\u0142o\u015bci swego przewrotnego serca; odwr\u00f3cili si\u0119 plecami, a nie twarz\u0105. Od dnia, kiedy przodkowie wasi wyszli z ziemi egipskiej, do dnia dzisiejszego posy\u0142a\u0142em do was wszystkich moich s\u0142ug, prorok\u00f3w, ka\u017cdego dnia, bezustannie, lecz nie us\u0142uchali Mnie ani nie nadstawiali swych uszu. Uczynili twardym sw\u00f3j kark, stali si\u0119 gorszymi ni\u017c ich przodkowie. Powiesz im wszystkie te s\u0142owa, ale ci\u0119 nie us\u0142uchaj\u0105; b\u0119dziesz wo\u0142a\u0142 do nich, lecz nie dadz\u0105 ci odpowiedzi. I odezwiesz si\u0119 do nich: To jest nar\u00f3d, kt\u00f3ry nie us\u0142ucha\u0142 g\u0142osu Pana, swego Boga, i nie przyj\u0105\u0142 pouczenia. Przepad\u0142a wierno\u015b\u0107, znik\u0142a z ich ust. <\/p>\n<p>(\u0141k 11,14-23)<br \/> Jezus wyrzuca\u0142 z\u0142ego ducha [u tego], kt\u00f3ry by\u0142 niemy. A gdy z\u0142y duch wyszed\u0142, niemy zacz\u0105\u0142 m\u00f3wi\u0107 i t\u0142umy by\u0142y zdumione. Lecz niekt\u00f3rzy z nich rzekli: Przez Belzebuba, w\u0142adc\u0119 z\u0142ych duch\u00f3w, wyrzuca z\u0142e duchy. Inni za\u015b, chc\u0105c Go wystawi\u0107 na pr\u00f3b\u0119, domagali si\u0119 od Niego znaku z nieba. On jednak, znaj\u0105c ich my\u015bli, rzek\u0142 do nich: Ka\u017cde kr\u00f3lestwo wewn\u0119trznie sk\u0142\u00f3cone pustoszeje i dom na dom si\u0119 wali. Je\u015bli wi\u0119c i szatan z sob\u0105 jest sk\u0142\u00f3cony, jak\u017ce si\u0119 ostoi jego kr\u00f3lestwo? M\u00f3wicie bowiem, \u017ce Ja przez Belzebuba wyrzucam z\u0142e duchy. Lecz je\u015bli Ja przez Belzebuba wyrzucam z\u0142e duchy, to przez kogo je wyrzucaj\u0105 wasi synowie? Dlatego oni b\u0119d\u0105 waszymi s\u0119dziami. A je\u015bli Ja palcem Bo\u017cym wyrzucam z\u0142e duchy, to istotnie przysz\u0142o ju\u017c do was kr\u00f3lestwo Bo\u017ce. Gdy mocarz uzbrojony strze\u017ce swego dworu, bezpieczne jest jego mienie. Lecz gdy mocniejszy od niego nadejdzie i pokona go, zabierze ca\u0142\u0105 bro\u0144 jego, na kt\u00f3rej polega\u0142, i \u0142upy jego rozda. Kto nie jest ze Mn\u0105, jest przeciwko Mnie; a kto nie zbiera ze Mn\u0105, rozprasza. <\/i><\/b><\/p>\n<p>\nNiech b\u0119dzie pochwalony Jezus Chrystus! <\/p>\n<p>Pozdrawiam gor\u0105co i serdecznie z Syberii. Nas zima nie opuszcza, \u017cyjemy na minusie, ale to nie jest takie straszne. Co jeszcze u nas? Opr\u00f3cz mrozu jest jeszcze <i>sede vacante<\/i> dlatego tak\u017ce i tu modlimy si\u0119 o \u015bwiat\u0142o Ducha \u015awi\u0119tego dla kardyna\u0142\u00f3w. Troch\u0119 przykro si\u0119 zrobi\u0142o, kiedy wczoraj w Radio Watyka\u0144skim czyta\u0142em, \u017ce ju\u017c tylko dw\u00f3ch kardyna\u0142\u00f3w brakuje \u2013 jednego z Wietnamu i jednego z Warszawy. Ale dzi\u015b chyba ju\u017c b\u0119dzie komplet. <\/p>\n<p>Swoj\u0105 drog\u0105 to lepiej, gdyby to konklawe przeci\u0105gali jak si\u0119 da d\u0142u\u017cej. Nie ma si\u0119 co spieszy\u0107. Argumenty za tym mam dwa: jedno to, \u017ce kardyna\u0142owie mog\u0105 si\u0119 lepiej pozna\u0107, poby\u0107 ze sob\u0105, podyskutowa\u0107, bo jak przyje\u017cd\u017ca kardyna\u0142 z ko\u0144ca \u015bwiata, to sk\u0105d on ma wiedzie\u0107 kogo wybra\u0107, on zna tylko kilku swoich znajomych. Drugi argument to ten, widoczny zw\u0142aszcza tu, gdzie katolicy s\u0105 w mniejszo\u015bci, \u017ce jest wok\u00f3\u0142 Ko\u015bcio\u0142a, taki pozytywny ferment, napi\u0119cie, poruszenie, o Ko\u015bciele Katolickim m\u00f3wi\u0105 w mediach, prze\u017cywaj\u0105, to jest okazj\u0105, aby wielu o Ko\u015bciele Katolickim si\u0119 dowiedzia\u0142o. A jak wybior\u0105, to wszystko wr\u00f3ci na swoje miejsce i b\u0119dzie spokojnie. A mo\u017cna jeszcze doda\u0107, wi\u0119cej za Ko\u015bci\u00f3\u0142 si\u0119 modlimy. <\/p>\n<p>Na przyk\u0142ad, czym\u015b niesamowitym, nawet wzruszaj\u0105cym, o czym si\u0119 dowiedzia\u0142em ju\u017c po, by\u0142o to, \u017ce ostatnia audiencja Benedykta XVI by\u0142a w ca\u0142o\u015bci transmitowana w og\u00f3lnorosyjskiej telewizji Rossija 24. To by\u0142o chyba pierwszy raz w historii. By\u0142o jeszcze wiele innych ciekawych program\u00f3w na ten temat. <\/p>\n<p>A w Rosji jutro jedno z najwi\u0119kszych \u015bwi\u0105t w roku, najwi\u0119ksze po Nowym Roku \u2013 Dzie\u0144 Kobiet. Jest to oczywi\u015bcie dzie\u0144 wolny od pracy, wi\u0119c z m\u0142odzie\u017c\u0105 planujemy zrobi\u0107 dzie\u0144 skupienia (mam nadziej\u0119, \u017ce to dojdzie do skutku). Prosz\u0119 o modlitw\u0119 za nasz\u0105 m\u0142odzie\u017c. <\/p>\n<p>I oczywi\u015bcie pozdrawiam wszystkie kobiety, kt\u00f3rym \u017cycz\u0119, by by\u0142y jak Maryja. <\/p>\n<p>A dzisiejsze s\u0142owo Bo\u017ce porusza wa\u017cny temat, temat z\u0142ego ducha, zmagania z nim, jego obecno\u015bci i si\u0142y. <\/p>\n<p>Wielki Post to czas walki z pokusami, walki ze z\u0142ym duchem, walki szczeg\u00f3lnie nasilonej. <\/p>\n<p>Czasem jestem zadziwiony, jak bardzo przebieg\u0142y, inteligentny jest z\u0142y duch. Obserwuj\u0119 czasem jego dzia\u0142anie i nadziwi\u0107 si\u0119 nie mog\u0119. <\/p>\n<p>Bardzo ciekawie pokazuje temat pokusy Benedykt XVI, najpierw w ksi\u0105\u017cce \u201eJezus z Nazaretu\u201d, potem w kazaniu, czy w czasie audiencji w \u015arod\u0119 Popielcow\u0105, kiedy m\u00f3wi\u0142, \u017ce szatan chce doprowadzi\u0107 do instrumentalizacji Boga. <\/p>\n<p>Celem dzia\u0142ania szatana jest odci\u0105gni\u0119cie od Boga, oderwanie cz\u0142owieka od Boga, oddalenie od Boga, i \u017ceby cz\u0142owiek straci\u0142 nadziej\u0119, nie chcia\u0142 walczy\u0107, \u017ceby jak to m\u00f3wimy \u2013 upad\u0142 na duchu. <\/p>\n<p>I to jest niesamowicie wa\u017cne. Straszne jest jego dzia\u0142anie. <br \/>\n<a name='more'><\/a><br \/>\nPewien m\u0142ody m\u0119\u017cczyzna, m\u0105\u017c i ojciec, bardzo pobo\u017cny i praktykuj\u0105cy cz\u0142owiek, jaki\u015b rok temu przeszed\u0142 kryzys wiary, traci\u0142 sens wiary, ale chodzi\u0142 do ko\u015bcio\u0142a. Modli\u0142a si\u0119 \u017cona, modli\u0142a si\u0119 wsp\u00f3lnota. Raz podszed\u0142 do parapetu w ko\u015bciele, gdzie le\u017c\u0105 czasopisma religijne i zobaczy\u0142 jakie\u015b stare \u201eMi\u0142ujcie si\u0119\u201d, kto\u015b tam zostawi\u0142. Otworzy\u0142 i trafi\u0142 na artyku\u0142 o nawr\u00f3ceniu pewnego cz\u0142owieka. To go rozbudzi\u0142o, zacz\u0105\u0142 wierzy\u0107, wszystko by\u0142o dobrze. Min\u0105\u0142 rok, ju\u017c jaki\u015b miesi\u0105c nie ma go w ko\u015bciele. Tak znikn\u0105\u0142, \u017ce niemal nikt nie zauwa\u017cy\u0142. Dowiadujemy si\u0119, \u017ce ju\u017c mu ko\u015bci\u00f3\u0142 niepotrzebny, \u017ce to nie ma sensu\u2026 <\/p>\n<p>Pom\u00f3dlcie si\u0119 za niego, my te\u017c si\u0119 modlimy. Ale takie przyk\u0142ady pokazuj\u0105 mi niesamowit\u0105 przebieg\u0142o\u015b\u0107 z\u0142ego ducha. Nie uda\u0142o si\u0119 raz, poczeka\u0142, zaatakowa\u0142 p\u00f3\u017aniej, kiedy si\u0119 nikt nie spodziewa\u0142. <\/p>\n<p>Inn\u0105 pokus\u0105 jak\u0105 cz\u0119sto zauwa\u017cam, jest apatia, ludziom si\u0119 nie chce, przestaje si\u0119 chcie\u0107. Cz\u0142owiek przychodzi do ko\u015bcio\u0142a, jest przepe\u0142niony entuzjazmem, dzia\u0142a, s\u0142u\u017cy, mobilizuje innych, mija jaki\u015b czas, entuzjazm opada, nic si\u0119 nie chce\u2026 apatia, zniech\u0119cenie\u2026 <\/p>\n<p>Ostatnio tak\u0105 postaw\u0119 zauwa\u017cam w\u015br\u00f3d grupy naszej m\u0142odzie\u017cy\u2026 Czy to pogoda, czy ci\u015bnienie? Chyba nie \u2013 to z\u0142y duch. Proponuj\u0119 zwr\u00f3ci\u0107 dzi\u015b uwag\u0119 na I czytanie: \u201e<i>S\u0142uchajcie g\u0142osu mojego, (\u2026) chod\u017acie ka\u017cd\u0105 drog\u0105, kt\u00f3r\u0105 wam rozka\u017c\u0119, aby si\u0119 wam dobrze powodzi\u0142o. <b>Ale nie us\u0142uchali ani nie chcieli s\u0142ucha\u0107<\/b> i poszli wed\u0142ug zatwardzia\u0142o\u015bci swego przewrotnego serca\u2026 <\/i><\/p>\n<p><i>Posy\u0142a\u0142em do was wszystkich moich s\u0142ug, prorok\u00f3w, ka\u017cdego dnia, bezustannie, lecz <b>nie us\u0142uchali Mnie ani nie nadstawiali swych uszu. <\/b><\/i><\/p>\n<p>Czy\u017c nie jest to w\u0142a\u015bnie wyraz apatii, powolnego odchodzenia, oddalania si\u0119 od Boga? <\/p>\n<p>I wreszcie na koniec: <b><i>Przepad\u0142a wierno\u015b\u0107!<\/i><\/b> Przepad\u0142a wierno\u015b\u0107! <\/p>\n<p>Ale Jezus pokazuje jak sobie z tym poradzi\u0107, On nas nie zostawia z tak\u0105 smutn\u0105 informacj\u0105, On jasno pokazuje \u2013 <b><i>Lecz je\u015bli Ja przez Belzebuba wyrzucam z\u0142e duchy\u2026 Lecz gdy mocniejszy od niego nadejdzie i pokona go\u2026 Kto nie jest ze Mn\u0105, jest przeciwko Mnie; a kto nie zbiera ze Mn\u0105, rozprasza. <\/i><\/b><\/p>\n<p>Je\u015bli nas bierze apatia, je\u015bli nam si\u0119 nie chce, nic si\u0119 nie chce, modli\u0107 si\u0119 nie chce, trzeba<b> ucieka\u0107 do Jezusa<\/b> \u2013 <b>On ma si\u0142\u0119<\/b>. <b>Tylko palcem Bo\u017cym mo\u017cna wygra\u0107 ze z\u0142ym duchem<\/b>. <b>Je\u015bli jeste\u015bmy bez \u0142aski u\u015bwi\u0119caj\u0105cej \u2013 wystawiamy si\u0119 na ogromne niebezpiecze\u0144stwo. Je\u015bli nie adorujemy Pana Jezusa \u2013 s\u0142abn\u0105 nasze si\u0142y. Je\u015bli nie s\u0142uchamy s\u0142owa Bo\u017cego \u2013 nie wiemy co robi\u0107. Je\u015bli uciekamy od wsp\u00f3lnoty \u2013 nara\u017camy si\u0119 na rozpacz samotno\u015bci i egoizmu. <\/b><\/p>\n<p><b>Przyjd\u017a do Jezusa. <\/b><\/p>\n<p><b><i>Kto nie jest ze Mn\u0105\u2026<\/i><\/b><\/p>\n<div class=\"separator\" style=\"clear: both; text-align: center;\">\n<a href=\"http:\/\/1.bp.blogspot.com\/-Z5vwTaLy9eU\/UTg2dpiHWVI\/AAAAAAAAAW4\/Qi_UIQx9NCg\/s1600\/DSC_0166.JPG\" imageanchor=\"1\" style=\"margin-left: 1em; margin-right: 1em;\"><img loading=\"lazy\" decoding=\"async\" border=\"0\" height=\"320\" src=\"https:\/\/gaudiumetspes-blog.pl\/wp-content\/uploads\/2013\/03\/DSC_0166.jpg\" width=\"212\" \/><\/a><\/div>\n<div>\n<\/div>\n","protected":false},"excerpt":{"rendered":"<p>(Jr 7,23-28) To m\u00f3wi Pan: Da\u0142em im przykazanie: S\u0142uchajcie g\u0142osu mojego, a b\u0119d\u0119 wam Bogiem, wy za\u015b b\u0119dziecie Mi narodem. Chod\u017acie ka\u017cd\u0105 drog\u0105, kt\u00f3r\u0105 wam rozka\u017c\u0119, aby si\u0119 wam dobrze powodzi\u0142o. Ale nie us\u0142uchali ani nie chcieli s\u0142ucha\u0107 i poszli wed\u0142ug zatwardzia\u0142o\u015bci swego przewrotnego serca; odwr\u00f3cili si\u0119 plecami, a nie twarz\u0105. Od dnia, kiedy przodkowie [&hellip;]<\/p>\n","protected":false},"author":1,"featured_media":0,"comment_status":"open","ping_status":"open","sticky":false,"template":"","format":"standard","meta":{"jetpack_post_was_ever_published":false,"_jetpack_newsletter_access":"","_jetpack_dont_email_post_to_subs":false,"_jetpack_newsletter_tier_id":0,"_jetpack_memberships_contains_paywalled_content":false,"_jetpack_memberships_contains_paid_content":false,"footnotes":""},"categories":[1],"tags":[],"class_list":["post-9193","post","type-post","status-publish","format-standard","hentry","category-bez-kategorii"],"yoast_head":"<!-- This site is optimized with the Yoast SEO plugin v25.1 - https:\/\/yoast.com\/wordpress\/plugins\/seo\/ -->\n<title>On ma si\u0142\u0119! - Gaudium Et Spes<\/title>\n<meta name=\"robots\" content=\"index, follow, max-snippet:-1, max-image-preview:large, max-video-preview:-1\" \/>\n<link rel=\"canonical\" href=\"https:\/\/gaudiumetspes-blog.pl\/index.php\/2013\/03\/07\/on-ma-sie\/\" \/>\n<meta property=\"og:locale\" content=\"pl_PL\" \/>\n<meta property=\"og:type\" content=\"article\" \/>\n<meta property=\"og:title\" content=\"On ma si\u0142\u0119! - Gaudium Et Spes\" \/>\n<meta property=\"og:description\" content=\"(Jr 7,23-28) To m\u00f3wi Pan: Da\u0142em im przykazanie: S\u0142uchajcie g\u0142osu mojego, a b\u0119d\u0119 wam Bogiem, wy za\u015b b\u0119dziecie Mi narodem. Chod\u017acie ka\u017cd\u0105 drog\u0105, kt\u00f3r\u0105 wam rozka\u017c\u0119, aby si\u0119 wam dobrze powodzi\u0142o. Ale nie us\u0142uchali ani nie chcieli s\u0142ucha\u0107 i poszli wed\u0142ug zatwardzia\u0142o\u015bci swego przewrotnego serca; odwr\u00f3cili si\u0119 plecami, a nie twarz\u0105. Od dnia, kiedy przodkowie [&hellip;]\" \/>\n<meta property=\"og:url\" content=\"https:\/\/gaudiumetspes-blog.pl\/index.php\/2013\/03\/07\/on-ma-sie\/\" \/>\n<meta property=\"og:site_name\" content=\"Gaudium Et Spes\" \/>\n<meta property=\"article:published_time\" content=\"2013-03-07T05:41:00+00:00\" \/>\n<meta property=\"article:modified_time\" content=\"2019-07-31T10:53:53+00:00\" \/>\n<meta property=\"og:image\" content=\"https:\/\/gaudiumetspes-blog.pl\/wp-content\/uploads\/2013\/03\/DSC_0159.jpg\" \/>\n<meta name=\"author\" content=\"Ks. Jacek\" \/>\n<meta name=\"twitter:card\" content=\"summary_large_image\" \/>\n<meta name=\"twitter:label1\" content=\"Napisane przez\" \/>\n\t<meta name=\"twitter:data1\" content=\"Ks. Jacek\" \/>\n\t<meta name=\"twitter:label2\" content=\"Szacowany czas czytania\" \/>\n\t<meta name=\"twitter:data2\" content=\"7 minut\" \/>\n<script type=\"application\/ld+json\" class=\"yoast-schema-graph\">{\"@context\":\"https:\/\/schema.org\",\"@graph\":[{\"@type\":\"WebPage\",\"@id\":\"https:\/\/gaudiumetspes-blog.pl\/index.php\/2013\/03\/07\/on-ma-sie\/\",\"url\":\"https:\/\/gaudiumetspes-blog.pl\/index.php\/2013\/03\/07\/on-ma-sie\/\",\"name\":\"On ma si\u0142\u0119! - Gaudium Et Spes\",\"isPartOf\":{\"@id\":\"https:\/\/gaudiumetspes-blog.pl\/#website\"},\"primaryImageOfPage\":{\"@id\":\"https:\/\/gaudiumetspes-blog.pl\/index.php\/2013\/03\/07\/on-ma-sie\/#primaryimage\"},\"image\":{\"@id\":\"https:\/\/gaudiumetspes-blog.pl\/index.php\/2013\/03\/07\/on-ma-sie\/#primaryimage\"},\"thumbnailUrl\":\"https:\/\/gaudiumetspes-blog.pl\/wp-content\/uploads\/2013\/03\/DSC_0159.jpg\",\"datePublished\":\"2013-03-07T05:41:00+00:00\",\"dateModified\":\"2019-07-31T10:53:53+00:00\",\"author\":{\"@id\":\"https:\/\/gaudiumetspes-blog.pl\/#\/schema\/person\/1661982992b752dea8dff0d4ed845a65\"},\"breadcrumb\":{\"@id\":\"https:\/\/gaudiumetspes-blog.pl\/index.php\/2013\/03\/07\/on-ma-sie\/#breadcrumb\"},\"inLanguage\":\"pl-PL\",\"potentialAction\":[{\"@type\":\"ReadAction\",\"target\":[\"https:\/\/gaudiumetspes-blog.pl\/index.php\/2013\/03\/07\/on-ma-sie\/\"]}]},{\"@type\":\"ImageObject\",\"inLanguage\":\"pl-PL\",\"@id\":\"https:\/\/gaudiumetspes-blog.pl\/index.php\/2013\/03\/07\/on-ma-sie\/#primaryimage\",\"url\":\"https:\/\/gaudiumetspes-blog.pl\/wp-content\/uploads\/2013\/03\/DSC_0159.jpg\",\"contentUrl\":\"https:\/\/gaudiumetspes-blog.pl\/wp-content\/uploads\/2013\/03\/DSC_0159.jpg\",\"width\":320,\"height\":212},{\"@type\":\"BreadcrumbList\",\"@id\":\"https:\/\/gaudiumetspes-blog.pl\/index.php\/2013\/03\/07\/on-ma-sie\/#breadcrumb\",\"itemListElement\":[{\"@type\":\"ListItem\",\"position\":1,\"name\":\"Strona g\u0142\u00f3wna\",\"item\":\"https:\/\/gaudiumetspes-blog.pl\/\"},{\"@type\":\"ListItem\",\"position\":2,\"name\":\"On ma si\u0142\u0119!\"}]},{\"@type\":\"WebSite\",\"@id\":\"https:\/\/gaudiumetspes-blog.pl\/#website\",\"url\":\"https:\/\/gaudiumetspes-blog.pl\/\",\"name\":\"Gaudium Et Spes\",\"description\":\"Blog Ks. Jacka Ja\u015bkowskiego\",\"potentialAction\":[{\"@type\":\"SearchAction\",\"target\":{\"@type\":\"EntryPoint\",\"urlTemplate\":\"https:\/\/gaudiumetspes-blog.pl\/?s={search_term_string}\"},\"query-input\":{\"@type\":\"PropertyValueSpecification\",\"valueRequired\":true,\"valueName\":\"search_term_string\"}}],\"inLanguage\":\"pl-PL\"},{\"@type\":\"Person\",\"@id\":\"https:\/\/gaudiumetspes-blog.pl\/#\/schema\/person\/1661982992b752dea8dff0d4ed845a65\",\"name\":\"Ks. Jacek\",\"image\":{\"@type\":\"ImageObject\",\"inLanguage\":\"pl-PL\",\"@id\":\"https:\/\/gaudiumetspes-blog.pl\/#\/schema\/person\/image\/\",\"url\":\"https:\/\/gaudiumetspes-blog.pl\/wp-content\/uploads\/2019\/07\/avatar-JJ-150x150.jpg\",\"contentUrl\":\"https:\/\/gaudiumetspes-blog.pl\/wp-content\/uploads\/2019\/07\/avatar-JJ-150x150.jpg\",\"caption\":\"Ks. Jacek\"},\"description\":\"Witam serdecznie! K\u0142ania si\u0119 Ks. Jacek Ja\u015bkowski. Nie jestem ani kim\u015b wa\u017cnym, ani kim\u015b znanym. Jestem ksi\u0119dzem, kt\u00f3ry po prostu chce rozmawia\u0107. Codzienna kap\u0142a\u0144ska pos\u0142uga pokazuje mi, \u017ce temat\u00f3w do rozm\u00f3w z ksi\u0119dzem jest coraz wi\u0119cej i dzisiaj \u017caden ksi\u0105dz nie mo\u017ce od nich ucieka\u0107, ale - wprost przeciwnie - podejmowa\u0107 nowe wyzwania. To przekonanie sk\u0142oni\u0142o mnie do pr\u00f3by otwarcia tego\u017c bloga, chocia\u017c okazji do rozm\u00f3w na co dzie\u0144 - w konfesjonale i poza nim - na szcz\u0119\u015bcie nie brakuje. My\u015bl\u0119 jednak, \u017ce ten blog b\u0119dzie jeszcze jednym sposobem i przestrzeni\u0105 nawi\u0105zania kontaktu z lud\u017ami dobrej woli, otwartymi na dialog.\",\"url\":\"https:\/\/gaudiumetspes-blog.pl\/index.php\/author\/ks-jacek\/\"}]}<\/script>\n<!-- \/ Yoast SEO plugin. -->","yoast_head_json":{"title":"On ma si\u0142\u0119! - Gaudium Et Spes","robots":{"index":"index","follow":"follow","max-snippet":"max-snippet:-1","max-image-preview":"max-image-preview:large","max-video-preview":"max-video-preview:-1"},"canonical":"https:\/\/gaudiumetspes-blog.pl\/index.php\/2013\/03\/07\/on-ma-sie\/","og_locale":"pl_PL","og_type":"article","og_title":"On ma si\u0142\u0119! - Gaudium Et Spes","og_description":"(Jr 7,23-28) To m\u00f3wi Pan: Da\u0142em im przykazanie: S\u0142uchajcie g\u0142osu mojego, a b\u0119d\u0119 wam Bogiem, wy za\u015b b\u0119dziecie Mi narodem. Chod\u017acie ka\u017cd\u0105 drog\u0105, kt\u00f3r\u0105 wam rozka\u017c\u0119, aby si\u0119 wam dobrze powodzi\u0142o. Ale nie us\u0142uchali ani nie chcieli s\u0142ucha\u0107 i poszli wed\u0142ug zatwardzia\u0142o\u015bci swego przewrotnego serca; odwr\u00f3cili si\u0119 plecami, a nie twarz\u0105. Od dnia, kiedy przodkowie [&hellip;]","og_url":"https:\/\/gaudiumetspes-blog.pl\/index.php\/2013\/03\/07\/on-ma-sie\/","og_site_name":"Gaudium Et Spes","article_published_time":"2013-03-07T05:41:00+00:00","article_modified_time":"2019-07-31T10:53:53+00:00","og_image":[{"url":"https:\/\/gaudiumetspes-blog.pl\/wp-content\/uploads\/2013\/03\/DSC_0159.jpg","type":"","width":"","height":""}],"author":"Ks. Jacek","twitter_card":"summary_large_image","twitter_misc":{"Napisane przez":"Ks. Jacek","Szacowany czas czytania":"7 minut"},"schema":{"@context":"https:\/\/schema.org","@graph":[{"@type":"WebPage","@id":"https:\/\/gaudiumetspes-blog.pl\/index.php\/2013\/03\/07\/on-ma-sie\/","url":"https:\/\/gaudiumetspes-blog.pl\/index.php\/2013\/03\/07\/on-ma-sie\/","name":"On ma si\u0142\u0119! - Gaudium Et Spes","isPartOf":{"@id":"https:\/\/gaudiumetspes-blog.pl\/#website"},"primaryImageOfPage":{"@id":"https:\/\/gaudiumetspes-blog.pl\/index.php\/2013\/03\/07\/on-ma-sie\/#primaryimage"},"image":{"@id":"https:\/\/gaudiumetspes-blog.pl\/index.php\/2013\/03\/07\/on-ma-sie\/#primaryimage"},"thumbnailUrl":"https:\/\/gaudiumetspes-blog.pl\/wp-content\/uploads\/2013\/03\/DSC_0159.jpg","datePublished":"2013-03-07T05:41:00+00:00","dateModified":"2019-07-31T10:53:53+00:00","author":{"@id":"https:\/\/gaudiumetspes-blog.pl\/#\/schema\/person\/1661982992b752dea8dff0d4ed845a65"},"breadcrumb":{"@id":"https:\/\/gaudiumetspes-blog.pl\/index.php\/2013\/03\/07\/on-ma-sie\/#breadcrumb"},"inLanguage":"pl-PL","potentialAction":[{"@type":"ReadAction","target":["https:\/\/gaudiumetspes-blog.pl\/index.php\/2013\/03\/07\/on-ma-sie\/"]}]},{"@type":"ImageObject","inLanguage":"pl-PL","@id":"https:\/\/gaudiumetspes-blog.pl\/index.php\/2013\/03\/07\/on-ma-sie\/#primaryimage","url":"https:\/\/gaudiumetspes-blog.pl\/wp-content\/uploads\/2013\/03\/DSC_0159.jpg","contentUrl":"https:\/\/gaudiumetspes-blog.pl\/wp-content\/uploads\/2013\/03\/DSC_0159.jpg","width":320,"height":212},{"@type":"BreadcrumbList","@id":"https:\/\/gaudiumetspes-blog.pl\/index.php\/2013\/03\/07\/on-ma-sie\/#breadcrumb","itemListElement":[{"@type":"ListItem","position":1,"name":"Strona g\u0142\u00f3wna","item":"https:\/\/gaudiumetspes-blog.pl\/"},{"@type":"ListItem","position":2,"name":"On ma si\u0142\u0119!"}]},{"@type":"WebSite","@id":"https:\/\/gaudiumetspes-blog.pl\/#website","url":"https:\/\/gaudiumetspes-blog.pl\/","name":"Gaudium Et Spes","description":"Blog Ks. Jacka Ja\u015bkowskiego","potentialAction":[{"@type":"SearchAction","target":{"@type":"EntryPoint","urlTemplate":"https:\/\/gaudiumetspes-blog.pl\/?s={search_term_string}"},"query-input":{"@type":"PropertyValueSpecification","valueRequired":true,"valueName":"search_term_string"}}],"inLanguage":"pl-PL"},{"@type":"Person","@id":"https:\/\/gaudiumetspes-blog.pl\/#\/schema\/person\/1661982992b752dea8dff0d4ed845a65","name":"Ks. Jacek","image":{"@type":"ImageObject","inLanguage":"pl-PL","@id":"https:\/\/gaudiumetspes-blog.pl\/#\/schema\/person\/image\/","url":"https:\/\/gaudiumetspes-blog.pl\/wp-content\/uploads\/2019\/07\/avatar-JJ-150x150.jpg","contentUrl":"https:\/\/gaudiumetspes-blog.pl\/wp-content\/uploads\/2019\/07\/avatar-JJ-150x150.jpg","caption":"Ks. Jacek"},"description":"Witam serdecznie! K\u0142ania si\u0119 Ks. Jacek Ja\u015bkowski. Nie jestem ani kim\u015b wa\u017cnym, ani kim\u015b znanym. Jestem ksi\u0119dzem, kt\u00f3ry po prostu chce rozmawia\u0107. Codzienna kap\u0142a\u0144ska pos\u0142uga pokazuje mi, \u017ce temat\u00f3w do rozm\u00f3w z ksi\u0119dzem jest coraz wi\u0119cej i dzisiaj \u017caden ksi\u0105dz nie mo\u017ce od nich ucieka\u0107, ale - wprost przeciwnie - podejmowa\u0107 nowe wyzwania. To przekonanie sk\u0142oni\u0142o mnie do pr\u00f3by otwarcia tego\u017c bloga, chocia\u017c okazji do rozm\u00f3w na co dzie\u0144 - w konfesjonale i poza nim - na szcz\u0119\u015bcie nie brakuje. My\u015bl\u0119 jednak, \u017ce ten blog b\u0119dzie jeszcze jednym sposobem i przestrzeni\u0105 nawi\u0105zania kontaktu z lud\u017ami dobrej woli, otwartymi na dialog.","url":"https:\/\/gaudiumetspes-blog.pl\/index.php\/author\/ks-jacek\/"}]}},"jetpack_featured_media_url":"","jetpack_sharing_enabled":true,"_links":{"self":[{"href":"https:\/\/gaudiumetspes-blog.pl\/index.php\/wp-json\/wp\/v2\/posts\/9193","targetHints":{"allow":["GET"]}}],"collection":[{"href":"https:\/\/gaudiumetspes-blog.pl\/index.php\/wp-json\/wp\/v2\/posts"}],"about":[{"href":"https:\/\/gaudiumetspes-blog.pl\/index.php\/wp-json\/wp\/v2\/types\/post"}],"author":[{"embeddable":true,"href":"https:\/\/gaudiumetspes-blog.pl\/index.php\/wp-json\/wp\/v2\/users\/1"}],"replies":[{"embeddable":true,"href":"https:\/\/gaudiumetspes-blog.pl\/index.php\/wp-json\/wp\/v2\/comments?post=9193"}],"version-history":[{"count":1,"href":"https:\/\/gaudiumetspes-blog.pl\/index.php\/wp-json\/wp\/v2\/posts\/9193\/revisions"}],"predecessor-version":[{"id":10974,"href":"https:\/\/gaudiumetspes-blog.pl\/index.php\/wp-json\/wp\/v2\/posts\/9193\/revisions\/10974"}],"wp:attachment":[{"href":"https:\/\/gaudiumetspes-blog.pl\/index.php\/wp-json\/wp\/v2\/media?parent=9193"}],"wp:term":[{"taxonomy":"category","embeddable":true,"href":"https:\/\/gaudiumetspes-blog.pl\/index.php\/wp-json\/wp\/v2\/categories?post=9193"},{"taxonomy":"post_tag","embeddable":true,"href":"https:\/\/gaudiumetspes-blog.pl\/index.php\/wp-json\/wp\/v2\/tags?post=9193"}],"curies":[{"name":"wp","href":"https:\/\/api.w.org\/{rel}","templated":true}]}}