{"id":9198,"date":"2013-03-02T05:11:00","date_gmt":"2013-03-02T04:11:00","guid":{"rendered":"https:\/\/gaudiumetspes-blog.pl\/index.php\/2013\/03\/02\/co-nam-podarowa-benedykt-xvi\/"},"modified":"2019-07-31T12:53:53","modified_gmt":"2019-07-31T10:53:53","slug":"co-nam-podarowa-benedykt-xvi","status":"publish","type":"post","link":"https:\/\/gaudiumetspes-blog.pl\/index.php\/2013\/03\/02\/co-nam-podarowa-benedykt-xvi\/","title":{"rendered":"Co nam podarowa\u0142 Benedykt XVI?"},"content":{"rendered":"<p><\/p>\n<div align=\"JUSTIFY\" style=\"margin-bottom: 0cm;\">\nSzcz\u0119\u015b\u0107 Bo\u017ce! Kochani, zgodnie z zapowiedzi\u0105, zamieszczam s\u0142owo, kt\u00f3re wyg\u0142osi\u0142em w czwartek, 28 lutego, na Mszy \u015awi\u0119tej o godzinie 20.00 &#8211; wraz z czytaniami, kt\u00f3re stanowi\u0142y podstaw\u0119 do tego rozwa\u017cania. Prosz\u0119 o spokojne przeczytanie tych s\u0142\u00f3w, kt\u00f3re wyra\u017caj\u0105 moje najszczersze refleksje&#8230; Zechciejcie podzieli\u0107 si\u0119 swoimi refleksjami&#8230;&nbsp;<\/div>\n<div align=\"JUSTIFY\" style=\"margin-bottom: 0cm;\">\n&nbsp; &nbsp;I prosz\u0119: m\u00f3dlmy si\u0119 wszyscy za Benedykta XVI, m\u00f3dlmy si\u0119 o nowego Papie\u017ca, m\u00f3dlmy si\u0119 za Ko\u015bci\u00f3\u0142&#8230;<\/div>\n<div align=\"JUSTIFY\" style=\"margin-bottom: 0cm;\">\n&nbsp; &nbsp; &nbsp; &nbsp; &nbsp; &nbsp; Gaudium et spes! &nbsp;Ks. Jacek<\/div>\n<div align=\"JUSTIFY\" style=\"margin-bottom: 0cm;\">\n<b><br \/><\/b><\/div>\n<div align=\"JUSTIFY\" style=\"margin-bottom: 0cm;\">\n<b>Msza<br \/>\n\u015awi\u0119ta dzi\u0119kczynna za Pontyfikat Benedykta XVI,<\/b><\/div>\n<div align=\"JUSTIFY\" style=\"margin-bottom: 0cm;\">\n<b>do<br \/>\nczyta\u0144 z t. VI Lekcjonarza, z Uroczysto\u015bci \u015awi\u0119tych Aposto\u0142\u00f3w<br \/>\nPiotra i Paw\u0142a \u2013 Mszy wigilijnej:  Dz 3,1\u201310;  Ga 1,11\u201320;  J<br \/>\n21,15\u201319<\/b><\/div>\n<div align=\"JUSTIFY\" style=\"margin-bottom: 0cm;\">\n\n<\/div>\n<div align=\"JUSTIFY\" style=\"margin-bottom: 0cm;\">\n<b>CZYTANIE<br \/>\nZ DZIEJ\u00d3W APOSTOLSKICH:<\/b><\/div>\n<div align=\"JUSTIFY\" style=\"margin-bottom: 0cm; page-break-before: auto; text-indent: 1.22cm;\">\n<b>Gdy<br \/>\nPiotr i Jan wchodzili do \u015bwi\u0105tyni na modlitw\u0119 o godzinie<br \/>\ndziewi\u0105tej, wnoszono w\u0142a\u015bnie pewnego cz\u0142owieka, chromego od<br \/>\nurodzenia. K\u0142adziono go codziennie przy bramie \u015bwi\u0105tyni, zwanej<br \/>\nPi\u0119kn\u0105, aby wst\u0119puj\u0105cych do \u015bwi\u0105tyni, prosi\u0142 o ja\u0142mu\u017cn\u0119.<br \/>\nTen zobaczywszy Piotra i Jana, gdy mieli wej\u015b\u0107 do \u015bwi\u0105tyni,<br \/>\nprosi\u0142 ich o ja\u0142mu\u017cn\u0119. <\/b>\n<\/div>\n<div align=\"JUSTIFY\" style=\"margin-bottom: 0cm; text-indent: 1.22cm;\">\n<b>Lecz<br \/>\nPiotr wraz z Janem przypatrzywszy si\u0119 mu powiedzia\u0142: \u201eSp\u00f3jrz na<br \/>\nnas\u201d. A on patrzy\u0142 na nich oczekuj\u0105c od nich ja\u0142mu\u017cny. Piotr<br \/>\npowiedzia\u0142: \u201eNie<br \/>\nmam srebra ani z\u0142ota, ale co mam, to ci daj\u0119: W imi\u0119 Jezusa<br \/>\nChrystusa Nazarejczyka, chod\u017a!\u201d I uj\u0105wszy go za praw\u0105 r\u0119k\u0119,<br \/>\npodni\u00f3s\u0142 go. <\/b>\n<\/div>\n<div align=\"JUSTIFY\" style=\"margin-bottom: 0cm; text-indent: 1.22cm;\">\n<b>A<br \/>\non natychmiast odzyska\u0142 w\u0142adz\u0119 w nogach i stopach. Zerwa\u0142 si\u0119 i<br \/>\nstan\u0105\u0142 na nogach, i chodzi\u0142, i wszed\u0142 z nimi do \u015bwi\u0105tyni,<br \/>\nchodz\u0105c, skacz\u0105c i wielbi\u0105c Boga. A ca\u0142y lud zobaczy\u0142 go<br \/>\nchodz\u0105cego i chwal\u0105cego Boga. I rozpoznawali w nim tego cz\u0142owieka,<br \/>\nkt\u00f3ry siada\u0142 przy Pi\u0119knej Bramie \u015bwi\u0105tyni, aby \u017cebra\u0107, i<br \/>\nogarn\u0119\u0142o ich zdumienie i zachwyt z powodu tego, co go spotka\u0142o.<br \/>\n<\/b>\n<\/div>\n<div align=\"JUSTIFY\" style=\"margin-bottom: 0cm;\">\n\n<\/div>\n<div align=\"JUSTIFY\" style=\"margin-bottom: 0cm;\">\n<b>CZYTANIE<br \/>\nZ LISTU \u015aWI\u0118TEGO PAW\u0141A APOSTO\u0141A DO GALAT\u00d3W:<\/b><\/div>\n<div align=\"JUSTIFY\" style=\"margin-bottom: 0cm; text-indent: 1.24cm;\">\n<a href=\"\" name=\"111\"><\/a><a href=\"\" name=\"122\"><\/a><a href=\"\" name=\"131\"><\/a><a href=\"\" name=\"141\"><\/a><br \/>\n<b>O\u015bwiadczam<br \/>\nwi\u0119c wam, bracia, \u017ce g\u0142oszona przeze mnie Ewangelia nie jest<br \/>\nwymys\u0142em ludzkim. Nie otrzyma\u0142em jej bowiem ani nie nauczy\u0142em si\u0119<br \/>\nod jakiego\u015b cz\u0142owieka, lecz objawi\u0142 mi j\u0105 Jezus Chrystus.<br \/>\nS\u0142yszeli\u015bcie przecie\u017c o moim post\u0119powaniu ongi\u015b, gdy jeszcze<br \/>\nwyznawa\u0142em judaizm, jak z niezwyk\u0142\u0105 gorliwo\u015bci\u0105 zwalcza\u0142em<br \/>\nKo\u015bci\u00f3\u0142 Bo\u017cy i usi\u0142owa\u0142em go zniszczy\u0107, jak w \u017carliwo\u015bci o<br \/>\njudaizm przewy\u017csza\u0142em wielu moich r\u00f3wie\u015bnik\u00f3w z mego narodu, jak<br \/>\nby\u0142em szczeg\u00f3lnie wielkim zapale\u0144cem w zachowywaniu tradycji moich<br \/>\nprzodk\u00f3w.<\/b><\/div>\n<div align=\"JUSTIFY\" style=\"margin-bottom: 0cm; text-indent: 1.24cm;\">\n<a href=\"\" name=\"151\"><\/a><a href=\"\" name=\"161\"><\/a><a href=\"\" name=\"171\"><\/a><a href=\"\" name=\"181\"><\/a><br \/>\n<b>Gdy<br \/>\njednak spodoba\u0142o si\u0119 Temu, kt\u00f3ry wybra\u0142 mnie jeszcze w \u0142onie<br \/>\nmatki mojej i powo\u0142a\u0142 \u0142ask\u0105 swoj\u0105, aby objawi\u0107 Syna swego we<br \/>\nmnie, bym Ewangeli\u0119 o Nim g\u0142osi\u0142 poganom, natychmiast, nie radz\u0105c<br \/>\nsi\u0119 cia\u0142a i krwi ani nie udaj\u0105c si\u0119 do Jerozolimy, do tych,<br \/>\nkt\u00f3rzy aposto\u0142ami stali si\u0119 pierwej ni\u017c ja, skierowa\u0142em si\u0119 do<br \/>\nArabii, a p\u00f3\u017aniej znowu wr\u00f3ci\u0142em do Damaszku. <\/b>\n<\/div>\n<div align=\"JUSTIFY\" style=\"margin-bottom: 0cm; text-indent: 1.24cm;\">\n<a href=\"\" name=\"191\"><\/a><a href=\"\" name=\"201\"><\/a><br \/>\n<b>Nast\u0119pnie,<br \/>\ntrzy lata p\u00f3\u017aniej, uda\u0142em si\u0119 do Jerozolimy dla zapoznania si\u0119 z<br \/>\nKefasem, zatrzymuj\u0105c si\u0119 u niego tylko pi\u0119tna\u015bcie dni. Spo\u015br\u00f3d<br \/>\nza\u015b innych, kt\u00f3rzy nale\u017c\u0105 do grona Aposto\u0142\u00f3w, widzia\u0142em<br \/>\njedynie Jakuba, brata Pa\u0144skiego.A B\u00f3g jest mi \u015bwiadkiem, \u017ce w<br \/>\ntym, co tu do was pisz\u0119, nie k\u0142ami\u0119. <\/b>\n<\/div>\n<div align=\"JUSTIFY\" style=\"margin-bottom: 0cm;\">\n\n<\/div>\n<div align=\"JUSTIFY\" style=\"margin-bottom: 0cm;\">\n<b>S\u0141OWA<br \/>\nEWANGELII WED\u0141UG \u015aWI\u0118TEGO JANA:<\/b><\/div>\n<div align=\"JUSTIFY\" style=\"margin-bottom: 0cm; text-indent: 1.24cm;\">\n<b>Gdy<br \/>\nJezus<br \/>\nukaza\u0142 si\u0119 swoim uczniom i spo\u017cy\u0142 z nimi<br \/>\n\u015bniadanie, rzek\u0142 do Szymona Piotra: \u201eSzymonie, synu Jana, czy<br \/>\nmi\u0142ujesz Mnie wi\u0119cej ani\u017celi ci?\u201d Odpowiedzia\u0142 Mu: \u201eTak,<br \/>\nPanie, Ty wiesz, \u017ce Ci\u0119 kocham\u201d. Rzek\u0142 do niego: \u201ePa\u015b baranki<br \/>\nmoje\u201d. I znowu, po raz drugi, powiedzia\u0142 do niego: \u201eSzymonie,<br \/>\nsynu Jana, czy mi\u0142ujesz Mnie?\u201d Odpar\u0142 Mu: \u201eTak, Panie, Ty<br \/>\nwiesz, \u017ce Ci\u0119 kocham\u201d. Rzek\u0142 do niego: \u201ePa\u015b owce moje\u201d.<br \/>\nPowiedzia\u0142 mu po raz trzeci: \u201eSzymonie, synu Jana, czy kochasz<br \/>\nMnie?\u201d Zasmuci\u0142 si\u0119 Piotr, \u017ce mu po raz trzeci powiedzia\u0142: \u201eCzy<br \/>\nkochasz Mnie?\u201d i rzek\u0142 do Niego: \u201ePanie, Ty wszystko wiesz, Ty<br \/>\nwiesz, \u017ce Ci\u0119 kocham\u201d. <\/b>\n<\/div>\n<div align=\"JUSTIFY\" style=\"margin-bottom: 0cm; text-indent: 1.24cm;\">\n<b>Rzek\u0142<br \/>\ndo niego Jezus: \u201ePa\u015b owce moje. Zaprawd\u0119, zaprawd\u0119, powiadam ci:<br \/>\nGdy by\u0142e\u015b m\u0142odszy, opasywa\u0142e\u015b si\u0119 sam i chodzi\u0142e\u015b, gdzie<br \/>\nchcia\u0142e\u015b. Ale gdy si\u0119 zestarzejesz, wyci\u0105gniesz r\u0119ce swoje, a<br \/>\ninny ci\u0119 opasze i poprowadzi, dok\u0105d nie chcesz\u201d. To powiedzia\u0142,<br \/>\naby zaznaczy\u0107, jak\u0105 \u015bmierci\u0105 uwielbi Boga. A<br \/>\nwypowiedziawszy to, rzek\u0142 do niego: \u00abP\u00f3jd\u017a za Mn\u0105!\u201d<\/b><\/div>\n<div align=\"JUSTIFY\" style=\"margin-bottom: 0cm;\">\n\n<\/div>\n<div align=\"JUSTIFY\" style=\"margin-bottom: 0cm; page-break-before: auto; text-indent: 1.22cm;\">\nW dniu 11 lutego<br \/>\nbie\u017c\u0105cego roku, a wi\u0119c w liturgiczne wspomnienie Matki Bo\u017cej z<br \/>\nLourdes, mniej wi\u0119cej kwadrans przed godzin\u0105 dwunast\u0105, \u015bwiat<br \/>\nobieg\u0142y <b>niesamowite s\u0142owa Ojca \u015awi\u0119tego Benedykta XVI,<\/b><br \/>\nwypowiedziane po \u0142acinie na Konsystorzu Kardyna\u0142\u00f3w. Do coraz<br \/>\nbardziej zaskoczonych i zdezorientowanych Purpurat\u00f3w Papie\u017c m\u00f3wi\u0142:<\/p>\n<\/div>\n<div align=\"JUSTIFY\" style=\"margin-bottom: 0cm; text-indent: 1.22cm;\">\n\u201eNajdro\u017csi<br \/>\nBracia, zawezwa\u0142em was na ten Konsystorz nie tylko z powodu trzech<br \/>\nkanonizacji, ale tak\u017ce, aby zakomunikowa\u0107 wam <b>decyzj\u0119 o<br \/>\nwielkiej wadze dla \u017cycia Ko\u015bcio\u0142a. <\/b>Rozwa\u017cywszy po wielokro\u0107<br \/>\nrzecz w sumieniu przed Bogiem, zyska\u0142em pewno\u015b\u0107, \u017ce <b>z powodu<br \/>\npodesz\u0142ego wieku moje si\u0142y nie s\u0105 ju\u017c wystarczaj\u0105ce, <\/b>aby w<br \/>\nspos\u00f3b nale\u017cyty sprawowa\u0107 pos\u0142ug\u0119 Piotrow\u0105. Jestem w pe\u0142ni<br \/>\n\u015bwiadom, \u017ce ta pos\u0142uga, w jej duchowej istocie powinna by\u0107<br \/>\nspe\u0142niana nie tylko przez czyny i s\u0142owa, ale <b>w nie mniejszym<br \/>\nstopniu tak\u017ce przez cierpienie i modlitw\u0119.<\/b> Tym niemniej, aby<br \/>\nkierowa\u0107 \u0141odzi\u0105 \u015awi\u0119tego Piotra i g\u0142osi\u0107 Ewangeli\u0119 <b>w<br \/>\ndzisiejszym \u015bwiecie, podlegaj\u0105cym szybkim przemianom i wzburzanym<br \/>\nprzez kwestie o wielkim znaczeniu dla \u017cycia wiary,<\/b> niezb\u0119dna<br \/>\njest si\u0142a zar\u00f3wno cia\u0142a, jak i ducha, kt\u00f3ra w ostatnich<br \/>\nmiesi\u0105cach os\u0142ab\u0142a we mnie na tyle, \u017ce musz\u0119 uzna\u0107 moj\u0105<br \/>\nniezdolno\u015b\u0107 do dobrego wykonywania powierzonej mi pos\u0142ugi.\n<\/div>\n<div align=\"JUSTIFY\" style=\"margin-bottom: 0cm; text-indent: 1.22cm;\">\nDlatego,<br \/>\nw pe\u0142ni \u015bwiadom powagi tego aktu, z pe\u0142n\u0105 wolno\u015bci\u0105,<br \/>\no\u015bwiadczam, \u017ce <b>rezygnuj\u0119 z pos\u0142ugi Biskupa Rzymu, Nast\u0119pcy<br \/>\nPiotra,<\/b> powierzonej mi przez Kardyna\u0142\u00f3w 19 kwietnia 2005 roku,<br \/>\ntak, \u017ce <b>od 28 lutego 2013 roku, od godziny 20<\/b><b>00<\/b><b>,<br \/>\nrzymska stolica, Stolica <\/b><b>\u015awi\u0119tego<\/b><b> Piotra, b\u0119dzie<br \/>\nzwolniona<\/b> i b\u0119dzie konieczne, aby ci, kt\u00f3rzy do tego posiadaj\u0105<br \/>\nkompetencje, zwo\u0142ali Konklawe dla wyboru nowego Papie\u017ca.<\/div>\n<div align=\"JUSTIFY\" style=\"margin-bottom: 0cm; text-indent: 1.24cm;\">\nNajdro\u017csi<br \/>\nBracia, <b>dzi\u0119kuj\u0119 wam ze szczerego serca<\/b> za ca\u0142\u0105 mi\u0142o\u015b\u0107<br \/>\ni prac\u0119, przez kt\u00f3r\u0105 nie\u015bli\u015bcie ze mn\u0105 ci\u0119\u017car mojej pos\u0142ugi,<br \/>\ni prosz\u0119 o wybaczenie wszelkich moich niedoskona\u0142o\u015bci. Teraz<br \/>\nzawierzamy Ko\u015bci\u00f3\u0142 \u015awi\u0119ty <b>opiece Najwy\u017cszego Pasterza,<br \/>\nnaszego Pana Jezusa Chrystusa,<\/b> i b\u0142agamy <b>Jego <\/b><b>N<\/b><b>aj\u015bwi\u0119tsz\u0105<br \/>\nMatk\u0119 Maryj\u0119, aby wspomaga\u0142a swoj\u0105 matczyn\u0105 dobroci\u0105<\/b> Ojc\u00f3w<br \/>\nKardyna\u0142\u00f3w w wyborze nowego Papie\u017ca. Je\u015bli o mnie chodzi, r\u00f3wnie\u017c<br \/>\nw przysz\u0142o\u015bci <b>b\u0119d\u0119 chcia\u0142 s\u0142u\u017cy\u0107 ca\u0142ym sercem, ca\u0142ym<br \/>\noddanym modlitwie \u017cyciem, <\/b><b>\u015a<\/b><b>wi\u0119temu Ko\u015bcio\u0142owi<br \/>\nBo\u017cemu.<\/b><b>\u201d<\/b><\/div>\n<div align=\"JUSTIFY\" style=\"margin-bottom: 0cm; text-indent: 1.22cm;\">\nBurza<br \/>\nuczu\u0107, skojarze\u0144 i pyta\u0144, kt\u00f3re pojawi\u0142y si\u0119 w sercach nas<br \/>\nwszystkich po us\u0142yszeniu<br \/>\ntych s\u0142\u00f3w, chyba <b>jeszcze<\/b><b><br \/>\ntak do ko\u0144ca nie przycich\u0142a,<\/b><br \/>\na dzisiaj mo\u017ce <b>ponownie<br \/>\nsi\u0119 wzmog\u0142a,<\/b> gdy oto<br \/>\nprzed kilkunastoma minutami dokona\u0142o si\u0119 to, co Benedykt XVI w<br \/>\nswoim o\u015bwiadczeniu zapowiedzia\u0142. <b>Nie<br \/>\nmamy ju\u017c Papie\u017ca, Ko\u015bci\u00f3\u0142 w tym momencie oczekuje wyboru nowego<br \/>\nNast\u0119pcy Piotra,<\/b> kt\u00f3ry<br \/>\npokieruje \u0141odzi\u0105<br \/>\nKo\u015bcio\u0142a<br \/>\ni b\u0119dzie g\u0142osi\u0142 Ewangeli\u0119 \u201ew dzisiejszym \u015bwiecie \u2013 jak go<br \/>\nokre\u015bli\u0142 Benedykt XVI \u2013 <b>podlegaj\u0105cym<br \/>\nszybkim zmianom i wzburzanym przez kwestie o wielkim znaczeniu dla<br \/>\n\u017cycia wiary\u201d.<\/b>\n<\/div>\n<div align=\"JUSTIFY\" style=\"margin-bottom: 0cm; text-indent: 1.22cm;\">\nNie<br \/>\nmamy ju\u017c Papie\u017ca, ale mamy <b>wielkie<br \/>\nbogactwo i wielkie dziedzictwo,<\/b><br \/>\npozostawione nam przez Pasterza,<br \/>\nkt\u00f3ry <b>od <\/b><b>tego<br \/>\nmomentu chc<\/b><b>e<\/b><b><br \/>\nwspiera\u0107 Ko\u015bci\u00f3\u0142 modlitw\u0105 i cierpieniem <\/b>w<br \/>\nciszy kontemplacyjnego klasztoru&#8230;<br \/>\nMamy <b>wielkie bogactwo<br \/>\nmodlitwy, nauczania, podr\u00f3\u017cy apostolskich, wspania\u0142ych inicjatyw<\/b><br \/>\npodejmowanych dla dobra i rozwoju Ko\u015bcio\u0142a.\n<\/div>\n<div align=\"JUSTIFY\" style=\"margin-bottom: 0cm; text-indent: 1.22cm;\">\nA<br \/>\nnade wszystko \u2013 mamy wielkie \u015bwiadectwo wiary cz\u0142owieka,<br \/>\nkt\u00f3ry 19 kwietnia 2005 roku, tu\u017c<br \/>\npo wyborze, z centralnego<br \/>\nbalkonu Bazyliki \u015awi\u0119tego Piotra wypowiedzia\u0142 znamienne s\u0142owa:<br \/>\n<b>\u201e<\/b><b>Po<br \/>\nwielkim Papie\u017cu Janie Pawle II, <\/b><b>K<\/b><b>ardyna\u0142owie<br \/>\nwybrali mnie \u2013<\/b><b><br \/>\n<\/b><b>prostego,<br \/>\nskromnego pracownika Winnicy Pa\u0144skiej. <\/b>Pociesza<br \/>\nmnie fakt, \u017ce Pan potrafi dzia\u0142a\u0107 tak\u017ce poprzez narz\u0119dzia<br \/>\nniedoskona\u0142e, a przede wszystkim zawierzam si\u0119 waszym modlitwom. <b>W<br \/>\nrado\u015bci Zmartwychwsta\u0142ego Pana, ufni w Jego ustawiczn\u0105 pomoc<br \/>\nidziemy naprz\u00f3d,<\/b><br \/>\na Pan nas wspomo\u017ce, a Matka Bo\u017ca b\u0119dzie po naszej stronie.\u201d\n<\/div>\n<div align=\"JUSTIFY\" style=\"margin-bottom: 0cm; text-indent: 1.22cm;\">\nRzeczywi\u015bcie,<br \/>\n<b>Zmartwychwsta\u0142y<br \/>\nPan wspomaga\u0142 swojego Namiestnika,<\/b><br \/>\na Maryja, Matka Ko\u015bcio\u0142a, ca\u0142y czas by\u0142a po Jego stronie.<br \/>\nDlatego, pomimo zupe\u0142nie<br \/>\ninnego, ni\u017c u Jana Paw\u0142a II, temperamentu<br \/>\nczy<br \/>\nwizerunku<br \/>\nmedialnego,<br \/>\nOjciec \u015awi\u0119ty Benedykt XVI <b>przez<br \/>\nsiedem lat, <\/b><b>dziesi\u0119\u0107<br \/>\nmiesi\u0119cy i dziewi\u0119\u0107 dni swego pracowitego Pontyfikatu<\/b><br \/>\nodby\u0142 dwadzie\u015bcia cztery podr\u00f3\u017ce zagraniczne i trzydzie\u015bci jeden<br \/>\npo W\u0142oszech. Na Audiencjach<br \/>\n\u015brodowych i innych spotkaniach z Papie\u017cem doliczono si\u0119<b><br \/>\nponad dwudziestu milion\u00f3w ludzi.<\/b><br \/>\nOsobi\u015bcie <b>og\u0142osi\u0142<br \/>\n<\/b><b>\u015a<\/b><b>wi\u0119tymi<br \/>\n<\/b>czterdzie\u015bci<br \/>\npi\u0119\u0107 os\u00f3b z dwudziestu kraj\u00f3w, oraz upowa\u017cni\u0142 do og\u0142oszenia<br \/>\no\u015bmiuset siedemdziesi\u0119ciu <b>nowych<br \/>\nB\u0142ogos\u0142awionych<\/b><br \/>\nz dwudziestu siedmiu kraj\u00f3w. Dwom uroczysto\u015bciom beatyfikacyjnym<br \/>\nsam<br \/>\nprzewodniczy\u0142,<br \/>\nz czego jedna \u2013 to <b>Beatyfikacja<br \/>\nPoprzednika, Papie\u017ca Jana Paw\u0142a II.<\/b><\/p>\n<\/div>\n<div align=\"JUSTIFY\" style=\"margin-bottom: 0cm; text-indent: 1.22cm;\">\nOchrzci\u0142<br \/>\nsto dwadzie\u015bcia troje dzieci i trzydzie\u015bci osiem os\u00f3b doros\u0142ych.<br \/>\n<b>Wy\u015bwi\u0119ci\u0142<br \/>\nstu dwudziestu dziewi\u0119ciu kap\u0142an\u00f3w i mianowa\u0142 tysi\u0105c trzystu<br \/>\ntrzydziestu pi\u0119ciu biskup\u00f3w, a tak\u017ce \u2013 dziewi\u0119\u0107dziesi\u0119ciu<br \/>\nkardyna\u0142\u00f3w.<\/b><\/p>\n<\/div>\n<div align=\"JUSTIFY\" style=\"margin-bottom: 0cm; text-indent: 1.22cm;\">\nW<br \/>\nodpowiedzi na przer\u00f3\u017cne kryzysy, jakie wzburza\u0142y i wci\u0105\u017c<br \/>\nwzburzaj\u0105 Ko\u015bcio\u0142em, Papie\u017c og\u0142osi\u0142 trwaj\u0105cy<br \/>\nod czerwca 2008 roku do czerwca roku 2009, <b>Rok<br \/>\n\u015awi\u0119tego Paw\u0142a<\/b><br \/>\n\u2013 w dwutysi\u0119czn\u0105 rocznic\u0119 urodzin tego\u017c<br \/>\nAposto\u0142a;<br \/>\nnast\u0119pnie:<br \/>\n<b>Rok<br \/>\nKap\u0142a\u0144ski <\/b>\u2013<br \/>\nod czerwca 2009 roku do czerwca roku 2010, jako czas modlitwy z<br \/>\nkap\u0142anami, za kap\u0142an\u00f3w i o kap\u0142an\u00f3w w\u0142a\u015bnie w tym trudnym<br \/>\nczasie \u017cycia Ko\u015bcio\u0142a; a wreszcie: <b>Rok<br \/>\nWiary,<\/b><br \/>\ntrwaj\u0105cy aktualnie, od pa\u017adziernika zesz\u0142ego<br \/>\nroku do listopada roku bie\u017c\u0105cego,<br \/>\njako<br \/>\nokazja do odkrycia na nowo i pog\u0142\u0119bienia wiary w obliczu tylu<br \/>\nczyhaj\u0105cych na ni\u0105 zagro\u017ce\u0144.\n<\/div>\n<div align=\"JUSTIFY\" style=\"margin-bottom: 0cm; text-indent: 1.22cm;\">\nI<br \/>\nw\u0142a\u015bnie prze\u017cywaniu<br \/>\nwiary, traktowanej<br \/>\n<b>nie<\/b><b><br \/>\n<\/b><b>jako<br \/>\nprzyj\u0119cie zestawu regu\u0142, nakaz\u00f3w i zakaz\u00f3w,<\/b><br \/>\nale jako <b>osobiste<br \/>\nspotkani<\/b><b>e<\/b><b><br \/>\nz Osob\u0105 \u2013 \u017cyw\u0105 Osob\u0105 Jezusa Chrystusa<\/b><br \/>\n\u2013 mia\u0142o s\u0142u\u017cy\u0107, w zamy\u015ble Ojca \u015awi\u0119tego, trzytomowe dzie\u0142o<br \/>\npo\u015bwi\u0119cone w\u0142a\u015bnie tej \u017cywej i<br \/>\njedynej w<br \/>\nswoim<br \/>\nrodzaju Osobie;<br \/>\ndzie\u0142o zatytu\u0142owane: <b>\u201eJezus<br \/>\nz Nazaretu\u201d.<\/b><br \/>\nCo ciekawe \u2013 a poniek\u0105d te\u017c niezwyk\u0142e \u2013 <b>nie<br \/>\nby\u0142o ono wyrazem oficjalnego nauczania papieskiego Benedykta XVI,<\/b><br \/>\nale bardziej naukowym traktatem Josepha Ratzingera, jako cz\u0142owieka<br \/>\nwierz\u0105cego i jako cz\u0142owieka <b>dog\u0142\u0119bnie<br \/>\nzafascynowanego Osob\u0105 Jezusa Chrystusa.<\/b><\/p>\n<\/div>\n<div align=\"JUSTIFY\" style=\"margin-bottom: 0cm; text-indent: 1.22cm;\">\nDlatego<br \/>\nna stronie tytu\u0142owej znajdziemy \u2013 w miejscu, gdzie wymienia si\u0119<br \/>\nAutora \u2013 zar\u00f3wno <b>imi\u0119<br \/>\npapieskie, jak i imi\u0119 i nazwisko <\/b><b>noszone<br \/>\nprzed wyborem<\/b><b>.<\/b><br \/>\nSkoro<br \/>\nbowiem dzie\u0142o<br \/>\nto nie<br \/>\nmia\u0142o<br \/>\nstanowi\u0107<br \/>\noficjalnego papieskiego nauczania, przeto<br \/>\nPapie\u017c nie chcia\u0142 anga\u017cowa\u0107 w nie <b>ca\u0142ego<br \/>\nswojego nauczycielskiego i pasterskiego autorytetu.<\/b><\/p>\n<\/div>\n<div align=\"JUSTIFY\" style=\"margin-bottom: 0cm; text-indent: 1.22cm;\">\nNatomiast<br \/>\nnie zabrak\u0142o r\u00f3wnie\u017c dokument\u00f3w stanowi\u0105cych w\u0142a\u015bnie owo<br \/>\noficjalne<br \/>\nnauczanie. A s\u0105 nimi<br \/>\ntrzy encykliki: pierwsza<br \/>\n\u2013<br \/>\n<b>\u201eDeus<br \/>\ncaritas est\u201d,<\/b><br \/>\n<b>podpisana<br \/>\nw 2006 roku,<\/b><br \/>\na po\u015bwi\u0119cona mi\u0142o\u015bci, i to w wymiarze nadprzyrodzonym, jak te\u017c<br \/>\nspo\u0142ecznym i seksualnym; druga<br \/>\n\u2013 <b>\u201eSpe<br \/>\nsalvi\u201d,<\/b><br \/>\n<b>podpisana<br \/>\nw 2007 roku,<\/b><br \/>\na<br \/>\npo\u015bwi\u0119cona chrze\u015bcija\u0144skiej nadziei, jej roli i jej \u017ar\u00f3d\u0142om,<br \/>\nszczeg\u00f3lnie w czasie, kiedy tak bardzo brakuje<br \/>\nludziom<br \/>\nnadziei; a wreszcie \u2013 <b>\u201eCaritas<br \/>\nin veritate\u201d,<\/b><br \/>\n<b>podpisana<br \/>\nw 2009 roku,<\/b><br \/>\na podejmuj\u0105ca zagadnienie integralnego rozwoju ludzkiego w mi\u0142o\u015bci<br \/>\ni prawdzie.\n<\/div>\n<div align=\"JUSTIFY\" style=\"margin-bottom: 0cm; text-indent: 1.22cm;\">\nPoza<br \/>\ntymi trzema najwa\u017cniejszymi dokumentami, nale\u017ca\u0142oby jeszcze<br \/>\nwyliczy\u0107: <b>A<\/b><b>dhortacje<br \/>\napostolskie, <\/b><b>K<\/b><b>onstytucje<br \/>\napostolskie, homilie, przem\u00f3wienia,<\/b><br \/>\ntak\u017ce \u2013 wyk\u0142ady naukowe. Trzeba te\u017c wspomnie\u0107 o <b>listach<br \/>\ndo poszczeg\u00f3lnych wsp\u00f3lnot ko\u015bcielnych,<\/b><br \/>\ndotkni\u0119tych rozmaitymi do\u015bwiadczeniami i kryzysami na przestrzeni<br \/>\nostatnich dziesi\u0119cioleci.\n<\/div>\n<div align=\"JUSTIFY\" style=\"margin-bottom: 0cm; text-indent: 1.22cm;\">\nA<br \/>\npoza tym wszystkim (a mo\u017ce lepiej: <b>przed<br \/>\ntym wszystkim!<\/b>)<br \/>\nnale\u017ca\u0142oby powiedzie\u0107 <b>o<br \/>\ngodzinach, o wielu godzinach, przekl\u0119czanych na modlitwie przed<br \/>\nPanem,<\/b><br \/>\nale o tym akurat stosunkowo najmniej si\u0119 m\u00f3wi, bowiem \u2013 jak<br \/>\nwynika z wypowiedzi najbli\u017cszych wsp\u00f3\u0142pracownik\u00f3w Benedykta XVI \u2013<br \/>\nchocia\u017c <b>by\u0142<br \/>\n<\/b><b>O<\/b><b>n<br \/>\ncz\u0142owiekiem naprawd\u0119 wielkiej modlitwy, to jednak si\u0119 z tym nie<br \/>\nobnosi\u0142<\/b><br \/>\ni nie chcia\u0142, aby o tym powszechnie wiedziano.\n<\/div>\n<div align=\"JUSTIFY\" style=\"margin-bottom: 0cm; text-indent: 1.22cm;\">\nOtrzymujemy<br \/>\nzatem, Kochani, <b>wielki<br \/>\ndar<\/b><br \/>\nw postaci tego wszystkiego, czego <b>B\u00f3g<br \/>\ndokona\u0142 przez pos\u0142ug\u0119 prostego, skromnego Pracownika Winnicy<br \/>\nPa\u0144skiej<\/b><br \/>\nna przestrzeni ostatnich o\u015bmiu lat&#8230; On<br \/>\nsam<br \/>\n\u2013 zabiera<br \/>\nto<br \/>\nwszystko ze sob\u0105<br \/>\ndo klasztoru, na<br \/>\nmiejsce odosobnienia, wyciszenia i modlitwy, aby w\u0142a\u015bnie<br \/>\nw modlitwie<br \/>\n<b>prosi\u0107<br \/>\nPana o obfity plon tego zasiewu,<\/b><br \/>\njakiego<br \/>\nz pomoc\u0105 Bo\u017c\u0105 dokonywa\u0142 przez ca\u0142y Pontyfikat.\n<\/div>\n<div align=\"JUSTIFY\" style=\"margin-bottom: 0cm; text-indent: 1.22cm;\">\nA<br \/>\nwczoraj, w czasie ostatniej Audiencji generalnej, tak podsumowa\u0142<br \/>\nswoj\u0105 pos\u0142ug\u0119 i tak za ni\u0105 dzi\u0119kowa\u0142 Bogu i ludziom: \u201eW<br \/>\ntej chwili moje serce rozszerza si\u0119 <b>i<br \/>\npragn\u0119 obj\u0105\u0107 ca\u0142y Ko\u015bci\u00f3\u0142 rozproszony po \u015bwiecie.<\/b><br \/>\n[\u2026]<br \/>\nCzuj\u0119,<br \/>\n\u017ce nios\u0119 wszystkich w modlitwie, w takiej tera\u017aniejszo\u015bci, kt\u00f3ra<br \/>\njest czasem Boga, w kt\u00f3rej zbieram <b>wszystkie<br \/>\nspotkania, ka\u017cd\u0105 podr\u00f3\u017c, wszystkie wizyty duszpasterskie.<\/b><br \/>\nWszystko i wszystkich gromadz\u0119 w modlitwie, aby powierzy\u0107 ich Panu.<br \/>\n[\u2026]<\/p>\n<\/div>\n<div align=\"JUSTIFY\" style=\"margin-bottom: 0cm; text-indent: 1.22cm;\">\nKiedy<br \/>\n19 kwietnia, niemal osiem lat temu, zgodzi\u0142em si\u0119 przyj\u0105\u0107 pos\u0142ug\u0119<br \/>\nPiotrow\u0105, silna by\u0142a ta pewno\u015b\u0107, kt\u00f3ra mi zawsze towarzyszy\u0142a.<br \/>\nW tym momencie, jak ju\u017c wielokrotnie m\u00f3wi\u0142em, w moim sercu<br \/>\nrozbrzmiewa\u0142y nast\u0119puj\u0105ce s\u0142owa: <b>Panie,<br \/>\nczego ode mnie \u017c\u0105dasz?<\/b><br \/>\nNa moje ramiona nak\u0142adasz wielki ci\u0119\u017car, ale je\u015bli tego ode mnie<br \/>\n\u017c\u0105dasz, <b>na<br \/>\nTwoje s\u0142owo zarzuc\u0119 sieci, b\u0119d\u0105c pewnym, \u017ce Ty mnie b\u0119dziesz<br \/>\nprowadzi\u0142.<\/b><br \/>\nA Pan mnie naprawd\u0119 prowadzi\u0142, by\u0142 blisko mnie, ka\u017cdego dnia<br \/>\nmog\u0142em odczuwa\u0107 Jego obecno\u015b\u0107.\n<\/div>\n<div align=\"JUSTIFY\" style=\"margin-bottom: 0cm; text-indent: 1.22cm;\">\nBy\u0142<br \/>\nto okres drogi Ko\u015bcio\u0142a, naznaczony momentami rado\u015bci i \u015bwiat\u0142a,<br \/>\nale te\u017c momentami nie\u0142atwymi. Czu\u0142em si\u0119 jak Piotr i Aposto\u0142owie<br \/>\nw \u0142odzi na Jeziorze Galilejskim: <b>Pan<br \/>\nda\u0142 nam wiele dni s\u0142onecznych i \u0142agodnego wiatru;<\/b><br \/>\ndni, kiedy po\u0142\u00f3w by\u0142 obfity. By\u0142y te\u017c jednak <b>czasy,<br \/>\nkiedy wody by\u0142y wzburzone,<\/b><br \/>\njak w ca\u0142ej historii Ko\u015bcio\u0142a, ale zawsze <b>wiedzia\u0142em,<br \/>\n\u017ce w tej \u0141odzi jest Pan i zawsze wiedzia\u0142em, \u017ce <\/b><b>\u0141<\/b><b>\u00f3d\u017a<br \/>\nKo\u015bcio\u0142a nie jest moja, nie jest nasza, lecz Jego.<\/b><br \/>\nTo On j\u0105 prowadzi \u2013<br \/>\nrzecz jasna tak\u017ce poprzez ludzi, kt\u00f3rych wybra\u0142, bo tak zechcia\u0142.<\/p>\n<\/div>\n<div align=\"JUSTIFY\" style=\"margin-bottom: 0cm; text-indent: 1.22cm;\">\nTaka<br \/>\nby\u0142a i jest pewno\u015b\u0107, kt\u00f3rej nic nie mo\u017ce przys\u0142oni\u0107. W\u0142a\u015bnie<br \/>\nz tego powodu <b>moje<br \/>\nserce jest dzi\u015b wype\u0142nione dzi\u0119kczynieniem wobec Boga,<\/b><br \/>\ngdy\u017c sprawi\u0142, \u017ce nigdy nie brakowa\u0142o ca\u0142emu Ko\u015bcio\u0142owi \u2013 a<br \/>\ntak\u017ce i mnie \u2013 Jego pociechy, Jego \u015bwiat\u0142a, Jego mi\u0142o\u015bci.\n<\/div>\n<div align=\"JUSTIFY\" style=\"margin-bottom: 0cm; text-indent: 1.22cm;\">\nPrze\u017cywamy<br \/>\nRok Wiary, kt\u00f3rego pragn\u0105\u0142em, w\u0142a\u015bnie po to, aby <b>umocni\u0142<br \/>\nnasz\u0105 wiar\u0119 w Boga<\/b><br \/>\nw kontek\u015bcie, kt\u00f3ry zdaje si\u0119 stawia\u0107 Go coraz bardziej na drugim<br \/>\nplanie. Chcia\u0142bym zach\u0119ci\u0107 wszystkich do <b>odnowienia<br \/>\nmocnego zaufania w Panu, by powierzy\u0107 si\u0119 jak dzieci w ramiona<br \/>\nBoga,<\/b><br \/>\nb\u0119d\u0105c pewnymi, \u017ce ramiona te zawsze nas wspieraj\u0105 i s\u0105 tym, co<br \/>\npozwala nam kroczy\u0107 ka\u017cdego dnia, nawet w utrudzeniu. Chcia\u0142bym,<br \/>\naby <b>ka\u017cdy<br \/>\nczu\u0142 si\u0119 mi\u0142owanym przez tego Boga,<\/b><br \/>\nkt\u00f3ry da\u0142 swego Syna za nas i ukaza\u0142 nam swoj\u0105 mi\u0142o\u015b\u0107 bez<br \/>\ngranic. Chcia\u0142bym, aby ka\u017cdy poczu\u0142 rado\u015b\u0107 bycia<br \/>\nchrze\u015bcijaninem. [\u2026]<br \/>\nTak, jeste\u015bmy <b>szcz\u0119\u015bliwi<br \/>\nz powodu daru wiary. Jest to najcenniejsze dobro, kt\u00f3rego nikt nie<br \/>\nmo\u017ce nam zabra\u0107!<\/b><br \/>\nDzi\u0119kujemy za to Bogu ka\u017cdego dnia, przez modlitw\u0119 i konsekwentne<br \/>\n\u017cycie chrze\u015bcija\u0144skie. B\u00f3g nas mi\u0142uje, ale oczekuje, \u017ce tak\u017ce<br \/>\ni my Go b\u0119dziemy kochali! [\u2026]<\/div>\n<div align=\"JUSTIFY\" style=\"margin-bottom: 0cm; text-indent: 1.22cm;\">\nW<br \/>\nci\u0105gu tych ostatnich miesi\u0119cy <b>odczu\u0142em,<br \/>\n\u017ce moj<\/b><b>e<\/b><b><br \/>\nsi\u0142y os\u0142ab\u0142y<\/b><br \/>\ni nieustannie prosi\u0142em Boga na modlitwie, aby o\u015bwieci\u0142 mnie swoim<br \/>\n\u015bwiat\u0142em, <b>\u017cebym<br \/>\npodj\u0105\u0142 najw\u0142a\u015bciwsz\u0105 decyzj\u0119 <\/b><b>\u2013<\/b><br \/>\n<b>nie<br \/>\ndla mego dobra, ale dla dobra Ko\u015bcio\u0142a.<\/b><br \/>\nPodj\u0105\u0142em ten krok z pe\u0142n\u0105 \u015bwiadomo\u015bci\u0105 jego wagi, a tak\u017ce<br \/>\nnowatorstwa, <b>ale<br \/>\nz g\u0142\u0119bokim pokojem ducha.<\/b><br \/>\nUmi\u0142owanie Ko\u015bcio\u0142a oznacza tak\u017ce odwag\u0119, by podejmowa\u0107 trudne<br \/>\nwybory, bolesne, maj\u0105ce zawsze na wzgl\u0119dzie dobro Ko\u015bcio\u0142a, a nie<br \/>\nsamych siebie.<\/div>\n<div align=\"JUSTIFY\" style=\"margin-bottom: 0cm; text-indent: 1.22cm;\">\nTu<br \/>\npozw\u00f3lcie mi powr\u00f3ci\u0107 jeszcze raz do 19 kwietnia 2005 roku.<br \/>\nCi\u0119\u017car decyzji wynika\u0142 z faktu, \u017ce <b>od<br \/>\ntej chwili by\u0142em ju\u017c oddany naprawd\u0119 na zawsze Panu.<\/b><br \/>\nNa zawsze \u2013 bo<br \/>\nkto podejmuje si\u0119 pos\u0142ugi Piotrowej, <b>ten<br \/>\nju\u017c <\/b><b>nigdy<br \/>\nnie b\u0119dzie mia\u0142 prywatno\u015bci. <\/b>Nale\u017cy<br \/>\nzawsze i ca\u0142kowicie do wszystkich, do ca\u0142ego Ko\u015bcio\u0142a. Z<br \/>\njego \u017cycia \u2013<br \/>\nby tak rzec \u2013<br \/>\n<b>znika<br \/>\nca\u0142kowicie wymiar prywatny.<\/b><br \/>\nMog\u0142em do\u015bwiadczy\u0107, i do\u015bwiadczam tego w\u0142a\u015bnie teraz, \u017ce <b>tylko<br \/>\nten, kto daje swe \u017cycie, ten je otrzymuje.<\/b><br \/>\nPowiedzia\u0142em ju\u017c, \u017ce wielu ludzi, kt\u00f3rzy kochaj\u0105 Pana Boga,<br \/>\nkochaj\u0105 r\u00f3wnie\u017c Nast\u0119pc\u0119<br \/>\n\u015awi\u0119tego<br \/>\nPiotra i s\u0105 do\u0144 przywi\u0105zani. <b>Papie\u017c<br \/>\nma rzeczywi\u015bcie braci i siostry, syn\u00f3w i c\u00f3rki na ca\u0142ym \u015bwiecie<\/b><br \/>\ni czuje si\u0119 bezpiecznie w ich wsp\u00f3lnocie, bo nie nale\u017cy ju\u017c do<br \/>\nsiebie samego, nale\u017cy do wszystkich i wszyscy nale\u017c\u0105 do niego.\n<\/div>\n<div align=\"JUSTIFY\" style=\"margin-bottom: 0cm; text-indent: 1.22cm;\">\n\u201eZawsze\u201d<br \/>\noznacza r\u00f3wnie\u017c <b>\u201ena<br \/>\nzawsze\u201d <\/b>\u2013<br \/>\nnie mo\u017cna ju\u017c powr\u00f3ci\u0107 do prywatno\u015bci. <b>Moja<br \/>\ndecyzja o rezygnacji z czynnego wype\u0142niania pos\u0142ugi nie odwo\u0142uje<br \/>\ntego.<\/b><br \/>\nNie powracam do \u017cycia prywatnego, do \u017cycia z\u0142o\u017conego z podr\u00f3\u017cy,<br \/>\nspotka\u0144, przyj\u0119\u0107, konferencji, czy<br \/>\ntym podobnych&#8230;<br \/>\n<b>Nie<br \/>\nporzucam <\/b><b>K<\/b><b>rzy\u017ca,<br \/>\nlecz pozostaj\u0119 w nowy spos\u00f3b przy ukrzy\u017cowanym Panu!<\/b><br \/>\nNie sprawuj\u0119 ju\u017c d\u0142u\u017cej w\u0142adzy nad Ko\u015bcio\u0142em, <b>lecz<br \/>\nw pos\u0142udze modlitwy pozostaj\u0119 <\/b><b>\u2013<\/b><b><br \/>\nby tak rzec <\/b><b>\u2013<\/b><b><br \/>\nw otoczeniu <\/b><b>\u015awi\u0119tego<br \/>\n<\/b><b>Piotra.<\/b><br \/>\n\u015awi\u0119ty<br \/>\nBenedykt, kt\u00f3rego imi\u0119 nosz\u0119 jako Papie\u017c, b\u0119dzie w tym dla mnie<br \/>\nwielkim wzorem. On wskaza\u0142 nam drog\u0119 \u017cycia, kt\u00f3re \u2013<br \/>\nczynne<br \/>\nczy bierne \u2013<br \/>\nnale\u017cy <b>ca\u0142kowicie<br \/>\ndo dzie\u0142a Boga. <\/b>\n<\/div>\n<div align=\"JUSTIFY\" style=\"margin-bottom: 0cm; text-indent: 1.22cm;\">\nDzi\u0119kuj\u0119<br \/>\nwszystkim i ka\u017cdemu z osobna, tak\u017ce <b>za<br \/>\n<\/b><b>u<\/b><b>szanowanie<br \/>\ni zrozumieni<\/b><b>e<\/b><b>,<br \/>\nz jakimi przyj\u0119li\u015bcie t\u0119 tak wa\u017cn\u0105 decyzj\u0119.<\/b><br \/>\nB\u0119d\u0119 wam towarzyszy\u0142 na drodze Ko\u015bcio\u0142a przez modlitw\u0119 i<br \/>\nrefleksj\u0119, przez to po\u015bwi\u0119cenie Panu i Jego Oblubienicy, jakim<br \/>\nstara\u0142em si\u0119 \u017cy\u0107 dotychczas ka\u017cdego dnia <b>i<br \/>\nkt\u00f3rym chc\u0119 \u017cy\u0107 zawsze.<\/b><br \/>\nProsz\u0119 was, aby\u015bcie o mnie pami\u0119tali przed Bogiem, a przede<br \/>\nwszystkim, aby\u015bcie si\u0119 modlili za Kardyna\u0142\u00f3w,<br \/>\nkt\u00f3rzy zostali powo\u0142ani do tak wa\u017cnego zadania oraz <b>za<br \/>\nnowego Nast\u0119pc\u0119 Piotra: niech Pan mu towarzyszy \u015bwiat\u0142em i moc\u0105<br \/>\nswego Ducha.\u201d<\/b><\/div>\n<div align=\"JUSTIFY\" style=\"margin-bottom: 0cm; text-indent: 1.22cm;\">\nKochani,<br \/>\nw\u0142a\u015bnie dzisiaj po to tu jeste\u015bmy, aby wype\u0142ni\u0107 t\u0119 pro\u015bb\u0119<br \/>\nOjca \u015awi\u0119tego. A jednocze\u015bnie, jest to dla nas doskona\u0142a okazja<br \/>\ndo tego, by\u015bmy g\u0142\u0119boko<br \/>\nw sercu zastanowili<br \/>\nsi\u0119, <b>co<br \/>\ndla nas oznacza ten Pontyfikat,<\/b><br \/>\nczym ka\u017cd\u0105 i ka\u017cdego z nas obdarowa\u0142 odchodz\u0105cy Papie\u017c <b>i<br \/>\njaki m\u0105dry u\u017cytek mo\u017cemy zrobi\u0107 z tego wszystkiego, co<br \/>\nprze\u017cywamy?<\/b><br \/>\nA wcze\u015bniej jeszcze \u2013 przemy\u015ble\u0107, <b>co<br \/>\nmy w rzeczywisto\u015bci prze\u017cywamy?<\/b>&#8230;<\/p>\n<\/div>\n<div align=\"JUSTIFY\" style=\"margin-bottom: 0cm; text-indent: 1.22cm;\">\nZ<br \/>\nca\u0142\u0105 pewno\u015bci\u0105, jakie\u015b \u015bwiat\u0142o \u2013 jak zawsze \u2013 rzuca nam<br \/>\n<b>Bo\u017ce<br \/>\nS\u0142owo.<\/b><br \/>\nA jest to S\u0142owo, jakie Liturgia Ko\u015bcio\u0142a przewiduje na<br \/>\n<b>Uroczysto\u015b\u0107<br \/>\n\u015awi\u0119tych Aposto\u0142\u00f3w Piotra i Paw\u0142a, <\/b>a<br \/>\nzatem w ten dzie\u0144, kiedy Ko\u015bci\u00f3\u0142 jako\u015b tak najmocniej i<br \/>\nnajserdeczniej <b>modli<br \/>\nsi\u0119 za Piotra naszych czas\u00f3w<\/b><br \/>\n\u2013 we wspomnienie Jego Patrona. I w\u0142a\u015bnie w tym\u017ce S\u0142owie<br \/>\nodnajdujemy g\u0142\u00f3wne rysy misji apostolskiej \u2013 misji, jak\u0105<br \/>\nnajpierw podj\u0119\u0142o Dwunastu, potem \u015awi\u0119ty Pawe\u0142, a przez dwa<br \/>\ntysi\u0105ce lat <b>ich<br \/>\nnast\u0119pcy.<\/b><\/p>\n<\/div>\n<div align=\"JUSTIFY\" style=\"margin-bottom: 0cm; text-indent: 1.22cm;\">\nOto<br \/>\nw pierwszym czytaniu, z Ksi\u0119gi Dziej\u00f3w Apostolskich, s\u0142yszymy opis<br \/>\nuzdrowienia cz\u0142owieka chromego od urodzenia. Nie wiemy, czy mia\u0142<br \/>\nwiar\u0119 potrzebn\u0105 do uzdrowienia <b>i<br \/>\nczy spodziewa\u0142 si\u0119 tego, co go spotka<\/b><b>\u0142o<\/b><b>.<\/b><br \/>\nRaczej nie, bo on siedzia\u0142 tam tylko po to, aby wchodz\u0105cych do<br \/>\n\u015bwi\u0105tyni prosi\u0107 o ja\u0142mu\u017cn\u0119. Otrzyma\u0142 znacznie wi\u0119cej, a Piotr<br \/>\nwyrazi\u0142 to takimi s\u0142owami: <i><b>Nie<br \/>\nmam srebra ani z\u0142ota, ale co mam, to ci daj\u0119: W imi\u0119 Jezusa<br \/>\nChrystusa Nazarejczyka, chod\u017a<\/b><\/i><b>!<br \/>\n<\/b>A<br \/>\nten wsta\u0142 \u2013 i poszed\u0142.\n<\/div>\n<div align=\"JUSTIFY\" style=\"margin-bottom: 0cm; text-indent: 1.22cm;\">\nTo<br \/>\npierwszy wymiar misji apostolskiej: <b>nie\u015b\u0107<br \/>\n\u015bwiatu Jezusa i uzdrawia\u0107 ten \u015bwiat moc\u0105 Jezusa<\/b><br \/>\n\u2013 nawet, je\u017celi dzisiejszy \u015bwiat, dzisiejszy cz\u0142owiek tego si\u0119<br \/>\nnie spodziewa, czy wprost tego nie chce! W ka\u017cdym czasie i w ka\u017cdym<br \/>\nmiejscu trzeba <b>dawa\u0107<br \/>\n\u015bwiadectwo swojej wiary i leczy\u0107 \u015bwiat z ni<\/b><b>ewiary<br \/>\ni grzechu<\/b><br \/>\n\u2013 tych najgro\u017aniejszych wsp\u00f3\u0142czesnych chor\u00f3b.\n<\/div>\n<div align=\"JUSTIFY\" style=\"margin-bottom: 0cm; text-indent: 1.22cm;\">\n<a href=\"\" name=\"121\"><\/a><br \/>\nZ<br \/>\nkolei, drugie czytanie przynosi nam s\u0142owa Aposto\u0142a Paw\u0142a:<br \/>\n<i><b>O\u015bwiadczam<br \/>\nwi\u0119c wam, bracia, \u017ce g\u0142oszona przeze mnie Ewangelia nie jest<br \/>\nwymys\u0142em ludzkim. Nie otrzyma\u0142em jej bowiem ani nie nauczy\u0142em si\u0119<br \/>\nod jakiego\u015b cz\u0142owieka, lecz objawi\u0142 mi j\u0105 Jezus Chrystus<\/b><\/i><b>.<br \/>\n<\/b>Z<br \/>\nca\u0142\u0105 pewno\u015bci\u0105, s\u0142owa te mo\u017ce uczyni\u0107 swoimi<br \/>\n\u2013 i uczyni\u0142 \u2013 ka\u017cdy z nast\u0119pc\u00f3w Aposto\u0142\u00f3w, s\u0142owa te<br \/>\nstanowi\u0105 tak\u017ce <b>swoiste<br \/>\n<\/b><b>motto<br \/>\npos\u0142ugi papieskiej Benedykta XVI.<\/b><br \/>\nOdnajdujemy w nich kolejny wymiar misji apostolskiej: \u015bwiadczy\u0107 i<br \/>\nprzekonywa\u0107 wszystkich, \u017ce <b>Ewangelia<br \/>\njest prawd\u0105, jest prawdziwym przes\u0142aniem Jezusa dla ka\u017cdego<br \/>\ncz\u0142owieka.<\/b><\/p>\n<\/div>\n<div align=\"JUSTIFY\" style=\"margin-bottom: 0cm; text-indent: 1.22cm;\">\nI<br \/>\nwreszcie perykopa<br \/>\newangeliczna,<br \/>\nopisuj\u0105ca <b>powierzenie<br \/>\nPiotrowi w\u0142adzy nad Ko\u015bcio\u0142em:<\/b><br \/>\npotr\u00f3jne, przy jednoczesnej potr\u00f3jnej rehabilitacji po potr\u00f3jnym<br \/>\nzaparciu si\u0119 przez Piotra swego Mistrza w godzinie M\u0119ki&#8230; I te<br \/>\nbardzo mocne s\u0142owa, kt\u00f3rymi Jezus niejako ko\u0144czy ow\u0105 papiesk\u0105<br \/>\nkonsekracj\u0119 swego pierwszego Aposto\u0142a:  <i><b>Pa\u015b<br \/>\nowce moje. Zaprawd\u0119, zaprawd\u0119, powiadam ci: Gdy by\u0142e\u015b m\u0142odszy,<br \/>\nopasywa\u0142e\u015b si\u0119 sam i chodzi\u0142e\u015b, gdzie chcia\u0142e\u015b. Ale gdy si\u0119<br \/>\nzestarzejesz, wyci\u0105gniesz r\u0119ce swoje, a inny ci\u0119 opasze i<br \/>\npoprowadzi, dok\u0105d nie chcesz<\/b><\/i><b>&#8230;<br \/>\n<\/b>\n<\/div>\n<div align=\"JUSTIFY\" style=\"margin-bottom: 0cm; text-indent: 1.22cm;\">\nJest<br \/>\nto nast\u0119pny wymiar misji apostolskiej: <b>pe\u0142ni\u0107<br \/>\nwol\u0119 Jezusa, wszystko czyni\u0107 w imi\u0119 Jezusa, stale pami\u0119ta\u0107 \u2013<\/b><b><br \/>\njak wyra\u017anie zaznaczy\u0142 to wczoraj Ojciec \u015awi\u0119ty \u2013<\/b><b><br \/>\n\u017ce Ko\u015bci\u00f3\u0142 nale\u017cy do Jezusa,<\/b><br \/>\na nie jest prywatnym folwarkiem tego lub innego Biskupa, czy nawet<br \/>\nPapie\u017ca; folwarkiem, w kt\u00f3rym mo\u017cna robi\u0107 i m\u00f3wi\u0107, co si\u0119 chce<br \/>\ni kiedy si\u0119 chce. \u017baden ze wsp\u00f3\u0142czesnych Aposto\u0142\u00f3w nie mo\u017ce o<br \/>\ntym zapomnie\u0107, <b>czym<br \/>\ntak naprawd\u0119 jest Ko\u015bci\u00f3\u0142 i do kogo nale\u017cy<\/b>&#8230;<\/p>\n<\/div>\n<div align=\"JUSTIFY\" style=\"margin-bottom: 0cm; text-indent: 1.22cm;\">\nMoi<br \/>\nDrodzy, Ojciec \u015awi\u0119ty, Benedykt XVI, realizowa\u0142 te wszystkie<br \/>\nwymiary misji apostolskiej: <b>leczy\u0142<br \/>\n\u015bwiat z grzechu niewiary, <\/b><b>leczy\u0142<br \/>\nz relatywizmu,<\/b><b><br \/>\nucz\u0105c wiary <\/b><b>w\u0142a\u015bciwie<br \/>\n<\/b><b>od<br \/>\npodstaw <\/b><b>i<br \/>\npokazuj\u0105c, i\u017c podstawy wiary s\u0105 rozumne<\/b><b>!<br \/>\n<\/b>Nast\u0119pnie:<br \/>\n\u015bwiadczy\u0142 o pi\u0119knie i prawdziwe Ewangelii, a w tym wszystkim \u2013 z<br \/>\nca\u0142\u0105 w\u0142a\u015bciw\u0105 sobie pokor\u0105 <b>pe\u0142ni\u0142<br \/>\nwol\u0119 samego Jezusa, s\u0142u\u017c\u0105c Mu z <\/b><b>autentycznym<\/b><b><br \/>\noddaniem w Jego Ko\u015bciele.<\/b><br \/>\nW<br \/>\nwieku siedemdziesi\u0119ciu o\u015bmiu lat, a wi\u0119c gdy si\u0119 ju\u017c faktycznie<br \/>\nzestarza\u0142, <b>zosta\u0142<br \/>\nopasany i poprowadzony tam, gdzie chyba nie do ko\u0144ca chcia\u0142,<\/b><br \/>\nchocia\u017c mo\u017ce troch\u0119 si\u0119 tego spodziewa\u0142. Wiemy, \u017ce prosi\u0142<br \/>\nPana, aby Mu<br \/>\ntego nie robi\u0142, aby Go nie wybiera\u0142. <b>Pan<br \/>\njednak chcia\u0142 inaczej,<\/b><br \/>\na my z tego tylko<br \/>\nskorzystali\u015bmy.<\/p>\n<\/div>\n<div align=\"JUSTIFY\" style=\"margin-bottom: 0cm; text-indent: 1.22cm;\">\nWierzymy<br \/>\ng\u0142\u0119boko, \u017ce w to ca\u0142kowite poddanie si\u0119 Benedykta XVI woli<br \/>\nJezusa <b>wpisuje<br \/>\nsi\u0119 tak\u017ce decyzja, kt\u00f3rej jeste\u015bmy \u015bwiadkami,<\/b><br \/>\nkt\u00f3r\u0105 prze\u017cywamy, chocia\u017c mo\u017ce nie wszyscy i nie do ko\u0144ca j\u0105<br \/>\nrozumiemy. Wierzymy g\u0142\u0119boko, \u017ce <b>to<br \/>\nPan sam chcia\u0142, aby Jego S\u0142uga i Namiestnik uda\u0142 si\u0119 na miejsce<br \/>\nmodlitwy<\/b><br \/>\n\u2013 i aby tam kontynuowa\u0142 swoje dzie\u0142o.\n<\/div>\n<div align=\"JUSTIFY\" style=\"margin-bottom: 0cm; text-indent: 1.22cm;\">\nOn<br \/>\nsam, B\u00f3g Jedyny, raczy wiedzie\u0107, co tak naprawd\u0119 przynosi wi\u0119ksze<br \/>\nowoce dla budowania Kr\u00f3lestwa Bo\u017cego w sercach ludzkich: <b>aktywna<br \/>\ndzia\u0142alno\u015b\u0107, nauczanie, czy mo\u017ce cicha modlitwa i cierpienie<br \/>\n<\/b><b>gdzie\u015b<br \/>\n<\/b><b>na<br \/>\nzapleczu?<\/b>&#8230;<br \/>\nNie wiemy tego tak do ko\u0144ca, Pan to wie \u2013 z pewno\u015bci\u0105, wszystko<br \/>\njest konieczne, ale <b>co<br \/>\njest bardziej owocne?<\/b>&#8230;<br \/>\nZw\u0142aszcza dzisiaj?&#8230;\n<\/div>\n<div align=\"JUSTIFY\" style=\"margin-bottom: 0cm; text-indent: 1.22cm;\">\nDobrze<br \/>\nby\u0142oby, Kochani, aby\u015bmy starali si\u0119 w swoim codziennym,<br \/>\nchrze\u015bcija\u0144skim \u017cyciu po\u0142\u0105czy\u0107 te wszystkie formy<br \/>\nzaanga\u017cowania: <b>aktywne<br \/>\ndzia\u0142anie, pog\u0142\u0119bianie wiedzy religijnej i ogromn<\/b><b>\u0105<\/b><b><br \/>\nmodlitw<\/b><b>\u0119<\/b><b>.<\/b><br \/>\nA Benedykt XVI w\u0142a\u015bnie<br \/>\ntego<br \/>\nwszystkiego nas uczy. Zechciejmy skorzysta\u0107 z tego wzorca, jaki nam<br \/>\nzostawi\u0142!\n<\/div>\n<div align=\"JUSTIFY\" style=\"margin-bottom: 0cm; text-indent: 1.22cm;\">\nZechciejmy<br \/>\ncz\u0119sto <b>wg\u0142\u0119bia\u0107<br \/>\nsi\u0119 w tre\u015bci, zwi\u0105zane z wiar\u0105:<\/b><br \/>\nczytajmy na ten temat jak najwi\u0119cej, ogl\u0105dajmy dobre programy,<br \/>\nch\u0119tniej<br \/>\nsi\u0119gajmy po pras\u0119 katolick\u0105, nie b\u00f3jmy si\u0119 wzi\u0105\u0107 udzia\u0142u w<br \/>\nr\u00f3\u017cnego rodzaju <b>warsztatach,<br \/>\nrekolekcjach, pielgrzymkach<\/b>&#8230;<\/p>\n<\/div>\n<div align=\"JUSTIFY\" style=\"margin-bottom: 0cm; text-indent: 1.22cm;\">\nBo<br \/>\njak mo\u017cna<br \/>\nzrozumie\u0107 tak\u0105<br \/>\noto<br \/>\nsytuacj\u0119, \u017ce<br \/>\nspecjalizujemy si\u0119 i ci\u0105gle podnosimy swoje kwalifikacje w tylu<br \/>\nr\u00f3\u017cnych dziedzinach,<br \/>\na je\u015bli idzie <b>o<br \/>\npoziom wiedzy religijnej, to cz\u0119sto jeste\u015bmy jeszcze na poziomie<br \/>\n\u201eBozi\u201d?<\/b>&#8230;<br \/>\nA potem si\u0119 dziwimy, \u017ce wiara nam nic nie daje, \u017ce nas nie<br \/>\npoci\u0105ga, <b>\u017ce<br \/>\nnas nudzi<\/b>&#8230;<br \/>\nTak na marginesie, to w\u0142a\u015bnie Benedykt XVI bardzo cz\u0119sto zwraca\u0142<br \/>\nuwag\u0119 na zjawisko <b>chrze\u015bcijan<br \/>\nznudzonych wiar\u0105.<\/b><\/p>\n<\/div>\n<div align=\"JUSTIFY\" style=\"margin-bottom: 0cm; text-indent: 1.22cm;\">\nAle<br \/>\njak mo\u017ce nie nudzi\u0107 co\u015b, <b>co<br \/>\nnie fascynuje?<\/b><br \/>\nA jak mo\u017ce zafascynowa\u0107 co\u015b, <b>czego<br \/>\nsi\u0119 nie zna? <\/b>I<br \/>\nkto\u015b, kogo<br \/>\nsi\u0119 nie zna, z<br \/>\nkim si\u0119 <b>nie<br \/>\nwesz\u0142o w g\u0142\u0119bsze relacje?<\/b><\/p>\n<\/div>\n<div align=\"JUSTIFY\" style=\"margin-bottom: 0cm; text-indent: 1.22cm;\">\nDlatego<br \/>\nzacznijmy naprawd\u0119 czyta\u0107 Pismo<br \/>\n\u015awi\u0119te, Katechizm<br \/>\nKo\u015bcio\u0142a<br \/>\nKatolickiego; zacznijmy<br \/>\n<b>zg\u0142\u0119bia\u0107<br \/>\npodstawy wiary,<\/b><br \/>\npodejmowa\u0107 dyskusje na te tematy. Przeczytajmy<br \/>\nuwa\u017cnie<br \/>\ni przemy\u015blmy dog\u0142\u0119bnie<br \/>\nwszystkie trzy tomy wspomnianego ju\u017c dzie\u0142a Papie\u017ca: <b>\u201eJezus<br \/>\nz Nazaretu\u201d<\/b>&#8230;<\/p>\n<\/div>\n<div align=\"JUSTIFY\" style=\"margin-bottom: 0cm; text-indent: 1.22cm;\">\nBo<br \/>\nmy naprawd\u0119<br \/>\nnie<br \/>\nmo\u017cemy by\u0107 takimi ignorantami na odcinku wiary, lud\u017ami nic nie<br \/>\nwiedz\u0105cymi, gdy idzie o nauczanie Chrystusa i Ko\u015bcio\u0142a; lud\u017ami<br \/>\n<b>zupe\u0142nie<br \/>\nnie zorientowanymi w podstawowych kwestiach moralnych i spo\u0142ecznych,<br \/>\nnauczanych przez Ko\u015bci\u00f3\u0142.<\/b><br \/>\nTo dlatego na odcinku politycznym, na odcinku spo\u0142ecznym, ale te\u017c i<br \/>\ntym moralnym wybieramy tak fatalnie, tak b\u0142\u0119dnie, tak bardzo<br \/>\ndla<br \/>\nsamych siebie szkodliwie \u2013 bo my <b>nie<br \/>\nmamy poj\u0119cia o tym, jak te sprawy okre\u015bla Jezus;<\/b><br \/>\njak i<br \/>\nco<br \/>\nw Jego imi\u0119<br \/>\nm\u00f3wi o tym Ojciec \u015awi\u0119ty! Oboj\u0119tnie, kt\u00f3ry&#8230;\n<\/div>\n<div align=\"JUSTIFY\" style=\"margin-bottom: 0cm; text-indent: 1.22cm;\">\nI<br \/>\ndlatego przyk\u0142adamy ucha <b>do<br \/>\nwszystkich g\u0142upkowatych sensacyjek,<\/b><br \/>\nserwowanych<br \/>\nnam przez media \u201em\u0119tnego nurtu\u201d;<br \/>\ni dlatego ci\u0105gle spodziewamy si\u0119 zniesienia celibatu, <b>legalizacji<br \/>\naborcji,<\/b><br \/>\n<b>eutanazji<\/b><b><br \/>\ni <\/b><b>tak<br \/>\nzwanych zwi\u0105zk\u00f3w partnerskich<\/b><br \/>\n\u2013 nienormalnych<br \/>\ni niemoralnych,<br \/>\npatologicznych zwi\u0105zk\u00f3w, tworzonych przez ludzi dotkni\u0119tych<br \/>\nchorob\u0105 homoseksualizmu; to dlatego ci\u0105gle s<b>podziewamy<br \/>\nsi\u0119 jakiej\u015b zmiany w kwestii moralno\u015bci czy niemoralno\u015bci<br \/>\nma\u0142\u017ce\u0144skiej<\/b><br \/>\ni akceptacji dla r\u00f3\u017cnych form grzechu przedma\u0142\u017ce\u0144skiego i<br \/>\npozama\u0142\u017ce\u0144skiego&#8230;\n<\/div>\n<div align=\"JUSTIFY\" style=\"margin-bottom: 0cm; text-indent: 1.22cm;\">\nTo<br \/>\nwszystko w\u0142a\u015bnie dlatego, \u017ce wiara dla nas cz\u0119sto<br \/>\nnie jest niczym<br \/>\nwi\u0119cej, jak tylko<br \/>\n<b>zmursza\u0142<\/b><b>\u0105<\/b><b><br \/>\nw swej formie i w swym wyrazie list<\/b><b>\u0105<\/b><b><br \/>\nnakaz\u00f3w i zakaz\u00f3w,<\/b><br \/>\npodczas gdy wiara \u2013 to tak naprawd\u0119 <b>spotkanie<br \/>\nz \u017cywym Jezusem! To prawdziwa fascynacja Jezusem! To autentyczne<br \/>\nrozkochanie si\u0119 w Jezusie! To najg\u0142\u0119bsze poznanie Jezusa!<\/b><\/p>\n<\/div>\n<div align=\"JUSTIFY\" style=\"margin-bottom: 0cm; text-indent: 1.22cm;\">\nTakiej<br \/>\nwiary uczy\u0142 nas Benedykt XVI, w duchu takiej wiary modli\u0142 si\u0119<br \/>\nszczerze, jak dziecko \u2013 widzieli\u015bmy to nieraz na zbli\u017ceniach<br \/>\nkamer; pi\u0119kno takiej wiary nam ukazywa\u0142 i przekonywa\u0142 nas, \u017ce dla<br \/>\ndzisiejszego pogubionego i samoniszcz\u0105cego si\u0119 \u015bwiata <b>nie<br \/>\nma innego ratunku, jak wiara! Powr\u00f3t do \u017ar\u00f3de\u0142 wiary, do jej<br \/>\npodstaw<\/b>&#8230;<\/p>\n<\/div>\n<div align=\"JUSTIFY\" style=\"margin-bottom: 0cm; text-indent: 1.22cm;\">\nKochani,<br \/>\nuwierzmy Papie\u017cowi Benedyktowi XVI! <b>Nie<br \/>\nzmarnujmy Jego dziedzictwa i tego ca\u0142ego, przeogromnego<\/b><b><br \/>\n<\/b><b>bogactwa,<br \/>\njakie nam zostawi\u0142. <\/b>My<br \/>\nnaprawd\u0119 ju\u017c nie mamy innego wyj\u015bcia! Dla nas ju\u017c dzisiaj nie ma<br \/>\ninnego ratunku \u2013 tylko zwr\u00f3cenie si\u0119 do Jezusa: <b>nie<br \/>\ndo mitu o Jezusie, ale do \u017cywego Jezusa!<\/b><br \/>\nTego w\u0142a\u015bnie<br \/>\nuczy\u0142<br \/>\nnas<br \/>\nBenedykt<br \/>\nXVI i o tym chcia\u0142 nas przez osiem lat przekona\u0107! Dzi\u0119kujmy<br \/>\ndzi\u015b Bogu za to papieskie staranie!<br \/>\nDzi\u0119kujmy<br \/>\ndzi\u015b Bogu z ca\u0142ego serca <b>za<br \/>\ntego <\/b><b>pokornego<\/b><b>,<br \/>\nm\u0105drego i rozmodlonego Pasterza!<\/b><\/div>\n<div align=\"JUSTIFY\" style=\"margin-bottom: 0cm; text-indent: 1.22cm;\">\nMoi<br \/>\nDrodzy, to naprawd\u0119 nie przypadek, \u017ce na te nasze zwariowane czasy<br \/>\n<b>Pan<br \/>\nda\u0142 nam <\/b><b>w\u0142a\u015bnie<br \/>\n<\/b><b>takiego<br \/>\nPapie\u017ca<\/b><b>.<br \/>\n<\/b>I<br \/>\nchyba nie przypadek, \u017ce ten Papie\u017c teraz wys\u0142a\u0142 taki, a nie inny<br \/>\nsygna\u0142 ca\u0142emu<br \/>\nzwariowanemu \u015bwiatu: <b>w\u0142a\u015bnie<br \/>\nto odej\u015bcie w cisz\u0119, jakie <\/b><b>teraz,<br \/>\n<\/b><b>w<br \/>\ntej godzinie si\u0119 dokonuje<\/b>&#8230;<br \/>\nKochani,<br \/>\ntu nic si\u0119 nie sta\u0142o przypadkowo&#8230; To wszystko dla nas&#8230; Tylko \u2013<br \/>\nco my z tym zrobimy?&#8230; Jak<br \/>\nud\u017awigniemy <b>tak<br \/>\n<\/b><b>wielkie<br \/>\nduchowe<\/b><b><br \/>\nbogactwo?<\/b><br \/>\nJak wykorzystamy <b>t<\/b><b>ak<\/b><b><br \/>\nwielki <\/b><b>intelektualny<br \/>\n<\/b><b>potencja\u0142?<\/b>&#8230;<\/p>\n<\/div>\n<div align=\"JUSTIFY\" style=\"margin-bottom: 0cm; text-indent: 1.22cm;\">\n<b>C<\/b><b>o<br \/>\nmy z tym wszystkim zrobimy?<\/b>&#8230;<br \/>\nI<br \/>\njak my si\u0119 Bogu wyt\u0142umaczymy na S\u0105dzie, je\u017celi nic nie<br \/>\nzrobimy?&#8230;&nbsp;\n<\/div>\n","protected":false},"excerpt":{"rendered":"<p>Szcz\u0119\u015b\u0107 Bo\u017ce! Kochani, zgodnie z zapowiedzi\u0105, zamieszczam s\u0142owo, kt\u00f3re wyg\u0142osi\u0142em w czwartek, 28 lutego, na Mszy \u015awi\u0119tej o godzinie 20.00 &#8211; wraz z czytaniami, kt\u00f3re stanowi\u0142y podstaw\u0119 do tego rozwa\u017cania. Prosz\u0119 o spokojne przeczytanie tych s\u0142\u00f3w, kt\u00f3re wyra\u017caj\u0105 moje najszczersze refleksje&#8230; Zechciejcie podzieli\u0107 si\u0119 swoimi refleksjami&#8230;&nbsp; &nbsp; &nbsp;I prosz\u0119: m\u00f3dlmy si\u0119 wszyscy za Benedykta XVI, [&hellip;]<\/p>\n","protected":false},"author":1,"featured_media":0,"comment_status":"open","ping_status":"open","sticky":false,"template":"","format":"standard","meta":{"jetpack_post_was_ever_published":false,"_jetpack_newsletter_access":"","_jetpack_dont_email_post_to_subs":false,"_jetpack_newsletter_tier_id":0,"_jetpack_memberships_contains_paywalled_content":false,"_jetpack_memberships_contains_paid_content":false,"footnotes":""},"categories":[1],"tags":[],"class_list":["post-9198","post","type-post","status-publish","format-standard","hentry","category-bez-kategorii"],"yoast_head":"<!-- This site is optimized with the Yoast SEO plugin v25.1 - https:\/\/yoast.com\/wordpress\/plugins\/seo\/ -->\n<title>Co nam podarowa\u0142 Benedykt XVI? - Gaudium Et Spes<\/title>\n<meta name=\"robots\" content=\"index, follow, max-snippet:-1, max-image-preview:large, max-video-preview:-1\" \/>\n<link rel=\"canonical\" href=\"https:\/\/gaudiumetspes-blog.pl\/index.php\/2013\/03\/02\/co-nam-podarowa-benedykt-xvi\/\" \/>\n<meta property=\"og:locale\" content=\"pl_PL\" \/>\n<meta property=\"og:type\" content=\"article\" \/>\n<meta property=\"og:title\" content=\"Co nam podarowa\u0142 Benedykt XVI? - Gaudium Et Spes\" \/>\n<meta property=\"og:description\" content=\"Szcz\u0119\u015b\u0107 Bo\u017ce! Kochani, zgodnie z zapowiedzi\u0105, zamieszczam s\u0142owo, kt\u00f3re wyg\u0142osi\u0142em w czwartek, 28 lutego, na Mszy \u015awi\u0119tej o godzinie 20.00 &#8211; wraz z czytaniami, kt\u00f3re stanowi\u0142y podstaw\u0119 do tego rozwa\u017cania. Prosz\u0119 o spokojne przeczytanie tych s\u0142\u00f3w, kt\u00f3re wyra\u017caj\u0105 moje najszczersze refleksje&#8230; Zechciejcie podzieli\u0107 si\u0119 swoimi refleksjami&#8230;&nbsp; &nbsp; &nbsp;I prosz\u0119: m\u00f3dlmy si\u0119 wszyscy za Benedykta XVI, [&hellip;]\" \/>\n<meta property=\"og:url\" content=\"https:\/\/gaudiumetspes-blog.pl\/index.php\/2013\/03\/02\/co-nam-podarowa-benedykt-xvi\/\" \/>\n<meta property=\"og:site_name\" content=\"Gaudium Et Spes\" \/>\n<meta property=\"article:published_time\" content=\"2013-03-02T04:11:00+00:00\" \/>\n<meta property=\"article:modified_time\" content=\"2019-07-31T10:53:53+00:00\" \/>\n<meta name=\"author\" content=\"Ks. Jacek\" \/>\n<meta name=\"twitter:card\" content=\"summary_large_image\" \/>\n<meta name=\"twitter:label1\" content=\"Napisane przez\" \/>\n\t<meta name=\"twitter:data1\" content=\"Ks. Jacek\" \/>\n\t<meta name=\"twitter:label2\" content=\"Szacowany czas czytania\" \/>\n\t<meta name=\"twitter:data2\" content=\"24 minuty\" \/>\n<script type=\"application\/ld+json\" class=\"yoast-schema-graph\">{\"@context\":\"https:\/\/schema.org\",\"@graph\":[{\"@type\":\"WebPage\",\"@id\":\"https:\/\/gaudiumetspes-blog.pl\/index.php\/2013\/03\/02\/co-nam-podarowa-benedykt-xvi\/\",\"url\":\"https:\/\/gaudiumetspes-blog.pl\/index.php\/2013\/03\/02\/co-nam-podarowa-benedykt-xvi\/\",\"name\":\"Co nam podarowa\u0142 Benedykt XVI? - Gaudium Et Spes\",\"isPartOf\":{\"@id\":\"https:\/\/gaudiumetspes-blog.pl\/#website\"},\"datePublished\":\"2013-03-02T04:11:00+00:00\",\"dateModified\":\"2019-07-31T10:53:53+00:00\",\"author\":{\"@id\":\"https:\/\/gaudiumetspes-blog.pl\/#\/schema\/person\/1661982992b752dea8dff0d4ed845a65\"},\"breadcrumb\":{\"@id\":\"https:\/\/gaudiumetspes-blog.pl\/index.php\/2013\/03\/02\/co-nam-podarowa-benedykt-xvi\/#breadcrumb\"},\"inLanguage\":\"pl-PL\",\"potentialAction\":[{\"@type\":\"ReadAction\",\"target\":[\"https:\/\/gaudiumetspes-blog.pl\/index.php\/2013\/03\/02\/co-nam-podarowa-benedykt-xvi\/\"]}]},{\"@type\":\"BreadcrumbList\",\"@id\":\"https:\/\/gaudiumetspes-blog.pl\/index.php\/2013\/03\/02\/co-nam-podarowa-benedykt-xvi\/#breadcrumb\",\"itemListElement\":[{\"@type\":\"ListItem\",\"position\":1,\"name\":\"Strona g\u0142\u00f3wna\",\"item\":\"https:\/\/gaudiumetspes-blog.pl\/\"},{\"@type\":\"ListItem\",\"position\":2,\"name\":\"Co nam podarowa\u0142 Benedykt XVI?\"}]},{\"@type\":\"WebSite\",\"@id\":\"https:\/\/gaudiumetspes-blog.pl\/#website\",\"url\":\"https:\/\/gaudiumetspes-blog.pl\/\",\"name\":\"Gaudium Et Spes\",\"description\":\"Blog Ks. Jacka Ja\u015bkowskiego\",\"potentialAction\":[{\"@type\":\"SearchAction\",\"target\":{\"@type\":\"EntryPoint\",\"urlTemplate\":\"https:\/\/gaudiumetspes-blog.pl\/?s={search_term_string}\"},\"query-input\":{\"@type\":\"PropertyValueSpecification\",\"valueRequired\":true,\"valueName\":\"search_term_string\"}}],\"inLanguage\":\"pl-PL\"},{\"@type\":\"Person\",\"@id\":\"https:\/\/gaudiumetspes-blog.pl\/#\/schema\/person\/1661982992b752dea8dff0d4ed845a65\",\"name\":\"Ks. Jacek\",\"image\":{\"@type\":\"ImageObject\",\"inLanguage\":\"pl-PL\",\"@id\":\"https:\/\/gaudiumetspes-blog.pl\/#\/schema\/person\/image\/\",\"url\":\"https:\/\/gaudiumetspes-blog.pl\/wp-content\/uploads\/2019\/07\/avatar-JJ-150x150.jpg\",\"contentUrl\":\"https:\/\/gaudiumetspes-blog.pl\/wp-content\/uploads\/2019\/07\/avatar-JJ-150x150.jpg\",\"caption\":\"Ks. Jacek\"},\"description\":\"Witam serdecznie! K\u0142ania si\u0119 Ks. Jacek Ja\u015bkowski. Nie jestem ani kim\u015b wa\u017cnym, ani kim\u015b znanym. Jestem ksi\u0119dzem, kt\u00f3ry po prostu chce rozmawia\u0107. Codzienna kap\u0142a\u0144ska pos\u0142uga pokazuje mi, \u017ce temat\u00f3w do rozm\u00f3w z ksi\u0119dzem jest coraz wi\u0119cej i dzisiaj \u017caden ksi\u0105dz nie mo\u017ce od nich ucieka\u0107, ale - wprost przeciwnie - podejmowa\u0107 nowe wyzwania. To przekonanie sk\u0142oni\u0142o mnie do pr\u00f3by otwarcia tego\u017c bloga, chocia\u017c okazji do rozm\u00f3w na co dzie\u0144 - w konfesjonale i poza nim - na szcz\u0119\u015bcie nie brakuje. My\u015bl\u0119 jednak, \u017ce ten blog b\u0119dzie jeszcze jednym sposobem i przestrzeni\u0105 nawi\u0105zania kontaktu z lud\u017ami dobrej woli, otwartymi na dialog.\",\"url\":\"https:\/\/gaudiumetspes-blog.pl\/index.php\/author\/ks-jacek\/\"}]}<\/script>\n<!-- \/ Yoast SEO plugin. -->","yoast_head_json":{"title":"Co nam podarowa\u0142 Benedykt XVI? - Gaudium Et Spes","robots":{"index":"index","follow":"follow","max-snippet":"max-snippet:-1","max-image-preview":"max-image-preview:large","max-video-preview":"max-video-preview:-1"},"canonical":"https:\/\/gaudiumetspes-blog.pl\/index.php\/2013\/03\/02\/co-nam-podarowa-benedykt-xvi\/","og_locale":"pl_PL","og_type":"article","og_title":"Co nam podarowa\u0142 Benedykt XVI? - Gaudium Et Spes","og_description":"Szcz\u0119\u015b\u0107 Bo\u017ce! Kochani, zgodnie z zapowiedzi\u0105, zamieszczam s\u0142owo, kt\u00f3re wyg\u0142osi\u0142em w czwartek, 28 lutego, na Mszy \u015awi\u0119tej o godzinie 20.00 &#8211; wraz z czytaniami, kt\u00f3re stanowi\u0142y podstaw\u0119 do tego rozwa\u017cania. Prosz\u0119 o spokojne przeczytanie tych s\u0142\u00f3w, kt\u00f3re wyra\u017caj\u0105 moje najszczersze refleksje&#8230; Zechciejcie podzieli\u0107 si\u0119 swoimi refleksjami&#8230;&nbsp; &nbsp; &nbsp;I prosz\u0119: m\u00f3dlmy si\u0119 wszyscy za Benedykta XVI, [&hellip;]","og_url":"https:\/\/gaudiumetspes-blog.pl\/index.php\/2013\/03\/02\/co-nam-podarowa-benedykt-xvi\/","og_site_name":"Gaudium Et Spes","article_published_time":"2013-03-02T04:11:00+00:00","article_modified_time":"2019-07-31T10:53:53+00:00","author":"Ks. Jacek","twitter_card":"summary_large_image","twitter_misc":{"Napisane przez":"Ks. Jacek","Szacowany czas czytania":"24 minuty"},"schema":{"@context":"https:\/\/schema.org","@graph":[{"@type":"WebPage","@id":"https:\/\/gaudiumetspes-blog.pl\/index.php\/2013\/03\/02\/co-nam-podarowa-benedykt-xvi\/","url":"https:\/\/gaudiumetspes-blog.pl\/index.php\/2013\/03\/02\/co-nam-podarowa-benedykt-xvi\/","name":"Co nam podarowa\u0142 Benedykt XVI? - Gaudium Et Spes","isPartOf":{"@id":"https:\/\/gaudiumetspes-blog.pl\/#website"},"datePublished":"2013-03-02T04:11:00+00:00","dateModified":"2019-07-31T10:53:53+00:00","author":{"@id":"https:\/\/gaudiumetspes-blog.pl\/#\/schema\/person\/1661982992b752dea8dff0d4ed845a65"},"breadcrumb":{"@id":"https:\/\/gaudiumetspes-blog.pl\/index.php\/2013\/03\/02\/co-nam-podarowa-benedykt-xvi\/#breadcrumb"},"inLanguage":"pl-PL","potentialAction":[{"@type":"ReadAction","target":["https:\/\/gaudiumetspes-blog.pl\/index.php\/2013\/03\/02\/co-nam-podarowa-benedykt-xvi\/"]}]},{"@type":"BreadcrumbList","@id":"https:\/\/gaudiumetspes-blog.pl\/index.php\/2013\/03\/02\/co-nam-podarowa-benedykt-xvi\/#breadcrumb","itemListElement":[{"@type":"ListItem","position":1,"name":"Strona g\u0142\u00f3wna","item":"https:\/\/gaudiumetspes-blog.pl\/"},{"@type":"ListItem","position":2,"name":"Co nam podarowa\u0142 Benedykt XVI?"}]},{"@type":"WebSite","@id":"https:\/\/gaudiumetspes-blog.pl\/#website","url":"https:\/\/gaudiumetspes-blog.pl\/","name":"Gaudium Et Spes","description":"Blog Ks. Jacka Ja\u015bkowskiego","potentialAction":[{"@type":"SearchAction","target":{"@type":"EntryPoint","urlTemplate":"https:\/\/gaudiumetspes-blog.pl\/?s={search_term_string}"},"query-input":{"@type":"PropertyValueSpecification","valueRequired":true,"valueName":"search_term_string"}}],"inLanguage":"pl-PL"},{"@type":"Person","@id":"https:\/\/gaudiumetspes-blog.pl\/#\/schema\/person\/1661982992b752dea8dff0d4ed845a65","name":"Ks. Jacek","image":{"@type":"ImageObject","inLanguage":"pl-PL","@id":"https:\/\/gaudiumetspes-blog.pl\/#\/schema\/person\/image\/","url":"https:\/\/gaudiumetspes-blog.pl\/wp-content\/uploads\/2019\/07\/avatar-JJ-150x150.jpg","contentUrl":"https:\/\/gaudiumetspes-blog.pl\/wp-content\/uploads\/2019\/07\/avatar-JJ-150x150.jpg","caption":"Ks. Jacek"},"description":"Witam serdecznie! K\u0142ania si\u0119 Ks. Jacek Ja\u015bkowski. Nie jestem ani kim\u015b wa\u017cnym, ani kim\u015b znanym. Jestem ksi\u0119dzem, kt\u00f3ry po prostu chce rozmawia\u0107. Codzienna kap\u0142a\u0144ska pos\u0142uga pokazuje mi, \u017ce temat\u00f3w do rozm\u00f3w z ksi\u0119dzem jest coraz wi\u0119cej i dzisiaj \u017caden ksi\u0105dz nie mo\u017ce od nich ucieka\u0107, ale - wprost przeciwnie - podejmowa\u0107 nowe wyzwania. To przekonanie sk\u0142oni\u0142o mnie do pr\u00f3by otwarcia tego\u017c bloga, chocia\u017c okazji do rozm\u00f3w na co dzie\u0144 - w konfesjonale i poza nim - na szcz\u0119\u015bcie nie brakuje. My\u015bl\u0119 jednak, \u017ce ten blog b\u0119dzie jeszcze jednym sposobem i przestrzeni\u0105 nawi\u0105zania kontaktu z lud\u017ami dobrej woli, otwartymi na dialog.","url":"https:\/\/gaudiumetspes-blog.pl\/index.php\/author\/ks-jacek\/"}]}},"jetpack_featured_media_url":"","jetpack_sharing_enabled":true,"_links":{"self":[{"href":"https:\/\/gaudiumetspes-blog.pl\/index.php\/wp-json\/wp\/v2\/posts\/9198","targetHints":{"allow":["GET"]}}],"collection":[{"href":"https:\/\/gaudiumetspes-blog.pl\/index.php\/wp-json\/wp\/v2\/posts"}],"about":[{"href":"https:\/\/gaudiumetspes-blog.pl\/index.php\/wp-json\/wp\/v2\/types\/post"}],"author":[{"embeddable":true,"href":"https:\/\/gaudiumetspes-blog.pl\/index.php\/wp-json\/wp\/v2\/users\/1"}],"replies":[{"embeddable":true,"href":"https:\/\/gaudiumetspes-blog.pl\/index.php\/wp-json\/wp\/v2\/comments?post=9198"}],"version-history":[{"count":1,"href":"https:\/\/gaudiumetspes-blog.pl\/index.php\/wp-json\/wp\/v2\/posts\/9198\/revisions"}],"predecessor-version":[{"id":10967,"href":"https:\/\/gaudiumetspes-blog.pl\/index.php\/wp-json\/wp\/v2\/posts\/9198\/revisions\/10967"}],"wp:attachment":[{"href":"https:\/\/gaudiumetspes-blog.pl\/index.php\/wp-json\/wp\/v2\/media?parent=9198"}],"wp:term":[{"taxonomy":"category","embeddable":true,"href":"https:\/\/gaudiumetspes-blog.pl\/index.php\/wp-json\/wp\/v2\/categories?post=9198"},{"taxonomy":"post_tag","embeddable":true,"href":"https:\/\/gaudiumetspes-blog.pl\/index.php\/wp-json\/wp\/v2\/tags?post=9198"}],"curies":[{"name":"wp","href":"https:\/\/api.w.org\/{rel}","templated":true}]}}