{"id":9214,"date":"2013-02-14T09:04:00","date_gmt":"2013-02-14T08:04:00","guid":{"rendered":"https:\/\/gaudiumetspes-blog.pl\/index.php\/2013\/02\/14\/idzcie-oto-was-posyam-jak-owce-miedzy\/"},"modified":"2019-07-31T12:53:51","modified_gmt":"2019-07-31T10:53:51","slug":"idzcie-oto-was-posyam-jak-owce-miedzy","status":"publish","type":"post","link":"https:\/\/gaudiumetspes-blog.pl\/index.php\/2013\/02\/14\/idzcie-oto-was-posyam-jak-owce-miedzy\/","title":{"rendered":"Id\u017acie, oto was posy\u0142am jak owce mi\u0119dzy wilki."},"content":{"rendered":"<div class=\"separator\" style=\"clear: both; text-align: center;\">\n<a href=\"http:\/\/3.bp.blogspot.com\/-iE3ZecVL-iY\/URymjDDxEvI\/AAAAAAAAAUE\/zdLheae0eVk\/s1600\/561325462_e716dc0e85_o%5B1%5D.jpg\" imageanchor=\"1\" style=\"clear: right; float: right; margin-bottom: 1em; margin-left: 1em;\"><img loading=\"lazy\" decoding=\"async\" border=\"0\" height=\"186\" src=\"https:\/\/gaudiumetspes-blog.pl\/wp-content\/uploads\/2013\/02\/561325462_e716dc0e85_o1.jpg\" width=\"320\" \/><\/a><\/div>\n<p><strong><em>\u015awi\u0119to \u015bwi\u0119tych Cyryla, mnicha, i Metodego, biskupa, patron\u00f3w Europy<\/em><\/strong><\/p>\n<p><strong><em>(Dz 13,46-49)<br \/>Wtedy Pawe\u0142 i Barnaba powiedzieli odwa\u017cnie: Nale\u017ca\u0142o g\u0142osi\u0107 s\u0142owo Bo\u017ce najpierw wam. Skoro jednak odrzucacie je i sami uznajecie si\u0119 za niegodnych \u017cycia wiecznego, zwracamy si\u0119 do pogan. Tak bowiem nakaza\u0142 nam Pan: Ustanowi\u0142em Ci\u0119 \u015bwiat\u0142o\u015bci\u0105 dla pogan, aby\u015b by\u0142 zbawieniem a\u017c po kra\u0144ce ziemi. Poganie s\u0142ysz\u0105c to radowali si\u0119 i wielbili s\u0142owo Pa\u0144skie, a wszyscy, przeznaczeni do \u017cycia wiecznego, uwierzyli. S\u0142owo Pa\u0144skie rozszerza\u0142o si\u0119 po ca\u0142ym kraju.<\/em><\/strong><\/p>\n<p><strong><em>(\u0141k 10,1-9)<br \/>Nast\u0119pnie wyznaczy\u0142 Pan jeszcze innych siedemdziesi\u0119ciu dw\u00f3ch i wys\u0142a\u0142 ich po dw\u00f3ch przed sob\u0105 do ka\u017cdego miasta i miejscowo\u015bci, dok\u0105d sam przyj\u015b\u0107 zamierza\u0142. Powiedzia\u0142 te\u017c do nich: \u017cniwo wprawdzie wielkie, ale robotnik\u00f3w ma\u0142o; pro\u015bcie wi\u0119c Pana \u017cniwa, \u017ceby wyprawi\u0142 robotnik\u00f3w na swoje \u017cniwo. Id\u017acie, oto was posy\u0142am jak owce mi\u0119dzy wilki. Nie no\u015bcie z sob\u0105 trzosa ani torby, ani sanda\u0142\u00f3w; i nikogo w drodze nie pozdrawiajcie! Gdy do jakiego domu wejdziecie, najpierw m\u00f3wcie: Pok\u00f3j temu domowi! Je\u015bli tam mieszka cz\u0142owiek godny pokoju, wasz pok\u00f3j spocznie na nim; je\u015bli nie, powr\u00f3ci do was. W tym samym domu zosta\u0144cie, jedz\u0105c i pij\u0105c, co maj\u0105: bo zas\u0142uguje robotnik na swoj\u0105 zap\u0142at\u0119. Nie przechod\u017acie z domu do domu. Je\u015bli do jakiego miasta wejdziecie i przyjm\u0105 was, jedzcie, co wam podadz\u0105; uzdrawiajcie chorych, kt\u00f3rzy tam s\u0105, i m\u00f3wcie im: Przybli\u017cy\u0142o si\u0119 do was kr\u00f3lestwo Bo\u017ce.<\/em><\/strong><\/p>\n<p><strong>Niech b\u0119dzie pochwalony Jezus Chrystus!<\/strong><\/p>\n<p>Dzi\u015b w \u015bwi\u0119to wielkich patron\u00f3w Europy, jak i naszych tu patron\u00f3w wschodu, pozdrawiam Was bardzo serdecznie z Syberii, z Tomska.<\/p>\n<p>Dzi\u015b z powodu \u015bwi\u0119ta, nie s\u0142yszymy, jak zwykle w pierwsze dni Wielkiego Postu, o po\u015bcie, o nawr\u00f3ceniu, umartwieniu, s\u0142yszymy o robotnikach w winnicy Pa\u0144skiej. <\/p>\n<p>Pragn\u0119 szczeg\u00f3lnie zwr\u00f3ci\u0107 uwag\u0119 na s\u0142owa: <strong>Id\u017acie, oto was posy\u0142am jak owce mi\u0119dzy wilki.<\/strong><\/p>\n<p>Te s\u0142owa pokazuj\u0105 nam, \u017ce by\u0107 cz\u0142owiekiem wiary, by\u0107 chrze\u015bcijaninem, wymaga du\u017cej odwagi. Takiej odwagi, jak\u0105 musi mie\u0107 owca, pos\u0142ana do stada wilk\u00f3w.<\/p>\n<p>Si\u0142y absolutnie nier\u00f3wne, nier\u00f3wna walka, a jednak \u2013 owce maj\u0105 co\u015b, czego nie maj\u0105 wilki. <\/p>\n<p>Co takiego? <\/p>\n<p>Posy\u0142a ich Jezus!<\/p>\n<p>To jest si\u0142a naszego apostolstwa \u2013 nie nasze silne argumenty, nie nasza si\u0142a g\u0142osu, nie nasza m\u0105dro\u015b\u0107, ale w\u0142a\u015bnie pos\u0142anie przez Jezusa.<br \/>\n<a name='more'><\/a><br \/>Chrze\u015bcijanin wydaje si\u0119 by\u0107 s\u0142abym, bo nie odp\u0142aca z\u0142em za z\u0142o, bo dzia\u0142a z mi\u0142o\u015bci\u0105, nie chce obra\u017ca\u0107, bi\u0107, kombinowa\u0107, wydaje si\u0119 by\u0107 s\u0142abym, by\u0107 owc\u0105 mi\u0119dzy wilkami, a jednak wchodzi, wchodzi mi\u0119dzy wilki, bo wie, \u017ce do tego wzywa Jezus.<\/p>\n<p>A wi\u0119c Jezus jest z nim \u2013 ta wiara, to zaufanie, \u017ce Jezus, ze swoj\u0105 si\u0142\u0105, ze swoimi mo\u017cliwo\u015bciami jest obok, jest z nim, to jest decyduj\u0105ce. <\/p>\n<p>Dzisiejsi patronowie, to w\u0142a\u015bnie takie owce \u2013 ludzie odwa\u017cni, kt\u00f3rzy co\u015b mieli do zaproponowania, kt\u00f3rym si\u0119 co\u015b chcia\u0142o, ale te\u017c za to obrywali. Jednak pi\u0119kne jest to, co robili, kiedy taka burza na nich spada\u0142a \u2013 szli do papie\u017ca, szukali oparcia, potwierdzenia w decyzji papie\u017ca, w decyzji Ko\u015bcio\u0142a, a wi\u0119c szukali oparcia w Bogu, w Bo\u017cej decyzji. <\/p>\n<p>Chcia\u0142bym tu raz jeszcze, zacytowa\u0107, to co by\u0142o ju\u017c w rozwa\u017caniu rok temu \u2013 fragment Encykliki Jana Paw\u0142a II, <em>Slavorum Apostoli<\/em>, po\u015bwi\u0119conej w\u0142a\u015bnie naszym dzisiejszym patronom: \u201eWype\u0142niaj\u0105c ten program jedno\u015bci i pokoju, zawsze szanowali zobowi\u0105zania swego pos\u0142annictwa, licz\u0105c si\u0119 z tradycyjnymi uprawnieniami oraz prawami ko\u015bcielnymi ustalonymi przez kanony soborowe, i chocia\u017c przynale\u017celi do Cesarstwa Wschodniego, a jako wierni podlegali Patriarchatowi Konstantynopola, to jednak nie wahali si\u0119 zdawa\u0107 spraw\u0119 Papie\u017cowi ze swojej misjonarskiej dzia\u0142alno\u015bci oraz przedk\u0142ada\u0107 jego os\u0105dowi i aprobacie wyznawanej i g\u0142oszonej przez nich nauki, a tak\u017ce ksi\u0105g liturgicznych w j\u0119zyku s\u0142owia\u0144skim i metod, jakie stosowali w ewangelizacji tych lud\u00f3w. Podejmuj\u0105c sw\u0105 misj\u0119 z polecenia Konstantynopola, szukali w pewnym sensie jej potwierdzenia, zwracaj\u0105c si\u0119 do Stolicy Apostolskiej w Rzymie jako do widzialnego o\u015brodka jedno\u015bci Ko\u015bcio\u0142a. Budowali w ten spos\u00f3b Ko\u015bci\u00f3\u0142 w poczuciu jego uniwersalno\u015bci, jako jeden, \u015bwi\u0119ty, powszechny i apostolski\u201d.<\/p>\n<p>Chcia\u0142bym tu jeszcze zwr\u00f3ci\u0107 uwag\u0119 na jednego bohatera, kt\u00f3ry pi\u0119knie jednoczy w sobie owe dwie cechy owcy pos\u0142anej przez Pana \u2013 pokory i odwagi. To oczywi\u015bcie Benedykt XVI. Tak s\u0142u\u017cy\u0142. Tym znakiem i pokory i odwagi jest tak\u017ce jego wolna decyzja, kt\u00f3r\u0105 podj\u0105\u0142, a kt\u00f3r\u0105 tak \u017cywo omawia, chyba ca\u0142y \u015bwiat. <\/p>\n<p>W ciekawy spos\u00f3b, \u00f3w Wielki Papie\u017c w pokorny spos\u00f3b, jeszcze raz zwr\u00f3ci\u0142 na siebie uwag\u0119 \u015bwiata, jeszcze raz, mocno podkre\u015bli\u0142 swoje nauczanie, jeszcze raz obudzi\u0142 w\u015bciek\u0142o\u015b\u0107 swoich przeciwnik\u00f3w, a niekt\u00f3rym odwrotnie zamkn\u0105\u0142 usta. <\/p>\n<p>Cz\u0142owiek, kt\u00f3ry pi\u0119knie wyrazi\u0142 swoj\u0105 wiar\u0119, swoje zaufanie Bogu, we wczorajszym przem\u00f3wieniu, zw\u0142aszcza w ostatnim zdaniu \u2013 \u201eM\u00f3dlcie si\u0119 nadal za mnie za Ko\u015bci\u00f3\u0142 i za przysz\u0142ego papie\u017ca. <strong>Pan nas poprowadzi!<\/strong>\u201d<\/p>\n<p>B\u0105d\u017amy i my lud\u017ami, kt\u00f3rzy si\u0119 nie boj\u0105, kt\u00f3rzy z pokor\u0105 i u\u015bmiechem, wchodz\u0105 mi\u0119dzy wilki i z tak\u0105 pokor\u0105 i mi\u0142o\u015bci\u0105, m\u00f3wi\u0105 jeszcze raz, o prawdzie, o warto\u015bciach, o Bogu. <\/p>\n<p><strong>Id\u017acie, oto was posy\u0142am \u2013 to s\u0142owa Jezusa do Aposto\u0142\u00f3w, to s\u0142owa Jezusa do Cyryla i Metodego, to s\u0142owa Jezusa do Benedykta XVI, to s\u0142owa Jezusa do mnie i do Ciebie.<\/strong> <\/p>\n<p>Pozdrawiam. <\/p>\n<div class=\"separator\" style=\"clear: both; text-align: center;\">\n<a href=\"http:\/\/2.bp.blogspot.com\/-ybsgu9H3nik\/URyoTjsweTI\/AAAAAAAAAUQ\/-3YuO5Ym8Do\/s1600\/38311-393421360581065%5B1%5D.jpg\" imageanchor=\"1\" style=\"margin-left: 1em; margin-right: 1em;\"><img loading=\"lazy\" decoding=\"async\" border=\"0\" height=\"193\" src=\"https:\/\/gaudiumetspes-blog.pl\/wp-content\/uploads\/2013\/02\/38311-3934213605810651.jpg\" width=\"320\" \/><\/a><\/div>\n","protected":false},"excerpt":{"rendered":"<p>\u015awi\u0119to \u015bwi\u0119tych Cyryla, mnicha, i Metodego, biskupa, patron\u00f3w Europy (Dz 13,46-49)Wtedy Pawe\u0142 i Barnaba powiedzieli odwa\u017cnie: Nale\u017ca\u0142o g\u0142osi\u0107 s\u0142owo Bo\u017ce najpierw wam. Skoro jednak odrzucacie je i sami uznajecie si\u0119 za niegodnych \u017cycia wiecznego, zwracamy si\u0119 do pogan. Tak bowiem nakaza\u0142 nam Pan: Ustanowi\u0142em Ci\u0119 \u015bwiat\u0142o\u015bci\u0105 dla pogan, aby\u015b by\u0142 zbawieniem a\u017c po kra\u0144ce ziemi. [&hellip;]<\/p>\n","protected":false},"author":1,"featured_media":0,"comment_status":"open","ping_status":"open","sticky":false,"template":"","format":"standard","meta":{"jetpack_post_was_ever_published":false,"_jetpack_newsletter_access":"","_jetpack_dont_email_post_to_subs":false,"_jetpack_newsletter_tier_id":0,"_jetpack_memberships_contains_paywalled_content":false,"_jetpack_memberships_contains_paid_content":false,"footnotes":""},"categories":[1],"tags":[],"class_list":["post-9214","post","type-post","status-publish","format-standard","hentry","category-bez-kategorii"],"yoast_head":"<!-- This site is optimized with the Yoast SEO plugin v25.1 - https:\/\/yoast.com\/wordpress\/plugins\/seo\/ -->\n<title>Id\u017acie, oto was posy\u0142am jak owce mi\u0119dzy wilki. - Gaudium Et Spes<\/title>\n<meta name=\"robots\" content=\"index, follow, max-snippet:-1, max-image-preview:large, max-video-preview:-1\" \/>\n<link rel=\"canonical\" href=\"https:\/\/gaudiumetspes-blog.pl\/index.php\/2013\/02\/14\/idzcie-oto-was-posyam-jak-owce-miedzy\/\" \/>\n<meta property=\"og:locale\" content=\"pl_PL\" \/>\n<meta property=\"og:type\" content=\"article\" \/>\n<meta property=\"og:title\" content=\"Id\u017acie, oto was posy\u0142am jak owce mi\u0119dzy wilki. - Gaudium Et Spes\" \/>\n<meta property=\"og:description\" content=\"\u015awi\u0119to \u015bwi\u0119tych Cyryla, mnicha, i Metodego, biskupa, patron\u00f3w Europy (Dz 13,46-49)Wtedy Pawe\u0142 i Barnaba powiedzieli odwa\u017cnie: Nale\u017ca\u0142o g\u0142osi\u0107 s\u0142owo Bo\u017ce najpierw wam. Skoro jednak odrzucacie je i sami uznajecie si\u0119 za niegodnych \u017cycia wiecznego, zwracamy si\u0119 do pogan. Tak bowiem nakaza\u0142 nam Pan: Ustanowi\u0142em Ci\u0119 \u015bwiat\u0142o\u015bci\u0105 dla pogan, aby\u015b by\u0142 zbawieniem a\u017c po kra\u0144ce ziemi. [&hellip;]\" \/>\n<meta property=\"og:url\" content=\"https:\/\/gaudiumetspes-blog.pl\/index.php\/2013\/02\/14\/idzcie-oto-was-posyam-jak-owce-miedzy\/\" \/>\n<meta property=\"og:site_name\" content=\"Gaudium Et Spes\" \/>\n<meta property=\"article:published_time\" content=\"2013-02-14T08:04:00+00:00\" \/>\n<meta property=\"article:modified_time\" content=\"2019-07-31T10:53:51+00:00\" \/>\n<meta property=\"og:image\" content=\"https:\/\/gaudiumetspes-blog.pl\/wp-content\/uploads\/2013\/02\/561325462_e716dc0e85_o1.jpg\" \/>\n<meta name=\"author\" content=\"Ks. Jacek\" \/>\n<meta name=\"twitter:card\" content=\"summary_large_image\" \/>\n<meta name=\"twitter:label1\" content=\"Napisane przez\" \/>\n\t<meta name=\"twitter:data1\" content=\"Ks. Jacek\" \/>\n\t<meta name=\"twitter:label2\" content=\"Szacowany czas czytania\" \/>\n\t<meta name=\"twitter:data2\" content=\"5 minut\" \/>\n<script type=\"application\/ld+json\" class=\"yoast-schema-graph\">{\"@context\":\"https:\/\/schema.org\",\"@graph\":[{\"@type\":\"WebPage\",\"@id\":\"https:\/\/gaudiumetspes-blog.pl\/index.php\/2013\/02\/14\/idzcie-oto-was-posyam-jak-owce-miedzy\/\",\"url\":\"https:\/\/gaudiumetspes-blog.pl\/index.php\/2013\/02\/14\/idzcie-oto-was-posyam-jak-owce-miedzy\/\",\"name\":\"Id\u017acie, oto was posy\u0142am jak owce mi\u0119dzy wilki. - Gaudium Et Spes\",\"isPartOf\":{\"@id\":\"https:\/\/gaudiumetspes-blog.pl\/#website\"},\"primaryImageOfPage\":{\"@id\":\"https:\/\/gaudiumetspes-blog.pl\/index.php\/2013\/02\/14\/idzcie-oto-was-posyam-jak-owce-miedzy\/#primaryimage\"},\"image\":{\"@id\":\"https:\/\/gaudiumetspes-blog.pl\/index.php\/2013\/02\/14\/idzcie-oto-was-posyam-jak-owce-miedzy\/#primaryimage\"},\"thumbnailUrl\":\"https:\/\/gaudiumetspes-blog.pl\/wp-content\/uploads\/2013\/02\/561325462_e716dc0e85_o1.jpg\",\"datePublished\":\"2013-02-14T08:04:00+00:00\",\"dateModified\":\"2019-07-31T10:53:51+00:00\",\"author\":{\"@id\":\"https:\/\/gaudiumetspes-blog.pl\/#\/schema\/person\/1661982992b752dea8dff0d4ed845a65\"},\"breadcrumb\":{\"@id\":\"https:\/\/gaudiumetspes-blog.pl\/index.php\/2013\/02\/14\/idzcie-oto-was-posyam-jak-owce-miedzy\/#breadcrumb\"},\"inLanguage\":\"pl-PL\",\"potentialAction\":[{\"@type\":\"ReadAction\",\"target\":[\"https:\/\/gaudiumetspes-blog.pl\/index.php\/2013\/02\/14\/idzcie-oto-was-posyam-jak-owce-miedzy\/\"]}]},{\"@type\":\"ImageObject\",\"inLanguage\":\"pl-PL\",\"@id\":\"https:\/\/gaudiumetspes-blog.pl\/index.php\/2013\/02\/14\/idzcie-oto-was-posyam-jak-owce-miedzy\/#primaryimage\",\"url\":\"https:\/\/gaudiumetspes-blog.pl\/wp-content\/uploads\/2013\/02\/561325462_e716dc0e85_o1.jpg\",\"contentUrl\":\"https:\/\/gaudiumetspes-blog.pl\/wp-content\/uploads\/2013\/02\/561325462_e716dc0e85_o1.jpg\",\"width\":320,\"height\":186},{\"@type\":\"BreadcrumbList\",\"@id\":\"https:\/\/gaudiumetspes-blog.pl\/index.php\/2013\/02\/14\/idzcie-oto-was-posyam-jak-owce-miedzy\/#breadcrumb\",\"itemListElement\":[{\"@type\":\"ListItem\",\"position\":1,\"name\":\"Strona g\u0142\u00f3wna\",\"item\":\"https:\/\/gaudiumetspes-blog.pl\/\"},{\"@type\":\"ListItem\",\"position\":2,\"name\":\"Id\u017acie, oto was posy\u0142am jak owce mi\u0119dzy wilki.\"}]},{\"@type\":\"WebSite\",\"@id\":\"https:\/\/gaudiumetspes-blog.pl\/#website\",\"url\":\"https:\/\/gaudiumetspes-blog.pl\/\",\"name\":\"Gaudium Et Spes\",\"description\":\"Blog Ks. Jacka Ja\u015bkowskiego\",\"potentialAction\":[{\"@type\":\"SearchAction\",\"target\":{\"@type\":\"EntryPoint\",\"urlTemplate\":\"https:\/\/gaudiumetspes-blog.pl\/?s={search_term_string}\"},\"query-input\":{\"@type\":\"PropertyValueSpecification\",\"valueRequired\":true,\"valueName\":\"search_term_string\"}}],\"inLanguage\":\"pl-PL\"},{\"@type\":\"Person\",\"@id\":\"https:\/\/gaudiumetspes-blog.pl\/#\/schema\/person\/1661982992b752dea8dff0d4ed845a65\",\"name\":\"Ks. Jacek\",\"image\":{\"@type\":\"ImageObject\",\"inLanguage\":\"pl-PL\",\"@id\":\"https:\/\/gaudiumetspes-blog.pl\/#\/schema\/person\/image\/\",\"url\":\"https:\/\/gaudiumetspes-blog.pl\/wp-content\/uploads\/2019\/07\/avatar-JJ-150x150.jpg\",\"contentUrl\":\"https:\/\/gaudiumetspes-blog.pl\/wp-content\/uploads\/2019\/07\/avatar-JJ-150x150.jpg\",\"caption\":\"Ks. Jacek\"},\"description\":\"Witam serdecznie! K\u0142ania si\u0119 Ks. Jacek Ja\u015bkowski. Nie jestem ani kim\u015b wa\u017cnym, ani kim\u015b znanym. Jestem ksi\u0119dzem, kt\u00f3ry po prostu chce rozmawia\u0107. Codzienna kap\u0142a\u0144ska pos\u0142uga pokazuje mi, \u017ce temat\u00f3w do rozm\u00f3w z ksi\u0119dzem jest coraz wi\u0119cej i dzisiaj \u017caden ksi\u0105dz nie mo\u017ce od nich ucieka\u0107, ale - wprost przeciwnie - podejmowa\u0107 nowe wyzwania. To przekonanie sk\u0142oni\u0142o mnie do pr\u00f3by otwarcia tego\u017c bloga, chocia\u017c okazji do rozm\u00f3w na co dzie\u0144 - w konfesjonale i poza nim - na szcz\u0119\u015bcie nie brakuje. My\u015bl\u0119 jednak, \u017ce ten blog b\u0119dzie jeszcze jednym sposobem i przestrzeni\u0105 nawi\u0105zania kontaktu z lud\u017ami dobrej woli, otwartymi na dialog.\",\"url\":\"https:\/\/gaudiumetspes-blog.pl\/index.php\/author\/ks-jacek\/\"}]}<\/script>\n<!-- \/ Yoast SEO plugin. -->","yoast_head_json":{"title":"Id\u017acie, oto was posy\u0142am jak owce mi\u0119dzy wilki. - Gaudium Et Spes","robots":{"index":"index","follow":"follow","max-snippet":"max-snippet:-1","max-image-preview":"max-image-preview:large","max-video-preview":"max-video-preview:-1"},"canonical":"https:\/\/gaudiumetspes-blog.pl\/index.php\/2013\/02\/14\/idzcie-oto-was-posyam-jak-owce-miedzy\/","og_locale":"pl_PL","og_type":"article","og_title":"Id\u017acie, oto was posy\u0142am jak owce mi\u0119dzy wilki. - Gaudium Et Spes","og_description":"\u015awi\u0119to \u015bwi\u0119tych Cyryla, mnicha, i Metodego, biskupa, patron\u00f3w Europy (Dz 13,46-49)Wtedy Pawe\u0142 i Barnaba powiedzieli odwa\u017cnie: Nale\u017ca\u0142o g\u0142osi\u0107 s\u0142owo Bo\u017ce najpierw wam. Skoro jednak odrzucacie je i sami uznajecie si\u0119 za niegodnych \u017cycia wiecznego, zwracamy si\u0119 do pogan. Tak bowiem nakaza\u0142 nam Pan: Ustanowi\u0142em Ci\u0119 \u015bwiat\u0142o\u015bci\u0105 dla pogan, aby\u015b by\u0142 zbawieniem a\u017c po kra\u0144ce ziemi. [&hellip;]","og_url":"https:\/\/gaudiumetspes-blog.pl\/index.php\/2013\/02\/14\/idzcie-oto-was-posyam-jak-owce-miedzy\/","og_site_name":"Gaudium Et Spes","article_published_time":"2013-02-14T08:04:00+00:00","article_modified_time":"2019-07-31T10:53:51+00:00","og_image":[{"url":"https:\/\/gaudiumetspes-blog.pl\/wp-content\/uploads\/2013\/02\/561325462_e716dc0e85_o1.jpg","type":"","width":"","height":""}],"author":"Ks. Jacek","twitter_card":"summary_large_image","twitter_misc":{"Napisane przez":"Ks. Jacek","Szacowany czas czytania":"5 minut"},"schema":{"@context":"https:\/\/schema.org","@graph":[{"@type":"WebPage","@id":"https:\/\/gaudiumetspes-blog.pl\/index.php\/2013\/02\/14\/idzcie-oto-was-posyam-jak-owce-miedzy\/","url":"https:\/\/gaudiumetspes-blog.pl\/index.php\/2013\/02\/14\/idzcie-oto-was-posyam-jak-owce-miedzy\/","name":"Id\u017acie, oto was posy\u0142am jak owce mi\u0119dzy wilki. - Gaudium Et Spes","isPartOf":{"@id":"https:\/\/gaudiumetspes-blog.pl\/#website"},"primaryImageOfPage":{"@id":"https:\/\/gaudiumetspes-blog.pl\/index.php\/2013\/02\/14\/idzcie-oto-was-posyam-jak-owce-miedzy\/#primaryimage"},"image":{"@id":"https:\/\/gaudiumetspes-blog.pl\/index.php\/2013\/02\/14\/idzcie-oto-was-posyam-jak-owce-miedzy\/#primaryimage"},"thumbnailUrl":"https:\/\/gaudiumetspes-blog.pl\/wp-content\/uploads\/2013\/02\/561325462_e716dc0e85_o1.jpg","datePublished":"2013-02-14T08:04:00+00:00","dateModified":"2019-07-31T10:53:51+00:00","author":{"@id":"https:\/\/gaudiumetspes-blog.pl\/#\/schema\/person\/1661982992b752dea8dff0d4ed845a65"},"breadcrumb":{"@id":"https:\/\/gaudiumetspes-blog.pl\/index.php\/2013\/02\/14\/idzcie-oto-was-posyam-jak-owce-miedzy\/#breadcrumb"},"inLanguage":"pl-PL","potentialAction":[{"@type":"ReadAction","target":["https:\/\/gaudiumetspes-blog.pl\/index.php\/2013\/02\/14\/idzcie-oto-was-posyam-jak-owce-miedzy\/"]}]},{"@type":"ImageObject","inLanguage":"pl-PL","@id":"https:\/\/gaudiumetspes-blog.pl\/index.php\/2013\/02\/14\/idzcie-oto-was-posyam-jak-owce-miedzy\/#primaryimage","url":"https:\/\/gaudiumetspes-blog.pl\/wp-content\/uploads\/2013\/02\/561325462_e716dc0e85_o1.jpg","contentUrl":"https:\/\/gaudiumetspes-blog.pl\/wp-content\/uploads\/2013\/02\/561325462_e716dc0e85_o1.jpg","width":320,"height":186},{"@type":"BreadcrumbList","@id":"https:\/\/gaudiumetspes-blog.pl\/index.php\/2013\/02\/14\/idzcie-oto-was-posyam-jak-owce-miedzy\/#breadcrumb","itemListElement":[{"@type":"ListItem","position":1,"name":"Strona g\u0142\u00f3wna","item":"https:\/\/gaudiumetspes-blog.pl\/"},{"@type":"ListItem","position":2,"name":"Id\u017acie, oto was posy\u0142am jak owce mi\u0119dzy wilki."}]},{"@type":"WebSite","@id":"https:\/\/gaudiumetspes-blog.pl\/#website","url":"https:\/\/gaudiumetspes-blog.pl\/","name":"Gaudium Et Spes","description":"Blog Ks. Jacka Ja\u015bkowskiego","potentialAction":[{"@type":"SearchAction","target":{"@type":"EntryPoint","urlTemplate":"https:\/\/gaudiumetspes-blog.pl\/?s={search_term_string}"},"query-input":{"@type":"PropertyValueSpecification","valueRequired":true,"valueName":"search_term_string"}}],"inLanguage":"pl-PL"},{"@type":"Person","@id":"https:\/\/gaudiumetspes-blog.pl\/#\/schema\/person\/1661982992b752dea8dff0d4ed845a65","name":"Ks. Jacek","image":{"@type":"ImageObject","inLanguage":"pl-PL","@id":"https:\/\/gaudiumetspes-blog.pl\/#\/schema\/person\/image\/","url":"https:\/\/gaudiumetspes-blog.pl\/wp-content\/uploads\/2019\/07\/avatar-JJ-150x150.jpg","contentUrl":"https:\/\/gaudiumetspes-blog.pl\/wp-content\/uploads\/2019\/07\/avatar-JJ-150x150.jpg","caption":"Ks. Jacek"},"description":"Witam serdecznie! K\u0142ania si\u0119 Ks. Jacek Ja\u015bkowski. Nie jestem ani kim\u015b wa\u017cnym, ani kim\u015b znanym. Jestem ksi\u0119dzem, kt\u00f3ry po prostu chce rozmawia\u0107. Codzienna kap\u0142a\u0144ska pos\u0142uga pokazuje mi, \u017ce temat\u00f3w do rozm\u00f3w z ksi\u0119dzem jest coraz wi\u0119cej i dzisiaj \u017caden ksi\u0105dz nie mo\u017ce od nich ucieka\u0107, ale - wprost przeciwnie - podejmowa\u0107 nowe wyzwania. To przekonanie sk\u0142oni\u0142o mnie do pr\u00f3by otwarcia tego\u017c bloga, chocia\u017c okazji do rozm\u00f3w na co dzie\u0144 - w konfesjonale i poza nim - na szcz\u0119\u015bcie nie brakuje. My\u015bl\u0119 jednak, \u017ce ten blog b\u0119dzie jeszcze jednym sposobem i przestrzeni\u0105 nawi\u0105zania kontaktu z lud\u017ami dobrej woli, otwartymi na dialog.","url":"https:\/\/gaudiumetspes-blog.pl\/index.php\/author\/ks-jacek\/"}]}},"jetpack_featured_media_url":"","jetpack_sharing_enabled":true,"_links":{"self":[{"href":"https:\/\/gaudiumetspes-blog.pl\/index.php\/wp-json\/wp\/v2\/posts\/9214","targetHints":{"allow":["GET"]}}],"collection":[{"href":"https:\/\/gaudiumetspes-blog.pl\/index.php\/wp-json\/wp\/v2\/posts"}],"about":[{"href":"https:\/\/gaudiumetspes-blog.pl\/index.php\/wp-json\/wp\/v2\/types\/post"}],"author":[{"embeddable":true,"href":"https:\/\/gaudiumetspes-blog.pl\/index.php\/wp-json\/wp\/v2\/users\/1"}],"replies":[{"embeddable":true,"href":"https:\/\/gaudiumetspes-blog.pl\/index.php\/wp-json\/wp\/v2\/comments?post=9214"}],"version-history":[{"count":1,"href":"https:\/\/gaudiumetspes-blog.pl\/index.php\/wp-json\/wp\/v2\/posts\/9214\/revisions"}],"predecessor-version":[{"id":10942,"href":"https:\/\/gaudiumetspes-blog.pl\/index.php\/wp-json\/wp\/v2\/posts\/9214\/revisions\/10942"}],"wp:attachment":[{"href":"https:\/\/gaudiumetspes-blog.pl\/index.php\/wp-json\/wp\/v2\/media?parent=9214"}],"wp:term":[{"taxonomy":"category","embeddable":true,"href":"https:\/\/gaudiumetspes-blog.pl\/index.php\/wp-json\/wp\/v2\/categories?post=9214"},{"taxonomy":"post_tag","embeddable":true,"href":"https:\/\/gaudiumetspes-blog.pl\/index.php\/wp-json\/wp\/v2\/tags?post=9214"}],"curies":[{"name":"wp","href":"https:\/\/api.w.org\/{rel}","templated":true}]}}