{"id":9215,"date":"2013-02-13T09:00:00","date_gmt":"2013-02-13T08:00:00","guid":{"rendered":"https:\/\/gaudiumetspes-blog.pl\/index.php\/2013\/02\/13\/wyzwolic-sie-od-samego-siebie\/"},"modified":"2019-07-31T12:53:51","modified_gmt":"2019-07-31T10:53:51","slug":"wyzwolic-sie-od-samego-siebie","status":"publish","type":"post","link":"https:\/\/gaudiumetspes-blog.pl\/index.php\/2013\/02\/13\/wyzwolic-sie-od-samego-siebie\/","title":{"rendered":"Wyzwoli\u0107 si\u0119 &#8211; od samego siebie&#8230;"},"content":{"rendered":"<p><\/p>\n<div align=\"JUSTIFY\" style=\"margin-bottom: 0cm;\">\nSzcz\u0119\u015b\u0107 Bo\u017ce! Mamy Wielki Post&#8230; Na Syberii zacz\u0105\u0142 si\u0119 kilka godzin wcze\u015bniej. Zapraszam dzi\u015b na Msz\u0119 \u015awi\u0119t\u0105, a teraz &#8211; do refleksji nad Bo\u017cym S\u0142owem. A na pi\u0119kne i radosne prze\u017cywanie tego czasu przesy\u0142am kap\u0142a\u0144skie b\u0142ogos\u0142awie\u0144stwo:<b> Niech Was b\u0142ogos\u0142awi B\u00f3g Wszechmog\u0105cy: Ojciec + i Syn, i Duch \u015awi\u0119ty. Amen<\/b><\/div>\n<div align=\"JUSTIFY\" style=\"margin-bottom: 0cm;\">\n<b>&nbsp; &nbsp; &nbsp; &nbsp; &nbsp;<\/b>Gaudium et spes! &nbsp;Ks. Jacek<\/div>\n<div align=\"JUSTIFY\" style=\"margin-bottom: 0cm;\">\n<b><br \/><\/b><\/div>\n<div align=\"JUSTIFY\" style=\"margin-bottom: 0cm;\">\n<b>\u015aroda<br \/>\nPopielcowa,<\/b><\/div>\n<div align=\"JUSTIFY\" style=\"margin-bottom: 0cm;\">\n<b>do<br \/>\nczyta\u0144:  Jl 2,12\u201318;  2 Kor 5,20\u20136,3;  Mt 6,1\u20136.16\u201318<\/b><\/div>\n<div align=\"JUSTIFY\" style=\"margin-bottom: 0cm;\">\n\n<\/div>\n<div align=\"JUSTIFY\" style=\"margin-bottom: 0cm; page-break-before: auto;\">\n<b>CZYTANIE<br \/>\nZ KSI\u0118GI PROROKA JOELA:<\/b><\/div>\n<div align=\"JUSTIFY\" style=\"margin-bottom: 0cm; text-indent: 1.19cm;\">\n<b>Tak<br \/>\nm\u00f3wi Pan: Nawr\u00f3\u0107cie si\u0119 do Mnie ca\u0142ym swym sercem, przez post i<br \/>\np\u0142acz, i lament. Rozdzierajcie jednak wasze serca, a nie szaty!<br \/>\nNawr\u00f3\u0107cie si\u0119 do Pana, Boga waszego! On bowiem jest \u0142askawy,<br \/>\nmi\u0142osierny, nieskory do gniewu i wielki w \u0142askawo\u015bci, a lituje si\u0119<br \/>\nna widok niedoli. Kt\u00f3\u017c wie, czy si\u0119 nie zastanowi, czy si\u0119 nie<br \/>\nzlituje i pozostawi po sobie b\u0142ogos\u0142awie\u0144stwo plon\u00f3w na ofiar\u0119 z<br \/>\npokarm\u00f3w i ofiar\u0119 p\u0142ynn\u0105 dla Pana, Boga waszego. Dmijcie w r\u00f3g<br \/>\nna Syjonie, zarz\u0105d\u017acie \u015bwi\u0119ty post, og\u0142o\u015bcie zgromadzenie.<br \/>\nZbierzcie lud, zwo\u0142ajcie \u015bwi\u0119t\u0105 spo\u0142eczno\u015b\u0107, zgromad\u017acie<br \/>\nstarc\u00f3w, zbierzcie dzieci i ss\u0105cych piersi; niech wyjdzie<br \/>\noblubieniec ze swojej komnaty, a oblubienica ze swego pokoju.<\/b><\/div>\n<div align=\"JUSTIFY\" style=\"margin-bottom: 0cm; text-indent: 0.87cm;\">\n<b> Mi\u0119dzy<br \/>\nprzedsionkiem a o\u0142tarzem niechaj p\u0142acz\u0105 kap\u0142ani, s\u0142udzy Pana!<br \/>\nNiech m\u00f3wi\u0105: \u201ePrzepu\u015b\u0107, Panie, ludowi Twojemu i nie daj<br \/>\ndziedzictwa swego na poha\u0144bienie, aby poganie nie zapanowali nad<br \/>\nnami. Czemu\u017c m\u00f3wi\u0107 maj\u0105 mi\u0119dzy narodami: Gdzie\u017c jest ich B\u00f3g?\u201d<br \/>\nPan zapali\u0142 si\u0119 zazdrosn\u0105 mi\u0142o\u015bci\u0105 ku swojej ziemi, i zmi\u0142owa\u0142<br \/>\nsi\u0119 nad swoim ludem.<\/b><\/div>\n<div align=\"JUSTIFY\" style=\"margin-bottom: 0cm;\">\n\n<\/div>\n<div align=\"JUSTIFY\" style=\"margin-bottom: 0cm;\">\n<b>CZYTANIE<br \/>\nZ DRUGIEGO LISTU \u015aWI\u0118TEGO<br \/>\nPAW\u0141A APOSTO\u0141A DO KORYNTIAN: <\/b>\n<\/div>\n<div align=\"JUSTIFY\" style=\"margin-bottom: 0cm; text-indent: 1.22cm;\">\n<b>Bracia:<br \/>\nW imieniu Chrystusa spe\u0142niamy pos\u0142annictwo jakby Boga samego, kt\u00f3ry<br \/>\nprzez nas udziela napomnie\u0144. W imi\u0119 Chrystusa prosimy: pojednajcie<br \/>\nsi\u0119 z Bogiem. On to dla nas grzechem uczyni\u0142 Tego, kt\u00f3ry nie zna\u0142<br \/>\ngrzechu, aby\u015bmy si\u0119 stali w Nim sprawiedliwo\u015bci\u0105 Bo\u017c\u0105.<br \/>\nWsp\u00f3\u0142pracuj\u0105c za\u015b z Nim napominamy was, aby\u015bcie nie przyjmowali<br \/>\nna pr\u00f3\u017cno \u0142aski Bo\u017cej. M\u00f3wi bowiem Pismo: \u201eW czasie pomy\u015blnym<br \/>\nwys\u0142ucha\u0142em ciebie, w dniu zbawienia przyszed\u0142em ci z pomoc\u0105\u201d.<br \/>\nOto teraz czas upragniony, oto teraz dzie\u0144 zbawienia.<br \/>\n<\/b>\n<\/div>\n<div align=\"JUSTIFY\" style=\"margin-bottom: 0cm;\">\n\n<\/div>\n<div align=\"JUSTIFY\" style=\"margin-bottom: 0cm;\">\n<b>S\u0141OWA<br \/>\nEWANGELII WED\u0141UG \u015aWI\u0118TEGO<br \/>\nMATEUSZA:<\/b><\/div>\n<div align=\"JUSTIFY\" style=\"margin-bottom: 0cm; text-indent: 1.24cm;\">\n<b>Jezus<br \/>\npowiedzia\u0142 do swoich uczni\u00f3w: \u201eStrze\u017ccie si\u0119, \u017ceby\u015bcie<br \/>\nuczynk\u00f3w pobo\u017cnych nie wykonywali przed lud\u017ami po to, aby was<br \/>\nwidzieli; inaczej nie b\u0119dziecie mieli nagrody u Ojca waszego, kt\u00f3ry<br \/>\njest w niebie.<\/b><\/div>\n<div align=\"JUSTIFY\" style=\"margin-bottom: 0cm; text-indent: 0.87cm;\">\n<b> Kiedy<br \/>\nwi\u0119c dajesz ja\u0142mu\u017cn\u0119, nie tr\u0105b przed sob\u0105, jak ob\u0142udnicy<br \/>\nczyni\u0105 w synagogach i na ulicach, aby ich ludzie chwalili. Zaprawd\u0119<br \/>\npowiadam wam: ci otrzymali ju\u017c swoj\u0105 nagrod\u0119. Kiedy za\u015b ty dajesz<br \/>\nja\u0142mu\u017cn\u0119, niech nie wie lewa twoja r\u0119ka, co czyni prawa, aby<br \/>\ntwoja ja\u0142mu\u017cna pozosta\u0142a w ukryciu. A Ojciec tw\u00f3j, kt\u00f3ry widzi w<br \/>\nukryciu, odda tobie.<\/b><\/div>\n<div align=\"JUSTIFY\" style=\"margin-bottom: 0cm; text-indent: 0.87cm;\">\n<b> Gdy<br \/>\nsi\u0119 modlicie, nie b\u0105d\u017acie jak ob\u0142udnicy. Oni lubi\u0105 w synagogach<br \/>\ni na rogach ulic wystawa\u0107 i modli\u0107 si\u0119, \u017ceby si\u0119 ludziom<br \/>\npokaza\u0107. Zaprawd\u0119 powiadam wam: otrzymali ju\u017c swoj\u0105 nagrod\u0119. Ty<br \/>\nza\u015b gdy chcesz si\u0119 modli\u0107, wejd\u017a do swej izdebki, zamknij drzwi i<br \/>\nm\u00f3dl si\u0119 do Ojca twego, kt\u00f3ry jest w ukryciu. A Ojciec tw\u00f3j,<br \/>\nkt\u00f3ry widzi w ukryciu, odda tobie.<\/b><\/div>\n<div align=\"JUSTIFY\" style=\"margin-bottom: 0cm; text-indent: 0.87cm;\">\n<b> Kiedy<br \/>\npo\u015bcicie, nie b\u0105d\u017acie pos\u0119pni jak ob\u0142udnicy. Przybieraj\u0105 oni<br \/>\nwygl\u0105d ponury, aby pokaza\u0107 ludziom, \u017ce poszcz\u0105. Zaprawd\u0119<br \/>\npowiadam wam: ju\u017c odebrali swoj\u0105 nagrod\u0119. Ty za\u015b gdy po\u015bcisz,<br \/>\nnama\u015b\u0107 sobie g\u0142ow\u0119 i umyj twarz, aby nie ludziom pokaza\u0107, \u017ce<br \/>\npo\u015bcisz, ale Ojcu twemu, kt\u00f3ry jest w ukryciu. A Ojciec tw\u00f3j,<br \/>\nkt\u00f3ry widzi w ukryciu, odda tobie\u201d.<\/b><\/div>\n<div align=\"JUSTIFY\" style=\"margin-bottom: 0cm;\">\n\n<\/div>\n<div align=\"JUSTIFY\" style=\"margin-bottom: 0cm; page-break-before: auto; text-indent: 1.19cm;\">\nMy, Duszpasterze tej<br \/>\nParafii, kt\u00f3rzy \u2013 jak pisze dzi\u015b \u015awi\u0119ty Pawe\u0142 \u2013 <i><b>w<br \/>\nimieniu Chrystusa spe\u0142niamy pos\u0142annictwo jakby Boga samego, kt\u00f3ry<br \/>\nprzez nas udziela napomnie\u0144<\/b><\/i><b>;<\/b> w\u0142a\u015bnie my dzisiaj <i><b>w<br \/>\nimi\u0119 Chrystusa prosimy<\/b><\/i><b>: <\/b><i><b>pojednajcie si\u0119 z<br \/>\nBogiem<\/b><\/i><b>. <\/b>\n<\/div>\n<div align=\"JUSTIFY\" style=\"margin-bottom: 0cm; text-indent: 1.19cm;\">\nWezwanie<br \/>\nto najpierw kierujemy do siebie, dlatego ka\u017cdy z nas \u2013 na Mszy<br \/>\n\u015awi\u0119tej, kt\u00f3r\u0105 celebruje \u2013 <b>kl\u0119ka i pochyla g\u0142ow\u0119, prosz\u0105c<br \/>\no posypanie jej popio\u0142em<\/b>. A potem, z tym\u017ce po\u015bwi\u0119conym<br \/>\npopio\u0142em podchodzi do ka\u017cdego z Was, aby posypuj\u0105c Wasze g\u0142owy,<br \/>\npowiedzie\u0107: <b>Nawracajcie si\u0119 i wierzcie w Ewangeli\u0119.<\/b> Tak,<br \/>\nKochani, to si\u0119 dokonuje w\u0142a\u015bnie dzisiaj, w dniu, w kt\u00f3rym<br \/>\nAposto\u0142 Narod\u00f3w obwieszcza z ca\u0142\u0105 moc\u0105: <i><b>Oto teraz czas<br \/>\nupragniony, oto teraz dzie\u0144 zbawienia.<\/b><\/i>\n<\/div>\n<div align=\"JUSTIFY\" style=\"margin-bottom: 0cm; text-indent: 1.19cm;\">\nNadszed\u0142<br \/>\n\u00f3w czas szczeg\u00f3lny. Media w ostatnich dniach obwieszcza\u0142y ko\u0144c\u00f3wk\u0119<br \/>\nkarnawa\u0142u, zach\u0119caj\u0105c do intensywnych zabaw w\u0142a\u015bnie w owych<br \/>\ndniach \u2013 <b>tak, jakby od dzisiaj mia\u0142o si\u0119 co\u015b zmieni\u0107 w ich<br \/>\nprogramach.<\/b> Ju\u017c dzisiaj s\u0142ysza\u0142em o jutrzejszych tak zwanych<br \/>\n\u201ewalentynkach\u201d, <b>a wi\u0119c zabawa trwa w najlepsze.<\/b>\n<\/div>\n<div align=\"JUSTIFY\" style=\"margin-bottom: 0cm; text-indent: 1.19cm;\">\nI<br \/>\ntylko my, chrze\u015bcijanie, katolicy, przyjaciele Jezusa, <b>jeste\u015bmy<br \/>\ndzi\u015b zmuszani do tego, \u017ceby by\u0107 smutnymi,<\/b> ze spuszczonymi<br \/>\ng\u0142owami i \u017ceby si\u0119 pozbawia\u0107 tego wszystkiego, czego ludzie nie<br \/>\nb\u0119d\u0105cy katolikami maj\u0105 pod dostatkiem. <b>Czy\u017c nie tak wielu z<br \/>\nnas widzi ten dzisiejszy dzie\u0144 \u2013 i ca\u0142y Wielki Post?<\/b> Czy\u017c<br \/>\nnie postrzegamy go jako kolejnego, narzuconego przez ksi\u0119\u017cy<br \/>\nograniczenia?\n<\/div>\n<div align=\"JUSTIFY\" style=\"margin-bottom: 0cm; text-indent: 1.19cm;\">\nKochani,<br \/>\nje\u017celi wczytamy si\u0119 <b>uwa\u017cnie w Bo\u017ce S\u0142owo,<\/b> to przekonamy<br \/>\nsi\u0119, \u017ce tak nie jest. Chyba, \u017ce nie wierzymy Bo\u017cemu S\u0142owu. Ale<br \/>\nje\u017celi wierzymy, to nawet te zacytowane przed chwil\u0105 stwierdzenie<br \/>\nAposto\u0142a ju\u017c powinno nam du\u017co powiedzie\u0107: <i><b>Oto<br \/>\nteraz czas upragniony, oto teraz dzie\u0144 zbawienia.<\/b><\/i><b><br \/>\n<\/b>Czas upragniony, czas zbawienia \u2013 a wi\u0119c czas <b>radosny,<br \/>\nwspania\u0142y, czas oczekiwany!<\/b>\n<\/div>\n<div align=\"JUSTIFY\" style=\"margin-bottom: 0cm; text-indent: 1.19cm;\">\nA<br \/>\nProrok Joel \u2013 zauwa\u017cmy: ju\u017c w czasach Starego Testamentu \u2013<br \/>\nrozprawia si\u0119 jeszcze mocniej z takim standardowym, pobie\u017cnym<br \/>\nrozumieniem pokuty i czasu pokuty, gdy pisze: <i><b>Nawr\u00f3\u0107cie<br \/>\nsi\u0119 do Mnie ca\u0142ym swym sercem, przez post i p\u0142acz, i lament.<br \/>\nRozdzierajcie jednak wasze serca, a nie szaty! Nawr\u00f3\u0107cie si\u0119 do<br \/>\nPana, Boga waszego<\/b><\/i><b>!<br \/>\n<\/b><i><b>On<br \/>\nbowiem jest \u0142askawy, mi\u0142osierny, nieskory do gniewu i wielki w<br \/>\n\u0142askawo\u015bci, a lituje si\u0119 na widok niedoli. Kt\u00f3\u017c wie, czy si\u0119<br \/>\nnie zastanowi, czy si\u0119 nie zlituje i pozostawi po sobie<br \/>\nb\u0142ogos\u0142awie\u0144stwo plon\u00f3w<\/b><\/i><b>&#8230;<\/b><\/p>\n<\/div>\n<div align=\"JUSTIFY\" style=\"margin-bottom: 0cm; text-indent: 1.19cm;\">\nZ<br \/>\nkolei, Jezus w Ewangelii wyja\u015bnia, <b>na czym ma polega\u0107 owo<br \/>\nrozdzieranie serc zamiast szat.<\/b> Na czym? Najkr\u00f3cej streszczaj\u0105c<br \/>\nJezusowe pouczenie, to owo rozdzieranie serc, a wi\u0119c \u2013 m\u00f3wi\u0105c<br \/>\ndzisiejszym j\u0119zykiem Ko\u015bcio\u0142a: <b>pokuta<\/b> \u2013 ma polega\u0107 <b>NA<br \/>\nZMIANIE MY\u015aLENIA! <\/b>Na zerwaniu ze schematami swego my\u015blenia! I<br \/>\nna nawi\u0105zaniu <b>intymnej, bardzo bezpo\u015bredniej, osobistej relacji<br \/>\nz Bogiem!<\/b><\/div>\n<div align=\"JUSTIFY\" style=\"margin-bottom: 0cm; text-indent: 1.19cm;\">\nGdyby<br \/>\nbowiem wszystko, co w tych dniach b\u0119dziemy czyni\u0107, mia\u0142o by\u0107<br \/>\ntylko tradycj\u0105 i zwyczajem, to pomijaj\u0105c ju\u017c, \u017ce nie b\u0119dzie to<br \/>\nmia\u0142o \u017cadnego sensu, to jeszcze Jezus m\u00f3wi: <i><b>Strze\u017ccie<br \/>\nsi\u0119, \u017ceby\u015bcie uczynk\u00f3w pobo\u017cnych nie wykonywali przed lud\u017ami po<br \/>\nto, aby was widzieli; inaczej nie b\u0119dziecie mieli nagrody u Ojca<br \/>\nwaszego, kt\u00f3ry jest w niebie<\/b><\/i><b>.<\/b><br \/>\nA wi\u0119c \u2013 pozbawiliby\u015bmy si\u0119 jakiego\u015b wielkiego dobra, kt\u00f3re<br \/>\nPan chce nam da\u0107 w\u0142a\u015bnie na tej drodze!\n<\/div>\n<div align=\"JUSTIFY\" style=\"margin-bottom: 0cm; text-indent: 1.19cm;\">\nKochani,<br \/>\n<b>dajmy si\u0119 dzi\u015b przekona\u0107 Jezusowi,<\/b> m\u00f3wi\u0105cemu z tego<br \/>\nmiejsca przez Duszpasterzy Parafii, ale te\u017c przez konkretne znaki w<br \/>\nliturgii \u2013 dajmy si\u0119 przekona\u0107, \u017ce <b>ten Wielki Post to<br \/>\nnaprawd\u0119 wielka duchowa korzy\u015b\u0107!<\/b> Dajmy si\u0119 przekona\u0107, \u017ce<br \/>\nprze\u017cywanie Gorzkich \u017bali czy Drogi Krzy\u017cowej, \u017ce dok\u0142adne i<br \/>\n<b>pe\u0142ne<\/b> prze\u017cycie Rekolekcji wielkopostnych, \u017ce <b>dobrze<br \/>\nprzygotowana i prze\u017cyta wielkopostna Spowied\u017a,<\/b> ale nade<br \/>\nwszystko: realizacja dobrze przemy\u015blanych i podj\u0119tych<br \/>\nwielkopostnych postanowie\u0144 \u2013 \u017ce to wszystko <b>ma sens i jest dla<br \/>\nnas wielkim dobrem!<\/b> Tak, wielkim dobrem! Wielkim darem od Boga!\n<\/div>\n<div align=\"JUSTIFY\" style=\"margin-bottom: 0cm; text-indent: 1.19cm;\">\nA<br \/>\ntym darem jest cho\u0107by to, \u017ce\u015bmy do\u017cyli tego czasu i \u017ce Pan da\u0142<br \/>\nnam raz jeszcze t\u0119 szans\u0119 \u2013 <b>szans\u0119 wyzwolenia! <\/b>Zapytasz<br \/>\nmo\u017ce zdziwiony: <b>wyzwolenia? Tak, wyzwolenia! <\/b>W\u0142a\u015bnie owo<br \/>\nwielkopostne wyciszenie, skupienie, cz\u0119stsza modlitwa, rezygnacja z<br \/>\njakich\u015b przyjemno\u015bci, realizacja postanowienia \u2013 to nie<br \/>\nzniewolenie, to nie ograniczanie wolno\u015bci, <b>ale w\u0142a\u015bnie<br \/>\nwyzwolenie: <\/b>wyzwolenie od tej \u2013 przepraszam za kolokwializm \u2013<br \/>\n\u201esieczki\u201d, kt\u00f3r\u0105 serwuj\u0105 codziennie media; <b>od tego<br \/>\nniesamowitego wrzasku, <\/b>jaki bombarduje nas z g\u0142o\u015bnik\u00f3w i<br \/>\ns\u0142uchawek ci\u0105gle noszonych na uszach; ale te\u017c od tych <b>uparcie<br \/>\npowielanych, coraz bardziej niezno\u015bnych schemat\u00f3w w\u0142asnego<br \/>\npost\u0119powania i ciasnego my\u015blenia<\/b> \u2013 my\u015blenia nastawionego na<br \/>\nto, \u017ce ja mam zawsze racj\u0119 i moje musi by\u0107 na wierzchu! A to jest<br \/>\nniezno\u015bne ju\u017c nie tylko dla otoczenia, ale \u2013 jakby si\u0119 tak<br \/>\nzastanowi\u0107 \u2013 tak\u017ce i dla nas samych&#8230;<\/div>\n<div align=\"JUSTIFY\" style=\"margin-bottom: 0cm; text-indent: 1.19cm;\">\nDlatego,<br \/>\nDroga Siostro, Drogi Bracie, spr\u00f3buj, odwa\u017c si\u0119 w tym \u015bwi\u0119tym<br \/>\nczasie \u2013 <b>wyzwoli\u0107 si\u0119 chocia\u017c troch\u0119&#8230; OD SAMEGO SIEBIE!<\/b><br \/>\nZobaczysz, jaka to niesamowita wolno\u015b\u0107&#8230;<\/div>\n","protected":false},"excerpt":{"rendered":"<p>Szcz\u0119\u015b\u0107 Bo\u017ce! Mamy Wielki Post&#8230; Na Syberii zacz\u0105\u0142 si\u0119 kilka godzin wcze\u015bniej. Zapraszam dzi\u015b na Msz\u0119 \u015awi\u0119t\u0105, a teraz &#8211; do refleksji nad Bo\u017cym S\u0142owem. A na pi\u0119kne i radosne prze\u017cywanie tego czasu przesy\u0142am kap\u0142a\u0144skie b\u0142ogos\u0142awie\u0144stwo: Niech Was b\u0142ogos\u0142awi B\u00f3g Wszechmog\u0105cy: Ojciec + i Syn, i Duch \u015awi\u0119ty. Amen &nbsp; &nbsp; &nbsp; &nbsp; &nbsp;Gaudium et [&hellip;]<\/p>\n","protected":false},"author":1,"featured_media":0,"comment_status":"open","ping_status":"open","sticky":false,"template":"","format":"standard","meta":{"jetpack_post_was_ever_published":false,"_jetpack_newsletter_access":"","_jetpack_dont_email_post_to_subs":false,"_jetpack_newsletter_tier_id":0,"_jetpack_memberships_contains_paywalled_content":false,"_jetpack_memberships_contains_paid_content":false,"footnotes":""},"categories":[1],"tags":[],"class_list":["post-9215","post","type-post","status-publish","format-standard","hentry","category-bez-kategorii"],"yoast_head":"<!-- This site is optimized with the Yoast SEO plugin v25.1 - https:\/\/yoast.com\/wordpress\/plugins\/seo\/ -->\n<title>Wyzwoli\u0107 si\u0119 - od samego siebie... - Gaudium Et Spes<\/title>\n<meta name=\"robots\" content=\"index, follow, max-snippet:-1, max-image-preview:large, max-video-preview:-1\" \/>\n<link rel=\"canonical\" href=\"https:\/\/gaudiumetspes-blog.pl\/index.php\/2013\/02\/13\/wyzwolic-sie-od-samego-siebie\/\" \/>\n<meta property=\"og:locale\" content=\"pl_PL\" \/>\n<meta property=\"og:type\" content=\"article\" \/>\n<meta property=\"og:title\" content=\"Wyzwoli\u0107 si\u0119 - od samego siebie... - Gaudium Et Spes\" \/>\n<meta property=\"og:description\" content=\"Szcz\u0119\u015b\u0107 Bo\u017ce! Mamy Wielki Post&#8230; Na Syberii zacz\u0105\u0142 si\u0119 kilka godzin wcze\u015bniej. Zapraszam dzi\u015b na Msz\u0119 \u015awi\u0119t\u0105, a teraz &#8211; do refleksji nad Bo\u017cym S\u0142owem. A na pi\u0119kne i radosne prze\u017cywanie tego czasu przesy\u0142am kap\u0142a\u0144skie b\u0142ogos\u0142awie\u0144stwo: Niech Was b\u0142ogos\u0142awi B\u00f3g Wszechmog\u0105cy: Ojciec + i Syn, i Duch \u015awi\u0119ty. Amen &nbsp; &nbsp; &nbsp; &nbsp; &nbsp;Gaudium et [&hellip;]\" \/>\n<meta property=\"og:url\" content=\"https:\/\/gaudiumetspes-blog.pl\/index.php\/2013\/02\/13\/wyzwolic-sie-od-samego-siebie\/\" \/>\n<meta property=\"og:site_name\" content=\"Gaudium Et Spes\" \/>\n<meta property=\"article:published_time\" content=\"2013-02-13T08:00:00+00:00\" \/>\n<meta property=\"article:modified_time\" content=\"2019-07-31T10:53:51+00:00\" \/>\n<meta name=\"author\" content=\"Ks. Jacek\" \/>\n<meta name=\"twitter:card\" content=\"summary_large_image\" \/>\n<meta name=\"twitter:label1\" content=\"Napisane przez\" \/>\n\t<meta name=\"twitter:data1\" content=\"Ks. Jacek\" \/>\n\t<meta name=\"twitter:label2\" content=\"Szacowany czas czytania\" \/>\n\t<meta name=\"twitter:data2\" content=\"7 minut\" \/>\n<script type=\"application\/ld+json\" class=\"yoast-schema-graph\">{\"@context\":\"https:\/\/schema.org\",\"@graph\":[{\"@type\":\"WebPage\",\"@id\":\"https:\/\/gaudiumetspes-blog.pl\/index.php\/2013\/02\/13\/wyzwolic-sie-od-samego-siebie\/\",\"url\":\"https:\/\/gaudiumetspes-blog.pl\/index.php\/2013\/02\/13\/wyzwolic-sie-od-samego-siebie\/\",\"name\":\"Wyzwoli\u0107 si\u0119 - od samego siebie... - Gaudium Et Spes\",\"isPartOf\":{\"@id\":\"https:\/\/gaudiumetspes-blog.pl\/#website\"},\"datePublished\":\"2013-02-13T08:00:00+00:00\",\"dateModified\":\"2019-07-31T10:53:51+00:00\",\"author\":{\"@id\":\"https:\/\/gaudiumetspes-blog.pl\/#\/schema\/person\/1661982992b752dea8dff0d4ed845a65\"},\"breadcrumb\":{\"@id\":\"https:\/\/gaudiumetspes-blog.pl\/index.php\/2013\/02\/13\/wyzwolic-sie-od-samego-siebie\/#breadcrumb\"},\"inLanguage\":\"pl-PL\",\"potentialAction\":[{\"@type\":\"ReadAction\",\"target\":[\"https:\/\/gaudiumetspes-blog.pl\/index.php\/2013\/02\/13\/wyzwolic-sie-od-samego-siebie\/\"]}]},{\"@type\":\"BreadcrumbList\",\"@id\":\"https:\/\/gaudiumetspes-blog.pl\/index.php\/2013\/02\/13\/wyzwolic-sie-od-samego-siebie\/#breadcrumb\",\"itemListElement\":[{\"@type\":\"ListItem\",\"position\":1,\"name\":\"Strona g\u0142\u00f3wna\",\"item\":\"https:\/\/gaudiumetspes-blog.pl\/\"},{\"@type\":\"ListItem\",\"position\":2,\"name\":\"Wyzwoli\u0107 si\u0119 &#8211; od&nbsp;samego siebie&#8230;\"}]},{\"@type\":\"WebSite\",\"@id\":\"https:\/\/gaudiumetspes-blog.pl\/#website\",\"url\":\"https:\/\/gaudiumetspes-blog.pl\/\",\"name\":\"Gaudium Et Spes\",\"description\":\"Blog Ks. Jacka Ja\u015bkowskiego\",\"potentialAction\":[{\"@type\":\"SearchAction\",\"target\":{\"@type\":\"EntryPoint\",\"urlTemplate\":\"https:\/\/gaudiumetspes-blog.pl\/?s={search_term_string}\"},\"query-input\":{\"@type\":\"PropertyValueSpecification\",\"valueRequired\":true,\"valueName\":\"search_term_string\"}}],\"inLanguage\":\"pl-PL\"},{\"@type\":\"Person\",\"@id\":\"https:\/\/gaudiumetspes-blog.pl\/#\/schema\/person\/1661982992b752dea8dff0d4ed845a65\",\"name\":\"Ks. Jacek\",\"image\":{\"@type\":\"ImageObject\",\"inLanguage\":\"pl-PL\",\"@id\":\"https:\/\/gaudiumetspes-blog.pl\/#\/schema\/person\/image\/\",\"url\":\"https:\/\/gaudiumetspes-blog.pl\/wp-content\/uploads\/2019\/07\/avatar-JJ-150x150.jpg\",\"contentUrl\":\"https:\/\/gaudiumetspes-blog.pl\/wp-content\/uploads\/2019\/07\/avatar-JJ-150x150.jpg\",\"caption\":\"Ks. Jacek\"},\"description\":\"Witam serdecznie! K\u0142ania si\u0119 Ks. Jacek Ja\u015bkowski. Nie jestem ani kim\u015b wa\u017cnym, ani kim\u015b znanym. Jestem ksi\u0119dzem, kt\u00f3ry po prostu chce rozmawia\u0107. Codzienna kap\u0142a\u0144ska pos\u0142uga pokazuje mi, \u017ce temat\u00f3w do rozm\u00f3w z ksi\u0119dzem jest coraz wi\u0119cej i dzisiaj \u017caden ksi\u0105dz nie mo\u017ce od nich ucieka\u0107, ale - wprost przeciwnie - podejmowa\u0107 nowe wyzwania. To przekonanie sk\u0142oni\u0142o mnie do pr\u00f3by otwarcia tego\u017c bloga, chocia\u017c okazji do rozm\u00f3w na co dzie\u0144 - w konfesjonale i poza nim - na szcz\u0119\u015bcie nie brakuje. My\u015bl\u0119 jednak, \u017ce ten blog b\u0119dzie jeszcze jednym sposobem i przestrzeni\u0105 nawi\u0105zania kontaktu z lud\u017ami dobrej woli, otwartymi na dialog.\",\"url\":\"https:\/\/gaudiumetspes-blog.pl\/index.php\/author\/ks-jacek\/\"}]}<\/script>\n<!-- \/ Yoast SEO plugin. -->","yoast_head_json":{"title":"Wyzwoli\u0107 si\u0119 - od samego siebie... - Gaudium Et Spes","robots":{"index":"index","follow":"follow","max-snippet":"max-snippet:-1","max-image-preview":"max-image-preview:large","max-video-preview":"max-video-preview:-1"},"canonical":"https:\/\/gaudiumetspes-blog.pl\/index.php\/2013\/02\/13\/wyzwolic-sie-od-samego-siebie\/","og_locale":"pl_PL","og_type":"article","og_title":"Wyzwoli\u0107 si\u0119 - od samego siebie... - Gaudium Et Spes","og_description":"Szcz\u0119\u015b\u0107 Bo\u017ce! Mamy Wielki Post&#8230; Na Syberii zacz\u0105\u0142 si\u0119 kilka godzin wcze\u015bniej. Zapraszam dzi\u015b na Msz\u0119 \u015awi\u0119t\u0105, a teraz &#8211; do refleksji nad Bo\u017cym S\u0142owem. A na pi\u0119kne i radosne prze\u017cywanie tego czasu przesy\u0142am kap\u0142a\u0144skie b\u0142ogos\u0142awie\u0144stwo: Niech Was b\u0142ogos\u0142awi B\u00f3g Wszechmog\u0105cy: Ojciec + i Syn, i Duch \u015awi\u0119ty. Amen &nbsp; &nbsp; &nbsp; &nbsp; &nbsp;Gaudium et [&hellip;]","og_url":"https:\/\/gaudiumetspes-blog.pl\/index.php\/2013\/02\/13\/wyzwolic-sie-od-samego-siebie\/","og_site_name":"Gaudium Et Spes","article_published_time":"2013-02-13T08:00:00+00:00","article_modified_time":"2019-07-31T10:53:51+00:00","author":"Ks. Jacek","twitter_card":"summary_large_image","twitter_misc":{"Napisane przez":"Ks. Jacek","Szacowany czas czytania":"7 minut"},"schema":{"@context":"https:\/\/schema.org","@graph":[{"@type":"WebPage","@id":"https:\/\/gaudiumetspes-blog.pl\/index.php\/2013\/02\/13\/wyzwolic-sie-od-samego-siebie\/","url":"https:\/\/gaudiumetspes-blog.pl\/index.php\/2013\/02\/13\/wyzwolic-sie-od-samego-siebie\/","name":"Wyzwoli\u0107 si\u0119 - od samego siebie... - Gaudium Et Spes","isPartOf":{"@id":"https:\/\/gaudiumetspes-blog.pl\/#website"},"datePublished":"2013-02-13T08:00:00+00:00","dateModified":"2019-07-31T10:53:51+00:00","author":{"@id":"https:\/\/gaudiumetspes-blog.pl\/#\/schema\/person\/1661982992b752dea8dff0d4ed845a65"},"breadcrumb":{"@id":"https:\/\/gaudiumetspes-blog.pl\/index.php\/2013\/02\/13\/wyzwolic-sie-od-samego-siebie\/#breadcrumb"},"inLanguage":"pl-PL","potentialAction":[{"@type":"ReadAction","target":["https:\/\/gaudiumetspes-blog.pl\/index.php\/2013\/02\/13\/wyzwolic-sie-od-samego-siebie\/"]}]},{"@type":"BreadcrumbList","@id":"https:\/\/gaudiumetspes-blog.pl\/index.php\/2013\/02\/13\/wyzwolic-sie-od-samego-siebie\/#breadcrumb","itemListElement":[{"@type":"ListItem","position":1,"name":"Strona g\u0142\u00f3wna","item":"https:\/\/gaudiumetspes-blog.pl\/"},{"@type":"ListItem","position":2,"name":"Wyzwoli\u0107 si\u0119 &#8211; od&nbsp;samego siebie&#8230;"}]},{"@type":"WebSite","@id":"https:\/\/gaudiumetspes-blog.pl\/#website","url":"https:\/\/gaudiumetspes-blog.pl\/","name":"Gaudium Et Spes","description":"Blog Ks. Jacka Ja\u015bkowskiego","potentialAction":[{"@type":"SearchAction","target":{"@type":"EntryPoint","urlTemplate":"https:\/\/gaudiumetspes-blog.pl\/?s={search_term_string}"},"query-input":{"@type":"PropertyValueSpecification","valueRequired":true,"valueName":"search_term_string"}}],"inLanguage":"pl-PL"},{"@type":"Person","@id":"https:\/\/gaudiumetspes-blog.pl\/#\/schema\/person\/1661982992b752dea8dff0d4ed845a65","name":"Ks. Jacek","image":{"@type":"ImageObject","inLanguage":"pl-PL","@id":"https:\/\/gaudiumetspes-blog.pl\/#\/schema\/person\/image\/","url":"https:\/\/gaudiumetspes-blog.pl\/wp-content\/uploads\/2019\/07\/avatar-JJ-150x150.jpg","contentUrl":"https:\/\/gaudiumetspes-blog.pl\/wp-content\/uploads\/2019\/07\/avatar-JJ-150x150.jpg","caption":"Ks. Jacek"},"description":"Witam serdecznie! K\u0142ania si\u0119 Ks. Jacek Ja\u015bkowski. Nie jestem ani kim\u015b wa\u017cnym, ani kim\u015b znanym. Jestem ksi\u0119dzem, kt\u00f3ry po prostu chce rozmawia\u0107. Codzienna kap\u0142a\u0144ska pos\u0142uga pokazuje mi, \u017ce temat\u00f3w do rozm\u00f3w z ksi\u0119dzem jest coraz wi\u0119cej i dzisiaj \u017caden ksi\u0105dz nie mo\u017ce od nich ucieka\u0107, ale - wprost przeciwnie - podejmowa\u0107 nowe wyzwania. To przekonanie sk\u0142oni\u0142o mnie do pr\u00f3by otwarcia tego\u017c bloga, chocia\u017c okazji do rozm\u00f3w na co dzie\u0144 - w konfesjonale i poza nim - na szcz\u0119\u015bcie nie brakuje. My\u015bl\u0119 jednak, \u017ce ten blog b\u0119dzie jeszcze jednym sposobem i przestrzeni\u0105 nawi\u0105zania kontaktu z lud\u017ami dobrej woli, otwartymi na dialog.","url":"https:\/\/gaudiumetspes-blog.pl\/index.php\/author\/ks-jacek\/"}]}},"jetpack_featured_media_url":"","jetpack_sharing_enabled":true,"_links":{"self":[{"href":"https:\/\/gaudiumetspes-blog.pl\/index.php\/wp-json\/wp\/v2\/posts\/9215","targetHints":{"allow":["GET"]}}],"collection":[{"href":"https:\/\/gaudiumetspes-blog.pl\/index.php\/wp-json\/wp\/v2\/posts"}],"about":[{"href":"https:\/\/gaudiumetspes-blog.pl\/index.php\/wp-json\/wp\/v2\/types\/post"}],"author":[{"embeddable":true,"href":"https:\/\/gaudiumetspes-blog.pl\/index.php\/wp-json\/wp\/v2\/users\/1"}],"replies":[{"embeddable":true,"href":"https:\/\/gaudiumetspes-blog.pl\/index.php\/wp-json\/wp\/v2\/comments?post=9215"}],"version-history":[{"count":1,"href":"https:\/\/gaudiumetspes-blog.pl\/index.php\/wp-json\/wp\/v2\/posts\/9215\/revisions"}],"predecessor-version":[{"id":10939,"href":"https:\/\/gaudiumetspes-blog.pl\/index.php\/wp-json\/wp\/v2\/posts\/9215\/revisions\/10939"}],"wp:attachment":[{"href":"https:\/\/gaudiumetspes-blog.pl\/index.php\/wp-json\/wp\/v2\/media?parent=9215"}],"wp:term":[{"taxonomy":"category","embeddable":true,"href":"https:\/\/gaudiumetspes-blog.pl\/index.php\/wp-json\/wp\/v2\/categories?post=9215"},{"taxonomy":"post_tag","embeddable":true,"href":"https:\/\/gaudiumetspes-blog.pl\/index.php\/wp-json\/wp\/v2\/tags?post=9215"}],"curies":[{"name":"wp","href":"https:\/\/api.w.org\/{rel}","templated":true}]}}