{"id":9217,"date":"2013-02-11T08:15:00","date_gmt":"2013-02-11T07:15:00","guid":{"rendered":"https:\/\/gaudiumetspes-blog.pl\/index.php\/2013\/02\/11\/uzdrowienie-chorych-modl-sie-za-nami\/"},"modified":"2019-07-31T12:53:51","modified_gmt":"2019-07-31T10:53:51","slug":"uzdrowienie-chorych-modl-sie-za-nami","status":"publish","type":"post","link":"https:\/\/gaudiumetspes-blog.pl\/index.php\/2013\/02\/11\/uzdrowienie-chorych-modl-sie-za-nami\/","title":{"rendered":"Nasi Chorzy &#8211; to wielki skarb!"},"content":{"rendered":"<p><\/p>\n<div align=\"JUSTIFY\" style=\"margin-bottom: 0cm;\">\nSzcz\u0119\u015b\u0107 Bo\u017ce! Moi Drodzy, wspomnienie Matki Bo\u017cej z Lourdes jest w Ko\u015bciele wspomnieniem nieobowi\u0105zkowym, ale trudno dzisiaj nie skorzysta\u0107 z tej mo\u017cliwo\u015bci i nie uda\u0107 si\u0119 w duchow\u0105 pielgrzymk\u0119 do Lourdes, zabieraj\u0105c tam ze sob\u0105 w modlitwie naszych Chorych&#8230;<\/div>\n<div align=\"JUSTIFY\" style=\"margin-bottom: 0cm;\">\n&nbsp; &nbsp; Im wszystkim dzisiaj przekazujemy najserdeczniejsze wyrazy duchowej wi\u0119zi, mi\u0142o\u015bci i wdzi\u0119czno\u015bci, a niejednokrotnie te\u017c podziwu dla ich bohaterskiej wr\u0119cz wytrwa\u0142o\u015bci w d\u017awiganiu Krzy\u017ca. Wi\u0119cej &#8211; w rozwa\u017caniu&#8230; M\u00f3dlmy si\u0119 dzi\u015b bardzo gorliwie za naszych Chorych!<\/div>\n<div align=\"JUSTIFY\" style=\"margin-bottom: 0cm;\">\n&nbsp; &nbsp; &nbsp; &nbsp; &nbsp; &nbsp; &nbsp;Gaudium et spes! &nbsp;Ks. Jacek<\/div>\n<div align=\"JUSTIFY\" style=\"margin-bottom: 0cm;\">\n<b><br \/><\/b><\/div>\n<div align=\"JUSTIFY\" style=\"margin-bottom: 0cm;\">\n<b>Wspomnienie<br \/>\nNaj\u015bwi\u0119tszej Maryi Panny z Lourdes,<\/b><\/div>\n<div align=\"JUSTIFY\" style=\"margin-bottom: 0cm;\">\n<b>do<br \/>\nczyta\u0144:  Rdz 1,1\u201319;  Mk 6,53\u201356<\/b><\/div>\n<div align=\"JUSTIFY\" style=\"margin-bottom: 0cm;\">\n<\/div>\n<div align=\"JUSTIFY\" style=\"margin-bottom: 0cm; page-break-before: auto;\">\n<b>CZYTANIE<br \/>\nZ KSI\u0118GI RODZAJU: <\/b>\n<\/div>\n<div align=\"JUSTIFY\" style=\"margin-bottom: 0cm; text-indent: 1.22cm;\">\n<b>Na<br \/>\npocz\u0105tku B\u00f3g stworzy\u0142 niebo i ziemi\u0119. Ziemia za\u015b by\u0142a bez\u0142adem<br \/>\ni pustkowiem: ciemno\u015b\u0107 by\u0142a nad powierzchni\u0105 bezmiaru w\u00f3d, a<br \/>\nDuch Bo\u017cy unosi\u0142 si\u0119 nad wodami.<\/b><\/div>\n<div align=\"JUSTIFY\" style=\"margin-bottom: 0cm; text-indent: 0.87cm;\">\n<b> Wtedy<br \/>\nB\u00f3g rzek\u0142: \u201eNiechaj si\u0119 stanie \u015bwiat\u0142o\u015b\u0107\u201d. I sta\u0142a si\u0119<br \/>\n\u015bwiat\u0142o\u015b\u0107. B\u00f3g widz\u0105c, \u017ce \u015bwiat\u0142o\u015b\u0107 jest dobra, oddzieli\u0142<br \/>\nj\u0105 od ciemno\u015bci. I nazwa\u0142 B\u00f3g \u015bwiat\u0142o\u015b\u0107 dniem, a ciemno\u015b\u0107<br \/>\nnazwa\u0142 noc\u0105. I tak up\u0142yn\u0105\u0142 wiecz\u00f3r i poranek, dzie\u0144 pierwszy.<\/b><\/div>\n<div align=\"JUSTIFY\" style=\"margin-bottom: 0cm; text-indent: 0.87cm;\">\n<b> A<br \/>\npotem B\u00f3g rzek\u0142: \u201eNiechaj powstanie sklepienie w \u015brodku w\u00f3d i<br \/>\nniechaj ono oddzieli jedne wody od drugich\u201d. Uczyniwszy to<br \/>\nsklepienie, B\u00f3g oddzieli\u0142 wody pod sklepieniem od w\u00f3d ponad<br \/>\nsklepieniem; a gdy tak si\u0119 sta\u0142o, B\u00f3g nazwa\u0142 to sklepienie<br \/>\nniebem. I tak up\u0142yn\u0105\u0142 wiecz\u00f3r, a po nim poranek, dzie\u0144 drugi.<\/b><\/div>\n<div align=\"JUSTIFY\" style=\"margin-bottom: 0cm; text-indent: 0.87cm;\">\n<b> A<br \/>\npotem B\u00f3g rzek\u0142: \u201eNiechaj zbior\u0105 si\u0119 wody spod nieba w jedno<br \/>\nmiejsce i niech si\u0119 uka\u017ce powierzchnia sucha\u201d. A gdy tak si\u0119<br \/>\nsta\u0142o, B\u00f3g nazwa\u0142 t\u0119 such\u0105 powierzchni\u0119 ziemi\u0105, a zbiorowisko<br \/>\nw\u00f3d nazwa\u0142 morzem.<\/b><\/div>\n<div align=\"JUSTIFY\" style=\"margin-bottom: 0cm; text-indent: 0.87cm;\">\n<b> B\u00f3g<br \/>\nwidz\u0105c, \u017ce by\u0142y dobre, rzek\u0142: \u201eNiechaj ziemia wyda ro\u015bliny<br \/>\nzielone: trawy daj\u0105ce nasiona, drzewa owocowe rodz\u0105ce na ziemi<br \/>\nwed\u0142ug swego gatunku owoce, w kt\u00f3rych s\u0105 nasiona\u201d. I sta\u0142o si\u0119<br \/>\ntak. Ziemia wyda\u0142a ro\u015bliny zielone: traw\u0119 daj\u0105c\u0105 nasienie wed\u0142ug<br \/>\nswego gatunku i drzewa rodz\u0105ce owoce, w kt\u00f3rych by\u0142o nasienie<br \/>\nwed\u0142ug ich gatunk\u00f3w. A B\u00f3g widzia\u0142, \u017ce by\u0142y dobre. I tak<br \/>\nup\u0142yn\u0105\u0142 wiecz\u00f3r i poranek, dzie\u0144 trzeci.<\/b><\/div>\n<div align=\"JUSTIFY\" style=\"margin-bottom: 0cm; text-indent: 0.87cm;\">\n<b> A<br \/>\npotem B\u00f3g rzek\u0142: \u201eNiechaj powstan\u0105 cia\u0142a niebieskie, \u015bwiec\u0105ce<br \/>\nna sklepieniu nieba, aby oddziela\u0142y dzie\u0144 od nocy, aby wyznacza\u0142y<br \/>\npory roku, dni i lata, aby by\u0142y cia\u0142ami ja\u015bniej\u0105cymi na<br \/>\nsklepieniu nieba i aby \u015bwieci\u0142y nad ziemi\u0105\u201d. I sta\u0142o si\u0119 tak.<br \/>\nB\u00f3g uczyni\u0142 dwa du\u017ce cia\u0142a ja\u015bniej\u0105ce: wi\u0119ksze, aby rz\u0105dzi\u0142o<br \/>\ndniem, i mniejsze, aby rz\u0105dzi\u0142o noc\u0105, oraz gwiazdy. I umie\u015bci\u0142<br \/>\nje B\u00f3g na sklepieniu nieba, aby \u015bwieci\u0142y nad ziemi\u0105; aby rz\u0105dzi\u0142y<br \/>\ndniem i noc\u0105 i oddziela\u0142y \u015bwiat\u0142o\u015b\u0107 od ciemno\u015bci. A widzia\u0142<br \/>\nB\u00f3g, \u017ce by\u0142y dobre. I tak up\u0142yn\u0105\u0142 wiecz\u00f3r i poranek, dzie\u0144<br \/>\nczwarty.<\/b><\/div>\n<div align=\"JUSTIFY\" style=\"margin-bottom: 0cm;\">\n<\/div>\n<div align=\"JUSTIFY\" style=\"margin-bottom: 0cm;\">\n<b>S\u0141OWA<br \/>\nEWANGELII WED\u0141UG \u015aWI\u0118TEGO MARKA: <\/b>\n<\/div>\n<div align=\"JUSTIFY\" style=\"margin-bottom: 0cm; text-indent: 1.22cm;\">\n<b>Gdy<br \/>\nJezus i uczniowie Jego si\u0119 przeprawili, przyp\u0142yn\u0119li do ziemi<br \/>\nGenezaret i przybili do brzegu.<\/b><\/div>\n<div align=\"JUSTIFY\" style=\"margin-bottom: 0cm; text-indent: 0.87cm;\">\n<b> Skoro<br \/>\nwysiedli z \u0142odzi, zaraz Go poznano. Ludzie biegali po ca\u0142ej owej<br \/>\nokolicy i zacz\u0119li znosi\u0107 na noszach chorych tam, gdzie, jak<br \/>\ns\u0142yszeli, przebywa. I gdziekolwiek wchodzi\u0142 do wsi, do miast czy do<br \/>\nosad, k\u0142adli chorych na otwartych miejscach i prosili Go, \u017ceby cho\u0107<br \/>\nfr\u0119dzli u Jego p\u0142aszcza mogli si\u0119 dotkn\u0105\u0107. A wszyscy, kt\u00f3rzy<br \/>\nsi\u0119 Go dotkn\u0119li, odzyskiwali zdrowie.<\/b><\/div>\n<div align=\"JUSTIFY\" style=\"margin-bottom: 0cm;\">\n<\/div>\n<div align=\"JUSTIFY\" style=\"margin-bottom: 0cm; page-break-before: auto; text-indent: 1.25cm;\">\n<b>W<br \/>\n1858 roku, w cztery lata po og\u0142oszeniu przez Piusa IX dogmatu o<br \/>\nNiepokalanym Pocz\u0119ciu,<\/b> Matka Bo\u017ca zjawi\u0142a si\u0119 ubogiej<br \/>\npasterce, \u015awi\u0119tej Bernadecie Soubirous, w Grocie Massabielskiej w<br \/>\nLourdes. W ten spos\u00f3b \u2013 je\u015bli tak mo\u017cna powiedzie\u0107 \u2013 <b>Niebo<br \/>\npotwierdzi\u0142o prawd\u0119, kt\u00f3r\u0105 Ko\u015bci\u00f3\u0142 odkry\u0142 i og\u0142osi\u0142 pod<br \/>\nnatchnieniem Ducha \u015awi\u0119tego.<\/b> Podczas osiemnastu zjawie\u0144,<br \/>\ndokonuj\u0105cych si\u0119 w okresie <b>od 11 lutego do 16 lipca 1858 roku,<\/b><br \/>\nMaryja wzywa\u0142a do modlitwy i pokuty.\n<\/div>\n<div align=\"JUSTIFY\" style=\"margin-bottom: 0cm; text-indent: 1.25cm;\">\n11<br \/>\nlutego, Bernadetta Soubirous wraz z siostr\u0105 i przyjaci\u00f3\u0142k\u0105 uda\u0142a<br \/>\nsi\u0119 w pobli\u017ce Starej Ska\u0142y \u2013 Massabielle \u2013 na poszukiwanie<br \/>\nsuchych ga\u0142\u0119zi, aby rozpali\u0107 ogie\u0144 w domu. Gdy zosta\u0142a sama,<br \/>\n<b>us\u0142ysza\u0142a dziwny d\u017awi\u0119k, podobny do szumu wiatru i zobaczy\u0142a<br \/>\n\u015bwiat\u0142o\u015b\u0107, z kt\u00f3rej wy\u0142oni\u0142a si\u0119 posta\u0107 \u201ePi\u0119knej Pani\u201d<br \/>\nz r\u00f3\u017ca\u0144cem w r\u0119ku.<\/b> Odt\u0105d objawienia powtarza\u0142y si\u0119.\n<\/div>\n<div align=\"JUSTIFY\" style=\"margin-bottom: 0cm; text-indent: 1.25cm;\">\nBernadetta<br \/>\nopowiedzia\u0142a o tym wydarzeniu kole\u017cankom, te rozpowiedzia\u0142y o tym<br \/>\ns\u0105siadom. Rodzice skrzyczeli Bernadett\u0119, \u017ce rozpowiada plotki i<br \/>\nzakazali jej chodzi\u0107 do groty, w kt\u00f3rej mia\u0142a jej si\u0119 ukaza\u0107<br \/>\nMatka Bo\u017ca. <b>Cofn\u0119li jednak zakaz, gdy zobaczyli, \u017ce dziecko<br \/>\nga\u015bnie im dos\u0142ownie w oczach z powodu jakiej\u015b wewn\u0119trznej udr\u0119ki.<\/b><\/p>\n<\/div>\n<div align=\"JUSTIFY\" style=\"margin-bottom: 0cm; text-indent: 1.25cm;\">\nDnia<br \/>\n14 lutego dziewcz\u0119ta uda\u0142y si\u0119 najpierw do ko\u015bcio\u0142a i wzi\u0119\u0142y<br \/>\nze sob\u0105 wod\u0119 \u015bwi\u0119con\u0105. Gdy przyby\u0142y do groty, by\u0142o ju\u017c po<br \/>\npo\u0142udniu. Kiedy w czasie odmawiania R\u00f3\u017ca\u0144ca ponownie ukaza\u0142a si\u0119<br \/>\nMatka Bo\u017ca, Bernadetta \u2013 id\u0105c za porad\u0105 towarzyszek \u2013<br \/>\n<b>pokropi\u0142a J\u0105<\/b> i wypowiedzia\u0142a s\u0142owa: \u201eJe\u015bli przychodzisz<br \/>\nod Boga, zbli\u017c si\u0119! Je\u015bli od szatana, id\u017a precz!\u201d. Pani,<br \/>\nu\u015bmiechaj\u0105c si\u0119, zbli\u017cy\u0142a si\u0119 a\u017c do wylotu groty \u2013 <b>i<br \/>\nodmawia\u0142a R\u00f3\u017caniec.<\/b>\n<\/div>\n<div align=\"JUSTIFY\" style=\"margin-bottom: 0cm; text-indent: 1.25cm;\">\n18<br \/>\nlutego Bernadetta uda\u0142a si\u0119 w pobli\u017ce groty z dwiema znajomymi<br \/>\nrodziny Soubirous. Te przekonane, <b>\u017ce mo\u017ce to jest jaka<\/b><b>\u015b<\/b><b><br \/>\ndusza czy\u015b\u0107cowa, <\/b>poradzi\u0142y Bernadecie, aby poprosi\u0142a Zjaw\u0119 o<br \/>\nnapisanie \u017cyczenia na kartce papieru, kt\u00f3r\u0105 ze sob\u0105 przynios\u0142y.<br \/>\nPani odpowiedzia\u0142a: <b>\u201ePisanie tego, co ci chc\u0119 powiedzie\u0107,<br \/>\njest niepotrzebne\u201d<\/b>. Matka Bo\u017ca poleci\u0142a dziewczynce, aby<br \/>\nprzychodzi\u0142a przez kolejnych pi\u0119tna\u015bcie dni.\n<\/div>\n<div align=\"JUSTIFY\" style=\"margin-bottom: 0cm; text-indent: 1.25cm;\">\nWiadomo\u015b\u0107<br \/>\nrozesz\u0142a si\u0119 lotem b\u0142yskawicy po ca\u0142ym miasteczku. 21 lutego, w<br \/>\nniedziel\u0119, zjawi\u0142o si\u0119 przy grocie ska\u0142 massabielskich kilka<br \/>\ntysi\u0119cy ludzi. <b>Pe\u0142na smutku Matka Bo\u017ca zach\u0119ca\u0142a Bernadett\u0119,<br \/>\naby modli\u0142a si\u0119 za grzesznik\u00f3w.<\/b> Tego\u017c dnia, gdy Bernadetta<br \/>\nwychodzi\u0142a po po\u0142udniu z ko\u015bcio\u0142a z Nieszpor\u00f3w, zosta\u0142a<br \/>\n<b>zatrzymana przez komendanta miejscowej policji i poddana \u015bledztwu.<\/b><br \/>\nKiedy dnia nast\u0119pnego uda\u0142a si\u0119 do szko\u0142y, ucz\u0105ce j\u0105 siostry<br \/>\nzacz\u0119\u0142y j\u0105 karci\u0107, \u017ce <b>wprowadzi\u0142a tyle zamieszania swoimi<br \/>\nprzywidzeniami.<\/b>\n<\/div>\n<div align=\"JUSTIFY\" style=\"margin-bottom: 0cm; text-indent: 1.25cm;\">\n23<br \/>\nlutego Matka Bo\u017ca ukaza\u0142a si\u0119 Bernadecie ponownie i poleci\u0142a jej,<br \/>\naby uda\u0142a si\u0119 do miejscowego proboszcza <b>z pro\u015bb\u0105, by w miejscu<br \/>\nobjawie\u0144 wystawiono ku Jej czci kaplic\u0119.<\/b> Roztropny proboszcz, a<br \/>\nr\u00f3wnocze\u015bnie tak\u017ce dziekan, po pilnym przeegzaminowaniu<br \/>\nczternastoletniej dziewczynki, rzek\u0142 do niej: <b>\u201eM\u00f3wi\u0142a\u015b mi,<br \/>\n\u017ce u st\u00f3p tej Pani w miejscu, gdzie zwyk\u0142a stawa\u0107, jest krzak<br \/>\ndzikiej r\u00f3\u017cy. Popro\u015b J\u0105, aby kaza\u0142a tej ga\u0142\u0119zi rozkwitn\u0105\u0107\u201d<\/b>.<br \/>\nPrzy najbli\u017cszym zjawieniu si\u0119 Matki Bo\u017cej Bernadetta powt\u00f3rzy\u0142a<br \/>\ns\u0142owa proboszcza. Pani odpowiedzia\u0142a u\u015bmiechem, a potem ze<br \/>\nsmutkiem wypowiedzia\u0142a s\u0142owa: <b>\u201ePokuty\u2026 pokuty\u2026 pokuty\u2026\u201d.<\/b><\/div>\n<div align=\"JUSTIFY\" style=\"margin-bottom: 0cm; text-indent: 1.25cm;\">\n25<br \/>\nlutego, w czasie ekstazy, Bernadetta s\u0142yszy polecenie: <b>\u201eA teraz<br \/>\nid\u017a do \u017ar\u00f3d\u0142a, napij si\u0119 z niego i obmyj si\u0119 w nim\u201d.<\/b><br \/>\nDziewczynka skierowa\u0142a swoje kroki do pobliskiej rzeki, ale<br \/>\nus\u0142ysza\u0142a g\u0142os: \u201eNie w t\u0119 stron\u0119! Nie m\u00f3wi\u0142am ci przecie\u017c,<br \/>\naby\u015b pi\u0142a wod\u0119 z rzeki, <b>ale ze \u017ar\u00f3d\u0142a. Ono jest tu\u201d.<\/b><br \/>\nBernadetta na kolanach pod\u0105\u017cy\u0142a ku wskazanemu w pobli\u017cu groty<br \/>\nmiejscu. Gdy zacz\u0119\u0142a grzeba\u0107, pokaza\u0142a si\u0119 woda. <b>Na oczach<br \/>\nt\u0142umu \u015bledz\u0105cego wszystko uwa\u017cnie ukaza\u0142o si\u0119 \u017ar\u00f3d\u0142o,<br \/>\nkt\u00f3rego dot\u0105d nie by\u0142o. Woda bi\u0142a z niego coraz obficiej i<br \/>\nszerokim strumieniem p\u0142yn\u0119\u0142a do rzeki.<\/b>\n<\/div>\n<div align=\"JUSTIFY\" style=\"margin-bottom: 0cm; text-indent: 1.25cm;\">\nOkaza\u0142o<br \/>\nsi\u0119 rych\u0142o, \u017ce woda ta <b>ma moc lecznicz\u0105.<\/b> Nast\u0119pnego<br \/>\nbowiem dnia pos\u0142a\u0142 do \u017ar\u00f3d\u0142a po wod\u0119 swoj\u0105 c\u00f3rk\u0119 miejscowy<br \/>\nkamieniarz, rze\u017abiarz nagrobk\u00f3w. Straci\u0142 prawe oko przy<br \/>\nrozsadzaniu dynamitem blok\u00f3w kamiennych. Tak\u017ce na lewe oko widzia\u0142<br \/>\ncoraz s\u0142abiej. <b>Po gor\u0105cej modlitwie pocz\u0105\u0142 przemywa\u0107 sobie<br \/>\now\u0105 wod\u0105 oczy i natychmiast odzyska\u0142 wzrok.<\/b> Cud ten<br \/>\nzapocz\u0105tkowa\u0142 ca\u0142y szereg innych znak\u00f3w i cud\u00f3w.\n<\/div>\n<div align=\"JUSTIFY\" style=\"margin-bottom: 0cm; text-indent: 1.25cm;\">\n27<br \/>\nlutego Matka Bo\u017ca <b>ponowi\u0142a \u017cyczenie, aby na tym miejscu<br \/>\npowsta\u0142a kaplica. <\/b>1 marca 1858 roku poleci\u0142a Bernadecie, aby<br \/>\nmodli\u0142a si\u0119 nadal na r\u00f3\u017ca\u0144cu. 2 marca z kolei, Matka Bo\u017ca<br \/>\npoprosi\u0142a, <b>aby do groty urz\u0105dzano procesje.<\/b> Zawiadomiony o<br \/>\ntym proboszcz odpowiedzia\u0142, \u017ce b\u0119dzie to m\u00f3g\u0142 uczyni\u0107 <b>dopiero<br \/>\nza pozwoleniem swojego biskupa.<\/b>\n<\/div>\n<div align=\"JUSTIFY\" style=\"margin-bottom: 0cm; text-indent: 1.25cm;\">\nTymczasem,<br \/>\n4 marca, na oczach oko\u0142o dwudziestu tysi\u0119cy ludzi <b>zosta\u0142<br \/>\ncudownie uleczony przy \u017ar\u00f3dle miejscowy restaurator.<\/b> Mia\u0142 on<br \/>\nna wierzchu d\u0142oni wielk\u0105 naro\u015bl. Lekarze orzekli, \u017ce jest to<br \/>\nz\u0142o\u015bliwy rak i trzeba r\u0119k\u0119 amputowa\u0107. <b>Kiedy modli\u0142 si\u0119<br \/>\ngor\u0105co i poleca\u0142 wstawiennictwu Bernadetty, zanurzy\u0142 r\u0119k\u0119 i<br \/>\nwyci\u0105gn\u0105\u0142 j\u0105 zupe\u0142nie zdrow\u0105, bez ropiej\u0105cej naro\u015bli.<\/b> A<br \/>\npoprzedniego dnia, pewna matka dozna\u0142a \u0142aski nag\u0142ego uzdrowienia<br \/>\nswojego dziecka, zanurzaj\u0105c je ca\u0142e w zimnej wodzie \u017ar\u00f3d\u0142a \u2013 <b>i<br \/>\nto w sytuacji, w kt\u00f3rej lekarze orzekli, \u017ce dni dziecka s\u0105 ju\u017c<br \/>\npoliczone.<\/b>\n<\/div>\n<div align=\"JUSTIFY\" style=\"margin-bottom: 0cm; text-indent: 1.25cm;\">\nWtedy<br \/>\nte\u017c nast\u0105pi\u0142a d\u0142u\u017csza przerwa w objawieniach. Dopiero <b>25<br \/>\nmarca, w uroczysto\u015b\u0107 Zwiastowania, Bernadetta ponownie zobaczy\u0142a<br \/>\nMatk\u0119 Bo\u017c\u0105.<\/b> Kiedy J\u0105 zapyta\u0142a o imi\u0119, otrzyma\u0142a odpowied\u017a:<br \/>\n<b>\u201eJam jest Niepokalane Pocz\u0119cie\u201d.<\/b> By\u0142y to bardzo wa\u017cne<br \/>\ns\u0142owa, poniewa\u017c mija\u0142y zaledwie cztery lata od og\u0142oszenia przez<br \/>\nPapie\u017ca Piusa IX dogmatu o Niepokalanym Pocz\u0119ciu Maryi, a przecie\u017c<br \/>\nw\u00f3wczas \u015brodki komunikacji spo\u0142ecznej nie by\u0142y tak rozwini\u0119te<br \/>\njak dzisiaj, dlatego <b>informacje nie rozchodzi\u0142y si\u0119 po \u015bwiecie<br \/>\nzbyt szybko i nie dociera\u0142y tak sprawnie, jak obecnie, do<br \/>\n\u015bwiadomo\u015bci ludzi<\/b> \u2013 szczeg\u00f3lnie <b>tak prostych, jak<br \/>\nBernadetta.<\/b> Dlatego ten dzie\u0144 mo\u017cna okre\u015bli\u0107 jako <b>swoisty<br \/>\nprze\u0142om<\/b> w uwiarygodnianiu informacji o objawianiu si\u0119 Matki<br \/>\nBo\u017cej.\n<\/div>\n<div align=\"JUSTIFY\" style=\"margin-bottom: 0cm; text-indent: 1.25cm;\">\nPo<br \/>\nkolejnej d\u0142u\u017cszej przerwie, 7 kwietnia, w \u015brod\u0119 po Wielkanocy,<br \/>\nponownie Matka Bo\u017ca objawi\u0142a si\u0119 Bernadecie. Po rozej\u015bciu si\u0119<br \/>\nt\u0142um\u00f3w policja pod pozorem bezpiecze\u0144stwa publicznego i<br \/>\nkonieczno\u015bci przeprowadzenia bada\u0144 wody, <b>zamkn\u0119\u0142a dost\u0119p do<br \/>\n\u017ar\u00f3d\u0142a i groty.<\/b> Zabrano tak\u017ce do komisariatu liczne ju\u017c<br \/>\nz\u0142o\u017cone wota. Jednak Bernadetta ucz\u0119szcza\u0142a tam nadal i kl\u0119kaj\u0105c<br \/>\nopodal, modli\u0142a si\u0119.\n<\/div>\n<div align=\"JUSTIFY\" style=\"margin-bottom: 0cm; text-indent: 1.25cm;\">\n16<br \/>\nlipca, w uroczysto\u015b\u0107 Matki Bo\u017cej Szkaplerznej, Matka Bo\u017ca<br \/>\npojawi\u0142a si\u0119 po raz ostatni. 18 stycznia 1862 roku, komisja<br \/>\npowo\u0142ana przez miejscowego biskupa \u2013 po wielu badaniach \u2013<br \/>\nog\u0142osi\u0142a dekret, \u017ce <b>\u201emo\u017cna da\u0107 wiar\u0119\u201d zjawiskom, jakie<br \/>\nsi\u0119 przydarzy\u0142y w Lourdes.<\/b> W roku 1875 arcybiskup Pary\u017ca<br \/>\npo\u015bwi\u0119ci\u0142 uroczy\u015bcie \u015bwi\u0105tyni\u0119, wybudowan\u0105 na miejscu<br \/>\nobjawie\u0144. W uroczysto\u015bci tej wzi\u0119\u0142o udzia\u0142 trzydziestu pi\u0119ciu<br \/>\narcybiskup\u00f3w i biskup\u00f3w, trzy tysi\u0105ce kap\u0142an\u00f3w i sto tysi\u0119cy<br \/>\nwiernych. W roku 1891, Leon XIII ustanowi\u0142 \u015bwi\u0119to Objawienia si\u0119<br \/>\nMatki Bo\u017cej w Lourdes, kt\u00f3re <b>\u015awi\u0119ty Pius X w 1907 roku<br \/>\nrozci\u0105gn\u0105\u0142 na ca\u0142y Ko\u015bci\u00f3\u0142.<\/b> W roku 1933 Bernadetta<br \/>\nSoubirous zosta\u0142a kanonizowana.<\/div>\n<div align=\"JUSTIFY\" style=\"margin-bottom: 0cm; text-indent: 1.25cm;\">\nKiedy<br \/>\ns\u0142uchamy w dzisiejszej Ewangelii opisu uzdrawiania chorych przez<br \/>\nJezusa, to od razu <b>nasuwa nam si\u0119 skojarzenie<br \/>\nw\u0142a\u015bnie z Lourdes,<\/b> gdzie tysi\u0105ce chorych z<br \/>\nca\u0142ego \u015bwiata dzie\u0144 w dzie\u0144 przybywa, aby si\u0119 modli\u0107 i aby<br \/>\n<b>otrzymywa\u0107 \u0142ask\u0119 uzdrowienia:<\/b><br \/>\nnade wszystko duchowego, ale te\u017c fizycznego \u2013 je\u015bli tylko taka<br \/>\nwola Bo\u017ca.\n<\/div>\n<div align=\"JUSTIFY\" style=\"margin-bottom: 0cm; text-indent: 1.25cm;\">\nI<br \/>\ntak, jak s\u0142yszymy w Ewangelii, \u017ce <b>Jezus<br \/>\nchodzi\u0142 pomi\u0119dzy chorymi,<\/b> a oni<br \/>\nprzynajmniej fr\u0119dzli p\u0142aszcza starali si\u0119 dotkn\u0105\u0107, tak i dzisiaj<br \/>\n<b>ten sam Jezus, w Naj\u015bwi\u0119tszym Sakramencie,<br \/>\nchodzi pomi\u0119dzy chorymi i im b\u0142ogos\u0142awi.<\/b> I<br \/>\nprzywraca w sercach i umys\u0142ach ludzi ow\u0105 wspania\u0142\u0105 harmoni\u0119,<br \/>\nkt\u00f3r\u0105 sam uczyni\u0142 w momencie stworzenia \u015bwiata<br \/>\ni cz\u0142owieka \u2013 o czym tak jasno m\u00f3wi nam<br \/>\ndzisiejsze pierwsze czytanie.\n<\/div>\n<div align=\"JUSTIFY\" style=\"margin-bottom: 0cm; text-indent: 1.25cm;\">\nNiech<br \/>\nMaryja, zatroskana Matka z Lourdes, wyprasza nam wszystkim <b>\u0142ask\u0119<br \/>\nuzdrowienia z naszych chor\u00f3b \u2013 przede wszystkim duchowych, ale i<br \/>\ntych niedomaga\u0144 fizycznych.<\/b> Niech przywraca<br \/>\nnam duchow\u0105 r\u00f3wnowag\u0119, ale<br \/>\nte\u017c si\u0142y do codziennego<br \/>\n\u017cycia. Niech  wspiera tych,<br \/>\nkt\u00f3rym Pan <b>da\u0142 szczeg\u00f3lny<\/b><br \/>\n<b>udzia\u0142 w swoim Krzy\u017cu,<\/b><br \/>\na wi\u0119c Chorych przebywaj\u0105cych w<br \/>\nszpitalach, czy we w\u0142asnych<br \/>\ndomach \u2013 przykutych do \u0142\u00f3\u017cek lub w\u00f3zk\u00f3w&#8230;<br \/>\nTych Chorych, kt\u00f3rych Duszpasterze w<b><br \/>\nka\u017cdy pierwszy pi\u0105tek odwiedza<\/b><b>j\u0105<\/b><b>,<\/b><br \/>\njak i tych, kt\u00f3rzy jeszcze<br \/>\n<b>nie dojrzeli do takiej decyzji,<\/b><br \/>\naby zaprasza\u0107 do siebie Kap\u0142ana<br \/>\nz Sakramentami&#8230;\n<\/div>\n<div align=\"JUSTIFY\" style=\"margin-bottom: 0cm; text-indent: 1.25cm;\">\nDla<br \/>\nwszystkich Chorych i Cierpi\u0105cych <b>prosimy o<br \/>\nsi\u0142\u0119, wytrwa\u0142o\u015b\u0107 i poczucie najg\u0142\u0119bszego sensu <\/b><b>tego<br \/>\nwszystkiego, co prze\u017cywaj\u0105<\/b>&#8230; A je\u015bli taka<br \/>\nwola Bo\u017ca \u2013 <b>o \u0142ask\u0119 pe\u0142nego uzdrowienia.<\/b><br \/>\nJe\u015bli za\u015b inna wola Bo\u017ca \u2013 to <b>o dobre<br \/>\nprzygotowanie na spotkanie z Panem.<\/b>\n<\/div>\n<div align=\"JUSTIFY\" style=\"margin-bottom: 0cm; text-indent: 1.25cm;\">\nDla<br \/>\nwszystkich w og\u00f3le, kt\u00f3rych<br \/>\njakiekolwiek cierpienie dotyka, oraz dla tych, kt\u00f3rzy si\u0119 nimi<br \/>\nka\u017cdego dnia tak wspaniale opiekuj\u0105 i na krok ich nie opuszczaj\u0105 \u2013<br \/>\n<b>pro\u015bmy o nadziej\u0119&#8230; O wielk\u0105 i mocn\u0105<br \/>\nnadziej\u0119! <\/b><b>A tak\u017ce \u2013 o t\u0119 wspania\u0142\u0105,<br \/>\ncho\u0107 bardzo trudn\u0105 umiej\u0119tno\u015b\u0107 ofiarowania swego cierpienia i<br \/>\nswego trudu Bogu w r\u00f3\u017cnych intencjach&#8230;<\/b><\/div>\n<div align=\"JUSTIFY\" style=\"margin-bottom: 0cm; text-indent: 1.25cm;\">\nI<br \/>\ndzi\u0119kujmy Bogu za nich, bo s\u0105 oni dla nas wielkim duchowym skarbem.<br \/>\nOfiarowane przez nich cierpienie <b>jest<br \/>\nwielkim darem dla naszej Parafii, naszej Ojczyzny, dla ca\u0142ego<br \/>\nKo\u015bcio\u0142a.<\/b><br \/>\nDarem, kt\u00f3ry docenimy chyba dopiero w wieczno\u015bci.\n<\/div>\n<div align=\"JUSTIFY\" style=\"margin-bottom: 0cm; text-indent: 1.25cm;\">\nNiech<br \/>\nich zatem Chrystus cierpi\u0105cy, ale te\u017c zwyci\u0119\u017caj\u0105cy cierpienie i<br \/>\n\u015bmier\u0107, <b>podtrzymuje w rado\u015bci i<br \/>\nnadziei, <\/b>a<br \/>\nMatka Bo\u017ca z Lourdes otacza <b>p\u0142aszczem<br \/>\nmatczynej opieki<\/b>&#8230;<\/div>\n","protected":false},"excerpt":{"rendered":"<p>Szcz\u0119\u015b\u0107 Bo\u017ce! Moi Drodzy, wspomnienie Matki Bo\u017cej z Lourdes jest w Ko\u015bciele wspomnieniem nieobowi\u0105zkowym, ale trudno dzisiaj nie skorzysta\u0107 z tej mo\u017cliwo\u015bci i nie uda\u0107 si\u0119 w duchow\u0105 pielgrzymk\u0119 do Lourdes, zabieraj\u0105c tam ze sob\u0105 w modlitwie naszych Chorych&#8230; &nbsp; &nbsp; Im wszystkim dzisiaj przekazujemy najserdeczniejsze wyrazy duchowej wi\u0119zi, mi\u0142o\u015bci i wdzi\u0119czno\u015bci, a niejednokrotnie te\u017c [&hellip;]<\/p>\n","protected":false},"author":1,"featured_media":0,"comment_status":"open","ping_status":"open","sticky":false,"template":"","format":"standard","meta":{"jetpack_post_was_ever_published":false,"_jetpack_newsletter_access":"","_jetpack_dont_email_post_to_subs":false,"_jetpack_newsletter_tier_id":0,"_jetpack_memberships_contains_paywalled_content":false,"_jetpack_memberships_contains_paid_content":false,"footnotes":""},"categories":[1],"tags":[],"class_list":["post-9217","post","type-post","status-publish","format-standard","hentry","category-bez-kategorii"],"yoast_head":"<!-- This site is optimized with the Yoast SEO plugin v25.1 - https:\/\/yoast.com\/wordpress\/plugins\/seo\/ -->\n<title>Nasi Chorzy - to wielki skarb! - Gaudium Et Spes<\/title>\n<meta name=\"robots\" content=\"index, follow, max-snippet:-1, max-image-preview:large, max-video-preview:-1\" \/>\n<link rel=\"canonical\" href=\"https:\/\/gaudiumetspes-blog.pl\/index.php\/2013\/02\/11\/uzdrowienie-chorych-modl-sie-za-nami\/\" \/>\n<meta property=\"og:locale\" content=\"pl_PL\" \/>\n<meta property=\"og:type\" content=\"article\" \/>\n<meta property=\"og:title\" content=\"Nasi Chorzy - to wielki skarb! - Gaudium Et Spes\" \/>\n<meta property=\"og:description\" content=\"Szcz\u0119\u015b\u0107 Bo\u017ce! Moi Drodzy, wspomnienie Matki Bo\u017cej z Lourdes jest w Ko\u015bciele wspomnieniem nieobowi\u0105zkowym, ale trudno dzisiaj nie skorzysta\u0107 z tej mo\u017cliwo\u015bci i nie uda\u0107 si\u0119 w duchow\u0105 pielgrzymk\u0119 do Lourdes, zabieraj\u0105c tam ze sob\u0105 w modlitwie naszych Chorych&#8230; &nbsp; &nbsp; Im wszystkim dzisiaj przekazujemy najserdeczniejsze wyrazy duchowej wi\u0119zi, mi\u0142o\u015bci i wdzi\u0119czno\u015bci, a niejednokrotnie te\u017c [&hellip;]\" \/>\n<meta property=\"og:url\" content=\"https:\/\/gaudiumetspes-blog.pl\/index.php\/2013\/02\/11\/uzdrowienie-chorych-modl-sie-za-nami\/\" \/>\n<meta property=\"og:site_name\" content=\"Gaudium Et Spes\" \/>\n<meta property=\"article:published_time\" content=\"2013-02-11T07:15:00+00:00\" \/>\n<meta property=\"article:modified_time\" content=\"2019-07-31T10:53:51+00:00\" \/>\n<meta name=\"author\" content=\"Ks. Jacek\" \/>\n<meta name=\"twitter:card\" content=\"summary_large_image\" \/>\n<meta name=\"twitter:label1\" content=\"Napisane przez\" \/>\n\t<meta name=\"twitter:data1\" content=\"Ks. Jacek\" \/>\n\t<meta name=\"twitter:label2\" content=\"Szacowany czas czytania\" \/>\n\t<meta name=\"twitter:data2\" content=\"11 minut\" \/>\n<script type=\"application\/ld+json\" class=\"yoast-schema-graph\">{\"@context\":\"https:\/\/schema.org\",\"@graph\":[{\"@type\":\"WebPage\",\"@id\":\"https:\/\/gaudiumetspes-blog.pl\/index.php\/2013\/02\/11\/uzdrowienie-chorych-modl-sie-za-nami\/\",\"url\":\"https:\/\/gaudiumetspes-blog.pl\/index.php\/2013\/02\/11\/uzdrowienie-chorych-modl-sie-za-nami\/\",\"name\":\"Nasi Chorzy - to wielki skarb! - Gaudium Et Spes\",\"isPartOf\":{\"@id\":\"https:\/\/gaudiumetspes-blog.pl\/#website\"},\"datePublished\":\"2013-02-11T07:15:00+00:00\",\"dateModified\":\"2019-07-31T10:53:51+00:00\",\"author\":{\"@id\":\"https:\/\/gaudiumetspes-blog.pl\/#\/schema\/person\/1661982992b752dea8dff0d4ed845a65\"},\"breadcrumb\":{\"@id\":\"https:\/\/gaudiumetspes-blog.pl\/index.php\/2013\/02\/11\/uzdrowienie-chorych-modl-sie-za-nami\/#breadcrumb\"},\"inLanguage\":\"pl-PL\",\"potentialAction\":[{\"@type\":\"ReadAction\",\"target\":[\"https:\/\/gaudiumetspes-blog.pl\/index.php\/2013\/02\/11\/uzdrowienie-chorych-modl-sie-za-nami\/\"]}]},{\"@type\":\"BreadcrumbList\",\"@id\":\"https:\/\/gaudiumetspes-blog.pl\/index.php\/2013\/02\/11\/uzdrowienie-chorych-modl-sie-za-nami\/#breadcrumb\",\"itemListElement\":[{\"@type\":\"ListItem\",\"position\":1,\"name\":\"Strona g\u0142\u00f3wna\",\"item\":\"https:\/\/gaudiumetspes-blog.pl\/\"},{\"@type\":\"ListItem\",\"position\":2,\"name\":\"Nasi Chorzy &#8211; to&nbsp;wielki skarb!\"}]},{\"@type\":\"WebSite\",\"@id\":\"https:\/\/gaudiumetspes-blog.pl\/#website\",\"url\":\"https:\/\/gaudiumetspes-blog.pl\/\",\"name\":\"Gaudium Et Spes\",\"description\":\"Blog Ks. Jacka Ja\u015bkowskiego\",\"potentialAction\":[{\"@type\":\"SearchAction\",\"target\":{\"@type\":\"EntryPoint\",\"urlTemplate\":\"https:\/\/gaudiumetspes-blog.pl\/?s={search_term_string}\"},\"query-input\":{\"@type\":\"PropertyValueSpecification\",\"valueRequired\":true,\"valueName\":\"search_term_string\"}}],\"inLanguage\":\"pl-PL\"},{\"@type\":\"Person\",\"@id\":\"https:\/\/gaudiumetspes-blog.pl\/#\/schema\/person\/1661982992b752dea8dff0d4ed845a65\",\"name\":\"Ks. Jacek\",\"image\":{\"@type\":\"ImageObject\",\"inLanguage\":\"pl-PL\",\"@id\":\"https:\/\/gaudiumetspes-blog.pl\/#\/schema\/person\/image\/\",\"url\":\"https:\/\/gaudiumetspes-blog.pl\/wp-content\/uploads\/2019\/07\/avatar-JJ-150x150.jpg\",\"contentUrl\":\"https:\/\/gaudiumetspes-blog.pl\/wp-content\/uploads\/2019\/07\/avatar-JJ-150x150.jpg\",\"caption\":\"Ks. Jacek\"},\"description\":\"Witam serdecznie! K\u0142ania si\u0119 Ks. Jacek Ja\u015bkowski. Nie jestem ani kim\u015b wa\u017cnym, ani kim\u015b znanym. Jestem ksi\u0119dzem, kt\u00f3ry po prostu chce rozmawia\u0107. Codzienna kap\u0142a\u0144ska pos\u0142uga pokazuje mi, \u017ce temat\u00f3w do rozm\u00f3w z ksi\u0119dzem jest coraz wi\u0119cej i dzisiaj \u017caden ksi\u0105dz nie mo\u017ce od nich ucieka\u0107, ale - wprost przeciwnie - podejmowa\u0107 nowe wyzwania. To przekonanie sk\u0142oni\u0142o mnie do pr\u00f3by otwarcia tego\u017c bloga, chocia\u017c okazji do rozm\u00f3w na co dzie\u0144 - w konfesjonale i poza nim - na szcz\u0119\u015bcie nie brakuje. My\u015bl\u0119 jednak, \u017ce ten blog b\u0119dzie jeszcze jednym sposobem i przestrzeni\u0105 nawi\u0105zania kontaktu z lud\u017ami dobrej woli, otwartymi na dialog.\",\"url\":\"https:\/\/gaudiumetspes-blog.pl\/index.php\/author\/ks-jacek\/\"}]}<\/script>\n<!-- \/ Yoast SEO plugin. -->","yoast_head_json":{"title":"Nasi Chorzy - to wielki skarb! - Gaudium Et Spes","robots":{"index":"index","follow":"follow","max-snippet":"max-snippet:-1","max-image-preview":"max-image-preview:large","max-video-preview":"max-video-preview:-1"},"canonical":"https:\/\/gaudiumetspes-blog.pl\/index.php\/2013\/02\/11\/uzdrowienie-chorych-modl-sie-za-nami\/","og_locale":"pl_PL","og_type":"article","og_title":"Nasi Chorzy - to wielki skarb! - Gaudium Et Spes","og_description":"Szcz\u0119\u015b\u0107 Bo\u017ce! Moi Drodzy, wspomnienie Matki Bo\u017cej z Lourdes jest w Ko\u015bciele wspomnieniem nieobowi\u0105zkowym, ale trudno dzisiaj nie skorzysta\u0107 z tej mo\u017cliwo\u015bci i nie uda\u0107 si\u0119 w duchow\u0105 pielgrzymk\u0119 do Lourdes, zabieraj\u0105c tam ze sob\u0105 w modlitwie naszych Chorych&#8230; &nbsp; &nbsp; Im wszystkim dzisiaj przekazujemy najserdeczniejsze wyrazy duchowej wi\u0119zi, mi\u0142o\u015bci i wdzi\u0119czno\u015bci, a niejednokrotnie te\u017c [&hellip;]","og_url":"https:\/\/gaudiumetspes-blog.pl\/index.php\/2013\/02\/11\/uzdrowienie-chorych-modl-sie-za-nami\/","og_site_name":"Gaudium Et Spes","article_published_time":"2013-02-11T07:15:00+00:00","article_modified_time":"2019-07-31T10:53:51+00:00","author":"Ks. Jacek","twitter_card":"summary_large_image","twitter_misc":{"Napisane przez":"Ks. Jacek","Szacowany czas czytania":"11 minut"},"schema":{"@context":"https:\/\/schema.org","@graph":[{"@type":"WebPage","@id":"https:\/\/gaudiumetspes-blog.pl\/index.php\/2013\/02\/11\/uzdrowienie-chorych-modl-sie-za-nami\/","url":"https:\/\/gaudiumetspes-blog.pl\/index.php\/2013\/02\/11\/uzdrowienie-chorych-modl-sie-za-nami\/","name":"Nasi Chorzy - to wielki skarb! - Gaudium Et Spes","isPartOf":{"@id":"https:\/\/gaudiumetspes-blog.pl\/#website"},"datePublished":"2013-02-11T07:15:00+00:00","dateModified":"2019-07-31T10:53:51+00:00","author":{"@id":"https:\/\/gaudiumetspes-blog.pl\/#\/schema\/person\/1661982992b752dea8dff0d4ed845a65"},"breadcrumb":{"@id":"https:\/\/gaudiumetspes-blog.pl\/index.php\/2013\/02\/11\/uzdrowienie-chorych-modl-sie-za-nami\/#breadcrumb"},"inLanguage":"pl-PL","potentialAction":[{"@type":"ReadAction","target":["https:\/\/gaudiumetspes-blog.pl\/index.php\/2013\/02\/11\/uzdrowienie-chorych-modl-sie-za-nami\/"]}]},{"@type":"BreadcrumbList","@id":"https:\/\/gaudiumetspes-blog.pl\/index.php\/2013\/02\/11\/uzdrowienie-chorych-modl-sie-za-nami\/#breadcrumb","itemListElement":[{"@type":"ListItem","position":1,"name":"Strona g\u0142\u00f3wna","item":"https:\/\/gaudiumetspes-blog.pl\/"},{"@type":"ListItem","position":2,"name":"Nasi Chorzy &#8211; to&nbsp;wielki skarb!"}]},{"@type":"WebSite","@id":"https:\/\/gaudiumetspes-blog.pl\/#website","url":"https:\/\/gaudiumetspes-blog.pl\/","name":"Gaudium Et Spes","description":"Blog Ks. Jacka Ja\u015bkowskiego","potentialAction":[{"@type":"SearchAction","target":{"@type":"EntryPoint","urlTemplate":"https:\/\/gaudiumetspes-blog.pl\/?s={search_term_string}"},"query-input":{"@type":"PropertyValueSpecification","valueRequired":true,"valueName":"search_term_string"}}],"inLanguage":"pl-PL"},{"@type":"Person","@id":"https:\/\/gaudiumetspes-blog.pl\/#\/schema\/person\/1661982992b752dea8dff0d4ed845a65","name":"Ks. Jacek","image":{"@type":"ImageObject","inLanguage":"pl-PL","@id":"https:\/\/gaudiumetspes-blog.pl\/#\/schema\/person\/image\/","url":"https:\/\/gaudiumetspes-blog.pl\/wp-content\/uploads\/2019\/07\/avatar-JJ-150x150.jpg","contentUrl":"https:\/\/gaudiumetspes-blog.pl\/wp-content\/uploads\/2019\/07\/avatar-JJ-150x150.jpg","caption":"Ks. Jacek"},"description":"Witam serdecznie! K\u0142ania si\u0119 Ks. Jacek Ja\u015bkowski. Nie jestem ani kim\u015b wa\u017cnym, ani kim\u015b znanym. Jestem ksi\u0119dzem, kt\u00f3ry po prostu chce rozmawia\u0107. Codzienna kap\u0142a\u0144ska pos\u0142uga pokazuje mi, \u017ce temat\u00f3w do rozm\u00f3w z ksi\u0119dzem jest coraz wi\u0119cej i dzisiaj \u017caden ksi\u0105dz nie mo\u017ce od nich ucieka\u0107, ale - wprost przeciwnie - podejmowa\u0107 nowe wyzwania. To przekonanie sk\u0142oni\u0142o mnie do pr\u00f3by otwarcia tego\u017c bloga, chocia\u017c okazji do rozm\u00f3w na co dzie\u0144 - w konfesjonale i poza nim - na szcz\u0119\u015bcie nie brakuje. My\u015bl\u0119 jednak, \u017ce ten blog b\u0119dzie jeszcze jednym sposobem i przestrzeni\u0105 nawi\u0105zania kontaktu z lud\u017ami dobrej woli, otwartymi na dialog.","url":"https:\/\/gaudiumetspes-blog.pl\/index.php\/author\/ks-jacek\/"}]}},"jetpack_featured_media_url":"","jetpack_sharing_enabled":true,"_links":{"self":[{"href":"https:\/\/gaudiumetspes-blog.pl\/index.php\/wp-json\/wp\/v2\/posts\/9217","targetHints":{"allow":["GET"]}}],"collection":[{"href":"https:\/\/gaudiumetspes-blog.pl\/index.php\/wp-json\/wp\/v2\/posts"}],"about":[{"href":"https:\/\/gaudiumetspes-blog.pl\/index.php\/wp-json\/wp\/v2\/types\/post"}],"author":[{"embeddable":true,"href":"https:\/\/gaudiumetspes-blog.pl\/index.php\/wp-json\/wp\/v2\/users\/1"}],"replies":[{"embeddable":true,"href":"https:\/\/gaudiumetspes-blog.pl\/index.php\/wp-json\/wp\/v2\/comments?post=9217"}],"version-history":[{"count":1,"href":"https:\/\/gaudiumetspes-blog.pl\/index.php\/wp-json\/wp\/v2\/posts\/9217\/revisions"}],"predecessor-version":[{"id":10937,"href":"https:\/\/gaudiumetspes-blog.pl\/index.php\/wp-json\/wp\/v2\/posts\/9217\/revisions\/10937"}],"wp:attachment":[{"href":"https:\/\/gaudiumetspes-blog.pl\/index.php\/wp-json\/wp\/v2\/media?parent=9217"}],"wp:term":[{"taxonomy":"category","embeddable":true,"href":"https:\/\/gaudiumetspes-blog.pl\/index.php\/wp-json\/wp\/v2\/categories?post=9217"},{"taxonomy":"post_tag","embeddable":true,"href":"https:\/\/gaudiumetspes-blog.pl\/index.php\/wp-json\/wp\/v2\/tags?post=9217"}],"curies":[{"name":"wp","href":"https:\/\/api.w.org\/{rel}","templated":true}]}}