{"id":9231,"date":"2013-01-28T08:47:00","date_gmt":"2013-01-28T07:47:00","guid":{"rendered":"https:\/\/gaudiumetspes-blog.pl\/index.php\/2013\/01\/28\/kto-chce-szuka-sposobu\/"},"modified":"2019-07-31T12:53:50","modified_gmt":"2019-07-31T10:53:50","slug":"kto-chce-szuka-sposobu","status":"publish","type":"post","link":"https:\/\/gaudiumetspes-blog.pl\/index.php\/2013\/01\/28\/kto-chce-szuka-sposobu\/","title":{"rendered":"Kto chce &#8211; szuka sposobu&#8230;"},"content":{"rendered":"<p><\/p>\n<div align=\"JUSTIFY\" style=\"margin-bottom: 0cm;\">\nSzcz\u0119\u015b\u0107 Bo\u017ce! Witam i pozdrawiam wszystkich w pierwszym dniu ferii w naszym wojew\u00f3dztwie. Tym, kt\u00f3rzy ich jeszcze nie maj\u0105, \u017cycz\u0119 cierpliwo\u015bci. Tym, kt\u00f3rzy je mieli, \u017cycz\u0119 mi\u0142ych wspomnie\u0144 i si\u0142 do pracy. A tym, kt\u00f3rzy je w\u0142a\u015bnie zaczynaj\u0105, \u017cycz\u0119 b\u0142ogos\u0142awionego odpoczynku duchowego i fizycznego.&nbsp;<\/div>\n<div align=\"JUSTIFY\" style=\"margin-bottom: 0cm;\">\n&nbsp; &nbsp; \u0141\u0105czmy si\u0119 dzi\u015b w modlitwie za Ksi\u0119dza Prymasa &#8211; Seniora J\u00f3zefa Glempa, w dniu pogrzebu&#8230; Niech w Niebie cieszy si\u0119 owocami swej pracy!<\/div>\n<div align=\"JUSTIFY\" style=\"margin-bottom: 0cm;\">\n&nbsp; &nbsp;A my dzi\u015b wpatrujmy si\u0119 w przyk\u0142ad pracowitego i zabieganego \u015awi\u0119tego, kt\u00f3ry tak wiele pozostawi\u0142 Ko\u015bcio\u0142owi&#8230;<\/div>\n<div align=\"JUSTIFY\" style=\"margin-bottom: 0cm;\">\n&nbsp; &nbsp; &nbsp; &nbsp; &nbsp; &nbsp;Gaudium et spes! &nbsp;Ks. Jacek<\/div>\n<div align=\"JUSTIFY\" style=\"margin-bottom: 0cm;\">\n<b><br \/><\/b><\/div>\n<div align=\"JUSTIFY\" style=\"margin-bottom: 0cm;\">\n<b>Wspomnienie<br \/>\n\u015aw. Tomasza z Akwinu, Kap\u0142ana i Doktora Ko\u015bcio\u0142a,<\/b><\/div>\n<div align=\"JUSTIFY\" style=\"margin-bottom: 0cm;\">\n<b>do<br \/>\nczyta\u0144:  Hbr 9,15.24\u201328;  Mk 3,22\u201330<\/b><\/div>\n<div align=\"JUSTIFY\" style=\"margin-bottom: 0cm;\">\n\n<\/div>\n<div align=\"JUSTIFY\" style=\"margin-bottom: 0cm; page-break-before: auto;\">\n<b>CZYTANIE<br \/>\nZ LISTU DO HEBRAJCZYK\u00d3W:&nbsp;<\/b><\/div>\n<div align=\"JUSTIFY\" style=\"margin-bottom: 0cm; text-indent: 1.22cm;\">\n<b>Bracia:<br \/>\nChrystus jest po\u015brednikiem Nowego Przymierza, a\u017ceby przez \u015bmier\u0107,<br \/>\nponiesion\u0105 dla odkupienia przest\u0119pstw, pope\u0142nionych za pierwszego<br \/>\nprzymierza, ci, kt\u00f3rzy s\u0105 wezwani do wiecznego dziedzictwa,<br \/>\ndost\u0105pili spe\u0142nienia obietnicy.<\/b><\/div>\n<div align=\"JUSTIFY\" style=\"margin-bottom: 0cm; text-indent: 0.87cm;\">\n<b> Chrystus<br \/>\nbowiem wszed\u0142 nie do \u015bwi\u0105tyni, zbudowanej r\u0119kami ludzkimi,<br \/>\nb\u0119d\u0105cej odbiciem prawdziwej \u015bwi\u0105tyni, ale do samego nieba, aby<br \/>\nteraz wstawia\u0107 si\u0119 za nami przed obliczem Boga, nie po to, aby si\u0119<br \/>\ncz\u0119sto mia\u0142 ofiarowa\u0107 jak arcykap\u0142an, kt\u00f3ry co roku wchodzi do<br \/>\n\u015bwi\u0105tyni z krwi\u0105 cudz\u0105. Inaczej musia\u0142by cierpie\u0107 wiele razy od<br \/>\nstworzenia \u015bwiata. A tymczasem raz jeden ukaza\u0142 si\u0119 teraz na ko\u0144cu<br \/>\nwiek\u00f3w na zg\u0142adzenie grzech\u00f3w przez ofiar\u0119 z samego siebie.&nbsp;<\/b><\/div>\n<div align=\"JUSTIFY\" style=\"margin-bottom: 0cm; text-indent: 0.87cm;\">\n<b> A<br \/>\njak postanowione ludziom raz umrze\u0107, a potem s\u0105d, tak Chrystus raz<br \/>\njeden by\u0142 ofiarowany dla zg\u0142adzenia grzech\u00f3w wielu, drugi raz<br \/>\nuka\u017ce si\u0119 nie w zwi\u0105zku z grzechem, lecz dla zbawienia tych,<br \/>\nkt\u00f3rzy Go oczekuj\u0105.<\/b><\/div>\n<div align=\"JUSTIFY\" style=\"margin-bottom: 0cm;\">\n\n<\/div>\n<div align=\"JUSTIFY\" style=\"margin-bottom: 0cm;\">\n<b>S\u0141OWA<br \/>\nEWANGELII WED\u0141UG \u015aWI\u0118TEGO MARKA:&nbsp;<\/b><\/div>\n<div align=\"JUSTIFY\" style=\"margin-bottom: 0cm; text-indent: 1.22cm;\">\n<b>Uczeni<br \/>\nw Pi\u015bmie, kt\u00f3rzy przyszli z Jerozolimy, m\u00f3wili o Jezusie: \u201eMa<br \/>\nBelzebuba i przez w\u0142adc\u0119 z\u0142ych duch\u00f3w wyrzuca z\u0142e duchy\u201d.<\/b><\/div>\n<div align=\"JUSTIFY\" style=\"margin-bottom: 0cm; text-indent: 0.87cm;\">\n<b> Wtedy<br \/>\nJezus przywo\u0142a\u0142 ich do siebie i m\u00f3wi\u0142 im w przypowie\u015bciach: \u201eJak<br \/>\nmo\u017ce szatan wyrzuca\u0107 szatana? Je\u015bli jakie\u015b kr\u00f3lestwo wewn\u0119trznie<br \/>\njest sk\u0142\u00f3cone, takie kr\u00f3lestwo nie mo\u017ce si\u0119 osta\u0107. I je\u015bli dom<br \/>\nwewn\u0119trznie jest sk\u0142\u00f3cony, to taki dom nie b\u0119dzie m\u00f3g\u0142 si\u0119<br \/>\nosta\u0107. Je\u015bli wi\u0119c szatan powsta\u0142 przeciw sobie i wewn\u0119trznie<br \/>\njest sk\u0142\u00f3cony, to nie mo\u017ce si\u0119 osta\u0107, lecz koniec z nim. Nie,<br \/>\nnikt nie mo\u017ce wej\u015b\u0107 do domu mocarza i sprz\u0119t mu zagrabi\u0107, je\u015bli<br \/>\nmocarza wpierw nie zwi\u0105\u017ce, i wtedy dom jego ograbi.&nbsp;<\/b><\/div>\n<div align=\"JUSTIFY\" style=\"margin-bottom: 0cm; text-indent: 0.87cm;\">\n<b> Zaprawd\u0119<br \/>\npowiadam wam: wszystkie grzechy i blu\u017anierstwa, kt\u00f3rych by si\u0119<br \/>\nludzie dopu\u015bcili, b\u0119d\u0105 im odpuszczone. Kto by jednak zblu\u017ani\u0142<br \/>\nprzeciw Duchowi \u015awi\u0119temu, nigdy nie otrzyma odpuszczenia, lecz<br \/>\nwinien jest grzechu wiecznego\u201d. M\u00f3wili bowiem: \u201eMa ducha<br \/>\nnieczystego\u201d.<\/b><\/div>\n<div align=\"JUSTIFY\" style=\"margin-bottom: 0cm;\">\n\n<\/div>\n<div align=\"JUSTIFY\" style=\"margin-bottom: 0cm; page-break-before: auto; text-indent: 1.25cm;\">\nDzisiejszy Patron,<br \/>\n\u015awi\u0119ty Tomasz, <b>urodzi\u0142 si\u0119 na zamku Roccasecca niedaleko<br \/>\nAkwinu, we W\u0142oszech, w 1225 roku.<\/b> Jego ojciec by\u0142 rycerzem.<br \/>\nKiedy ch\u0142opiec mia\u0142 pi\u0119\u0107 lat, rodzice oddali go na wychowanie do<br \/>\nopactwa na Monte Cassino. Opatrzno\u015b\u0107 wszak\u017ce mia\u0142a inne zamiary<br \/>\nwobec niego. Z niewyja\u015bnionych przyczyn <b>opu\u015bci\u0142 on klasztor i<br \/>\nuda\u0142 si\u0119 do Neapolu, <\/b>gdzie studiowa\u0142 na tamtejszym<br \/>\nuniwersytecie. Tam zapozna\u0142 si\u0119 z niedawno za\u0142o\u017conym przez<br \/>\n\u015awi\u0119tego Dominika Zakonem Kaznodziejskim, czyli dominikanami.<br \/>\n<b>Wst\u0105pi\u0142 do niego<\/b> w roku, kt\u00f3ry nie jest nam bli\u017cej znany.<br \/>\n\u015awi\u0119ty mia\u0142 jednak wtedy oko\u0142o dwudziestu lat.\n<\/div>\n<div align=\"JUSTIFY\" style=\"margin-bottom: 0cm; text-indent: 1.25cm;\">\nDecyzja<br \/>\nta spotka\u0142a si\u0119 <b>z dezaprobat\u0105 rodziny.<\/b> Wszelkimi sposobami,<br \/>\nw\u0142\u0105cznie z dwuletnim aresztem domowym, pr\u00f3bowano zmieni\u0107 jego<br \/>\ndecyzj\u0119. <b>Jednak \u2013 bezskutecznie!<\/b> Wys\u0142ano nawet jego w\u0142asn\u0105<br \/>\nsiostr\u0119, Marott\u0119, by go odwiod\u0142a od tego pomys\u0142u, ale okaza\u0142o<br \/>\nsi\u0119, \u017ce to Tomasz wp\u0142yn\u0105\u0142 na siostr\u0119, i\u017c i ona wst\u0105pi\u0142a do<br \/>\nZakonu Benedyktynek.\n<\/div>\n<div align=\"JUSTIFY\" style=\"margin-bottom: 0cm; text-indent: 1.25cm;\">\nTymczasem<br \/>\nprze\u0142o\u017ceni <b>wys\u0142ali Tomasza na studia do Rzymu, a stamt\u0105d oko\u0142o<br \/>\nroku 1248 do Kolonii,<\/b> gdzie na uniwersytecie wyk\u0142ada\u0142 g\u0142o\u015bny<br \/>\nuczony dominika\u0144ski, \u015awi\u0119ty Albert Wielki. <b>I to w\u0142a\u015bnie tam<br \/>\nTomasz przyj\u0105\u0142 \u015bwi\u0119cenia kap\u0142a\u0144skie.<\/b> Po wzorowym uko\u0144czeniu<br \/>\nstudi\u00f3w, prze\u0142o\u017ceni wys\u0142ali go nast\u0119pnie do Pary\u017ca, by na<br \/>\nSorbonie wyk\u0142ada\u0142 teologi\u0119. Okaza\u0142o si\u0119, \u017ce <b>zadziwi\u0142<br \/>\nwszystkich jasno\u015bci\u0105 wyk\u0142ad\u00f3w, wymow\u0105 i g\u0142\u0119bi\u0105. <\/b>Stworzy\u0142<br \/>\nw\u0142asn\u0105 metod\u0119, polegaj\u0105c\u0105 na tym, \u017ce najpierw wysuwa\u0142<br \/>\ntrudno\u015bci i argumenty przeciw danej prawdzie, a potem je kolejno<br \/>\nzbija\u0142 i dawa\u0142 pe\u0142ny wyk\u0142ad.\n<\/div>\n<div align=\"JUSTIFY\" style=\"margin-bottom: 0cm; text-indent: 1.25cm;\">\nNa<br \/>\nskutek intryg, jakie przeciwnicy dominikan\u00f3w rozbudzili na Sorbonie,<br \/>\nTomasz po siedmiu latach powr\u00f3ci\u0142 do W\u0142och. <b>Przez pewien czas<br \/>\nprowadzi\u0142 wyk\u0142ady na dworze <\/b><b>Papie\u017ca<\/b><b> Urbana IV.<\/b><br \/>\nPotem wyk\u0142ada\u0142 raz w Pary\u017cu, raz w Rzymie \u2013 w zale\u017cno\u015bci od<br \/>\ntego, jaka atmosfera towarzyszy\u0142a jego dzia\u0142alno\u015bci i jak<br \/>\naktywizowali si\u0119 jego przeciwnicy.\n<\/div>\n<div align=\"JUSTIFY\" style=\"margin-bottom: 0cm; text-indent: 1.25cm;\">\nW<br \/>\nroku 1274 Papie\u017c Grzegorz X zwo\u0142a\u0142 do Lyonu Sob\u00f3r powszechny, na<br \/>\nkt\u00f3ry zaprosi\u0142 tak\u017ce naszego \u015awi\u0119tego. Tomasz jednak, w wieku<br \/>\nzaledwie czterdziestu o\u015bmiu lat, po kr\u00f3tkiej chorobie <b>zmar\u0142 w<br \/>\ndrodze na <\/b><b>S<\/b><b>ob\u00f3r w opactwie cysters\u00f3w w Fossanuova,<br \/>\ndnia 7 marca 1274 roku.<\/b> Z tego w\u0142a\u015bnie powodu, a\u017c do Soboru<br \/>\nWatyka\u0144skiego II, liturgiczne wspomnienie \u015awi\u0119tego Tomasza Ko\u015bci\u00f3\u0142<br \/>\nobchodzi\u0142 w\u0142a\u015bnie 7 marca, w dzie\u0144 \u015bmierci. Ten dzie\u0144 przypada<br \/>\njednak zawsze w Wielkim Po\u015bcie. Dlatego soborowa reforma liturgiczna<br \/>\n<b>przesun\u0119\u0142a doroczne wspomnienie Tomasza wyj\u0105tkowo na 28<br \/>\nstycznia<\/b> \u2013 dzie\u0144 przeniesienia jego relikwii do Tuluzy,<br \/>\ndokonane w 1369 roku. <b>Do grona <\/b><b>\u015a<\/b><b>wi\u0119tych zaliczy\u0142<br \/>\ngo Papie\u017c Jan XXII w dniu 18 lipca 1323 roku.<\/b><\/div>\n<div align=\"JUSTIFY\" style=\"margin-bottom: 0cm; text-indent: 1.25cm;\">\nSpogl\u0105daj\u0105c<br \/>\nna duchow\u0105 sylwetk\u0119 \u015awi\u0119tego Tomasza z Akwinu, trzeba zauwa\u017cy\u0107,<br \/>\n\u017ce ws\u0142awi\u0142 si\u0119 on szczeg\u00f3lnie <b>niewinno\u015bci\u0105 \u017cycia oraz<br \/>\nwierno\u015bci\u0105 w zachowywaniu regu\u0142 zakonnych.<\/b> Gorliwie poszukiwa\u0142<br \/>\nprawdy, kt\u00f3r\u0105 nast\u0119pnie stara\u0142 si\u0119 nieustannie kontemplowa\u0107 i<br \/>\nprzekazywa\u0107 innym. <b>Wszystkie swoje zdolno\u015bci odda\u0142 wy\u0142\u0105cznie<br \/>\nna s\u0142u\u017cb\u0119 prawdy.<\/b> Odznacza\u0142 si\u0119 pokor\u0105 oraz szlachetnym<br \/>\nsposobem bycia. By\u0142 kaznodziej\u0105, poet\u0105, ale przede wszystkim<br \/>\nwielkim my\u015blicielem, cz\u0142owiekiem niezwyk\u0142ej wiedzy, kt\u00f3r\u0105 umia\u0142<br \/>\npo\u0142\u0105czy\u0107 z niemniej wielk\u0105 \u015bwi\u0119to\u015bci\u0105. M\u00f3wiono o nim, \u017ce<br \/>\n<b>\u201emi\u0119dzy uczonymi by\u0142 najwi\u0119kszym <\/b><b>\u015a<\/b><b>wi\u0119tym, a<br \/>\nmi\u0119dzy <\/b><b>\u015a<\/b><b>wi\u0119tymi najwi\u0119kszym uczonym\u201d.<\/b>\n<\/div>\n<div align=\"JUSTIFY\" style=\"margin-bottom: 0cm; text-indent: 1.25cm;\">\nW<br \/>\nswej skromno\u015bci kilkakrotnie odmawia\u0142 propozycji zostania biskupem.<br \/>\n<b>Stworzy\u0142 zwarty system nauki filozoficznej i teologii<br \/>\nkatolickiej, zwany tomizmem.<\/b> Wywar\u0142 g\u0142\u0119boki wp\u0142yw na<br \/>\nukierunkowanie zachodniej my\u015bli chrze\u015bcija\u0144skiej. Spu\u015bcizna<br \/>\nliteracka \u015awi\u0119tego Tomasza z Akwinu jest olbrzymia. Zadziwia w niej<br \/>\nuniwersalizm podejmowanych zagadnie\u0144 i g\u0142\u0119bia ich wyja\u015bnie\u0144.<\/div>\n<div align=\"JUSTIFY\" style=\"margin-bottom: 0cm; text-indent: 1.25cm;\">\nSzczeg\u00f3ln\u0105<br \/>\nczci\u0105 Tomasz otacza\u0142 Chrystusa Zbawiciela, zw\u0142aszcza na krzy\u017cu i<br \/>\nw tajemnicy Eucharystii, co wyrazi\u0142 w tekstach liturgicznych do<br \/>\nBrewiarza i Msza\u0142u na uroczysto\u015b\u0107 Bo\u017cego Cia\u0142a \u2013 <b>my dobrze<br \/>\nznamy chocia\u017cby pie\u015b\u0144 eucharystyczn\u0105 jego autorstwa: \u201e<\/b><b>Zbli\u017cam<br \/>\nsi\u0119 w pokorze i nisko\u015bci swej\u2026\u201d<\/b><i><b>.<\/b><\/i> Okazywa\u0142<br \/>\nte\u017c wielk\u0105 cze\u015b\u0107 Naj\u015bwi\u0119tszej Maryi Pannie.\n<\/div>\n<div align=\"JUSTIFY\" style=\"margin-bottom: 0cm; text-indent: 1.25cm;\">\n\u015awi\u0119ty<br \/>\nTomasz z Akwinu niew\u0105tpliwie odmieni\u0142 oblicze Ko\u015bcio\u0142a i \u2013 w<br \/>\njakim\u015b sensie \u2013 ca\u0142ego \u015bwiata. Bo dzie\u0142o, kt\u00f3re stworzy\u0142,<br \/>\nprzetrwa\u0142o wieki i <b>do dzi\u015b fascynuje, do dzi\u015b inspiruje, do<br \/>\ndzi\u015b stanowi fundament my\u015bli katolickiej<\/b>&#8230; Zafascynowany<br \/>\nOfiar\u0105 zbawcz\u0105 Jezusa Chrystusa, o kt\u00f3rej pisa\u0142 poematy i uk\u0142ada\u0142<br \/>\npie\u015bni, a kt\u00f3r\u0105 dzi\u015b w pierwszym czytaniu wychwala Autor Listu do<br \/>\nHebrajczyk\u00f3w \u2013 <b>z\u0142o\u017cy\u0142 nasz Patron <\/b><b>tak\u017ce <\/b><b>swoje<br \/>\n\u017cycie w ofierze Bogu i Ko\u015bcio\u0142owi.<\/b>\n<\/div>\n<div align=\"JUSTIFY\" style=\"margin-bottom: 0cm; text-indent: 1.25cm;\">\nBardzo<br \/>\nczytelnym wyrazem tego by fakt, i\u017c swoje do\u015b\u0107 kr\u00f3tkie \u017cycie<br \/>\n<b>zako\u0144czy\u0142 \u201ew biegu\u201d \u2013 w podr\u00f3\u017cy na Sob\u00f3r.<\/b> Ale<br \/>\nwcze\u015bniej te\u017c w\u0142a\u015bciwie \u017cy\u0142 w biegu, ci\u0105gle pod\u0105\u017caj\u0105c<br \/>\nnaprz\u00f3d. Nie w jaki\u015b spos\u00f3b chaotyczny, ba\u0142aganiarski, ale z<br \/>\npewno\u015bci\u0105 \u2013 <b>niezwykle aktywny, r\u00f3\u017cnorodny i owocny.<\/b> Z\u0142y<br \/>\nduch, kt\u00f3rego dzia\u0142ania przeciwnicy dopatrywali si\u0119 w aktywnym<br \/>\n\u017cyciu Jezusa, nie mia\u0142 w rzeczywisto\u015bci <b>\u017cadnego wp\u0142ywu ani na<br \/>\n\u017cycie i dzia\u0142alno\u015b\u0107 <\/b><b>Jezusa<\/b><b>, ani na \u017cycie i<br \/>\ndzia\u0142alno\u015b\u0107 Jego ucznia \u2013 \u015awi\u0119tego Tomasza z Akwinu.<\/b>\n<\/div>\n<div align=\"JUSTIFY\" style=\"margin-bottom: 0cm; text-indent: 1.25cm;\">\nWr\u0119cz<br \/>\nprzeciwnie, w\u0142a\u015bnie w aktywnej, wspartej g\u0142\u0119bokim \u017cyciem<br \/>\nduchowym dzia\u0142alno\u015bci Jezusa i Jego uczni\u00f3w, z\u0142y duch ponosi<br \/>\nnajwi\u0119ksz\u0105 pora\u017ck\u0119! Jego bowiem <b>intrygom i zakusom nic nie<br \/>\nsprzyja tak bardzo, jak bezczynno\u015b\u0107 cz\u0142owieka.<\/b> W takiej<br \/>\nbezczynno\u015bci, w takim niepozbieraniu, w takim swoistym chaosie z\u0142y<br \/>\nduch czuje si\u0119 jak przys\u0142owiowa ryba w wodzie. <b>Z\u0142y duch jest<br \/>\nojcem wszelkiego zamieszania, ba\u0142aganu, chaosu, a sw\u0105 dzia\u0142alno\u015b\u0107<br \/>\nnajswobodniej rozwija w \u017cyciu cz\u0142owieka leniwego, bezczynnego,<br \/>\nniepozbieranego.<\/b>\n<\/div>\n<div align=\"JUSTIFY\" style=\"margin-bottom: 0cm; text-indent: 1.25cm;\">\nCi<br \/>\nza\u015b, kt\u00f3rzy s\u0105 pracowici, aktywni \u2013 nieraz wr\u0119cz narzekaj\u0105, \u017ce<br \/>\nza du\u017co wszystkiego spada na ich g\u0142owy. Bo kiedy ludzie zobacz\u0105,<br \/>\n\u017ce to, czy tamto dobrze im wysz\u0142o, to jeszcze im do\u0142o\u017c\u0105 zada\u0144 i<br \/>\npracy. <b>Ale to w\u0142a\u015bnie tacy oddani, zaanga\u017cowani i pracowici<br \/>\nludzie co\u015b w \u017cyciu osi\u0105gaj\u0105!<\/b> Naturalnie, ta ich dzia\u0142alno\u015b\u0107<br \/>\nwzbudza w\u015bciek\u0142o\u015b\u0107 szatana, dlatego rzuca on im pod nogi rozmaite<br \/>\nk\u0142ody. Ale to wszystko na kr\u00f3tk\u0105 met\u0119. Je\u017celi bowiem swoj\u0105<br \/>\npracowito\u015b\u0107 i aktywno\u015b\u0107 <b>cz\u0142owiek buduje na fundamencie<br \/>\nmodlitwy, osi\u0105gnie bardzo wiele, a szatan ostatecznie przegra.<\/b>\n<\/div>\n<div align=\"JUSTIFY\" style=\"margin-bottom: 0cm; text-indent: 1.25cm;\">\nNie<br \/>\nb\u00f3jmy si\u0119 zatem, Kochani, <b>nowych wyzwa\u0144, nie b\u00f3jmy si\u0119 pracy,<\/b><br \/>\nnie b\u00f3jmy si\u0119 podejmowania si\u0119 nowych zada\u0144. Oczywi\u015bcie, nie<br \/>\nchodzi o to, aby na\u0142apa\u0107 mn\u00f3stwo r\u00f3\u017cnych spraw i w ko\u0144cu<br \/>\nniczego nie ogarn\u0105\u0107. Chodzi natomiast o to, aby <b>z pomoc\u0105 Bo\u017c\u0105<br \/>\nstara\u0107 si\u0119 zrobi\u0107 jak najwi\u0119cej \u2013 ile tylko si\u0142y i talenty<br \/>\npozwol\u0105 \u2013 dla Kr\u00f3lestwa niebieskiego.<\/b> A nawet \u2013 stawia\u0107<br \/>\nsobie ci\u0105gle pytanie, co jeszcze mog\u0119 uczyni\u0107, ile jeszcze mog\u0119 z<br \/>\nsiebie da\u0107?&#8230;\n<\/div>\n<div align=\"JUSTIFY\" style=\"margin-bottom: 0cm; text-indent: 1.25cm;\">\nNajtrafniejszym<br \/>\nza\u015b podsumowaniem tych rozwa\u017ca\u0144 wydaj\u0105 si\u0119 s\u0142owa, kt\u00f3re<br \/>\nniegdy\u015b pojawi\u0142y si\u0119 na tym blogu, na tym naszym wsp\u00f3lnym forum \u2013<br \/>\ns\u0142owa, kt\u00f3re bardzo mi si\u0119 spodoba\u0142y i do kt\u00f3rych cz\u0119sto wracam<br \/>\ni cytuj\u0119: <b>Kto chce \u2013 szuka sposobu. Kto nie chce \u2013 szuka<br \/>\npowodu<\/b>&#8230;<\/div>\n","protected":false},"excerpt":{"rendered":"<p>Szcz\u0119\u015b\u0107 Bo\u017ce! Witam i pozdrawiam wszystkich w pierwszym dniu ferii w naszym wojew\u00f3dztwie. Tym, kt\u00f3rzy ich jeszcze nie maj\u0105, \u017cycz\u0119 cierpliwo\u015bci. Tym, kt\u00f3rzy je mieli, \u017cycz\u0119 mi\u0142ych wspomnie\u0144 i si\u0142 do pracy. A tym, kt\u00f3rzy je w\u0142a\u015bnie zaczynaj\u0105, \u017cycz\u0119 b\u0142ogos\u0142awionego odpoczynku duchowego i fizycznego.&nbsp; &nbsp; &nbsp; \u0141\u0105czmy si\u0119 dzi\u015b w modlitwie za Ksi\u0119dza Prymasa &#8211; [&hellip;]<\/p>\n","protected":false},"author":1,"featured_media":0,"comment_status":"open","ping_status":"open","sticky":false,"template":"","format":"standard","meta":{"jetpack_post_was_ever_published":false,"_jetpack_newsletter_access":"","_jetpack_dont_email_post_to_subs":false,"_jetpack_newsletter_tier_id":0,"_jetpack_memberships_contains_paywalled_content":false,"_jetpack_memberships_contains_paid_content":false,"footnotes":""},"categories":[1],"tags":[],"class_list":["post-9231","post","type-post","status-publish","format-standard","hentry","category-bez-kategorii"],"yoast_head":"<!-- This site is optimized with the Yoast SEO plugin v25.1 - https:\/\/yoast.com\/wordpress\/plugins\/seo\/ -->\n<title>Kto chce - szuka sposobu... - Gaudium Et Spes<\/title>\n<meta name=\"robots\" content=\"index, follow, max-snippet:-1, max-image-preview:large, max-video-preview:-1\" \/>\n<link rel=\"canonical\" href=\"https:\/\/gaudiumetspes-blog.pl\/index.php\/2013\/01\/28\/kto-chce-szuka-sposobu\/\" \/>\n<meta property=\"og:locale\" content=\"pl_PL\" \/>\n<meta property=\"og:type\" content=\"article\" \/>\n<meta property=\"og:title\" content=\"Kto chce - szuka sposobu... - Gaudium Et Spes\" \/>\n<meta property=\"og:description\" content=\"Szcz\u0119\u015b\u0107 Bo\u017ce! Witam i pozdrawiam wszystkich w pierwszym dniu ferii w naszym wojew\u00f3dztwie. Tym, kt\u00f3rzy ich jeszcze nie maj\u0105, \u017cycz\u0119 cierpliwo\u015bci. Tym, kt\u00f3rzy je mieli, \u017cycz\u0119 mi\u0142ych wspomnie\u0144 i si\u0142 do pracy. A tym, kt\u00f3rzy je w\u0142a\u015bnie zaczynaj\u0105, \u017cycz\u0119 b\u0142ogos\u0142awionego odpoczynku duchowego i fizycznego.&nbsp; &nbsp; &nbsp; \u0141\u0105czmy si\u0119 dzi\u015b w modlitwie za Ksi\u0119dza Prymasa &#8211; [&hellip;]\" \/>\n<meta property=\"og:url\" content=\"https:\/\/gaudiumetspes-blog.pl\/index.php\/2013\/01\/28\/kto-chce-szuka-sposobu\/\" \/>\n<meta property=\"og:site_name\" content=\"Gaudium Et Spes\" \/>\n<meta property=\"article:published_time\" content=\"2013-01-28T07:47:00+00:00\" \/>\n<meta property=\"article:modified_time\" content=\"2019-07-31T10:53:50+00:00\" \/>\n<meta name=\"author\" content=\"Ks. Jacek\" \/>\n<meta name=\"twitter:card\" content=\"summary_large_image\" \/>\n<meta name=\"twitter:label1\" content=\"Napisane przez\" \/>\n\t<meta name=\"twitter:data1\" content=\"Ks. Jacek\" \/>\n\t<meta name=\"twitter:label2\" content=\"Szacowany czas czytania\" \/>\n\t<meta name=\"twitter:data2\" content=\"8 minut\" \/>\n<script type=\"application\/ld+json\" class=\"yoast-schema-graph\">{\"@context\":\"https:\/\/schema.org\",\"@graph\":[{\"@type\":\"WebPage\",\"@id\":\"https:\/\/gaudiumetspes-blog.pl\/index.php\/2013\/01\/28\/kto-chce-szuka-sposobu\/\",\"url\":\"https:\/\/gaudiumetspes-blog.pl\/index.php\/2013\/01\/28\/kto-chce-szuka-sposobu\/\",\"name\":\"Kto chce - szuka sposobu... - Gaudium Et Spes\",\"isPartOf\":{\"@id\":\"https:\/\/gaudiumetspes-blog.pl\/#website\"},\"datePublished\":\"2013-01-28T07:47:00+00:00\",\"dateModified\":\"2019-07-31T10:53:50+00:00\",\"author\":{\"@id\":\"https:\/\/gaudiumetspes-blog.pl\/#\/schema\/person\/1661982992b752dea8dff0d4ed845a65\"},\"breadcrumb\":{\"@id\":\"https:\/\/gaudiumetspes-blog.pl\/index.php\/2013\/01\/28\/kto-chce-szuka-sposobu\/#breadcrumb\"},\"inLanguage\":\"pl-PL\",\"potentialAction\":[{\"@type\":\"ReadAction\",\"target\":[\"https:\/\/gaudiumetspes-blog.pl\/index.php\/2013\/01\/28\/kto-chce-szuka-sposobu\/\"]}]},{\"@type\":\"BreadcrumbList\",\"@id\":\"https:\/\/gaudiumetspes-blog.pl\/index.php\/2013\/01\/28\/kto-chce-szuka-sposobu\/#breadcrumb\",\"itemListElement\":[{\"@type\":\"ListItem\",\"position\":1,\"name\":\"Strona g\u0142\u00f3wna\",\"item\":\"https:\/\/gaudiumetspes-blog.pl\/\"},{\"@type\":\"ListItem\",\"position\":2,\"name\":\"Kto chce &#8211; szuka sposobu&#8230;\"}]},{\"@type\":\"WebSite\",\"@id\":\"https:\/\/gaudiumetspes-blog.pl\/#website\",\"url\":\"https:\/\/gaudiumetspes-blog.pl\/\",\"name\":\"Gaudium Et Spes\",\"description\":\"Blog Ks. Jacka Ja\u015bkowskiego\",\"potentialAction\":[{\"@type\":\"SearchAction\",\"target\":{\"@type\":\"EntryPoint\",\"urlTemplate\":\"https:\/\/gaudiumetspes-blog.pl\/?s={search_term_string}\"},\"query-input\":{\"@type\":\"PropertyValueSpecification\",\"valueRequired\":true,\"valueName\":\"search_term_string\"}}],\"inLanguage\":\"pl-PL\"},{\"@type\":\"Person\",\"@id\":\"https:\/\/gaudiumetspes-blog.pl\/#\/schema\/person\/1661982992b752dea8dff0d4ed845a65\",\"name\":\"Ks. Jacek\",\"image\":{\"@type\":\"ImageObject\",\"inLanguage\":\"pl-PL\",\"@id\":\"https:\/\/gaudiumetspes-blog.pl\/#\/schema\/person\/image\/\",\"url\":\"https:\/\/gaudiumetspes-blog.pl\/wp-content\/uploads\/2019\/07\/avatar-JJ-150x150.jpg\",\"contentUrl\":\"https:\/\/gaudiumetspes-blog.pl\/wp-content\/uploads\/2019\/07\/avatar-JJ-150x150.jpg\",\"caption\":\"Ks. Jacek\"},\"description\":\"Witam serdecznie! K\u0142ania si\u0119 Ks. Jacek Ja\u015bkowski. Nie jestem ani kim\u015b wa\u017cnym, ani kim\u015b znanym. Jestem ksi\u0119dzem, kt\u00f3ry po prostu chce rozmawia\u0107. Codzienna kap\u0142a\u0144ska pos\u0142uga pokazuje mi, \u017ce temat\u00f3w do rozm\u00f3w z ksi\u0119dzem jest coraz wi\u0119cej i dzisiaj \u017caden ksi\u0105dz nie mo\u017ce od nich ucieka\u0107, ale - wprost przeciwnie - podejmowa\u0107 nowe wyzwania. To przekonanie sk\u0142oni\u0142o mnie do pr\u00f3by otwarcia tego\u017c bloga, chocia\u017c okazji do rozm\u00f3w na co dzie\u0144 - w konfesjonale i poza nim - na szcz\u0119\u015bcie nie brakuje. My\u015bl\u0119 jednak, \u017ce ten blog b\u0119dzie jeszcze jednym sposobem i przestrzeni\u0105 nawi\u0105zania kontaktu z lud\u017ami dobrej woli, otwartymi na dialog.\",\"url\":\"https:\/\/gaudiumetspes-blog.pl\/index.php\/author\/ks-jacek\/\"}]}<\/script>\n<!-- \/ Yoast SEO plugin. -->","yoast_head_json":{"title":"Kto chce - szuka sposobu... - Gaudium Et Spes","robots":{"index":"index","follow":"follow","max-snippet":"max-snippet:-1","max-image-preview":"max-image-preview:large","max-video-preview":"max-video-preview:-1"},"canonical":"https:\/\/gaudiumetspes-blog.pl\/index.php\/2013\/01\/28\/kto-chce-szuka-sposobu\/","og_locale":"pl_PL","og_type":"article","og_title":"Kto chce - szuka sposobu... - Gaudium Et Spes","og_description":"Szcz\u0119\u015b\u0107 Bo\u017ce! Witam i pozdrawiam wszystkich w pierwszym dniu ferii w naszym wojew\u00f3dztwie. Tym, kt\u00f3rzy ich jeszcze nie maj\u0105, \u017cycz\u0119 cierpliwo\u015bci. Tym, kt\u00f3rzy je mieli, \u017cycz\u0119 mi\u0142ych wspomnie\u0144 i si\u0142 do pracy. A tym, kt\u00f3rzy je w\u0142a\u015bnie zaczynaj\u0105, \u017cycz\u0119 b\u0142ogos\u0142awionego odpoczynku duchowego i fizycznego.&nbsp; &nbsp; &nbsp; \u0141\u0105czmy si\u0119 dzi\u015b w modlitwie za Ksi\u0119dza Prymasa &#8211; [&hellip;]","og_url":"https:\/\/gaudiumetspes-blog.pl\/index.php\/2013\/01\/28\/kto-chce-szuka-sposobu\/","og_site_name":"Gaudium Et Spes","article_published_time":"2013-01-28T07:47:00+00:00","article_modified_time":"2019-07-31T10:53:50+00:00","author":"Ks. Jacek","twitter_card":"summary_large_image","twitter_misc":{"Napisane przez":"Ks. Jacek","Szacowany czas czytania":"8 minut"},"schema":{"@context":"https:\/\/schema.org","@graph":[{"@type":"WebPage","@id":"https:\/\/gaudiumetspes-blog.pl\/index.php\/2013\/01\/28\/kto-chce-szuka-sposobu\/","url":"https:\/\/gaudiumetspes-blog.pl\/index.php\/2013\/01\/28\/kto-chce-szuka-sposobu\/","name":"Kto chce - szuka sposobu... - Gaudium Et Spes","isPartOf":{"@id":"https:\/\/gaudiumetspes-blog.pl\/#website"},"datePublished":"2013-01-28T07:47:00+00:00","dateModified":"2019-07-31T10:53:50+00:00","author":{"@id":"https:\/\/gaudiumetspes-blog.pl\/#\/schema\/person\/1661982992b752dea8dff0d4ed845a65"},"breadcrumb":{"@id":"https:\/\/gaudiumetspes-blog.pl\/index.php\/2013\/01\/28\/kto-chce-szuka-sposobu\/#breadcrumb"},"inLanguage":"pl-PL","potentialAction":[{"@type":"ReadAction","target":["https:\/\/gaudiumetspes-blog.pl\/index.php\/2013\/01\/28\/kto-chce-szuka-sposobu\/"]}]},{"@type":"BreadcrumbList","@id":"https:\/\/gaudiumetspes-blog.pl\/index.php\/2013\/01\/28\/kto-chce-szuka-sposobu\/#breadcrumb","itemListElement":[{"@type":"ListItem","position":1,"name":"Strona g\u0142\u00f3wna","item":"https:\/\/gaudiumetspes-blog.pl\/"},{"@type":"ListItem","position":2,"name":"Kto chce &#8211; szuka sposobu&#8230;"}]},{"@type":"WebSite","@id":"https:\/\/gaudiumetspes-blog.pl\/#website","url":"https:\/\/gaudiumetspes-blog.pl\/","name":"Gaudium Et Spes","description":"Blog Ks. Jacka Ja\u015bkowskiego","potentialAction":[{"@type":"SearchAction","target":{"@type":"EntryPoint","urlTemplate":"https:\/\/gaudiumetspes-blog.pl\/?s={search_term_string}"},"query-input":{"@type":"PropertyValueSpecification","valueRequired":true,"valueName":"search_term_string"}}],"inLanguage":"pl-PL"},{"@type":"Person","@id":"https:\/\/gaudiumetspes-blog.pl\/#\/schema\/person\/1661982992b752dea8dff0d4ed845a65","name":"Ks. Jacek","image":{"@type":"ImageObject","inLanguage":"pl-PL","@id":"https:\/\/gaudiumetspes-blog.pl\/#\/schema\/person\/image\/","url":"https:\/\/gaudiumetspes-blog.pl\/wp-content\/uploads\/2019\/07\/avatar-JJ-150x150.jpg","contentUrl":"https:\/\/gaudiumetspes-blog.pl\/wp-content\/uploads\/2019\/07\/avatar-JJ-150x150.jpg","caption":"Ks. Jacek"},"description":"Witam serdecznie! K\u0142ania si\u0119 Ks. Jacek Ja\u015bkowski. Nie jestem ani kim\u015b wa\u017cnym, ani kim\u015b znanym. Jestem ksi\u0119dzem, kt\u00f3ry po prostu chce rozmawia\u0107. Codzienna kap\u0142a\u0144ska pos\u0142uga pokazuje mi, \u017ce temat\u00f3w do rozm\u00f3w z ksi\u0119dzem jest coraz wi\u0119cej i dzisiaj \u017caden ksi\u0105dz nie mo\u017ce od nich ucieka\u0107, ale - wprost przeciwnie - podejmowa\u0107 nowe wyzwania. To przekonanie sk\u0142oni\u0142o mnie do pr\u00f3by otwarcia tego\u017c bloga, chocia\u017c okazji do rozm\u00f3w na co dzie\u0144 - w konfesjonale i poza nim - na szcz\u0119\u015bcie nie brakuje. My\u015bl\u0119 jednak, \u017ce ten blog b\u0119dzie jeszcze jednym sposobem i przestrzeni\u0105 nawi\u0105zania kontaktu z lud\u017ami dobrej woli, otwartymi na dialog.","url":"https:\/\/gaudiumetspes-blog.pl\/index.php\/author\/ks-jacek\/"}]}},"jetpack_featured_media_url":"","jetpack_sharing_enabled":true,"_links":{"self":[{"href":"https:\/\/gaudiumetspes-blog.pl\/index.php\/wp-json\/wp\/v2\/posts\/9231","targetHints":{"allow":["GET"]}}],"collection":[{"href":"https:\/\/gaudiumetspes-blog.pl\/index.php\/wp-json\/wp\/v2\/posts"}],"about":[{"href":"https:\/\/gaudiumetspes-blog.pl\/index.php\/wp-json\/wp\/v2\/types\/post"}],"author":[{"embeddable":true,"href":"https:\/\/gaudiumetspes-blog.pl\/index.php\/wp-json\/wp\/v2\/users\/1"}],"replies":[{"embeddable":true,"href":"https:\/\/gaudiumetspes-blog.pl\/index.php\/wp-json\/wp\/v2\/comments?post=9231"}],"version-history":[{"count":1,"href":"https:\/\/gaudiumetspes-blog.pl\/index.php\/wp-json\/wp\/v2\/posts\/9231\/revisions"}],"predecessor-version":[{"id":10919,"href":"https:\/\/gaudiumetspes-blog.pl\/index.php\/wp-json\/wp\/v2\/posts\/9231\/revisions\/10919"}],"wp:attachment":[{"href":"https:\/\/gaudiumetspes-blog.pl\/index.php\/wp-json\/wp\/v2\/media?parent=9231"}],"wp:term":[{"taxonomy":"category","embeddable":true,"href":"https:\/\/gaudiumetspes-blog.pl\/index.php\/wp-json\/wp\/v2\/categories?post=9231"},{"taxonomy":"post_tag","embeddable":true,"href":"https:\/\/gaudiumetspes-blog.pl\/index.php\/wp-json\/wp\/v2\/tags?post=9231"}],"curies":[{"name":"wp","href":"https:\/\/api.w.org\/{rel}","templated":true}]}}