{"id":9239,"date":"2013-01-20T07:52:00","date_gmt":"2013-01-20T06:52:00","guid":{"rendered":"https:\/\/gaudiumetspes-blog.pl\/index.php\/2013\/01\/20\/uwierzyli-w-niego-jego-uczniowie\/"},"modified":"2019-07-31T12:53:49","modified_gmt":"2019-07-31T10:53:49","slug":"uwierzyli-w-niego-jego-uczniowie","status":"publish","type":"post","link":"https:\/\/gaudiumetspes-blog.pl\/index.php\/2013\/01\/20\/uwierzyli-w-niego-jego-uczniowie\/","title":{"rendered":"Uwierzyli w Niego Jego uczniowie&#8230;"},"content":{"rendered":"<p><\/p>\n<div align=\"JUSTIFY\" style=\"margin-bottom: 0cm;\">\nNiech b\u0119dzie pochwalony Jezus Chrystus! Moi Drodzy, bardzo dzi\u0119kuj\u0119 Ksi\u0119dzu Markowi i Wam wszystkim za wielkie duchowe dobro, jakie tworzyli\u015bcie na naszym forum przez ostatnie trzy dni! Dzi\u0119kuj\u0119 za ju\u017c &#8211; i prosz\u0119 o kontynuacj\u0119!<\/div>\n<div align=\"JUSTIFY\" style=\"margin-bottom: 0cm;\">\n<b>&nbsp; &nbsp; W dniu wczorajszym Nuncjatura Apostolska w Polsce og\u0142osi\u0142a nominacj\u0119 nowego Biskupa Pomocniczego dla Diecezji Siedleckiej. Zosta\u0142 nim Ksi\u0105dz Piotr Sawczuk, Kanclerz Kurii, Wyk\u0142adowca prawa kanonicznego w Seminarium i w Instytucie Teologicznym. Znam tego Kap\u0142ana i wczoraj dodzwoni\u0142em si\u0119 do Niego z \u017cyczeniami, a dzisiaj prosz\u0119 Was, Kochani, aby\u015bcie wspierali nowego Biskupa swoj\u0105 modlitw\u0105.<\/b><\/div>\n<div align=\"JUSTIFY\" style=\"margin-bottom: 0cm;\">\n<b>&nbsp; &nbsp; &nbsp; <\/b>Na g\u0142\u0119bokie prze\u017cywanie Dnia Pa\u0144skiego przesy\u0142am kap\u0142a\u0144skie b\u0142ogos\u0142awie\u0144stwo: <b>Niech Was b\u0142ogos\u0142awi B\u00f3g Wszechmog\u0105cy:<\/b> <b>Ojciec + i Syn, i Duch \u015awi\u0119ty. Amen<\/b><\/div>\n<div align=\"JUSTIFY\" style=\"margin-bottom: 0cm;\">\n<b>&nbsp; &nbsp; &nbsp; &nbsp; &nbsp; &nbsp; &nbsp;<\/b> Gaudium et spes! &nbsp;Ks. Jacek<\/div>\n<div align=\"JUSTIFY\" style=\"margin-bottom: 0cm;\">\n<b><br \/><\/b><\/div>\n<div align=\"JUSTIFY\" style=\"margin-bottom: 0cm;\">\n<b>2<br \/>\nNiedziela zwyk\u0142a, C,<\/b><\/div>\n<div align=\"JUSTIFY\" style=\"margin-bottom: 0cm;\">\n<b>do<br \/>\nczyta\u0144:  Iz 62,1\u20135;  1 Kor 12,4\u201311;  J 2,1\u201312<\/b><\/div>\n<div align=\"JUSTIFY\" style=\"margin-bottom: 0cm;\">\n\n<\/div>\n<div align=\"JUSTIFY\" style=\"margin-bottom: 0cm; page-break-before: auto;\">\n<b>CZYTANIE<br \/>\nZ KSI\u0118GI PROROKA IZAJASZA:&nbsp;<\/b><\/div>\n<div align=\"JUSTIFY\" style=\"margin-bottom: 0cm; text-indent: 1.24cm;\">\n<b>Przez<br \/>\nwzgl\u0105d na Syjon nie umilkn\u0119, przez wzgl\u0105d na Jerozolim\u0119 nie<br \/>\nspoczn\u0119, dop\u00f3ki jej sprawiedliwo\u015b\u0107 nie b\u0142y\u015bnie jak zorza i<br \/>\nzbawienie jej nie zap\u0142onie jak pochodnia. W\u00f3wczas narody ujrz\u0105 tw\u0105<br \/>\nsprawiedliwo\u015b\u0107 i chwa\u0142\u0119 twoj\u0105 wszyscy kr\u00f3lowie. I nazw\u0105 ci\u0119<br \/>\nnowym imieniem, kt\u00f3re usta Pana oznacz\u0105. B\u0119dziesz prze\u015bliczn\u0105<br \/>\nkoron\u0105 w r\u0119kach Pana, kr\u00f3lewskim diademem w d\u0142oni twego Boga. Nie<br \/>\nb\u0119d\u0105 wi\u0119cej m\u00f3wi\u0107 o tobie \u201ePorzucona\u201d, o krainie twej ju\u017c<br \/>\nnie powiedz\u0105 \u201eSpustoszona\u201d. Raczej ci\u0119 nazw\u0105 \u201eMoje w niej<br \/>\nupodobanie\u201d, a krain\u0119 twoj\u0105 \u201ePo\u015blubiona\u201d. Albowiem<br \/>\nspodoba\u0142a\u015b si\u0119 Panu i twoja kraina otrzyma m\u0119\u017ca. Bo jak<br \/>\nm\u0142odzieniec po\u015blubia dziewic\u0119, tak tw\u00f3j Budowniczy ciebie<br \/>\npo\u015blubi, i jak oblubieniec weseli si\u0119 z oblubienicy, tak B\u00f3g tw\u00f3j<br \/>\ntob\u0105 si\u0119 rozraduje. <\/b>\n<\/div>\n<div align=\"JUSTIFY\" style=\"margin-bottom: 0cm;\">\n\n<\/div>\n<div align=\"JUSTIFY\" style=\"margin-bottom: 0cm;\">\n<b>CZYTANIE<br \/>\nZ PIERWSZEGO LISTU \u015aWI\u0118TEGO PAW\u0141A APOSTO\u0141A DO KORYNTIAN:&nbsp;<\/b><\/div>\n<div align=\"JUSTIFY\" style=\"margin-bottom: 0cm; text-indent: 1.24cm;\">\n<b>Bracia:<br \/>\nR\u00f3\u017cne s\u0105 dary \u0142aski, lecz ten sam Duch; r\u00f3\u017cne te\u017c s\u0105 rodzaje<br \/>\npos\u0142ugiwania, ale jeden Pan; r\u00f3\u017cne s\u0105 wreszcie dzia\u0142ania, lecz<br \/>\nten sam B\u00f3g, sprawca wszystkiego we wszystkim. Wszystkim za\u015b<br \/>\nobjawia si\u0119 Duch dla wsp\u00f3lnego dobra. Jednemu dany jest przez Ducha<br \/>\ndar m\u0105dro\u015bci s\u0142owa, drugiemu umiej\u0119tno\u015b\u0107 poznawania wed\u0142ug<br \/>\ntego samego Ducha, innemu jeszcze dar wiary w tym\u017ce Duchu, innemu<br \/>\n\u0142aska uzdrawiania przez tego samego Ducha, innemu dar czynienia<br \/>\ncud\u00f3w, innemu proroctwo, innemu rozpoznawanie duch\u00f3w, innemu dar<br \/>\nj\u0119zyk\u00f3w i wreszcie innemu \u0142aska t\u0142umaczenia j\u0119zyk\u00f3w. Wszystko<br \/>\nza\u015b sprawia jeden i ten sam Duch, udzielaj\u0105c ka\u017cdemu tak, jak<br \/>\nchce. <\/b>\n<\/div>\n<div align=\"JUSTIFY\" style=\"margin-bottom: 0cm;\">\n\n<\/div>\n<div align=\"JUSTIFY\" style=\"margin-bottom: 0cm;\">\n<b>S\u0141OWA<br \/>\nEWANGELII WED\u0141UG \u015aWI\u0118TEGO JANA:&nbsp;<\/b><\/div>\n<div align=\"JUSTIFY\" style=\"margin-bottom: 0cm; text-indent: 1.22cm;\">\n<b>W<br \/>\nKanie Galilejskiej odbywa\u0142o si\u0119 wesele i by\u0142a tam Matka Jezusa.<br \/>\nZaproszono na to wesele tak\u017ce Jezusa i Jego uczni\u00f3w. A kiedy<br \/>\nzabrak\u0142o wina, Matka Jezusa m\u00f3wi da Niego: \u201eNie maj\u0105 ju\u017c wina\u201d.<br \/>\nJezus Jej odpowiedzia\u0142: \u201eCzy\u017c to moja lub Twoja sprawa,<br \/>\nNiewiasto? Czy\u017c jeszcze nie nadesz\u0142a godzina moja?\u201d Wtedy Matka<br \/>\nJego powiedzia\u0142a do s\u0142ug: \u201eZr\u00f3bcie wszystko, cokolwiek wam<br \/>\npowie\u201d.<\/b><\/div>\n<div align=\"JUSTIFY\" style=\"margin-bottom: 0cm; text-indent: 0.87cm;\">\n<b> Sta\u0142o<br \/>\nza\u015b tam sze\u015b\u0107 st\u0105gwi kamiennych przeznaczonych do \u017cydowskich<br \/>\noczyszcze\u0144, z kt\u00f3rych ka\u017cda mog\u0142a pomie\u015bci\u0107 dwie lub trzy<br \/>\nmiary. Rzek\u0142 do nich Jezus: \u201eNape\u0142nijcie st\u0105gwie wod\u0105\u201d. I<br \/>\nnape\u0142nili je a\u017c po brzegi. Potem do nich powiedzia\u0142:<br \/>\n\u201eZaczerpnijcie teraz i zanie\u015bcie staro\u015bcie weselnemu\u201d. Oni za\u015b<br \/>\nzanie\u015bli.&nbsp;<\/b><\/div>\n<div align=\"JUSTIFY\" style=\"margin-bottom: 0cm; text-indent: 0.87cm;\">\n<b> A<br \/>\ngdy starosta weselny skosztowa\u0142 wody, kt\u00f3ra sta\u0142a si\u0119 winem \u2013<br \/>\nnie wiedzia\u0142 bowiem, sk\u0105d ono pochodzi, ale s\u0142udzy, kt\u00f3rzy<br \/>\nczerpali wod\u0119, wiedzieli \u2013 przywo\u0142a\u0142 pana m\u0142odego i powiedzia\u0142<br \/>\ndo niego: \u201eKa\u017cdy cz\u0142owiek stawia najpierw dobre wino, a gdy si\u0119<br \/>\nnapij\u0105, w\u00f3wczas gorsze. Ty zachowa\u0142e\u015b dobre wino a\u017c do tej<br \/>\npory\u201d.&nbsp;<\/b><\/div>\n<div align=\"JUSTIFY\" style=\"margin-bottom: 0cm; text-indent: 0.87cm;\">\n<b> Taki<br \/>\nto pocz\u0105tek znak\u00f3w uczyni\u0142 Jezus w Kanie Galilejskiej. Objawi\u0142<br \/>\nswoj\u0105 chwa\u0142\u0119 i uwierzyli w Niego Jego uczniowie. Nast\u0119pnie On,<br \/>\nJego Matka, bracia i uczniowie Jego udali si\u0119 do Kafarnaum, gdzie<br \/>\npozostali kilka dni.<\/b><\/div>\n<div align=\"JUSTIFY\" style=\"margin-bottom: 0cm;\">\n\n<\/div>\n<div align=\"JUSTIFY\" style=\"margin-bottom: 0cm; page-break-before: auto; text-indent: 1.25cm;\">\nBy\u0142 taki czas \u2013 i to<br \/>\nczas do\u015b\u0107 d\u0142ugi, bo licz\u0105cy lat oko\u0142o trzydziestu \u2013 kiedy<br \/>\nJezus <b>\u017cy\u0142 w zaciszu<\/b> Domu Nazareta\u0144skiego, zajmuj\u0105c si\u0119<br \/>\ntym, czym zajmowali si\u0119 ludzie w Jego okolicy i nie zwracaj\u0105c na<br \/>\nsiebie szczeg\u00f3lnej uwagi. <b>Przyszed\u0142 jednak moment<\/b>, kiedy<br \/>\nstan\u0105\u0142 nad rzek\u0105 Jordan, kiedy wszed\u0142 do tej rzeki i <b>przyj\u0105\u0142<br \/>\nod Jana chrzest<\/b>. Jan rozpozna\u0142 w Nim tego, kt\u00f3ry <i>mia\u0142<br \/>\nprzyj\u015b\u0107.<\/i> I nast\u0105pi\u0142 moment, w kt\u00f3rym Jezus postanowi\u0142<br \/>\n<b>zgromadzi\u0107 wok\u00f3\u0142 siebie uczni\u00f3w<\/b>, w kt\u00f3rym to po kolei ich<br \/>\npowo\u0142ywa\u0142.\n<\/div>\n<div align=\"JUSTIFY\" style=\"margin-bottom: 0cm; text-indent: 1.25cm;\">\nI<br \/>\nprzyszed\u0142 wreszcie ten moment, o kt\u00f3rym us\u0142yszeli\u015bmy dzisiaj w<br \/>\nEwangelii: <i><b>Objawi\u0142 swoj\u0105 chwa\u0142\u0119 i uwierzyli w Niego Jego<br \/>\nuczniowie.<\/b><\/i> Ju\u017c nie m\u00f3g\u0142 d\u0142u\u017cej \u017cy\u0107 w ciszy<br \/>\nNazareta\u0144skiego Domu, ju\u017c nie m\u00f3g\u0142 d\u0142u\u017cej si\u0119 ukrywa\u0107, bo<br \/>\nprzecie\u017c <b>misja,<\/b> kt\u00f3r\u0105 mia\u0142 do wype\u0142nienia, domaga\u0142a si\u0119<br \/>\ntego, aby <b>us\u0142ysza\u0142 o Nim ca\u0142y \u015bwiat<\/b>.\n<\/div>\n<div align=\"JUSTIFY\" style=\"margin-bottom: 0cm; text-indent: 1.25cm;\">\nNaturalnie,<br \/>\nnie od razu ca\u0142y \u015bwiat o Nim us\u0142ysza\u0142. Do dzisiaj wielu jest<br \/>\ntakich, kt\u00f3rzy o Jezusie nie s\u0142yszeli, albo s\u0142ysze\u0107 nie chc\u0105.<br \/>\nJezus jednak od tego momentu niejednokrotnie dawa\u0142 <b>znaki swojej<br \/>\nBosko\u015bci<\/b> i niejednokrotnie bardzo jasno i konkretnie <b>m\u00f3wi\u0142<br \/>\no sobie<\/b>, bardzo zdecydowanie na siebie wskazywa\u0142 i m\u00f3wi\u0142, <b>\u017ce<br \/>\njest Bogiem<\/b>, \u017ce jest Bo\u017cym Synem.\n<\/div>\n<div align=\"JUSTIFY\" style=\"margin-bottom: 0cm; text-indent: 1.25cm;\">\nUzdrowienia,<br \/>\npokonywanie z\u0142ego ducha i jego knowa\u0144, rozmna\u017canie pokarmu \u2013 to<br \/>\ntylko niekt\u00f3re z licznych cud\u00f3w, kt\u00f3rych Jezus dokonywa\u0142 po to,<br \/>\naby <b>przekona\u0107 ludzi do swojego pos\u0142annictwa<\/b> i do tego, \u017ce<br \/>\nBo\u017ce Kr\u00f3lestwo rozwija si\u0119 ju\u017c na ziemi. Najwi\u0119kszym z owych<br \/>\nznak\u00f3w by\u0142o Zmartwychwstanie. Takie znaczenie ma r\u00f3wnie\u017c i ten<br \/>\ncud, o kt\u00f3rym dzisiaj s\u0142yszeli\u015bmy: <i><b>Uwierzyli w Niego Jego<br \/>\nuczniowie.<\/b><\/i> Jezus jednoznacznie na siebie wskaza\u0142, bardzo<br \/>\n<b>wyra\u017anie si\u0119 okre\u015bli\u0142<\/b> \u2013 kim jest i czego zamierza<br \/>\ndokona\u0107, jak\u0105 postaw\u0119 zamierza przyj\u0105\u0107.\n<\/div>\n<div align=\"JUSTIFY\" style=\"margin-bottom: 0cm; text-indent: 1.25cm;\">\nNaturalnie,<br \/>\nta jednoznaczno\u015b\u0107 <b>nie zawsze zjednywa\u0142a Mu sympati\u0119 otoczenia.<\/b><br \/>\nNieraz spotyka\u0142 si\u0119 z ostrym sprzeciwem, a nawet wrogo\u015bci\u0105,<br \/>\nzagro\u017ceniem \u017cycia ze strony faryzeuszy i uczonych w Pi\u015bmie, kt\u00f3rzy<br \/>\nnie mogli \u2013 lub nie chcieli \u2013 <b>uwierzy\u0107, \u017ce jest <\/b><b>On<br \/>\nS<\/b><b>ynem Bo\u017cym<\/b>. Ale nawet pomimo tego, \u017ce reakcje otoczenia<br \/>\nby\u0142y tak zr\u00f3\u017cnicowane, Jezus nie przesta\u0142 m\u00f3wi\u0107 <b>prawdy o<br \/>\nsobie<\/b> i nie przesta\u0142 <b>w og\u00f3le m\u00f3wi\u0107 prawdy,<\/b> dla kt\u00f3rej<br \/>\nprzyszed\u0142 na ziemi\u0119: <b>prawdy o Bogu i o cz\u0142owieku<\/b>, prawdy o<br \/>\ndobru i o z\u0142u, prawdy o szcz\u0119\u015bciu wiecznym, ale i o wiecznym<br \/>\npot\u0119pieniu. W Jego nauczaniu, w Jego post\u0119powaniu, w Jego podej\u015bciu<br \/>\ndo drugiego cz\u0142owieka <b>nigdy nie by\u0142o dwuznaczno\u015bci<\/b>,<br \/>\njakiego\u015b trwo\u017cliwego udawania, jakiego\u015b grania czy przys\u0142owiowego<br \/>\n\u201echowania g\u0142owy w piasek\u201d.\n<\/div>\n<div align=\"JUSTIFY\" style=\"margin-bottom: 0cm; text-indent: 1.25cm;\">\nJasnym<br \/>\njest zreszt\u0105, \u017ce to w\u0142a\u015bnie taka postawa doprowadzi\u0142a Jezusa na<br \/>\nkrzy\u017c. Ale nie ma i tej w\u0105tpliwo\u015bci, \u017ce <b>dzi\u0119ki takiej<br \/>\npostawie Jezus ostatecznie zwyci\u0119\u017cy\u0142.<\/b> Dzi\u0119ki tej postawie,<br \/>\nkt\u00f3r\u0105 Prorok Izajasz przepi\u0119knie, w pierwszym czytaniu, wyrazi\u0142 w<br \/>\nnast\u0119puj\u0105cych s\u0142owach: <i><b>Przez wzgl\u0105d na Syjon nie umilkn\u0119,<br \/>\nprzez wzgl\u0105d na Jerozolim\u0119 nie spoczn\u0119, dop\u00f3ki jej sprawiedliwo\u015b\u0107<br \/>\nnie b\u0142y\u015bnie jak zorza i zbawienie jej nie zap\u0142onie jak pochodnia.<br \/>\nW\u00f3wczas narody ujrz\u0105 tw\u0105 sprawiedliwo\u015b\u0107 i chwa\u0142\u0119 twoj\u0105<br \/>\nwszyscy kr\u00f3lowie.<\/b><\/i><b> <\/b>\n<\/div>\n<div align=\"JUSTIFY\" style=\"margin-bottom: 0cm; text-indent: 1.25cm;\">\nKochani,<br \/>\nzdaje si\u0119, \u017ce i my <b>\u017cyjemy obecnie w czasach<\/b>, kt\u00f3re<br \/>\ndomagaj\u0105 si\u0119 od nas chrze\u015bcijan, od nas \u2013 przyjaci\u00f3\u0142 Jezusa \u2013<br \/>\n<b>jednoznaczno\u015bci i konkretu.<\/b> W czasach, w kt\u00f3rych prawd\u0119<br \/>\npr\u00f3buje si\u0119 fa\u0142szowa\u0107 na tysi\u0105c sposob\u00f3w, w czasach, w kt\u00f3rych<br \/>\nnieraz trudno jest nam doj\u015b\u0107, po kt\u00f3rej stronie w danej sprawie<br \/>\nle\u017cy prawda, w czasach, <b>w kt\u00f3rych \u201etak\u201d nie zawsze oznacza<br \/>\n\u201etak\u201d, a \u201enie\u201d \u2013 r\u00f3wnie\u017c nie zawsze oznacza \u201enie\u201d;<\/b><br \/>\nw czasach, w kt\u00f3rych zamiast jednoznacznego stwierdzenia: \u201eto jest<br \/>\nprawda\u201d a \u201eto jest fa\u0142sz\u201d \u2013 zwyk\u0142o si\u0119 bardzo cz\u0119sto<br \/>\nm\u00f3wi\u0107: <b>\u201e<\/b><b>a <\/b><b>to zale\u017cy\u201d, \u201e<\/b><b>a <\/b><b>to<br \/>\nsi\u0119 jeszcze zobaczy\u201d;<\/b> w tych czasach, w kt\u00f3rych tak bardzo<br \/>\nbrakuje konkretu i przejrzysto\u015bci \u2013 <b>w\u0142a\u015bnie chrze\u015bcijanin,<br \/>\ncz\u0142owiek nosz\u0105cy imi\u0119 Chrystusa,<\/b> cz\u0142owiek do Niego nale\u017c\u0105cy,<br \/>\nb\u0119d\u0105cy Jego przyjacielem, <b>ma by\u0107<\/b> <b>przejrzysty, konkretny<br \/>\ni jednoznaczny!<\/b>\n<\/div>\n<div align=\"JUSTIFY\" style=\"margin-bottom: 0cm; text-indent: 1.25cm;\">\n<b>To<br \/>\njest potrzeb\u0105 obecnego czasu! To jest nagl\u0105c\u0105 potrzeb\u0105 chwili!<\/b><br \/>\nKa\u017cde w\u0142\u0105czenie telewizora, radia, ka\u017cde otwarcie gazety,<br \/>\ninternetu, przekonuje nas, jak bardzo <b>potrzeba tej przejrzysto\u015bci<\/b>.<br \/>\nS\u0142uchamy wypowiedzi ludzi ze \u201eszklanego ekranu\u201d i nie wiemy, o<br \/>\nco im w og\u00f3le chodzi, a czasami to mo\u017ce nawet wprawia nas w niejaki<br \/>\npodziw umiej\u0119tno\u015b\u0107, <b>z jak\u0105 najprostsz\u0105 spraw\u0119 potrafi\u0105 oni<br \/>\ndo ko\u0144ca zagmatwa\u0107<\/b> i na proste pytania, dotycz\u0105ce naszej<br \/>\nrzeczywisto\u015bci i sytuacji, w jakiej dzi\u015b przysz\u0142o nam \u017cy\u0107,<br \/>\n<b>ludzie ci tak odpowiadaj\u0105, aby wreszcie nic konkretnego nie<br \/>\npowiedzie\u0107<\/b>.\n<\/div>\n<div align=\"JUSTIFY\" style=\"margin-bottom: 0cm; text-indent: 1.25cm;\">\nCzasami<br \/>\nte sytuacje s\u0105 wr\u0119cz absurdalne, bo kto\u015b przez godzin\u0119 b\u0119dzie<br \/>\nprzemawia\u0142, a z jego wypowiedzi <b>nie da si\u0119 wy\u0142owi\u0107 ani jednej<br \/>\nsensownej i jasnej my\u015bli.<\/b> Dla nas jednak to nie oni, a Jezus<br \/>\njest wzorem \u2013 Jezus, kt\u00f3ry bardzo konkretnie i jasno m\u00f3wi\u0142 o<br \/>\nsobie, m\u00f3wi\u0142 prawd\u0119 i zgodnie z t\u0105 jedyn\u0105 prawd\u0105 dzia\u0142a\u0142. I<br \/>\nteraz chodzi o to, aby\u015bmy jak najwi\u0119cej tego wzoru <b>z postawy<br \/>\nJezusa przenie\u015bli do swojego \u017cycia<\/b>, do naszych relacji<br \/>\nwzajemnych, do naszego odniesienia do Boga \u2013 i do samych siebie.<br \/>\nM\u00f3wi\u0105c jeszcze inaczej \u2013 chodzi o to, aby\u015bmy <b>mieli odwag\u0119<br \/>\nprzyj\u0105\u0107 jako prawd\u0119 to, co B\u00f3g b\u0119dzie do nas m\u00f3wi\u0142: <\/b>w<br \/>\nswoim S\u0142owie, w Dekalogu, w Przykazaniu mi\u0142o\u015bci Jego samego i<br \/>\nbli\u017aniego, w g\u0142osie sumienia\u2026\n<\/div>\n<div align=\"JUSTIFY\" style=\"margin-bottom: 0cm; text-indent: 1.25cm;\">\nAby\u015bmy<br \/>\nnie uciekali przed t\u0105 prawd\u0105, ale przyj\u0119li j\u0105 \u2013 <b>w\u0142a\u015bnie<br \/>\njako prawd\u0119 o nas,<\/b> <b>prawd\u0119 o dobru i z\u0142u w nas,<\/b> prawd\u0119<br \/>\no Bogu, prawd\u0119 o \u017cyciu. Aby\u015bmy tej prawdy nie fa\u0142szowali i <b>nie<br \/>\ndopasowywali do siebie<\/b>, do swoich oczekiwa\u0144 i swojej wygody.\n<\/div>\n<div align=\"JUSTIFY\" style=\"margin-bottom: 0cm; text-indent: 1.25cm;\">\nDalej<br \/>\n\u2013 chodzi o to tak\u017ce, aby\u015bmy mieli odwag\u0119 prawd\u0119 o sobie m\u00f3wi\u0107<br \/>\n<b>do Boga na modlitwie<\/b>. Aby\u015bmy ze swoimi prze\u017cyciami,<br \/>\npytaniami, w\u0105tpliwo\u015bciami, a nawet \u2013 pretensjami, je\u017celi takie w<br \/>\nnaszym sercu si\u0119 pojawi\u0105 \u2013 aby\u015bmy z tym wszystkim <b>\u015bmia\u0142o<br \/>\nzwracali si\u0119 do Boga i jasno Mu o tym m\u00f3wili.<\/b> Aby\u015bmy to<br \/>\nczynili szczerze i bardzo konkretnie, aby\u015bmy przed Bogiem <b>niczego<br \/>\nnie ukrywali i nie udawali<\/b>. B\u00f3g na pewno nie obrazi si\u0119 za<br \/>\nnasz\u0105 szczero\u015b\u0107, jak\u0105 wobec Niego zachowamy.\n<\/div>\n<div align=\"JUSTIFY\" style=\"margin-bottom: 0cm; text-indent: 1.25cm;\">\nI<br \/>\nwreszcie \u2013 chodzi tu o to, aby\u015bmy t\u0119 prawd\u0119 potrafili<br \/>\n<b>wypowiedzie\u0107 do drugiego cz\u0142owieka.<\/b> To jest, jak si\u0119 nieraz<br \/>\nokazuje, bardzo trudne. \u0141atwiej jest <b>m\u00f3wi\u0107 o nim, a nie do<br \/>\nniego;<\/b> \u0142atwiej jest m\u00f3wi\u0107 za plecami, a w oczy u\u015bmiecha\u0107 si\u0119<br \/>\ni zapewnia\u0107, \u017ce wszystko jest w porz\u0105dku. Albo chodzi\u0107 nad\u0105sanym<br \/>\ni nie powiedzie\u0107 jasno, w czym jest problem.<\/div>\n<div align=\"JUSTIFY\" style=\"margin-bottom: 0cm; text-indent: 1.25cm;\">\nKochani,<br \/>\nzapewne my wszyscy tu obecni, mogliby\u015bmy za\u015bwiadczy\u0107 i<br \/>\npotwierdzi\u0107, jak bardzo nieraz takie sytuacje <b>popsu\u0142y nam<br \/>\natmosfer\u0119 rodzinn\u0105<\/b>, jak bardzo zawa\u017cy\u0142y na naszych wzajemnych<br \/>\nrelacjach. Bo mo\u017ce by si\u0119 t\u0119 prawd\u0119 powiedzia\u0142o, ale przecie\u017c<br \/>\nten drugi mo\u017ce si\u0119 obrazi\u0107. <b>Albo: <\/b><b>p<\/b><b>o co mam sobie<br \/>\njeszcze \u017cycie komplikowa\u0107 \u2013 <\/b><b>czy <\/b><b>ma\u0142o mam<br \/>\nproblem\u00f3w?<\/b> W ko\u0144cu to nie moja sprawa, tylko jego. Czasami<br \/>\nr\u00f3wnie\u017c towarzysz\u0105 nam takie <b>zwyczajne i bardzo uzasadnione po<br \/>\nludzku obawy<\/b>, \u017ce jasne postawienie sprawy i zaj\u0119cie konkretnego<br \/>\nstanowiska wobec prze\u0142o\u017conego mo\u017ce wi\u0105za\u0107 si\u0119 z okre\u015blonymi<br \/>\nkonsekwencjami, na przyk\u0142ad \u2013 zwolnieniem z pracy.\n<\/div>\n<div align=\"JUSTIFY\" style=\"margin-bottom: 0cm; text-indent: 1.25cm;\">\nA<br \/>\njednak chyba sami te\u017c do\u015bwiadczamy, \u017ce s\u0105 <b>sytuacje, w kt\u00f3rych<br \/>\nju\u017c si\u0119 nie da milcze\u0107<\/b>, w kt\u00f3rych ju\u017c zosta\u0142y na tyle<br \/>\nprzekroczone wszelkie granice fa\u0142szu, \u017ce nawet bez wzgl\u0119du na<br \/>\nkonsekwencje <b>trzeba stan\u0105\u0107 po stronie prawdy,<\/b> gdy\u017c d\u0142u\u017cej<br \/>\nnie da si\u0119 znie\u015b\u0107 ob\u0142udy i zak\u0142amania, bez szkody dla swojego<br \/>\nsumienia.\n<\/div>\n<div align=\"JUSTIFY\" style=\"margin-bottom: 0cm; text-indent: 1.25cm;\">\nMy<br \/>\ndzisiaj chcemy prosi\u0107 Jezusa, aby pom\u00f3g\u0142 nam na tyle kszta\u0142towa\u0107<br \/>\n<b>chrze\u015bcija\u0144sk\u0105 postaw\u0119<\/b> i na tyle <b>umacnia\u0142 nasze serca<br \/>\nodwag\u0105<\/b>, aby\u015bmy zawsze mieli wielkie poczucie swojej ludzkiej i<br \/>\nchrze\u015bcija\u0144skiej godno\u015bci. Nie chodzi tu o postaw\u0119 pychy i<br \/>\nwynios\u0142o\u015bci. Nie! Tu chodzi o postaw\u0119 <b>przejrzysto\u015bci, konkretu<br \/>\ni jednoznaczno\u015bci;<\/b> postaw\u0119, kt\u00f3ra wyrazi si\u0119 w \u015bwiadomo\u015bci,<br \/>\n\u017ce <b>mam swoj\u0105 godno\u015b\u0107, \u017ce mam sw\u00f3j honor, \u017ce mam sw\u00f3j<br \/>\nmoralny kr\u0119gos\u0142up, \u017ce nie jestem chor\u0105giewk\u0105, \u017ce mam swoje<br \/>\nzdanie, sw\u00f3j trze\u017awy os\u0105d rzeczywisto\u015bci<\/b>, <b>\u017ce mam poczucie<br \/>\nswojej warto\u015bci i mam tylko jedn\u0105 twarz, a nie kilka twarzy na<br \/>\nr\u00f3\u017cne okazje<\/b>.\n<\/div>\n<div align=\"JUSTIFY\" style=\"margin-bottom: 0cm; text-indent: 1.25cm;\">\nModlimy<br \/>\nsi\u0119 do Jezusa o umiej\u0119tno\u015b\u0107 takiego m\u00f3wienia prawdy, aby przy<br \/>\ntym <b>nikogo nie obra\u017ca\u0107<\/b> oraz o umiej\u0119tno\u015b\u0107 takiego<br \/>\nprzyj\u0119cia prawdy o sobie, aby przy tym <b>na nikogo<\/b> <b>si\u0119<\/b><br \/>\nnie obra\u017ca\u0107. Aby w spos\u00f3b najbardziej taktowany i pe\u0142en szacunku<br \/>\ndla drugiego cz\u0142owieka, powiedzie\u0107 prawd\u0119, kt\u00f3r\u0105 powiedzie\u0107<br \/>\ntrzeba, aby da\u0107 jej \u015bwiadectwo.\n<\/div>\n<div align=\"JUSTIFY\" style=\"margin-bottom: 0cm; text-indent: 1.25cm;\">\nOto<br \/>\nbowiem dzi\u0119ki Bo\u017cej \u0142askawo\u015bci mo\u017cemy cieszy\u0107 si\u0119 tym darem, o<br \/>\nkt\u00f3rym m\u00f3wi Pawe\u0142 w drugim czytaniu, i\u017c ka\u017cdy i ka\u017cda z nas \u2013<br \/>\nmy wszyscy \u2013 <b>zostali\u015bmy obdarowani <\/b><b>w <\/b><b>r\u00f3\u017cny<br \/>\nspos\u00f3b.<\/b> To wielkie bogactwo, to wielki skarb, \u017ce wszyscy<br \/>\njeste\u015bmy inni, \u017ce jeste\u015bmy tak bardzo oryginalni i r\u00f3\u017cnorodni.<br \/>\nAle to nie mo\u017ce by\u0107 <b>przyczyn\u0105 podzia\u0142\u00f3w i roz\u0142am\u00f3w,<br \/>\nprzyczyn\u0105 sk\u0142\u00f3cenia i niezdrowej rywalizacji<\/b>, czy jakiej\u015b<br \/>\nwzajemnej zazdro\u015bci.\n<\/div>\n<div align=\"JUSTIFY\" style=\"margin-bottom: 0cm; text-indent: 1.25cm;\">\nCzy<br \/>\nzatem w \u015bwietle dzisiejszego Bo\u017cego S\u0142owa mog\u0119 z ca\u0142\u0105 pewno\u015bci\u0105<br \/>\nstwierdzi\u0107, \u017ce <b>jestem chrze\u015bcijaninem odwa\u017cnym?<\/b>&#8230;<\/div>\n","protected":false},"excerpt":{"rendered":"<p>Niech b\u0119dzie pochwalony Jezus Chrystus! Moi Drodzy, bardzo dzi\u0119kuj\u0119 Ksi\u0119dzu Markowi i Wam wszystkim za wielkie duchowe dobro, jakie tworzyli\u015bcie na naszym forum przez ostatnie trzy dni! Dzi\u0119kuj\u0119 za ju\u017c &#8211; i prosz\u0119 o kontynuacj\u0119! &nbsp; &nbsp; W dniu wczorajszym Nuncjatura Apostolska w Polsce og\u0142osi\u0142a nominacj\u0119 nowego Biskupa Pomocniczego dla Diecezji Siedleckiej. Zosta\u0142 nim Ksi\u0105dz [&hellip;]<\/p>\n","protected":false},"author":1,"featured_media":0,"comment_status":"open","ping_status":"open","sticky":false,"template":"","format":"standard","meta":{"jetpack_post_was_ever_published":false,"_jetpack_newsletter_access":"","_jetpack_dont_email_post_to_subs":false,"_jetpack_newsletter_tier_id":0,"_jetpack_memberships_contains_paywalled_content":false,"_jetpack_memberships_contains_paid_content":false,"footnotes":""},"categories":[1],"tags":[],"class_list":["post-9239","post","type-post","status-publish","format-standard","hentry","category-bez-kategorii"],"yoast_head":"<!-- This site is optimized with the Yoast SEO plugin v25.1 - https:\/\/yoast.com\/wordpress\/plugins\/seo\/ -->\n<title>Uwierzyli w Niego Jego uczniowie... - Gaudium Et Spes<\/title>\n<meta name=\"robots\" content=\"index, follow, max-snippet:-1, max-image-preview:large, max-video-preview:-1\" \/>\n<link rel=\"canonical\" href=\"https:\/\/gaudiumetspes-blog.pl\/index.php\/2013\/01\/20\/uwierzyli-w-niego-jego-uczniowie\/\" \/>\n<meta property=\"og:locale\" content=\"pl_PL\" \/>\n<meta property=\"og:type\" content=\"article\" \/>\n<meta property=\"og:title\" content=\"Uwierzyli w Niego Jego uczniowie... - Gaudium Et Spes\" \/>\n<meta property=\"og:description\" content=\"Niech b\u0119dzie pochwalony Jezus Chrystus! Moi Drodzy, bardzo dzi\u0119kuj\u0119 Ksi\u0119dzu Markowi i Wam wszystkim za wielkie duchowe dobro, jakie tworzyli\u015bcie na naszym forum przez ostatnie trzy dni! Dzi\u0119kuj\u0119 za ju\u017c &#8211; i prosz\u0119 o kontynuacj\u0119! &nbsp; &nbsp; W dniu wczorajszym Nuncjatura Apostolska w Polsce og\u0142osi\u0142a nominacj\u0119 nowego Biskupa Pomocniczego dla Diecezji Siedleckiej. Zosta\u0142 nim Ksi\u0105dz [&hellip;]\" \/>\n<meta property=\"og:url\" content=\"https:\/\/gaudiumetspes-blog.pl\/index.php\/2013\/01\/20\/uwierzyli-w-niego-jego-uczniowie\/\" \/>\n<meta property=\"og:site_name\" content=\"Gaudium Et Spes\" \/>\n<meta property=\"article:published_time\" content=\"2013-01-20T06:52:00+00:00\" \/>\n<meta property=\"article:modified_time\" content=\"2019-07-31T10:53:49+00:00\" \/>\n<meta name=\"author\" content=\"Ks. Jacek\" \/>\n<meta name=\"twitter:card\" content=\"summary_large_image\" \/>\n<meta name=\"twitter:label1\" content=\"Napisane przez\" \/>\n\t<meta name=\"twitter:data1\" content=\"Ks. Jacek\" \/>\n\t<meta name=\"twitter:label2\" content=\"Szacowany czas czytania\" \/>\n\t<meta name=\"twitter:data2\" content=\"11 minut\" \/>\n<script type=\"application\/ld+json\" class=\"yoast-schema-graph\">{\"@context\":\"https:\/\/schema.org\",\"@graph\":[{\"@type\":\"WebPage\",\"@id\":\"https:\/\/gaudiumetspes-blog.pl\/index.php\/2013\/01\/20\/uwierzyli-w-niego-jego-uczniowie\/\",\"url\":\"https:\/\/gaudiumetspes-blog.pl\/index.php\/2013\/01\/20\/uwierzyli-w-niego-jego-uczniowie\/\",\"name\":\"Uwierzyli w Niego Jego uczniowie... - Gaudium Et Spes\",\"isPartOf\":{\"@id\":\"https:\/\/gaudiumetspes-blog.pl\/#website\"},\"datePublished\":\"2013-01-20T06:52:00+00:00\",\"dateModified\":\"2019-07-31T10:53:49+00:00\",\"author\":{\"@id\":\"https:\/\/gaudiumetspes-blog.pl\/#\/schema\/person\/1661982992b752dea8dff0d4ed845a65\"},\"breadcrumb\":{\"@id\":\"https:\/\/gaudiumetspes-blog.pl\/index.php\/2013\/01\/20\/uwierzyli-w-niego-jego-uczniowie\/#breadcrumb\"},\"inLanguage\":\"pl-PL\",\"potentialAction\":[{\"@type\":\"ReadAction\",\"target\":[\"https:\/\/gaudiumetspes-blog.pl\/index.php\/2013\/01\/20\/uwierzyli-w-niego-jego-uczniowie\/\"]}]},{\"@type\":\"BreadcrumbList\",\"@id\":\"https:\/\/gaudiumetspes-blog.pl\/index.php\/2013\/01\/20\/uwierzyli-w-niego-jego-uczniowie\/#breadcrumb\",\"itemListElement\":[{\"@type\":\"ListItem\",\"position\":1,\"name\":\"Strona g\u0142\u00f3wna\",\"item\":\"https:\/\/gaudiumetspes-blog.pl\/\"},{\"@type\":\"ListItem\",\"position\":2,\"name\":\"Uwierzyli w&nbsp;Niego Jego uczniowie&#8230;\"}]},{\"@type\":\"WebSite\",\"@id\":\"https:\/\/gaudiumetspes-blog.pl\/#website\",\"url\":\"https:\/\/gaudiumetspes-blog.pl\/\",\"name\":\"Gaudium Et Spes\",\"description\":\"Blog Ks. Jacka Ja\u015bkowskiego\",\"potentialAction\":[{\"@type\":\"SearchAction\",\"target\":{\"@type\":\"EntryPoint\",\"urlTemplate\":\"https:\/\/gaudiumetspes-blog.pl\/?s={search_term_string}\"},\"query-input\":{\"@type\":\"PropertyValueSpecification\",\"valueRequired\":true,\"valueName\":\"search_term_string\"}}],\"inLanguage\":\"pl-PL\"},{\"@type\":\"Person\",\"@id\":\"https:\/\/gaudiumetspes-blog.pl\/#\/schema\/person\/1661982992b752dea8dff0d4ed845a65\",\"name\":\"Ks. Jacek\",\"image\":{\"@type\":\"ImageObject\",\"inLanguage\":\"pl-PL\",\"@id\":\"https:\/\/gaudiumetspes-blog.pl\/#\/schema\/person\/image\/\",\"url\":\"https:\/\/gaudiumetspes-blog.pl\/wp-content\/uploads\/2019\/07\/avatar-JJ-150x150.jpg\",\"contentUrl\":\"https:\/\/gaudiumetspes-blog.pl\/wp-content\/uploads\/2019\/07\/avatar-JJ-150x150.jpg\",\"caption\":\"Ks. Jacek\"},\"description\":\"Witam serdecznie! K\u0142ania si\u0119 Ks. Jacek Ja\u015bkowski. Nie jestem ani kim\u015b wa\u017cnym, ani kim\u015b znanym. Jestem ksi\u0119dzem, kt\u00f3ry po prostu chce rozmawia\u0107. Codzienna kap\u0142a\u0144ska pos\u0142uga pokazuje mi, \u017ce temat\u00f3w do rozm\u00f3w z ksi\u0119dzem jest coraz wi\u0119cej i dzisiaj \u017caden ksi\u0105dz nie mo\u017ce od nich ucieka\u0107, ale - wprost przeciwnie - podejmowa\u0107 nowe wyzwania. To przekonanie sk\u0142oni\u0142o mnie do pr\u00f3by otwarcia tego\u017c bloga, chocia\u017c okazji do rozm\u00f3w na co dzie\u0144 - w konfesjonale i poza nim - na szcz\u0119\u015bcie nie brakuje. My\u015bl\u0119 jednak, \u017ce ten blog b\u0119dzie jeszcze jednym sposobem i przestrzeni\u0105 nawi\u0105zania kontaktu z lud\u017ami dobrej woli, otwartymi na dialog.\",\"url\":\"https:\/\/gaudiumetspes-blog.pl\/index.php\/author\/ks-jacek\/\"}]}<\/script>\n<!-- \/ Yoast SEO plugin. -->","yoast_head_json":{"title":"Uwierzyli w Niego Jego uczniowie... - Gaudium Et Spes","robots":{"index":"index","follow":"follow","max-snippet":"max-snippet:-1","max-image-preview":"max-image-preview:large","max-video-preview":"max-video-preview:-1"},"canonical":"https:\/\/gaudiumetspes-blog.pl\/index.php\/2013\/01\/20\/uwierzyli-w-niego-jego-uczniowie\/","og_locale":"pl_PL","og_type":"article","og_title":"Uwierzyli w Niego Jego uczniowie... - Gaudium Et Spes","og_description":"Niech b\u0119dzie pochwalony Jezus Chrystus! Moi Drodzy, bardzo dzi\u0119kuj\u0119 Ksi\u0119dzu Markowi i Wam wszystkim za wielkie duchowe dobro, jakie tworzyli\u015bcie na naszym forum przez ostatnie trzy dni! Dzi\u0119kuj\u0119 za ju\u017c &#8211; i prosz\u0119 o kontynuacj\u0119! &nbsp; &nbsp; W dniu wczorajszym Nuncjatura Apostolska w Polsce og\u0142osi\u0142a nominacj\u0119 nowego Biskupa Pomocniczego dla Diecezji Siedleckiej. Zosta\u0142 nim Ksi\u0105dz [&hellip;]","og_url":"https:\/\/gaudiumetspes-blog.pl\/index.php\/2013\/01\/20\/uwierzyli-w-niego-jego-uczniowie\/","og_site_name":"Gaudium Et Spes","article_published_time":"2013-01-20T06:52:00+00:00","article_modified_time":"2019-07-31T10:53:49+00:00","author":"Ks. Jacek","twitter_card":"summary_large_image","twitter_misc":{"Napisane przez":"Ks. Jacek","Szacowany czas czytania":"11 minut"},"schema":{"@context":"https:\/\/schema.org","@graph":[{"@type":"WebPage","@id":"https:\/\/gaudiumetspes-blog.pl\/index.php\/2013\/01\/20\/uwierzyli-w-niego-jego-uczniowie\/","url":"https:\/\/gaudiumetspes-blog.pl\/index.php\/2013\/01\/20\/uwierzyli-w-niego-jego-uczniowie\/","name":"Uwierzyli w Niego Jego uczniowie... - Gaudium Et Spes","isPartOf":{"@id":"https:\/\/gaudiumetspes-blog.pl\/#website"},"datePublished":"2013-01-20T06:52:00+00:00","dateModified":"2019-07-31T10:53:49+00:00","author":{"@id":"https:\/\/gaudiumetspes-blog.pl\/#\/schema\/person\/1661982992b752dea8dff0d4ed845a65"},"breadcrumb":{"@id":"https:\/\/gaudiumetspes-blog.pl\/index.php\/2013\/01\/20\/uwierzyli-w-niego-jego-uczniowie\/#breadcrumb"},"inLanguage":"pl-PL","potentialAction":[{"@type":"ReadAction","target":["https:\/\/gaudiumetspes-blog.pl\/index.php\/2013\/01\/20\/uwierzyli-w-niego-jego-uczniowie\/"]}]},{"@type":"BreadcrumbList","@id":"https:\/\/gaudiumetspes-blog.pl\/index.php\/2013\/01\/20\/uwierzyli-w-niego-jego-uczniowie\/#breadcrumb","itemListElement":[{"@type":"ListItem","position":1,"name":"Strona g\u0142\u00f3wna","item":"https:\/\/gaudiumetspes-blog.pl\/"},{"@type":"ListItem","position":2,"name":"Uwierzyli w&nbsp;Niego Jego uczniowie&#8230;"}]},{"@type":"WebSite","@id":"https:\/\/gaudiumetspes-blog.pl\/#website","url":"https:\/\/gaudiumetspes-blog.pl\/","name":"Gaudium Et Spes","description":"Blog Ks. Jacka Ja\u015bkowskiego","potentialAction":[{"@type":"SearchAction","target":{"@type":"EntryPoint","urlTemplate":"https:\/\/gaudiumetspes-blog.pl\/?s={search_term_string}"},"query-input":{"@type":"PropertyValueSpecification","valueRequired":true,"valueName":"search_term_string"}}],"inLanguage":"pl-PL"},{"@type":"Person","@id":"https:\/\/gaudiumetspes-blog.pl\/#\/schema\/person\/1661982992b752dea8dff0d4ed845a65","name":"Ks. Jacek","image":{"@type":"ImageObject","inLanguage":"pl-PL","@id":"https:\/\/gaudiumetspes-blog.pl\/#\/schema\/person\/image\/","url":"https:\/\/gaudiumetspes-blog.pl\/wp-content\/uploads\/2019\/07\/avatar-JJ-150x150.jpg","contentUrl":"https:\/\/gaudiumetspes-blog.pl\/wp-content\/uploads\/2019\/07\/avatar-JJ-150x150.jpg","caption":"Ks. Jacek"},"description":"Witam serdecznie! K\u0142ania si\u0119 Ks. Jacek Ja\u015bkowski. Nie jestem ani kim\u015b wa\u017cnym, ani kim\u015b znanym. Jestem ksi\u0119dzem, kt\u00f3ry po prostu chce rozmawia\u0107. Codzienna kap\u0142a\u0144ska pos\u0142uga pokazuje mi, \u017ce temat\u00f3w do rozm\u00f3w z ksi\u0119dzem jest coraz wi\u0119cej i dzisiaj \u017caden ksi\u0105dz nie mo\u017ce od nich ucieka\u0107, ale - wprost przeciwnie - podejmowa\u0107 nowe wyzwania. To przekonanie sk\u0142oni\u0142o mnie do pr\u00f3by otwarcia tego\u017c bloga, chocia\u017c okazji do rozm\u00f3w na co dzie\u0144 - w konfesjonale i poza nim - na szcz\u0119\u015bcie nie brakuje. My\u015bl\u0119 jednak, \u017ce ten blog b\u0119dzie jeszcze jednym sposobem i przestrzeni\u0105 nawi\u0105zania kontaktu z lud\u017ami dobrej woli, otwartymi na dialog.","url":"https:\/\/gaudiumetspes-blog.pl\/index.php\/author\/ks-jacek\/"}]}},"jetpack_featured_media_url":"","jetpack_sharing_enabled":true,"_links":{"self":[{"href":"https:\/\/gaudiumetspes-blog.pl\/index.php\/wp-json\/wp\/v2\/posts\/9239","targetHints":{"allow":["GET"]}}],"collection":[{"href":"https:\/\/gaudiumetspes-blog.pl\/index.php\/wp-json\/wp\/v2\/posts"}],"about":[{"href":"https:\/\/gaudiumetspes-blog.pl\/index.php\/wp-json\/wp\/v2\/types\/post"}],"author":[{"embeddable":true,"href":"https:\/\/gaudiumetspes-blog.pl\/index.php\/wp-json\/wp\/v2\/users\/1"}],"replies":[{"embeddable":true,"href":"https:\/\/gaudiumetspes-blog.pl\/index.php\/wp-json\/wp\/v2\/comments?post=9239"}],"version-history":[{"count":1,"href":"https:\/\/gaudiumetspes-blog.pl\/index.php\/wp-json\/wp\/v2\/posts\/9239\/revisions"}],"predecessor-version":[{"id":10908,"href":"https:\/\/gaudiumetspes-blog.pl\/index.php\/wp-json\/wp\/v2\/posts\/9239\/revisions\/10908"}],"wp:attachment":[{"href":"https:\/\/gaudiumetspes-blog.pl\/index.php\/wp-json\/wp\/v2\/media?parent=9239"}],"wp:term":[{"taxonomy":"category","embeddable":true,"href":"https:\/\/gaudiumetspes-blog.pl\/index.php\/wp-json\/wp\/v2\/categories?post=9239"},{"taxonomy":"post_tag","embeddable":true,"href":"https:\/\/gaudiumetspes-blog.pl\/index.php\/wp-json\/wp\/v2\/tags?post=9239"}],"curies":[{"name":"wp","href":"https:\/\/api.w.org\/{rel}","templated":true}]}}