{"id":9244,"date":"2013-01-15T07:39:00","date_gmt":"2013-01-15T06:39:00","guid":{"rendered":"https:\/\/gaudiumetspes-blog.pl\/index.php\/2013\/01\/15\/kto-moze-nauczac-z-moca\/"},"modified":"2019-07-31T12:53:48","modified_gmt":"2019-07-31T10:53:48","slug":"kto-moze-nauczac-z-moca","status":"publish","type":"post","link":"https:\/\/gaudiumetspes-blog.pl\/index.php\/2013\/01\/15\/kto-moze-nauczac-z-moca\/","title":{"rendered":"Kto mo\u017ce naucza\u0107 z moc\u0105?"},"content":{"rendered":"<p><\/p>\n<div align=\"JUSTIFY\" style=\"margin-bottom: 0cm;\">\nSzcz\u0119\u015b\u0107 Bo\u017ce! Moi Drodzy, uzyska\u0142em zapewnienie, \u017ce &#8222;s\u0142\u00f3wko&#8221; z Syberii b\u0119dziemy mieli w drugiej po\u0142owie tygodnia. Dzisiaj Marek wyrusza na kolejny objazd po swojej Parafii &#8211; jakie\u015b 450 kilometr\u00f3w w jedn\u0105 stron\u0119&#8230; Wspierajmy Go modlitw\u0105.<\/div>\n<div align=\"JUSTIFY\" style=\"margin-bottom: 0cm;\">\n&nbsp; &nbsp; &nbsp;A oto kilka refleksji na temat dzisiejszego S\u0142owa Bo\u017cego&#8230;<\/div>\n<div align=\"JUSTIFY\" style=\"margin-bottom: 0cm;\">\n&nbsp; &nbsp; &nbsp; &nbsp; &nbsp; &nbsp;Gaudium et spes! &nbsp;Ks. Jacek<\/div>\n<div align=\"JUSTIFY\" style=\"margin-bottom: 0cm;\">\n<b><br \/><\/b><\/div>\n<div align=\"JUSTIFY\" style=\"margin-bottom: 0cm;\">\n<b>Wtorek<br \/>\n1 tygodnia zwyk\u0142ego, rok I,<\/b><\/div>\n<div align=\"JUSTIFY\" style=\"margin-bottom: 0cm;\">\n<b>do<br \/>\nczyta\u0144:  Hbr 2,5\u201312;  Mk 1,21\u201328<\/b><\/div>\n<div align=\"JUSTIFY\" style=\"margin-bottom: 0cm;\">\n\n<\/div>\n<div align=\"JUSTIFY\" style=\"margin-bottom: 0cm; page-break-before: auto;\">\n<b>CZYTANIE<br \/>\nZ LISTU DO HEBRAJCZYK\u00d3W:&nbsp;<\/b><\/div>\n<div align=\"JUSTIFY\" style=\"margin-bottom: 0cm; text-indent: 1.22cm;\">\n<b>Nie<br \/>\nanio\u0142om B\u00f3g podda\u0142 przysz\u0142y \u015bwiat, o kt\u00f3rym m\u00f3wimy. Kto\u015b to<br \/>\ngdzie\u015b stwierdzi\u0142 uroczy\u015bcie, m\u00f3wi\u0105c: \u201eCzym jest cz\u0142owiek, \u017ce<br \/>\npami\u0119tasz o nim, albo syn cz\u0142owieczy, \u017ce si\u0119 troszczysz o niego;<br \/>\nma\u0142o co mniejszym uczyni\u0142e\u015b go od anio\u0142\u00f3w, chwa\u0142\u0105 i czci\u0105<br \/>\nuwie\u0144czy\u0142e\u015b go. Wszystko podda\u0142e\u015b pod nogi jego\u201d.<\/b><\/div>\n<div align=\"JUSTIFY\" style=\"margin-bottom: 0cm; text-indent: 0.87cm;\">\n<b> Poniewa\u017c<br \/>\nza\u015b podda\u0142 Mu wszystko, nic nie zostawi\u0142 nie poddanego Jemu. Teraz<br \/>\nwszak\u017ce nie widzimy jeszcze, aby wszystko by\u0142o Mu poddane. Widzimy<br \/>\nnatomiast Jezusa, kt\u00f3ry ma\u0142o od anio\u0142\u00f3w by\u0142 pomniejszony, chwa\u0142\u0105<br \/>\ni czci\u0105 ukoronowanego za cierpienia \u015bmierci, i\u017c z \u0142aski Bo\u017cej za<br \/>\nwszystkich zazna\u0142 \u015bmierci.&nbsp;<\/b><\/div>\n<div align=\"JUSTIFY\" style=\"margin-bottom: 0cm; text-indent: 0.87cm;\">\n<b> Przysta\u0142o<br \/>\nbowiem Temu, dla kt\u00f3rego wszystko i przez kt\u00f3rego wszystko, kt\u00f3ry<br \/>\nwielu syn\u00f3w do chwa\u0142y doprowadza, aby przewodnika ich zbawienia<br \/>\nudoskonali\u0142 przez cierpienie. Tak bowiem Ten, kt\u00f3ry u\u015bwi\u0119ca, jak<br \/>\nci, kt\u00f3rzy maj\u0105 by\u0107 u\u015bwi\u0119ceni, z jednego s\u0105 wszyscy. Z tej to<br \/>\nprzyczyny nie wstydzi si\u0119 nazwa\u0107 ich bra\u0107mi swymi, m\u00f3wi\u0105c:<br \/>\n\u201eOznajmi\u0119 imi\u0119 Twoje braciom moim, w po\u015brodku zgromadzenia b\u0119d\u0119<br \/>\nCi\u0119 wychwala\u0142\u201d.<\/b><\/div>\n<div align=\"JUSTIFY\" style=\"margin-bottom: 0cm;\">\n\n<\/div>\n<div align=\"JUSTIFY\" style=\"margin-bottom: 0cm;\">\n<b>S\u0141OWA<br \/>\nEWANGELII WED\u0141UG \u015aWI\u0118TEGO MARKA:&nbsp;<\/b><\/div>\n<div align=\"JUSTIFY\" style=\"margin-bottom: 0cm; text-indent: 1.22cm;\">\n<b>W<br \/>\nmie\u015bcie Kafarnaum Jezus w szabat wszed\u0142 do synagogi i naucza\u0142.<br \/>\nZdumiewali si\u0119 Jego nauk\u0105: uczy\u0142 ich bowiem jak ten, kt\u00f3ry ma<br \/>\nw\u0142adz\u0119, a nie jak uczeni w Pi\u015bmie.<\/b><\/div>\n<div align=\"JUSTIFY\" style=\"margin-bottom: 0cm; text-indent: 0.87cm;\">\n<b> By\u0142<br \/>\nw\u0142a\u015bnie w synagodze cz\u0142owiek op\u0119tany przez ducha nieczystego.<br \/>\nZacz\u0105\u0142 on wo\u0142a\u0107: \u201eCzego chcesz od nas, Jezusie Nazarejczyku?<br \/>\nPrzyszed\u0142e\u015b nas zgubi\u0107. Wiem, kto jeste\u015b: \u015awi\u0119ty Bo\u017cy\u201d. Lecz<br \/>\nJezus rozkaza\u0142 mu surowo: \u201eMilcz i wyjd\u017a z niego&#8221;. Wtedy<br \/>\nduch nieczysty zacz\u0105\u0142 go targa\u0107 i z g\u0142o\u015bnym krzykiem wyszed\u0142 z<br \/>\nniego.&nbsp;<\/b><\/div>\n<div align=\"JUSTIFY\" style=\"margin-bottom: 0cm; text-indent: 0.87cm;\">\n<b> A<br \/>\nwszyscy si\u0119 zdumieli, tak \u017ce jeden drugiego pyta\u0142: \u201eCo to jest?<br \/>\nNowa jaka\u015b nauka z moc\u0105. Nawet duchom nieczystym rozkazuje i s\u0105 Mu<br \/>\npos\u0142uszne\u201d. I wnet rozesz\u0142a si\u0119 wie\u015b\u0107 o Nim wsz\u0119dzie po ca\u0142ej<br \/>\nokolicznej krainie galilejskiej.<\/b><\/div>\n<div align=\"JUSTIFY\" style=\"margin-bottom: 0cm;\">\n\n<\/div>\n<div align=\"JUSTIFY\" style=\"margin-bottom: 0cm; page-break-before: auto; text-indent: 1.22cm;\">\n<i><b>Uczy\u0142<br \/>\nich bowiem jak ten, kt\u00f3ry ma w\u0142adz\u0119, a nie jak uczeni w Pi\u015bmie<\/b><\/i><b>.<br \/>\n<\/b>Uczy\u0142 ich, jak ten, kt\u00f3ry ma w\u0142adz\u0119.<br \/>\n<b>Czyli jak?&#8230;<\/b> A nie m\u00f3wi\u0142 tak, jak to zwykli czyni\u0107 uczeni<br \/>\nw Pi\u015bmie. <b>Czyli jak?&#8230;.<\/b> W\u0142a\u015bnie \u2013 czym si\u0119 r\u00f3\u017cni mowa<br \/>\njedna od drugiej? Czym si\u0119 r\u00f3\u017cni <b>nauczanie tego, kto ma w\u0142adz\u0119,<br \/>\nod tego, kto jej nie ma,<\/b> chocia\u017c wydaje mu si\u0119, \u017ce ma? Czym<br \/>\nsi\u0119 r\u00f3\u017cni nauczanie <b>cz\u0142owieka Bo\u017cego,<\/b> od tego, kto w<br \/>\nza\u0142o\u017ceniach tylko jest cz\u0142owiekiem Bo\u017cym, a w rzeczywisto\u015bci<br \/>\njest jedynie <b>pozoran<\/b><b>tem i cz\u0142owiekiem ziemskim? <\/b>\n<\/div>\n<div align=\"JUSTIFY\" style=\"margin-bottom: 0cm; text-indent: 1.22cm;\">\nMy\u015bl\u0119,<br \/>\n\u017ce jasne wskazanie tego, <b>na czym polega nauka, g\u0142oszona przez<br \/>\nkogo\u015b maj\u0105cego w\u0142adz\u0119,<\/b> odnajdujemy w ostatniej cz\u0119\u015bci<br \/>\ndzisiejszej perykopy ewangelicznej. S\u0142yszymy tam s\u0142owa zachwytu nad<br \/>\nnauk\u0105 Jezusa i nierozerwalnie z ni\u0105 zwi\u0105zanymi dzie\u0142ami,<br \/>\ndokonanymi przez Pana: <i><b>Co<br \/>\nto jest<\/b><\/i><b>?<br \/>\n<\/b><i><b>Nowa<br \/>\njaka\u015b nauka z moc\u0105. Nawet duchom nieczystym rozkazuje i s\u0105 Mu<br \/>\npos\u0142uszne<\/b><\/i><b>!<\/b><br \/>\nOt\u00f3\u017c w\u0142a\u015bnie!<\/div>\n<div align=\"JUSTIFY\" style=\"margin-bottom: 0cm; text-indent: 1.22cm;\">\nNauka<br \/>\nz moc\u0105 <b>sprawia to, co og\u0142asza. <\/b>Nauka bez mocy \u2013 to <b>jedynie<br \/>\npuste s\u0142owa.<\/b> Nauk\u0119 z moc\u0105 mo\u017ce g\u0142osi\u0107 ten, kto ma w\u0142adz\u0119.<br \/>\n<b>Czyli Jezus. <\/b>Bo tylko On ma pe\u0142n\u0105 w\u0142adz\u0119 nad \u015bwiatem i<br \/>\nwszech\u015bwiatem, i nad ka\u017cdym ludzkim sercem. My takiej w\u0142adzy nie<br \/>\nmamy \u2013 <b>i nie pr\u00f3bujemy jej sobie przypisywa\u0107,<\/b> bo gdyby\u015bmy<br \/>\npr\u00f3bowali, to szybko by\u015bmy dor\u00f3wnali owym uczonym w Pi\u015bmie i<br \/>\nfaryzeuszom, <b>kt\u00f3rym si\u0119 wydawa\u0142o, \u017ce w\u0142adz\u0119 maj\u0105<\/b> \u2013 i<br \/>\nto w\u0142adz\u0119 wr\u0119cz nieograniczon\u0105 nad ludzkimi sercami.\n<\/div>\n<div align=\"JUSTIFY\" style=\"margin-bottom: 0cm; text-indent: 1.22cm;\">\nMy<br \/>\ntego nie czynimy, natomiast je\u017celi chcemy, aby nasza nauka by\u0142a<br \/>\nnauk\u0105 z moc\u0105, musimy sprawi\u0107, aby <b>t\u0119 w\u0142adz\u0119 mia\u0142 w naszym<br \/>\n\u017cyciu i nad naszym \u017cyciem Jezus Chrystus.<\/b> A wtedy nasze s\u0142owa<br \/>\nb\u0119d\u0105 w zgodzie z Jego s\u0142owami, b\u0119dziemy <b>m\u00f3wi\u0107 w Jego<br \/>\nimieniu, Jego moc\u0105, Jego w\u0142adz\u0105<\/b>&#8230;\n<\/div>\n<div align=\"JUSTIFY\" style=\"margin-bottom: 0cm; text-indent: 1.22cm;\">\nTak<br \/>\ncz\u0119sto s\u0142yszy si\u0119 s\u0142owa skargi, zw\u0142aszcza ze strony starszych<br \/>\nrodzic\u00f3w, kt\u00f3rzy biadol\u0105 nad swoimi dzie\u0107mi, \u017ce <b>tyle ich<br \/>\nupominaj\u0105, przypominaj\u0105, <\/b>tyle ich zach\u0119caj\u0105, tyle sposob\u00f3w<br \/>\npr\u00f3buj\u0105 \u2013 i pro\u015bb\u0105, i gro\u017ab\u0105 \u2013 a te <b>jak na z\u0142o\u015b\u0107 nie<br \/>\nchc\u0105 chodzi\u0107 do ko\u015bcio\u0142a, albo jeszcze co\u015b innego robi\u0105 nie<br \/>\ntak, jakby rodzice chcieli.<\/b> A czasami post\u0119puj\u0105 w spos\u00f3b wr\u0119cz<br \/>\nbardzo b\u0142\u0119dny i grzeszny&#8230; I c\u00f3\u017c na to poradzi\u0107, kiedy rodzice<br \/>\ntyle m\u00f3wi\u0105 i m\u00f3wi\u0105, a ich nauka nie przynosi \u017cadnego skutku. <b>Nie<br \/>\njest nauk\u0105 z moc\u0105. Nie sprawia tego, co og\u0142asza. Dlaczego?<\/b><\/div>\n<div align=\"JUSTIFY\" style=\"margin-bottom: 0cm; text-indent: 1.22cm;\">\nOczywi\u015bcie,<br \/>\npowod\u00f3w mo\u017ce by\u0107 tysi\u0105c, tak\u017ce tych po stronie upartych dzieci,<br \/>\nale <b>mo\u017ce by\u0107 i tak, \u017ce taka matka bardziej siebie sam\u0105<br \/>\npromuje,<\/b> bardziej chce na swoim postawi\u0107, bardziej chce<br \/>\npodporz\u0105dkowa\u0107 sobie takie doros\u0142e dziecko, <b>ani\u017celi<br \/>\ndoprowadzi\u0107 je do Jezusa.<\/b> Bo gdyby chcia\u0142a naprawd\u0119<br \/>\ndoprowadzi\u0107 je do Jezusa, <b>to wi\u0119cej by si\u0119 za nie modli\u0142a i<br \/>\nzach\u0119ca\u0142a,<\/b> a na pewno by nie przeklina\u0142a, z\u0142orzeczy\u0142a,<br \/>\npomstowa\u0142a, wrzeszcza\u0142a&#8230; \u2013 tak, jak uczeni w Pi\u015bmie i<br \/>\nfaryzeusze.<\/div>\n<div align=\"JUSTIFY\" style=\"margin-bottom: 0cm; text-indent: 1.22cm;\">\nKochani,<br \/>\nw pierwszym czytaniu Jezus ukazany jest jako Zbawiciel \u015bwiata i<br \/>\nka\u017cdego cz\u0142owieka. <b>Tylko On zbawia. Nikt inny. <\/b>Nie zbawi<br \/>\ncz\u0142owieka matka, nie zbawi ojciec, nie zbawi m\u0105\u017c, ani \u017cona; nie<br \/>\nzbawi cz\u0142owieka nawet Ojciec \u015awi\u0119ty! <b>Cz\u0142owieka nigdy nie zbawi<br \/>\ndrugi cz\u0142owiek.<\/b> Cz\u0142owieka mo\u017ce zbawi\u0107 tylko Jezus Chrystus,<br \/>\njedyny Zbawiciel. Drugi cz\u0142owiek natomiast <b>mo\u017ce si\u0119 do tego<br \/>\nzbawienia przyczyni\u0107,<\/b> m\u00f3wi\u0105c i dzia\u0142aj\u0105c w imieniu Jezusa.<br \/>\nWtedy jego nauka b\u0119dzie nauk\u0105 z moc\u0105 i b\u0119dzie sprawia\u0142a to, co<br \/>\ng\u0142osi.\n<\/div>\n<div align=\"JUSTIFY\" style=\"margin-bottom: 0cm; text-indent: 1.22cm;\">\nAle<br \/>\nwarunek jedyny i najwa\u017cniejszy jest taki: <b>m\u00f3wi\u0107 w imi\u0119 Jezusa,<br \/>\nm\u00f3wi\u0107 Jego s\u0142owami, m\u00f3wi\u0107 w Jego spos\u00f3b, podda\u0107 si\u0119<br \/>\nca\u0142kowicie Jego w\u0142adzy<\/b>. I szuka\u0107 w tym wszystkim Jego \u2013 a<br \/>\nnie siebie&#8230;&nbsp;\n<\/div>\n","protected":false},"excerpt":{"rendered":"<p>Szcz\u0119\u015b\u0107 Bo\u017ce! Moi Drodzy, uzyska\u0142em zapewnienie, \u017ce &#8222;s\u0142\u00f3wko&#8221; z Syberii b\u0119dziemy mieli w drugiej po\u0142owie tygodnia. Dzisiaj Marek wyrusza na kolejny objazd po swojej Parafii &#8211; jakie\u015b 450 kilometr\u00f3w w jedn\u0105 stron\u0119&#8230; Wspierajmy Go modlitw\u0105. &nbsp; &nbsp; &nbsp;A oto kilka refleksji na temat dzisiejszego S\u0142owa Bo\u017cego&#8230; &nbsp; &nbsp; &nbsp; &nbsp; &nbsp; &nbsp;Gaudium et spes! &nbsp;Ks. [&hellip;]<\/p>\n","protected":false},"author":1,"featured_media":0,"comment_status":"open","ping_status":"open","sticky":false,"template":"","format":"standard","meta":{"jetpack_post_was_ever_published":false,"_jetpack_newsletter_access":"","_jetpack_dont_email_post_to_subs":false,"_jetpack_newsletter_tier_id":0,"_jetpack_memberships_contains_paywalled_content":false,"_jetpack_memberships_contains_paid_content":false,"footnotes":""},"categories":[1],"tags":[],"class_list":["post-9244","post","type-post","status-publish","format-standard","hentry","category-bez-kategorii"],"yoast_head":"<!-- This site is optimized with the Yoast SEO plugin v25.1 - https:\/\/yoast.com\/wordpress\/plugins\/seo\/ -->\n<title>Kto mo\u017ce naucza\u0107 z moc\u0105? - Gaudium Et Spes<\/title>\n<meta name=\"robots\" content=\"index, follow, max-snippet:-1, max-image-preview:large, max-video-preview:-1\" \/>\n<link rel=\"canonical\" href=\"https:\/\/gaudiumetspes-blog.pl\/index.php\/2013\/01\/15\/kto-moze-nauczac-z-moca\/\" \/>\n<meta property=\"og:locale\" content=\"pl_PL\" \/>\n<meta property=\"og:type\" content=\"article\" \/>\n<meta property=\"og:title\" content=\"Kto mo\u017ce naucza\u0107 z moc\u0105? - Gaudium Et Spes\" \/>\n<meta property=\"og:description\" content=\"Szcz\u0119\u015b\u0107 Bo\u017ce! Moi Drodzy, uzyska\u0142em zapewnienie, \u017ce &#8222;s\u0142\u00f3wko&#8221; z Syberii b\u0119dziemy mieli w drugiej po\u0142owie tygodnia. Dzisiaj Marek wyrusza na kolejny objazd po swojej Parafii &#8211; jakie\u015b 450 kilometr\u00f3w w jedn\u0105 stron\u0119&#8230; Wspierajmy Go modlitw\u0105. &nbsp; &nbsp; &nbsp;A oto kilka refleksji na temat dzisiejszego S\u0142owa Bo\u017cego&#8230; &nbsp; &nbsp; &nbsp; &nbsp; &nbsp; &nbsp;Gaudium et spes! &nbsp;Ks. [&hellip;]\" \/>\n<meta property=\"og:url\" content=\"https:\/\/gaudiumetspes-blog.pl\/index.php\/2013\/01\/15\/kto-moze-nauczac-z-moca\/\" \/>\n<meta property=\"og:site_name\" content=\"Gaudium Et Spes\" \/>\n<meta property=\"article:published_time\" content=\"2013-01-15T06:39:00+00:00\" \/>\n<meta property=\"article:modified_time\" content=\"2019-07-31T10:53:48+00:00\" \/>\n<meta name=\"author\" content=\"Ks. Jacek\" \/>\n<meta name=\"twitter:card\" content=\"summary_large_image\" \/>\n<meta name=\"twitter:label1\" content=\"Napisane przez\" \/>\n\t<meta name=\"twitter:data1\" content=\"Ks. Jacek\" \/>\n\t<meta name=\"twitter:label2\" content=\"Szacowany czas czytania\" \/>\n\t<meta name=\"twitter:data2\" content=\"5 minut\" \/>\n<script type=\"application\/ld+json\" class=\"yoast-schema-graph\">{\"@context\":\"https:\/\/schema.org\",\"@graph\":[{\"@type\":\"WebPage\",\"@id\":\"https:\/\/gaudiumetspes-blog.pl\/index.php\/2013\/01\/15\/kto-moze-nauczac-z-moca\/\",\"url\":\"https:\/\/gaudiumetspes-blog.pl\/index.php\/2013\/01\/15\/kto-moze-nauczac-z-moca\/\",\"name\":\"Kto mo\u017ce naucza\u0107 z moc\u0105? - Gaudium Et Spes\",\"isPartOf\":{\"@id\":\"https:\/\/gaudiumetspes-blog.pl\/#website\"},\"datePublished\":\"2013-01-15T06:39:00+00:00\",\"dateModified\":\"2019-07-31T10:53:48+00:00\",\"author\":{\"@id\":\"https:\/\/gaudiumetspes-blog.pl\/#\/schema\/person\/1661982992b752dea8dff0d4ed845a65\"},\"breadcrumb\":{\"@id\":\"https:\/\/gaudiumetspes-blog.pl\/index.php\/2013\/01\/15\/kto-moze-nauczac-z-moca\/#breadcrumb\"},\"inLanguage\":\"pl-PL\",\"potentialAction\":[{\"@type\":\"ReadAction\",\"target\":[\"https:\/\/gaudiumetspes-blog.pl\/index.php\/2013\/01\/15\/kto-moze-nauczac-z-moca\/\"]}]},{\"@type\":\"BreadcrumbList\",\"@id\":\"https:\/\/gaudiumetspes-blog.pl\/index.php\/2013\/01\/15\/kto-moze-nauczac-z-moca\/#breadcrumb\",\"itemListElement\":[{\"@type\":\"ListItem\",\"position\":1,\"name\":\"Strona g\u0142\u00f3wna\",\"item\":\"https:\/\/gaudiumetspes-blog.pl\/\"},{\"@type\":\"ListItem\",\"position\":2,\"name\":\"Kto mo\u017ce naucza\u0107 z&nbsp;moc\u0105?\"}]},{\"@type\":\"WebSite\",\"@id\":\"https:\/\/gaudiumetspes-blog.pl\/#website\",\"url\":\"https:\/\/gaudiumetspes-blog.pl\/\",\"name\":\"Gaudium Et Spes\",\"description\":\"Blog Ks. Jacka Ja\u015bkowskiego\",\"potentialAction\":[{\"@type\":\"SearchAction\",\"target\":{\"@type\":\"EntryPoint\",\"urlTemplate\":\"https:\/\/gaudiumetspes-blog.pl\/?s={search_term_string}\"},\"query-input\":{\"@type\":\"PropertyValueSpecification\",\"valueRequired\":true,\"valueName\":\"search_term_string\"}}],\"inLanguage\":\"pl-PL\"},{\"@type\":\"Person\",\"@id\":\"https:\/\/gaudiumetspes-blog.pl\/#\/schema\/person\/1661982992b752dea8dff0d4ed845a65\",\"name\":\"Ks. Jacek\",\"image\":{\"@type\":\"ImageObject\",\"inLanguage\":\"pl-PL\",\"@id\":\"https:\/\/gaudiumetspes-blog.pl\/#\/schema\/person\/image\/\",\"url\":\"https:\/\/gaudiumetspes-blog.pl\/wp-content\/uploads\/2019\/07\/avatar-JJ-150x150.jpg\",\"contentUrl\":\"https:\/\/gaudiumetspes-blog.pl\/wp-content\/uploads\/2019\/07\/avatar-JJ-150x150.jpg\",\"caption\":\"Ks. Jacek\"},\"description\":\"Witam serdecznie! K\u0142ania si\u0119 Ks. Jacek Ja\u015bkowski. Nie jestem ani kim\u015b wa\u017cnym, ani kim\u015b znanym. Jestem ksi\u0119dzem, kt\u00f3ry po prostu chce rozmawia\u0107. Codzienna kap\u0142a\u0144ska pos\u0142uga pokazuje mi, \u017ce temat\u00f3w do rozm\u00f3w z ksi\u0119dzem jest coraz wi\u0119cej i dzisiaj \u017caden ksi\u0105dz nie mo\u017ce od nich ucieka\u0107, ale - wprost przeciwnie - podejmowa\u0107 nowe wyzwania. To przekonanie sk\u0142oni\u0142o mnie do pr\u00f3by otwarcia tego\u017c bloga, chocia\u017c okazji do rozm\u00f3w na co dzie\u0144 - w konfesjonale i poza nim - na szcz\u0119\u015bcie nie brakuje. My\u015bl\u0119 jednak, \u017ce ten blog b\u0119dzie jeszcze jednym sposobem i przestrzeni\u0105 nawi\u0105zania kontaktu z lud\u017ami dobrej woli, otwartymi na dialog.\",\"url\":\"https:\/\/gaudiumetspes-blog.pl\/index.php\/author\/ks-jacek\/\"}]}<\/script>\n<!-- \/ Yoast SEO plugin. -->","yoast_head_json":{"title":"Kto mo\u017ce naucza\u0107 z moc\u0105? - Gaudium Et Spes","robots":{"index":"index","follow":"follow","max-snippet":"max-snippet:-1","max-image-preview":"max-image-preview:large","max-video-preview":"max-video-preview:-1"},"canonical":"https:\/\/gaudiumetspes-blog.pl\/index.php\/2013\/01\/15\/kto-moze-nauczac-z-moca\/","og_locale":"pl_PL","og_type":"article","og_title":"Kto mo\u017ce naucza\u0107 z moc\u0105? - Gaudium Et Spes","og_description":"Szcz\u0119\u015b\u0107 Bo\u017ce! Moi Drodzy, uzyska\u0142em zapewnienie, \u017ce &#8222;s\u0142\u00f3wko&#8221; z Syberii b\u0119dziemy mieli w drugiej po\u0142owie tygodnia. Dzisiaj Marek wyrusza na kolejny objazd po swojej Parafii &#8211; jakie\u015b 450 kilometr\u00f3w w jedn\u0105 stron\u0119&#8230; Wspierajmy Go modlitw\u0105. &nbsp; &nbsp; &nbsp;A oto kilka refleksji na temat dzisiejszego S\u0142owa Bo\u017cego&#8230; &nbsp; &nbsp; &nbsp; &nbsp; &nbsp; &nbsp;Gaudium et spes! &nbsp;Ks. [&hellip;]","og_url":"https:\/\/gaudiumetspes-blog.pl\/index.php\/2013\/01\/15\/kto-moze-nauczac-z-moca\/","og_site_name":"Gaudium Et Spes","article_published_time":"2013-01-15T06:39:00+00:00","article_modified_time":"2019-07-31T10:53:48+00:00","author":"Ks. Jacek","twitter_card":"summary_large_image","twitter_misc":{"Napisane przez":"Ks. Jacek","Szacowany czas czytania":"5 minut"},"schema":{"@context":"https:\/\/schema.org","@graph":[{"@type":"WebPage","@id":"https:\/\/gaudiumetspes-blog.pl\/index.php\/2013\/01\/15\/kto-moze-nauczac-z-moca\/","url":"https:\/\/gaudiumetspes-blog.pl\/index.php\/2013\/01\/15\/kto-moze-nauczac-z-moca\/","name":"Kto mo\u017ce naucza\u0107 z moc\u0105? - Gaudium Et Spes","isPartOf":{"@id":"https:\/\/gaudiumetspes-blog.pl\/#website"},"datePublished":"2013-01-15T06:39:00+00:00","dateModified":"2019-07-31T10:53:48+00:00","author":{"@id":"https:\/\/gaudiumetspes-blog.pl\/#\/schema\/person\/1661982992b752dea8dff0d4ed845a65"},"breadcrumb":{"@id":"https:\/\/gaudiumetspes-blog.pl\/index.php\/2013\/01\/15\/kto-moze-nauczac-z-moca\/#breadcrumb"},"inLanguage":"pl-PL","potentialAction":[{"@type":"ReadAction","target":["https:\/\/gaudiumetspes-blog.pl\/index.php\/2013\/01\/15\/kto-moze-nauczac-z-moca\/"]}]},{"@type":"BreadcrumbList","@id":"https:\/\/gaudiumetspes-blog.pl\/index.php\/2013\/01\/15\/kto-moze-nauczac-z-moca\/#breadcrumb","itemListElement":[{"@type":"ListItem","position":1,"name":"Strona g\u0142\u00f3wna","item":"https:\/\/gaudiumetspes-blog.pl\/"},{"@type":"ListItem","position":2,"name":"Kto mo\u017ce naucza\u0107 z&nbsp;moc\u0105?"}]},{"@type":"WebSite","@id":"https:\/\/gaudiumetspes-blog.pl\/#website","url":"https:\/\/gaudiumetspes-blog.pl\/","name":"Gaudium Et Spes","description":"Blog Ks. Jacka Ja\u015bkowskiego","potentialAction":[{"@type":"SearchAction","target":{"@type":"EntryPoint","urlTemplate":"https:\/\/gaudiumetspes-blog.pl\/?s={search_term_string}"},"query-input":{"@type":"PropertyValueSpecification","valueRequired":true,"valueName":"search_term_string"}}],"inLanguage":"pl-PL"},{"@type":"Person","@id":"https:\/\/gaudiumetspes-blog.pl\/#\/schema\/person\/1661982992b752dea8dff0d4ed845a65","name":"Ks. Jacek","image":{"@type":"ImageObject","inLanguage":"pl-PL","@id":"https:\/\/gaudiumetspes-blog.pl\/#\/schema\/person\/image\/","url":"https:\/\/gaudiumetspes-blog.pl\/wp-content\/uploads\/2019\/07\/avatar-JJ-150x150.jpg","contentUrl":"https:\/\/gaudiumetspes-blog.pl\/wp-content\/uploads\/2019\/07\/avatar-JJ-150x150.jpg","caption":"Ks. Jacek"},"description":"Witam serdecznie! K\u0142ania si\u0119 Ks. Jacek Ja\u015bkowski. Nie jestem ani kim\u015b wa\u017cnym, ani kim\u015b znanym. Jestem ksi\u0119dzem, kt\u00f3ry po prostu chce rozmawia\u0107. Codzienna kap\u0142a\u0144ska pos\u0142uga pokazuje mi, \u017ce temat\u00f3w do rozm\u00f3w z ksi\u0119dzem jest coraz wi\u0119cej i dzisiaj \u017caden ksi\u0105dz nie mo\u017ce od nich ucieka\u0107, ale - wprost przeciwnie - podejmowa\u0107 nowe wyzwania. To przekonanie sk\u0142oni\u0142o mnie do pr\u00f3by otwarcia tego\u017c bloga, chocia\u017c okazji do rozm\u00f3w na co dzie\u0144 - w konfesjonale i poza nim - na szcz\u0119\u015bcie nie brakuje. My\u015bl\u0119 jednak, \u017ce ten blog b\u0119dzie jeszcze jednym sposobem i przestrzeni\u0105 nawi\u0105zania kontaktu z lud\u017ami dobrej woli, otwartymi na dialog.","url":"https:\/\/gaudiumetspes-blog.pl\/index.php\/author\/ks-jacek\/"}]}},"jetpack_featured_media_url":"","jetpack_sharing_enabled":true,"_links":{"self":[{"href":"https:\/\/gaudiumetspes-blog.pl\/index.php\/wp-json\/wp\/v2\/posts\/9244","targetHints":{"allow":["GET"]}}],"collection":[{"href":"https:\/\/gaudiumetspes-blog.pl\/index.php\/wp-json\/wp\/v2\/posts"}],"about":[{"href":"https:\/\/gaudiumetspes-blog.pl\/index.php\/wp-json\/wp\/v2\/types\/post"}],"author":[{"embeddable":true,"href":"https:\/\/gaudiumetspes-blog.pl\/index.php\/wp-json\/wp\/v2\/users\/1"}],"replies":[{"embeddable":true,"href":"https:\/\/gaudiumetspes-blog.pl\/index.php\/wp-json\/wp\/v2\/comments?post=9244"}],"version-history":[{"count":1,"href":"https:\/\/gaudiumetspes-blog.pl\/index.php\/wp-json\/wp\/v2\/posts\/9244\/revisions"}],"predecessor-version":[{"id":10896,"href":"https:\/\/gaudiumetspes-blog.pl\/index.php\/wp-json\/wp\/v2\/posts\/9244\/revisions\/10896"}],"wp:attachment":[{"href":"https:\/\/gaudiumetspes-blog.pl\/index.php\/wp-json\/wp\/v2\/media?parent=9244"}],"wp:term":[{"taxonomy":"category","embeddable":true,"href":"https:\/\/gaudiumetspes-blog.pl\/index.php\/wp-json\/wp\/v2\/categories?post=9244"},{"taxonomy":"post_tag","embeddable":true,"href":"https:\/\/gaudiumetspes-blog.pl\/index.php\/wp-json\/wp\/v2\/tags?post=9244"}],"curies":[{"name":"wp","href":"https:\/\/api.w.org\/{rel}","templated":true}]}}