{"id":9247,"date":"2013-01-12T07:45:00","date_gmt":"2013-01-12T06:45:00","guid":{"rendered":"https:\/\/gaudiumetspes-blog.pl\/index.php\/2013\/01\/12\/jezus-realny-czy-nierealny\/"},"modified":"2019-07-31T12:53:48","modified_gmt":"2019-07-31T10:53:48","slug":"jezus-realny-czy-nierealny","status":"publish","type":"post","link":"https:\/\/gaudiumetspes-blog.pl\/index.php\/2013\/01\/12\/jezus-realny-czy-nierealny\/","title":{"rendered":"Jezus &#8211; realny, czy nierealny?&#8230;"},"content":{"rendered":"<p><\/p>\n<div align=\"JUSTIFY\" style=\"margin-bottom: 0cm;\">\nSzcz\u0119\u015b\u0107 Bo\u017ce! Witam wszystkich i pozdrawiam u progu nowego dnia. Zaraz wyruszam na kol\u0119d\u0119, a po drodze jeszcze zbi\u00f3rka S\u0142u\u017cby Liturgicznej. Do\u015b\u0107 intensywny dzie\u0144 si\u0119 zapowiada. Zreszt\u0105, jak kilka poprzednich&#8230; Dlatego s\u0142owa dzisiejszego rozwa\u017cania odnosz\u0119 przede wszystkim do siebie&#8230;&nbsp;<\/div>\n<div align=\"JUSTIFY\" style=\"margin-bottom: 0cm;\">\n&nbsp; &nbsp; &nbsp; &nbsp; &nbsp;Gaudium et spes! &nbsp;Ks. Jacek<\/div>\n<div align=\"JUSTIFY\" style=\"margin-bottom: 0cm;\">\n<b><br \/><\/b><\/div>\n<div align=\"JUSTIFY\" style=\"margin-bottom: 0cm;\">\n<b>12<br \/>\nstycznia 2013., sobota,<\/b><\/div>\n<div align=\"JUSTIFY\" style=\"margin-bottom: 0cm;\">\n<b>do<br \/>\nczyta\u0144:  1 J 5,14\u201321;  J 3,22\u201330<\/b><\/div>\n<div align=\"JUSTIFY\" style=\"margin-bottom: 0cm;\">\n<\/div>\n<div align=\"JUSTIFY\" style=\"margin-bottom: 0cm; page-break-before: auto;\">\n<b>CZYTANIE<br \/>\nZ PIERWSZEGO LISTU \u015aWI\u0118TEGO JANA APOSTO\u0141A:&nbsp;<\/b><\/div>\n<div align=\"JUSTIFY\" style=\"margin-bottom: 0cm; text-indent: 1.22cm;\">\n<b>Najmilsi:<br \/>\nUfno\u015b\u0107, kt\u00f3r\u0105 pok\u0142adamy w Synu Bo\u017cym, polega na przekonaniu, \u017ce<br \/>\nwys\u0142uchuje On wszystkich naszych pr\u00f3\u015bb zgodnych z Jego wol\u0105.<\/b><\/div>\n<div align=\"JUSTIFY\" style=\"margin-bottom: 0cm; text-indent: 0.87cm;\">\n<b> A<br \/>\nje\u015bli wiemy, \u017ce wys\u0142uchuje wszystkich naszych pr\u00f3\u015bb, pewni<br \/>\njeste\u015bmy r\u00f3wnie\u017c posiadania tego, o co\u015bmy Go prosili. Je\u015bli kto\u015b<br \/>\nspostrze\u017ce, \u017ce brat pope\u0142nia grzech, kt\u00f3ry nie sprowadza \u015bmierci,<br \/>\nniech si\u0119 modli, a przywr\u00f3ci mu \u017cycie, mam na my\u015bli tych, kt\u00f3rych<br \/>\ngrzech nie sprowadza \u015bmierci.&nbsp;<\/b><\/div>\n<div align=\"JUSTIFY\" style=\"margin-bottom: 0cm; text-indent: 0.87cm;\">\n<b> Istnieje<br \/>\ntaki grzech, kt\u00f3ry sprowadza \u015bmier\u0107. W takim wypadku nie polecam,<br \/>\naby si\u0119 modlono. Ka\u017cde bezprawie jest grzechem, s\u0105 jednak grzechy,<br \/>\nkt\u00f3re nie sprowadzaj\u0105 \u015bmierci. Wiemy, \u017ce ka\u017cdy, kto si\u0119<br \/>\nnarodzi\u0142 z Boga, nie grzeszy, lecz Narodzony z Boga strze\u017ce go, a<br \/>\nZ\u0142y go nie dotyka. Wiemy, \u017ce jeste\u015bmy z Boga, ca\u0142y za\u015b \u015bwiat<br \/>\nle\u017cy w mocy Z\u0142ego. Wiemy tak\u017ce, \u017ce Syn Bo\u017cy przyszed\u0142 i<br \/>\nobdarzy\u0142 nas zdolno\u015bci\u0105 rozumu, aby\u015bmy poznawali Prawdziwego.<br \/>\nJeste\u015bmy w prawdziwym Bogu, w Synu Jego, Jezusie Chrystusie. On za\u015b<br \/>\njest prawdziwym Bogiem i \u017byciem wiecznym. Dzieci, strze\u017ccie si\u0119<br \/>\nfa\u0142szywych bog\u00f3w.<\/b><\/div>\n<div align=\"JUSTIFY\" style=\"margin-bottom: 0cm;\">\n<\/div>\n<div align=\"JUSTIFY\" style=\"margin-bottom: 0cm;\">\n<b>S\u0141OWA<br \/>\nEWANGELII WED\u0141UG \u015aWI\u0118TEGO JANA:&nbsp;<\/b><\/div>\n<div align=\"JUSTIFY\" style=\"margin-bottom: 0cm; text-indent: 1.22cm;\">\n<b>Jezus<br \/>\ni Jego uczniowie udali si\u0119 do ziemi judzkiej. Tam z nimi przebywa\u0142<br \/>\ni udziela\u0142 chrztu. Tak\u017ce i Jan by\u0142 w Ainon, w pobli\u017cu Salim,<br \/>\nudzielaj\u0105c chrztu, poniewa\u017c by\u0142o tam wiele wody. I przychodzili<br \/>\ntam ludzie i przyjmowali chrzest. Bo jeszcze nie wtr\u0105cono Jana do<br \/>\nwi\u0119zienia.<\/b><\/div>\n<div align=\"JUSTIFY\" style=\"margin-bottom: 0cm; text-indent: 0.87cm;\">\n<b> A<br \/>\npowsta\u0142 sp\u00f3r mi\u0119dzy uczniami Jana a pewnym \u017bydem w sprawie<br \/>\noczyszczenia. Przyszli wi\u0119c do Jana i powiedzieli do niego:<br \/>\n\u201eNauczycielu, oto Ten, kt\u00f3ry by\u0142 z tob\u0105 po drugiej stronie<br \/>\nJordanu i o kt\u00f3rym ty wyda\u0142e\u015b \u015bwiadectwo, teraz udziela chrztu i<br \/>\nwszyscy id\u0105 do Niego\u201d.&nbsp;<\/b><\/div>\n<div align=\"JUSTIFY\" style=\"margin-bottom: 0cm; text-indent: 0.87cm;\">\n<b> Na<br \/>\nto Jan odrzek\u0142: \u201eCz\u0142owiek nie mo\u017ce otrzyma\u0107 niczego, co by mu<br \/>\nnie by\u0142o dane z nieba. Wy sami jeste\u015bcie mi \u015bwiadkami, \u017ce<br \/>\npowiedzia\u0142em: \u00abJa nie jestem Mesjaszem, ale zosta\u0142em przed Nim<br \/>\npos\u0142any\u00bb. Ten, kto ma oblubienic\u0119, jest oblubie\u0144cem; a przyjaciel<br \/>\noblubie\u0144ca, kt\u00f3ry stoi i s\u0142ucha go, doznaje najwy\u017cszej rado\u015bci<br \/>\nna g\u0142os oblubie\u0144ca. Ta za\u015b moja rado\u015b\u0107 dosz\u0142a do szczytu.<br \/>\nPotrzeba, by On wzrasta\u0142, a ja si\u0119 umniejsza\u0142\u201d.<\/b><\/div>\n<div align=\"JUSTIFY\" style=\"margin-bottom: 0cm;\">\n<\/div>\n<div align=\"JUSTIFY\" style=\"margin-bottom: 0cm; page-break-before: auto; text-indent: 1.22cm;\">\nPodejmuj\u0105c refleksj\u0119<br \/>\nnad dzisiejszym Bo\u017cym S\u0142owem, warto zestawi\u0107 ze sob\u0105 dwa zawarte<br \/>\ntam stwierdzenia. Jedno z Ewangelii, a mianowicie \u2013 s\u0142owa Jana<br \/>\nChrzciciela o jego relacji do Jezusa: <i><b>Wy<br \/>\nsami jeste\u015bcie mi \u015bwiadkami, \u017ce powiedzia\u0142em: \u00abJa nie jestem<br \/>\nMesjaszem, ale zosta\u0142em przed Nim pos\u0142any\u00bb. Ten, kto ma<br \/>\noblubienic\u0119, jest oblubie\u0144cem; a przyjaciel oblubie\u0144ca, kt\u00f3ry<br \/>\nstoi i s\u0142ucha go, doznaje najwy\u017cszej rado\u015bci na g\u0142os oblubie\u0144ca.<br \/>\nTa za\u015b moja rado\u015b\u0107 dosz\u0142a do szczytu. Potrzeba, by On wzrasta\u0142,<br \/>\na ja si\u0119 umniejsza\u0142<\/b><\/i><i>.<\/i> A drugie<br \/>\nstwierdzenie \u2013 z Listu tego\u017c Aposto\u0142a, a dok\u0142adnie: pierwsze<br \/>\nzdanie dzisiejszej perykopy: <i><b>Ufno\u015b\u0107,<br \/>\nkt\u00f3r\u0105 pok\u0142adamy w Synu Bo\u017cym, polega na przekonaniu, \u017ce<br \/>\nwys\u0142uchuje On wszystkich naszych pr\u00f3\u015bb zgodnych z Jego wol\u0105.<\/b><\/i><\/p>\n<\/div>\n<div align=\"JUSTIFY\" style=\"margin-bottom: 0cm; text-indent: 1.22cm;\">\nTo<br \/>\nna tym, Kochani, ma polega\u0107 owo umniejszanie si\u0119 przed Panem: mamy<br \/>\nsi\u0119 <b>w stu procentach odda\u0107 w Jego r\u0119ce.<\/b> Mamy Mu powierzy\u0107<br \/>\nca\u0142e swoje \u017cycie i wszystkie swoje sprawy. Mamy zda\u0107 si\u0119<br \/>\n<b>absolutnie i bez zastrze\u017ce\u0144 na Jego \u2013 i tylko Jego \u2013<br \/>\n\u015bwi\u0119t\u0105 wol\u0119!<\/b>\n<\/div>\n<div align=\"JUSTIFY\" style=\"margin-bottom: 0cm; text-indent: 1.22cm;\">\nM\u00f3wili\u015bmy<br \/>\nsobie ju\u017c nieraz, \u017ce to nie jest \u0142atwe. Oj, nie jest. Bo my ci\u0105gle<br \/>\ntak jakby obawiamy si\u0119 tej woli, jakby <b>nie do ko\u0144ca ufamy<br \/>\nJezusowi&#8230;<\/b> Z jednej strony m\u00f3wimy, i\u017c wierzymy w Boga \u2013 i<br \/>\nbardzo cz\u0119sto m\u00f3wimy to naprawd\u0119 szczerze \u2013 natomiast <b>w<br \/>\nkonkretnej sytuacji nie potrafimy tak ca\u0142kowicie zda\u0107 si\u0119 na<br \/>\nNiego.<\/b> I dlatego nieraz uciekamy si\u0119 do ludzkich uk\u0142ad\u00f3w,<br \/>\npodporz\u0105dkowujemy si\u0119 drugiemu cz\u0142owiekowi, licz\u0105c na to, \u017ce<br \/>\nskoro jest to kto\u015b wa\u017cny, to mo\u017ce co\u015b na tym zyskamy; mo\u017ce<br \/>\nzostaniemy docenieni, zauwa\u017ceni, lepiej wynagrodzeni. I z wielu<br \/>\njeszcze innych powod\u00f3w <b>stawiamy drugiego cz\u0142owieka na pierwszym<br \/>\nmiejscu w swoim \u017cyciu.<\/b> A ile\u017c to razy na tym pierwszym miejscu<br \/>\nstawiamy <b>samych siebie! <\/b>\n<\/div>\n<div align=\"JUSTIFY\" style=\"margin-bottom: 0cm; text-indent: 1.22cm;\">\n<b>A<br \/>\nJezus? <\/b>\n<\/div>\n<div align=\"JUSTIFY\" style=\"margin-bottom: 0cm; text-indent: 1.22cm;\">\nJest,<br \/>\n<b>gdzie\u015b tam jest<\/b>&#8230; Na uboczu, w ko\u015bci\u00f3\u0142ku, na obrazku, w<br \/>\nksi\u0105\u017ceczce&#8230; Kochani, nasz problem, jaki da si\u0119 zauwa\u017cy\u0107 tak\u017ce<br \/>\nw czasie wizyty duszpasterskiej, polega na tym, \u017ce <b>Jezus tak<br \/>\nnaprawd\u0119 jest jeszcze dla nas taki ma\u0142o realny!<\/b> Ja wiem, \u017ce to<br \/>\nbrzmi mo\u017ce nieco dziwnie, ale tak to wygl\u0105da. A po czym to wida\u0107?\n<\/div>\n<div align=\"JUSTIFY\" style=\"margin-bottom: 0cm; text-indent: 1.22cm;\">\nA<br \/>\nchocia\u017cby po tym, \u017ce kiedy rozmawiamy o jakich\u015b trudno\u015bciach<br \/>\ncodziennych \u2013 wi\u0119kszych, czy mniejszych \u2013 i szukamy wsp\u00f3lnie<br \/>\nich rozwi\u0105zania, to <b>wymieniane s\u0105 przer\u00f3\u017cne na to sposoby,<\/b><br \/>\nale modlitwa, wzmocnienie \u017cycia religijnego, cz\u0119stsza Spowied\u017a lub<br \/>\nKomunia \u015awi\u0119ta \u2013 pojawia si\u0119 gdzie\u015b <b>na dalszym miejscu, o<br \/>\nile w og\u00f3le si\u0119 pojawia<\/b> w\u015br\u00f3d propozycji rozwi\u0105zania sprawy.<\/p>\n<\/div>\n<div align=\"JUSTIFY\" style=\"margin-bottom: 0cm; text-indent: 1.22cm;\">\nNajpierw<br \/>\nszukamy wielu r\u00f3\u017cnych ludzkich sposob\u00f3w, wchodzimy w takie, czy<br \/>\ninne kontakty z lud\u017ami, uzale\u017cniamy si\u0119 od ludzi, pr\u00f3bujemy<br \/>\nr\u00f3\u017cnych uk\u0142ad\u00f3w i znajomo\u015bci, a <b>gdzie\u015b na ko\u0144cu pojawia si\u0119<br \/>\nmo\u017cliwo\u015b\u0107 powierzenia sprawy Bogu<\/b>&#8230;\n<\/div>\n<div align=\"JUSTIFY\" style=\"margin-bottom: 0cm; text-indent: 1.22cm;\">\nTymczasem<br \/>\nza\u015b \u2013 powinno by\u0107 odwrotnie! Bo tylko <b>pe\u0142ne wielkiej ufno\u015bci<br \/>\noddanie si\u0119 Jezusowi,<\/b> poddanie si\u0119 Jego woli, postawienie<br \/>\nJezusa na pierwszym miejscu w swoim \u017cyciu, umiej\u0119tno\u015b\u0107 <b>ci\u0105g\u0142ego<br \/>\numniejszania si\u0119 przed Je<\/b><b>zusem<\/b><b>:<\/b> tylko to zapewni<br \/>\nporz\u0105dek ludzkiemu \u017cyciu i pozwoli <b>skutecznie ogarn\u0105\u0107<\/b> to<br \/>\nwszystko, co niesie \u2013 i co jeszcze przyniesie \u2013 nie\u0142atwa<br \/>\ncodzienno\u015b\u0107.\n<\/div>\n<div align=\"JUSTIFY\" style=\"margin-bottom: 0cm; text-indent: 1.22cm;\">\nBo<br \/>\ntylko uni\u017cenie si\u0119 cz\u0142owieka przed Bogiem <b>jest prawdziwym<br \/>\nwywy\u017cszeniem ludzkiej natury i afirmacj\u0105 ludzkiej godno\u015bci.<\/b><br \/>\nTylko w pe\u0142nym pos\u0142usze\u0144stwie woli Bo\u017cej jest prawdziwe szcz\u0119\u015bcie<br \/>\ncz\u0142owieka. M\u00f3wi\u0105c ju\u017c tak najkr\u00f3cej: <b>tylko w r\u0119kach Jezusa<br \/>\ncz\u0142owiek jest w pe\u0142ni bezpieczny. <\/b>\n<\/div>\n<div align=\"JUSTIFY\" style=\"margin-bottom: 0cm; text-indent: 1.22cm;\">\nCzy<br \/>\njednak ja w to naprawd\u0119 uwierzy\u0142em?&#8230; Czy sta\u0107 mnie <b>a\u017c na<br \/>\ntyle odwagi?<\/b>&#8230;<\/div>\n","protected":false},"excerpt":{"rendered":"<p>Szcz\u0119\u015b\u0107 Bo\u017ce! Witam wszystkich i pozdrawiam u progu nowego dnia. Zaraz wyruszam na kol\u0119d\u0119, a po drodze jeszcze zbi\u00f3rka S\u0142u\u017cby Liturgicznej. Do\u015b\u0107 intensywny dzie\u0144 si\u0119 zapowiada. Zreszt\u0105, jak kilka poprzednich&#8230; Dlatego s\u0142owa dzisiejszego rozwa\u017cania odnosz\u0119 przede wszystkim do siebie&#8230;&nbsp; &nbsp; &nbsp; &nbsp; &nbsp; &nbsp;Gaudium et spes! &nbsp;Ks. Jacek 12 stycznia 2013., sobota, do czyta\u0144: 1 [&hellip;]<\/p>\n","protected":false},"author":1,"featured_media":0,"comment_status":"open","ping_status":"open","sticky":false,"template":"","format":"standard","meta":{"jetpack_post_was_ever_published":false,"_jetpack_newsletter_access":"","_jetpack_dont_email_post_to_subs":false,"_jetpack_newsletter_tier_id":0,"_jetpack_memberships_contains_paywalled_content":false,"_jetpack_memberships_contains_paid_content":false,"footnotes":""},"categories":[1],"tags":[],"class_list":["post-9247","post","type-post","status-publish","format-standard","hentry","category-bez-kategorii"],"yoast_head":"<!-- This site is optimized with the Yoast SEO plugin v25.1 - https:\/\/yoast.com\/wordpress\/plugins\/seo\/ -->\n<title>Jezus - realny, czy nierealny?... - Gaudium Et Spes<\/title>\n<meta name=\"robots\" content=\"index, follow, max-snippet:-1, max-image-preview:large, max-video-preview:-1\" \/>\n<link rel=\"canonical\" href=\"https:\/\/gaudiumetspes-blog.pl\/index.php\/2013\/01\/12\/jezus-realny-czy-nierealny\/\" \/>\n<meta property=\"og:locale\" content=\"pl_PL\" \/>\n<meta property=\"og:type\" content=\"article\" \/>\n<meta property=\"og:title\" content=\"Jezus - realny, czy nierealny?... - Gaudium Et Spes\" \/>\n<meta property=\"og:description\" content=\"Szcz\u0119\u015b\u0107 Bo\u017ce! Witam wszystkich i pozdrawiam u progu nowego dnia. Zaraz wyruszam na kol\u0119d\u0119, a po drodze jeszcze zbi\u00f3rka S\u0142u\u017cby Liturgicznej. Do\u015b\u0107 intensywny dzie\u0144 si\u0119 zapowiada. Zreszt\u0105, jak kilka poprzednich&#8230; Dlatego s\u0142owa dzisiejszego rozwa\u017cania odnosz\u0119 przede wszystkim do siebie&#8230;&nbsp; &nbsp; &nbsp; &nbsp; &nbsp; &nbsp;Gaudium et spes! &nbsp;Ks. Jacek 12 stycznia 2013., sobota, do czyta\u0144: 1 [&hellip;]\" \/>\n<meta property=\"og:url\" content=\"https:\/\/gaudiumetspes-blog.pl\/index.php\/2013\/01\/12\/jezus-realny-czy-nierealny\/\" \/>\n<meta property=\"og:site_name\" content=\"Gaudium Et Spes\" \/>\n<meta property=\"article:published_time\" content=\"2013-01-12T06:45:00+00:00\" \/>\n<meta property=\"article:modified_time\" content=\"2019-07-31T10:53:48+00:00\" \/>\n<meta name=\"author\" content=\"Ks. Jacek\" \/>\n<meta name=\"twitter:card\" content=\"summary_large_image\" \/>\n<meta name=\"twitter:label1\" content=\"Napisane przez\" \/>\n\t<meta name=\"twitter:data1\" content=\"Ks. Jacek\" \/>\n\t<meta name=\"twitter:label2\" content=\"Szacowany czas czytania\" \/>\n\t<meta name=\"twitter:data2\" content=\"5 minut\" \/>\n<script type=\"application\/ld+json\" class=\"yoast-schema-graph\">{\"@context\":\"https:\/\/schema.org\",\"@graph\":[{\"@type\":\"WebPage\",\"@id\":\"https:\/\/gaudiumetspes-blog.pl\/index.php\/2013\/01\/12\/jezus-realny-czy-nierealny\/\",\"url\":\"https:\/\/gaudiumetspes-blog.pl\/index.php\/2013\/01\/12\/jezus-realny-czy-nierealny\/\",\"name\":\"Jezus - realny, czy nierealny?... - Gaudium Et Spes\",\"isPartOf\":{\"@id\":\"https:\/\/gaudiumetspes-blog.pl\/#website\"},\"datePublished\":\"2013-01-12T06:45:00+00:00\",\"dateModified\":\"2019-07-31T10:53:48+00:00\",\"author\":{\"@id\":\"https:\/\/gaudiumetspes-blog.pl\/#\/schema\/person\/1661982992b752dea8dff0d4ed845a65\"},\"breadcrumb\":{\"@id\":\"https:\/\/gaudiumetspes-blog.pl\/index.php\/2013\/01\/12\/jezus-realny-czy-nierealny\/#breadcrumb\"},\"inLanguage\":\"pl-PL\",\"potentialAction\":[{\"@type\":\"ReadAction\",\"target\":[\"https:\/\/gaudiumetspes-blog.pl\/index.php\/2013\/01\/12\/jezus-realny-czy-nierealny\/\"]}]},{\"@type\":\"BreadcrumbList\",\"@id\":\"https:\/\/gaudiumetspes-blog.pl\/index.php\/2013\/01\/12\/jezus-realny-czy-nierealny\/#breadcrumb\",\"itemListElement\":[{\"@type\":\"ListItem\",\"position\":1,\"name\":\"Strona g\u0142\u00f3wna\",\"item\":\"https:\/\/gaudiumetspes-blog.pl\/\"},{\"@type\":\"ListItem\",\"position\":2,\"name\":\"Jezus &#8211; realny, czy&nbsp;nierealny?&#8230;\"}]},{\"@type\":\"WebSite\",\"@id\":\"https:\/\/gaudiumetspes-blog.pl\/#website\",\"url\":\"https:\/\/gaudiumetspes-blog.pl\/\",\"name\":\"Gaudium Et Spes\",\"description\":\"Blog Ks. Jacka Ja\u015bkowskiego\",\"potentialAction\":[{\"@type\":\"SearchAction\",\"target\":{\"@type\":\"EntryPoint\",\"urlTemplate\":\"https:\/\/gaudiumetspes-blog.pl\/?s={search_term_string}\"},\"query-input\":{\"@type\":\"PropertyValueSpecification\",\"valueRequired\":true,\"valueName\":\"search_term_string\"}}],\"inLanguage\":\"pl-PL\"},{\"@type\":\"Person\",\"@id\":\"https:\/\/gaudiumetspes-blog.pl\/#\/schema\/person\/1661982992b752dea8dff0d4ed845a65\",\"name\":\"Ks. Jacek\",\"image\":{\"@type\":\"ImageObject\",\"inLanguage\":\"pl-PL\",\"@id\":\"https:\/\/gaudiumetspes-blog.pl\/#\/schema\/person\/image\/\",\"url\":\"https:\/\/gaudiumetspes-blog.pl\/wp-content\/uploads\/2019\/07\/avatar-JJ-150x150.jpg\",\"contentUrl\":\"https:\/\/gaudiumetspes-blog.pl\/wp-content\/uploads\/2019\/07\/avatar-JJ-150x150.jpg\",\"caption\":\"Ks. Jacek\"},\"description\":\"Witam serdecznie! K\u0142ania si\u0119 Ks. Jacek Ja\u015bkowski. Nie jestem ani kim\u015b wa\u017cnym, ani kim\u015b znanym. Jestem ksi\u0119dzem, kt\u00f3ry po prostu chce rozmawia\u0107. Codzienna kap\u0142a\u0144ska pos\u0142uga pokazuje mi, \u017ce temat\u00f3w do rozm\u00f3w z ksi\u0119dzem jest coraz wi\u0119cej i dzisiaj \u017caden ksi\u0105dz nie mo\u017ce od nich ucieka\u0107, ale - wprost przeciwnie - podejmowa\u0107 nowe wyzwania. To przekonanie sk\u0142oni\u0142o mnie do pr\u00f3by otwarcia tego\u017c bloga, chocia\u017c okazji do rozm\u00f3w na co dzie\u0144 - w konfesjonale i poza nim - na szcz\u0119\u015bcie nie brakuje. My\u015bl\u0119 jednak, \u017ce ten blog b\u0119dzie jeszcze jednym sposobem i przestrzeni\u0105 nawi\u0105zania kontaktu z lud\u017ami dobrej woli, otwartymi na dialog.\",\"url\":\"https:\/\/gaudiumetspes-blog.pl\/index.php\/author\/ks-jacek\/\"}]}<\/script>\n<!-- \/ Yoast SEO plugin. -->","yoast_head_json":{"title":"Jezus - realny, czy nierealny?... - Gaudium Et Spes","robots":{"index":"index","follow":"follow","max-snippet":"max-snippet:-1","max-image-preview":"max-image-preview:large","max-video-preview":"max-video-preview:-1"},"canonical":"https:\/\/gaudiumetspes-blog.pl\/index.php\/2013\/01\/12\/jezus-realny-czy-nierealny\/","og_locale":"pl_PL","og_type":"article","og_title":"Jezus - realny, czy nierealny?... - Gaudium Et Spes","og_description":"Szcz\u0119\u015b\u0107 Bo\u017ce! Witam wszystkich i pozdrawiam u progu nowego dnia. Zaraz wyruszam na kol\u0119d\u0119, a po drodze jeszcze zbi\u00f3rka S\u0142u\u017cby Liturgicznej. Do\u015b\u0107 intensywny dzie\u0144 si\u0119 zapowiada. Zreszt\u0105, jak kilka poprzednich&#8230; Dlatego s\u0142owa dzisiejszego rozwa\u017cania odnosz\u0119 przede wszystkim do siebie&#8230;&nbsp; &nbsp; &nbsp; &nbsp; &nbsp; &nbsp;Gaudium et spes! &nbsp;Ks. Jacek 12 stycznia 2013., sobota, do czyta\u0144: 1 [&hellip;]","og_url":"https:\/\/gaudiumetspes-blog.pl\/index.php\/2013\/01\/12\/jezus-realny-czy-nierealny\/","og_site_name":"Gaudium Et Spes","article_published_time":"2013-01-12T06:45:00+00:00","article_modified_time":"2019-07-31T10:53:48+00:00","author":"Ks. Jacek","twitter_card":"summary_large_image","twitter_misc":{"Napisane przez":"Ks. Jacek","Szacowany czas czytania":"5 minut"},"schema":{"@context":"https:\/\/schema.org","@graph":[{"@type":"WebPage","@id":"https:\/\/gaudiumetspes-blog.pl\/index.php\/2013\/01\/12\/jezus-realny-czy-nierealny\/","url":"https:\/\/gaudiumetspes-blog.pl\/index.php\/2013\/01\/12\/jezus-realny-czy-nierealny\/","name":"Jezus - realny, czy nierealny?... - Gaudium Et Spes","isPartOf":{"@id":"https:\/\/gaudiumetspes-blog.pl\/#website"},"datePublished":"2013-01-12T06:45:00+00:00","dateModified":"2019-07-31T10:53:48+00:00","author":{"@id":"https:\/\/gaudiumetspes-blog.pl\/#\/schema\/person\/1661982992b752dea8dff0d4ed845a65"},"breadcrumb":{"@id":"https:\/\/gaudiumetspes-blog.pl\/index.php\/2013\/01\/12\/jezus-realny-czy-nierealny\/#breadcrumb"},"inLanguage":"pl-PL","potentialAction":[{"@type":"ReadAction","target":["https:\/\/gaudiumetspes-blog.pl\/index.php\/2013\/01\/12\/jezus-realny-czy-nierealny\/"]}]},{"@type":"BreadcrumbList","@id":"https:\/\/gaudiumetspes-blog.pl\/index.php\/2013\/01\/12\/jezus-realny-czy-nierealny\/#breadcrumb","itemListElement":[{"@type":"ListItem","position":1,"name":"Strona g\u0142\u00f3wna","item":"https:\/\/gaudiumetspes-blog.pl\/"},{"@type":"ListItem","position":2,"name":"Jezus &#8211; realny, czy&nbsp;nierealny?&#8230;"}]},{"@type":"WebSite","@id":"https:\/\/gaudiumetspes-blog.pl\/#website","url":"https:\/\/gaudiumetspes-blog.pl\/","name":"Gaudium Et Spes","description":"Blog Ks. Jacka Ja\u015bkowskiego","potentialAction":[{"@type":"SearchAction","target":{"@type":"EntryPoint","urlTemplate":"https:\/\/gaudiumetspes-blog.pl\/?s={search_term_string}"},"query-input":{"@type":"PropertyValueSpecification","valueRequired":true,"valueName":"search_term_string"}}],"inLanguage":"pl-PL"},{"@type":"Person","@id":"https:\/\/gaudiumetspes-blog.pl\/#\/schema\/person\/1661982992b752dea8dff0d4ed845a65","name":"Ks. Jacek","image":{"@type":"ImageObject","inLanguage":"pl-PL","@id":"https:\/\/gaudiumetspes-blog.pl\/#\/schema\/person\/image\/","url":"https:\/\/gaudiumetspes-blog.pl\/wp-content\/uploads\/2019\/07\/avatar-JJ-150x150.jpg","contentUrl":"https:\/\/gaudiumetspes-blog.pl\/wp-content\/uploads\/2019\/07\/avatar-JJ-150x150.jpg","caption":"Ks. Jacek"},"description":"Witam serdecznie! K\u0142ania si\u0119 Ks. Jacek Ja\u015bkowski. Nie jestem ani kim\u015b wa\u017cnym, ani kim\u015b znanym. Jestem ksi\u0119dzem, kt\u00f3ry po prostu chce rozmawia\u0107. Codzienna kap\u0142a\u0144ska pos\u0142uga pokazuje mi, \u017ce temat\u00f3w do rozm\u00f3w z ksi\u0119dzem jest coraz wi\u0119cej i dzisiaj \u017caden ksi\u0105dz nie mo\u017ce od nich ucieka\u0107, ale - wprost przeciwnie - podejmowa\u0107 nowe wyzwania. To przekonanie sk\u0142oni\u0142o mnie do pr\u00f3by otwarcia tego\u017c bloga, chocia\u017c okazji do rozm\u00f3w na co dzie\u0144 - w konfesjonale i poza nim - na szcz\u0119\u015bcie nie brakuje. My\u015bl\u0119 jednak, \u017ce ten blog b\u0119dzie jeszcze jednym sposobem i przestrzeni\u0105 nawi\u0105zania kontaktu z lud\u017ami dobrej woli, otwartymi na dialog.","url":"https:\/\/gaudiumetspes-blog.pl\/index.php\/author\/ks-jacek\/"}]}},"jetpack_featured_media_url":"","jetpack_sharing_enabled":true,"_links":{"self":[{"href":"https:\/\/gaudiumetspes-blog.pl\/index.php\/wp-json\/wp\/v2\/posts\/9247","targetHints":{"allow":["GET"]}}],"collection":[{"href":"https:\/\/gaudiumetspes-blog.pl\/index.php\/wp-json\/wp\/v2\/posts"}],"about":[{"href":"https:\/\/gaudiumetspes-blog.pl\/index.php\/wp-json\/wp\/v2\/types\/post"}],"author":[{"embeddable":true,"href":"https:\/\/gaudiumetspes-blog.pl\/index.php\/wp-json\/wp\/v2\/users\/1"}],"replies":[{"embeddable":true,"href":"https:\/\/gaudiumetspes-blog.pl\/index.php\/wp-json\/wp\/v2\/comments?post=9247"}],"version-history":[{"count":1,"href":"https:\/\/gaudiumetspes-blog.pl\/index.php\/wp-json\/wp\/v2\/posts\/9247\/revisions"}],"predecessor-version":[{"id":10893,"href":"https:\/\/gaudiumetspes-blog.pl\/index.php\/wp-json\/wp\/v2\/posts\/9247\/revisions\/10893"}],"wp:attachment":[{"href":"https:\/\/gaudiumetspes-blog.pl\/index.php\/wp-json\/wp\/v2\/media?parent=9247"}],"wp:term":[{"taxonomy":"category","embeddable":true,"href":"https:\/\/gaudiumetspes-blog.pl\/index.php\/wp-json\/wp\/v2\/categories?post=9247"},{"taxonomy":"post_tag","embeddable":true,"href":"https:\/\/gaudiumetspes-blog.pl\/index.php\/wp-json\/wp\/v2\/tags?post=9247"}],"curies":[{"name":"wp","href":"https:\/\/api.w.org\/{rel}","templated":true}]}}