{"id":9260,"date":"2012-12-30T06:51:00","date_gmt":"2012-12-30T05:51:00","guid":{"rendered":"https:\/\/gaudiumetspes-blog.pl\/index.php\/2012\/12\/30\/pan-uczci-rodzicow-przez-dzieci\/"},"modified":"2019-07-31T12:53:47","modified_gmt":"2019-07-31T10:53:47","slug":"pan-uczci-rodzicow-przez-dzieci","status":"publish","type":"post","link":"https:\/\/gaudiumetspes-blog.pl\/index.php\/2012\/12\/30\/pan-uczci-rodzicow-przez-dzieci\/","title":{"rendered":"Pan uczci\u0142 rodzic\u00f3w przez dzieci&#8230;"},"content":{"rendered":"<p><\/p>\n<div align=\"JUSTIFY\" style=\"margin-bottom: 0cm;\">\nNiech b\u0119dzie pochwalony Jezus Chrystus! Bardzo serdecznie dzi\u0119kuj\u0119 Ksi\u0119dzu Markowi za wczorajsze i przedwczorajsze rozwa\u017canie. Dzi\u0119kuj\u0119 tak\u017ce za Wasze wypowiedzi. Do wszystkiego odnios\u0119 si\u0119 w wolnej chwili, bo ja znowu \u017cyj\u0119 w tempie zawrotnym: trwa wizyta duszpasterska, a wczoraj jeszcze mia\u0142o miejsce fantastyczne Spotkanie Op\u0142atkowe Pielgrzym\u00f3w do Ziemi \u015awi\u0119tej. Przyby\u0142o bardzo wiele Os\u00f3b, kt\u00f3rym dzi\u0119kuj\u0119 za niezwyk\u0142\u0105 atmosfer\u0119 tego spotkania. Ale taka atmosfera panowa\u0142a r\u00f3wnie\u017c na ca\u0142ej Pielgrzymce.&nbsp;Z kolei dzisiaj &#8211; Spotkanie Op\u0142atkowe S\u0142u\u017cby Liturgicznej i Rodzic\u00f3w.&nbsp;<\/div>\n<div align=\"JUSTIFY\" style=\"margin-bottom: 0cm;\">\n&nbsp; &nbsp; Tak wi\u0119c, ci\u0105gle si\u0119 co\u015b dzieje, dlatego ci\u0105gle trzeba dogania\u0107 czas. Ponawiam wi\u0119c pytanie i pro\u015bb\u0119: nie ma kto\u015b do oddania kilku godzin, kt\u00f3re m\u00f3g\u0142bym &#8222;doczepi\u0107&#8221; do mojej doby? Bo ona ci\u0105gle jaka\u015b taka za kr\u00f3tka&#8230;<\/div>\n<div align=\"JUSTIFY\" style=\"margin-bottom: 0cm;\">\n&nbsp; &nbsp;Moi Drodzy, nie dlatego, \u017ce nie chcia\u0142o mi si\u0119 przygotowywa\u0107 rozwa\u017cania, ale dlatego, \u017ce podoba mi si\u0119 tre\u015b\u0107 Listu naszego Episkopatu &#8211; zamieszczam go w ca\u0142o\u015bci. Poruszone s\u0105 w nim problemy, kt\u00f3re ja tak\u017ce wielokrotnie podejmowa\u0142em. Podpisuj\u0119 si\u0119 zatem pod nim ca\u0142ym sercem, a Was prosz\u0119 o przemy\u015blenie poruszonych tam zagadnie\u0144.&nbsp;<\/div>\n<div align=\"JUSTIFY\" style=\"margin-bottom: 0cm;\">\n&nbsp; &nbsp;Na g\u0142\u0119bokie prze\u017cywanie Niedzieli \u015awi\u0119tej Rodziny przesy\u0142am kap\u0142a\u0144skie b\u0142ogos\u0142awie\u0144stwo:<b> Niech Was b\u0142ogos\u0142awi B\u00f3g Wszechmog\u0105cy: Ojciec + i Syn, i Duch \u015awi\u0119ty. Amen<\/b><\/div>\n<div align=\"JUSTIFY\" style=\"margin-bottom: 0cm;\">\n<b>&nbsp; &nbsp; &nbsp; &nbsp; &nbsp; &nbsp; &nbsp; &nbsp;<\/b>Gaudium et spes! &nbsp;Ks. Jacek<\/div>\n<div align=\"JUSTIFY\" style=\"margin-bottom: 0cm;\">\n<\/div>\n<div align=\"JUSTIFY\" style=\"margin-bottom: 0cm;\">\n<b>Niedziela<br \/>\n\u015awi\u0119tej Rodziny, C,<\/b><\/div>\n<div align=\"JUSTIFY\" style=\"margin-bottom: 0cm;\">\n<b>do<br \/>\nczyta\u0144:  Syr 3,2\u20136.12\u201314;  Kol 3,12\u201321;  \u0141k 2,41\u201352<\/b><\/div>\n<div align=\"JUSTIFY\" style=\"margin-bottom: 0cm;\">\n\n<\/div>\n<div align=\"JUSTIFY\" style=\"margin-bottom: 0cm;\">\n<b>CZYTANIE<br \/>\nZ KSI\u0118GI SYRACYDESA:&nbsp;<\/b><\/div>\n<div align=\"JUSTIFY\" style=\"margin-bottom: 0cm; text-indent: 1.22cm;\">\n<b>Pan<br \/>\nuczci\u0142 ojca przez dzieci, a prawa matki nad synami utwierdzi\u0142. Kto<br \/>\nczci ojca, zyskuje odpuszczenie grzech\u00f3w, a kto szanuje matk\u0119,<br \/>\njakby skarb gromadzi\u0142. Kto czci ojca, rado\u015b\u0107 mie\u0107 b\u0119dzie z<br \/>\ndzieci, a w czasie modlitwy swej b\u0119dzie wys\u0142uchany. Kto szanuje<br \/>\nojca, d\u0142ugo \u017cy\u0107 b\u0119dzie, a kto pos\u0142uszny jest Panu, da<br \/>\nwytchnienie swej matce. Synu, wspomagaj swego ojca w staro\u015bci, nie<br \/>\nzasmucaj go w jego \u017cyciu. A je\u015bliby nawet rozum straci\u0142, miej<br \/>\nwyrozumia\u0142o\u015b\u0107, nie pogardzaj nim, cho\u0107 jeste\u015b w pe\u0142ni si\u0142.<br \/>\nMi\u0142osierdzie wzgl\u0119dem ojca nie p\u00f3jdzie w zapomnienie, w miejsce<br \/>\ngrzech\u00f3w zamieszka u ciebie. <\/b>\n<\/div>\n<div align=\"JUSTIFY\" style=\"margin-bottom: 0cm;\">\n\n<\/div>\n<div align=\"JUSTIFY\" style=\"margin-bottom: 0cm;\">\n<b>CZYTANIE<br \/>\nZ LISTU \u015aWI\u0118TEGO PAW\u0141A APOSTO\u0141A DO KOLOSAN:&nbsp;<\/b><\/div>\n<div align=\"JUSTIFY\" style=\"margin-bottom: 0cm; page-break-before: auto; text-indent: 1.24cm;\">\n<b>Bracia:<br \/>\nJako wybra\u0144cy Bo\u017cy, \u015bwi\u0119ci i umi\u0142owani, obleczcie si\u0119 w<br \/>\nserdeczne mi\u0142osierdzie, dobro\u0107, pokor\u0119, cicho\u015b\u0107, cierpliwo\u015b\u0107,<br \/>\nznosz\u0105c jedni drugich i wybaczaj\u0105c sobie nawzajem, je\u015bliby mia\u0142<br \/>\nkto\u015b zarzut przeciw drugiemu: jak Pan wybaczy\u0142 wam, tak i wy. Na to<br \/>\nza\u015b wszystko przyobleczcie mi\u0142o\u015b\u0107, kt\u00f3ra jest wi\u0119zi\u0105<br \/>\ndoskona\u0142o\u015bci. A sercami waszymi niech rz\u0105dzi pok\u00f3j Chrystusowy,<br \/>\ndo kt\u00f3rego te\u017c zostali\u015bcie wezwani, w jednym Ciele. I b\u0105d\u017acie<br \/>\nwdzi\u0119czni.<\/b><\/div>\n<div align=\"JUSTIFY\" style=\"margin-bottom: 0cm; text-indent: 1.24cm;\">\n<b>S\u0142owo<br \/>\nChrystusa niech w was przebywa z ca\u0142ym swym bogactwem: ze wszelk\u0105<br \/>\nm\u0105dro\u015bci\u0105 nauczajcie i napominajcie samych siebie przez psalmy,<br \/>\nhymny, pie\u015bni pe\u0142ne ducha, pod wp\u0142ywem \u0142aski \u015bpiewaj\u0105c Bogu w<br \/>\nwaszych sercach. I wszystko, cokolwiek dzia\u0142acie s\u0142owem lub czynem,<br \/>\nwszystko czy\u0144cie w imi\u0119 Pana Jezusa, dzi\u0119kuj\u0105c Bogu Ojcu przez<br \/>\nNiego.&nbsp;<\/b><\/div>\n<div align=\"JUSTIFY\" style=\"margin-bottom: 0cm; text-indent: 1.22cm;\">\n<b>\u017bony,<br \/>\nb\u0105d\u017acie poddane m\u0119\u017com, jak przysta\u0142o w Panu. M\u0119\u017cowie, mi\u0142ujcie<br \/>\n\u017cony i nie b\u0105d\u017acie dla nich przykrymi. Dzieci, b\u0105d\u017acie pos\u0142uszne<br \/>\nrodzicom we wszystkim, bo to jest mi\u0142e Panu. Ojcowie, nie<br \/>\nrozdra\u017cniajcie waszych dzieci, aby nie traci\u0142y ducha.<\/b><\/div>\n<div align=\"JUSTIFY\" style=\"margin-bottom: 0cm;\">\n\n<\/div>\n<div align=\"JUSTIFY\" style=\"margin-bottom: 0cm;\">\n<b>S\u0141OWA<br \/>\nEWANGELII WED\u0141UG \u015aWI\u0118TEGO \u0141UKASZA:&nbsp;<\/b><\/div>\n<div align=\"JUSTIFY\" style=\"margin-bottom: 0cm; text-indent: 1.22cm;\">\n<b>Rodzice<br \/>\nJezusa chodzili co roku do Jerozolimy na \u015awi\u0119to Paschy. Gdy mia\u0142<br \/>\nlat dwana\u015bcie, udali si\u0119 tam zwyczajem \u015bwi\u0105tecznym. Kiedy wracali<br \/>\npo sko\u0144czonych uroczysto\u015bciach, zosta\u0142 Jezus w Jerozolimie, a tego<br \/>\nnie zauwa\u017cyli Jego Rodzice. Przypuszczaj\u0105c, \u017ce jest w towarzystwie<br \/>\np\u0105tnik\u00f3w, uszli dzie\u0144 drogi i szukali Go w\u015br\u00f3d krewnych i<br \/>\nznajomych.<\/b><\/div>\n<div align=\"JUSTIFY\" style=\"margin-bottom: 0cm; text-indent: 1.22cm;\">\n<b>Gdy<br \/>\nGo nie znale\u017ali, wr\u00f3cili do Jerozolimy, szukaj\u0105c Go. Dopiero po<br \/>\ntrzech dniach odnale\u017ali Go w \u015bwi\u0105tyni, gdzie siedzia\u0142 mi\u0119dzy<br \/>\nnauczycielami, przys\u0142uchiwa\u0142 si\u0119 im i zadawa\u0142 pytania. Wszyscy<br \/>\nza\u015b, kt\u00f3rzy Go s\u0142uchali, byli zdumieni bystro\u015bci\u0105 Jego umys\u0142u i<br \/>\nodpowiedziami. Na ten widok zdziwili si\u0119 bardzo, a Jego Matka rzek\u0142a<br \/>\ndo Niego: \u201eSynu, czemu\u015b nam to uczyni\u0142? Oto ojciec Tw\u00f3j i Ja z<br \/>\nb\u00f3lem serca szukali\u015bmy Ciebie\u201d. Lecz On Im odpowiedzia\u0142:&nbsp;<\/b><\/div>\n<div align=\"JUSTIFY\" style=\"margin-bottom: 0cm; text-indent: 1.22cm;\">\n\u201e<b>Czemu\u015bcie<br \/>\nMnie szukali? Czy nie wiedzieli\u015bcie, \u017ce powinienem by\u0107 w tym, co<br \/>\nnale\u017cy do mego Ojca?\u201d Oni jednak nie zrozumieli tego, co Im<br \/>\npowiedzia\u0142. Potem poszed\u0142 z Nimi i wr\u00f3ci\u0142 do Nazaretu; i by\u0142 Im<br \/>\npoddany. A Matka Jego chowa\u0142a wiernie wszystkie te wspomnienia w<br \/>\nswym sercu. Jezus za\u015b czyni\u0142 post\u0119py w m\u0105dro\u015bci, w latach i w<br \/>\n\u0142asce u Boga i u ludzi.<\/b><\/div>\n<div align=\"JUSTIFY\" style=\"margin-bottom: 0cm;\">\n\n<\/div>\n<div align=\"JUSTIFY\" style=\"line-height: 115%; margin-bottom: 0cm; page-break-before: auto; text-indent: 1.25cm;\">\nDrodzy<br \/>\nBracia i Siostry! Odczytany dzisiaj fragment Ewangelii ukazuje \u015awi\u0119t\u0105<br \/>\nRodzin\u0119 pielgrzymuj\u0105c\u0105 do Jerozolimy. Widzimy \u201erodzic\u00f3w Jezusa\u201d<br \/>\nz\u0142\u0105czonych we wsp\u00f3lnym \u015bwi\u0119towaniu, razem prze\u017cywaj\u0105cych \u201eb\u00f3l<br \/>\nserca\u201d z powodu zagubienia Syna, a nast\u0119pnie zdumionych bystro\u015bci\u0105<br \/>\nJego umys\u0142u i odpowiedziami.<br \/>\nW s\u0142owach Maryi \u201eojciec Tw\u00f3j i ja\u201d widzimy doskona\u0142\u0105 jedno\u015b\u0107<br \/>\nma\u0142\u017conk\u00f3w. Pytanie: \u201eSynu,<br \/>\nczemu\u015b nam to uczyni\u0142?\u201d podkre\u015bla potrzeb\u0119 i skuteczno\u015b\u0107<br \/>\ndialogu w sytuacjach wzajemnego niezrozumienia. Natomiast spokojna<br \/>\nodpowied\u017a Jezusa przypomina, \u017ce pielgrzymuj\u0105c i martwi\u0105c si\u0119 o<br \/>\nrodzin\u0119, trzeba \u201eby\u0107 w sprawach Ojca Niebieskiego\u201d, czyli<br \/>\nspogl\u0105da\u0107 na wszystko w perspektywie wieczno\u015bci, oczyma wiary<br \/>\n(por. \u0141k 2, 41-49).\n<\/div>\n<div align=\"JUSTIFY\" style=\"line-height: 115%; margin-bottom: 0cm; text-indent: 1.25cm;\">\n\n<\/div>\n<div align=\"JUSTIFY\" style=\"line-height: 115%; margin-bottom: 0cm; text-indent: 1.25cm;\">\n<b>1.<br \/>\nNiedziela w \u015bwietle wiary<\/b><\/div>\n<div align=\"JUSTIFY\" style=\"line-height: 115%; margin-bottom: 0cm; text-indent: 1.25cm;\">\n<a href=\"\" name=\"pr1\"><\/a><br \/>\nOjciec<br \/>\n\u015awi\u0119ty Benedykt XVI przypomina nam, co znaczy na co dzie\u0144 \u017cy\u0107<br \/>\nwiar\u0105, kt\u00f3ra jest \u017ar\u00f3d\u0142em rado\u015bci<br \/>\ni odnawia nasz \u201eentuzjazm spotkania z Chrystusem\u201d (<i>Porta<br \/>\nFidei<\/i><br \/>\n2).<br \/>\n Og\u0142oszony w ca\u0142ym Ko\u015bciele Rok Wiary ma pom\u00f3c \u201ewyprowadzi\u0107<br \/>\nludzi z pustyni ku przestrzeni \u017cycia, ku przyja\u017ani z Synem Bo\u017cym,<br \/>\nku Temu, kt\u00f3ry daje nam (\u2026) pe\u0142ni\u0119 \u017cycia\u201d (<i>Porta<br \/>\nFidei<\/i><br \/>\n2). Dojrza\u0142a wiara to nie tylko zbi\u00f3r prawd czy obowi\u0105zk\u00f3w, ale<br \/>\nprzede wszystkim pe\u0142na mi\u0142o\u015bci, rzeczywista relacja z \u017cywym<br \/>\nBogiem, kt\u00f3ry objawi\u0142 si\u0119 nam w Jezusie Chrystusie. Warto<br \/>\nprzywo\u0142a\u0107 s\u0142owa, kt\u00f3re \u015bw. Augustynowi pomog\u0142y rozpocz\u0105\u0107<br \/>\n\u017cycie wiar\u0105: \u201eRzu\u0107<br \/>\nsi\u0119 ku Niemu! Nie obawiaj si\u0119. On si\u0119 nie cofnie, aby\u015b upad\u0142.<br \/>\nRzu\u0107 si\u0119 z ca\u0142\u0105 ufno\u015bci\u0105, On przygarnie ci\u0119 i uleczy\u201d<br \/>\n(<i>Wyznania<\/i><br \/>\nVIII, 11). W\u0142a\u015bnie<br \/>\nBo\u017ce Narodzenie przypomina, jak bardzo B\u00f3g umi\u0142owa\u0142 \u015bwiat (J 3,<br \/>\n16), jak bardzo wyszed\u0142 nam naprzeciw, staj\u0105c si\u0119 jednym z nas,<br \/>\nrodz\u0105c si\u0119 w ludzkiej rodzinie, i jak bardzo Bogu zale\u017cy na tym,<br \/>\naby\u015bmy byli jedno z Nim (por. J 17, 1-26).\n<\/div>\n<div align=\"JUSTIFY\" style=\"line-height: 115%; margin-bottom: 0cm; text-indent: 1.25cm;\">\nW kontek\u015bcie wiary, w<br \/>\nniedziel\u0119 \u015awi\u0119tej Rodziny Jezusa, Maryi i J\u00f3zefa, pragniemy<br \/>\nrozwa\u017cy\u0107 prawd\u0119 o \u015bwi\u0119towaniu niedzieli. Chrze\u015bcija\u0144skie<br \/>\nprze\u017cywanie Dnia Pa\u0144skiego wykracza bowiem poza regularne<br \/>\nuczestnictwo w niedzielnej Eucharystii czy powstrzymanie si\u0119 od<br \/>\npracy. Cho\u0107 niekt\u00f3rzy ostatnie dni tygodnia \u2013 wraz z niedziel\u0105 \u2013<br \/>\nnazywaj\u0105 <i>weekendem, <\/i>traktuj\u0105c je jako czas odpoczynku i<br \/>\nrozrywki, czas tylko dla siebie czy za\u0142atwiania spraw, kt\u00f3rych nie<br \/>\nuda\u0142o si\u0119 zrealizowa\u0107 w tygodniu<i>, <\/i>to jednak, gdy patrzy si\u0119<br \/>\noczyma wiary, mi\u0119dzy niedziel\u0105 a dniami wolnymi jest ogromna i<br \/>\nzasadnicza r\u00f3\u017cnica. B\u0142ogos\u0142awiony Jan Pawe\u0142 II w li\u015bcie<br \/>\napostolskim <i>Dies Domini<\/i> ukaza\u0142 ca\u0142e bogactwo tego dnia,<br \/>\nprzypominaj\u0105c, \u017ce niedziela jest dniem \u015bwi\u0119towania dzie\u0142a<br \/>\nStw\u00f3rcy i udzia\u0142em w Jego radosnym odpoczynku. Niedziela to tak\u017ce<br \/>\ndzie\u0144 zmartwychwsta\u0142ego Pana i daru Ducha \u015awi\u0119tego, to dzie\u0144<br \/>\nnowego stworzenia i zapowied\u017a wieczno\u015bci. To dzie\u0144 Ko\u015bcio\u0142a,<br \/>\ngromadz\u0105cego si\u0119 w braterskiej wsp\u00f3lnocie na Eucharystii \u2013<br \/>\nuczcie S\u0142owa i Cia\u0142a eucharystycznego. Tak rozumiana niedziela<br \/>\nstaje si\u0119 niejako \u201edusz\u0105\u201d wszystkich dni, nadaje sens ca\u0142emu<br \/>\nnaszemu \u017cyciu (por. <i>Dies Domini<\/i> 12).<\/div>\n<div align=\"JUSTIFY\" style=\"line-height: 115%; margin-bottom: 0cm; text-indent: 1.25cm;\">\nDa\u0142 temu wyraz r\u00f3wnie\u017c<br \/>\nOjciec \u015awi\u0119ty Benedykt XVI w czasie VII \u015awiatowego Spotkania<br \/>\nRodzin w Mediolanie. Wszyscy mogli us\u0142ysze\u0107 szczeg\u00f3lnie<br \/>\nwzruszaj\u0105ce, osobiste \u015bwiadectwo \u2013 wspomnienie z m\u0142odo\u015bci<br \/>\nPapie\u017ca o wierze jego rodziny, przejawiaj\u0105cej si\u0119 w prze\u017cywaniu<br \/>\nniedzieli. Rozpoczyna\u0142o si\u0119 ono od sobotniego wsp\u00f3lnego czytania<br \/>\nPisma \u015bw., przez Msz\u0119 \u015bwi\u0119t\u0105 niedzieln\u0105, wsp\u00f3lny uroczysty<br \/>\nobiad i wsp\u00f3lne \u015bpiewy, a\u017c do wsp\u00f3lnego odpoczynku na \u0142onie<br \/>\nprzyrody. Mimo trudnych czas\u00f3w rodzina by\u0142a bardzo zjednoczona.<\/div>\n<div align=\"JUSTIFY\" style=\"line-height: 115%; margin-bottom: 0cm; text-indent: 1.25cm;\">\n\n<\/div>\n<div align=\"JUSTIFY\" style=\"line-height: 115%; margin-bottom: 0cm; text-indent: 1.25cm;\">\n<b>2. Niedziela dniem<br \/>\nradowania si\u0119 dzie\u0142em Stw\u00f3rcy<\/b><\/div>\n<div align=\"JUSTIFY\" style=\"line-height: 115%; margin-bottom: 0cm; text-indent: 1.25cm;\">\nUmi\u0142owani w Chrystusie<br \/>\nPanu! Nie banalizujmy niedzieli i nie ograniczajmy jej g\u0142\u0119bokiego<br \/>\nsensu jedynie do dnia wolnego od pracy. Pismo \u015awi\u0119te m\u00f3wi\u0105c, \u017ce<br \/>\nB\u00f3g \u201eodpocz\u0105\u0142\u201d po dziele stworzenia, wskazuje na co\u015b<br \/>\ng\u0142\u0119bszego, ni\u017c zwyk\u0142\u0105 przerw\u0119 w pracy. Ukazuje bowiem Stw\u00f3rc\u0119,<br \/>\nkt\u00f3ry sam zachwyci\u0142 si\u0119 pi\u0119knem tego, co stworzy\u0142. Jest to wi\u0119c<br \/>\nspojrzenie, kt\u00f3re nie zwraca si\u0119 ku nast\u0119pnym dzie\u0142om, lecz<br \/>\ndocenia pi\u0119kno tego, co ju\u017c zosta\u0142o dokonane. W szczeg\u00f3lny spos\u00f3b<br \/>\nkieruje si\u0119 ono ku cz\u0142owiekowi, kt\u00f3ry jest zwie\u0144czeniem<br \/>\nstw\u00f3rczego dzie\u0142a. W tym spojrzeniu mo\u017cna ju\u017c dostrzec pragnienie<br \/>\nzawarcia z nim przymierza mi\u0142o\u015bci (por. <i>Dies Domini<\/i> 11).<\/div>\n<div align=\"JUSTIFY\" style=\"margin-bottom: 0cm; text-indent: 1.25cm;\">\nCz\u0142owiek,<br \/>\nstworzony na obraz Bo\u017cy, nie powinien wi\u0119c zachowywa\u0107 si\u0119 jak<br \/>\nnajemnik, dla kt\u00f3rego wykonywanie kolejnych prac pozostaje jedynym<br \/>\n\u017cyciowym celem. Niedziela pozwala cz\u0142owiekowi wraz z gronem<br \/>\nnajbli\u017cszych pozna\u0107 smak zachwytu nad ca\u0142ym dzie\u0142em stworzenia.<br \/>\nTo r\u00f3wnie\u017c czas do\u015bwiadczania i umacniania si\u0119 Bo\u017c\u0105 mi\u0142o\u015bci\u0105.<br \/>\nNiedziela to szansa dla zabieganej rodziny, by<br \/>\n\u201eodej\u015bcie\u201d od spraw tego \u015bwiata stworzy\u0142o odpowiednie warunki<br \/>\ndo bardziej intensywnego spotkania z Bogiem i mi\u0119dzy sob\u0105.<br \/>\nOdpowiedni str\u00f3j, \u015bwi\u0105teczny posi\u0142ek, brak po\u015bpiechu, czas<br \/>\nwsp\u00f3lnego przebywania ze sob\u0105 ma pom\u00f3c poczu\u0107 smak innego \u015bwiata,<br \/>\ndo kt\u00f3rego zmierzamy w pielgrzymce wiary. Podejmijmy ten zwyczaj, by<br \/>\nca\u0142\u0105 rodzin\u0105 zasiada\u0107 do sto\u0142u, modli\u0107 si\u0119 przed i po posi\u0142ku,<br \/>\na przy nim dzieli\u0107 si\u0119 prze\u017cyciami i opowiada\u0107 o spotkaniach,<br \/>\nwymienia\u0107 opinie, pyta\u0107 i otrzymywa\u0107 odpowiedzi. Niech niedzielne<br \/>\nobiady b\u0119d\u0105 okazj\u0105, by z dzie\u0107mi odkrywa\u0107 \u015bwiat, opowiada\u0107 o<br \/>\nswoich sukcesach i pora\u017ckach, a w ten spos\u00f3b budowa\u0107 prawdziw\u0105<br \/>\njedno\u015b\u0107 w rodzinie.<\/div>\n<div align=\"JUSTIFY\" style=\"margin-bottom: 0cm; text-indent: 1.25cm;\">\nTak<br \/>\nrozumiana niedziela daje r\u00f3wnie\u017c wielk\u0105 szans\u0119 rodzinnego<br \/>\nradowania si\u0119 z pi\u0119kna \u015bwiata stworzonego, odnajdywania w nim<br \/>\n\u015blad\u00f3w Boga, odpoczynku i wsp\u00f3lnego sp\u0119dzania czasu na \u0142onie<br \/>\nprzyrody przez rodzinne wyjazdy, wycieczki, organizowanie spotka\u0144 z<br \/>\ninnymi rodzinami. Dzisiaj, gdy praca staje si\u0119 jedynie towarem, a<br \/>\nekonomia wydaje si\u0119 panowa\u0107 nad wszystkimi dziedzinami \u017cycia,<br \/>\nbardzo piln\u0105 potrzeb\u0105 jest powr\u00f3t do \u015bwi\u0119towania niedzieli.<br \/>\nW\u0142a\u015bciwa forma \u015bwi\u0119towania mo\u017ce uratowa\u0107 i przywr\u00f3ci\u0107 pe\u0142n\u0105<br \/>\ngodno\u015b\u0107 \u017cycia rodzinnego. Przez wsp\u00f3lne przebywanie i modlitw\u0119<br \/>\nrodzice i dzieci ucz\u0105 si\u0119 dialogu i bycia razem, trwania w jedno\u015bci<br \/>\nprzy Chrystusie i w Ko\u015bciele oraz wzajemnego wsparcia na drogach<br \/>\ncodziennego \u017cycia.\n<\/div>\n<div align=\"JUSTIFY\" style=\"margin-bottom: 0cm; text-indent: 1.25cm;\">\nDlatego<br \/>\npotrzeba naszej troski o w\u0142a\u015bciwe \u015bwi\u0119towanie niedzieli, o<br \/>\nniepodejmowanie niekoniecznych prac, o zmian\u0119 ustawodawstwa<br \/>\ndotycz\u0105cego handlu w niedziel\u0119. Chrze\u015bcija\u0144ska rodzina nie<br \/>\npowinna sp\u0119dza\u0107 niedzieli w centrach handlowych na zwiedzaniu czy<br \/>\nzakupach. Pami\u0119tajmy, \u017ce takim zachowaniem wyrz\u0105dzamy r\u00f3wnie\u017c<br \/>\nkrzywd\u0119 osobom, kt\u00f3re musz\u0105 z tego powodu pracowa\u0107 w niedziel\u0119.<br \/>\nPrawdziwe \u015bwi\u0119towanie jest bowiem zawsze  bezinteresowne i w<br \/>\n\u0142\u0105czno\u015bci z drugimi. Je\u017celi<br \/>\nw niedziel\u0119 b\u0119dziemy my\u015ble\u0107 tylko o sobie samych, chodz\u0105c na<br \/>\nzakupy, uciekaj\u0105c jedynie we w\u0142asne hobby, w \u015bwiat wirtualny, w<br \/>\nnadmierne sp\u0119dzanie czasu przed telewizorem czy komputerem, nie<br \/>\ndo\u015bwiadczymy nigdy rado\u015bci rodzinnego \u015bwi\u0119towania.\n<\/div>\n<div align=\"JUSTIFY\" style=\"line-height: 115%; margin-bottom: 0cm; text-indent: 1.25cm;\">\n\n<\/div>\n<div align=\"JUSTIFY\" style=\"line-height: 115%; margin-bottom: 0cm; text-indent: 1.25cm;\">\n<b>3. Tego dnia<br \/>\nChrystus zmartwychwsta\u0142<\/b><\/div>\n<div align=\"JUSTIFY\" style=\"margin-bottom: 0cm; text-indent: 1.25cm;\">\nUmi\u0142owani<br \/>\nw Panu! W Jezusie Chrystusie niedziela \u2013 w j\u0119zyku \u0142aci\u0144skim<br \/>\nnazywana \u201eDominica\u201d, czyli Dzie\u0144 Pa\u0144ski, a w j\u0119zyku rosyjskim<br \/>\n\u201e\u0412\u043e\u0441\u043a\u0440\u0435\u0441\u0435\u043d\u0438\u0435\u201d<br \/>\n[<em>Wa<\/em><em>skriesienije<\/em><em>]<\/em>,<br \/>\nczyli Zmartwychwstanie \u2013 posiada jeszcze bogatsze znaczenie. Nasz<br \/>\nPan Jezus Chrystus, przez swoj\u0105 m\u0119k\u0119, \u015bmier\u0107 i zmartwychwstanie,<br \/>\npowo\u0142a\u0142 cz\u0142owieka do nowego \u017cycia i wyprowadzi\u0142 z niewoli<br \/>\ngrzechu, \u015bmierci i szatana, ku wolno\u015bci dzieci Bo\u017cych. Zrozumia\u0142e<br \/>\njest zatem, \u017ce ju\u017c w czasach apostolskich niedziela, jako \u201epierwszy<br \/>\ndzie\u0144 tygodnia\u201d, pami\u0105tka Zmartwychwstania, zacz\u0119\u0142a wyznacza\u0107<br \/>\nca\u0142y rytm \u017cycia uczni\u00f3w Chrystusa. Jej centralnym wydarzeniem by\u0142o<br \/>\nspotkanie ze Zmartwychwsta\u0142ym Panem na Eucharystii.\n<\/div>\n<div align=\"JUSTIFY\" style=\"margin-bottom: 0cm; text-indent: 1.25cm;\">\nDzisiaj<br \/>\nnie powinno by\u0107 inaczej. Ka\u017cdy chrze\u015bcijanin, \u015bwi\u0119tuj\u0105c<br \/>\nniedziel\u0119, mo\u017ce i powinien pog\u0142\u0119bi\u0107 swoj\u0105 wi\u0119\u017a z Chrystusem<br \/>\nZmartwychwsta\u0142ym, a przez to umacnia\u0107 jedno\u015b\u0107 wsp\u00f3lnoty<br \/>\nrodzinnej i parafialnej. Niedziela jest wielkim darem dla ca\u0142ej<br \/>\nrodzinny, szans\u0105 na pog\u0142\u0119bienie wiary przez wsp\u00f3lne uczestnictwo<br \/>\nwe Mszy \u015bwi\u0119tej. Eucharystia jest bowiem sercem Dnia Pa\u0144skiego.<br \/>\nPrzez udzia\u0142 w niedzielnej Eucharystii rodzina daje szczeg\u00f3lne<br \/>\n\u015bwiadectwo jako Ko\u015bci\u00f3\u0142 domowy. Przez wsp\u00f3ln\u0105 modlitw\u0119,<br \/>\nrozmow\u0119 z dzie\u0107mi na tematy religijne, wsp\u00f3ln\u0105 lektur\u0119 czasopism<br \/>\ni ksi\u0105\u017cek religijnych, korzystanie z medi\u00f3w katolickich wyra\u017ca<br \/>\nona swoj\u0105 trosk\u0119 o prawdziwie chrze\u015bcija\u0144skie \u015bwi\u0119towanie Dnia<br \/>\nPa\u0144skiego. W wielu domach istnieje pi\u0119kny zwyczaj wsp\u00f3lnego<br \/>\nczytania w niedziel\u0119 Pisma \u015bw. i odmawiania rodzinnego r\u00f3\u017ca\u0144ca<br \/>\nczy te\u017c nawi\u0105zywania w niedzielnych rozmowach do czyta\u0144 mszalnych<br \/>\ni us\u0142yszanego w ko\u015bciele kazania. W ten spos\u00f3b rodzina, czerpi\u0105c<br \/>\nsi\u0142\u0119 ze spotkania z Chrystusem na niedzielnej Eucharystii, potrafi<br \/>\n\u017cy\u0107 i \u015bwiadczy\u0107 o mi\u0142o\u015bci Boga w swoim \u017cyciu.<\/div>\n<div align=\"JUSTIFY\" style=\"margin-bottom: 0cm; text-indent: 1.25cm;\">\nZ<br \/>\n\u015bwi\u0119towania niedzieli w rodzinie rodzi\u0107 si\u0119 mog\u0105 konkretne<br \/>\npostawy w jej codziennym \u017cyciu. Takie prze\u017cywanie niedzieli otwiera<br \/>\nbowiem oczy i serce nie tylko na swoje w\u0142asne problemy i sprawy, ale<br \/>\nte\u017c i na drugich. Udzia\u0142 w niedzielnej Eucharystii zobowi\u0105zuje nas<br \/>\ndo konkretnego \u015bwiadectwa mi\u0142o\u015bci. Jej wyrazem powinna by\u0107 nasza<br \/>\npami\u0119\u0107 o rodzicach, o naszych krewnych, potrzebuj\u0105cych pomocy, o<br \/>\nosobach starszych, chorych czy samotnych. Niedziela to czas<br \/>\numacniania wzajemnych wi\u0119zi i mi\u0142o\u015bci, a tak\u017ce szansa na okazanie<br \/>\ntroski o bliskich zmar\u0142ych przez modlitw\u0119 i odwiedzanie ich grob\u00f3w.<\/p>\n<\/div>\n<div align=\"JUSTIFY\" style=\"margin-bottom: 0cm; text-indent: 1.25cm;\">\nUmi\u0142owani w Chrystusie<br \/>\nPanu! R\u00f3wnie\u017c dzisiaj, gdy w Ko\u015bciele m\u00f3wi si\u0119 o powo\u0142aniu do<br \/>\n\u017cycia w ma\u0142\u017ce\u0144stwie i rodzinie, wielu z Was z trosk\u0105 zadaje<br \/>\npytanie: co zrobi\u0107, aby uratowa\u0107 swoje ma\u0142\u017ce\u0144stwo i rodzin\u0119?<br \/>\nNie czekajcie, a\u017c b\u0119dzie za p\u00f3\u017ano. Uwierzcie, \u017ce je\u017celi<br \/>\nb\u0119dziecie w Waszej rodzinie \u015bwi\u0119towa\u0107 niedziel\u0119, to taki styl<br \/>\n\u017cycia pomo\u017ce zachowa\u0107 Wasz\u0105 rodzin\u0119 od wielu niebezpiecze\u0144stw i<br \/>\nniepewno\u015bci. \u017byczymy Wam tego i modlimy si\u0119 o to, zawierzaj\u0105c<br \/>\nwszystkich ma\u0142\u017conk\u00f3w i wszystkie rodziny \u015awi\u0119tej Rodzinie z<br \/>\nNazaretu.<\/div>\n<div align=\"JUSTIFY\" style=\"background: #ffffff; margin-bottom: 0.35cm; margin-top: 0.08cm; text-indent: 1.25cm;\">\nNa radosne \u015bwi\u0119towanie<br \/>\nka\u017cdej niedzieli z serca Wam b\u0142ogos\u0142awimy<\/div>\n<div align=\"RIGHT\" style=\"line-height: 100%; margin-top: 0.21cm; text-indent: 1.25cm;\">\nPodpisali:<br \/>\nPasterze Ko\u015bcio\u0142a katolickiego w Polsce<\/div>\n","protected":false},"excerpt":{"rendered":"<p>Niech b\u0119dzie pochwalony Jezus Chrystus! Bardzo serdecznie dzi\u0119kuj\u0119 Ksi\u0119dzu Markowi za wczorajsze i przedwczorajsze rozwa\u017canie. Dzi\u0119kuj\u0119 tak\u017ce za Wasze wypowiedzi. Do wszystkiego odnios\u0119 si\u0119 w wolnej chwili, bo ja znowu \u017cyj\u0119 w tempie zawrotnym: trwa wizyta duszpasterska, a wczoraj jeszcze mia\u0142o miejsce fantastyczne Spotkanie Op\u0142atkowe Pielgrzym\u00f3w do Ziemi \u015awi\u0119tej. Przyby\u0142o bardzo wiele Os\u00f3b, kt\u00f3rym dzi\u0119kuj\u0119 [&hellip;]<\/p>\n","protected":false},"author":1,"featured_media":0,"comment_status":"open","ping_status":"open","sticky":false,"template":"","format":"standard","meta":{"jetpack_post_was_ever_published":false,"_jetpack_newsletter_access":"","_jetpack_dont_email_post_to_subs":false,"_jetpack_newsletter_tier_id":0,"_jetpack_memberships_contains_paywalled_content":false,"_jetpack_memberships_contains_paid_content":false,"footnotes":""},"categories":[1],"tags":[],"class_list":["post-9260","post","type-post","status-publish","format-standard","hentry","category-bez-kategorii"],"yoast_head":"<!-- This site is optimized with the Yoast SEO plugin v25.1 - https:\/\/yoast.com\/wordpress\/plugins\/seo\/ -->\n<title>Pan uczci\u0142 rodzic\u00f3w przez dzieci... - Gaudium Et Spes<\/title>\n<meta name=\"robots\" content=\"index, follow, max-snippet:-1, max-image-preview:large, max-video-preview:-1\" \/>\n<link rel=\"canonical\" href=\"https:\/\/gaudiumetspes-blog.pl\/index.php\/2012\/12\/30\/pan-uczci-rodzicow-przez-dzieci\/\" \/>\n<meta property=\"og:locale\" content=\"pl_PL\" \/>\n<meta property=\"og:type\" content=\"article\" \/>\n<meta property=\"og:title\" content=\"Pan uczci\u0142 rodzic\u00f3w przez dzieci... - Gaudium Et Spes\" \/>\n<meta property=\"og:description\" content=\"Niech b\u0119dzie pochwalony Jezus Chrystus! Bardzo serdecznie dzi\u0119kuj\u0119 Ksi\u0119dzu Markowi za wczorajsze i przedwczorajsze rozwa\u017canie. Dzi\u0119kuj\u0119 tak\u017ce za Wasze wypowiedzi. Do wszystkiego odnios\u0119 si\u0119 w wolnej chwili, bo ja znowu \u017cyj\u0119 w tempie zawrotnym: trwa wizyta duszpasterska, a wczoraj jeszcze mia\u0142o miejsce fantastyczne Spotkanie Op\u0142atkowe Pielgrzym\u00f3w do Ziemi \u015awi\u0119tej. Przyby\u0142o bardzo wiele Os\u00f3b, kt\u00f3rym dzi\u0119kuj\u0119 [&hellip;]\" \/>\n<meta property=\"og:url\" content=\"https:\/\/gaudiumetspes-blog.pl\/index.php\/2012\/12\/30\/pan-uczci-rodzicow-przez-dzieci\/\" \/>\n<meta property=\"og:site_name\" content=\"Gaudium Et Spes\" \/>\n<meta property=\"article:published_time\" content=\"2012-12-30T05:51:00+00:00\" \/>\n<meta property=\"article:modified_time\" content=\"2019-07-31T10:53:47+00:00\" \/>\n<meta name=\"author\" content=\"Ks. Jacek\" \/>\n<meta name=\"twitter:card\" content=\"summary_large_image\" \/>\n<meta name=\"twitter:label1\" content=\"Napisane przez\" \/>\n\t<meta name=\"twitter:data1\" content=\"Ks. Jacek\" \/>\n\t<meta name=\"twitter:label2\" content=\"Szacowany czas czytania\" \/>\n\t<meta name=\"twitter:data2\" content=\"12 minut\" \/>\n<script type=\"application\/ld+json\" class=\"yoast-schema-graph\">{\"@context\":\"https:\/\/schema.org\",\"@graph\":[{\"@type\":\"WebPage\",\"@id\":\"https:\/\/gaudiumetspes-blog.pl\/index.php\/2012\/12\/30\/pan-uczci-rodzicow-przez-dzieci\/\",\"url\":\"https:\/\/gaudiumetspes-blog.pl\/index.php\/2012\/12\/30\/pan-uczci-rodzicow-przez-dzieci\/\",\"name\":\"Pan uczci\u0142 rodzic\u00f3w przez dzieci... - Gaudium Et Spes\",\"isPartOf\":{\"@id\":\"https:\/\/gaudiumetspes-blog.pl\/#website\"},\"datePublished\":\"2012-12-30T05:51:00+00:00\",\"dateModified\":\"2019-07-31T10:53:47+00:00\",\"author\":{\"@id\":\"https:\/\/gaudiumetspes-blog.pl\/#\/schema\/person\/1661982992b752dea8dff0d4ed845a65\"},\"breadcrumb\":{\"@id\":\"https:\/\/gaudiumetspes-blog.pl\/index.php\/2012\/12\/30\/pan-uczci-rodzicow-przez-dzieci\/#breadcrumb\"},\"inLanguage\":\"pl-PL\",\"potentialAction\":[{\"@type\":\"ReadAction\",\"target\":[\"https:\/\/gaudiumetspes-blog.pl\/index.php\/2012\/12\/30\/pan-uczci-rodzicow-przez-dzieci\/\"]}]},{\"@type\":\"BreadcrumbList\",\"@id\":\"https:\/\/gaudiumetspes-blog.pl\/index.php\/2012\/12\/30\/pan-uczci-rodzicow-przez-dzieci\/#breadcrumb\",\"itemListElement\":[{\"@type\":\"ListItem\",\"position\":1,\"name\":\"Strona g\u0142\u00f3wna\",\"item\":\"https:\/\/gaudiumetspes-blog.pl\/\"},{\"@type\":\"ListItem\",\"position\":2,\"name\":\"Pan uczci\u0142 rodzic\u00f3w przez&nbsp;dzieci&#8230;\"}]},{\"@type\":\"WebSite\",\"@id\":\"https:\/\/gaudiumetspes-blog.pl\/#website\",\"url\":\"https:\/\/gaudiumetspes-blog.pl\/\",\"name\":\"Gaudium Et Spes\",\"description\":\"Blog Ks. Jacka Ja\u015bkowskiego\",\"potentialAction\":[{\"@type\":\"SearchAction\",\"target\":{\"@type\":\"EntryPoint\",\"urlTemplate\":\"https:\/\/gaudiumetspes-blog.pl\/?s={search_term_string}\"},\"query-input\":{\"@type\":\"PropertyValueSpecification\",\"valueRequired\":true,\"valueName\":\"search_term_string\"}}],\"inLanguage\":\"pl-PL\"},{\"@type\":\"Person\",\"@id\":\"https:\/\/gaudiumetspes-blog.pl\/#\/schema\/person\/1661982992b752dea8dff0d4ed845a65\",\"name\":\"Ks. Jacek\",\"image\":{\"@type\":\"ImageObject\",\"inLanguage\":\"pl-PL\",\"@id\":\"https:\/\/gaudiumetspes-blog.pl\/#\/schema\/person\/image\/\",\"url\":\"https:\/\/gaudiumetspes-blog.pl\/wp-content\/uploads\/2019\/07\/avatar-JJ-150x150.jpg\",\"contentUrl\":\"https:\/\/gaudiumetspes-blog.pl\/wp-content\/uploads\/2019\/07\/avatar-JJ-150x150.jpg\",\"caption\":\"Ks. Jacek\"},\"description\":\"Witam serdecznie! K\u0142ania si\u0119 Ks. Jacek Ja\u015bkowski. Nie jestem ani kim\u015b wa\u017cnym, ani kim\u015b znanym. Jestem ksi\u0119dzem, kt\u00f3ry po prostu chce rozmawia\u0107. Codzienna kap\u0142a\u0144ska pos\u0142uga pokazuje mi, \u017ce temat\u00f3w do rozm\u00f3w z ksi\u0119dzem jest coraz wi\u0119cej i dzisiaj \u017caden ksi\u0105dz nie mo\u017ce od nich ucieka\u0107, ale - wprost przeciwnie - podejmowa\u0107 nowe wyzwania. To przekonanie sk\u0142oni\u0142o mnie do pr\u00f3by otwarcia tego\u017c bloga, chocia\u017c okazji do rozm\u00f3w na co dzie\u0144 - w konfesjonale i poza nim - na szcz\u0119\u015bcie nie brakuje. My\u015bl\u0119 jednak, \u017ce ten blog b\u0119dzie jeszcze jednym sposobem i przestrzeni\u0105 nawi\u0105zania kontaktu z lud\u017ami dobrej woli, otwartymi na dialog.\",\"url\":\"https:\/\/gaudiumetspes-blog.pl\/index.php\/author\/ks-jacek\/\"}]}<\/script>\n<!-- \/ Yoast SEO plugin. -->","yoast_head_json":{"title":"Pan uczci\u0142 rodzic\u00f3w przez dzieci... - Gaudium Et Spes","robots":{"index":"index","follow":"follow","max-snippet":"max-snippet:-1","max-image-preview":"max-image-preview:large","max-video-preview":"max-video-preview:-1"},"canonical":"https:\/\/gaudiumetspes-blog.pl\/index.php\/2012\/12\/30\/pan-uczci-rodzicow-przez-dzieci\/","og_locale":"pl_PL","og_type":"article","og_title":"Pan uczci\u0142 rodzic\u00f3w przez dzieci... - Gaudium Et Spes","og_description":"Niech b\u0119dzie pochwalony Jezus Chrystus! Bardzo serdecznie dzi\u0119kuj\u0119 Ksi\u0119dzu Markowi za wczorajsze i przedwczorajsze rozwa\u017canie. Dzi\u0119kuj\u0119 tak\u017ce za Wasze wypowiedzi. Do wszystkiego odnios\u0119 si\u0119 w wolnej chwili, bo ja znowu \u017cyj\u0119 w tempie zawrotnym: trwa wizyta duszpasterska, a wczoraj jeszcze mia\u0142o miejsce fantastyczne Spotkanie Op\u0142atkowe Pielgrzym\u00f3w do Ziemi \u015awi\u0119tej. Przyby\u0142o bardzo wiele Os\u00f3b, kt\u00f3rym dzi\u0119kuj\u0119 [&hellip;]","og_url":"https:\/\/gaudiumetspes-blog.pl\/index.php\/2012\/12\/30\/pan-uczci-rodzicow-przez-dzieci\/","og_site_name":"Gaudium Et Spes","article_published_time":"2012-12-30T05:51:00+00:00","article_modified_time":"2019-07-31T10:53:47+00:00","author":"Ks. Jacek","twitter_card":"summary_large_image","twitter_misc":{"Napisane przez":"Ks. Jacek","Szacowany czas czytania":"12 minut"},"schema":{"@context":"https:\/\/schema.org","@graph":[{"@type":"WebPage","@id":"https:\/\/gaudiumetspes-blog.pl\/index.php\/2012\/12\/30\/pan-uczci-rodzicow-przez-dzieci\/","url":"https:\/\/gaudiumetspes-blog.pl\/index.php\/2012\/12\/30\/pan-uczci-rodzicow-przez-dzieci\/","name":"Pan uczci\u0142 rodzic\u00f3w przez dzieci... - Gaudium Et Spes","isPartOf":{"@id":"https:\/\/gaudiumetspes-blog.pl\/#website"},"datePublished":"2012-12-30T05:51:00+00:00","dateModified":"2019-07-31T10:53:47+00:00","author":{"@id":"https:\/\/gaudiumetspes-blog.pl\/#\/schema\/person\/1661982992b752dea8dff0d4ed845a65"},"breadcrumb":{"@id":"https:\/\/gaudiumetspes-blog.pl\/index.php\/2012\/12\/30\/pan-uczci-rodzicow-przez-dzieci\/#breadcrumb"},"inLanguage":"pl-PL","potentialAction":[{"@type":"ReadAction","target":["https:\/\/gaudiumetspes-blog.pl\/index.php\/2012\/12\/30\/pan-uczci-rodzicow-przez-dzieci\/"]}]},{"@type":"BreadcrumbList","@id":"https:\/\/gaudiumetspes-blog.pl\/index.php\/2012\/12\/30\/pan-uczci-rodzicow-przez-dzieci\/#breadcrumb","itemListElement":[{"@type":"ListItem","position":1,"name":"Strona g\u0142\u00f3wna","item":"https:\/\/gaudiumetspes-blog.pl\/"},{"@type":"ListItem","position":2,"name":"Pan uczci\u0142 rodzic\u00f3w przez&nbsp;dzieci&#8230;"}]},{"@type":"WebSite","@id":"https:\/\/gaudiumetspes-blog.pl\/#website","url":"https:\/\/gaudiumetspes-blog.pl\/","name":"Gaudium Et Spes","description":"Blog Ks. Jacka Ja\u015bkowskiego","potentialAction":[{"@type":"SearchAction","target":{"@type":"EntryPoint","urlTemplate":"https:\/\/gaudiumetspes-blog.pl\/?s={search_term_string}"},"query-input":{"@type":"PropertyValueSpecification","valueRequired":true,"valueName":"search_term_string"}}],"inLanguage":"pl-PL"},{"@type":"Person","@id":"https:\/\/gaudiumetspes-blog.pl\/#\/schema\/person\/1661982992b752dea8dff0d4ed845a65","name":"Ks. Jacek","image":{"@type":"ImageObject","inLanguage":"pl-PL","@id":"https:\/\/gaudiumetspes-blog.pl\/#\/schema\/person\/image\/","url":"https:\/\/gaudiumetspes-blog.pl\/wp-content\/uploads\/2019\/07\/avatar-JJ-150x150.jpg","contentUrl":"https:\/\/gaudiumetspes-blog.pl\/wp-content\/uploads\/2019\/07\/avatar-JJ-150x150.jpg","caption":"Ks. Jacek"},"description":"Witam serdecznie! K\u0142ania si\u0119 Ks. Jacek Ja\u015bkowski. Nie jestem ani kim\u015b wa\u017cnym, ani kim\u015b znanym. Jestem ksi\u0119dzem, kt\u00f3ry po prostu chce rozmawia\u0107. Codzienna kap\u0142a\u0144ska pos\u0142uga pokazuje mi, \u017ce temat\u00f3w do rozm\u00f3w z ksi\u0119dzem jest coraz wi\u0119cej i dzisiaj \u017caden ksi\u0105dz nie mo\u017ce od nich ucieka\u0107, ale - wprost przeciwnie - podejmowa\u0107 nowe wyzwania. To przekonanie sk\u0142oni\u0142o mnie do pr\u00f3by otwarcia tego\u017c bloga, chocia\u017c okazji do rozm\u00f3w na co dzie\u0144 - w konfesjonale i poza nim - na szcz\u0119\u015bcie nie brakuje. My\u015bl\u0119 jednak, \u017ce ten blog b\u0119dzie jeszcze jednym sposobem i przestrzeni\u0105 nawi\u0105zania kontaktu z lud\u017ami dobrej woli, otwartymi na dialog.","url":"https:\/\/gaudiumetspes-blog.pl\/index.php\/author\/ks-jacek\/"}]}},"jetpack_featured_media_url":"","jetpack_sharing_enabled":true,"_links":{"self":[{"href":"https:\/\/gaudiumetspes-blog.pl\/index.php\/wp-json\/wp\/v2\/posts\/9260","targetHints":{"allow":["GET"]}}],"collection":[{"href":"https:\/\/gaudiumetspes-blog.pl\/index.php\/wp-json\/wp\/v2\/posts"}],"about":[{"href":"https:\/\/gaudiumetspes-blog.pl\/index.php\/wp-json\/wp\/v2\/types\/post"}],"author":[{"embeddable":true,"href":"https:\/\/gaudiumetspes-blog.pl\/index.php\/wp-json\/wp\/v2\/users\/1"}],"replies":[{"embeddable":true,"href":"https:\/\/gaudiumetspes-blog.pl\/index.php\/wp-json\/wp\/v2\/comments?post=9260"}],"version-history":[{"count":1,"href":"https:\/\/gaudiumetspes-blog.pl\/index.php\/wp-json\/wp\/v2\/posts\/9260\/revisions"}],"predecessor-version":[{"id":10878,"href":"https:\/\/gaudiumetspes-blog.pl\/index.php\/wp-json\/wp\/v2\/posts\/9260\/revisions\/10878"}],"wp:attachment":[{"href":"https:\/\/gaudiumetspes-blog.pl\/index.php\/wp-json\/wp\/v2\/media?parent=9260"}],"wp:term":[{"taxonomy":"category","embeddable":true,"href":"https:\/\/gaudiumetspes-blog.pl\/index.php\/wp-json\/wp\/v2\/categories?post=9260"},{"taxonomy":"post_tag","embeddable":true,"href":"https:\/\/gaudiumetspes-blog.pl\/index.php\/wp-json\/wp\/v2\/tags?post=9260"}],"curies":[{"name":"wp","href":"https:\/\/api.w.org\/{rel}","templated":true}]}}