{"id":9325,"date":"2012-10-26T06:04:00","date_gmt":"2012-10-26T04:04:00","guid":{"rendered":"https:\/\/gaudiumetspes-blog.pl\/index.php\/2012\/10\/26\/byc-pierwszym-wyciagajacym-reke-do-zgody\/"},"modified":"2019-07-31T12:53:39","modified_gmt":"2019-07-31T10:53:39","slug":"byc-pierwszym-wyciagajacym-reke-do-zgody","status":"publish","type":"post","link":"https:\/\/gaudiumetspes-blog.pl\/index.php\/2012\/10\/26\/byc-pierwszym-wyciagajacym-reke-do-zgody\/","title":{"rendered":"By\u0107 pierwszym wyci\u0105gaj\u0105cym r\u0119k\u0119 do zgody"},"content":{"rendered":"<div class=\"separator\" style=\"clear: both; text-align: center;\">\n<a href=\"http:\/\/3.bp.blogspot.com\/-dVXQ30jQDrc\/UIone3zsifI\/AAAAAAAAADM\/mrUeMM2djsk\/s1600\/staruszki.jpg\" imageanchor=\"1\" style=\"clear: right; float: right; margin-bottom: 1em; margin-left: 1em;\"><img loading=\"lazy\" decoding=\"async\" border=\"0\" height=\"320\" src=\"https:\/\/gaudiumetspes-blog.pl\/wp-content\/uploads\/2012\/10\/staruszki.jpg\" width=\"267\" \/><\/a><\/div>\n<p><strong>Niech b\u0119dzie pochwalony Jezus Chrystus!<\/strong><br \/>\n<strong><\/strong><br \/>\nDzi\u0119kuj\u0119 za wczorajsze komentarze, \u015bwiadectwa. Modlimy si\u0119 za ks. Jacka, o dobre owoce jego rekolekcji.<\/p>\n<p><strong><em>(Ef 4,1-6)<br \/> Zach\u0119cam was ja, wi\u0119zie\u0144 w Panu, aby\u015bcie post\u0119powali w spos\u00f3b godny powo\u0142ania, jakim zostali\u015bcie wezwani, z ca\u0142\u0105 pokor\u0105 i cicho\u015bci\u0105, z cierpliwo\u015bci\u0105, znosz\u0105c siebie nawzajem w mi\u0142o\u015bci. Usi\u0142ujcie zachowa\u0107 jedno\u015b\u0107 Ducha dzi\u0119ki wi\u0119zi, jak\u0105 jest pok\u00f3j. Jedno jest Cia\u0142o i jeden Duch, bo te\u017c zostali\u015bcie wezwani do jednej nadziei, jak\u0105 daje wasze powo\u0142anie. Jeden jest Pan, jedna wiara, jeden chrzest. Jeden jest B\u00f3g i Ojciec wszystkich, kt\u00f3ry [jest i dzia\u0142a] ponad wszystkimi, przez wszystkich i we wszystkich.<\/em><\/strong><br \/>\n<strong><em><\/em><\/strong><br \/>\n<strong><em>(\u0141k 12,54-59)<br \/> Jezus m\u00f3wi\u0142 do t\u0142um\u00f3w: Gdy ujrzycie chmur\u0119 podnosz\u0105c\u0105 si\u0119 na zachodzie, zaraz m\u00f3wicie: Deszcze idzie. I tak bywa. A gdy wiatr wieje z po\u0142udnia, powiadacie: B\u0119dzie upa\u0142. I bywa. Ob\u0142udnicy, umiecie rozpoznawa\u0107 wygl\u0105d ziemi i nieba, a jak\u017ce obecnego czasu nie rozpoznajecie? I dlaczego sami z siebie nie rozr\u00f3\u017cniacie tego, co jest s\u0142uszne? Gdy idziesz do urz\u0119du ze swym przeciwnikiem, staraj si\u0119 w drodze doj\u015b\u0107 z nim do zgody, by ci\u0119 nie poci\u0105gn\u0105\u0142 do s\u0119dziego; a s\u0119dzia przekaza\u0142by ci\u0119 dozorcy, dozorca za\u015b wtr\u0105ci\u0142by ci\u0119 do wi\u0119zienia. Powiadam ci, nie wyjdziesz stamt\u0105d, p\u00f3ki nie oddasz ostatniego pieni\u0105\u017cka.<\/em><\/strong><br \/>\n<strong><em><\/em><\/strong><br \/>\nBywaj\u0105 tacy ludzie, kt\u00f3rzy, gdzie by si\u0119 nie pojawili, to zawsze w tym miejscu zaczyna si\u0119 jaka\u015b k\u0142\u00f3tnia, jaki\u015b konflikt. Ale te\u017c bywaj\u0105 i tacy ludzie, kt\u00f3rzy gdzie si\u0119 nie pojawi\u0105, to zawsze jakie\u015b napi\u0119cie roz\u0142aduj\u0105.&nbsp; <\/p>\n<p>Dzi\u015b \u015bw. Pawe\u0142 wzywa nas \u2013 <strong><em>Zach\u0119cam was ja, wi\u0119zie\u0144 w Panu, aby\u015bcie post\u0119powali w spos\u00f3b godny powo\u0142ania, jakim zostali\u015bcie wezwani, z ca\u0142\u0105 pokor\u0105 i cicho\u015bci\u0105, z cierpliwo\u015bci\u0105, znosz\u0105c siebie nawzajem w mi\u0142o\u015bci. Usi\u0142ujcie zachowa\u0107 jedno\u015b\u0107 Ducha dzi\u0119ki wi\u0119zi, jak\u0105 jest pok\u00f3j.<\/em><\/strong><br \/>\n<strong><em><\/em><\/strong><br \/>\nPi\u0119kna zach\u0119ta. Powo\u0142anie o jakim on m\u00f3wi, to powo\u0142anie chrze\u015bcija\u0144skie, ale r\u00f3wnie dobrze, mo\u017cemy to odnie\u015b\u0107 do swojego \u017cyciowego powo\u0142ania. Zreszt\u0105, ten fragment znajduje si\u0119 w\u015br\u00f3d czyta\u0144 na liturgi\u0119 sakramentu ma\u0142\u017ce\u0144stwa.<\/p>\n<p>Podobne jest jedno z o\u015bmiu b\u0142ogos\u0142awie\u0144stw \u2013 <strong><em>B\u0142ogos\u0142awieni, kt\u00f3rzy wprowadzaj\u0105 pok\u00f3j<\/em><\/strong>.<\/p>\n<p>Podobnie w dzisiejszej Ewangelii s\u0142yszymy o czasie jaki mamy rozpozna\u0107. I dalszy ci\u0105g Ewangelii wyja\u015bnia nam o jakie rozpoznanie chodzi \u2013 jest to czas pojednania: <strong><em>Gdy idziesz do urz\u0119du ze swym przeciwnikiem, staraj si\u0119 w drodze doj\u015b\u0107 z nim do zgody<\/em><\/strong>\u2026<\/p>\n<p>My mamy by\u0107 Aposto\u0142ami pokoju, lud\u017ami wprowadzaj\u0105cymi pok\u00f3j, tworz\u0105cymi pok\u00f3j i jedno\u015b\u0107. To wyp\u0142ywa z naszego chrze\u015bcija\u0144skiego powo\u0142ania.<br \/>\n<a name='more'><\/a><br \/>\nNiedawno by\u0142o u nas comiesi\u0119czne spotkanie ma\u0142\u017ce\u0144stw, a po nim spotkania w grupach, spotkanie m\u0119\u017cczyzn i spotkanie kobiet. Na spotkaniu kobiet zada\u0142em im pytanie \u2013 kto w waszym \u017cyciu, jest dla was przyk\u0142adem wiary? Szybko jedna z nich powiedzia\u0142a imi\u0119 innej kobiety uczestnicz\u0105cej w spotkaniu. Prawie wszystkie inne j\u0105 w tym podtrzyma\u0142y, potwierdzi\u0142y, pokazuj\u0105c na t\u0119 jedn\u0105. A owa kobieta, kt\u00f3ra okaza\u0142a si\u0119 dla wielu przyk\u0142adem wiary, to najbardziej cicha i skromna kobieta, \u017cona i matka dw\u00f3jki dzieci. Ta cicha i skromna kobieta sta\u0142a si\u0119 dla wielu przyk\u0142adem wiary.&nbsp; <\/p>\n<p>My\u015bl\u0119, \u017ce inne kobiety widz\u0105c jej postaw\u0119, wyczu\u0142y t\u0119 autentyczno\u015b\u0107 wiary, \u017cycia wiar\u0105.&nbsp; <\/p>\n<p><em>Zach\u0119cam was, aby\u015bcie post\u0119powali w spos\u00f3b godny powo\u0142ania, jakim zostali\u015bcie wezwani, z ca\u0142\u0105 pokor\u0105 i cicho\u015bci\u0105, z cierpliwo\u015bci\u0105, znosz\u0105c siebie nawzajem w mi\u0142o\u015bci.<\/em><br \/>\n<em><\/em><br \/>\nW pewnej rodzinie, rodzice maj\u0105 powa\u017cny problem ze swoim nadpobudliwym synem. M\u00f3wi\u0105, \u017ce on cz\u0119sto m\u00f3wi o nienawi\u015bci do innych, \u017ce mo\u017ce ich pozabija\u0107, ale nie umie powiedzie\u0107 \u2013 przepraszam, nie umie powiedzie\u0107 \u2013 kocham. W rozmowie z rodzicami okaza\u0142o si\u0119, \u017ce nie tylko on nie umie m\u00f3wi\u0107 takich s\u0142\u00f3w, tak\u017ce i rodzice maj\u0105 z tym du\u017cy problem, zw\u0142aszcza w odniesieniu do siebie. Cho\u0107 trudno ich nazwa\u0107 z\u0142ym ma\u0142\u017ce\u0144stwem, mo\u017cna powiedzie\u0107, \u017ce \u017cyj\u0105 poprawnie, to jednak na tak\u0105 serdeczno\u015b\u0107, czu\u0142o\u015b\u0107, na tak\u0105 normalno\u015b\u0107 zdoby\u0107 si\u0119 nie mog\u0105. Nie wiem, czy postawa dziecka jest jako\u015b bezpo\u015brednio z tym zwi\u0105zana, ale przynajmniej pomog\u0142a zobaczy\u0107 inny problem.&nbsp; <\/p>\n<p>Aby post\u0119powa\u0107 w spos\u00f3b godny powo\u0142ania, chrze\u015bcija\u0144skiego powo\u0142ania, z ca\u0142\u0105 pokor\u0105 i cicho\u015bci\u0105, z cierpliwo\u015bci\u0105, znosz\u0105c siebie nawzajem w mi\u0142o\u015bci, trzeba u\u017cywa\u0107 owych czterech magicznych s\u0142\u00f3w: <strong>kocham, prosz\u0119, dzi\u0119kuj\u0119, przepraszam<\/strong>.<\/p>\n<p><strong>Aby post\u0119powa\u0107 w spos\u00f3b godny powo\u0142ania, trzeba by\u0107 pierwszym wyci\u0105gaj\u0105cym r\u0119k\u0119 do zgody, pierwszym przyznaj\u0105cym si\u0119 do winy, pierwszym prosz\u0105cym o przebaczenie. To nie naiwno\u015b\u0107, to wy\u017cszy poziom cz\u0142owiecze\u0144stwa, kt\u00f3ry nazywa si\u0119 chrze\u015bcija\u0144stwem.&nbsp; <\/strong><br \/>\n<strong><\/strong><br \/>\nA je\u015bli z kim\u015b jeste\u015bmy sk\u0142\u00f3ceni, to mamy si\u0119 w drodze pojedna\u0107 \u017ceby on nas nie poda\u0142 do s\u0105du i nie wtr\u0105ci\u0142 do wi\u0119zienia\u2026 W jakiej drodze? W, na drodze \u017cycia, p\u00f3ki \u017cyjemy, p\u00f3ki jeste\u015bmy w drodze do nieba\u2026 Jaki s\u0105d? \u2013 Bo\u017cy s\u0105d. Ludzie z kt\u00f3rymi jeste\u015bmy sk\u0142\u00f3ceni na ziemi, mog\u0105 na tym s\u0105dzie by\u0107 naszymi oskar\u017cycielami. Czemu oni naszymi, je\u015bli cz\u0119sto my mniej jeste\u015bmy winni? \u2013 Poniewa\u017c komu wi\u0119cej dano, od tego wi\u0119cej wymaga\u0107 si\u0119 b\u0119dzie.&nbsp; <\/p>\n<p>Fajnie dzi\u015b na naszym rosyjskim blogu pisze o. Stefan, o takim pojednaniu: mo\u017ce nam dzi\u015b nie uda si\u0119 go osi\u0105gn\u0105\u0107, ale <strong>dzi\u015b trzeba zrobi\u0107 pierwszy krok.<\/strong>&nbsp; <\/p>\n<p>Trudne jest to chrze\u015bcija\u0144stwo\u2026 Warto po tej trudnej drodze i\u015b\u0107?&nbsp; <\/p>\n<p>Ale jednocze\u015bnie pi\u0119kne! \u2013 Ja id\u0119 dalej.<\/p>\n<p><em>Zach\u0119cam was ja, wi\u0119zie\u0144 w Panu, aby\u015bcie post\u0119powali w spos\u00f3b godny powo\u0142ania, jakim zostali\u015bcie wezwani, z ca\u0142\u0105 pokor\u0105 i cicho\u015bci\u0105, z cierpliwo\u015bci\u0105, znosz\u0105c siebie nawzajem w mi\u0142o\u015bci.<\/em><\/p>\n<p>Bo\u017ce, pom\u00f3\u017c!<\/p>\n","protected":false},"excerpt":{"rendered":"<p>Niech b\u0119dzie pochwalony Jezus Chrystus! Dzi\u0119kuj\u0119 za wczorajsze komentarze, \u015bwiadectwa. Modlimy si\u0119 za ks. Jacka, o dobre owoce jego rekolekcji. (Ef 4,1-6) Zach\u0119cam was ja, wi\u0119zie\u0144 w Panu, aby\u015bcie post\u0119powali w spos\u00f3b godny powo\u0142ania, jakim zostali\u015bcie wezwani, z ca\u0142\u0105 pokor\u0105 i cicho\u015bci\u0105, z cierpliwo\u015bci\u0105, znosz\u0105c siebie nawzajem w mi\u0142o\u015bci. Usi\u0142ujcie zachowa\u0107 jedno\u015b\u0107 Ducha dzi\u0119ki wi\u0119zi, [&hellip;]<\/p>\n","protected":false},"author":1,"featured_media":0,"comment_status":"open","ping_status":"open","sticky":false,"template":"","format":"standard","meta":{"jetpack_post_was_ever_published":false,"_jetpack_newsletter_access":"","_jetpack_dont_email_post_to_subs":false,"_jetpack_newsletter_tier_id":0,"_jetpack_memberships_contains_paywalled_content":false,"_jetpack_memberships_contains_paid_content":false,"footnotes":""},"categories":[1],"tags":[],"class_list":["post-9325","post","type-post","status-publish","format-standard","hentry","category-bez-kategorii"],"yoast_head":"<!-- This site is optimized with the Yoast SEO plugin v25.1 - https:\/\/yoast.com\/wordpress\/plugins\/seo\/ -->\n<title>By\u0107 pierwszym wyci\u0105gaj\u0105cym r\u0119k\u0119 do zgody - Gaudium Et Spes<\/title>\n<meta name=\"robots\" content=\"index, follow, max-snippet:-1, max-image-preview:large, max-video-preview:-1\" \/>\n<link rel=\"canonical\" href=\"https:\/\/gaudiumetspes-blog.pl\/index.php\/2012\/10\/26\/byc-pierwszym-wyciagajacym-reke-do-zgody\/\" \/>\n<meta property=\"og:locale\" content=\"pl_PL\" \/>\n<meta property=\"og:type\" content=\"article\" \/>\n<meta property=\"og:title\" content=\"By\u0107 pierwszym wyci\u0105gaj\u0105cym r\u0119k\u0119 do zgody - Gaudium Et Spes\" \/>\n<meta property=\"og:description\" content=\"Niech b\u0119dzie pochwalony Jezus Chrystus! Dzi\u0119kuj\u0119 za wczorajsze komentarze, \u015bwiadectwa. Modlimy si\u0119 za ks. Jacka, o dobre owoce jego rekolekcji. (Ef 4,1-6) Zach\u0119cam was ja, wi\u0119zie\u0144 w Panu, aby\u015bcie post\u0119powali w spos\u00f3b godny powo\u0142ania, jakim zostali\u015bcie wezwani, z ca\u0142\u0105 pokor\u0105 i cicho\u015bci\u0105, z cierpliwo\u015bci\u0105, znosz\u0105c siebie nawzajem w mi\u0142o\u015bci. Usi\u0142ujcie zachowa\u0107 jedno\u015b\u0107 Ducha dzi\u0119ki wi\u0119zi, [&hellip;]\" \/>\n<meta property=\"og:url\" content=\"https:\/\/gaudiumetspes-blog.pl\/index.php\/2012\/10\/26\/byc-pierwszym-wyciagajacym-reke-do-zgody\/\" \/>\n<meta property=\"og:site_name\" content=\"Gaudium Et Spes\" \/>\n<meta property=\"article:published_time\" content=\"2012-10-26T04:04:00+00:00\" \/>\n<meta property=\"article:modified_time\" content=\"2019-07-31T10:53:39+00:00\" \/>\n<meta property=\"og:image\" content=\"https:\/\/gaudiumetspes-blog.pl\/wp-content\/uploads\/2012\/10\/staruszki.jpg\" \/>\n<meta name=\"author\" content=\"Ks. Jacek\" \/>\n<meta name=\"twitter:card\" content=\"summary_large_image\" \/>\n<meta name=\"twitter:label1\" content=\"Napisane przez\" \/>\n\t<meta name=\"twitter:data1\" content=\"Ks. Jacek\" \/>\n\t<meta name=\"twitter:label2\" content=\"Szacowany czas czytania\" \/>\n\t<meta name=\"twitter:data2\" content=\"5 minut\" \/>\n<script type=\"application\/ld+json\" class=\"yoast-schema-graph\">{\"@context\":\"https:\/\/schema.org\",\"@graph\":[{\"@type\":\"WebPage\",\"@id\":\"https:\/\/gaudiumetspes-blog.pl\/index.php\/2012\/10\/26\/byc-pierwszym-wyciagajacym-reke-do-zgody\/\",\"url\":\"https:\/\/gaudiumetspes-blog.pl\/index.php\/2012\/10\/26\/byc-pierwszym-wyciagajacym-reke-do-zgody\/\",\"name\":\"By\u0107 pierwszym wyci\u0105gaj\u0105cym r\u0119k\u0119 do zgody - Gaudium Et Spes\",\"isPartOf\":{\"@id\":\"https:\/\/gaudiumetspes-blog.pl\/#website\"},\"primaryImageOfPage\":{\"@id\":\"https:\/\/gaudiumetspes-blog.pl\/index.php\/2012\/10\/26\/byc-pierwszym-wyciagajacym-reke-do-zgody\/#primaryimage\"},\"image\":{\"@id\":\"https:\/\/gaudiumetspes-blog.pl\/index.php\/2012\/10\/26\/byc-pierwszym-wyciagajacym-reke-do-zgody\/#primaryimage\"},\"thumbnailUrl\":\"https:\/\/gaudiumetspes-blog.pl\/wp-content\/uploads\/2012\/10\/staruszki.jpg\",\"datePublished\":\"2012-10-26T04:04:00+00:00\",\"dateModified\":\"2019-07-31T10:53:39+00:00\",\"author\":{\"@id\":\"https:\/\/gaudiumetspes-blog.pl\/#\/schema\/person\/1661982992b752dea8dff0d4ed845a65\"},\"breadcrumb\":{\"@id\":\"https:\/\/gaudiumetspes-blog.pl\/index.php\/2012\/10\/26\/byc-pierwszym-wyciagajacym-reke-do-zgody\/#breadcrumb\"},\"inLanguage\":\"pl-PL\",\"potentialAction\":[{\"@type\":\"ReadAction\",\"target\":[\"https:\/\/gaudiumetspes-blog.pl\/index.php\/2012\/10\/26\/byc-pierwszym-wyciagajacym-reke-do-zgody\/\"]}]},{\"@type\":\"ImageObject\",\"inLanguage\":\"pl-PL\",\"@id\":\"https:\/\/gaudiumetspes-blog.pl\/index.php\/2012\/10\/26\/byc-pierwszym-wyciagajacym-reke-do-zgody\/#primaryimage\",\"url\":\"https:\/\/gaudiumetspes-blog.pl\/wp-content\/uploads\/2012\/10\/staruszki.jpg\",\"contentUrl\":\"https:\/\/gaudiumetspes-blog.pl\/wp-content\/uploads\/2012\/10\/staruszki.jpg\",\"width\":268,\"height\":320},{\"@type\":\"BreadcrumbList\",\"@id\":\"https:\/\/gaudiumetspes-blog.pl\/index.php\/2012\/10\/26\/byc-pierwszym-wyciagajacym-reke-do-zgody\/#breadcrumb\",\"itemListElement\":[{\"@type\":\"ListItem\",\"position\":1,\"name\":\"Strona g\u0142\u00f3wna\",\"item\":\"https:\/\/gaudiumetspes-blog.pl\/\"},{\"@type\":\"ListItem\",\"position\":2,\"name\":\"By\u0107 pierwszym wyci\u0105gaj\u0105cym r\u0119k\u0119 do&nbsp;zgody\"}]},{\"@type\":\"WebSite\",\"@id\":\"https:\/\/gaudiumetspes-blog.pl\/#website\",\"url\":\"https:\/\/gaudiumetspes-blog.pl\/\",\"name\":\"Gaudium Et Spes\",\"description\":\"Blog Ks. Jacka Ja\u015bkowskiego\",\"potentialAction\":[{\"@type\":\"SearchAction\",\"target\":{\"@type\":\"EntryPoint\",\"urlTemplate\":\"https:\/\/gaudiumetspes-blog.pl\/?s={search_term_string}\"},\"query-input\":{\"@type\":\"PropertyValueSpecification\",\"valueRequired\":true,\"valueName\":\"search_term_string\"}}],\"inLanguage\":\"pl-PL\"},{\"@type\":\"Person\",\"@id\":\"https:\/\/gaudiumetspes-blog.pl\/#\/schema\/person\/1661982992b752dea8dff0d4ed845a65\",\"name\":\"Ks. Jacek\",\"image\":{\"@type\":\"ImageObject\",\"inLanguage\":\"pl-PL\",\"@id\":\"https:\/\/gaudiumetspes-blog.pl\/#\/schema\/person\/image\/\",\"url\":\"https:\/\/gaudiumetspes-blog.pl\/wp-content\/uploads\/2019\/07\/avatar-JJ-150x150.jpg\",\"contentUrl\":\"https:\/\/gaudiumetspes-blog.pl\/wp-content\/uploads\/2019\/07\/avatar-JJ-150x150.jpg\",\"caption\":\"Ks. Jacek\"},\"description\":\"Witam serdecznie! K\u0142ania si\u0119 Ks. Jacek Ja\u015bkowski. Nie jestem ani kim\u015b wa\u017cnym, ani kim\u015b znanym. Jestem ksi\u0119dzem, kt\u00f3ry po prostu chce rozmawia\u0107. Codzienna kap\u0142a\u0144ska pos\u0142uga pokazuje mi, \u017ce temat\u00f3w do rozm\u00f3w z ksi\u0119dzem jest coraz wi\u0119cej i dzisiaj \u017caden ksi\u0105dz nie mo\u017ce od nich ucieka\u0107, ale - wprost przeciwnie - podejmowa\u0107 nowe wyzwania. To przekonanie sk\u0142oni\u0142o mnie do pr\u00f3by otwarcia tego\u017c bloga, chocia\u017c okazji do rozm\u00f3w na co dzie\u0144 - w konfesjonale i poza nim - na szcz\u0119\u015bcie nie brakuje. My\u015bl\u0119 jednak, \u017ce ten blog b\u0119dzie jeszcze jednym sposobem i przestrzeni\u0105 nawi\u0105zania kontaktu z lud\u017ami dobrej woli, otwartymi na dialog.\",\"url\":\"https:\/\/gaudiumetspes-blog.pl\/index.php\/author\/ks-jacek\/\"}]}<\/script>\n<!-- \/ Yoast SEO plugin. -->","yoast_head_json":{"title":"By\u0107 pierwszym wyci\u0105gaj\u0105cym r\u0119k\u0119 do zgody - Gaudium Et Spes","robots":{"index":"index","follow":"follow","max-snippet":"max-snippet:-1","max-image-preview":"max-image-preview:large","max-video-preview":"max-video-preview:-1"},"canonical":"https:\/\/gaudiumetspes-blog.pl\/index.php\/2012\/10\/26\/byc-pierwszym-wyciagajacym-reke-do-zgody\/","og_locale":"pl_PL","og_type":"article","og_title":"By\u0107 pierwszym wyci\u0105gaj\u0105cym r\u0119k\u0119 do zgody - Gaudium Et Spes","og_description":"Niech b\u0119dzie pochwalony Jezus Chrystus! Dzi\u0119kuj\u0119 za wczorajsze komentarze, \u015bwiadectwa. Modlimy si\u0119 za ks. Jacka, o dobre owoce jego rekolekcji. (Ef 4,1-6) Zach\u0119cam was ja, wi\u0119zie\u0144 w Panu, aby\u015bcie post\u0119powali w spos\u00f3b godny powo\u0142ania, jakim zostali\u015bcie wezwani, z ca\u0142\u0105 pokor\u0105 i cicho\u015bci\u0105, z cierpliwo\u015bci\u0105, znosz\u0105c siebie nawzajem w mi\u0142o\u015bci. Usi\u0142ujcie zachowa\u0107 jedno\u015b\u0107 Ducha dzi\u0119ki wi\u0119zi, [&hellip;]","og_url":"https:\/\/gaudiumetspes-blog.pl\/index.php\/2012\/10\/26\/byc-pierwszym-wyciagajacym-reke-do-zgody\/","og_site_name":"Gaudium Et Spes","article_published_time":"2012-10-26T04:04:00+00:00","article_modified_time":"2019-07-31T10:53:39+00:00","og_image":[{"url":"https:\/\/gaudiumetspes-blog.pl\/wp-content\/uploads\/2012\/10\/staruszki.jpg","type":"","width":"","height":""}],"author":"Ks. Jacek","twitter_card":"summary_large_image","twitter_misc":{"Napisane przez":"Ks. Jacek","Szacowany czas czytania":"5 minut"},"schema":{"@context":"https:\/\/schema.org","@graph":[{"@type":"WebPage","@id":"https:\/\/gaudiumetspes-blog.pl\/index.php\/2012\/10\/26\/byc-pierwszym-wyciagajacym-reke-do-zgody\/","url":"https:\/\/gaudiumetspes-blog.pl\/index.php\/2012\/10\/26\/byc-pierwszym-wyciagajacym-reke-do-zgody\/","name":"By\u0107 pierwszym wyci\u0105gaj\u0105cym r\u0119k\u0119 do zgody - Gaudium Et Spes","isPartOf":{"@id":"https:\/\/gaudiumetspes-blog.pl\/#website"},"primaryImageOfPage":{"@id":"https:\/\/gaudiumetspes-blog.pl\/index.php\/2012\/10\/26\/byc-pierwszym-wyciagajacym-reke-do-zgody\/#primaryimage"},"image":{"@id":"https:\/\/gaudiumetspes-blog.pl\/index.php\/2012\/10\/26\/byc-pierwszym-wyciagajacym-reke-do-zgody\/#primaryimage"},"thumbnailUrl":"https:\/\/gaudiumetspes-blog.pl\/wp-content\/uploads\/2012\/10\/staruszki.jpg","datePublished":"2012-10-26T04:04:00+00:00","dateModified":"2019-07-31T10:53:39+00:00","author":{"@id":"https:\/\/gaudiumetspes-blog.pl\/#\/schema\/person\/1661982992b752dea8dff0d4ed845a65"},"breadcrumb":{"@id":"https:\/\/gaudiumetspes-blog.pl\/index.php\/2012\/10\/26\/byc-pierwszym-wyciagajacym-reke-do-zgody\/#breadcrumb"},"inLanguage":"pl-PL","potentialAction":[{"@type":"ReadAction","target":["https:\/\/gaudiumetspes-blog.pl\/index.php\/2012\/10\/26\/byc-pierwszym-wyciagajacym-reke-do-zgody\/"]}]},{"@type":"ImageObject","inLanguage":"pl-PL","@id":"https:\/\/gaudiumetspes-blog.pl\/index.php\/2012\/10\/26\/byc-pierwszym-wyciagajacym-reke-do-zgody\/#primaryimage","url":"https:\/\/gaudiumetspes-blog.pl\/wp-content\/uploads\/2012\/10\/staruszki.jpg","contentUrl":"https:\/\/gaudiumetspes-blog.pl\/wp-content\/uploads\/2012\/10\/staruszki.jpg","width":268,"height":320},{"@type":"BreadcrumbList","@id":"https:\/\/gaudiumetspes-blog.pl\/index.php\/2012\/10\/26\/byc-pierwszym-wyciagajacym-reke-do-zgody\/#breadcrumb","itemListElement":[{"@type":"ListItem","position":1,"name":"Strona g\u0142\u00f3wna","item":"https:\/\/gaudiumetspes-blog.pl\/"},{"@type":"ListItem","position":2,"name":"By\u0107 pierwszym wyci\u0105gaj\u0105cym r\u0119k\u0119 do&nbsp;zgody"}]},{"@type":"WebSite","@id":"https:\/\/gaudiumetspes-blog.pl\/#website","url":"https:\/\/gaudiumetspes-blog.pl\/","name":"Gaudium Et Spes","description":"Blog Ks. Jacka Ja\u015bkowskiego","potentialAction":[{"@type":"SearchAction","target":{"@type":"EntryPoint","urlTemplate":"https:\/\/gaudiumetspes-blog.pl\/?s={search_term_string}"},"query-input":{"@type":"PropertyValueSpecification","valueRequired":true,"valueName":"search_term_string"}}],"inLanguage":"pl-PL"},{"@type":"Person","@id":"https:\/\/gaudiumetspes-blog.pl\/#\/schema\/person\/1661982992b752dea8dff0d4ed845a65","name":"Ks. Jacek","image":{"@type":"ImageObject","inLanguage":"pl-PL","@id":"https:\/\/gaudiumetspes-blog.pl\/#\/schema\/person\/image\/","url":"https:\/\/gaudiumetspes-blog.pl\/wp-content\/uploads\/2019\/07\/avatar-JJ-150x150.jpg","contentUrl":"https:\/\/gaudiumetspes-blog.pl\/wp-content\/uploads\/2019\/07\/avatar-JJ-150x150.jpg","caption":"Ks. Jacek"},"description":"Witam serdecznie! K\u0142ania si\u0119 Ks. Jacek Ja\u015bkowski. Nie jestem ani kim\u015b wa\u017cnym, ani kim\u015b znanym. Jestem ksi\u0119dzem, kt\u00f3ry po prostu chce rozmawia\u0107. Codzienna kap\u0142a\u0144ska pos\u0142uga pokazuje mi, \u017ce temat\u00f3w do rozm\u00f3w z ksi\u0119dzem jest coraz wi\u0119cej i dzisiaj \u017caden ksi\u0105dz nie mo\u017ce od nich ucieka\u0107, ale - wprost przeciwnie - podejmowa\u0107 nowe wyzwania. To przekonanie sk\u0142oni\u0142o mnie do pr\u00f3by otwarcia tego\u017c bloga, chocia\u017c okazji do rozm\u00f3w na co dzie\u0144 - w konfesjonale i poza nim - na szcz\u0119\u015bcie nie brakuje. My\u015bl\u0119 jednak, \u017ce ten blog b\u0119dzie jeszcze jednym sposobem i przestrzeni\u0105 nawi\u0105zania kontaktu z lud\u017ami dobrej woli, otwartymi na dialog.","url":"https:\/\/gaudiumetspes-blog.pl\/index.php\/author\/ks-jacek\/"}]}},"jetpack_featured_media_url":"","jetpack_sharing_enabled":true,"_links":{"self":[{"href":"https:\/\/gaudiumetspes-blog.pl\/index.php\/wp-json\/wp\/v2\/posts\/9325","targetHints":{"allow":["GET"]}}],"collection":[{"href":"https:\/\/gaudiumetspes-blog.pl\/index.php\/wp-json\/wp\/v2\/posts"}],"about":[{"href":"https:\/\/gaudiumetspes-blog.pl\/index.php\/wp-json\/wp\/v2\/types\/post"}],"author":[{"embeddable":true,"href":"https:\/\/gaudiumetspes-blog.pl\/index.php\/wp-json\/wp\/v2\/users\/1"}],"replies":[{"embeddable":true,"href":"https:\/\/gaudiumetspes-blog.pl\/index.php\/wp-json\/wp\/v2\/comments?post=9325"}],"version-history":[{"count":1,"href":"https:\/\/gaudiumetspes-blog.pl\/index.php\/wp-json\/wp\/v2\/posts\/9325\/revisions"}],"predecessor-version":[{"id":10765,"href":"https:\/\/gaudiumetspes-blog.pl\/index.php\/wp-json\/wp\/v2\/posts\/9325\/revisions\/10765"}],"wp:attachment":[{"href":"https:\/\/gaudiumetspes-blog.pl\/index.php\/wp-json\/wp\/v2\/media?parent=9325"}],"wp:term":[{"taxonomy":"category","embeddable":true,"href":"https:\/\/gaudiumetspes-blog.pl\/index.php\/wp-json\/wp\/v2\/categories?post=9325"},{"taxonomy":"post_tag","embeddable":true,"href":"https:\/\/gaudiumetspes-blog.pl\/index.php\/wp-json\/wp\/v2\/tags?post=9325"}],"curies":[{"name":"wp","href":"https:\/\/api.w.org\/{rel}","templated":true}]}}