{"id":9335,"date":"2012-10-16T06:36:00","date_gmt":"2012-10-16T04:36:00","guid":{"rendered":"https:\/\/gaudiumetspes-blog.pl\/index.php\/2012\/10\/16\/dajcie-to-co-jest-wewnatrz-na-jamuzne-2\/"},"modified":"2019-07-31T12:53:37","modified_gmt":"2019-07-31T10:53:37","slug":"dajcie-to-co-jest-wewnatrz-na-jamuzne-2","status":"publish","type":"post","link":"https:\/\/gaudiumetspes-blog.pl\/index.php\/2012\/10\/16\/dajcie-to-co-jest-wewnatrz-na-jamuzne-2\/","title":{"rendered":"Dajcie to, co jest wewn\u0105trz, na ja\u0142mu\u017cn\u0119&#8230;"},"content":{"rendered":"<p><\/p>\n<div class=\"MsoNormal\" style=\"text-align: justify;\">\nSzcz\u0119\u015b\u0107 Bo\u017ce! Kochani, dzisiaj trzydziesta czwarta rocznica wyboru Jana Paw\u0142a II. A za nieca\u0142y tydzie\u0144 &#8211; Jego liturgiczne wspomnienie. To dobra okazja, aby pog\u0142\u0119bi\u0107 sw\u0105 jedno\u015b\u0107 z Papie\u017cem, kt\u00f3ry wywar\u0142 tak wielki wp\u0142yw na \u017cycie nas wszystkich. Niech nam na co dzie\u0144 patronuje. I niech nam patronuje \u015awi\u0119ta Jadwiga &#8211; dobra kobieta i matka, pokorna ksi\u0119\u017cna nios\u0105ca zwyk\u0142ym ludziom pociech\u0119 i pomoc.<\/div>\n<div class=\"MsoNormal\" style=\"text-align: justify;\">\n&nbsp; &nbsp; &nbsp; &nbsp; &nbsp; &nbsp; Gaudium et spes! &nbsp;Ks. Jacek<\/div>\n<div class=\"MsoNormal\" style=\"text-align: justify;\">\n<b><br \/><\/b><\/div>\n<div class=\"MsoNormal\" style=\"text-align: justify;\">\n<b>Wspomnienie<br \/>\n\u015aw. Jadwigi \u015al\u0105skiej,<\/b><\/div>\n<div class=\"MsoNormal\" style=\"text-align: justify;\">\n<b>do<br \/>\nczyta\u0144:&nbsp; Ga 5,1\u20136;&nbsp; \u0141k 11,37\u201341<\/b><\/div>\n<div class=\"MsoNormal\" style=\"text-align: justify;\">\n<\/div>\n<div class=\"MsoNormal\" style=\"text-align: justify;\">\n<b>CZYTANIE Z LISTU \u015aWI\u0118TEGO PAW\u0141A APOSTO\u0141A DO GALAT\u00d3W:&nbsp;<\/b><\/div>\n<div class=\"MsoNormal\" style=\"text-align: justify; text-indent: 35.4pt;\">\n<b>Bracia:<br \/>\nKu wolno\u015bci wyswobodzi\u0142 nas Chrystus. A zatem trwajcie w niej i nie poddawajcie<br \/>\nsi\u0119 na nowo pod jarzmo niewoli. Oto ja, Pawe\u0142, m\u00f3wi\u0119 wam: Je\u017celi poddacie si\u0119<br \/>\nobrzezaniu, Chrystus wam si\u0119 na nic nie przyda. I raz jeszcze o\u015bwiadczam<br \/>\nka\u017cdemu cz\u0142owiekowi, kt\u00f3ry poddaje si\u0119 obrzezaniu: jest on zobowi\u0105zany zachowa\u0107<br \/>\nwszystkie przepisy Prawa. Zerwali\u015bcie wi\u0119zy z Chrystusem; wszyscy, kt\u00f3rzy szukacie<br \/>\nusprawiedliwienia w Prawie, wypadli\u015bcie z \u0142aski.<\/b><b><\/b><\/div>\n<div class=\"MsoNormal\" style=\"text-align: justify; text-indent: 35.4pt;\">\n<b>My<br \/>\nza\u015b z pomoc\u0105 Ducha na zasadzie wiary wyczekujemy spodziewanej sprawiedliwo\u015bci.<br \/>\nAlbowiem w Chrystusie Jezusie ani obrzezanie, ani jego brak nie maj\u0105 \u017cadnego<br \/>\nznaczenia, tylko wiara, kt\u00f3ra dzia\u0142a przez mi\u0142o\u015b\u0107.<\/b><\/div>\n<div class=\"MsoNormal\" style=\"text-align: justify;\">\n<\/div>\n<div class=\"MsoNormal\" style=\"text-align: justify;\">\n<b>S\u0141OWA EWANGELII WED\u0141UG \u015aWI\u0118TEGO \u0141UKASZA:<\/b><\/div>\n<div class=\"MsoNormal\" style=\"text-align: justify; text-indent: 35.4pt;\">\n<b>Pewien<br \/>\nfaryzeusz zaprosi\u0142 Jezusa do siebie na obiad. Poszed\u0142 wi\u0119c i zaj\u0105\u0142 miejsce za<br \/>\nsto\u0142em. Lecz faryzeusz, widz\u0105c to, wyrazi\u0142 zdziwienie, \u017ce nie obmy\u0142 wpierw r\u0105k<br \/>\nprzed posi\u0142kiem.<\/b><b><\/b><\/div>\n<div class=\"MsoNormal\" style=\"text-align: justify;\">\n<b>Na to rzek\u0142 Pan do niego: \u201eW\u0142a\u015bnie<br \/>\nwy, faryzeusze, dbacie o czysto\u015b\u0107 zewn\u0119trznej strony kielicha i misy, a wasze<br \/>\nwn\u0119trze pe\u0142ne jest zdzierstwa i niegodziwo\u015bci. Nierozumni! Czy\u017c Stw\u00f3rca zewn\u0119trznej<br \/>\nstrony nie uczyni\u0142 tak\u017ce wn\u0119trza? Raczej dajcie to, co jest wewn\u0105trz, na ja\u0142mu\u017cn\u0119,<br \/>\na zaraz wszystko b\u0119dzie dla was czyste\u201d.<\/b><\/div>\n<div class=\"MsoNormal\" style=\"text-align: justify;\">\n<\/div>\n<div class=\"MsoNormal\" style=\"text-align: justify; text-indent: 35.4pt;\">\nPatronka dnia dzisiejszego, <b>Jadwiga,<br \/>\nurodzi\u0142a si\u0119 oko\u0142o roku 1180 roku w Bawarii<\/b> jako c\u00f3rka hrabiego Bertolda IV<br \/>\ni Agnieszki, hrabi\u00f3w Andechs. Otrzyma\u0142a staranne wychowanie najpierw w rodzinnym<br \/>\ndomu, potem za\u015b <b>w klasztorze benedyktynek<br \/>\nw Kitzingen nad Menem,<\/b> znanym w\u00f3wczas o\u015brodku kulturalnym. Uczy\u0142a si\u0119 \u2013<br \/>\nmi\u0119dzy innymi \u2013 \u0142aciny, haft\u00f3w i malowania, muzyki i piel\u0119gnowania chorych. <\/div>\n<div class=\"MsoNormal\" style=\"text-align: justify; text-indent: 35.4pt;\">\n<b>W roku 1190 przenios\u0142a<br \/>\nsi\u0119 do Wroc\u0142awia<\/b> na dw\u00f3r ksi\u0119cia Boles\u0142awa Wysokiego,<br \/>\ngdy\u017c zosta\u0142a <b>upatrzona na \u017con\u0119 dla jego<br \/>\nsyna, Henryka. <\/b>Mia\u0142a wtedy zaledwie dwana\u015bcie lat. Data \u015blubu nie jest bli\u017cej<br \/>\nznana \u2013 wiadomo jednak, \u017ce nast\u0105pi\u0142 on niebawem. <b>Henryk Brodaty w dniu 8 listopada 1202 roku zosta\u0142 panem ca\u0142ego ksi\u0119stwa.<\/b><br \/>\nRych\u0142o te\u017c uda\u0142o mu si\u0119 do dzielnicy \u015bl\u0105skiej do\u0142\u0105czy\u0107 dzielnic\u0119 senioratu,<br \/>\nczyli krakowsk\u0105, a tak\u017ce znaczn\u0105 cz\u0119\u015b\u0107 Wielkopolski. Dlatego figuruje on <b>w spisie w\u0142adc\u00f3w Polski. <\/b><\/div>\n<div class=\"MsoNormal\" style=\"text-align: justify; text-indent: 35.4pt;\">\nHenryk i Jadwiga stanowili <b>wzorowe<br \/>\nma\u0142\u017ce\u0144stwo.<\/b> Mieli pi\u0119cioro dzieci, spo\u015br\u00f3d kt\u00f3rych jednak troje zmar\u0142o.<br \/>\nOstatnich dwadzie\u015bcia osiem lat wsp\u00f3lnego po\u017cycia <b>ma\u0142\u017conkowie zachowywali wstrzemi\u0119\u017aliwo\u015b\u0107,<\/b> do czego zobowi\u0105zali si\u0119 uroczystym<br \/>\n\u015blubem czysto\u015bci. Ponadto, Jadwiga <b>dostosowa\u0142a<br \/>\nsi\u0119 do zwyczaj\u00f3w i j\u0119zyka polskiego na dworze swego m\u0119\u017ca.<\/b> Zreszt\u0105, dw\u00f3r ten<br \/>\ns\u0142yn\u0105\u0142 z porz\u0105dku i dobrych obyczaj\u00f3w, gdy\u017c Ksi\u0119\u017cna dba\u0142a o dob\u00f3r os\u00f3b. <\/div>\n<div class=\"MsoNormal\" style=\"text-align: justify; text-indent: 35.4pt;\">\nWyposa\u017cy\u0142a wiele ko\u015bcio\u0142\u00f3w w szaty liturgiczne, kt\u00f3re nierzadko<br \/>\nsama haftowa\u0142a. <b>Macierzy\u0144sk\u0105 trosk\u0105<br \/>\notacza\u0142a s\u0142u\u017cb\u0119 dworu.<\/b> Opr\u00f3cz tego, bardzo troszczy\u0142a si\u0119 o to, aby<br \/>\nurz\u0119dnicy w jej dobrach nie uciskali poddanych. Tym ostatnim zreszt\u0105 <b>obni\u017cy\u0142a czynsze, przewodniczy\u0142a s\u0105dom,<br \/>\ndarowa\u0142a grzywny karne,<\/b> a w razie kl\u0119sk nakazywa\u0142a \u2013 mimo protest\u00f3w<br \/>\nzarz\u0105dc\u00f3w \u2013 rozdawa\u0107 ziarno, mi\u0119so, s\u00f3l\u2026 <\/div>\n<div class=\"MsoNormal\" style=\"text-align: justify; text-indent: 35.4pt;\">\nZorganizowa\u0142a tak\u017ce <b>szpitalik<br \/>\ndworski,<\/b> gdzie codziennie znajdowa\u0142o utrzymanie kilkunastu chorych i kalek.<br \/>\nW czasie objazd\u00f3w ksi\u0119stwa osobi\u015bcie <b>odwiedza\u0142a<br \/>\nchorych i wspiera\u0142a hojnie ubogich.<\/b> Popiera\u0142a r\u00f3wnie\u017c szko\u0142\u0119 katedraln\u0105 we<br \/>\nWroc\u0142awiu i wspiera\u0142a ubogich zdolnych ch\u0142opc\u00f3w, kt\u00f3rzy chcieli si\u0119 uczy\u0107. Stara\u0142a<br \/>\nsi\u0119 <b>nawet \u0142agodzi\u0107 dol\u0119 wi\u0119\u017ani\u00f3w,<\/b><br \/>\nposy\u0142aj\u0105c im \u017cywno\u015b\u0107, \u015bwiece i odzie\u017c. Zdarza\u0142o si\u0119, \u017ce niekt\u00f3rym <b>zamienia\u0142a kar\u0119 \u015bmierci czy d\u0142ugiego<br \/>\nwi\u0119zienia na prace przy budowie ko\u015bcio\u0142\u00f3w lub klasztor\u00f3w.<\/b> Jej m\u0105\u017c ch\u0119tnie<br \/>\nna to przystawa\u0142, chocia\u017c to jemu zostawia\u0142a ostateczn\u0105 decyzj\u0119. <\/div>\n<div class=\"MsoNormal\" style=\"text-align: justify; text-indent: 35.4pt;\">\nW swoim \u017cyciu Jadwiga do\u015b\u0107 mocno do\u015bwiadczy\u0142a <b>tajemnicy Krzy\u017ca. <\/b>Prze\u017cy\u0142a \u015bmier\u0107 m\u0119\u017ca i prawie wszystkich dzieci,<br \/>\npo czym spad\u0142o na ni\u0105 <b>jeszcze wiele<br \/>\ninnych rodzinnych dramat\u00f3w.<\/b> Wszystko to jednak znosi\u0142a bez szemrania, aby<br \/>\nwreszcie po \u015bmierci m\u0119\u017ca zda\u0107 rz\u0105dy \u017conie Henryka Pobo\u017cnego, Annie, <b>i zamkn\u0105\u0107 si\u0119 w klasztorze w Trzebnicy,<\/b><br \/>\nkt\u00f3ra sama wcze\u015bniej ufundowa\u0142a, a w kt\u00f3rym prze\u0142o\u017con\u0105 by\u0142a jej c\u00f3rka Gertruda.<br \/>\nTo w\u0142a\u015bnie na jej r\u0119ce <b>Jadwiga z\u0142o\u017cy\u0142a w<br \/>\n1238 roku \u015bluby zakonne i sta\u0142a si\u0119 jej pos\u0142uszna,<\/b> podejmuj\u0105c tak surowe<br \/>\npraktyki pokutne, jak &nbsp;posty, biczowania,<br \/>\nnoszenie w\u0142osiennicy i czuwania nocne. Jednocze\u015bnie <b>zas\u0142yn\u0119\u0142a z pobo\u017cno\u015bci i czyn\u00f3w mi\u0142osierdzia.<\/b> Wyczerpana surowym \u017cyciem,<br \/>\n<b>zmar\u0142a 14 pa\u017adziernika 1243 roku, <\/b>w<br \/>\nwieku ponad sze\u015b\u0107dziesi\u0119ciu lat. <\/div>\n<div class=\"MsoNormal\" style=\"text-align: justify; text-indent: 35.4pt;\">\nZaraz po jej \u015bmierci do grobu w Trzebnicy <b>zacz\u0119\u0142y nap\u0142ywa\u0107 liczne pielgrzymki.<\/b> Z ca\u0142\u0105 gorliwo\u015bci\u0105 kult swojej<br \/>\nmatki popiera\u0142a Gertruda. <b>Kanonizacji<br \/>\nksi\u0119\u017cnej Jadwigi dokona\u0142 Papie\u017c Klemens IV w dniu 26 marca 1267 roku.<\/b> Na<br \/>\npro\u015bb\u0119 kr\u00f3la Jana III Sobieskiego B\u0142ogos\u0142awiony Papie\u017c Innocenty XI rozci\u0105gn\u0105\u0142 \u2013<br \/>\nw roku 1680 \u2013 <b>Jej kult &nbsp;na ca\u0142y Ko\u015bci\u00f3\u0142. <\/b><\/div>\n<div class=\"MsoNormal\" style=\"text-align: justify; text-indent: 35.4pt;\">\nW jednym <b>z \u017cyciorys\u00f3w<br \/>\nnaszej dzisiejszej Patronki, <\/b>napisanym przez wsp\u00f3\u0142czesnego Jej autora,<br \/>\nodnajdujemy tak\u0105 oto relacj\u0119, dotycz\u0105c\u0105 Jej postawy i \u015bwi\u0119to\u015bci: \u201eWiedz\u0105c o<br \/>\ntym, \u017ce \u017cywe kamienie, przeznaczone na budowanie niebieskiego Jeruzalem, maj\u0105<br \/>\nby\u0107 <b>wyg\u0142adzone na tym \u015bwiecie<br \/>\nuderzeniami przeciwno\u015bci i ucisk\u00f3w<\/b> oraz \u017ce przez wiele utrapie\u0144 wchodzi si\u0119<br \/>\ndo chwa\u0142y niebieskiej i chwalebnej ojczyzny, s\u0142u\u017cebnica Bo\u017ca, Jadwiga, <b>przyjmowa\u0142a ch\u0119tnie nawa\u0142\u0119 nieszcz\u0119\u015b\u0107<\/b> i<br \/>\nnie szcz\u0119dz\u0105c siebie, umartwia\u0142a swe cia\u0142o cz\u0119stym biczowaniem. Codziennie do<br \/>\ntego stopnia wyniszcza\u0142a si\u0119 postami i wstrzemi\u0119\u017aliwo\u015bci\u0105, i\u017c wielu dziwi\u0142o<br \/>\nsi\u0119, <b>w jaki spos\u00f3b s\u0142aba i delikatna<br \/>\nniewiasta potrafi wytrzyma\u0107 tego rodzaju udr\u0119czenia.<\/b>&nbsp;<\/div>\n<div class=\"MsoNormal\" style=\"text-align: justify; text-indent: 35.4pt;\">\nIm bardziej oddawa\u0142a si\u0119 umartwieniu cia\u0142a \u2013 zawsze jednak z rozwag\u0105!<br \/>\n\u2013 tym bardziej <b>wzrasta\u0142a w mocy ducha i<br \/>\nbogactwie \u0142aski, <\/b>a r\u00f3wnocze\u015bnie pomna\u017ca\u0142 si\u0119 w niej \u017car pobo\u017cno\u015bci oraz mi\u0142o\u015bci<br \/>\nBo\u017cej. Bardzo cz\u0119sto <b>wznosi\u0142a si\u0119 ku<br \/>\nBogu tak gor\u0105c\u0105 t\u0119sknot\u0105,<\/b> i\u017c stawa\u0142a si\u0119 jakby nieczu\u0142a i nie zauwa\u017ca\u0142a, co<br \/>\nsi\u0119 wok\u00f3\u0142 niej dzia\u0142o.&nbsp;Podobnie<br \/>\njak gorliwo\u015bci\u0105 swej duszy nieustannie d\u0105\u017cy\u0142a ku Bogu, tak <b>dobroczynn\u0105 mi\u0142o\u015bci\u0105 pochyla\u0142a si\u0119 nad bli\u017animi, rozdzielaj\u0105c hojne<br \/>\nja\u0142mu\u017cny potrzebuj\u0105cym.<\/b> <\/div>\n<div class=\"MsoNormal\" style=\"text-align: justify; text-indent: 35.4pt;\">\n\u015awiadczy\u0142a dobroczynn\u0105 pomoc wsp\u00f3lnotom i poszczeg\u00f3lnym osobom<br \/>\nzakonnym przebywaj\u0105cym <b>wewn\u0105trz lub poza<br \/>\nklasztorem,<\/b> wdowom i sierotom, s\u0142abym i chorym, tr\u0119dowatym i wi\u0119\u017aniom,<br \/>\npodr\u00f3\u017cnym, matkom wychowuj\u0105cym ma\u0142e dzieci. Nikomu spo\u015br\u00f3d tych, kt\u00f3rzy<br \/>\nprzychodzili szuka\u0107 u niej pomocy, <b>nie pozwala\u0142a<br \/>\nodej\u015b\u0107 bez wsparcia.<\/b>&nbsp;<\/div>\n<div class=\"MsoNormal\" style=\"text-align: justify; text-indent: 35.4pt;\">\nPoniewa\u017c za\u015b s\u0142u\u017cebnica Bo\u017ca nie zaniedba\u0142a \u017cadnego dobrego czynu,<br \/>\nkt\u00f3ry mog\u0142a wype\u0142ni\u0107, B\u00f3g obdarzy\u0142 j\u0105 <b>szczeg\u00f3ln\u0105<br \/>\n\u0142ask\u0105: <\/b>gdy brakowa\u0142o jej ludzkich \u015brodk\u00f3w do dzia\u0142ania i sama czu\u0142a si\u0119<br \/>\nwyczerpana fizycznie, <b>przedziwn\u0105 moc\u0105<br \/>\nChrystusowej m\u0119ki potrafi\u0142a wykona\u0107 wszystko, czego oczekiwali od niej bli\u017ani<br \/>\nprzychodz\u0105cy z pro\u015bb\u0105 w jakiejkolwiek potrzebie.<\/b> Wszystkim, kt\u00f3rzy si\u0119 do<br \/>\nniej uciekali w nadziei uwolnienia od nieszcz\u0119\u015b\u0107, tak duchowych, jak<br \/>\ncielesnych, udziela\u0142a pomocy <b>zgodnie z<br \/>\n\u0142askaw\u0105 wol\u0105 Bo\u017c\u0105.\u201d<\/b> Tyle z relacji dotycz\u0105cej \u017cycia \u015awi\u0119tej Jadwigi<br \/>\n\u015al\u0105skiej.<\/div>\n<div class=\"MsoNormal\" style=\"text-align: justify; text-indent: 35.4pt;\">\nA my, s\u0142uchaj\u0105c z wielk\u0105 uwag\u0105 Bo\u017cego S\u0142owa, przeznaczonego na<br \/>\ndzisiejszy dzie\u0144 w Liturgii Ko\u015bcio\u0142a, zauwa\u017camy, i\u017c nasza Patronka swoj\u0105 pi\u0119kn\u0105<br \/>\npostaw\u0105 <b>potwierdzi\u0142a prawdziwo\u015b\u0107 s\u0142\u00f3w,<br \/>\nzapisanych przez Aposto\u0142a Paw\u0142a<\/b> w Li\u015bcie do Galat\u00f3w: wyswobodzona przez<br \/>\nChrystusa od ziemskich przywi\u0105za\u0144, <b>umia\u0142a<br \/>\n\u017cy\u0107 w prawdziwej wolno\u015bci serca.<\/b> Charakteryzowa\u0142a j\u0105 \u2013 jak to pi\u0119knie<br \/>\nokre\u015bli\u0142 Pawe\u0142 \u2013 <b><i>wiara, kt\u00f3ra dzia\u0142a przez mi\u0142o\u015b\u0107<\/i><\/b>. W\u0142a\u015bnie ta wiara nie<br \/>\npozwoli\u0142a jej koncentrowa\u0107 uwagi na tym, co zewn\u0119trzne \u2013 przed czym ostrzega<br \/>\ndzi\u015b Jezus w Ewangelii \u2013 ale ca\u0142e swoje <b>wewn\u0119trzne<\/b><br \/>\n<b>nastawienie skierowa\u0107 ku Bogu i ku<br \/>\ndrugiemu cz\u0142owiekowi<\/b>. <\/div>\n<div class=\"MsoNormal\" style=\"text-align: justify; text-indent: 35.4pt;\">\nMy\u015bl\u0119, \u017ce wszyscy zaoszcz\u0119dziliby\u015bmy sobie wiele zmartwie\u0144,<br \/>\ngdyby\u015bmy umieli nie koncentrowa\u0107 ca\u0142ej uwagi na tym, co zewn\u0119trzne i co nas<br \/>\ndotyka, martwi lub denerwuje, a wi\u0119cej uwagi skierowali na wewn\u0119trzny kontakt z<br \/>\nBogiem. <b>I aby\u015bmy tak ubogaceni, czynili<br \/>\nludziom dobrze.<\/b> Tak po prostu.<\/div>\n","protected":false},"excerpt":{"rendered":"<p>Szcz\u0119\u015b\u0107 Bo\u017ce! Kochani, dzisiaj trzydziesta czwarta rocznica wyboru Jana Paw\u0142a II. A za nieca\u0142y tydzie\u0144 &#8211; Jego liturgiczne wspomnienie. To dobra okazja, aby pog\u0142\u0119bi\u0107 sw\u0105 jedno\u015b\u0107 z Papie\u017cem, kt\u00f3ry wywar\u0142 tak wielki wp\u0142yw na \u017cycie nas wszystkich. Niech nam na co dzie\u0144 patronuje. I niech nam patronuje \u015awi\u0119ta Jadwiga &#8211; dobra kobieta i matka, pokorna [&hellip;]<\/p>\n","protected":false},"author":1,"featured_media":0,"comment_status":"open","ping_status":"open","sticky":false,"template":"","format":"standard","meta":{"jetpack_post_was_ever_published":false,"_jetpack_newsletter_access":"","_jetpack_dont_email_post_to_subs":false,"_jetpack_newsletter_tier_id":0,"_jetpack_memberships_contains_paywalled_content":false,"_jetpack_memberships_contains_paid_content":false,"footnotes":""},"categories":[1],"tags":[],"class_list":["post-9335","post","type-post","status-publish","format-standard","hentry","category-bez-kategorii"],"yoast_head":"<!-- This site is optimized with the Yoast SEO plugin v25.1 - https:\/\/yoast.com\/wordpress\/plugins\/seo\/ -->\n<title>Dajcie to, co jest wewn\u0105trz, na ja\u0142mu\u017cn\u0119... - Gaudium Et Spes<\/title>\n<meta name=\"robots\" content=\"index, follow, max-snippet:-1, max-image-preview:large, max-video-preview:-1\" \/>\n<link rel=\"canonical\" href=\"https:\/\/gaudiumetspes-blog.pl\/index.php\/2012\/10\/16\/dajcie-to-co-jest-wewnatrz-na-jamuzne-2\/\" \/>\n<meta property=\"og:locale\" content=\"pl_PL\" \/>\n<meta property=\"og:type\" content=\"article\" \/>\n<meta property=\"og:title\" content=\"Dajcie to, co jest wewn\u0105trz, na ja\u0142mu\u017cn\u0119... - Gaudium Et Spes\" \/>\n<meta property=\"og:description\" content=\"Szcz\u0119\u015b\u0107 Bo\u017ce! Kochani, dzisiaj trzydziesta czwarta rocznica wyboru Jana Paw\u0142a II. A za nieca\u0142y tydzie\u0144 &#8211; Jego liturgiczne wspomnienie. To dobra okazja, aby pog\u0142\u0119bi\u0107 sw\u0105 jedno\u015b\u0107 z Papie\u017cem, kt\u00f3ry wywar\u0142 tak wielki wp\u0142yw na \u017cycie nas wszystkich. Niech nam na co dzie\u0144 patronuje. I niech nam patronuje \u015awi\u0119ta Jadwiga &#8211; dobra kobieta i matka, pokorna [&hellip;]\" \/>\n<meta property=\"og:url\" content=\"https:\/\/gaudiumetspes-blog.pl\/index.php\/2012\/10\/16\/dajcie-to-co-jest-wewnatrz-na-jamuzne-2\/\" \/>\n<meta property=\"og:site_name\" content=\"Gaudium Et Spes\" \/>\n<meta property=\"article:published_time\" content=\"2012-10-16T04:36:00+00:00\" \/>\n<meta property=\"article:modified_time\" content=\"2019-07-31T10:53:37+00:00\" \/>\n<meta name=\"author\" content=\"Ks. Jacek\" \/>\n<meta name=\"twitter:card\" content=\"summary_large_image\" \/>\n<meta name=\"twitter:label1\" content=\"Napisane przez\" \/>\n\t<meta name=\"twitter:data1\" content=\"Ks. Jacek\" \/>\n\t<meta name=\"twitter:label2\" content=\"Szacowany czas czytania\" \/>\n\t<meta name=\"twitter:data2\" content=\"8 minut\" \/>\n<script type=\"application\/ld+json\" class=\"yoast-schema-graph\">{\"@context\":\"https:\/\/schema.org\",\"@graph\":[{\"@type\":\"WebPage\",\"@id\":\"https:\/\/gaudiumetspes-blog.pl\/index.php\/2012\/10\/16\/dajcie-to-co-jest-wewnatrz-na-jamuzne-2\/\",\"url\":\"https:\/\/gaudiumetspes-blog.pl\/index.php\/2012\/10\/16\/dajcie-to-co-jest-wewnatrz-na-jamuzne-2\/\",\"name\":\"Dajcie to, co jest wewn\u0105trz, na ja\u0142mu\u017cn\u0119... - Gaudium Et Spes\",\"isPartOf\":{\"@id\":\"https:\/\/gaudiumetspes-blog.pl\/#website\"},\"datePublished\":\"2012-10-16T04:36:00+00:00\",\"dateModified\":\"2019-07-31T10:53:37+00:00\",\"author\":{\"@id\":\"https:\/\/gaudiumetspes-blog.pl\/#\/schema\/person\/1661982992b752dea8dff0d4ed845a65\"},\"breadcrumb\":{\"@id\":\"https:\/\/gaudiumetspes-blog.pl\/index.php\/2012\/10\/16\/dajcie-to-co-jest-wewnatrz-na-jamuzne-2\/#breadcrumb\"},\"inLanguage\":\"pl-PL\",\"potentialAction\":[{\"@type\":\"ReadAction\",\"target\":[\"https:\/\/gaudiumetspes-blog.pl\/index.php\/2012\/10\/16\/dajcie-to-co-jest-wewnatrz-na-jamuzne-2\/\"]}]},{\"@type\":\"BreadcrumbList\",\"@id\":\"https:\/\/gaudiumetspes-blog.pl\/index.php\/2012\/10\/16\/dajcie-to-co-jest-wewnatrz-na-jamuzne-2\/#breadcrumb\",\"itemListElement\":[{\"@type\":\"ListItem\",\"position\":1,\"name\":\"Strona g\u0142\u00f3wna\",\"item\":\"https:\/\/gaudiumetspes-blog.pl\/\"},{\"@type\":\"ListItem\",\"position\":2,\"name\":\"Dajcie to, co jest wewn\u0105trz, na&nbsp;ja\u0142mu\u017cn\u0119&#8230;\"}]},{\"@type\":\"WebSite\",\"@id\":\"https:\/\/gaudiumetspes-blog.pl\/#website\",\"url\":\"https:\/\/gaudiumetspes-blog.pl\/\",\"name\":\"Gaudium Et Spes\",\"description\":\"Blog Ks. Jacka Ja\u015bkowskiego\",\"potentialAction\":[{\"@type\":\"SearchAction\",\"target\":{\"@type\":\"EntryPoint\",\"urlTemplate\":\"https:\/\/gaudiumetspes-blog.pl\/?s={search_term_string}\"},\"query-input\":{\"@type\":\"PropertyValueSpecification\",\"valueRequired\":true,\"valueName\":\"search_term_string\"}}],\"inLanguage\":\"pl-PL\"},{\"@type\":\"Person\",\"@id\":\"https:\/\/gaudiumetspes-blog.pl\/#\/schema\/person\/1661982992b752dea8dff0d4ed845a65\",\"name\":\"Ks. Jacek\",\"image\":{\"@type\":\"ImageObject\",\"inLanguage\":\"pl-PL\",\"@id\":\"https:\/\/gaudiumetspes-blog.pl\/#\/schema\/person\/image\/\",\"url\":\"https:\/\/gaudiumetspes-blog.pl\/wp-content\/uploads\/2019\/07\/avatar-JJ-150x150.jpg\",\"contentUrl\":\"https:\/\/gaudiumetspes-blog.pl\/wp-content\/uploads\/2019\/07\/avatar-JJ-150x150.jpg\",\"caption\":\"Ks. Jacek\"},\"description\":\"Witam serdecznie! K\u0142ania si\u0119 Ks. Jacek Ja\u015bkowski. Nie jestem ani kim\u015b wa\u017cnym, ani kim\u015b znanym. Jestem ksi\u0119dzem, kt\u00f3ry po prostu chce rozmawia\u0107. Codzienna kap\u0142a\u0144ska pos\u0142uga pokazuje mi, \u017ce temat\u00f3w do rozm\u00f3w z ksi\u0119dzem jest coraz wi\u0119cej i dzisiaj \u017caden ksi\u0105dz nie mo\u017ce od nich ucieka\u0107, ale - wprost przeciwnie - podejmowa\u0107 nowe wyzwania. To przekonanie sk\u0142oni\u0142o mnie do pr\u00f3by otwarcia tego\u017c bloga, chocia\u017c okazji do rozm\u00f3w na co dzie\u0144 - w konfesjonale i poza nim - na szcz\u0119\u015bcie nie brakuje. My\u015bl\u0119 jednak, \u017ce ten blog b\u0119dzie jeszcze jednym sposobem i przestrzeni\u0105 nawi\u0105zania kontaktu z lud\u017ami dobrej woli, otwartymi na dialog.\",\"url\":\"https:\/\/gaudiumetspes-blog.pl\/index.php\/author\/ks-jacek\/\"}]}<\/script>\n<!-- \/ Yoast SEO plugin. -->","yoast_head_json":{"title":"Dajcie to, co jest wewn\u0105trz, na ja\u0142mu\u017cn\u0119... - Gaudium Et Spes","robots":{"index":"index","follow":"follow","max-snippet":"max-snippet:-1","max-image-preview":"max-image-preview:large","max-video-preview":"max-video-preview:-1"},"canonical":"https:\/\/gaudiumetspes-blog.pl\/index.php\/2012\/10\/16\/dajcie-to-co-jest-wewnatrz-na-jamuzne-2\/","og_locale":"pl_PL","og_type":"article","og_title":"Dajcie to, co jest wewn\u0105trz, na ja\u0142mu\u017cn\u0119... - Gaudium Et Spes","og_description":"Szcz\u0119\u015b\u0107 Bo\u017ce! Kochani, dzisiaj trzydziesta czwarta rocznica wyboru Jana Paw\u0142a II. A za nieca\u0142y tydzie\u0144 &#8211; Jego liturgiczne wspomnienie. To dobra okazja, aby pog\u0142\u0119bi\u0107 sw\u0105 jedno\u015b\u0107 z Papie\u017cem, kt\u00f3ry wywar\u0142 tak wielki wp\u0142yw na \u017cycie nas wszystkich. Niech nam na co dzie\u0144 patronuje. I niech nam patronuje \u015awi\u0119ta Jadwiga &#8211; dobra kobieta i matka, pokorna [&hellip;]","og_url":"https:\/\/gaudiumetspes-blog.pl\/index.php\/2012\/10\/16\/dajcie-to-co-jest-wewnatrz-na-jamuzne-2\/","og_site_name":"Gaudium Et Spes","article_published_time":"2012-10-16T04:36:00+00:00","article_modified_time":"2019-07-31T10:53:37+00:00","author":"Ks. Jacek","twitter_card":"summary_large_image","twitter_misc":{"Napisane przez":"Ks. Jacek","Szacowany czas czytania":"8 minut"},"schema":{"@context":"https:\/\/schema.org","@graph":[{"@type":"WebPage","@id":"https:\/\/gaudiumetspes-blog.pl\/index.php\/2012\/10\/16\/dajcie-to-co-jest-wewnatrz-na-jamuzne-2\/","url":"https:\/\/gaudiumetspes-blog.pl\/index.php\/2012\/10\/16\/dajcie-to-co-jest-wewnatrz-na-jamuzne-2\/","name":"Dajcie to, co jest wewn\u0105trz, na ja\u0142mu\u017cn\u0119... - Gaudium Et Spes","isPartOf":{"@id":"https:\/\/gaudiumetspes-blog.pl\/#website"},"datePublished":"2012-10-16T04:36:00+00:00","dateModified":"2019-07-31T10:53:37+00:00","author":{"@id":"https:\/\/gaudiumetspes-blog.pl\/#\/schema\/person\/1661982992b752dea8dff0d4ed845a65"},"breadcrumb":{"@id":"https:\/\/gaudiumetspes-blog.pl\/index.php\/2012\/10\/16\/dajcie-to-co-jest-wewnatrz-na-jamuzne-2\/#breadcrumb"},"inLanguage":"pl-PL","potentialAction":[{"@type":"ReadAction","target":["https:\/\/gaudiumetspes-blog.pl\/index.php\/2012\/10\/16\/dajcie-to-co-jest-wewnatrz-na-jamuzne-2\/"]}]},{"@type":"BreadcrumbList","@id":"https:\/\/gaudiumetspes-blog.pl\/index.php\/2012\/10\/16\/dajcie-to-co-jest-wewnatrz-na-jamuzne-2\/#breadcrumb","itemListElement":[{"@type":"ListItem","position":1,"name":"Strona g\u0142\u00f3wna","item":"https:\/\/gaudiumetspes-blog.pl\/"},{"@type":"ListItem","position":2,"name":"Dajcie to, co jest wewn\u0105trz, na&nbsp;ja\u0142mu\u017cn\u0119&#8230;"}]},{"@type":"WebSite","@id":"https:\/\/gaudiumetspes-blog.pl\/#website","url":"https:\/\/gaudiumetspes-blog.pl\/","name":"Gaudium Et Spes","description":"Blog Ks. Jacka Ja\u015bkowskiego","potentialAction":[{"@type":"SearchAction","target":{"@type":"EntryPoint","urlTemplate":"https:\/\/gaudiumetspes-blog.pl\/?s={search_term_string}"},"query-input":{"@type":"PropertyValueSpecification","valueRequired":true,"valueName":"search_term_string"}}],"inLanguage":"pl-PL"},{"@type":"Person","@id":"https:\/\/gaudiumetspes-blog.pl\/#\/schema\/person\/1661982992b752dea8dff0d4ed845a65","name":"Ks. Jacek","image":{"@type":"ImageObject","inLanguage":"pl-PL","@id":"https:\/\/gaudiumetspes-blog.pl\/#\/schema\/person\/image\/","url":"https:\/\/gaudiumetspes-blog.pl\/wp-content\/uploads\/2019\/07\/avatar-JJ-150x150.jpg","contentUrl":"https:\/\/gaudiumetspes-blog.pl\/wp-content\/uploads\/2019\/07\/avatar-JJ-150x150.jpg","caption":"Ks. Jacek"},"description":"Witam serdecznie! K\u0142ania si\u0119 Ks. Jacek Ja\u015bkowski. Nie jestem ani kim\u015b wa\u017cnym, ani kim\u015b znanym. Jestem ksi\u0119dzem, kt\u00f3ry po prostu chce rozmawia\u0107. Codzienna kap\u0142a\u0144ska pos\u0142uga pokazuje mi, \u017ce temat\u00f3w do rozm\u00f3w z ksi\u0119dzem jest coraz wi\u0119cej i dzisiaj \u017caden ksi\u0105dz nie mo\u017ce od nich ucieka\u0107, ale - wprost przeciwnie - podejmowa\u0107 nowe wyzwania. To przekonanie sk\u0142oni\u0142o mnie do pr\u00f3by otwarcia tego\u017c bloga, chocia\u017c okazji do rozm\u00f3w na co dzie\u0144 - w konfesjonale i poza nim - na szcz\u0119\u015bcie nie brakuje. My\u015bl\u0119 jednak, \u017ce ten blog b\u0119dzie jeszcze jednym sposobem i przestrzeni\u0105 nawi\u0105zania kontaktu z lud\u017ami dobrej woli, otwartymi na dialog.","url":"https:\/\/gaudiumetspes-blog.pl\/index.php\/author\/ks-jacek\/"}]}},"jetpack_featured_media_url":"","jetpack_sharing_enabled":true,"_links":{"self":[{"href":"https:\/\/gaudiumetspes-blog.pl\/index.php\/wp-json\/wp\/v2\/posts\/9335","targetHints":{"allow":["GET"]}}],"collection":[{"href":"https:\/\/gaudiumetspes-blog.pl\/index.php\/wp-json\/wp\/v2\/posts"}],"about":[{"href":"https:\/\/gaudiumetspes-blog.pl\/index.php\/wp-json\/wp\/v2\/types\/post"}],"author":[{"embeddable":true,"href":"https:\/\/gaudiumetspes-blog.pl\/index.php\/wp-json\/wp\/v2\/users\/1"}],"replies":[{"embeddable":true,"href":"https:\/\/gaudiumetspes-blog.pl\/index.php\/wp-json\/wp\/v2\/comments?post=9335"}],"version-history":[{"count":1,"href":"https:\/\/gaudiumetspes-blog.pl\/index.php\/wp-json\/wp\/v2\/posts\/9335\/revisions"}],"predecessor-version":[{"id":10748,"href":"https:\/\/gaudiumetspes-blog.pl\/index.php\/wp-json\/wp\/v2\/posts\/9335\/revisions\/10748"}],"wp:attachment":[{"href":"https:\/\/gaudiumetspes-blog.pl\/index.php\/wp-json\/wp\/v2\/media?parent=9335"}],"wp:term":[{"taxonomy":"category","embeddable":true,"href":"https:\/\/gaudiumetspes-blog.pl\/index.php\/wp-json\/wp\/v2\/categories?post=9335"},{"taxonomy":"post_tag","embeddable":true,"href":"https:\/\/gaudiumetspes-blog.pl\/index.php\/wp-json\/wp\/v2\/tags?post=9335"}],"curies":[{"name":"wp","href":"https:\/\/api.w.org\/{rel}","templated":true}]}}