{"id":9353,"date":"2012-09-28T07:35:00","date_gmt":"2012-09-28T05:35:00","guid":{"rendered":"https:\/\/gaudiumetspes-blog.pl\/index.php\/2012\/09\/28\/wacaw-krol-pokorny-i-dobry\/"},"modified":"2019-07-31T12:53:34","modified_gmt":"2019-07-31T10:53:34","slug":"wacaw-krol-pokorny-i-dobry","status":"publish","type":"post","link":"https:\/\/gaudiumetspes-blog.pl\/index.php\/2012\/09\/28\/wacaw-krol-pokorny-i-dobry\/","title":{"rendered":"Wac\u0142aw &#8211; kr\u00f3l pokorny i dobry!"},"content":{"rendered":"<p><\/p>\n<div class=\"MsoNormal\" style=\"text-align: justify;\">\nSzcz\u0119\u015b\u0107 Bo\u017ce! Witam i pozdrawiam serdecznie, raz jeszcze polecaj\u0105c Waszej uwadze wskazane we wczorajszym komentarzu dokumenty dotycz\u0105ce Zamachu Smole\u0144skiego. Nawet w kontek\u015bcie wczorajszej debaty sejmowej i pora\u017caj\u0105cego cynizmu w\u0142adzy, musimy zna\u0107 prawd\u0119!<\/div>\n<div class=\"MsoNormal\" style=\"text-align: justify;\">\n&nbsp; &nbsp; &nbsp; &nbsp; &nbsp; &nbsp;Gaudium et spes! &nbsp;Ks. Jacek<\/div>\n<div class=\"MsoNormal\" style=\"text-align: justify;\">\n<b><br \/><\/b><\/div>\n<div class=\"MsoNormal\" style=\"text-align: justify;\">\n<b>Wspomnienie<br \/>\n\u015aw. Wac\u0142awa, M\u0119czennika,<\/b><\/div>\n<div class=\"MsoNormal\" style=\"text-align: justify;\">\n<b>do<br \/>\nczyta\u0144:&nbsp; Koh 3,1\u201311;&nbsp; \u0141k 9,18\u201322<\/b><\/div>\n<div class=\"MsoNormal\" style=\"text-align: justify;\">\n<\/div>\n<div class=\"MsoNormal\" style=\"text-align: justify;\">\n<b>CZYTANIE Z KSI\u0118GI KOHELETA:&nbsp;<\/b><\/div>\n<div class=\"MsoNormal\" style=\"text-align: justify; text-indent: 35.4pt;\">\n<b>Wszystko<br \/>\nma sw\u00f3j czas i jest wyznaczona godzina na wszystkie sprawy pod niebem: Jest<br \/>\nczas rodzenia i czas umierania, czas sadzenia i czas wyrywania tego, co zasadzono,<br \/>\nczas zabijania i czas leczenia, czas burzenia i czas budowania, czas p\u0142aczu i<br \/>\nczas \u015bmiechu, czas zawodzenia i czas pl\u0105s\u00f3w, czas rzucania kamieniami i czas<br \/>\nich zbierania, czas pieszczot i czas wstrzymywania si\u0119 od nich, czas szukania i<br \/>\nczas tracenia, czas zachowania i czas wyrzucania, czas rozdzierania i czas<br \/>\nzszywania, czas milczenia i czas m\u00f3wienia, czas mi\u0142owania i czas nienawi\u015bci,<br \/>\nczas wojny i czas pokoju. C\u00f3\u017c przyjdzie pracuj\u0105cemu z trudu, jaki sobie zadaje?<br \/>\nPrzyjrza\u0142em si\u0119 pracy, jak\u0105 B\u00f3g obarczy\u0142 ludzi, by si\u0119 ni\u0105 trudzili. Uczyni\u0142<br \/>\nwszystko pi\u0119knie w swoim czasie, da\u0142 im nawet wyobra\u017cenie o dziejach \u015bwiata,<br \/>\ntak jednak, \u017ce nie pojmie cz\u0142owiek dzie\u0142, jakich B\u00f3g dokonuje od pocz\u0105tku a\u017c do<br \/>\nko\u0144ca.<\/b><\/div>\n<div class=\"MsoNormal\" style=\"text-align: justify;\">\n<\/div>\n<div class=\"MsoNormal\" style=\"text-align: justify;\">\n<b>S\u0141OWA EWANGELII WED\u0141UG \u015aWI\u0118TEGO \u0141UKASZA:&nbsp;<\/b><\/div>\n<div class=\"MsoNormal\" style=\"text-align: justify; text-indent: 35.4pt;\">\n<b>Gdy<br \/>\nraz Jezus modli\u0142 si\u0119 na osobno\u015bci, a byli z Nim uczniowie, zwr\u00f3ci\u0142 si\u0119 do nich<br \/>\nz zapytaniem: \u201eZa kogo uwa\u017caj\u0105 Mnie t\u0142umy?\u201d Oni odpowiedzieli: \u201eZa Jana<br \/>\nChrzciciela; inni za Eliasza; jeszcze inni m\u00f3wi\u0105, \u017ce kt\u00f3ry\u015b z dawnych prorok\u00f3w<br \/>\nzmartwychwsta\u0142&#8221;. Zapyta\u0142 ich: &#8222;A wy za kogo Mnie uwa\u017cacie?\u201d<\/b><b><\/b><\/div>\n<div class=\"MsoNormal\" style=\"text-align: justify;\">\n<b>Piotr odpowiedzia\u0142: \u201eZa<br \/>\nMesjasza Bo\u017cego\u201d. Wtedy surowo im przykaza\u0142 i napomnia\u0142 ich, \u017ceby nikomu o tym<br \/>\nnie m\u00f3wili. I doda\u0142: \u201eSyn Cz\u0142owieczy musi wiele wycierpie\u0107: b\u0119dzie odrzucony<br \/>\nprzez starszyzn\u0119, arcykap\u0142an\u00f3w i uczonych w Pi\u015bmie; b\u0119dzie zabity, a trzeciego<br \/>\ndnia zmartwychwstanie\u201d.<\/b><\/div>\n<div class=\"MsoNormal\" style=\"text-align: justify;\">\n<\/div>\n<div class=\"MsoNormal\" style=\"text-align: justify; text-indent: 35.4pt;\">\nPatron dnia dzisiejszego, <b>Wac\u0142aw,<br \/>\nurodzi\u0142 si\u0119 oko\u0142o 907 roku.<\/b> Otrzyma\u0142 chrze\u015bcija\u0144skie wychowanie. Oko\u0142o roku<br \/>\n925 obj\u0105\u0142 panowanie w Czechach. <b>Z<br \/>\nwielkim trudem utwierdza\u0142 wiar\u0119 w kraju. <\/b>W roku 935 zosta\u0142 <b>zamordowany na polecenie swojego brata,<\/b><br \/>\nBoles\u0142awa. Od razu uznano go za M\u0119czennika. Jest g\u0142\u00f3wnym Patronem Czech.<\/div>\n<div class=\"MsoNormal\" style=\"text-align: justify; text-indent: 35.4pt;\">\nA oto w jaki spos\u00f3b \u2013<br \/>\nwed\u0142ug pi\u0119knej, staros\u0142owia\u0144skiej opowie\u015bci \u2013 nasz Patron z\u0142o\u017cy\u0142 ofiar\u0119 ze<br \/>\nswego \u017cycia: \u201ePo \u015bmierci Wratys\u0142awa Czesi wybrali jego syna Wac\u0142awa na nast\u0119pc\u0119.<br \/>\nBy\u0142 on \u2013 dzi\u0119ki \u0142asce Bo\u017cej \u2013 <b>wzorem w<br \/>\nwyznawaniu wiary. Wspiera\u0142 wszystkich ubogich, nagich odziewa\u0142, \u0142akn\u0105cych<br \/>\n\u017cywi\u0142, podr\u00f3\u017cnych przyjmowa\u0142 \u2013 zgodnie z nakazami Ewangelii.<\/b> Nie dozwala\u0142<br \/>\nwyrz\u0105dza\u0107 krzywdy wdowom, mi\u0142owa\u0142 wszystkich ludzi, biednych i bogatych. Wspomaga\u0142<br \/>\ns\u0142ugi Bo\u017ce, uposa\u017ca\u0142 ko\u015bcio\u0142y. <\/div>\n<div class=\"MsoNormal\" style=\"text-align: justify; text-indent: 35.4pt;\">\nNiekt\u00f3rzy jednak Czesi <b>zbuntowali si\u0119 i podburzyli m\u0142odszego brata<br \/>\nBoles\u0142awa,<\/b> m\u00f3wi\u0105c: \u201eBrat Wac\u0142aw pragnie ci\u0119 zabi\u0107, spiskuje z matk\u0105 i swymi<br \/>\nlud\u017ami\u201d. <\/div>\n<div class=\"MsoNormal\" style=\"text-align: justify; text-indent: 35.4pt;\">\nKiedy si\u0119 odbywa\u0142y<br \/>\nuroczysto\u015bci po\u015bwi\u0119cenia ko\u015bcio\u0142\u00f3w w r\u00f3\u017cnych miastach, <b>Wac\u0142aw odwiedza\u0142 wszystkie te miejscowo\u015bci.<\/b> W niedziel\u0119, w<br \/>\nuroczysto\u015b\u0107 Kosmy i Damiana, przyby\u0142 do miasta Boles\u0142awa. Po wys\u0142uchaniu Mszy<br \/>\n\u015awi\u0119tej zamierza\u0142 powr\u00f3ci\u0107 do Pragi. Boles\u0142aw jednak, <b>zamierzaj\u0105c dokona\u0107 zbrodni,<\/b> zatrzyma\u0142 go s\u0142owami: \u201eDlaczego chcesz<br \/>\nodej\u015b\u0107, bracie?\u201d Nazajutrz rano zadzwoniono na jutrzni\u0119. Us\u0142yszawszy g\u0142os<br \/>\ndzwon\u00f3w, Wac\u0142aw powiedzia\u0142: <b>\u201eB\u0105d\u017a<br \/>\npochwalony, Panie, kt\u00f3ry dozwoli\u0142e\u015b mi \u017cy\u0107 a\u017c do dzisiejszego poranka\u201d.<\/b><br \/>\nWsta\u0142 i uda\u0142 si\u0119 na modlitw\u0119 porann\u0105. <\/div>\n<div class=\"MsoNormal\" style=\"text-align: justify; text-indent: 35.4pt;\">\nZaraz potem Boles\u0142aw<br \/>\nprzyst\u0105pi\u0142 do\u0144 u drzwi. Wac\u0142aw zobaczy\u0142 go i rzek\u0142: \u201eBracie, dobrym by\u0142e\u015b dla<br \/>\nnas wczoraj\u201d. <b>Szatan jednak podszepn\u0105\u0142<br \/>\nBoles\u0142awowi, uczyni\u0142 przewrotnym jego serce,<\/b> tak i\u017c wyci\u0105gn\u0105wszy miecz,<br \/>\nodezwa\u0142 si\u0119: \u201eTeraz pragn\u0119 by\u0107 jeszcze lepszym\u201d. To powiedziawszy, <b>uderzy\u0142 go mieczem w g\u0142ow\u0119. <\/b><\/div>\n<div class=\"MsoNormal\" style=\"text-align: justify; text-indent: 35.4pt;\">\nWac\u0142aw, zwr\u00f3ciwszy si\u0119 do<br \/>\nniego, rzek\u0142: \u201eCo czynisz, bracie?\u201d Pochwyciwszy go, rzuci\u0142 na ziemi\u0119.<br \/>\nTymczasem podbieg\u0142 jeden ze wsp\u00f3lnik\u00f3w Boles\u0142awa i ci\u0105\u0142 Wac\u0142awa w r\u0119k\u0119. Ten<br \/>\nporzuciwszy brata, ze zranion\u0105 r\u0119k\u0105 uszed\u0142 do ko\u015bcio\u0142a. <b>W drzwiach ko\u015bcio\u0142a zabili go dwaj zamachowcy.<\/b> Trzeci przybieg\u0142szy,<br \/>\nprzebi\u0142 mu bok. W\u00f3wczas Wac\u0142aw odda\u0142 ostatnie tchnienie z tymi s\u0142owami: <b>\u201eW r\u0119ce Twoje, Panie, oddaj\u0119 ducha mego\u201d.<\/b><br \/>\nTyle z pi\u0119knej staros\u0142owia\u0144skiej opowie\u015bci.<\/div>\n<div class=\"MsoNormal\" style=\"text-align: justify; text-indent: 35.4pt;\">\nCa\u0142ym swoim \u017cyciem \u2013 \u017cyciem<br \/>\npi\u0119knym, nacechowanym dobroci\u0105 i hojno\u015bci\u0105 wobec ubogich i potrzebuj\u0105cych \u2013 <b>Wac\u0142aw odpowiada\u0142 na pytanie, za kogo uwa\u017ca<br \/>\nJezusa.<\/b> A najmocniej wybrzmia\u0142a ta jego odpowied\u017a, kiedy \u2013 podobnie jak<br \/>\nJezus \u2013 <b>niewinnie odda\u0142 \u017cycie.<\/b> Dla<br \/>\nWac\u0142awa bowiem przyszed\u0142 taki czas \u2013 \u017ceby pos\u0142u\u017cy\u0107 si\u0119 stwierdzeniami Koheleta<br \/>\nz pierwszego czytania \u2013 kiedy musia\u0142 da\u0107 <b>ostateczne<br \/>\n\u015bwiadectwo swojej wierze.<\/b> Ale i wcze\u015bniej, kiedy by\u0142 w jego \u017cyciu czas<br \/>\npanowania, czas pracy i czas modlitwy, czas rado\u015bci, ale te\u017c czas codziennych<br \/>\ntrosk i zmartwie\u0144 \u2013 <b>w ka\u017cdym czasie<br \/>\nswego \u017cycia Wac\u0142aw wierny by\u0142 Chrystusowi<\/b> i dawa\u0142 o Nim radosne \u015bwiadectwo.\n<\/div>\n<div class=\"MsoNormal\" style=\"text-align: justify;\">\n&nbsp;&nbsp;&nbsp;&nbsp;&nbsp;&nbsp;&nbsp;&nbsp;&nbsp;&nbsp;&nbsp; Staje<br \/>\nsi\u0119 on w ten spos\u00f3b dla nas wzorem i zach\u0119t\u0105 do tego, aby\u015bmy <b>w ka\u017cdym czasie i w tak przer\u00f3\u017cnych<br \/>\nrealiach naszej codzienno\u015bci byli Chrystusowi wierni.<\/b> Aby\u015bmy nie tylko<br \/>\nwtedy, kiedy przychodzi to \u0142atwo, albo kiedy wszystko uk\u0142ada si\u0119 pomy\u015blnie i<br \/>\nnic to nas nie kosztuje, ale tak\u017ce <b>kiedy<br \/>\ntrzeba stan\u0105\u0107 wbrew opinii ca\u0142ego \u015bwiata<\/b> \u2013 aby\u015bmy <b>w ka\u017cdych okoliczno\u015bciach dawali \u015bwiadectwo Chrystusowi!<\/b> <\/div>\n<div class=\"MsoNormal\" style=\"text-align: justify; text-indent: 35.4pt;\">\nZar\u00f3wno w czasie<br \/>\n\u015bwi\u0105tecznym, kiedy ubieramy si\u0119 od\u015bwi\u0119tnie i maszerujemy na Pasterk\u0119 czy<br \/>\nRezurekcj\u0119, jak i wtedy, gdy trzeba w pracy lub w szkole <b>spojrze\u0107 w oczy kole\u017cance czy koledze i zaprzeczy\u0107 ich niem\u0105drym stwierdzeniom,<\/b><br \/>\ndotycz\u0105cym wiary lub Ko\u015bcio\u0142a. I nie obawia\u0107 si\u0119 przy tym, \u017ce si\u0119 \u2013 m\u00f3wi\u0105c kolokwialnie<br \/>\n\u2013 podpadnie ca\u0142emu otoczeniu. To jest w\u0142a\u015bnie prawdziwe \u015bwiadectwo wiary, <b>szczeg\u00f3lnie autentyczne i prawdziwe, kiedy<br \/>\nkosztuje<\/b>\u2026 Kiedy du\u017co kosztuje\u2026 \u015awi\u0119ty Wac\u0142aw przekonuje nas, \u017ce <b>tak mo\u017cna \u2013 i \u017ce tak warto \u017cy\u0107,<\/b><br \/>\nrado\u015bnie \u015bwiadcz\u0105c o Chrystusie.<\/div>\n<div class=\"MsoNormal\" style=\"text-align: justify; text-indent: 35.4pt;\">\nMaj\u0105c na wzgl\u0119dzie te<br \/>\nrefleksje, odpowiedzmy sobie w sercu:<\/div>\n<div class=\"MsoNormal\" style=\"margin-left: 36.0pt; mso-list: l0 level1 lfo1; tab-stops: list 36.0pt; text-align: justify; text-indent: -18.0pt;\">\n\u00b7&nbsp;&nbsp;&nbsp;&nbsp;&nbsp;&nbsp;&nbsp;<br \/>\nCzy<br \/>\nnie rezygnuj\u0119 z zasad wiary, kiedy przestaje mi si\u0119 to op\u0142aca\u0107, albo troch\u0119<br \/>\nwi\u0119cej mnie to kosztuje?<\/div>\n<div class=\"MsoNormal\" style=\"margin-left: 36.0pt; mso-list: l0 level1 lfo1; tab-stops: list 36.0pt; text-align: justify; text-indent: -18.0pt;\">\n\u00b7&nbsp;&nbsp;&nbsp;&nbsp;&nbsp;&nbsp;&nbsp;<br \/>\nCzy<br \/>\nmam odwag\u0119 sprzeciwi\u0107 si\u0119 fa\u0142szywej opinii w sprawach wiary \u2013 nawet, je\u017celi<br \/>\njest to opinia wi\u0119kszo\u015bci?<\/div>\n<div class=\"MsoNormal\" style=\"margin-left: 36.0pt; mso-list: l0 level1 lfo1; tab-stops: list 36.0pt; text-align: justify; text-indent: -18.0pt;\">\n\u00b7&nbsp;&nbsp;&nbsp;&nbsp;&nbsp;&nbsp;&nbsp;<br \/>\nCzy<br \/>\npotrafi\u0119 \u015bwiadczy\u0107 o swojej wierze w spos\u00f3b radosny?<\/div>\n<div class=\"MsoNormal\" style=\"text-align: justify;\">\n<\/div>\n<div class=\"MsoNormal\" style=\"text-align: justify;\">\n<b><i>Syn Cz\u0142owieczy musi wiele wycierpie\u0107:<br \/>\nb\u0119dzie odrzucony przez starszyzn\u0119, arcykap\u0142an\u00f3w i uczonych w Pi\u015bmie; b\u0119dzie<br \/>\nzabity, a trzeciego dnia zmartwychwstanie<\/i><\/b><b>\u2026<\/b><\/div>\n","protected":false},"excerpt":{"rendered":"<p>Szcz\u0119\u015b\u0107 Bo\u017ce! Witam i pozdrawiam serdecznie, raz jeszcze polecaj\u0105c Waszej uwadze wskazane we wczorajszym komentarzu dokumenty dotycz\u0105ce Zamachu Smole\u0144skiego. Nawet w kontek\u015bcie wczorajszej debaty sejmowej i pora\u017caj\u0105cego cynizmu w\u0142adzy, musimy zna\u0107 prawd\u0119! &nbsp; &nbsp; &nbsp; &nbsp; &nbsp; &nbsp;Gaudium et spes! &nbsp;Ks. Jacek Wspomnienie \u015aw. Wac\u0142awa, M\u0119czennika, do czyta\u0144:&nbsp; Koh 3,1\u201311;&nbsp; \u0141k 9,18\u201322 CZYTANIE Z KSI\u0118GI [&hellip;]<\/p>\n","protected":false},"author":1,"featured_media":0,"comment_status":"open","ping_status":"open","sticky":false,"template":"","format":"standard","meta":{"jetpack_post_was_ever_published":false,"_jetpack_newsletter_access":"","_jetpack_dont_email_post_to_subs":false,"_jetpack_newsletter_tier_id":0,"_jetpack_memberships_contains_paywalled_content":false,"_jetpack_memberships_contains_paid_content":false,"footnotes":""},"categories":[1],"tags":[],"class_list":["post-9353","post","type-post","status-publish","format-standard","hentry","category-bez-kategorii"],"yoast_head":"<!-- This site is optimized with the Yoast SEO plugin v25.1 - https:\/\/yoast.com\/wordpress\/plugins\/seo\/ -->\n<title>Wac\u0142aw - kr\u00f3l pokorny i dobry! - Gaudium Et Spes<\/title>\n<meta name=\"robots\" content=\"index, follow, max-snippet:-1, max-image-preview:large, max-video-preview:-1\" \/>\n<link rel=\"canonical\" href=\"https:\/\/gaudiumetspes-blog.pl\/index.php\/2012\/09\/28\/wacaw-krol-pokorny-i-dobry\/\" \/>\n<meta property=\"og:locale\" content=\"pl_PL\" \/>\n<meta property=\"og:type\" content=\"article\" \/>\n<meta property=\"og:title\" content=\"Wac\u0142aw - kr\u00f3l pokorny i dobry! - Gaudium Et Spes\" \/>\n<meta property=\"og:description\" content=\"Szcz\u0119\u015b\u0107 Bo\u017ce! Witam i pozdrawiam serdecznie, raz jeszcze polecaj\u0105c Waszej uwadze wskazane we wczorajszym komentarzu dokumenty dotycz\u0105ce Zamachu Smole\u0144skiego. Nawet w kontek\u015bcie wczorajszej debaty sejmowej i pora\u017caj\u0105cego cynizmu w\u0142adzy, musimy zna\u0107 prawd\u0119! &nbsp; &nbsp; &nbsp; &nbsp; &nbsp; &nbsp;Gaudium et spes! &nbsp;Ks. Jacek Wspomnienie \u015aw. Wac\u0142awa, M\u0119czennika, do czyta\u0144:&nbsp; Koh 3,1\u201311;&nbsp; \u0141k 9,18\u201322 CZYTANIE Z KSI\u0118GI [&hellip;]\" \/>\n<meta property=\"og:url\" content=\"https:\/\/gaudiumetspes-blog.pl\/index.php\/2012\/09\/28\/wacaw-krol-pokorny-i-dobry\/\" \/>\n<meta property=\"og:site_name\" content=\"Gaudium Et Spes\" \/>\n<meta property=\"article:published_time\" content=\"2012-09-28T05:35:00+00:00\" \/>\n<meta property=\"article:modified_time\" content=\"2019-07-31T10:53:34+00:00\" \/>\n<meta name=\"author\" content=\"Ks. Jacek\" \/>\n<meta name=\"twitter:card\" content=\"summary_large_image\" \/>\n<meta name=\"twitter:label1\" content=\"Napisane przez\" \/>\n\t<meta name=\"twitter:data1\" content=\"Ks. Jacek\" \/>\n\t<meta name=\"twitter:label2\" content=\"Szacowany czas czytania\" \/>\n\t<meta name=\"twitter:data2\" content=\"6 minut\" \/>\n<script type=\"application\/ld+json\" class=\"yoast-schema-graph\">{\"@context\":\"https:\/\/schema.org\",\"@graph\":[{\"@type\":\"WebPage\",\"@id\":\"https:\/\/gaudiumetspes-blog.pl\/index.php\/2012\/09\/28\/wacaw-krol-pokorny-i-dobry\/\",\"url\":\"https:\/\/gaudiumetspes-blog.pl\/index.php\/2012\/09\/28\/wacaw-krol-pokorny-i-dobry\/\",\"name\":\"Wac\u0142aw - kr\u00f3l pokorny i dobry! - Gaudium Et Spes\",\"isPartOf\":{\"@id\":\"https:\/\/gaudiumetspes-blog.pl\/#website\"},\"datePublished\":\"2012-09-28T05:35:00+00:00\",\"dateModified\":\"2019-07-31T10:53:34+00:00\",\"author\":{\"@id\":\"https:\/\/gaudiumetspes-blog.pl\/#\/schema\/person\/1661982992b752dea8dff0d4ed845a65\"},\"breadcrumb\":{\"@id\":\"https:\/\/gaudiumetspes-blog.pl\/index.php\/2012\/09\/28\/wacaw-krol-pokorny-i-dobry\/#breadcrumb\"},\"inLanguage\":\"pl-PL\",\"potentialAction\":[{\"@type\":\"ReadAction\",\"target\":[\"https:\/\/gaudiumetspes-blog.pl\/index.php\/2012\/09\/28\/wacaw-krol-pokorny-i-dobry\/\"]}]},{\"@type\":\"BreadcrumbList\",\"@id\":\"https:\/\/gaudiumetspes-blog.pl\/index.php\/2012\/09\/28\/wacaw-krol-pokorny-i-dobry\/#breadcrumb\",\"itemListElement\":[{\"@type\":\"ListItem\",\"position\":1,\"name\":\"Strona g\u0142\u00f3wna\",\"item\":\"https:\/\/gaudiumetspes-blog.pl\/\"},{\"@type\":\"ListItem\",\"position\":2,\"name\":\"Wac\u0142aw &#8211; kr\u00f3l pokorny i&nbsp;dobry!\"}]},{\"@type\":\"WebSite\",\"@id\":\"https:\/\/gaudiumetspes-blog.pl\/#website\",\"url\":\"https:\/\/gaudiumetspes-blog.pl\/\",\"name\":\"Gaudium Et Spes\",\"description\":\"Blog Ks. Jacka Ja\u015bkowskiego\",\"potentialAction\":[{\"@type\":\"SearchAction\",\"target\":{\"@type\":\"EntryPoint\",\"urlTemplate\":\"https:\/\/gaudiumetspes-blog.pl\/?s={search_term_string}\"},\"query-input\":{\"@type\":\"PropertyValueSpecification\",\"valueRequired\":true,\"valueName\":\"search_term_string\"}}],\"inLanguage\":\"pl-PL\"},{\"@type\":\"Person\",\"@id\":\"https:\/\/gaudiumetspes-blog.pl\/#\/schema\/person\/1661982992b752dea8dff0d4ed845a65\",\"name\":\"Ks. Jacek\",\"image\":{\"@type\":\"ImageObject\",\"inLanguage\":\"pl-PL\",\"@id\":\"https:\/\/gaudiumetspes-blog.pl\/#\/schema\/person\/image\/\",\"url\":\"https:\/\/gaudiumetspes-blog.pl\/wp-content\/uploads\/2019\/07\/avatar-JJ-150x150.jpg\",\"contentUrl\":\"https:\/\/gaudiumetspes-blog.pl\/wp-content\/uploads\/2019\/07\/avatar-JJ-150x150.jpg\",\"caption\":\"Ks. Jacek\"},\"description\":\"Witam serdecznie! K\u0142ania si\u0119 Ks. Jacek Ja\u015bkowski. Nie jestem ani kim\u015b wa\u017cnym, ani kim\u015b znanym. Jestem ksi\u0119dzem, kt\u00f3ry po prostu chce rozmawia\u0107. Codzienna kap\u0142a\u0144ska pos\u0142uga pokazuje mi, \u017ce temat\u00f3w do rozm\u00f3w z ksi\u0119dzem jest coraz wi\u0119cej i dzisiaj \u017caden ksi\u0105dz nie mo\u017ce od nich ucieka\u0107, ale - wprost przeciwnie - podejmowa\u0107 nowe wyzwania. To przekonanie sk\u0142oni\u0142o mnie do pr\u00f3by otwarcia tego\u017c bloga, chocia\u017c okazji do rozm\u00f3w na co dzie\u0144 - w konfesjonale i poza nim - na szcz\u0119\u015bcie nie brakuje. My\u015bl\u0119 jednak, \u017ce ten blog b\u0119dzie jeszcze jednym sposobem i przestrzeni\u0105 nawi\u0105zania kontaktu z lud\u017ami dobrej woli, otwartymi na dialog.\",\"url\":\"https:\/\/gaudiumetspes-blog.pl\/index.php\/author\/ks-jacek\/\"}]}<\/script>\n<!-- \/ Yoast SEO plugin. -->","yoast_head_json":{"title":"Wac\u0142aw - kr\u00f3l pokorny i dobry! - Gaudium Et Spes","robots":{"index":"index","follow":"follow","max-snippet":"max-snippet:-1","max-image-preview":"max-image-preview:large","max-video-preview":"max-video-preview:-1"},"canonical":"https:\/\/gaudiumetspes-blog.pl\/index.php\/2012\/09\/28\/wacaw-krol-pokorny-i-dobry\/","og_locale":"pl_PL","og_type":"article","og_title":"Wac\u0142aw - kr\u00f3l pokorny i dobry! - Gaudium Et Spes","og_description":"Szcz\u0119\u015b\u0107 Bo\u017ce! Witam i pozdrawiam serdecznie, raz jeszcze polecaj\u0105c Waszej uwadze wskazane we wczorajszym komentarzu dokumenty dotycz\u0105ce Zamachu Smole\u0144skiego. Nawet w kontek\u015bcie wczorajszej debaty sejmowej i pora\u017caj\u0105cego cynizmu w\u0142adzy, musimy zna\u0107 prawd\u0119! &nbsp; &nbsp; &nbsp; &nbsp; &nbsp; &nbsp;Gaudium et spes! &nbsp;Ks. Jacek Wspomnienie \u015aw. Wac\u0142awa, M\u0119czennika, do czyta\u0144:&nbsp; Koh 3,1\u201311;&nbsp; \u0141k 9,18\u201322 CZYTANIE Z KSI\u0118GI [&hellip;]","og_url":"https:\/\/gaudiumetspes-blog.pl\/index.php\/2012\/09\/28\/wacaw-krol-pokorny-i-dobry\/","og_site_name":"Gaudium Et Spes","article_published_time":"2012-09-28T05:35:00+00:00","article_modified_time":"2019-07-31T10:53:34+00:00","author":"Ks. Jacek","twitter_card":"summary_large_image","twitter_misc":{"Napisane przez":"Ks. Jacek","Szacowany czas czytania":"6 minut"},"schema":{"@context":"https:\/\/schema.org","@graph":[{"@type":"WebPage","@id":"https:\/\/gaudiumetspes-blog.pl\/index.php\/2012\/09\/28\/wacaw-krol-pokorny-i-dobry\/","url":"https:\/\/gaudiumetspes-blog.pl\/index.php\/2012\/09\/28\/wacaw-krol-pokorny-i-dobry\/","name":"Wac\u0142aw - kr\u00f3l pokorny i dobry! - Gaudium Et Spes","isPartOf":{"@id":"https:\/\/gaudiumetspes-blog.pl\/#website"},"datePublished":"2012-09-28T05:35:00+00:00","dateModified":"2019-07-31T10:53:34+00:00","author":{"@id":"https:\/\/gaudiumetspes-blog.pl\/#\/schema\/person\/1661982992b752dea8dff0d4ed845a65"},"breadcrumb":{"@id":"https:\/\/gaudiumetspes-blog.pl\/index.php\/2012\/09\/28\/wacaw-krol-pokorny-i-dobry\/#breadcrumb"},"inLanguage":"pl-PL","potentialAction":[{"@type":"ReadAction","target":["https:\/\/gaudiumetspes-blog.pl\/index.php\/2012\/09\/28\/wacaw-krol-pokorny-i-dobry\/"]}]},{"@type":"BreadcrumbList","@id":"https:\/\/gaudiumetspes-blog.pl\/index.php\/2012\/09\/28\/wacaw-krol-pokorny-i-dobry\/#breadcrumb","itemListElement":[{"@type":"ListItem","position":1,"name":"Strona g\u0142\u00f3wna","item":"https:\/\/gaudiumetspes-blog.pl\/"},{"@type":"ListItem","position":2,"name":"Wac\u0142aw &#8211; kr\u00f3l pokorny i&nbsp;dobry!"}]},{"@type":"WebSite","@id":"https:\/\/gaudiumetspes-blog.pl\/#website","url":"https:\/\/gaudiumetspes-blog.pl\/","name":"Gaudium Et Spes","description":"Blog Ks. Jacka Ja\u015bkowskiego","potentialAction":[{"@type":"SearchAction","target":{"@type":"EntryPoint","urlTemplate":"https:\/\/gaudiumetspes-blog.pl\/?s={search_term_string}"},"query-input":{"@type":"PropertyValueSpecification","valueRequired":true,"valueName":"search_term_string"}}],"inLanguage":"pl-PL"},{"@type":"Person","@id":"https:\/\/gaudiumetspes-blog.pl\/#\/schema\/person\/1661982992b752dea8dff0d4ed845a65","name":"Ks. Jacek","image":{"@type":"ImageObject","inLanguage":"pl-PL","@id":"https:\/\/gaudiumetspes-blog.pl\/#\/schema\/person\/image\/","url":"https:\/\/gaudiumetspes-blog.pl\/wp-content\/uploads\/2019\/07\/avatar-JJ-150x150.jpg","contentUrl":"https:\/\/gaudiumetspes-blog.pl\/wp-content\/uploads\/2019\/07\/avatar-JJ-150x150.jpg","caption":"Ks. Jacek"},"description":"Witam serdecznie! K\u0142ania si\u0119 Ks. Jacek Ja\u015bkowski. Nie jestem ani kim\u015b wa\u017cnym, ani kim\u015b znanym. Jestem ksi\u0119dzem, kt\u00f3ry po prostu chce rozmawia\u0107. Codzienna kap\u0142a\u0144ska pos\u0142uga pokazuje mi, \u017ce temat\u00f3w do rozm\u00f3w z ksi\u0119dzem jest coraz wi\u0119cej i dzisiaj \u017caden ksi\u0105dz nie mo\u017ce od nich ucieka\u0107, ale - wprost przeciwnie - podejmowa\u0107 nowe wyzwania. To przekonanie sk\u0142oni\u0142o mnie do pr\u00f3by otwarcia tego\u017c bloga, chocia\u017c okazji do rozm\u00f3w na co dzie\u0144 - w konfesjonale i poza nim - na szcz\u0119\u015bcie nie brakuje. My\u015bl\u0119 jednak, \u017ce ten blog b\u0119dzie jeszcze jednym sposobem i przestrzeni\u0105 nawi\u0105zania kontaktu z lud\u017ami dobrej woli, otwartymi na dialog.","url":"https:\/\/gaudiumetspes-blog.pl\/index.php\/author\/ks-jacek\/"}]}},"jetpack_featured_media_url":"","jetpack_sharing_enabled":true,"_links":{"self":[{"href":"https:\/\/gaudiumetspes-blog.pl\/index.php\/wp-json\/wp\/v2\/posts\/9353","targetHints":{"allow":["GET"]}}],"collection":[{"href":"https:\/\/gaudiumetspes-blog.pl\/index.php\/wp-json\/wp\/v2\/posts"}],"about":[{"href":"https:\/\/gaudiumetspes-blog.pl\/index.php\/wp-json\/wp\/v2\/types\/post"}],"author":[{"embeddable":true,"href":"https:\/\/gaudiumetspes-blog.pl\/index.php\/wp-json\/wp\/v2\/users\/1"}],"replies":[{"embeddable":true,"href":"https:\/\/gaudiumetspes-blog.pl\/index.php\/wp-json\/wp\/v2\/comments?post=9353"}],"version-history":[{"count":1,"href":"https:\/\/gaudiumetspes-blog.pl\/index.php\/wp-json\/wp\/v2\/posts\/9353\/revisions"}],"predecessor-version":[{"id":10730,"href":"https:\/\/gaudiumetspes-blog.pl\/index.php\/wp-json\/wp\/v2\/posts\/9353\/revisions\/10730"}],"wp:attachment":[{"href":"https:\/\/gaudiumetspes-blog.pl\/index.php\/wp-json\/wp\/v2\/media?parent=9353"}],"wp:term":[{"taxonomy":"category","embeddable":true,"href":"https:\/\/gaudiumetspes-blog.pl\/index.php\/wp-json\/wp\/v2\/categories?post=9353"},{"taxonomy":"post_tag","embeddable":true,"href":"https:\/\/gaudiumetspes-blog.pl\/index.php\/wp-json\/wp\/v2\/tags?post=9353"}],"curies":[{"name":"wp","href":"https:\/\/api.w.org\/{rel}","templated":true}]}}