{"id":9356,"date":"2012-09-25T06:43:00","date_gmt":"2012-09-25T04:43:00","guid":{"rendered":"https:\/\/gaudiumetspes-blog.pl\/index.php\/2012\/09\/25\/kto-jest-prawdziwym-krewnym-jezusa\/"},"modified":"2019-07-31T12:53:34","modified_gmt":"2019-07-31T10:53:34","slug":"kto-jest-prawdziwym-krewnym-jezusa","status":"publish","type":"post","link":"https:\/\/gaudiumetspes-blog.pl\/index.php\/2012\/09\/25\/kto-jest-prawdziwym-krewnym-jezusa\/","title":{"rendered":"Kto jest prawdziwym krewnym Jezusa?&#8230;"},"content":{"rendered":"<div class=\"MsoNormal\" style=\"text-align: justify;\">\nSzcz\u0119\u015b\u0107 Bo\u017ce! Serdecznie pozdrawiam i zapraszam do refleksji nad niezwykle bogatym \u015bwiadectwem \u015bwi\u0119to\u015bci B\u0142ogos\u0142awionego W\u0142adys\u0142awa z Gielniowa. Dobrego dnia, Kochani!<\/div>\n<div class=\"MsoNormal\" style=\"text-align: justify;\">\n&nbsp; &nbsp; &nbsp; &nbsp; &nbsp; &nbsp;Gaudium et spes! &nbsp;Ks. Jacek<\/div>\n<div class=\"MsoNormal\" style=\"text-align: justify;\">\n<b><br \/><\/b><\/div>\n<div class=\"MsoNormal\" style=\"text-align: justify;\">\n<b>Wspomnienie<br \/>\nB\u0142. W\u0142adys\u0142awa z Gielniowa,<\/b><\/div>\n<div class=\"MsoNormal\" style=\"text-align: justify;\">\n<b>do<br \/>\nczyta\u0144:&nbsp; Prz 21,1\u20136.10\u201313;&nbsp; \u0141k 8,19\u201321<\/b><\/div>\n<div class=\"MsoNormal\" style=\"text-align: justify;\">\n<\/div>\n<div class=\"MsoNormal\" style=\"text-align: justify;\">\n<b>CZYTANIE Z KSI\u0118GI PRZYS\u0141\u00d3W:&nbsp;<\/b><\/div>\n<div class=\"MsoNormal\" style=\"text-align: justify; text-indent: 35.4pt;\">\n<b>Serca<br \/>\nkr\u00f3la w r\u0119ku Pana jak p\u0142yn\u0105ca woda; On zwraca je, dok\u0105d sam chce: Ka\u017cdego droga<br \/>\nzdaje mu si\u0119 prawa, lecz Pan os\u0105dza serca. Post\u0119powanie uczciwe i prawe milsze<br \/>\ndla Pana ni\u017c krwawa ofiara. Dumne oczy i serce nad\u0119te, ta pochodnia wyst\u0119pnych<br \/>\njest grzechem. Zamiary pracowitego przynosz\u0105 zysk, a wszystkich spiesz\u0105cych si\u0119<br \/>\nbied\u0119. <\/b><\/div>\n<div class=\"MsoNormal\" style=\"text-align: justify; text-indent: 35.4pt;\">\n<b>Gromadzenie<br \/>\nskarb\u00f3w j\u0119zykiem k\u0142amliwym to wiatr \u015bcigany, szukanie \u015bmierci. Dusza grzesznika<br \/>\npo\u017c\u0105da z\u0142a, w jego oczach bli\u017ani nie znajduje \u0142aski. Gdy karz\u0105 na\u015bmiewc\u0119,<br \/>\nm\u0105drzeje prostaczek, gdy ucz\u0105 m\u0105drego, on wiedz\u0119 zdobywa. Sprawiedliwy B\u00f3g<br \/>\nmy\u015bli o domu zbrodniarza, w nieszcz\u0119\u015bcie wtr\u0105ca nieprawych. Kto uszy zatyka na<br \/>\nkrzyk ubogiego, sam b\u0119dzie wo\u0142a\u0142 bez skutku.<\/b><\/div>\n<div class=\"MsoNormal\" style=\"text-align: justify;\">\n<\/div>\n<div class=\"MsoNormal\" style=\"text-align: justify;\">\n<b>S\u0141OWA EWANGELII WED\u0141UG \u015aWI\u0118TEGO \u0141UKASZA:<\/b><\/div>\n<div class=\"MsoNormal\" style=\"text-align: justify;\">\n<b>Przyszli do Jezusa Jego<br \/>\nmatka i bracia, lecz nie mogli si\u0119 dosta\u0107 do Niego z powodu t\u0142umu. Oznajmiono<br \/>\nMu: \u201eTwoja matka i bracia stoj\u0105 na dworze i chce si\u0119 widzie\u0107 z Tob\u0105\u201d. Lecz On<br \/>\nim odpowiedzia\u0142: \u201eMoj\u0105 matk\u0105 i moimi bra\u0107mi s\u0105 ci, kt\u00f3rzy s\u0142uchaj\u0105 s\u0142owa Bo\u017cego<br \/>\ni wype\u0142niaj\u0105 je\u201d.<\/b><\/div>\n<div class=\"MsoNormal\" style=\"text-align: justify;\">\n<\/div>\n<div class=\"MsoNormal\" style=\"text-align: justify; text-indent: 35.4pt;\">\nPatron dnia dzisiejszego, <b>Marcin<br \/>\nJan<\/b> \u2013 bo takie imiona otrzyma\u0142 na Chrzcie \u2013 <b>urodzi\u0142 si\u0119 w Gielniowie ko\u0142o Opoczna oko\u0142o 1440 roku.<\/b> Jego rodzice<br \/>\nbyli ubogimi mieszczanami. Po uko\u0144czeniu szko\u0142y parafialnej uda\u0142 si\u0119 do<br \/>\nKrakowa, gdzie kontynuowa\u0142 swoje studia, a\u017c znalaz\u0142 si\u0119 na tamtejszym Uniwersytecie<br \/>\nw roku 1462.<\/div>\n<div class=\"MsoNormal\" style=\"text-align: justify; text-indent: 35.4pt;\">\nW Krakowie zapozna\u0142 si\u0119 z Zakonem Bernardyn\u00f3w, do kt\u00f3rego wst\u0105pi\u0142<br \/>\nw dniu <b>1 sierpnia tego samego \u2013 1462<br \/>\nroku, przyjmuj\u0105c imi\u0119 zakonne W\u0142adys\u0142aw.<\/b> Tu r\u00f3wnie\u017c najprawdopodobniej odby\u0142<br \/>\nswoje studia zakonne <b>i otrzyma\u0142<br \/>\n\u015bwi\u0119cenia kap\u0142a\u0144skie.<\/b> Nie wiadomo, gdzie sp\u0119dzi\u0142 pierwsze lata w kap\u0142a\u0144stwie.<br \/>\nNie s\u0105 nam tak\u017ce znane urz\u0119dy, jakie sprawowa\u0142 w owym czasie w zakonie. Mo\u017cemy<br \/>\nprzypuszcza\u0107, \u017ce pe\u0142ni\u0142 urz\u0105d kaznodziei, natomiast wiadomo na pewno, i\u017c <b>po 1487 roku sprawowa\u0142 urz\u0105d wikariusza<br \/>\nprowincji i prowincja\u0142a. <\/b><\/div>\n<div class=\"MsoNormal\" style=\"text-align: justify; text-indent: 35.4pt;\">\nPrzez sze\u015b\u0107 lat <b>czuwa\u0142 nad<br \/>\nponad dwudziestu domami zakonu w Polsce:<\/b> odbywaj\u0105c co roku kapitu\u0142y<br \/>\nprowincji, wizytuj\u0105c domy braci i si\u00f3str, troszcz\u0105c si\u0119 o domy formacyjne, <b>uczestnicz\u0105c w kapitu\u0142ach generalnych we<br \/>\nW\u0142oszech.<\/b> Za jego rz\u0105d\u00f3w polska prowincja Bernardyn\u00f3w powi\u0119kszy\u0142a si\u0119 o kilka<br \/>\nnowych plac\u00f3wek. Dla swojego zakonu W\u0142adys\u0142aw zas\u0142u\u017cy\u0142 si\u0119 jednak najbardziej<br \/>\ntym, \u017ce <b>sta\u0142 si\u0119 wsp\u00f3\u0142autorem konstytucji,<br \/>\n<\/b>kt\u00f3re zatwierdzone przez kapitu\u0142\u0119 prowincji i kapitu\u0142\u0119 generaln\u0105, sta\u0142y si\u0119<br \/>\nna pewien czas dla prowincji obowi\u0105zuj\u0105cym kodeksem post\u0119powania. <\/div>\n<div class=\"MsoNormal\" style=\"text-align: justify; text-indent: 35.4pt;\">\n<b>Jego \u017cycie by\u0142o<br \/>\nprzepe\u0142nione modlitw\u0105 i duchem pokuty.<\/b> Mia\u0142<br \/>\nszczeg\u00f3lne nabo\u017ce\u0144stwo do M\u0119ki Pa\u0144skiej. <b>Sypia\u0142<br \/>\nzaledwie kilka godzin<\/b> na wytartym sienniku, bez poduszki, przykryty jedynie<br \/>\nw\u0142asnym habitem. Cz\u0119sto podejmowa\u0142 surowe posty i biczowania. <b>Na modlitw\u0119 po\u015bwi\u0119ca\u0142 wiele godzin.<\/b><br \/>\nChodzi\u0142 zawsze boso, nawet w najsurowsze zimy. Wyr\u00f3\u017cnia\u0142 si\u0119 niezwyk\u0142\u0105<br \/>\ngorliwo\u015bci\u0105 o zbawienie dusz, <b>nie<br \/>\noszcz\u0119dzaj\u0105c si\u0119 na ambonie i w konfesjonale.<\/b><\/div>\n<div class=\"MsoNormal\" style=\"text-align: justify; text-indent: 35.4pt;\">\nPomimo wielkiej surowo\u015bci dla siebie, by\u0142 <b>dla swoich podw\u0142adnych prawdziwym ojcem.<\/b> Otacza\u0142 szczeg\u00f3ln\u0105 opiek\u0105<br \/>\nzakonnik\u00f3w starszych, spracowanych oraz chorych. W swoich konstytucjach nak\u0142ada\u0142<br \/>\n<b>bardzo surowe kary na tych prze\u0142o\u017conych,<br \/>\nkt\u00f3rzy by zaniedbali opieki nad bra\u0107mi chorymi lub starszymi.<\/b> Zabrania\u0142<br \/>\nprze\u0142o\u017conym zdobywa\u0107 dla siebie czegokolwiek, czego by nie dali wcze\u015bniej swoim<br \/>\npodopiecznym. <\/div>\n<div class=\"MsoNormal\" style=\"text-align: justify; text-indent: 35.4pt;\">\nKandydat\u00f3w do zakonu nakazywa\u0142 wybiera\u0107 bardzo starannie. Mistrz\u00f3w<br \/>\nnowicjatu przestrzega\u0142 przed zbytni\u0105 gorliwo\u015bci\u0105 w stosowaniu pr\u00f3b i kar. Gdzie<br \/>\njednak widzia\u0142 nadu\u017cycia i \u015bwiadome rozlu\u017anienie regu\u0142y, <b>by\u0142 nieub\u0142agany i stanowczy.<\/b> Mia\u0142 niezwykle czu\u0142e serce dla potrzebuj\u0105cych.\n<\/div>\n<div class=\"MsoNormal\" style=\"text-align: justify; text-indent: 35.4pt;\">\n<b>Zapami\u0119tano go tak\u017ce jako<br \/>\np\u0142omiennego kaznodziej\u0119.<\/b> By\u0142 jednym z<br \/>\npierwszych duchownych, kt\u00f3ry <b>wprowadzi\u0142<br \/>\ndo Ko\u015bcio\u0142a j\u0119zyk polski poprzez kazania i poetyckie teksty.<\/b> Tradycja przypisa\u0142a<br \/>\nmu autorstwo wielu pobo\u017cnych pie\u015bni. Sam je uk\u0142ada\u0142 i uczy\u0142 wiernych \u015bpiewa\u0107.<br \/>\nS\u0142u\u017cy\u0142y one pog\u0142\u0119bieniu \u017cycia duchowego, zapoznaniu si\u0119 z prawdami wiary i moralno\u015bci,<br \/>\n<b>ukochaniu tajemnic Bo\u017cych, zw\u0142aszcza Osoby<br \/>\nJezusa Chrystusa i Jego Matki.<\/b> Nie tylko sam uk\u0142ada\u0142 teksty, ale zach\u0119ca\u0142<br \/>\ndo tego tak\u017ce swoich wsp\u00f3\u0142braci. Ponadto uk\u0142ada\u0142 w j\u0119zyku polskim koronki,<br \/>\ngodzinki i inne nabo\u017ce\u0144stwa. <\/div>\n<div class=\"MsoNormal\" style=\"text-align: justify; text-indent: 35.4pt;\">\nCharakterystycznym rysem osobowo\u015bci W\u0142adys\u0142awa by\u0142o tak\u017ce jego <b>nabo\u017ce\u0144stwo do Imienia Jezusa<br \/>\noraz do Naj\u015bwi\u0119tszej Maryi Panny.<\/b> W 1504 roku zosta\u0142 gwardianem przy ko\u015bciele<br \/>\n\u015awi\u0119tej Anny w Warszawie. I tutaj te\u017c zmar\u0142 w dniu 4 maja 1505 roku, w kilka<br \/>\ntygodni po <b>ekstazie, jak\u0105 prze\u017cy\u0142<br \/>\npodczas kazania w Wielki Pi\u0105tek.<\/b> Zaraz po \u015bmierci oddawano W\u0142adys\u0142awowi<br \/>\ncze\u015b\u0107 nale\u017cn\u0105 \u015awi\u0119tym. B\u0142ogos\u0142awionym og\u0142osi\u0142 go Benedykt XIV w roku 1750. Natomiast<br \/>\n<b>w dniu 19 grudnia 1962 roku, Papie\u017c Jan<br \/>\nXXIII og\u0142osi\u0142 go g\u0142\u00f3wnym Patronem Warszawy.<\/b><\/div>\n<div class=\"MsoNormal\" style=\"text-align: justify; text-indent: 35.4pt;\">\nMy za\u015b s\u0142uchaj\u0105c Bo\u017cego S\u0142owa, przeznaczonego na dzisiejszy dzie\u0144,<br \/>\nodnajdujemy we fragmencie Ksi\u0119gi Przys\u0142\u00f3w kilka konkretnych porad, dotycz\u0105cych<br \/>\npost\u0119powania prawego i uczciwego, a zrealizowanych w ca\u0142ej pe\u0142ni w \u017cyciu<br \/>\nB\u0142ogos\u0142awionego W\u0142adys\u0142awa. Oto us\u0142yszeli\u015bmy, \u017ce <b><i>post\u0119powanie uczciwe i prawe milsze dla<br \/>\nPana ni\u017c krwawa ofiara. Dumne oczy i serce nad\u0119te, ta pochodnia wyst\u0119pnych jest<br \/>\ngrzechem. Zamiary pracowitego przynosz\u0105 zysk, a wszystkich spiesz\u0105cych si\u0119<br \/>\nbied\u0119. Gromadzenie skarb\u00f3w j\u0119zykiem k\u0142amliwym to wiatr \u015bcigany, szukanie<br \/>\n\u015bmierci. Dusza grzesznika po\u017c\u0105da z\u0142a, w jego oczach bli\u017ani nie znajduje \u0142aski.<br \/>\nGdy karz\u0105 na\u015bmiewc\u0119, m\u0105drzeje prostaczek, gdy ucz\u0105 m\u0105drego, on wiedz\u0119 zdobywa.<\/i><\/b> <\/div>\n<div class=\"MsoNormal\" style=\"text-align: justify; text-indent: 35.4pt;\">\nW\u0142adys\u0142aw z<br \/>\nGielniowa nie mia\u0142 ani dumnych oczu, ani serca nad\u0119tego, nie po\u017c\u0105da\u0142 z\u0142a i nie<br \/>\ngromadzi\u0142 skarb\u00f3w\u2026 W ten spos\u00f3b <b>wszed\u0142<br \/>\nOn do grona krewnych Jezusa, a wi\u0119c tych, kt\u00f3rzy s\u0142uchaj\u0105 Bo\u017cego S\u0142owa i<br \/>\nwype\u0142nianie je w \u017cyciu.<\/b> A \u017cycie naszego dzisiejszego Patrona \u2013 to przecie\u017c<br \/>\n\u017cywa Ewangelia i przyk\u0142ad tak zwyczajnie, a jednocze\u015bnie tak pi\u0119knie<br \/>\nrealizowanej \u015bwi\u0119to\u015bci.<\/div>\n<div class=\"MsoNormal\" style=\"text-align: justify; text-indent: 35.4pt;\">\nI chocia\u017c<br \/>\nwi\u0119kszo\u015b\u0107 z nas nie nale\u017cy do zakonu czy do stanu duchownego, to jednak wszyscy<br \/>\nmo\u017cemy czego\u015b nauczy\u0107 si\u0119 od B\u0142ogos\u0142awionego W\u0142adys\u0142awa. Mo\u017cemy si\u0119 od Niego<br \/>\nnauczy\u0107 <b>szczerej pobo\u017cno\u015bci, nabo\u017ce\u0144stwa<br \/>\ndo M\u0119ki Pa\u0144skiej, troski o starszych i chorych, ducha pokuty i wyrzeczenia,<br \/>\npracowito\u015bci, m\u0105drego i pe\u0142nego wykorzystania czasu, \u017cyczliwo\u015bci dla ludzi<\/b>\u2026<br \/>\nKt\u00f3ry z tych wzorc\u00f3w we\u017amiemy dla siebie, aby w ten spos\u00f3b w\u0142\u0105czy\u0107 si\u0119 do grona<br \/>\nkrewnych Jezusa?\u2026<\/div>\n","protected":false},"excerpt":{"rendered":"<p>Szcz\u0119\u015b\u0107 Bo\u017ce! Serdecznie pozdrawiam i zapraszam do refleksji nad niezwykle bogatym \u015bwiadectwem \u015bwi\u0119to\u015bci B\u0142ogos\u0142awionego W\u0142adys\u0142awa z Gielniowa. Dobrego dnia, Kochani! &nbsp; &nbsp; &nbsp; &nbsp; &nbsp; &nbsp;Gaudium et spes! &nbsp;Ks. Jacek Wspomnienie B\u0142. W\u0142adys\u0142awa z Gielniowa, do czyta\u0144:&nbsp; Prz 21,1\u20136.10\u201313;&nbsp; \u0141k 8,19\u201321 CZYTANIE Z KSI\u0118GI PRZYS\u0141\u00d3W:&nbsp; Serca kr\u00f3la w r\u0119ku Pana jak p\u0142yn\u0105ca woda; On zwraca [&hellip;]<\/p>\n","protected":false},"author":1,"featured_media":0,"comment_status":"open","ping_status":"open","sticky":false,"template":"","format":"standard","meta":{"jetpack_post_was_ever_published":false,"_jetpack_newsletter_access":"","_jetpack_dont_email_post_to_subs":false,"_jetpack_newsletter_tier_id":0,"_jetpack_memberships_contains_paywalled_content":false,"_jetpack_memberships_contains_paid_content":false,"footnotes":""},"categories":[1],"tags":[],"class_list":["post-9356","post","type-post","status-publish","format-standard","hentry","category-bez-kategorii"],"yoast_head":"<!-- This site is optimized with the Yoast SEO plugin v25.1 - https:\/\/yoast.com\/wordpress\/plugins\/seo\/ -->\n<title>Kto jest prawdziwym krewnym Jezusa?... - Gaudium Et Spes<\/title>\n<meta name=\"robots\" content=\"index, follow, max-snippet:-1, max-image-preview:large, max-video-preview:-1\" \/>\n<link rel=\"canonical\" href=\"https:\/\/gaudiumetspes-blog.pl\/index.php\/2012\/09\/25\/kto-jest-prawdziwym-krewnym-jezusa\/\" \/>\n<meta property=\"og:locale\" content=\"pl_PL\" \/>\n<meta property=\"og:type\" content=\"article\" \/>\n<meta property=\"og:title\" content=\"Kto jest prawdziwym krewnym Jezusa?... - Gaudium Et Spes\" \/>\n<meta property=\"og:description\" content=\"Szcz\u0119\u015b\u0107 Bo\u017ce! Serdecznie pozdrawiam i zapraszam do refleksji nad niezwykle bogatym \u015bwiadectwem \u015bwi\u0119to\u015bci B\u0142ogos\u0142awionego W\u0142adys\u0142awa z Gielniowa. Dobrego dnia, Kochani! &nbsp; &nbsp; &nbsp; &nbsp; &nbsp; &nbsp;Gaudium et spes! &nbsp;Ks. Jacek Wspomnienie B\u0142. W\u0142adys\u0142awa z Gielniowa, do czyta\u0144:&nbsp; Prz 21,1\u20136.10\u201313;&nbsp; \u0141k 8,19\u201321 CZYTANIE Z KSI\u0118GI PRZYS\u0141\u00d3W:&nbsp; Serca kr\u00f3la w r\u0119ku Pana jak p\u0142yn\u0105ca woda; On zwraca [&hellip;]\" \/>\n<meta property=\"og:url\" content=\"https:\/\/gaudiumetspes-blog.pl\/index.php\/2012\/09\/25\/kto-jest-prawdziwym-krewnym-jezusa\/\" \/>\n<meta property=\"og:site_name\" content=\"Gaudium Et Spes\" \/>\n<meta property=\"article:published_time\" content=\"2012-09-25T04:43:00+00:00\" \/>\n<meta property=\"article:modified_time\" content=\"2019-07-31T10:53:34+00:00\" \/>\n<meta name=\"author\" content=\"Ks. Jacek\" \/>\n<meta name=\"twitter:card\" content=\"summary_large_image\" \/>\n<meta name=\"twitter:label1\" content=\"Napisane przez\" \/>\n\t<meta name=\"twitter:data1\" content=\"Ks. Jacek\" \/>\n\t<meta name=\"twitter:label2\" content=\"Szacowany czas czytania\" \/>\n\t<meta name=\"twitter:data2\" content=\"6 minut\" \/>\n<script type=\"application\/ld+json\" class=\"yoast-schema-graph\">{\"@context\":\"https:\/\/schema.org\",\"@graph\":[{\"@type\":\"WebPage\",\"@id\":\"https:\/\/gaudiumetspes-blog.pl\/index.php\/2012\/09\/25\/kto-jest-prawdziwym-krewnym-jezusa\/\",\"url\":\"https:\/\/gaudiumetspes-blog.pl\/index.php\/2012\/09\/25\/kto-jest-prawdziwym-krewnym-jezusa\/\",\"name\":\"Kto jest prawdziwym krewnym Jezusa?... - Gaudium Et Spes\",\"isPartOf\":{\"@id\":\"https:\/\/gaudiumetspes-blog.pl\/#website\"},\"datePublished\":\"2012-09-25T04:43:00+00:00\",\"dateModified\":\"2019-07-31T10:53:34+00:00\",\"author\":{\"@id\":\"https:\/\/gaudiumetspes-blog.pl\/#\/schema\/person\/1661982992b752dea8dff0d4ed845a65\"},\"breadcrumb\":{\"@id\":\"https:\/\/gaudiumetspes-blog.pl\/index.php\/2012\/09\/25\/kto-jest-prawdziwym-krewnym-jezusa\/#breadcrumb\"},\"inLanguage\":\"pl-PL\",\"potentialAction\":[{\"@type\":\"ReadAction\",\"target\":[\"https:\/\/gaudiumetspes-blog.pl\/index.php\/2012\/09\/25\/kto-jest-prawdziwym-krewnym-jezusa\/\"]}]},{\"@type\":\"BreadcrumbList\",\"@id\":\"https:\/\/gaudiumetspes-blog.pl\/index.php\/2012\/09\/25\/kto-jest-prawdziwym-krewnym-jezusa\/#breadcrumb\",\"itemListElement\":[{\"@type\":\"ListItem\",\"position\":1,\"name\":\"Strona g\u0142\u00f3wna\",\"item\":\"https:\/\/gaudiumetspes-blog.pl\/\"},{\"@type\":\"ListItem\",\"position\":2,\"name\":\"Kto jest prawdziwym krewnym Jezusa?&#8230;\"}]},{\"@type\":\"WebSite\",\"@id\":\"https:\/\/gaudiumetspes-blog.pl\/#website\",\"url\":\"https:\/\/gaudiumetspes-blog.pl\/\",\"name\":\"Gaudium Et Spes\",\"description\":\"Blog Ks. Jacka Ja\u015bkowskiego\",\"potentialAction\":[{\"@type\":\"SearchAction\",\"target\":{\"@type\":\"EntryPoint\",\"urlTemplate\":\"https:\/\/gaudiumetspes-blog.pl\/?s={search_term_string}\"},\"query-input\":{\"@type\":\"PropertyValueSpecification\",\"valueRequired\":true,\"valueName\":\"search_term_string\"}}],\"inLanguage\":\"pl-PL\"},{\"@type\":\"Person\",\"@id\":\"https:\/\/gaudiumetspes-blog.pl\/#\/schema\/person\/1661982992b752dea8dff0d4ed845a65\",\"name\":\"Ks. Jacek\",\"image\":{\"@type\":\"ImageObject\",\"inLanguage\":\"pl-PL\",\"@id\":\"https:\/\/gaudiumetspes-blog.pl\/#\/schema\/person\/image\/\",\"url\":\"https:\/\/gaudiumetspes-blog.pl\/wp-content\/uploads\/2019\/07\/avatar-JJ-150x150.jpg\",\"contentUrl\":\"https:\/\/gaudiumetspes-blog.pl\/wp-content\/uploads\/2019\/07\/avatar-JJ-150x150.jpg\",\"caption\":\"Ks. Jacek\"},\"description\":\"Witam serdecznie! K\u0142ania si\u0119 Ks. Jacek Ja\u015bkowski. Nie jestem ani kim\u015b wa\u017cnym, ani kim\u015b znanym. Jestem ksi\u0119dzem, kt\u00f3ry po prostu chce rozmawia\u0107. Codzienna kap\u0142a\u0144ska pos\u0142uga pokazuje mi, \u017ce temat\u00f3w do rozm\u00f3w z ksi\u0119dzem jest coraz wi\u0119cej i dzisiaj \u017caden ksi\u0105dz nie mo\u017ce od nich ucieka\u0107, ale - wprost przeciwnie - podejmowa\u0107 nowe wyzwania. To przekonanie sk\u0142oni\u0142o mnie do pr\u00f3by otwarcia tego\u017c bloga, chocia\u017c okazji do rozm\u00f3w na co dzie\u0144 - w konfesjonale i poza nim - na szcz\u0119\u015bcie nie brakuje. My\u015bl\u0119 jednak, \u017ce ten blog b\u0119dzie jeszcze jednym sposobem i przestrzeni\u0105 nawi\u0105zania kontaktu z lud\u017ami dobrej woli, otwartymi na dialog.\",\"url\":\"https:\/\/gaudiumetspes-blog.pl\/index.php\/author\/ks-jacek\/\"}]}<\/script>\n<!-- \/ Yoast SEO plugin. -->","yoast_head_json":{"title":"Kto jest prawdziwym krewnym Jezusa?... - Gaudium Et Spes","robots":{"index":"index","follow":"follow","max-snippet":"max-snippet:-1","max-image-preview":"max-image-preview:large","max-video-preview":"max-video-preview:-1"},"canonical":"https:\/\/gaudiumetspes-blog.pl\/index.php\/2012\/09\/25\/kto-jest-prawdziwym-krewnym-jezusa\/","og_locale":"pl_PL","og_type":"article","og_title":"Kto jest prawdziwym krewnym Jezusa?... - Gaudium Et Spes","og_description":"Szcz\u0119\u015b\u0107 Bo\u017ce! Serdecznie pozdrawiam i zapraszam do refleksji nad niezwykle bogatym \u015bwiadectwem \u015bwi\u0119to\u015bci B\u0142ogos\u0142awionego W\u0142adys\u0142awa z Gielniowa. Dobrego dnia, Kochani! &nbsp; &nbsp; &nbsp; &nbsp; &nbsp; &nbsp;Gaudium et spes! &nbsp;Ks. Jacek Wspomnienie B\u0142. W\u0142adys\u0142awa z Gielniowa, do czyta\u0144:&nbsp; Prz 21,1\u20136.10\u201313;&nbsp; \u0141k 8,19\u201321 CZYTANIE Z KSI\u0118GI PRZYS\u0141\u00d3W:&nbsp; Serca kr\u00f3la w r\u0119ku Pana jak p\u0142yn\u0105ca woda; On zwraca [&hellip;]","og_url":"https:\/\/gaudiumetspes-blog.pl\/index.php\/2012\/09\/25\/kto-jest-prawdziwym-krewnym-jezusa\/","og_site_name":"Gaudium Et Spes","article_published_time":"2012-09-25T04:43:00+00:00","article_modified_time":"2019-07-31T10:53:34+00:00","author":"Ks. Jacek","twitter_card":"summary_large_image","twitter_misc":{"Napisane przez":"Ks. Jacek","Szacowany czas czytania":"6 minut"},"schema":{"@context":"https:\/\/schema.org","@graph":[{"@type":"WebPage","@id":"https:\/\/gaudiumetspes-blog.pl\/index.php\/2012\/09\/25\/kto-jest-prawdziwym-krewnym-jezusa\/","url":"https:\/\/gaudiumetspes-blog.pl\/index.php\/2012\/09\/25\/kto-jest-prawdziwym-krewnym-jezusa\/","name":"Kto jest prawdziwym krewnym Jezusa?... - Gaudium Et Spes","isPartOf":{"@id":"https:\/\/gaudiumetspes-blog.pl\/#website"},"datePublished":"2012-09-25T04:43:00+00:00","dateModified":"2019-07-31T10:53:34+00:00","author":{"@id":"https:\/\/gaudiumetspes-blog.pl\/#\/schema\/person\/1661982992b752dea8dff0d4ed845a65"},"breadcrumb":{"@id":"https:\/\/gaudiumetspes-blog.pl\/index.php\/2012\/09\/25\/kto-jest-prawdziwym-krewnym-jezusa\/#breadcrumb"},"inLanguage":"pl-PL","potentialAction":[{"@type":"ReadAction","target":["https:\/\/gaudiumetspes-blog.pl\/index.php\/2012\/09\/25\/kto-jest-prawdziwym-krewnym-jezusa\/"]}]},{"@type":"BreadcrumbList","@id":"https:\/\/gaudiumetspes-blog.pl\/index.php\/2012\/09\/25\/kto-jest-prawdziwym-krewnym-jezusa\/#breadcrumb","itemListElement":[{"@type":"ListItem","position":1,"name":"Strona g\u0142\u00f3wna","item":"https:\/\/gaudiumetspes-blog.pl\/"},{"@type":"ListItem","position":2,"name":"Kto jest prawdziwym krewnym Jezusa?&#8230;"}]},{"@type":"WebSite","@id":"https:\/\/gaudiumetspes-blog.pl\/#website","url":"https:\/\/gaudiumetspes-blog.pl\/","name":"Gaudium Et Spes","description":"Blog Ks. Jacka Ja\u015bkowskiego","potentialAction":[{"@type":"SearchAction","target":{"@type":"EntryPoint","urlTemplate":"https:\/\/gaudiumetspes-blog.pl\/?s={search_term_string}"},"query-input":{"@type":"PropertyValueSpecification","valueRequired":true,"valueName":"search_term_string"}}],"inLanguage":"pl-PL"},{"@type":"Person","@id":"https:\/\/gaudiumetspes-blog.pl\/#\/schema\/person\/1661982992b752dea8dff0d4ed845a65","name":"Ks. Jacek","image":{"@type":"ImageObject","inLanguage":"pl-PL","@id":"https:\/\/gaudiumetspes-blog.pl\/#\/schema\/person\/image\/","url":"https:\/\/gaudiumetspes-blog.pl\/wp-content\/uploads\/2019\/07\/avatar-JJ-150x150.jpg","contentUrl":"https:\/\/gaudiumetspes-blog.pl\/wp-content\/uploads\/2019\/07\/avatar-JJ-150x150.jpg","caption":"Ks. Jacek"},"description":"Witam serdecznie! K\u0142ania si\u0119 Ks. Jacek Ja\u015bkowski. Nie jestem ani kim\u015b wa\u017cnym, ani kim\u015b znanym. Jestem ksi\u0119dzem, kt\u00f3ry po prostu chce rozmawia\u0107. Codzienna kap\u0142a\u0144ska pos\u0142uga pokazuje mi, \u017ce temat\u00f3w do rozm\u00f3w z ksi\u0119dzem jest coraz wi\u0119cej i dzisiaj \u017caden ksi\u0105dz nie mo\u017ce od nich ucieka\u0107, ale - wprost przeciwnie - podejmowa\u0107 nowe wyzwania. To przekonanie sk\u0142oni\u0142o mnie do pr\u00f3by otwarcia tego\u017c bloga, chocia\u017c okazji do rozm\u00f3w na co dzie\u0144 - w konfesjonale i poza nim - na szcz\u0119\u015bcie nie brakuje. My\u015bl\u0119 jednak, \u017ce ten blog b\u0119dzie jeszcze jednym sposobem i przestrzeni\u0105 nawi\u0105zania kontaktu z lud\u017ami dobrej woli, otwartymi na dialog.","url":"https:\/\/gaudiumetspes-blog.pl\/index.php\/author\/ks-jacek\/"}]}},"jetpack_featured_media_url":"","jetpack_sharing_enabled":true,"_links":{"self":[{"href":"https:\/\/gaudiumetspes-blog.pl\/index.php\/wp-json\/wp\/v2\/posts\/9356","targetHints":{"allow":["GET"]}}],"collection":[{"href":"https:\/\/gaudiumetspes-blog.pl\/index.php\/wp-json\/wp\/v2\/posts"}],"about":[{"href":"https:\/\/gaudiumetspes-blog.pl\/index.php\/wp-json\/wp\/v2\/types\/post"}],"author":[{"embeddable":true,"href":"https:\/\/gaudiumetspes-blog.pl\/index.php\/wp-json\/wp\/v2\/users\/1"}],"replies":[{"embeddable":true,"href":"https:\/\/gaudiumetspes-blog.pl\/index.php\/wp-json\/wp\/v2\/comments?post=9356"}],"version-history":[{"count":1,"href":"https:\/\/gaudiumetspes-blog.pl\/index.php\/wp-json\/wp\/v2\/posts\/9356\/revisions"}],"predecessor-version":[{"id":10727,"href":"https:\/\/gaudiumetspes-blog.pl\/index.php\/wp-json\/wp\/v2\/posts\/9356\/revisions\/10727"}],"wp:attachment":[{"href":"https:\/\/gaudiumetspes-blog.pl\/index.php\/wp-json\/wp\/v2\/media?parent=9356"}],"wp:term":[{"taxonomy":"category","embeddable":true,"href":"https:\/\/gaudiumetspes-blog.pl\/index.php\/wp-json\/wp\/v2\/categories?post=9356"},{"taxonomy":"post_tag","embeddable":true,"href":"https:\/\/gaudiumetspes-blog.pl\/index.php\/wp-json\/wp\/v2\/tags?post=9356"}],"curies":[{"name":"wp","href":"https:\/\/api.w.org\/{rel}","templated":true}]}}