{"id":9366,"date":"2012-09-15T03:06:00","date_gmt":"2012-09-15T01:06:00","guid":{"rendered":"https:\/\/gaudiumetspes-blog.pl\/index.php\/2012\/09\/15\/sladami-jezusa-dzien-8\/"},"modified":"2019-07-31T12:53:32","modified_gmt":"2019-07-31T10:53:32","slug":"sladami-jezusa-dzien-8","status":"publish","type":"post","link":"https:\/\/gaudiumetspes-blog.pl\/index.php\/2012\/09\/15\/sladami-jezusa-dzien-8\/","title":{"rendered":"\u015aladami Jezusa &#8211; dzie\u0144 8"},"content":{"rendered":"<p><\/p>\n<div class=\"MsoNormal\" style=\"margin-bottom: .0001pt; margin-bottom: 0cm; text-align: justify;\">\nSzcz\u0119\u015b\u0107 Bo\u017ce! To ju\u017c ostatni dzie\u0144<br \/>\nnaszego pielgrzymowania. Szkoda! Pobudka o 6.15, \u015bniadanie o 6.45 i wyjazd o<br \/>\n7.30. Jedziemy do Groty Mlecznej, kt\u00f3r\u0105 swego czasu zobaczyli\u015bmy tylko od<br \/>\nzewn\u0105trz, bo zosta\u0142a zamkni\u0119ta przed czasem. Wejdziemy do niej, aby potem uda\u0107<br \/>\nsi\u0119 na Msz\u0119 \u015awi\u0119t\u0105 do sieroci\u0144ca, prowadzonego przez Siostry El\u017cbietanki, pod<br \/>\nprzewodnictwem Siostry Rafaeli. Ojciec Janusz por\u00f3wnuje J\u0105 do Matki Teresy z<br \/>\nKalkuty i nazywa wsp\u00f3\u0142czesn\u0105 \u015awi\u0119t\u0105. Na przyk\u0142adzie funkcjonowania tego\u017c<br \/>\nsieroci\u0144ca mamy zobaczy\u0107 zaanga\u017cowanie Ko\u015bcio\u0142a \u0142aci\u0144skiego w konkretne dobro \u2013<br \/>\nna tej Ziemi, naznaczonej obecno\u015bci\u0105 kilku religii, nie zawsze ze sob\u0105 zgodnie<br \/>\nwsp\u00f3\u0142pracuj\u0105cych. <\/div>\n<div class=\"MsoNormal\" style=\"margin-bottom: .0001pt; margin-bottom: 0cm; text-align: justify;\">\n&nbsp;&nbsp;&nbsp;&nbsp;&nbsp;&nbsp;&nbsp;&nbsp;&nbsp;&nbsp;&nbsp; W<br \/>\nczasie Mszy \u015awi\u0119tej, kt\u00f3r\u0105 b\u0119dziemy tam sprawowali \u2013 ostatniej Mszy \u015awi\u0119tej na<br \/>\ntej Pielgrzymce \u2013 b\u0119dzie mia\u0142 miejsce obrz\u0119d podj\u0119cia osobistych postanowie\u0144.<br \/>\nOdb\u0119dzie si\u0119 on w ten spos\u00f3b, w jaki zwykle odbywa si\u0119 na ostatnich Mszach<br \/>\n\u015awi\u0119tych na wszelkich wyjazdach z M\u0142odzie\u017c\u0105, a mianowicie: bezpo\u015brednio przed<br \/>\nprzygotowaniem dar\u00f3w, ka\u017cdy podejdzie do O\u0142tarza, albo Ksi\u0105dz podejdzie do<br \/>\nka\u017cdego z paten\u0105 z chlebem (zale\u017cnie od warunk\u00f3w lokalowych) i ka\u017cdy na tym\u017ce<br \/>\nchlebie k\u0142ad\u0105c swoj\u0105 r\u0119k\u0119, wypowie w ciszy swoje osobiste postanowienie na<br \/>\nnajbli\u017cszy czas. Ksi\u0105dz potem podniesie t\u0119 paten\u0119 i b\u0119dzie wys\u0142awia\u0142 Boga za<br \/>\ndar chleba, b\u0119d\u0105cego owocem ziemi i pracy r\u0105k ludzkich. Tym razem, b\u0119dzie to<br \/>\nowoc pracy duchowej Uczestnik\u00f3w Pielgrzymki, ich refleksji, dobrych my\u015bli\u2026 <\/div>\n<div class=\"MsoNormal\" style=\"margin-bottom: .0001pt; margin-bottom: 0cm; text-align: justify;\">\n&nbsp;&nbsp;&nbsp;&nbsp;&nbsp;&nbsp;&nbsp;&nbsp;&nbsp;&nbsp;&nbsp; Nast\u0119pnie<br \/>\nza\u015b \u2013 przejazd do Jafy i chwila relaksu nad morzem, mo\u017cliwo\u015b\u0107 zjedzenia czego\u015b<br \/>\ni ostatnia okazja, aby nacieszy\u0107 si\u0119 t\u0105 Ziemi\u0105. Oko\u0142o 16.00 musimy si\u0119 ju\u017c<br \/>\nznale\u017a\u0107 na lotnisku w Tel Aviv, bo o 19.00 nast\u0105pi wylot samolotu. A tutejsze<br \/>\nprzepisy lotniskowe domagaj\u0105 si\u0119 przybycia do odprawy na trzy godziny przed<br \/>\nodlotem. To plany na dzisiaj \u2013 je\u015bli B\u00f3g pozwoli.<\/div>\n<div class=\"MsoNormal\" style=\"margin-bottom: .0001pt; margin-bottom: 0cm; text-align: justify;\">\n&nbsp;&nbsp;&nbsp;&nbsp;&nbsp;&nbsp;&nbsp;&nbsp;&nbsp;&nbsp;&nbsp; Natomiast<br \/>\nwczoraj rano udali\u015bmy si\u0119 do Ogrodu Getsemani, przy czym najpierw popatrzyli\u015bmy<br \/>\nz oddali na Z\u0142ot\u0105 Bram\u0119 w murach Starej Jerozolimy \u2013 bram\u0119 dzisiaj zamurowan\u0105 \u2013<br \/>\na tak\u017ce na mniejsze wej\u015bcie, zwane \u201euchem igielnym\u201d. Jak wiemy, nazw\u0105 t\u0105<br \/>\npos\u0142u\u017cy\u0142 si\u0119 Jezus w jednej ze swych przypowie\u015bci, dotycz\u0105cych mo\u017cliwo\u015bci<br \/>\ndostania si\u0119 do Kr\u00f3lestwa niebieskiego cz\u0142owieka bogatego. Wszyscy z pewno\u015bci\u0105<br \/>\nznamy t\u0119 przypowie\u015b\u0107. Z tego miejsca przyjrzeli\u015bmy si\u0119 tak\u017ce Dolinie Cedronu.<br \/>\nPotem udali\u015bmy si\u0119 na miejsce, kt\u00f3re tradycja okre\u015bla jako miejsce pochowania<br \/>\nMaryi, a potem ju\u017c wspomniany Ogr\u00f3d Getsemani. <\/div>\n<div class=\"MsoNormal\" style=\"margin-bottom: .0001pt; margin-bottom: 0cm; text-align: justify; text-indent: 35.4pt;\">\nDrzewa oliwne,<br \/>\nrosn\u0105ce tam, nie \u201epami\u0119taj\u0105\u201d Jezusa, ale miejsce i klimat pozosta\u0142y. W<br \/>\ntamtejszym ko\u015bciele, zwanym Bazylik\u0105 Narod\u00f3w, sprawowana by\u0142a Msza \u015awi\u0119ta.<br \/>\nPrzewodniczy\u0142 jej Marek, wyg\u0142aszaj\u0105c tak\u017ce \u2013 jak zawsze \u2013 Bo\u017ce S\u0142owo. W tym\u017ce<br \/>\ns\u0142owie zwr\u00f3ci\u0142 uwag\u0119 na potrzeb\u0119 znalezienia czasu na &nbsp;modlitw\u0119 \u2013 nie jedynie \u201eprzy okazji\u201d innych<br \/>\nzaj\u0119\u0107, ale czasu tylko dla Boga, tylko na modlitw\u0119 w\u0142a\u015bnie\u2026 I druga my\u015bl:<br \/>\npotrzeba cichej obecno\u015bci przy cz\u0142owieku cierpi\u0105cym, starszym, samotnym,<br \/>\npotrzebuj\u0105cym\u2026 Potrzeba cichej obecno\u015bci, kt\u00f3rej ludzie tacy bardzo potrzebuj\u0105.<br \/>\nOni nie potrzebuj\u0105 zwykle bogatych prezent\u00f3w czy innych podark\u00f3w, ale takiej<br \/>\nzwyczajnej obecno\u015bci drugiego cz\u0142owieka. Na to nam wszystkim zwr\u00f3ci\u0142 uwag\u0119 nasz<br \/>\nDostojny Kaznodzieja.<\/div>\n<div class=\"MsoNormal\" style=\"margin-bottom: .0001pt; margin-bottom: 0cm; text-align: justify;\">\n&nbsp;&nbsp;&nbsp;&nbsp;&nbsp;&nbsp;&nbsp;&nbsp;&nbsp;&nbsp;&nbsp; Zaraz<br \/>\npo Mszy \u015awi\u0119tej, kt\u00f3r\u0105 \u2013 jak zawsze \u2013 odprawili\u015bmy w wyznaczonym czasie i bez<br \/>\nprzed\u0142u\u017cania (chocia\u017c codziennie udzielamy Komunii \u015awi\u0119tej pod dwiema<br \/>\nPostaciami), oraz po uca\u0142owaniu w \u015bwi\u0105tyni kamienia, na kt\u00f3rym Jezus opar\u0142 si\u0119,<br \/>\nzanosz\u0105c do Boga swoj\u0105 modlitw\u0119 w Getsemani, udali\u015bmy si\u0119 na G\u00f3r\u0119 Oliwn\u0105, aby<br \/>\nobejrze\u0107 Kaplic\u0119 Wniebowst\u0105pienia. Tradycja wyznacza tam miejsce, z kt\u00f3rego<br \/>\nJezus odszed\u0142 z ziemi do Nieba, aczkolwiek ta kaplica to teraz ma\u0142a okr\u0105g\u0142a<br \/>\nbudowla, zupe\u0142nie pusta, z umieszczonym jedynie na \u015brodku kamieniem, z kt\u00f3rego<br \/>\nJezus mia\u0142 wst\u0105pi\u0107 do Ojca. Od takiej ludzkiej strony, to nie bardzo wiadomo,<br \/>\nza co s\u0105 tam pobierane op\u0142aty przy wej\u015bciu\u2026 <\/div>\n<div class=\"MsoNormal\" style=\"margin-bottom: .0001pt; margin-bottom: 0cm; text-align: justify;\">\n&nbsp;&nbsp;&nbsp;&nbsp;&nbsp;&nbsp;&nbsp;&nbsp;&nbsp;&nbsp;&nbsp; Kolejnym<br \/>\netapem naszego pielgrzymowania by\u0142 Ko\u015bci\u00f3\u0142 Pater noster \u2013 czyli miejsce, w<br \/>\nkt\u00f3rym Jezus nauczy\u0142 swoich Uczni\u00f3w modlitwy \u201eOjcze nasz\u201d. Na \u015bcianach tego<br \/>\nsanktuarium wisz\u0105 sze\u015b\u0107dziesi\u0105t cztery tablice z tekstem tej modlitwy w r\u00f3\u017cnych<br \/>\nj\u0119zykach. Marek nie doszuka\u0142 si\u0119 j\u0119zyka rosyjskiego, natomiast nasza narodowo\u015b\u0107<br \/>\nreprezentowana jest przez dwie tablice: jedn\u0105 w j\u0119zyku polskim, a druga \u2013 w<br \/>\nj\u0119zyku kaszubskim. Du\u017co do my\u015blenia da\u0142a nam informacja, podana przez<br \/>\nPrzewodnika, \u017ce w marcu 2010 roku, tu\u017c przed Katastrof\u0105 Smole\u0144sk\u0105, wi\u0119kszo\u015b\u0107<br \/>\ntablicy w j\u0119zyku polskim po prostu odpad\u0142a! Zosta\u0142y tylko dwie ostatnie<br \/>\nlinijki, ze s\u0142owami: \u201eale nas zbaw ode z\u0142ego. Amen\u201d. Prawdopodobnie, by\u0142o to<br \/>\nefektem jakiego\u015b podej\u015bcia wody i odklejenia si\u0119 du\u017cej cz\u0119\u015bci ca\u0142ej tablicy,<br \/>\nale czy to tylko o to chodzi?\u2026<\/div>\n<div class=\"MsoNormal\" style=\"margin-bottom: .0001pt; margin-bottom: 0cm; text-align: justify;\">\n&nbsp;&nbsp;&nbsp;&nbsp;&nbsp;&nbsp;&nbsp;&nbsp;&nbsp;&nbsp;&nbsp; Z<br \/>\nKo\u015bcio\u0142a Pater noster przeszli\u015bmy na chwil\u0119 na cmentarz \u017cydowski, aby zobaczy\u0107<br \/>\nspos\u00f3b upami\u0119tniania przez \u017byd\u00f3w swoich zmar\u0142ych przodk\u00f3w. Ciekawostk\u0105 jest<br \/>\nfakt uk\u0142adania na grobowcach kamieni zamiast kwiat\u00f3w. Stamt\u0105d \u2013 droga na<br \/>\nDominus flevit, czyli do \u015bwi\u0105tyni upami\u0119tniaj\u0105cej moment, w kt\u00f3rym Jezus<br \/>\nzap\u0142aka\u0142 nad grzesznym miastem, zapowiadaj\u0105c jego upadek. <\/div>\n<div class=\"MsoNormal\" style=\"margin-bottom: .0001pt; margin-bottom: 0cm; text-align: justify; text-indent: 35.4pt;\">\nA nast\u0119pnie \u2013<br \/>\nKo\u015bci\u00f3\u0142 \u015awi\u0119tego Piotra In Gallicantu, czyli miejsce upami\u0119tniaj\u0105ce zaparcie<br \/>\nsi\u0119 Jezusa przez Jego najbli\u017cszego Ucznia. W podziemiach tej \u015bwi\u0105tyni<br \/>\nzobaczyli\u015bmy cystern\u0119, do kt\u00f3rej na linach spuszczano skazanych na \u015bmier\u0107, aby<br \/>\ntam czekali na wype\u0142nienie si\u0119 swego losu. My dzisiaj w naszych ko\u015bcio\u0142ach<br \/>\nupami\u0119tniamy to miejsce ozdobnymi ciemnicami, natomiast ta oryginalna \u2013 je\u017celi<br \/>\nsi\u0119 tylko tak na spokojnie zastanowi\u0107 \u2013 by\u0142a miejscem po prostu strasznym. By\u0142o<br \/>\nto bowiem miejsce na ludzkie odchody, miejsce grasowania szczur\u00f3w, a do tego<br \/>\nmroczne i zimne. Odczytuj\u0105c w g\u0142\u0119bokiej ciszy s\u0142owa jednego z Psalm\u00f3w, starali\u015bmy<br \/>\nsi\u0119 wyobrazi\u0107 sobie, co tamtej nocy prze\u017cy\u0142 Jezus\u2026 Wiele Os\u00f3b nie potrafi\u0142o<br \/>\nprzy tym ukry\u0107 wzruszenia\u2026 Obok ko\u015bcio\u0142a dane nam by\u0142o zobaczy\u0107 niemego \u015bwiadka<br \/>\ntamtych wydarze\u0144 \u2013 schody, po kt\u00f3rych szed\u0142 Jezus\u2026 Oryginalne schody, na<br \/>\nkt\u00f3rych na pewno stawia\u0142 swoje stopy w godzinie M\u0119ki\u2026 <\/div>\n<div class=\"MsoNormal\" style=\"margin-bottom: .0001pt; margin-bottom: 0cm; text-align: justify;\">\n&nbsp;&nbsp;&nbsp;&nbsp;&nbsp;&nbsp;&nbsp;&nbsp;&nbsp;&nbsp;&nbsp; Ostatnim<br \/>\netapem naszego pielgrzymowania w tym dniu by\u0142a Betania, a tam wspominali\u015bmy<br \/>\nprzyja\u017a\u0144, \u0142\u0105cz\u0105c\u0105 Jezusa z Mart\u0105, Mari\u0105 i \u0141azarzem. W miejscowym ko\u015bciele<br \/>\nwys\u0142uchali\u015bmy S\u0142owa Bo\u017cego i pomodlili\u015bmy si\u0119. A po wyj\u015bciu z ko\u015bcio\u0142a \u2013 a jak\u017ce!<br \/>\n\u2013 sklep! I pe\u0142nia szcz\u0119\u015bcia z poczucia absolutnej wolno\u015bci \u2013 po wydaniu resztek<br \/>\npieni\u0119dzy\u2026<\/div>\n<div class=\"MsoNormal\" style=\"margin-bottom: .0001pt; margin-bottom: 0cm; text-align: justify;\">\n&nbsp;&nbsp;&nbsp;&nbsp;&nbsp;&nbsp;&nbsp;&nbsp;&nbsp;&nbsp;&nbsp; Do<br \/>\nhotelu wr\u00f3cili\u015bmy nieco wcze\u015bniej, ni\u017c zawsze, trzeba bowiem ju\u017c my\u015ble\u0107 o<br \/>\nspakowaniu si\u0119, a do tego niekt\u00f3rzy naprawd\u0119 odczuwaj\u0105 pewne zm\u0119czenie. A<br \/>\nprzecie\u017c dzisiaj jeszcze ca\u0142y dzie\u0144 i podr\u00f3\u017c samolotem do Warszawy\u2026 Natomiast<br \/>\npi\u0119knym akordem zamykaj\u0105cym prze\u017cycia tego dnia, ale te\u017c zamykaj\u0105cym proces<br \/>\nkupowania wszystkiego, co si\u0119 da \u2013 by\u0142o po\u015bwi\u0119cenie pami\u0105tek religijnych.<br \/>\nOdby\u0142o si\u0119 ono w hotelu, gdzie w um\u00f3wionym miejscu wszyscy przynie\u015bli to, co<br \/>\nmieli do po\u015bwi\u0119cenia, a Marek odm\u00f3wi\u0142 stosowne modlitwy i za pomoc\u0105 ga\u0142\u0105zki<br \/>\noliwnej pokropi\u0142 wszystkie przedmioty, a nast\u0119pnie \u2013 ich W\u0142a\u015bcicieli. A potem<br \/>\nkolacja i wiecz\u00f3r na spotkania towarzyskie w ma\u0142ych grupach. Jeszcze w<br \/>\nautokarze rzucone zosta\u0142o has\u0142o og\u00f3lnego spotkania popielgrzymkowego, ale<br \/>\nnast\u0105pi ono \u2013 najprawdopodobniej \u2013 w Okresie Bo\u017cego Narodzenia, jako spotkanie<br \/>\nop\u0142atkowe. <\/div>\n<div class=\"MsoNormal\" style=\"margin-bottom: .0001pt; margin-bottom: 0cm; text-align: justify;\">\n&nbsp;&nbsp;&nbsp;&nbsp;&nbsp;&nbsp;&nbsp;&nbsp;&nbsp;&nbsp;&nbsp; Kochani,<br \/>\ndzisiaj prze\u017cywamy wspomnienie Matki Bo\u017cej Bolesnej. Tak si\u0119 sk\u0142ada, \u017ce nasze<br \/>\npielgrzymowanie rozpocz\u0119li\u015bmy w dzie\u0144 Matki Bo\u017cej \u2013 i w Jej dzie\u0144 ko\u0144czymy. Niech<br \/>\nzatem Ta, kt\u00f3ra \u2013 jak s\u0142yszeli\u015bmy w Ewangelii \u2013 zosta\u0142a z wysoko\u015bci Krzy\u017ca dana<br \/>\nnam za Matk\u0119, b\u0119dzie naprawd\u0119 nasz\u0105 Matk\u0105 i Przewodniczk\u0105 po drogach<br \/>\ncodzienno\u015bci, do kt\u00f3rej my, Pielgrzymi Ziemi \u015awi\u0119tej, ju\u017c dzisiaj wr\u00f3cimy. Niech<br \/>\npo cudownych prze\u017cyciach, jakie dane nam by\u0142y w tym \u015bwi\u0119tym miejscu, pi\u0119knie<br \/>\nprze\u017cywana codzienno\u015b\u0107 b\u0119dzie odpowiedzi\u0105 na mi\u0142o\u015b\u0107 Jezusa i Jego Matki do<br \/>\nka\u017cdej i ka\u017cdego z nas!<\/div>\n<div class=\"MsoNormal\" style=\"margin-bottom: .0001pt; margin-bottom: 0cm; text-align: justify;\">\n&nbsp;&nbsp;&nbsp;&nbsp;&nbsp;&nbsp;&nbsp;&nbsp;&nbsp;&nbsp;&nbsp; Gaudium<br \/>\net spes!&nbsp; Ks. Marek i Ks. Jacek<\/div>\n","protected":false},"excerpt":{"rendered":"<p>Szcz\u0119\u015b\u0107 Bo\u017ce! To ju\u017c ostatni dzie\u0144 naszego pielgrzymowania. Szkoda! Pobudka o 6.15, \u015bniadanie o 6.45 i wyjazd o 7.30. Jedziemy do Groty Mlecznej, kt\u00f3r\u0105 swego czasu zobaczyli\u015bmy tylko od zewn\u0105trz, bo zosta\u0142a zamkni\u0119ta przed czasem. Wejdziemy do niej, aby potem uda\u0107 si\u0119 na Msz\u0119 \u015awi\u0119t\u0105 do sieroci\u0144ca, prowadzonego przez Siostry El\u017cbietanki, pod przewodnictwem Siostry Rafaeli. [&hellip;]<\/p>\n","protected":false},"author":1,"featured_media":0,"comment_status":"open","ping_status":"open","sticky":false,"template":"","format":"standard","meta":{"jetpack_post_was_ever_published":false,"_jetpack_newsletter_access":"","_jetpack_dont_email_post_to_subs":false,"_jetpack_newsletter_tier_id":0,"_jetpack_memberships_contains_paywalled_content":false,"_jetpack_memberships_contains_paid_content":false,"footnotes":""},"categories":[1],"tags":[],"class_list":["post-9366","post","type-post","status-publish","format-standard","hentry","category-bez-kategorii"],"yoast_head":"<!-- This site is optimized with the Yoast SEO plugin v25.1 - https:\/\/yoast.com\/wordpress\/plugins\/seo\/ -->\n<title>\u015aladami Jezusa - dzie\u0144 8 - Gaudium Et Spes<\/title>\n<meta name=\"robots\" content=\"index, follow, max-snippet:-1, max-image-preview:large, max-video-preview:-1\" \/>\n<link rel=\"canonical\" href=\"https:\/\/gaudiumetspes-blog.pl\/index.php\/2012\/09\/15\/sladami-jezusa-dzien-8\/\" \/>\n<meta property=\"og:locale\" content=\"pl_PL\" \/>\n<meta property=\"og:type\" content=\"article\" \/>\n<meta property=\"og:title\" content=\"\u015aladami Jezusa - dzie\u0144 8 - Gaudium Et Spes\" \/>\n<meta property=\"og:description\" content=\"Szcz\u0119\u015b\u0107 Bo\u017ce! To ju\u017c ostatni dzie\u0144 naszego pielgrzymowania. Szkoda! Pobudka o 6.15, \u015bniadanie o 6.45 i wyjazd o 7.30. Jedziemy do Groty Mlecznej, kt\u00f3r\u0105 swego czasu zobaczyli\u015bmy tylko od zewn\u0105trz, bo zosta\u0142a zamkni\u0119ta przed czasem. Wejdziemy do niej, aby potem uda\u0107 si\u0119 na Msz\u0119 \u015awi\u0119t\u0105 do sieroci\u0144ca, prowadzonego przez Siostry El\u017cbietanki, pod przewodnictwem Siostry Rafaeli. [&hellip;]\" \/>\n<meta property=\"og:url\" content=\"https:\/\/gaudiumetspes-blog.pl\/index.php\/2012\/09\/15\/sladami-jezusa-dzien-8\/\" \/>\n<meta property=\"og:site_name\" content=\"Gaudium Et Spes\" \/>\n<meta property=\"article:published_time\" content=\"2012-09-15T01:06:00+00:00\" \/>\n<meta property=\"article:modified_time\" content=\"2019-07-31T10:53:32+00:00\" \/>\n<meta name=\"author\" content=\"Ks. Jacek\" \/>\n<meta name=\"twitter:card\" content=\"summary_large_image\" \/>\n<meta name=\"twitter:label1\" content=\"Napisane przez\" \/>\n\t<meta name=\"twitter:data1\" content=\"Ks. Jacek\" \/>\n\t<meta name=\"twitter:label2\" content=\"Szacowany czas czytania\" \/>\n\t<meta name=\"twitter:data2\" content=\"7 minut\" \/>\n<script type=\"application\/ld+json\" class=\"yoast-schema-graph\">{\"@context\":\"https:\/\/schema.org\",\"@graph\":[{\"@type\":\"WebPage\",\"@id\":\"https:\/\/gaudiumetspes-blog.pl\/index.php\/2012\/09\/15\/sladami-jezusa-dzien-8\/\",\"url\":\"https:\/\/gaudiumetspes-blog.pl\/index.php\/2012\/09\/15\/sladami-jezusa-dzien-8\/\",\"name\":\"\u015aladami Jezusa - dzie\u0144 8 - Gaudium Et Spes\",\"isPartOf\":{\"@id\":\"https:\/\/gaudiumetspes-blog.pl\/#website\"},\"datePublished\":\"2012-09-15T01:06:00+00:00\",\"dateModified\":\"2019-07-31T10:53:32+00:00\",\"author\":{\"@id\":\"https:\/\/gaudiumetspes-blog.pl\/#\/schema\/person\/1661982992b752dea8dff0d4ed845a65\"},\"breadcrumb\":{\"@id\":\"https:\/\/gaudiumetspes-blog.pl\/index.php\/2012\/09\/15\/sladami-jezusa-dzien-8\/#breadcrumb\"},\"inLanguage\":\"pl-PL\",\"potentialAction\":[{\"@type\":\"ReadAction\",\"target\":[\"https:\/\/gaudiumetspes-blog.pl\/index.php\/2012\/09\/15\/sladami-jezusa-dzien-8\/\"]}]},{\"@type\":\"BreadcrumbList\",\"@id\":\"https:\/\/gaudiumetspes-blog.pl\/index.php\/2012\/09\/15\/sladami-jezusa-dzien-8\/#breadcrumb\",\"itemListElement\":[{\"@type\":\"ListItem\",\"position\":1,\"name\":\"Strona g\u0142\u00f3wna\",\"item\":\"https:\/\/gaudiumetspes-blog.pl\/\"},{\"@type\":\"ListItem\",\"position\":2,\"name\":\"\u015aladami Jezusa &#8211; dzie\u0144 8\"}]},{\"@type\":\"WebSite\",\"@id\":\"https:\/\/gaudiumetspes-blog.pl\/#website\",\"url\":\"https:\/\/gaudiumetspes-blog.pl\/\",\"name\":\"Gaudium Et Spes\",\"description\":\"Blog Ks. Jacka Ja\u015bkowskiego\",\"potentialAction\":[{\"@type\":\"SearchAction\",\"target\":{\"@type\":\"EntryPoint\",\"urlTemplate\":\"https:\/\/gaudiumetspes-blog.pl\/?s={search_term_string}\"},\"query-input\":{\"@type\":\"PropertyValueSpecification\",\"valueRequired\":true,\"valueName\":\"search_term_string\"}}],\"inLanguage\":\"pl-PL\"},{\"@type\":\"Person\",\"@id\":\"https:\/\/gaudiumetspes-blog.pl\/#\/schema\/person\/1661982992b752dea8dff0d4ed845a65\",\"name\":\"Ks. Jacek\",\"image\":{\"@type\":\"ImageObject\",\"inLanguage\":\"pl-PL\",\"@id\":\"https:\/\/gaudiumetspes-blog.pl\/#\/schema\/person\/image\/\",\"url\":\"https:\/\/gaudiumetspes-blog.pl\/wp-content\/uploads\/2019\/07\/avatar-JJ-150x150.jpg\",\"contentUrl\":\"https:\/\/gaudiumetspes-blog.pl\/wp-content\/uploads\/2019\/07\/avatar-JJ-150x150.jpg\",\"caption\":\"Ks. Jacek\"},\"description\":\"Witam serdecznie! K\u0142ania si\u0119 Ks. Jacek Ja\u015bkowski. Nie jestem ani kim\u015b wa\u017cnym, ani kim\u015b znanym. Jestem ksi\u0119dzem, kt\u00f3ry po prostu chce rozmawia\u0107. Codzienna kap\u0142a\u0144ska pos\u0142uga pokazuje mi, \u017ce temat\u00f3w do rozm\u00f3w z ksi\u0119dzem jest coraz wi\u0119cej i dzisiaj \u017caden ksi\u0105dz nie mo\u017ce od nich ucieka\u0107, ale - wprost przeciwnie - podejmowa\u0107 nowe wyzwania. To przekonanie sk\u0142oni\u0142o mnie do pr\u00f3by otwarcia tego\u017c bloga, chocia\u017c okazji do rozm\u00f3w na co dzie\u0144 - w konfesjonale i poza nim - na szcz\u0119\u015bcie nie brakuje. My\u015bl\u0119 jednak, \u017ce ten blog b\u0119dzie jeszcze jednym sposobem i przestrzeni\u0105 nawi\u0105zania kontaktu z lud\u017ami dobrej woli, otwartymi na dialog.\",\"url\":\"https:\/\/gaudiumetspes-blog.pl\/index.php\/author\/ks-jacek\/\"}]}<\/script>\n<!-- \/ Yoast SEO plugin. -->","yoast_head_json":{"title":"\u015aladami Jezusa - dzie\u0144 8 - Gaudium Et Spes","robots":{"index":"index","follow":"follow","max-snippet":"max-snippet:-1","max-image-preview":"max-image-preview:large","max-video-preview":"max-video-preview:-1"},"canonical":"https:\/\/gaudiumetspes-blog.pl\/index.php\/2012\/09\/15\/sladami-jezusa-dzien-8\/","og_locale":"pl_PL","og_type":"article","og_title":"\u015aladami Jezusa - dzie\u0144 8 - Gaudium Et Spes","og_description":"Szcz\u0119\u015b\u0107 Bo\u017ce! To ju\u017c ostatni dzie\u0144 naszego pielgrzymowania. Szkoda! Pobudka o 6.15, \u015bniadanie o 6.45 i wyjazd o 7.30. Jedziemy do Groty Mlecznej, kt\u00f3r\u0105 swego czasu zobaczyli\u015bmy tylko od zewn\u0105trz, bo zosta\u0142a zamkni\u0119ta przed czasem. Wejdziemy do niej, aby potem uda\u0107 si\u0119 na Msz\u0119 \u015awi\u0119t\u0105 do sieroci\u0144ca, prowadzonego przez Siostry El\u017cbietanki, pod przewodnictwem Siostry Rafaeli. [&hellip;]","og_url":"https:\/\/gaudiumetspes-blog.pl\/index.php\/2012\/09\/15\/sladami-jezusa-dzien-8\/","og_site_name":"Gaudium Et Spes","article_published_time":"2012-09-15T01:06:00+00:00","article_modified_time":"2019-07-31T10:53:32+00:00","author":"Ks. Jacek","twitter_card":"summary_large_image","twitter_misc":{"Napisane przez":"Ks. Jacek","Szacowany czas czytania":"7 minut"},"schema":{"@context":"https:\/\/schema.org","@graph":[{"@type":"WebPage","@id":"https:\/\/gaudiumetspes-blog.pl\/index.php\/2012\/09\/15\/sladami-jezusa-dzien-8\/","url":"https:\/\/gaudiumetspes-blog.pl\/index.php\/2012\/09\/15\/sladami-jezusa-dzien-8\/","name":"\u015aladami Jezusa - dzie\u0144 8 - Gaudium Et Spes","isPartOf":{"@id":"https:\/\/gaudiumetspes-blog.pl\/#website"},"datePublished":"2012-09-15T01:06:00+00:00","dateModified":"2019-07-31T10:53:32+00:00","author":{"@id":"https:\/\/gaudiumetspes-blog.pl\/#\/schema\/person\/1661982992b752dea8dff0d4ed845a65"},"breadcrumb":{"@id":"https:\/\/gaudiumetspes-blog.pl\/index.php\/2012\/09\/15\/sladami-jezusa-dzien-8\/#breadcrumb"},"inLanguage":"pl-PL","potentialAction":[{"@type":"ReadAction","target":["https:\/\/gaudiumetspes-blog.pl\/index.php\/2012\/09\/15\/sladami-jezusa-dzien-8\/"]}]},{"@type":"BreadcrumbList","@id":"https:\/\/gaudiumetspes-blog.pl\/index.php\/2012\/09\/15\/sladami-jezusa-dzien-8\/#breadcrumb","itemListElement":[{"@type":"ListItem","position":1,"name":"Strona g\u0142\u00f3wna","item":"https:\/\/gaudiumetspes-blog.pl\/"},{"@type":"ListItem","position":2,"name":"\u015aladami Jezusa &#8211; dzie\u0144 8"}]},{"@type":"WebSite","@id":"https:\/\/gaudiumetspes-blog.pl\/#website","url":"https:\/\/gaudiumetspes-blog.pl\/","name":"Gaudium Et Spes","description":"Blog Ks. Jacka Ja\u015bkowskiego","potentialAction":[{"@type":"SearchAction","target":{"@type":"EntryPoint","urlTemplate":"https:\/\/gaudiumetspes-blog.pl\/?s={search_term_string}"},"query-input":{"@type":"PropertyValueSpecification","valueRequired":true,"valueName":"search_term_string"}}],"inLanguage":"pl-PL"},{"@type":"Person","@id":"https:\/\/gaudiumetspes-blog.pl\/#\/schema\/person\/1661982992b752dea8dff0d4ed845a65","name":"Ks. Jacek","image":{"@type":"ImageObject","inLanguage":"pl-PL","@id":"https:\/\/gaudiumetspes-blog.pl\/#\/schema\/person\/image\/","url":"https:\/\/gaudiumetspes-blog.pl\/wp-content\/uploads\/2019\/07\/avatar-JJ-150x150.jpg","contentUrl":"https:\/\/gaudiumetspes-blog.pl\/wp-content\/uploads\/2019\/07\/avatar-JJ-150x150.jpg","caption":"Ks. Jacek"},"description":"Witam serdecznie! K\u0142ania si\u0119 Ks. Jacek Ja\u015bkowski. Nie jestem ani kim\u015b wa\u017cnym, ani kim\u015b znanym. Jestem ksi\u0119dzem, kt\u00f3ry po prostu chce rozmawia\u0107. Codzienna kap\u0142a\u0144ska pos\u0142uga pokazuje mi, \u017ce temat\u00f3w do rozm\u00f3w z ksi\u0119dzem jest coraz wi\u0119cej i dzisiaj \u017caden ksi\u0105dz nie mo\u017ce od nich ucieka\u0107, ale - wprost przeciwnie - podejmowa\u0107 nowe wyzwania. To przekonanie sk\u0142oni\u0142o mnie do pr\u00f3by otwarcia tego\u017c bloga, chocia\u017c okazji do rozm\u00f3w na co dzie\u0144 - w konfesjonale i poza nim - na szcz\u0119\u015bcie nie brakuje. My\u015bl\u0119 jednak, \u017ce ten blog b\u0119dzie jeszcze jednym sposobem i przestrzeni\u0105 nawi\u0105zania kontaktu z lud\u017ami dobrej woli, otwartymi na dialog.","url":"https:\/\/gaudiumetspes-blog.pl\/index.php\/author\/ks-jacek\/"}]}},"jetpack_featured_media_url":"","jetpack_sharing_enabled":true,"_links":{"self":[{"href":"https:\/\/gaudiumetspes-blog.pl\/index.php\/wp-json\/wp\/v2\/posts\/9366","targetHints":{"allow":["GET"]}}],"collection":[{"href":"https:\/\/gaudiumetspes-blog.pl\/index.php\/wp-json\/wp\/v2\/posts"}],"about":[{"href":"https:\/\/gaudiumetspes-blog.pl\/index.php\/wp-json\/wp\/v2\/types\/post"}],"author":[{"embeddable":true,"href":"https:\/\/gaudiumetspes-blog.pl\/index.php\/wp-json\/wp\/v2\/users\/1"}],"replies":[{"embeddable":true,"href":"https:\/\/gaudiumetspes-blog.pl\/index.php\/wp-json\/wp\/v2\/comments?post=9366"}],"version-history":[{"count":1,"href":"https:\/\/gaudiumetspes-blog.pl\/index.php\/wp-json\/wp\/v2\/posts\/9366\/revisions"}],"predecessor-version":[{"id":10717,"href":"https:\/\/gaudiumetspes-blog.pl\/index.php\/wp-json\/wp\/v2\/posts\/9366\/revisions\/10717"}],"wp:attachment":[{"href":"https:\/\/gaudiumetspes-blog.pl\/index.php\/wp-json\/wp\/v2\/media?parent=9366"}],"wp:term":[{"taxonomy":"category","embeddable":true,"href":"https:\/\/gaudiumetspes-blog.pl\/index.php\/wp-json\/wp\/v2\/categories?post=9366"},{"taxonomy":"post_tag","embeddable":true,"href":"https:\/\/gaudiumetspes-blog.pl\/index.php\/wp-json\/wp\/v2\/tags?post=9366"}],"curies":[{"name":"wp","href":"https:\/\/api.w.org\/{rel}","templated":true}]}}