{"id":9368,"date":"2012-09-13T03:17:00","date_gmt":"2012-09-13T01:17:00","guid":{"rendered":"https:\/\/gaudiumetspes-blog.pl\/index.php\/2012\/09\/13\/sladami-jezusa-dzien-6\/"},"modified":"2019-07-31T12:53:32","modified_gmt":"2019-07-31T10:53:32","slug":"sladami-jezusa-dzien-6","status":"publish","type":"post","link":"https:\/\/gaudiumetspes-blog.pl\/index.php\/2012\/09\/13\/sladami-jezusa-dzien-6\/","title":{"rendered":"\u015aladami Jezusa &#8211; dzie\u0144 6"},"content":{"rendered":"<p><\/p>\n<div class=\"MsoNormal\" style=\"margin-bottom: .0001pt; margin-bottom: 0cm; text-align: justify;\">\nSzcz\u0119\u015b\u0107 Bo\u017ce! Moi Drodzy, wczoraj<br \/>\nrano dotar\u0142a do nas wiadomo\u015b\u0107 o \u015bmierci Ojca naszego Kierowcy, Ma\u017cdiego.<br \/>\nWiedzieli\u015bmy o chorobie, wiedzieli\u015bmy o powa\u017cnym stanie, w jakim si\u0119 znajdowa\u0142,<br \/>\nale nie my\u015bleli\u015bmy, \u017ce odejdzie ju\u017c teraz. W zwi\u0105zku z tym Ma\u017cdi opu\u015bci\u0142 nas<br \/>\njeszcze w hotelu rano, bo jego samochodem przyjecha\u0142 z Jerozolimy inny<br \/>\nKierowca, Ibrahim. Tyle, \u017ce On te\u017c by\u0142 do popo\u0142udnia, bo ma do obs\u0142ugi swoj\u0105<br \/>\ngrup\u0119. Pojawi\u0142 si\u0119 inny Kierowca, o nieznanym nam imieniu, przy czym i ten<br \/>\nzaznaczy\u0142, \u017ce b\u0119dzie tylko do wieczora. Na szcz\u0119\u015bcie, bo nie robi\u0142 najlepszego<br \/>\nwra\u017cenia. <\/div>\n<div class=\"MsoNormal\" style=\"margin-bottom: .0001pt; margin-bottom: 0cm; text-align: justify; text-indent: 35.4pt;\">\nA wieczorem, przy<br \/>\nkolacji, Ojciec Janusz zaskoczy\u0142 mnie wiadomo\u015bci\u0105, \u017ce Ma\u017cdi wraca dzi\u015b rano.<br \/>\nPe\u0142ne zaskoczenie, bo to przecie\u017c pogrzeb Ojca. Okaza\u0142o si\u0119 jednak, \u017ce pogrzeb<br \/>\nodby\u0142 si\u0119 ju\u017c wczoraj. W chwili, w kt\u00f3rej pisz\u0119 te s\u0142owa, nie wiem jeszcze, czy<br \/>\nMa\u017cdi rzeczywi\u015bcie dotrze, ale sam si\u0119 zapowiedzia\u0142 przez telefon. Zobaczymy!<br \/>\nMy w ka\u017cdym razie wczoraj przez ca\u0142y dzie\u0144 modlili\u015bmy si\u0119 przy wszystkich<br \/>\nmo\u017cliwych okazjach za Zmar\u0142ego, ale te\u017c za ca\u0142\u0105 Jego Rodzin\u0119 \u2013 w tak trudnym po<br \/>\nludzku czasie.<\/div>\n<div class=\"MsoNormal\" style=\"margin-bottom: .0001pt; margin-bottom: 0cm; text-align: justify;\">\n&nbsp;&nbsp;&nbsp;&nbsp;&nbsp;&nbsp;&nbsp;&nbsp;&nbsp;&nbsp;&nbsp; A<br \/>\nco do wczorajszego dnia, to zacz\u0119li\u015bmy go \u2013 jak ju\u017c pisa\u0142em \u2013 bardzo rano, bo o<br \/>\n5.30 pobudka, po czym o 6.00 \u015bniadanie i o 6.50 odjazd. Uda\u0142o mi si\u0119 jeszcze z<br \/>\nwerandy obok mego pokoju popatrze\u0107 na Jezioro Galilejskie o brzasku nowego<br \/>\ndnia. Co\u015b niesamowitego! Wspania\u0142a atmosfera do modlitwy\u2026 <\/div>\n<div class=\"MsoNormal\" style=\"margin-bottom: .0001pt; margin-bottom: 0cm; text-align: justify;\">\n&nbsp;&nbsp;&nbsp;&nbsp;&nbsp;&nbsp;&nbsp;&nbsp;&nbsp;&nbsp;&nbsp; Pierwszym<br \/>\nmiejscem naszego pielgrzymowania by\u0142a G\u00f3ra Tabor. Podjechali\u015bmy do jej podn\u00f3\u017ca,<br \/>\nsk\u0105d \u2013 jak to okre\u015bli\u0142 Ojciec Janusz \u2013 osio\u0142kami, czyli w rzeczywisto\u015bci ma\u0142ymi<br \/>\nbusami dotarli\u015bmy na szczyt. Tam o 8.CO\u015a odprawili\u015bmy Msz\u0119 \u015awi\u0119t\u0105.<br \/>\nPrzewodniczy\u0142 Ojciec Janusz, a Marek \u2013 jak co dzie\u0144 \u2013 wyg\u0142osi\u0142 Bo\u017ce S\u0142owo.<br \/>\nM\u00f3wi\u0142 o znaczeniu Wydarzenia Taboru dla \u017cycia Aposto\u0142\u00f3w i dla naszego \u017cycia.<br \/>\nCa\u0142\u0105 nasz\u0105 Pielgrzymk\u0119 por\u00f3wna\u0142 do wej\u015bcia na G\u00f3r\u0119 Tabor, z kt\u00f3rej trzeba nam<br \/>\nwr\u00f3ci\u0107 do codzienno\u015bci, jak Aposto\u0142owie powr\u00f3cili do swojej codzienno\u015bci \u2013<br \/>\nbardziej jednak przygotowani do tego, co mia\u0142o spotka\u0107 Jezusa, ale tak\u017ce ich w<br \/>\nczasie Jego M\u0119ki. Nas tak\u017ce spotkaj\u0105 przer\u00f3\u017cne trudno\u015bci, po nich jednak na<br \/>\npewno przyjdzie \u2013 Niebo! Taka by\u0142a g\u0142\u00f3wna my\u015bl wczorajszego S\u0142owa.<\/div>\n<div class=\"MsoNormal\" style=\"margin-bottom: .0001pt; margin-bottom: 0cm; text-align: justify;\">\n&nbsp;&nbsp;&nbsp;&nbsp;&nbsp;&nbsp;&nbsp;&nbsp;&nbsp;&nbsp;&nbsp; Po<br \/>\nMszy \u015awi\u0119tej poznali\u015bmy histori\u0119 tamtejszej \u015bwi\u0105tyni i ca\u0142ej okolicy, wychodz\u0105c<br \/>\noczywi\u015bcie od tekstu biblijnego, dotycz\u0105cego Przemienienia Pa\u0144skiego, kt\u00f3re si\u0119<br \/>\ntu dokona\u0142o. <\/div>\n<div class=\"MsoNormal\" style=\"margin-bottom: .0001pt; margin-bottom: 0cm; text-align: justify;\">\n&nbsp;&nbsp;&nbsp;&nbsp;&nbsp;&nbsp;&nbsp;&nbsp;&nbsp;&nbsp;&nbsp; Z<br \/>\nTaboru przejechali\u015bmy do Jerycha, aby zobaczy\u0107 G\u00f3r\u0119 kuszenia, sykomor\u0119 zwi\u0105zan\u0105<br \/>\nz nawr\u00f3ceniem i powo\u0142aniem celnika Mateusza (chocia\u017c wiadomo na pewno, \u017ce to<br \/>\nnie jest ta sama sykomora, na kt\u00f3r\u0105 si\u0119 wspina\u0142), a wreszcie \u2013 aby poczyni\u0107<br \/>\nzakupy w sklepie z r\u00f3\u017cno\u015bciami. Stamt\u0105d droga wiod\u0142a do Qumran, w kt\u00f3rym na<br \/>\nprze\u0142omie tysi\u0105cleci, w czasach Jezusa, \u017cy\u0142a sekta esse\u0144czyk\u00f3w, zajmuj\u0105ca si\u0119<br \/>\nprzepisywaniem ksi\u0105g i kt\u00f3ra pozostawi\u0142a po sobie zwoje kilku ksi\u0105g Pisma<br \/>\n\u015awi\u0119tego, w tym tak\u017ce \u2013 niekt\u00f3re oryginalne. Zosta\u0142y one przypadkowo<br \/>\nodnalezione w tamtejszych grotach w roku 1947. <\/div>\n<div class=\"MsoNormal\" style=\"margin-bottom: .0001pt; margin-bottom: 0cm; text-align: justify;\">\n&nbsp;&nbsp;&nbsp;&nbsp;&nbsp;&nbsp;&nbsp;&nbsp;&nbsp;&nbsp;&nbsp; Po<br \/>\nQumran by\u0142o ju\u017c Morze Martwe i dwie godziny na k\u0105piel \u2013 chocia\u017c o k\u0105pieli mo\u017cna<br \/>\ntam m\u00f3wi\u0107 tylko w odniesieniu do pobliskiego prysznica, bo samo morze jest tak<br \/>\npot\u0119\u017cnie zasolone, \u017ce na jego wodzie le\u017cy si\u0119 dos\u0142ownie jak na materacu.<br \/>\nOczywi\u015bcie, mo\u017cna si\u0119 te\u017c by\u0142o wysmarowa\u0107 b\u0142otem \u2013 to jeden z nielicznych<br \/>\nprzypadk\u00f3w, kiedy obrzucanie b\u0142otem nie jest szkodliwe i obra\u017aliwe, a wr\u0119cz<br \/>\nkorzystne\u2026 Bezpo\u015brednio po tym udali\u015bmy si\u0119 ju\u017c do hotelu Nativity, w kt\u00f3rym<br \/>\nbyli\u015bmy przez dwie pierwsze noce, a teraz zatrzymali\u015bmy si\u0119 na trzy kolejne.<\/div>\n<div class=\"MsoNormal\" style=\"margin-bottom: .0001pt; margin-bottom: 0cm; text-align: justify; text-indent: 35.4pt;\">\nMoi Drodzy,<br \/>\nchcia\u0142bym jeszcze poszerzy\u0107 wczorajsz\u0105 galeri\u0119 Os\u00f3b zas\u0142u\u017conych na polu<br \/>\ntworzenia dobrej atmosfery naszej Pielgrzymki o dwa fantastyczne Ma\u0142\u017ce\u0144stwa:<br \/>\nPa\u0144stwa Iwon\u0119 i Marcina Zagubie\u0144 oraz Agnieszk\u0119 i Jaros\u0142awa Szel\u0105g. Ju\u017c na<br \/>\njednym ze spotka\u0144 organizacyjnych poprosi\u0142em Ich o pomoc w zebraniu wp\u0142at<br \/>\nwszystkich Uczestnik\u00f3w, a na pocz\u0105tku Pielgrzymki, jeszcze w Celestynowie,<br \/>\npoprosi\u0142em, aby zechcieli stanowi\u0107 Sekretariat Grupy. Zgodzili si\u0119 i wywi\u0105zuj\u0105<br \/>\nsi\u0119 z tego zadania po prostu rewelacyjnie: prowadz\u0105 zapisy na modlitwy w<br \/>\nposzczeg\u00f3lne dni, codziennie licz\u0105 Grup\u0119 w chwili, gdy mamy odje\u017cd\u017ca\u0107 po jakim\u015b<br \/>\npostoju \u2013 i w og\u00f3le s\u0105 ch\u0119tni do ka\u017cdej pomocy, jaka w danej chwili jest<br \/>\npotrzebna. A czyni\u0105 to zawsze z wielk\u0105 rado\u015bci\u0105 i pogod\u0105 ducha, za co wyra\u017cam Im<br \/>\nt\u0105 drog\u0105 ogromn\u0105 wdzi\u0119czno\u015b\u0107. To tak\u017ce dzi\u0119ki Nim atmosfera w Grupie jest<br \/>\nbardzo, bardzo dobra\u2026 Ojciec Janusz nazywa Ich\u2026 grup\u0105 trzymaj\u0105c\u0105 w\u0142adz\u0119! Bardzo<br \/>\nprosz\u0119 \u2013 bez \u017cadnych skojarze\u0144\u2026<\/div>\n<div class=\"MsoNormal\" style=\"margin-bottom: .0001pt; margin-bottom: 0cm; text-align: justify; text-indent: 35.4pt;\">\nMoi Drodzy,<br \/>\ndzisiaj przed nami \u2013 mi\u0119dzy innymi \u2013 Bazylika Grobu Pa\u0144skiego i Droga Krzy\u017cowa\u2026<br \/>\nA w swoim S\u0142owie Pan dzisiaj zach\u0119ca nas do mi\u0142o\u015bci nieprzyjaci\u00f3\u0142 i<br \/>\nchrze\u015bcija\u0144skiego \u201edawania wi\u0119cej\u201d\u2026 Chyba nic tak bardzo nie przekonuje nas do<br \/>\ntego, \u017ce Jezus pierwszy uczyni\u0142 to, czego od nas oczekuje, jak w\u0142a\u015bnie te<br \/>\nmiejsca, w kt\u00f3rych dzisiaj b\u0119dziemy: Droga Krzy\u017cowa i Gr\u00f3b\u2026 Pusty Gr\u00f3b\u2026 Niech te<br \/>\nznaki Jego mi\u0142o\u015bci zach\u0119c\u0105 nas \u2013 Pielgrzym\u00f3w Ziemi \u015awi\u0119tej \u2013 i Was wszystkich<br \/>\ndo kszta\u0142towania w sobie tej jedynej dla chrze\u015bcijanina postawy\u2026<\/div>\n<div class=\"MsoNormal\" style=\"margin-bottom: .0001pt; margin-bottom: 0cm; text-align: justify; text-indent: 35.4pt;\">\nGaudium et<br \/>\nspes!&nbsp; Ks. Marek i Ks. Jacek<\/div>\n","protected":false},"excerpt":{"rendered":"<p>Szcz\u0119\u015b\u0107 Bo\u017ce! Moi Drodzy, wczoraj rano dotar\u0142a do nas wiadomo\u015b\u0107 o \u015bmierci Ojca naszego Kierowcy, Ma\u017cdiego. Wiedzieli\u015bmy o chorobie, wiedzieli\u015bmy o powa\u017cnym stanie, w jakim si\u0119 znajdowa\u0142, ale nie my\u015bleli\u015bmy, \u017ce odejdzie ju\u017c teraz. W zwi\u0105zku z tym Ma\u017cdi opu\u015bci\u0142 nas jeszcze w hotelu rano, bo jego samochodem przyjecha\u0142 z Jerozolimy inny Kierowca, Ibrahim. Tyle, [&hellip;]<\/p>\n","protected":false},"author":1,"featured_media":0,"comment_status":"open","ping_status":"open","sticky":false,"template":"","format":"standard","meta":{"jetpack_post_was_ever_published":false,"_jetpack_newsletter_access":"","_jetpack_dont_email_post_to_subs":false,"_jetpack_newsletter_tier_id":0,"_jetpack_memberships_contains_paywalled_content":false,"_jetpack_memberships_contains_paid_content":false,"footnotes":""},"categories":[1],"tags":[],"class_list":["post-9368","post","type-post","status-publish","format-standard","hentry","category-bez-kategorii"],"yoast_head":"<!-- This site is optimized with the Yoast SEO plugin v25.1 - https:\/\/yoast.com\/wordpress\/plugins\/seo\/ -->\n<title>\u015aladami Jezusa - dzie\u0144 6 - Gaudium Et Spes<\/title>\n<meta name=\"robots\" content=\"index, follow, max-snippet:-1, max-image-preview:large, max-video-preview:-1\" \/>\n<link rel=\"canonical\" href=\"https:\/\/gaudiumetspes-blog.pl\/index.php\/2012\/09\/13\/sladami-jezusa-dzien-6\/\" \/>\n<meta property=\"og:locale\" content=\"pl_PL\" \/>\n<meta property=\"og:type\" content=\"article\" \/>\n<meta property=\"og:title\" content=\"\u015aladami Jezusa - dzie\u0144 6 - Gaudium Et Spes\" \/>\n<meta property=\"og:description\" content=\"Szcz\u0119\u015b\u0107 Bo\u017ce! Moi Drodzy, wczoraj rano dotar\u0142a do nas wiadomo\u015b\u0107 o \u015bmierci Ojca naszego Kierowcy, Ma\u017cdiego. Wiedzieli\u015bmy o chorobie, wiedzieli\u015bmy o powa\u017cnym stanie, w jakim si\u0119 znajdowa\u0142, ale nie my\u015bleli\u015bmy, \u017ce odejdzie ju\u017c teraz. W zwi\u0105zku z tym Ma\u017cdi opu\u015bci\u0142 nas jeszcze w hotelu rano, bo jego samochodem przyjecha\u0142 z Jerozolimy inny Kierowca, Ibrahim. Tyle, [&hellip;]\" \/>\n<meta property=\"og:url\" content=\"https:\/\/gaudiumetspes-blog.pl\/index.php\/2012\/09\/13\/sladami-jezusa-dzien-6\/\" \/>\n<meta property=\"og:site_name\" content=\"Gaudium Et Spes\" \/>\n<meta property=\"article:published_time\" content=\"2012-09-13T01:17:00+00:00\" \/>\n<meta property=\"article:modified_time\" content=\"2019-07-31T10:53:32+00:00\" \/>\n<meta name=\"author\" content=\"Ks. Jacek\" \/>\n<meta name=\"twitter:card\" content=\"summary_large_image\" \/>\n<meta name=\"twitter:label1\" content=\"Napisane przez\" \/>\n\t<meta name=\"twitter:data1\" content=\"Ks. Jacek\" \/>\n\t<meta name=\"twitter:label2\" content=\"Szacowany czas czytania\" \/>\n\t<meta name=\"twitter:data2\" content=\"5 minut\" \/>\n<script type=\"application\/ld+json\" class=\"yoast-schema-graph\">{\"@context\":\"https:\/\/schema.org\",\"@graph\":[{\"@type\":\"WebPage\",\"@id\":\"https:\/\/gaudiumetspes-blog.pl\/index.php\/2012\/09\/13\/sladami-jezusa-dzien-6\/\",\"url\":\"https:\/\/gaudiumetspes-blog.pl\/index.php\/2012\/09\/13\/sladami-jezusa-dzien-6\/\",\"name\":\"\u015aladami Jezusa - dzie\u0144 6 - Gaudium Et Spes\",\"isPartOf\":{\"@id\":\"https:\/\/gaudiumetspes-blog.pl\/#website\"},\"datePublished\":\"2012-09-13T01:17:00+00:00\",\"dateModified\":\"2019-07-31T10:53:32+00:00\",\"author\":{\"@id\":\"https:\/\/gaudiumetspes-blog.pl\/#\/schema\/person\/1661982992b752dea8dff0d4ed845a65\"},\"breadcrumb\":{\"@id\":\"https:\/\/gaudiumetspes-blog.pl\/index.php\/2012\/09\/13\/sladami-jezusa-dzien-6\/#breadcrumb\"},\"inLanguage\":\"pl-PL\",\"potentialAction\":[{\"@type\":\"ReadAction\",\"target\":[\"https:\/\/gaudiumetspes-blog.pl\/index.php\/2012\/09\/13\/sladami-jezusa-dzien-6\/\"]}]},{\"@type\":\"BreadcrumbList\",\"@id\":\"https:\/\/gaudiumetspes-blog.pl\/index.php\/2012\/09\/13\/sladami-jezusa-dzien-6\/#breadcrumb\",\"itemListElement\":[{\"@type\":\"ListItem\",\"position\":1,\"name\":\"Strona g\u0142\u00f3wna\",\"item\":\"https:\/\/gaudiumetspes-blog.pl\/\"},{\"@type\":\"ListItem\",\"position\":2,\"name\":\"\u015aladami Jezusa &#8211; dzie\u0144 6\"}]},{\"@type\":\"WebSite\",\"@id\":\"https:\/\/gaudiumetspes-blog.pl\/#website\",\"url\":\"https:\/\/gaudiumetspes-blog.pl\/\",\"name\":\"Gaudium Et Spes\",\"description\":\"Blog Ks. Jacka Ja\u015bkowskiego\",\"potentialAction\":[{\"@type\":\"SearchAction\",\"target\":{\"@type\":\"EntryPoint\",\"urlTemplate\":\"https:\/\/gaudiumetspes-blog.pl\/?s={search_term_string}\"},\"query-input\":{\"@type\":\"PropertyValueSpecification\",\"valueRequired\":true,\"valueName\":\"search_term_string\"}}],\"inLanguage\":\"pl-PL\"},{\"@type\":\"Person\",\"@id\":\"https:\/\/gaudiumetspes-blog.pl\/#\/schema\/person\/1661982992b752dea8dff0d4ed845a65\",\"name\":\"Ks. Jacek\",\"image\":{\"@type\":\"ImageObject\",\"inLanguage\":\"pl-PL\",\"@id\":\"https:\/\/gaudiumetspes-blog.pl\/#\/schema\/person\/image\/\",\"url\":\"https:\/\/gaudiumetspes-blog.pl\/wp-content\/uploads\/2019\/07\/avatar-JJ-150x150.jpg\",\"contentUrl\":\"https:\/\/gaudiumetspes-blog.pl\/wp-content\/uploads\/2019\/07\/avatar-JJ-150x150.jpg\",\"caption\":\"Ks. Jacek\"},\"description\":\"Witam serdecznie! K\u0142ania si\u0119 Ks. Jacek Ja\u015bkowski. Nie jestem ani kim\u015b wa\u017cnym, ani kim\u015b znanym. Jestem ksi\u0119dzem, kt\u00f3ry po prostu chce rozmawia\u0107. Codzienna kap\u0142a\u0144ska pos\u0142uga pokazuje mi, \u017ce temat\u00f3w do rozm\u00f3w z ksi\u0119dzem jest coraz wi\u0119cej i dzisiaj \u017caden ksi\u0105dz nie mo\u017ce od nich ucieka\u0107, ale - wprost przeciwnie - podejmowa\u0107 nowe wyzwania. To przekonanie sk\u0142oni\u0142o mnie do pr\u00f3by otwarcia tego\u017c bloga, chocia\u017c okazji do rozm\u00f3w na co dzie\u0144 - w konfesjonale i poza nim - na szcz\u0119\u015bcie nie brakuje. My\u015bl\u0119 jednak, \u017ce ten blog b\u0119dzie jeszcze jednym sposobem i przestrzeni\u0105 nawi\u0105zania kontaktu z lud\u017ami dobrej woli, otwartymi na dialog.\",\"url\":\"https:\/\/gaudiumetspes-blog.pl\/index.php\/author\/ks-jacek\/\"}]}<\/script>\n<!-- \/ Yoast SEO plugin. -->","yoast_head_json":{"title":"\u015aladami Jezusa - dzie\u0144 6 - Gaudium Et Spes","robots":{"index":"index","follow":"follow","max-snippet":"max-snippet:-1","max-image-preview":"max-image-preview:large","max-video-preview":"max-video-preview:-1"},"canonical":"https:\/\/gaudiumetspes-blog.pl\/index.php\/2012\/09\/13\/sladami-jezusa-dzien-6\/","og_locale":"pl_PL","og_type":"article","og_title":"\u015aladami Jezusa - dzie\u0144 6 - Gaudium Et Spes","og_description":"Szcz\u0119\u015b\u0107 Bo\u017ce! Moi Drodzy, wczoraj rano dotar\u0142a do nas wiadomo\u015b\u0107 o \u015bmierci Ojca naszego Kierowcy, Ma\u017cdiego. Wiedzieli\u015bmy o chorobie, wiedzieli\u015bmy o powa\u017cnym stanie, w jakim si\u0119 znajdowa\u0142, ale nie my\u015bleli\u015bmy, \u017ce odejdzie ju\u017c teraz. W zwi\u0105zku z tym Ma\u017cdi opu\u015bci\u0142 nas jeszcze w hotelu rano, bo jego samochodem przyjecha\u0142 z Jerozolimy inny Kierowca, Ibrahim. Tyle, [&hellip;]","og_url":"https:\/\/gaudiumetspes-blog.pl\/index.php\/2012\/09\/13\/sladami-jezusa-dzien-6\/","og_site_name":"Gaudium Et Spes","article_published_time":"2012-09-13T01:17:00+00:00","article_modified_time":"2019-07-31T10:53:32+00:00","author":"Ks. Jacek","twitter_card":"summary_large_image","twitter_misc":{"Napisane przez":"Ks. Jacek","Szacowany czas czytania":"5 minut"},"schema":{"@context":"https:\/\/schema.org","@graph":[{"@type":"WebPage","@id":"https:\/\/gaudiumetspes-blog.pl\/index.php\/2012\/09\/13\/sladami-jezusa-dzien-6\/","url":"https:\/\/gaudiumetspes-blog.pl\/index.php\/2012\/09\/13\/sladami-jezusa-dzien-6\/","name":"\u015aladami Jezusa - dzie\u0144 6 - Gaudium Et Spes","isPartOf":{"@id":"https:\/\/gaudiumetspes-blog.pl\/#website"},"datePublished":"2012-09-13T01:17:00+00:00","dateModified":"2019-07-31T10:53:32+00:00","author":{"@id":"https:\/\/gaudiumetspes-blog.pl\/#\/schema\/person\/1661982992b752dea8dff0d4ed845a65"},"breadcrumb":{"@id":"https:\/\/gaudiumetspes-blog.pl\/index.php\/2012\/09\/13\/sladami-jezusa-dzien-6\/#breadcrumb"},"inLanguage":"pl-PL","potentialAction":[{"@type":"ReadAction","target":["https:\/\/gaudiumetspes-blog.pl\/index.php\/2012\/09\/13\/sladami-jezusa-dzien-6\/"]}]},{"@type":"BreadcrumbList","@id":"https:\/\/gaudiumetspes-blog.pl\/index.php\/2012\/09\/13\/sladami-jezusa-dzien-6\/#breadcrumb","itemListElement":[{"@type":"ListItem","position":1,"name":"Strona g\u0142\u00f3wna","item":"https:\/\/gaudiumetspes-blog.pl\/"},{"@type":"ListItem","position":2,"name":"\u015aladami Jezusa &#8211; dzie\u0144 6"}]},{"@type":"WebSite","@id":"https:\/\/gaudiumetspes-blog.pl\/#website","url":"https:\/\/gaudiumetspes-blog.pl\/","name":"Gaudium Et Spes","description":"Blog Ks. Jacka Ja\u015bkowskiego","potentialAction":[{"@type":"SearchAction","target":{"@type":"EntryPoint","urlTemplate":"https:\/\/gaudiumetspes-blog.pl\/?s={search_term_string}"},"query-input":{"@type":"PropertyValueSpecification","valueRequired":true,"valueName":"search_term_string"}}],"inLanguage":"pl-PL"},{"@type":"Person","@id":"https:\/\/gaudiumetspes-blog.pl\/#\/schema\/person\/1661982992b752dea8dff0d4ed845a65","name":"Ks. Jacek","image":{"@type":"ImageObject","inLanguage":"pl-PL","@id":"https:\/\/gaudiumetspes-blog.pl\/#\/schema\/person\/image\/","url":"https:\/\/gaudiumetspes-blog.pl\/wp-content\/uploads\/2019\/07\/avatar-JJ-150x150.jpg","contentUrl":"https:\/\/gaudiumetspes-blog.pl\/wp-content\/uploads\/2019\/07\/avatar-JJ-150x150.jpg","caption":"Ks. Jacek"},"description":"Witam serdecznie! K\u0142ania si\u0119 Ks. Jacek Ja\u015bkowski. Nie jestem ani kim\u015b wa\u017cnym, ani kim\u015b znanym. Jestem ksi\u0119dzem, kt\u00f3ry po prostu chce rozmawia\u0107. Codzienna kap\u0142a\u0144ska pos\u0142uga pokazuje mi, \u017ce temat\u00f3w do rozm\u00f3w z ksi\u0119dzem jest coraz wi\u0119cej i dzisiaj \u017caden ksi\u0105dz nie mo\u017ce od nich ucieka\u0107, ale - wprost przeciwnie - podejmowa\u0107 nowe wyzwania. To przekonanie sk\u0142oni\u0142o mnie do pr\u00f3by otwarcia tego\u017c bloga, chocia\u017c okazji do rozm\u00f3w na co dzie\u0144 - w konfesjonale i poza nim - na szcz\u0119\u015bcie nie brakuje. My\u015bl\u0119 jednak, \u017ce ten blog b\u0119dzie jeszcze jednym sposobem i przestrzeni\u0105 nawi\u0105zania kontaktu z lud\u017ami dobrej woli, otwartymi na dialog.","url":"https:\/\/gaudiumetspes-blog.pl\/index.php\/author\/ks-jacek\/"}]}},"jetpack_featured_media_url":"","jetpack_sharing_enabled":true,"_links":{"self":[{"href":"https:\/\/gaudiumetspes-blog.pl\/index.php\/wp-json\/wp\/v2\/posts\/9368","targetHints":{"allow":["GET"]}}],"collection":[{"href":"https:\/\/gaudiumetspes-blog.pl\/index.php\/wp-json\/wp\/v2\/posts"}],"about":[{"href":"https:\/\/gaudiumetspes-blog.pl\/index.php\/wp-json\/wp\/v2\/types\/post"}],"author":[{"embeddable":true,"href":"https:\/\/gaudiumetspes-blog.pl\/index.php\/wp-json\/wp\/v2\/users\/1"}],"replies":[{"embeddable":true,"href":"https:\/\/gaudiumetspes-blog.pl\/index.php\/wp-json\/wp\/v2\/comments?post=9368"}],"version-history":[{"count":1,"href":"https:\/\/gaudiumetspes-blog.pl\/index.php\/wp-json\/wp\/v2\/posts\/9368\/revisions"}],"predecessor-version":[{"id":10715,"href":"https:\/\/gaudiumetspes-blog.pl\/index.php\/wp-json\/wp\/v2\/posts\/9368\/revisions\/10715"}],"wp:attachment":[{"href":"https:\/\/gaudiumetspes-blog.pl\/index.php\/wp-json\/wp\/v2\/media?parent=9368"}],"wp:term":[{"taxonomy":"category","embeddable":true,"href":"https:\/\/gaudiumetspes-blog.pl\/index.php\/wp-json\/wp\/v2\/categories?post=9368"},{"taxonomy":"post_tag","embeddable":true,"href":"https:\/\/gaudiumetspes-blog.pl\/index.php\/wp-json\/wp\/v2\/tags?post=9368"}],"curies":[{"name":"wp","href":"https:\/\/api.w.org\/{rel}","templated":true}]}}