{"id":9374,"date":"2012-09-07T05:54:00","date_gmt":"2012-09-07T03:54:00","guid":{"rendered":"https:\/\/gaudiumetspes-blog.pl\/index.php\/2012\/09\/07\/czemu-twoi-uczniowie-nie-poszcza\/"},"modified":"2019-07-31T12:53:31","modified_gmt":"2019-07-31T10:53:31","slug":"czemu-twoi-uczniowie-nie-poszcza","status":"publish","type":"post","link":"https:\/\/gaudiumetspes-blog.pl\/index.php\/2012\/09\/07\/czemu-twoi-uczniowie-nie-poszcza\/","title":{"rendered":"Czemu Twoi uczniowie nie poszcz\u0105?&#8230;"},"content":{"rendered":"<p><\/p>\n<div class=\"MsoNormal\" style=\"text-align: justify;\">\nSzcz\u0119\u015b\u0107 Bo\u017ce! Dzisiaj pierwszy pi\u0105tek miesi\u0105ca. Za chwil\u0119 wyruszam do moich Chorych z pos\u0142ug\u0105 duszpastersk\u0105. Dzisiaj odwiedz\u0119 tylko po\u0142ow\u0119 tej mojej Ekipy, bo drug\u0105 po\u0142ow\u0119 odwiedzi Marek.&nbsp;<\/div>\n<div class=\"MsoNormal\" style=\"text-align: justify;\">\n&nbsp; &nbsp; &nbsp;A jutro o 6.00 wyje\u017cd\u017camy z Celestynowa do Warszawy, na Ok\u0119cie i tam o 9.40 &#8211; wylot do Ziemi \u015awi\u0119tej. Wracamy 15 wrze\u015bnia w nocy &#8211; tak, \u017ceby by\u0107 ju\u017c na niedziel\u0119. P\u00f3ki co &#8211; jeszcze pi\u0105tek, pierwszy pi\u0105tek, i wiele wydarze\u0144 z nim zwi\u0105zanych. Zach\u0119cam Was, Kochani, do prze\u017cycia tego dnia w wi\u0119kszym skupieniu, rozmodleniu, a w razie potrzeby &#8211; zach\u0119cam do Spowiedzi!<\/div>\n<div class=\"MsoNormal\" style=\"text-align: justify;\">\n&nbsp; &nbsp; &nbsp; &nbsp; Gaudium et spes! Ks. Jacek<\/div>\n<div class=\"MsoNormal\" style=\"text-align: justify;\">\n<b><br \/><\/b><\/div>\n<div class=\"MsoNormal\" style=\"text-align: justify;\">\n<b>Pi\u0105tek 22<br \/>\ntygodnia zwyk\u0142ego, rok II,<\/b><\/div>\n<div class=\"MsoNormal\" style=\"text-align: justify;\">\n<b>pierwszy<br \/>\npi\u0105tek miesi\u0105ca,<\/b><\/div>\n<div class=\"MsoNormal\" style=\"text-align: justify;\">\n<b>do<br \/>\nczyta\u0144:&nbsp; 1 Kor 4,1\u20135;&nbsp; \u0141k 5,33\u201339<\/b><\/div>\n<div class=\"MsoNormal\" style=\"text-align: justify;\">\n<\/div>\n<div class=\"MsoNormal\" style=\"text-align: justify;\">\n<b>CZYTANIE Z PIERWSZEGO LISTU \u015aWI\u0118TEGO PAW\u0141A APOSTO\u0141A DO KORYNTIAN:&nbsp;<\/b><\/div>\n<div class=\"MsoNormal\" style=\"text-align: justify; text-indent: 35.4pt;\">\n<b>Bracia:<br \/>\nNiech uwa\u017caj\u0105 nas ludzie za s\u0142ugi Chrystusa i za szafarzy tajemnic Bo\u017cych. A od<br \/>\nszafarzy ju\u017c tutaj si\u0119 \u017c\u0105da, aby ka\u017cdy z nich by\u0142 wierny.<\/b><b><\/b><\/div>\n<div class=\"MsoNormal\" style=\"text-align: justify; text-indent: 35.4pt;\">\n<b>Mnie<br \/>\nza\u015b najmniej zale\u017cy na tym, czy b\u0119d\u0119 os\u0105dzony przez was czy przez jakikolwiek<br \/>\ntrybuna\u0142 ludzki. Co wi\u0119cej, nawet sam siebie nie sadz\u0119. Sumienie nie wyrzuca mi<br \/>\nwprawdzie niczego, ale to mnie jeszcze nie usprawiedliwia. Pan jest moim<br \/>\ns\u0119dzi\u0105. Przeto nie s\u0105d\u017acie przedwcze\u015bnie, dop\u00f3ki nie przyjdzie Pan, kt\u00f3ry rozja\u015bni<br \/>\nto, co w ciemno\u015bciach ukryte, i ujawni zamiary serc. Wtedy ka\u017cdy otrzyma od<br \/>\nBoga pochwa\u0142\u0119.<\/b><\/div>\n<div class=\"MsoNormal\" style=\"text-align: justify;\">\n<\/div>\n<div class=\"MsoNormal\" style=\"text-align: justify;\">\n<b>S\u0141OWA EWANGELII WED\u0141UG \u015aWI\u0118TEGO \u0141UKASZA:<\/b><\/div>\n<div class=\"MsoNormal\" style=\"text-align: justify; text-indent: 35.4pt;\">\n<b>Faryzeusze<br \/>\ni uczeni w Pi\u015bmie rzekli do Jezusa: \u201eUczniowie Jana du\u017co poszcz\u0105 i mod\u0142y<br \/>\nodprawiaj\u0105, tak samo uczniowie faryzeusz\u00f3w; Twoi za\u015b jedz\u0105 i pij\u0105\u201d.<\/b><b><\/b><\/div>\n<div class=\"MsoNormal\" style=\"text-align: justify; text-indent: 35.4pt;\">\n<b>Jezus<br \/>\nrzek\u0142 do nich: \u201eCzy mo\u017cecie go\u015bci weselnych nak\u0142oni\u0107 do postu, dop\u00f3ki pan m\u0142ody<br \/>\njest z nimi? Lecz przyjdzie czas, kiedy zabior\u0105 im pana m\u0142odego, i wtedy, w owe<br \/>\ndni, b\u0119d\u0105 po\u015bcili\u201d.&nbsp;<\/b><\/div>\n<div class=\"MsoNormal\" style=\"text-align: justify; text-indent: 35.4pt;\">\n<b>Opowiedzia\u0142<br \/>\nim te\u017c przypowie\u015b\u0107: \u201eNikt nie przyszywa do starego ubrania \u0142aty z tego, co<br \/>\noderwie od nowego; w przeciwnym razie i nowe podrze, i \u0142ata z nowego nie nada<br \/>\nsi\u0119 do starego.&nbsp;<\/b><\/div>\n<div class=\"MsoNormal\" style=\"text-align: justify;\">\n<b>Nikt te\u017c m\u0142odego wina nie<br \/>\nwlewa do starych buk\u0142ak\u00f3w; w przeciwnym razie m\u0142ode wino rozerwie buk\u0142aki i<br \/>\nsamo wycieknie, i buk\u0142aki si\u0119 zepsuj\u0105. Lecz m\u0142ode wino nale\u017cy la\u0107 do nowych buk\u0142ak\u00f3w.<br \/>\nKto si\u0119 napi\u0142 starego wina, nie chce potem m\u0142odego, m\u00f3wi bowiem: \u00abStare jest lepsze\u00bb\u201d.<\/b><\/div>\n<div class=\"MsoNormal\" style=\"text-align: justify;\">\n<\/div>\n<div class=\"MsoNormal\" style=\"text-align: justify; text-indent: 35.4pt;\">\nJak dobrze, \u017ce w pi\u0105tek, a<br \/>\ndo tego jeszcze: <b>w pierwszy pi\u0105tek<br \/>\nmiesi\u0105ca,<\/b> Pan daje nam takie s\u0142owo, jak to w\u0142a\u015bnie, kt\u00f3rego przed chwil\u0105<br \/>\nwys\u0142uchali\u015bmy w Ewangelii. Oto faryzeusze i uczeni w Pi\u015bmie stawiaj\u0105 Jezusowi<br \/>\ndo rozstrzygni\u0119cia problem, <b>dlaczego<br \/>\nJego uczniowie nie poszcz\u0105?<\/b> I bardzo jednoznaczna odpowied\u017a Jezusa, jasno<br \/>\nwskazuj\u0105ca na to, <b>na czym polega<br \/>\nprawdziwy post, oraz kiedy i przez kogo winien by\u0107 zachowywany.<\/b> <\/div>\n<div class=\"MsoNormal\" style=\"text-align: justify; text-indent: 35.4pt;\">\nOt\u00f3\u017c, nie mo\u017cna nak\u0142ania\u0107<br \/>\ndo postu go\u015bci weselnych, dop\u00f3ki pan m\u0142ody jest z nimi. Nie ma potrzeby<br \/>\nnak\u0142ania\u0107 do postu tych, kt\u00f3rzy \u017cyj\u0105 <b>w<br \/>\npe\u0142nej blisko\u015bci Jezusa,<\/b> bo w\u0142a\u015bnie post jest <b>po to, aby oderwa\u0142 cz\u0142owieka od \u015bwiata, a zbli\u017cy\u0142 do Boga.<\/b> Skoro<br \/>\nzatem B\u00f3g jest tak blisko, to po co post?\u2026 <\/div>\n<div class=\"MsoNormal\" style=\"text-align: justify; text-indent: 35.4pt;\">\nPostu nie mo\u017cna traktowa\u0107<br \/>\nmechanicznie \u2013 <b>on musi doprowadzi\u0107 do<br \/>\nzmiany my\u015blenia. <\/b>To jest zasadniczym sensem ka\u017cdego postu, ka\u017cdej pokuty,<br \/>\nka\u017cdego wyrzeczenia, podejmowanego w jakiejkolwiek formie. To jest tak\u017ce<br \/>\nzasadniczym sensem prze\u017cywania pierwszych pi\u0105tk\u00f3w miesi\u0105ca: <b>zmiana my\u015blenia, radykalna zmiana my\u015blenia.<\/b><br \/>\nNie zewn\u0119trzne formy dla samych form, nie tradycja i zwyczaj, wedle kt\u00f3rego <b>wypada w pierwszy pi\u0105tek i\u015b\u0107 do Spowiedzi,<\/b><br \/>\nwreszcie tak\u017ce \u2013 nie podpis w dzienniczku czy na za\u015bwiadczeniu\u2026 To nie jest sensem<br \/>\npostu, pokuty, obchodzenia pierwszych pi\u0105tk\u00f3w. <\/div>\n<div class=\"MsoNormal\" style=\"text-align: justify; text-indent: 35.4pt;\">\nSensem najwa\u017cniejszym tego<br \/>\nwszystkiego jest <b>dopasowanie swego<br \/>\nmy\u015blenia i patrzenia na \u015bwiat i ludzi \u2013 do patrzenia i my\u015blenia samego Jezusa.<\/b><br \/>\nTo jest uzgodnienie swojego stylu z Jego stylem. Tu jest istota \u2013 <b>nie w samych zewn\u0119trznych formach.<\/b><br \/>\nOwszem, nasze praktyki pi\u0105tkowe, postne, pokutne wa\u017cne s\u0105 i trzeba je<br \/>\npodejmowa\u0107, ale one <b>musz\u0105 wyra\u017ca\u0107 to, co<br \/>\njest wewn\u0105trz, co dokonuje si\u0119 w naszych sercach \u2013 o ile naprawd\u0119 si\u0119 dokonuje<\/b>\u2026\n<\/div>\n<div class=\"MsoNormal\" style=\"text-align: justify; text-indent: 35.4pt;\">\nPierwszy pi\u0105tek miesi\u0105ca po<br \/>\nto jest tak\u017ce, aby to wszystko, co jest w sercu cz\u0142owieka i to, co cz\u0142owiek<br \/>\npokazuje na zewn\u0105trz \u2013 <b>podda\u0107 pod<br \/>\nswoisty os\u0105d Bo\u017cy.<\/b> I wyci\u0105gn\u0105\u0107 wnioski na przysz\u0142o\u015b\u0107, aby zmieni\u0107 to, co<br \/>\nzmieni\u0107 trzeba, a rozwija\u0107 to, co dobre. <\/div>\n<div class=\"MsoNormal\" style=\"text-align: justify; text-indent: 35.4pt;\">\n\u015awi\u0119ty Pawe\u0142 Aposto\u0142 w<br \/>\npierwszym czytaniu stwierdza bardzo jednoznacznie: <b><i>Mnie<br \/>\nza\u015b najmniej zale\u017cy na tym, czy b\u0119d\u0119 os\u0105dzony przez was czy przez jakikolwiek<br \/>\ntrybuna\u0142 ludzki. Co wi\u0119cej, nawet sam siebie nie sadz\u0119. Sumienie nie wyrzuca mi<br \/>\nwprawdzie niczego, ale to mnie jeszcze nie usprawiedliwia. Pan jest moim<br \/>\ns\u0119dzi\u0105. Przeto nie s\u0105d\u017acie przedwcze\u015bnie, dop\u00f3ki nie przyjdzie Pan, kt\u00f3ry rozja\u015bni<br \/>\nto, co w ciemno\u015bciach ukryte, i ujawni zamiary serc. Wtedy ka\u017cdy otrzyma od<br \/>\nBoga pochwa\u0142\u0119. <\/i><\/b>W\u0142a\u015bnie po to jest pierwszy<br \/>\npi\u0105tek i wszystkie nasze pokutne praktyki, aby m\u00f3c z ca\u0142\u0105 pewno\u015bci\u0105 i<br \/>\nprzekonaniem powt\u00f3rzy\u0107 za \u015awi\u0119tym Paw\u0142em te s\u0142owa. <\/div>\n<div class=\"MsoNormal\" style=\"text-align: justify; text-indent: 35.4pt;\">\nWiemy, \u017ce nie<br \/>\njest to wcale takie proste, bo nam bardziej zale\u017cy jednak na opinii ludzkiej i <b>boimy si\u0119 bardziej \u2013 przynajmniej na razie<br \/>\n\u2013 s\u0105du ludzkiego, ni\u017c Boskiego.<\/b> To jest taki paradoks, ale tak w\u0142a\u015bnie<br \/>\njest! By\u0107 mo\u017ce dlatego, \u017ce s\u0105d ludzki dokonuje si\u0119 praktycznie na co dzie\u0144, a <b>s\u0105d Boski \u2013 przynajmniej w przekonaniu<br \/>\nwielu os\u00f3b \u2013 jest jeszcze daleko.<\/b> <\/div>\n<div class=\"MsoNormal\" style=\"text-align: justify; text-indent: 35.4pt;\">\nNie chc\u0105c<br \/>\nulega\u0107 takiemu myl\u0105cemu przekonaniu, sami ju\u017c teraz poddajemy nasze \u017cycie i<br \/>\nnasz\u0105 postaw\u0119 <b>pod os\u0105d Bo\u017cy \u2013 w<br \/>\nSakramencie Pokuty<\/b> \u2013 aby z tego wyprowadzi\u0107 w\u0142a\u015bciwe wnioski i podj\u0105\u0107 dobre,<br \/>\nkonkretne, m\u0105dre postanowienia. Aby <b>ju\u017c<br \/>\nnie my\u015ble\u0107 tak, jak dotychczas;<\/b> aby ju\u017c nie m\u00f3wi\u0107 tak, jak dotychczas; aby<br \/>\nju\u017c nie patrze\u0107 tak, jak dotychczas\u2026 <\/div>\n<div class=\"MsoNormal\" style=\"text-align: justify; text-indent: 35.4pt;\">\nAby w naszych<br \/>\nrodzinach, aby w naszych domach, aby w naszych wzajemnych relacjach co\u015b<br \/>\ndrgn\u0119\u0142o, co\u015b chocia\u017c odrobin\u0119 \u201eprzekierowa\u0142o si\u0119\u201d w dobr\u0105 stron\u0119\u2026 Bo \u2013 zaiste \u2013<br \/>\n<b><i>nikt<br \/>\nnie przyszywa do starego ubrania \u0142aty z tego, co oderwie od nowego; w<br \/>\nprzeciwnym razie i nowe podrze, i \u0142ata z nowego nie nada si\u0119 do starego.&nbsp;Nikt te\u017c m\u0142odego wina nie wlewa do<br \/>\nstarych buk\u0142ak\u00f3w; w przeciwnym razie m\u0142ode wino rozerwie buk\u0142aki i samo<br \/>\nwycieknie, i buk\u0142aki si\u0119 zepsuj\u0105. Lecz m\u0142ode wino nale\u017cy la\u0107 do nowych buk\u0142ak\u00f3w.<\/i><\/b>\n<\/div>\n<div class=\"MsoNormal\" style=\"text-align: justify; text-indent: 35.4pt;\">\nJe\u017celi nawet przez<br \/>\nca\u0142e \u017cycie b\u0119dziemy obchodzili wszystkie pierwsze pi\u0105tki miesi\u0105ca i podejmowali<br \/>\nnajbardziej wymy\u015blne nawet praktyki pokutne, a <b>nie b\u0119dziemy si\u0119 starali niczego zmieni\u0107 w sposobie my\u015blenia i spostrzegania<br \/>\n\u015bwiata i ludzi,<\/b> to b\u0119dzie to takim <b>mieszaniem<br \/>\nnowego i starego.<\/b> A tego nie da si\u0119 po\u0142\u0105czy\u0107. Jezus przynosi to, co nowe,<br \/>\nco \u015bwie\u017ce\u2026 My cz\u0119sto tkwimy w tym, co stare. Otw\u00f3rzmy \u2013 w ten pierwszy pi\u0105tek<br \/>\nmiesi\u0105ca \u2013 drzwi i okna naszego serca, aby <b>Jezus<br \/>\nm\u00f3g\u0142 je przewietrzy\u0107, odnowi\u0107, od\u015bwie\u017cy\u0107<\/b>\u2026 I zaprowadzi\u0107 w nim <b>sw\u00f3j porz\u0105dek!<\/b><\/div>\n<div class=\"MsoNormal\" style=\"text-align: justify; text-indent: 35.4pt;\">\nMaj\u0105c na uwadze<br \/>\nte wszystkie refleksje, pomy\u015blmy:<\/div>\n<div class=\"MsoNormal\" style=\"margin-left: 36.0pt; mso-list: l0 level1 lfo1; tab-stops: list 36.0pt; text-align: justify; text-indent: -18.0pt;\">\n\u00b7&nbsp;&nbsp;&nbsp;&nbsp;&nbsp;&nbsp;&nbsp;<br \/>\nJakie konkretne postanowienie podj\u0105\u0142em po ostatniej Spowiedzi?<\/div>\n<div class=\"MsoNormal\" style=\"margin-left: 36.0pt; mso-list: l0 level1 lfo1; tab-stops: list 36.0pt; text-align: justify; text-indent: -18.0pt;\">\n\u00b7&nbsp;&nbsp;&nbsp;&nbsp;&nbsp;&nbsp;&nbsp;<br \/>\nCo w moim post\u0119powaniu wymaga natychmiastowej, gruntownej zmiany \u2013<br \/>\ni jak si\u0119 o ni\u0105 staram?<\/div>\n<div class=\"MsoNormal\" style=\"margin-left: 36.0pt; mso-list: l0 level1 lfo1; tab-stops: list 36.0pt; text-align: justify; text-indent: -18.0pt;\">\n\u00b7&nbsp;&nbsp;&nbsp;&nbsp;&nbsp;&nbsp;&nbsp;<br \/>\nCzy moje otoczenie dostrzeg\u0142o we mnie jak\u0105\u015b zmian\u0119 na lepsze od<br \/>\nostatniego pierwszego pi\u0105tku?<\/div>\n<div class=\"MsoNormal\" style=\"text-align: justify;\">\n<\/div>\n<div class=\"MsoNormal\" style=\"text-align: justify;\">\n<b><i>Czy mo\u017cecie go\u015bci weselnych nak\u0142oni\u0107 do<br \/>\npostu, dop\u00f3ki pan m\u0142ody jest z nimi<\/i><\/b><b>?<br \/>\n<i>Lecz przyjdzie czas, kiedy zabior\u0105 im<br \/>\npana m\u0142odego, i wtedy, w owe dni, b\u0119d\u0105 po\u015bcili<\/i><\/b><b>\u2026<\/b><\/div>\n","protected":false},"excerpt":{"rendered":"<p>Szcz\u0119\u015b\u0107 Bo\u017ce! Dzisiaj pierwszy pi\u0105tek miesi\u0105ca. Za chwil\u0119 wyruszam do moich Chorych z pos\u0142ug\u0105 duszpastersk\u0105. Dzisiaj odwiedz\u0119 tylko po\u0142ow\u0119 tej mojej Ekipy, bo drug\u0105 po\u0142ow\u0119 odwiedzi Marek.&nbsp; &nbsp; &nbsp; &nbsp;A jutro o 6.00 wyje\u017cd\u017camy z Celestynowa do Warszawy, na Ok\u0119cie i tam o 9.40 &#8211; wylot do Ziemi \u015awi\u0119tej. Wracamy 15 wrze\u015bnia w nocy &#8211; [&hellip;]<\/p>\n","protected":false},"author":1,"featured_media":0,"comment_status":"open","ping_status":"open","sticky":false,"template":"","format":"standard","meta":{"jetpack_post_was_ever_published":false,"_jetpack_newsletter_access":"","_jetpack_dont_email_post_to_subs":false,"_jetpack_newsletter_tier_id":0,"_jetpack_memberships_contains_paywalled_content":false,"_jetpack_memberships_contains_paid_content":false,"footnotes":""},"categories":[1],"tags":[],"class_list":["post-9374","post","type-post","status-publish","format-standard","hentry","category-bez-kategorii"],"yoast_head":"<!-- This site is optimized with the Yoast SEO plugin v25.1 - https:\/\/yoast.com\/wordpress\/plugins\/seo\/ -->\n<title>Czemu Twoi uczniowie nie poszcz\u0105?... - Gaudium Et Spes<\/title>\n<meta name=\"robots\" content=\"index, follow, max-snippet:-1, max-image-preview:large, max-video-preview:-1\" \/>\n<link rel=\"canonical\" href=\"https:\/\/gaudiumetspes-blog.pl\/index.php\/2012\/09\/07\/czemu-twoi-uczniowie-nie-poszcza\/\" \/>\n<meta property=\"og:locale\" content=\"pl_PL\" \/>\n<meta property=\"og:type\" content=\"article\" \/>\n<meta property=\"og:title\" content=\"Czemu Twoi uczniowie nie poszcz\u0105?... - Gaudium Et Spes\" \/>\n<meta property=\"og:description\" content=\"Szcz\u0119\u015b\u0107 Bo\u017ce! Dzisiaj pierwszy pi\u0105tek miesi\u0105ca. Za chwil\u0119 wyruszam do moich Chorych z pos\u0142ug\u0105 duszpastersk\u0105. Dzisiaj odwiedz\u0119 tylko po\u0142ow\u0119 tej mojej Ekipy, bo drug\u0105 po\u0142ow\u0119 odwiedzi Marek.&nbsp; &nbsp; &nbsp; &nbsp;A jutro o 6.00 wyje\u017cd\u017camy z Celestynowa do Warszawy, na Ok\u0119cie i tam o 9.40 &#8211; wylot do Ziemi \u015awi\u0119tej. Wracamy 15 wrze\u015bnia w nocy &#8211; [&hellip;]\" \/>\n<meta property=\"og:url\" content=\"https:\/\/gaudiumetspes-blog.pl\/index.php\/2012\/09\/07\/czemu-twoi-uczniowie-nie-poszcza\/\" \/>\n<meta property=\"og:site_name\" content=\"Gaudium Et Spes\" \/>\n<meta property=\"article:published_time\" content=\"2012-09-07T03:54:00+00:00\" \/>\n<meta property=\"article:modified_time\" content=\"2019-07-31T10:53:31+00:00\" \/>\n<meta name=\"author\" content=\"Ks. Jacek\" \/>\n<meta name=\"twitter:card\" content=\"summary_large_image\" \/>\n<meta name=\"twitter:label1\" content=\"Napisane przez\" \/>\n\t<meta name=\"twitter:data1\" content=\"Ks. Jacek\" \/>\n\t<meta name=\"twitter:label2\" content=\"Szacowany czas czytania\" \/>\n\t<meta name=\"twitter:data2\" content=\"7 minut\" \/>\n<script type=\"application\/ld+json\" class=\"yoast-schema-graph\">{\"@context\":\"https:\/\/schema.org\",\"@graph\":[{\"@type\":\"WebPage\",\"@id\":\"https:\/\/gaudiumetspes-blog.pl\/index.php\/2012\/09\/07\/czemu-twoi-uczniowie-nie-poszcza\/\",\"url\":\"https:\/\/gaudiumetspes-blog.pl\/index.php\/2012\/09\/07\/czemu-twoi-uczniowie-nie-poszcza\/\",\"name\":\"Czemu Twoi uczniowie nie poszcz\u0105?... - Gaudium Et Spes\",\"isPartOf\":{\"@id\":\"https:\/\/gaudiumetspes-blog.pl\/#website\"},\"datePublished\":\"2012-09-07T03:54:00+00:00\",\"dateModified\":\"2019-07-31T10:53:31+00:00\",\"author\":{\"@id\":\"https:\/\/gaudiumetspes-blog.pl\/#\/schema\/person\/1661982992b752dea8dff0d4ed845a65\"},\"breadcrumb\":{\"@id\":\"https:\/\/gaudiumetspes-blog.pl\/index.php\/2012\/09\/07\/czemu-twoi-uczniowie-nie-poszcza\/#breadcrumb\"},\"inLanguage\":\"pl-PL\",\"potentialAction\":[{\"@type\":\"ReadAction\",\"target\":[\"https:\/\/gaudiumetspes-blog.pl\/index.php\/2012\/09\/07\/czemu-twoi-uczniowie-nie-poszcza\/\"]}]},{\"@type\":\"BreadcrumbList\",\"@id\":\"https:\/\/gaudiumetspes-blog.pl\/index.php\/2012\/09\/07\/czemu-twoi-uczniowie-nie-poszcza\/#breadcrumb\",\"itemListElement\":[{\"@type\":\"ListItem\",\"position\":1,\"name\":\"Strona g\u0142\u00f3wna\",\"item\":\"https:\/\/gaudiumetspes-blog.pl\/\"},{\"@type\":\"ListItem\",\"position\":2,\"name\":\"Czemu Twoi uczniowie nie&nbsp;poszcz\u0105?&#8230;\"}]},{\"@type\":\"WebSite\",\"@id\":\"https:\/\/gaudiumetspes-blog.pl\/#website\",\"url\":\"https:\/\/gaudiumetspes-blog.pl\/\",\"name\":\"Gaudium Et Spes\",\"description\":\"Blog Ks. Jacka Ja\u015bkowskiego\",\"potentialAction\":[{\"@type\":\"SearchAction\",\"target\":{\"@type\":\"EntryPoint\",\"urlTemplate\":\"https:\/\/gaudiumetspes-blog.pl\/?s={search_term_string}\"},\"query-input\":{\"@type\":\"PropertyValueSpecification\",\"valueRequired\":true,\"valueName\":\"search_term_string\"}}],\"inLanguage\":\"pl-PL\"},{\"@type\":\"Person\",\"@id\":\"https:\/\/gaudiumetspes-blog.pl\/#\/schema\/person\/1661982992b752dea8dff0d4ed845a65\",\"name\":\"Ks. Jacek\",\"image\":{\"@type\":\"ImageObject\",\"inLanguage\":\"pl-PL\",\"@id\":\"https:\/\/gaudiumetspes-blog.pl\/#\/schema\/person\/image\/\",\"url\":\"https:\/\/gaudiumetspes-blog.pl\/wp-content\/uploads\/2019\/07\/avatar-JJ-150x150.jpg\",\"contentUrl\":\"https:\/\/gaudiumetspes-blog.pl\/wp-content\/uploads\/2019\/07\/avatar-JJ-150x150.jpg\",\"caption\":\"Ks. Jacek\"},\"description\":\"Witam serdecznie! K\u0142ania si\u0119 Ks. Jacek Ja\u015bkowski. Nie jestem ani kim\u015b wa\u017cnym, ani kim\u015b znanym. Jestem ksi\u0119dzem, kt\u00f3ry po prostu chce rozmawia\u0107. Codzienna kap\u0142a\u0144ska pos\u0142uga pokazuje mi, \u017ce temat\u00f3w do rozm\u00f3w z ksi\u0119dzem jest coraz wi\u0119cej i dzisiaj \u017caden ksi\u0105dz nie mo\u017ce od nich ucieka\u0107, ale - wprost przeciwnie - podejmowa\u0107 nowe wyzwania. To przekonanie sk\u0142oni\u0142o mnie do pr\u00f3by otwarcia tego\u017c bloga, chocia\u017c okazji do rozm\u00f3w na co dzie\u0144 - w konfesjonale i poza nim - na szcz\u0119\u015bcie nie brakuje. My\u015bl\u0119 jednak, \u017ce ten blog b\u0119dzie jeszcze jednym sposobem i przestrzeni\u0105 nawi\u0105zania kontaktu z lud\u017ami dobrej woli, otwartymi na dialog.\",\"url\":\"https:\/\/gaudiumetspes-blog.pl\/index.php\/author\/ks-jacek\/\"}]}<\/script>\n<!-- \/ Yoast SEO plugin. -->","yoast_head_json":{"title":"Czemu Twoi uczniowie nie poszcz\u0105?... - Gaudium Et Spes","robots":{"index":"index","follow":"follow","max-snippet":"max-snippet:-1","max-image-preview":"max-image-preview:large","max-video-preview":"max-video-preview:-1"},"canonical":"https:\/\/gaudiumetspes-blog.pl\/index.php\/2012\/09\/07\/czemu-twoi-uczniowie-nie-poszcza\/","og_locale":"pl_PL","og_type":"article","og_title":"Czemu Twoi uczniowie nie poszcz\u0105?... - Gaudium Et Spes","og_description":"Szcz\u0119\u015b\u0107 Bo\u017ce! Dzisiaj pierwszy pi\u0105tek miesi\u0105ca. Za chwil\u0119 wyruszam do moich Chorych z pos\u0142ug\u0105 duszpastersk\u0105. Dzisiaj odwiedz\u0119 tylko po\u0142ow\u0119 tej mojej Ekipy, bo drug\u0105 po\u0142ow\u0119 odwiedzi Marek.&nbsp; &nbsp; &nbsp; &nbsp;A jutro o 6.00 wyje\u017cd\u017camy z Celestynowa do Warszawy, na Ok\u0119cie i tam o 9.40 &#8211; wylot do Ziemi \u015awi\u0119tej. Wracamy 15 wrze\u015bnia w nocy &#8211; [&hellip;]","og_url":"https:\/\/gaudiumetspes-blog.pl\/index.php\/2012\/09\/07\/czemu-twoi-uczniowie-nie-poszcza\/","og_site_name":"Gaudium Et Spes","article_published_time":"2012-09-07T03:54:00+00:00","article_modified_time":"2019-07-31T10:53:31+00:00","author":"Ks. Jacek","twitter_card":"summary_large_image","twitter_misc":{"Napisane przez":"Ks. Jacek","Szacowany czas czytania":"7 minut"},"schema":{"@context":"https:\/\/schema.org","@graph":[{"@type":"WebPage","@id":"https:\/\/gaudiumetspes-blog.pl\/index.php\/2012\/09\/07\/czemu-twoi-uczniowie-nie-poszcza\/","url":"https:\/\/gaudiumetspes-blog.pl\/index.php\/2012\/09\/07\/czemu-twoi-uczniowie-nie-poszcza\/","name":"Czemu Twoi uczniowie nie poszcz\u0105?... - Gaudium Et Spes","isPartOf":{"@id":"https:\/\/gaudiumetspes-blog.pl\/#website"},"datePublished":"2012-09-07T03:54:00+00:00","dateModified":"2019-07-31T10:53:31+00:00","author":{"@id":"https:\/\/gaudiumetspes-blog.pl\/#\/schema\/person\/1661982992b752dea8dff0d4ed845a65"},"breadcrumb":{"@id":"https:\/\/gaudiumetspes-blog.pl\/index.php\/2012\/09\/07\/czemu-twoi-uczniowie-nie-poszcza\/#breadcrumb"},"inLanguage":"pl-PL","potentialAction":[{"@type":"ReadAction","target":["https:\/\/gaudiumetspes-blog.pl\/index.php\/2012\/09\/07\/czemu-twoi-uczniowie-nie-poszcza\/"]}]},{"@type":"BreadcrumbList","@id":"https:\/\/gaudiumetspes-blog.pl\/index.php\/2012\/09\/07\/czemu-twoi-uczniowie-nie-poszcza\/#breadcrumb","itemListElement":[{"@type":"ListItem","position":1,"name":"Strona g\u0142\u00f3wna","item":"https:\/\/gaudiumetspes-blog.pl\/"},{"@type":"ListItem","position":2,"name":"Czemu Twoi uczniowie nie&nbsp;poszcz\u0105?&#8230;"}]},{"@type":"WebSite","@id":"https:\/\/gaudiumetspes-blog.pl\/#website","url":"https:\/\/gaudiumetspes-blog.pl\/","name":"Gaudium Et Spes","description":"Blog Ks. Jacka Ja\u015bkowskiego","potentialAction":[{"@type":"SearchAction","target":{"@type":"EntryPoint","urlTemplate":"https:\/\/gaudiumetspes-blog.pl\/?s={search_term_string}"},"query-input":{"@type":"PropertyValueSpecification","valueRequired":true,"valueName":"search_term_string"}}],"inLanguage":"pl-PL"},{"@type":"Person","@id":"https:\/\/gaudiumetspes-blog.pl\/#\/schema\/person\/1661982992b752dea8dff0d4ed845a65","name":"Ks. Jacek","image":{"@type":"ImageObject","inLanguage":"pl-PL","@id":"https:\/\/gaudiumetspes-blog.pl\/#\/schema\/person\/image\/","url":"https:\/\/gaudiumetspes-blog.pl\/wp-content\/uploads\/2019\/07\/avatar-JJ-150x150.jpg","contentUrl":"https:\/\/gaudiumetspes-blog.pl\/wp-content\/uploads\/2019\/07\/avatar-JJ-150x150.jpg","caption":"Ks. Jacek"},"description":"Witam serdecznie! K\u0142ania si\u0119 Ks. Jacek Ja\u015bkowski. Nie jestem ani kim\u015b wa\u017cnym, ani kim\u015b znanym. Jestem ksi\u0119dzem, kt\u00f3ry po prostu chce rozmawia\u0107. Codzienna kap\u0142a\u0144ska pos\u0142uga pokazuje mi, \u017ce temat\u00f3w do rozm\u00f3w z ksi\u0119dzem jest coraz wi\u0119cej i dzisiaj \u017caden ksi\u0105dz nie mo\u017ce od nich ucieka\u0107, ale - wprost przeciwnie - podejmowa\u0107 nowe wyzwania. To przekonanie sk\u0142oni\u0142o mnie do pr\u00f3by otwarcia tego\u017c bloga, chocia\u017c okazji do rozm\u00f3w na co dzie\u0144 - w konfesjonale i poza nim - na szcz\u0119\u015bcie nie brakuje. My\u015bl\u0119 jednak, \u017ce ten blog b\u0119dzie jeszcze jednym sposobem i przestrzeni\u0105 nawi\u0105zania kontaktu z lud\u017ami dobrej woli, otwartymi na dialog.","url":"https:\/\/gaudiumetspes-blog.pl\/index.php\/author\/ks-jacek\/"}]}},"jetpack_featured_media_url":"","jetpack_sharing_enabled":true,"_links":{"self":[{"href":"https:\/\/gaudiumetspes-blog.pl\/index.php\/wp-json\/wp\/v2\/posts\/9374","targetHints":{"allow":["GET"]}}],"collection":[{"href":"https:\/\/gaudiumetspes-blog.pl\/index.php\/wp-json\/wp\/v2\/posts"}],"about":[{"href":"https:\/\/gaudiumetspes-blog.pl\/index.php\/wp-json\/wp\/v2\/types\/post"}],"author":[{"embeddable":true,"href":"https:\/\/gaudiumetspes-blog.pl\/index.php\/wp-json\/wp\/v2\/users\/1"}],"replies":[{"embeddable":true,"href":"https:\/\/gaudiumetspes-blog.pl\/index.php\/wp-json\/wp\/v2\/comments?post=9374"}],"version-history":[{"count":1,"href":"https:\/\/gaudiumetspes-blog.pl\/index.php\/wp-json\/wp\/v2\/posts\/9374\/revisions"}],"predecessor-version":[{"id":10709,"href":"https:\/\/gaudiumetspes-blog.pl\/index.php\/wp-json\/wp\/v2\/posts\/9374\/revisions\/10709"}],"wp:attachment":[{"href":"https:\/\/gaudiumetspes-blog.pl\/index.php\/wp-json\/wp\/v2\/media?parent=9374"}],"wp:term":[{"taxonomy":"category","embeddable":true,"href":"https:\/\/gaudiumetspes-blog.pl\/index.php\/wp-json\/wp\/v2\/categories?post=9374"},{"taxonomy":"post_tag","embeddable":true,"href":"https:\/\/gaudiumetspes-blog.pl\/index.php\/wp-json\/wp\/v2\/tags?post=9374"}],"curies":[{"name":"wp","href":"https:\/\/api.w.org\/{rel}","templated":true}]}}