{"id":9375,"date":"2012-09-06T05:34:00","date_gmt":"2012-09-06T03:34:00","guid":{"rendered":"https:\/\/gaudiumetspes-blog.pl\/index.php\/2012\/09\/06\/na-twoje-sowo-zarzuce-sieci-2\/"},"modified":"2019-07-31T12:53:31","modified_gmt":"2019-07-31T10:53:31","slug":"na-twoje-sowo-zarzuce-sieci-2","status":"publish","type":"post","link":"https:\/\/gaudiumetspes-blog.pl\/index.php\/2012\/09\/06\/na-twoje-sowo-zarzuce-sieci-2\/","title":{"rendered":"Na Twoje s\u0142owo &#8211; zarzuc\u0119 sieci&#8230;"},"content":{"rendered":"<p><\/p>\n<div class=\"MsoNormal\" style=\"text-align: justify;\">\nSzcz\u0119\u015b\u0107 Bo\u017ce! Moi Drodzy, Marek szcz\u0119\u015bliwie dotar\u0142 do Polski, wczoraj nawet uczestniczy\u0142 w spotkaniu, na jakie zaprosi\u0142em do Celestynowa moich Koleg\u00f3w z roku \u015bwi\u0119ce\u0144. Przygotowujemy si\u0119 do Pielgrzymki do Ziemi \u015awi\u0119tej. Bardzo ciesz\u0119 si\u0119 z tego wydarzenia.<\/div>\n<div class=\"MsoNormal\" style=\"text-align: justify;\">\n&nbsp; &nbsp; A dzisiaj zastanawiamy si\u0119 nad tym, na ile mo\u017cemy skorzysta\u0107 z naszego ludzkiego do\u015bwiadczenia i na ile mo\u017cemy ufa\u0107 samym sobie&#8230; O ile w og\u00f3le mo\u017cemy&#8230;<\/div>\n<div class=\"MsoNormal\" style=\"text-align: justify;\">\n&nbsp; &nbsp; &nbsp; &nbsp; &nbsp; &nbsp; &nbsp; Gaudium et spes! &nbsp;Ks. Jacek<\/div>\n<div class=\"MsoNormal\" style=\"text-align: justify;\">\n<b><br \/><\/b><\/div>\n<div class=\"MsoNormal\" style=\"text-align: justify;\">\n<b>Czwartek 22<br \/>\ntygodnia zwyk\u0142ego, rok II,<\/b><\/div>\n<div class=\"MsoNormal\" style=\"text-align: justify;\">\n<b>do<br \/>\nczyta\u0144:&nbsp; 1 Kor 3,18\u201323;&nbsp; \u0141k 5,1\u201311<\/b><\/div>\n<div class=\"MsoNormal\" style=\"text-align: justify;\">\n<\/div>\n<div class=\"MsoNormal\" style=\"text-align: justify;\">\n<b>CZYTANIE Z PIERWSZEGO LISTU \u015aWI\u0118TEGO PAW\u0141A APOSTO\u0141A DO KORYNTIAN:<\/b><\/div>\n<div class=\"MsoNormal\" style=\"text-align: justify; text-indent: 35.4pt;\">\n<b>Bracia:<br \/>\nNiechaj si\u0119 nikt nie \u0142udzi. Je\u015bli kto\u015b spo\u015br\u00f3d was mniema, \u017ce jest m\u0105dry na tym<br \/>\n\u015bwiecie, niech si\u0119 stanie g\u0142upi, by posiad\u0142 m\u0105dro\u015b\u0107. M\u0105dro\u015b\u0107 bowiem tego \u015bwiata<br \/>\njest g\u0142upstwem u Boga.<\/b><b><\/b><\/div>\n<div class=\"MsoNormal\" style=\"text-align: justify; text-indent: 35.4pt;\">\n<b>Zreszt\u0105<br \/>\njest napisane: \u201eOn udaremnia zamys\u0142y przebieg\u0142ych\u201d lub tak\u017ce: \u201eWie Pan, \u017ce<br \/>\npr\u00f3\u017cne s\u0105 zamys\u0142y m\u0119drc\u00f3w\u201d. Niech si\u0119 przeto nie che\u0142pi nikt z powodu ludzi.<br \/>\nWszystko bowiem jest wasze: czy to Pawe\u0142, czy Apollos, czy Kefas; czy to \u015bwiat,<br \/>\nczy \u017cycie, czy \u015bmier\u0107, czy to rzeczy tera\u017aniejsze, czy przysz\u0142e; wszystko jest<br \/>\nwasze, wy za\u015b Chrystusa, a Chrystus Boga.<\/b><\/div>\n<div class=\"MsoNormal\" style=\"text-align: justify;\">\n<\/div>\n<div class=\"MsoNormal\" style=\"text-align: justify;\">\n<b>S\u0141OWA EWANGELII WED\u0141UG \u015aWI\u0118TEGO \u0141UKASZA:<\/b><\/div>\n<div class=\"MsoNormal\" style=\"text-align: justify; text-indent: 35.4pt;\">\n<b>Gdy<br \/>\nt\u0142um cisn\u0105\u0142 si\u0119 do Jezusa, aby s\u0142ucha\u0107 s\u0142owa Bo\u017cego, a On sta\u0142 nad jeziorem<br \/>\nGenezaret, zobaczy\u0142 dwie \u0142odzie stoj\u0105ce przy brzegu; rybacy za\u015b wyszli z nich i<br \/>\np\u0142ukali sieci. Wszed\u0142szy do jednej \u0142odzi, kt\u00f3ra nale\u017ca\u0142a do Szymona, poprosi\u0142<br \/>\ngo, \u017ceby nieco odbi\u0142 od brzegu. Potem usiad\u0142 i z \u0142odzi naucza\u0142 t\u0142umy.<\/b><b><\/b><\/div>\n<div class=\"MsoNormal\" style=\"text-align: justify; text-indent: 35.4pt;\">\n<b>Gdy<br \/>\nprzesta\u0142 m\u00f3wi\u0107, rzek\u0142 do Szymona: \u201eWyp\u0142y\u0144 na g\u0142\u0119bi\u0119 i zarzu\u0107 sieci na po\u0142\u00f3w\u201d. A<br \/>\nSzymon odpowiedzia\u0142: &#8222;Mistrzu, ca\u0142\u0105 noc pracowali\u015bmy i nice\u015bmy nie<br \/>\nu\u0142owili. Lecz na Twoje s\u0142owo zarzuc\u0119 sieci&#8221;.&nbsp;<\/b><\/div>\n<div class=\"MsoNormal\" style=\"text-align: justify; text-indent: 35.4pt;\">\n<b>Skoro<br \/>\nto uczyni\u0142, zagarn\u0119li tak wielkie mn\u00f3stwo ryb, \u017ce sieci ich zaczyna\u0142y si\u0119 rwa\u0107.<br \/>\nSkin\u0119li wi\u0119c na wsp\u00f3lnik\u00f3w w drugiej \u0142odzi, \u017ceby im przyszli z pomoc\u0105. Ci podp\u0142yn\u0119li<br \/>\ni nape\u0142nili obie \u0142odzie, tak \u017ce si\u0119 prawie zanurza\u0142y.&nbsp;<\/b><\/div>\n<div class=\"MsoNormal\" style=\"text-align: justify; text-indent: 35.4pt;\">\n<b>Widz\u0105c<br \/>\nto Szymon Piotr przypad\u0142 Jezusowi do kolan i rzek\u0142: \u201eOdejd\u017a ode mnie, Panie, bo<br \/>\njestem cz\u0142owiek grzeszny\u201d.&nbsp;<\/b><\/div>\n<div class=\"MsoNormal\" style=\"text-align: justify;\">\n<b>I jego bowiem, i wszystkich<br \/>\njego towarzyszy w zdumienie wprawi\u0142 po\u0142\u00f3w ryb, jakiego dokonali: jak r\u00f3wnie\u017c<br \/>\nJakuba i Jana, syn\u00f3w Zebedeusza, kt\u00f3rzy byli wsp\u00f3lnikami Szymona. Lecz Jezus<br \/>\nrzek\u0142 do Szymona: \u201eNie b\u00f3j si\u0119, odt\u0105d ludzi b\u0119dziesz \u0142owi\u0142\u201d. I przyci\u0105gn\u0105wszy<br \/>\n\u0142odzie do brzegu, zostawili wszystko i poszli za Nim.<\/b><\/div>\n<div class=\"MsoNormal\" style=\"text-align: justify;\">\n<\/div>\n<div class=\"MsoNormal\" style=\"text-align: justify; text-indent: 35.4pt;\">\nFragment Ewangelii, kt\u00f3rego<br \/>\ndzi\u015b wys\u0142uchali\u015bmy, nale\u017cy z pewno\u015bci\u0105 do <b>najcz\u0119\u015bciej<br \/>\ncytowanych<\/b> <b>w r\u00f3\u017cnego rodzaju rozwa\u017caniach<br \/>\ni homiliach, <\/b>zw\u0142aszcza na kap\u0142a\u0144skich prymicjach, ale te\u017c \u2013 do <b>najcz\u0119\u015bciej pokazywanych na r\u00f3\u017cnego rodzaju<br \/>\nobrazach<\/b>\u2026 Pi\u0119kna historia niezwyk\u0142ego po\u0142owu, kt\u00f3ry sta\u0142 si\u0119 zapowiedzi\u0105<br \/>\n\u0142owienia ludzi dla Kr\u00f3lestwa niebieskiego, zaczynaj\u0105ca si\u0119 od tego wyj\u0105tkowego<br \/>\nJezusowego wezwania: <b><i>Wyp\u0142y\u0144 na g\u0142\u0119bi\u0119<\/i><\/b> \u2013 wezwania dzi\u0119ki<br \/>\nJanowi Paw\u0142owi II tak nam dzisiaj bliskiego \u2013 ca\u0142a ta historia nasuwa <b>wiele r\u00f3\u017cnych skojarze\u0144<\/b> i napawa serca<br \/>\nczytaj\u0105cych <b>jak\u0105\u015b ogromn\u0105 nadziej\u0105<\/b> i<br \/>\nwielkim entuzjazmem. <\/div>\n<div class=\"MsoNormal\" style=\"text-align: justify; text-indent: 35.4pt;\">\nOto Jezus dba o doczesne<br \/>\npotrzeby cz\u0142owieka, pomaga w dokonaniu obfitego po\u0142owu, w jaki\u015b spos\u00f3b <b>narusza prawa natury i przekracza ludzkie<br \/>\ndo\u015bwiadczenie rybak\u00f3w,<\/b> aby podarowa\u0107 swoim uczniom pokarm. Jednocze\u015bnie<br \/>\njednak <b>okazuje w ten spos\u00f3b swoj\u0105 moc,<\/b><br \/>\nco jest niezaprzeczalnym znakiem Jego opieki nad ka\u017cdym cz\u0142owiekiem w ka\u017cdym<br \/>\nwymiarze jego ludzkiej egzystencji \u2013 <b>tak\u017ce<br \/>\ntym wymiarze duchowym.<\/b> <\/div>\n<div class=\"MsoNormal\" style=\"text-align: justify; text-indent: 35.4pt;\">\nZapowied\u017a bowiem,<br \/>\nskierowana do Piotra, \u017ce b\u0119dzie \u0142owi\u0142 ludzi, <b>staje si\u0119 zapowiedzi\u0105 zbawienia,<\/b> gdy\u017c wszyscy ci, kt\u00f3rych Piotr i<br \/>\nAposto\u0142owie z\u0142owi\u0105, <b>zostan\u0105 przecie\u017c tym<br \/>\nsamym zdobyci dla Kr\u00f3lestwa niebieskiego!<\/b> Jest zatem ta dzisiejsza historia<br \/>\nprzes\u0142aniem pi\u0119knym i niezwyk\u0142ym, <b>ale<br \/>\nte\u017c \u2013 zobowi\u0105zuj\u0105cym.<\/b> <\/div>\n<div class=\"MsoNormal\" style=\"text-align: justify; text-indent: 35.4pt;\">\nZobowi\u0105zuje nas ono i<br \/>\nmobilizuje do tego, aby\u015bmy <b>nie bali si\u0119<br \/>\nbezgranicznie zaufa\u0107 Jezusowi,<\/b> aby\u015bmy nie bali si\u0119 dla Niego po\u015bwi\u0119ci\u0107<br \/>\nniejako swojego ludzkiego do\u015bwiadczenia i <b>nie<br \/>\nupierali si\u0119 przy swojej ludzkiej m\u0105dro\u015bci,<\/b> kt\u00f3ra \u2013 jak przekonuje Pawe\u0142<br \/>\nwiernych Koryntu, ale i nas, w pierwszym czytaniu \u2013 <b>jest g\u0142upstwem u Boga.<\/b> <\/div>\n<div class=\"MsoNormal\" style=\"text-align: justify; text-indent: 35.4pt;\">\nOczywi\u015bcie, trzeba nam<br \/>\npolega\u0107 \u2013 do pewnego stopnia \u2013 na w\u0142asnym ludzkim do\u015bwiadczeniu, trzeba z niego<br \/>\nkorzysta\u0107\u2026 W ko\u0144cu, po co\u015b si\u0119 je przez ca\u0142e \u017cycie zdobywa. Nie mo\u017cna jednak <b>polega\u0107 tylko na nim,<\/b> nie mo\u017cna na<br \/>\nludzkiej m\u0105dro\u015bci wszystkiego opiera\u0107, nie mo\u017cna <b>zaufa\u0107 tylko sobie, zadufa\u0107 si\u0119 w sobie,<\/b> bo wtedy pozostanie tylko<br \/>\nstwierdzi\u0107 z b\u00f3lem, \u017ce si\u0119 ca\u0142\u0105 noc pracowa\u0142o, a nic si\u0119 nie u\u0142owi\u0142o\u2026 I \u017ce si\u0119 <b>ca\u0142e \u017cycie za wszystkim biega\u0142o, a zosta\u0142o<br \/>\nsi\u0119 z pustymi r\u0119kami<\/b>\u2026 I \u017ce si\u0119 ca\u0142e swoje \u017cyciowe do\u015bwiadczenie zaanga\u017cowa\u0142o,<br \/>\na pomimo tego \u2013 <b>to \u017cycie si\u0119 przegra\u0142o<\/b>\u2026<br \/>\nNiestety, tak w\u0142a\u015bnie b\u0119dzie zawsze, kiedy cz\u0142owiek zaufa sobie, a nie Jezusowi.\n<\/div>\n<div class=\"MsoNormal\" style=\"text-align: justify; text-indent: 35.4pt;\">\nDlatego ci\u0105gle trzeba nam<br \/>\nsi\u0119 uczy\u0107 tej postawy Piotra, kt\u00f3r\u0105 wyrazi\u0142 on w stwierdzeniu: <b><i>Na<br \/>\nTwoje s\u0142owo zarzuc\u0119 sieci<\/i><\/b>\u2026 Na Twoje s\u0142owo\u2026 Chocia\u017c nic z tego nie<br \/>\nrozumiem i ca\u0142\u0105 noc \u0142owi\u0142em, a to nic nie da\u0142o; chocia\u017c zaanga\u017cowa\u0142em swoje<br \/>\n\u017cyciowe do\u015bwiadczenie i ono mi podpowiada, \u017ce t\u0119 noc i ten po\u0142\u00f3w musz\u0119 zaliczy\u0107<br \/>\ndo nieudanych, to jednak <b>na Twoje s\u0142owo<br \/>\njeszcze raz spr\u00f3buj\u0119<\/b>\u2026 Chocia\u017c to <b>ca\u0142kowicie<br \/>\nk\u0142\u00f3ci si\u0119 z moim do\u015bwiadczeniem \u017cyciowym \u2013 na Twoje s\u0142owo spr\u00f3buj\u0119<\/b>\u2026 <\/div>\n<div class=\"MsoNormal\" style=\"text-align: justify; text-indent: 35.4pt;\">\nI c\u00f3\u017c wtedy? A no\u2026 <b>cud!<\/b> <\/div>\n<div class=\"MsoNormal\" style=\"text-align: justify; text-indent: 35.4pt;\">\nOdwa\u017cmy si\u0119 zatem i my! Warto\u2026<\/div>\n<div class=\"MsoNormal\" style=\"text-align: justify;\">\nA teraz pomy\u015blmy w ciszy:<\/div>\n<div class=\"MsoNormal\" style=\"margin-left: 36.0pt; mso-list: l0 level1 lfo1; tab-stops: list 36.0pt; text-align: justify; text-indent: -18.0pt;\">\n\u00b7&nbsp;&nbsp;&nbsp;&nbsp;&nbsp;&nbsp;&nbsp;<br \/>\nCzy<br \/>\ncz\u0119sto nie polegam zbytnio na swoim ludzkim do\u015bwiadczeniu i swojej wiedzy?<\/div>\n<div class=\"MsoNormal\" style=\"margin-left: 36.0pt; mso-list: l0 level1 lfo1; tab-stops: list 36.0pt; text-align: justify; text-indent: -18.0pt;\">\n\u00b7&nbsp;&nbsp;&nbsp;&nbsp;&nbsp;&nbsp;&nbsp;<br \/>\nCzy<br \/>\nmoje \u017cyciowe do\u015bwiadczenie \u2013 mo\u017ce nawet i do\u015b\u0107 du\u017ce \u2013 nie jest dla mnie powodem<br \/>\ndo wywy\u017cszania si\u0119 nad innymi?<\/div>\n<div class=\"MsoNormal\" style=\"margin-left: 36.0pt; mso-list: l0 level1 lfo1; tab-stops: list 36.0pt; text-align: justify; text-indent: -18.0pt;\">\n\u00b7&nbsp;&nbsp;&nbsp;&nbsp;&nbsp;&nbsp;&nbsp;<br \/>\nCzy<br \/>\nmam odwag\u0119 wyp\u0142ywa\u0107 na g\u0142\u0119bi\u0119 wiary?<\/div>\n<div class=\"MsoNormal\" style=\"text-align: justify;\">\n<\/div>\n<div class=\"MsoNormal\" style=\"text-align: justify;\">\n<b><i>Wyp\u0142y\u0144 na g\u0142\u0119bi\u0119 i zarzu\u0107 sieci na po\u0142\u00f3w<\/i><\/b>\u2026<\/div>\n","protected":false},"excerpt":{"rendered":"<p>Szcz\u0119\u015b\u0107 Bo\u017ce! Moi Drodzy, Marek szcz\u0119\u015bliwie dotar\u0142 do Polski, wczoraj nawet uczestniczy\u0142 w spotkaniu, na jakie zaprosi\u0142em do Celestynowa moich Koleg\u00f3w z roku \u015bwi\u0119ce\u0144. Przygotowujemy si\u0119 do Pielgrzymki do Ziemi \u015awi\u0119tej. Bardzo ciesz\u0119 si\u0119 z tego wydarzenia. &nbsp; &nbsp; A dzisiaj zastanawiamy si\u0119 nad tym, na ile mo\u017cemy skorzysta\u0107 z naszego ludzkiego do\u015bwiadczenia i na [&hellip;]<\/p>\n","protected":false},"author":1,"featured_media":0,"comment_status":"open","ping_status":"open","sticky":false,"template":"","format":"standard","meta":{"jetpack_post_was_ever_published":false,"_jetpack_newsletter_access":"","_jetpack_dont_email_post_to_subs":false,"_jetpack_newsletter_tier_id":0,"_jetpack_memberships_contains_paywalled_content":false,"_jetpack_memberships_contains_paid_content":false,"footnotes":""},"categories":[1],"tags":[],"class_list":["post-9375","post","type-post","status-publish","format-standard","hentry","category-bez-kategorii"],"yoast_head":"<!-- This site is optimized with the Yoast SEO plugin v25.1 - https:\/\/yoast.com\/wordpress\/plugins\/seo\/ -->\n<title>Na Twoje s\u0142owo - zarzuc\u0119 sieci... - Gaudium Et Spes<\/title>\n<meta name=\"robots\" content=\"index, follow, max-snippet:-1, max-image-preview:large, max-video-preview:-1\" \/>\n<link rel=\"canonical\" href=\"https:\/\/gaudiumetspes-blog.pl\/index.php\/2012\/09\/06\/na-twoje-sowo-zarzuce-sieci-2\/\" \/>\n<meta property=\"og:locale\" content=\"pl_PL\" \/>\n<meta property=\"og:type\" content=\"article\" \/>\n<meta property=\"og:title\" content=\"Na Twoje s\u0142owo - zarzuc\u0119 sieci... - Gaudium Et Spes\" \/>\n<meta property=\"og:description\" content=\"Szcz\u0119\u015b\u0107 Bo\u017ce! Moi Drodzy, Marek szcz\u0119\u015bliwie dotar\u0142 do Polski, wczoraj nawet uczestniczy\u0142 w spotkaniu, na jakie zaprosi\u0142em do Celestynowa moich Koleg\u00f3w z roku \u015bwi\u0119ce\u0144. Przygotowujemy si\u0119 do Pielgrzymki do Ziemi \u015awi\u0119tej. Bardzo ciesz\u0119 si\u0119 z tego wydarzenia. &nbsp; &nbsp; A dzisiaj zastanawiamy si\u0119 nad tym, na ile mo\u017cemy skorzysta\u0107 z naszego ludzkiego do\u015bwiadczenia i na [&hellip;]\" \/>\n<meta property=\"og:url\" content=\"https:\/\/gaudiumetspes-blog.pl\/index.php\/2012\/09\/06\/na-twoje-sowo-zarzuce-sieci-2\/\" \/>\n<meta property=\"og:site_name\" content=\"Gaudium Et Spes\" \/>\n<meta property=\"article:published_time\" content=\"2012-09-06T03:34:00+00:00\" \/>\n<meta property=\"article:modified_time\" content=\"2019-07-31T10:53:31+00:00\" \/>\n<meta name=\"author\" content=\"Ks. Jacek\" \/>\n<meta name=\"twitter:card\" content=\"summary_large_image\" \/>\n<meta name=\"twitter:label1\" content=\"Napisane przez\" \/>\n\t<meta name=\"twitter:data1\" content=\"Ks. Jacek\" \/>\n\t<meta name=\"twitter:label2\" content=\"Szacowany czas czytania\" \/>\n\t<meta name=\"twitter:data2\" content=\"5 minut\" \/>\n<script type=\"application\/ld+json\" class=\"yoast-schema-graph\">{\"@context\":\"https:\/\/schema.org\",\"@graph\":[{\"@type\":\"WebPage\",\"@id\":\"https:\/\/gaudiumetspes-blog.pl\/index.php\/2012\/09\/06\/na-twoje-sowo-zarzuce-sieci-2\/\",\"url\":\"https:\/\/gaudiumetspes-blog.pl\/index.php\/2012\/09\/06\/na-twoje-sowo-zarzuce-sieci-2\/\",\"name\":\"Na Twoje s\u0142owo - zarzuc\u0119 sieci... - Gaudium Et Spes\",\"isPartOf\":{\"@id\":\"https:\/\/gaudiumetspes-blog.pl\/#website\"},\"datePublished\":\"2012-09-06T03:34:00+00:00\",\"dateModified\":\"2019-07-31T10:53:31+00:00\",\"author\":{\"@id\":\"https:\/\/gaudiumetspes-blog.pl\/#\/schema\/person\/1661982992b752dea8dff0d4ed845a65\"},\"breadcrumb\":{\"@id\":\"https:\/\/gaudiumetspes-blog.pl\/index.php\/2012\/09\/06\/na-twoje-sowo-zarzuce-sieci-2\/#breadcrumb\"},\"inLanguage\":\"pl-PL\",\"potentialAction\":[{\"@type\":\"ReadAction\",\"target\":[\"https:\/\/gaudiumetspes-blog.pl\/index.php\/2012\/09\/06\/na-twoje-sowo-zarzuce-sieci-2\/\"]}]},{\"@type\":\"BreadcrumbList\",\"@id\":\"https:\/\/gaudiumetspes-blog.pl\/index.php\/2012\/09\/06\/na-twoje-sowo-zarzuce-sieci-2\/#breadcrumb\",\"itemListElement\":[{\"@type\":\"ListItem\",\"position\":1,\"name\":\"Strona g\u0142\u00f3wna\",\"item\":\"https:\/\/gaudiumetspes-blog.pl\/\"},{\"@type\":\"ListItem\",\"position\":2,\"name\":\"Na&nbsp;Twoje&nbsp;s\u0142owo &#8211; zarzuc\u0119 sieci&#8230;\"}]},{\"@type\":\"WebSite\",\"@id\":\"https:\/\/gaudiumetspes-blog.pl\/#website\",\"url\":\"https:\/\/gaudiumetspes-blog.pl\/\",\"name\":\"Gaudium Et Spes\",\"description\":\"Blog Ks. Jacka Ja\u015bkowskiego\",\"potentialAction\":[{\"@type\":\"SearchAction\",\"target\":{\"@type\":\"EntryPoint\",\"urlTemplate\":\"https:\/\/gaudiumetspes-blog.pl\/?s={search_term_string}\"},\"query-input\":{\"@type\":\"PropertyValueSpecification\",\"valueRequired\":true,\"valueName\":\"search_term_string\"}}],\"inLanguage\":\"pl-PL\"},{\"@type\":\"Person\",\"@id\":\"https:\/\/gaudiumetspes-blog.pl\/#\/schema\/person\/1661982992b752dea8dff0d4ed845a65\",\"name\":\"Ks. Jacek\",\"image\":{\"@type\":\"ImageObject\",\"inLanguage\":\"pl-PL\",\"@id\":\"https:\/\/gaudiumetspes-blog.pl\/#\/schema\/person\/image\/\",\"url\":\"https:\/\/gaudiumetspes-blog.pl\/wp-content\/uploads\/2019\/07\/avatar-JJ-150x150.jpg\",\"contentUrl\":\"https:\/\/gaudiumetspes-blog.pl\/wp-content\/uploads\/2019\/07\/avatar-JJ-150x150.jpg\",\"caption\":\"Ks. Jacek\"},\"description\":\"Witam serdecznie! K\u0142ania si\u0119 Ks. Jacek Ja\u015bkowski. Nie jestem ani kim\u015b wa\u017cnym, ani kim\u015b znanym. Jestem ksi\u0119dzem, kt\u00f3ry po prostu chce rozmawia\u0107. Codzienna kap\u0142a\u0144ska pos\u0142uga pokazuje mi, \u017ce temat\u00f3w do rozm\u00f3w z ksi\u0119dzem jest coraz wi\u0119cej i dzisiaj \u017caden ksi\u0105dz nie mo\u017ce od nich ucieka\u0107, ale - wprost przeciwnie - podejmowa\u0107 nowe wyzwania. To przekonanie sk\u0142oni\u0142o mnie do pr\u00f3by otwarcia tego\u017c bloga, chocia\u017c okazji do rozm\u00f3w na co dzie\u0144 - w konfesjonale i poza nim - na szcz\u0119\u015bcie nie brakuje. My\u015bl\u0119 jednak, \u017ce ten blog b\u0119dzie jeszcze jednym sposobem i przestrzeni\u0105 nawi\u0105zania kontaktu z lud\u017ami dobrej woli, otwartymi na dialog.\",\"url\":\"https:\/\/gaudiumetspes-blog.pl\/index.php\/author\/ks-jacek\/\"}]}<\/script>\n<!-- \/ Yoast SEO plugin. -->","yoast_head_json":{"title":"Na Twoje s\u0142owo - zarzuc\u0119 sieci... - Gaudium Et Spes","robots":{"index":"index","follow":"follow","max-snippet":"max-snippet:-1","max-image-preview":"max-image-preview:large","max-video-preview":"max-video-preview:-1"},"canonical":"https:\/\/gaudiumetspes-blog.pl\/index.php\/2012\/09\/06\/na-twoje-sowo-zarzuce-sieci-2\/","og_locale":"pl_PL","og_type":"article","og_title":"Na Twoje s\u0142owo - zarzuc\u0119 sieci... - Gaudium Et Spes","og_description":"Szcz\u0119\u015b\u0107 Bo\u017ce! Moi Drodzy, Marek szcz\u0119\u015bliwie dotar\u0142 do Polski, wczoraj nawet uczestniczy\u0142 w spotkaniu, na jakie zaprosi\u0142em do Celestynowa moich Koleg\u00f3w z roku \u015bwi\u0119ce\u0144. Przygotowujemy si\u0119 do Pielgrzymki do Ziemi \u015awi\u0119tej. Bardzo ciesz\u0119 si\u0119 z tego wydarzenia. &nbsp; &nbsp; A dzisiaj zastanawiamy si\u0119 nad tym, na ile mo\u017cemy skorzysta\u0107 z naszego ludzkiego do\u015bwiadczenia i na [&hellip;]","og_url":"https:\/\/gaudiumetspes-blog.pl\/index.php\/2012\/09\/06\/na-twoje-sowo-zarzuce-sieci-2\/","og_site_name":"Gaudium Et Spes","article_published_time":"2012-09-06T03:34:00+00:00","article_modified_time":"2019-07-31T10:53:31+00:00","author":"Ks. Jacek","twitter_card":"summary_large_image","twitter_misc":{"Napisane przez":"Ks. Jacek","Szacowany czas czytania":"5 minut"},"schema":{"@context":"https:\/\/schema.org","@graph":[{"@type":"WebPage","@id":"https:\/\/gaudiumetspes-blog.pl\/index.php\/2012\/09\/06\/na-twoje-sowo-zarzuce-sieci-2\/","url":"https:\/\/gaudiumetspes-blog.pl\/index.php\/2012\/09\/06\/na-twoje-sowo-zarzuce-sieci-2\/","name":"Na Twoje s\u0142owo - zarzuc\u0119 sieci... - Gaudium Et Spes","isPartOf":{"@id":"https:\/\/gaudiumetspes-blog.pl\/#website"},"datePublished":"2012-09-06T03:34:00+00:00","dateModified":"2019-07-31T10:53:31+00:00","author":{"@id":"https:\/\/gaudiumetspes-blog.pl\/#\/schema\/person\/1661982992b752dea8dff0d4ed845a65"},"breadcrumb":{"@id":"https:\/\/gaudiumetspes-blog.pl\/index.php\/2012\/09\/06\/na-twoje-sowo-zarzuce-sieci-2\/#breadcrumb"},"inLanguage":"pl-PL","potentialAction":[{"@type":"ReadAction","target":["https:\/\/gaudiumetspes-blog.pl\/index.php\/2012\/09\/06\/na-twoje-sowo-zarzuce-sieci-2\/"]}]},{"@type":"BreadcrumbList","@id":"https:\/\/gaudiumetspes-blog.pl\/index.php\/2012\/09\/06\/na-twoje-sowo-zarzuce-sieci-2\/#breadcrumb","itemListElement":[{"@type":"ListItem","position":1,"name":"Strona g\u0142\u00f3wna","item":"https:\/\/gaudiumetspes-blog.pl\/"},{"@type":"ListItem","position":2,"name":"Na&nbsp;Twoje&nbsp;s\u0142owo &#8211; zarzuc\u0119 sieci&#8230;"}]},{"@type":"WebSite","@id":"https:\/\/gaudiumetspes-blog.pl\/#website","url":"https:\/\/gaudiumetspes-blog.pl\/","name":"Gaudium Et Spes","description":"Blog Ks. Jacka Ja\u015bkowskiego","potentialAction":[{"@type":"SearchAction","target":{"@type":"EntryPoint","urlTemplate":"https:\/\/gaudiumetspes-blog.pl\/?s={search_term_string}"},"query-input":{"@type":"PropertyValueSpecification","valueRequired":true,"valueName":"search_term_string"}}],"inLanguage":"pl-PL"},{"@type":"Person","@id":"https:\/\/gaudiumetspes-blog.pl\/#\/schema\/person\/1661982992b752dea8dff0d4ed845a65","name":"Ks. Jacek","image":{"@type":"ImageObject","inLanguage":"pl-PL","@id":"https:\/\/gaudiumetspes-blog.pl\/#\/schema\/person\/image\/","url":"https:\/\/gaudiumetspes-blog.pl\/wp-content\/uploads\/2019\/07\/avatar-JJ-150x150.jpg","contentUrl":"https:\/\/gaudiumetspes-blog.pl\/wp-content\/uploads\/2019\/07\/avatar-JJ-150x150.jpg","caption":"Ks. Jacek"},"description":"Witam serdecznie! K\u0142ania si\u0119 Ks. Jacek Ja\u015bkowski. Nie jestem ani kim\u015b wa\u017cnym, ani kim\u015b znanym. Jestem ksi\u0119dzem, kt\u00f3ry po prostu chce rozmawia\u0107. Codzienna kap\u0142a\u0144ska pos\u0142uga pokazuje mi, \u017ce temat\u00f3w do rozm\u00f3w z ksi\u0119dzem jest coraz wi\u0119cej i dzisiaj \u017caden ksi\u0105dz nie mo\u017ce od nich ucieka\u0107, ale - wprost przeciwnie - podejmowa\u0107 nowe wyzwania. To przekonanie sk\u0142oni\u0142o mnie do pr\u00f3by otwarcia tego\u017c bloga, chocia\u017c okazji do rozm\u00f3w na co dzie\u0144 - w konfesjonale i poza nim - na szcz\u0119\u015bcie nie brakuje. My\u015bl\u0119 jednak, \u017ce ten blog b\u0119dzie jeszcze jednym sposobem i przestrzeni\u0105 nawi\u0105zania kontaktu z lud\u017ami dobrej woli, otwartymi na dialog.","url":"https:\/\/gaudiumetspes-blog.pl\/index.php\/author\/ks-jacek\/"}]}},"jetpack_featured_media_url":"","jetpack_sharing_enabled":true,"_links":{"self":[{"href":"https:\/\/gaudiumetspes-blog.pl\/index.php\/wp-json\/wp\/v2\/posts\/9375","targetHints":{"allow":["GET"]}}],"collection":[{"href":"https:\/\/gaudiumetspes-blog.pl\/index.php\/wp-json\/wp\/v2\/posts"}],"about":[{"href":"https:\/\/gaudiumetspes-blog.pl\/index.php\/wp-json\/wp\/v2\/types\/post"}],"author":[{"embeddable":true,"href":"https:\/\/gaudiumetspes-blog.pl\/index.php\/wp-json\/wp\/v2\/users\/1"}],"replies":[{"embeddable":true,"href":"https:\/\/gaudiumetspes-blog.pl\/index.php\/wp-json\/wp\/v2\/comments?post=9375"}],"version-history":[{"count":1,"href":"https:\/\/gaudiumetspes-blog.pl\/index.php\/wp-json\/wp\/v2\/posts\/9375\/revisions"}],"predecessor-version":[{"id":10708,"href":"https:\/\/gaudiumetspes-blog.pl\/index.php\/wp-json\/wp\/v2\/posts\/9375\/revisions\/10708"}],"wp:attachment":[{"href":"https:\/\/gaudiumetspes-blog.pl\/index.php\/wp-json\/wp\/v2\/media?parent=9375"}],"wp:term":[{"taxonomy":"category","embeddable":true,"href":"https:\/\/gaudiumetspes-blog.pl\/index.php\/wp-json\/wp\/v2\/categories?post=9375"},{"taxonomy":"post_tag","embeddable":true,"href":"https:\/\/gaudiumetspes-blog.pl\/index.php\/wp-json\/wp\/v2\/tags?post=9375"}],"curies":[{"name":"wp","href":"https:\/\/api.w.org\/{rel}","templated":true}]}}