{"id":9376,"date":"2012-09-05T06:18:00","date_gmt":"2012-09-05T04:18:00","guid":{"rendered":"https:\/\/gaudiumetspes-blog.pl\/index.php\/2012\/09\/05\/mleko-czy-pokarm-stay\/"},"modified":"2019-07-31T12:53:31","modified_gmt":"2019-07-31T10:53:31","slug":"mleko-czy-pokarm-stay","status":"publish","type":"post","link":"https:\/\/gaudiumetspes-blog.pl\/index.php\/2012\/09\/05\/mleko-czy-pokarm-stay\/","title":{"rendered":"Mleko &#8211; czy pokarm sta\u0142y?&#8230;"},"content":{"rendered":"<p><\/p>\n<div class=\"MsoNormal\" style=\"text-align: justify;\">\nSzcz\u0119\u015b\u0107 Bo\u017ce! Moi Drodzy, dzisiaj po po\u0142udniu Marek przybywa ponownie do Polski, bo w sobot\u0119 ruszamy na Pielgrzymk\u0119 do Ziemi \u015awi\u0119tej. Organizowana jest ona przez Parafi\u0119 Celestyn\u00f3w, liczy ponad pi\u0119\u0107dziesi\u0105t Os\u00f3b &#8211; nie tylko z tej Parafii, ale i z innych. Na temat naszej blogowej \u0142\u0105czno\u015bci w tym czasie to napisz\u0119 co\u015b p\u00f3\u017aniej, dzisiaj tylko wyra\u017cam rado\u015b\u0107 z przybycia Marka i modl\u0119 si\u0119 dla Niego o szcz\u0119\u015bliw\u0105 podr\u00f3\u017c.&nbsp;<\/div>\n<div class=\"MsoNormal\" style=\"text-align: justify;\">\n&nbsp; &nbsp; &nbsp; &nbsp;A teraz zapraszam do refleksji nad Bo\u017cym S\u0142owem!<\/div>\n<div class=\"MsoNormal\" style=\"text-align: justify;\">\n&nbsp; &nbsp; &nbsp; &nbsp; &nbsp; &nbsp; &nbsp; &nbsp; &nbsp;Gaudium et spes! &nbsp;Ks. Jacek<\/div>\n<div class=\"MsoNormal\" style=\"text-align: justify;\">\n<b><br \/><\/b><\/div>\n<div class=\"MsoNormal\" style=\"text-align: justify;\">\n<b>\u015aroda 22<br \/>\ntygodnia zwyk\u0142ego, rok II,<\/b><\/div>\n<div class=\"MsoNormal\" style=\"text-align: justify;\">\n<b>do<br \/>\nczyta\u0144:&nbsp; 1 Kor 3,1\u20139;&nbsp; \u0141k 4,38\u201344<\/b><\/div>\n<div class=\"MsoNormal\" style=\"text-align: justify;\">\n<\/div>\n<div class=\"MsoNormal\" style=\"text-align: justify;\">\n<b>CZYTANIE Z PIERWSZEGO LISTU \u015aWI\u0118TEGO PAW\u0141A APOSTO\u0141A DO KORYNTIAN:<\/b><\/div>\n<div class=\"MsoNormal\" style=\"text-align: justify; text-indent: 35.4pt;\">\n<b>Nie<br \/>\nmog\u0142em, bracia, przemawia\u0107 do was jako do ludzi duchowych, lecz jako do cielesnych,<br \/>\njak do niemowl\u0105t w Chrystusie.<\/b><b><\/b><\/div>\n<div class=\"MsoNormal\" style=\"text-align: justify; text-indent: 35.4pt;\">\n<b>Mleko<br \/>\nwam dawa\u0142em, a nie pokarm sta\u0142y, bo\u015bcie byli niemocni; zreszt\u0105 i nadal nie<br \/>\njeste\u015bcie mocni. Ci\u0105gle przecie\u017c jeszcze jeste\u015bcie ciele\u015bni. Je\u017celi bowiem jest<br \/>\nmi\u0119dzy wami zawi\u015b\u0107 i niezgoda, to czy\u017c nie jeste\u015bcie ciele\u015bni i nie post\u0119pujecie<br \/>\ntylko po ludzku?&nbsp;<\/b><\/div>\n<div class=\"MsoNormal\" style=\"text-align: justify; text-indent: 35.4pt;\">\n<b>Skoro<br \/>\njeden m\u00f3wi: \u201eJa jestem Paw\u0142a\u201d, a drugi: \u201eJa jestem Apollosa\u201d, to czy\u017c nie<br \/>\npost\u0119pujecie tylko po ludzku? Kim\u017ce jest Apollos? Albo kim jest Pawe\u0142? S\u0142ugami,<br \/>\nprzez kt\u00f3rych uwierzyli\u015bcie wed\u0142ug tego, co ka\u017cdemu da\u0142 Pan. Ja sia\u0142em, Apollos<br \/>\npodlewa\u0142, lecz B\u00f3g da\u0142 wzrost. Ot\u00f3\u017c nic nie znaczy ten, kt\u00f3ry sieje, ani ten,<br \/>\nkt\u00f3ry podlewa, tylko Ten, kt\u00f3ry daje wzrost \u2013 B\u00f3g.&nbsp;<\/b><\/div>\n<div class=\"MsoNormal\" style=\"text-align: justify; text-indent: 35.4pt;\">\n<b>Ten,<br \/>\nkt\u00f3ry sieje, i ten, kt\u00f3ry podlewa, stanowi\u0105 jedno; ka\u017cdy wed\u0142ug w\u0142asnego trudu<br \/>\notrzyma nale\u017cn\u0105 mu zap\u0142at\u0119. My bowiem jeste\u015bmy pomocnikami Boga, wy za\u015b<br \/>\njeste\u015bcie uprawn\u0105 rol\u0105 Bo\u017c\u0105 i Bo\u017c\u0105 budowl\u0105.<\/b><\/div>\n<div class=\"MsoNormal\" style=\"text-align: justify;\">\n<\/div>\n<div class=\"MsoNormal\" style=\"text-align: justify;\">\n<b>S\u0141OWA EWANGELII WED\u0141UG \u015aWI\u0118TEGO \u0141UKASZA:<\/b><\/div>\n<div class=\"MsoNormal\" style=\"text-align: justify; text-indent: 35.4pt;\">\n<b>Po<br \/>\nopuszczeniu synagogi w Kafarnaum Jezus przyszed\u0142 do domu Szymona. A wysoka<br \/>\ngor\u0105czka trawi\u0142a te\u015bciow\u0105 Szymona. I prosi\u0142 Go za ni\u0105.<\/b><b><\/b><\/div>\n<div class=\"MsoNormal\" style=\"text-align: justify; text-indent: 35.4pt;\">\n<b>On,<br \/>\nstan\u0105wszy nad ni\u0105, rozkaza\u0142 gor\u0105czce, i opu\u015bci\u0142a j\u0105. Zaraz te\u017c wsta\u0142a i us\u0142ugiwa\u0142a<br \/>\nim.&nbsp;<\/b><\/div>\n<div class=\"MsoNormal\" style=\"text-align: justify; text-indent: 35.4pt;\">\n<b>O<br \/>\nzachodzie s\u0142o\u0144ca wszyscy, kt\u00f3rzy mieli cierpi\u0105cych na rozmaite choroby, przynosili<br \/>\nich do Niego. On za\u015b na ka\u017cdego z nich k\u0142ad\u0142 r\u0119ce i uzdrawia\u0142 ich.&nbsp;<\/b><\/div>\n<div class=\"MsoNormal\" style=\"text-align: justify; text-indent: 25.0pt;\">\n<b>Tak\u017ce<br \/>\nz\u0142e duchy wychodzi\u0142y z wielu, wo\u0142aj\u0105c: \u201eTy jeste\u015b Syn Bo\u017cy\u201d. Lecz On je gromi\u0142<br \/>\ni nie pozwala\u0142 im m\u00f3wi\u0107, poniewa\u017c wiedzia\u0142y, \u017ce On jest Mesjaszem.&nbsp;<\/b><\/div>\n<div class=\"MsoNormal\" style=\"text-align: justify; text-indent: 25.0pt;\">\n<b>Z<br \/>\nnastaniem dnia wyszed\u0142 i uda\u0142 si\u0119 na miejsce pustynne. A t\u0142umy szuka\u0142y Go i<br \/>\nprzysz\u0142y a\u017c do Niego; chcia\u0142y Go zatrzyma\u0107, \u017ceby nie odchodzi\u0142 od nich.&nbsp;<\/b><\/div>\n<div class=\"MsoNormal\" style=\"text-align: justify; text-indent: 25.0pt;\">\n<b>Lecz<br \/>\nOn rzek\u0142 do nich: \u201eTak\u017ce innym miastom musz\u0119 g\u0142osi\u0107 Dobr\u0105 Nowin\u0119 o kr\u00f3lestwie Bo\u017cym,<br \/>\nbo na to zosta\u0142em pos\u0142any\u201d. I g\u0142osi\u0142 s\u0142owo w synagogach Judei.<\/b><\/div>\n<div class=\"MsoNormal\" style=\"text-align: justify;\">\n<\/div>\n<div class=\"MsoNormal\" style=\"text-align: justify; text-indent: 35.4pt;\">\nLicznych uzdrowie\u0144 jeste\u015bmy<br \/>\n\u015bwiadkami w dzisiejszej Ewangelii. Jezus pracowicie niesie ludziom dobro,<br \/>\nwyleczenie z ich s\u0142abo\u015bci, pocieszenie\u2026 Ale potem <b>odchodzi na miejsce pustynne, aby si\u0119 wyciszy\u0107, mo\u017ce odpocz\u0105\u0107, a mo\u017ce \u2013<br \/>\nm\u00f3wi\u0105c nieco przeno\u015bnie \u2013 pod\u0142adowa\u0107 duchowe akumulatory na modlitwie,<\/b> na<br \/>\nrozmowie z Ojcem\u2026 I chocia\u017c ludzie nie dadz\u0105 Mu odpocz\u0105\u0107, nie dadz\u0105 Mu zbyt<br \/>\ndaleko odej\u015b\u0107, bo odnajduj\u0105 Go i prosz\u0105, by z nimi zosta\u0142, to jednak <b>Jezus nie zostaje, gdy\u017c i innym miastom<br \/>\ntrzeba g\u0142osi\u0107 Dobr\u0105 Nowin\u0119.<\/b> <\/div>\n<div class=\"MsoNormal\" style=\"text-align: justify; text-indent: 35.4pt;\">\nTak wiele przer\u00f3\u017cnych<br \/>\nskojarze\u0144 nasuwa si\u0119 w zwi\u0105zku z ca\u0142ym tym wydarzeniem. A chocia\u017cby takie, \u017ce <b>Jezus jest dla ka\u017cdej i ka\u017cdego z nas po<br \/>\nprostu wszystkim<\/b> i \u017ce bez Niego nic nie jeste\u015bmy w stanie uczyni\u0107. Ale te\u017c<br \/>\ni takie, \u017ce <b>cz\u0142owiek jest w stanie ka\u017cd\u0105<br \/>\nprzeszkod\u0119 pokona\u0107 i ka\u017cde po\u015bwi\u0119cenie podj\u0105\u0107,<\/b> byle tylko by\u0107 zdrowym,<br \/>\nszcz\u0119\u015bliwym i \u017cy\u0107 w dostatku\u2026 R\u00f3\u017cne odniesienia, r\u00f3\u017cne skojarzenia \u2013 ka\u017cda i<br \/>\nka\u017cdy z nas musi sobie osobi\u015bcie odpowiedzie\u0107, w kt\u00f3rym z tych kontekst\u00f3w<br \/>\nodnajduje siebie. A to ju\u017c <b>zale\u017cy od poziomu<br \/>\ni intensywno\u015bci wiary. <\/b><\/div>\n<div class=\"MsoNormal\" style=\"text-align: justify; text-indent: 35.4pt;\">\nPawe\u0142 Aposto\u0142 m\u00f3wi do<br \/>\nKoryntian, \u017ce i On, i inni Aposto\u0142owie, wytrwale g\u0142osz\u0105 im wiar\u0119, ale tak<br \/>\nnaprawd\u0119 <b>to B\u00f3g daje jej wzrost.<\/b> Pawe\u0142<br \/>\nzwraca uwag\u0119 wiernym Koryntu, \u017ce s\u0105 jeszcze naprawd\u0119 <b>bardzo, bardzo niestali w swoim post\u0119powaniu i w swojej wierze<\/b> \u2013 i<br \/>\n\u017ce bardzo po ludzku na wszystko patrz\u0105, kojarz\u0105c Bo\u017ce S\u0142owo z tym, czy innym<br \/>\ng\u0142osicielem. <b>A to przecie\u017c B\u00f3g dzia\u0142a poprzez<br \/>\nka\u017cdego z nich<\/b> i rozw\u00f3j wiary w sercach ludzkich jest darem \u0142aski Bo\u017cej, z<br \/>\nkt\u00f3r\u0105 trzeba podj\u0105\u0107 osobist\u0105 wsp\u00f3\u0142prac\u0119. <\/div>\n<div class=\"MsoNormal\" style=\"text-align: justify; text-indent: 35.4pt;\">\nI w\u0142a\u015bnie po to, aby podj\u0105\u0107<br \/>\now\u0105 wsp\u00f3\u0142prac\u0119, <b>warto szuka\u0107 Jezusa,<br \/>\nwarto za Nim chodzi\u0107, warto Go \u2013 je\u015bli tak mo\u017cna powiedzie\u0107 \u2013 niepokoi\u0107 i zam\u0119cza\u0107!<\/b><br \/>\nBo On sam chce, by\u015bmy Go w tym w\u0142a\u015bnie celu zam\u0119czali, by\u015bmy Go prosili, by\u015bmy<br \/>\nza Nim chodzili\u2026 Nie dla sensacji, nie dla zaspokojenia jedynie dora\u017anych<br \/>\npotrzeb, nie dla zdobycia poklasku i taniej popularno\u015bci, <b>ale po to, aby zas\u0142ucha\u0107 si\u0119 w Jego S\u0142owo, aby rozkocha\u0107 si\u0119 w Nim,<\/b><br \/>\naby si\u0119 z Nim z\u017cy\u0107 i aby powierzy\u0107 Mu ca\u0142e swoje \u017cycie. <\/div>\n<div class=\"MsoNormal\" style=\"text-align: justify; text-indent: 35.4pt;\">\nDo takiego w\u0142a\u015bnie<br \/>\nzjednoczenia trzeba nam, Kochani, wytrwale d\u0105\u017cy\u0107\u2026 Maj\u0105c ci\u0105gle \u015bwiadomo\u015b\u0107, jak<br \/>\ndu\u017co jest jeszcze na tym odcinku do zrobienia i \u017ce nam tak\u017ce bardziej jeszcze<br \/>\nmusia\u0142by Aposto\u0142 Pawe\u0142 dawa\u0107 mleko, ani\u017celi pokarm sta\u0142y, <b>cieszmy si\u0119 jednak z ka\u017cdego sukcesu w tej pracy, z ka\u017cdego zwyci\u0119stwa<br \/>\nnad sob\u0105<\/b>\u2026 I coraz wytrwalej szukajmy Jezusa! Nie dla sensacji, nie dla<br \/>\nzaspokojenia tylko tego, co tymczasowe \u2013 <b>ale<br \/>\nze wzgl\u0119du na mi\u0142o\u015b\u0107! Wytrwa\u0142\u0105 mi\u0142o\u015b\u0107 do Jezusa<\/b>\u2026 <\/div>\n<div class=\"MsoNormal\" style=\"text-align: justify; text-indent: 35.4pt;\">\nI w tym w\u0142a\u015bnie kontek\u015bcie<br \/>\nzastan\u00f3wmy si\u0119:<\/div>\n<div class=\"MsoNormal\" style=\"margin-left: 36.0pt; mso-list: l0 level1 lfo1; tab-stops: list 36.0pt; text-align: justify; text-indent: -18.0pt;\">\n\u00b7&nbsp;&nbsp;&nbsp;&nbsp;&nbsp;&nbsp;&nbsp;<br \/>\nCo<br \/>\nw mojej codziennej postawie pokazuje, \u017ce szukam Jezusa?<\/div>\n<div class=\"MsoNormal\" style=\"margin-left: 36.0pt; mso-list: l0 level1 lfo1; tab-stops: list 36.0pt; text-align: justify; text-indent: -18.0pt;\">\n\u00b7&nbsp;&nbsp;&nbsp;&nbsp;&nbsp;&nbsp;&nbsp;<br \/>\nO<br \/>\nco najcz\u0119\u015bciej prosz\u0119 Jezusa w swoich modlitwach?<\/div>\n<div class=\"MsoNormal\" style=\"margin-left: 36.0pt; mso-list: l0 level1 lfo1; tab-stops: list 36.0pt; text-align: justify; text-indent: -18.0pt;\">\n\u00b7&nbsp;&nbsp;&nbsp;&nbsp;&nbsp;&nbsp;&nbsp;<br \/>\nNa<br \/>\njakim etapie w tej chwili jest rozw\u00f3j mojej wiary?<\/div>\n<div class=\"MsoNormal\" style=\"text-align: justify;\">\n<\/div>\n<div class=\"MsoNormal\" style=\"text-align: justify;\">\n<b><i>My bowiem jeste\u015bmy pomocnikami Boga, wy<br \/>\nza\u015b jeste\u015bcie uprawn\u0105 rol\u0105 Bo\u017c\u0105 i Bo\u017c\u0105 budowl\u0105.<\/i><\/b><i><\/i><\/div>\n","protected":false},"excerpt":{"rendered":"<p>Szcz\u0119\u015b\u0107 Bo\u017ce! Moi Drodzy, dzisiaj po po\u0142udniu Marek przybywa ponownie do Polski, bo w sobot\u0119 ruszamy na Pielgrzymk\u0119 do Ziemi \u015awi\u0119tej. Organizowana jest ona przez Parafi\u0119 Celestyn\u00f3w, liczy ponad pi\u0119\u0107dziesi\u0105t Os\u00f3b &#8211; nie tylko z tej Parafii, ale i z innych. Na temat naszej blogowej \u0142\u0105czno\u015bci w tym czasie to napisz\u0119 co\u015b p\u00f3\u017aniej, dzisiaj tylko [&hellip;]<\/p>\n","protected":false},"author":1,"featured_media":0,"comment_status":"open","ping_status":"open","sticky":false,"template":"","format":"standard","meta":{"jetpack_post_was_ever_published":false,"_jetpack_newsletter_access":"","_jetpack_dont_email_post_to_subs":false,"_jetpack_newsletter_tier_id":0,"_jetpack_memberships_contains_paywalled_content":false,"_jetpack_memberships_contains_paid_content":false,"footnotes":""},"categories":[1],"tags":[],"class_list":["post-9376","post","type-post","status-publish","format-standard","hentry","category-bez-kategorii"],"yoast_head":"<!-- This site is optimized with the Yoast SEO plugin v25.1 - https:\/\/yoast.com\/wordpress\/plugins\/seo\/ -->\n<title>Mleko - czy pokarm sta\u0142y?... - Gaudium Et Spes<\/title>\n<meta name=\"robots\" content=\"index, follow, max-snippet:-1, max-image-preview:large, max-video-preview:-1\" \/>\n<link rel=\"canonical\" href=\"https:\/\/gaudiumetspes-blog.pl\/index.php\/2012\/09\/05\/mleko-czy-pokarm-stay\/\" \/>\n<meta property=\"og:locale\" content=\"pl_PL\" \/>\n<meta property=\"og:type\" content=\"article\" \/>\n<meta property=\"og:title\" content=\"Mleko - czy pokarm sta\u0142y?... - Gaudium Et Spes\" \/>\n<meta property=\"og:description\" content=\"Szcz\u0119\u015b\u0107 Bo\u017ce! Moi Drodzy, dzisiaj po po\u0142udniu Marek przybywa ponownie do Polski, bo w sobot\u0119 ruszamy na Pielgrzymk\u0119 do Ziemi \u015awi\u0119tej. Organizowana jest ona przez Parafi\u0119 Celestyn\u00f3w, liczy ponad pi\u0119\u0107dziesi\u0105t Os\u00f3b &#8211; nie tylko z tej Parafii, ale i z innych. Na temat naszej blogowej \u0142\u0105czno\u015bci w tym czasie to napisz\u0119 co\u015b p\u00f3\u017aniej, dzisiaj tylko [&hellip;]\" \/>\n<meta property=\"og:url\" content=\"https:\/\/gaudiumetspes-blog.pl\/index.php\/2012\/09\/05\/mleko-czy-pokarm-stay\/\" \/>\n<meta property=\"og:site_name\" content=\"Gaudium Et Spes\" \/>\n<meta property=\"article:published_time\" content=\"2012-09-05T04:18:00+00:00\" \/>\n<meta property=\"article:modified_time\" content=\"2019-07-31T10:53:31+00:00\" \/>\n<meta name=\"author\" content=\"Ks. Jacek\" \/>\n<meta name=\"twitter:card\" content=\"summary_large_image\" \/>\n<meta name=\"twitter:label1\" content=\"Napisane przez\" \/>\n\t<meta name=\"twitter:data1\" content=\"Ks. Jacek\" \/>\n\t<meta name=\"twitter:label2\" content=\"Szacowany czas czytania\" \/>\n\t<meta name=\"twitter:data2\" content=\"5 minut\" \/>\n<script type=\"application\/ld+json\" class=\"yoast-schema-graph\">{\"@context\":\"https:\/\/schema.org\",\"@graph\":[{\"@type\":\"WebPage\",\"@id\":\"https:\/\/gaudiumetspes-blog.pl\/index.php\/2012\/09\/05\/mleko-czy-pokarm-stay\/\",\"url\":\"https:\/\/gaudiumetspes-blog.pl\/index.php\/2012\/09\/05\/mleko-czy-pokarm-stay\/\",\"name\":\"Mleko - czy pokarm sta\u0142y?... - Gaudium Et Spes\",\"isPartOf\":{\"@id\":\"https:\/\/gaudiumetspes-blog.pl\/#website\"},\"datePublished\":\"2012-09-05T04:18:00+00:00\",\"dateModified\":\"2019-07-31T10:53:31+00:00\",\"author\":{\"@id\":\"https:\/\/gaudiumetspes-blog.pl\/#\/schema\/person\/1661982992b752dea8dff0d4ed845a65\"},\"breadcrumb\":{\"@id\":\"https:\/\/gaudiumetspes-blog.pl\/index.php\/2012\/09\/05\/mleko-czy-pokarm-stay\/#breadcrumb\"},\"inLanguage\":\"pl-PL\",\"potentialAction\":[{\"@type\":\"ReadAction\",\"target\":[\"https:\/\/gaudiumetspes-blog.pl\/index.php\/2012\/09\/05\/mleko-czy-pokarm-stay\/\"]}]},{\"@type\":\"BreadcrumbList\",\"@id\":\"https:\/\/gaudiumetspes-blog.pl\/index.php\/2012\/09\/05\/mleko-czy-pokarm-stay\/#breadcrumb\",\"itemListElement\":[{\"@type\":\"ListItem\",\"position\":1,\"name\":\"Strona g\u0142\u00f3wna\",\"item\":\"https:\/\/gaudiumetspes-blog.pl\/\"},{\"@type\":\"ListItem\",\"position\":2,\"name\":\"Mleko &#8211; czy&nbsp;pokarm sta\u0142y?&#8230;\"}]},{\"@type\":\"WebSite\",\"@id\":\"https:\/\/gaudiumetspes-blog.pl\/#website\",\"url\":\"https:\/\/gaudiumetspes-blog.pl\/\",\"name\":\"Gaudium Et Spes\",\"description\":\"Blog Ks. Jacka Ja\u015bkowskiego\",\"potentialAction\":[{\"@type\":\"SearchAction\",\"target\":{\"@type\":\"EntryPoint\",\"urlTemplate\":\"https:\/\/gaudiumetspes-blog.pl\/?s={search_term_string}\"},\"query-input\":{\"@type\":\"PropertyValueSpecification\",\"valueRequired\":true,\"valueName\":\"search_term_string\"}}],\"inLanguage\":\"pl-PL\"},{\"@type\":\"Person\",\"@id\":\"https:\/\/gaudiumetspes-blog.pl\/#\/schema\/person\/1661982992b752dea8dff0d4ed845a65\",\"name\":\"Ks. Jacek\",\"image\":{\"@type\":\"ImageObject\",\"inLanguage\":\"pl-PL\",\"@id\":\"https:\/\/gaudiumetspes-blog.pl\/#\/schema\/person\/image\/\",\"url\":\"https:\/\/gaudiumetspes-blog.pl\/wp-content\/uploads\/2019\/07\/avatar-JJ-150x150.jpg\",\"contentUrl\":\"https:\/\/gaudiumetspes-blog.pl\/wp-content\/uploads\/2019\/07\/avatar-JJ-150x150.jpg\",\"caption\":\"Ks. Jacek\"},\"description\":\"Witam serdecznie! K\u0142ania si\u0119 Ks. Jacek Ja\u015bkowski. Nie jestem ani kim\u015b wa\u017cnym, ani kim\u015b znanym. Jestem ksi\u0119dzem, kt\u00f3ry po prostu chce rozmawia\u0107. Codzienna kap\u0142a\u0144ska pos\u0142uga pokazuje mi, \u017ce temat\u00f3w do rozm\u00f3w z ksi\u0119dzem jest coraz wi\u0119cej i dzisiaj \u017caden ksi\u0105dz nie mo\u017ce od nich ucieka\u0107, ale - wprost przeciwnie - podejmowa\u0107 nowe wyzwania. To przekonanie sk\u0142oni\u0142o mnie do pr\u00f3by otwarcia tego\u017c bloga, chocia\u017c okazji do rozm\u00f3w na co dzie\u0144 - w konfesjonale i poza nim - na szcz\u0119\u015bcie nie brakuje. My\u015bl\u0119 jednak, \u017ce ten blog b\u0119dzie jeszcze jednym sposobem i przestrzeni\u0105 nawi\u0105zania kontaktu z lud\u017ami dobrej woli, otwartymi na dialog.\",\"url\":\"https:\/\/gaudiumetspes-blog.pl\/index.php\/author\/ks-jacek\/\"}]}<\/script>\n<!-- \/ Yoast SEO plugin. -->","yoast_head_json":{"title":"Mleko - czy pokarm sta\u0142y?... - Gaudium Et Spes","robots":{"index":"index","follow":"follow","max-snippet":"max-snippet:-1","max-image-preview":"max-image-preview:large","max-video-preview":"max-video-preview:-1"},"canonical":"https:\/\/gaudiumetspes-blog.pl\/index.php\/2012\/09\/05\/mleko-czy-pokarm-stay\/","og_locale":"pl_PL","og_type":"article","og_title":"Mleko - czy pokarm sta\u0142y?... - Gaudium Et Spes","og_description":"Szcz\u0119\u015b\u0107 Bo\u017ce! Moi Drodzy, dzisiaj po po\u0142udniu Marek przybywa ponownie do Polski, bo w sobot\u0119 ruszamy na Pielgrzymk\u0119 do Ziemi \u015awi\u0119tej. Organizowana jest ona przez Parafi\u0119 Celestyn\u00f3w, liczy ponad pi\u0119\u0107dziesi\u0105t Os\u00f3b &#8211; nie tylko z tej Parafii, ale i z innych. Na temat naszej blogowej \u0142\u0105czno\u015bci w tym czasie to napisz\u0119 co\u015b p\u00f3\u017aniej, dzisiaj tylko [&hellip;]","og_url":"https:\/\/gaudiumetspes-blog.pl\/index.php\/2012\/09\/05\/mleko-czy-pokarm-stay\/","og_site_name":"Gaudium Et Spes","article_published_time":"2012-09-05T04:18:00+00:00","article_modified_time":"2019-07-31T10:53:31+00:00","author":"Ks. Jacek","twitter_card":"summary_large_image","twitter_misc":{"Napisane przez":"Ks. Jacek","Szacowany czas czytania":"5 minut"},"schema":{"@context":"https:\/\/schema.org","@graph":[{"@type":"WebPage","@id":"https:\/\/gaudiumetspes-blog.pl\/index.php\/2012\/09\/05\/mleko-czy-pokarm-stay\/","url":"https:\/\/gaudiumetspes-blog.pl\/index.php\/2012\/09\/05\/mleko-czy-pokarm-stay\/","name":"Mleko - czy pokarm sta\u0142y?... - Gaudium Et Spes","isPartOf":{"@id":"https:\/\/gaudiumetspes-blog.pl\/#website"},"datePublished":"2012-09-05T04:18:00+00:00","dateModified":"2019-07-31T10:53:31+00:00","author":{"@id":"https:\/\/gaudiumetspes-blog.pl\/#\/schema\/person\/1661982992b752dea8dff0d4ed845a65"},"breadcrumb":{"@id":"https:\/\/gaudiumetspes-blog.pl\/index.php\/2012\/09\/05\/mleko-czy-pokarm-stay\/#breadcrumb"},"inLanguage":"pl-PL","potentialAction":[{"@type":"ReadAction","target":["https:\/\/gaudiumetspes-blog.pl\/index.php\/2012\/09\/05\/mleko-czy-pokarm-stay\/"]}]},{"@type":"BreadcrumbList","@id":"https:\/\/gaudiumetspes-blog.pl\/index.php\/2012\/09\/05\/mleko-czy-pokarm-stay\/#breadcrumb","itemListElement":[{"@type":"ListItem","position":1,"name":"Strona g\u0142\u00f3wna","item":"https:\/\/gaudiumetspes-blog.pl\/"},{"@type":"ListItem","position":2,"name":"Mleko &#8211; czy&nbsp;pokarm sta\u0142y?&#8230;"}]},{"@type":"WebSite","@id":"https:\/\/gaudiumetspes-blog.pl\/#website","url":"https:\/\/gaudiumetspes-blog.pl\/","name":"Gaudium Et Spes","description":"Blog Ks. Jacka Ja\u015bkowskiego","potentialAction":[{"@type":"SearchAction","target":{"@type":"EntryPoint","urlTemplate":"https:\/\/gaudiumetspes-blog.pl\/?s={search_term_string}"},"query-input":{"@type":"PropertyValueSpecification","valueRequired":true,"valueName":"search_term_string"}}],"inLanguage":"pl-PL"},{"@type":"Person","@id":"https:\/\/gaudiumetspes-blog.pl\/#\/schema\/person\/1661982992b752dea8dff0d4ed845a65","name":"Ks. Jacek","image":{"@type":"ImageObject","inLanguage":"pl-PL","@id":"https:\/\/gaudiumetspes-blog.pl\/#\/schema\/person\/image\/","url":"https:\/\/gaudiumetspes-blog.pl\/wp-content\/uploads\/2019\/07\/avatar-JJ-150x150.jpg","contentUrl":"https:\/\/gaudiumetspes-blog.pl\/wp-content\/uploads\/2019\/07\/avatar-JJ-150x150.jpg","caption":"Ks. Jacek"},"description":"Witam serdecznie! K\u0142ania si\u0119 Ks. Jacek Ja\u015bkowski. Nie jestem ani kim\u015b wa\u017cnym, ani kim\u015b znanym. Jestem ksi\u0119dzem, kt\u00f3ry po prostu chce rozmawia\u0107. Codzienna kap\u0142a\u0144ska pos\u0142uga pokazuje mi, \u017ce temat\u00f3w do rozm\u00f3w z ksi\u0119dzem jest coraz wi\u0119cej i dzisiaj \u017caden ksi\u0105dz nie mo\u017ce od nich ucieka\u0107, ale - wprost przeciwnie - podejmowa\u0107 nowe wyzwania. To przekonanie sk\u0142oni\u0142o mnie do pr\u00f3by otwarcia tego\u017c bloga, chocia\u017c okazji do rozm\u00f3w na co dzie\u0144 - w konfesjonale i poza nim - na szcz\u0119\u015bcie nie brakuje. My\u015bl\u0119 jednak, \u017ce ten blog b\u0119dzie jeszcze jednym sposobem i przestrzeni\u0105 nawi\u0105zania kontaktu z lud\u017ami dobrej woli, otwartymi na dialog.","url":"https:\/\/gaudiumetspes-blog.pl\/index.php\/author\/ks-jacek\/"}]}},"jetpack_featured_media_url":"","jetpack_sharing_enabled":true,"_links":{"self":[{"href":"https:\/\/gaudiumetspes-blog.pl\/index.php\/wp-json\/wp\/v2\/posts\/9376","targetHints":{"allow":["GET"]}}],"collection":[{"href":"https:\/\/gaudiumetspes-blog.pl\/index.php\/wp-json\/wp\/v2\/posts"}],"about":[{"href":"https:\/\/gaudiumetspes-blog.pl\/index.php\/wp-json\/wp\/v2\/types\/post"}],"author":[{"embeddable":true,"href":"https:\/\/gaudiumetspes-blog.pl\/index.php\/wp-json\/wp\/v2\/users\/1"}],"replies":[{"embeddable":true,"href":"https:\/\/gaudiumetspes-blog.pl\/index.php\/wp-json\/wp\/v2\/comments?post=9376"}],"version-history":[{"count":1,"href":"https:\/\/gaudiumetspes-blog.pl\/index.php\/wp-json\/wp\/v2\/posts\/9376\/revisions"}],"predecessor-version":[{"id":10707,"href":"https:\/\/gaudiumetspes-blog.pl\/index.php\/wp-json\/wp\/v2\/posts\/9376\/revisions\/10707"}],"wp:attachment":[{"href":"https:\/\/gaudiumetspes-blog.pl\/index.php\/wp-json\/wp\/v2\/media?parent=9376"}],"wp:term":[{"taxonomy":"category","embeddable":true,"href":"https:\/\/gaudiumetspes-blog.pl\/index.php\/wp-json\/wp\/v2\/categories?post=9376"},{"taxonomy":"post_tag","embeddable":true,"href":"https:\/\/gaudiumetspes-blog.pl\/index.php\/wp-json\/wp\/v2\/tags?post=9376"}],"curies":[{"name":"wp","href":"https:\/\/api.w.org\/{rel}","templated":true}]}}