{"id":9385,"date":"2012-08-27T04:43:00","date_gmt":"2012-08-27T02:43:00","guid":{"rendered":"https:\/\/gaudiumetspes-blog.pl\/index.php\/2012\/08\/27\/pamietajcie-o-mnie-przy-otarzu-panski\/"},"modified":"2019-07-31T12:53:30","modified_gmt":"2019-07-31T10:53:30","slug":"pamietajcie-o-mnie-przy-otarzu-panski","status":"publish","type":"post","link":"https:\/\/gaudiumetspes-blog.pl\/index.php\/2012\/08\/27\/pamietajcie-o-mnie-przy-otarzu-panski\/","title":{"rendered":"Pami\u0119tajcie o mnie przy o\u0142tarzu Pa\u0144skim&#8230;"},"content":{"rendered":"<p><\/p>\n<div class=\"MsoNormal\" style=\"text-align: justify;\">\nSzcz\u0119\u015b\u0107 Bo\u017ce! Moi Drodzy, dzisiaj z czterdziestk\u0105 M\u0142odzie\u017cy z Parafii Celestyn\u00f3w (i nie tylko) wyruszamy na podb\u00f3j Czarnej Ha\u0144czy i Kana\u0142u Augustowskiego &#8211; na sp\u0142yw kajakowy. Dzisiaj na kajakach b\u0119dziemy raczej kr\u00f3tko, jutro d\u0142u\u017cej. Modlimy si\u0119 o dobr\u0105 pogod\u0119 i o to, by ca\u0142e to dzie\u0142o pomno\u017cy\u0142o chwa\u0142\u0119 Bo\u017c\u0105, a nam &#8211; przynios\u0142o duchowy po\u017cytek. Ja, jak zawsze, zapewniam o pami\u0119ci w modlitwie o Was i Waszych sprawach.&nbsp;<\/div>\n<div class=\"MsoNormal\" style=\"text-align: justify;\">\n&nbsp; &nbsp; &nbsp; &nbsp; &nbsp; &nbsp; &nbsp;Gaudium et spes! &nbsp;Ks. Jacek<\/div>\n<div class=\"MsoNormal\" style=\"text-align: justify;\">\n<b><br \/><\/b><\/div>\n<div class=\"MsoNormal\" style=\"text-align: justify;\">\n<b>Wspomnienie<br \/>\n\u015aw. Moniki,<\/b><\/div>\n<div class=\"MsoNormal\" style=\"text-align: justify;\">\n<b>do<br \/>\nczyta\u0144:&nbsp; 2 Tes 1,1\u20135.11b\u201312;&nbsp; Mt 23,1.13\u201322<\/b><\/div>\n<div class=\"MsoNormal\" style=\"text-align: justify;\">\n<\/div>\n<div class=\"MsoNormal\" style=\"text-align: justify;\">\n<b>POCZ\u0104TEK DRUGIEGO LISTU \u015aWI\u0118TEGO PAW\u0141A APOSTO\u0141A DO TESALONICZAN:&nbsp;<\/b><\/div>\n<div class=\"MsoNormal\" style=\"text-align: justify; text-indent: 35.4pt;\">\n<b>Pawe\u0142,<br \/>\nSylwan i Tymoteusz do Ko\u015bcio\u0142a Tesaloniczan w Bogu Ojcu naszym i Panu Jezusie<br \/>\nChrystusie. \u0141aska wam i pok\u00f3j od Boga, Ojca naszego, i Pana Jezusa Chrystusa.<\/b><b><\/b><\/div>\n<div class=\"MsoNormal\" style=\"text-align: justify; text-indent: 35.4pt;\">\n<b>Bracia,<br \/>\nzawsze winni\u015bmy za was Bogu dzi\u0119kowa\u0107, co jest rzecz\u0105 s\u0142uszn\u0105, bo wiara wasza<br \/>\nbardzo wzrasta, a mi\u0142o\u015b\u0107 wzajemna u ka\u017cdego z was obfituje, i to tak, \u017ce my<br \/>\nsami w Ko\u015bcio\u0142ach Bo\u017cych chlubimy si\u0119 wami z powodu waszej cierpliwo\u015bci i wiary<br \/>\nwe wszystkich waszych prze\u015bladowaniach i uciskach, kt\u00f3re znosicie. S\u0105 one<br \/>\nzapowiedzi\u0105 sprawiedliwo\u015bci s\u0105du Boga, celem jego jest uznanie was za godnych<br \/>\nkr\u00f3lestwa Bo\u017cego, za kt\u00f3re te\u017c cierpicie.&nbsp;<\/b><\/div>\n<div class=\"MsoNormal\" style=\"text-align: justify; text-indent: 35.4pt;\">\n<b>Oby<br \/>\nB\u00f3g nasz uczyni\u0142 was godnymi swego wezwania, oby z pomoc\u0105 udoskonali\u0142 w was<br \/>\nwszelkie pragnienie dobra oraz czyn p\u0142yn\u0105cy z wiary. Aby w was zosta\u0142o<br \/>\nuwielbione imi\u0119 Pana naszego Jezusa Chrystusa, a wy w Nim, za \u0142ask\u0105 Boga<br \/>\nnaszego i Pana Jezusa Chrystusa.<\/b><\/div>\n<div class=\"MsoNormal\" style=\"text-align: justify;\">\n<\/div>\n<div class=\"MsoNormal\" style=\"text-align: justify;\">\n<b>S\u0141OWA EWANGELII WED\u0141UG \u015aWI\u0118TEGO MATEUSZA:<\/b><\/div>\n<div class=\"MsoNormal\" style=\"text-align: justify; text-indent: 35.4pt;\">\n<b>Jezus<br \/>\nprzem\u00f3wi\u0142 do t\u0142um\u00f3w i do swoich uczni\u00f3w tymi s\u0142owami: \u201eBiada wam, uczeni w<br \/>\nPi\u015bmie i faryzeusze, ob\u0142udnicy, bo zamykacie kr\u00f3lestwo niebieskie przed lud\u017ami.<br \/>\nSami nie wchodzicie i nie pozwalacie wej\u015b\u0107 tym, kt\u00f3rzy do niego id\u0105.<\/b><b><\/b><\/div>\n<div class=\"MsoNormal\" style=\"text-align: justify; text-indent: 35.4pt;\">\n<b>Biada<br \/>\nwam, uczeni w Pi\u015bmie i faryzeusze, ob\u0142udnicy, bo obchodzicie morze i ziemi\u0119,<br \/>\n\u017ceby pozyska\u0107 jednego wsp\u00f3\u0142wyznawc\u0119. A gdy si\u0119 nim stanie, czynicie go dwakro\u0107<br \/>\nbardziej winnym piek\u0142a ni\u017c wy sami.&nbsp;<\/b><\/div>\n<div class=\"MsoNormal\" style=\"text-align: justify; text-indent: 35.4pt;\">\n<b>Biada<br \/>\nwam, przewodnicy \u015blepi, kt\u00f3rzy m\u00f3wicie: \u00abKto by przysi\u0105g\u0142 na przybytek, to nic<br \/>\nnie znaczy; lecz kto by przysi\u0105g\u0142 na z\u0142oto przybytku, ten jest zwi\u0105zany<br \/>\nprzysi\u0119g\u0105\u00bb. G\u0142upi i \u015blepi! C\u00f3\u017c bowiem jest wa\u017cniejsze, z\u0142oto czy przybytek,<br \/>\nkt\u00f3ry u\u015bwi\u0119ca z\u0142oto? Dalej: \u00abKto by przysi\u0105g\u0142 na o\u0142tarz, to nic nie znaczy; lecz<br \/>\nkto by przysi\u0105g\u0142 na ofiar\u0119, kt\u00f3ra jest na nim, ten jest zwi\u0105zany przysi\u0119g\u0105\u00bb.<br \/>\n\u015alepi! C\u00f3\u017c bowiem jest wa\u017cniejsze, ofiara czy o\u0142tarz, kt\u00f3ry u\u015bwi\u0119ca ofiar\u0119?&nbsp;<\/b><\/div>\n<div class=\"MsoNormal\" style=\"text-align: justify;\">\n<b>Kto wi\u0119c przysi\u0119ga na<br \/>\no\u0142tarz, przysi\u0119ga na niego i na wszystko, co na nim le\u017cy. A kto przysi\u0119ga na przybytek,<br \/>\nprzysi\u0119ga na niego i na Tego, kt\u00f3ry w nim mieszka. A kto przysi\u0119ga na niebo,<br \/>\nprzysi\u0119ga na tron Bo\u017cy i na Tego, kt\u00f3ry na nim zasiada\u201d.<\/b><\/div>\n<div class=\"MsoNormal\" style=\"text-align: justify;\">\n<\/div>\n<div class=\"MsoNormal\" style=\"text-align: justify; text-indent: 35.4pt;\">\nPatronka dnia dzisiejszego,<br \/>\n<b>Monika<\/b>, <b>urodzi\u0142a si\u0119 oko\u0142o 332 roku w Taga\u015bcie,<\/b> w p\u00f3\u0142nocnej Afryce, w<br \/>\ng\u0142\u0119boko chrze\u015bcija\u0144skiej rodzinie rzymskiej. Jako m\u0142od\u0105 dziewczyn\u0119 <b>wydano j\u0105 za poga\u0144skiego urz\u0119dnika,<\/b><br \/>\ncz\u0142onka miejscowej rady miejskiej. Ma\u0142\u017ce\u0144stwo to jednak nie by\u0142o dobrane. <b>M\u0105\u017c mia\u0142 charakter niezr\u00f3wnowa\u017cony i<br \/>\npop\u0119dliwy.<\/b> Monika jednak swoj\u0105 dobroci\u0105, \u0142agodno\u015bci\u0105 i trosk\u0105 umia\u0142a<br \/>\npozyska\u0107 jego serce, <b>a nawet doprowadzi\u0142a<br \/>\ngo do przyj\u0119cia Chrztu.<\/b> <\/div>\n<div class=\"MsoNormal\" style=\"text-align: justify; text-indent: 35.4pt;\">\nGdy urodzi\u0142 si\u0119 ich syn<br \/>\nAugustyn, Monika mia\u0142a dwadzie\u015bcia dwa lata. Po nim mia\u0142a jeszcze syna i c\u00f3rk\u0119.<br \/>\nW 371 roku zmar\u0142 m\u0105\u017c Moniki, gdy mia\u0142a ona trzydzie\u015bci dziewi\u0119\u0107 lat. I wtedy to<br \/>\n<b>zacz\u0105\u0142 si\u0119 dla niej \u2013 trwaj\u0105cy<br \/>\nszesna\u015bcie lat \u2013 czas niepokoju i cierpie\u0144.<\/b> A ich przyczyn\u0105 by\u0142 Augustyn. Zacz\u0105\u0142<br \/>\non bowiem <b>na\u015bladowa\u0107 ojca i \u017cy\u0107 bardzo<br \/>\nswobodnie.<\/b> Pozna\u0142 jak\u0105\u015b dziewczyn\u0119 i mia\u0142 z ni\u0105 dziecko \u2013 pomimo, \u017ce \u017cyli<br \/>\nbez \u015blubu. Nadto uwik\u0142a\u0142 si\u0119 w b\u0142\u0119dy manicheizmu. <\/div>\n<div class=\"MsoNormal\" style=\"text-align: justify; text-indent: 35.4pt;\">\nZbola\u0142a matka nie<br \/>\nopuszcza\u0142a syna, ale sz\u0142a za nim wsz\u0119dzie, <b>modlitw\u0105<br \/>\ni p\u0142aczem b\u0142agaj\u0105c Boga o jego nawr\u00f3cenie.<\/b> Kiedy Augustyn uda\u0142 si\u0119 do<br \/>\nKartaginy dla obj\u0119cia w tym mie\u015bcie katedry wymowy, matka posz\u0142a za nim. Kiedy<br \/>\npotajemnie uda\u0142 si\u0119 do Rzymu, a potem do Mediolanu, by si\u0119 zetkn\u0105\u0107 z<br \/>\nnajwybitniejszymi m\u00f3wcami swojej epoki, <b>Monika<br \/>\nte\u017c by\u0142a przy nim.<\/b> <\/div>\n<div class=\"MsoNormal\" style=\"text-align: justify; text-indent: 35.4pt;\">\nI oto <b>w 387 roku,<\/b> Augustyn \u2013 pod wp\u0142ywem kaza\u0144 \u015awi\u0119tego Ambro\u017cego,<br \/>\ng\u0142oszonych w Mediolanie \u2013 <b>przyj\u0105\u0142<br \/>\nChrzest i rozpocz\u0105\u0142 zupe\u0142nie nowe \u017cycie.<\/b> Szcz\u0119\u015bliwa matka spe\u0142ni\u0142a misj\u0119<br \/>\nswojego \u017cycia. Mog\u0142a ju\u017c odej\u015b\u0107 po nagrod\u0119 do Pana. Kiedy wybiera\u0142a si\u0119 do<br \/>\nrodzinnej Tagasty, zachorowa\u0142a na febr\u0119 <b>i<br \/>\npo kilku dniach zmar\u0142a w Ostii w 387 roku.<\/b> Dok\u0142adnej daty \u015bmierci nie<br \/>\nznamy. <\/div>\n<div class=\"MsoNormal\" style=\"text-align: justify; text-indent: 35.4pt;\">\nNatomiast w swoich \u201eWyznaniach\u201d<br \/>\nAugustyn, jej syn, p\u00f3\u017aniejszy \u015awi\u0119ty, opowiadaj\u0105c o jej odej\u015bciu, wyrazi\u0142 <b>bezgraniczn\u0105 wdzi\u0119czno\u015b\u0107 dla swojej matki,<\/b><br \/>\npisz\u0105c o tym w takich \u2013 mi\u0119dzy innymi \u2013 s\u0142owach: \u201eGdy <b>zbli\u017ca\u0142 si\u0119 dzie\u0144, w kt\u00f3rym mia\u0142a odej\u015b\u0107 z tego \u015bwiata, <\/b>dzie\u0144, kt\u00f3ry<br \/>\nTy zna\u0142e\u015b, my za\u015b nie znali\u015bmy, zdarzy\u0142o si\u0119 \u2013 jak s\u0105dz\u0119 \u2013 dzi\u0119ki niezbadanym<br \/>\nTwym wyrokom, \u017ce znajdowali\u015bmy si\u0119 razem, wsparci o okno wychodz\u0105ce na ogr\u00f3d<br \/>\ndomu, w kt\u00f3rym zamieszkali\u015bmy. <b>By\u0142o to<br \/>\nblisko Ostii,<\/b> gdzie z dala od zgie\u0142ku, po trudach d\u0142ugiej drogi, nabierali\u015bmy<br \/>\nsi\u0142 do podr\u00f3\u017cy morskiej. Rozmawiali\u015bmy ze sob\u0105 z ogromn\u0105 serdeczno\u015bci\u0105 i zapominaj\u0105c<br \/>\no tym, co przesz\u0142e, i kieruj\u0105c si\u0119 ku przysz\u0142o\u015bci, zastanawiali\u015bmy si\u0119 <b>w \u015bwietle Prawdy, kt\u00f3r\u0105 Ty jeste\u015b, na czym<br \/>\npolega \u017cycie \u015awi\u0119tych \u2013<\/b> to \u017cycie, kt\u00f3rego oko nie widzia\u0142o ani ucho nie s\u0142ysza\u0142o,<br \/>\nani w serce cz\u0142owieka nie wst\u0105pi\u0142o. Ch\u0142on\u0119li\u015bmy sercem <b>niebia\u0144skie strumienie wyp\u0142ywaj\u0105ce z Twojego \u017ar\u00f3d\u0142a,<\/b> ze \u017ar\u00f3d\u0142a \u017cycia,<br \/>\nkt\u00f3re jest w Tobie. <\/div>\n<div class=\"MsoNormal\" style=\"text-align: justify; text-indent: 35.4pt;\">\nM\u00f3wi\u0142em o tych sprawach,<br \/>\nchocia\u017c nie w ten spos\u00f3b i nie tymi dok\u0142adnie s\u0142owami, ale, o Panie, Ty wiesz,<br \/>\n\u017ce w owym dniu, gdy tak rozmawiali\u015bmy, a w miar\u0119 wypowiadanych s\u0142\u00f3w <b>\u015bwiat wraz ze wszystkimi przyjemno\u015bciami<br \/>\ntraci\u0142 dla nas znaczenie,<\/b> powiedzia\u0142a: \u201eM\u00f3j synu, co do mnie, to \u017cadna<br \/>\nrzecz nie cieszy mnie na tym \u015bwiecie. Co tu jeszcze czyni\u0119 i po co jestem, nie<br \/>\nwiem. Niczego ju\u017c nie spodziewam si\u0119 na tym \u015bwiecie. <b>To jedno zatrzymywa\u0142o mnie dot\u0105d, \u017ce chcia\u0142am, zanim umr\u0119, widzie\u0107 ci\u0119<br \/>\nchrze\u015bcijaninem katolikiem.<\/b> B\u00f3g szczodrzej mnie obdarowa\u0142, bo zobaczy\u0142am,<br \/>\n\u017ce wzgardziwszy powabami \u015bwiata, <b>sta\u0142e\u015b<br \/>\nsi\u0119 Jego s\u0142ug\u0105.<\/b> Na c\u00f3\u017c wi\u0119c jestem jeszcze tutaj?\u201d <\/div>\n<div class=\"MsoNormal\" style=\"text-align: justify; text-indent: 35.4pt;\">\nNie przypominam sobie<br \/>\ndok\u0142adnie, co jej odpowiedzia\u0142em. Tymczasem po pi\u0119ciu dniach, albo mo\u017ce troch\u0119<br \/>\nwi\u0119cej, le\u017ca\u0142a w gor\u0105czce. Kiedy chorowa\u0142a, zdarzy\u0142o si\u0119 kt\u00f3rego\u015b dnia, \u017ce <b>straci\u0142a przytomno\u015b\u0107 i nie rozpoznawa\u0142a<br \/>\nobecnych.<\/b> Przybiegli\u015bmy, ale szybko odzyska\u0142a \u015bwiadomo\u015b\u0107, popatrzy\u0142a na<br \/>\nstoj\u0105cego obok brata i mnie i powiedzia\u0142a do nas, jakby zapytuj\u0105c: \u201eGdzie<br \/>\nby\u0142am?\u201d <\/div>\n<div class=\"MsoNormal\" style=\"text-align: justify; text-indent: 35.4pt;\">\nPotem spogl\u0105daj\u0105c na nas<br \/>\nzasmuconych, powiedzia\u0142a: <b>\u201eTutaj<br \/>\npochowacie swoj\u0105 matk\u0119\u201d.<\/b> W milczeniu powstrzymywa\u0142em \u0142zy. M\u00f3j brat<br \/>\npowiedzia\u0142 par\u0119 s\u0142\u00f3w wyra\u017caj\u0105c pragnienie, aby nie umar\u0142a na obczy\u017anie, ale<br \/>\nw\u015br\u00f3d swoich. Us\u0142yszawszy to, zaniepokoi\u0142a si\u0119, i karc\u0105c wzrokiem za takie<br \/>\nmy\u015bli powiedzia\u0142a patrz\u0105c na mnie: \u201ePos\u0142uchaj, co m\u00f3wi\u201d. A potem do nas<br \/>\nobydw\u00f3ch: \u201eCia\u0142o z\u0142\u00f3\u017ccie gdziekolwiek \u2013 tym si\u0119 nie k\u0142opoczcie! O jedno tylko<br \/>\nprosz\u0119, aby\u015bcie <b>wsz\u0119dzie, gdzie b\u0119dziecie,<br \/>\npami\u0119tali o mnie przy o\u0142tarzu Pa\u0144skim\u201d.<\/b> Wym\u00f3wiwszy z trudem te s\u0142owa,<br \/>\nzamilk\u0142a. Choroba za\u015b post\u0119powa\u0142a wzmagaj\u0105c cierpienia.\u201d Tyle z ksi\u0119gi \u201eWyzna\u0144\u201d<br \/>\n\u015awi\u0119tego Augustyna.<\/div>\n<div class=\"MsoNormal\" style=\"text-align: justify; text-indent: 35.4pt;\">\nA my, s\u0142uchaj\u0105c Bo\u017cego<br \/>\nS\u0142owa, przeznaczonego na dzisiejszy dzie\u0144 w liturgii Ko\u015bcio\u0142a, s\u0142yszymy w<br \/>\npierwszym czytaniu <b>pochwa\u0142\u0119 wiary<br \/>\nTesaloniczan,<\/b> wypowiedzian\u0105 przez Paw\u0142a Aposto\u0142a, a w Ewangelii \u2013 <b>bardzo surow\u0105 krytyk\u0119 ob\u0142udy faryzeusz\u00f3w.<\/b><br \/>\nMo\u017cemy m\u00f3wi\u0107 wr\u0119cz o zderzeniu si\u0119 dw\u00f3ch zupe\u0142nie przeciwstawnych<br \/>\nrzeczywisto\u015bci, mo\u017cemy m\u00f3wi\u0107 <b>o postawach<br \/>\nca\u0142kowicie ze sob\u0105 kontrastuj\u0105cych. <\/b>Do owego zderzenia dochodzi bardzo<br \/>\ncz\u0119sto. Najciekawiej, gdy dochodzi <b>w<br \/>\n\u017cyciu jednego cz\u0142owieka \u2013 jak w \u017cyciu i postawie \u015awi\u0119tego Augustyna.<\/b> <\/div>\n<div class=\"MsoNormal\" style=\"text-align: justify; text-indent: 35.4pt;\">\nOczywi\u015bcie, o nim dzi\u015b nie<br \/>\nb\u0119dziemy du\u017co m\u00f3wi\u0107, bo jego wspomnienie przypada jutro, niemniej jednak trzeba<br \/>\nnam nawi\u0105za\u0107 do jego \u017cycia, do jego nawr\u00f3cenia, <b>bo wielk\u0105 w tym zas\u0142ug\u0119 odegra\u0142a matka, dzisiejsza Patronka, \u015awi\u0119ta<br \/>\nMonika.<\/b> Ona by\u0142a jednolita w swojej postawie i w swoim \u015bwiadectwie. Ca\u0142y<br \/>\nczas trwa\u0142a przy Bogu, <b>przyczyniaj\u0105c si\u0119<br \/>\ndo nawr\u00f3cenia m\u0119\u017ca, a potem syna.<\/b> To spowodowa\u0142o, \u017ce swoj\u0105 wiar\u0105 doprowadzi\u0142a<br \/>\ndo tego, i\u017c s\u0142owa pochwa\u0142y, jakie Pawe\u0142 Aposto\u0142 dzi\u015b wypowiada, mo\u017cna by\u0142o odnie\u015b\u0107<br \/>\nju\u017c nie tylko do niej, ale i do jej bliskich. Tak wiele spowodowa\u0142a dobra <b>swoj\u0105 wiar\u0105, swoj\u0105 cierpliwo\u015bci\u0105, swoj\u0105<br \/>\nmodlitw\u0105, nierzadko te\u017c \u2013 \u0142zami<\/b>\u2026 <\/div>\n<div class=\"MsoNormal\" style=\"text-align: justify; text-indent: 35.4pt;\">\nJej postawa staje si\u0119 dla<br \/>\nnas niezwykle cennym przyk\u0142adem i wskazaniem, aby\u015bmy sami konsekwentnie<br \/>\nwyznaj\u0105c wiar\u0119, \u015bwiadczyli o niej wobec innych, <b>pomagaj\u0105c im nieraz tak\u017ce w powrocie do Boga i nie zra\u017caj\u0105c si\u0119 tym, \u017ce<br \/>\nnie dokonuje si\u0119 to od razu<\/b>\u2026<\/div>\n<div class=\"MsoNormal\" style=\"text-align: justify; text-indent: 35.4pt;\">\nMaj\u0105c na uwadze powy\u017csze<br \/>\nrefleksje, zastan\u00f3wmy si\u0119:<\/div>\n<div class=\"MsoNormal\" style=\"margin-left: 36.0pt; mso-list: l0 level1 lfo1; tab-stops: list 36.0pt; text-align: justify; text-indent: -18.0pt;\">\n\u00b7&nbsp;&nbsp;&nbsp;&nbsp;&nbsp;&nbsp;&nbsp;<br \/>\nCzy<br \/>\nmoje odniesienie do Boga nie zale\u017cy od chwilowych nastroj\u00f3w i \u017cyciowego<br \/>\npowodzenia?<\/div>\n<div class=\"MsoNormal\" style=\"margin-left: 36.0pt; mso-list: l0 level1 lfo1; tab-stops: list 36.0pt; text-align: justify; text-indent: -18.0pt;\">\n\u00b7&nbsp;&nbsp;&nbsp;&nbsp;&nbsp;&nbsp;&nbsp;<br \/>\nCzy<br \/>\nnie zniech\u0119cam si\u0119 zbyt szybko do modlitwy o nawr\u00f3cenie os\u00f3b oddalonych od Boga?<\/div>\n<div class=\"MsoNormal\" style=\"margin-left: 36.0pt; mso-list: l0 level1 lfo1; tab-stops: list 36.0pt; text-align: justify; text-indent: -18.0pt;\">\n\u00b7&nbsp;&nbsp;&nbsp;&nbsp;&nbsp;&nbsp;&nbsp;<br \/>\nCzy<br \/>\nmoja postawa mo\u017ce stanowi\u0107 zach\u0119t\u0119 do czyjego\u015b powrotu do Boga?<\/div>\n<div class=\"MsoNormal\" style=\"text-align: justify;\">\n<b><i>Aby w was zosta\u0142o uwielbione imi\u0119 Pana<br \/>\nnaszego Jezusa Chrystusa, a wy w Nim, za \u0142ask\u0105 Boga naszego i Pana Jezusa<br \/>\nChrystusa.<\/i><\/b><b><\/b><\/div>\n","protected":false},"excerpt":{"rendered":"<p>Szcz\u0119\u015b\u0107 Bo\u017ce! Moi Drodzy, dzisiaj z czterdziestk\u0105 M\u0142odzie\u017cy z Parafii Celestyn\u00f3w (i nie tylko) wyruszamy na podb\u00f3j Czarnej Ha\u0144czy i Kana\u0142u Augustowskiego &#8211; na sp\u0142yw kajakowy. Dzisiaj na kajakach b\u0119dziemy raczej kr\u00f3tko, jutro d\u0142u\u017cej. Modlimy si\u0119 o dobr\u0105 pogod\u0119 i o to, by ca\u0142e to dzie\u0142o pomno\u017cy\u0142o chwa\u0142\u0119 Bo\u017c\u0105, a nam &#8211; przynios\u0142o duchowy po\u017cytek. [&hellip;]<\/p>\n","protected":false},"author":1,"featured_media":0,"comment_status":"open","ping_status":"open","sticky":false,"template":"","format":"standard","meta":{"jetpack_post_was_ever_published":false,"_jetpack_newsletter_access":"","_jetpack_dont_email_post_to_subs":false,"_jetpack_newsletter_tier_id":0,"_jetpack_memberships_contains_paywalled_content":false,"_jetpack_memberships_contains_paid_content":false,"footnotes":""},"categories":[1],"tags":[],"class_list":["post-9385","post","type-post","status-publish","format-standard","hentry","category-bez-kategorii"],"yoast_head":"<!-- This site is optimized with the Yoast SEO plugin v25.1 - https:\/\/yoast.com\/wordpress\/plugins\/seo\/ -->\n<title>Pami\u0119tajcie o mnie przy o\u0142tarzu Pa\u0144skim... - Gaudium Et Spes<\/title>\n<meta name=\"robots\" content=\"index, follow, max-snippet:-1, max-image-preview:large, max-video-preview:-1\" \/>\n<link rel=\"canonical\" href=\"https:\/\/gaudiumetspes-blog.pl\/index.php\/2012\/08\/27\/pamietajcie-o-mnie-przy-otarzu-panski\/\" \/>\n<meta property=\"og:locale\" content=\"pl_PL\" \/>\n<meta property=\"og:type\" content=\"article\" \/>\n<meta property=\"og:title\" content=\"Pami\u0119tajcie o mnie przy o\u0142tarzu Pa\u0144skim... - Gaudium Et Spes\" \/>\n<meta property=\"og:description\" content=\"Szcz\u0119\u015b\u0107 Bo\u017ce! Moi Drodzy, dzisiaj z czterdziestk\u0105 M\u0142odzie\u017cy z Parafii Celestyn\u00f3w (i nie tylko) wyruszamy na podb\u00f3j Czarnej Ha\u0144czy i Kana\u0142u Augustowskiego &#8211; na sp\u0142yw kajakowy. Dzisiaj na kajakach b\u0119dziemy raczej kr\u00f3tko, jutro d\u0142u\u017cej. Modlimy si\u0119 o dobr\u0105 pogod\u0119 i o to, by ca\u0142e to dzie\u0142o pomno\u017cy\u0142o chwa\u0142\u0119 Bo\u017c\u0105, a nam &#8211; przynios\u0142o duchowy po\u017cytek. [&hellip;]\" \/>\n<meta property=\"og:url\" content=\"https:\/\/gaudiumetspes-blog.pl\/index.php\/2012\/08\/27\/pamietajcie-o-mnie-przy-otarzu-panski\/\" \/>\n<meta property=\"og:site_name\" content=\"Gaudium Et Spes\" \/>\n<meta property=\"article:published_time\" content=\"2012-08-27T02:43:00+00:00\" \/>\n<meta property=\"article:modified_time\" content=\"2019-07-31T10:53:30+00:00\" \/>\n<meta name=\"author\" content=\"Ks. Jacek\" \/>\n<meta name=\"twitter:card\" content=\"summary_large_image\" \/>\n<meta name=\"twitter:label1\" content=\"Napisane przez\" \/>\n\t<meta name=\"twitter:data1\" content=\"Ks. Jacek\" \/>\n\t<meta name=\"twitter:label2\" content=\"Szacowany czas czytania\" \/>\n\t<meta name=\"twitter:data2\" content=\"9 minut\" \/>\n<script type=\"application\/ld+json\" class=\"yoast-schema-graph\">{\"@context\":\"https:\/\/schema.org\",\"@graph\":[{\"@type\":\"WebPage\",\"@id\":\"https:\/\/gaudiumetspes-blog.pl\/index.php\/2012\/08\/27\/pamietajcie-o-mnie-przy-otarzu-panski\/\",\"url\":\"https:\/\/gaudiumetspes-blog.pl\/index.php\/2012\/08\/27\/pamietajcie-o-mnie-przy-otarzu-panski\/\",\"name\":\"Pami\u0119tajcie o mnie przy o\u0142tarzu Pa\u0144skim... - Gaudium Et Spes\",\"isPartOf\":{\"@id\":\"https:\/\/gaudiumetspes-blog.pl\/#website\"},\"datePublished\":\"2012-08-27T02:43:00+00:00\",\"dateModified\":\"2019-07-31T10:53:30+00:00\",\"author\":{\"@id\":\"https:\/\/gaudiumetspes-blog.pl\/#\/schema\/person\/1661982992b752dea8dff0d4ed845a65\"},\"breadcrumb\":{\"@id\":\"https:\/\/gaudiumetspes-blog.pl\/index.php\/2012\/08\/27\/pamietajcie-o-mnie-przy-otarzu-panski\/#breadcrumb\"},\"inLanguage\":\"pl-PL\",\"potentialAction\":[{\"@type\":\"ReadAction\",\"target\":[\"https:\/\/gaudiumetspes-blog.pl\/index.php\/2012\/08\/27\/pamietajcie-o-mnie-przy-otarzu-panski\/\"]}]},{\"@type\":\"BreadcrumbList\",\"@id\":\"https:\/\/gaudiumetspes-blog.pl\/index.php\/2012\/08\/27\/pamietajcie-o-mnie-przy-otarzu-panski\/#breadcrumb\",\"itemListElement\":[{\"@type\":\"ListItem\",\"position\":1,\"name\":\"Strona g\u0142\u00f3wna\",\"item\":\"https:\/\/gaudiumetspes-blog.pl\/\"},{\"@type\":\"ListItem\",\"position\":2,\"name\":\"Pami\u0119tajcie o&nbsp;mnie przy o\u0142tarzu Pa\u0144skim&#8230;\"}]},{\"@type\":\"WebSite\",\"@id\":\"https:\/\/gaudiumetspes-blog.pl\/#website\",\"url\":\"https:\/\/gaudiumetspes-blog.pl\/\",\"name\":\"Gaudium Et Spes\",\"description\":\"Blog Ks. Jacka Ja\u015bkowskiego\",\"potentialAction\":[{\"@type\":\"SearchAction\",\"target\":{\"@type\":\"EntryPoint\",\"urlTemplate\":\"https:\/\/gaudiumetspes-blog.pl\/?s={search_term_string}\"},\"query-input\":{\"@type\":\"PropertyValueSpecification\",\"valueRequired\":true,\"valueName\":\"search_term_string\"}}],\"inLanguage\":\"pl-PL\"},{\"@type\":\"Person\",\"@id\":\"https:\/\/gaudiumetspes-blog.pl\/#\/schema\/person\/1661982992b752dea8dff0d4ed845a65\",\"name\":\"Ks. Jacek\",\"image\":{\"@type\":\"ImageObject\",\"inLanguage\":\"pl-PL\",\"@id\":\"https:\/\/gaudiumetspes-blog.pl\/#\/schema\/person\/image\/\",\"url\":\"https:\/\/gaudiumetspes-blog.pl\/wp-content\/uploads\/2019\/07\/avatar-JJ-150x150.jpg\",\"contentUrl\":\"https:\/\/gaudiumetspes-blog.pl\/wp-content\/uploads\/2019\/07\/avatar-JJ-150x150.jpg\",\"caption\":\"Ks. Jacek\"},\"description\":\"Witam serdecznie! K\u0142ania si\u0119 Ks. Jacek Ja\u015bkowski. Nie jestem ani kim\u015b wa\u017cnym, ani kim\u015b znanym. Jestem ksi\u0119dzem, kt\u00f3ry po prostu chce rozmawia\u0107. Codzienna kap\u0142a\u0144ska pos\u0142uga pokazuje mi, \u017ce temat\u00f3w do rozm\u00f3w z ksi\u0119dzem jest coraz wi\u0119cej i dzisiaj \u017caden ksi\u0105dz nie mo\u017ce od nich ucieka\u0107, ale - wprost przeciwnie - podejmowa\u0107 nowe wyzwania. To przekonanie sk\u0142oni\u0142o mnie do pr\u00f3by otwarcia tego\u017c bloga, chocia\u017c okazji do rozm\u00f3w na co dzie\u0144 - w konfesjonale i poza nim - na szcz\u0119\u015bcie nie brakuje. My\u015bl\u0119 jednak, \u017ce ten blog b\u0119dzie jeszcze jednym sposobem i przestrzeni\u0105 nawi\u0105zania kontaktu z lud\u017ami dobrej woli, otwartymi na dialog.\",\"url\":\"https:\/\/gaudiumetspes-blog.pl\/index.php\/author\/ks-jacek\/\"}]}<\/script>\n<!-- \/ Yoast SEO plugin. -->","yoast_head_json":{"title":"Pami\u0119tajcie o mnie przy o\u0142tarzu Pa\u0144skim... - Gaudium Et Spes","robots":{"index":"index","follow":"follow","max-snippet":"max-snippet:-1","max-image-preview":"max-image-preview:large","max-video-preview":"max-video-preview:-1"},"canonical":"https:\/\/gaudiumetspes-blog.pl\/index.php\/2012\/08\/27\/pamietajcie-o-mnie-przy-otarzu-panski\/","og_locale":"pl_PL","og_type":"article","og_title":"Pami\u0119tajcie o mnie przy o\u0142tarzu Pa\u0144skim... - Gaudium Et Spes","og_description":"Szcz\u0119\u015b\u0107 Bo\u017ce! Moi Drodzy, dzisiaj z czterdziestk\u0105 M\u0142odzie\u017cy z Parafii Celestyn\u00f3w (i nie tylko) wyruszamy na podb\u00f3j Czarnej Ha\u0144czy i Kana\u0142u Augustowskiego &#8211; na sp\u0142yw kajakowy. Dzisiaj na kajakach b\u0119dziemy raczej kr\u00f3tko, jutro d\u0142u\u017cej. Modlimy si\u0119 o dobr\u0105 pogod\u0119 i o to, by ca\u0142e to dzie\u0142o pomno\u017cy\u0142o chwa\u0142\u0119 Bo\u017c\u0105, a nam &#8211; przynios\u0142o duchowy po\u017cytek. [&hellip;]","og_url":"https:\/\/gaudiumetspes-blog.pl\/index.php\/2012\/08\/27\/pamietajcie-o-mnie-przy-otarzu-panski\/","og_site_name":"Gaudium Et Spes","article_published_time":"2012-08-27T02:43:00+00:00","article_modified_time":"2019-07-31T10:53:30+00:00","author":"Ks. Jacek","twitter_card":"summary_large_image","twitter_misc":{"Napisane przez":"Ks. Jacek","Szacowany czas czytania":"9 minut"},"schema":{"@context":"https:\/\/schema.org","@graph":[{"@type":"WebPage","@id":"https:\/\/gaudiumetspes-blog.pl\/index.php\/2012\/08\/27\/pamietajcie-o-mnie-przy-otarzu-panski\/","url":"https:\/\/gaudiumetspes-blog.pl\/index.php\/2012\/08\/27\/pamietajcie-o-mnie-przy-otarzu-panski\/","name":"Pami\u0119tajcie o mnie przy o\u0142tarzu Pa\u0144skim... - Gaudium Et Spes","isPartOf":{"@id":"https:\/\/gaudiumetspes-blog.pl\/#website"},"datePublished":"2012-08-27T02:43:00+00:00","dateModified":"2019-07-31T10:53:30+00:00","author":{"@id":"https:\/\/gaudiumetspes-blog.pl\/#\/schema\/person\/1661982992b752dea8dff0d4ed845a65"},"breadcrumb":{"@id":"https:\/\/gaudiumetspes-blog.pl\/index.php\/2012\/08\/27\/pamietajcie-o-mnie-przy-otarzu-panski\/#breadcrumb"},"inLanguage":"pl-PL","potentialAction":[{"@type":"ReadAction","target":["https:\/\/gaudiumetspes-blog.pl\/index.php\/2012\/08\/27\/pamietajcie-o-mnie-przy-otarzu-panski\/"]}]},{"@type":"BreadcrumbList","@id":"https:\/\/gaudiumetspes-blog.pl\/index.php\/2012\/08\/27\/pamietajcie-o-mnie-przy-otarzu-panski\/#breadcrumb","itemListElement":[{"@type":"ListItem","position":1,"name":"Strona g\u0142\u00f3wna","item":"https:\/\/gaudiumetspes-blog.pl\/"},{"@type":"ListItem","position":2,"name":"Pami\u0119tajcie o&nbsp;mnie przy o\u0142tarzu Pa\u0144skim&#8230;"}]},{"@type":"WebSite","@id":"https:\/\/gaudiumetspes-blog.pl\/#website","url":"https:\/\/gaudiumetspes-blog.pl\/","name":"Gaudium Et Spes","description":"Blog Ks. Jacka Ja\u015bkowskiego","potentialAction":[{"@type":"SearchAction","target":{"@type":"EntryPoint","urlTemplate":"https:\/\/gaudiumetspes-blog.pl\/?s={search_term_string}"},"query-input":{"@type":"PropertyValueSpecification","valueRequired":true,"valueName":"search_term_string"}}],"inLanguage":"pl-PL"},{"@type":"Person","@id":"https:\/\/gaudiumetspes-blog.pl\/#\/schema\/person\/1661982992b752dea8dff0d4ed845a65","name":"Ks. Jacek","image":{"@type":"ImageObject","inLanguage":"pl-PL","@id":"https:\/\/gaudiumetspes-blog.pl\/#\/schema\/person\/image\/","url":"https:\/\/gaudiumetspes-blog.pl\/wp-content\/uploads\/2019\/07\/avatar-JJ-150x150.jpg","contentUrl":"https:\/\/gaudiumetspes-blog.pl\/wp-content\/uploads\/2019\/07\/avatar-JJ-150x150.jpg","caption":"Ks. Jacek"},"description":"Witam serdecznie! K\u0142ania si\u0119 Ks. Jacek Ja\u015bkowski. Nie jestem ani kim\u015b wa\u017cnym, ani kim\u015b znanym. Jestem ksi\u0119dzem, kt\u00f3ry po prostu chce rozmawia\u0107. Codzienna kap\u0142a\u0144ska pos\u0142uga pokazuje mi, \u017ce temat\u00f3w do rozm\u00f3w z ksi\u0119dzem jest coraz wi\u0119cej i dzisiaj \u017caden ksi\u0105dz nie mo\u017ce od nich ucieka\u0107, ale - wprost przeciwnie - podejmowa\u0107 nowe wyzwania. To przekonanie sk\u0142oni\u0142o mnie do pr\u00f3by otwarcia tego\u017c bloga, chocia\u017c okazji do rozm\u00f3w na co dzie\u0144 - w konfesjonale i poza nim - na szcz\u0119\u015bcie nie brakuje. My\u015bl\u0119 jednak, \u017ce ten blog b\u0119dzie jeszcze jednym sposobem i przestrzeni\u0105 nawi\u0105zania kontaktu z lud\u017ami dobrej woli, otwartymi na dialog.","url":"https:\/\/gaudiumetspes-blog.pl\/index.php\/author\/ks-jacek\/"}]}},"jetpack_featured_media_url":"","jetpack_sharing_enabled":true,"_links":{"self":[{"href":"https:\/\/gaudiumetspes-blog.pl\/index.php\/wp-json\/wp\/v2\/posts\/9385","targetHints":{"allow":["GET"]}}],"collection":[{"href":"https:\/\/gaudiumetspes-blog.pl\/index.php\/wp-json\/wp\/v2\/posts"}],"about":[{"href":"https:\/\/gaudiumetspes-blog.pl\/index.php\/wp-json\/wp\/v2\/types\/post"}],"author":[{"embeddable":true,"href":"https:\/\/gaudiumetspes-blog.pl\/index.php\/wp-json\/wp\/v2\/users\/1"}],"replies":[{"embeddable":true,"href":"https:\/\/gaudiumetspes-blog.pl\/index.php\/wp-json\/wp\/v2\/comments?post=9385"}],"version-history":[{"count":1,"href":"https:\/\/gaudiumetspes-blog.pl\/index.php\/wp-json\/wp\/v2\/posts\/9385\/revisions"}],"predecessor-version":[{"id":10698,"href":"https:\/\/gaudiumetspes-blog.pl\/index.php\/wp-json\/wp\/v2\/posts\/9385\/revisions\/10698"}],"wp:attachment":[{"href":"https:\/\/gaudiumetspes-blog.pl\/index.php\/wp-json\/wp\/v2\/media?parent=9385"}],"wp:term":[{"taxonomy":"category","embeddable":true,"href":"https:\/\/gaudiumetspes-blog.pl\/index.php\/wp-json\/wp\/v2\/categories?post=9385"},{"taxonomy":"post_tag","embeddable":true,"href":"https:\/\/gaudiumetspes-blog.pl\/index.php\/wp-json\/wp\/v2\/tags?post=9385"}],"curies":[{"name":"wp","href":"https:\/\/api.w.org\/{rel}","templated":true}]}}