{"id":9388,"date":"2012-08-24T06:36:00","date_gmt":"2012-08-24T04:36:00","guid":{"rendered":"https:\/\/gaudiumetspes-blog.pl\/index.php\/2012\/08\/24\/rabbi-skad-mnie-znasz\/"},"modified":"2019-07-31T12:53:30","modified_gmt":"2019-07-31T10:53:30","slug":"rabbi-skad-mnie-znasz","status":"publish","type":"post","link":"https:\/\/gaudiumetspes-blog.pl\/index.php\/2012\/08\/24\/rabbi-skad-mnie-znasz\/","title":{"rendered":"Rabbi, sk\u0105d mnie znasz?"},"content":{"rendered":"<p><\/p>\n<div class=\"MsoNormal\" style=\"text-align: justify;\">\nSzcz\u0119\u015b\u0107 Bo\u017ce! Witam i pozdrawiam serdecznie z czego\u015b, co zwyk\u0142o si\u0119 nazywa\u0107 urlopem. Pami\u0119tam o Was codziennie w modlitwie, szczeg\u00f3lnie o 20.00, ale nie tylko, a na dzisiaj polecam Waszej uwadze \u015bwiadectwo \u017cycia i \u015bwi\u0119to\u015bci jednego z Aposto\u0142\u00f3w. Przeczytajcie tak\u017ce artyku\u0142y, kt\u00f3re wczoraj zaproponowa\u0142 nam Robert!<\/div>\n<div class=\"MsoNormal\" style=\"text-align: justify;\">\n&nbsp; &nbsp; &nbsp; &nbsp; &nbsp; Gaudium et spes! &nbsp;Ks. Jacek<\/div>\n<div class=\"MsoNormal\" style=\"text-align: justify;\">\n<b><br \/><\/b><\/div>\n<div class=\"MsoNormal\" style=\"text-align: justify;\">\n<b>\u015awi\u0119to \u015aw.<br \/>\nBart\u0142omieja Aposto\u0142a,<\/b><\/div>\n<div class=\"MsoNormal\" style=\"text-align: justify;\">\n<b>do czyta\u0144 z<br \/>\nt. VI Lekcjonarza:&nbsp; Ap 21,9b\u201314;&nbsp; J 1,45\u201351<\/b><\/div>\n<div class=\"MsoNormal\" style=\"text-align: justify;\">\n<\/div>\n<div class=\"MsoNormal\" style=\"text-align: justify;\">\n<b>CZYTANIE Z KSI\u0118GI APOKALIPSY \u015aWI\u0118TEGO JANA APOSTO\u0141A:&nbsp;<\/b><\/div>\n<div class=\"MsoNormal\" style=\"text-align: justify; text-indent: 35.4pt;\">\n<b>Anio\u0142<br \/>\ntak si\u0119 do mnie odezwa\u0142: \u201eChod\u017a, uka\u017c\u0119 ci Oblubienic\u0119, Ma\u0142\u017conk\u0119 Baranka\u201d.<\/b><b><\/b><\/div>\n<div class=\"MsoNormal\" style=\"text-align: justify; text-indent: 35.4pt;\">\n<b>I<br \/>\nuni\u00f3s\u0142 mnie w zachwyceniu na g\u00f3r\u0119 wielk\u0105 i wynios\u0142\u0105, i ukaza\u0142 mi Miasto \u015bwi\u0119te,<br \/>\nJeruzalem, zst\u0119puj\u0105ce z nieba od Boga, maj\u0105ce chwa\u0142\u0119 Boga. \u0179r\u00f3d\u0142o jego \u015bwiat\u0142a<br \/>\npodobne do kamienia drogocennego, jakby do jaspisu o przejrzysto\u015bci kryszta\u0142u.&nbsp;<\/b><\/div>\n<div class=\"MsoNormal\" style=\"text-align: justify; text-indent: 35.4pt;\">\n<b>Mia\u0142o<br \/>\nono mur wielki a wysoki, mia\u0142o dwana\u015bcie bram, a na bramach dwunastu anio\u0142\u00f3w i<br \/>\nwypisane imiona, kt\u00f3re s\u0105 imionami dwunastu pokole\u0144 syn\u00f3w Izraela.&nbsp;<\/b><\/div>\n<div class=\"MsoNormal\" style=\"text-align: justify; text-indent: 35.4pt;\">\n<b>Od<br \/>\nwschodu trzy bramy i od p\u00f3\u0142nocy trzy bramy, i od po\u0142udnia trzy bramy, i od<br \/>\nzachodu trzy bramy. A mur Miasta ma dwana\u015bcie warstw fundamentu, a na nich<br \/>\ndwana\u015bcie imion dwunastu aposto\u0142\u00f3w Baranka.<\/b><\/div>\n<div class=\"MsoNormal\" style=\"text-align: justify;\">\n<\/div>\n<div class=\"MsoNormal\" style=\"text-align: justify;\">\n<b>S\u0141OWA EWANGELII WED\u0141UG \u015aWI\u0118TEGO JANA:<\/b><\/div>\n<div class=\"MsoNormal\" style=\"text-align: justify; text-indent: 35.4pt;\">\n<b>Filip<br \/>\nspotka\u0142 Natanaela i powiedzia\u0142 do niego: \u201eZnale\u017ali\u015bmy Tego, o kt\u00f3rym pisa\u0142<br \/>\nMoj\u017cesz w Prawie i Prorocy, Jezusa, syna J\u00f3zefa, z Nazaretu\u201d. Rzek\u0142 do niego<br \/>\nNatanael: \u201eCzy\u017c mo\u017ce by\u0107 co dobrego z Nazaretu?\u201d Odpowiedzia\u0142 mu Filip: \u201eChod\u017a<br \/>\ni zobacz\u201d.<\/b><b><\/b><\/div>\n<div class=\"MsoNormal\" style=\"text-align: justify; text-indent: 35.4pt;\">\n<b>Jezus<br \/>\nujrza\u0142, jak Natanael zbli\u017ca\u0142 si\u0119 do Niego, i powiedzia\u0142 o nim: \u201ePatrz, to<br \/>\nprawdziwy Izraelita, w kt\u00f3rym nie ma podst\u0119pu\u201d. Powiedzia\u0142 do Niego Natanael:<br \/>\n\u201eSk\u0105d mnie znasz?\u201d Odrzek\u0142 mu Jezus: \u201eWidzia\u0142em ci\u0119, zanim ci\u0119 zawo\u0142a\u0142 Filip,<br \/>\ngdy by\u0142e\u015b pod drzewem figowym\u201d.&nbsp;<\/b><\/div>\n<div class=\"MsoNormal\" style=\"text-align: justify; text-indent: 35.4pt;\">\n<b>Odpowiedzia\u0142<br \/>\nMu Natanael: \u201eRabbi, Ty jeste\u015b Synem Bo\u017cym, Ty jeste\u015b kr\u00f3lem Izraela!\u201d Odpar\u0142<br \/>\nmu Jezus: \u201eCzy dlatego wierzysz, \u017ce powiedzia\u0142em ci: \u201eWidzia\u0142em ci\u0119 pod drzewem<br \/>\nfigowym\u201d? Zobaczysz jeszcze wi\u0119cej ni\u017c to\u201d.&nbsp;<\/b><\/div>\n<div class=\"MsoNormal\" style=\"text-align: justify;\">\n<b>Potem powiedzia\u0142 do niego: \u201eZaprawd\u0119,<br \/>\nzaprawd\u0119, powiadam wam: Ujrzycie niebiosa otwarte i anio\u0142\u00f3w Bo\u017cych wst\u0119puj\u0105cych<br \/>\ni zst\u0119puj\u0105cych na Syna Cz\u0142owieczego\u201d.<\/b><\/div>\n<div class=\"MsoNormal\" style=\"text-align: justify;\">\n<\/div>\n<div class=\"MsoNormal\" style=\"text-align: justify; text-indent: 35.4pt;\">\nPatron dnia dzisiejszego, <b>\u015awi\u0119ty Bart\u0142omiej, jest jednym z dwunastu<br \/>\nAposto\u0142\u00f3w,<\/b> kt\u00f3rych wybra\u0142 sobie Jezus spo\u015br\u00f3d kilkudziesi\u0119ciu uczni\u00f3w. W<br \/>\nEwangeliach spotykamy dwa imiona: <b>Bart\u0142omiej<br \/>\ni Natanael,<\/b> przy czym Ewangeli\u015bci Mateusz, \u0141ukasz i Marek u\u017cywaj\u0105 tego<br \/>\npierwszego, natomiast Jan pos\u0142uguje si\u0119 imieniem drugim. Chodzi jednak o t\u0119<br \/>\nsam\u0105 osob\u0119. <\/div>\n<div class=\"MsoNormal\" style=\"text-align: justify; text-indent: 35.4pt;\">\nJan pisze o Natanaelu jako<br \/>\no Apostole. Ponadto akcentuje wyra\u017anie, \u017ce <b>Natanaela<br \/>\n\u0142\u0105czy\u0142a przyja\u017a\u0144 z Filipem Aposto\u0142em,<\/b> a inni Ewangeli\u015bci umieszczaj\u0105<br \/>\nBart\u0142omieja zawsze w\u0142a\u015bnie przy Filipie w katalogach Aposto\u0142\u00f3w. Co wi\u0119cej, <b>s\u0105 oni nawet wymienieni ze sp\u00f3jnikiem \u201ei\u201d:<br \/>\n\u201eFilip i Bart\u0142omiej\u201d. <\/b><\/div>\n<div class=\"MsoNormal\" style=\"text-align: justify; text-indent: 35.4pt;\">\nAramejskie s\u0142owo <b>\u201eBartolmaj\u201d<br \/>\nznaczy tyle, co \u201esyn Tolmaja\u201d,<\/b> a z tym imieniem spotykamy si\u0119 w Biblii<br \/>\nkilka razy. Z kolei, wyraz <b>\u201eNatanael\u201d jest imieniem hebrajskim i<br \/>\nznaczy tyle, co \u201eB\u00f3g da\u0142\u201d.<\/b> Je\u015bli Bart\u0142omiej jest uto\u017csamiany z Natanaelem,<br \/>\nto dlatego, \u017ce jego imi\u0119 w ca\u0142o\u015bci brzmi: \u201eNatanael, bar Tholmai\u201d \u2013 \u201eNatanael, syn Tolmaja\u201d. <\/div>\n<div class=\"MsoNormal\" style=\"text-align: justify; text-indent: 35.4pt;\">\nEwangeli\u015bci wymieniaj\u0105 imi\u0119<br \/>\nBart\u0142omieja zasadniczo jedynie w katalogach Aposto\u0142\u00f3w, a \u015awi\u0119ty Jan dodatkowo<br \/>\npodaje, \u017ce pochodzi\u0142 z Kany Galilejskiej <b>i<br \/>\nopisuje szczeg\u00f3\u0142owo pierwsze jego spotkanie z Chrystusem. <\/b>Ewangelista<b> <\/b>by\u0142 naocznym \u015bwiadkiem tego\u017c<br \/>\nspotkania, a jego przebieg us\u0142yszeli\u015bmy w dzisiejszej Ewangelii. To <b>Filip, ucze\u0144 Pana Jezusa, p\u00f3\u017aniejszy<br \/>\nAposto\u0142, przyprowadzi\u0142 Natanaela do Chrystusa<\/b> i dlatego zawsze w wykazie<br \/>\nAposto\u0142\u00f3w Natanael znajduje si\u0119 tu\u017c za Filipem. Niekt\u00f3rzy uwa\u017caj\u0105, \u017ce to<br \/>\nw\u0142a\u015bnie na weselu Natanaela w Kanie by\u0142 Chrystus z uczniami i Matk\u0105, gdzie na<br \/>\nJej pro\u015bb\u0119 dokona\u0142 pierwszego cudu. <\/div>\n<div class=\"MsoNormal\" style=\"text-align: justify; text-indent: 35.4pt;\">\nZ us\u0142yszanego dzi\u015b przez<br \/>\nnas opisu pierwszego spotkania wynika, \u017ce <b>Natanael<br \/>\nnie by\u0142 zbyt pozytywnie nastawiony do mieszka\u0144c\u00f3w Nazaretu.<\/b> Kiedy jednak<br \/>\nus\u0142ysza\u0142 s\u0142owa Chrystusa i pozna\u0142, \u017ce Chrystus przenikn\u0105\u0142 g\u0142\u0119bi\u0119 jego serca i<br \/>\nduszy, <b>od razu zdecydowanie w Niego i<br \/>\nJemu uwierzy\u0142.<\/b> \u015awiadczy to o wielkiej jego prawo\u015bci i otwarciu na dzia\u0142anie<br \/>\n\u0142aski Bo\u017cej. <b>Odt\u0105d ju\u017c na zawsze<br \/>\npozosta\u0142 przy Chrystusie.<\/b> \u015awi\u0119ty Jan Ewangelista wspomina jeszcze, \u017ce bra\u0142<br \/>\non udzia\u0142 w cudownym po\u0142owie ryb na jeziorze Genezaret po zmartwychwstaniu<br \/>\nChrystusa. <\/div>\n<div class=\"MsoNormal\" style=\"text-align: justify; text-indent: 35.4pt;\">\n<b>Tradycja chrze\u015bcija\u0144ska ma niewiele do powiedzenia o naszym<br \/>\ndzisiejszym Patronie.<\/b><br \/>\nZainteresowanie innymi Aposto\u0142ami jest znacznie wi\u0119ksze, za\u015b <b>posta\u0107 Bart\u0142omieja pozostaje raczej w<br \/>\ncieniu.<\/b> W niekt\u00f3rych przekazach mo\u017cna znale\u017a\u0107 informacj\u0119, i\u017c g\u0142osi\u0142 on<br \/>\nnauk\u0119 Chrystusa w Etiopii, w innych \u2013 \u017ce w Arabii Saudyjskiej. Jeszcze inni s\u0105<br \/>\nzdania, \u017ce \u015awi\u0119ty Bart\u0142omiej pracowa\u0142 w\u015br\u00f3d Part\u00f3w i w Mezopotamii. Ta rozbie\u017cno\u015b\u0107<br \/>\npokazuje, jak ma\u0142o wiemy o losach Aposto\u0142a po Wniebowst\u0105pieniu Pana Jezusa.<br \/>\nJako <b>przypuszczaln\u0105 dat\u0119 \u015bmierci<br \/>\nm\u0119cze\u0144skiej Aposto\u0142a podaje si\u0119 rok 70.<\/b> Zaraz po \u015bmierci zacz\u0119to czci\u0107 go<br \/>\njako m\u0119czennika za wiar\u0119 Chrystusow\u0105. Kult za\u015b Bart\u0142omieja datuje si\u0119 od V<br \/>\nwieku. <\/div>\n<div class=\"MsoNormal\" style=\"text-align: justify; text-indent: 35.4pt;\">\nW pierwszym czytaniu, z<br \/>\nKsi\u0119gi Apokalipsy, razem z Janem Aposto\u0142em dajemy si\u0119 Anio\u0142owi poprowadzi\u0107 <b><i>na<br \/>\ng\u00f3r\u0119 wielk\u0105 i wynios\u0142\u0105,<\/i><\/b> aby zobaczy\u0107 <b><i>Miasto \u015awi\u0119te, Jeruzalem<br \/>\nzst\u0119puj\u0105ce od Boga<\/i><\/b>. Oczywi\u015bcie, jest to <b>tyle\u017c zachwycaj\u0105ca, co tajemnicza wizja, dlatego mo\u017ce wydawa\u0107 si\u0119 nam<br \/>\nnierealna,<\/b> chocia\u017c Jan opisuje j\u0105 bardzo szczeg\u00f3\u0142owo. Pod tym wzgl\u0119dem<br \/>\nzapewne o wiele bli\u017csza nam jest historia wezwania Natanaela, bo dokona\u0142a si\u0119<br \/>\nona <b>w realiach takiej zwyk\u0142ej, ludzkiej<br \/>\ncodzienno\u015bci.<\/b> W\u0142a\u015bciwie, mo\u017cna by rzec, \u017ce tam nic wielkiego i porywaj\u0105cego<br \/>\nsi\u0119 nie dokona\u0142o, a nawet by\u0142y <b>swoiste<br \/>\nproblemy z przyj\u0119ciem owego wezwania, <\/b>gdy\u017c \u2013 jako rzekli\u015bmy \u2013 Natanael nie<br \/>\nod razu wierzy\u0142, \u017ce Jezus jest zapowiedzianym Mesjaszem, skoro pochodzi\u0142 z<br \/>\nNazaretu\u2026 <\/div>\n<div class=\"MsoNormal\" style=\"text-align: justify; text-indent: 35.4pt;\">\nKochani, my\u015bl\u0119, \u017ce nam si\u0119<br \/>\ncz\u0119\u015bciej zdarza spotyka\u0107 z Bo\u017cymi wezwaniami i zaproszeniami w\u0142a\u015bnie w takich <b>codziennych, zwyk\u0142ych okoliczno\u015bciach, a<br \/>\nnie w jakich\u015b nadzwyczajnych i cudownych.<\/b> I dobrze, bo gdyby\u015bmy mieli nawet<br \/>\ntakie wizje, jakie mia\u0142 Jan na wyspie Patmos, to i tak <b>trzeba by je umie\u0107 \u201eprze\u0142o\u017cy\u0107\u201d, \u201eprzet\u0142umaczy\u0107\u201d na codzienne \u017cycie<\/b><br \/>\ni na codzienne nasze dzia\u0142anie, inaczej pozosta\u0142yby bezu\u017cyteczne. <\/div>\n<div class=\"MsoNormal\" style=\"text-align: justify; text-indent: 35.4pt;\">\nDlatego nie czekajmy na<br \/>\n\u017cadne cudowno\u015bci i nadzwyczajne objawienia, nie czekajmy na przys\u0142owiowe \u201egromy<br \/>\nz jasnego nieba\u201d, ale <b>dajmy si\u0119<br \/>\npoprowadzi\u0107 Jezusowi, kt\u00f3ry ka\u017cdego dnia stawia na naszej drodze ludzi, albo<br \/>\nsytuacje, poprzez kt\u00f3re do nas m\u00f3wi,<\/b> zaprasza nas, pociesza, poucza,<br \/>\npodtrzymuje na duchu. I czyni nas <b>swymi<br \/>\naposto\u0142ami,<\/b> aby\u015bmy to my byli tymi, kt\u00f3rzy jak Filip Natanaela \u2013 b\u0119dziemy <b>prowadzi\u0107 do Jezusa.<\/b><\/div>\n<div class=\"MsoNormal\" style=\"text-align: justify; text-indent: 35.4pt;\">\nMaj\u0105c to na uwadze, przez<br \/>\nchwil\u0119 pomy\u015blmy:<\/div>\n<div class=\"MsoNormal\" style=\"margin-left: 36.0pt; mso-list: l0 level1 lfo1; tab-stops: list 36.0pt; text-align: justify; text-indent: -18.0pt;\">\n\u00b7&nbsp;&nbsp;&nbsp;&nbsp;&nbsp;&nbsp;&nbsp;<br \/>\nCzy<br \/>\ntak, jak Natanael, pozwalam si\u0119 Jezusowi poprowadzi\u0107 Jego nauk\u0105?<\/div>\n<div class=\"MsoNormal\" style=\"margin-left: 36.0pt; mso-list: l0 level1 lfo1; tab-stops: list 36.0pt; text-align: justify; text-indent: -18.0pt;\">\n\u00b7&nbsp;&nbsp;&nbsp;&nbsp;&nbsp;&nbsp;&nbsp;<br \/>\nCzy<br \/>\ntak, jak Filip, mam odwag\u0119 innych poprowadzi\u0107 do Jezusa, zach\u0119ci\u0107 do spotkania<br \/>\nz Nim?<\/div>\n<div class=\"MsoNormal\" style=\"margin-left: 36.0pt; mso-list: l0 level1 lfo1; tab-stops: list 36.0pt; text-align: justify; text-indent: -18.0pt;\">\n\u00b7&nbsp;&nbsp;&nbsp;&nbsp;&nbsp;&nbsp;&nbsp;<br \/>\nCzy<br \/>\ntak, jak Jezus, jestem z mi\u0142o\u015bci\u0105 otwarty na spotkanie z ka\u017cdym cz\u0142owiekiem?<\/div>\n<div class=\"MsoNormal\" style=\"text-align: justify;\">\n<\/div>\n<div class=\"MsoNormal\" style=\"text-align: justify;\">\n<b><i>Ujrzycie niebiosa otwarte i anio\u0142\u00f3w<br \/>\nBo\u017cych wst\u0119puj\u0105cych i zst\u0119puj\u0105cych na Syna Cz\u0142owieczego<\/i><\/b><b>.<\/b><\/div>\n","protected":false},"excerpt":{"rendered":"<p>Szcz\u0119\u015b\u0107 Bo\u017ce! Witam i pozdrawiam serdecznie z czego\u015b, co zwyk\u0142o si\u0119 nazywa\u0107 urlopem. Pami\u0119tam o Was codziennie w modlitwie, szczeg\u00f3lnie o 20.00, ale nie tylko, a na dzisiaj polecam Waszej uwadze \u015bwiadectwo \u017cycia i \u015bwi\u0119to\u015bci jednego z Aposto\u0142\u00f3w. Przeczytajcie tak\u017ce artyku\u0142y, kt\u00f3re wczoraj zaproponowa\u0142 nam Robert! &nbsp; &nbsp; &nbsp; &nbsp; &nbsp; Gaudium et spes! &nbsp;Ks. [&hellip;]<\/p>\n","protected":false},"author":1,"featured_media":0,"comment_status":"open","ping_status":"open","sticky":false,"template":"","format":"standard","meta":{"jetpack_post_was_ever_published":false,"_jetpack_newsletter_access":"","_jetpack_dont_email_post_to_subs":false,"_jetpack_newsletter_tier_id":0,"_jetpack_memberships_contains_paywalled_content":false,"_jetpack_memberships_contains_paid_content":false,"footnotes":""},"categories":[1],"tags":[],"class_list":["post-9388","post","type-post","status-publish","format-standard","hentry","category-bez-kategorii"],"yoast_head":"<!-- This site is optimized with the Yoast SEO plugin v25.1 - https:\/\/yoast.com\/wordpress\/plugins\/seo\/ -->\n<title>Rabbi, sk\u0105d mnie znasz? - Gaudium Et Spes<\/title>\n<meta name=\"robots\" content=\"index, follow, max-snippet:-1, max-image-preview:large, max-video-preview:-1\" \/>\n<link rel=\"canonical\" href=\"https:\/\/gaudiumetspes-blog.pl\/index.php\/2012\/08\/24\/rabbi-skad-mnie-znasz\/\" \/>\n<meta property=\"og:locale\" content=\"pl_PL\" \/>\n<meta property=\"og:type\" content=\"article\" \/>\n<meta property=\"og:title\" content=\"Rabbi, sk\u0105d mnie znasz? - Gaudium Et Spes\" \/>\n<meta property=\"og:description\" content=\"Szcz\u0119\u015b\u0107 Bo\u017ce! Witam i pozdrawiam serdecznie z czego\u015b, co zwyk\u0142o si\u0119 nazywa\u0107 urlopem. Pami\u0119tam o Was codziennie w modlitwie, szczeg\u00f3lnie o 20.00, ale nie tylko, a na dzisiaj polecam Waszej uwadze \u015bwiadectwo \u017cycia i \u015bwi\u0119to\u015bci jednego z Aposto\u0142\u00f3w. Przeczytajcie tak\u017ce artyku\u0142y, kt\u00f3re wczoraj zaproponowa\u0142 nam Robert! &nbsp; &nbsp; &nbsp; &nbsp; &nbsp; Gaudium et spes! &nbsp;Ks. [&hellip;]\" \/>\n<meta property=\"og:url\" content=\"https:\/\/gaudiumetspes-blog.pl\/index.php\/2012\/08\/24\/rabbi-skad-mnie-znasz\/\" \/>\n<meta property=\"og:site_name\" content=\"Gaudium Et Spes\" \/>\n<meta property=\"article:published_time\" content=\"2012-08-24T04:36:00+00:00\" \/>\n<meta property=\"article:modified_time\" content=\"2019-07-31T10:53:30+00:00\" \/>\n<meta name=\"author\" content=\"Ks. Jacek\" \/>\n<meta name=\"twitter:card\" content=\"summary_large_image\" \/>\n<meta name=\"twitter:label1\" content=\"Napisane przez\" \/>\n\t<meta name=\"twitter:data1\" content=\"Ks. Jacek\" \/>\n\t<meta name=\"twitter:label2\" content=\"Szacowany czas czytania\" \/>\n\t<meta name=\"twitter:data2\" content=\"6 minut\" \/>\n<script type=\"application\/ld+json\" class=\"yoast-schema-graph\">{\"@context\":\"https:\/\/schema.org\",\"@graph\":[{\"@type\":\"WebPage\",\"@id\":\"https:\/\/gaudiumetspes-blog.pl\/index.php\/2012\/08\/24\/rabbi-skad-mnie-znasz\/\",\"url\":\"https:\/\/gaudiumetspes-blog.pl\/index.php\/2012\/08\/24\/rabbi-skad-mnie-znasz\/\",\"name\":\"Rabbi, sk\u0105d mnie znasz? - Gaudium Et Spes\",\"isPartOf\":{\"@id\":\"https:\/\/gaudiumetspes-blog.pl\/#website\"},\"datePublished\":\"2012-08-24T04:36:00+00:00\",\"dateModified\":\"2019-07-31T10:53:30+00:00\",\"author\":{\"@id\":\"https:\/\/gaudiumetspes-blog.pl\/#\/schema\/person\/1661982992b752dea8dff0d4ed845a65\"},\"breadcrumb\":{\"@id\":\"https:\/\/gaudiumetspes-blog.pl\/index.php\/2012\/08\/24\/rabbi-skad-mnie-znasz\/#breadcrumb\"},\"inLanguage\":\"pl-PL\",\"potentialAction\":[{\"@type\":\"ReadAction\",\"target\":[\"https:\/\/gaudiumetspes-blog.pl\/index.php\/2012\/08\/24\/rabbi-skad-mnie-znasz\/\"]}]},{\"@type\":\"BreadcrumbList\",\"@id\":\"https:\/\/gaudiumetspes-blog.pl\/index.php\/2012\/08\/24\/rabbi-skad-mnie-znasz\/#breadcrumb\",\"itemListElement\":[{\"@type\":\"ListItem\",\"position\":1,\"name\":\"Strona g\u0142\u00f3wna\",\"item\":\"https:\/\/gaudiumetspes-blog.pl\/\"},{\"@type\":\"ListItem\",\"position\":2,\"name\":\"Rabbi, sk\u0105d mnie znasz?\"}]},{\"@type\":\"WebSite\",\"@id\":\"https:\/\/gaudiumetspes-blog.pl\/#website\",\"url\":\"https:\/\/gaudiumetspes-blog.pl\/\",\"name\":\"Gaudium Et Spes\",\"description\":\"Blog Ks. Jacka Ja\u015bkowskiego\",\"potentialAction\":[{\"@type\":\"SearchAction\",\"target\":{\"@type\":\"EntryPoint\",\"urlTemplate\":\"https:\/\/gaudiumetspes-blog.pl\/?s={search_term_string}\"},\"query-input\":{\"@type\":\"PropertyValueSpecification\",\"valueRequired\":true,\"valueName\":\"search_term_string\"}}],\"inLanguage\":\"pl-PL\"},{\"@type\":\"Person\",\"@id\":\"https:\/\/gaudiumetspes-blog.pl\/#\/schema\/person\/1661982992b752dea8dff0d4ed845a65\",\"name\":\"Ks. Jacek\",\"image\":{\"@type\":\"ImageObject\",\"inLanguage\":\"pl-PL\",\"@id\":\"https:\/\/gaudiumetspes-blog.pl\/#\/schema\/person\/image\/\",\"url\":\"https:\/\/gaudiumetspes-blog.pl\/wp-content\/uploads\/2019\/07\/avatar-JJ-150x150.jpg\",\"contentUrl\":\"https:\/\/gaudiumetspes-blog.pl\/wp-content\/uploads\/2019\/07\/avatar-JJ-150x150.jpg\",\"caption\":\"Ks. Jacek\"},\"description\":\"Witam serdecznie! K\u0142ania si\u0119 Ks. Jacek Ja\u015bkowski. Nie jestem ani kim\u015b wa\u017cnym, ani kim\u015b znanym. Jestem ksi\u0119dzem, kt\u00f3ry po prostu chce rozmawia\u0107. Codzienna kap\u0142a\u0144ska pos\u0142uga pokazuje mi, \u017ce temat\u00f3w do rozm\u00f3w z ksi\u0119dzem jest coraz wi\u0119cej i dzisiaj \u017caden ksi\u0105dz nie mo\u017ce od nich ucieka\u0107, ale - wprost przeciwnie - podejmowa\u0107 nowe wyzwania. To przekonanie sk\u0142oni\u0142o mnie do pr\u00f3by otwarcia tego\u017c bloga, chocia\u017c okazji do rozm\u00f3w na co dzie\u0144 - w konfesjonale i poza nim - na szcz\u0119\u015bcie nie brakuje. My\u015bl\u0119 jednak, \u017ce ten blog b\u0119dzie jeszcze jednym sposobem i przestrzeni\u0105 nawi\u0105zania kontaktu z lud\u017ami dobrej woli, otwartymi na dialog.\",\"url\":\"https:\/\/gaudiumetspes-blog.pl\/index.php\/author\/ks-jacek\/\"}]}<\/script>\n<!-- \/ Yoast SEO plugin. -->","yoast_head_json":{"title":"Rabbi, sk\u0105d mnie znasz? - Gaudium Et Spes","robots":{"index":"index","follow":"follow","max-snippet":"max-snippet:-1","max-image-preview":"max-image-preview:large","max-video-preview":"max-video-preview:-1"},"canonical":"https:\/\/gaudiumetspes-blog.pl\/index.php\/2012\/08\/24\/rabbi-skad-mnie-znasz\/","og_locale":"pl_PL","og_type":"article","og_title":"Rabbi, sk\u0105d mnie znasz? - Gaudium Et Spes","og_description":"Szcz\u0119\u015b\u0107 Bo\u017ce! Witam i pozdrawiam serdecznie z czego\u015b, co zwyk\u0142o si\u0119 nazywa\u0107 urlopem. Pami\u0119tam o Was codziennie w modlitwie, szczeg\u00f3lnie o 20.00, ale nie tylko, a na dzisiaj polecam Waszej uwadze \u015bwiadectwo \u017cycia i \u015bwi\u0119to\u015bci jednego z Aposto\u0142\u00f3w. Przeczytajcie tak\u017ce artyku\u0142y, kt\u00f3re wczoraj zaproponowa\u0142 nam Robert! &nbsp; &nbsp; &nbsp; &nbsp; &nbsp; Gaudium et spes! &nbsp;Ks. [&hellip;]","og_url":"https:\/\/gaudiumetspes-blog.pl\/index.php\/2012\/08\/24\/rabbi-skad-mnie-znasz\/","og_site_name":"Gaudium Et Spes","article_published_time":"2012-08-24T04:36:00+00:00","article_modified_time":"2019-07-31T10:53:30+00:00","author":"Ks. Jacek","twitter_card":"summary_large_image","twitter_misc":{"Napisane przez":"Ks. Jacek","Szacowany czas czytania":"6 minut"},"schema":{"@context":"https:\/\/schema.org","@graph":[{"@type":"WebPage","@id":"https:\/\/gaudiumetspes-blog.pl\/index.php\/2012\/08\/24\/rabbi-skad-mnie-znasz\/","url":"https:\/\/gaudiumetspes-blog.pl\/index.php\/2012\/08\/24\/rabbi-skad-mnie-znasz\/","name":"Rabbi, sk\u0105d mnie znasz? - Gaudium Et Spes","isPartOf":{"@id":"https:\/\/gaudiumetspes-blog.pl\/#website"},"datePublished":"2012-08-24T04:36:00+00:00","dateModified":"2019-07-31T10:53:30+00:00","author":{"@id":"https:\/\/gaudiumetspes-blog.pl\/#\/schema\/person\/1661982992b752dea8dff0d4ed845a65"},"breadcrumb":{"@id":"https:\/\/gaudiumetspes-blog.pl\/index.php\/2012\/08\/24\/rabbi-skad-mnie-znasz\/#breadcrumb"},"inLanguage":"pl-PL","potentialAction":[{"@type":"ReadAction","target":["https:\/\/gaudiumetspes-blog.pl\/index.php\/2012\/08\/24\/rabbi-skad-mnie-znasz\/"]}]},{"@type":"BreadcrumbList","@id":"https:\/\/gaudiumetspes-blog.pl\/index.php\/2012\/08\/24\/rabbi-skad-mnie-znasz\/#breadcrumb","itemListElement":[{"@type":"ListItem","position":1,"name":"Strona g\u0142\u00f3wna","item":"https:\/\/gaudiumetspes-blog.pl\/"},{"@type":"ListItem","position":2,"name":"Rabbi, sk\u0105d mnie znasz?"}]},{"@type":"WebSite","@id":"https:\/\/gaudiumetspes-blog.pl\/#website","url":"https:\/\/gaudiumetspes-blog.pl\/","name":"Gaudium Et Spes","description":"Blog Ks. Jacka Ja\u015bkowskiego","potentialAction":[{"@type":"SearchAction","target":{"@type":"EntryPoint","urlTemplate":"https:\/\/gaudiumetspes-blog.pl\/?s={search_term_string}"},"query-input":{"@type":"PropertyValueSpecification","valueRequired":true,"valueName":"search_term_string"}}],"inLanguage":"pl-PL"},{"@type":"Person","@id":"https:\/\/gaudiumetspes-blog.pl\/#\/schema\/person\/1661982992b752dea8dff0d4ed845a65","name":"Ks. Jacek","image":{"@type":"ImageObject","inLanguage":"pl-PL","@id":"https:\/\/gaudiumetspes-blog.pl\/#\/schema\/person\/image\/","url":"https:\/\/gaudiumetspes-blog.pl\/wp-content\/uploads\/2019\/07\/avatar-JJ-150x150.jpg","contentUrl":"https:\/\/gaudiumetspes-blog.pl\/wp-content\/uploads\/2019\/07\/avatar-JJ-150x150.jpg","caption":"Ks. Jacek"},"description":"Witam serdecznie! K\u0142ania si\u0119 Ks. Jacek Ja\u015bkowski. Nie jestem ani kim\u015b wa\u017cnym, ani kim\u015b znanym. Jestem ksi\u0119dzem, kt\u00f3ry po prostu chce rozmawia\u0107. Codzienna kap\u0142a\u0144ska pos\u0142uga pokazuje mi, \u017ce temat\u00f3w do rozm\u00f3w z ksi\u0119dzem jest coraz wi\u0119cej i dzisiaj \u017caden ksi\u0105dz nie mo\u017ce od nich ucieka\u0107, ale - wprost przeciwnie - podejmowa\u0107 nowe wyzwania. To przekonanie sk\u0142oni\u0142o mnie do pr\u00f3by otwarcia tego\u017c bloga, chocia\u017c okazji do rozm\u00f3w na co dzie\u0144 - w konfesjonale i poza nim - na szcz\u0119\u015bcie nie brakuje. My\u015bl\u0119 jednak, \u017ce ten blog b\u0119dzie jeszcze jednym sposobem i przestrzeni\u0105 nawi\u0105zania kontaktu z lud\u017ami dobrej woli, otwartymi na dialog.","url":"https:\/\/gaudiumetspes-blog.pl\/index.php\/author\/ks-jacek\/"}]}},"jetpack_featured_media_url":"","jetpack_sharing_enabled":true,"_links":{"self":[{"href":"https:\/\/gaudiumetspes-blog.pl\/index.php\/wp-json\/wp\/v2\/posts\/9388","targetHints":{"allow":["GET"]}}],"collection":[{"href":"https:\/\/gaudiumetspes-blog.pl\/index.php\/wp-json\/wp\/v2\/posts"}],"about":[{"href":"https:\/\/gaudiumetspes-blog.pl\/index.php\/wp-json\/wp\/v2\/types\/post"}],"author":[{"embeddable":true,"href":"https:\/\/gaudiumetspes-blog.pl\/index.php\/wp-json\/wp\/v2\/users\/1"}],"replies":[{"embeddable":true,"href":"https:\/\/gaudiumetspes-blog.pl\/index.php\/wp-json\/wp\/v2\/comments?post=9388"}],"version-history":[{"count":1,"href":"https:\/\/gaudiumetspes-blog.pl\/index.php\/wp-json\/wp\/v2\/posts\/9388\/revisions"}],"predecessor-version":[{"id":10695,"href":"https:\/\/gaudiumetspes-blog.pl\/index.php\/wp-json\/wp\/v2\/posts\/9388\/revisions\/10695"}],"wp:attachment":[{"href":"https:\/\/gaudiumetspes-blog.pl\/index.php\/wp-json\/wp\/v2\/media?parent=9388"}],"wp:term":[{"taxonomy":"category","embeddable":true,"href":"https:\/\/gaudiumetspes-blog.pl\/index.php\/wp-json\/wp\/v2\/categories?post=9388"},{"taxonomy":"post_tag","embeddable":true,"href":"https:\/\/gaudiumetspes-blog.pl\/index.php\/wp-json\/wp\/v2\/tags?post=9388"}],"curies":[{"name":"wp","href":"https:\/\/api.w.org\/{rel}","templated":true}]}}